{"id":3740,"date":"2019-02-26T21:58:52","date_gmt":"2019-02-26T20:58:52","guid":{"rendered":"https:\/\/www.dakarmania.cz\/?p=3740"},"modified":"2019-10-22T16:36:42","modified_gmt":"2019-10-22T14:36:42","slug":"qatar-ccr-2019-kuba-przygonski-diskvalifikovan","status":"publish","type":"post","link":"https:\/\/www.dakarmania.cz\/index.php\/2019\/02\/26\/qatar-ccr-2019-kuba-przygonski-diskvalifikovan\/","title":{"rendered":"Qatar CCR 2019: Kuba Przygo\u0144ski diskvalifikov\u00e1n"},"content":{"rendered":"<p>[vc_row][vc_column][vc_column_text]<\/p>\n<h4>V\u00edt\u011bz lo\u0148sk\u00e9ho ro\u010dn\u00edku Sv\u011btov\u00e9ho poh\u00e1ru FIA v cross-country rally Kuba Przygo\u0144ski vy\u0161el z \u00favodn\u00edho podniku leto\u0161n\u00ed sezony napr\u00e1zdno. V\u016fz Mini John Cooper Works Rally, kter\u00fd pro polsk\u00fd Orlen Team p\u0159ipravuje n\u011bmeck\u00e1 spole\u010dnost X-raid, nepro\u0161el z\u00e1v\u011bre\u010dnou technickou kontrolou.<\/h4>\n<p>Przygo\u0144ski se sv\u00fdm nov\u00fdm navig\u00e1torem Timem Gottschalkem p\u016fvodn\u011b sout\u011b\u017e dokon\u010dil na t\u0159et\u00edm m\u00edst\u011b za Nasserem Al-Attiyahem a Yazeedem Al-Rajhim s Toyotami. P\u0159i technick\u00e9 kontrole po sout\u011b\u017ei byl v\u0161ak jejich v\u016fz o \u010dty\u0159i kilogramy leh\u010d\u00ed, ne\u017e povoluj\u00ed pravidla.<\/p>\n<p>\u00da\u0159aduj\u00edc\u00ed \u0161ampion jel v Kataru poprv\u00e9 s vylep\u0161en\u00fdm Mini JCW Rally, s n\u00edm\u017e v lednu na Dakaru vybojoval Nani Roma druh\u00e9 m\u00edsto celkov\u011b.[\/vc_column_text][vc_column_text]Podle vyj\u00e1d\u0159en\u00ed X-raidu se hmotnost vozu dostala pod hranici 1 850 kilogram\u016f kv\u016fli extr\u00e9mn\u00edmu opot\u0159eben\u00ed pneumatik v posledn\u00ed etap\u011b.<\/p>\n<p><em>\u201eVelice se Kubovi omlouv\u00e1me, proto\u017ee to byla v\u00fdhradn\u011b na\u0161e chyba,\u201c<\/em> \u0159\u00edk\u00e1 mana\u017eer t\u00fdmu X-raid <strong>Sven Quandt<\/strong>. <em>\u201eO\u010dek\u00e1vali jsme, \u017ee v d\u016fsledku opot\u0159eben\u00ed bude ka\u017ed\u00e1 pneumatika v c\u00edli etapy o v\u00edce ne\u017e kilo leh\u010d\u00ed ne\u017e na jej\u00edm startu. Kv\u016fli drsn\u00e9mu ter\u00e9nu v\u0161ak ka\u017ed\u00e1 z gum ztratila na v\u00e1ze dv\u011b a p\u016fl kila. Nav\u00edc do\u0161lo ke zm\u011bn\u011b v pravidlech, kv\u016fli kter\u00e9 jsme tak\u00e9 p\u0159i\u0161li o svou hmotnostn\u00ed rezervu. Za to se mus\u00edm Kubovi a Timovi omluvit.\u201c<\/em>[\/vc_column_text][vc_cta h2=&#8221;&#8221; txt_align=&#8221;center&#8221; color=&#8221;grey&#8221; el_width=&#8221;xl&#8221; css=&#8221;.vc_custom_1551176298853{border-top-width: 1px !important;border-right-width: 1px !important;border-bottom-width: 1px !important;border-left-width: 1px !important;border-left-color: #f49b00 !important;border-right-color: #f49b00 !important;border-top-color: #f49b00 !important;border-bottom-color: #f49b00 !important;}&#8221;]<\/p>\n<h2 style=\"text-align: center;\"><a href=\"https:\/\/www.dakarmania.cz\/index.php\/sampionaty\/svetovy-pohar-fia-v-cross-country-rally-2019\/qatar-cross-country-rally-2019\/\"><strong>Katarsk\u00e1 rally podrobn\u011b<\/strong><\/a><\/h2>\n<p style=\"text-align: center;\"><a href=\"https:\/\/www.dakarmania.cz\/index.php\/sampionaty\/svetovy-pohar-fia-v-cross-country-rally-2019\/qatar-cross-country-rally-2019\/\">&gt;&gt; foto, video, v\u00fdsledky, zaj\u00edmavosti, historie<\/a><\/p>\n<p>[\/vc_cta][vc_column_text]Odebr\u00e1n\u00ed bod\u016f je pro polsk\u00e9ho z\u00e1vodn\u00edka o to bolestn\u011bj\u0161\u00ed, \u017ee leto\u0161n\u00ed kalend\u00e1\u0159 <a href=\"https:\/\/www.dakarmania.cz\/index.php\/sampionaty\/svetovy-pohar-fia-v-cross-country-rally-2019\/\">sv\u011btov\u00e9ho poh\u00e1ru<\/a> \u010d\u00edt\u00e1 jen p\u011bt podnik\u016f. Jak\u00e1koliv ztr\u00e1ta se bude jen obt\u00ed\u017en\u011b doh\u00e1n\u011bt a zvl\u00e1\u0161\u0165 v p\u0159\u00edpad\u011b, kdy hlavn\u00ed favorit Al-Attiyah z\u00edskal v Kataru maxim\u00e1ln\u00ed mo\u017en\u00fd po\u010det 30 bod\u016f.<\/p>\n<p>Na t\u0159et\u00ed m\u00edsto v kone\u010dn\u00e9m hodnocen\u00ed se posunul Rus Vladimir Vasiljev (BMW), na posledn\u00ed bodovanou pozici postoupil Miroslav Zapletal (Ford).<\/p>\n<p>Druh\u00fdm podnikem Sv\u011btov\u00e9ho poh\u00e1ru FIA v cross-country rally 2019 bude p\u011btidenn\u00ed Abu Dhabi Desert Challenge. Sout\u011b\u017e odstartuje 31. b\u0159ezna.[\/vc_column_text][vc_column_text]<\/p>\n<h4>Kone\u010dn\u00e9 v\u00fdsledky Qatar Cross-Country Rally 2019<\/h4>\n<table style=\"width: 97.7654%; height: 264px;\">\n<tbody>\n<tr style=\"background-color: #dbd9d9;\">\n<td style=\"width: 6.4117%; height: 24px;\">1.<\/td>\n<td style=\"width: 44.3195%; height: 24px;\">N. Al-Attiyah \/ Baumel<\/td>\n<td style=\"width: 33.6333%; height: 24px;\">Toyota Hilux<\/td>\n<td style=\"width: 14.3982%; height: 24px;\">13:18:44<\/td>\n<\/tr>\n<tr style=\"height: 24px;\">\n<td style=\"width: 6.4117%; height: 24px;\">2.<\/td>\n<td style=\"width: 44.3195%; height: 24px;\">Al-Rajhi \/ Von Zitzewitz<\/td>\n<td style=\"width: 33.6333%; height: 24px;\">Toyota Hilux<\/td>\n<td style=\"width: 14.3982%; height: 24px;\">+11:10<\/td>\n<\/tr>\n<tr style=\"background-color: #dbd9d9;\">\n<td style=\"width: 6.4117%; height: 24px;\">3.<\/td>\n<td style=\"width: 44.3195%; height: 24px;\">Vasiljev \/ \u017dilcov<\/td>\n<td style=\"width: 33.6333%; height: 24px;\">BMW X3 CC<\/td>\n<td style=\"width: 14.3982%; height: 24px;\">+55:48<\/td>\n<\/tr>\n<tr>\n<td style=\"width: 6.4117%; height: 24px;\">4.<\/td>\n<td style=\"width: 44.3195%; height: 24px;\">Seaidan \/\u00a0Lichtleuchter<\/td>\n<td style=\"width: 33.6333%; height: 24px;\">Mini All4 Racing<\/td>\n<td style=\"width: 14.3982%; height: 24px;\">+1:33:58<\/td>\n<\/tr>\n<tr style=\"background-color: #dbd9d9;\">\n<td style=\"width: 6.4117%; height: 24px;\">5.<\/td>\n<td style=\"width: 44.3195%; height: 24px;\">Ten Brinke \/ Colsoul<\/td>\n<td style=\"width: 33.6333%; height: 24px;\">Toyota Hilux<\/td>\n<td style=\"width: 14.3982%; height: 24px;\">+2:57:34<\/td>\n<\/tr>\n<tr>\n<td style=\"width: 6.4117%; height: 24px;\">6.<\/td>\n<td style=\"width: 44.3195%; height: 24px;\">Varela \/ Gugelmin<\/td>\n<td style=\"width: 33.6333%; height: 24px;\">Can-Am Maverick X3<\/td>\n<td style=\"width: 14.3982%; height: 24px;\">+5:55:24<\/td>\n<\/tr>\n<tr style=\"background-color: #dbd9d9;\">\n<td style=\"width: 6.4117%; height: 24px;\">7.<\/td>\n<td style=\"width: 44.3195%; height: 24px;\">Vorobjov \/ \u0160ubin<\/td>\n<td style=\"width: 33.6333%; height: 24px;\">Can-Am Maverick X3<\/td>\n<td style=\"width: 14.3982%; height: 24px;\">+8:28:36<\/td>\n<\/tr>\n<tr>\n<td style=\"width: 6.4117%; height: 24px;\">8.<\/td>\n<td style=\"width: 44.3195%; height: 24px;\">Liparoti \/ Delfino<\/td>\n<td style=\"width: 33.6333%; height: 24px;\">Yamaha YZX1000R<\/td>\n<td style=\"width: 14.3982%; height: 24px;\">+9:46:42<\/td>\n<\/tr>\n<tr style=\"background-color: #dbd9d9;\">\n<td style=\"width: 6.4117%; height: 24px;\">9.<\/td>\n<td style=\"width: 44.3195%; height: 24px;\">Amos \/ Delaunay<\/td>\n<td style=\"width: 33.6333%; height: 24px;\">Ford 2WD Buggy<\/td>\n<td style=\"width: 14.3982%; height: 24px;\">+97:50:54<\/td>\n<\/tr>\n<tr>\n<td style=\"width: 6.4117%; height: 24px;\">10.<\/td>\n<td style=\"width: 44.3195%; height: 24px;\">Zapletal \/ S\u00fdkora<\/td>\n<td style=\"width: 33.6333%; height: 24px;\">Ford F-150 Evo<\/td>\n<td style=\"width: 14.3982%; height: 24px;\">+98:36:12<\/td>\n<\/tr>\n<\/tbody>\n<\/table>\n<p>[\/vc_column_text][vc_btn title=&#8221;Kompletn\u00ed v\u00fdsledky&#8221; style=&#8221;outline&#8221; shape=&#8221;square&#8221; color=&#8221;warning&#8221; size=&#8221;sm&#8221; align=&#8221;center&#8221; i_icon_fontawesome=&#8221;fa fa-list-ol&#8221; add_icon=&#8221;true&#8221; link=&#8221;url:https%3A%2F%2Fwww.dakarmania.cz%2Fwp-content%2Fuploads%2F2019%2F02%2F2019-qatar-ccr-final-classification.pdf||target:%20_blank|&#8221;][vc_raw_html]JTVCZm9vZ2FsbGVyeSUyMGlkJTNEJTIyMzU1MiUyMiU1RA==[\/vc_raw_html][\/vc_column][\/vc_row]<\/p>\n","protected":false},"excerpt":{"rendered":"<p>V\u00edt\u011bz lo\u0148sk\u00e9ho sv\u011btov\u00e9ho poh\u00e1ru Kuba Przygo\u0144ski vy\u0161el z \u00favodn\u00edho podniku leto\u0161n\u00ed sezony napr\u00e1zdno. Jeho v\u016fz nepro\u0161el z\u00e1v\u011bre\u010dnou technickou kontrolou.<\/p>\n","protected":false},"author":1,"featured_media":3556,"comment_status":"open","ping_status":"closed","sticky":false,"template":"","format":"standard","meta":{"footnotes":""},"categories":[3,97,322],"tags":[288,219,323,324,105,413,290,220],"class_list":["post-3740","post","type-post","status-publish","format-standard","has-post-thumbnail","hentry","category-auto","category-fia-ccr","category-qatar-ccr","tag-kuba-przygonski","tag-mini","tag-qatar-cross-country-rally","tag-qatar-cross-country-rally-2019","tag-sp-fia-ccr","tag-sp-fia-ccr-2019","tag-timo-gottschalk","tag-x-raid"],"yoast_head":"<!-- This site is optimized with the Yoast SEO plugin v24.9 - https:\/\/yoast.com\/wordpress\/plugins\/seo\/ -->\n<title>Qatar CCR 2019: Kuba Przygo\u0144ski diskvalifikov\u00e1n - DAKARMANIA.cz<\/title>\n<meta name=\"description\" content=\"V\u00edt\u011bz lo\u0148sk\u00e9ho sv\u011btov\u00e9ho poh\u00e1ru Kuba Przygo\u0144ski vy\u0161el z \u00favodn\u00edho podniku leto\u0161n\u00ed sezony napr\u00e1zdno. Jeho v\u016fz nepro\u0161el z\u00e1v\u011bre\u010dnou technickou kontrolou.\" \/>\n<meta name=\"robots\" content=\"index, follow, max-snippet:-1, max-image-preview:large, max-video-preview:-1\" \/>\n<link rel=\"canonical\" href=\"https:\/\/www.dakarmania.cz\/index.php\/2019\/02\/26\/qatar-ccr-2019-kuba-przygonski-diskvalifikovan\/\" \/>\n<meta property=\"og:locale\" content=\"cs_CZ\" \/>\n<meta property=\"og:type\" content=\"article\" \/>\n<meta property=\"og:title\" content=\"Qatar CCR 2019: Kuba Przygo\u0144ski diskvalifikov\u00e1n - DAKARMANIA.cz\" \/>\n<meta property=\"og:description\" content=\"V\u00edt\u011bz lo\u0148sk\u00e9ho sv\u011btov\u00e9ho poh\u00e1ru Kuba Przygo\u0144ski vy\u0161el z \u00favodn\u00edho podniku leto\u0161n\u00ed sezony napr\u00e1zdno. Jeho v\u016fz nepro\u0161el z\u00e1v\u011bre\u010dnou technickou kontrolou.\" \/>\n<meta property=\"og:url\" content=\"https:\/\/www.dakarmania.cz\/index.php\/2019\/02\/26\/qatar-ccr-2019-kuba-przygonski-diskvalifikovan\/\" \/>\n<meta property=\"og:site_name\" content=\"DAKARMANIA.cz\" \/>\n<meta property=\"article:publisher\" content=\"https:\/\/www.facebook.com\/dakarmania\/\" \/>\n<meta property=\"article:published_time\" content=\"2019-02-26T20:58:52+00:00\" \/>\n<meta property=\"article:modified_time\" content=\"2019-10-22T14:36:42+00:00\" \/>\n<meta property=\"og:image\" content=\"https:\/\/www.dakarmania.cz\/wp-content\/uploads\/2019\/02\/19-qatar-przygonski-02.jpg\" \/>\n\t<meta property=\"og:image:width\" content=\"2048\" \/>\n\t<meta property=\"og:image:height\" content=\"1365\" \/>\n\t<meta property=\"og:image:type\" content=\"image\/jpeg\" \/>\n<meta name=\"author\" content=\"Zden\u011bk Zelenka\" \/>\n<meta name=\"twitter:card\" content=\"summary_large_image\" \/>\n<meta name=\"twitter:label1\" content=\"Napsal(a)\" \/>\n\t<meta name=\"twitter:data1\" content=\"Zden\u011bk Zelenka\" \/>\n\t<meta name=\"twitter:label2\" content=\"Odhadovan\u00e1 doba \u010dten\u00ed\" \/>\n\t<meta name=\"twitter:data2\" content=\"3 minuty\" \/>\n<script type=\"application\/ld+json\" class=\"yoast-schema-graph\">{\"@context\":\"https:\/\/schema.org\",\"@graph\":[{\"@type\":\"Article\",\"@id\":\"https:\/\/www.dakarmania.cz\/index.php\/2019\/02\/26\/qatar-ccr-2019-kuba-przygonski-diskvalifikovan\/#article\",\"isPartOf\":{\"@id\":\"https:\/\/www.dakarmania.cz\/index.php\/2019\/02\/26\/qatar-ccr-2019-kuba-przygonski-diskvalifikovan\/\"},\"author\":{\"name\":\"Zden\u011bk Zelenka\",\"@id\":\"https:\/\/www.dakarmania.cz\/#\/schema\/person\/04eb0e87a389631c2169c0dddae7ff1e\"},\"headline\":\"Qatar CCR 2019: Kuba Przygo\u0144ski diskvalifikov\u00e1n\",\"datePublished\":\"2019-02-26T20:58:52+00:00\",\"dateModified\":\"2019-10-22T14:36:42+00:00\",\"mainEntityOfPage\":{\"@id\":\"https:\/\/www.dakarmania.cz\/index.php\/2019\/02\/26\/qatar-ccr-2019-kuba-przygonski-diskvalifikovan\/\"},\"wordCount\":575,\"commentCount\":0,\"publisher\":{\"@id\":\"https:\/\/www.dakarmania.cz\/#organization\"},\"image\":{\"@id\":\"https:\/\/www.dakarmania.cz\/index.php\/2019\/02\/26\/qatar-ccr-2019-kuba-przygonski-diskvalifikovan\/#primaryimage\"},\"thumbnailUrl\":\"https:\/\/www.dakarmania.cz\/wp-content\/uploads\/2019\/02\/19-qatar-przygonski-02.jpg\",\"keywords\":[\"Kuba Przygo\u0144ski\",\"Mini\",\"Qatar CCR\",\"Qatar CCR 2019\",\"SP FIA CCR\",\"SP FIA CCR 2019\",\"Timo Gottschalk\",\"X-raid\"],\"articleSection\":[\"Auto\",\"FIA SP CCR\",\"Qatar Cross-Country Rally\"],\"inLanguage\":\"cs\",\"potentialAction\":[{\"@type\":\"CommentAction\",\"name\":\"Comment\",\"target\":[\"https:\/\/www.dakarmania.cz\/index.php\/2019\/02\/26\/qatar-ccr-2019-kuba-przygonski-diskvalifikovan\/#respond\"]}]},{\"@type\":\"WebPage\",\"@id\":\"https:\/\/www.dakarmania.cz\/index.php\/2019\/02\/26\/qatar-ccr-2019-kuba-przygonski-diskvalifikovan\/\",\"url\":\"https:\/\/www.dakarmania.cz\/index.php\/2019\/02\/26\/qatar-ccr-2019-kuba-przygonski-diskvalifikovan\/\",\"name\":\"Qatar CCR 2019: Kuba Przygo\u0144ski diskvalifikov\u00e1n - DAKARMANIA.cz\",\"isPartOf\":{\"@id\":\"https:\/\/www.dakarmania.cz\/#website\"},\"primaryImageOfPage\":{\"@id\":\"https:\/\/www.dakarmania.cz\/index.php\/2019\/02\/26\/qatar-ccr-2019-kuba-przygonski-diskvalifikovan\/#primaryimage\"},\"image\":{\"@id\":\"https:\/\/www.dakarmania.cz\/index.php\/2019\/02\/26\/qatar-ccr-2019-kuba-przygonski-diskvalifikovan\/#primaryimage\"},\"thumbnailUrl\":\"https:\/\/www.dakarmania.cz\/wp-content\/uploads\/2019\/02\/19-qatar-przygonski-02.jpg\",\"datePublished\":\"2019-02-26T20:58:52+00:00\",\"dateModified\":\"2019-10-22T14:36:42+00:00\",\"description\":\"V\u00edt\u011bz lo\u0148sk\u00e9ho sv\u011btov\u00e9ho poh\u00e1ru Kuba Przygo\u0144ski vy\u0161el z \u00favodn\u00edho podniku leto\u0161n\u00ed sezony napr\u00e1zdno. Jeho v\u016fz nepro\u0161el z\u00e1v\u011bre\u010dnou technickou kontrolou.\",\"breadcrumb\":{\"@id\":\"https:\/\/www.dakarmania.cz\/index.php\/2019\/02\/26\/qatar-ccr-2019-kuba-przygonski-diskvalifikovan\/#breadcrumb\"},\"inLanguage\":\"cs\",\"potentialAction\":[{\"@type\":\"ReadAction\",\"target\":[\"https:\/\/www.dakarmania.cz\/index.php\/2019\/02\/26\/qatar-ccr-2019-kuba-przygonski-diskvalifikovan\/\"]}]},{\"@type\":\"ImageObject\",\"inLanguage\":\"cs\",\"@id\":\"https:\/\/www.dakarmania.cz\/index.php\/2019\/02\/26\/qatar-ccr-2019-kuba-przygonski-diskvalifikovan\/#primaryimage\",\"url\":\"https:\/\/www.dakarmania.cz\/wp-content\/uploads\/2019\/02\/19-qatar-przygonski-02.jpg\",\"contentUrl\":\"https:\/\/www.dakarmania.cz\/wp-content\/uploads\/2019\/02\/19-qatar-przygonski-02.jpg\",\"width\":2048,\"height\":1365,\"caption\":\"Kuba Przygo\u0144ski\/Timo Gottschalk, Mini JCW Rally, Orlen Team. Qatar Cross-Country Rally 2019. \u00a9 X-raid\"},{\"@type\":\"BreadcrumbList\",\"@id\":\"https:\/\/www.dakarmania.cz\/index.php\/2019\/02\/26\/qatar-ccr-2019-kuba-przygonski-diskvalifikovan\/#breadcrumb\",\"itemListElement\":[{\"@type\":\"ListItem\",\"position\":1,\"name\":\"Dom\u016f\",\"item\":\"https:\/\/www.dakarmania.cz\/\"},{\"@type\":\"ListItem\",\"position\":2,\"name\":\"Qatar CCR 2019: Kuba Przygo\u0144ski diskvalifikov\u00e1n\"}]},{\"@type\":\"WebSite\",\"@id\":\"https:\/\/www.dakarmania.cz\/#website\",\"url\":\"https:\/\/www.dakarmania.cz\/\",\"name\":\"DAKARMANIA.cz\",\"description\":\"\u017dijeme Dakarem cel\u00fd rok\",\"publisher\":{\"@id\":\"https:\/\/www.dakarmania.cz\/#organization\"},\"potentialAction\":[{\"@type\":\"SearchAction\",\"target\":{\"@type\":\"EntryPoint\",\"urlTemplate\":\"https:\/\/www.dakarmania.cz\/?s={search_term_string}\"},\"query-input\":{\"@type\":\"PropertyValueSpecification\",\"valueRequired\":true,\"valueName\":\"search_term_string\"}}],\"inLanguage\":\"cs\"},{\"@type\":\"Organization\",\"@id\":\"https:\/\/www.dakarmania.cz\/#organization\",\"name\":\"DAKAR MANIA\",\"url\":\"https:\/\/www.dakarmania.cz\/\",\"logo\":{\"@type\":\"ImageObject\",\"inLanguage\":\"cs\",\"@id\":\"https:\/\/www.dakarmania.cz\/#\/schema\/logo\/image\/\",\"url\":\"https:\/\/www.dakarmania.cz\/wp-content\/uploads\/2018\/12\/Dakar-Mania-Logo-Square-Orange.png\",\"contentUrl\":\"https:\/\/www.dakarmania.cz\/wp-content\/uploads\/2018\/12\/Dakar-Mania-Logo-Square-Orange.png\",\"width\":992,\"height\":992,\"caption\":\"DAKAR MANIA\"},\"image\":{\"@id\":\"https:\/\/www.dakarmania.cz\/#\/schema\/logo\/image\/\"},\"sameAs\":[\"https:\/\/www.facebook.com\/dakarmania\/\"]},{\"@type\":\"Person\",\"@id\":\"https:\/\/www.dakarmania.cz\/#\/schema\/person\/04eb0e87a389631c2169c0dddae7ff1e\",\"name\":\"Zden\u011bk Zelenka\",\"image\":{\"@type\":\"ImageObject\",\"inLanguage\":\"cs\",\"@id\":\"https:\/\/www.dakarmania.cz\/#\/schema\/person\/image\/\",\"url\":\"https:\/\/secure.gravatar.com\/avatar\/2c80d5a4942fe0900b73cc7d3837a509d6ee0a276a2b76dac95c92bd0763a89b?s=96&d=mm&r=g\",\"contentUrl\":\"https:\/\/secure.gravatar.com\/avatar\/2c80d5a4942fe0900b73cc7d3837a509d6ee0a276a2b76dac95c92bd0763a89b?s=96&d=mm&r=g\",\"caption\":\"Zden\u011bk Zelenka\"},\"description\":\"Moji d\u011bt\u0161t\u00ed hrdinov\u00e9 se jmenovali Loprais, Moskal, Neveu, Vatanen, Rahier... A tihle borci, jejich n\u00e1sledovn\u00edci a jejich p\u0159\u00edb\u011bhy m\u011b nep\u0159estali fascinovat ani po letech, kdy jsem vyrostl a zam\u011bstn\u00e1valy m\u011b jin\u00e9 discipl\u00edny motorsportu. Proto se zrodila DAKARMANIA.\",\"url\":\"https:\/\/www.dakarmania.cz\/index.php\/author\/dakarmania\/\"}]}<\/script>\n<!-- \/ Yoast SEO plugin. -->","yoast_head_json":{"title":"Qatar CCR 2019: Kuba Przygo\u0144ski diskvalifikov\u00e1n - DAKARMANIA.cz","description":"V\u00edt\u011bz lo\u0148sk\u00e9ho sv\u011btov\u00e9ho poh\u00e1ru Kuba Przygo\u0144ski vy\u0161el z \u00favodn\u00edho podniku leto\u0161n\u00ed sezony napr\u00e1zdno. Jeho v\u016fz nepro\u0161el z\u00e1v\u011bre\u010dnou technickou kontrolou.","robots":{"index":"index","follow":"follow","max-snippet":"max-snippet:-1","max-image-preview":"max-image-preview:large","max-video-preview":"max-video-preview:-1"},"canonical":"https:\/\/www.dakarmania.cz\/index.php\/2019\/02\/26\/qatar-ccr-2019-kuba-przygonski-diskvalifikovan\/","og_locale":"cs_CZ","og_type":"article","og_title":"Qatar CCR 2019: Kuba Przygo\u0144ski diskvalifikov\u00e1n - DAKARMANIA.cz","og_description":"V\u00edt\u011bz lo\u0148sk\u00e9ho sv\u011btov\u00e9ho poh\u00e1ru Kuba Przygo\u0144ski vy\u0161el z \u00favodn\u00edho podniku leto\u0161n\u00ed sezony napr\u00e1zdno. Jeho v\u016fz nepro\u0161el z\u00e1v\u011bre\u010dnou technickou kontrolou.","og_url":"https:\/\/www.dakarmania.cz\/index.php\/2019\/02\/26\/qatar-ccr-2019-kuba-przygonski-diskvalifikovan\/","og_site_name":"DAKARMANIA.cz","article_publisher":"https:\/\/www.facebook.com\/dakarmania\/","article_published_time":"2019-02-26T20:58:52+00:00","article_modified_time":"2019-10-22T14:36:42+00:00","og_image":[{"width":2048,"height":1365,"url":"https:\/\/www.dakarmania.cz\/wp-content\/uploads\/2019\/02\/19-qatar-przygonski-02.jpg","type":"image\/jpeg"}],"author":"Zden\u011bk Zelenka","twitter_card":"summary_large_image","twitter_misc":{"Napsal(a)":"Zden\u011bk Zelenka","Odhadovan\u00e1 doba \u010dten\u00ed":"3 minuty"},"schema":{"@context":"https:\/\/schema.org","@graph":[{"@type":"Article","@id":"https:\/\/www.dakarmania.cz\/index.php\/2019\/02\/26\/qatar-ccr-2019-kuba-przygonski-diskvalifikovan\/#article","isPartOf":{"@id":"https:\/\/www.dakarmania.cz\/index.php\/2019\/02\/26\/qatar-ccr-2019-kuba-przygonski-diskvalifikovan\/"},"author":{"name":"Zden\u011bk Zelenka","@id":"https:\/\/www.dakarmania.cz\/#\/schema\/person\/04eb0e87a389631c2169c0dddae7ff1e"},"headline":"Qatar CCR 2019: Kuba Przygo\u0144ski diskvalifikov\u00e1n","datePublished":"2019-02-26T20:58:52+00:00","dateModified":"2019-10-22T14:36:42+00:00","mainEntityOfPage":{"@id":"https:\/\/www.dakarmania.cz\/index.php\/2019\/02\/26\/qatar-ccr-2019-kuba-przygonski-diskvalifikovan\/"},"wordCount":575,"commentCount":0,"publisher":{"@id":"https:\/\/www.dakarmania.cz\/#organization"},"image":{"@id":"https:\/\/www.dakarmania.cz\/index.php\/2019\/02\/26\/qatar-ccr-2019-kuba-przygonski-diskvalifikovan\/#primaryimage"},"thumbnailUrl":"https:\/\/www.dakarmania.cz\/wp-content\/uploads\/2019\/02\/19-qatar-przygonski-02.jpg","keywords":["Kuba Przygo\u0144ski","Mini","Qatar CCR","Qatar CCR 2019","SP FIA CCR","SP FIA CCR 2019","Timo Gottschalk","X-raid"],"articleSection":["Auto","FIA SP CCR","Qatar Cross-Country Rally"],"inLanguage":"cs","potentialAction":[{"@type":"CommentAction","name":"Comment","target":["https:\/\/www.dakarmania.cz\/index.php\/2019\/02\/26\/qatar-ccr-2019-kuba-przygonski-diskvalifikovan\/#respond"]}]},{"@type":"WebPage","@id":"https:\/\/www.dakarmania.cz\/index.php\/2019\/02\/26\/qatar-ccr-2019-kuba-przygonski-diskvalifikovan\/","url":"https:\/\/www.dakarmania.cz\/index.php\/2019\/02\/26\/qatar-ccr-2019-kuba-przygonski-diskvalifikovan\/","name":"Qatar CCR 2019: Kuba Przygo\u0144ski diskvalifikov\u00e1n - DAKARMANIA.cz","isPartOf":{"@id":"https:\/\/www.dakarmania.cz\/#website"},"primaryImageOfPage":{"@id":"https:\/\/www.dakarmania.cz\/index.php\/2019\/02\/26\/qatar-ccr-2019-kuba-przygonski-diskvalifikovan\/#primaryimage"},"image":{"@id":"https:\/\/www.dakarmania.cz\/index.php\/2019\/02\/26\/qatar-ccr-2019-kuba-przygonski-diskvalifikovan\/#primaryimage"},"thumbnailUrl":"https:\/\/www.dakarmania.cz\/wp-content\/uploads\/2019\/02\/19-qatar-przygonski-02.jpg","datePublished":"2019-02-26T20:58:52+00:00","dateModified":"2019-10-22T14:36:42+00:00","description":"V\u00edt\u011bz lo\u0148sk\u00e9ho sv\u011btov\u00e9ho poh\u00e1ru Kuba Przygo\u0144ski vy\u0161el z \u00favodn\u00edho podniku leto\u0161n\u00ed sezony napr\u00e1zdno. Jeho v\u016fz nepro\u0161el z\u00e1v\u011bre\u010dnou technickou kontrolou.","breadcrumb":{"@id":"https:\/\/www.dakarmania.cz\/index.php\/2019\/02\/26\/qatar-ccr-2019-kuba-przygonski-diskvalifikovan\/#breadcrumb"},"inLanguage":"cs","potentialAction":[{"@type":"ReadAction","target":["https:\/\/www.dakarmania.cz\/index.php\/2019\/02\/26\/qatar-ccr-2019-kuba-przygonski-diskvalifikovan\/"]}]},{"@type":"ImageObject","inLanguage":"cs","@id":"https:\/\/www.dakarmania.cz\/index.php\/2019\/02\/26\/qatar-ccr-2019-kuba-przygonski-diskvalifikovan\/#primaryimage","url":"https:\/\/www.dakarmania.cz\/wp-content\/uploads\/2019\/02\/19-qatar-przygonski-02.jpg","contentUrl":"https:\/\/www.dakarmania.cz\/wp-content\/uploads\/2019\/02\/19-qatar-przygonski-02.jpg","width":2048,"height":1365,"caption":"Kuba Przygo\u0144ski\/Timo Gottschalk, Mini JCW Rally, Orlen Team. Qatar Cross-Country Rally 2019. \u00a9 X-raid"},{"@type":"BreadcrumbList","@id":"https:\/\/www.dakarmania.cz\/index.php\/2019\/02\/26\/qatar-ccr-2019-kuba-przygonski-diskvalifikovan\/#breadcrumb","itemListElement":[{"@type":"ListItem","position":1,"name":"Dom\u016f","item":"https:\/\/www.dakarmania.cz\/"},{"@type":"ListItem","position":2,"name":"Qatar CCR 2019: Kuba Przygo\u0144ski diskvalifikov\u00e1n"}]},{"@type":"WebSite","@id":"https:\/\/www.dakarmania.cz\/#website","url":"https:\/\/www.dakarmania.cz\/","name":"DAKARMANIA.cz","description":"\u017dijeme Dakarem cel\u00fd rok","publisher":{"@id":"https:\/\/www.dakarmania.cz\/#organization"},"potentialAction":[{"@type":"SearchAction","target":{"@type":"EntryPoint","urlTemplate":"https:\/\/www.dakarmania.cz\/?s={search_term_string}"},"query-input":{"@type":"PropertyValueSpecification","valueRequired":true,"valueName":"search_term_string"}}],"inLanguage":"cs"},{"@type":"Organization","@id":"https:\/\/www.dakarmania.cz\/#organization","name":"DAKAR MANIA","url":"https:\/\/www.dakarmania.cz\/","logo":{"@type":"ImageObject","inLanguage":"cs","@id":"https:\/\/www.dakarmania.cz\/#\/schema\/logo\/image\/","url":"https:\/\/www.dakarmania.cz\/wp-content\/uploads\/2018\/12\/Dakar-Mania-Logo-Square-Orange.png","contentUrl":"https:\/\/www.dakarmania.cz\/wp-content\/uploads\/2018\/12\/Dakar-Mania-Logo-Square-Orange.png","width":992,"height":992,"caption":"DAKAR MANIA"},"image":{"@id":"https:\/\/www.dakarmania.cz\/#\/schema\/logo\/image\/"},"sameAs":["https:\/\/www.facebook.com\/dakarmania\/"]},{"@type":"Person","@id":"https:\/\/www.dakarmania.cz\/#\/schema\/person\/04eb0e87a389631c2169c0dddae7ff1e","name":"Zden\u011bk Zelenka","image":{"@type":"ImageObject","inLanguage":"cs","@id":"https:\/\/www.dakarmania.cz\/#\/schema\/person\/image\/","url":"https:\/\/secure.gravatar.com\/avatar\/2c80d5a4942fe0900b73cc7d3837a509d6ee0a276a2b76dac95c92bd0763a89b?s=96&d=mm&r=g","contentUrl":"https:\/\/secure.gravatar.com\/avatar\/2c80d5a4942fe0900b73cc7d3837a509d6ee0a276a2b76dac95c92bd0763a89b?s=96&d=mm&r=g","caption":"Zden\u011bk Zelenka"},"description":"Moji d\u011bt\u0161t\u00ed hrdinov\u00e9 se jmenovali Loprais, Moskal, Neveu, Vatanen, Rahier... A tihle borci, jejich n\u00e1sledovn\u00edci a jejich p\u0159\u00edb\u011bhy m\u011b nep\u0159estali fascinovat ani po letech, kdy jsem vyrostl a zam\u011bstn\u00e1valy m\u011b jin\u00e9 discipl\u00edny motorsportu. Proto se zrodila DAKARMANIA.","url":"https:\/\/www.dakarmania.cz\/index.php\/author\/dakarmania\/"}]}},"amp_enabled":true,"_links":{"self":[{"href":"https:\/\/www.dakarmania.cz\/index.php\/wp-json\/wp\/v2\/posts\/3740","targetHints":{"allow":["GET"]}}],"collection":[{"href":"https:\/\/www.dakarmania.cz\/index.php\/wp-json\/wp\/v2\/posts"}],"about":[{"href":"https:\/\/www.dakarmania.cz\/index.php\/wp-json\/wp\/v2\/types\/post"}],"author":[{"embeddable":true,"href":"https:\/\/www.dakarmania.cz\/index.php\/wp-json\/wp\/v2\/users\/1"}],"replies":[{"embeddable":true,"href":"https:\/\/www.dakarmania.cz\/index.php\/wp-json\/wp\/v2\/comments?post=3740"}],"version-history":[{"count":6,"href":"https:\/\/www.dakarmania.cz\/index.php\/wp-json\/wp\/v2\/posts\/3740\/revisions"}],"predecessor-version":[{"id":12757,"href":"https:\/\/www.dakarmania.cz\/index.php\/wp-json\/wp\/v2\/posts\/3740\/revisions\/12757"}],"wp:featuredmedia":[{"embeddable":true,"href":"https:\/\/www.dakarmania.cz\/index.php\/wp-json\/wp\/v2\/media\/3556"}],"wp:attachment":[{"href":"https:\/\/www.dakarmania.cz\/index.php\/wp-json\/wp\/v2\/media?parent=3740"}],"wp:term":[{"taxonomy":"category","embeddable":true,"href":"https:\/\/www.dakarmania.cz\/index.php\/wp-json\/wp\/v2\/categories?post=3740"},{"taxonomy":"post_tag","embeddable":true,"href":"https:\/\/www.dakarmania.cz\/index.php\/wp-json\/wp\/v2\/tags?post=3740"}],"curies":[{"name":"wp","href":"https:\/\/api.w.org\/{rel}","templated":true}]}}