{"id":3769,"date":"2019-02-27T12:21:39","date_gmt":"2019-02-27T11:21:39","guid":{"rendered":"https:\/\/www.dakarmania.cz\/?p=3769"},"modified":"2019-10-22T16:37:19","modified_gmt":"2019-10-22T14:37:19","slug":"qatar-ccr-2019-reinaldo-varela-ovladl-tridu","status":"publish","type":"post","link":"https:\/\/www.dakarmania.cz\/index.php\/2019\/02\/27\/qatar-ccr-2019-reinaldo-varela-ovladl-tridu\/","title":{"rendered":"Qatar CCR 2019: Varela ovl\u00e1dl t\u0159\u00eddu a v poh\u00e1ru je celkov\u011b \u010dtvrt\u00fd"},"content":{"rendered":"<p>[vc_row][vc_column][vc_column_text]<\/p>\n<h4>Vynikaj\u00edc\u00ed vstup do sezony Sv\u011btov\u00e9ho poh\u00e1ru FIA v cross-country rally pro\u017eili v Kataru Reinaldo Varela a Gustavo Gugelmin. S Maverickem X3 tov\u00e1rn\u00edho t\u00fdmu Monster Energy Can-Am byli ve t\u0159\u00edd\u011b T3 naprosto suver\u00e9nn\u00ed. Celkov\u011b skon\u010dili \u0161est\u00ed. Na sv\u00e9 konto si p\u0159ipsali t\u0159in\u00e1ct bod\u016f a v absolutn\u00ed klasifikaci sv\u011btov\u00e9ho poh\u00e1ru figuruj\u00ed po prvn\u00edm podniku hned za trojic\u00ed Nasser Al-Attiyah, Yazeed Al-Rajhi a Vladimir Vasiljev.<\/h4>\n<p>S vozem, kter\u00fd pro Monster Energy Can-Am p\u0159ipravuje renomovan\u00e1 spole\u010dnost South Racing, se Varela s Gugelminem po druh\u00e9 etap\u011b usadili na \u010dele pr\u016fb\u011b\u017en\u00e9ho hodnocen\u00ed T3. O den pozd\u011bji u\u017e vedli o hodinu a 49 minut. P\u0159esto\u017ee v\u00edt\u011bzov\u00e9 Dakaru 2018 (SxS) tentokr\u00e1t nevyhr\u00e1li ani jednu rychlostn\u00ed zkou\u0161ku, do c\u00edle dorazili s n\u00e1skokem p\u0159evy\u0161uj\u00edc\u00edm dv\u011b a p\u016fl hodiny.<\/p>\n<p><em>\u201eReinaldo a Gustavo jeli chyt\u0159e a nem\u011bli \u017e\u00e1dn\u00e9 probl\u00e9my s vozem. Zkr\u00e1tka v\u00fdborn\u00fd vstup do sv\u011btov\u00e9ho poh\u00e1ru,\u201c<\/em> pochvaloval si <strong>Scott Abraham<\/strong>, \u0161\u00e9f spole\u010dnosti South Racing. <em>\u201eReinaldovou v\u00fdhodou jsou p\u0159edchoz\u00ed zku\u0161enosti s vozy t\u0159\u00edd T1 a T2. Speci\u00e1ly kategorie T3 jsou vynikaj\u00edc\u00edm z\u00e1vodn\u00edm n\u00e1\u010din\u00edm, ale z\u00e1rove\u0148 pot\u0159ebuj\u00ed citliv\u00e9 zach\u00e1zen\u00ed. T\u011b\u0161\u00edme se do Abu Dhabi, proto\u017ee tam se uk\u00e1\u017ee skute\u010dn\u00e1 rychlost t\u011bchto aut. V dun\u00e1ch jsou jako doma.\u201c<\/em>[\/vc_column_text][vc_cta h2=&#8221;&#8221; txt_align=&#8221;center&#8221; color=&#8221;grey&#8221; el_width=&#8221;xl&#8221; css=&#8221;.vc_custom_1551176298853{border-top-width: 1px !important;border-right-width: 1px !important;border-bottom-width: 1px !important;border-left-width: 1px !important;border-left-color: #f49b00 !important;border-right-color: #f49b00 !important;border-top-color: #f49b00 !important;border-bottom-color: #f49b00 !important;}&#8221;]<\/p>\n<h2 style=\"text-align: center;\"><a href=\"https:\/\/www.dakarmania.cz\/index.php\/sampionaty\/svetovy-pohar-fia-v-cross-country-rally-2019\/qatar-cross-country-rally-2019\/\"><strong>Katarsk\u00e1 rally podrobn\u011b<\/strong><\/a><\/h2>\n<p style=\"text-align: center;\"><a href=\"https:\/\/www.dakarmania.cz\/index.php\/sampionaty\/svetovy-pohar-fia-v-cross-country-rally-2019\/qatar-cross-country-rally-2019\/\">&gt;&gt; foto, video, v\u00fdsledky, zaj\u00edmavosti, historie<\/a><\/p>\n<p>[\/vc_cta][vc_column_text]Druhou p\u0159\u00ed\u010dku ve t\u0159\u00edd\u011b obsadili Fjodor Vorobjov s Kyrillem \u0160ubinem. Rusov\u00e9 jeli pod hlavi\u010dkou Zavidovo Racing Teamu, ale tak\u00e9 pro n\u011b p\u0159ipravoval Maverick X3 Abraham\u016fv South Racing.<\/p>\n<p><em>\u201eP\u0159i sv\u00e9 prvn\u00ed mezin\u00e1rodn\u00ed cross-country rally Fjodor p\u0159edvedl, jak silnou m\u00e1 v\u016fli,\u201c<\/em> ocenil Abraham. <em>\u201eM\u00e1 spoustu zku\u0161enost\u00ed se z\u00e1vod\u011bn\u00edm v Rusku a p\u0159i t\u00e9to rally jel to, na co sta\u010dil. Bez u\u010den\u00ed to nejde. Ka\u017ed\u00fd den se mus\u00edte pokusit dojet do c\u00edle.\u201c<\/em><\/p>\n<p>Za t\u00fdden se Vorobjov postav\u00ed na start <a href=\"https:\/\/www.dakarmania.cz\/index.php\/sampionaty\/svetovy-pohar-fia-v-cross-country-bajach-2019\/dubai-international-baja-2019\/\">dubajsk\u00e9 baji<\/a> a na p\u0159elomu b\u0159ezna a dubna by nem\u011bl chyb\u011bt ani na Abu Dhabi Desert Challenge. V pl\u00e1nu m\u00e1 \u00fa\u010dast na v\u0161ech p\u011bti podnic\u00edch <a href=\"https:\/\/www.dakarmania.cz\/index.php\/sampionaty\/svetovy-pohar-fia-v-cross-country-rally-2019\/\">sv\u011btov\u00e9ho poh\u00e1ru v cross-country rally<\/a>.[\/vc_column_text][vc_single_image image=&#8221;3752&#8243; img_size=&#8221;large&#8221; add_caption=&#8221;yes&#8221; alignment=&#8221;center&#8221;][vc_column_text]Italka Camelia Liparoti a jej\u00ed francouzsk\u00fd navig\u00e1tor Max Delfino s Yamahou byli posledn\u00ed, kte\u0159\u00ed dokon\u010dili sout\u011b\u017e bez mnohahodinov\u00e9 penalizace za vynech\u00e1n\u00ed n\u011bkter\u00e9 z rychlostn\u00edch zkou\u0161ek. V\u00fdsledkem bylo t\u0159et\u00ed m\u00edsto v T3 a osm\u00e9 absolutn\u011b.<\/p>\n<p>Hodn\u011b vid\u011bt byl tak\u00e9 dom\u00e1c\u00ed Adel Abdulla. Se \u0161pan\u011blsk\u00fdm spolujezdcem Marcem Serrou vyhr\u00e1li posledn\u00ed t\u0159i rychlostn\u00ed zkou\u0161ky, ov\u0161em z boje o v\u00edt\u011bzstv\u00ed je vy\u0159adila voda v palivu, kv\u016fli n\u00ed\u017e nedokon\u010dili druhou etapu.<\/p>\n<p>Na <a href=\"https:\/\/www.dakarmania.cz\/index.php\/sampionaty\/svetovy-pohar-fia-v-cross-country-rally-2019\/qatar-cross-country-rally-2019\/\">Qatar Cross-Country Rally 2019<\/a> startovalo v kategorii T3 jeden\u00e1ct z dvaadvaceti voz\u016f, kter\u00e9 se sout\u011b\u017ee z\u00fa\u010dastnily.<\/p>\n<p>Druh\u00fdm podnikem Sv\u011btov\u00e9ho poh\u00e1ru FIA v cross-country rally 2019 bude ve dnech 31. b\u0159ezna a\u017e 4. dubna ji\u017e zm\u00edn\u011bn\u00e1 Abu Dhabi Desert Challenge.[\/vc_column_text][vc_column_text]<\/p>\n<h4>Kone\u010dn\u00e9 v\u00fdsledky Qatar Cross-Country Rally 2019 &#8211; t\u0159\u00edda T3<\/h4>\n<table style=\"width: 97.7654%; height: 264px;\">\n<tbody>\n<tr style=\"background-color: #dbd9d9;\">\n<td style=\"width: 6.4117%; height: 24px;\">1.<\/td>\n<td style=\"width: 44.3195%; height: 24px;\">Varela \/ Gugelmin<\/td>\n<td style=\"width: 33.6333%; height: 24px;\">Can-Am Maverick X3<\/td>\n<td style=\"width: 14.3982%; height: 24px;\">+19:14:08<\/td>\n<\/tr>\n<tr>\n<td style=\"width: 6.4117%; height: 24px;\">2.<\/td>\n<td style=\"width: 44.3195%; height: 24px;\">Vorobjov \/ \u0160ubin<\/td>\n<td style=\"width: 33.6333%; height: 24px;\">Can-Am Maverick X3<\/td>\n<td style=\"width: 14.3982%; height: 24px;\">+2:33:12<\/td>\n<\/tr>\n<tr style=\"background-color: #dbd9d9;\">\n<td style=\"width: 6.4117%; height: 24px;\">3.<\/td>\n<td style=\"width: 44.3195%; height: 24px;\">Liparoti \/ Delfino<\/td>\n<td style=\"width: 33.6333%; height: 24px;\">Yamaha YZX1000R<\/td>\n<td style=\"width: 14.3982%; height: 24px;\">+3:51:18<\/td>\n<\/tr>\n<tr>\n<td style=\"width: 6.4117%; height: 24px;\">4.<\/td>\n<td style=\"width: 44.3195%; height: 24px;\">Al Zubair \/ Al-Kuwari<\/td>\n<td style=\"width: 33.6333%; height: 24px;\">Can-Am Maverick X3<\/td>\n<td style=\"width: 14.3982%; height: 24px;\">+95:18:18<\/td>\n<\/tr>\n<tr style=\"background-color: #dbd9d9;\">\n<td style=\"width: 6.4117%; height: 24px;\">5.<\/td>\n<td style=\"width: 44.3195%; height: 24px;\">Abdulla \/ Serra<\/td>\n<td style=\"width: 33.6333%; height: 24px;\">Can-Am Maverick X3<\/td>\n<td style=\"width: 14.3982%; height: 24px;\">+95:46:52<\/td>\n<\/tr>\n<\/tbody>\n<\/table>\n<p>[\/vc_column_text][vc_btn title=&#8221;Kompletn\u00ed v\u00fdsledky&#8221; style=&#8221;outline&#8221; shape=&#8221;square&#8221; color=&#8221;warning&#8221; size=&#8221;sm&#8221; align=&#8221;center&#8221; i_icon_fontawesome=&#8221;fa fa-list-ol&#8221; add_icon=&#8221;true&#8221; link=&#8221;url:https%3A%2F%2Fwww.dakarmania.cz%2Fwp-content%2Fuploads%2F2019%2F02%2F2019-qatar-ccr-final-classification.pdf||target:%20_blank|&#8221;][\/vc_column][\/vc_row]<\/p>\n","protected":false},"excerpt":{"rendered":"<p>Vynikaj\u00edc\u00ed vstup do sezony Sv\u011btov\u00e9ho poh\u00e1ru FIA v cross-country rally pro\u017eil v Kataru Reinaldo Varela. S Maverickem X3 byl ve t\u0159\u00edd\u011b T3 naprosto suver\u00e9nn\u00ed.<\/p>\n","protected":false},"author":1,"featured_media":3753,"comment_status":"open","ping_status":"closed","sticky":false,"template":"","format":"standard","meta":{"footnotes":""},"categories":[97,322,90],"tags":[425,465,463,95,460,206,461,466,464,457,323,324,205,459,458,105,413,168,462],"class_list":["post-3769","post","type-post","status-publish","format-standard","has-post-thumbnail","hentry","category-fia-ccr","category-qatar-ccr","category-sxs","tag-425","tag-adel-abdulla","tag-camelia-liparoti","tag-can-am","tag-fjodor-vorobjov","tag-gustavo-gugelmin","tag-kyrill-subin","tag-marc-serra","tag-max-delfino","tag-monster-energy-can-am","tag-qatar-cross-country-rally","tag-qatar-cross-country-rally-2019","tag-reinaldo-varela","tag-scott-abraham","tag-south-racing","tag-sp-fia-ccr","tag-sp-fia-ccr-2019","tag-yamaha","tag-zavidovo-racing-team"],"yoast_head":"<!-- This site is optimized with the Yoast SEO plugin v24.9 - https:\/\/yoast.com\/wordpress\/plugins\/seo\/ -->\n<title>- DAKARMANIA.cz<\/title>\n<meta name=\"description\" content=\"Vynikaj\u00edc\u00ed vstup do sezony Sv\u011btov\u00e9ho poh\u00e1ru FIA v cross-country rally pro\u017eil v Kataru Reinaldo Varela. S Maverickem X3 byl ve t\u0159\u00edd\u011b T3 naprosto suver\u00e9nn\u00ed.\" \/>\n<meta name=\"robots\" content=\"index, follow, max-snippet:-1, max-image-preview:large, max-video-preview:-1\" \/>\n<link rel=\"canonical\" href=\"https:\/\/www.dakarmania.cz\/index.php\/2019\/02\/27\/qatar-ccr-2019-reinaldo-varela-ovladl-tridu\/\" \/>\n<meta property=\"og:locale\" content=\"cs_CZ\" \/>\n<meta property=\"og:type\" content=\"article\" \/>\n<meta property=\"og:title\" content=\"- DAKARMANIA.cz\" \/>\n<meta property=\"og:description\" content=\"Vynikaj\u00edc\u00ed vstup do sezony Sv\u011btov\u00e9ho poh\u00e1ru FIA v cross-country rally pro\u017eil v Kataru Reinaldo Varela. S Maverickem X3 byl ve t\u0159\u00edd\u011b T3 naprosto suver\u00e9nn\u00ed.\" \/>\n<meta property=\"og:url\" content=\"https:\/\/www.dakarmania.cz\/index.php\/2019\/02\/27\/qatar-ccr-2019-reinaldo-varela-ovladl-tridu\/\" \/>\n<meta property=\"og:site_name\" content=\"DAKARMANIA.cz\" \/>\n<meta property=\"article:publisher\" content=\"https:\/\/www.facebook.com\/dakarmania\/\" \/>\n<meta property=\"article:published_time\" content=\"2019-02-27T11:21:39+00:00\" \/>\n<meta property=\"article:modified_time\" content=\"2019-10-22T14:37:19+00:00\" \/>\n<meta property=\"og:image\" content=\"https:\/\/www.dakarmania.cz\/wp-content\/uploads\/2019\/02\/19-qatar-varela-02.jpg\" \/>\n\t<meta property=\"og:image:width\" content=\"2048\" \/>\n\t<meta property=\"og:image:height\" content=\"1365\" \/>\n\t<meta property=\"og:image:type\" content=\"image\/jpeg\" \/>\n<meta name=\"author\" content=\"Zden\u011bk Zelenka\" \/>\n<meta name=\"twitter:card\" content=\"summary_large_image\" \/>\n<meta name=\"twitter:label1\" content=\"Napsal(a)\" \/>\n\t<meta name=\"twitter:data1\" content=\"Zden\u011bk Zelenka\" \/>\n\t<meta name=\"twitter:label2\" content=\"Odhadovan\u00e1 doba \u010dten\u00ed\" \/>\n\t<meta name=\"twitter:data2\" content=\"3 minuty\" \/>\n<script type=\"application\/ld+json\" class=\"yoast-schema-graph\">{\"@context\":\"https:\/\/schema.org\",\"@graph\":[{\"@type\":\"Article\",\"@id\":\"https:\/\/www.dakarmania.cz\/index.php\/2019\/02\/27\/qatar-ccr-2019-reinaldo-varela-ovladl-tridu\/#article\",\"isPartOf\":{\"@id\":\"https:\/\/www.dakarmania.cz\/index.php\/2019\/02\/27\/qatar-ccr-2019-reinaldo-varela-ovladl-tridu\/\"},\"author\":{\"name\":\"Zden\u011bk Zelenka\",\"@id\":\"https:\/\/www.dakarmania.cz\/#\/schema\/person\/04eb0e87a389631c2169c0dddae7ff1e\"},\"headline\":\"Qatar CCR 2019: Varela ovl\u00e1dl t\u0159\u00eddu a v poh\u00e1ru je celkov\u011b \u010dtvrt\u00fd\",\"datePublished\":\"2019-02-27T11:21:39+00:00\",\"dateModified\":\"2019-10-22T14:37:19+00:00\",\"mainEntityOfPage\":{\"@id\":\"https:\/\/www.dakarmania.cz\/index.php\/2019\/02\/27\/qatar-ccr-2019-reinaldo-varela-ovladl-tridu\/\"},\"wordCount\":713,\"commentCount\":0,\"publisher\":{\"@id\":\"https:\/\/www.dakarmania.cz\/#organization\"},\"image\":{\"@id\":\"https:\/\/www.dakarmania.cz\/index.php\/2019\/02\/27\/qatar-ccr-2019-reinaldo-varela-ovladl-tridu\/#primaryimage\"},\"thumbnailUrl\":\"https:\/\/www.dakarmania.cz\/wp-content\/uploads\/2019\/02\/19-qatar-varela-02.jpg\",\"keywords\":[\"2019\",\"Adel Abdulla\",\"Camelia Liparoti\",\"Can-Am\",\"Fjodor Vorobjov\",\"Gustavo Gugelmin\",\"Kyrill \u0160ubin\",\"Marc Serra\",\"Max Delfino\",\"Monster Energy Can-Am\",\"Qatar CCR\",\"Qatar CCR 2019\",\"Reinaldo Varela\",\"Scott Abraham\",\"South Racing\",\"SP FIA CCR\",\"SP FIA CCR 2019\",\"Yamaha\",\"Zavidovo Racing Team\"],\"articleSection\":[\"FIA SP CCR\",\"Qatar Cross-Country Rally\",\"S\u00d7S\"],\"inLanguage\":\"cs\",\"potentialAction\":[{\"@type\":\"CommentAction\",\"name\":\"Comment\",\"target\":[\"https:\/\/www.dakarmania.cz\/index.php\/2019\/02\/27\/qatar-ccr-2019-reinaldo-varela-ovladl-tridu\/#respond\"]}]},{\"@type\":\"WebPage\",\"@id\":\"https:\/\/www.dakarmania.cz\/index.php\/2019\/02\/27\/qatar-ccr-2019-reinaldo-varela-ovladl-tridu\/\",\"url\":\"https:\/\/www.dakarmania.cz\/index.php\/2019\/02\/27\/qatar-ccr-2019-reinaldo-varela-ovladl-tridu\/\",\"name\":\"- DAKARMANIA.cz\",\"isPartOf\":{\"@id\":\"https:\/\/www.dakarmania.cz\/#website\"},\"primaryImageOfPage\":{\"@id\":\"https:\/\/www.dakarmania.cz\/index.php\/2019\/02\/27\/qatar-ccr-2019-reinaldo-varela-ovladl-tridu\/#primaryimage\"},\"image\":{\"@id\":\"https:\/\/www.dakarmania.cz\/index.php\/2019\/02\/27\/qatar-ccr-2019-reinaldo-varela-ovladl-tridu\/#primaryimage\"},\"thumbnailUrl\":\"https:\/\/www.dakarmania.cz\/wp-content\/uploads\/2019\/02\/19-qatar-varela-02.jpg\",\"datePublished\":\"2019-02-27T11:21:39+00:00\",\"dateModified\":\"2019-10-22T14:37:19+00:00\",\"description\":\"Vynikaj\u00edc\u00ed vstup do sezony Sv\u011btov\u00e9ho poh\u00e1ru FIA v cross-country rally pro\u017eil v Kataru Reinaldo Varela. S Maverickem X3 byl ve t\u0159\u00edd\u011b T3 naprosto suver\u00e9nn\u00ed.\",\"breadcrumb\":{\"@id\":\"https:\/\/www.dakarmania.cz\/index.php\/2019\/02\/27\/qatar-ccr-2019-reinaldo-varela-ovladl-tridu\/#breadcrumb\"},\"inLanguage\":\"cs\",\"potentialAction\":[{\"@type\":\"ReadAction\",\"target\":[\"https:\/\/www.dakarmania.cz\/index.php\/2019\/02\/27\/qatar-ccr-2019-reinaldo-varela-ovladl-tridu\/\"]}]},{\"@type\":\"ImageObject\",\"inLanguage\":\"cs\",\"@id\":\"https:\/\/www.dakarmania.cz\/index.php\/2019\/02\/27\/qatar-ccr-2019-reinaldo-varela-ovladl-tridu\/#primaryimage\",\"url\":\"https:\/\/www.dakarmania.cz\/wp-content\/uploads\/2019\/02\/19-qatar-varela-02.jpg\",\"contentUrl\":\"https:\/\/www.dakarmania.cz\/wp-content\/uploads\/2019\/02\/19-qatar-varela-02.jpg\",\"width\":2048,\"height\":1365,\"caption\":\"Reinaldo Varela\/Gustavo Gugelmin, Can-Am Maverick, Monster Energy Can-Am. Qatar Cross-Country Rally 2019. \u00a9 QMMF\/RallyZone\"},{\"@type\":\"BreadcrumbList\",\"@id\":\"https:\/\/www.dakarmania.cz\/index.php\/2019\/02\/27\/qatar-ccr-2019-reinaldo-varela-ovladl-tridu\/#breadcrumb\",\"itemListElement\":[{\"@type\":\"ListItem\",\"position\":1,\"name\":\"Dom\u016f\",\"item\":\"https:\/\/www.dakarmania.cz\/\"},{\"@type\":\"ListItem\",\"position\":2,\"name\":\"Qatar CCR 2019: Varela ovl\u00e1dl t\u0159\u00eddu a v poh\u00e1ru je celkov\u011b \u010dtvrt\u00fd\"}]},{\"@type\":\"WebSite\",\"@id\":\"https:\/\/www.dakarmania.cz\/#website\",\"url\":\"https:\/\/www.dakarmania.cz\/\",\"name\":\"DAKARMANIA.cz\",\"description\":\"\u017dijeme Dakarem cel\u00fd rok\",\"publisher\":{\"@id\":\"https:\/\/www.dakarmania.cz\/#organization\"},\"potentialAction\":[{\"@type\":\"SearchAction\",\"target\":{\"@type\":\"EntryPoint\",\"urlTemplate\":\"https:\/\/www.dakarmania.cz\/?s={search_term_string}\"},\"query-input\":{\"@type\":\"PropertyValueSpecification\",\"valueRequired\":true,\"valueName\":\"search_term_string\"}}],\"inLanguage\":\"cs\"},{\"@type\":\"Organization\",\"@id\":\"https:\/\/www.dakarmania.cz\/#organization\",\"name\":\"DAKAR MANIA\",\"url\":\"https:\/\/www.dakarmania.cz\/\",\"logo\":{\"@type\":\"ImageObject\",\"inLanguage\":\"cs\",\"@id\":\"https:\/\/www.dakarmania.cz\/#\/schema\/logo\/image\/\",\"url\":\"https:\/\/www.dakarmania.cz\/wp-content\/uploads\/2018\/12\/Dakar-Mania-Logo-Square-Orange.png\",\"contentUrl\":\"https:\/\/www.dakarmania.cz\/wp-content\/uploads\/2018\/12\/Dakar-Mania-Logo-Square-Orange.png\",\"width\":992,\"height\":992,\"caption\":\"DAKAR MANIA\"},\"image\":{\"@id\":\"https:\/\/www.dakarmania.cz\/#\/schema\/logo\/image\/\"},\"sameAs\":[\"https:\/\/www.facebook.com\/dakarmania\/\"]},{\"@type\":\"Person\",\"@id\":\"https:\/\/www.dakarmania.cz\/#\/schema\/person\/04eb0e87a389631c2169c0dddae7ff1e\",\"name\":\"Zden\u011bk Zelenka\",\"image\":{\"@type\":\"ImageObject\",\"inLanguage\":\"cs\",\"@id\":\"https:\/\/www.dakarmania.cz\/#\/schema\/person\/image\/\",\"url\":\"https:\/\/secure.gravatar.com\/avatar\/2c80d5a4942fe0900b73cc7d3837a509d6ee0a276a2b76dac95c92bd0763a89b?s=96&d=mm&r=g\",\"contentUrl\":\"https:\/\/secure.gravatar.com\/avatar\/2c80d5a4942fe0900b73cc7d3837a509d6ee0a276a2b76dac95c92bd0763a89b?s=96&d=mm&r=g\",\"caption\":\"Zden\u011bk Zelenka\"},\"description\":\"Moji d\u011bt\u0161t\u00ed hrdinov\u00e9 se jmenovali Loprais, Moskal, Neveu, Vatanen, Rahier... A tihle borci, jejich n\u00e1sledovn\u00edci a jejich p\u0159\u00edb\u011bhy m\u011b nep\u0159estali fascinovat ani po letech, kdy jsem vyrostl a zam\u011bstn\u00e1valy m\u011b jin\u00e9 discipl\u00edny motorsportu. Proto se zrodila DAKARMANIA.\",\"url\":\"https:\/\/www.dakarmania.cz\/index.php\/author\/dakarmania\/\"}]}<\/script>\n<!-- \/ Yoast SEO plugin. -->","yoast_head_json":{"title":"- DAKARMANIA.cz","description":"Vynikaj\u00edc\u00ed vstup do sezony Sv\u011btov\u00e9ho poh\u00e1ru FIA v cross-country rally pro\u017eil v Kataru Reinaldo Varela. S Maverickem X3 byl ve t\u0159\u00edd\u011b T3 naprosto suver\u00e9nn\u00ed.","robots":{"index":"index","follow":"follow","max-snippet":"max-snippet:-1","max-image-preview":"max-image-preview:large","max-video-preview":"max-video-preview:-1"},"canonical":"https:\/\/www.dakarmania.cz\/index.php\/2019\/02\/27\/qatar-ccr-2019-reinaldo-varela-ovladl-tridu\/","og_locale":"cs_CZ","og_type":"article","og_title":"- DAKARMANIA.cz","og_description":"Vynikaj\u00edc\u00ed vstup do sezony Sv\u011btov\u00e9ho poh\u00e1ru FIA v cross-country rally pro\u017eil v Kataru Reinaldo Varela. S Maverickem X3 byl ve t\u0159\u00edd\u011b T3 naprosto suver\u00e9nn\u00ed.","og_url":"https:\/\/www.dakarmania.cz\/index.php\/2019\/02\/27\/qatar-ccr-2019-reinaldo-varela-ovladl-tridu\/","og_site_name":"DAKARMANIA.cz","article_publisher":"https:\/\/www.facebook.com\/dakarmania\/","article_published_time":"2019-02-27T11:21:39+00:00","article_modified_time":"2019-10-22T14:37:19+00:00","og_image":[{"width":2048,"height":1365,"url":"https:\/\/www.dakarmania.cz\/wp-content\/uploads\/2019\/02\/19-qatar-varela-02.jpg","type":"image\/jpeg"}],"author":"Zden\u011bk Zelenka","twitter_card":"summary_large_image","twitter_misc":{"Napsal(a)":"Zden\u011bk Zelenka","Odhadovan\u00e1 doba \u010dten\u00ed":"3 minuty"},"schema":{"@context":"https:\/\/schema.org","@graph":[{"@type":"Article","@id":"https:\/\/www.dakarmania.cz\/index.php\/2019\/02\/27\/qatar-ccr-2019-reinaldo-varela-ovladl-tridu\/#article","isPartOf":{"@id":"https:\/\/www.dakarmania.cz\/index.php\/2019\/02\/27\/qatar-ccr-2019-reinaldo-varela-ovladl-tridu\/"},"author":{"name":"Zden\u011bk Zelenka","@id":"https:\/\/www.dakarmania.cz\/#\/schema\/person\/04eb0e87a389631c2169c0dddae7ff1e"},"headline":"Qatar CCR 2019: Varela ovl\u00e1dl t\u0159\u00eddu a v poh\u00e1ru je celkov\u011b \u010dtvrt\u00fd","datePublished":"2019-02-27T11:21:39+00:00","dateModified":"2019-10-22T14:37:19+00:00","mainEntityOfPage":{"@id":"https:\/\/www.dakarmania.cz\/index.php\/2019\/02\/27\/qatar-ccr-2019-reinaldo-varela-ovladl-tridu\/"},"wordCount":713,"commentCount":0,"publisher":{"@id":"https:\/\/www.dakarmania.cz\/#organization"},"image":{"@id":"https:\/\/www.dakarmania.cz\/index.php\/2019\/02\/27\/qatar-ccr-2019-reinaldo-varela-ovladl-tridu\/#primaryimage"},"thumbnailUrl":"https:\/\/www.dakarmania.cz\/wp-content\/uploads\/2019\/02\/19-qatar-varela-02.jpg","keywords":["2019","Adel Abdulla","Camelia Liparoti","Can-Am","Fjodor Vorobjov","Gustavo Gugelmin","Kyrill \u0160ubin","Marc Serra","Max Delfino","Monster Energy Can-Am","Qatar CCR","Qatar CCR 2019","Reinaldo Varela","Scott Abraham","South Racing","SP FIA CCR","SP FIA CCR 2019","Yamaha","Zavidovo Racing Team"],"articleSection":["FIA SP CCR","Qatar Cross-Country Rally","S\u00d7S"],"inLanguage":"cs","potentialAction":[{"@type":"CommentAction","name":"Comment","target":["https:\/\/www.dakarmania.cz\/index.php\/2019\/02\/27\/qatar-ccr-2019-reinaldo-varela-ovladl-tridu\/#respond"]}]},{"@type":"WebPage","@id":"https:\/\/www.dakarmania.cz\/index.php\/2019\/02\/27\/qatar-ccr-2019-reinaldo-varela-ovladl-tridu\/","url":"https:\/\/www.dakarmania.cz\/index.php\/2019\/02\/27\/qatar-ccr-2019-reinaldo-varela-ovladl-tridu\/","name":"- DAKARMANIA.cz","isPartOf":{"@id":"https:\/\/www.dakarmania.cz\/#website"},"primaryImageOfPage":{"@id":"https:\/\/www.dakarmania.cz\/index.php\/2019\/02\/27\/qatar-ccr-2019-reinaldo-varela-ovladl-tridu\/#primaryimage"},"image":{"@id":"https:\/\/www.dakarmania.cz\/index.php\/2019\/02\/27\/qatar-ccr-2019-reinaldo-varela-ovladl-tridu\/#primaryimage"},"thumbnailUrl":"https:\/\/www.dakarmania.cz\/wp-content\/uploads\/2019\/02\/19-qatar-varela-02.jpg","datePublished":"2019-02-27T11:21:39+00:00","dateModified":"2019-10-22T14:37:19+00:00","description":"Vynikaj\u00edc\u00ed vstup do sezony Sv\u011btov\u00e9ho poh\u00e1ru FIA v cross-country rally pro\u017eil v Kataru Reinaldo Varela. S Maverickem X3 byl ve t\u0159\u00edd\u011b T3 naprosto suver\u00e9nn\u00ed.","breadcrumb":{"@id":"https:\/\/www.dakarmania.cz\/index.php\/2019\/02\/27\/qatar-ccr-2019-reinaldo-varela-ovladl-tridu\/#breadcrumb"},"inLanguage":"cs","potentialAction":[{"@type":"ReadAction","target":["https:\/\/www.dakarmania.cz\/index.php\/2019\/02\/27\/qatar-ccr-2019-reinaldo-varela-ovladl-tridu\/"]}]},{"@type":"ImageObject","inLanguage":"cs","@id":"https:\/\/www.dakarmania.cz\/index.php\/2019\/02\/27\/qatar-ccr-2019-reinaldo-varela-ovladl-tridu\/#primaryimage","url":"https:\/\/www.dakarmania.cz\/wp-content\/uploads\/2019\/02\/19-qatar-varela-02.jpg","contentUrl":"https:\/\/www.dakarmania.cz\/wp-content\/uploads\/2019\/02\/19-qatar-varela-02.jpg","width":2048,"height":1365,"caption":"Reinaldo Varela\/Gustavo Gugelmin, Can-Am Maverick, Monster Energy Can-Am. Qatar Cross-Country Rally 2019. \u00a9 QMMF\/RallyZone"},{"@type":"BreadcrumbList","@id":"https:\/\/www.dakarmania.cz\/index.php\/2019\/02\/27\/qatar-ccr-2019-reinaldo-varela-ovladl-tridu\/#breadcrumb","itemListElement":[{"@type":"ListItem","position":1,"name":"Dom\u016f","item":"https:\/\/www.dakarmania.cz\/"},{"@type":"ListItem","position":2,"name":"Qatar CCR 2019: Varela ovl\u00e1dl t\u0159\u00eddu a v poh\u00e1ru je celkov\u011b \u010dtvrt\u00fd"}]},{"@type":"WebSite","@id":"https:\/\/www.dakarmania.cz\/#website","url":"https:\/\/www.dakarmania.cz\/","name":"DAKARMANIA.cz","description":"\u017dijeme Dakarem cel\u00fd rok","publisher":{"@id":"https:\/\/www.dakarmania.cz\/#organization"},"potentialAction":[{"@type":"SearchAction","target":{"@type":"EntryPoint","urlTemplate":"https:\/\/www.dakarmania.cz\/?s={search_term_string}"},"query-input":{"@type":"PropertyValueSpecification","valueRequired":true,"valueName":"search_term_string"}}],"inLanguage":"cs"},{"@type":"Organization","@id":"https:\/\/www.dakarmania.cz\/#organization","name":"DAKAR MANIA","url":"https:\/\/www.dakarmania.cz\/","logo":{"@type":"ImageObject","inLanguage":"cs","@id":"https:\/\/www.dakarmania.cz\/#\/schema\/logo\/image\/","url":"https:\/\/www.dakarmania.cz\/wp-content\/uploads\/2018\/12\/Dakar-Mania-Logo-Square-Orange.png","contentUrl":"https:\/\/www.dakarmania.cz\/wp-content\/uploads\/2018\/12\/Dakar-Mania-Logo-Square-Orange.png","width":992,"height":992,"caption":"DAKAR MANIA"},"image":{"@id":"https:\/\/www.dakarmania.cz\/#\/schema\/logo\/image\/"},"sameAs":["https:\/\/www.facebook.com\/dakarmania\/"]},{"@type":"Person","@id":"https:\/\/www.dakarmania.cz\/#\/schema\/person\/04eb0e87a389631c2169c0dddae7ff1e","name":"Zden\u011bk Zelenka","image":{"@type":"ImageObject","inLanguage":"cs","@id":"https:\/\/www.dakarmania.cz\/#\/schema\/person\/image\/","url":"https:\/\/secure.gravatar.com\/avatar\/2c80d5a4942fe0900b73cc7d3837a509d6ee0a276a2b76dac95c92bd0763a89b?s=96&d=mm&r=g","contentUrl":"https:\/\/secure.gravatar.com\/avatar\/2c80d5a4942fe0900b73cc7d3837a509d6ee0a276a2b76dac95c92bd0763a89b?s=96&d=mm&r=g","caption":"Zden\u011bk Zelenka"},"description":"Moji d\u011bt\u0161t\u00ed hrdinov\u00e9 se jmenovali Loprais, Moskal, Neveu, Vatanen, Rahier... A tihle borci, jejich n\u00e1sledovn\u00edci a jejich p\u0159\u00edb\u011bhy m\u011b nep\u0159estali fascinovat ani po letech, kdy jsem vyrostl a zam\u011bstn\u00e1valy m\u011b jin\u00e9 discipl\u00edny motorsportu. Proto se zrodila DAKARMANIA.","url":"https:\/\/www.dakarmania.cz\/index.php\/author\/dakarmania\/"}]}},"amp_enabled":true,"_links":{"self":[{"href":"https:\/\/www.dakarmania.cz\/index.php\/wp-json\/wp\/v2\/posts\/3769","targetHints":{"allow":["GET"]}}],"collection":[{"href":"https:\/\/www.dakarmania.cz\/index.php\/wp-json\/wp\/v2\/posts"}],"about":[{"href":"https:\/\/www.dakarmania.cz\/index.php\/wp-json\/wp\/v2\/types\/post"}],"author":[{"embeddable":true,"href":"https:\/\/www.dakarmania.cz\/index.php\/wp-json\/wp\/v2\/users\/1"}],"replies":[{"embeddable":true,"href":"https:\/\/www.dakarmania.cz\/index.php\/wp-json\/wp\/v2\/comments?post=3769"}],"version-history":[{"count":5,"href":"https:\/\/www.dakarmania.cz\/index.php\/wp-json\/wp\/v2\/posts\/3769\/revisions"}],"predecessor-version":[{"id":12759,"href":"https:\/\/www.dakarmania.cz\/index.php\/wp-json\/wp\/v2\/posts\/3769\/revisions\/12759"}],"wp:featuredmedia":[{"embeddable":true,"href":"https:\/\/www.dakarmania.cz\/index.php\/wp-json\/wp\/v2\/media\/3753"}],"wp:attachment":[{"href":"https:\/\/www.dakarmania.cz\/index.php\/wp-json\/wp\/v2\/media?parent=3769"}],"wp:term":[{"taxonomy":"category","embeddable":true,"href":"https:\/\/www.dakarmania.cz\/index.php\/wp-json\/wp\/v2\/categories?post=3769"},{"taxonomy":"post_tag","embeddable":true,"href":"https:\/\/www.dakarmania.cz\/index.php\/wp-json\/wp\/v2\/tags?post=3769"}],"curies":[{"name":"wp","href":"https:\/\/api.w.org\/{rel}","templated":true}]}}