{"id":3845,"date":"2019-01-08T01:09:35","date_gmt":"2019-01-08T00:09:35","guid":{"rendered":"https:\/\/www.dakarmania.cz\/?p=3845"},"modified":"2019-10-22T17:01:47","modified_gmt":"2019-10-22T15:01:47","slug":"dakar-2019-prokop-s-problemy","status":"publish","type":"post","link":"https:\/\/www.dakarmania.cz\/index.php\/2019\/01\/08\/dakar-2019-prokop-s-problemy\/","title":{"rendered":"Dakar 2019: Prokop s probl\u00e9my, Ou\u0159edn\u00ed\u010dek spokojen\u00fd"},"content":{"rendered":"<p>[vc_row][vc_column][vc_column_text]<\/p>\n<h4>41. ro\u010dn\u00edk Rally Dakar za\u010dal pond\u011bln\u00ed prvn\u00ed etapou. Organiz\u00e1to\u0159i na za\u010d\u00e1tek p\u0159ipravili pro stovku pos\u00e1dek startuj\u00edc\u00edch v kategorii automobil\u016f 84 m\u011b\u0159en\u00fdch kilometr\u016f. Technick\u00e9 pot\u00ed\u017ee se bohu\u017eel nevyhnuly Martinu Prokopovi.<\/h4>\n<p>Pos\u00e1dka Martin Prokop, Jan Tom\u00e1nek musela n\u011bkolikr\u00e1t zastavit a \u0159e\u0161it probl\u00e9my s elektronikou sv\u00e9ho Fordu Raptor RS Cross-Country. Speci\u00e1lku nakonec dokon\u010dili se ztr\u00e1tou t\u00e9m\u011b\u0159 jednadvaceti minut na 46. m\u00edst\u011b. Tom\u00e1\u0161 Ou\u0159edn\u00ed\u010dek byl s desetiminutovou ztr\u00e1tou klasifikov\u00e1n jako p\u011btadvac\u00e1t\u00fd.<\/p>\n<p><em>\u201eDakar pro n\u00e1s neza\u010dal p\u0159\u00edli\u0161 dob\u0159e, kdy\u017e se n\u00e1m hned po prvn\u00edm kilometru zastavilo auto a n\u00e1sledn\u011b je\u0161t\u011b dvakr\u00e1t,\u201c<\/em> popisuje <strong>Martin Prokop<\/strong>. <em>\u201eKdy\u017e se to stalo po\u010dtvrt\u00e9, nepomohl ani reset elektroniky, a tak jsme se museli spojit s t\u00fdmem a po satelitn\u00edm telefonu na d\u00e1lku \u0159e\u0161it, \u010d\u00edm by to mohlo b\u00fdt. Nakonec zafungovala finta propojen\u00ed dr\u00e1t\u016f a motor op\u011bt nasko\u010dil. Nicm\u00e9n\u011b cel\u00e1 akce trvala nekone\u010dn\u011b dlouho a dohromady jsme ztratili p\u0159ibli\u017en\u011b osmn\u00e1ct minut.<\/em><\/p>\n<p><em>\u201eZ\u00e1vod tak pro n\u00e1s neza\u010dal nejl\u00e9pe, ale v\u011b\u0159\u00edm, \u017ee tato ztr\u00e1ta nebude znamenat v celkov\u00e9m hodnocen\u00ed p\u0159\u00edli\u0161. Bohu\u017eel n\u00e1s zradila sou\u010d\u00e1stka za deset korun, ale to se ob\u010das st\u00e1v\u00e1. Mus\u00edme doufat, \u017ee to je posledn\u00ed v\u011bc a my se ji\u017e budeme jen prokous\u00e1vat dop\u0159edu po\u0159ad\u00edm a p\u0159esk\u00e1\u010deme pomalej\u0161\u00ed auta startuj\u00edc\u00ed p\u0159ed n\u00e1mi. T\u011b\u0161\u00edm se, a\u017e uk\u00e1\u017eeme, co v n\u00e1s a v aut\u011b je, proto\u017ee jinak Shrek doslova let\u011bl a n\u00e1s s Jendou to v kabin\u011b doslova bavilo.\u201c<\/em>[\/vc_column_text][vc_video link=&#8221;https:\/\/youtu.be\/9kNmhzp8RME&#8221;][vc_column_text]Bez probl\u00e9m\u016f dokon\u010dila prvn\u00ed dakarskou etapu druh\u00e1 t\u00fdmov\u00e1 pos\u00e1dka Tom\u00e1\u0161 Ou\u0159edn\u00ed\u010dek, David K\u0159\u00edpal.<\/p>\n<p><em>\u201eMus\u00edm p\u0159iznat, \u017ee jsem m\u011bl z prvn\u00ed etapy velik\u00fd respekt. Proto jsem r\u00e1d, \u017ee jsem v par\u00e1dn\u00edm \u010dase a bez probl\u00e9m\u016f v c\u00edli. Nyn\u00ed ji\u017e mohu \u0159\u00edci, \u017ee se t\u011b\u0161\u00edm na dal\u0161\u00ed z\u00e1vodn\u00ed dny,\u201c<\/em> \u0159\u00edk\u00e1 <strong>Tom\u00e1\u0161 Ou\u0159edn\u00ed\u010dek<\/strong>. <em>\u201eD\u00e1val jsem si za c\u00edl, aby m\u011b za mnou startuj\u00edc\u00ed Peugeot dojel a\u017e n\u011bkde kolem poloviny etapy, ale nakonec se celou dobu p\u0159ede m\u011b v\u016fbec nedostal, \u010d\u00edm\u017e ze m\u011b v\u0161echno spadlo. Neud\u011blali jsme \u017e\u00e1dnou naviga\u010dn\u00ed chybu a v druh\u00e9 polovin\u011b etapy se je\u0161t\u011b po\u0159\u00e1dn\u011b tahali o po\u0159ad\u00ed na trati s n\u011bkolika auty.\u201c<\/em><\/p>\n<p>Tiskov\u00e1 zpr\u00e1va t\u00fdmu MP-Sports (editov\u00e1no)[\/vc_column_text][\/vc_column][\/vc_row]<\/p>\n","protected":false},"excerpt":{"rendered":"<p>Rally Dakar 2019 za\u010dal pond\u011bln\u00ed prvn\u00ed etapou. Technick\u00e9 pot\u00ed\u017ee se bohu\u017eel nevyhnuly Martinu Prokopovi, kter\u00fd musel n\u011bkolikr\u00e1t zastavit.<\/p>\n","protected":false},"author":1,"featured_media":3843,"comment_status":"open","ping_status":"closed","sticky":false,"template":"","format":"standard","meta":{"footnotes":""},"categories":[3,2],"tags":[8,9,481,11,6,482,5,4,7],"class_list":["post-3845","post","type-post","status-publish","format-standard","has-post-thumbnail","hentry","category-auto","category-dakar","tag-dakar","tag-dakar-2019","tag-david","tag-ford","tag-jan-tomanek","tag-kripal","tag-martin-prokop","tag-mp-sports","tag-tomas-ourednicek"],"yoast_head":"<!-- This site is optimized with the Yoast SEO plugin v24.9 - https:\/\/yoast.com\/wordpress\/plugins\/seo\/ -->\n<title>Dakar 2019: Prokop s probl\u00e9my, Ou\u0159edn\u00ed\u010dek spokojen\u00fd - DAKARMANIA.cz<\/title>\n<meta name=\"description\" content=\"Rally Dakar 2019 za\u010dal pond\u011bln\u00ed prvn\u00ed etapou. Technick\u00e9 pot\u00ed\u017ee se bohu\u017eel nevyhnuly Martinu Prokopovi, kter\u00fd musel n\u011bkolikr\u00e1t zastavit.\" \/>\n<meta name=\"robots\" content=\"index, follow, max-snippet:-1, max-image-preview:large, max-video-preview:-1\" \/>\n<link rel=\"canonical\" href=\"https:\/\/www.dakarmania.cz\/index.php\/2019\/01\/08\/dakar-2019-prokop-s-problemy\/\" \/>\n<meta property=\"og:locale\" content=\"cs_CZ\" \/>\n<meta property=\"og:type\" content=\"article\" \/>\n<meta property=\"og:title\" content=\"Dakar 2019: Prokop s probl\u00e9my, Ou\u0159edn\u00ed\u010dek spokojen\u00fd - DAKARMANIA.cz\" \/>\n<meta property=\"og:description\" content=\"Rally Dakar 2019 za\u010dal pond\u011bln\u00ed prvn\u00ed etapou. Technick\u00e9 pot\u00ed\u017ee se bohu\u017eel nevyhnuly Martinu Prokopovi, kter\u00fd musel n\u011bkolikr\u00e1t zastavit.\" \/>\n<meta property=\"og:url\" content=\"https:\/\/www.dakarmania.cz\/index.php\/2019\/01\/08\/dakar-2019-prokop-s-problemy\/\" \/>\n<meta property=\"og:site_name\" content=\"DAKARMANIA.cz\" \/>\n<meta property=\"article:publisher\" content=\"https:\/\/www.facebook.com\/dakarmania\/\" \/>\n<meta property=\"article:published_time\" content=\"2019-01-08T00:09:35+00:00\" \/>\n<meta property=\"article:modified_time\" content=\"2019-10-22T15:01:47+00:00\" \/>\n<meta property=\"og:image\" content=\"https:\/\/www.dakarmania.cz\/wp-content\/uploads\/2019\/03\/19-dakar-prokop-50.jpg\" \/>\n\t<meta property=\"og:image:width\" content=\"2048\" \/>\n\t<meta property=\"og:image:height\" content=\"1365\" \/>\n\t<meta property=\"og:image:type\" content=\"image\/jpeg\" \/>\n<meta name=\"author\" content=\"Zden\u011bk Zelenka\" \/>\n<meta name=\"twitter:card\" content=\"summary_large_image\" \/>\n<meta name=\"twitter:label1\" content=\"Napsal(a)\" \/>\n\t<meta name=\"twitter:data1\" content=\"Zden\u011bk Zelenka\" \/>\n\t<meta name=\"twitter:label2\" content=\"Odhadovan\u00e1 doba \u010dten\u00ed\" \/>\n\t<meta name=\"twitter:data2\" content=\"2 minuty\" \/>\n<script type=\"application\/ld+json\" class=\"yoast-schema-graph\">{\"@context\":\"https:\/\/schema.org\",\"@graph\":[{\"@type\":\"Article\",\"@id\":\"https:\/\/www.dakarmania.cz\/index.php\/2019\/01\/08\/dakar-2019-prokop-s-problemy\/#article\",\"isPartOf\":{\"@id\":\"https:\/\/www.dakarmania.cz\/index.php\/2019\/01\/08\/dakar-2019-prokop-s-problemy\/\"},\"author\":{\"name\":\"Zden\u011bk Zelenka\",\"@id\":\"https:\/\/www.dakarmania.cz\/#\/schema\/person\/04eb0e87a389631c2169c0dddae7ff1e\"},\"headline\":\"Dakar 2019: Prokop s probl\u00e9my, Ou\u0159edn\u00ed\u010dek spokojen\u00fd\",\"datePublished\":\"2019-01-08T00:09:35+00:00\",\"dateModified\":\"2019-10-22T15:01:47+00:00\",\"mainEntityOfPage\":{\"@id\":\"https:\/\/www.dakarmania.cz\/index.php\/2019\/01\/08\/dakar-2019-prokop-s-problemy\/\"},\"wordCount\":479,\"commentCount\":0,\"publisher\":{\"@id\":\"https:\/\/www.dakarmania.cz\/#organization\"},\"image\":{\"@id\":\"https:\/\/www.dakarmania.cz\/index.php\/2019\/01\/08\/dakar-2019-prokop-s-problemy\/#primaryimage\"},\"thumbnailUrl\":\"https:\/\/www.dakarmania.cz\/wp-content\/uploads\/2019\/03\/19-dakar-prokop-50.jpg\",\"keywords\":[\"Dakar\",\"Dakar 2019\",\"David\",\"Ford\",\"Jan Tom\u00e1nek\",\"K\u0159\u00edpal\",\"Martin Prokop\",\"MP-Sports\",\"Tom\u00e1\u0161 Ou\u0159edn\u00ed\u010dek\"],\"articleSection\":[\"Auto\",\"Rally Dakar\"],\"inLanguage\":\"cs\",\"potentialAction\":[{\"@type\":\"CommentAction\",\"name\":\"Comment\",\"target\":[\"https:\/\/www.dakarmania.cz\/index.php\/2019\/01\/08\/dakar-2019-prokop-s-problemy\/#respond\"]}]},{\"@type\":\"WebPage\",\"@id\":\"https:\/\/www.dakarmania.cz\/index.php\/2019\/01\/08\/dakar-2019-prokop-s-problemy\/\",\"url\":\"https:\/\/www.dakarmania.cz\/index.php\/2019\/01\/08\/dakar-2019-prokop-s-problemy\/\",\"name\":\"Dakar 2019: Prokop s probl\u00e9my, Ou\u0159edn\u00ed\u010dek spokojen\u00fd - DAKARMANIA.cz\",\"isPartOf\":{\"@id\":\"https:\/\/www.dakarmania.cz\/#website\"},\"primaryImageOfPage\":{\"@id\":\"https:\/\/www.dakarmania.cz\/index.php\/2019\/01\/08\/dakar-2019-prokop-s-problemy\/#primaryimage\"},\"image\":{\"@id\":\"https:\/\/www.dakarmania.cz\/index.php\/2019\/01\/08\/dakar-2019-prokop-s-problemy\/#primaryimage\"},\"thumbnailUrl\":\"https:\/\/www.dakarmania.cz\/wp-content\/uploads\/2019\/03\/19-dakar-prokop-50.jpg\",\"datePublished\":\"2019-01-08T00:09:35+00:00\",\"dateModified\":\"2019-10-22T15:01:47+00:00\",\"description\":\"Rally Dakar 2019 za\u010dal pond\u011bln\u00ed prvn\u00ed etapou. Technick\u00e9 pot\u00ed\u017ee se bohu\u017eel nevyhnuly Martinu Prokopovi, kter\u00fd musel n\u011bkolikr\u00e1t zastavit.\",\"breadcrumb\":{\"@id\":\"https:\/\/www.dakarmania.cz\/index.php\/2019\/01\/08\/dakar-2019-prokop-s-problemy\/#breadcrumb\"},\"inLanguage\":\"cs\",\"potentialAction\":[{\"@type\":\"ReadAction\",\"target\":[\"https:\/\/www.dakarmania.cz\/index.php\/2019\/01\/08\/dakar-2019-prokop-s-problemy\/\"]}]},{\"@type\":\"ImageObject\",\"inLanguage\":\"cs\",\"@id\":\"https:\/\/www.dakarmania.cz\/index.php\/2019\/01\/08\/dakar-2019-prokop-s-problemy\/#primaryimage\",\"url\":\"https:\/\/www.dakarmania.cz\/wp-content\/uploads\/2019\/03\/19-dakar-prokop-50.jpg\",\"contentUrl\":\"https:\/\/www.dakarmania.cz\/wp-content\/uploads\/2019\/03\/19-dakar-prokop-50.jpg\",\"width\":2048,\"height\":1365,\"caption\":\"Martin Prokop\/Jan Tom\u00e1nek, Ford Raptor RS Cross-Country, MP-Sports. Rally Dakar 2019. \u00a9 MP-Sports\"},{\"@type\":\"BreadcrumbList\",\"@id\":\"https:\/\/www.dakarmania.cz\/index.php\/2019\/01\/08\/dakar-2019-prokop-s-problemy\/#breadcrumb\",\"itemListElement\":[{\"@type\":\"ListItem\",\"position\":1,\"name\":\"Dom\u016f\",\"item\":\"https:\/\/www.dakarmania.cz\/\"},{\"@type\":\"ListItem\",\"position\":2,\"name\":\"Dakar 2019: Prokop s probl\u00e9my, Ou\u0159edn\u00ed\u010dek spokojen\u00fd\"}]},{\"@type\":\"WebSite\",\"@id\":\"https:\/\/www.dakarmania.cz\/#website\",\"url\":\"https:\/\/www.dakarmania.cz\/\",\"name\":\"DAKARMANIA.cz\",\"description\":\"\u017dijeme Dakarem cel\u00fd rok\",\"publisher\":{\"@id\":\"https:\/\/www.dakarmania.cz\/#organization\"},\"potentialAction\":[{\"@type\":\"SearchAction\",\"target\":{\"@type\":\"EntryPoint\",\"urlTemplate\":\"https:\/\/www.dakarmania.cz\/?s={search_term_string}\"},\"query-input\":{\"@type\":\"PropertyValueSpecification\",\"valueRequired\":true,\"valueName\":\"search_term_string\"}}],\"inLanguage\":\"cs\"},{\"@type\":\"Organization\",\"@id\":\"https:\/\/www.dakarmania.cz\/#organization\",\"name\":\"DAKAR MANIA\",\"url\":\"https:\/\/www.dakarmania.cz\/\",\"logo\":{\"@type\":\"ImageObject\",\"inLanguage\":\"cs\",\"@id\":\"https:\/\/www.dakarmania.cz\/#\/schema\/logo\/image\/\",\"url\":\"https:\/\/www.dakarmania.cz\/wp-content\/uploads\/2018\/12\/Dakar-Mania-Logo-Square-Orange.png\",\"contentUrl\":\"https:\/\/www.dakarmania.cz\/wp-content\/uploads\/2018\/12\/Dakar-Mania-Logo-Square-Orange.png\",\"width\":992,\"height\":992,\"caption\":\"DAKAR MANIA\"},\"image\":{\"@id\":\"https:\/\/www.dakarmania.cz\/#\/schema\/logo\/image\/\"},\"sameAs\":[\"https:\/\/www.facebook.com\/dakarmania\/\"]},{\"@type\":\"Person\",\"@id\":\"https:\/\/www.dakarmania.cz\/#\/schema\/person\/04eb0e87a389631c2169c0dddae7ff1e\",\"name\":\"Zden\u011bk Zelenka\",\"image\":{\"@type\":\"ImageObject\",\"inLanguage\":\"cs\",\"@id\":\"https:\/\/www.dakarmania.cz\/#\/schema\/person\/image\/\",\"url\":\"https:\/\/secure.gravatar.com\/avatar\/2c80d5a4942fe0900b73cc7d3837a509d6ee0a276a2b76dac95c92bd0763a89b?s=96&d=mm&r=g\",\"contentUrl\":\"https:\/\/secure.gravatar.com\/avatar\/2c80d5a4942fe0900b73cc7d3837a509d6ee0a276a2b76dac95c92bd0763a89b?s=96&d=mm&r=g\",\"caption\":\"Zden\u011bk Zelenka\"},\"description\":\"Moji d\u011bt\u0161t\u00ed hrdinov\u00e9 se jmenovali Loprais, Moskal, Neveu, Vatanen, Rahier... A tihle borci, jejich n\u00e1sledovn\u00edci a jejich p\u0159\u00edb\u011bhy m\u011b nep\u0159estali fascinovat ani po letech, kdy jsem vyrostl a zam\u011bstn\u00e1valy m\u011b jin\u00e9 discipl\u00edny motorsportu. Proto se zrodila DAKARMANIA.\",\"url\":\"https:\/\/www.dakarmania.cz\/index.php\/author\/dakarmania\/\"}]}<\/script>\n<!-- \/ Yoast SEO plugin. -->","yoast_head_json":{"title":"Dakar 2019: Prokop s probl\u00e9my, Ou\u0159edn\u00ed\u010dek spokojen\u00fd - DAKARMANIA.cz","description":"Rally Dakar 2019 za\u010dal pond\u011bln\u00ed prvn\u00ed etapou. Technick\u00e9 pot\u00ed\u017ee se bohu\u017eel nevyhnuly Martinu Prokopovi, kter\u00fd musel n\u011bkolikr\u00e1t zastavit.","robots":{"index":"index","follow":"follow","max-snippet":"max-snippet:-1","max-image-preview":"max-image-preview:large","max-video-preview":"max-video-preview:-1"},"canonical":"https:\/\/www.dakarmania.cz\/index.php\/2019\/01\/08\/dakar-2019-prokop-s-problemy\/","og_locale":"cs_CZ","og_type":"article","og_title":"Dakar 2019: Prokop s probl\u00e9my, Ou\u0159edn\u00ed\u010dek spokojen\u00fd - DAKARMANIA.cz","og_description":"Rally Dakar 2019 za\u010dal pond\u011bln\u00ed prvn\u00ed etapou. Technick\u00e9 pot\u00ed\u017ee se bohu\u017eel nevyhnuly Martinu Prokopovi, kter\u00fd musel n\u011bkolikr\u00e1t zastavit.","og_url":"https:\/\/www.dakarmania.cz\/index.php\/2019\/01\/08\/dakar-2019-prokop-s-problemy\/","og_site_name":"DAKARMANIA.cz","article_publisher":"https:\/\/www.facebook.com\/dakarmania\/","article_published_time":"2019-01-08T00:09:35+00:00","article_modified_time":"2019-10-22T15:01:47+00:00","og_image":[{"width":2048,"height":1365,"url":"https:\/\/www.dakarmania.cz\/wp-content\/uploads\/2019\/03\/19-dakar-prokop-50.jpg","type":"image\/jpeg"}],"author":"Zden\u011bk Zelenka","twitter_card":"summary_large_image","twitter_misc":{"Napsal(a)":"Zden\u011bk Zelenka","Odhadovan\u00e1 doba \u010dten\u00ed":"2 minuty"},"schema":{"@context":"https:\/\/schema.org","@graph":[{"@type":"Article","@id":"https:\/\/www.dakarmania.cz\/index.php\/2019\/01\/08\/dakar-2019-prokop-s-problemy\/#article","isPartOf":{"@id":"https:\/\/www.dakarmania.cz\/index.php\/2019\/01\/08\/dakar-2019-prokop-s-problemy\/"},"author":{"name":"Zden\u011bk Zelenka","@id":"https:\/\/www.dakarmania.cz\/#\/schema\/person\/04eb0e87a389631c2169c0dddae7ff1e"},"headline":"Dakar 2019: Prokop s probl\u00e9my, Ou\u0159edn\u00ed\u010dek spokojen\u00fd","datePublished":"2019-01-08T00:09:35+00:00","dateModified":"2019-10-22T15:01:47+00:00","mainEntityOfPage":{"@id":"https:\/\/www.dakarmania.cz\/index.php\/2019\/01\/08\/dakar-2019-prokop-s-problemy\/"},"wordCount":479,"commentCount":0,"publisher":{"@id":"https:\/\/www.dakarmania.cz\/#organization"},"image":{"@id":"https:\/\/www.dakarmania.cz\/index.php\/2019\/01\/08\/dakar-2019-prokop-s-problemy\/#primaryimage"},"thumbnailUrl":"https:\/\/www.dakarmania.cz\/wp-content\/uploads\/2019\/03\/19-dakar-prokop-50.jpg","keywords":["Dakar","Dakar 2019","David","Ford","Jan Tom\u00e1nek","K\u0159\u00edpal","Martin Prokop","MP-Sports","Tom\u00e1\u0161 Ou\u0159edn\u00ed\u010dek"],"articleSection":["Auto","Rally Dakar"],"inLanguage":"cs","potentialAction":[{"@type":"CommentAction","name":"Comment","target":["https:\/\/www.dakarmania.cz\/index.php\/2019\/01\/08\/dakar-2019-prokop-s-problemy\/#respond"]}]},{"@type":"WebPage","@id":"https:\/\/www.dakarmania.cz\/index.php\/2019\/01\/08\/dakar-2019-prokop-s-problemy\/","url":"https:\/\/www.dakarmania.cz\/index.php\/2019\/01\/08\/dakar-2019-prokop-s-problemy\/","name":"Dakar 2019: Prokop s probl\u00e9my, Ou\u0159edn\u00ed\u010dek spokojen\u00fd - DAKARMANIA.cz","isPartOf":{"@id":"https:\/\/www.dakarmania.cz\/#website"},"primaryImageOfPage":{"@id":"https:\/\/www.dakarmania.cz\/index.php\/2019\/01\/08\/dakar-2019-prokop-s-problemy\/#primaryimage"},"image":{"@id":"https:\/\/www.dakarmania.cz\/index.php\/2019\/01\/08\/dakar-2019-prokop-s-problemy\/#primaryimage"},"thumbnailUrl":"https:\/\/www.dakarmania.cz\/wp-content\/uploads\/2019\/03\/19-dakar-prokop-50.jpg","datePublished":"2019-01-08T00:09:35+00:00","dateModified":"2019-10-22T15:01:47+00:00","description":"Rally Dakar 2019 za\u010dal pond\u011bln\u00ed prvn\u00ed etapou. Technick\u00e9 pot\u00ed\u017ee se bohu\u017eel nevyhnuly Martinu Prokopovi, kter\u00fd musel n\u011bkolikr\u00e1t zastavit.","breadcrumb":{"@id":"https:\/\/www.dakarmania.cz\/index.php\/2019\/01\/08\/dakar-2019-prokop-s-problemy\/#breadcrumb"},"inLanguage":"cs","potentialAction":[{"@type":"ReadAction","target":["https:\/\/www.dakarmania.cz\/index.php\/2019\/01\/08\/dakar-2019-prokop-s-problemy\/"]}]},{"@type":"ImageObject","inLanguage":"cs","@id":"https:\/\/www.dakarmania.cz\/index.php\/2019\/01\/08\/dakar-2019-prokop-s-problemy\/#primaryimage","url":"https:\/\/www.dakarmania.cz\/wp-content\/uploads\/2019\/03\/19-dakar-prokop-50.jpg","contentUrl":"https:\/\/www.dakarmania.cz\/wp-content\/uploads\/2019\/03\/19-dakar-prokop-50.jpg","width":2048,"height":1365,"caption":"Martin Prokop\/Jan Tom\u00e1nek, Ford Raptor RS Cross-Country, MP-Sports. Rally Dakar 2019. \u00a9 MP-Sports"},{"@type":"BreadcrumbList","@id":"https:\/\/www.dakarmania.cz\/index.php\/2019\/01\/08\/dakar-2019-prokop-s-problemy\/#breadcrumb","itemListElement":[{"@type":"ListItem","position":1,"name":"Dom\u016f","item":"https:\/\/www.dakarmania.cz\/"},{"@type":"ListItem","position":2,"name":"Dakar 2019: Prokop s probl\u00e9my, Ou\u0159edn\u00ed\u010dek spokojen\u00fd"}]},{"@type":"WebSite","@id":"https:\/\/www.dakarmania.cz\/#website","url":"https:\/\/www.dakarmania.cz\/","name":"DAKARMANIA.cz","description":"\u017dijeme Dakarem cel\u00fd rok","publisher":{"@id":"https:\/\/www.dakarmania.cz\/#organization"},"potentialAction":[{"@type":"SearchAction","target":{"@type":"EntryPoint","urlTemplate":"https:\/\/www.dakarmania.cz\/?s={search_term_string}"},"query-input":{"@type":"PropertyValueSpecification","valueRequired":true,"valueName":"search_term_string"}}],"inLanguage":"cs"},{"@type":"Organization","@id":"https:\/\/www.dakarmania.cz\/#organization","name":"DAKAR MANIA","url":"https:\/\/www.dakarmania.cz\/","logo":{"@type":"ImageObject","inLanguage":"cs","@id":"https:\/\/www.dakarmania.cz\/#\/schema\/logo\/image\/","url":"https:\/\/www.dakarmania.cz\/wp-content\/uploads\/2018\/12\/Dakar-Mania-Logo-Square-Orange.png","contentUrl":"https:\/\/www.dakarmania.cz\/wp-content\/uploads\/2018\/12\/Dakar-Mania-Logo-Square-Orange.png","width":992,"height":992,"caption":"DAKAR MANIA"},"image":{"@id":"https:\/\/www.dakarmania.cz\/#\/schema\/logo\/image\/"},"sameAs":["https:\/\/www.facebook.com\/dakarmania\/"]},{"@type":"Person","@id":"https:\/\/www.dakarmania.cz\/#\/schema\/person\/04eb0e87a389631c2169c0dddae7ff1e","name":"Zden\u011bk Zelenka","image":{"@type":"ImageObject","inLanguage":"cs","@id":"https:\/\/www.dakarmania.cz\/#\/schema\/person\/image\/","url":"https:\/\/secure.gravatar.com\/avatar\/2c80d5a4942fe0900b73cc7d3837a509d6ee0a276a2b76dac95c92bd0763a89b?s=96&d=mm&r=g","contentUrl":"https:\/\/secure.gravatar.com\/avatar\/2c80d5a4942fe0900b73cc7d3837a509d6ee0a276a2b76dac95c92bd0763a89b?s=96&d=mm&r=g","caption":"Zden\u011bk Zelenka"},"description":"Moji d\u011bt\u0161t\u00ed hrdinov\u00e9 se jmenovali Loprais, Moskal, Neveu, Vatanen, Rahier... A tihle borci, jejich n\u00e1sledovn\u00edci a jejich p\u0159\u00edb\u011bhy m\u011b nep\u0159estali fascinovat ani po letech, kdy jsem vyrostl a zam\u011bstn\u00e1valy m\u011b jin\u00e9 discipl\u00edny motorsportu. Proto se zrodila DAKARMANIA.","url":"https:\/\/www.dakarmania.cz\/index.php\/author\/dakarmania\/"}]}},"amp_enabled":true,"_links":{"self":[{"href":"https:\/\/www.dakarmania.cz\/index.php\/wp-json\/wp\/v2\/posts\/3845","targetHints":{"allow":["GET"]}}],"collection":[{"href":"https:\/\/www.dakarmania.cz\/index.php\/wp-json\/wp\/v2\/posts"}],"about":[{"href":"https:\/\/www.dakarmania.cz\/index.php\/wp-json\/wp\/v2\/types\/post"}],"author":[{"embeddable":true,"href":"https:\/\/www.dakarmania.cz\/index.php\/wp-json\/wp\/v2\/users\/1"}],"replies":[{"embeddable":true,"href":"https:\/\/www.dakarmania.cz\/index.php\/wp-json\/wp\/v2\/comments?post=3845"}],"version-history":[{"count":3,"href":"https:\/\/www.dakarmania.cz\/index.php\/wp-json\/wp\/v2\/posts\/3845\/revisions"}],"predecessor-version":[{"id":12782,"href":"https:\/\/www.dakarmania.cz\/index.php\/wp-json\/wp\/v2\/posts\/3845\/revisions\/12782"}],"wp:featuredmedia":[{"embeddable":true,"href":"https:\/\/www.dakarmania.cz\/index.php\/wp-json\/wp\/v2\/media\/3843"}],"wp:attachment":[{"href":"https:\/\/www.dakarmania.cz\/index.php\/wp-json\/wp\/v2\/media?parent=3845"}],"wp:term":[{"taxonomy":"category","embeddable":true,"href":"https:\/\/www.dakarmania.cz\/index.php\/wp-json\/wp\/v2\/categories?post=3845"},{"taxonomy":"post_tag","embeddable":true,"href":"https:\/\/www.dakarmania.cz\/index.php\/wp-json\/wp\/v2\/tags?post=3845"}],"curies":[{"name":"wp","href":"https:\/\/api.w.org\/{rel}","templated":true}]}}