{"id":3855,"date":"2019-01-11T07:18:01","date_gmt":"2019-01-11T06:18:01","guid":{"rendered":"https:\/\/www.dakarmania.cz\/?p=3855"},"modified":"2019-11-12T17:54:24","modified_gmt":"2019-11-12T16:54:24","slug":"dakar-2019-prokop-i-ourednicek-v-maratonske-etape-s-problemy","status":"publish","type":"post","link":"https:\/\/www.dakarmania.cz\/index.php\/2019\/01\/11\/dakar-2019-prokop-i-ourednicek-v-maratonske-etape-s-problemy\/","title":{"rendered":"Dakar 2019: Prokop i Ou\u0159edn\u00ed\u010dek v maratonsk\u00e9 etap\u011b s probl\u00e9my"},"content":{"rendered":"<p>[vc_row][vc_column][vc_column_text]<\/p>\n<h4>Martin Prokop s Janem Tom\u00e1nkem v\u00fdborn\u011b rozjeli prvn\u00ed ze dvou maratonsk\u00fdch etap. Kv\u016fli technick\u00fdm pot\u00ed\u017e\u00edm ale do c\u00edle dorazili jako \u0161estn\u00e1ct\u00ed s v\u00edce ne\u017e pades\u00e1timinutovou ztr\u00e1tou na nejrychlej\u0161\u00edho Kata\u0159ana Al-Attiyaha.<\/h4>\n<p>Prokop s Tom\u00e1nkem se v n\u00e1ro\u010dn\u00e9m ter\u00e9nu pln\u00e9m men\u0161\u00edch dun a zr\u00e1dn\u00e9ho jemn\u00e9ho p\u00edsku fe\u0161-fe\u0161 se dok\u00e1zali vyhnout defekt\u016fm. Je\u0161t\u011b n\u011bkolik des\u00edtek kilometr\u016f p\u0159ed c\u00edlem figurovali na mezi\u010dasech na \u0161est\u00e9m m\u00edst\u011b, av\u0161ak n\u00e1sledn\u011b je zradila poloosa jejich Fordu Raptor.<\/p>\n<p><em>\u201eDnes jsme za\u010dali par\u00e1d\u011b, prvn\u00edch t\u0159i sta kilometr\u016f se n\u00e1m jelo super a bylo vid\u011bt, \u017ee jsme na tom opravdu dob\u0159e. Potom n\u00e1m ve fe\u0161-fe\u0161i praskla poloosa a dostali jsme se do velk\u00fdch probl\u00e9m\u016f. M\u00e1lem jsme se nedostali ven,\u201c<\/em> popisuje <strong>Martin Prokop<\/strong>. <em>\u201eZkou\u0161eli jsme volat servisn\u00ed kamion rychl\u00e9 asistence i druh\u00e9 auto Tom\u00e1\u0161e Ou\u0159edn\u00ed\u010dka, ale m\u011bli to k n\u00e1m p\u0159ibli\u017en\u011b dv\u011b hodiny, tak\u017ee rezervn\u00ed poloosa i n\u00e1\u0159ad\u00ed bylo daleko. Nakonec jsme tedy na t\u0159i kola dojeli do c\u00edle, kde na n\u00e1s \u010dekala asistence a poloosou kluci pr\u00e1v\u011b vym\u011b\u0148uj\u00ed.\u201c<\/em><\/p>\n<p><em>\u201eVe\u010der v provizorn\u00edm bivaku budeme muset za pomoci n\u00e1hradn\u00edch d\u00edl\u016f z asisten\u010dn\u00ed T4 dostat Shreka zase do kondice, proto\u017ee z\u00edtra n\u00e1s \u010dek\u00e1 nejdel\u0161\u00ed etapa cel\u00e9ho Dakaru. Bohu\u017eel n\u00e1s zat\u00edm prov\u00e1z\u00ed sm\u016fla a ob\u00e1v\u00e1m se, \u017ee dobr\u00fd v\u00fdsledek je tak trochu ztracen\u00fd. Ale budeme bojovat d\u00e1l!\u201c<\/em>[\/vc_column_text][vc_video link=&#8221;https:\/\/youtu.be\/GKMgY57zamw&#8221;][vc_column_text]K technick\u00fdm pot\u00ed\u017e\u00edm se vyj\u00e1d\u0159il i t\u00fdmov\u00fd in\u017een\u00fdr <strong>Ivan Matou\u0161ek:<\/strong> <em>\u201eV noci p\u0159ed touto etapou jsme v\u0161echny poloosy m\u011bnili za nov\u00e9, bohu\u017eel i p\u0159es to do\u0161lo k t\u00e9to komplikaci. Obvykle k tomu doch\u00e1z\u00ed, kdy\u017e se man\u017eeta roztrhne o k\u00e1men nebo n\u011bjak\u00fd klacek a n\u00e1sledn\u011b se ztrat\u00ed ve\u0161ker\u00e1 vazel\u00edna. Je to mrzut\u00e9, ale zabr\u00e1nit tomu prost\u011b nedok\u00e1\u017eeme.\u201c<\/em><\/p>\n<p>Druh\u00e1 pos\u00e1dka st\u00e1je MP-Sports Tom\u00e1\u0161 Ou\u0159edn\u00ed\u010dek, David K\u0159\u00edpal se ve \u010dtvrt\u00e9 etap\u011b pot\u00fdkala se dv\u011bma defekty a men\u0161\u00ed koliz\u00ed spojenou s n\u00e1razem na spodek auta. Ale do c\u00edle etapy dorazili na 35. m\u00edst\u011b a ani oni si v celkov\u00e9m po\u0159ad\u00ed nepohor\u0161ili.<\/p>\n<p>V dal\u0161\u00ed etap\u011b Dakaru 2019 se z\u00e1vodn\u00edci vrac\u00ed zp\u011bt do Arequipy a v sobotu n\u00e1sleduje den volna.<\/p>\n<p>Tiskov\u00e1 zpr\u00e1va t\u00fdmu MP-Sports (editov\u00e1no)[\/vc_column_text][\/vc_column][\/vc_row]<\/p>\n","protected":false},"excerpt":{"rendered":"<p>Martin Prokop v\u00fdborn\u011b rozjel prvn\u00ed maratonskou etapu. Kv\u016fli technick\u00fdm pot\u00ed\u017e\u00edm ale do c\u00edle dorazil jako \u0161estn\u00e1ct\u00fd s v\u00edce ne\u017e pades\u00e1timinutovou ztr\u00e1tou.<\/p>\n","protected":false},"author":3,"featured_media":3854,"comment_status":"open","ping_status":"closed","sticky":false,"template":"","format":"standard","meta":{"footnotes":""},"categories":[637],"tags":[8,9,481,11,483,6,482,5,4,7],"class_list":["post-3855","post","type-post","status-publish","format-standard","has-post-thumbnail","hentry","category-tiskove-zpravy","tag-dakar","tag-dakar-2019","tag-david","tag-ford","tag-ivan-matousek","tag-jan-tomanek","tag-kripal","tag-martin-prokop","tag-mp-sports","tag-tomas-ourednicek"],"yoast_head":"<!-- This site is optimized with the Yoast SEO plugin v24.9 - https:\/\/yoast.com\/wordpress\/plugins\/seo\/ -->\n<title>Dakar 2019: Prokop i Ou\u0159edn\u00ed\u010dek v maratonsk\u00e9 etap\u011b s probl\u00e9my - DAKARMANIA.cz<\/title>\n<meta name=\"description\" content=\"Martin Prokop v\u00fdborn\u011b rozjel prvn\u00ed maratonskou etapu. Kv\u016fli technick\u00fdm pot\u00ed\u017e\u00edm ale do c\u00edle dorazil jako \u0161estn\u00e1ct\u00fd s v\u00edce ne\u017e pades\u00e1timinutovou ztr\u00e1tou.\" \/>\n<meta name=\"robots\" content=\"index, follow, max-snippet:-1, max-image-preview:large, max-video-preview:-1\" \/>\n<link rel=\"canonical\" href=\"https:\/\/www.dakarmania.cz\/index.php\/2019\/01\/11\/dakar-2019-prokop-i-ourednicek-v-maratonske-etape-s-problemy\/\" \/>\n<meta property=\"og:locale\" content=\"cs_CZ\" \/>\n<meta property=\"og:type\" content=\"article\" \/>\n<meta property=\"og:title\" content=\"Dakar 2019: Prokop i Ou\u0159edn\u00ed\u010dek v maratonsk\u00e9 etap\u011b s probl\u00e9my - DAKARMANIA.cz\" \/>\n<meta property=\"og:description\" content=\"Martin Prokop v\u00fdborn\u011b rozjel prvn\u00ed maratonskou etapu. Kv\u016fli technick\u00fdm pot\u00ed\u017e\u00edm ale do c\u00edle dorazil jako \u0161estn\u00e1ct\u00fd s v\u00edce ne\u017e pades\u00e1timinutovou ztr\u00e1tou.\" \/>\n<meta property=\"og:url\" content=\"https:\/\/www.dakarmania.cz\/index.php\/2019\/01\/11\/dakar-2019-prokop-i-ourednicek-v-maratonske-etape-s-problemy\/\" \/>\n<meta property=\"og:site_name\" content=\"DAKARMANIA.cz\" \/>\n<meta property=\"article:publisher\" content=\"https:\/\/www.facebook.com\/dakarmania\/\" \/>\n<meta property=\"article:published_time\" content=\"2019-01-11T06:18:01+00:00\" \/>\n<meta property=\"article:modified_time\" content=\"2019-11-12T16:54:24+00:00\" \/>\n<meta property=\"og:image\" content=\"https:\/\/www.dakarmania.cz\/wp-content\/uploads\/2019\/03\/19-dakar-prokop-51.jpg\" \/>\n\t<meta property=\"og:image:width\" content=\"2048\" \/>\n\t<meta property=\"og:image:height\" content=\"1365\" \/>\n\t<meta property=\"og:image:type\" content=\"image\/jpeg\" \/>\n<meta name=\"author\" content=\"tiskov\u00e1 zpr\u00e1va\" \/>\n<meta name=\"twitter:card\" content=\"summary_large_image\" \/>\n<meta name=\"twitter:label1\" content=\"Napsal(a)\" \/>\n\t<meta name=\"twitter:data1\" content=\"tiskov\u00e1 zpr\u00e1va\" \/>\n\t<meta name=\"twitter:label2\" content=\"Odhadovan\u00e1 doba \u010dten\u00ed\" \/>\n\t<meta name=\"twitter:data2\" content=\"2 minuty\" \/>\n<script type=\"application\/ld+json\" class=\"yoast-schema-graph\">{\"@context\":\"https:\/\/schema.org\",\"@graph\":[{\"@type\":\"Article\",\"@id\":\"https:\/\/www.dakarmania.cz\/index.php\/2019\/01\/11\/dakar-2019-prokop-i-ourednicek-v-maratonske-etape-s-problemy\/#article\",\"isPartOf\":{\"@id\":\"https:\/\/www.dakarmania.cz\/index.php\/2019\/01\/11\/dakar-2019-prokop-i-ourednicek-v-maratonske-etape-s-problemy\/\"},\"author\":{\"name\":\"tiskov\u00e1 zpr\u00e1va\",\"@id\":\"https:\/\/www.dakarmania.cz\/#\/schema\/person\/bce8d1fe3633b1178e150fc5e340d5dd\"},\"headline\":\"Dakar 2019: Prokop i Ou\u0159edn\u00ed\u010dek v maratonsk\u00e9 etap\u011b s probl\u00e9my\",\"datePublished\":\"2019-01-11T06:18:01+00:00\",\"dateModified\":\"2019-11-12T16:54:24+00:00\",\"mainEntityOfPage\":{\"@id\":\"https:\/\/www.dakarmania.cz\/index.php\/2019\/01\/11\/dakar-2019-prokop-i-ourednicek-v-maratonske-etape-s-problemy\/\"},\"wordCount\":487,\"commentCount\":0,\"publisher\":{\"@id\":\"https:\/\/www.dakarmania.cz\/#organization\"},\"image\":{\"@id\":\"https:\/\/www.dakarmania.cz\/index.php\/2019\/01\/11\/dakar-2019-prokop-i-ourednicek-v-maratonske-etape-s-problemy\/#primaryimage\"},\"thumbnailUrl\":\"https:\/\/www.dakarmania.cz\/wp-content\/uploads\/2019\/03\/19-dakar-prokop-51.jpg\",\"keywords\":[\"Dakar\",\"Dakar 2019\",\"David\",\"Ford\",\"Ivan Matou\u0161ek\",\"Jan Tom\u00e1nek\",\"K\u0159\u00edpal\",\"Martin Prokop\",\"MP-Sports\",\"Tom\u00e1\u0161 Ou\u0159edn\u00ed\u010dek\"],\"articleSection\":[\"Tiskov\u00e9 zpr\u00e1vy\"],\"inLanguage\":\"cs\",\"potentialAction\":[{\"@type\":\"CommentAction\",\"name\":\"Comment\",\"target\":[\"https:\/\/www.dakarmania.cz\/index.php\/2019\/01\/11\/dakar-2019-prokop-i-ourednicek-v-maratonske-etape-s-problemy\/#respond\"]}]},{\"@type\":\"WebPage\",\"@id\":\"https:\/\/www.dakarmania.cz\/index.php\/2019\/01\/11\/dakar-2019-prokop-i-ourednicek-v-maratonske-etape-s-problemy\/\",\"url\":\"https:\/\/www.dakarmania.cz\/index.php\/2019\/01\/11\/dakar-2019-prokop-i-ourednicek-v-maratonske-etape-s-problemy\/\",\"name\":\"Dakar 2019: Prokop i Ou\u0159edn\u00ed\u010dek v maratonsk\u00e9 etap\u011b s probl\u00e9my - DAKARMANIA.cz\",\"isPartOf\":{\"@id\":\"https:\/\/www.dakarmania.cz\/#website\"},\"primaryImageOfPage\":{\"@id\":\"https:\/\/www.dakarmania.cz\/index.php\/2019\/01\/11\/dakar-2019-prokop-i-ourednicek-v-maratonske-etape-s-problemy\/#primaryimage\"},\"image\":{\"@id\":\"https:\/\/www.dakarmania.cz\/index.php\/2019\/01\/11\/dakar-2019-prokop-i-ourednicek-v-maratonske-etape-s-problemy\/#primaryimage\"},\"thumbnailUrl\":\"https:\/\/www.dakarmania.cz\/wp-content\/uploads\/2019\/03\/19-dakar-prokop-51.jpg\",\"datePublished\":\"2019-01-11T06:18:01+00:00\",\"dateModified\":\"2019-11-12T16:54:24+00:00\",\"description\":\"Martin Prokop v\u00fdborn\u011b rozjel prvn\u00ed maratonskou etapu. Kv\u016fli technick\u00fdm pot\u00ed\u017e\u00edm ale do c\u00edle dorazil jako \u0161estn\u00e1ct\u00fd s v\u00edce ne\u017e pades\u00e1timinutovou ztr\u00e1tou.\",\"breadcrumb\":{\"@id\":\"https:\/\/www.dakarmania.cz\/index.php\/2019\/01\/11\/dakar-2019-prokop-i-ourednicek-v-maratonske-etape-s-problemy\/#breadcrumb\"},\"inLanguage\":\"cs\",\"potentialAction\":[{\"@type\":\"ReadAction\",\"target\":[\"https:\/\/www.dakarmania.cz\/index.php\/2019\/01\/11\/dakar-2019-prokop-i-ourednicek-v-maratonske-etape-s-problemy\/\"]}]},{\"@type\":\"ImageObject\",\"inLanguage\":\"cs\",\"@id\":\"https:\/\/www.dakarmania.cz\/index.php\/2019\/01\/11\/dakar-2019-prokop-i-ourednicek-v-maratonske-etape-s-problemy\/#primaryimage\",\"url\":\"https:\/\/www.dakarmania.cz\/wp-content\/uploads\/2019\/03\/19-dakar-prokop-51.jpg\",\"contentUrl\":\"https:\/\/www.dakarmania.cz\/wp-content\/uploads\/2019\/03\/19-dakar-prokop-51.jpg\",\"width\":2048,\"height\":1365,\"caption\":\"Martin Prokop\/Jan Tom\u00e1nek, Ford Raptor RS Cross-Country, MP-Sports. Rally Dakar 2019. \u00a9 MP-Sports\"},{\"@type\":\"BreadcrumbList\",\"@id\":\"https:\/\/www.dakarmania.cz\/index.php\/2019\/01\/11\/dakar-2019-prokop-i-ourednicek-v-maratonske-etape-s-problemy\/#breadcrumb\",\"itemListElement\":[{\"@type\":\"ListItem\",\"position\":1,\"name\":\"Dom\u016f\",\"item\":\"https:\/\/www.dakarmania.cz\/\"},{\"@type\":\"ListItem\",\"position\":2,\"name\":\"Dakar 2019: Prokop i Ou\u0159edn\u00ed\u010dek v maratonsk\u00e9 etap\u011b s probl\u00e9my\"}]},{\"@type\":\"WebSite\",\"@id\":\"https:\/\/www.dakarmania.cz\/#website\",\"url\":\"https:\/\/www.dakarmania.cz\/\",\"name\":\"DAKARMANIA.cz\",\"description\":\"\u017dijeme Dakarem cel\u00fd rok\",\"publisher\":{\"@id\":\"https:\/\/www.dakarmania.cz\/#organization\"},\"potentialAction\":[{\"@type\":\"SearchAction\",\"target\":{\"@type\":\"EntryPoint\",\"urlTemplate\":\"https:\/\/www.dakarmania.cz\/?s={search_term_string}\"},\"query-input\":{\"@type\":\"PropertyValueSpecification\",\"valueRequired\":true,\"valueName\":\"search_term_string\"}}],\"inLanguage\":\"cs\"},{\"@type\":\"Organization\",\"@id\":\"https:\/\/www.dakarmania.cz\/#organization\",\"name\":\"DAKAR MANIA\",\"url\":\"https:\/\/www.dakarmania.cz\/\",\"logo\":{\"@type\":\"ImageObject\",\"inLanguage\":\"cs\",\"@id\":\"https:\/\/www.dakarmania.cz\/#\/schema\/logo\/image\/\",\"url\":\"https:\/\/www.dakarmania.cz\/wp-content\/uploads\/2018\/12\/Dakar-Mania-Logo-Square-Orange.png\",\"contentUrl\":\"https:\/\/www.dakarmania.cz\/wp-content\/uploads\/2018\/12\/Dakar-Mania-Logo-Square-Orange.png\",\"width\":992,\"height\":992,\"caption\":\"DAKAR MANIA\"},\"image\":{\"@id\":\"https:\/\/www.dakarmania.cz\/#\/schema\/logo\/image\/\"},\"sameAs\":[\"https:\/\/www.facebook.com\/dakarmania\/\"]},{\"@type\":\"Person\",\"@id\":\"https:\/\/www.dakarmania.cz\/#\/schema\/person\/bce8d1fe3633b1178e150fc5e340d5dd\",\"name\":\"tiskov\u00e1 zpr\u00e1va\",\"image\":{\"@type\":\"ImageObject\",\"inLanguage\":\"cs\",\"@id\":\"https:\/\/www.dakarmania.cz\/#\/schema\/person\/image\/\",\"url\":\"https:\/\/secure.gravatar.com\/avatar\/19aefcb6c7bfae691fca4d805686c670f59bb4f7414c7b398b88dc9c8f4e96d5?s=96&d=mm&r=g\",\"contentUrl\":\"https:\/\/secure.gravatar.com\/avatar\/19aefcb6c7bfae691fca4d805686c670f59bb4f7414c7b398b88dc9c8f4e96d5?s=96&d=mm&r=g\",\"caption\":\"tiskov\u00e1 zpr\u00e1va\"},\"url\":\"https:\/\/www.dakarmania.cz\/index.php\/author\/tiskovezpravy\/\"}]}<\/script>\n<!-- \/ Yoast SEO plugin. -->","yoast_head_json":{"title":"Dakar 2019: Prokop i Ou\u0159edn\u00ed\u010dek v maratonsk\u00e9 etap\u011b s probl\u00e9my - DAKARMANIA.cz","description":"Martin Prokop v\u00fdborn\u011b rozjel prvn\u00ed maratonskou etapu. Kv\u016fli technick\u00fdm pot\u00ed\u017e\u00edm ale do c\u00edle dorazil jako \u0161estn\u00e1ct\u00fd s v\u00edce ne\u017e pades\u00e1timinutovou ztr\u00e1tou.","robots":{"index":"index","follow":"follow","max-snippet":"max-snippet:-1","max-image-preview":"max-image-preview:large","max-video-preview":"max-video-preview:-1"},"canonical":"https:\/\/www.dakarmania.cz\/index.php\/2019\/01\/11\/dakar-2019-prokop-i-ourednicek-v-maratonske-etape-s-problemy\/","og_locale":"cs_CZ","og_type":"article","og_title":"Dakar 2019: Prokop i Ou\u0159edn\u00ed\u010dek v maratonsk\u00e9 etap\u011b s probl\u00e9my - DAKARMANIA.cz","og_description":"Martin Prokop v\u00fdborn\u011b rozjel prvn\u00ed maratonskou etapu. Kv\u016fli technick\u00fdm pot\u00ed\u017e\u00edm ale do c\u00edle dorazil jako \u0161estn\u00e1ct\u00fd s v\u00edce ne\u017e pades\u00e1timinutovou ztr\u00e1tou.","og_url":"https:\/\/www.dakarmania.cz\/index.php\/2019\/01\/11\/dakar-2019-prokop-i-ourednicek-v-maratonske-etape-s-problemy\/","og_site_name":"DAKARMANIA.cz","article_publisher":"https:\/\/www.facebook.com\/dakarmania\/","article_published_time":"2019-01-11T06:18:01+00:00","article_modified_time":"2019-11-12T16:54:24+00:00","og_image":[{"width":2048,"height":1365,"url":"https:\/\/www.dakarmania.cz\/wp-content\/uploads\/2019\/03\/19-dakar-prokop-51.jpg","type":"image\/jpeg"}],"author":"tiskov\u00e1 zpr\u00e1va","twitter_card":"summary_large_image","twitter_misc":{"Napsal(a)":"tiskov\u00e1 zpr\u00e1va","Odhadovan\u00e1 doba \u010dten\u00ed":"2 minuty"},"schema":{"@context":"https:\/\/schema.org","@graph":[{"@type":"Article","@id":"https:\/\/www.dakarmania.cz\/index.php\/2019\/01\/11\/dakar-2019-prokop-i-ourednicek-v-maratonske-etape-s-problemy\/#article","isPartOf":{"@id":"https:\/\/www.dakarmania.cz\/index.php\/2019\/01\/11\/dakar-2019-prokop-i-ourednicek-v-maratonske-etape-s-problemy\/"},"author":{"name":"tiskov\u00e1 zpr\u00e1va","@id":"https:\/\/www.dakarmania.cz\/#\/schema\/person\/bce8d1fe3633b1178e150fc5e340d5dd"},"headline":"Dakar 2019: Prokop i Ou\u0159edn\u00ed\u010dek v maratonsk\u00e9 etap\u011b s probl\u00e9my","datePublished":"2019-01-11T06:18:01+00:00","dateModified":"2019-11-12T16:54:24+00:00","mainEntityOfPage":{"@id":"https:\/\/www.dakarmania.cz\/index.php\/2019\/01\/11\/dakar-2019-prokop-i-ourednicek-v-maratonske-etape-s-problemy\/"},"wordCount":487,"commentCount":0,"publisher":{"@id":"https:\/\/www.dakarmania.cz\/#organization"},"image":{"@id":"https:\/\/www.dakarmania.cz\/index.php\/2019\/01\/11\/dakar-2019-prokop-i-ourednicek-v-maratonske-etape-s-problemy\/#primaryimage"},"thumbnailUrl":"https:\/\/www.dakarmania.cz\/wp-content\/uploads\/2019\/03\/19-dakar-prokop-51.jpg","keywords":["Dakar","Dakar 2019","David","Ford","Ivan Matou\u0161ek","Jan Tom\u00e1nek","K\u0159\u00edpal","Martin Prokop","MP-Sports","Tom\u00e1\u0161 Ou\u0159edn\u00ed\u010dek"],"articleSection":["Tiskov\u00e9 zpr\u00e1vy"],"inLanguage":"cs","potentialAction":[{"@type":"CommentAction","name":"Comment","target":["https:\/\/www.dakarmania.cz\/index.php\/2019\/01\/11\/dakar-2019-prokop-i-ourednicek-v-maratonske-etape-s-problemy\/#respond"]}]},{"@type":"WebPage","@id":"https:\/\/www.dakarmania.cz\/index.php\/2019\/01\/11\/dakar-2019-prokop-i-ourednicek-v-maratonske-etape-s-problemy\/","url":"https:\/\/www.dakarmania.cz\/index.php\/2019\/01\/11\/dakar-2019-prokop-i-ourednicek-v-maratonske-etape-s-problemy\/","name":"Dakar 2019: Prokop i Ou\u0159edn\u00ed\u010dek v maratonsk\u00e9 etap\u011b s probl\u00e9my - DAKARMANIA.cz","isPartOf":{"@id":"https:\/\/www.dakarmania.cz\/#website"},"primaryImageOfPage":{"@id":"https:\/\/www.dakarmania.cz\/index.php\/2019\/01\/11\/dakar-2019-prokop-i-ourednicek-v-maratonske-etape-s-problemy\/#primaryimage"},"image":{"@id":"https:\/\/www.dakarmania.cz\/index.php\/2019\/01\/11\/dakar-2019-prokop-i-ourednicek-v-maratonske-etape-s-problemy\/#primaryimage"},"thumbnailUrl":"https:\/\/www.dakarmania.cz\/wp-content\/uploads\/2019\/03\/19-dakar-prokop-51.jpg","datePublished":"2019-01-11T06:18:01+00:00","dateModified":"2019-11-12T16:54:24+00:00","description":"Martin Prokop v\u00fdborn\u011b rozjel prvn\u00ed maratonskou etapu. Kv\u016fli technick\u00fdm pot\u00ed\u017e\u00edm ale do c\u00edle dorazil jako \u0161estn\u00e1ct\u00fd s v\u00edce ne\u017e pades\u00e1timinutovou ztr\u00e1tou.","breadcrumb":{"@id":"https:\/\/www.dakarmania.cz\/index.php\/2019\/01\/11\/dakar-2019-prokop-i-ourednicek-v-maratonske-etape-s-problemy\/#breadcrumb"},"inLanguage":"cs","potentialAction":[{"@type":"ReadAction","target":["https:\/\/www.dakarmania.cz\/index.php\/2019\/01\/11\/dakar-2019-prokop-i-ourednicek-v-maratonske-etape-s-problemy\/"]}]},{"@type":"ImageObject","inLanguage":"cs","@id":"https:\/\/www.dakarmania.cz\/index.php\/2019\/01\/11\/dakar-2019-prokop-i-ourednicek-v-maratonske-etape-s-problemy\/#primaryimage","url":"https:\/\/www.dakarmania.cz\/wp-content\/uploads\/2019\/03\/19-dakar-prokop-51.jpg","contentUrl":"https:\/\/www.dakarmania.cz\/wp-content\/uploads\/2019\/03\/19-dakar-prokop-51.jpg","width":2048,"height":1365,"caption":"Martin Prokop\/Jan Tom\u00e1nek, Ford Raptor RS Cross-Country, MP-Sports. Rally Dakar 2019. \u00a9 MP-Sports"},{"@type":"BreadcrumbList","@id":"https:\/\/www.dakarmania.cz\/index.php\/2019\/01\/11\/dakar-2019-prokop-i-ourednicek-v-maratonske-etape-s-problemy\/#breadcrumb","itemListElement":[{"@type":"ListItem","position":1,"name":"Dom\u016f","item":"https:\/\/www.dakarmania.cz\/"},{"@type":"ListItem","position":2,"name":"Dakar 2019: Prokop i Ou\u0159edn\u00ed\u010dek v maratonsk\u00e9 etap\u011b s probl\u00e9my"}]},{"@type":"WebSite","@id":"https:\/\/www.dakarmania.cz\/#website","url":"https:\/\/www.dakarmania.cz\/","name":"DAKARMANIA.cz","description":"\u017dijeme Dakarem cel\u00fd rok","publisher":{"@id":"https:\/\/www.dakarmania.cz\/#organization"},"potentialAction":[{"@type":"SearchAction","target":{"@type":"EntryPoint","urlTemplate":"https:\/\/www.dakarmania.cz\/?s={search_term_string}"},"query-input":{"@type":"PropertyValueSpecification","valueRequired":true,"valueName":"search_term_string"}}],"inLanguage":"cs"},{"@type":"Organization","@id":"https:\/\/www.dakarmania.cz\/#organization","name":"DAKAR MANIA","url":"https:\/\/www.dakarmania.cz\/","logo":{"@type":"ImageObject","inLanguage":"cs","@id":"https:\/\/www.dakarmania.cz\/#\/schema\/logo\/image\/","url":"https:\/\/www.dakarmania.cz\/wp-content\/uploads\/2018\/12\/Dakar-Mania-Logo-Square-Orange.png","contentUrl":"https:\/\/www.dakarmania.cz\/wp-content\/uploads\/2018\/12\/Dakar-Mania-Logo-Square-Orange.png","width":992,"height":992,"caption":"DAKAR MANIA"},"image":{"@id":"https:\/\/www.dakarmania.cz\/#\/schema\/logo\/image\/"},"sameAs":["https:\/\/www.facebook.com\/dakarmania\/"]},{"@type":"Person","@id":"https:\/\/www.dakarmania.cz\/#\/schema\/person\/bce8d1fe3633b1178e150fc5e340d5dd","name":"tiskov\u00e1 zpr\u00e1va","image":{"@type":"ImageObject","inLanguage":"cs","@id":"https:\/\/www.dakarmania.cz\/#\/schema\/person\/image\/","url":"https:\/\/secure.gravatar.com\/avatar\/19aefcb6c7bfae691fca4d805686c670f59bb4f7414c7b398b88dc9c8f4e96d5?s=96&d=mm&r=g","contentUrl":"https:\/\/secure.gravatar.com\/avatar\/19aefcb6c7bfae691fca4d805686c670f59bb4f7414c7b398b88dc9c8f4e96d5?s=96&d=mm&r=g","caption":"tiskov\u00e1 zpr\u00e1va"},"url":"https:\/\/www.dakarmania.cz\/index.php\/author\/tiskovezpravy\/"}]}},"amp_enabled":true,"_links":{"self":[{"href":"https:\/\/www.dakarmania.cz\/index.php\/wp-json\/wp\/v2\/posts\/3855","targetHints":{"allow":["GET"]}}],"collection":[{"href":"https:\/\/www.dakarmania.cz\/index.php\/wp-json\/wp\/v2\/posts"}],"about":[{"href":"https:\/\/www.dakarmania.cz\/index.php\/wp-json\/wp\/v2\/types\/post"}],"author":[{"embeddable":true,"href":"https:\/\/www.dakarmania.cz\/index.php\/wp-json\/wp\/v2\/users\/3"}],"replies":[{"embeddable":true,"href":"https:\/\/www.dakarmania.cz\/index.php\/wp-json\/wp\/v2\/comments?post=3855"}],"version-history":[{"count":3,"href":"https:\/\/www.dakarmania.cz\/index.php\/wp-json\/wp\/v2\/posts\/3855\/revisions"}],"predecessor-version":[{"id":13290,"href":"https:\/\/www.dakarmania.cz\/index.php\/wp-json\/wp\/v2\/posts\/3855\/revisions\/13290"}],"wp:featuredmedia":[{"embeddable":true,"href":"https:\/\/www.dakarmania.cz\/index.php\/wp-json\/wp\/v2\/media\/3854"}],"wp:attachment":[{"href":"https:\/\/www.dakarmania.cz\/index.php\/wp-json\/wp\/v2\/media?parent=3855"}],"wp:term":[{"taxonomy":"category","embeddable":true,"href":"https:\/\/www.dakarmania.cz\/index.php\/wp-json\/wp\/v2\/categories?post=3855"},{"taxonomy":"post_tag","embeddable":true,"href":"https:\/\/www.dakarmania.cz\/index.php\/wp-json\/wp\/v2\/tags?post=3855"}],"curies":[{"name":"wp","href":"https:\/\/api.w.org\/{rel}","templated":true}]}}