{"id":3866,"date":"2019-01-17T01:55:55","date_gmt":"2019-01-17T00:55:55","guid":{"rendered":"https:\/\/www.dakarmania.cz\/?p=3866"},"modified":"2019-11-12T17:45:01","modified_gmt":"2019-11-12T16:45:01","slug":"dakar-2019-prubezne-sesty-martin-prokop-zaujal-gestem-fair-play","status":"publish","type":"post","link":"https:\/\/www.dakarmania.cz\/index.php\/2019\/01\/17\/dakar-2019-prubezne-sesty-martin-prokop-zaujal-gestem-fair-play\/","title":{"rendered":"Dakar 2019: Pr\u016fb\u011b\u017en\u011b \u0161est\u00fd Martin Prokop zaujal gestem fair-play"},"content":{"rendered":"<p>[vc_row][vc_column][vc_column_text]<\/p>\n<h4>P\u0159edposledn\u00ed etapa Rally Dakar 2019 p\u0159inesla z pohledu Martina Prokopa a Jana Tom\u00e1nka dva d\u016fle\u017eit\u00e9 momenty. Navzdory jezdcovu zran\u011bn\u00ed se posunula na \u0161est\u00e9 m\u00edsto pr\u016fb\u011b\u017en\u00e9ho hodnocen\u00ed a nav\u00edc pomohla sv\u00e9mu p\u0159\u00edm\u00e9mu soupe\u0159i.<\/h4>\n<p>K posunu vp\u0159ed pomohla \u010desk\u00e9 pos\u00e1dce sm\u016fla zku\u0161en\u00e9ho St\u00e9phana Peterhansela, kter\u00fd musel ze sout\u011b\u017ei odstoupit kv\u016fli zran\u011bn\u00ed sv\u00e9ho navig\u00e1tora. Ke konci etapy p\u0159edvedl Prokop gentlemansk\u00e9 gesto, kdy\u017e pomohl oto\u010dit zp\u011bt na kola p\u0159evr\u00e1cen\u00fd speci\u00e1l Mini JCW Buggy Francouze Desprese, kter\u00fd je v celkov\u00e9m po\u0159ad\u00ed p\u0159ed n\u00edm na p\u00e1t\u00e9m m\u00edst\u011b.<\/p>\n<p><em>\u201eDnes to bylo op\u011bt po\u0159\u00e1dn\u00e9 peklo a je vid\u011bt, \u017ee po\u0159adatel chce ke konci z\u00e1vodu n\u00e1ro\u010dnost je\u0161t\u011b vyhrotit,\u201c<\/em> hodnotil <strong>Martin Prokop<\/strong> v c\u00edli m\u011b\u0159en\u00e9ho \u00faseku p\u0159edposledn\u00ed etapy. <em>\u201eSpousta m\u011bkk\u00e9ho p\u00edsku a t\u011b\u017ek\u00fdch dun, ve kter\u00fdch jsme je\u0161t\u011b museli sk\u00e1kat p\u0159es z\u00e1ke\u0159n\u00e9 kr\u00e1tery. Moje pohmo\u017ed\u011bn\u00e9 ruce na tom byly h\u016f\u0159 ne\u017e v\u010dera. P\u0159es rozbit\u00e9 \u00faseky jsem v\u016fbec nemohl jet agresivn\u011b. Vypou\u0161t\u011bl jsem je a pouze dr\u017eel tempo. Waypointy byly dnes jako naschv\u00e1l poschov\u00e1van\u00e9, ale s Jendou jsme je nakonec v\u0161echny na\u0161li.\u201c<\/em><\/p>\n<p><em>\u201eKousek p\u0159ed c\u00edlem jsme vid\u011bli Cyrila Desprese s autem le\u017e\u00edc\u00edm na st\u0159e\u0161e v dol\u00edku. Na kolenou prosil, abychom mu pomohli. P\u0159esto\u017ee jsem v\u011bd\u011bl, \u017ee se p\u0159ipravuji o postup o jedno m\u00edsto v\u00fd\u0161 v celkov\u00e9m po\u0159ad\u00ed, nezapochyboval jsem ani na chv\u00edli, \u017ee bych mu nepomohl. Na podzim jsem sice \u0159ekl, \u017ee jezdci v top 20 si nepom\u00e1haj\u00ed, ale asi jsem v\u00fdjimka potvrzuj\u00edc\u00ed pravidlo. V\u011b\u0159\u00edm, \u017ee se n\u00e1m dobr\u00fd skutek v budoucnosti vyplat\u00ed.\u201c<\/em>[\/vc_column_text][vc_video link=&#8221;https:\/\/youtu.be\/VwU1ciz9F7s&#8221;][vc_column_text]N\u00e1ro\u010dn\u00e1 etapa sv\u011bd\u010dila i druh\u00e9mu pilotovi MP-Sports Tom\u00e1\u0161ovi Ou\u0159edn\u00ed\u010dkovi. S navig\u00e1torem Davidem K\u0159\u00edpalem byli dnes patn\u00e1ct\u00ed a v celkov\u00e9 klasifikaci se posunuli tak\u00e9 o jednu p\u0159\u00ed\u010dku na sedmn\u00e1ctou pozici.<\/p>\n<p><em>\u201eLetos n\u00e1s u\u017e na Dakaru nem\u00e1 co p\u0159ekvapit,\u201c<\/em> m\u00ednil <strong>Tom\u00e1\u0161 Ou\u0159edn\u00ed\u010dek<\/strong>. <em>\u201e\u0160\u00edlen\u00e9 n\u00e1ro\u010dnosti a brut\u00e1ln\u00edm dun\u00e1m v\u0161ak kontruje na\u0161e stabiln\u00ed tempo, dobr\u00e1 navigace a v\u00fdborn\u00e9 spolehliv\u00e9 auto. T\u00fdmov\u00fd mana\u017eer MP-Sports Quirin M\u00fcller p\u0159ed startem Dakaru prohl\u00e1sil, \u017ee Shrek n\u00e1s dostane p\u0159es duny a je\u0161t\u011b s n\u00edm ud\u011bl\u00e1me dobr\u00fd v\u00fdsledek. V\u011b\u0159\u00edm, \u017ee na n\u011bj m\u00e1me zad\u011bl\u00e1no.\u201c<\/em><\/p>\n<p>Leto\u0161n\u00ed ro\u010dn\u00edk Dakaru ukon\u010d\u00ed ve \u010dtvrtek posledn\u00ed etapa z Pisca do Limy.<\/p>\n<p>Tiskov\u00e1 zpr\u00e1va t\u00fdmu MP-Sports (editov\u00e1no)[\/vc_column_text][\/vc_column][\/vc_row]<\/p>\n","protected":false},"excerpt":{"rendered":"<p>P\u0159edposledn\u00ed etapa Dakaru p\u0159inesla z pohledu Martina Prokopa dva d\u016fle\u017eit\u00e9 momenty. Posunul se na \u0161est\u00e9 m\u00edsto celkov\u011b a nav\u00edc pomohl p\u0159\u00edm\u00e9mu soupe\u0159i.<\/p>\n","protected":false},"author":3,"featured_media":3857,"comment_status":"open","ping_status":"closed","sticky":false,"template":"","format":"standard","meta":{"footnotes":""},"categories":[637],"tags":[8,9,10,11,6,5,4,7],"class_list":["post-3866","post","type-post","status-publish","format-standard","has-post-thumbnail","hentry","category-tiskove-zpravy","tag-dakar","tag-dakar-2019","tag-david-kripal","tag-ford","tag-jan-tomanek","tag-martin-prokop","tag-mp-sports","tag-tomas-ourednicek"],"yoast_head":"<!-- This site is optimized with the Yoast SEO plugin v24.9 - https:\/\/yoast.com\/wordpress\/plugins\/seo\/ -->\n<title>Dakar 2019: Pr\u016fb\u011b\u017en\u011b \u0161est\u00fd Martin Prokop zaujal gestem fair-play - DAKARMANIA.cz<\/title>\n<meta name=\"description\" content=\"P\u0159edposledn\u00ed etapa Dakaru p\u0159inesla z pohledu Martina Prokopa dva d\u016fle\u017eit\u00e9 momenty. Posunul se na \u0161est\u00e9 m\u00edsto celkov\u011b a nav\u00edc pomohl p\u0159\u00edm\u00e9mu soupe\u0159i.\" \/>\n<meta name=\"robots\" content=\"index, follow, max-snippet:-1, max-image-preview:large, max-video-preview:-1\" \/>\n<link rel=\"canonical\" href=\"https:\/\/www.dakarmania.cz\/index.php\/2019\/01\/17\/dakar-2019-prubezne-sesty-martin-prokop-zaujal-gestem-fair-play\/\" \/>\n<meta property=\"og:locale\" content=\"cs_CZ\" \/>\n<meta property=\"og:type\" content=\"article\" \/>\n<meta property=\"og:title\" content=\"Dakar 2019: Pr\u016fb\u011b\u017en\u011b \u0161est\u00fd Martin Prokop zaujal gestem fair-play - DAKARMANIA.cz\" \/>\n<meta property=\"og:description\" content=\"P\u0159edposledn\u00ed etapa Dakaru p\u0159inesla z pohledu Martina Prokopa dva d\u016fle\u017eit\u00e9 momenty. Posunul se na \u0161est\u00e9 m\u00edsto celkov\u011b a nav\u00edc pomohl p\u0159\u00edm\u00e9mu soupe\u0159i.\" \/>\n<meta property=\"og:url\" content=\"https:\/\/www.dakarmania.cz\/index.php\/2019\/01\/17\/dakar-2019-prubezne-sesty-martin-prokop-zaujal-gestem-fair-play\/\" \/>\n<meta property=\"og:site_name\" content=\"DAKARMANIA.cz\" \/>\n<meta property=\"article:publisher\" content=\"https:\/\/www.facebook.com\/dakarmania\/\" \/>\n<meta property=\"article:published_time\" content=\"2019-01-17T00:55:55+00:00\" \/>\n<meta property=\"article:modified_time\" content=\"2019-11-12T16:45:01+00:00\" \/>\n<meta property=\"og:image\" content=\"https:\/\/www.dakarmania.cz\/wp-content\/uploads\/2019\/03\/19-dakar-prokop-52.jpg\" \/>\n\t<meta property=\"og:image:width\" content=\"2048\" \/>\n\t<meta property=\"og:image:height\" content=\"1365\" \/>\n\t<meta property=\"og:image:type\" content=\"image\/jpeg\" \/>\n<meta name=\"author\" content=\"tiskov\u00e1 zpr\u00e1va\" \/>\n<meta name=\"twitter:card\" content=\"summary_large_image\" \/>\n<meta name=\"twitter:label1\" content=\"Napsal(a)\" \/>\n\t<meta name=\"twitter:data1\" content=\"tiskov\u00e1 zpr\u00e1va\" \/>\n\t<meta name=\"twitter:label2\" content=\"Odhadovan\u00e1 doba \u010dten\u00ed\" \/>\n\t<meta name=\"twitter:data2\" content=\"3 minuty\" \/>\n<script type=\"application\/ld+json\" class=\"yoast-schema-graph\">{\"@context\":\"https:\/\/schema.org\",\"@graph\":[{\"@type\":\"Article\",\"@id\":\"https:\/\/www.dakarmania.cz\/index.php\/2019\/01\/17\/dakar-2019-prubezne-sesty-martin-prokop-zaujal-gestem-fair-play\/#article\",\"isPartOf\":{\"@id\":\"https:\/\/www.dakarmania.cz\/index.php\/2019\/01\/17\/dakar-2019-prubezne-sesty-martin-prokop-zaujal-gestem-fair-play\/\"},\"author\":{\"name\":\"tiskov\u00e1 zpr\u00e1va\",\"@id\":\"https:\/\/www.dakarmania.cz\/#\/schema\/person\/bce8d1fe3633b1178e150fc5e340d5dd\"},\"headline\":\"Dakar 2019: Pr\u016fb\u011b\u017en\u011b \u0161est\u00fd Martin Prokop zaujal gestem fair-play\",\"datePublished\":\"2019-01-17T00:55:55+00:00\",\"dateModified\":\"2019-11-12T16:45:01+00:00\",\"mainEntityOfPage\":{\"@id\":\"https:\/\/www.dakarmania.cz\/index.php\/2019\/01\/17\/dakar-2019-prubezne-sesty-martin-prokop-zaujal-gestem-fair-play\/\"},\"wordCount\":517,\"commentCount\":0,\"publisher\":{\"@id\":\"https:\/\/www.dakarmania.cz\/#organization\"},\"image\":{\"@id\":\"https:\/\/www.dakarmania.cz\/index.php\/2019\/01\/17\/dakar-2019-prubezne-sesty-martin-prokop-zaujal-gestem-fair-play\/#primaryimage\"},\"thumbnailUrl\":\"https:\/\/www.dakarmania.cz\/wp-content\/uploads\/2019\/03\/19-dakar-prokop-52.jpg\",\"keywords\":[\"Dakar\",\"Dakar 2019\",\"David K\u0159\u00edpal\",\"Ford\",\"Jan Tom\u00e1nek\",\"Martin Prokop\",\"MP-Sports\",\"Tom\u00e1\u0161 Ou\u0159edn\u00ed\u010dek\"],\"articleSection\":[\"Tiskov\u00e9 zpr\u00e1vy\"],\"inLanguage\":\"cs\",\"potentialAction\":[{\"@type\":\"CommentAction\",\"name\":\"Comment\",\"target\":[\"https:\/\/www.dakarmania.cz\/index.php\/2019\/01\/17\/dakar-2019-prubezne-sesty-martin-prokop-zaujal-gestem-fair-play\/#respond\"]}]},{\"@type\":\"WebPage\",\"@id\":\"https:\/\/www.dakarmania.cz\/index.php\/2019\/01\/17\/dakar-2019-prubezne-sesty-martin-prokop-zaujal-gestem-fair-play\/\",\"url\":\"https:\/\/www.dakarmania.cz\/index.php\/2019\/01\/17\/dakar-2019-prubezne-sesty-martin-prokop-zaujal-gestem-fair-play\/\",\"name\":\"Dakar 2019: Pr\u016fb\u011b\u017en\u011b \u0161est\u00fd Martin Prokop zaujal gestem fair-play - DAKARMANIA.cz\",\"isPartOf\":{\"@id\":\"https:\/\/www.dakarmania.cz\/#website\"},\"primaryImageOfPage\":{\"@id\":\"https:\/\/www.dakarmania.cz\/index.php\/2019\/01\/17\/dakar-2019-prubezne-sesty-martin-prokop-zaujal-gestem-fair-play\/#primaryimage\"},\"image\":{\"@id\":\"https:\/\/www.dakarmania.cz\/index.php\/2019\/01\/17\/dakar-2019-prubezne-sesty-martin-prokop-zaujal-gestem-fair-play\/#primaryimage\"},\"thumbnailUrl\":\"https:\/\/www.dakarmania.cz\/wp-content\/uploads\/2019\/03\/19-dakar-prokop-52.jpg\",\"datePublished\":\"2019-01-17T00:55:55+00:00\",\"dateModified\":\"2019-11-12T16:45:01+00:00\",\"description\":\"P\u0159edposledn\u00ed etapa Dakaru p\u0159inesla z pohledu Martina Prokopa dva d\u016fle\u017eit\u00e9 momenty. Posunul se na \u0161est\u00e9 m\u00edsto celkov\u011b a nav\u00edc pomohl p\u0159\u00edm\u00e9mu soupe\u0159i.\",\"breadcrumb\":{\"@id\":\"https:\/\/www.dakarmania.cz\/index.php\/2019\/01\/17\/dakar-2019-prubezne-sesty-martin-prokop-zaujal-gestem-fair-play\/#breadcrumb\"},\"inLanguage\":\"cs\",\"potentialAction\":[{\"@type\":\"ReadAction\",\"target\":[\"https:\/\/www.dakarmania.cz\/index.php\/2019\/01\/17\/dakar-2019-prubezne-sesty-martin-prokop-zaujal-gestem-fair-play\/\"]}]},{\"@type\":\"ImageObject\",\"inLanguage\":\"cs\",\"@id\":\"https:\/\/www.dakarmania.cz\/index.php\/2019\/01\/17\/dakar-2019-prubezne-sesty-martin-prokop-zaujal-gestem-fair-play\/#primaryimage\",\"url\":\"https:\/\/www.dakarmania.cz\/wp-content\/uploads\/2019\/03\/19-dakar-prokop-52.jpg\",\"contentUrl\":\"https:\/\/www.dakarmania.cz\/wp-content\/uploads\/2019\/03\/19-dakar-prokop-52.jpg\",\"width\":2048,\"height\":1365,\"caption\":\"Martin Prokop\/Jan Tom\u00e1nek, Ford Raptor RS Cross-Country, MP-Sports. Rally Dakar 2019. \u00a9 MP-Sports\"},{\"@type\":\"BreadcrumbList\",\"@id\":\"https:\/\/www.dakarmania.cz\/index.php\/2019\/01\/17\/dakar-2019-prubezne-sesty-martin-prokop-zaujal-gestem-fair-play\/#breadcrumb\",\"itemListElement\":[{\"@type\":\"ListItem\",\"position\":1,\"name\":\"Dom\u016f\",\"item\":\"https:\/\/www.dakarmania.cz\/\"},{\"@type\":\"ListItem\",\"position\":2,\"name\":\"Dakar 2019: Pr\u016fb\u011b\u017en\u011b \u0161est\u00fd Martin Prokop zaujal gestem fair-play\"}]},{\"@type\":\"WebSite\",\"@id\":\"https:\/\/www.dakarmania.cz\/#website\",\"url\":\"https:\/\/www.dakarmania.cz\/\",\"name\":\"DAKARMANIA.cz\",\"description\":\"\u017dijeme Dakarem cel\u00fd rok\",\"publisher\":{\"@id\":\"https:\/\/www.dakarmania.cz\/#organization\"},\"potentialAction\":[{\"@type\":\"SearchAction\",\"target\":{\"@type\":\"EntryPoint\",\"urlTemplate\":\"https:\/\/www.dakarmania.cz\/?s={search_term_string}\"},\"query-input\":{\"@type\":\"PropertyValueSpecification\",\"valueRequired\":true,\"valueName\":\"search_term_string\"}}],\"inLanguage\":\"cs\"},{\"@type\":\"Organization\",\"@id\":\"https:\/\/www.dakarmania.cz\/#organization\",\"name\":\"DAKAR MANIA\",\"url\":\"https:\/\/www.dakarmania.cz\/\",\"logo\":{\"@type\":\"ImageObject\",\"inLanguage\":\"cs\",\"@id\":\"https:\/\/www.dakarmania.cz\/#\/schema\/logo\/image\/\",\"url\":\"https:\/\/www.dakarmania.cz\/wp-content\/uploads\/2018\/12\/Dakar-Mania-Logo-Square-Orange.png\",\"contentUrl\":\"https:\/\/www.dakarmania.cz\/wp-content\/uploads\/2018\/12\/Dakar-Mania-Logo-Square-Orange.png\",\"width\":992,\"height\":992,\"caption\":\"DAKAR MANIA\"},\"image\":{\"@id\":\"https:\/\/www.dakarmania.cz\/#\/schema\/logo\/image\/\"},\"sameAs\":[\"https:\/\/www.facebook.com\/dakarmania\/\"]},{\"@type\":\"Person\",\"@id\":\"https:\/\/www.dakarmania.cz\/#\/schema\/person\/bce8d1fe3633b1178e150fc5e340d5dd\",\"name\":\"tiskov\u00e1 zpr\u00e1va\",\"image\":{\"@type\":\"ImageObject\",\"inLanguage\":\"cs\",\"@id\":\"https:\/\/www.dakarmania.cz\/#\/schema\/person\/image\/\",\"url\":\"https:\/\/secure.gravatar.com\/avatar\/19aefcb6c7bfae691fca4d805686c670f59bb4f7414c7b398b88dc9c8f4e96d5?s=96&d=mm&r=g\",\"contentUrl\":\"https:\/\/secure.gravatar.com\/avatar\/19aefcb6c7bfae691fca4d805686c670f59bb4f7414c7b398b88dc9c8f4e96d5?s=96&d=mm&r=g\",\"caption\":\"tiskov\u00e1 zpr\u00e1va\"},\"url\":\"https:\/\/www.dakarmania.cz\/index.php\/author\/tiskovezpravy\/\"}]}<\/script>\n<!-- \/ Yoast SEO plugin. -->","yoast_head_json":{"title":"Dakar 2019: Pr\u016fb\u011b\u017en\u011b \u0161est\u00fd Martin Prokop zaujal gestem fair-play - DAKARMANIA.cz","description":"P\u0159edposledn\u00ed etapa Dakaru p\u0159inesla z pohledu Martina Prokopa dva d\u016fle\u017eit\u00e9 momenty. Posunul se na \u0161est\u00e9 m\u00edsto celkov\u011b a nav\u00edc pomohl p\u0159\u00edm\u00e9mu soupe\u0159i.","robots":{"index":"index","follow":"follow","max-snippet":"max-snippet:-1","max-image-preview":"max-image-preview:large","max-video-preview":"max-video-preview:-1"},"canonical":"https:\/\/www.dakarmania.cz\/index.php\/2019\/01\/17\/dakar-2019-prubezne-sesty-martin-prokop-zaujal-gestem-fair-play\/","og_locale":"cs_CZ","og_type":"article","og_title":"Dakar 2019: Pr\u016fb\u011b\u017en\u011b \u0161est\u00fd Martin Prokop zaujal gestem fair-play - DAKARMANIA.cz","og_description":"P\u0159edposledn\u00ed etapa Dakaru p\u0159inesla z pohledu Martina Prokopa dva d\u016fle\u017eit\u00e9 momenty. Posunul se na \u0161est\u00e9 m\u00edsto celkov\u011b a nav\u00edc pomohl p\u0159\u00edm\u00e9mu soupe\u0159i.","og_url":"https:\/\/www.dakarmania.cz\/index.php\/2019\/01\/17\/dakar-2019-prubezne-sesty-martin-prokop-zaujal-gestem-fair-play\/","og_site_name":"DAKARMANIA.cz","article_publisher":"https:\/\/www.facebook.com\/dakarmania\/","article_published_time":"2019-01-17T00:55:55+00:00","article_modified_time":"2019-11-12T16:45:01+00:00","og_image":[{"width":2048,"height":1365,"url":"https:\/\/www.dakarmania.cz\/wp-content\/uploads\/2019\/03\/19-dakar-prokop-52.jpg","type":"image\/jpeg"}],"author":"tiskov\u00e1 zpr\u00e1va","twitter_card":"summary_large_image","twitter_misc":{"Napsal(a)":"tiskov\u00e1 zpr\u00e1va","Odhadovan\u00e1 doba \u010dten\u00ed":"3 minuty"},"schema":{"@context":"https:\/\/schema.org","@graph":[{"@type":"Article","@id":"https:\/\/www.dakarmania.cz\/index.php\/2019\/01\/17\/dakar-2019-prubezne-sesty-martin-prokop-zaujal-gestem-fair-play\/#article","isPartOf":{"@id":"https:\/\/www.dakarmania.cz\/index.php\/2019\/01\/17\/dakar-2019-prubezne-sesty-martin-prokop-zaujal-gestem-fair-play\/"},"author":{"name":"tiskov\u00e1 zpr\u00e1va","@id":"https:\/\/www.dakarmania.cz\/#\/schema\/person\/bce8d1fe3633b1178e150fc5e340d5dd"},"headline":"Dakar 2019: Pr\u016fb\u011b\u017en\u011b \u0161est\u00fd Martin Prokop zaujal gestem fair-play","datePublished":"2019-01-17T00:55:55+00:00","dateModified":"2019-11-12T16:45:01+00:00","mainEntityOfPage":{"@id":"https:\/\/www.dakarmania.cz\/index.php\/2019\/01\/17\/dakar-2019-prubezne-sesty-martin-prokop-zaujal-gestem-fair-play\/"},"wordCount":517,"commentCount":0,"publisher":{"@id":"https:\/\/www.dakarmania.cz\/#organization"},"image":{"@id":"https:\/\/www.dakarmania.cz\/index.php\/2019\/01\/17\/dakar-2019-prubezne-sesty-martin-prokop-zaujal-gestem-fair-play\/#primaryimage"},"thumbnailUrl":"https:\/\/www.dakarmania.cz\/wp-content\/uploads\/2019\/03\/19-dakar-prokop-52.jpg","keywords":["Dakar","Dakar 2019","David K\u0159\u00edpal","Ford","Jan Tom\u00e1nek","Martin Prokop","MP-Sports","Tom\u00e1\u0161 Ou\u0159edn\u00ed\u010dek"],"articleSection":["Tiskov\u00e9 zpr\u00e1vy"],"inLanguage":"cs","potentialAction":[{"@type":"CommentAction","name":"Comment","target":["https:\/\/www.dakarmania.cz\/index.php\/2019\/01\/17\/dakar-2019-prubezne-sesty-martin-prokop-zaujal-gestem-fair-play\/#respond"]}]},{"@type":"WebPage","@id":"https:\/\/www.dakarmania.cz\/index.php\/2019\/01\/17\/dakar-2019-prubezne-sesty-martin-prokop-zaujal-gestem-fair-play\/","url":"https:\/\/www.dakarmania.cz\/index.php\/2019\/01\/17\/dakar-2019-prubezne-sesty-martin-prokop-zaujal-gestem-fair-play\/","name":"Dakar 2019: Pr\u016fb\u011b\u017en\u011b \u0161est\u00fd Martin Prokop zaujal gestem fair-play - DAKARMANIA.cz","isPartOf":{"@id":"https:\/\/www.dakarmania.cz\/#website"},"primaryImageOfPage":{"@id":"https:\/\/www.dakarmania.cz\/index.php\/2019\/01\/17\/dakar-2019-prubezne-sesty-martin-prokop-zaujal-gestem-fair-play\/#primaryimage"},"image":{"@id":"https:\/\/www.dakarmania.cz\/index.php\/2019\/01\/17\/dakar-2019-prubezne-sesty-martin-prokop-zaujal-gestem-fair-play\/#primaryimage"},"thumbnailUrl":"https:\/\/www.dakarmania.cz\/wp-content\/uploads\/2019\/03\/19-dakar-prokop-52.jpg","datePublished":"2019-01-17T00:55:55+00:00","dateModified":"2019-11-12T16:45:01+00:00","description":"P\u0159edposledn\u00ed etapa Dakaru p\u0159inesla z pohledu Martina Prokopa dva d\u016fle\u017eit\u00e9 momenty. Posunul se na \u0161est\u00e9 m\u00edsto celkov\u011b a nav\u00edc pomohl p\u0159\u00edm\u00e9mu soupe\u0159i.","breadcrumb":{"@id":"https:\/\/www.dakarmania.cz\/index.php\/2019\/01\/17\/dakar-2019-prubezne-sesty-martin-prokop-zaujal-gestem-fair-play\/#breadcrumb"},"inLanguage":"cs","potentialAction":[{"@type":"ReadAction","target":["https:\/\/www.dakarmania.cz\/index.php\/2019\/01\/17\/dakar-2019-prubezne-sesty-martin-prokop-zaujal-gestem-fair-play\/"]}]},{"@type":"ImageObject","inLanguage":"cs","@id":"https:\/\/www.dakarmania.cz\/index.php\/2019\/01\/17\/dakar-2019-prubezne-sesty-martin-prokop-zaujal-gestem-fair-play\/#primaryimage","url":"https:\/\/www.dakarmania.cz\/wp-content\/uploads\/2019\/03\/19-dakar-prokop-52.jpg","contentUrl":"https:\/\/www.dakarmania.cz\/wp-content\/uploads\/2019\/03\/19-dakar-prokop-52.jpg","width":2048,"height":1365,"caption":"Martin Prokop\/Jan Tom\u00e1nek, Ford Raptor RS Cross-Country, MP-Sports. Rally Dakar 2019. \u00a9 MP-Sports"},{"@type":"BreadcrumbList","@id":"https:\/\/www.dakarmania.cz\/index.php\/2019\/01\/17\/dakar-2019-prubezne-sesty-martin-prokop-zaujal-gestem-fair-play\/#breadcrumb","itemListElement":[{"@type":"ListItem","position":1,"name":"Dom\u016f","item":"https:\/\/www.dakarmania.cz\/"},{"@type":"ListItem","position":2,"name":"Dakar 2019: Pr\u016fb\u011b\u017en\u011b \u0161est\u00fd Martin Prokop zaujal gestem fair-play"}]},{"@type":"WebSite","@id":"https:\/\/www.dakarmania.cz\/#website","url":"https:\/\/www.dakarmania.cz\/","name":"DAKARMANIA.cz","description":"\u017dijeme Dakarem cel\u00fd rok","publisher":{"@id":"https:\/\/www.dakarmania.cz\/#organization"},"potentialAction":[{"@type":"SearchAction","target":{"@type":"EntryPoint","urlTemplate":"https:\/\/www.dakarmania.cz\/?s={search_term_string}"},"query-input":{"@type":"PropertyValueSpecification","valueRequired":true,"valueName":"search_term_string"}}],"inLanguage":"cs"},{"@type":"Organization","@id":"https:\/\/www.dakarmania.cz\/#organization","name":"DAKAR MANIA","url":"https:\/\/www.dakarmania.cz\/","logo":{"@type":"ImageObject","inLanguage":"cs","@id":"https:\/\/www.dakarmania.cz\/#\/schema\/logo\/image\/","url":"https:\/\/www.dakarmania.cz\/wp-content\/uploads\/2018\/12\/Dakar-Mania-Logo-Square-Orange.png","contentUrl":"https:\/\/www.dakarmania.cz\/wp-content\/uploads\/2018\/12\/Dakar-Mania-Logo-Square-Orange.png","width":992,"height":992,"caption":"DAKAR MANIA"},"image":{"@id":"https:\/\/www.dakarmania.cz\/#\/schema\/logo\/image\/"},"sameAs":["https:\/\/www.facebook.com\/dakarmania\/"]},{"@type":"Person","@id":"https:\/\/www.dakarmania.cz\/#\/schema\/person\/bce8d1fe3633b1178e150fc5e340d5dd","name":"tiskov\u00e1 zpr\u00e1va","image":{"@type":"ImageObject","inLanguage":"cs","@id":"https:\/\/www.dakarmania.cz\/#\/schema\/person\/image\/","url":"https:\/\/secure.gravatar.com\/avatar\/19aefcb6c7bfae691fca4d805686c670f59bb4f7414c7b398b88dc9c8f4e96d5?s=96&d=mm&r=g","contentUrl":"https:\/\/secure.gravatar.com\/avatar\/19aefcb6c7bfae691fca4d805686c670f59bb4f7414c7b398b88dc9c8f4e96d5?s=96&d=mm&r=g","caption":"tiskov\u00e1 zpr\u00e1va"},"url":"https:\/\/www.dakarmania.cz\/index.php\/author\/tiskovezpravy\/"}]}},"amp_enabled":true,"_links":{"self":[{"href":"https:\/\/www.dakarmania.cz\/index.php\/wp-json\/wp\/v2\/posts\/3866","targetHints":{"allow":["GET"]}}],"collection":[{"href":"https:\/\/www.dakarmania.cz\/index.php\/wp-json\/wp\/v2\/posts"}],"about":[{"href":"https:\/\/www.dakarmania.cz\/index.php\/wp-json\/wp\/v2\/types\/post"}],"author":[{"embeddable":true,"href":"https:\/\/www.dakarmania.cz\/index.php\/wp-json\/wp\/v2\/users\/3"}],"replies":[{"embeddable":true,"href":"https:\/\/www.dakarmania.cz\/index.php\/wp-json\/wp\/v2\/comments?post=3866"}],"version-history":[{"count":2,"href":"https:\/\/www.dakarmania.cz\/index.php\/wp-json\/wp\/v2\/posts\/3866\/revisions"}],"predecessor-version":[{"id":13281,"href":"https:\/\/www.dakarmania.cz\/index.php\/wp-json\/wp\/v2\/posts\/3866\/revisions\/13281"}],"wp:featuredmedia":[{"embeddable":true,"href":"https:\/\/www.dakarmania.cz\/index.php\/wp-json\/wp\/v2\/media\/3857"}],"wp:attachment":[{"href":"https:\/\/www.dakarmania.cz\/index.php\/wp-json\/wp\/v2\/media?parent=3866"}],"wp:term":[{"taxonomy":"category","embeddable":true,"href":"https:\/\/www.dakarmania.cz\/index.php\/wp-json\/wp\/v2\/categories?post=3866"},{"taxonomy":"post_tag","embeddable":true,"href":"https:\/\/www.dakarmania.cz\/index.php\/wp-json\/wp\/v2\/tags?post=3866"}],"curies":[{"name":"wp","href":"https:\/\/api.w.org\/{rel}","templated":true}]}}