{"id":3976,"date":"2019-03-06T10:25:02","date_gmt":"2019-03-06T09:25:02","guid":{"rendered":"https:\/\/www.dakarmania.cz\/?p=3976"},"modified":"2023-08-23T09:31:18","modified_gmt":"2023-08-23T07:31:18","slug":"ourednicek-radi-bychom-v-maroku-dopsali-happy-end","status":"publish","type":"post","link":"https:\/\/www.dakarmania.cz\/index.php\/2019\/03\/06\/ourednicek-radi-bychom-v-maroku-dopsali-happy-end\/","title":{"rendered":"Ou\u0159edn\u00ed\u010dek: R\u00e1di bychom v Maroku dopsali happy end"},"content":{"rendered":"<p>[vc_row][vc_column][vc_column_text]<\/p>\n<h4>Tom\u00e1\u0161 Ou\u0159edn\u00ed\u010dek s Davidem K\u0159\u00edpalem se v dubnu postav\u00ed na start jeden\u00e1ct\u00e9ho ro\u010dn\u00edku Morocco Desert Challenge. Do Maroka se vr\u00e1t\u00ed s p\u0159\u00edjemnou vzpom\u00ednkou na v\u00edt\u011bzstv\u00ed z roku 2017 i mnohem temn\u011bj\u0161\u00edmi pocity spojen\u00fdmi s lo\u0148sk\u00fdm dramatem.<\/h4>\n<p>V roce 2017 se <a href=\"https:\/\/www.dakarmania.cz\/index.php\/osobnosti\/tomas-ourednicek\/\">Tom\u00e1\u0161 Ou\u0159edn\u00ed\u010dek<\/a> na Morocco Desert Challenge (MDC) radoval ze sv\u00e9ho \u00fapln\u011b prvn\u00edho v\u00edt\u011bzstv\u00ed v absolutn\u00edm hodnocen\u00ed n\u011bkter\u00e9 ze sout\u011b\u017e\u00ed od chv\u00edle, kdy z navig\u00e1torsk\u00e9 seda\u010dky p\u0159esedl za volant. Obrovsk\u00fdm \u00fasp\u011bchem byl tento triumf i pro <a href=\"https:\/\/www.dakarmania.cz\/index.php\/osobnosti\/david-kripal\/\">Davida K\u0159\u00edpala<\/a>, kter\u00fd si pr\u00e1v\u011b na MDC 2017 odbyl svou premi\u00e9ru na sc\u00e9n\u011b cross-country rally.<\/p>\n<p>O dvan\u00e1ct m\u011bs\u00edc\u016f pozd\u011bji startovali Ou\u0159edn\u00ed\u010dek s K\u0159\u00edpalem do \u00favodn\u00ed rychlostn\u00ed zkou\u0161ky jako prvn\u00ed a od za\u010d\u00e1tku se sna\u017eili bojovat o obhajobu v\u00edt\u011bzstv\u00ed. Jejich ta\u017een\u00ed v\u0161ak t\u011bsn\u011b p\u0159ed c\u00edlem speci\u00e1lky ukon\u010dila ter\u00e9nn\u00ed nerovnost, kter\u00e1 katapultovala rozjet\u00fd Ford Ranger Dakar do s\u00e9rie dechberouc\u00edch kotrmelc\u016f. Bylo a\u017e neuv\u011b\u0159iteln\u00e9, \u017ee pos\u00e1dka vyv\u00e1zla bez v\u00e1\u017en\u011bj\u0161\u00edch zran\u011bn\u00ed.[\/vc_column_text][vc_raw_html]JTVCZm9vZ2FsbGVyeSUyMGlkJTNEJTIyMzk3OSUyMiU1RA==[\/vc_raw_html][vc_column_text]<\/p>\n<h4>Paradoxn\u00ed p\u0159\u00ed\u010dina<\/h4>\n<p><em>\u201eZ po\u010d\u00e1tku jsem m\u011bl pocit, \u017ee mo\u017en\u00e1 m\u00e1me mal\u00e9 pr\u00e1vo b\u00fdt na\u0161tvan\u00ed, ale z toho jsem se rychle dostal,\u201c<\/em> vzpom\u00edn\u00e1 <strong>Tom\u00e1\u0161 Ou\u0159edn\u00ed\u010dek<\/strong>. <em>\u201eBrzy jsem si uv\u011bdomil, \u017ee se nejednalo o \u017e\u00e1dn\u00fd naschv\u00e1l a \u017ee nem\u016f\u017eu b\u00fdt na\u0161tvan\u00fd na nikoho. \u0160lo o ne\u0161\u0165astnou shodu n\u011bkolika okolnost\u00ed.\u201c<\/em><\/p>\n<p>MDC je pov\u011bstn\u00e1 vysokou kvalitou sv\u00fdch roadbook\u016f. Pr\u00e1v\u011b ona paradoxn\u011b sehr\u00e1la roli v Ou\u0159edn\u00ed\u010dkov\u011b hav\u00e1rii.<\/p>\n<p><em>\u201eRoadbooky v Maroku jsou fantastick\u00e9. Na rozd\u00edl na p\u0159\u00edklad od leto\u0161n\u00edho Dakaru, kde s nimi byla spousta probl\u00e9m\u016f, na MDC se m\u016f\u017eu na roadbook spolehnout. D\u00edky tomu v\u00edm, \u017ee p\u0159ede mnou nen\u00ed nic neo\u010dek\u00e1van\u00e9ho. V na\u0161em p\u0159\u00edpad\u011b to ale byla nev\u00fdhoda. P\u0159ed sebou jsem u\u017e vid\u011bl c\u00edl, jel jsem naplno a spol\u00e9hal se na opravdu \u0161pi\u010dkov\u00fd roadbook. Proto pro n\u00e1s byla ona osudn\u00e1 d\u00edra o to v\u011bt\u0161\u00edm p\u0159ekvapen\u00edm. Mo\u017en\u00e1 byla \u0161koda, \u017ee se po\u0159adatel\u00e9 na tento \u00fasek trati nedok\u00e1zali pod\u00edvat \u00fapln\u011b na\u0161ima z\u00e1vodnick\u00fdma o\u010dima. Pak by t\u0159eba do roadbooku p\u0159idali varov\u00e1n\u00ed. Kdybychom jeli o deset metr\u016f vedle, nic by se nestalo. Ale v cross-country rally je i n\u00e1hoda jedn\u00edm z faktor\u016f.\u201c<\/em>[\/vc_column_text][vc_single_image image=&#8221;3973&#8243; img_size=&#8221;large&#8221; add_caption=&#8221;yes&#8221; alignment=&#8221;center&#8221;][vc_column_text]<\/p>\n<h4>St\u00edn hav\u00e1rie z\u016fst\u00e1v\u00e1<\/h4>\n<p>N\u00e1sledky hav\u00e1rie c\u00edtil Tom\u00e1\u0161 Ou\u0159edn\u00ed\u010dek je\u0161t\u011b na lednov\u00e9m Dakaru.<\/p>\n<p><em>\u201eV Peru jsem zdravotn\u011b trp\u011bl, hodn\u011b m\u011b bolela z\u00e1da. Proto jsem si \u0159ekl, \u017ee bu\u010f budu do konce \u00fanora v pohod\u011b, nebo budu muset z\u00e1vodnickou kari\u00e9ru minim\u00e1ln\u011b p\u0159eru\u0161it,\u201c<\/em> p\u0159ipou\u0161t\u00ed 49let\u00fd jezdec, kter\u00fd navzdory zm\u00edn\u011bn\u00fdm t\u011b\u017ekostem dos\u00e1hl sedmn\u00e1ct\u00fdm m\u00edstem v kategorii automobil\u016f sv\u00e9ho nejlep\u0161\u00edho dakarsk\u00e9ho v\u00fdsledku v roli pilota.<\/p>\n<p>Ve chv\u00edli, kdy se \u00fanor p\u0159ehoupl do b\u0159ezna, se ale Tom\u00e1\u0161 Ou\u0159edn\u00ed\u010dek c\u00edtil fyzicky o moc l\u00e9pe a svou \u00fa\u010dast v dal\u0161\u00edm ro\u010dn\u00edku MDC potvrdil. By\u0165 pro\u017eit\u00e9 dramatick\u00e9 okam\u017eiky zat\u00edm \u00fapln\u011b do pozad\u00ed sv\u00e9 mysli odsunout nedok\u00e1zal.<\/p>\n<p><em>\u201eSt\u00edn hav\u00e1rie m\u011b po\u0159\u00e1d pron\u00e1sleduje, i kdy\u017e se s t\u00edm sna\u017e\u00edm bojovat. Ale na Dakaru jsem vid\u011bl, \u017ee to je\u0161t\u011b nen\u00ed vyhran\u00fd boj. Po\u0159\u00e1d m\u00e1m n\u011bkde v hlav\u011b, \u017ee se n\u011bco podobn\u00e9ho m\u016f\u017ee st\u00e1t kdykoliv. Nav\u00edc takov\u00e9 v\u011bci p\u0159ich\u00e1zej\u00ed naprosto nenad\u00e1le.\u201c<\/em>[\/vc_column_text][vc_single_image image=&#8221;3975&#8243; img_size=&#8221;large&#8221; add_caption=&#8221;yes&#8221; alignment=&#8221;center&#8221;][vc_column_text]<\/p>\n<h4>Nikoliv ambice, ale p\u0159\u00e1n\u00ed<\/h4>\n<p>P\u0159esto by letos v Maroku r\u00e1d dopsal k p\u0159\u00edb\u011bhu podstatn\u011b veselej\u0161\u00ed kapitolu.<\/p>\n<p><em>\u201ePo\u0159adatel\u00e9 MDC byli z na\u0161\u00ed nehody stra\u0161n\u011b ne\u0161\u0165astn\u00ed. Z komunity kolem z\u00e1vodu od po\u010d\u00e1tku c\u00edt\u00edme obrovskou podporu, v\u0161ichni n\u00e1m stra\u0161n\u011b fand\u00ed. Je to siln\u00fd p\u0159\u00edb\u011bh,\u201c<\/em> uv\u011bdomuje si Ou\u0159edn\u00ed\u010dek. <em>\u201eSamoz\u0159ejm\u011b bychom r\u00e1di tento p\u0159\u00edb\u011bh uzav\u0159eli happy endem. A tou nejlep\u0161\u00ed te\u010dkou by pochopiteln\u011b bylo v\u00edt\u011bzstv\u00ed. Ale nejde o ambice! Sp\u00ed\u0161 je to jen p\u0159\u00e1n\u00ed. Konkurence v Maroku bude zase o dost v\u011bt\u0161\u00ed.\u201c<\/em><\/p>\n<p>Zat\u00edmco jezdec se c\u00edt\u00ed b\u00fdt na n\u00e1vrat do severn\u00ed Afriky p\u0159ipraven, o jeho Fordu Ranger Dakar se to zat\u00edm \u0159\u00edct ned\u00e1.<\/p>\n<p><em>\u201eZ po\u010d\u00e1tku jsme na oprav\u011b d\u011blali u n\u00e1s. Z Ji\u017en\u00ed Afriky, kde se tato auta stav\u00ed, jsme dostali nov\u00fd r\u00e1m, na kter\u00fd jsme se sna\u017eili p\u0159es\u00e1zet nezni\u010den\u00e9 pou\u017eiteln\u00e9 komponenty. Ale mus\u00edm p\u0159iznat, \u017ee jsme zjistili, \u017ee to sami nezvl\u00e1dneme. Proto je auto od \u0159\u00edjna v d\u00edln\u00e1ch v Portugalsku a my douf\u00e1me, \u017ee se v\u0161e stihne. Nejde to tak rychle, jak jsme doufali. N\u011bkter\u00e9 komponenty musely proj\u00edt reviz\u00ed u v\u00fdrobc\u016f, co\u017e samoz\u0159ejm\u011b n\u011bjakou dobu trv\u00e1. V\u0161e je o pen\u011bz\u00edch. To je prost\u011b motorsport. I proto se sna\u017e\u00edme pou\u017e\u00edt co nejv\u00edc p\u016fvodn\u00edch v\u011bc\u00ed, ale pr\u00e1v\u011b ty mus\u00ed b\u00fdt po tak velk\u00e9 hav\u00e1rii d\u016fkladn\u011b zkontrolov\u00e1ny.\u201c<\/em>[\/vc_column_text][vc_single_image image=&#8221;3974&#8243; img_size=&#8221;large&#8221; add_caption=&#8221;yes&#8221; alignment=&#8221;center&#8221;][vc_column_text]<\/p>\n<h4>Nejhez\u010d\u00ed z\u00e1vod na sv\u011bt\u011b<\/h4>\n<p>Navzdory v\u0161emu, co za posledn\u00ed rok kv\u016fli hav\u00e1rii pro\u017eil a musel \u0159e\u0161it, z\u016fst\u00e1v\u00e1 Tom\u00e1\u0161 Ou\u0159edn\u00ed\u010dek velk\u00fdm fanou\u0161kem a propag\u00e1torem marock\u00e9 rally.<\/p>\n<p><em>\u201eZ m\u00e9ho pohledu to je nejkr\u00e1sn\u011bj\u0161\u00ed z\u00e1vod na cel\u00e9m sv\u011bt\u011b, kter\u00fd je stoprocentn\u011b orientovan\u00fd na z\u00e1vodn\u00edky. M\u00e1 v sob\u011b dobrodru\u017estv\u00ed star\u00e9ho Dakaru. Po\u0159adatel\u00e9 nav\u00edc v kategorii automobil\u016f na start nepust\u00ed tov\u00e1rn\u00ed jezdce, p\u0159esto\u017ee ti projevuj\u00ed z\u00e1jem neust\u00e1le. D\u00edky tomu m\u016f\u017ee v Maroku vyhr\u00e1t prakticky kdokoliv. Letos bude konkurence opravdu nabit\u00e1. Ve startovn\u00edm poli by m\u011bly b\u00fdt na p\u0159\u00edklad t\u0159i Peugeoty a v\u00edce ne\u017e deset Toyot od Overdrivu. T\u0159i z nich budou v posledn\u00ed specifikaci, tak\u017ee p\u016fjde vlastn\u011b o stejn\u00e1 auta, s jak\u00fdm Nasser Al-Attiyah vyhr\u00e1l leto\u0161n\u00ed Dakar,\u201c<\/em> uzav\u00edr\u00e1 Tom\u00e1\u0161 Ou\u0159edn\u00ed\u010dek.<\/p>\n<p>Tom\u00e1\u0161e Ou\u0159edn\u00ed\u010dka s Davidem K\u0159\u00edpalem uvid\u00ed \u010de\u0161t\u00ed fanou\u0161ci v akci p\u0159i ji\u017e tradi\u010dn\u00edm dakarsk\u00e9m setk\u00e1n\u00ed v Sosnov\u00e9, kter\u00e9 se na tamn\u00edm autodromu kon\u00e1 v ned\u011bli 24. b\u0159ezna. Krom\u011b toho se mohou z\u00e1jemci u\u017e p\u0159\u00ed\u0161t\u00ed pond\u011bl\u00ed (11. b\u0159ezna) vydat na besedu s pos\u00e1dkou do kina Jupiter Club ve Velk\u00e9m Mezi\u0159\u00ed\u010d\u00ed.<\/p>\n<p>Morocco Desert Challenge 2019 odstartuje 12. dubna v Agadiru. Na programu je osm etap. Rychlostn\u00ed zkou\u0161ky m\u011b\u0159\u00ed celkem v\u00edce ne\u017e 2 700 kilometr\u016f a tra\u0165 po\u0159adatel\u00e9 p\u0159ipravili prakticky bez p\u0159ejezd\u016f. Vyhl\u00e1\u0161en\u00ed v\u00edt\u011bz\u016f prob\u011bhne 20. dubna v Sa\u00efdii.[\/vc_column_text][\/vc_column][\/vc_row]<\/p>\n","protected":false},"excerpt":{"rendered":"<p>Tom\u00e1\u0161 Ou\u0159edn\u00ed\u010dek s Davidem K\u0159\u00edpalem se postav\u00ed na start Morocco Desert Challenge 2019. Do Maroka se vrac\u00ed se vzpom\u00ednkami na v\u00fdhru i dramatickou hav\u00e1rii.<\/p>\n","protected":false},"author":1,"featured_media":3972,"comment_status":"closed","ping_status":"closed","sticky":false,"template":"","format":"standard","meta":{"footnotes":""},"categories":[3,301],"tags":[425,10,11,302,244,458,517,7],"class_list":["post-3976","post","type-post","status-publish","format-standard","has-post-thumbnail","hentry","category-auto","category-morocco-desert-challenge","tag-425","tag-david-kripal","tag-ford","tag-morocco-desert-challenge","tag-morocco-desert-challenge-2019","tag-south-racing","tag-south-racing-ce","tag-tomas-ourednicek"],"yoast_head":"<!-- This site is optimized with the Yoast SEO plugin v24.9 - https:\/\/yoast.com\/wordpress\/plugins\/seo\/ -->\n<title>Ou\u0159edn\u00ed\u010dek: R\u00e1di bychom v Maroku dopsali happy end - DAKARMANIA.cz<\/title>\n<meta name=\"description\" content=\"Tom\u00e1\u0161 Ou\u0159edn\u00ed\u010dek s Davidem K\u0159\u00edpalem se postav\u00ed na start Morocco Desert Challenge 2019. Do Maroka se vrac\u00ed se vzpom\u00ednkami na v\u00fdhru i dramatickou hav\u00e1rii.\" \/>\n<meta name=\"robots\" content=\"index, follow, max-snippet:-1, max-image-preview:large, max-video-preview:-1\" \/>\n<link rel=\"canonical\" href=\"https:\/\/www.dakarmania.cz\/index.php\/2019\/03\/06\/ourednicek-radi-bychom-v-maroku-dopsali-happy-end\/\" \/>\n<meta property=\"og:locale\" content=\"cs_CZ\" \/>\n<meta property=\"og:type\" content=\"article\" \/>\n<meta property=\"og:title\" content=\"Ou\u0159edn\u00ed\u010dek: R\u00e1di bychom v Maroku dopsali happy end - DAKARMANIA.cz\" \/>\n<meta property=\"og:description\" content=\"Tom\u00e1\u0161 Ou\u0159edn\u00ed\u010dek s Davidem K\u0159\u00edpalem se postav\u00ed na start Morocco Desert Challenge 2019. Do Maroka se vrac\u00ed se vzpom\u00ednkami na v\u00fdhru i dramatickou hav\u00e1rii.\" \/>\n<meta property=\"og:url\" content=\"https:\/\/www.dakarmania.cz\/index.php\/2019\/03\/06\/ourednicek-radi-bychom-v-maroku-dopsali-happy-end\/\" \/>\n<meta property=\"og:site_name\" content=\"DAKARMANIA.cz\" \/>\n<meta property=\"article:publisher\" content=\"https:\/\/www.facebook.com\/dakarmania\/\" \/>\n<meta property=\"article:published_time\" content=\"2019-03-06T09:25:02+00:00\" \/>\n<meta property=\"article:modified_time\" content=\"2023-08-23T07:31:18+00:00\" \/>\n<meta property=\"og:image\" content=\"https:\/\/www.dakarmania.cz\/wp-content\/uploads\/2019\/03\/18-mdc-ourednicek-01.jpg\" \/>\n\t<meta property=\"og:image:width\" content=\"1024\" \/>\n\t<meta property=\"og:image:height\" content=\"682\" \/>\n\t<meta property=\"og:image:type\" content=\"image\/jpeg\" \/>\n<meta name=\"author\" content=\"Zden\u011bk Zelenka\" \/>\n<meta name=\"twitter:card\" content=\"summary_large_image\" \/>\n<meta name=\"twitter:label1\" content=\"Napsal(a)\" \/>\n\t<meta name=\"twitter:data1\" content=\"Zden\u011bk Zelenka\" \/>\n\t<meta name=\"twitter:label2\" content=\"Odhadovan\u00e1 doba \u010dten\u00ed\" \/>\n\t<meta name=\"twitter:data2\" content=\"5 minut\" \/>\n<script type=\"application\/ld+json\" class=\"yoast-schema-graph\">{\"@context\":\"https:\/\/schema.org\",\"@graph\":[{\"@type\":\"Article\",\"@id\":\"https:\/\/www.dakarmania.cz\/index.php\/2019\/03\/06\/ourednicek-radi-bychom-v-maroku-dopsali-happy-end\/#article\",\"isPartOf\":{\"@id\":\"https:\/\/www.dakarmania.cz\/index.php\/2019\/03\/06\/ourednicek-radi-bychom-v-maroku-dopsali-happy-end\/\"},\"author\":{\"name\":\"Zden\u011bk Zelenka\",\"@id\":\"https:\/\/www.dakarmania.cz\/#\/schema\/person\/04eb0e87a389631c2169c0dddae7ff1e\"},\"headline\":\"Ou\u0159edn\u00ed\u010dek: R\u00e1di bychom v Maroku dopsali happy end\",\"datePublished\":\"2019-03-06T09:25:02+00:00\",\"dateModified\":\"2023-08-23T07:31:18+00:00\",\"mainEntityOfPage\":{\"@id\":\"https:\/\/www.dakarmania.cz\/index.php\/2019\/03\/06\/ourednicek-radi-bychom-v-maroku-dopsali-happy-end\/\"},\"wordCount\":1285,\"publisher\":{\"@id\":\"https:\/\/www.dakarmania.cz\/#organization\"},\"image\":{\"@id\":\"https:\/\/www.dakarmania.cz\/index.php\/2019\/03\/06\/ourednicek-radi-bychom-v-maroku-dopsali-happy-end\/#primaryimage\"},\"thumbnailUrl\":\"https:\/\/www.dakarmania.cz\/wp-content\/uploads\/2019\/03\/18-mdc-ourednicek-01.jpg\",\"keywords\":[\"2019\",\"David K\u0159\u00edpal\",\"Ford\",\"Morocco Desert Challenge\",\"Morocco Desert Challenge 2019\",\"South Racing\",\"South Racing CE\",\"Tom\u00e1\u0161 Ou\u0159edn\u00ed\u010dek\"],\"articleSection\":[\"Auto\",\"Morocco Desert Challenge\"],\"inLanguage\":\"cs\"},{\"@type\":\"WebPage\",\"@id\":\"https:\/\/www.dakarmania.cz\/index.php\/2019\/03\/06\/ourednicek-radi-bychom-v-maroku-dopsali-happy-end\/\",\"url\":\"https:\/\/www.dakarmania.cz\/index.php\/2019\/03\/06\/ourednicek-radi-bychom-v-maroku-dopsali-happy-end\/\",\"name\":\"Ou\u0159edn\u00ed\u010dek: R\u00e1di bychom v Maroku dopsali happy end - DAKARMANIA.cz\",\"isPartOf\":{\"@id\":\"https:\/\/www.dakarmania.cz\/#website\"},\"primaryImageOfPage\":{\"@id\":\"https:\/\/www.dakarmania.cz\/index.php\/2019\/03\/06\/ourednicek-radi-bychom-v-maroku-dopsali-happy-end\/#primaryimage\"},\"image\":{\"@id\":\"https:\/\/www.dakarmania.cz\/index.php\/2019\/03\/06\/ourednicek-radi-bychom-v-maroku-dopsali-happy-end\/#primaryimage\"},\"thumbnailUrl\":\"https:\/\/www.dakarmania.cz\/wp-content\/uploads\/2019\/03\/18-mdc-ourednicek-01.jpg\",\"datePublished\":\"2019-03-06T09:25:02+00:00\",\"dateModified\":\"2023-08-23T07:31:18+00:00\",\"description\":\"Tom\u00e1\u0161 Ou\u0159edn\u00ed\u010dek s Davidem K\u0159\u00edpalem se postav\u00ed na start Morocco Desert Challenge 2019. Do Maroka se vrac\u00ed se vzpom\u00ednkami na v\u00fdhru i dramatickou hav\u00e1rii.\",\"breadcrumb\":{\"@id\":\"https:\/\/www.dakarmania.cz\/index.php\/2019\/03\/06\/ourednicek-radi-bychom-v-maroku-dopsali-happy-end\/#breadcrumb\"},\"inLanguage\":\"cs\",\"potentialAction\":[{\"@type\":\"ReadAction\",\"target\":[\"https:\/\/www.dakarmania.cz\/index.php\/2019\/03\/06\/ourednicek-radi-bychom-v-maroku-dopsali-happy-end\/\"]}]},{\"@type\":\"ImageObject\",\"inLanguage\":\"cs\",\"@id\":\"https:\/\/www.dakarmania.cz\/index.php\/2019\/03\/06\/ourednicek-radi-bychom-v-maroku-dopsali-happy-end\/#primaryimage\",\"url\":\"https:\/\/www.dakarmania.cz\/wp-content\/uploads\/2019\/03\/18-mdc-ourednicek-01.jpg\",\"contentUrl\":\"https:\/\/www.dakarmania.cz\/wp-content\/uploads\/2019\/03\/18-mdc-ourednicek-01.jpg\",\"width\":1024,\"height\":682,\"caption\":\"Tom\u00e1\u0161 Ou\u0159edn\u00ed\u010dek\/David K\u0159\u00edpal, Ford Ranger Dakar, South Racing CE. Morocco Desert Challenge 2018. \u00a9 Aifa\/TomasOurednicek.cz\"},{\"@type\":\"BreadcrumbList\",\"@id\":\"https:\/\/www.dakarmania.cz\/index.php\/2019\/03\/06\/ourednicek-radi-bychom-v-maroku-dopsali-happy-end\/#breadcrumb\",\"itemListElement\":[{\"@type\":\"ListItem\",\"position\":1,\"name\":\"Dom\u016f\",\"item\":\"https:\/\/www.dakarmania.cz\/\"},{\"@type\":\"ListItem\",\"position\":2,\"name\":\"Ou\u0159edn\u00ed\u010dek: R\u00e1di bychom v Maroku dopsali happy end\"}]},{\"@type\":\"WebSite\",\"@id\":\"https:\/\/www.dakarmania.cz\/#website\",\"url\":\"https:\/\/www.dakarmania.cz\/\",\"name\":\"DAKARMANIA.cz\",\"description\":\"\u017dijeme Dakarem cel\u00fd rok\",\"publisher\":{\"@id\":\"https:\/\/www.dakarmania.cz\/#organization\"},\"potentialAction\":[{\"@type\":\"SearchAction\",\"target\":{\"@type\":\"EntryPoint\",\"urlTemplate\":\"https:\/\/www.dakarmania.cz\/?s={search_term_string}\"},\"query-input\":{\"@type\":\"PropertyValueSpecification\",\"valueRequired\":true,\"valueName\":\"search_term_string\"}}],\"inLanguage\":\"cs\"},{\"@type\":\"Organization\",\"@id\":\"https:\/\/www.dakarmania.cz\/#organization\",\"name\":\"DAKAR MANIA\",\"url\":\"https:\/\/www.dakarmania.cz\/\",\"logo\":{\"@type\":\"ImageObject\",\"inLanguage\":\"cs\",\"@id\":\"https:\/\/www.dakarmania.cz\/#\/schema\/logo\/image\/\",\"url\":\"https:\/\/www.dakarmania.cz\/wp-content\/uploads\/2018\/12\/Dakar-Mania-Logo-Square-Orange.png\",\"contentUrl\":\"https:\/\/www.dakarmania.cz\/wp-content\/uploads\/2018\/12\/Dakar-Mania-Logo-Square-Orange.png\",\"width\":992,\"height\":992,\"caption\":\"DAKAR MANIA\"},\"image\":{\"@id\":\"https:\/\/www.dakarmania.cz\/#\/schema\/logo\/image\/\"},\"sameAs\":[\"https:\/\/www.facebook.com\/dakarmania\/\"]},{\"@type\":\"Person\",\"@id\":\"https:\/\/www.dakarmania.cz\/#\/schema\/person\/04eb0e87a389631c2169c0dddae7ff1e\",\"name\":\"Zden\u011bk Zelenka\",\"image\":{\"@type\":\"ImageObject\",\"inLanguage\":\"cs\",\"@id\":\"https:\/\/www.dakarmania.cz\/#\/schema\/person\/image\/\",\"url\":\"https:\/\/secure.gravatar.com\/avatar\/2c80d5a4942fe0900b73cc7d3837a509d6ee0a276a2b76dac95c92bd0763a89b?s=96&d=mm&r=g\",\"contentUrl\":\"https:\/\/secure.gravatar.com\/avatar\/2c80d5a4942fe0900b73cc7d3837a509d6ee0a276a2b76dac95c92bd0763a89b?s=96&d=mm&r=g\",\"caption\":\"Zden\u011bk Zelenka\"},\"description\":\"Moji d\u011bt\u0161t\u00ed hrdinov\u00e9 se jmenovali Loprais, Moskal, Neveu, Vatanen, Rahier... A tihle borci, jejich n\u00e1sledovn\u00edci a jejich p\u0159\u00edb\u011bhy m\u011b nep\u0159estali fascinovat ani po letech, kdy jsem vyrostl a zam\u011bstn\u00e1valy m\u011b jin\u00e9 discipl\u00edny motorsportu. Proto se zrodila DAKARMANIA.\",\"url\":\"https:\/\/www.dakarmania.cz\/index.php\/author\/dakarmania\/\"}]}<\/script>\n<!-- \/ Yoast SEO plugin. -->","yoast_head_json":{"title":"Ou\u0159edn\u00ed\u010dek: R\u00e1di bychom v Maroku dopsali happy end - DAKARMANIA.cz","description":"Tom\u00e1\u0161 Ou\u0159edn\u00ed\u010dek s Davidem K\u0159\u00edpalem se postav\u00ed na start Morocco Desert Challenge 2019. Do Maroka se vrac\u00ed se vzpom\u00ednkami na v\u00fdhru i dramatickou hav\u00e1rii.","robots":{"index":"index","follow":"follow","max-snippet":"max-snippet:-1","max-image-preview":"max-image-preview:large","max-video-preview":"max-video-preview:-1"},"canonical":"https:\/\/www.dakarmania.cz\/index.php\/2019\/03\/06\/ourednicek-radi-bychom-v-maroku-dopsali-happy-end\/","og_locale":"cs_CZ","og_type":"article","og_title":"Ou\u0159edn\u00ed\u010dek: R\u00e1di bychom v Maroku dopsali happy end - DAKARMANIA.cz","og_description":"Tom\u00e1\u0161 Ou\u0159edn\u00ed\u010dek s Davidem K\u0159\u00edpalem se postav\u00ed na start Morocco Desert Challenge 2019. Do Maroka se vrac\u00ed se vzpom\u00ednkami na v\u00fdhru i dramatickou hav\u00e1rii.","og_url":"https:\/\/www.dakarmania.cz\/index.php\/2019\/03\/06\/ourednicek-radi-bychom-v-maroku-dopsali-happy-end\/","og_site_name":"DAKARMANIA.cz","article_publisher":"https:\/\/www.facebook.com\/dakarmania\/","article_published_time":"2019-03-06T09:25:02+00:00","article_modified_time":"2023-08-23T07:31:18+00:00","og_image":[{"width":1024,"height":682,"url":"https:\/\/www.dakarmania.cz\/wp-content\/uploads\/2019\/03\/18-mdc-ourednicek-01.jpg","type":"image\/jpeg"}],"author":"Zden\u011bk Zelenka","twitter_card":"summary_large_image","twitter_misc":{"Napsal(a)":"Zden\u011bk Zelenka","Odhadovan\u00e1 doba \u010dten\u00ed":"5 minut"},"schema":{"@context":"https:\/\/schema.org","@graph":[{"@type":"Article","@id":"https:\/\/www.dakarmania.cz\/index.php\/2019\/03\/06\/ourednicek-radi-bychom-v-maroku-dopsali-happy-end\/#article","isPartOf":{"@id":"https:\/\/www.dakarmania.cz\/index.php\/2019\/03\/06\/ourednicek-radi-bychom-v-maroku-dopsali-happy-end\/"},"author":{"name":"Zden\u011bk Zelenka","@id":"https:\/\/www.dakarmania.cz\/#\/schema\/person\/04eb0e87a389631c2169c0dddae7ff1e"},"headline":"Ou\u0159edn\u00ed\u010dek: R\u00e1di bychom v Maroku dopsali happy end","datePublished":"2019-03-06T09:25:02+00:00","dateModified":"2023-08-23T07:31:18+00:00","mainEntityOfPage":{"@id":"https:\/\/www.dakarmania.cz\/index.php\/2019\/03\/06\/ourednicek-radi-bychom-v-maroku-dopsali-happy-end\/"},"wordCount":1285,"publisher":{"@id":"https:\/\/www.dakarmania.cz\/#organization"},"image":{"@id":"https:\/\/www.dakarmania.cz\/index.php\/2019\/03\/06\/ourednicek-radi-bychom-v-maroku-dopsali-happy-end\/#primaryimage"},"thumbnailUrl":"https:\/\/www.dakarmania.cz\/wp-content\/uploads\/2019\/03\/18-mdc-ourednicek-01.jpg","keywords":["2019","David K\u0159\u00edpal","Ford","Morocco Desert Challenge","Morocco Desert Challenge 2019","South Racing","South Racing CE","Tom\u00e1\u0161 Ou\u0159edn\u00ed\u010dek"],"articleSection":["Auto","Morocco Desert Challenge"],"inLanguage":"cs"},{"@type":"WebPage","@id":"https:\/\/www.dakarmania.cz\/index.php\/2019\/03\/06\/ourednicek-radi-bychom-v-maroku-dopsali-happy-end\/","url":"https:\/\/www.dakarmania.cz\/index.php\/2019\/03\/06\/ourednicek-radi-bychom-v-maroku-dopsali-happy-end\/","name":"Ou\u0159edn\u00ed\u010dek: R\u00e1di bychom v Maroku dopsali happy end - DAKARMANIA.cz","isPartOf":{"@id":"https:\/\/www.dakarmania.cz\/#website"},"primaryImageOfPage":{"@id":"https:\/\/www.dakarmania.cz\/index.php\/2019\/03\/06\/ourednicek-radi-bychom-v-maroku-dopsali-happy-end\/#primaryimage"},"image":{"@id":"https:\/\/www.dakarmania.cz\/index.php\/2019\/03\/06\/ourednicek-radi-bychom-v-maroku-dopsali-happy-end\/#primaryimage"},"thumbnailUrl":"https:\/\/www.dakarmania.cz\/wp-content\/uploads\/2019\/03\/18-mdc-ourednicek-01.jpg","datePublished":"2019-03-06T09:25:02+00:00","dateModified":"2023-08-23T07:31:18+00:00","description":"Tom\u00e1\u0161 Ou\u0159edn\u00ed\u010dek s Davidem K\u0159\u00edpalem se postav\u00ed na start Morocco Desert Challenge 2019. Do Maroka se vrac\u00ed se vzpom\u00ednkami na v\u00fdhru i dramatickou hav\u00e1rii.","breadcrumb":{"@id":"https:\/\/www.dakarmania.cz\/index.php\/2019\/03\/06\/ourednicek-radi-bychom-v-maroku-dopsali-happy-end\/#breadcrumb"},"inLanguage":"cs","potentialAction":[{"@type":"ReadAction","target":["https:\/\/www.dakarmania.cz\/index.php\/2019\/03\/06\/ourednicek-radi-bychom-v-maroku-dopsali-happy-end\/"]}]},{"@type":"ImageObject","inLanguage":"cs","@id":"https:\/\/www.dakarmania.cz\/index.php\/2019\/03\/06\/ourednicek-radi-bychom-v-maroku-dopsali-happy-end\/#primaryimage","url":"https:\/\/www.dakarmania.cz\/wp-content\/uploads\/2019\/03\/18-mdc-ourednicek-01.jpg","contentUrl":"https:\/\/www.dakarmania.cz\/wp-content\/uploads\/2019\/03\/18-mdc-ourednicek-01.jpg","width":1024,"height":682,"caption":"Tom\u00e1\u0161 Ou\u0159edn\u00ed\u010dek\/David K\u0159\u00edpal, Ford Ranger Dakar, South Racing CE. Morocco Desert Challenge 2018. \u00a9 Aifa\/TomasOurednicek.cz"},{"@type":"BreadcrumbList","@id":"https:\/\/www.dakarmania.cz\/index.php\/2019\/03\/06\/ourednicek-radi-bychom-v-maroku-dopsali-happy-end\/#breadcrumb","itemListElement":[{"@type":"ListItem","position":1,"name":"Dom\u016f","item":"https:\/\/www.dakarmania.cz\/"},{"@type":"ListItem","position":2,"name":"Ou\u0159edn\u00ed\u010dek: R\u00e1di bychom v Maroku dopsali happy end"}]},{"@type":"WebSite","@id":"https:\/\/www.dakarmania.cz\/#website","url":"https:\/\/www.dakarmania.cz\/","name":"DAKARMANIA.cz","description":"\u017dijeme Dakarem cel\u00fd rok","publisher":{"@id":"https:\/\/www.dakarmania.cz\/#organization"},"potentialAction":[{"@type":"SearchAction","target":{"@type":"EntryPoint","urlTemplate":"https:\/\/www.dakarmania.cz\/?s={search_term_string}"},"query-input":{"@type":"PropertyValueSpecification","valueRequired":true,"valueName":"search_term_string"}}],"inLanguage":"cs"},{"@type":"Organization","@id":"https:\/\/www.dakarmania.cz\/#organization","name":"DAKAR MANIA","url":"https:\/\/www.dakarmania.cz\/","logo":{"@type":"ImageObject","inLanguage":"cs","@id":"https:\/\/www.dakarmania.cz\/#\/schema\/logo\/image\/","url":"https:\/\/www.dakarmania.cz\/wp-content\/uploads\/2018\/12\/Dakar-Mania-Logo-Square-Orange.png","contentUrl":"https:\/\/www.dakarmania.cz\/wp-content\/uploads\/2018\/12\/Dakar-Mania-Logo-Square-Orange.png","width":992,"height":992,"caption":"DAKAR MANIA"},"image":{"@id":"https:\/\/www.dakarmania.cz\/#\/schema\/logo\/image\/"},"sameAs":["https:\/\/www.facebook.com\/dakarmania\/"]},{"@type":"Person","@id":"https:\/\/www.dakarmania.cz\/#\/schema\/person\/04eb0e87a389631c2169c0dddae7ff1e","name":"Zden\u011bk Zelenka","image":{"@type":"ImageObject","inLanguage":"cs","@id":"https:\/\/www.dakarmania.cz\/#\/schema\/person\/image\/","url":"https:\/\/secure.gravatar.com\/avatar\/2c80d5a4942fe0900b73cc7d3837a509d6ee0a276a2b76dac95c92bd0763a89b?s=96&d=mm&r=g","contentUrl":"https:\/\/secure.gravatar.com\/avatar\/2c80d5a4942fe0900b73cc7d3837a509d6ee0a276a2b76dac95c92bd0763a89b?s=96&d=mm&r=g","caption":"Zden\u011bk Zelenka"},"description":"Moji d\u011bt\u0161t\u00ed hrdinov\u00e9 se jmenovali Loprais, Moskal, Neveu, Vatanen, Rahier... A tihle borci, jejich n\u00e1sledovn\u00edci a jejich p\u0159\u00edb\u011bhy m\u011b nep\u0159estali fascinovat ani po letech, kdy jsem vyrostl a zam\u011bstn\u00e1valy m\u011b jin\u00e9 discipl\u00edny motorsportu. Proto se zrodila DAKARMANIA.","url":"https:\/\/www.dakarmania.cz\/index.php\/author\/dakarmania\/"}]}},"amp_enabled":true,"_links":{"self":[{"href":"https:\/\/www.dakarmania.cz\/index.php\/wp-json\/wp\/v2\/posts\/3976","targetHints":{"allow":["GET"]}}],"collection":[{"href":"https:\/\/www.dakarmania.cz\/index.php\/wp-json\/wp\/v2\/posts"}],"about":[{"href":"https:\/\/www.dakarmania.cz\/index.php\/wp-json\/wp\/v2\/types\/post"}],"author":[{"embeddable":true,"href":"https:\/\/www.dakarmania.cz\/index.php\/wp-json\/wp\/v2\/users\/1"}],"replies":[{"embeddable":true,"href":"https:\/\/www.dakarmania.cz\/index.php\/wp-json\/wp\/v2\/comments?post=3976"}],"version-history":[{"count":5,"href":"https:\/\/www.dakarmania.cz\/index.php\/wp-json\/wp\/v2\/posts\/3976\/revisions"}],"predecessor-version":[{"id":28871,"href":"https:\/\/www.dakarmania.cz\/index.php\/wp-json\/wp\/v2\/posts\/3976\/revisions\/28871"}],"wp:featuredmedia":[{"embeddable":true,"href":"https:\/\/www.dakarmania.cz\/index.php\/wp-json\/wp\/v2\/media\/3972"}],"wp:attachment":[{"href":"https:\/\/www.dakarmania.cz\/index.php\/wp-json\/wp\/v2\/media?parent=3976"}],"wp:term":[{"taxonomy":"category","embeddable":true,"href":"https:\/\/www.dakarmania.cz\/index.php\/wp-json\/wp\/v2\/categories?post=3976"},{"taxonomy":"post_tag","embeddable":true,"href":"https:\/\/www.dakarmania.cz\/index.php\/wp-json\/wp\/v2\/tags?post=3976"}],"curies":[{"name":"wp","href":"https:\/\/api.w.org\/{rel}","templated":true}]}}