{"id":4319,"date":"2019-03-18T11:40:35","date_gmt":"2019-03-18T10:40:35","guid":{"rendered":"https:\/\/www.dakarmania.cz\/?p=4319"},"modified":"2019-10-22T16:52:26","modified_gmt":"2019-10-22T14:52:26","slug":"al-attiyah-pise-historii-polo-r5","status":"publish","type":"post","link":"https:\/\/www.dakarmania.cz\/index.php\/2019\/03\/18\/al-attiyah-pise-historii-polo-r5\/","title":{"rendered":"Nasser Al-Attiyah p\u00ed\u0161e historii i s VW Polo R5"},"content":{"rendered":"<p>[vc_row][vc_column][vc_column_text]<\/p>\n<h4>Nasser Al-Attiyah a Mathieu Baumel z\u00e1\u0159\u00ed v \u00favodu sezony 2019 nejen v cross-country rally, ale tak\u00e9 v klasick\u00fdch automobilov\u00fdch sout\u011b\u017e\u00edch. Na sv\u00e9m kont\u011b maj\u00ed letos zat\u00edm t\u0159i starty a t\u0159i v\u00edt\u011bzstv\u00ed. O v\u00edkendu suver\u00e9nn\u011b ovl\u00e1dli \u00favodn\u00ed podnik bl\u00edzkov\u00fdchodn\u00edho \u0161ampion\u00e1tu v rally (MERC), kter\u00fd se jel v Kataru.<\/h4>\n<p>Qatar International Rally byla prvn\u00ed sout\u011b\u017e\u00ed, kterou <a href=\"https:\/\/www.dakarmania.cz\/index.php\/osobnosti\/nasser-al-attiyah\/\">Nasser Al-Attiyah<\/a> absolvoval s nov\u00fdm Volkswagenem Polo R5. V\u016fz pro n\u011bj p\u0159ipravil britsk\u00fd Autotek Motorsport.<\/p>\n<p>Katarsko-francouzsk\u00e1 dvojice byla nejrychlej\u0161\u00ed na v\u0161ech jeden\u00e1cti rychlostn\u00edch zkou\u0161k\u00e1ch. Do c\u00edle dorazila s n\u00e1skokem t\u0159\u00ed a p\u016fl minuty p\u0159ed Al-Attiyahov\u00fdm krajanem Abdulazizem Al-Kuwarim, kter\u00fd se za volant sout\u011b\u017en\u00edho vozu (a z\u00e1rove\u0148 Fabie R5) vr\u00e1til po t\u00e9m\u011b\u0159 t\u0159\u00edlet\u00e9 p\u0159est\u00e1vce.<\/p>\n<p>Al-Attiyah s Baumelem se do historie sv\u011btov\u00e9 rally zapsali jako prvn\u00ed pos\u00e1dka, kter\u00e1 dok\u00e1zala s Polem R5 vyhr\u00e1t v absolutn\u00edm hodnocen\u00ed sout\u011b\u017ee n\u011bkter\u00e9ho z kontinent\u00e1ln\u00edch, resp. region\u00e1ln\u00edch \u0161ampion\u00e1t\u016f.[\/vc_column_text][vc_single_image image=&#8221;4318&#8243; img_size=&#8221;large&#8221; add_caption=&#8221;yes&#8221; alignment=&#8221;center&#8221;][vc_column_text]Al-Attiyah triumfoval na dom\u00e1c\u00ed rally u\u017e po\u010dtrn\u00e1ct\u00e9. Celkov\u011b vyhr\u00e1l n\u011bkterou ze sout\u011b\u017e\u00ed MERC u\u017e posedmdes\u00e1t\u00e9. Bl\u00edzkov\u00fdchodn\u00ed \u0161ampion\u00e1t se jezd\u00ed od roku 1984 a v\u00edkendov\u00e1 katarsk\u00e1 rally byla jeho 211. podnikem.<\/p>\n<p><em>\u201eAuto i t\u00fdm fungovaly velmi dob\u0159e a my jsme se b\u011bhem z\u00e1vodu hodn\u011b nau\u010dili,\u201c<\/em> hodnotil <strong>Nasser Al-Attiyah<\/strong> v c\u00edli. <em>\u201eByla to z\u00e1bava. Za volantem jsem si rychle zvykl, jako bych to auto u\u017e dlouho znal. Je podobn\u00e9 Fordu a \u0160kod\u011b. R5 je prost\u011b R5. Jel jsem s nastaven\u00edm, jak\u00e9 n\u00e1m dodal Volkswagen, proto\u017ee p\u0159ed sout\u011b\u017e\u00ed jsme nem\u011bli \u010das ho vyzkou\u0161et. Rozs\u00e1hlej\u0161\u00ed testov\u00e1n\u00ed absolvujeme p\u0159ed Jord\u00e1nskem.\u201c<\/em><\/p>\n<p>Baumelova bilance v MERC je o pozn\u00e1n\u00ed skromn\u011bj\u0161\u00ed, by\u0165 tak\u00e9 \u00factyhodn\u00e1. V Kataru vyhr\u00e1l Francouz pot\u0159et\u00ed, celkov\u011b poosmn\u00e1ct\u00e9.<\/p>\n<p><em>\u201eV posledn\u00edch dvou letech jsme m\u011bli probl\u00e9my a tady v Kataru jsme odstoupili,\u201c<\/em> p\u0159ipomn\u011bl <strong>Mathieu Baumel<\/strong>. <em>\u201eLetos jsme jeli s nov\u00fdm vozem a m\u011bli jsme trochu obavy, ale auto bylo perfektn\u00ed. Nav\u00edc jsme neud\u011blali \u017e\u00e1dn\u00fd defekt. Byl to dobr\u00fd t\u00fdden.\u201c<\/em><\/p>\n<p>Druhou sout\u011b\u017e MERC 2019 host\u00ed od 24. do 27. dubna Jord\u00e1nsko. Je\u0161t\u011b p\u0159ed t\u00edm se Al-Attiyah a Baumel vr\u00e1t\u00ed do kokpitu Toyoty Hilux. V barv\u00e1ch japonsk\u00e9ho tov\u00e1rn\u00edho t\u00fdmu se na p\u0159elomu b\u0159ezna a dubna z\u00fa\u010dastn\u00ed <a href=\"https:\/\/www.dakarmania.cz\/index.php\/sampionaty\/svetovy-pohar-fia-v-cross-country-rally-2019\/addc-2019\/\">Abu Dhabi Desert Challenge<\/a>, druh\u00e9ho podniku <a href=\"https:\/\/www.dakarmania.cz\/index.php\/sampionaty\/svetovy-pohar-fia-v-cross-country-rally-2019\/\">Sv\u011btov\u00e9ho poh\u00e1ru FIA v cross-country rally<\/a>.[\/vc_column_text][vc_btn title=&#8221;V\u00fdsledky Qatar International Rally 2019&#8243; style=&#8221;outline&#8221; shape=&#8221;square&#8221; color=&#8221;warning&#8221; size=&#8221;sm&#8221; align=&#8221;center&#8221; i_icon_fontawesome=&#8221;fa fa-list-ol&#8221; button_block=&#8221;true&#8221; add_icon=&#8221;true&#8221; link=&#8221;url:https%3A%2F%2Fwww.ewrc-results.com%2Fresults%2F55431-manateq-qatar-international-rally-2019%2F||target:%20_blank|&#8221;][\/vc_column][\/vc_row]<\/p>\n","protected":false},"excerpt":{"rendered":"<p>Nasser Al-Attiyah a Mathieu Baumel z\u00e1\u0159\u00ed v \u00favodu sezony nejen v cross-country rally, ale tak\u00e9 v klasick\u00e9 rally. Na kont\u011b maj\u00ed t\u0159i v\u00edt\u011bzstv\u00ed ze t\u0159\u00ed start\u016f.<\/p>\n","protected":false},"author":1,"featured_media":4317,"comment_status":"open","ping_status":"closed","sticky":false,"template":"","format":"standard","meta":{"footnotes":""},"categories":[504],"tags":[425,625,204,623,624,203,621,622,318,319],"class_list":["post-4319","post","type-post","status-publish","format-standard","has-post-thumbnail","hentry","category-zajimavosti","tag-425","tag-autotek-motorsport","tag-mathieu-baumel","tag-merc","tag-merc-2019","tag-nasser-al-attiyah","tag-qatar-rally","tag-qatar-rally-2019","tag-volkswagen","tag-vw"],"yoast_head":"<!-- This site is optimized with the Yoast SEO plugin v24.9 - https:\/\/yoast.com\/wordpress\/plugins\/seo\/ -->\n<title>Nasser Al-Attiyah p\u00ed\u0161e historii i s VW Polo R5 - DAKARMANIA.cz<\/title>\n<meta name=\"description\" content=\"Nasser Al-Attiyah a Mathieu Baumel z\u00e1\u0159\u00ed v \u00favodu sezony nejen v cross-country rally, ale tak\u00e9 v klasick\u00e9 rally. Na kont\u011b maj\u00ed t\u0159i v\u00edt\u011bzstv\u00ed ze t\u0159\u00ed start\u016f.\" \/>\n<meta name=\"robots\" content=\"index, follow, max-snippet:-1, max-image-preview:large, max-video-preview:-1\" \/>\n<link rel=\"canonical\" href=\"https:\/\/www.dakarmania.cz\/index.php\/2019\/03\/18\/al-attiyah-pise-historii-polo-r5\/\" \/>\n<meta property=\"og:locale\" content=\"cs_CZ\" \/>\n<meta property=\"og:type\" content=\"article\" \/>\n<meta property=\"og:title\" content=\"Nasser Al-Attiyah p\u00ed\u0161e historii i s VW Polo R5 - DAKARMANIA.cz\" \/>\n<meta property=\"og:description\" content=\"Nasser Al-Attiyah a Mathieu Baumel z\u00e1\u0159\u00ed v \u00favodu sezony nejen v cross-country rally, ale tak\u00e9 v klasick\u00e9 rally. Na kont\u011b maj\u00ed t\u0159i v\u00edt\u011bzstv\u00ed ze t\u0159\u00ed start\u016f.\" \/>\n<meta property=\"og:url\" content=\"https:\/\/www.dakarmania.cz\/index.php\/2019\/03\/18\/al-attiyah-pise-historii-polo-r5\/\" \/>\n<meta property=\"og:site_name\" content=\"DAKARMANIA.cz\" \/>\n<meta property=\"article:publisher\" content=\"https:\/\/www.facebook.com\/dakarmania\/\" \/>\n<meta property=\"article:published_time\" content=\"2019-03-18T10:40:35+00:00\" \/>\n<meta property=\"article:modified_time\" content=\"2019-10-22T14:52:26+00:00\" \/>\n<meta property=\"og:image\" content=\"https:\/\/www.dakarmania.cz\/wp-content\/uploads\/2019\/03\/19-qir-al-attiyah-01.jpg\" \/>\n\t<meta property=\"og:image:width\" content=\"1086\" \/>\n\t<meta property=\"og:image:height\" content=\"675\" \/>\n\t<meta property=\"og:image:type\" content=\"image\/jpeg\" \/>\n<meta name=\"author\" content=\"Zden\u011bk Zelenka\" \/>\n<meta name=\"twitter:card\" content=\"summary_large_image\" \/>\n<meta name=\"twitter:label1\" content=\"Napsal(a)\" \/>\n\t<meta name=\"twitter:data1\" content=\"Zden\u011bk Zelenka\" \/>\n\t<meta name=\"twitter:label2\" content=\"Odhadovan\u00e1 doba \u010dten\u00ed\" \/>\n\t<meta name=\"twitter:data2\" content=\"3 minuty\" \/>\n<script type=\"application\/ld+json\" class=\"yoast-schema-graph\">{\"@context\":\"https:\/\/schema.org\",\"@graph\":[{\"@type\":\"Article\",\"@id\":\"https:\/\/www.dakarmania.cz\/index.php\/2019\/03\/18\/al-attiyah-pise-historii-polo-r5\/#article\",\"isPartOf\":{\"@id\":\"https:\/\/www.dakarmania.cz\/index.php\/2019\/03\/18\/al-attiyah-pise-historii-polo-r5\/\"},\"author\":{\"name\":\"Zden\u011bk Zelenka\",\"@id\":\"https:\/\/www.dakarmania.cz\/#\/schema\/person\/04eb0e87a389631c2169c0dddae7ff1e\"},\"headline\":\"Nasser Al-Attiyah p\u00ed\u0161e historii i s VW Polo R5\",\"datePublished\":\"2019-03-18T10:40:35+00:00\",\"dateModified\":\"2019-10-22T14:52:26+00:00\",\"mainEntityOfPage\":{\"@id\":\"https:\/\/www.dakarmania.cz\/index.php\/2019\/03\/18\/al-attiyah-pise-historii-polo-r5\/\"},\"wordCount\":524,\"commentCount\":0,\"publisher\":{\"@id\":\"https:\/\/www.dakarmania.cz\/#organization\"},\"image\":{\"@id\":\"https:\/\/www.dakarmania.cz\/index.php\/2019\/03\/18\/al-attiyah-pise-historii-polo-r5\/#primaryimage\"},\"thumbnailUrl\":\"https:\/\/www.dakarmania.cz\/wp-content\/uploads\/2019\/03\/19-qir-al-attiyah-01.jpg\",\"keywords\":[\"2019\",\"Autotek Motorsport\",\"Mathieu Baumel\",\"MERC\",\"MERC 2019\",\"Nasser Al-Attiyah\",\"Qatar Rally\",\"Qatar Rally 2019\",\"Volkswagen\",\"VW\"],\"articleSection\":[\"Zaj\u00edmavosti\"],\"inLanguage\":\"cs\",\"potentialAction\":[{\"@type\":\"CommentAction\",\"name\":\"Comment\",\"target\":[\"https:\/\/www.dakarmania.cz\/index.php\/2019\/03\/18\/al-attiyah-pise-historii-polo-r5\/#respond\"]}]},{\"@type\":\"WebPage\",\"@id\":\"https:\/\/www.dakarmania.cz\/index.php\/2019\/03\/18\/al-attiyah-pise-historii-polo-r5\/\",\"url\":\"https:\/\/www.dakarmania.cz\/index.php\/2019\/03\/18\/al-attiyah-pise-historii-polo-r5\/\",\"name\":\"Nasser Al-Attiyah p\u00ed\u0161e historii i s VW Polo R5 - DAKARMANIA.cz\",\"isPartOf\":{\"@id\":\"https:\/\/www.dakarmania.cz\/#website\"},\"primaryImageOfPage\":{\"@id\":\"https:\/\/www.dakarmania.cz\/index.php\/2019\/03\/18\/al-attiyah-pise-historii-polo-r5\/#primaryimage\"},\"image\":{\"@id\":\"https:\/\/www.dakarmania.cz\/index.php\/2019\/03\/18\/al-attiyah-pise-historii-polo-r5\/#primaryimage\"},\"thumbnailUrl\":\"https:\/\/www.dakarmania.cz\/wp-content\/uploads\/2019\/03\/19-qir-al-attiyah-01.jpg\",\"datePublished\":\"2019-03-18T10:40:35+00:00\",\"dateModified\":\"2019-10-22T14:52:26+00:00\",\"description\":\"Nasser Al-Attiyah a Mathieu Baumel z\u00e1\u0159\u00ed v \u00favodu sezony nejen v cross-country rally, ale tak\u00e9 v klasick\u00e9 rally. Na kont\u011b maj\u00ed t\u0159i v\u00edt\u011bzstv\u00ed ze t\u0159\u00ed start\u016f.\",\"breadcrumb\":{\"@id\":\"https:\/\/www.dakarmania.cz\/index.php\/2019\/03\/18\/al-attiyah-pise-historii-polo-r5\/#breadcrumb\"},\"inLanguage\":\"cs\",\"potentialAction\":[{\"@type\":\"ReadAction\",\"target\":[\"https:\/\/www.dakarmania.cz\/index.php\/2019\/03\/18\/al-attiyah-pise-historii-polo-r5\/\"]}]},{\"@type\":\"ImageObject\",\"inLanguage\":\"cs\",\"@id\":\"https:\/\/www.dakarmania.cz\/index.php\/2019\/03\/18\/al-attiyah-pise-historii-polo-r5\/#primaryimage\",\"url\":\"https:\/\/www.dakarmania.cz\/wp-content\/uploads\/2019\/03\/19-qir-al-attiyah-01.jpg\",\"contentUrl\":\"https:\/\/www.dakarmania.cz\/wp-content\/uploads\/2019\/03\/19-qir-al-attiyah-01.jpg\",\"width\":1086,\"height\":675,\"caption\":\"Nasser Al-Attiyah \/ Mathieu Baumel, VW Polo R5. Qatar International Rally 2019. \u00a9 QMMF\/NDP Publicity Services\"},{\"@type\":\"BreadcrumbList\",\"@id\":\"https:\/\/www.dakarmania.cz\/index.php\/2019\/03\/18\/al-attiyah-pise-historii-polo-r5\/#breadcrumb\",\"itemListElement\":[{\"@type\":\"ListItem\",\"position\":1,\"name\":\"Dom\u016f\",\"item\":\"https:\/\/www.dakarmania.cz\/\"},{\"@type\":\"ListItem\",\"position\":2,\"name\":\"Nasser Al-Attiyah p\u00ed\u0161e historii i s VW Polo R5\"}]},{\"@type\":\"WebSite\",\"@id\":\"https:\/\/www.dakarmania.cz\/#website\",\"url\":\"https:\/\/www.dakarmania.cz\/\",\"name\":\"DAKARMANIA.cz\",\"description\":\"\u017dijeme Dakarem cel\u00fd rok\",\"publisher\":{\"@id\":\"https:\/\/www.dakarmania.cz\/#organization\"},\"potentialAction\":[{\"@type\":\"SearchAction\",\"target\":{\"@type\":\"EntryPoint\",\"urlTemplate\":\"https:\/\/www.dakarmania.cz\/?s={search_term_string}\"},\"query-input\":{\"@type\":\"PropertyValueSpecification\",\"valueRequired\":true,\"valueName\":\"search_term_string\"}}],\"inLanguage\":\"cs\"},{\"@type\":\"Organization\",\"@id\":\"https:\/\/www.dakarmania.cz\/#organization\",\"name\":\"DAKAR MANIA\",\"url\":\"https:\/\/www.dakarmania.cz\/\",\"logo\":{\"@type\":\"ImageObject\",\"inLanguage\":\"cs\",\"@id\":\"https:\/\/www.dakarmania.cz\/#\/schema\/logo\/image\/\",\"url\":\"https:\/\/www.dakarmania.cz\/wp-content\/uploads\/2018\/12\/Dakar-Mania-Logo-Square-Orange.png\",\"contentUrl\":\"https:\/\/www.dakarmania.cz\/wp-content\/uploads\/2018\/12\/Dakar-Mania-Logo-Square-Orange.png\",\"width\":992,\"height\":992,\"caption\":\"DAKAR MANIA\"},\"image\":{\"@id\":\"https:\/\/www.dakarmania.cz\/#\/schema\/logo\/image\/\"},\"sameAs\":[\"https:\/\/www.facebook.com\/dakarmania\/\"]},{\"@type\":\"Person\",\"@id\":\"https:\/\/www.dakarmania.cz\/#\/schema\/person\/04eb0e87a389631c2169c0dddae7ff1e\",\"name\":\"Zden\u011bk Zelenka\",\"image\":{\"@type\":\"ImageObject\",\"inLanguage\":\"cs\",\"@id\":\"https:\/\/www.dakarmania.cz\/#\/schema\/person\/image\/\",\"url\":\"https:\/\/secure.gravatar.com\/avatar\/2c80d5a4942fe0900b73cc7d3837a509d6ee0a276a2b76dac95c92bd0763a89b?s=96&d=mm&r=g\",\"contentUrl\":\"https:\/\/secure.gravatar.com\/avatar\/2c80d5a4942fe0900b73cc7d3837a509d6ee0a276a2b76dac95c92bd0763a89b?s=96&d=mm&r=g\",\"caption\":\"Zden\u011bk Zelenka\"},\"description\":\"Moji d\u011bt\u0161t\u00ed hrdinov\u00e9 se jmenovali Loprais, Moskal, Neveu, Vatanen, Rahier... A tihle borci, jejich n\u00e1sledovn\u00edci a jejich p\u0159\u00edb\u011bhy m\u011b nep\u0159estali fascinovat ani po letech, kdy jsem vyrostl a zam\u011bstn\u00e1valy m\u011b jin\u00e9 discipl\u00edny motorsportu. Proto se zrodila DAKARMANIA.\",\"url\":\"https:\/\/www.dakarmania.cz\/index.php\/author\/dakarmania\/\"}]}<\/script>\n<!-- \/ Yoast SEO plugin. -->","yoast_head_json":{"title":"Nasser Al-Attiyah p\u00ed\u0161e historii i s VW Polo R5 - DAKARMANIA.cz","description":"Nasser Al-Attiyah a Mathieu Baumel z\u00e1\u0159\u00ed v \u00favodu sezony nejen v cross-country rally, ale tak\u00e9 v klasick\u00e9 rally. Na kont\u011b maj\u00ed t\u0159i v\u00edt\u011bzstv\u00ed ze t\u0159\u00ed start\u016f.","robots":{"index":"index","follow":"follow","max-snippet":"max-snippet:-1","max-image-preview":"max-image-preview:large","max-video-preview":"max-video-preview:-1"},"canonical":"https:\/\/www.dakarmania.cz\/index.php\/2019\/03\/18\/al-attiyah-pise-historii-polo-r5\/","og_locale":"cs_CZ","og_type":"article","og_title":"Nasser Al-Attiyah p\u00ed\u0161e historii i s VW Polo R5 - DAKARMANIA.cz","og_description":"Nasser Al-Attiyah a Mathieu Baumel z\u00e1\u0159\u00ed v \u00favodu sezony nejen v cross-country rally, ale tak\u00e9 v klasick\u00e9 rally. Na kont\u011b maj\u00ed t\u0159i v\u00edt\u011bzstv\u00ed ze t\u0159\u00ed start\u016f.","og_url":"https:\/\/www.dakarmania.cz\/index.php\/2019\/03\/18\/al-attiyah-pise-historii-polo-r5\/","og_site_name":"DAKARMANIA.cz","article_publisher":"https:\/\/www.facebook.com\/dakarmania\/","article_published_time":"2019-03-18T10:40:35+00:00","article_modified_time":"2019-10-22T14:52:26+00:00","og_image":[{"width":1086,"height":675,"url":"https:\/\/www.dakarmania.cz\/wp-content\/uploads\/2019\/03\/19-qir-al-attiyah-01.jpg","type":"image\/jpeg"}],"author":"Zden\u011bk Zelenka","twitter_card":"summary_large_image","twitter_misc":{"Napsal(a)":"Zden\u011bk Zelenka","Odhadovan\u00e1 doba \u010dten\u00ed":"3 minuty"},"schema":{"@context":"https:\/\/schema.org","@graph":[{"@type":"Article","@id":"https:\/\/www.dakarmania.cz\/index.php\/2019\/03\/18\/al-attiyah-pise-historii-polo-r5\/#article","isPartOf":{"@id":"https:\/\/www.dakarmania.cz\/index.php\/2019\/03\/18\/al-attiyah-pise-historii-polo-r5\/"},"author":{"name":"Zden\u011bk Zelenka","@id":"https:\/\/www.dakarmania.cz\/#\/schema\/person\/04eb0e87a389631c2169c0dddae7ff1e"},"headline":"Nasser Al-Attiyah p\u00ed\u0161e historii i s VW Polo R5","datePublished":"2019-03-18T10:40:35+00:00","dateModified":"2019-10-22T14:52:26+00:00","mainEntityOfPage":{"@id":"https:\/\/www.dakarmania.cz\/index.php\/2019\/03\/18\/al-attiyah-pise-historii-polo-r5\/"},"wordCount":524,"commentCount":0,"publisher":{"@id":"https:\/\/www.dakarmania.cz\/#organization"},"image":{"@id":"https:\/\/www.dakarmania.cz\/index.php\/2019\/03\/18\/al-attiyah-pise-historii-polo-r5\/#primaryimage"},"thumbnailUrl":"https:\/\/www.dakarmania.cz\/wp-content\/uploads\/2019\/03\/19-qir-al-attiyah-01.jpg","keywords":["2019","Autotek Motorsport","Mathieu Baumel","MERC","MERC 2019","Nasser Al-Attiyah","Qatar Rally","Qatar Rally 2019","Volkswagen","VW"],"articleSection":["Zaj\u00edmavosti"],"inLanguage":"cs","potentialAction":[{"@type":"CommentAction","name":"Comment","target":["https:\/\/www.dakarmania.cz\/index.php\/2019\/03\/18\/al-attiyah-pise-historii-polo-r5\/#respond"]}]},{"@type":"WebPage","@id":"https:\/\/www.dakarmania.cz\/index.php\/2019\/03\/18\/al-attiyah-pise-historii-polo-r5\/","url":"https:\/\/www.dakarmania.cz\/index.php\/2019\/03\/18\/al-attiyah-pise-historii-polo-r5\/","name":"Nasser Al-Attiyah p\u00ed\u0161e historii i s VW Polo R5 - DAKARMANIA.cz","isPartOf":{"@id":"https:\/\/www.dakarmania.cz\/#website"},"primaryImageOfPage":{"@id":"https:\/\/www.dakarmania.cz\/index.php\/2019\/03\/18\/al-attiyah-pise-historii-polo-r5\/#primaryimage"},"image":{"@id":"https:\/\/www.dakarmania.cz\/index.php\/2019\/03\/18\/al-attiyah-pise-historii-polo-r5\/#primaryimage"},"thumbnailUrl":"https:\/\/www.dakarmania.cz\/wp-content\/uploads\/2019\/03\/19-qir-al-attiyah-01.jpg","datePublished":"2019-03-18T10:40:35+00:00","dateModified":"2019-10-22T14:52:26+00:00","description":"Nasser Al-Attiyah a Mathieu Baumel z\u00e1\u0159\u00ed v \u00favodu sezony nejen v cross-country rally, ale tak\u00e9 v klasick\u00e9 rally. Na kont\u011b maj\u00ed t\u0159i v\u00edt\u011bzstv\u00ed ze t\u0159\u00ed start\u016f.","breadcrumb":{"@id":"https:\/\/www.dakarmania.cz\/index.php\/2019\/03\/18\/al-attiyah-pise-historii-polo-r5\/#breadcrumb"},"inLanguage":"cs","potentialAction":[{"@type":"ReadAction","target":["https:\/\/www.dakarmania.cz\/index.php\/2019\/03\/18\/al-attiyah-pise-historii-polo-r5\/"]}]},{"@type":"ImageObject","inLanguage":"cs","@id":"https:\/\/www.dakarmania.cz\/index.php\/2019\/03\/18\/al-attiyah-pise-historii-polo-r5\/#primaryimage","url":"https:\/\/www.dakarmania.cz\/wp-content\/uploads\/2019\/03\/19-qir-al-attiyah-01.jpg","contentUrl":"https:\/\/www.dakarmania.cz\/wp-content\/uploads\/2019\/03\/19-qir-al-attiyah-01.jpg","width":1086,"height":675,"caption":"Nasser Al-Attiyah \/ Mathieu Baumel, VW Polo R5. Qatar International Rally 2019. \u00a9 QMMF\/NDP Publicity Services"},{"@type":"BreadcrumbList","@id":"https:\/\/www.dakarmania.cz\/index.php\/2019\/03\/18\/al-attiyah-pise-historii-polo-r5\/#breadcrumb","itemListElement":[{"@type":"ListItem","position":1,"name":"Dom\u016f","item":"https:\/\/www.dakarmania.cz\/"},{"@type":"ListItem","position":2,"name":"Nasser Al-Attiyah p\u00ed\u0161e historii i s VW Polo R5"}]},{"@type":"WebSite","@id":"https:\/\/www.dakarmania.cz\/#website","url":"https:\/\/www.dakarmania.cz\/","name":"DAKARMANIA.cz","description":"\u017dijeme Dakarem cel\u00fd rok","publisher":{"@id":"https:\/\/www.dakarmania.cz\/#organization"},"potentialAction":[{"@type":"SearchAction","target":{"@type":"EntryPoint","urlTemplate":"https:\/\/www.dakarmania.cz\/?s={search_term_string}"},"query-input":{"@type":"PropertyValueSpecification","valueRequired":true,"valueName":"search_term_string"}}],"inLanguage":"cs"},{"@type":"Organization","@id":"https:\/\/www.dakarmania.cz\/#organization","name":"DAKAR MANIA","url":"https:\/\/www.dakarmania.cz\/","logo":{"@type":"ImageObject","inLanguage":"cs","@id":"https:\/\/www.dakarmania.cz\/#\/schema\/logo\/image\/","url":"https:\/\/www.dakarmania.cz\/wp-content\/uploads\/2018\/12\/Dakar-Mania-Logo-Square-Orange.png","contentUrl":"https:\/\/www.dakarmania.cz\/wp-content\/uploads\/2018\/12\/Dakar-Mania-Logo-Square-Orange.png","width":992,"height":992,"caption":"DAKAR MANIA"},"image":{"@id":"https:\/\/www.dakarmania.cz\/#\/schema\/logo\/image\/"},"sameAs":["https:\/\/www.facebook.com\/dakarmania\/"]},{"@type":"Person","@id":"https:\/\/www.dakarmania.cz\/#\/schema\/person\/04eb0e87a389631c2169c0dddae7ff1e","name":"Zden\u011bk Zelenka","image":{"@type":"ImageObject","inLanguage":"cs","@id":"https:\/\/www.dakarmania.cz\/#\/schema\/person\/image\/","url":"https:\/\/secure.gravatar.com\/avatar\/2c80d5a4942fe0900b73cc7d3837a509d6ee0a276a2b76dac95c92bd0763a89b?s=96&d=mm&r=g","contentUrl":"https:\/\/secure.gravatar.com\/avatar\/2c80d5a4942fe0900b73cc7d3837a509d6ee0a276a2b76dac95c92bd0763a89b?s=96&d=mm&r=g","caption":"Zden\u011bk Zelenka"},"description":"Moji d\u011bt\u0161t\u00ed hrdinov\u00e9 se jmenovali Loprais, Moskal, Neveu, Vatanen, Rahier... A tihle borci, jejich n\u00e1sledovn\u00edci a jejich p\u0159\u00edb\u011bhy m\u011b nep\u0159estali fascinovat ani po letech, kdy jsem vyrostl a zam\u011bstn\u00e1valy m\u011b jin\u00e9 discipl\u00edny motorsportu. Proto se zrodila DAKARMANIA.","url":"https:\/\/www.dakarmania.cz\/index.php\/author\/dakarmania\/"}]}},"amp_enabled":true,"_links":{"self":[{"href":"https:\/\/www.dakarmania.cz\/index.php\/wp-json\/wp\/v2\/posts\/4319","targetHints":{"allow":["GET"]}}],"collection":[{"href":"https:\/\/www.dakarmania.cz\/index.php\/wp-json\/wp\/v2\/posts"}],"about":[{"href":"https:\/\/www.dakarmania.cz\/index.php\/wp-json\/wp\/v2\/types\/post"}],"author":[{"embeddable":true,"href":"https:\/\/www.dakarmania.cz\/index.php\/wp-json\/wp\/v2\/users\/1"}],"replies":[{"embeddable":true,"href":"https:\/\/www.dakarmania.cz\/index.php\/wp-json\/wp\/v2\/comments?post=4319"}],"version-history":[{"count":4,"href":"https:\/\/www.dakarmania.cz\/index.php\/wp-json\/wp\/v2\/posts\/4319\/revisions"}],"predecessor-version":[{"id":12775,"href":"https:\/\/www.dakarmania.cz\/index.php\/wp-json\/wp\/v2\/posts\/4319\/revisions\/12775"}],"wp:featuredmedia":[{"embeddable":true,"href":"https:\/\/www.dakarmania.cz\/index.php\/wp-json\/wp\/v2\/media\/4317"}],"wp:attachment":[{"href":"https:\/\/www.dakarmania.cz\/index.php\/wp-json\/wp\/v2\/media?parent=4319"}],"wp:term":[{"taxonomy":"category","embeddable":true,"href":"https:\/\/www.dakarmania.cz\/index.php\/wp-json\/wp\/v2\/categories?post=4319"},{"taxonomy":"post_tag","embeddable":true,"href":"https:\/\/www.dakarmania.cz\/index.php\/wp-json\/wp\/v2\/tags?post=4319"}],"curies":[{"name":"wp","href":"https:\/\/api.w.org\/{rel}","templated":true}]}}