{"id":4358,"date":"2019-03-18T16:45:29","date_gmt":"2019-03-18T15:45:29","guid":{"rendered":"https:\/\/www.dakarmania.cz\/?p=4358"},"modified":"2023-02-10T08:42:13","modified_gmt":"2023-02-10T07:42:13","slug":"van-beveren-premieru-za-volantem-zvladl-a-bavil-se","status":"publish","type":"post","link":"https:\/\/www.dakarmania.cz\/index.php\/2019\/03\/18\/van-beveren-premieru-za-volantem-zvladl-a-bavil-se\/","title":{"rendered":"Van Beveren premi\u00e9ru za volantem zvl\u00e1dl a bavil se"},"content":{"rendered":"<p>[vc_row][vc_column][vc_column_text]<\/p>\n<h4>Adrien Van Beveren svou premi\u00e9ru za volantem sout\u011b\u017en\u00edho vozu zvl\u00e1dl. V\u00edkendovou Rallye Le Touquet \u2013 Pas de Calais, \u00favodn\u00ed podnik francouzsk\u00e9ho asfaltov\u00e9ho \u0161ampion\u00e1tu 2019, dokon\u010dil s vozem kategorie R5 se ct\u00ed.<\/h4>\n<p>Tov\u00e1rn\u00ed jezdec Yamahy si trat\u011b zn\u00e1m\u00e9 francouzsk\u00e9 sout\u011b\u017ee vyzkou\u0161el u\u017e v letech 2014 a 2017 v roli p\u0159edjezdce. Letos v\u0161ak poprv\u00e9 pom\u011b\u0159il sv\u00e9 s\u00edly s dom\u00e1c\u00ed sout\u011b\u017e\u00e1ckou elitou v p\u0159\u00edm\u00e9m souboji. Se zku\u0161en\u00fdm navig\u00e1torem Xavierem Panserim m\u011bli k dispozici Citro\u00ebn C3 R5 p\u0159ipraven\u00fd renomovan\u00fdm t\u00fdmem PH Sport.<\/p>\n<p><a href=\"https:\/\/www.dakarmania.cz\/index.php\/osobnosti\/adrien-van-beveren\/\">Adrien van Beveren<\/a> si na zmokl\u00fdch a uklouzan\u00fdch trat\u00edch prvn\u00ed p\u00e1te\u010dn\u00ed etapy sice neodpustil n\u011bkolik men\u0161\u00edch v\u00fdlet\u016f mimo tra\u0165, ale za volantem si rychle zvykal. Do sout\u011b\u017ee vstoupil 21. \u010dasem na \u00favodn\u00ed rychlostn\u00ed zkou\u0161ce, pak v\u0161ak zrychloval. V sobotu se na dvou m\u011b\u0159en\u00fdch \u00fasec\u00edch prosadil dokonce do elitn\u00ed des\u00edtky.<\/p>\n<p>Celkov\u011b obsadil dvan\u00e1ct\u00e9 m\u00edsto, kdy\u017e p\u0159ed n\u00edm skon\u010dily jen pos\u00e1dky s vozy kategorie R5 a jedna s \u201ew\u00e9erc\u00e9\u010dkem\u201c. N\u011bkolik dal\u0161\u00edch \u201eer-p\u011btek\u201c nechal za sv\u00fdmi z\u00e1dy.<\/p>\n<p><em>\u201eByla to velik\u00e1 z\u00e1bava! Prvn\u00ed zku\u0161enost s rally mi z\u016fstane dlouho v pam\u011bti. P\u0159inesla mi spoustu z\u00e1\u017eitk\u016f a hodn\u011b jsem se nau\u010dil,\u201c<\/em> hodnotil <strong>Adrien Van Beveren<\/strong> v c\u00edli. <em>\u201eZa\u010d\u00ednali jsme od nuly a skon\u010dili jsme p\u0159ed branami prvn\u00ed des\u00edtky klasifikace francouzsk\u00e9ho \u0161ampion\u00e1tu, co\u017e by nebylo mo\u017en\u00e9 bez m\u00e9ho skv\u011bl\u00e9ho spolujezdce Xaviera Panseriho. Chci tak\u00e9 pod\u011bkovat cel\u00e9mu t\u00fdmu PH Sport, kter\u00fd se mnou zach\u00e1zel jako s opravdov\u00fdm jezdcem rally. Ale uji\u0161\u0165uji v\u00e1s, \u017ee m\u00fdm c\u00edlem i nad\u00e1le z\u016fst\u00e1v\u00e1 \u00fasp\u011bch s Yamahou na n\u00e1sleduj\u00edc\u00edch ro\u010dn\u00edc\u00edch Rally Dakar.\u201c<\/em>[\/vc_column_text][vc_btn title=&#8221;V\u00fdsledky Rallye Le Touquet &#8211; Pas de Calais 2019&#8243; style=&#8221;outline&#8221; color=&#8221;warning&#8221; size=&#8221;sm&#8221; align=&#8221;center&#8221; i_icon_fontawesome=&#8221;fa fa-list-ol&#8221; button_block=&#8221;true&#8221; add_icon=&#8221;true&#8221; link=&#8221;url:https%3A%2F%2Fwww.ewrc-results.com%2Fresults%2F55012-rallye-le-touquet-pas-de-calais-2019%2F||target:%20_blank|&#8221;][\/vc_column][\/vc_row]<\/p>\n","protected":false},"excerpt":{"rendered":"<p>Adrien Van Beveren svou premi\u00e9ru za volantem sout\u011b\u017en\u00edho vozu zvl\u00e1dl. Rallye Le Touquet \u2013 Pas de Calais dokon\u010dil s vozem kategorie R5 se ct\u00ed.<\/p>\n","protected":false},"author":1,"featured_media":4357,"comment_status":"closed","ping_status":"closed","sticky":false,"template":"","format":"standard","meta":{"footnotes":""},"categories":[504],"tags":[425,236,506,209,505,328],"class_list":["post-4358","post","type-post","status-publish","format-standard","has-post-thumbnail","hentry","category-zajimavosti","tag-425","tag-adrien-van-beveren","tag-citroen","tag-ph-sport","tag-rallye-le-touquet","tag-xavier-panseri"],"yoast_head":"<!-- This site is optimized with the Yoast SEO plugin v24.9 - https:\/\/yoast.com\/wordpress\/plugins\/seo\/ -->\n<title>Van Beveren premi\u00e9ru za volantem zvl\u00e1dl a bavil se - DAKARMANIA.cz<\/title>\n<meta name=\"description\" content=\"Adrien Van Beveren svou premi\u00e9ru za volantem sout\u011b\u017en\u00edho vozu zvl\u00e1dl. Rallye Le Touquet \u2013 Pas de Calais dokon\u010dil s vozem kategorie R5 se ct\u00ed.\" \/>\n<meta name=\"robots\" content=\"index, follow, max-snippet:-1, max-image-preview:large, max-video-preview:-1\" \/>\n<link rel=\"canonical\" href=\"https:\/\/www.dakarmania.cz\/index.php\/2019\/03\/18\/van-beveren-premieru-za-volantem-zvladl-a-bavil-se\/\" \/>\n<meta property=\"og:locale\" content=\"cs_CZ\" \/>\n<meta property=\"og:type\" content=\"article\" \/>\n<meta property=\"og:title\" content=\"Van Beveren premi\u00e9ru za volantem zvl\u00e1dl a bavil se - DAKARMANIA.cz\" \/>\n<meta property=\"og:description\" content=\"Adrien Van Beveren svou premi\u00e9ru za volantem sout\u011b\u017en\u00edho vozu zvl\u00e1dl. Rallye Le Touquet \u2013 Pas de Calais dokon\u010dil s vozem kategorie R5 se ct\u00ed.\" \/>\n<meta property=\"og:url\" content=\"https:\/\/www.dakarmania.cz\/index.php\/2019\/03\/18\/van-beveren-premieru-za-volantem-zvladl-a-bavil-se\/\" \/>\n<meta property=\"og:site_name\" content=\"DAKARMANIA.cz\" \/>\n<meta property=\"article:publisher\" content=\"https:\/\/www.facebook.com\/dakarmania\/\" \/>\n<meta property=\"article:published_time\" content=\"2019-03-18T15:45:29+00:00\" \/>\n<meta property=\"article:modified_time\" content=\"2023-02-10T07:42:13+00:00\" \/>\n<meta property=\"og:image\" content=\"https:\/\/www.dakarmania.cz\/wp-content\/uploads\/2019\/03\/19-le-touquet-van-beveren-01.jpg\" \/>\n\t<meta property=\"og:image:width\" content=\"768\" \/>\n\t<meta property=\"og:image:height\" content=\"512\" \/>\n\t<meta property=\"og:image:type\" content=\"image\/jpeg\" \/>\n<meta name=\"author\" content=\"Zden\u011bk Zelenka\" \/>\n<meta name=\"twitter:card\" content=\"summary_large_image\" \/>\n<meta name=\"twitter:label1\" content=\"Napsal(a)\" \/>\n\t<meta name=\"twitter:data1\" content=\"Zden\u011bk Zelenka\" \/>\n\t<meta name=\"twitter:label2\" content=\"Odhadovan\u00e1 doba \u010dten\u00ed\" \/>\n\t<meta name=\"twitter:data2\" content=\"2 minuty\" \/>\n<script type=\"application\/ld+json\" class=\"yoast-schema-graph\">{\"@context\":\"https:\/\/schema.org\",\"@graph\":[{\"@type\":\"Article\",\"@id\":\"https:\/\/www.dakarmania.cz\/index.php\/2019\/03\/18\/van-beveren-premieru-za-volantem-zvladl-a-bavil-se\/#article\",\"isPartOf\":{\"@id\":\"https:\/\/www.dakarmania.cz\/index.php\/2019\/03\/18\/van-beveren-premieru-za-volantem-zvladl-a-bavil-se\/\"},\"author\":{\"name\":\"Zden\u011bk Zelenka\",\"@id\":\"https:\/\/www.dakarmania.cz\/#\/schema\/person\/04eb0e87a389631c2169c0dddae7ff1e\"},\"headline\":\"Van Beveren premi\u00e9ru za volantem zvl\u00e1dl a bavil se\",\"datePublished\":\"2019-03-18T15:45:29+00:00\",\"dateModified\":\"2023-02-10T07:42:13+00:00\",\"mainEntityOfPage\":{\"@id\":\"https:\/\/www.dakarmania.cz\/index.php\/2019\/03\/18\/van-beveren-premieru-za-volantem-zvladl-a-bavil-se\/\"},\"wordCount\":396,\"publisher\":{\"@id\":\"https:\/\/www.dakarmania.cz\/#organization\"},\"image\":{\"@id\":\"https:\/\/www.dakarmania.cz\/index.php\/2019\/03\/18\/van-beveren-premieru-za-volantem-zvladl-a-bavil-se\/#primaryimage\"},\"thumbnailUrl\":\"https:\/\/www.dakarmania.cz\/wp-content\/uploads\/2019\/03\/19-le-touquet-van-beveren-01.jpg\",\"keywords\":[\"2019\",\"Adrien Van Beveren\",\"Citro\u00ebn\",\"PH Sport\",\"Rallye Le Touquet\",\"Xavier Panseri\"],\"articleSection\":[\"Zaj\u00edmavosti\"],\"inLanguage\":\"cs\"},{\"@type\":\"WebPage\",\"@id\":\"https:\/\/www.dakarmania.cz\/index.php\/2019\/03\/18\/van-beveren-premieru-za-volantem-zvladl-a-bavil-se\/\",\"url\":\"https:\/\/www.dakarmania.cz\/index.php\/2019\/03\/18\/van-beveren-premieru-za-volantem-zvladl-a-bavil-se\/\",\"name\":\"Van Beveren premi\u00e9ru za volantem zvl\u00e1dl a bavil se - DAKARMANIA.cz\",\"isPartOf\":{\"@id\":\"https:\/\/www.dakarmania.cz\/#website\"},\"primaryImageOfPage\":{\"@id\":\"https:\/\/www.dakarmania.cz\/index.php\/2019\/03\/18\/van-beveren-premieru-za-volantem-zvladl-a-bavil-se\/#primaryimage\"},\"image\":{\"@id\":\"https:\/\/www.dakarmania.cz\/index.php\/2019\/03\/18\/van-beveren-premieru-za-volantem-zvladl-a-bavil-se\/#primaryimage\"},\"thumbnailUrl\":\"https:\/\/www.dakarmania.cz\/wp-content\/uploads\/2019\/03\/19-le-touquet-van-beveren-01.jpg\",\"datePublished\":\"2019-03-18T15:45:29+00:00\",\"dateModified\":\"2023-02-10T07:42:13+00:00\",\"description\":\"Adrien Van Beveren svou premi\u00e9ru za volantem sout\u011b\u017en\u00edho vozu zvl\u00e1dl. Rallye Le Touquet \u2013 Pas de Calais dokon\u010dil s vozem kategorie R5 se ct\u00ed.\",\"breadcrumb\":{\"@id\":\"https:\/\/www.dakarmania.cz\/index.php\/2019\/03\/18\/van-beveren-premieru-za-volantem-zvladl-a-bavil-se\/#breadcrumb\"},\"inLanguage\":\"cs\",\"potentialAction\":[{\"@type\":\"ReadAction\",\"target\":[\"https:\/\/www.dakarmania.cz\/index.php\/2019\/03\/18\/van-beveren-premieru-za-volantem-zvladl-a-bavil-se\/\"]}]},{\"@type\":\"ImageObject\",\"inLanguage\":\"cs\",\"@id\":\"https:\/\/www.dakarmania.cz\/index.php\/2019\/03\/18\/van-beveren-premieru-za-volantem-zvladl-a-bavil-se\/#primaryimage\",\"url\":\"https:\/\/www.dakarmania.cz\/wp-content\/uploads\/2019\/03\/19-le-touquet-van-beveren-01.jpg\",\"contentUrl\":\"https:\/\/www.dakarmania.cz\/wp-content\/uploads\/2019\/03\/19-le-touquet-van-beveren-01.jpg\",\"width\":768,\"height\":512,\"caption\":\"Adrien Van Beveren \/ Xavier Panseri, Citro\u00ebn C3 R5, PH Sport. Rallye Le Touquet 2019. \u00a9 Touquet Automobile Club\"},{\"@type\":\"BreadcrumbList\",\"@id\":\"https:\/\/www.dakarmania.cz\/index.php\/2019\/03\/18\/van-beveren-premieru-za-volantem-zvladl-a-bavil-se\/#breadcrumb\",\"itemListElement\":[{\"@type\":\"ListItem\",\"position\":1,\"name\":\"Dom\u016f\",\"item\":\"https:\/\/www.dakarmania.cz\/\"},{\"@type\":\"ListItem\",\"position\":2,\"name\":\"Van Beveren premi\u00e9ru za volantem zvl\u00e1dl a bavil se\"}]},{\"@type\":\"WebSite\",\"@id\":\"https:\/\/www.dakarmania.cz\/#website\",\"url\":\"https:\/\/www.dakarmania.cz\/\",\"name\":\"DAKARMANIA.cz\",\"description\":\"\u017dijeme Dakarem cel\u00fd rok\",\"publisher\":{\"@id\":\"https:\/\/www.dakarmania.cz\/#organization\"},\"potentialAction\":[{\"@type\":\"SearchAction\",\"target\":{\"@type\":\"EntryPoint\",\"urlTemplate\":\"https:\/\/www.dakarmania.cz\/?s={search_term_string}\"},\"query-input\":{\"@type\":\"PropertyValueSpecification\",\"valueRequired\":true,\"valueName\":\"search_term_string\"}}],\"inLanguage\":\"cs\"},{\"@type\":\"Organization\",\"@id\":\"https:\/\/www.dakarmania.cz\/#organization\",\"name\":\"DAKAR MANIA\",\"url\":\"https:\/\/www.dakarmania.cz\/\",\"logo\":{\"@type\":\"ImageObject\",\"inLanguage\":\"cs\",\"@id\":\"https:\/\/www.dakarmania.cz\/#\/schema\/logo\/image\/\",\"url\":\"https:\/\/www.dakarmania.cz\/wp-content\/uploads\/2018\/12\/Dakar-Mania-Logo-Square-Orange.png\",\"contentUrl\":\"https:\/\/www.dakarmania.cz\/wp-content\/uploads\/2018\/12\/Dakar-Mania-Logo-Square-Orange.png\",\"width\":992,\"height\":992,\"caption\":\"DAKAR MANIA\"},\"image\":{\"@id\":\"https:\/\/www.dakarmania.cz\/#\/schema\/logo\/image\/\"},\"sameAs\":[\"https:\/\/www.facebook.com\/dakarmania\/\"]},{\"@type\":\"Person\",\"@id\":\"https:\/\/www.dakarmania.cz\/#\/schema\/person\/04eb0e87a389631c2169c0dddae7ff1e\",\"name\":\"Zden\u011bk Zelenka\",\"image\":{\"@type\":\"ImageObject\",\"inLanguage\":\"cs\",\"@id\":\"https:\/\/www.dakarmania.cz\/#\/schema\/person\/image\/\",\"url\":\"https:\/\/secure.gravatar.com\/avatar\/2c80d5a4942fe0900b73cc7d3837a509d6ee0a276a2b76dac95c92bd0763a89b?s=96&d=mm&r=g\",\"contentUrl\":\"https:\/\/secure.gravatar.com\/avatar\/2c80d5a4942fe0900b73cc7d3837a509d6ee0a276a2b76dac95c92bd0763a89b?s=96&d=mm&r=g\",\"caption\":\"Zden\u011bk Zelenka\"},\"description\":\"Moji d\u011bt\u0161t\u00ed hrdinov\u00e9 se jmenovali Loprais, Moskal, Neveu, Vatanen, Rahier... A tihle borci, jejich n\u00e1sledovn\u00edci a jejich p\u0159\u00edb\u011bhy m\u011b nep\u0159estali fascinovat ani po letech, kdy jsem vyrostl a zam\u011bstn\u00e1valy m\u011b jin\u00e9 discipl\u00edny motorsportu. Proto se zrodila DAKARMANIA.\",\"url\":\"https:\/\/www.dakarmania.cz\/index.php\/author\/dakarmania\/\"}]}<\/script>\n<!-- \/ Yoast SEO plugin. -->","yoast_head_json":{"title":"Van Beveren premi\u00e9ru za volantem zvl\u00e1dl a bavil se - DAKARMANIA.cz","description":"Adrien Van Beveren svou premi\u00e9ru za volantem sout\u011b\u017en\u00edho vozu zvl\u00e1dl. Rallye Le Touquet \u2013 Pas de Calais dokon\u010dil s vozem kategorie R5 se ct\u00ed.","robots":{"index":"index","follow":"follow","max-snippet":"max-snippet:-1","max-image-preview":"max-image-preview:large","max-video-preview":"max-video-preview:-1"},"canonical":"https:\/\/www.dakarmania.cz\/index.php\/2019\/03\/18\/van-beveren-premieru-za-volantem-zvladl-a-bavil-se\/","og_locale":"cs_CZ","og_type":"article","og_title":"Van Beveren premi\u00e9ru za volantem zvl\u00e1dl a bavil se - DAKARMANIA.cz","og_description":"Adrien Van Beveren svou premi\u00e9ru za volantem sout\u011b\u017en\u00edho vozu zvl\u00e1dl. Rallye Le Touquet \u2013 Pas de Calais dokon\u010dil s vozem kategorie R5 se ct\u00ed.","og_url":"https:\/\/www.dakarmania.cz\/index.php\/2019\/03\/18\/van-beveren-premieru-za-volantem-zvladl-a-bavil-se\/","og_site_name":"DAKARMANIA.cz","article_publisher":"https:\/\/www.facebook.com\/dakarmania\/","article_published_time":"2019-03-18T15:45:29+00:00","article_modified_time":"2023-02-10T07:42:13+00:00","og_image":[{"width":768,"height":512,"url":"https:\/\/www.dakarmania.cz\/wp-content\/uploads\/2019\/03\/19-le-touquet-van-beveren-01.jpg","type":"image\/jpeg"}],"author":"Zden\u011bk Zelenka","twitter_card":"summary_large_image","twitter_misc":{"Napsal(a)":"Zden\u011bk Zelenka","Odhadovan\u00e1 doba \u010dten\u00ed":"2 minuty"},"schema":{"@context":"https:\/\/schema.org","@graph":[{"@type":"Article","@id":"https:\/\/www.dakarmania.cz\/index.php\/2019\/03\/18\/van-beveren-premieru-za-volantem-zvladl-a-bavil-se\/#article","isPartOf":{"@id":"https:\/\/www.dakarmania.cz\/index.php\/2019\/03\/18\/van-beveren-premieru-za-volantem-zvladl-a-bavil-se\/"},"author":{"name":"Zden\u011bk Zelenka","@id":"https:\/\/www.dakarmania.cz\/#\/schema\/person\/04eb0e87a389631c2169c0dddae7ff1e"},"headline":"Van Beveren premi\u00e9ru za volantem zvl\u00e1dl a bavil se","datePublished":"2019-03-18T15:45:29+00:00","dateModified":"2023-02-10T07:42:13+00:00","mainEntityOfPage":{"@id":"https:\/\/www.dakarmania.cz\/index.php\/2019\/03\/18\/van-beveren-premieru-za-volantem-zvladl-a-bavil-se\/"},"wordCount":396,"publisher":{"@id":"https:\/\/www.dakarmania.cz\/#organization"},"image":{"@id":"https:\/\/www.dakarmania.cz\/index.php\/2019\/03\/18\/van-beveren-premieru-za-volantem-zvladl-a-bavil-se\/#primaryimage"},"thumbnailUrl":"https:\/\/www.dakarmania.cz\/wp-content\/uploads\/2019\/03\/19-le-touquet-van-beveren-01.jpg","keywords":["2019","Adrien Van Beveren","Citro\u00ebn","PH Sport","Rallye Le Touquet","Xavier Panseri"],"articleSection":["Zaj\u00edmavosti"],"inLanguage":"cs"},{"@type":"WebPage","@id":"https:\/\/www.dakarmania.cz\/index.php\/2019\/03\/18\/van-beveren-premieru-za-volantem-zvladl-a-bavil-se\/","url":"https:\/\/www.dakarmania.cz\/index.php\/2019\/03\/18\/van-beveren-premieru-za-volantem-zvladl-a-bavil-se\/","name":"Van Beveren premi\u00e9ru za volantem zvl\u00e1dl a bavil se - DAKARMANIA.cz","isPartOf":{"@id":"https:\/\/www.dakarmania.cz\/#website"},"primaryImageOfPage":{"@id":"https:\/\/www.dakarmania.cz\/index.php\/2019\/03\/18\/van-beveren-premieru-za-volantem-zvladl-a-bavil-se\/#primaryimage"},"image":{"@id":"https:\/\/www.dakarmania.cz\/index.php\/2019\/03\/18\/van-beveren-premieru-za-volantem-zvladl-a-bavil-se\/#primaryimage"},"thumbnailUrl":"https:\/\/www.dakarmania.cz\/wp-content\/uploads\/2019\/03\/19-le-touquet-van-beveren-01.jpg","datePublished":"2019-03-18T15:45:29+00:00","dateModified":"2023-02-10T07:42:13+00:00","description":"Adrien Van Beveren svou premi\u00e9ru za volantem sout\u011b\u017en\u00edho vozu zvl\u00e1dl. Rallye Le Touquet \u2013 Pas de Calais dokon\u010dil s vozem kategorie R5 se ct\u00ed.","breadcrumb":{"@id":"https:\/\/www.dakarmania.cz\/index.php\/2019\/03\/18\/van-beveren-premieru-za-volantem-zvladl-a-bavil-se\/#breadcrumb"},"inLanguage":"cs","potentialAction":[{"@type":"ReadAction","target":["https:\/\/www.dakarmania.cz\/index.php\/2019\/03\/18\/van-beveren-premieru-za-volantem-zvladl-a-bavil-se\/"]}]},{"@type":"ImageObject","inLanguage":"cs","@id":"https:\/\/www.dakarmania.cz\/index.php\/2019\/03\/18\/van-beveren-premieru-za-volantem-zvladl-a-bavil-se\/#primaryimage","url":"https:\/\/www.dakarmania.cz\/wp-content\/uploads\/2019\/03\/19-le-touquet-van-beveren-01.jpg","contentUrl":"https:\/\/www.dakarmania.cz\/wp-content\/uploads\/2019\/03\/19-le-touquet-van-beveren-01.jpg","width":768,"height":512,"caption":"Adrien Van Beveren \/ Xavier Panseri, Citro\u00ebn C3 R5, PH Sport. Rallye Le Touquet 2019. \u00a9 Touquet Automobile Club"},{"@type":"BreadcrumbList","@id":"https:\/\/www.dakarmania.cz\/index.php\/2019\/03\/18\/van-beveren-premieru-za-volantem-zvladl-a-bavil-se\/#breadcrumb","itemListElement":[{"@type":"ListItem","position":1,"name":"Dom\u016f","item":"https:\/\/www.dakarmania.cz\/"},{"@type":"ListItem","position":2,"name":"Van Beveren premi\u00e9ru za volantem zvl\u00e1dl a bavil se"}]},{"@type":"WebSite","@id":"https:\/\/www.dakarmania.cz\/#website","url":"https:\/\/www.dakarmania.cz\/","name":"DAKARMANIA.cz","description":"\u017dijeme Dakarem cel\u00fd rok","publisher":{"@id":"https:\/\/www.dakarmania.cz\/#organization"},"potentialAction":[{"@type":"SearchAction","target":{"@type":"EntryPoint","urlTemplate":"https:\/\/www.dakarmania.cz\/?s={search_term_string}"},"query-input":{"@type":"PropertyValueSpecification","valueRequired":true,"valueName":"search_term_string"}}],"inLanguage":"cs"},{"@type":"Organization","@id":"https:\/\/www.dakarmania.cz\/#organization","name":"DAKAR MANIA","url":"https:\/\/www.dakarmania.cz\/","logo":{"@type":"ImageObject","inLanguage":"cs","@id":"https:\/\/www.dakarmania.cz\/#\/schema\/logo\/image\/","url":"https:\/\/www.dakarmania.cz\/wp-content\/uploads\/2018\/12\/Dakar-Mania-Logo-Square-Orange.png","contentUrl":"https:\/\/www.dakarmania.cz\/wp-content\/uploads\/2018\/12\/Dakar-Mania-Logo-Square-Orange.png","width":992,"height":992,"caption":"DAKAR MANIA"},"image":{"@id":"https:\/\/www.dakarmania.cz\/#\/schema\/logo\/image\/"},"sameAs":["https:\/\/www.facebook.com\/dakarmania\/"]},{"@type":"Person","@id":"https:\/\/www.dakarmania.cz\/#\/schema\/person\/04eb0e87a389631c2169c0dddae7ff1e","name":"Zden\u011bk Zelenka","image":{"@type":"ImageObject","inLanguage":"cs","@id":"https:\/\/www.dakarmania.cz\/#\/schema\/person\/image\/","url":"https:\/\/secure.gravatar.com\/avatar\/2c80d5a4942fe0900b73cc7d3837a509d6ee0a276a2b76dac95c92bd0763a89b?s=96&d=mm&r=g","contentUrl":"https:\/\/secure.gravatar.com\/avatar\/2c80d5a4942fe0900b73cc7d3837a509d6ee0a276a2b76dac95c92bd0763a89b?s=96&d=mm&r=g","caption":"Zden\u011bk Zelenka"},"description":"Moji d\u011bt\u0161t\u00ed hrdinov\u00e9 se jmenovali Loprais, Moskal, Neveu, Vatanen, Rahier... A tihle borci, jejich n\u00e1sledovn\u00edci a jejich p\u0159\u00edb\u011bhy m\u011b nep\u0159estali fascinovat ani po letech, kdy jsem vyrostl a zam\u011bstn\u00e1valy m\u011b jin\u00e9 discipl\u00edny motorsportu. Proto se zrodila DAKARMANIA.","url":"https:\/\/www.dakarmania.cz\/index.php\/author\/dakarmania\/"}]}},"amp_enabled":true,"_links":{"self":[{"href":"https:\/\/www.dakarmania.cz\/index.php\/wp-json\/wp\/v2\/posts\/4358","targetHints":{"allow":["GET"]}}],"collection":[{"href":"https:\/\/www.dakarmania.cz\/index.php\/wp-json\/wp\/v2\/posts"}],"about":[{"href":"https:\/\/www.dakarmania.cz\/index.php\/wp-json\/wp\/v2\/types\/post"}],"author":[{"embeddable":true,"href":"https:\/\/www.dakarmania.cz\/index.php\/wp-json\/wp\/v2\/users\/1"}],"replies":[{"embeddable":true,"href":"https:\/\/www.dakarmania.cz\/index.php\/wp-json\/wp\/v2\/comments?post=4358"}],"version-history":[{"count":4,"href":"https:\/\/www.dakarmania.cz\/index.php\/wp-json\/wp\/v2\/posts\/4358\/revisions"}],"predecessor-version":[{"id":23641,"href":"https:\/\/www.dakarmania.cz\/index.php\/wp-json\/wp\/v2\/posts\/4358\/revisions\/23641"}],"wp:featuredmedia":[{"embeddable":true,"href":"https:\/\/www.dakarmania.cz\/index.php\/wp-json\/wp\/v2\/media\/4357"}],"wp:attachment":[{"href":"https:\/\/www.dakarmania.cz\/index.php\/wp-json\/wp\/v2\/media?parent=4358"}],"wp:term":[{"taxonomy":"category","embeddable":true,"href":"https:\/\/www.dakarmania.cz\/index.php\/wp-json\/wp\/v2\/categories?post=4358"},{"taxonomy":"post_tag","embeddable":true,"href":"https:\/\/www.dakarmania.cz\/index.php\/wp-json\/wp\/v2\/tags?post=4358"}],"curies":[{"name":"wp","href":"https:\/\/api.w.org\/{rel}","templated":true}]}}