{"id":4398,"date":"2019-03-19T12:53:16","date_gmt":"2019-03-19T11:53:16","guid":{"rendered":"https:\/\/www.dakarmania.cz\/?p=4398"},"modified":"2019-10-22T16:27:44","modified_gmt":"2019-10-22T14:27:44","slug":"sance-pro-przygonskeho-al-attiyah-vynecha-abu-dhabi","status":"publish","type":"post","link":"https:\/\/www.dakarmania.cz\/index.php\/2019\/03\/19\/sance-pro-przygonskeho-al-attiyah-vynecha-abu-dhabi\/","title":{"rendered":"\u0160ance pro Przygo\u0144sk\u00e9ho. Al-Attiyah vynech\u00e1 Abu Dhabi"},"content":{"rendered":"<p>[vc_row][vc_column][vc_column_text]<\/p>\n<h4>Leader pr\u016fb\u011b\u017en\u00e9ho hodnocen\u00ed Sv\u011btov\u00e9ho poh\u00e1ru FIA v cross-country rally Nasser Al-Attiyah vynech\u00e1 druh\u00fd podnik s\u00e9rie v Abu Dhabi. Vznikl\u00e1 situace hraje do karet p\u0159edev\u0161\u00edm Kubovi Przygo\u0144sk\u00e9mu, kter\u00fd vy\u0161el z \u00favodn\u00ed rally v Kataru bodov\u011b napr\u00e1zdno.<\/h4>\n<p><a href=\"https:\/\/www.dakarmania.cz\/index.php\/osobnosti\/nasser-al-attiyah\/\">Nasser Al-Attiyah<\/a> a jeho navig\u00e1tor <a href=\"https:\/\/www.dakarmania.cz\/index.php\/osobnosti\/mathieu-baumel\/\">Mathieu Baumel<\/a> dali p\u0159ednost Merzouga Rally, kter\u00e1 se jede prakticky ve stejn\u00e9m term\u00ednu v Maroku. Nen\u00ed bez zaj\u00edmavosti, \u017ee sout\u011b\u017e je vyps\u00e1na pouze pro motocykly, \u010dty\u0159kolky a vozy kategorie side-by-side. Katarsko-francouzsk\u00e1 pos\u00e1dka tud\u00ed\u017e nepojede s Hiluxem tov\u00e1rn\u00edho t\u00fdmu Toyota, ale pr\u00e1v\u011b s buginou SxS.[\/vc_column_text][vc_cta h2=&#8221;&#8221; txt_align=&#8221;center&#8221; color=&#8221;grey&#8221; el_width=&#8221;xl&#8221; css=&#8221;.vc_custom_1552995201335{border-top-width: 1px !important;border-right-width: 1px !important;border-bottom-width: 1px !important;border-left-width: 1px !important;border-left-color: #f49b00 !important;border-right-color: #f49b00 !important;border-top-color: #f49b00 !important;border-bottom-color: #f49b00 !important;}&#8221;]<\/p>\n<h2 style=\"text-align: center;\"><a href=\"https:\/\/www.dakarmania.cz\/index.php\/sampionaty\/svetovy-pohar-fia-v-cross-country-rally-2019\/addc-2019\/\"><strong>Abu Dhabi Desert Challenge podrobn\u011b<\/strong><\/a><\/h2>\n<p style=\"text-align: center;\"><a href=\"https:\/\/www.dakarmania.cz\/index.php\/sampionaty\/svetovy-pohar-fia-v-cross-country-rally-2019\/addc-2019\/\">&gt;&gt; info, dokumenty, zaj\u00edmavosti, historie<\/a><\/p>\n<p>[\/vc_cta][vc_column_text]Al-Attiyahova ne\u00fa\u010dast na Abu Dhabi Desert Challenge (ADDC) m\u016f\u017ee paradoxn\u011b p\u0159isp\u011bt ke zv\u00fd\u0161en\u00ed zaj\u00edmavosti dal\u0161\u00edho pr\u016fb\u011bhu leto\u0161n\u00ed sezony <a href=\"https:\/\/www.dakarmania.cz\/index.php\/sampionaty\/svetovy-pohar-fia-v-cross-country-rally-2019\/\">Sv\u011btov\u00e9ho poh\u00e1ru FIA v cross-country rally<\/a>. Zat\u00edmco Kata\u0159an v \u00fanoru <a href=\"https:\/\/www.dakarmania.cz\/index.php\/2019\/02\/26\/qatar-ccr-2019-nasser-al-attiyah-se-vraci-na-domaci-trun\/\">na dom\u00e1c\u00ed p\u016fd\u011b triumfoval<\/a>, obh\u00e1jce titulu Kuba Przygo\u0144ski <a href=\"https:\/\/www.dakarmania.cz\/index.php\/2019\/02\/26\/qatar-ccr-2019-kuba-przygonski-diskvalifikovan\/\">byl diskvalifikov\u00e1n<\/a> a p\u0159i\u0161el o body za t\u0159et\u00ed m\u00edsto.<\/p>\n<p>Jezdec Orlen Teamu, kter\u00fd p\u0159ed rokem obsadil v Abu Dhabi druh\u00e9 m\u00edsto, nyn\u00ed dost\u00e1v\u00e1 p\u0159\u00edle\u017eitost smazat sv\u00e9 manko. Zat\u00edm nen\u00ed jasn\u00e9, zda pojede stejn\u011b jako v Kataru s Mini JCW Rally, nebo s Mini JCW Buggy (na tituln\u00ed fotografii), s n\u00edm\u017e na po\u010d\u00e1tku b\u0159ezna <a href=\"https:\/\/www.dakarmania.cz\/index.php\/2019\/03\/09\/przygonski-vyhral-s-buggy\/\">vyhr\u00e1l dubajskou baju<\/a>. S ohledem na charakter ADDC by byla buggy logi\u010dt\u011bj\u0161\u00ed volbou. Na definitivn\u00ed informaci si v\u0161ak budeme muset po\u010dkat nejsp\u00ed\u0161 do p\u00e1tku, kdy by m\u011bl b\u00fdt zve\u0159ejn\u011bn seznam p\u0159ihl\u00e1\u0161en\u00fdch pos\u00e1dek.[\/vc_column_text][vc_single_image image=&#8221;4395&#8243; img_size=&#8221;large&#8221; add_caption=&#8221;yes&#8221; alignment=&#8221;center&#8221;][vc_column_text]K nejv\u011bt\u0161\u00edm soupe\u0159\u016fm Kuby Przygo\u0144sk\u00e9ho by m\u011bl pat\u0159it <a href=\"https:\/\/www.dakarmania.cz\/index.php\/osobnosti\/martin-prokop\/\">Martin Prokop<\/a> s Fordem, jen\u017e se v Abu Dhabi pokus\u00ed o obhajobu lo\u0148sk\u00e9ho v\u00edt\u011bzstv\u00ed. Po\u0159adatel\u00e9 rally dnes v ofici\u00e1ln\u00ed tiskov\u00e9 zpr\u00e1v\u011b potvrdili tak\u00e9 start Yazeeda Al-Rajhiho (Toyota) a Vladimira Vasiljeva, kte\u0159\u00ed po \u00favodn\u00ed <a href=\"https:\/\/www.dakarmania.cz\/index.php\/sampionaty\/svetovy-pohar-fia-v-cross-country-rally-2019\/qatar-cross-country-rally-2019\/\">Qatar Cross-Country Rally<\/a> figuruj\u00ed na druh\u00e9, resp. t\u0159et\u00ed pozici pr\u016fb\u011b\u017en\u00e9ho hodnocen\u00ed sv\u011btov\u00e9ho poh\u00e1ru. Rus je nav\u00edc dvojn\u00e1sobn\u00fdm v\u00edt\u011bzem ADDC (2014 a 2015).<\/p>\n<p>Abu Dhabi Desert Challenge 2019 m\u00e1 p\u011bt etap a celkem m\u011b\u0159\u00ed 2007 km, z nich\u017e se 1283 pojede v r\u00e1mci rychlostn\u00edch zkou\u0161ek. Prvn\u00ed etapa startuje v ned\u011bli 31. b\u0159ezna v 6 hodin na\u0161eho \u010dasu.[\/vc_column_text][\/vc_column][\/vc_row]<\/p>\n","protected":false},"excerpt":{"rendered":"<p>Nasser Al-Attiyah vynech\u00e1 Abu Dhabi Desert Challenge. Vznikl\u00e1 situace hraje do karet p\u0159edev\u0161\u00edm Kubovi Przygo\u0144sk\u00e9mu, kter\u00fd vy\u0161el v Kataru bodov\u011b napr\u00e1zdno.<\/p>\n","protected":false},"author":1,"featured_media":4396,"comment_status":"open","ping_status":"closed","sticky":false,"template":"","format":"standard","meta":{"footnotes":""},"categories":[520,3,97],"tags":[425,521,522,288,5,204,203,105,413,305,327],"class_list":["post-4398","post","type-post","status-publish","format-standard","has-post-thumbnail","hentry","category-abu-dhabi-desert-challenge","category-auto","category-fia-ccr","tag-425","tag-addc","tag-addc-2019","tag-kuba-przygonski","tag-martin-prokop","tag-mathieu-baumel","tag-nasser-al-attiyah","tag-sp-fia-ccr","tag-sp-fia-ccr-2019","tag-vladimir-vasiljev","tag-yazeed-al-rajhi"],"yoast_head":"<!-- This site is optimized with the Yoast SEO plugin v24.9 - https:\/\/yoast.com\/wordpress\/plugins\/seo\/ -->\n<title>\u0160ance pro Przygo\u0144sk\u00e9ho. Al-Attiyah vynech\u00e1 Abu Dhabi - DAKARMANIA.cz<\/title>\n<meta name=\"description\" content=\"Nasser Al-Attiyah vynech\u00e1 Abu Dhabi Desert Challenge. Vznikl\u00e1 situace hraje do karet p\u0159edev\u0161\u00edm Kubovi Przygo\u0144sk\u00e9mu, kter\u00fd vy\u0161el v Kataru bodov\u011b napr\u00e1zdno.\" \/>\n<meta name=\"robots\" content=\"index, follow, max-snippet:-1, max-image-preview:large, max-video-preview:-1\" \/>\n<link rel=\"canonical\" href=\"https:\/\/www.dakarmania.cz\/index.php\/2019\/03\/19\/sance-pro-przygonskeho-al-attiyah-vynecha-abu-dhabi\/\" \/>\n<meta property=\"og:locale\" content=\"cs_CZ\" \/>\n<meta property=\"og:type\" content=\"article\" \/>\n<meta property=\"og:title\" content=\"\u0160ance pro Przygo\u0144sk\u00e9ho. Al-Attiyah vynech\u00e1 Abu Dhabi - DAKARMANIA.cz\" \/>\n<meta property=\"og:description\" content=\"Nasser Al-Attiyah vynech\u00e1 Abu Dhabi Desert Challenge. Vznikl\u00e1 situace hraje do karet p\u0159edev\u0161\u00edm Kubovi Przygo\u0144sk\u00e9mu, kter\u00fd vy\u0161el v Kataru bodov\u011b napr\u00e1zdno.\" \/>\n<meta property=\"og:url\" content=\"https:\/\/www.dakarmania.cz\/index.php\/2019\/03\/19\/sance-pro-przygonskeho-al-attiyah-vynecha-abu-dhabi\/\" \/>\n<meta property=\"og:site_name\" content=\"DAKARMANIA.cz\" \/>\n<meta property=\"article:publisher\" content=\"https:\/\/www.facebook.com\/dakarmania\/\" \/>\n<meta property=\"article:published_time\" content=\"2019-03-19T11:53:16+00:00\" \/>\n<meta property=\"article:modified_time\" content=\"2019-10-22T14:27:44+00:00\" \/>\n<meta property=\"og:image\" content=\"https:\/\/www.dakarmania.cz\/wp-content\/uploads\/2019\/03\/19-dubai-przygonski-09.jpg\" \/>\n\t<meta property=\"og:image:width\" content=\"2048\" \/>\n\t<meta property=\"og:image:height\" content=\"1365\" \/>\n\t<meta property=\"og:image:type\" content=\"image\/jpeg\" \/>\n<meta name=\"author\" content=\"Zden\u011bk Zelenka\" \/>\n<meta name=\"twitter:card\" content=\"summary_large_image\" \/>\n<meta name=\"twitter:label1\" content=\"Napsal(a)\" \/>\n\t<meta name=\"twitter:data1\" content=\"Zden\u011bk Zelenka\" \/>\n\t<meta name=\"twitter:label2\" content=\"Odhadovan\u00e1 doba \u010dten\u00ed\" \/>\n\t<meta name=\"twitter:data2\" content=\"2 minuty\" \/>\n<script type=\"application\/ld+json\" class=\"yoast-schema-graph\">{\"@context\":\"https:\/\/schema.org\",\"@graph\":[{\"@type\":\"Article\",\"@id\":\"https:\/\/www.dakarmania.cz\/index.php\/2019\/03\/19\/sance-pro-przygonskeho-al-attiyah-vynecha-abu-dhabi\/#article\",\"isPartOf\":{\"@id\":\"https:\/\/www.dakarmania.cz\/index.php\/2019\/03\/19\/sance-pro-przygonskeho-al-attiyah-vynecha-abu-dhabi\/\"},\"author\":{\"name\":\"Zden\u011bk Zelenka\",\"@id\":\"https:\/\/www.dakarmania.cz\/#\/schema\/person\/04eb0e87a389631c2169c0dddae7ff1e\"},\"headline\":\"\u0160ance pro Przygo\u0144sk\u00e9ho. Al-Attiyah vynech\u00e1 Abu Dhabi\",\"datePublished\":\"2019-03-19T11:53:16+00:00\",\"dateModified\":\"2019-10-22T14:27:44+00:00\",\"mainEntityOfPage\":{\"@id\":\"https:\/\/www.dakarmania.cz\/index.php\/2019\/03\/19\/sance-pro-przygonskeho-al-attiyah-vynecha-abu-dhabi\/\"},\"wordCount\":503,\"commentCount\":0,\"publisher\":{\"@id\":\"https:\/\/www.dakarmania.cz\/#organization\"},\"image\":{\"@id\":\"https:\/\/www.dakarmania.cz\/index.php\/2019\/03\/19\/sance-pro-przygonskeho-al-attiyah-vynecha-abu-dhabi\/#primaryimage\"},\"thumbnailUrl\":\"https:\/\/www.dakarmania.cz\/wp-content\/uploads\/2019\/03\/19-dubai-przygonski-09.jpg\",\"keywords\":[\"2019\",\"ADDC\",\"ADDC 2019\",\"Kuba Przygo\u0144ski\",\"Martin Prokop\",\"Mathieu Baumel\",\"Nasser Al-Attiyah\",\"SP FIA CCR\",\"SP FIA CCR 2019\",\"Vladimir Vasiljev\",\"Yazeed Al-Rajhi\"],\"articleSection\":[\"Abu Dhabi Desert Challenge\",\"Auto\",\"FIA SP CCR\"],\"inLanguage\":\"cs\",\"potentialAction\":[{\"@type\":\"CommentAction\",\"name\":\"Comment\",\"target\":[\"https:\/\/www.dakarmania.cz\/index.php\/2019\/03\/19\/sance-pro-przygonskeho-al-attiyah-vynecha-abu-dhabi\/#respond\"]}]},{\"@type\":\"WebPage\",\"@id\":\"https:\/\/www.dakarmania.cz\/index.php\/2019\/03\/19\/sance-pro-przygonskeho-al-attiyah-vynecha-abu-dhabi\/\",\"url\":\"https:\/\/www.dakarmania.cz\/index.php\/2019\/03\/19\/sance-pro-przygonskeho-al-attiyah-vynecha-abu-dhabi\/\",\"name\":\"\u0160ance pro Przygo\u0144sk\u00e9ho. Al-Attiyah vynech\u00e1 Abu Dhabi - DAKARMANIA.cz\",\"isPartOf\":{\"@id\":\"https:\/\/www.dakarmania.cz\/#website\"},\"primaryImageOfPage\":{\"@id\":\"https:\/\/www.dakarmania.cz\/index.php\/2019\/03\/19\/sance-pro-przygonskeho-al-attiyah-vynecha-abu-dhabi\/#primaryimage\"},\"image\":{\"@id\":\"https:\/\/www.dakarmania.cz\/index.php\/2019\/03\/19\/sance-pro-przygonskeho-al-attiyah-vynecha-abu-dhabi\/#primaryimage\"},\"thumbnailUrl\":\"https:\/\/www.dakarmania.cz\/wp-content\/uploads\/2019\/03\/19-dubai-przygonski-09.jpg\",\"datePublished\":\"2019-03-19T11:53:16+00:00\",\"dateModified\":\"2019-10-22T14:27:44+00:00\",\"description\":\"Nasser Al-Attiyah vynech\u00e1 Abu Dhabi Desert Challenge. Vznikl\u00e1 situace hraje do karet p\u0159edev\u0161\u00edm Kubovi Przygo\u0144sk\u00e9mu, kter\u00fd vy\u0161el v Kataru bodov\u011b napr\u00e1zdno.\",\"breadcrumb\":{\"@id\":\"https:\/\/www.dakarmania.cz\/index.php\/2019\/03\/19\/sance-pro-przygonskeho-al-attiyah-vynecha-abu-dhabi\/#breadcrumb\"},\"inLanguage\":\"cs\",\"potentialAction\":[{\"@type\":\"ReadAction\",\"target\":[\"https:\/\/www.dakarmania.cz\/index.php\/2019\/03\/19\/sance-pro-przygonskeho-al-attiyah-vynecha-abu-dhabi\/\"]}]},{\"@type\":\"ImageObject\",\"inLanguage\":\"cs\",\"@id\":\"https:\/\/www.dakarmania.cz\/index.php\/2019\/03\/19\/sance-pro-przygonskeho-al-attiyah-vynecha-abu-dhabi\/#primaryimage\",\"url\":\"https:\/\/www.dakarmania.cz\/wp-content\/uploads\/2019\/03\/19-dubai-przygonski-09.jpg\",\"contentUrl\":\"https:\/\/www.dakarmania.cz\/wp-content\/uploads\/2019\/03\/19-dubai-przygonski-09.jpg\",\"width\":2048,\"height\":1365,\"caption\":\"Kuba Przygo\u0144ski\/Timo Gottschalk, Mini JCW Buggy, Orlen Team. Dubai International Baja 2019. \u00a9 X-raid\"},{\"@type\":\"BreadcrumbList\",\"@id\":\"https:\/\/www.dakarmania.cz\/index.php\/2019\/03\/19\/sance-pro-przygonskeho-al-attiyah-vynecha-abu-dhabi\/#breadcrumb\",\"itemListElement\":[{\"@type\":\"ListItem\",\"position\":1,\"name\":\"Dom\u016f\",\"item\":\"https:\/\/www.dakarmania.cz\/\"},{\"@type\":\"ListItem\",\"position\":2,\"name\":\"\u0160ance pro Przygo\u0144sk\u00e9ho. Al-Attiyah vynech\u00e1 Abu Dhabi\"}]},{\"@type\":\"WebSite\",\"@id\":\"https:\/\/www.dakarmania.cz\/#website\",\"url\":\"https:\/\/www.dakarmania.cz\/\",\"name\":\"DAKARMANIA.cz\",\"description\":\"\u017dijeme Dakarem cel\u00fd rok\",\"publisher\":{\"@id\":\"https:\/\/www.dakarmania.cz\/#organization\"},\"potentialAction\":[{\"@type\":\"SearchAction\",\"target\":{\"@type\":\"EntryPoint\",\"urlTemplate\":\"https:\/\/www.dakarmania.cz\/?s={search_term_string}\"},\"query-input\":{\"@type\":\"PropertyValueSpecification\",\"valueRequired\":true,\"valueName\":\"search_term_string\"}}],\"inLanguage\":\"cs\"},{\"@type\":\"Organization\",\"@id\":\"https:\/\/www.dakarmania.cz\/#organization\",\"name\":\"DAKAR MANIA\",\"url\":\"https:\/\/www.dakarmania.cz\/\",\"logo\":{\"@type\":\"ImageObject\",\"inLanguage\":\"cs\",\"@id\":\"https:\/\/www.dakarmania.cz\/#\/schema\/logo\/image\/\",\"url\":\"https:\/\/www.dakarmania.cz\/wp-content\/uploads\/2018\/12\/Dakar-Mania-Logo-Square-Orange.png\",\"contentUrl\":\"https:\/\/www.dakarmania.cz\/wp-content\/uploads\/2018\/12\/Dakar-Mania-Logo-Square-Orange.png\",\"width\":992,\"height\":992,\"caption\":\"DAKAR MANIA\"},\"image\":{\"@id\":\"https:\/\/www.dakarmania.cz\/#\/schema\/logo\/image\/\"},\"sameAs\":[\"https:\/\/www.facebook.com\/dakarmania\/\"]},{\"@type\":\"Person\",\"@id\":\"https:\/\/www.dakarmania.cz\/#\/schema\/person\/04eb0e87a389631c2169c0dddae7ff1e\",\"name\":\"Zden\u011bk Zelenka\",\"image\":{\"@type\":\"ImageObject\",\"inLanguage\":\"cs\",\"@id\":\"https:\/\/www.dakarmania.cz\/#\/schema\/person\/image\/\",\"url\":\"https:\/\/secure.gravatar.com\/avatar\/2c80d5a4942fe0900b73cc7d3837a509d6ee0a276a2b76dac95c92bd0763a89b?s=96&d=mm&r=g\",\"contentUrl\":\"https:\/\/secure.gravatar.com\/avatar\/2c80d5a4942fe0900b73cc7d3837a509d6ee0a276a2b76dac95c92bd0763a89b?s=96&d=mm&r=g\",\"caption\":\"Zden\u011bk Zelenka\"},\"description\":\"Moji d\u011bt\u0161t\u00ed hrdinov\u00e9 se jmenovali Loprais, Moskal, Neveu, Vatanen, Rahier... A tihle borci, jejich n\u00e1sledovn\u00edci a jejich p\u0159\u00edb\u011bhy m\u011b nep\u0159estali fascinovat ani po letech, kdy jsem vyrostl a zam\u011bstn\u00e1valy m\u011b jin\u00e9 discipl\u00edny motorsportu. Proto se zrodila DAKARMANIA.\",\"url\":\"https:\/\/www.dakarmania.cz\/index.php\/author\/dakarmania\/\"}]}<\/script>\n<!-- \/ Yoast SEO plugin. -->","yoast_head_json":{"title":"\u0160ance pro Przygo\u0144sk\u00e9ho. Al-Attiyah vynech\u00e1 Abu Dhabi - DAKARMANIA.cz","description":"Nasser Al-Attiyah vynech\u00e1 Abu Dhabi Desert Challenge. Vznikl\u00e1 situace hraje do karet p\u0159edev\u0161\u00edm Kubovi Przygo\u0144sk\u00e9mu, kter\u00fd vy\u0161el v Kataru bodov\u011b napr\u00e1zdno.","robots":{"index":"index","follow":"follow","max-snippet":"max-snippet:-1","max-image-preview":"max-image-preview:large","max-video-preview":"max-video-preview:-1"},"canonical":"https:\/\/www.dakarmania.cz\/index.php\/2019\/03\/19\/sance-pro-przygonskeho-al-attiyah-vynecha-abu-dhabi\/","og_locale":"cs_CZ","og_type":"article","og_title":"\u0160ance pro Przygo\u0144sk\u00e9ho. Al-Attiyah vynech\u00e1 Abu Dhabi - DAKARMANIA.cz","og_description":"Nasser Al-Attiyah vynech\u00e1 Abu Dhabi Desert Challenge. Vznikl\u00e1 situace hraje do karet p\u0159edev\u0161\u00edm Kubovi Przygo\u0144sk\u00e9mu, kter\u00fd vy\u0161el v Kataru bodov\u011b napr\u00e1zdno.","og_url":"https:\/\/www.dakarmania.cz\/index.php\/2019\/03\/19\/sance-pro-przygonskeho-al-attiyah-vynecha-abu-dhabi\/","og_site_name":"DAKARMANIA.cz","article_publisher":"https:\/\/www.facebook.com\/dakarmania\/","article_published_time":"2019-03-19T11:53:16+00:00","article_modified_time":"2019-10-22T14:27:44+00:00","og_image":[{"width":2048,"height":1365,"url":"https:\/\/www.dakarmania.cz\/wp-content\/uploads\/2019\/03\/19-dubai-przygonski-09.jpg","type":"image\/jpeg"}],"author":"Zden\u011bk Zelenka","twitter_card":"summary_large_image","twitter_misc":{"Napsal(a)":"Zden\u011bk Zelenka","Odhadovan\u00e1 doba \u010dten\u00ed":"2 minuty"},"schema":{"@context":"https:\/\/schema.org","@graph":[{"@type":"Article","@id":"https:\/\/www.dakarmania.cz\/index.php\/2019\/03\/19\/sance-pro-przygonskeho-al-attiyah-vynecha-abu-dhabi\/#article","isPartOf":{"@id":"https:\/\/www.dakarmania.cz\/index.php\/2019\/03\/19\/sance-pro-przygonskeho-al-attiyah-vynecha-abu-dhabi\/"},"author":{"name":"Zden\u011bk Zelenka","@id":"https:\/\/www.dakarmania.cz\/#\/schema\/person\/04eb0e87a389631c2169c0dddae7ff1e"},"headline":"\u0160ance pro Przygo\u0144sk\u00e9ho. Al-Attiyah vynech\u00e1 Abu Dhabi","datePublished":"2019-03-19T11:53:16+00:00","dateModified":"2019-10-22T14:27:44+00:00","mainEntityOfPage":{"@id":"https:\/\/www.dakarmania.cz\/index.php\/2019\/03\/19\/sance-pro-przygonskeho-al-attiyah-vynecha-abu-dhabi\/"},"wordCount":503,"commentCount":0,"publisher":{"@id":"https:\/\/www.dakarmania.cz\/#organization"},"image":{"@id":"https:\/\/www.dakarmania.cz\/index.php\/2019\/03\/19\/sance-pro-przygonskeho-al-attiyah-vynecha-abu-dhabi\/#primaryimage"},"thumbnailUrl":"https:\/\/www.dakarmania.cz\/wp-content\/uploads\/2019\/03\/19-dubai-przygonski-09.jpg","keywords":["2019","ADDC","ADDC 2019","Kuba Przygo\u0144ski","Martin Prokop","Mathieu Baumel","Nasser Al-Attiyah","SP FIA CCR","SP FIA CCR 2019","Vladimir Vasiljev","Yazeed Al-Rajhi"],"articleSection":["Abu Dhabi Desert Challenge","Auto","FIA SP CCR"],"inLanguage":"cs","potentialAction":[{"@type":"CommentAction","name":"Comment","target":["https:\/\/www.dakarmania.cz\/index.php\/2019\/03\/19\/sance-pro-przygonskeho-al-attiyah-vynecha-abu-dhabi\/#respond"]}]},{"@type":"WebPage","@id":"https:\/\/www.dakarmania.cz\/index.php\/2019\/03\/19\/sance-pro-przygonskeho-al-attiyah-vynecha-abu-dhabi\/","url":"https:\/\/www.dakarmania.cz\/index.php\/2019\/03\/19\/sance-pro-przygonskeho-al-attiyah-vynecha-abu-dhabi\/","name":"\u0160ance pro Przygo\u0144sk\u00e9ho. Al-Attiyah vynech\u00e1 Abu Dhabi - DAKARMANIA.cz","isPartOf":{"@id":"https:\/\/www.dakarmania.cz\/#website"},"primaryImageOfPage":{"@id":"https:\/\/www.dakarmania.cz\/index.php\/2019\/03\/19\/sance-pro-przygonskeho-al-attiyah-vynecha-abu-dhabi\/#primaryimage"},"image":{"@id":"https:\/\/www.dakarmania.cz\/index.php\/2019\/03\/19\/sance-pro-przygonskeho-al-attiyah-vynecha-abu-dhabi\/#primaryimage"},"thumbnailUrl":"https:\/\/www.dakarmania.cz\/wp-content\/uploads\/2019\/03\/19-dubai-przygonski-09.jpg","datePublished":"2019-03-19T11:53:16+00:00","dateModified":"2019-10-22T14:27:44+00:00","description":"Nasser Al-Attiyah vynech\u00e1 Abu Dhabi Desert Challenge. Vznikl\u00e1 situace hraje do karet p\u0159edev\u0161\u00edm Kubovi Przygo\u0144sk\u00e9mu, kter\u00fd vy\u0161el v Kataru bodov\u011b napr\u00e1zdno.","breadcrumb":{"@id":"https:\/\/www.dakarmania.cz\/index.php\/2019\/03\/19\/sance-pro-przygonskeho-al-attiyah-vynecha-abu-dhabi\/#breadcrumb"},"inLanguage":"cs","potentialAction":[{"@type":"ReadAction","target":["https:\/\/www.dakarmania.cz\/index.php\/2019\/03\/19\/sance-pro-przygonskeho-al-attiyah-vynecha-abu-dhabi\/"]}]},{"@type":"ImageObject","inLanguage":"cs","@id":"https:\/\/www.dakarmania.cz\/index.php\/2019\/03\/19\/sance-pro-przygonskeho-al-attiyah-vynecha-abu-dhabi\/#primaryimage","url":"https:\/\/www.dakarmania.cz\/wp-content\/uploads\/2019\/03\/19-dubai-przygonski-09.jpg","contentUrl":"https:\/\/www.dakarmania.cz\/wp-content\/uploads\/2019\/03\/19-dubai-przygonski-09.jpg","width":2048,"height":1365,"caption":"Kuba Przygo\u0144ski\/Timo Gottschalk, Mini JCW Buggy, Orlen Team. Dubai International Baja 2019. \u00a9 X-raid"},{"@type":"BreadcrumbList","@id":"https:\/\/www.dakarmania.cz\/index.php\/2019\/03\/19\/sance-pro-przygonskeho-al-attiyah-vynecha-abu-dhabi\/#breadcrumb","itemListElement":[{"@type":"ListItem","position":1,"name":"Dom\u016f","item":"https:\/\/www.dakarmania.cz\/"},{"@type":"ListItem","position":2,"name":"\u0160ance pro Przygo\u0144sk\u00e9ho. Al-Attiyah vynech\u00e1 Abu Dhabi"}]},{"@type":"WebSite","@id":"https:\/\/www.dakarmania.cz\/#website","url":"https:\/\/www.dakarmania.cz\/","name":"DAKARMANIA.cz","description":"\u017dijeme Dakarem cel\u00fd rok","publisher":{"@id":"https:\/\/www.dakarmania.cz\/#organization"},"potentialAction":[{"@type":"SearchAction","target":{"@type":"EntryPoint","urlTemplate":"https:\/\/www.dakarmania.cz\/?s={search_term_string}"},"query-input":{"@type":"PropertyValueSpecification","valueRequired":true,"valueName":"search_term_string"}}],"inLanguage":"cs"},{"@type":"Organization","@id":"https:\/\/www.dakarmania.cz\/#organization","name":"DAKAR MANIA","url":"https:\/\/www.dakarmania.cz\/","logo":{"@type":"ImageObject","inLanguage":"cs","@id":"https:\/\/www.dakarmania.cz\/#\/schema\/logo\/image\/","url":"https:\/\/www.dakarmania.cz\/wp-content\/uploads\/2018\/12\/Dakar-Mania-Logo-Square-Orange.png","contentUrl":"https:\/\/www.dakarmania.cz\/wp-content\/uploads\/2018\/12\/Dakar-Mania-Logo-Square-Orange.png","width":992,"height":992,"caption":"DAKAR MANIA"},"image":{"@id":"https:\/\/www.dakarmania.cz\/#\/schema\/logo\/image\/"},"sameAs":["https:\/\/www.facebook.com\/dakarmania\/"]},{"@type":"Person","@id":"https:\/\/www.dakarmania.cz\/#\/schema\/person\/04eb0e87a389631c2169c0dddae7ff1e","name":"Zden\u011bk Zelenka","image":{"@type":"ImageObject","inLanguage":"cs","@id":"https:\/\/www.dakarmania.cz\/#\/schema\/person\/image\/","url":"https:\/\/secure.gravatar.com\/avatar\/2c80d5a4942fe0900b73cc7d3837a509d6ee0a276a2b76dac95c92bd0763a89b?s=96&d=mm&r=g","contentUrl":"https:\/\/secure.gravatar.com\/avatar\/2c80d5a4942fe0900b73cc7d3837a509d6ee0a276a2b76dac95c92bd0763a89b?s=96&d=mm&r=g","caption":"Zden\u011bk Zelenka"},"description":"Moji d\u011bt\u0161t\u00ed hrdinov\u00e9 se jmenovali Loprais, Moskal, Neveu, Vatanen, Rahier... A tihle borci, jejich n\u00e1sledovn\u00edci a jejich p\u0159\u00edb\u011bhy m\u011b nep\u0159estali fascinovat ani po letech, kdy jsem vyrostl a zam\u011bstn\u00e1valy m\u011b jin\u00e9 discipl\u00edny motorsportu. Proto se zrodila DAKARMANIA.","url":"https:\/\/www.dakarmania.cz\/index.php\/author\/dakarmania\/"}]}},"amp_enabled":true,"_links":{"self":[{"href":"https:\/\/www.dakarmania.cz\/index.php\/wp-json\/wp\/v2\/posts\/4398","targetHints":{"allow":["GET"]}}],"collection":[{"href":"https:\/\/www.dakarmania.cz\/index.php\/wp-json\/wp\/v2\/posts"}],"about":[{"href":"https:\/\/www.dakarmania.cz\/index.php\/wp-json\/wp\/v2\/types\/post"}],"author":[{"embeddable":true,"href":"https:\/\/www.dakarmania.cz\/index.php\/wp-json\/wp\/v2\/users\/1"}],"replies":[{"embeddable":true,"href":"https:\/\/www.dakarmania.cz\/index.php\/wp-json\/wp\/v2\/comments?post=4398"}],"version-history":[{"count":4,"href":"https:\/\/www.dakarmania.cz\/index.php\/wp-json\/wp\/v2\/posts\/4398\/revisions"}],"predecessor-version":[{"id":12745,"href":"https:\/\/www.dakarmania.cz\/index.php\/wp-json\/wp\/v2\/posts\/4398\/revisions\/12745"}],"wp:featuredmedia":[{"embeddable":true,"href":"https:\/\/www.dakarmania.cz\/index.php\/wp-json\/wp\/v2\/media\/4396"}],"wp:attachment":[{"href":"https:\/\/www.dakarmania.cz\/index.php\/wp-json\/wp\/v2\/media?parent=4398"}],"wp:term":[{"taxonomy":"category","embeddable":true,"href":"https:\/\/www.dakarmania.cz\/index.php\/wp-json\/wp\/v2\/categories?post=4398"},{"taxonomy":"post_tag","embeddable":true,"href":"https:\/\/www.dakarmania.cz\/index.php\/wp-json\/wp\/v2\/tags?post=4398"}],"curies":[{"name":"wp","href":"https:\/\/api.w.org\/{rel}","templated":true}]}}