{"id":4474,"date":"2019-03-22T14:54:44","date_gmt":"2019-03-22T13:54:44","guid":{"rendered":"https:\/\/www.dakarmania.cz\/?p=4474"},"modified":"2019-10-22T16:28:40","modified_gmt":"2019-10-22T14:28:40","slug":"abu-dhabi-nabita-startovka","status":"publish","type":"post","link":"https:\/\/www.dakarmania.cz\/index.php\/2019\/03\/22\/abu-dhabi-nabita-startovka\/","title":{"rendered":"Abu Dhabi: Nabit\u00e1 startovka slibuje velkou bitvu"},"content":{"rendered":"<p>[vc_row][vc_column][vc_column_text]<\/p>\n<h4>Martin Prokop nebude m\u00edt obhajobu lo\u0148sk\u00e9ho triumfu na Abu Dhabi Desert Challenge v\u016fbec jednoduchou. Seznam pos\u00e1dek, kter\u00e9 se p\u0159ihl\u00e1sily na leto\u0161n\u00ed ro\u010dn\u00edk, bud\u00ed respekt. Minim\u00e1ln\u011b osm jezdc\u016f pat\u0159\u00ed k hork\u00fdm favorit\u016fm na um\u00edst\u011bn\u00ed na stupn\u00edch v\u00edt\u011bz\u016f, dal\u0161\u00ed se pak mohou dostat do pozice \u010dern\u00fdch kon\u00ed.<\/h4>\n<p>K druh\u00e9mu podniku <a href=\"https:\/\/www.dakarmania.cz\/index.php\/sampionaty\/svetovy-pohar-fia-v-cross-country-rally-2019\/\">Sv\u011btov\u00e9ho poh\u00e1ru FIA v cross-country rally<\/a> je v kategorii automobil\u016f p\u0159ihl\u00e1\u0161eno celkem 39 pos\u00e1dek.<\/p>\n<p>V\u00edt\u011bzstv\u00ed, kter\u00e9 p\u0159ed rokem p\u0159i Abu Dhabi Desert Challenge (ADDC) vybojoval spole\u010dn\u011b s Davidem Pabi\u0161kou, bude <strong><a href=\"https:\/\/www.dakarmania.cz\/index.php\/osobnosti\/martin-prokop\/\">Martin Prokop<\/a><\/strong> obhajovat s nov\u00fdm navig\u00e1torem. St\u00e1l\u00e9ho spolujezdce <a href=\"https:\/\/www.dakarmania.cz\/index.php\/osobnosti\/jan-tomanek\/\">Jana Tom\u00e1nka<\/a> st\u00e1le limituj\u00ed zdravotn\u00ed probl\u00e9my a <a href=\"https:\/\/www.dakarmania.cz\/index.php\/osobnosti\/david-kripal\/\">David K\u0159\u00edpal<\/a>, jen\u017e <a href=\"https:\/\/www.dakarmania.cz\/index.php\/2019\/03\/12\/dubajsky-protiukol-davida-kripala\/\">zasko\u010dil p\u0159i baje v Dubaji<\/a>, nen\u00ed k dispozici, nebo\u0165 se p\u0159ipravuje na dubnovou Morocco Desert Challenge. Premi\u00e9ru po Prokopov\u011b boku tak ve Fordu F150 Evo t\u00fdmu MP-Sports za\u017eije Viktor Chytka.[\/vc_column_text][vc_btn title=&#8221;ADDC 2019: Seznam p\u0159ihl\u00e1\u0161en\u00fdch &#8211; auto&#8221; style=&#8221;outline&#8221; shape=&#8221;square&#8221; color=&#8221;warning&#8221; size=&#8221;sm&#8221; align=&#8221;center&#8221; button_block=&#8221;true&#8221; link=&#8221;url:https%3A%2F%2Fwww.dakarmania.cz%2Fwp-content%2Fuploads%2F2019%2F03%2F2019-addc-entry-list-fia-21032019.pdf||target:%20_blank|&#8221;][vc_column_text]Dvojn\u00e1sobn\u00e9 zastoupen\u00ed bude m\u00edt \u010cesko d\u00edky <strong><a href=\"https:\/\/www.dakarmania.cz\/index.php\/osobnosti\/miroslav-zapletal\/\">Miroslavu Zapletalovi<\/a><\/strong>, kter\u00fd se sv\u00fdm Fordem a se slovensk\u00fdm spolujezdcem Markem S\u00fdkorou absolvoval u\u017e \u00favodn\u00ed podnik SP v Kataru. Po technick\u00fdch probl\u00e9mech obsadili des\u00e1t\u00e9 m\u00edsto.<\/p>\n<p>S Fordem, kter\u00fd pro n\u011bj Zapletal postavil a p\u0159ipravuje, se v Abu Dhabi p\u0159edstav\u00ed tak\u00e9 Kazach Andrej \u010cerednikov.<\/p>\n<h4>Dom\u00e1c\u00ed \u017eel\u00edzko v ohni<\/h4>\n<p><strong>Khalid Al Qassimi<\/strong> pojede stejn\u011b jako p\u0159i b\u0159eznov\u00e9 <a href=\"https:\/\/www.dakarmania.cz\/index.php\/sampionaty\/svetovy-pohar-fia-v-cross-country-bajach-2019\/dubai-international-baja-2019\/\">Dubai International Baja<\/a> (DIB) s francouzsk\u00fdm navig\u00e1torem Xavierem Panserim a Peugeotem 3008 DKR od PH Sportu. V roce 2017 obsadil pilot t\u00fdmu Abu Dhabi Racing v Dubaji druh\u00e9 m\u00edsto, aby se o dva t\u00fddny pozd\u011bji radoval z premi\u00e9rov\u00e9ho triumfu na dom\u00e1c\u00ed sout\u011b\u017ei. Druh\u00fd byl na DIB tak\u00e9 letos\u2026[\/vc_column_text][vc_single_image image=&#8221;4139&#8243; img_size=&#8221;large&#8221; add_caption=&#8221;yes&#8221; alignment=&#8221;center&#8221;][vc_column_text]<\/p>\n<h4>Siln\u00e1 sestava X-raidu<\/h4>\n<p><strong>Kuba Przygo\u0144ski<\/strong> se pokus\u00ed smazat bodovou ztr\u00e1tu, kterou nabral kv\u016fli <a href=\"https:\/\/www.dakarmania.cz\/index.php\/2019\/02\/26\/qatar-ccr-2019-kuba-przygonski-diskvalifikovan\/\">diskvalifikaci<\/a> po z\u00e1v\u011bre\u010dn\u00e9 technick\u00e9 kontrole p\u0159i <a href=\"https:\/\/www.dakarmania.cz\/index.php\/sampionaty\/svetovy-pohar-fia-v-cross-country-rally-2019\/qatar-cross-country-rally-2019\/\">Qatar Cross-Country Rally<\/a> (QCCR). Jezdec Orlen Teamu podruh\u00e9 usedne za volant Mini John Cooper Works Buggy, kterou po\u010d\u00e1tkem dubna <a href=\"https:\/\/www.dakarmania.cz\/index.php\/2019\/03\/09\/przygonski-vyhral-s-buggy\/\">dovedl k premi\u00e9rov\u00e9 v\u00fdh\u0159e<\/a> p\u0159i Dubai International Baja.<\/p>\n<p>S druhou buggy od X-raidu se p\u0159edstav\u00ed <strong>Cyril Despres<\/strong>. Francouz na leto\u0161n\u00edm Dakaru skon\u010dil p\u00e1t\u00fd, t\u011bsn\u011b p\u0159ed Martinem Prokopem. Zat\u00edmco v Peru jej navigoval velezku\u0161en\u00fd Jean-Paul Cottret, v Emir\u00e1tech si poprv\u00e9 vyzkou\u0161\u00ed spolupr\u00e1ci s Danielem Oliverasem Carrerasem. \u0160pan\u011bl je stejn\u011b jako Despres b\u00fdval\u00fd motocyklista. Na Dakaru 2019 dovedl Gerarda Farr\u00e9se G\u00fcella (tak\u00e9 b\u00fdval\u00fd motork\u00e1\u0159) k druh\u00e9mu m\u00edstu v kategorii SxS.<\/p>\n<p>Despres vyhr\u00e1l ADDC p\u011btkr\u00e1t v kategorii motocykl\u016f a p\u0159ed rokem se na jej\u00ed start poprv\u00e9 postavil s automobilem. S buggy Ford obsadil \u010dtvrtou p\u0159\u00ed\u010dku.[\/vc_column_text][vc_cta h2=&#8221;&#8221; txt_align=&#8221;center&#8221; color=&#8221;grey&#8221; el_width=&#8221;xl&#8221; css=&#8221;.vc_custom_1552995201335{border-top-width: 1px !important;border-right-width: 1px !important;border-bottom-width: 1px !important;border-left-width: 1px !important;border-left-color: #f49b00 !important;border-right-color: #f49b00 !important;border-top-color: #f49b00 !important;border-bottom-color: #f49b00 !important;}&#8221;]<\/p>\n<h2 style=\"text-align: center;\"><a href=\"https:\/\/www.dakarmania.cz\/index.php\/sampionaty\/svetovy-pohar-fia-v-cross-country-rally-2019\/addc-2019\/\"><strong>Abu Dhabi Desert Challenge podrobn\u011b<\/strong><\/a><\/h2>\n<p style=\"text-align: center;\"><a href=\"https:\/\/www.dakarmania.cz\/index.php\/sampionaty\/svetovy-pohar-fia-v-cross-country-rally-2019\/addc-2019\/\">&gt;&gt; info, dokumenty, zaj\u00edmavosti, historie<\/a><\/p>\n<p>[\/vc_cta][vc_column_text]<strong>St\u00e9phane a Andrea Peterhanselovi<\/strong> absolvuj\u00ed prvn\u00ed spole\u010dn\u00fd start s Mini JCW Rally a pod k\u0159\u00eddly X-raidu. Se star\u0161\u00edm Mini All4 Racing pojede Stephan Schott, jen\u017e p\u0159ed rokem na ADDC obsadil p\u00e1tou p\u0159\u00ed\u010dku.<\/p>\n<h4>Boj o cenn\u00e9 body<\/h4>\n<p>Z hlavn\u00edch hv\u011bzd, kter\u00e9 letos bojuj\u00ed o celkov\u00e9 v\u00edt\u011bzstv\u00ed ve sv\u011btov\u00e9m poh\u00e1ru, bude chyb\u011bt pouze <a href=\"https:\/\/www.dakarmania.cz\/index.php\/osobnosti\/nasser-al-attiyah\/\">Nasser Al-Attiyah<\/a>, jen\u017e se ve stejn\u00e9m term\u00ednu z\u00fa\u010dastn\u00ed marock\u00e9 <a href=\"https:\/\/www.dakarmania.cz\/index.php\/souteze\/merzouga-rally-2019\/\">Merzouga Rally<\/a>. Absence leadera pr\u016fb\u011b\u017en\u00e9ho hodnocen\u00ed SP se krom\u011b Przygo\u0144sk\u00e9ho budou sna\u017eit vyu\u017e\u00edt tak\u00e9 pr\u016fb\u011b\u017en\u011b druh\u00fd <strong>Yazeed Al-Rajhi<\/strong> (Toyota) a zat\u00edm t\u0159et\u00ed <strong>Vladimir Vasiljev<\/strong> (BMW). Rus ADDC vyhr\u00e1l v letech 2014 a 2015, loni byl t\u0159et\u00ed za Prokopem a Przygo\u0144skim.<\/p>\n<p>Po nep\u0159\u00edli\u0161 vyda\u0159en\u00e9 QCCR si bude cht\u00edt spravit chu\u0165 Nizozemec <strong>Bernhard ten Brinke<\/strong> s dal\u0161\u00ed Toyotou.[\/vc_column_text][vc_single_image image=&#8221;3598&#8243; img_size=&#8221;large&#8221; add_caption=&#8221;yes&#8221; alignment=&#8221;center&#8221;][vc_column_text]<\/p>\n<h4>\u010cern\u00ed kon\u011b<\/h4>\n<p><strong>Yasir Hamad Seaidan<\/strong> si p\u0159i \u00fanorov\u00e9 QCCR a p\u0159i sv\u00e9 premi\u00e9\u0159e za volantem Mini dojel pro body za \u010dtvrt\u00e9 m\u00edsto. ADDC pojede s Nissanem Navara. P\u0159esto bychom s jezdcem ze Sa\u00fadsk\u00e9 Ar\u00e1bie m\u011bli po\u010d\u00edtat p\u0159inejmen\u0161\u00edm v boji o um\u00edst\u011bn\u00ed kolem poloviny elitn\u00ed des\u00edtky.<\/p>\n<p>Sv\u011btovou \u0161pi\u010dku bude cht\u00edt potr\u00e1pit tak\u00e9 jeho krajan <strong>Essa Al Dossary<\/strong>. Sv\u00e9 kvality s Nissanem prok\u00e1zal nap\u0159\u00edklad v\u00edt\u011bzstv\u00edm ve dvou posledn\u00edch ro\u010dn\u00edc\u00edch sa\u00fadskoarabsk\u00e9 Hail International Rally nebo p\u0159i lo\u0148sk\u00e9 Jordan Baja.<\/p>\n<p>Zku\u0161enosti z p\u0159edchoz\u00edch start\u016f na ADDC m\u00e1 na sv\u00e9m kont\u011b tak\u00e9 ambici\u00f3zn\u00ed Pol\u00e1k <strong>Aron Dom\u017ca\u0142a<\/strong> (Toyota). V roce 2016 obsadil na sout\u011b\u017ei druh\u00e9 m\u00edsto ve t\u0159\u00edd\u011b T3.[\/vc_column_text][vc_single_image image=&#8221;3555&#8243; img_size=&#8221;large&#8221; add_caption=&#8221;yes&#8221; alignment=&#8221;center&#8221;][vc_column_text]A zapomenout bychom nem\u011bli ani na <strong>Eugenia Amose<\/strong>, kter\u00fd se svou buggy Ford bojoval p\u0159i QCCR o um\u00edst\u011bn\u00ed v prvn\u00ed p\u011btce. O skv\u011bl\u00fd v\u00fdsledek Itala p\u0159ipravily zdravotn\u00ed probl\u00e9my ve t\u0159et\u00ed etap\u011b.<\/p>\n<p>P\u011btietapov\u00e1 Abu Dhabi Desert Challenge 2019 ofici\u00e1ln\u011b startuje na okruhu Yas Marina v sobotu 30. b\u0159ezna. Prvn\u00ed pou\u0161tn\u00ed etapa se jede o den pozd\u011bji.[\/vc_column_text][\/vc_column][\/vc_row]<\/p>\n","protected":false},"excerpt":{"rendered":"<p>Abu Dhabi Desert Challenge 2019 slibuje velkou bitvu. Minim\u00e1ln\u011b osm jezdc\u016f pat\u0159\u00ed k hork\u00fdm favorit\u016fm na um\u00edst\u011bn\u00ed na stupn\u00edch v\u00edt\u011bz\u016f.<\/p>\n","protected":false},"author":1,"featured_media":4475,"comment_status":"open","ping_status":"closed","sticky":false,"template":"","format":"standard","meta":{"footnotes":""},"categories":[520,3,97],"tags":[425,535,521,522,654,231,663,666,289,311,233,776,480,414,11,444,288,261,5,219,303,4,182,304,210,209,105,413,665,217,201,657,305,220,328,331,327],"class_list":["post-4474","post","type-post","status-publish","format-standard","has-post-thumbnail","hentry","category-abu-dhabi-desert-challenge","category-auto","category-fia-ccr","tag-425","tag-abu-dhabi-racing","tag-addc","tag-addc-2019","tag-andrea-mayer","tag-andrea-peterhansel","tag-andrej-cerednikov","tag-aron-domzala","tag-bernhard-ten-brinke","tag-bmw","tag-cyril-despres","tag-daniel-oliveras","tag-essa-al-dossary","tag-eugenio-amos","tag-ford","tag-khalid-al-qassimi","tag-kuba-przygonski","tag-marek-sykora","tag-martin-prokop","tag-mini","tag-miroslav-zapletal","tag-mp-sports","tag-nissan","tag-offroadsport","tag-peugeot","tag-ph-sport","tag-sp-fia-ccr","tag-sp-fia-ccr-2019","tag-stephan-schott","tag-stephane-peterhansel","tag-toyota","tag-viktor-chytka","tag-vladimir-vasiljev","tag-x-raid","tag-xavier-panseri","tag-yasir-hamad-seaidan","tag-yazeed-al-rajhi"],"yoast_head":"<!-- This site is optimized with the Yoast SEO plugin v24.9 - https:\/\/yoast.com\/wordpress\/plugins\/seo\/ -->\n<title>Abu Dhabi: Nabit\u00e1 startovka slibuje velkou bitvu - DAKARMANIA.cz<\/title>\n<meta name=\"description\" content=\"Abu Dhabi Desert Challenge 2019 slibuje velkou bitvu. Minim\u00e1ln\u011b osm jezdc\u016f pat\u0159\u00ed k hork\u00fdm favorit\u016fm na um\u00edst\u011bn\u00ed na stupn\u00edch v\u00edt\u011bz\u016f.\" \/>\n<meta name=\"robots\" content=\"index, follow, max-snippet:-1, max-image-preview:large, max-video-preview:-1\" \/>\n<link rel=\"canonical\" href=\"https:\/\/www.dakarmania.cz\/index.php\/2019\/03\/22\/abu-dhabi-nabita-startovka\/\" \/>\n<meta property=\"og:locale\" content=\"cs_CZ\" \/>\n<meta property=\"og:type\" content=\"article\" \/>\n<meta property=\"og:title\" content=\"Abu Dhabi: Nabit\u00e1 startovka slibuje velkou bitvu - DAKARMANIA.cz\" \/>\n<meta property=\"og:description\" content=\"Abu Dhabi Desert Challenge 2019 slibuje velkou bitvu. Minim\u00e1ln\u011b osm jezdc\u016f pat\u0159\u00ed k hork\u00fdm favorit\u016fm na um\u00edst\u011bn\u00ed na stupn\u00edch v\u00edt\u011bz\u016f.\" \/>\n<meta property=\"og:url\" content=\"https:\/\/www.dakarmania.cz\/index.php\/2019\/03\/22\/abu-dhabi-nabita-startovka\/\" \/>\n<meta property=\"og:site_name\" content=\"DAKARMANIA.cz\" \/>\n<meta property=\"article:publisher\" content=\"https:\/\/www.facebook.com\/dakarmania\/\" \/>\n<meta property=\"article:published_time\" content=\"2019-03-22T13:54:44+00:00\" \/>\n<meta property=\"article:modified_time\" content=\"2019-10-22T14:28:40+00:00\" \/>\n<meta property=\"og:image\" content=\"https:\/\/www.dakarmania.cz\/wp-content\/uploads\/2019\/03\/18-addc-prokop-22.jpg\" \/>\n\t<meta property=\"og:image:width\" content=\"2048\" \/>\n\t<meta property=\"og:image:height\" content=\"1365\" \/>\n\t<meta property=\"og:image:type\" content=\"image\/jpeg\" \/>\n<meta name=\"author\" content=\"Zden\u011bk Zelenka\" \/>\n<meta name=\"twitter:card\" content=\"summary_large_image\" \/>\n<meta name=\"twitter:label1\" content=\"Napsal(a)\" \/>\n\t<meta name=\"twitter:data1\" content=\"Zden\u011bk Zelenka\" \/>\n\t<meta name=\"twitter:label2\" content=\"Odhadovan\u00e1 doba \u010dten\u00ed\" \/>\n\t<meta name=\"twitter:data2\" content=\"5 minut\" \/>\n<script type=\"application\/ld+json\" class=\"yoast-schema-graph\">{\"@context\":\"https:\/\/schema.org\",\"@graph\":[{\"@type\":\"Article\",\"@id\":\"https:\/\/www.dakarmania.cz\/index.php\/2019\/03\/22\/abu-dhabi-nabita-startovka\/#article\",\"isPartOf\":{\"@id\":\"https:\/\/www.dakarmania.cz\/index.php\/2019\/03\/22\/abu-dhabi-nabita-startovka\/\"},\"author\":{\"name\":\"Zden\u011bk Zelenka\",\"@id\":\"https:\/\/www.dakarmania.cz\/#\/schema\/person\/04eb0e87a389631c2169c0dddae7ff1e\"},\"headline\":\"Abu Dhabi: Nabit\u00e1 startovka slibuje velkou bitvu\",\"datePublished\":\"2019-03-22T13:54:44+00:00\",\"dateModified\":\"2019-10-22T14:28:40+00:00\",\"mainEntityOfPage\":{\"@id\":\"https:\/\/www.dakarmania.cz\/index.php\/2019\/03\/22\/abu-dhabi-nabita-startovka\/\"},\"wordCount\":1013,\"commentCount\":0,\"publisher\":{\"@id\":\"https:\/\/www.dakarmania.cz\/#organization\"},\"image\":{\"@id\":\"https:\/\/www.dakarmania.cz\/index.php\/2019\/03\/22\/abu-dhabi-nabita-startovka\/#primaryimage\"},\"thumbnailUrl\":\"https:\/\/www.dakarmania.cz\/wp-content\/uploads\/2019\/03\/18-addc-prokop-22.jpg\",\"keywords\":[\"2019\",\"Abu Dhabi Racing\",\"ADDC\",\"ADDC 2019\",\"Andrea Mayer\",\"Andrea Peterhansel\",\"Andrej \u010cerednikov\",\"Aron Dom\u017ca\u0142a\",\"Bernhard ten Brinke\",\"BMW\",\"Cyril Despres\",\"Daniel Oliveras\",\"Essa Al-Dossary\",\"Eugenio Amos\",\"Ford\",\"Khalid Al Qassimi\",\"Kuba Przygo\u0144ski\",\"Marek S\u00fdkora\",\"Martin Prokop\",\"Mini\",\"Miroslav Zapletal\",\"MP-Sports\",\"Nissan\",\"Offroadsport\",\"Peugeot\",\"PH Sport\",\"SP FIA CCR\",\"SP FIA CCR 2019\",\"Stephan Schott\",\"St\u00e9phane Peterhansel\",\"Toyota\",\"Viktor Chytka\",\"Vladimir Vasiljev\",\"X-raid\",\"Xavier Panseri\",\"Yasir Hamad Seaidan\",\"Yazeed Al-Rajhi\"],\"articleSection\":[\"Abu Dhabi Desert Challenge\",\"Auto\",\"FIA SP CCR\"],\"inLanguage\":\"cs\",\"potentialAction\":[{\"@type\":\"CommentAction\",\"name\":\"Comment\",\"target\":[\"https:\/\/www.dakarmania.cz\/index.php\/2019\/03\/22\/abu-dhabi-nabita-startovka\/#respond\"]}]},{\"@type\":\"WebPage\",\"@id\":\"https:\/\/www.dakarmania.cz\/index.php\/2019\/03\/22\/abu-dhabi-nabita-startovka\/\",\"url\":\"https:\/\/www.dakarmania.cz\/index.php\/2019\/03\/22\/abu-dhabi-nabita-startovka\/\",\"name\":\"Abu Dhabi: Nabit\u00e1 startovka slibuje velkou bitvu - DAKARMANIA.cz\",\"isPartOf\":{\"@id\":\"https:\/\/www.dakarmania.cz\/#website\"},\"primaryImageOfPage\":{\"@id\":\"https:\/\/www.dakarmania.cz\/index.php\/2019\/03\/22\/abu-dhabi-nabita-startovka\/#primaryimage\"},\"image\":{\"@id\":\"https:\/\/www.dakarmania.cz\/index.php\/2019\/03\/22\/abu-dhabi-nabita-startovka\/#primaryimage\"},\"thumbnailUrl\":\"https:\/\/www.dakarmania.cz\/wp-content\/uploads\/2019\/03\/18-addc-prokop-22.jpg\",\"datePublished\":\"2019-03-22T13:54:44+00:00\",\"dateModified\":\"2019-10-22T14:28:40+00:00\",\"description\":\"Abu Dhabi Desert Challenge 2019 slibuje velkou bitvu. Minim\u00e1ln\u011b osm jezdc\u016f pat\u0159\u00ed k hork\u00fdm favorit\u016fm na um\u00edst\u011bn\u00ed na stupn\u00edch v\u00edt\u011bz\u016f.\",\"breadcrumb\":{\"@id\":\"https:\/\/www.dakarmania.cz\/index.php\/2019\/03\/22\/abu-dhabi-nabita-startovka\/#breadcrumb\"},\"inLanguage\":\"cs\",\"potentialAction\":[{\"@type\":\"ReadAction\",\"target\":[\"https:\/\/www.dakarmania.cz\/index.php\/2019\/03\/22\/abu-dhabi-nabita-startovka\/\"]}]},{\"@type\":\"ImageObject\",\"inLanguage\":\"cs\",\"@id\":\"https:\/\/www.dakarmania.cz\/index.php\/2019\/03\/22\/abu-dhabi-nabita-startovka\/#primaryimage\",\"url\":\"https:\/\/www.dakarmania.cz\/wp-content\/uploads\/2019\/03\/18-addc-prokop-22.jpg\",\"contentUrl\":\"https:\/\/www.dakarmania.cz\/wp-content\/uploads\/2019\/03\/18-addc-prokop-22.jpg\",\"width\":2048,\"height\":1365,\"caption\":\"Martin Prokop \/ David Pabi\u0161ka, Ford Raptor RS Cross-Country, MP-Sports. Abu Dhabi Desert Challenge 2018. \u00a9 MP-Sports\"},{\"@type\":\"BreadcrumbList\",\"@id\":\"https:\/\/www.dakarmania.cz\/index.php\/2019\/03\/22\/abu-dhabi-nabita-startovka\/#breadcrumb\",\"itemListElement\":[{\"@type\":\"ListItem\",\"position\":1,\"name\":\"Dom\u016f\",\"item\":\"https:\/\/www.dakarmania.cz\/\"},{\"@type\":\"ListItem\",\"position\":2,\"name\":\"Abu Dhabi: Nabit\u00e1 startovka slibuje velkou bitvu\"}]},{\"@type\":\"WebSite\",\"@id\":\"https:\/\/www.dakarmania.cz\/#website\",\"url\":\"https:\/\/www.dakarmania.cz\/\",\"name\":\"DAKARMANIA.cz\",\"description\":\"\u017dijeme Dakarem cel\u00fd rok\",\"publisher\":{\"@id\":\"https:\/\/www.dakarmania.cz\/#organization\"},\"potentialAction\":[{\"@type\":\"SearchAction\",\"target\":{\"@type\":\"EntryPoint\",\"urlTemplate\":\"https:\/\/www.dakarmania.cz\/?s={search_term_string}\"},\"query-input\":{\"@type\":\"PropertyValueSpecification\",\"valueRequired\":true,\"valueName\":\"search_term_string\"}}],\"inLanguage\":\"cs\"},{\"@type\":\"Organization\",\"@id\":\"https:\/\/www.dakarmania.cz\/#organization\",\"name\":\"DAKAR MANIA\",\"url\":\"https:\/\/www.dakarmania.cz\/\",\"logo\":{\"@type\":\"ImageObject\",\"inLanguage\":\"cs\",\"@id\":\"https:\/\/www.dakarmania.cz\/#\/schema\/logo\/image\/\",\"url\":\"https:\/\/www.dakarmania.cz\/wp-content\/uploads\/2018\/12\/Dakar-Mania-Logo-Square-Orange.png\",\"contentUrl\":\"https:\/\/www.dakarmania.cz\/wp-content\/uploads\/2018\/12\/Dakar-Mania-Logo-Square-Orange.png\",\"width\":992,\"height\":992,\"caption\":\"DAKAR MANIA\"},\"image\":{\"@id\":\"https:\/\/www.dakarmania.cz\/#\/schema\/logo\/image\/\"},\"sameAs\":[\"https:\/\/www.facebook.com\/dakarmania\/\"]},{\"@type\":\"Person\",\"@id\":\"https:\/\/www.dakarmania.cz\/#\/schema\/person\/04eb0e87a389631c2169c0dddae7ff1e\",\"name\":\"Zden\u011bk Zelenka\",\"image\":{\"@type\":\"ImageObject\",\"inLanguage\":\"cs\",\"@id\":\"https:\/\/www.dakarmania.cz\/#\/schema\/person\/image\/\",\"url\":\"https:\/\/secure.gravatar.com\/avatar\/2c80d5a4942fe0900b73cc7d3837a509d6ee0a276a2b76dac95c92bd0763a89b?s=96&d=mm&r=g\",\"contentUrl\":\"https:\/\/secure.gravatar.com\/avatar\/2c80d5a4942fe0900b73cc7d3837a509d6ee0a276a2b76dac95c92bd0763a89b?s=96&d=mm&r=g\",\"caption\":\"Zden\u011bk Zelenka\"},\"description\":\"Moji d\u011bt\u0161t\u00ed hrdinov\u00e9 se jmenovali Loprais, Moskal, Neveu, Vatanen, Rahier... A tihle borci, jejich n\u00e1sledovn\u00edci a jejich p\u0159\u00edb\u011bhy m\u011b nep\u0159estali fascinovat ani po letech, kdy jsem vyrostl a zam\u011bstn\u00e1valy m\u011b jin\u00e9 discipl\u00edny motorsportu. Proto se zrodila DAKARMANIA.\",\"url\":\"https:\/\/www.dakarmania.cz\/index.php\/author\/dakarmania\/\"}]}<\/script>\n<!-- \/ Yoast SEO plugin. -->","yoast_head_json":{"title":"Abu Dhabi: Nabit\u00e1 startovka slibuje velkou bitvu - DAKARMANIA.cz","description":"Abu Dhabi Desert Challenge 2019 slibuje velkou bitvu. Minim\u00e1ln\u011b osm jezdc\u016f pat\u0159\u00ed k hork\u00fdm favorit\u016fm na um\u00edst\u011bn\u00ed na stupn\u00edch v\u00edt\u011bz\u016f.","robots":{"index":"index","follow":"follow","max-snippet":"max-snippet:-1","max-image-preview":"max-image-preview:large","max-video-preview":"max-video-preview:-1"},"canonical":"https:\/\/www.dakarmania.cz\/index.php\/2019\/03\/22\/abu-dhabi-nabita-startovka\/","og_locale":"cs_CZ","og_type":"article","og_title":"Abu Dhabi: Nabit\u00e1 startovka slibuje velkou bitvu - DAKARMANIA.cz","og_description":"Abu Dhabi Desert Challenge 2019 slibuje velkou bitvu. Minim\u00e1ln\u011b osm jezdc\u016f pat\u0159\u00ed k hork\u00fdm favorit\u016fm na um\u00edst\u011bn\u00ed na stupn\u00edch v\u00edt\u011bz\u016f.","og_url":"https:\/\/www.dakarmania.cz\/index.php\/2019\/03\/22\/abu-dhabi-nabita-startovka\/","og_site_name":"DAKARMANIA.cz","article_publisher":"https:\/\/www.facebook.com\/dakarmania\/","article_published_time":"2019-03-22T13:54:44+00:00","article_modified_time":"2019-10-22T14:28:40+00:00","og_image":[{"width":2048,"height":1365,"url":"https:\/\/www.dakarmania.cz\/wp-content\/uploads\/2019\/03\/18-addc-prokop-22.jpg","type":"image\/jpeg"}],"author":"Zden\u011bk Zelenka","twitter_card":"summary_large_image","twitter_misc":{"Napsal(a)":"Zden\u011bk Zelenka","Odhadovan\u00e1 doba \u010dten\u00ed":"5 minut"},"schema":{"@context":"https:\/\/schema.org","@graph":[{"@type":"Article","@id":"https:\/\/www.dakarmania.cz\/index.php\/2019\/03\/22\/abu-dhabi-nabita-startovka\/#article","isPartOf":{"@id":"https:\/\/www.dakarmania.cz\/index.php\/2019\/03\/22\/abu-dhabi-nabita-startovka\/"},"author":{"name":"Zden\u011bk Zelenka","@id":"https:\/\/www.dakarmania.cz\/#\/schema\/person\/04eb0e87a389631c2169c0dddae7ff1e"},"headline":"Abu Dhabi: Nabit\u00e1 startovka slibuje velkou bitvu","datePublished":"2019-03-22T13:54:44+00:00","dateModified":"2019-10-22T14:28:40+00:00","mainEntityOfPage":{"@id":"https:\/\/www.dakarmania.cz\/index.php\/2019\/03\/22\/abu-dhabi-nabita-startovka\/"},"wordCount":1013,"commentCount":0,"publisher":{"@id":"https:\/\/www.dakarmania.cz\/#organization"},"image":{"@id":"https:\/\/www.dakarmania.cz\/index.php\/2019\/03\/22\/abu-dhabi-nabita-startovka\/#primaryimage"},"thumbnailUrl":"https:\/\/www.dakarmania.cz\/wp-content\/uploads\/2019\/03\/18-addc-prokop-22.jpg","keywords":["2019","Abu Dhabi Racing","ADDC","ADDC 2019","Andrea Mayer","Andrea Peterhansel","Andrej \u010cerednikov","Aron Dom\u017ca\u0142a","Bernhard ten Brinke","BMW","Cyril Despres","Daniel Oliveras","Essa Al-Dossary","Eugenio Amos","Ford","Khalid Al Qassimi","Kuba Przygo\u0144ski","Marek S\u00fdkora","Martin Prokop","Mini","Miroslav Zapletal","MP-Sports","Nissan","Offroadsport","Peugeot","PH Sport","SP FIA CCR","SP FIA CCR 2019","Stephan Schott","St\u00e9phane Peterhansel","Toyota","Viktor Chytka","Vladimir Vasiljev","X-raid","Xavier Panseri","Yasir Hamad Seaidan","Yazeed Al-Rajhi"],"articleSection":["Abu Dhabi Desert Challenge","Auto","FIA SP CCR"],"inLanguage":"cs","potentialAction":[{"@type":"CommentAction","name":"Comment","target":["https:\/\/www.dakarmania.cz\/index.php\/2019\/03\/22\/abu-dhabi-nabita-startovka\/#respond"]}]},{"@type":"WebPage","@id":"https:\/\/www.dakarmania.cz\/index.php\/2019\/03\/22\/abu-dhabi-nabita-startovka\/","url":"https:\/\/www.dakarmania.cz\/index.php\/2019\/03\/22\/abu-dhabi-nabita-startovka\/","name":"Abu Dhabi: Nabit\u00e1 startovka slibuje velkou bitvu - DAKARMANIA.cz","isPartOf":{"@id":"https:\/\/www.dakarmania.cz\/#website"},"primaryImageOfPage":{"@id":"https:\/\/www.dakarmania.cz\/index.php\/2019\/03\/22\/abu-dhabi-nabita-startovka\/#primaryimage"},"image":{"@id":"https:\/\/www.dakarmania.cz\/index.php\/2019\/03\/22\/abu-dhabi-nabita-startovka\/#primaryimage"},"thumbnailUrl":"https:\/\/www.dakarmania.cz\/wp-content\/uploads\/2019\/03\/18-addc-prokop-22.jpg","datePublished":"2019-03-22T13:54:44+00:00","dateModified":"2019-10-22T14:28:40+00:00","description":"Abu Dhabi Desert Challenge 2019 slibuje velkou bitvu. Minim\u00e1ln\u011b osm jezdc\u016f pat\u0159\u00ed k hork\u00fdm favorit\u016fm na um\u00edst\u011bn\u00ed na stupn\u00edch v\u00edt\u011bz\u016f.","breadcrumb":{"@id":"https:\/\/www.dakarmania.cz\/index.php\/2019\/03\/22\/abu-dhabi-nabita-startovka\/#breadcrumb"},"inLanguage":"cs","potentialAction":[{"@type":"ReadAction","target":["https:\/\/www.dakarmania.cz\/index.php\/2019\/03\/22\/abu-dhabi-nabita-startovka\/"]}]},{"@type":"ImageObject","inLanguage":"cs","@id":"https:\/\/www.dakarmania.cz\/index.php\/2019\/03\/22\/abu-dhabi-nabita-startovka\/#primaryimage","url":"https:\/\/www.dakarmania.cz\/wp-content\/uploads\/2019\/03\/18-addc-prokop-22.jpg","contentUrl":"https:\/\/www.dakarmania.cz\/wp-content\/uploads\/2019\/03\/18-addc-prokop-22.jpg","width":2048,"height":1365,"caption":"Martin Prokop \/ David Pabi\u0161ka, Ford Raptor RS Cross-Country, MP-Sports. Abu Dhabi Desert Challenge 2018. \u00a9 MP-Sports"},{"@type":"BreadcrumbList","@id":"https:\/\/www.dakarmania.cz\/index.php\/2019\/03\/22\/abu-dhabi-nabita-startovka\/#breadcrumb","itemListElement":[{"@type":"ListItem","position":1,"name":"Dom\u016f","item":"https:\/\/www.dakarmania.cz\/"},{"@type":"ListItem","position":2,"name":"Abu Dhabi: Nabit\u00e1 startovka slibuje velkou bitvu"}]},{"@type":"WebSite","@id":"https:\/\/www.dakarmania.cz\/#website","url":"https:\/\/www.dakarmania.cz\/","name":"DAKARMANIA.cz","description":"\u017dijeme Dakarem cel\u00fd rok","publisher":{"@id":"https:\/\/www.dakarmania.cz\/#organization"},"potentialAction":[{"@type":"SearchAction","target":{"@type":"EntryPoint","urlTemplate":"https:\/\/www.dakarmania.cz\/?s={search_term_string}"},"query-input":{"@type":"PropertyValueSpecification","valueRequired":true,"valueName":"search_term_string"}}],"inLanguage":"cs"},{"@type":"Organization","@id":"https:\/\/www.dakarmania.cz\/#organization","name":"DAKAR MANIA","url":"https:\/\/www.dakarmania.cz\/","logo":{"@type":"ImageObject","inLanguage":"cs","@id":"https:\/\/www.dakarmania.cz\/#\/schema\/logo\/image\/","url":"https:\/\/www.dakarmania.cz\/wp-content\/uploads\/2018\/12\/Dakar-Mania-Logo-Square-Orange.png","contentUrl":"https:\/\/www.dakarmania.cz\/wp-content\/uploads\/2018\/12\/Dakar-Mania-Logo-Square-Orange.png","width":992,"height":992,"caption":"DAKAR MANIA"},"image":{"@id":"https:\/\/www.dakarmania.cz\/#\/schema\/logo\/image\/"},"sameAs":["https:\/\/www.facebook.com\/dakarmania\/"]},{"@type":"Person","@id":"https:\/\/www.dakarmania.cz\/#\/schema\/person\/04eb0e87a389631c2169c0dddae7ff1e","name":"Zden\u011bk Zelenka","image":{"@type":"ImageObject","inLanguage":"cs","@id":"https:\/\/www.dakarmania.cz\/#\/schema\/person\/image\/","url":"https:\/\/secure.gravatar.com\/avatar\/2c80d5a4942fe0900b73cc7d3837a509d6ee0a276a2b76dac95c92bd0763a89b?s=96&d=mm&r=g","contentUrl":"https:\/\/secure.gravatar.com\/avatar\/2c80d5a4942fe0900b73cc7d3837a509d6ee0a276a2b76dac95c92bd0763a89b?s=96&d=mm&r=g","caption":"Zden\u011bk Zelenka"},"description":"Moji d\u011bt\u0161t\u00ed hrdinov\u00e9 se jmenovali Loprais, Moskal, Neveu, Vatanen, Rahier... A tihle borci, jejich n\u00e1sledovn\u00edci a jejich p\u0159\u00edb\u011bhy m\u011b nep\u0159estali fascinovat ani po letech, kdy jsem vyrostl a zam\u011bstn\u00e1valy m\u011b jin\u00e9 discipl\u00edny motorsportu. Proto se zrodila DAKARMANIA.","url":"https:\/\/www.dakarmania.cz\/index.php\/author\/dakarmania\/"}]}},"amp_enabled":true,"_links":{"self":[{"href":"https:\/\/www.dakarmania.cz\/index.php\/wp-json\/wp\/v2\/posts\/4474","targetHints":{"allow":["GET"]}}],"collection":[{"href":"https:\/\/www.dakarmania.cz\/index.php\/wp-json\/wp\/v2\/posts"}],"about":[{"href":"https:\/\/www.dakarmania.cz\/index.php\/wp-json\/wp\/v2\/types\/post"}],"author":[{"embeddable":true,"href":"https:\/\/www.dakarmania.cz\/index.php\/wp-json\/wp\/v2\/users\/1"}],"replies":[{"embeddable":true,"href":"https:\/\/www.dakarmania.cz\/index.php\/wp-json\/wp\/v2\/comments?post=4474"}],"version-history":[{"count":3,"href":"https:\/\/www.dakarmania.cz\/index.php\/wp-json\/wp\/v2\/posts\/4474\/revisions"}],"predecessor-version":[{"id":12747,"href":"https:\/\/www.dakarmania.cz\/index.php\/wp-json\/wp\/v2\/posts\/4474\/revisions\/12747"}],"wp:featuredmedia":[{"embeddable":true,"href":"https:\/\/www.dakarmania.cz\/index.php\/wp-json\/wp\/v2\/media\/4475"}],"wp:attachment":[{"href":"https:\/\/www.dakarmania.cz\/index.php\/wp-json\/wp\/v2\/media?parent=4474"}],"wp:term":[{"taxonomy":"category","embeddable":true,"href":"https:\/\/www.dakarmania.cz\/index.php\/wp-json\/wp\/v2\/categories?post=4474"},{"taxonomy":"post_tag","embeddable":true,"href":"https:\/\/www.dakarmania.cz\/index.php\/wp-json\/wp\/v2\/tags?post=4474"}],"curies":[{"name":"wp","href":"https:\/\/api.w.org\/{rel}","templated":true}]}}