{"id":4487,"date":"2019-03-23T11:49:02","date_gmt":"2019-03-23T10:49:02","guid":{"rendered":"https:\/\/www.dakarmania.cz\/?p=4487"},"modified":"2019-03-23T11:52:48","modified_gmt":"2019-03-23T10:52:48","slug":"ricky-brabec-vyhral-mexickou-sonora-rally","status":"publish","type":"post","link":"https:\/\/www.dakarmania.cz\/index.php\/2019\/03\/23\/ricky-brabec-vyhral-mexickou-sonora-rally\/","title":{"rendered":"Ricky Brabec vyhr\u00e1l mexickou Sonora Rally"},"content":{"rendered":"<p>[vc_row][vc_column][vc_column_text]<\/p>\n<h4>Ameri\u010dan Ricky Brabec zopakoval na Sonora Rally sv\u016fj triumf z roku 2017. Druh\u00e9 m\u00edsto za tov\u00e1rn\u00edm jezdcem Hondy obsadil lo\u0148sk\u00fd v\u00edt\u011bz Skyler Howes, jen\u017e je \u010desk\u00fdm fanou\u0161k\u016fm dob\u0159e zn\u00e1m\u00fd d\u00edky spolupr\u00e1ci s t\u00fdmem Klym\u010diw Racing.<\/h4>\n<p>Sonora Rally nem\u00e1 v Severn\u00ed Americe obdobu. Jezd\u00ed se v mexick\u00e9 \u010d\u00e1sti Sonorsk\u00e9 pou\u0161t\u011b. Letos startovala ze San Luis R\u00edo Colorado, le\u017e\u00edc\u00edho na hranici se Spojen\u00fdmi st\u00e1ty americk\u00fdmi, odkud se \u00fa\u010dastn\u00edci vydali na jih do Hermosilla. V pr\u016fb\u011bhu p\u011bti etap ujeli z\u00e1vodn\u00edci 1324 kilometr\u016f.<\/p>\n<p>Brabec vyhr\u00e1l prvn\u00ed etapu a od t\u00e9 chv\u00edle veden\u00ed kontroloval. Skv\u011bl\u00fdm zp\u016fsobem tak zah\u00e1jil p\u0159\u00edpravu na n\u00e1sleduj\u00edc\u00ed ro\u010dn\u00edk dakarsk\u00e9 rally, na n\u00ed\u017e letos dlouho sahal po v\u00edt\u011bzstv\u00ed.<\/p>\n<p><em>\u201eZbytek t\u00fdmu pojede p\u0159\u00ed\u0161t\u00ed t\u00fdden v <a href=\"https:\/\/www.dakarmania.cz\/index.php\/sampionaty\/svetovy-pohar-fia-v-cross-country-rally-2019\/addc-2019\/\">Abu Dhabi<\/a>, ale j\u00e1 jsem dal p\u0159ednost Sono\u0159e. Mysl\u00edm si, \u017ee na tr\u00e9nink je lep\u0161\u00ed ne\u017e sout\u011b\u017e sv\u011btov\u00e9ho \u0161ampion\u00e1tu,\u201c<\/em> vysv\u011btluje <strong>Ricky Brabec<\/strong>. <em>\u201eK t\u00fdmu se p\u0159ipoj\u00edm p\u0159i dal\u0161\u00edch z\u00e1vodech. Nem\u016f\u017eu se do\u010dkat informac\u00ed, jak\u00fd bude <a href=\"https:\/\/www.dakarmania.cz\/index.php\/category\/dakar\/dakar-2020\/\">Dakar 2020<\/a>. Letos jsem byl bl\u00edzko. Ka\u017edop\u00e1dn\u011b mus\u00edm zachovat chladnou hlavu a zopakovat \u00fasp\u011b\u0161nou sezonu 2018, abych byl na za\u010d\u00e1tku roku 2020 ve \u0161pi\u010dkov\u00e9 form\u011b.\u201c<\/em>[\/vc_column_text][vc_single_image image=&#8221;4486&#8243; img_size=&#8221;large&#8221; add_caption=&#8221;yes&#8221; alignment=&#8221;center&#8221;][vc_column_text]D\u00edky v\u00fdh\u0159e na Sonora Rally 2018 z\u00edskal Skyler Howes mo\u017enost startu na Dakaru 2019 bez nutnosti platit startovn\u00e9. Letos v Mexiku dojel do c\u00edle jako druh\u00fd se ztr\u00e1tou 37 minut. Znovu v\u0161ak z\u00edskal zaj\u00edmavou cenu. Jako v\u00edt\u011bz tzv. Morocco Challenge nemus\u00ed platit startovn\u00e9 na \u0159\u00edjnov\u00e9 Rallye du Maroc, je\u017e b\u00fdv\u00e1 pro mnoh\u00e9 jezdce a t\u00fdmy z\u00e1v\u011bre\u010dnou ostrou p\u0159\u00edpravou na dal\u0161\u00ed Dakar.<\/p>\n<p>Howes na sout\u011b\u017ei h\u00e1jil barvy t\u00fdmu Garrett Off-Road Racing. Jeho majitel Garrett Poucher v lednu tak\u00e9 debutoval na Dakaru v t\u00fdmu Klym\u010diw Racing, ale na Sonora Rally nem\u011bl \u0161t\u011bst\u00ed. S podez\u0159en\u00edm na zran\u011bn\u00ed kolene musel odstoupit ze druh\u00e9 etapy.<\/p>\n<p>Otazn\u00edk tak nyn\u00ed vis\u00ed nad jeho \u00fa\u010dast\u00ed na dubnov\u00e9 Morocco Desert Challenge, na kter\u00e9 by Howes i Poucher m\u011bli op\u011bt startovat ve st\u00e1ji Ond\u0159eje Klym\u010diwa.[\/vc_column_text][vc_btn title=&#8221;V\u00fdsledky Sonora Rally 2019&#8243; style=&#8221;outline&#8221; color=&#8221;warning&#8221; size=&#8221;sm&#8221; align=&#8221;center&#8221; i_icon_fontawesome=&#8221;fa fa-list-ol&#8221; button_block=&#8221;true&#8221; add_icon=&#8221;true&#8221; link=&#8221;url:https%3A%2F%2Fwww.dakarmania.cz%2Fwp-content%2Fuploads%2F2019%2F03%2F2019-sonora-final-results.pdf||target:%20_blank|&#8221;][\/vc_column][\/vc_row]<\/p>\n","protected":false},"excerpt":{"rendered":"<p>[vc_row][vc_column][vc_column_text] Ameri\u010dan Ricky Brabec zopakoval na Sonora Rally sv\u016fj triumf z roku 2017. Druh\u00e9 m\u00edsto za tov\u00e1rn\u00edm jezdcem Hondy obsadil lo\u0148sk\u00fd v\u00edt\u011bz Skyler Howes, jen\u017e je \u010desk\u00fdm fanou\u0161k\u016fm dob\u0159e zn\u00e1m\u00fd d\u00edky spolupr\u00e1ci s t\u00fdmem Klym\u010diw Racing. Sonora Rally nem\u00e1 v Severn\u00ed Americe obdobu. Jezd\u00ed se v mexick\u00e9 \u010d\u00e1sti Sonorsk\u00e9 pou\u0161t\u011b. Letos startovala ze San Luis [&hellip;]<\/p>\n","protected":false},"author":1,"featured_media":4485,"comment_status":"open","ping_status":"closed","sticky":false,"template":"","format":"standard","meta":{"footnotes":""},"categories":[15],"tags":[425,675,242,129,222,61,673,674],"class_list":["post-4487","post","type-post","status-publish","format-standard","has-post-thumbnail","hentry","category-moto-quad","tag-425","tag-garrett-off-road-racing","tag-garrett-poucher","tag-honda","tag-ricky-brabec","tag-skyler-howes","tag-sonora-rally","tag-sonora-rally-2019"],"yoast_head":"<!-- This site is optimized with the Yoast SEO plugin v24.9 - https:\/\/yoast.com\/wordpress\/plugins\/seo\/ -->\n<title>Ricky Brabec vyhr\u00e1l mexickou Sonora Rally - DAKARMANIA.cz<\/title>\n<meta name=\"description\" content=\"Ameri\u010dan Ricky Brabec zopakoval na Sonora Rally sv\u016fj triumf z roku 2017. Druh\u00e9 m\u00edsto za tov\u00e1rn\u00edm jezdcem Hondy obsadil lo\u0148sk\u00fd v\u00edt\u011bz Skyler Howes.\" \/>\n<meta name=\"robots\" content=\"index, follow, max-snippet:-1, max-image-preview:large, max-video-preview:-1\" \/>\n<link rel=\"canonical\" href=\"https:\/\/www.dakarmania.cz\/index.php\/2019\/03\/23\/ricky-brabec-vyhral-mexickou-sonora-rally\/\" \/>\n<meta property=\"og:locale\" content=\"cs_CZ\" \/>\n<meta property=\"og:type\" content=\"article\" \/>\n<meta property=\"og:title\" content=\"Ricky Brabec vyhr\u00e1l mexickou Sonora Rally - DAKARMANIA.cz\" \/>\n<meta property=\"og:description\" content=\"Ameri\u010dan Ricky Brabec zopakoval na Sonora Rally sv\u016fj triumf z roku 2017. Druh\u00e9 m\u00edsto za tov\u00e1rn\u00edm jezdcem Hondy obsadil lo\u0148sk\u00fd v\u00edt\u011bz Skyler Howes.\" \/>\n<meta property=\"og:url\" content=\"https:\/\/www.dakarmania.cz\/index.php\/2019\/03\/23\/ricky-brabec-vyhral-mexickou-sonora-rally\/\" \/>\n<meta property=\"og:site_name\" content=\"DAKARMANIA.cz\" \/>\n<meta property=\"article:publisher\" content=\"https:\/\/www.facebook.com\/dakarmania\/\" \/>\n<meta property=\"article:published_time\" content=\"2019-03-23T10:49:02+00:00\" \/>\n<meta property=\"article:modified_time\" content=\"2019-03-23T10:52:48+00:00\" \/>\n<meta property=\"og:image\" content=\"https:\/\/www.dakarmania.cz\/wp-content\/uploads\/2019\/03\/19-sonora-brabec-01.jpg\" \/>\n\t<meta property=\"og:image:width\" content=\"1680\" \/>\n\t<meta property=\"og:image:height\" content=\"1120\" \/>\n\t<meta property=\"og:image:type\" content=\"image\/jpeg\" \/>\n<meta name=\"author\" content=\"Zden\u011bk Zelenka\" \/>\n<meta name=\"twitter:card\" content=\"summary_large_image\" \/>\n<meta name=\"twitter:label1\" content=\"Napsal(a)\" \/>\n\t<meta name=\"twitter:data1\" content=\"Zden\u011bk Zelenka\" \/>\n\t<meta name=\"twitter:label2\" content=\"Odhadovan\u00e1 doba \u010dten\u00ed\" \/>\n\t<meta name=\"twitter:data2\" content=\"2 minuty\" \/>\n<script type=\"application\/ld+json\" class=\"yoast-schema-graph\">{\"@context\":\"https:\/\/schema.org\",\"@graph\":[{\"@type\":\"Article\",\"@id\":\"https:\/\/www.dakarmania.cz\/index.php\/2019\/03\/23\/ricky-brabec-vyhral-mexickou-sonora-rally\/#article\",\"isPartOf\":{\"@id\":\"https:\/\/www.dakarmania.cz\/index.php\/2019\/03\/23\/ricky-brabec-vyhral-mexickou-sonora-rally\/\"},\"author\":{\"name\":\"Zden\u011bk Zelenka\",\"@id\":\"https:\/\/www.dakarmania.cz\/#\/schema\/person\/04eb0e87a389631c2169c0dddae7ff1e\"},\"headline\":\"Ricky Brabec vyhr\u00e1l mexickou Sonora Rally\",\"datePublished\":\"2019-03-23T10:49:02+00:00\",\"dateModified\":\"2019-03-23T10:52:48+00:00\",\"mainEntityOfPage\":{\"@id\":\"https:\/\/www.dakarmania.cz\/index.php\/2019\/03\/23\/ricky-brabec-vyhral-mexickou-sonora-rally\/\"},\"wordCount\":474,\"commentCount\":0,\"publisher\":{\"@id\":\"https:\/\/www.dakarmania.cz\/#organization\"},\"image\":{\"@id\":\"https:\/\/www.dakarmania.cz\/index.php\/2019\/03\/23\/ricky-brabec-vyhral-mexickou-sonora-rally\/#primaryimage\"},\"thumbnailUrl\":\"https:\/\/www.dakarmania.cz\/wp-content\/uploads\/2019\/03\/19-sonora-brabec-01.jpg\",\"keywords\":[\"2019\",\"Garrett Off-Road Racing\",\"Garrett Poucher\",\"Honda\",\"Ricky Brabec\",\"Skyler Howes\",\"Sonora Rally\",\"Sonora Rally 2019\"],\"articleSection\":[\"Moto\/Quad\"],\"inLanguage\":\"cs\",\"potentialAction\":[{\"@type\":\"CommentAction\",\"name\":\"Comment\",\"target\":[\"https:\/\/www.dakarmania.cz\/index.php\/2019\/03\/23\/ricky-brabec-vyhral-mexickou-sonora-rally\/#respond\"]}]},{\"@type\":\"WebPage\",\"@id\":\"https:\/\/www.dakarmania.cz\/index.php\/2019\/03\/23\/ricky-brabec-vyhral-mexickou-sonora-rally\/\",\"url\":\"https:\/\/www.dakarmania.cz\/index.php\/2019\/03\/23\/ricky-brabec-vyhral-mexickou-sonora-rally\/\",\"name\":\"Ricky Brabec vyhr\u00e1l mexickou Sonora Rally - DAKARMANIA.cz\",\"isPartOf\":{\"@id\":\"https:\/\/www.dakarmania.cz\/#website\"},\"primaryImageOfPage\":{\"@id\":\"https:\/\/www.dakarmania.cz\/index.php\/2019\/03\/23\/ricky-brabec-vyhral-mexickou-sonora-rally\/#primaryimage\"},\"image\":{\"@id\":\"https:\/\/www.dakarmania.cz\/index.php\/2019\/03\/23\/ricky-brabec-vyhral-mexickou-sonora-rally\/#primaryimage\"},\"thumbnailUrl\":\"https:\/\/www.dakarmania.cz\/wp-content\/uploads\/2019\/03\/19-sonora-brabec-01.jpg\",\"datePublished\":\"2019-03-23T10:49:02+00:00\",\"dateModified\":\"2019-03-23T10:52:48+00:00\",\"description\":\"Ameri\u010dan Ricky Brabec zopakoval na Sonora Rally sv\u016fj triumf z roku 2017. Druh\u00e9 m\u00edsto za tov\u00e1rn\u00edm jezdcem Hondy obsadil lo\u0148sk\u00fd v\u00edt\u011bz Skyler Howes.\",\"breadcrumb\":{\"@id\":\"https:\/\/www.dakarmania.cz\/index.php\/2019\/03\/23\/ricky-brabec-vyhral-mexickou-sonora-rally\/#breadcrumb\"},\"inLanguage\":\"cs\",\"potentialAction\":[{\"@type\":\"ReadAction\",\"target\":[\"https:\/\/www.dakarmania.cz\/index.php\/2019\/03\/23\/ricky-brabec-vyhral-mexickou-sonora-rally\/\"]}]},{\"@type\":\"ImageObject\",\"inLanguage\":\"cs\",\"@id\":\"https:\/\/www.dakarmania.cz\/index.php\/2019\/03\/23\/ricky-brabec-vyhral-mexickou-sonora-rally\/#primaryimage\",\"url\":\"https:\/\/www.dakarmania.cz\/wp-content\/uploads\/2019\/03\/19-sonora-brabec-01.jpg\",\"contentUrl\":\"https:\/\/www.dakarmania.cz\/wp-content\/uploads\/2019\/03\/19-sonora-brabec-01.jpg\",\"width\":1680,\"height\":1120,\"caption\":\"Ricky Brabec, Honda CRF450 Rally, Johnny Campbell Racing. Sonora Rally 2019. \u00a9 Sonora Rally Media\"},{\"@type\":\"BreadcrumbList\",\"@id\":\"https:\/\/www.dakarmania.cz\/index.php\/2019\/03\/23\/ricky-brabec-vyhral-mexickou-sonora-rally\/#breadcrumb\",\"itemListElement\":[{\"@type\":\"ListItem\",\"position\":1,\"name\":\"Dom\u016f\",\"item\":\"https:\/\/www.dakarmania.cz\/\"},{\"@type\":\"ListItem\",\"position\":2,\"name\":\"Ricky Brabec vyhr\u00e1l mexickou Sonora Rally\"}]},{\"@type\":\"WebSite\",\"@id\":\"https:\/\/www.dakarmania.cz\/#website\",\"url\":\"https:\/\/www.dakarmania.cz\/\",\"name\":\"DAKARMANIA.cz\",\"description\":\"\u017dijeme Dakarem cel\u00fd rok\",\"publisher\":{\"@id\":\"https:\/\/www.dakarmania.cz\/#organization\"},\"potentialAction\":[{\"@type\":\"SearchAction\",\"target\":{\"@type\":\"EntryPoint\",\"urlTemplate\":\"https:\/\/www.dakarmania.cz\/?s={search_term_string}\"},\"query-input\":{\"@type\":\"PropertyValueSpecification\",\"valueRequired\":true,\"valueName\":\"search_term_string\"}}],\"inLanguage\":\"cs\"},{\"@type\":\"Organization\",\"@id\":\"https:\/\/www.dakarmania.cz\/#organization\",\"name\":\"DAKAR MANIA\",\"url\":\"https:\/\/www.dakarmania.cz\/\",\"logo\":{\"@type\":\"ImageObject\",\"inLanguage\":\"cs\",\"@id\":\"https:\/\/www.dakarmania.cz\/#\/schema\/logo\/image\/\",\"url\":\"https:\/\/www.dakarmania.cz\/wp-content\/uploads\/2018\/12\/Dakar-Mania-Logo-Square-Orange.png\",\"contentUrl\":\"https:\/\/www.dakarmania.cz\/wp-content\/uploads\/2018\/12\/Dakar-Mania-Logo-Square-Orange.png\",\"width\":992,\"height\":992,\"caption\":\"DAKAR MANIA\"},\"image\":{\"@id\":\"https:\/\/www.dakarmania.cz\/#\/schema\/logo\/image\/\"},\"sameAs\":[\"https:\/\/www.facebook.com\/dakarmania\/\"]},{\"@type\":\"Person\",\"@id\":\"https:\/\/www.dakarmania.cz\/#\/schema\/person\/04eb0e87a389631c2169c0dddae7ff1e\",\"name\":\"Zden\u011bk Zelenka\",\"image\":{\"@type\":\"ImageObject\",\"inLanguage\":\"cs\",\"@id\":\"https:\/\/www.dakarmania.cz\/#\/schema\/person\/image\/\",\"url\":\"https:\/\/secure.gravatar.com\/avatar\/2c80d5a4942fe0900b73cc7d3837a509d6ee0a276a2b76dac95c92bd0763a89b?s=96&d=mm&r=g\",\"contentUrl\":\"https:\/\/secure.gravatar.com\/avatar\/2c80d5a4942fe0900b73cc7d3837a509d6ee0a276a2b76dac95c92bd0763a89b?s=96&d=mm&r=g\",\"caption\":\"Zden\u011bk Zelenka\"},\"description\":\"Moji d\u011bt\u0161t\u00ed hrdinov\u00e9 se jmenovali Loprais, Moskal, Neveu, Vatanen, Rahier... A tihle borci, jejich n\u00e1sledovn\u00edci a jejich p\u0159\u00edb\u011bhy m\u011b nep\u0159estali fascinovat ani po letech, kdy jsem vyrostl a zam\u011bstn\u00e1valy m\u011b jin\u00e9 discipl\u00edny motorsportu. Proto se zrodila DAKARMANIA.\",\"url\":\"https:\/\/www.dakarmania.cz\/index.php\/author\/dakarmania\/\"}]}<\/script>\n<!-- \/ Yoast SEO plugin. -->","yoast_head_json":{"title":"Ricky Brabec vyhr\u00e1l mexickou Sonora Rally - DAKARMANIA.cz","description":"Ameri\u010dan Ricky Brabec zopakoval na Sonora Rally sv\u016fj triumf z roku 2017. Druh\u00e9 m\u00edsto za tov\u00e1rn\u00edm jezdcem Hondy obsadil lo\u0148sk\u00fd v\u00edt\u011bz Skyler Howes.","robots":{"index":"index","follow":"follow","max-snippet":"max-snippet:-1","max-image-preview":"max-image-preview:large","max-video-preview":"max-video-preview:-1"},"canonical":"https:\/\/www.dakarmania.cz\/index.php\/2019\/03\/23\/ricky-brabec-vyhral-mexickou-sonora-rally\/","og_locale":"cs_CZ","og_type":"article","og_title":"Ricky Brabec vyhr\u00e1l mexickou Sonora Rally - DAKARMANIA.cz","og_description":"Ameri\u010dan Ricky Brabec zopakoval na Sonora Rally sv\u016fj triumf z roku 2017. Druh\u00e9 m\u00edsto za tov\u00e1rn\u00edm jezdcem Hondy obsadil lo\u0148sk\u00fd v\u00edt\u011bz Skyler Howes.","og_url":"https:\/\/www.dakarmania.cz\/index.php\/2019\/03\/23\/ricky-brabec-vyhral-mexickou-sonora-rally\/","og_site_name":"DAKARMANIA.cz","article_publisher":"https:\/\/www.facebook.com\/dakarmania\/","article_published_time":"2019-03-23T10:49:02+00:00","article_modified_time":"2019-03-23T10:52:48+00:00","og_image":[{"width":1680,"height":1120,"url":"https:\/\/www.dakarmania.cz\/wp-content\/uploads\/2019\/03\/19-sonora-brabec-01.jpg","type":"image\/jpeg"}],"author":"Zden\u011bk Zelenka","twitter_card":"summary_large_image","twitter_misc":{"Napsal(a)":"Zden\u011bk Zelenka","Odhadovan\u00e1 doba \u010dten\u00ed":"2 minuty"},"schema":{"@context":"https:\/\/schema.org","@graph":[{"@type":"Article","@id":"https:\/\/www.dakarmania.cz\/index.php\/2019\/03\/23\/ricky-brabec-vyhral-mexickou-sonora-rally\/#article","isPartOf":{"@id":"https:\/\/www.dakarmania.cz\/index.php\/2019\/03\/23\/ricky-brabec-vyhral-mexickou-sonora-rally\/"},"author":{"name":"Zden\u011bk Zelenka","@id":"https:\/\/www.dakarmania.cz\/#\/schema\/person\/04eb0e87a389631c2169c0dddae7ff1e"},"headline":"Ricky Brabec vyhr\u00e1l mexickou Sonora Rally","datePublished":"2019-03-23T10:49:02+00:00","dateModified":"2019-03-23T10:52:48+00:00","mainEntityOfPage":{"@id":"https:\/\/www.dakarmania.cz\/index.php\/2019\/03\/23\/ricky-brabec-vyhral-mexickou-sonora-rally\/"},"wordCount":474,"commentCount":0,"publisher":{"@id":"https:\/\/www.dakarmania.cz\/#organization"},"image":{"@id":"https:\/\/www.dakarmania.cz\/index.php\/2019\/03\/23\/ricky-brabec-vyhral-mexickou-sonora-rally\/#primaryimage"},"thumbnailUrl":"https:\/\/www.dakarmania.cz\/wp-content\/uploads\/2019\/03\/19-sonora-brabec-01.jpg","keywords":["2019","Garrett Off-Road Racing","Garrett Poucher","Honda","Ricky Brabec","Skyler Howes","Sonora Rally","Sonora Rally 2019"],"articleSection":["Moto\/Quad"],"inLanguage":"cs","potentialAction":[{"@type":"CommentAction","name":"Comment","target":["https:\/\/www.dakarmania.cz\/index.php\/2019\/03\/23\/ricky-brabec-vyhral-mexickou-sonora-rally\/#respond"]}]},{"@type":"WebPage","@id":"https:\/\/www.dakarmania.cz\/index.php\/2019\/03\/23\/ricky-brabec-vyhral-mexickou-sonora-rally\/","url":"https:\/\/www.dakarmania.cz\/index.php\/2019\/03\/23\/ricky-brabec-vyhral-mexickou-sonora-rally\/","name":"Ricky Brabec vyhr\u00e1l mexickou Sonora Rally - DAKARMANIA.cz","isPartOf":{"@id":"https:\/\/www.dakarmania.cz\/#website"},"primaryImageOfPage":{"@id":"https:\/\/www.dakarmania.cz\/index.php\/2019\/03\/23\/ricky-brabec-vyhral-mexickou-sonora-rally\/#primaryimage"},"image":{"@id":"https:\/\/www.dakarmania.cz\/index.php\/2019\/03\/23\/ricky-brabec-vyhral-mexickou-sonora-rally\/#primaryimage"},"thumbnailUrl":"https:\/\/www.dakarmania.cz\/wp-content\/uploads\/2019\/03\/19-sonora-brabec-01.jpg","datePublished":"2019-03-23T10:49:02+00:00","dateModified":"2019-03-23T10:52:48+00:00","description":"Ameri\u010dan Ricky Brabec zopakoval na Sonora Rally sv\u016fj triumf z roku 2017. Druh\u00e9 m\u00edsto za tov\u00e1rn\u00edm jezdcem Hondy obsadil lo\u0148sk\u00fd v\u00edt\u011bz Skyler Howes.","breadcrumb":{"@id":"https:\/\/www.dakarmania.cz\/index.php\/2019\/03\/23\/ricky-brabec-vyhral-mexickou-sonora-rally\/#breadcrumb"},"inLanguage":"cs","potentialAction":[{"@type":"ReadAction","target":["https:\/\/www.dakarmania.cz\/index.php\/2019\/03\/23\/ricky-brabec-vyhral-mexickou-sonora-rally\/"]}]},{"@type":"ImageObject","inLanguage":"cs","@id":"https:\/\/www.dakarmania.cz\/index.php\/2019\/03\/23\/ricky-brabec-vyhral-mexickou-sonora-rally\/#primaryimage","url":"https:\/\/www.dakarmania.cz\/wp-content\/uploads\/2019\/03\/19-sonora-brabec-01.jpg","contentUrl":"https:\/\/www.dakarmania.cz\/wp-content\/uploads\/2019\/03\/19-sonora-brabec-01.jpg","width":1680,"height":1120,"caption":"Ricky Brabec, Honda CRF450 Rally, Johnny Campbell Racing. Sonora Rally 2019. \u00a9 Sonora Rally Media"},{"@type":"BreadcrumbList","@id":"https:\/\/www.dakarmania.cz\/index.php\/2019\/03\/23\/ricky-brabec-vyhral-mexickou-sonora-rally\/#breadcrumb","itemListElement":[{"@type":"ListItem","position":1,"name":"Dom\u016f","item":"https:\/\/www.dakarmania.cz\/"},{"@type":"ListItem","position":2,"name":"Ricky Brabec vyhr\u00e1l mexickou Sonora Rally"}]},{"@type":"WebSite","@id":"https:\/\/www.dakarmania.cz\/#website","url":"https:\/\/www.dakarmania.cz\/","name":"DAKARMANIA.cz","description":"\u017dijeme Dakarem cel\u00fd rok","publisher":{"@id":"https:\/\/www.dakarmania.cz\/#organization"},"potentialAction":[{"@type":"SearchAction","target":{"@type":"EntryPoint","urlTemplate":"https:\/\/www.dakarmania.cz\/?s={search_term_string}"},"query-input":{"@type":"PropertyValueSpecification","valueRequired":true,"valueName":"search_term_string"}}],"inLanguage":"cs"},{"@type":"Organization","@id":"https:\/\/www.dakarmania.cz\/#organization","name":"DAKAR MANIA","url":"https:\/\/www.dakarmania.cz\/","logo":{"@type":"ImageObject","inLanguage":"cs","@id":"https:\/\/www.dakarmania.cz\/#\/schema\/logo\/image\/","url":"https:\/\/www.dakarmania.cz\/wp-content\/uploads\/2018\/12\/Dakar-Mania-Logo-Square-Orange.png","contentUrl":"https:\/\/www.dakarmania.cz\/wp-content\/uploads\/2018\/12\/Dakar-Mania-Logo-Square-Orange.png","width":992,"height":992,"caption":"DAKAR MANIA"},"image":{"@id":"https:\/\/www.dakarmania.cz\/#\/schema\/logo\/image\/"},"sameAs":["https:\/\/www.facebook.com\/dakarmania\/"]},{"@type":"Person","@id":"https:\/\/www.dakarmania.cz\/#\/schema\/person\/04eb0e87a389631c2169c0dddae7ff1e","name":"Zden\u011bk Zelenka","image":{"@type":"ImageObject","inLanguage":"cs","@id":"https:\/\/www.dakarmania.cz\/#\/schema\/person\/image\/","url":"https:\/\/secure.gravatar.com\/avatar\/2c80d5a4942fe0900b73cc7d3837a509d6ee0a276a2b76dac95c92bd0763a89b?s=96&d=mm&r=g","contentUrl":"https:\/\/secure.gravatar.com\/avatar\/2c80d5a4942fe0900b73cc7d3837a509d6ee0a276a2b76dac95c92bd0763a89b?s=96&d=mm&r=g","caption":"Zden\u011bk Zelenka"},"description":"Moji d\u011bt\u0161t\u00ed hrdinov\u00e9 se jmenovali Loprais, Moskal, Neveu, Vatanen, Rahier... A tihle borci, jejich n\u00e1sledovn\u00edci a jejich p\u0159\u00edb\u011bhy m\u011b nep\u0159estali fascinovat ani po letech, kdy jsem vyrostl a zam\u011bstn\u00e1valy m\u011b jin\u00e9 discipl\u00edny motorsportu. Proto se zrodila DAKARMANIA.","url":"https:\/\/www.dakarmania.cz\/index.php\/author\/dakarmania\/"}]}},"amp_enabled":true,"_links":{"self":[{"href":"https:\/\/www.dakarmania.cz\/index.php\/wp-json\/wp\/v2\/posts\/4487","targetHints":{"allow":["GET"]}}],"collection":[{"href":"https:\/\/www.dakarmania.cz\/index.php\/wp-json\/wp\/v2\/posts"}],"about":[{"href":"https:\/\/www.dakarmania.cz\/index.php\/wp-json\/wp\/v2\/types\/post"}],"author":[{"embeddable":true,"href":"https:\/\/www.dakarmania.cz\/index.php\/wp-json\/wp\/v2\/users\/1"}],"replies":[{"embeddable":true,"href":"https:\/\/www.dakarmania.cz\/index.php\/wp-json\/wp\/v2\/comments?post=4487"}],"version-history":[{"count":3,"href":"https:\/\/www.dakarmania.cz\/index.php\/wp-json\/wp\/v2\/posts\/4487\/revisions"}],"predecessor-version":[{"id":4491,"href":"https:\/\/www.dakarmania.cz\/index.php\/wp-json\/wp\/v2\/posts\/4487\/revisions\/4491"}],"wp:featuredmedia":[{"embeddable":true,"href":"https:\/\/www.dakarmania.cz\/index.php\/wp-json\/wp\/v2\/media\/4485"}],"wp:attachment":[{"href":"https:\/\/www.dakarmania.cz\/index.php\/wp-json\/wp\/v2\/media?parent=4487"}],"wp:term":[{"taxonomy":"category","embeddable":true,"href":"https:\/\/www.dakarmania.cz\/index.php\/wp-json\/wp\/v2\/categories?post=4487"},{"taxonomy":"post_tag","embeddable":true,"href":"https:\/\/www.dakarmania.cz\/index.php\/wp-json\/wp\/v2\/tags?post=4487"}],"curies":[{"name":"wp","href":"https:\/\/api.w.org\/{rel}","templated":true}]}}