{"id":4496,"date":"2019-03-23T22:19:20","date_gmt":"2019-03-23T21:19:20","guid":{"rendered":"https:\/\/www.dakarmania.cz\/?p=4496"},"modified":"2019-04-16T01:26:30","modified_gmt":"2019-04-15T23:26:30","slug":"macikuv-novy-kamion-vyjede-v-dubnu-chybi-uz-jen-kola","status":"publish","type":"post","link":"https:\/\/www.dakarmania.cz\/index.php\/2019\/03\/23\/macikuv-novy-kamion-vyjede-v-dubnu-chybi-uz-jen-kola\/","title":{"rendered":"Mac\u00edk\u016fv nov\u00fd kamion vyjede v dubnu, chyb\u00ed u\u017e jen kola"},"content":{"rendered":"<p>[vc_row][vc_column][vc_column_text]<\/p>\n<h4>Martina Mac\u00edka mlad\u0161\u00edho jsme na autodromu v Sosnov\u00e9 zastihli u\u017e v sobotu odpoledne. Ud\u011bloval pokyny spolupracovn\u00edk\u016fm, kte\u0159\u00ed v paddocku p\u0159ipravovali vyhrazen\u00e9 m\u00edsto je\u0161t\u011b p\u0159ed p\u0159\u00edjezdem kamion\u016f t\u00fdmu Big Shock Racing. A stavbu t\u00fdmov\u00e9ho bivaku dirigoval i pot\u00e9, co \u201et\u011b\u017ek\u00e1 vozba\u201c dorazila. Zkr\u00e1tka \u0161\u00e9f. Sr\u0161\u00edc\u00ed energi\u00ed, velmi aktivn\u00ed a zanepr\u00e1zdn\u011bn\u00fd. Ale v\u017edy tak\u00e9 uvoln\u011bn\u00fd a vst\u0159\u00edcn\u00fd.<\/h4>\n<p>Proto jsme vyu\u017eili chvilky klidu a probrali s Martinem alespo\u0148 n\u011bkolik aktu\u00e1ln\u00edch t\u00e9mat. Abyste se t\u0159eba u ned\u011bln\u00ed rann\u00ed k\u00e1vy je\u0161t\u011b p\u0159ed odjezdem na Dakar Setk\u00e1n\u00ed 2019 mohli naladit na to, co v\u00e1s b\u011bhem dne v Sosnov\u00e9 \u010dek\u00e1.<\/p>\n<h5><strong>Martine, nebudu z v\u00e1s tahat zna\u010dku vozu, ale mus\u00edm se v prvn\u00ed \u0159ad\u011b zeptat, jak pokra\u010duj\u00ed p\u0159\u00edpravy nov\u00e9ho sout\u011b\u017en\u00edho speci\u00e1lu a jak daleko jste s jeho stavbou?<\/strong><\/h5>\n<p><em>\u201eZat\u00edm nem\u00e1me kola, ale to je asi to posledn\u00ed. Jinak si mysl\u00edm, \u017ee u\u017e jsme velmi daleko. \u0160asi, pohonn\u00e9 jednotky, podvozek, v\u0161echno je kompletn\u011b p\u0159ipraven\u00e9. Je\u0161t\u011b nastrojit kabinu a nandat kola a m\u016f\u017eeme jet.\u201c<\/em><\/p>\n<h5><strong>Kdy byste tedy s \u201eKarlem\u201c mohli vyrazit na prvn\u00ed test?<\/strong><\/h5>\n<p><em>\u201eDouf\u00e1m, \u017ee do konce dubna. Ale m\u00e1me relativn\u011b dobr\u00fd p\u0159edstih, proto nevyjedeme, dokud nebude v\u0161e p\u0159ipraven\u00e9 opravdu do detailu. Auto chceme p\u0159edstavit a nejv\u00edc vyzkou\u0161et v Tunisku, kam jedeme na testov\u00e1n\u00ed na p\u0159elomu kv\u011btna a \u010dervna.\u201c<\/em>[\/vc_column_text][vc_single_image image=&#8221;4500&#8243; img_size=&#8221;large&#8221; add_caption=&#8221;yes&#8221; alignment=&#8221;center&#8221;][vc_column_text]<\/p>\n<h5><strong>Znamen\u00e1 to, \u017ee nov\u00fd v\u016fz p\u0159edstav\u00edte a\u017e v Africe?<\/strong><\/h5>\n<p><em>\u201eP\u0159izn\u00e1m se, \u017ee je\u0161t\u011b nev\u00edm, jestli bude n\u011bjak\u00e9 ofici\u00e1ln\u00ed p\u0159edstaven\u00ed. Karla sv\u011btu ur\u010dit\u011b p\u0159edstav\u00edme je\u0161t\u011b p\u0159ed t\u00edm, ne\u017e odjedeme. Ale jakou formou, to zat\u00edm netu\u0161\u00edm.\u201c<\/em><\/p>\n<h5><strong>Po Dakaru jste <a href=\"https:\/\/www.dakarmania.cz\/index.php\/2019\/01\/21\/martin-macik-za-rok-na-dakar-minimalne-se-dvema-vozy\/\">mluvil o Karlov\u011b mo\u017en\u00e9m startu u\u017e na Morocco Desert Challenge<\/a>. Ta se v\u0161ak jede v polovin\u011b dubna. Tedy p\u0159ed nyn\u00ed pl\u00e1novan\u00fdm prvn\u00edm testem. Tak\u017ee na jak\u00fdch z\u00e1vodech by se m\u011bl nov\u00fd stroj poprv\u00e9 objevit?<\/strong><\/h5>\n<p><em>\u201eBude to Baja Arag\u00f3n ve \u0160pan\u011blsku, n\u00e1sledn\u011b Baja Poland a pak nejsp\u00ed\u0161 Rallye du Maroc. A pak u\u017e Dakar.\u201c<\/em><\/p>\n<h5><strong>Te\u010f aktu\u00e1ln\u011b p\u0159ed sebou m\u00e1me Dakar Setk\u00e1n\u00ed 2019. Jak se t\u011b\u0161\u00edte a na co se mohou z\u00edtra t\u011b\u0161it fanou\u0161ci?<\/strong><\/h5>\n<p><em>\u201eT\u011b\u0161\u00edm se moc. P\u0159izn\u00e1m se, \u017ee pro m\u011b to je jedna z nejlep\u0161\u00edch akc\u00ed, kter\u00e9 u n\u00e1s v\u016fbec jsou. M\u00e1me tady cel\u00e9 z\u00e1zem\u00ed a lidi se budou moct pod\u00edvat \u00fapln\u011b na v\u0161echno, co tady je. V akci poprv\u00e9 uvid\u00ed Brab\u010d\u00e1ka [motocyklistu Jana Brabce], kter\u00fd tady je\u0161t\u011b nikdy nebyl. J\u00e1 budu samoz\u0159ejm\u011b na trati s Frantou [sou\u010dasn\u00fd sout\u011b\u017en\u00ed Liaz] a bude to ur\u010dit\u011b z\u00e1\u017eivn\u00e1 j\u00edzda. Nikde jinde m\u011b asi neuvid\u00edte d\u011blat s Frantou takov\u00e9 kousky, jako tady. \u010clov\u011bk se tu snadno tro\u0161ku rozv\u00e1\u0161n\u00ed a pak to jde samo. Ob\u010das to je i na hran\u011b, ale o tom to tady je. Aby to bylo opravdu p\u011bkn\u00e9 a lidi si to u\u017eili. Je to o z\u00e1bav\u011b. \u010ce\u0161i jsou n\u00e1rod, kter\u00fd m\u00e1 k Dakaru velmi bl\u00edzko. M\u00e1me silnou historii a n\u011bkolik \u0161pi\u010dkov\u00fdch jezdc\u016f. To v\u0161e si zaslou\u017e\u00ed minim\u00e1ln\u011b takovou akci. A mysl\u00edm si, \u017ee ne jenom jednu za rok! Fanou\u0161k\u016f je tady stra\u0161n\u011b moc a je pot\u0159eba se jim v\u011bnovat.\u201c<\/em>[\/vc_column_text][vc_single_image image=&#8221;4499&#8243; img_size=&#8221;large&#8221; add_caption=&#8221;yes&#8221; alignment=&#8221;center&#8221;][vc_column_text]<\/p>\n<h5><strong>Vy jste se jim v posledn\u00edch m\u011bs\u00edc\u00edch <a href=\"https:\/\/www.dakarmania.cz\/index.php\/2019\/02\/12\/macik-s-brabcem-vyprodali-ceska-kina\/\">v\u011bnovali i v r\u00e1mci projektu Posedl\u00ed Dakarem<\/a>, kter\u00fd se setkal s mimo\u0159\u00e1dn\u00fdm ohlasem. Jak jej hodnot\u00edte a \u010d\u00edm na n\u011bj nav\u00e1\u017eete p\u0159\u00ed\u0161t\u00ed rok?<\/strong><\/h5>\n<p><em>\u201eZa\u010dnu od konce. U\u017e te\u010f m\u00e1m napl\u00e1novanou sezonu 2020 a v\u00edm, co budu d\u011blat po Dakaru 2020. Nechte se p\u0159ekvapit, bude to velk\u00e9. Zase to bude jin\u00e9. R\u00e1d vym\u00fd\u0161l\u00edm nov\u00e9 v\u011bci, r\u00e1d jsem inov\u00e1torem. V tomto sportu u n\u00e1s inov\u00e1tory jsme a jdeme opravdu dop\u0159edu. Stra\u0161n\u011b se na to t\u011b\u0161\u00edm, bude to samoz\u0159ejm\u011b je\u0161t\u011b na domluv\u011b s partnery, proto\u017ee to nen\u00ed nic mal\u00e9ho. J\u00e1 nem\u00e1m r\u00e1d mal\u00e9 v\u011bci. Opravdu se chyst\u00e1me posunout to zase n\u011bkam d\u00e1l.\u201c<\/em><\/p>\n<p><em>\u201ePosedl\u00ed Dakarem sklidili obrovsk\u00fd \u00fasp\u011bch. S\u00e1m jsem ne\u010dekal, \u017ee to bude takhle moc, a mysl\u00edm, \u017ee ani partne\u0159i. Nakonec to dopadlo \u00fapln\u011b v\u00fdborn\u011b. Ale hlavn\u011b d\u00edky fanou\u0161k\u016fm, ne d\u00edky n\u00e1m! Fanou\u0161ci to vyprodali, fanou\u0161ci tam byli, za co\u017e jim pat\u0159\u00ed obrovsk\u00fd d\u00edk!\u201c<\/em><\/p>\n<p>My d\u011bkujeme za rozhovor a p\u0159ejeme cel\u00e9mu t\u00fdmu Big Shock Racing co nejlep\u0161\u00ed z\u00e1bavu na Dakar Setk\u00e1n\u00ed 2019.[\/vc_column_text][\/vc_column][\/vc_row]<\/p>\n","protected":false},"excerpt":{"rendered":"<p>[vc_row][vc_column][vc_column_text] Martina Mac\u00edka mlad\u0161\u00edho jsme na autodromu v Sosnov\u00e9 zastihli u\u017e v sobotu odpoledne. Ud\u011bloval pokyny spolupracovn\u00edk\u016fm, kte\u0159\u00ed v paddocku p\u0159ipravovali vyhrazen\u00e9 m\u00edsto je\u0161t\u011b p\u0159ed p\u0159\u00edjezdem kamion\u016f t\u00fdmu Big Shock Racing. A stavbu t\u00fdmov\u00e9ho bivaku dirigoval i pot\u00e9, co \u201et\u011b\u017ek\u00e1 vozba\u201c dorazila. Zkr\u00e1tka \u0161\u00e9f. Sr\u0161\u00edc\u00ed energi\u00ed, velmi aktivn\u00ed a zanepr\u00e1zdn\u011bn\u00fd. Ale v\u017edy tak\u00e9 uvoln\u011bn\u00fd a [&hellip;]<\/p>\n","protected":false},"author":1,"featured_media":4498,"comment_status":"open","ping_status":"closed","sticky":false,"template":"","format":"standard","meta":{"footnotes":""},"categories":[723,16],"tags":[425,111,592,593,114],"class_list":["post-4496","post","type-post","status-publish","format-standard","has-post-thumbnail","hentry","category-dakar-setkani","category-kamion","tag-425","tag-big-shock-racing","tag-dakar-setkani","tag-dakar-setkani-2019","tag-martin-macik-ml"],"yoast_head":"<!-- This site is optimized with the Yoast SEO plugin v24.9 - https:\/\/yoast.com\/wordpress\/plugins\/seo\/ -->\n<title>Mac\u00edk\u016fv nov\u00fd kamion vyjede v dubnu, chyb\u00ed u\u017e jen kola - DAKARMANIA.cz<\/title>\n<meta name=\"description\" content=\"Martina Mac\u00edka jsme v Sosnov\u00e9 zastihli u\u017e v sobotu. Ud\u011bloval pokyny spolupracovn\u00edk\u016fm, kte\u0159\u00ed v paddocku p\u0159ipravovali m\u00edsto vyhrazen\u00e9 t\u00fdmu Big Shock Racing.\" \/>\n<meta name=\"robots\" content=\"index, follow, max-snippet:-1, max-image-preview:large, max-video-preview:-1\" \/>\n<link rel=\"canonical\" href=\"https:\/\/www.dakarmania.cz\/index.php\/2019\/03\/23\/macikuv-novy-kamion-vyjede-v-dubnu-chybi-uz-jen-kola\/\" \/>\n<meta property=\"og:locale\" content=\"cs_CZ\" \/>\n<meta property=\"og:type\" content=\"article\" \/>\n<meta property=\"og:title\" content=\"Mac\u00edk\u016fv nov\u00fd kamion vyjede v dubnu, chyb\u00ed u\u017e jen kola - DAKARMANIA.cz\" \/>\n<meta property=\"og:description\" content=\"Martina Mac\u00edka jsme v Sosnov\u00e9 zastihli u\u017e v sobotu. Ud\u011bloval pokyny spolupracovn\u00edk\u016fm, kte\u0159\u00ed v paddocku p\u0159ipravovali m\u00edsto vyhrazen\u00e9 t\u00fdmu Big Shock Racing.\" \/>\n<meta property=\"og:url\" content=\"https:\/\/www.dakarmania.cz\/index.php\/2019\/03\/23\/macikuv-novy-kamion-vyjede-v-dubnu-chybi-uz-jen-kola\/\" \/>\n<meta property=\"og:site_name\" content=\"DAKARMANIA.cz\" \/>\n<meta property=\"article:publisher\" content=\"https:\/\/www.facebook.com\/dakarmania\/\" \/>\n<meta property=\"article:published_time\" content=\"2019-03-23T21:19:20+00:00\" \/>\n<meta property=\"article:modified_time\" content=\"2019-04-15T23:26:30+00:00\" \/>\n<meta property=\"og:image\" content=\"https:\/\/www.dakarmania.cz\/wp-content\/uploads\/2019\/03\/19-sosnova-bsr-07.jpg\" \/>\n\t<meta property=\"og:image:width\" content=\"1875\" \/>\n\t<meta property=\"og:image:height\" content=\"1251\" \/>\n\t<meta property=\"og:image:type\" content=\"image\/jpeg\" \/>\n<meta name=\"author\" content=\"Zden\u011bk Zelenka\" \/>\n<meta name=\"twitter:card\" content=\"summary_large_image\" \/>\n<meta name=\"twitter:label1\" content=\"Napsal(a)\" \/>\n\t<meta name=\"twitter:data1\" content=\"Zden\u011bk Zelenka\" \/>\n\t<meta name=\"twitter:label2\" content=\"Odhadovan\u00e1 doba \u010dten\u00ed\" \/>\n\t<meta name=\"twitter:data2\" content=\"4 minuty\" \/>\n<script type=\"application\/ld+json\" class=\"yoast-schema-graph\">{\"@context\":\"https:\/\/schema.org\",\"@graph\":[{\"@type\":\"Article\",\"@id\":\"https:\/\/www.dakarmania.cz\/index.php\/2019\/03\/23\/macikuv-novy-kamion-vyjede-v-dubnu-chybi-uz-jen-kola\/#article\",\"isPartOf\":{\"@id\":\"https:\/\/www.dakarmania.cz\/index.php\/2019\/03\/23\/macikuv-novy-kamion-vyjede-v-dubnu-chybi-uz-jen-kola\/\"},\"author\":{\"name\":\"Zden\u011bk Zelenka\",\"@id\":\"https:\/\/www.dakarmania.cz\/#\/schema\/person\/04eb0e87a389631c2169c0dddae7ff1e\"},\"headline\":\"Mac\u00edk\u016fv nov\u00fd kamion vyjede v dubnu, chyb\u00ed u\u017e jen kola\",\"datePublished\":\"2019-03-23T21:19:20+00:00\",\"dateModified\":\"2019-04-15T23:26:30+00:00\",\"mainEntityOfPage\":{\"@id\":\"https:\/\/www.dakarmania.cz\/index.php\/2019\/03\/23\/macikuv-novy-kamion-vyjede-v-dubnu-chybi-uz-jen-kola\/\"},\"wordCount\":890,\"commentCount\":0,\"publisher\":{\"@id\":\"https:\/\/www.dakarmania.cz\/#organization\"},\"image\":{\"@id\":\"https:\/\/www.dakarmania.cz\/index.php\/2019\/03\/23\/macikuv-novy-kamion-vyjede-v-dubnu-chybi-uz-jen-kola\/#primaryimage\"},\"thumbnailUrl\":\"https:\/\/www.dakarmania.cz\/wp-content\/uploads\/2019\/03\/19-sosnova-bsr-07.jpg\",\"keywords\":[\"2019\",\"Big Shock! Racing\",\"Dakar Setk\u00e1n\u00ed\",\"Dakar setk\u00e1n\u00ed 2019\",\"Martin Mac\u00edk ml.\"],\"articleSection\":[\"Dakar Setk\u00e1n\u00ed\",\"Kamiony\"],\"inLanguage\":\"cs\",\"potentialAction\":[{\"@type\":\"CommentAction\",\"name\":\"Comment\",\"target\":[\"https:\/\/www.dakarmania.cz\/index.php\/2019\/03\/23\/macikuv-novy-kamion-vyjede-v-dubnu-chybi-uz-jen-kola\/#respond\"]}]},{\"@type\":\"WebPage\",\"@id\":\"https:\/\/www.dakarmania.cz\/index.php\/2019\/03\/23\/macikuv-novy-kamion-vyjede-v-dubnu-chybi-uz-jen-kola\/\",\"url\":\"https:\/\/www.dakarmania.cz\/index.php\/2019\/03\/23\/macikuv-novy-kamion-vyjede-v-dubnu-chybi-uz-jen-kola\/\",\"name\":\"Mac\u00edk\u016fv nov\u00fd kamion vyjede v dubnu, chyb\u00ed u\u017e jen kola - DAKARMANIA.cz\",\"isPartOf\":{\"@id\":\"https:\/\/www.dakarmania.cz\/#website\"},\"primaryImageOfPage\":{\"@id\":\"https:\/\/www.dakarmania.cz\/index.php\/2019\/03\/23\/macikuv-novy-kamion-vyjede-v-dubnu-chybi-uz-jen-kola\/#primaryimage\"},\"image\":{\"@id\":\"https:\/\/www.dakarmania.cz\/index.php\/2019\/03\/23\/macikuv-novy-kamion-vyjede-v-dubnu-chybi-uz-jen-kola\/#primaryimage\"},\"thumbnailUrl\":\"https:\/\/www.dakarmania.cz\/wp-content\/uploads\/2019\/03\/19-sosnova-bsr-07.jpg\",\"datePublished\":\"2019-03-23T21:19:20+00:00\",\"dateModified\":\"2019-04-15T23:26:30+00:00\",\"description\":\"Martina Mac\u00edka jsme v Sosnov\u00e9 zastihli u\u017e v sobotu. Ud\u011bloval pokyny spolupracovn\u00edk\u016fm, kte\u0159\u00ed v paddocku p\u0159ipravovali m\u00edsto vyhrazen\u00e9 t\u00fdmu Big Shock Racing.\",\"breadcrumb\":{\"@id\":\"https:\/\/www.dakarmania.cz\/index.php\/2019\/03\/23\/macikuv-novy-kamion-vyjede-v-dubnu-chybi-uz-jen-kola\/#breadcrumb\"},\"inLanguage\":\"cs\",\"potentialAction\":[{\"@type\":\"ReadAction\",\"target\":[\"https:\/\/www.dakarmania.cz\/index.php\/2019\/03\/23\/macikuv-novy-kamion-vyjede-v-dubnu-chybi-uz-jen-kola\/\"]}]},{\"@type\":\"ImageObject\",\"inLanguage\":\"cs\",\"@id\":\"https:\/\/www.dakarmania.cz\/index.php\/2019\/03\/23\/macikuv-novy-kamion-vyjede-v-dubnu-chybi-uz-jen-kola\/#primaryimage\",\"url\":\"https:\/\/www.dakarmania.cz\/wp-content\/uploads\/2019\/03\/19-sosnova-bsr-07.jpg\",\"contentUrl\":\"https:\/\/www.dakarmania.cz\/wp-content\/uploads\/2019\/03\/19-sosnova-bsr-07.jpg\",\"width\":1875,\"height\":1251,\"caption\":\"Martin Mac\u00edk, Liaz 111.154, Big Shock Racing. Dakar Setk\u00e1n\u00ed 2019. \u00a9 Big Shock Racing\"},{\"@type\":\"BreadcrumbList\",\"@id\":\"https:\/\/www.dakarmania.cz\/index.php\/2019\/03\/23\/macikuv-novy-kamion-vyjede-v-dubnu-chybi-uz-jen-kola\/#breadcrumb\",\"itemListElement\":[{\"@type\":\"ListItem\",\"position\":1,\"name\":\"Dom\u016f\",\"item\":\"https:\/\/www.dakarmania.cz\/\"},{\"@type\":\"ListItem\",\"position\":2,\"name\":\"Mac\u00edk\u016fv nov\u00fd kamion vyjede v dubnu, chyb\u00ed u\u017e jen kola\"}]},{\"@type\":\"WebSite\",\"@id\":\"https:\/\/www.dakarmania.cz\/#website\",\"url\":\"https:\/\/www.dakarmania.cz\/\",\"name\":\"DAKARMANIA.cz\",\"description\":\"\u017dijeme Dakarem cel\u00fd rok\",\"publisher\":{\"@id\":\"https:\/\/www.dakarmania.cz\/#organization\"},\"potentialAction\":[{\"@type\":\"SearchAction\",\"target\":{\"@type\":\"EntryPoint\",\"urlTemplate\":\"https:\/\/www.dakarmania.cz\/?s={search_term_string}\"},\"query-input\":{\"@type\":\"PropertyValueSpecification\",\"valueRequired\":true,\"valueName\":\"search_term_string\"}}],\"inLanguage\":\"cs\"},{\"@type\":\"Organization\",\"@id\":\"https:\/\/www.dakarmania.cz\/#organization\",\"name\":\"DAKAR MANIA\",\"url\":\"https:\/\/www.dakarmania.cz\/\",\"logo\":{\"@type\":\"ImageObject\",\"inLanguage\":\"cs\",\"@id\":\"https:\/\/www.dakarmania.cz\/#\/schema\/logo\/image\/\",\"url\":\"https:\/\/www.dakarmania.cz\/wp-content\/uploads\/2018\/12\/Dakar-Mania-Logo-Square-Orange.png\",\"contentUrl\":\"https:\/\/www.dakarmania.cz\/wp-content\/uploads\/2018\/12\/Dakar-Mania-Logo-Square-Orange.png\",\"width\":992,\"height\":992,\"caption\":\"DAKAR MANIA\"},\"image\":{\"@id\":\"https:\/\/www.dakarmania.cz\/#\/schema\/logo\/image\/\"},\"sameAs\":[\"https:\/\/www.facebook.com\/dakarmania\/\"]},{\"@type\":\"Person\",\"@id\":\"https:\/\/www.dakarmania.cz\/#\/schema\/person\/04eb0e87a389631c2169c0dddae7ff1e\",\"name\":\"Zden\u011bk Zelenka\",\"image\":{\"@type\":\"ImageObject\",\"inLanguage\":\"cs\",\"@id\":\"https:\/\/www.dakarmania.cz\/#\/schema\/person\/image\/\",\"url\":\"https:\/\/secure.gravatar.com\/avatar\/2c80d5a4942fe0900b73cc7d3837a509d6ee0a276a2b76dac95c92bd0763a89b?s=96&d=mm&r=g\",\"contentUrl\":\"https:\/\/secure.gravatar.com\/avatar\/2c80d5a4942fe0900b73cc7d3837a509d6ee0a276a2b76dac95c92bd0763a89b?s=96&d=mm&r=g\",\"caption\":\"Zden\u011bk Zelenka\"},\"description\":\"Moji d\u011bt\u0161t\u00ed hrdinov\u00e9 se jmenovali Loprais, Moskal, Neveu, Vatanen, Rahier... A tihle borci, jejich n\u00e1sledovn\u00edci a jejich p\u0159\u00edb\u011bhy m\u011b nep\u0159estali fascinovat ani po letech, kdy jsem vyrostl a zam\u011bstn\u00e1valy m\u011b jin\u00e9 discipl\u00edny motorsportu. Proto se zrodila DAKARMANIA.\",\"url\":\"https:\/\/www.dakarmania.cz\/index.php\/author\/dakarmania\/\"}]}<\/script>\n<!-- \/ Yoast SEO plugin. -->","yoast_head_json":{"title":"Mac\u00edk\u016fv nov\u00fd kamion vyjede v dubnu, chyb\u00ed u\u017e jen kola - DAKARMANIA.cz","description":"Martina Mac\u00edka jsme v Sosnov\u00e9 zastihli u\u017e v sobotu. Ud\u011bloval pokyny spolupracovn\u00edk\u016fm, kte\u0159\u00ed v paddocku p\u0159ipravovali m\u00edsto vyhrazen\u00e9 t\u00fdmu Big Shock Racing.","robots":{"index":"index","follow":"follow","max-snippet":"max-snippet:-1","max-image-preview":"max-image-preview:large","max-video-preview":"max-video-preview:-1"},"canonical":"https:\/\/www.dakarmania.cz\/index.php\/2019\/03\/23\/macikuv-novy-kamion-vyjede-v-dubnu-chybi-uz-jen-kola\/","og_locale":"cs_CZ","og_type":"article","og_title":"Mac\u00edk\u016fv nov\u00fd kamion vyjede v dubnu, chyb\u00ed u\u017e jen kola - DAKARMANIA.cz","og_description":"Martina Mac\u00edka jsme v Sosnov\u00e9 zastihli u\u017e v sobotu. Ud\u011bloval pokyny spolupracovn\u00edk\u016fm, kte\u0159\u00ed v paddocku p\u0159ipravovali m\u00edsto vyhrazen\u00e9 t\u00fdmu Big Shock Racing.","og_url":"https:\/\/www.dakarmania.cz\/index.php\/2019\/03\/23\/macikuv-novy-kamion-vyjede-v-dubnu-chybi-uz-jen-kola\/","og_site_name":"DAKARMANIA.cz","article_publisher":"https:\/\/www.facebook.com\/dakarmania\/","article_published_time":"2019-03-23T21:19:20+00:00","article_modified_time":"2019-04-15T23:26:30+00:00","og_image":[{"width":1875,"height":1251,"url":"https:\/\/www.dakarmania.cz\/wp-content\/uploads\/2019\/03\/19-sosnova-bsr-07.jpg","type":"image\/jpeg"}],"author":"Zden\u011bk Zelenka","twitter_card":"summary_large_image","twitter_misc":{"Napsal(a)":"Zden\u011bk Zelenka","Odhadovan\u00e1 doba \u010dten\u00ed":"4 minuty"},"schema":{"@context":"https:\/\/schema.org","@graph":[{"@type":"Article","@id":"https:\/\/www.dakarmania.cz\/index.php\/2019\/03\/23\/macikuv-novy-kamion-vyjede-v-dubnu-chybi-uz-jen-kola\/#article","isPartOf":{"@id":"https:\/\/www.dakarmania.cz\/index.php\/2019\/03\/23\/macikuv-novy-kamion-vyjede-v-dubnu-chybi-uz-jen-kola\/"},"author":{"name":"Zden\u011bk Zelenka","@id":"https:\/\/www.dakarmania.cz\/#\/schema\/person\/04eb0e87a389631c2169c0dddae7ff1e"},"headline":"Mac\u00edk\u016fv nov\u00fd kamion vyjede v dubnu, chyb\u00ed u\u017e jen kola","datePublished":"2019-03-23T21:19:20+00:00","dateModified":"2019-04-15T23:26:30+00:00","mainEntityOfPage":{"@id":"https:\/\/www.dakarmania.cz\/index.php\/2019\/03\/23\/macikuv-novy-kamion-vyjede-v-dubnu-chybi-uz-jen-kola\/"},"wordCount":890,"commentCount":0,"publisher":{"@id":"https:\/\/www.dakarmania.cz\/#organization"},"image":{"@id":"https:\/\/www.dakarmania.cz\/index.php\/2019\/03\/23\/macikuv-novy-kamion-vyjede-v-dubnu-chybi-uz-jen-kola\/#primaryimage"},"thumbnailUrl":"https:\/\/www.dakarmania.cz\/wp-content\/uploads\/2019\/03\/19-sosnova-bsr-07.jpg","keywords":["2019","Big Shock! Racing","Dakar Setk\u00e1n\u00ed","Dakar setk\u00e1n\u00ed 2019","Martin Mac\u00edk ml."],"articleSection":["Dakar Setk\u00e1n\u00ed","Kamiony"],"inLanguage":"cs","potentialAction":[{"@type":"CommentAction","name":"Comment","target":["https:\/\/www.dakarmania.cz\/index.php\/2019\/03\/23\/macikuv-novy-kamion-vyjede-v-dubnu-chybi-uz-jen-kola\/#respond"]}]},{"@type":"WebPage","@id":"https:\/\/www.dakarmania.cz\/index.php\/2019\/03\/23\/macikuv-novy-kamion-vyjede-v-dubnu-chybi-uz-jen-kola\/","url":"https:\/\/www.dakarmania.cz\/index.php\/2019\/03\/23\/macikuv-novy-kamion-vyjede-v-dubnu-chybi-uz-jen-kola\/","name":"Mac\u00edk\u016fv nov\u00fd kamion vyjede v dubnu, chyb\u00ed u\u017e jen kola - DAKARMANIA.cz","isPartOf":{"@id":"https:\/\/www.dakarmania.cz\/#website"},"primaryImageOfPage":{"@id":"https:\/\/www.dakarmania.cz\/index.php\/2019\/03\/23\/macikuv-novy-kamion-vyjede-v-dubnu-chybi-uz-jen-kola\/#primaryimage"},"image":{"@id":"https:\/\/www.dakarmania.cz\/index.php\/2019\/03\/23\/macikuv-novy-kamion-vyjede-v-dubnu-chybi-uz-jen-kola\/#primaryimage"},"thumbnailUrl":"https:\/\/www.dakarmania.cz\/wp-content\/uploads\/2019\/03\/19-sosnova-bsr-07.jpg","datePublished":"2019-03-23T21:19:20+00:00","dateModified":"2019-04-15T23:26:30+00:00","description":"Martina Mac\u00edka jsme v Sosnov\u00e9 zastihli u\u017e v sobotu. Ud\u011bloval pokyny spolupracovn\u00edk\u016fm, kte\u0159\u00ed v paddocku p\u0159ipravovali m\u00edsto vyhrazen\u00e9 t\u00fdmu Big Shock Racing.","breadcrumb":{"@id":"https:\/\/www.dakarmania.cz\/index.php\/2019\/03\/23\/macikuv-novy-kamion-vyjede-v-dubnu-chybi-uz-jen-kola\/#breadcrumb"},"inLanguage":"cs","potentialAction":[{"@type":"ReadAction","target":["https:\/\/www.dakarmania.cz\/index.php\/2019\/03\/23\/macikuv-novy-kamion-vyjede-v-dubnu-chybi-uz-jen-kola\/"]}]},{"@type":"ImageObject","inLanguage":"cs","@id":"https:\/\/www.dakarmania.cz\/index.php\/2019\/03\/23\/macikuv-novy-kamion-vyjede-v-dubnu-chybi-uz-jen-kola\/#primaryimage","url":"https:\/\/www.dakarmania.cz\/wp-content\/uploads\/2019\/03\/19-sosnova-bsr-07.jpg","contentUrl":"https:\/\/www.dakarmania.cz\/wp-content\/uploads\/2019\/03\/19-sosnova-bsr-07.jpg","width":1875,"height":1251,"caption":"Martin Mac\u00edk, Liaz 111.154, Big Shock Racing. Dakar Setk\u00e1n\u00ed 2019. \u00a9 Big Shock Racing"},{"@type":"BreadcrumbList","@id":"https:\/\/www.dakarmania.cz\/index.php\/2019\/03\/23\/macikuv-novy-kamion-vyjede-v-dubnu-chybi-uz-jen-kola\/#breadcrumb","itemListElement":[{"@type":"ListItem","position":1,"name":"Dom\u016f","item":"https:\/\/www.dakarmania.cz\/"},{"@type":"ListItem","position":2,"name":"Mac\u00edk\u016fv nov\u00fd kamion vyjede v dubnu, chyb\u00ed u\u017e jen kola"}]},{"@type":"WebSite","@id":"https:\/\/www.dakarmania.cz\/#website","url":"https:\/\/www.dakarmania.cz\/","name":"DAKARMANIA.cz","description":"\u017dijeme Dakarem cel\u00fd rok","publisher":{"@id":"https:\/\/www.dakarmania.cz\/#organization"},"potentialAction":[{"@type":"SearchAction","target":{"@type":"EntryPoint","urlTemplate":"https:\/\/www.dakarmania.cz\/?s={search_term_string}"},"query-input":{"@type":"PropertyValueSpecification","valueRequired":true,"valueName":"search_term_string"}}],"inLanguage":"cs"},{"@type":"Organization","@id":"https:\/\/www.dakarmania.cz\/#organization","name":"DAKAR MANIA","url":"https:\/\/www.dakarmania.cz\/","logo":{"@type":"ImageObject","inLanguage":"cs","@id":"https:\/\/www.dakarmania.cz\/#\/schema\/logo\/image\/","url":"https:\/\/www.dakarmania.cz\/wp-content\/uploads\/2018\/12\/Dakar-Mania-Logo-Square-Orange.png","contentUrl":"https:\/\/www.dakarmania.cz\/wp-content\/uploads\/2018\/12\/Dakar-Mania-Logo-Square-Orange.png","width":992,"height":992,"caption":"DAKAR MANIA"},"image":{"@id":"https:\/\/www.dakarmania.cz\/#\/schema\/logo\/image\/"},"sameAs":["https:\/\/www.facebook.com\/dakarmania\/"]},{"@type":"Person","@id":"https:\/\/www.dakarmania.cz\/#\/schema\/person\/04eb0e87a389631c2169c0dddae7ff1e","name":"Zden\u011bk Zelenka","image":{"@type":"ImageObject","inLanguage":"cs","@id":"https:\/\/www.dakarmania.cz\/#\/schema\/person\/image\/","url":"https:\/\/secure.gravatar.com\/avatar\/2c80d5a4942fe0900b73cc7d3837a509d6ee0a276a2b76dac95c92bd0763a89b?s=96&d=mm&r=g","contentUrl":"https:\/\/secure.gravatar.com\/avatar\/2c80d5a4942fe0900b73cc7d3837a509d6ee0a276a2b76dac95c92bd0763a89b?s=96&d=mm&r=g","caption":"Zden\u011bk Zelenka"},"description":"Moji d\u011bt\u0161t\u00ed hrdinov\u00e9 se jmenovali Loprais, Moskal, Neveu, Vatanen, Rahier... A tihle borci, jejich n\u00e1sledovn\u00edci a jejich p\u0159\u00edb\u011bhy m\u011b nep\u0159estali fascinovat ani po letech, kdy jsem vyrostl a zam\u011bstn\u00e1valy m\u011b jin\u00e9 discipl\u00edny motorsportu. Proto se zrodila DAKARMANIA.","url":"https:\/\/www.dakarmania.cz\/index.php\/author\/dakarmania\/"}]}},"amp_enabled":true,"_links":{"self":[{"href":"https:\/\/www.dakarmania.cz\/index.php\/wp-json\/wp\/v2\/posts\/4496","targetHints":{"allow":["GET"]}}],"collection":[{"href":"https:\/\/www.dakarmania.cz\/index.php\/wp-json\/wp\/v2\/posts"}],"about":[{"href":"https:\/\/www.dakarmania.cz\/index.php\/wp-json\/wp\/v2\/types\/post"}],"author":[{"embeddable":true,"href":"https:\/\/www.dakarmania.cz\/index.php\/wp-json\/wp\/v2\/users\/1"}],"replies":[{"embeddable":true,"href":"https:\/\/www.dakarmania.cz\/index.php\/wp-json\/wp\/v2\/comments?post=4496"}],"version-history":[{"count":6,"href":"https:\/\/www.dakarmania.cz\/index.php\/wp-json\/wp\/v2\/posts\/4496\/revisions"}],"predecessor-version":[{"id":4512,"href":"https:\/\/www.dakarmania.cz\/index.php\/wp-json\/wp\/v2\/posts\/4496\/revisions\/4512"}],"wp:featuredmedia":[{"embeddable":true,"href":"https:\/\/www.dakarmania.cz\/index.php\/wp-json\/wp\/v2\/media\/4498"}],"wp:attachment":[{"href":"https:\/\/www.dakarmania.cz\/index.php\/wp-json\/wp\/v2\/media?parent=4496"}],"wp:term":[{"taxonomy":"category","embeddable":true,"href":"https:\/\/www.dakarmania.cz\/index.php\/wp-json\/wp\/v2\/categories?post=4496"},{"taxonomy":"post_tag","embeddable":true,"href":"https:\/\/www.dakarmania.cz\/index.php\/wp-json\/wp\/v2\/tags?post=4496"}],"curies":[{"name":"wp","href":"https:\/\/api.w.org\/{rel}","templated":true}]}}