{"id":4518,"date":"2019-03-25T01:25:52","date_gmt":"2019-03-25T00:25:52","guid":{"rendered":"https:\/\/www.dakarmania.cz\/?p=4518"},"modified":"2021-08-05T23:16:53","modified_gmt":"2021-08-05T21:16:53","slug":"double-na-uvod-sezony-cez","status":"publish","type":"post","link":"https:\/\/www.dakarmania.cz\/index.php\/2019\/03\/25\/double-na-uvod-sezony-cez\/","title":{"rendered":"\u010cesk\u00fd double na \u00favod sezony st\u0159edoevropsk\u00e9ho \u0161ampion\u00e1tu"},"content":{"rendered":"<p>[vc_row][vc_column][vc_column_text]<\/p>\n<h4>Vstup do sezony st\u0159edoevropsk\u00e9ho \u0161ampion\u00e1tu v cross-country rally (FIA CEZ) se \u010desk\u00fdm z\u00e1vodn\u00edk\u016fm vyda\u0159il. P\u0159i Adrelin Kupa Bugac opanovali prvn\u00ed dv\u011b p\u0159\u00ed\u010dky v absolutn\u00edm po\u0159ad\u00ed a prosadili se i v jednotliv\u00fdch kategori\u00edch.<\/h4>\n<p>O prvn\u00ed body do tabulky FIA CEZ se na jihu Ma\u010farska v p\u00e1tek a v sobotu (22. a 23. b\u0159ezna) z\u00e1vodilo za p\u0159\u00edjemn\u00e9ho jarn\u00edho po\u010das\u00ed na \u010dty\u0159ech rychlostn\u00edch zkou\u0161k\u00e1ch o celkov\u00e9 d\u00e9lce 321 kilometr\u016f.<\/p>\n<p><a href=\"https:\/\/www.dakarmania.cz\/index.php\/osobnosti\/miroslav-zapletal\/\">Miroslav Zapletal<\/a> se slovensk\u00fdm navig\u00e1torem <a href=\"https:\/\/www.dakarmania.cz\/index.php\/osobnosti\/marek-sykora\/\">Markem S\u00fdkorou<\/a> byli s Hummerem H3 Evo 7 nejrychlej\u0161\u00ed na v\u0161ech \u010dty\u0159ech m\u011b\u0159en\u00fdch \u00fasec\u00edch a d\u00edky tomu pochopiteln\u011b slavili i celkov\u00e9 v\u00edt\u011bzstv\u00ed.[\/vc_column_text][vc_single_image image=&#8221;4515&#8243; img_size=&#8221;large&#8221; add_caption=&#8221;yes&#8221; alignment=&#8221;center&#8221;][vc_column_text]Pro poh\u00e1ry za druh\u00e9 m\u00edsto absolutn\u011b i v elitn\u00ed kategorii T1 si s odstupem patn\u00e1cti a p\u016fl minuty dojeli Zden\u011bk Po\u0159\u00edzek s Pavlem Vacul\u00edkem. Jen ve v\u00fdsledc\u00edch t\u0159et\u00ed erzety figuroval jich sn\u011bhob\u00edl\u00fd Ford F-150 \u201ea\u017e\u201c na t\u0159et\u00edm m\u00edst\u011b, jinak byl poka\u017ed\u00e9 druh\u00fd.<\/p>\n<p>Po\u0159\u00edzka na RZ 3 porazil krom\u011b Zapletala tak\u00e9 Pawel Molgo s dal\u0161\u00edm Fordem. V celkov\u00e9m sou\u010dtu Pol\u00e1k obsadil t\u0159et\u00ed p\u0159\u00ed\u010dku.[\/vc_column_text][vc_single_image image=&#8221;4517&#8243; img_size=&#8221;large&#8221; add_caption=&#8221;yes&#8221; alignment=&#8221;center&#8221;][vc_column_text]V hodnocen\u00ed skupiny TH zv\u00edt\u011bzili s t\u00e9m\u011b\u0159 sedmn\u00e1ctiminutov\u00fdm n\u00e1skokem Radim Bacul\u00edk s Petrem Kostkou (Mitsubishi Pajero). Dal\u0161\u00ed \u010desk\u00e1 pos\u00e1dka Ladislav Zavrt\u00e1lek, Ivo \u0160ev\u010d\u00edk (Can-Am) skon\u010dila druh\u00e1 v nejpo\u010detn\u011bji obsazen\u00e9 t\u0159\u00edd\u011b SxS-T. Necel\u00e1 minuta pak ve stejn\u00e9 kategorii d\u011blila od um\u00edst\u011bn\u00ed na stupn\u00edch v\u00edt\u011bz\u016f Martina M\u00fcllera mlad\u0161\u00edho, jedouc\u00edho se sv\u00fdm otcem (Can-Am).<\/p>\n<p>St\u0159edoevropsk\u00fd \u0161ampion\u00e1t v cross-country rally pokra\u010duje za t\u0159i t\u00fddny druh\u00fdm podnikem v Polsku. Baja Drawsko se pojede v p\u00e1tek 12. a v sobotu 13. dubna.[\/vc_column_text][vc_btn title=&#8221;V\u00fdsledky Adrenalin Kupa Bugac 2019 &#8211; CEZ absolutn\u011b&#8221; style=&#8221;outline&#8221; color=&#8221;warning&#8221; size=&#8221;sm&#8221; align=&#8221;center&#8221; i_icon_fontawesome=&#8221;fa fa-list-ol&#8221; button_block=&#8221;true&#8221; add_icon=&#8221;true&#8221; link=&#8221;url:https%3A%2F%2Fwww.dakarmania.cz%2Fwp-content%2Fuploads%2F2019%2F03%2F19-bugac-cez-overall.pdf||target:%20_blank|&#8221;][vc_btn title=&#8221;V\u00fdsledky Adrenalin Kupa Bugac 2019 &#8211; CEZ t\u0159\u00eddy&#8221; style=&#8221;outline&#8221; color=&#8221;warning&#8221; size=&#8221;sm&#8221; align=&#8221;center&#8221; i_icon_fontawesome=&#8221;fa fa-list-ol&#8221; button_block=&#8221;true&#8221; add_icon=&#8221;true&#8221; link=&#8221;url:https%3A%2F%2Fwww.dakarmania.cz%2Fwp-content%2Fuploads%2F2019%2F03%2F19-bugac-cez-cat.pdf||target:%20_blank|&#8221;][\/vc_column][\/vc_row]<\/p>\n","protected":false},"excerpt":{"rendered":"<p>Vstup do sezony FIA CEZ 2019 se \u010desk\u00fdm z\u00e1vodn\u00edk\u016fm vyda\u0159il. P\u0159i Adrelin Kupa Bugac opanovali prvn\u00ed dv\u011b p\u0159\u00ed\u010dky v absolutn\u00edm po\u0159ad\u00ed.<\/p>\n","protected":false},"author":1,"featured_media":4516,"comment_status":"open","ping_status":"closed","sticky":false,"template":"","format":"standard","meta":{"footnotes":""},"categories":[3],"tags":[425,696,695,95,697,698,11,258,704,703,261,705,706,303,321,304,700,701,702,14,699],"class_list":["post-4518","post","type-post","status-publish","format-standard","has-post-thumbnail","hentry","category-auto","tag-425","tag-adrenalin-kupa-bugac","tag-adrenalin-kupa-bugac-2019","tag-can-am","tag-fia-cez","tag-fia-cez-2019","tag-ford","tag-hummer","tag-ivo-sevcik","tag-ladislav-zavrtalek","tag-marek-sykora","tag-martin-muller-ml","tag-martin-muller-st","tag-miroslav-zapletal","tag-mitsubishi","tag-offroadsport","tag-pavel-vaculik","tag-pawel-molgo","tag-petr-kostka","tag-radim-baculik","tag-zdenek-porizek"],"yoast_head":"<!-- This site is optimized with the Yoast SEO plugin v24.9 - https:\/\/yoast.com\/wordpress\/plugins\/seo\/ -->\n<title>\u010cesk\u00fd double na \u00favod sezony st\u0159edoevropsk\u00e9ho \u0161ampion\u00e1tu - DAKARMANIA.cz<\/title>\n<meta name=\"description\" content=\"Vstup do sezony FIA CEZ 2019 se \u010desk\u00fdm z\u00e1vodn\u00edk\u016fm vyda\u0159il. P\u0159i Adrelin Kupa Bugac opanovali prvn\u00ed dv\u011b p\u0159\u00ed\u010dky v absolutn\u00edm po\u0159ad\u00ed.\" \/>\n<meta name=\"robots\" content=\"index, follow, max-snippet:-1, max-image-preview:large, max-video-preview:-1\" \/>\n<link rel=\"canonical\" href=\"https:\/\/www.dakarmania.cz\/index.php\/2019\/03\/25\/double-na-uvod-sezony-cez\/\" \/>\n<meta property=\"og:locale\" content=\"cs_CZ\" \/>\n<meta property=\"og:type\" content=\"article\" \/>\n<meta property=\"og:title\" content=\"\u010cesk\u00fd double na \u00favod sezony st\u0159edoevropsk\u00e9ho \u0161ampion\u00e1tu - DAKARMANIA.cz\" \/>\n<meta property=\"og:description\" content=\"Vstup do sezony FIA CEZ 2019 se \u010desk\u00fdm z\u00e1vodn\u00edk\u016fm vyda\u0159il. P\u0159i Adrelin Kupa Bugac opanovali prvn\u00ed dv\u011b p\u0159\u00ed\u010dky v absolutn\u00edm po\u0159ad\u00ed.\" \/>\n<meta property=\"og:url\" content=\"https:\/\/www.dakarmania.cz\/index.php\/2019\/03\/25\/double-na-uvod-sezony-cez\/\" \/>\n<meta property=\"og:site_name\" content=\"DAKARMANIA.cz\" \/>\n<meta property=\"article:publisher\" content=\"https:\/\/www.facebook.com\/dakarmania\/\" \/>\n<meta property=\"article:published_time\" content=\"2019-03-25T00:25:52+00:00\" \/>\n<meta property=\"article:modified_time\" content=\"2021-08-05T21:16:53+00:00\" \/>\n<meta property=\"og:image\" content=\"https:\/\/www.dakarmania.cz\/wp-content\/uploads\/2019\/03\/19-bugac-zapletal-01.jpg\" \/>\n\t<meta property=\"og:image:width\" content=\"1728\" \/>\n\t<meta property=\"og:image:height\" content=\"1152\" \/>\n\t<meta property=\"og:image:type\" content=\"image\/jpeg\" \/>\n<meta name=\"author\" content=\"Zden\u011bk Zelenka\" \/>\n<meta name=\"twitter:card\" content=\"summary_large_image\" \/>\n<meta name=\"twitter:label1\" content=\"Napsal(a)\" \/>\n\t<meta name=\"twitter:data1\" content=\"Zden\u011bk Zelenka\" \/>\n\t<meta name=\"twitter:label2\" content=\"Odhadovan\u00e1 doba \u010dten\u00ed\" \/>\n\t<meta name=\"twitter:data2\" content=\"2 minuty\" \/>\n<script type=\"application\/ld+json\" class=\"yoast-schema-graph\">{\"@context\":\"https:\/\/schema.org\",\"@graph\":[{\"@type\":\"Article\",\"@id\":\"https:\/\/www.dakarmania.cz\/index.php\/2019\/03\/25\/double-na-uvod-sezony-cez\/#article\",\"isPartOf\":{\"@id\":\"https:\/\/www.dakarmania.cz\/index.php\/2019\/03\/25\/double-na-uvod-sezony-cez\/\"},\"author\":{\"name\":\"Zden\u011bk Zelenka\",\"@id\":\"https:\/\/www.dakarmania.cz\/#\/schema\/person\/04eb0e87a389631c2169c0dddae7ff1e\"},\"headline\":\"\u010cesk\u00fd double na \u00favod sezony st\u0159edoevropsk\u00e9ho \u0161ampion\u00e1tu\",\"datePublished\":\"2019-03-25T00:25:52+00:00\",\"dateModified\":\"2021-08-05T21:16:53+00:00\",\"mainEntityOfPage\":{\"@id\":\"https:\/\/www.dakarmania.cz\/index.php\/2019\/03\/25\/double-na-uvod-sezony-cez\/\"},\"wordCount\":471,\"commentCount\":0,\"publisher\":{\"@id\":\"https:\/\/www.dakarmania.cz\/#organization\"},\"image\":{\"@id\":\"https:\/\/www.dakarmania.cz\/index.php\/2019\/03\/25\/double-na-uvod-sezony-cez\/#primaryimage\"},\"thumbnailUrl\":\"https:\/\/www.dakarmania.cz\/wp-content\/uploads\/2019\/03\/19-bugac-zapletal-01.jpg\",\"keywords\":[\"2019\",\"Adrenalin Kupa Bugac\",\"Adrenalin Kupa Bugac 2019\",\"Can-Am\",\"FIA CEZ\",\"FIA CEZ 2019\",\"Ford\",\"Hummer\",\"Ivo \u0160ev\u010d\u00edk\",\"Ladislav Zavrt\u00e1lek\",\"Marek S\u00fdkora\",\"Martin M\u00fcller ml.\",\"Martin M\u00fcller st.\",\"Miroslav Zapletal\",\"Mitsubishi\",\"Offroadsport\",\"Pavel Vacul\u00edk\",\"Pawel Molgo\",\"Petr Kostka\",\"Radim Bacul\u00edk\",\"Zden\u011bk Po\u0159\u00edzek\"],\"articleSection\":[\"Auto\"],\"inLanguage\":\"cs\",\"potentialAction\":[{\"@type\":\"CommentAction\",\"name\":\"Comment\",\"target\":[\"https:\/\/www.dakarmania.cz\/index.php\/2019\/03\/25\/double-na-uvod-sezony-cez\/#respond\"]}]},{\"@type\":\"WebPage\",\"@id\":\"https:\/\/www.dakarmania.cz\/index.php\/2019\/03\/25\/double-na-uvod-sezony-cez\/\",\"url\":\"https:\/\/www.dakarmania.cz\/index.php\/2019\/03\/25\/double-na-uvod-sezony-cez\/\",\"name\":\"\u010cesk\u00fd double na \u00favod sezony st\u0159edoevropsk\u00e9ho \u0161ampion\u00e1tu - DAKARMANIA.cz\",\"isPartOf\":{\"@id\":\"https:\/\/www.dakarmania.cz\/#website\"},\"primaryImageOfPage\":{\"@id\":\"https:\/\/www.dakarmania.cz\/index.php\/2019\/03\/25\/double-na-uvod-sezony-cez\/#primaryimage\"},\"image\":{\"@id\":\"https:\/\/www.dakarmania.cz\/index.php\/2019\/03\/25\/double-na-uvod-sezony-cez\/#primaryimage\"},\"thumbnailUrl\":\"https:\/\/www.dakarmania.cz\/wp-content\/uploads\/2019\/03\/19-bugac-zapletal-01.jpg\",\"datePublished\":\"2019-03-25T00:25:52+00:00\",\"dateModified\":\"2021-08-05T21:16:53+00:00\",\"description\":\"Vstup do sezony FIA CEZ 2019 se \u010desk\u00fdm z\u00e1vodn\u00edk\u016fm vyda\u0159il. P\u0159i Adrelin Kupa Bugac opanovali prvn\u00ed dv\u011b p\u0159\u00ed\u010dky v absolutn\u00edm po\u0159ad\u00ed.\",\"breadcrumb\":{\"@id\":\"https:\/\/www.dakarmania.cz\/index.php\/2019\/03\/25\/double-na-uvod-sezony-cez\/#breadcrumb\"},\"inLanguage\":\"cs\",\"potentialAction\":[{\"@type\":\"ReadAction\",\"target\":[\"https:\/\/www.dakarmania.cz\/index.php\/2019\/03\/25\/double-na-uvod-sezony-cez\/\"]}]},{\"@type\":\"ImageObject\",\"inLanguage\":\"cs\",\"@id\":\"https:\/\/www.dakarmania.cz\/index.php\/2019\/03\/25\/double-na-uvod-sezony-cez\/#primaryimage\",\"url\":\"https:\/\/www.dakarmania.cz\/wp-content\/uploads\/2019\/03\/19-bugac-zapletal-01.jpg\",\"contentUrl\":\"https:\/\/www.dakarmania.cz\/wp-content\/uploads\/2019\/03\/19-bugac-zapletal-01.jpg\",\"width\":1728,\"height\":1152,\"caption\":\"Miroslav Zapletal \/ Marek S\u00fdkora, Hummer H3 Evo 7, Offroadsport. Adrenalin Kupa Bugac 2019. \u00a9 MNASZ\"},{\"@type\":\"BreadcrumbList\",\"@id\":\"https:\/\/www.dakarmania.cz\/index.php\/2019\/03\/25\/double-na-uvod-sezony-cez\/#breadcrumb\",\"itemListElement\":[{\"@type\":\"ListItem\",\"position\":1,\"name\":\"Dom\u016f\",\"item\":\"https:\/\/www.dakarmania.cz\/\"},{\"@type\":\"ListItem\",\"position\":2,\"name\":\"\u010cesk\u00fd double na \u00favod sezony st\u0159edoevropsk\u00e9ho \u0161ampion\u00e1tu\"}]},{\"@type\":\"WebSite\",\"@id\":\"https:\/\/www.dakarmania.cz\/#website\",\"url\":\"https:\/\/www.dakarmania.cz\/\",\"name\":\"DAKARMANIA.cz\",\"description\":\"\u017dijeme Dakarem cel\u00fd rok\",\"publisher\":{\"@id\":\"https:\/\/www.dakarmania.cz\/#organization\"},\"potentialAction\":[{\"@type\":\"SearchAction\",\"target\":{\"@type\":\"EntryPoint\",\"urlTemplate\":\"https:\/\/www.dakarmania.cz\/?s={search_term_string}\"},\"query-input\":{\"@type\":\"PropertyValueSpecification\",\"valueRequired\":true,\"valueName\":\"search_term_string\"}}],\"inLanguage\":\"cs\"},{\"@type\":\"Organization\",\"@id\":\"https:\/\/www.dakarmania.cz\/#organization\",\"name\":\"DAKAR MANIA\",\"url\":\"https:\/\/www.dakarmania.cz\/\",\"logo\":{\"@type\":\"ImageObject\",\"inLanguage\":\"cs\",\"@id\":\"https:\/\/www.dakarmania.cz\/#\/schema\/logo\/image\/\",\"url\":\"https:\/\/www.dakarmania.cz\/wp-content\/uploads\/2018\/12\/Dakar-Mania-Logo-Square-Orange.png\",\"contentUrl\":\"https:\/\/www.dakarmania.cz\/wp-content\/uploads\/2018\/12\/Dakar-Mania-Logo-Square-Orange.png\",\"width\":992,\"height\":992,\"caption\":\"DAKAR MANIA\"},\"image\":{\"@id\":\"https:\/\/www.dakarmania.cz\/#\/schema\/logo\/image\/\"},\"sameAs\":[\"https:\/\/www.facebook.com\/dakarmania\/\"]},{\"@type\":\"Person\",\"@id\":\"https:\/\/www.dakarmania.cz\/#\/schema\/person\/04eb0e87a389631c2169c0dddae7ff1e\",\"name\":\"Zden\u011bk Zelenka\",\"image\":{\"@type\":\"ImageObject\",\"inLanguage\":\"cs\",\"@id\":\"https:\/\/www.dakarmania.cz\/#\/schema\/person\/image\/\",\"url\":\"https:\/\/secure.gravatar.com\/avatar\/2c80d5a4942fe0900b73cc7d3837a509d6ee0a276a2b76dac95c92bd0763a89b?s=96&d=mm&r=g\",\"contentUrl\":\"https:\/\/secure.gravatar.com\/avatar\/2c80d5a4942fe0900b73cc7d3837a509d6ee0a276a2b76dac95c92bd0763a89b?s=96&d=mm&r=g\",\"caption\":\"Zden\u011bk Zelenka\"},\"description\":\"Moji d\u011bt\u0161t\u00ed hrdinov\u00e9 se jmenovali Loprais, Moskal, Neveu, Vatanen, Rahier... A tihle borci, jejich n\u00e1sledovn\u00edci a jejich p\u0159\u00edb\u011bhy m\u011b nep\u0159estali fascinovat ani po letech, kdy jsem vyrostl a zam\u011bstn\u00e1valy m\u011b jin\u00e9 discipl\u00edny motorsportu. Proto se zrodila DAKARMANIA.\",\"url\":\"https:\/\/www.dakarmania.cz\/index.php\/author\/dakarmania\/\"}]}<\/script>\n<!-- \/ Yoast SEO plugin. -->","yoast_head_json":{"title":"\u010cesk\u00fd double na \u00favod sezony st\u0159edoevropsk\u00e9ho \u0161ampion\u00e1tu - DAKARMANIA.cz","description":"Vstup do sezony FIA CEZ 2019 se \u010desk\u00fdm z\u00e1vodn\u00edk\u016fm vyda\u0159il. P\u0159i Adrelin Kupa Bugac opanovali prvn\u00ed dv\u011b p\u0159\u00ed\u010dky v absolutn\u00edm po\u0159ad\u00ed.","robots":{"index":"index","follow":"follow","max-snippet":"max-snippet:-1","max-image-preview":"max-image-preview:large","max-video-preview":"max-video-preview:-1"},"canonical":"https:\/\/www.dakarmania.cz\/index.php\/2019\/03\/25\/double-na-uvod-sezony-cez\/","og_locale":"cs_CZ","og_type":"article","og_title":"\u010cesk\u00fd double na \u00favod sezony st\u0159edoevropsk\u00e9ho \u0161ampion\u00e1tu - DAKARMANIA.cz","og_description":"Vstup do sezony FIA CEZ 2019 se \u010desk\u00fdm z\u00e1vodn\u00edk\u016fm vyda\u0159il. P\u0159i Adrelin Kupa Bugac opanovali prvn\u00ed dv\u011b p\u0159\u00ed\u010dky v absolutn\u00edm po\u0159ad\u00ed.","og_url":"https:\/\/www.dakarmania.cz\/index.php\/2019\/03\/25\/double-na-uvod-sezony-cez\/","og_site_name":"DAKARMANIA.cz","article_publisher":"https:\/\/www.facebook.com\/dakarmania\/","article_published_time":"2019-03-25T00:25:52+00:00","article_modified_time":"2021-08-05T21:16:53+00:00","og_image":[{"width":1728,"height":1152,"url":"https:\/\/www.dakarmania.cz\/wp-content\/uploads\/2019\/03\/19-bugac-zapletal-01.jpg","type":"image\/jpeg"}],"author":"Zden\u011bk Zelenka","twitter_card":"summary_large_image","twitter_misc":{"Napsal(a)":"Zden\u011bk Zelenka","Odhadovan\u00e1 doba \u010dten\u00ed":"2 minuty"},"schema":{"@context":"https:\/\/schema.org","@graph":[{"@type":"Article","@id":"https:\/\/www.dakarmania.cz\/index.php\/2019\/03\/25\/double-na-uvod-sezony-cez\/#article","isPartOf":{"@id":"https:\/\/www.dakarmania.cz\/index.php\/2019\/03\/25\/double-na-uvod-sezony-cez\/"},"author":{"name":"Zden\u011bk Zelenka","@id":"https:\/\/www.dakarmania.cz\/#\/schema\/person\/04eb0e87a389631c2169c0dddae7ff1e"},"headline":"\u010cesk\u00fd double na \u00favod sezony st\u0159edoevropsk\u00e9ho \u0161ampion\u00e1tu","datePublished":"2019-03-25T00:25:52+00:00","dateModified":"2021-08-05T21:16:53+00:00","mainEntityOfPage":{"@id":"https:\/\/www.dakarmania.cz\/index.php\/2019\/03\/25\/double-na-uvod-sezony-cez\/"},"wordCount":471,"commentCount":0,"publisher":{"@id":"https:\/\/www.dakarmania.cz\/#organization"},"image":{"@id":"https:\/\/www.dakarmania.cz\/index.php\/2019\/03\/25\/double-na-uvod-sezony-cez\/#primaryimage"},"thumbnailUrl":"https:\/\/www.dakarmania.cz\/wp-content\/uploads\/2019\/03\/19-bugac-zapletal-01.jpg","keywords":["2019","Adrenalin Kupa Bugac","Adrenalin Kupa Bugac 2019","Can-Am","FIA CEZ","FIA CEZ 2019","Ford","Hummer","Ivo \u0160ev\u010d\u00edk","Ladislav Zavrt\u00e1lek","Marek S\u00fdkora","Martin M\u00fcller ml.","Martin M\u00fcller st.","Miroslav Zapletal","Mitsubishi","Offroadsport","Pavel Vacul\u00edk","Pawel Molgo","Petr Kostka","Radim Bacul\u00edk","Zden\u011bk Po\u0159\u00edzek"],"articleSection":["Auto"],"inLanguage":"cs","potentialAction":[{"@type":"CommentAction","name":"Comment","target":["https:\/\/www.dakarmania.cz\/index.php\/2019\/03\/25\/double-na-uvod-sezony-cez\/#respond"]}]},{"@type":"WebPage","@id":"https:\/\/www.dakarmania.cz\/index.php\/2019\/03\/25\/double-na-uvod-sezony-cez\/","url":"https:\/\/www.dakarmania.cz\/index.php\/2019\/03\/25\/double-na-uvod-sezony-cez\/","name":"\u010cesk\u00fd double na \u00favod sezony st\u0159edoevropsk\u00e9ho \u0161ampion\u00e1tu - DAKARMANIA.cz","isPartOf":{"@id":"https:\/\/www.dakarmania.cz\/#website"},"primaryImageOfPage":{"@id":"https:\/\/www.dakarmania.cz\/index.php\/2019\/03\/25\/double-na-uvod-sezony-cez\/#primaryimage"},"image":{"@id":"https:\/\/www.dakarmania.cz\/index.php\/2019\/03\/25\/double-na-uvod-sezony-cez\/#primaryimage"},"thumbnailUrl":"https:\/\/www.dakarmania.cz\/wp-content\/uploads\/2019\/03\/19-bugac-zapletal-01.jpg","datePublished":"2019-03-25T00:25:52+00:00","dateModified":"2021-08-05T21:16:53+00:00","description":"Vstup do sezony FIA CEZ 2019 se \u010desk\u00fdm z\u00e1vodn\u00edk\u016fm vyda\u0159il. P\u0159i Adrelin Kupa Bugac opanovali prvn\u00ed dv\u011b p\u0159\u00ed\u010dky v absolutn\u00edm po\u0159ad\u00ed.","breadcrumb":{"@id":"https:\/\/www.dakarmania.cz\/index.php\/2019\/03\/25\/double-na-uvod-sezony-cez\/#breadcrumb"},"inLanguage":"cs","potentialAction":[{"@type":"ReadAction","target":["https:\/\/www.dakarmania.cz\/index.php\/2019\/03\/25\/double-na-uvod-sezony-cez\/"]}]},{"@type":"ImageObject","inLanguage":"cs","@id":"https:\/\/www.dakarmania.cz\/index.php\/2019\/03\/25\/double-na-uvod-sezony-cez\/#primaryimage","url":"https:\/\/www.dakarmania.cz\/wp-content\/uploads\/2019\/03\/19-bugac-zapletal-01.jpg","contentUrl":"https:\/\/www.dakarmania.cz\/wp-content\/uploads\/2019\/03\/19-bugac-zapletal-01.jpg","width":1728,"height":1152,"caption":"Miroslav Zapletal \/ Marek S\u00fdkora, Hummer H3 Evo 7, Offroadsport. Adrenalin Kupa Bugac 2019. \u00a9 MNASZ"},{"@type":"BreadcrumbList","@id":"https:\/\/www.dakarmania.cz\/index.php\/2019\/03\/25\/double-na-uvod-sezony-cez\/#breadcrumb","itemListElement":[{"@type":"ListItem","position":1,"name":"Dom\u016f","item":"https:\/\/www.dakarmania.cz\/"},{"@type":"ListItem","position":2,"name":"\u010cesk\u00fd double na \u00favod sezony st\u0159edoevropsk\u00e9ho \u0161ampion\u00e1tu"}]},{"@type":"WebSite","@id":"https:\/\/www.dakarmania.cz\/#website","url":"https:\/\/www.dakarmania.cz\/","name":"DAKARMANIA.cz","description":"\u017dijeme Dakarem cel\u00fd rok","publisher":{"@id":"https:\/\/www.dakarmania.cz\/#organization"},"potentialAction":[{"@type":"SearchAction","target":{"@type":"EntryPoint","urlTemplate":"https:\/\/www.dakarmania.cz\/?s={search_term_string}"},"query-input":{"@type":"PropertyValueSpecification","valueRequired":true,"valueName":"search_term_string"}}],"inLanguage":"cs"},{"@type":"Organization","@id":"https:\/\/www.dakarmania.cz\/#organization","name":"DAKAR MANIA","url":"https:\/\/www.dakarmania.cz\/","logo":{"@type":"ImageObject","inLanguage":"cs","@id":"https:\/\/www.dakarmania.cz\/#\/schema\/logo\/image\/","url":"https:\/\/www.dakarmania.cz\/wp-content\/uploads\/2018\/12\/Dakar-Mania-Logo-Square-Orange.png","contentUrl":"https:\/\/www.dakarmania.cz\/wp-content\/uploads\/2018\/12\/Dakar-Mania-Logo-Square-Orange.png","width":992,"height":992,"caption":"DAKAR MANIA"},"image":{"@id":"https:\/\/www.dakarmania.cz\/#\/schema\/logo\/image\/"},"sameAs":["https:\/\/www.facebook.com\/dakarmania\/"]},{"@type":"Person","@id":"https:\/\/www.dakarmania.cz\/#\/schema\/person\/04eb0e87a389631c2169c0dddae7ff1e","name":"Zden\u011bk Zelenka","image":{"@type":"ImageObject","inLanguage":"cs","@id":"https:\/\/www.dakarmania.cz\/#\/schema\/person\/image\/","url":"https:\/\/secure.gravatar.com\/avatar\/2c80d5a4942fe0900b73cc7d3837a509d6ee0a276a2b76dac95c92bd0763a89b?s=96&d=mm&r=g","contentUrl":"https:\/\/secure.gravatar.com\/avatar\/2c80d5a4942fe0900b73cc7d3837a509d6ee0a276a2b76dac95c92bd0763a89b?s=96&d=mm&r=g","caption":"Zden\u011bk Zelenka"},"description":"Moji d\u011bt\u0161t\u00ed hrdinov\u00e9 se jmenovali Loprais, Moskal, Neveu, Vatanen, Rahier... A tihle borci, jejich n\u00e1sledovn\u00edci a jejich p\u0159\u00edb\u011bhy m\u011b nep\u0159estali fascinovat ani po letech, kdy jsem vyrostl a zam\u011bstn\u00e1valy m\u011b jin\u00e9 discipl\u00edny motorsportu. Proto se zrodila DAKARMANIA.","url":"https:\/\/www.dakarmania.cz\/index.php\/author\/dakarmania\/"}]}},"amp_enabled":true,"_links":{"self":[{"href":"https:\/\/www.dakarmania.cz\/index.php\/wp-json\/wp\/v2\/posts\/4518","targetHints":{"allow":["GET"]}}],"collection":[{"href":"https:\/\/www.dakarmania.cz\/index.php\/wp-json\/wp\/v2\/posts"}],"about":[{"href":"https:\/\/www.dakarmania.cz\/index.php\/wp-json\/wp\/v2\/types\/post"}],"author":[{"embeddable":true,"href":"https:\/\/www.dakarmania.cz\/index.php\/wp-json\/wp\/v2\/users\/1"}],"replies":[{"embeddable":true,"href":"https:\/\/www.dakarmania.cz\/index.php\/wp-json\/wp\/v2\/comments?post=4518"}],"version-history":[{"count":4,"href":"https:\/\/www.dakarmania.cz\/index.php\/wp-json\/wp\/v2\/posts\/4518\/revisions"}],"predecessor-version":[{"id":21893,"href":"https:\/\/www.dakarmania.cz\/index.php\/wp-json\/wp\/v2\/posts\/4518\/revisions\/21893"}],"wp:featuredmedia":[{"embeddable":true,"href":"https:\/\/www.dakarmania.cz\/index.php\/wp-json\/wp\/v2\/media\/4516"}],"wp:attachment":[{"href":"https:\/\/www.dakarmania.cz\/index.php\/wp-json\/wp\/v2\/media?parent=4518"}],"wp:term":[{"taxonomy":"category","embeddable":true,"href":"https:\/\/www.dakarmania.cz\/index.php\/wp-json\/wp\/v2\/categories?post=4518"},{"taxonomy":"post_tag","embeddable":true,"href":"https:\/\/www.dakarmania.cz\/index.php\/wp-json\/wp\/v2\/tags?post=4518"}],"curies":[{"name":"wp","href":"https:\/\/api.w.org\/{rel}","templated":true}]}}