{"id":4738,"date":"2019-03-28T15:32:49","date_gmt":"2019-03-28T14:32:49","guid":{"rendered":"https:\/\/www.dakarmania.cz\/?p=4738"},"modified":"2023-07-15T08:26:33","modified_gmt":"2023-07-15T06:26:33","slug":"mrg-novy-cesky-jezdec-nebo-pedrero-snad-oba","status":"publish","type":"post","link":"https:\/\/www.dakarmania.cz\/index.php\/2019\/03\/28\/mrg-novy-cesky-jezdec-nebo-pedrero-snad-oba\/","title":{"rendered":"MRG: Nov\u00fd \u010desk\u00fd jezdec, nebo Pedrero? Snad oba"},"content":{"rendered":"<p>[vc_row][vc_column][vc_column_text]<\/p>\n<h4>Mana\u017eer t\u00fdmu Moto Racing Group Erv\u00edn Kraj\u010dovi\u010d v posledn\u00edch t\u00fddnech nev\u00ed, jak\u00fd hovor nebo mail m\u00e1 vy\u0159izovat d\u0159\u00edv. Ale jsou to vesm\u011bs p\u0159\u00edjemn\u00e9 starosti. O pokra\u010dov\u00e1n\u00ed spolupr\u00e1ce s MRG m\u00e1 z\u00e1jem velezku\u0161en\u00fd Joan Pedrero, ov\u0161em partne\u0159i t\u00fdmu prosazuj\u00ed roz\u0161\u00ed\u0159en\u00ed jeho sestavy o dal\u0161\u00edho \u010desk\u00e9ho jezdce.<\/h4>\n<p>Joan Pedrero se v cross-country rally m\u016f\u017ee pochlubit vynikaj\u00edc\u00ed z\u00e1vodnickou minulost\u00ed. Letos se na start dakarsk\u00e9 rally postavil u\u017e pojeden\u00e1ct\u00e9. Na Dakaru debutoval po p\u0159esunu sout\u011b\u017ee do Ji\u017en\u00ed Ameriky v roce 2009 a od t\u00e9 doby nevynechal jedin\u00fd ro\u010dn\u00edk. V letech 2011 a\u017e 2013 plnil u KTM roli \u201enosi\u010de vody\u201c hv\u011bzdn\u00e9ho Marca Comy. Ale v\u00fdborn\u00e9 v\u00fdsledky sb\u00edral tak\u00e9 s\u00e1m. V prvn\u00edm a pak v posledn\u00edm roce spolupr\u00e1ce s rakousk\u00fdm tov\u00e1rn\u00edm t\u00fdmem obsadil na Dakaru p\u00e1t\u00e9 m\u00edsto absolutn\u011b.<\/p>\n<p>V letech 2014 a 2016 a\u017e 2018 byl oporou ambici\u00f3zn\u00edho t\u00fdmu Sherco TVS. V jeho slu\u017eb\u00e1ch si p\u0159ipsal dv\u011b dakarsk\u00e1 etapov\u00e1 v\u00edt\u011bzstv\u00ed a loni obsadil jeden\u00e1ct\u00e9 m\u00edsto celkov\u011b, co\u017e je historicky nejlep\u0161\u00ed v\u00fdsledek Sherca na Dakaru. Je\u0161t\u011b v dubnu pro n\u011bj vybojoval sedm\u00e9 m\u00edsto na Merzouga Rally, ale pr\u00e1v\u011b po marock\u00e9 sout\u011b\u017ei nav\u00e1zal kontakt s \u010desk\u00fdm MRG.[\/vc_column_text][vc_single_image image=&#8221;4737&#8243; img_size=&#8221;large&#8221; add_caption=&#8221;yes&#8221; alignment=&#8221;center&#8221;][vc_column_text]<\/p>\n<h4>P\u0159ekvapen\u00ed v mailu<\/h4>\n<p><em>\u201ePo Merzouze p\u0159i\u0161el mail od dvou \u0161pan\u011blsk\u00fdch z\u00e1vodn\u00edk\u016f, kte\u0159\u00ed projevili z\u00e1jem o spolupr\u00e1ci s na\u0161\u00edm t\u00fdmem. Jedn\u00edm z nich byl Joan Pedrero. P\u0159izn\u00e1v\u00e1m, \u017ee jsem si nejd\u0159\u00edv myslel, \u017ee si tro\u0161ku spletl adresu,\u201c<\/em> vzpom\u00edn\u00e1 s \u00fasm\u011bvem <strong>Erv\u00edn Kraj\u010dovi\u010d<\/strong>. <em>\u201eNicm\u00e9n\u011b pak jsme jeli na testov\u00e1n\u00ed pneumatik do \u0160pan\u011blska a j\u00e1 jsem m\u011bl jednu motorku volnou. Tak jsem mu nab\u00eddl, a\u0165 za n\u00e1mi p\u0159ijede, pokud chce. Bylo to 500 kilometr\u016f a on opravdu s bat\u016f\u017ekem p\u0159ijel a odjezdil dva testovac\u00ed dny.\u201c<\/em><\/p>\n<p><em>\u201eDo t\u00e9 doby jsme se \u00fapln\u011b neznali, jen jsme se potk\u00e1vali v bivac\u00edch, ale jeho p\u0159\u00edstup b\u011bhem testu m\u011b skute\u010dn\u011b oslovil. \u0158ekl mi, \u017ee chce pracovat pro t\u00fdm a na druh\u00e9 stran\u011b chce m\u00edt v t\u00fdmu sv\u016fj komfort. Na rovinu \u0159\u00edk\u00e1m, \u017ee jezdec takov\u00e9ho form\u00e1tu je \u00fapln\u011b o jin\u00fdch pen\u011bz\u00edch, ale Joan je profesion\u00e1l na tis\u00edc procent.\u201c<\/em><\/p>\n<p>Od l\u00e9ta Pedrero s MRG tr\u00e9noval a na podzim v jeho barv\u00e1ch vyhr\u00e1l rally Hearts of Morocco. Slibn\u011b za\u010dal tak\u00e9 v Peru, kde po druh\u00e9 etap\u011b Dakaru figuroval na dvac\u00e1t\u00e9 pozici. Jen\u017ee o den pozd\u011bji jej vy\u0159adila ban\u00e1ln\u00ed z\u00e1vada. P\u0159esto byl na stran\u011b jezdce i t\u00fdmu z\u00e1jem o pokra\u010dov\u00e1n\u00ed spolupr\u00e1ce.[\/vc_column_text][vc_video link=&#8221;https:\/\/youtu.be\/lhFKzEgu8K8&#8243;][vc_column_text]<\/p>\n<h4>Rodinn\u00e9 z\u00e1zem\u00ed<\/h4>\n<p><em>\u201ePo Dakaru jsme si \u0159ekli, \u017ee si d\u00e1me \u010dtrn\u00e1ct dn\u00ed a pak budeme jednat d\u00e1l. Joan m\u00e1 st\u00e1le z\u00e1jem, je s t\u00fdmem spokojen\u00fd a chce b\u00fdt jeho sou\u010d\u00e1st\u00ed. U\u017e nechce j\u00edt do tov\u00e1rn\u00ed st\u00e1je. Chce m\u00edt sp\u00ed\u0161e rodinn\u00e9 z\u00e1zem\u00ed, co\u017e ve \u201afabrick\u00fdch\u2018 t\u00fdmech nen\u00ed,\u201c<\/em> pokra\u010duje Kraj\u010dovi\u010d.<\/p>\n<p>Dva t\u00fddny ale uplynuly, dokonce uplynuty cel\u00e9 dal\u0161\u00ed dva m\u011bs\u00edce, p\u0159esto t\u00fdm MRG zat\u00edm st\u00e1le obnoven\u00ed kontraktu nepotvrdil.<\/p>\n<p><em>\u201ePo\u0159\u00e1d plat\u00ed, \u017ee si chci Pedrera udr\u017eet, proto\u017ee je obrovsk\u00fdm p\u0159\u00ednosem pro Milana<\/em> [Engela] <em>i pro m\u011b. Joan m\u00e1 na sv\u00e9m kont\u011b jeden\u00e1ct Dakar\u016f, j\u00e1 \u0161est. I pro m\u011b je to velk\u00fd p\u0159\u00ednos informac\u00ed. Nav\u00edc jak to b\u00fdv\u00e1, kouzlo je v detailech. Kdy\u017e Joan na Dakaru vypadl a \u010dekal na letadlo, hned \u0161el za Milanem a ptal se ho, jestli nepot\u0159ebuje pomoct s roadbookem nebo motorkou. Prost\u011b byl neust\u00e1le cennou sou\u010d\u00e1st\u00ed t\u00fdmu, z \u010deho\u017e jsem m\u011bl velkou radost. Zn\u00e1te to. N\u011bkdy jste v jednom t\u00fdmu, m\u00e1te dva jezdce, ale oni se dr\u017e\u00ed jeden od druh\u00e9ho co nejd\u00e1l. Joan neust\u00e1le pendloval mezi Milanem a Tom\u00e1\u0161em<\/em>\u00a0[Kubienou]. <em>Chci, aby z\u016fstal Pedrero i Milan, proto\u017ee si rozum\u00edme.\u201c<\/em>[\/vc_column_text][vc_single_image image=&#8221;4736&#8243; img_size=&#8221;large&#8221; add_caption=&#8221;yes&#8221; alignment=&#8221;center&#8221;][vc_column_text]<\/p>\n<h4>Dakar nen\u00ed jen o cht\u011bn\u00ed<\/h4>\n<p>Navzdory \u0160pan\u011blovu brzk\u00e9mu odstoupen\u00ed mohl Moto Racing Group po Dakaru 2019 slavit. P\u0159i sv\u00e9m p\u00e1t\u00e9m startu na slavn\u00e9 rally <a href=\"https:\/\/www.dakarmania.cz\/index.php\/2019\/01\/23\/milan-engel-by-do-tovarniho-tymu-nechtel\/\">si \u017eivotn\u00ed v\u00fdsledek p\u0159ipsal \u010desk\u00fd jezdec Milan Engel<\/a>, kter\u00fd do c\u00edle dorazil jako patn\u00e1ct\u00fd. \u00dasp\u011bch samoz\u0159ejm\u011b v\u017edy vzbuzuje dal\u0161\u00ed z\u00e1jem. A to plat\u00ed i v p\u0159\u00edpad\u011b MRG.<\/p>\n<p><em>\u201eOz\u00fdvaj\u00ed se n\u00e1m z\u00e1jemci. A j\u00e1 samoz\u0159ejm\u011b hled\u00e1m v \u010desk\u00fdch vod\u00e1ch. Ale Dakar nen\u00ed jen o tom, \u017ee chcete. Mus\u00edte se do toho opravdu pustit a nikde nen\u00ed z\u00e1ruka, \u017ee dobr\u00fd motokrosa\u0159 nebo jezdec endura sko\u010d\u00ed na \u201edakarku\u201c a vr\u00e1t\u00ed se n\u00e1m ve\u010der dom\u016f. Nev\u00edte, jestli ho za t\u0159i dny v\u016fbec vyt\u00e1hnete ze stanu do dal\u0161\u00edho dne. Trouf\u00e1m si \u0159\u00edct, \u017ee ne. Je to minim\u00e1ln\u011b ro\u010dn\u00ed, nebo sp\u00ed\u0161 dvoulet\u00e1 pr\u00e1ce. A podle zku\u0161enost\u00ed s Milanem v\u00edm, \u017ee jeden takov\u00fd rok vyjde na v\u00edce ne\u017e dva miliony korun. A to nepo\u010d\u00edt\u00e1m \u010das, kter\u00fd takov\u00e9mu jezdci v\u011bnujete.\u201c<\/em>[\/vc_column_text][vc_single_image image=&#8221;4732&#8243; img_size=&#8221;large&#8221; add_caption=&#8221;yes&#8221; alignment=&#8221;center&#8221;][vc_column_text]<\/p>\n<h4>Dal\u0161\u00ed \u010cech na obzoru<\/h4>\n<p>V b\u0159eznu se nav\u00edc cel\u00e1 situace kolem jezdeck\u00e9 sestavy MRG pro Dakar 2020 p\u0159\u00edjemn\u011b zkomplikovala.<\/p>\n<p><em>\u201eJe tady jeden nov\u00fd \u010desk\u00fd jezdec. Fanou\u0161ci a partne\u0159i prost\u011b cht\u011bj\u00ed na Dakaru dal\u0161\u00edho \u010cecha. Te\u010f prob\u00edhaj\u00ed jedn\u00e1n\u00ed s t\u00edmto z\u00e1vodn\u00edkem a se sponzory. Z\u00e1le\u017eitosti kolem Joana tud\u00ed\u017e za\u010dnu dod\u011bl\u00e1vat, a\u017e se vy\u0159e\u0161\u00ed tato situace.\u201c<\/em><\/p>\n<p>P\u0159\u00edchod nov\u00e9ho \u010dlena t\u00fdmu by v\u0161ak nemusel znamenat konec spolupr\u00e1ce s 41let\u00fdm \u0160pan\u011blem.<\/p>\n<p><em>\u201eByl bych r\u00e1d, aby se jednalo o roz\u0161\u00ed\u0159en\u00ed sestavy. V t\u00fdmu by byl Milan a nov\u00fd jezdec XY. A kdy\u017e na to budou pen\u00edze a Joan vydr\u017e\u00ed, tak bychom m\u011bli t\u0159i motork\u00e1\u0159e. Ale z\u00e1le\u017e\u00ed na Joanovi. On samoz\u0159ejm\u011b tla\u010d\u00ed na pilu, ka\u017ed\u00fd t\u00fdden mi vol\u00e1 a jsme v kontaktu, ale taky se m\u016f\u017ee st\u00e1t, \u017ee vypadne z kola ven. Ov\u0161em to ani on, ani j\u00e1 moment\u00e1ln\u011b nechceme. J\u00e1 jen mus\u00edm po\u010dkat na v\u00fdsledek jedn\u00e1n\u00ed se sponzory a hlavn\u011b se zm\u00edn\u011bn\u00fdm \u010desk\u00fdm jezdcem.\u201c<\/em>[\/vc_column_text][vc_single_image image=&#8221;4733&#8243; img_size=&#8221;large&#8221; add_caption=&#8221;yes&#8221; alignment=&#8221;center&#8221;][vc_column_text]O koho se jedn\u00e1, to zat\u00edm Erv\u00edn Kraj\u010dovi\u010d prozradit nechce. P\u0159esto alespo\u0148 nazna\u010dil: <em>\u201eJe to star\u0161\u00ed jezdec, zn\u00e1m\u00fd jezdec, ale rally je\u0161t\u011b nejel. Nechte se p\u0159ekvapit!\u201c<\/em><\/p>\n<h4>Pen\u00edze a politika<\/h4>\n<p>P\u0159\u00edprava na dal\u0161\u00ed ro\u010dn\u00edk Dakaru v\u0161ak nen\u00ed jen o lad\u011bn\u00ed ide\u00e1ln\u00ed jezdeck\u00e9 sestavy. Jezdci pot\u0159ebuj\u00ed tak\u00e9 testovat a hlavn\u011b z\u00e1vodit. \u0160\u00e9f t\u00fdmu MRG po n\u00e1vratu z Peru hovo\u0159il o mo\u017en\u00e9m startu na dubnov\u00e9 Morocco Desert Challenge. V Maroku se jeho jezdci ale nakonec nep\u0159edstav\u00ed. A Kraj\u010dovi\u010d si letos z\u0159ejm\u011b nespln\u00ed ani dal\u0161\u00ed ze sv\u00fdch mana\u017eersk\u00fdch sn\u016f.<\/p>\n<p><em>\u201eCht\u011bli jsme jet Silk Way, kter\u00e1 pro m\u011b byla takovou hozenou rukavic\u00ed. Ale ta se mi te\u010f malinko rozpl\u00fdv\u00e1. \u0158eknu to tak, jak to je. D\u016fvodem je situace kolem Huawei. M\u011bl jsem t\u0159i sponzory z \u010c\u00edny, ale m\u016fj agent, kter\u00fd tam pro n\u00e1s d\u011bl\u00e1, mi minul\u00fd t\u00fdden volal, \u017ee se stoply jak\u00e9koliv investice sm\u011brem k Evrop\u011b. Proto Silk Way pravd\u011bpodobn\u011b pad\u00e1. Nicm\u00e9n\u011b chceme jet baji v Ma\u010farsku, \u0160pan\u011blsku a \u0159eck\u00fd Hellas. To je takov\u00fd m\u016fj pl\u00e1n B.\u201c<\/em><\/p>\n<p>D\u011bkujeme za p\u0159\u00edjemn\u00e9 a otev\u0159en\u00e9 pov\u00edd\u00e1n\u00ed a za DAKAR MANII p\u0159ejeme \u00fasp\u011bch jak v jedn\u00e1n\u00edch s nov\u00fdm z\u00e1vodn\u00edkem a sponzory, tak hlavn\u011b na trat\u00edch sv\u011btov\u00fdch cross-country rally.[\/vc_column_text][\/vc_column][\/vc_row]<\/p>\n","protected":false},"excerpt":{"rendered":"<p>Mana\u017eer t\u00fdmu Moto Racing Group Erv\u00edn Kraj\u010dovi\u010d v posledn\u00edch t\u00fddnech nev\u00ed, jak\u00fd hovor nebo mail m\u00e1 vy\u0159izovat d\u0159\u00edv. Ale jsou to vesm\u011bs p\u0159\u00edjemn\u00e9 starosti.<\/p>\n","protected":false},"author":1,"featured_media":4734,"comment_status":"closed","ping_status":"closed","sticky":false,"template":"","format":"standard","meta":{"footnotes":""},"categories":[251,15,2],"tags":[425,8,9,159,109,108,74,75],"class_list":["post-4738","post","type-post","status-publish","format-standard","has-post-thumbnail","hentry","category-dakar-2020","category-moto-quad","category-dakar","tag-425","tag-dakar","tag-dakar-2019","tag-dakar-2020","tag-ervin-krajcovic","tag-joan-pedrero","tag-moto-racing-group","tag-mrg"],"yoast_head":"<!-- This site is optimized with the Yoast SEO plugin v24.9 - https:\/\/yoast.com\/wordpress\/plugins\/seo\/ -->\n<title>MRG: Nov\u00fd \u010desk\u00fd jezdec, nebo Pedrero? Snad oba - DAKARMANIA.cz<\/title>\n<meta name=\"description\" content=\"Mana\u017eer t\u00fdmu Moto Racing Group Erv\u00edn Kraj\u010dovi\u010d v posledn\u00edch t\u00fddnech nev\u00ed, jak\u00fd hovor nebo mail m\u00e1 vy\u0159izovat d\u0159\u00edv. Ale jsou to vesm\u011bs p\u0159\u00edjemn\u00e9 starosti.\" \/>\n<meta name=\"robots\" content=\"index, follow, max-snippet:-1, max-image-preview:large, max-video-preview:-1\" \/>\n<link rel=\"canonical\" href=\"https:\/\/www.dakarmania.cz\/index.php\/2019\/03\/28\/mrg-novy-cesky-jezdec-nebo-pedrero-snad-oba\/\" \/>\n<meta property=\"og:locale\" content=\"cs_CZ\" \/>\n<meta property=\"og:type\" content=\"article\" \/>\n<meta property=\"og:title\" content=\"MRG: Nov\u00fd \u010desk\u00fd jezdec, nebo Pedrero? Snad oba - DAKARMANIA.cz\" \/>\n<meta property=\"og:description\" content=\"Mana\u017eer t\u00fdmu Moto Racing Group Erv\u00edn Kraj\u010dovi\u010d v posledn\u00edch t\u00fddnech nev\u00ed, jak\u00fd hovor nebo mail m\u00e1 vy\u0159izovat d\u0159\u00edv. Ale jsou to vesm\u011bs p\u0159\u00edjemn\u00e9 starosti.\" \/>\n<meta property=\"og:url\" content=\"https:\/\/www.dakarmania.cz\/index.php\/2019\/03\/28\/mrg-novy-cesky-jezdec-nebo-pedrero-snad-oba\/\" \/>\n<meta property=\"og:site_name\" content=\"DAKARMANIA.cz\" \/>\n<meta property=\"article:publisher\" content=\"https:\/\/www.facebook.com\/dakarmania\/\" \/>\n<meta property=\"article:published_time\" content=\"2019-03-28T14:32:49+00:00\" \/>\n<meta property=\"article:modified_time\" content=\"2023-07-15T06:26:33+00:00\" \/>\n<meta property=\"og:image\" content=\"https:\/\/www.dakarmania.cz\/wp-content\/uploads\/2019\/03\/19-dakar-mrg-20.jpg\" \/>\n\t<meta property=\"og:image:width\" content=\"2048\" \/>\n\t<meta property=\"og:image:height\" content=\"1365\" \/>\n\t<meta property=\"og:image:type\" content=\"image\/jpeg\" \/>\n<meta name=\"author\" content=\"Zden\u011bk Zelenka\" \/>\n<meta name=\"twitter:card\" content=\"summary_large_image\" \/>\n<meta name=\"twitter:label1\" content=\"Napsal(a)\" \/>\n\t<meta name=\"twitter:data1\" content=\"Zden\u011bk Zelenka\" \/>\n\t<meta name=\"twitter:label2\" content=\"Odhadovan\u00e1 doba \u010dten\u00ed\" \/>\n\t<meta name=\"twitter:data2\" content=\"6 minut\" \/>\n<script type=\"application\/ld+json\" class=\"yoast-schema-graph\">{\"@context\":\"https:\/\/schema.org\",\"@graph\":[{\"@type\":\"Article\",\"@id\":\"https:\/\/www.dakarmania.cz\/index.php\/2019\/03\/28\/mrg-novy-cesky-jezdec-nebo-pedrero-snad-oba\/#article\",\"isPartOf\":{\"@id\":\"https:\/\/www.dakarmania.cz\/index.php\/2019\/03\/28\/mrg-novy-cesky-jezdec-nebo-pedrero-snad-oba\/\"},\"author\":{\"name\":\"Zden\u011bk Zelenka\",\"@id\":\"https:\/\/www.dakarmania.cz\/#\/schema\/person\/04eb0e87a389631c2169c0dddae7ff1e\"},\"headline\":\"MRG: Nov\u00fd \u010desk\u00fd jezdec, nebo Pedrero? Snad oba\",\"datePublished\":\"2019-03-28T14:32:49+00:00\",\"dateModified\":\"2023-07-15T06:26:33+00:00\",\"mainEntityOfPage\":{\"@id\":\"https:\/\/www.dakarmania.cz\/index.php\/2019\/03\/28\/mrg-novy-cesky-jezdec-nebo-pedrero-snad-oba\/\"},\"wordCount\":1463,\"publisher\":{\"@id\":\"https:\/\/www.dakarmania.cz\/#organization\"},\"image\":{\"@id\":\"https:\/\/www.dakarmania.cz\/index.php\/2019\/03\/28\/mrg-novy-cesky-jezdec-nebo-pedrero-snad-oba\/#primaryimage\"},\"thumbnailUrl\":\"https:\/\/www.dakarmania.cz\/wp-content\/uploads\/2019\/03\/19-dakar-mrg-20.jpg\",\"keywords\":[\"2019\",\"Dakar\",\"Dakar 2019\",\"Dakar 2020\",\"Erv\u00edn Kraj\u010dovi\u010d\",\"Joan Pedrero\",\"Moto Racing Group\",\"MRG\"],\"articleSection\":[\"Dakar 2020\",\"Moto\/Quad\",\"Rally Dakar\"],\"inLanguage\":\"cs\"},{\"@type\":\"WebPage\",\"@id\":\"https:\/\/www.dakarmania.cz\/index.php\/2019\/03\/28\/mrg-novy-cesky-jezdec-nebo-pedrero-snad-oba\/\",\"url\":\"https:\/\/www.dakarmania.cz\/index.php\/2019\/03\/28\/mrg-novy-cesky-jezdec-nebo-pedrero-snad-oba\/\",\"name\":\"MRG: Nov\u00fd \u010desk\u00fd jezdec, nebo Pedrero? Snad oba - DAKARMANIA.cz\",\"isPartOf\":{\"@id\":\"https:\/\/www.dakarmania.cz\/#website\"},\"primaryImageOfPage\":{\"@id\":\"https:\/\/www.dakarmania.cz\/index.php\/2019\/03\/28\/mrg-novy-cesky-jezdec-nebo-pedrero-snad-oba\/#primaryimage\"},\"image\":{\"@id\":\"https:\/\/www.dakarmania.cz\/index.php\/2019\/03\/28\/mrg-novy-cesky-jezdec-nebo-pedrero-snad-oba\/#primaryimage\"},\"thumbnailUrl\":\"https:\/\/www.dakarmania.cz\/wp-content\/uploads\/2019\/03\/19-dakar-mrg-20.jpg\",\"datePublished\":\"2019-03-28T14:32:49+00:00\",\"dateModified\":\"2023-07-15T06:26:33+00:00\",\"description\":\"Mana\u017eer t\u00fdmu Moto Racing Group Erv\u00edn Kraj\u010dovi\u010d v posledn\u00edch t\u00fddnech nev\u00ed, jak\u00fd hovor nebo mail m\u00e1 vy\u0159izovat d\u0159\u00edv. Ale jsou to vesm\u011bs p\u0159\u00edjemn\u00e9 starosti.\",\"breadcrumb\":{\"@id\":\"https:\/\/www.dakarmania.cz\/index.php\/2019\/03\/28\/mrg-novy-cesky-jezdec-nebo-pedrero-snad-oba\/#breadcrumb\"},\"inLanguage\":\"cs\",\"potentialAction\":[{\"@type\":\"ReadAction\",\"target\":[\"https:\/\/www.dakarmania.cz\/index.php\/2019\/03\/28\/mrg-novy-cesky-jezdec-nebo-pedrero-snad-oba\/\"]}]},{\"@type\":\"ImageObject\",\"inLanguage\":\"cs\",\"@id\":\"https:\/\/www.dakarmania.cz\/index.php\/2019\/03\/28\/mrg-novy-cesky-jezdec-nebo-pedrero-snad-oba\/#primaryimage\",\"url\":\"https:\/\/www.dakarmania.cz\/wp-content\/uploads\/2019\/03\/19-dakar-mrg-20.jpg\",\"contentUrl\":\"https:\/\/www.dakarmania.cz\/wp-content\/uploads\/2019\/03\/19-dakar-mrg-20.jpg\",\"width\":2048,\"height\":1365,\"caption\":\"Moto Racing Group. Rally Dakar 2019. \u00a9 MRG\"},{\"@type\":\"BreadcrumbList\",\"@id\":\"https:\/\/www.dakarmania.cz\/index.php\/2019\/03\/28\/mrg-novy-cesky-jezdec-nebo-pedrero-snad-oba\/#breadcrumb\",\"itemListElement\":[{\"@type\":\"ListItem\",\"position\":1,\"name\":\"Dom\u016f\",\"item\":\"https:\/\/www.dakarmania.cz\/\"},{\"@type\":\"ListItem\",\"position\":2,\"name\":\"MRG: Nov\u00fd \u010desk\u00fd jezdec, nebo Pedrero? Snad oba\"}]},{\"@type\":\"WebSite\",\"@id\":\"https:\/\/www.dakarmania.cz\/#website\",\"url\":\"https:\/\/www.dakarmania.cz\/\",\"name\":\"DAKARMANIA.cz\",\"description\":\"\u017dijeme Dakarem cel\u00fd rok\",\"publisher\":{\"@id\":\"https:\/\/www.dakarmania.cz\/#organization\"},\"potentialAction\":[{\"@type\":\"SearchAction\",\"target\":{\"@type\":\"EntryPoint\",\"urlTemplate\":\"https:\/\/www.dakarmania.cz\/?s={search_term_string}\"},\"query-input\":{\"@type\":\"PropertyValueSpecification\",\"valueRequired\":true,\"valueName\":\"search_term_string\"}}],\"inLanguage\":\"cs\"},{\"@type\":\"Organization\",\"@id\":\"https:\/\/www.dakarmania.cz\/#organization\",\"name\":\"DAKAR MANIA\",\"url\":\"https:\/\/www.dakarmania.cz\/\",\"logo\":{\"@type\":\"ImageObject\",\"inLanguage\":\"cs\",\"@id\":\"https:\/\/www.dakarmania.cz\/#\/schema\/logo\/image\/\",\"url\":\"https:\/\/www.dakarmania.cz\/wp-content\/uploads\/2018\/12\/Dakar-Mania-Logo-Square-Orange.png\",\"contentUrl\":\"https:\/\/www.dakarmania.cz\/wp-content\/uploads\/2018\/12\/Dakar-Mania-Logo-Square-Orange.png\",\"width\":992,\"height\":992,\"caption\":\"DAKAR MANIA\"},\"image\":{\"@id\":\"https:\/\/www.dakarmania.cz\/#\/schema\/logo\/image\/\"},\"sameAs\":[\"https:\/\/www.facebook.com\/dakarmania\/\"]},{\"@type\":\"Person\",\"@id\":\"https:\/\/www.dakarmania.cz\/#\/schema\/person\/04eb0e87a389631c2169c0dddae7ff1e\",\"name\":\"Zden\u011bk Zelenka\",\"image\":{\"@type\":\"ImageObject\",\"inLanguage\":\"cs\",\"@id\":\"https:\/\/www.dakarmania.cz\/#\/schema\/person\/image\/\",\"url\":\"https:\/\/secure.gravatar.com\/avatar\/2c80d5a4942fe0900b73cc7d3837a509d6ee0a276a2b76dac95c92bd0763a89b?s=96&d=mm&r=g\",\"contentUrl\":\"https:\/\/secure.gravatar.com\/avatar\/2c80d5a4942fe0900b73cc7d3837a509d6ee0a276a2b76dac95c92bd0763a89b?s=96&d=mm&r=g\",\"caption\":\"Zden\u011bk Zelenka\"},\"description\":\"Moji d\u011bt\u0161t\u00ed hrdinov\u00e9 se jmenovali Loprais, Moskal, Neveu, Vatanen, Rahier... A tihle borci, jejich n\u00e1sledovn\u00edci a jejich p\u0159\u00edb\u011bhy m\u011b nep\u0159estali fascinovat ani po letech, kdy jsem vyrostl a zam\u011bstn\u00e1valy m\u011b jin\u00e9 discipl\u00edny motorsportu. Proto se zrodila DAKARMANIA.\",\"url\":\"https:\/\/www.dakarmania.cz\/index.php\/author\/dakarmania\/\"}]}<\/script>\n<!-- \/ Yoast SEO plugin. -->","yoast_head_json":{"title":"MRG: Nov\u00fd \u010desk\u00fd jezdec, nebo Pedrero? Snad oba - DAKARMANIA.cz","description":"Mana\u017eer t\u00fdmu Moto Racing Group Erv\u00edn Kraj\u010dovi\u010d v posledn\u00edch t\u00fddnech nev\u00ed, jak\u00fd hovor nebo mail m\u00e1 vy\u0159izovat d\u0159\u00edv. Ale jsou to vesm\u011bs p\u0159\u00edjemn\u00e9 starosti.","robots":{"index":"index","follow":"follow","max-snippet":"max-snippet:-1","max-image-preview":"max-image-preview:large","max-video-preview":"max-video-preview:-1"},"canonical":"https:\/\/www.dakarmania.cz\/index.php\/2019\/03\/28\/mrg-novy-cesky-jezdec-nebo-pedrero-snad-oba\/","og_locale":"cs_CZ","og_type":"article","og_title":"MRG: Nov\u00fd \u010desk\u00fd jezdec, nebo Pedrero? Snad oba - DAKARMANIA.cz","og_description":"Mana\u017eer t\u00fdmu Moto Racing Group Erv\u00edn Kraj\u010dovi\u010d v posledn\u00edch t\u00fddnech nev\u00ed, jak\u00fd hovor nebo mail m\u00e1 vy\u0159izovat d\u0159\u00edv. Ale jsou to vesm\u011bs p\u0159\u00edjemn\u00e9 starosti.","og_url":"https:\/\/www.dakarmania.cz\/index.php\/2019\/03\/28\/mrg-novy-cesky-jezdec-nebo-pedrero-snad-oba\/","og_site_name":"DAKARMANIA.cz","article_publisher":"https:\/\/www.facebook.com\/dakarmania\/","article_published_time":"2019-03-28T14:32:49+00:00","article_modified_time":"2023-07-15T06:26:33+00:00","og_image":[{"width":2048,"height":1365,"url":"https:\/\/www.dakarmania.cz\/wp-content\/uploads\/2019\/03\/19-dakar-mrg-20.jpg","type":"image\/jpeg"}],"author":"Zden\u011bk Zelenka","twitter_card":"summary_large_image","twitter_misc":{"Napsal(a)":"Zden\u011bk Zelenka","Odhadovan\u00e1 doba \u010dten\u00ed":"6 minut"},"schema":{"@context":"https:\/\/schema.org","@graph":[{"@type":"Article","@id":"https:\/\/www.dakarmania.cz\/index.php\/2019\/03\/28\/mrg-novy-cesky-jezdec-nebo-pedrero-snad-oba\/#article","isPartOf":{"@id":"https:\/\/www.dakarmania.cz\/index.php\/2019\/03\/28\/mrg-novy-cesky-jezdec-nebo-pedrero-snad-oba\/"},"author":{"name":"Zden\u011bk Zelenka","@id":"https:\/\/www.dakarmania.cz\/#\/schema\/person\/04eb0e87a389631c2169c0dddae7ff1e"},"headline":"MRG: Nov\u00fd \u010desk\u00fd jezdec, nebo Pedrero? Snad oba","datePublished":"2019-03-28T14:32:49+00:00","dateModified":"2023-07-15T06:26:33+00:00","mainEntityOfPage":{"@id":"https:\/\/www.dakarmania.cz\/index.php\/2019\/03\/28\/mrg-novy-cesky-jezdec-nebo-pedrero-snad-oba\/"},"wordCount":1463,"publisher":{"@id":"https:\/\/www.dakarmania.cz\/#organization"},"image":{"@id":"https:\/\/www.dakarmania.cz\/index.php\/2019\/03\/28\/mrg-novy-cesky-jezdec-nebo-pedrero-snad-oba\/#primaryimage"},"thumbnailUrl":"https:\/\/www.dakarmania.cz\/wp-content\/uploads\/2019\/03\/19-dakar-mrg-20.jpg","keywords":["2019","Dakar","Dakar 2019","Dakar 2020","Erv\u00edn Kraj\u010dovi\u010d","Joan Pedrero","Moto Racing Group","MRG"],"articleSection":["Dakar 2020","Moto\/Quad","Rally Dakar"],"inLanguage":"cs"},{"@type":"WebPage","@id":"https:\/\/www.dakarmania.cz\/index.php\/2019\/03\/28\/mrg-novy-cesky-jezdec-nebo-pedrero-snad-oba\/","url":"https:\/\/www.dakarmania.cz\/index.php\/2019\/03\/28\/mrg-novy-cesky-jezdec-nebo-pedrero-snad-oba\/","name":"MRG: Nov\u00fd \u010desk\u00fd jezdec, nebo Pedrero? Snad oba - DAKARMANIA.cz","isPartOf":{"@id":"https:\/\/www.dakarmania.cz\/#website"},"primaryImageOfPage":{"@id":"https:\/\/www.dakarmania.cz\/index.php\/2019\/03\/28\/mrg-novy-cesky-jezdec-nebo-pedrero-snad-oba\/#primaryimage"},"image":{"@id":"https:\/\/www.dakarmania.cz\/index.php\/2019\/03\/28\/mrg-novy-cesky-jezdec-nebo-pedrero-snad-oba\/#primaryimage"},"thumbnailUrl":"https:\/\/www.dakarmania.cz\/wp-content\/uploads\/2019\/03\/19-dakar-mrg-20.jpg","datePublished":"2019-03-28T14:32:49+00:00","dateModified":"2023-07-15T06:26:33+00:00","description":"Mana\u017eer t\u00fdmu Moto Racing Group Erv\u00edn Kraj\u010dovi\u010d v posledn\u00edch t\u00fddnech nev\u00ed, jak\u00fd hovor nebo mail m\u00e1 vy\u0159izovat d\u0159\u00edv. Ale jsou to vesm\u011bs p\u0159\u00edjemn\u00e9 starosti.","breadcrumb":{"@id":"https:\/\/www.dakarmania.cz\/index.php\/2019\/03\/28\/mrg-novy-cesky-jezdec-nebo-pedrero-snad-oba\/#breadcrumb"},"inLanguage":"cs","potentialAction":[{"@type":"ReadAction","target":["https:\/\/www.dakarmania.cz\/index.php\/2019\/03\/28\/mrg-novy-cesky-jezdec-nebo-pedrero-snad-oba\/"]}]},{"@type":"ImageObject","inLanguage":"cs","@id":"https:\/\/www.dakarmania.cz\/index.php\/2019\/03\/28\/mrg-novy-cesky-jezdec-nebo-pedrero-snad-oba\/#primaryimage","url":"https:\/\/www.dakarmania.cz\/wp-content\/uploads\/2019\/03\/19-dakar-mrg-20.jpg","contentUrl":"https:\/\/www.dakarmania.cz\/wp-content\/uploads\/2019\/03\/19-dakar-mrg-20.jpg","width":2048,"height":1365,"caption":"Moto Racing Group. Rally Dakar 2019. \u00a9 MRG"},{"@type":"BreadcrumbList","@id":"https:\/\/www.dakarmania.cz\/index.php\/2019\/03\/28\/mrg-novy-cesky-jezdec-nebo-pedrero-snad-oba\/#breadcrumb","itemListElement":[{"@type":"ListItem","position":1,"name":"Dom\u016f","item":"https:\/\/www.dakarmania.cz\/"},{"@type":"ListItem","position":2,"name":"MRG: Nov\u00fd \u010desk\u00fd jezdec, nebo Pedrero? Snad oba"}]},{"@type":"WebSite","@id":"https:\/\/www.dakarmania.cz\/#website","url":"https:\/\/www.dakarmania.cz\/","name":"DAKARMANIA.cz","description":"\u017dijeme Dakarem cel\u00fd rok","publisher":{"@id":"https:\/\/www.dakarmania.cz\/#organization"},"potentialAction":[{"@type":"SearchAction","target":{"@type":"EntryPoint","urlTemplate":"https:\/\/www.dakarmania.cz\/?s={search_term_string}"},"query-input":{"@type":"PropertyValueSpecification","valueRequired":true,"valueName":"search_term_string"}}],"inLanguage":"cs"},{"@type":"Organization","@id":"https:\/\/www.dakarmania.cz\/#organization","name":"DAKAR MANIA","url":"https:\/\/www.dakarmania.cz\/","logo":{"@type":"ImageObject","inLanguage":"cs","@id":"https:\/\/www.dakarmania.cz\/#\/schema\/logo\/image\/","url":"https:\/\/www.dakarmania.cz\/wp-content\/uploads\/2018\/12\/Dakar-Mania-Logo-Square-Orange.png","contentUrl":"https:\/\/www.dakarmania.cz\/wp-content\/uploads\/2018\/12\/Dakar-Mania-Logo-Square-Orange.png","width":992,"height":992,"caption":"DAKAR MANIA"},"image":{"@id":"https:\/\/www.dakarmania.cz\/#\/schema\/logo\/image\/"},"sameAs":["https:\/\/www.facebook.com\/dakarmania\/"]},{"@type":"Person","@id":"https:\/\/www.dakarmania.cz\/#\/schema\/person\/04eb0e87a389631c2169c0dddae7ff1e","name":"Zden\u011bk Zelenka","image":{"@type":"ImageObject","inLanguage":"cs","@id":"https:\/\/www.dakarmania.cz\/#\/schema\/person\/image\/","url":"https:\/\/secure.gravatar.com\/avatar\/2c80d5a4942fe0900b73cc7d3837a509d6ee0a276a2b76dac95c92bd0763a89b?s=96&d=mm&r=g","contentUrl":"https:\/\/secure.gravatar.com\/avatar\/2c80d5a4942fe0900b73cc7d3837a509d6ee0a276a2b76dac95c92bd0763a89b?s=96&d=mm&r=g","caption":"Zden\u011bk Zelenka"},"description":"Moji d\u011bt\u0161t\u00ed hrdinov\u00e9 se jmenovali Loprais, Moskal, Neveu, Vatanen, Rahier... A tihle borci, jejich n\u00e1sledovn\u00edci a jejich p\u0159\u00edb\u011bhy m\u011b nep\u0159estali fascinovat ani po letech, kdy jsem vyrostl a zam\u011bstn\u00e1valy m\u011b jin\u00e9 discipl\u00edny motorsportu. Proto se zrodila DAKARMANIA.","url":"https:\/\/www.dakarmania.cz\/index.php\/author\/dakarmania\/"}]}},"amp_enabled":true,"_links":{"self":[{"href":"https:\/\/www.dakarmania.cz\/index.php\/wp-json\/wp\/v2\/posts\/4738","targetHints":{"allow":["GET"]}}],"collection":[{"href":"https:\/\/www.dakarmania.cz\/index.php\/wp-json\/wp\/v2\/posts"}],"about":[{"href":"https:\/\/www.dakarmania.cz\/index.php\/wp-json\/wp\/v2\/types\/post"}],"author":[{"embeddable":true,"href":"https:\/\/www.dakarmania.cz\/index.php\/wp-json\/wp\/v2\/users\/1"}],"replies":[{"embeddable":true,"href":"https:\/\/www.dakarmania.cz\/index.php\/wp-json\/wp\/v2\/comments?post=4738"}],"version-history":[{"count":2,"href":"https:\/\/www.dakarmania.cz\/index.php\/wp-json\/wp\/v2\/posts\/4738\/revisions"}],"predecessor-version":[{"id":27725,"href":"https:\/\/www.dakarmania.cz\/index.php\/wp-json\/wp\/v2\/posts\/4738\/revisions\/27725"}],"wp:featuredmedia":[{"embeddable":true,"href":"https:\/\/www.dakarmania.cz\/index.php\/wp-json\/wp\/v2\/media\/4734"}],"wp:attachment":[{"href":"https:\/\/www.dakarmania.cz\/index.php\/wp-json\/wp\/v2\/media?parent=4738"}],"wp:term":[{"taxonomy":"category","embeddable":true,"href":"https:\/\/www.dakarmania.cz\/index.php\/wp-json\/wp\/v2\/categories?post=4738"},{"taxonomy":"post_tag","embeddable":true,"href":"https:\/\/www.dakarmania.cz\/index.php\/wp-json\/wp\/v2\/tags?post=4738"}],"curies":[{"name":"wp","href":"https:\/\/api.w.org\/{rel}","templated":true}]}}