{"id":4747,"date":"2019-03-31T15:41:49","date_gmt":"2019-03-31T13:41:49","guid":{"rendered":"https:\/\/www.dakarmania.cz\/?p=4747"},"modified":"2019-12-12T12:15:54","modified_gmt":"2019-12-12T11:15:54","slug":"abu-dhabi-nejlepe-zacal-despres","status":"publish","type":"post","link":"https:\/\/www.dakarmania.cz\/index.php\/2019\/03\/31\/abu-dhabi-nejlepe-zacal-despres\/","title":{"rendered":"Abu Dhabi: V p\u00edse\u010dn\u00e9 bou\u0159i za\u010dal nejl\u00e9pe Despres. Prokop v kontaktu"},"content":{"rendered":"<p>[vc_row][vc_column][vc_column_text]<\/p>\n<h3>Cyril Despres s navig\u00e1torem Danielem Oliverasem a vozem Mini JCW Buggy vyhr\u00e1li mimo\u0159\u00e1dn\u011b n\u00e1ro\u010dnou \u00favodn\u00ed etapu Abu Dhabi Desert Challenge 2019. Pr\u016fb\u011bh rychlostn\u00ed zkou\u0161ky dlouh\u00e9 262 kilometr\u016f poznamenal siln\u00fd v\u00edtr a p\u00edse\u010dn\u00e1 bou\u0159e, kter\u00e1 omezila viditelnost v n\u00e1ro\u010dn\u00fdch dun\u00e1ch.<\/h3>\n<p>[\/vc_column_text][vc_single_image image=&#8221;4772&#8243; img_size=&#8221;large&#8221; add_caption=&#8221;yes&#8221; alignment=&#8221;center&#8221;][vc_column_text]P\u011btin\u00e1sobn\u00fd v\u00edt\u011bz sout\u011b\u017ee v kategorii motocykl\u016f <a href=\"\/index.php\/osobnosti\/despres-cyril\/\">Cyril Despres<\/a> se za volantem automobilu na <a href=\"https:\/\/www.dakarmania.cz\/index.php\/sampionaty\/svetovy-pohar-fia-v-cross-country-rally-2019\/addc-2019\/\">Abu Dhabi Desert Challenge<\/a> (ADDC) poprv\u00e9 p\u0159edstavil loni a s buggy Ford obsadil \u010dtvrt\u00e9 m\u00edsto. \u017de mu pou\u0161\u0165 Liwa sv\u011bd\u010d\u00ed, potvrdily i ned\u011bln\u00ed v\u00fdsledky. P\u0159esto\u017ee s navig\u00e1torem <a href=\"\/index.php\/osobnosti\/daniel-oliveras\/\">Danielem Oliverasem<\/a> startuje Francouz poprv\u00e9, dok\u00e1zali se oba b\u00fdval\u00ed motocyklist\u00e9 rychle sehr\u00e1t a po prvn\u00ed z p\u011bti etap vedou v pr\u016fb\u011b\u017en\u00e9m hodnocen\u00ed kategorie automobil\u016f.<\/p>\n<p><em>\u201eU\u017e d\u00e1vno jsem nestartoval do rychlostn\u00ed zkou\u0161ky za bou\u0159e a tak siln\u00e9ho v\u011btru, jako byl dnes tady. Nebylo snadn\u00e9 rozpoznat vrcholky dun. Bylo to n\u00e1ro\u010dn\u00e9,\u201c<\/em> popisoval v bivaku <strong>Cyril Despres<\/strong>. <em>\u201ePoprv\u00e9 jsem jel s Danielem a zat\u00edm se pozn\u00e1v\u00e1me. Nav\u00edc nejsem \u00fapln\u011b zvykl\u00fd na pou\u0161\u0165, jak\u00e1 je tady v Abu Dhabi. Po\u0159\u00e1d se u\u010d\u00edm, abych ji dok\u00e1zal \u010d\u00edst je\u0161t\u011b l\u00e9pe.\u201c<\/em>[\/vc_column_text][vc_single_image image=&#8221;4750&#8243; img_size=&#8221;large&#8221; add_caption=&#8221;yes&#8221; alignment=&#8221;center&#8221;][vc_column_text]Dob\u0159e do sout\u011b\u017ee vstoupili tak\u00e9 Nizozemec <a href=\"\/index.php\/osobnosti\/bernhard-ten-brinke\/\">Bernhard ten Brinke<\/a> s belgick\u00fdm navig\u00e1torem <a href=\"\/index.php\/osobnosti\/tom-colsoul\/\">Tomem Colsoulem<\/a>.<\/p>\n<p><em>\u201eDnes to byl dobr\u00fd den,\u201c<\/em> pochvaloval si <strong>Bernhard ten Brinke<\/strong>. <em>\u201eStartovali jsme jako \u010dtvrt\u00ed, tak\u017ee jsme mohli sledovat stopy. Po skoku z jedn\u00e9 duny jsme zni\u010dili pneumatiku a ztratili jsme t\u0159i nebo \u010dty\u0159i minuty hled\u00e1n\u00edm m\u00edsta, kde bychom ji mohli bezpe\u010dn\u011b vym\u011bnit.\u201c<\/em><\/p>\n<p>Tov\u00e1rn\u00ed pos\u00e1dce Toyoty pat\u0159\u00ed druh\u00e9 m\u00edsto s t\u00e9m\u011b\u0159 dvouminutov\u00fdm n\u00e1skokem p\u0159ed <a href=\"\/index.php\/osobnosti\/stephane-peterhansel\/\">St\u00e9phanem<\/a> a <a href=\"\/index.php\/osobnosti\/peterhansel-andrea\/\">Andreou<\/a> Peterhanselov\u00fdmi (Mini JCW Rally), kte\u0159\u00ed poprv\u00e9 startuj\u00ed spole\u010dn\u011b ve voze elitn\u00ed kategorie T1. Peterhansel vyhr\u00e1l ADDC jednou na motocyklu a p\u011btkr\u00e1t za volantem automobilu, letos se v\u0161ak do Abu Dhabi vr\u00e1til po osmilet\u00e9 p\u0159est\u00e1vce.<\/p>\n<p>Je\u0161t\u011b den p\u0159ed sout\u011b\u017e\u00ed nebylo jist\u00e9, \u017ee Francouz skute\u010dn\u011b odstartuje s man\u017eelkou na postu navig\u00e1torky. Andree Peterhansel se toti\u017e p\u0159i j\u00edzd\u011b v dun\u00e1ch v rychl\u00e9m offroadov\u00e9m speci\u00e1lu opakovan\u011b d\u011bl\u00e1 \u0161patn\u011b.<\/p>\n<p>V c\u00edli rychlostn\u00ed zkou\u0161ky v\u0161ak <strong>St\u00e9phane Peterhansel<\/strong> hl\u00e1sil: <em>\u201eBylo to dobr\u00e9. \u017d\u00e1dn\u00e9 probl\u00e9my s autem a rodinn\u00fd t\u00fdm si vedl tak\u00e9 dob\u0159e. \u017d\u00e1dn\u00e9 probl\u00e9my nebyly ani s nevolnost\u00ed.\u201c<\/em>[\/vc_column_text][vc_single_image image=&#8221;4762&#8243; img_size=&#8221;large&#8221; add_caption=&#8221;yes&#8221; alignment=&#8221;center&#8221;][vc_column_text]<\/p>\n<h4>Vy\u010derpan\u00fd Prokop op\u011bt pom\u00e1hal<\/h4>\n<p>S odstupem necel\u00fdch jeden\u00e1cti minut dorazili do c\u00edle <a href=\"https:\/\/www.dakarmania.cz\/index.php\/osobnosti\/martin-prokop\/\">Martin Prokop<\/a> s <a href=\"https:\/\/www.dakarmania.cz\/index.php\/osobnosti\/viktor-chytka\/\">Viktorem Chytkou<\/a> (Ford). Prokop v Abu Dhabi obhajuje lo\u0148sk\u00e9 v\u00edt\u011bzstv\u00ed a se zaskakuj\u00edc\u00edm navig\u00e1torem se po prvn\u00edm dni dr\u017e\u00ed v kontaktu s absolutn\u00ed \u0161pi\u010dkou.<\/p>\n<p><em>\u201eNebylo to nic lehk\u00e9ho. Naopak to byl nejhor\u0161\u00ed za\u010d\u00e1tek, jak\u00fd jsem si mohl p\u0159edstavit,\u201c<\/em> popsal po dojezdu do c\u00edle <strong>Martin Prokop<\/strong>. <em>\u201eAsi p\u011bt kilometr\u016f po startu jsem m\u011bl probl\u00e9my s d\u00fdch\u00e1n\u00edm, proto\u017ee beru antibiotika. M\u00e1m n\u011bjak\u00fd probl\u00e9m s pl\u00edcemi. Zahlenil jsem se, za\u010dal jsem zvracet a museli jsme zastavit. Pak jsem byl bohu\u017eel vy\u010derpan\u00fd. A dnes to nebylo nic jednoduch\u00e9ho. Bylo hrozn\u00e9 vedro, kolem 40 stup\u0148\u016f, auto se p\u0159eh\u0159\u00edvalo a fyzicky jsem na tom byl fakt blb\u011b. Jsem r\u00e1d, \u017ee jsme tady, ale mus\u00edm za doktorem a douf\u00e1m, \u017ee budu moct jet d\u00e1l.\u201c<\/em>[\/vc_column_text][vc_single_image image=&#8221;4756&#8243; img_size=&#8221;large&#8221; add_caption=&#8221;yes&#8221; alignment=&#8221;center&#8221;][vc_column_text]\u010cesk\u00e1 dvojice byla o \u010dty\u0159i minuty rychlej\u0161\u00ed ne\u017e <a href=\"\/index.php\/osobnosti\/kuba-przygonski\/\">Kuba Przygo\u0144ski<\/a> s dal\u0161\u00ed buggy Mini. Obh\u00e1jce celkov\u00e9ho v\u00edt\u011bzstv\u00ed ve sv\u011btov\u00e9m poh\u00e1ru v cross-country rally zat\u00edm figuruje na p\u00e1t\u00e9 pozici. I d\u00edky pomoci Martina Prokopa.<\/p>\n<p><em>\u201eKubovi praskla poloosa, tak\u017ee jsme ho \u0161est kilometr\u016f p\u0159ed c\u00edlem vzali na lano. Jeho t\u00fdmov\u00ed kolegov\u00e9 se na n\u011bj vyprdli, tak\u017ee dal\u0161\u00ed dobr\u00fd skutek. Ale takhle u\u017e to d\u00e1l j\u00edt nem\u016f\u017ee. Nem\u016f\u017eu tady v\u0161em pom\u00e1hat a oni se pak na m\u011b vyprdnou,\u201c<\/em> dodal vy\u010derpan\u00fd <strong>Prokop<\/strong> s alespo\u0148 decentn\u00edm \u00fasm\u011bvem.<\/p>\n<p>Jen 22 sekund na Przygo\u0144sk\u00e9ho ztr\u00e1c\u00ed pr\u016fb\u011b\u017en\u011b \u0161est\u00fd <a href=\"\/index.php\/osobnosti\/khalid-al-qassimi\/\">Khalid Al Qassimi<\/a> s Peugeotem.<\/p>\n<p>Za sedm\u00fdm Pol\u00e1kem Dom\u017ca\u0142ou (Toyota) se ve v\u00fdsledc\u00edch \u00favodn\u00edho dne se\u0159adili dva nejlep\u0161\u00ed piloti kategorie T3 (SxS), Ameri\u010dan Casey Currie a Brazilec <a href=\"\/index.php\/osobnosti\/reinaldo-varela\/\">Reinaldo Varela<\/a> (oba Can-Am).[\/vc_column_text][vc_cta h2=&#8221;&#8221; txt_align=&#8221;center&#8221; shape=&#8221;square&#8221; color=&#8221;grey&#8221; el_width=&#8221;xl&#8221; css=&#8221;.vc_custom_1576148959900{border-top-width: 1px !important;border-right-width: 1px !important;border-bottom-width: 1px !important;border-left-width: 1px !important;border-left-color: #f49b00 !important;border-right-color: #f49b00 !important;border-top-color: #f49b00 !important;border-bottom-color: #f49b00 !important;}&#8221;]<\/p>\n<h2 style=\"text-align: center;\"><a href=\"https:\/\/www.dakarmania.cz\/index.php\/sampionaty\/svetovy-pohar-fia-v-cross-country-rally-2019\/addc-2019\/\"><strong>Abu Dhabi Desert Challenge podrobn\u011b<\/strong><\/a><\/h2>\n<p style=\"text-align: center;\"><a href=\"https:\/\/www.dakarmania.cz\/index.php\/sampionaty\/svetovy-pohar-fia-v-cross-country-rally-2019\/addc-2019\/\">&gt;&gt; info, dokumenty, zaj\u00edmavosti, historie<\/a><\/p>\n<p>[\/vc_cta][vc_column_text]S des\u00e1t\u00fdm m\u00edstem po prvn\u00ed etap\u011b ur\u010dit\u011b nen\u00ed spokojen\u00fd dvojn\u00e1sobn\u00fd v\u00edt\u011bz ADDC <a href=\"\/index.php\/osobnosti\/vladimir-vasiljev\/\">Vladimir Vasiljev<\/a> (BMW). Nicm\u00e9n\u011b po\u0159\u00e1d je na tom o n\u011bco l\u00e9pe ne\u017e <a href=\"https:\/\/www.dakarmania.cz\/index.php\/osobnosti\/miroslav-zapletal\/\">Miroslav Zapletal<\/a> s <a href=\"https:\/\/www.dakarmania.cz\/index.php\/osobnosti\/marek-sykora\/\">Markem S\u00fdkorou<\/a> (Ford), kte\u0159\u00ed se pot\u00fdkali s pneumatikami. Nejprve m\u011bnili jedno kolo, kdy\u017e po doskoku z duny zuli gumu z disku. Pozd\u011bji se situace opakovala, ov\u0161em tentokr\u00e1t byla pr\u00e1zdn\u00e1 rovnou dv\u011b kola. Proto\u017ee si s sebou dvojice t\u00fdmu Offroadsport r\u00e1no vzala jen dv\u011b n\u00e1hradn\u00ed kola, musela opravovat. \u010cesko-slovensk\u00e1 pos\u00e1dka se s tud\u00ed\u017e s n\u00e1strahami prvn\u00ed etapy pot\u00fdkala t\u00e9m\u011b\u0159 o 42 minut d\u00e9le ne\u017e v\u00edt\u011bzn\u00fd Despres a je zat\u00edm dvan\u00e1ct\u00e1.<\/p>\n<p>Druh\u00fd mu\u017e pr\u016fb\u011b\u017en\u00e9ho hodnocen\u00ed sv\u011btov\u00e9ho poh\u00e1ru <a href=\"https:\/\/www.dakarmania.cz\/index.php\/osobnosti\/yazeed-al-rajhi\/\">Yazeed Al-Rajhi<\/a>\u00a0(Toyota) vedouc\u00edho, ale v Abu Dhabi absentuj\u00edc\u00edho <a href=\"https:\/\/www.dakarmania.cz\/index.php\/osobnosti\/nasser-al-attiyah\/\">Nassera Al-Attiyaha<\/a> neohroz\u00ed. Jezdec ze Sa\u00fadsk\u00e9 Ar\u00e1bie dne\u0161n\u00ed etapu nedokon\u010dil. V sout\u011b\u017ei sice m\u016f\u017ee pokra\u010dovat, ov\u0161em s penalizac\u00ed 100 hodin, kter\u00e1 jej pochopiteln\u011b vy\u0159azuje z boje o nejvy\u0161\u0161\u00ed p\u0159\u00ed\u010dky.<\/p>\n<p>Abu Dhabi Desert Challenge pokra\u010duje v pond\u011bl\u00ed 1. dubna druhou etapou, jej\u00ed\u017e rychlostn\u00ed zkou\u0161ka m\u011b\u0159\u00ed 223 kilometr\u016f. Op\u011bt se bude z\u00e1vodit na soln\u00fdch pl\u00e1n\u00edch a v dun\u00e1ch pou\u0161t\u011b Liwa.[\/vc_column_text][vc_column_text]<\/p>\n<table style=\"width: 97.7654%;\" rules=\"rows\" cellpadding=\"4px\">\n<tbody>\n<tr style=\"background-color: #9e9d9d; color: white;\">\n<td style=\"text-align: center;\" colspan=\"4\"><span style=\"font-size: 10pt;\"><strong>Abu Dhabi Desert Challenge 2019<br \/>\nAUTOMOBILY<br \/>\npr\u016fb\u011b\u017en\u00e9 po\u0159ad\u00ed po 1. etap\u011b<\/strong><\/span><\/td>\n<\/tr>\n<tr style=\"background-color: #dbd9d9;\">\n<td>1.<\/td>\n<td>Despres \/ Oliveras<\/td>\n<td>Mini JCW Buggy<\/td>\n<td style=\"text-align: right;\">3:39:15<\/td>\n<\/tr>\n<tr style=\"background-color: #f2f2f2;\">\n<td>2.<\/td>\n<td>Ten Brinke \/ Colsoul<\/td>\n<td>Toyota Hilux<\/td>\n<td style=\"text-align: right;\">+5:45<\/td>\n<\/tr>\n<tr style=\"background-color: #dbd9d9;\">\n<td>3.<\/td>\n<td>Peterhansel \/ Peterhansel<\/td>\n<td>Mini JCW Rally<\/td>\n<td style=\"text-align: right;\">+7:43<\/td>\n<\/tr>\n<tr style=\"background-color: #f2f2f2;\">\n<td>4.<\/td>\n<td>Prokop \/ Chytka<\/td>\n<td>Ford F-150 Evo<\/td>\n<td style=\"text-align: right;\">+10:46<\/td>\n<\/tr>\n<tr style=\"background-color: #dbd9d9;\">\n<td>5.<\/td>\n<td>Przygo\u0144ski \/ Gottschalk<\/td>\n<td>Mini JCW Buggy<\/td>\n<td style=\"text-align: right;\">+14:47<\/td>\n<\/tr>\n<tr style=\"background-color: #f2f2f2;\">\n<td>6.<\/td>\n<td>Al Qassimi \/ Panseri<\/td>\n<td>Peugeot 3008 DKR<\/td>\n<td style=\"text-align: right;\">+15:09<\/td>\n<\/tr>\n<tr style=\"background-color: #dbd9d9;\">\n<td>7.<\/td>\n<td>Dom\u017ca\u0142a \/ Marton<\/td>\n<td>Toyota Hilux<\/td>\n<td style=\"text-align: right;\">+17:55<\/td>\n<\/tr>\n<tr style=\"background-color: #f2f2f2;\">\n<td>8.<\/td>\n<td>Currie \/ Lichtleuchter<\/td>\n<td>Can-Am Maverick X3<\/td>\n<td style=\"text-align: right;\">+25:20<\/td>\n<\/tr>\n<tr style=\"background-color: #dbd9d9;\">\n<td>9.<\/td>\n<td>Varela \/ Gugelmin<\/td>\n<td>Can-Am Maverick X3<\/td>\n<td style=\"text-align: right;\">+26:28<\/td>\n<\/tr>\n<tr style=\"background-color: #f2f2f2;\">\n<td>10.<\/td>\n<td>Vasiljev \/ \u017dilcov<\/td>\n<td>BMW X3<\/td>\n<td style=\"text-align: right;\">+29:53<\/td>\n<\/tr>\n<tr style=\"background-color: #dbd9d9;\">\n<td>12.<\/td>\n<td>Zapletal \/ S\u00fdkora<\/td>\n<td>Ford F-150 Evo<\/td>\n<td style=\"text-align: right;\">+41:56<\/td>\n<\/tr>\n<\/tbody>\n<\/table>\n<p>[\/vc_column_text][\/vc_column][\/vc_row]<\/p>\n","protected":false},"excerpt":{"rendered":"<p>Cyril Despres s navig\u00e1torem Danielem Oliverasem a vozem Mini JCW Buggy vyhr\u00e1li mimo\u0159\u00e1dn\u011b n\u00e1ro\u010dnou \u00favodn\u00ed etapu Abu Dhabi Desert Challenge 2019.<\/p>\n","protected":false},"author":1,"featured_media":4772,"comment_status":"open","ping_status":"closed","sticky":false,"template":"","format":"standard","meta":{"footnotes":""},"categories":[520,3,97],"tags":[425,521,522,654,231,666,289,311,95,777,233,776,11,444,288,261,5,219,303,4,304,291,326,210,205,105,413,217,290,287,201,202,657,305,220],"class_list":["post-4747","post","type-post","status-publish","format-standard","has-post-thumbnail","hentry","category-abu-dhabi-desert-challenge","category-auto","category-fia-ccr","tag-425","tag-addc","tag-addc-2019","tag-andrea-mayer","tag-andrea-peterhansel","tag-aron-domzala","tag-bernhard-ten-brinke","tag-bmw","tag-can-am","tag-casey-currie","tag-cyril-despres","tag-daniel-oliveras","tag-ford","tag-khalid-al-qassimi","tag-kuba-przygonski","tag-marek-sykora","tag-martin-prokop","tag-mini","tag-miroslav-zapletal","tag-mp-sports","tag-offroadsport","tag-orlen-team","tag-overdrive-racing","tag-peugeot","tag-reinaldo-varela","tag-sp-fia-ccr","tag-sp-fia-ccr-2019","tag-stephane-peterhansel","tag-timo-gottschalk","tag-tom-colsoul","tag-toyota","tag-toyota-gazoo-racing","tag-viktor-chytka","tag-vladimir-vasiljev","tag-x-raid"],"yoast_head":"<!-- This site is optimized with the Yoast SEO plugin v24.9 - https:\/\/yoast.com\/wordpress\/plugins\/seo\/ -->\n<title>Abu Dhabi: V p\u00edse\u010dn\u00e9 bou\u0159i za\u010dal nejl\u00e9pe Despres. Prokop v kontaktu - DAKARMANIA.cz<\/title>\n<meta name=\"description\" content=\"Cyril Despres s navig\u00e1torem Danielem Oliverasem a vozem Mini JCW Buggy vyhr\u00e1li mimo\u0159\u00e1dn\u011b n\u00e1ro\u010dnou \u00favodn\u00ed etapu Abu Dhabi Desert Challenge 2019.\" \/>\n<meta name=\"robots\" content=\"index, follow, max-snippet:-1, max-image-preview:large, max-video-preview:-1\" \/>\n<link rel=\"canonical\" href=\"https:\/\/www.dakarmania.cz\/index.php\/2019\/03\/31\/abu-dhabi-nejlepe-zacal-despres\/\" \/>\n<meta property=\"og:locale\" content=\"cs_CZ\" \/>\n<meta property=\"og:type\" content=\"article\" \/>\n<meta property=\"og:title\" content=\"Abu Dhabi: V p\u00edse\u010dn\u00e9 bou\u0159i za\u010dal nejl\u00e9pe Despres. Prokop v kontaktu - DAKARMANIA.cz\" \/>\n<meta property=\"og:description\" content=\"Cyril Despres s navig\u00e1torem Danielem Oliverasem a vozem Mini JCW Buggy vyhr\u00e1li mimo\u0159\u00e1dn\u011b n\u00e1ro\u010dnou \u00favodn\u00ed etapu Abu Dhabi Desert Challenge 2019.\" \/>\n<meta property=\"og:url\" content=\"https:\/\/www.dakarmania.cz\/index.php\/2019\/03\/31\/abu-dhabi-nejlepe-zacal-despres\/\" \/>\n<meta property=\"og:site_name\" content=\"DAKARMANIA.cz\" \/>\n<meta property=\"article:publisher\" content=\"https:\/\/www.facebook.com\/dakarmania\/\" \/>\n<meta property=\"article:published_time\" content=\"2019-03-31T13:41:49+00:00\" \/>\n<meta property=\"article:modified_time\" content=\"2019-12-12T11:15:54+00:00\" \/>\n<meta property=\"og:image\" content=\"https:\/\/www.dakarmania.cz\/wp-content\/uploads\/2019\/03\/19-addc-despres-02.jpg\" \/>\n\t<meta property=\"og:image:width\" content=\"2048\" \/>\n\t<meta property=\"og:image:height\" content=\"1365\" \/>\n\t<meta property=\"og:image:type\" content=\"image\/jpeg\" \/>\n<meta name=\"author\" content=\"Zden\u011bk Zelenka\" \/>\n<meta name=\"twitter:card\" content=\"summary_large_image\" \/>\n<meta name=\"twitter:label1\" content=\"Napsal(a)\" \/>\n\t<meta name=\"twitter:data1\" content=\"Zden\u011bk Zelenka\" \/>\n\t<meta name=\"twitter:label2\" content=\"Odhadovan\u00e1 doba \u010dten\u00ed\" \/>\n\t<meta name=\"twitter:data2\" content=\"6 minut\" \/>\n<script type=\"application\/ld+json\" class=\"yoast-schema-graph\">{\"@context\":\"https:\/\/schema.org\",\"@graph\":[{\"@type\":\"Article\",\"@id\":\"https:\/\/www.dakarmania.cz\/index.php\/2019\/03\/31\/abu-dhabi-nejlepe-zacal-despres\/#article\",\"isPartOf\":{\"@id\":\"https:\/\/www.dakarmania.cz\/index.php\/2019\/03\/31\/abu-dhabi-nejlepe-zacal-despres\/\"},\"author\":{\"name\":\"Zden\u011bk Zelenka\",\"@id\":\"https:\/\/www.dakarmania.cz\/#\/schema\/person\/04eb0e87a389631c2169c0dddae7ff1e\"},\"headline\":\"Abu Dhabi: V p\u00edse\u010dn\u00e9 bou\u0159i za\u010dal nejl\u00e9pe Despres. Prokop v kontaktu\",\"datePublished\":\"2019-03-31T13:41:49+00:00\",\"dateModified\":\"2019-12-12T11:15:54+00:00\",\"mainEntityOfPage\":{\"@id\":\"https:\/\/www.dakarmania.cz\/index.php\/2019\/03\/31\/abu-dhabi-nejlepe-zacal-despres\/\"},\"wordCount\":1223,\"commentCount\":0,\"publisher\":{\"@id\":\"https:\/\/www.dakarmania.cz\/#organization\"},\"image\":{\"@id\":\"https:\/\/www.dakarmania.cz\/index.php\/2019\/03\/31\/abu-dhabi-nejlepe-zacal-despres\/#primaryimage\"},\"thumbnailUrl\":\"https:\/\/www.dakarmania.cz\/wp-content\/uploads\/2019\/03\/19-addc-despres-02.jpg\",\"keywords\":[\"2019\",\"ADDC\",\"ADDC 2019\",\"Andrea Mayer\",\"Andrea Peterhansel\",\"Aron Dom\u017ca\u0142a\",\"Bernhard ten Brinke\",\"BMW\",\"Can-Am\",\"Casey Currie\",\"Cyril Despres\",\"Daniel Oliveras\",\"Ford\",\"Khalid Al Qassimi\",\"Kuba Przygo\u0144ski\",\"Marek S\u00fdkora\",\"Martin Prokop\",\"Mini\",\"Miroslav Zapletal\",\"MP-Sports\",\"Offroadsport\",\"Orlen Team\",\"Overdrive Racing\",\"Peugeot\",\"Reinaldo Varela\",\"SP FIA CCR\",\"SP FIA CCR 2019\",\"St\u00e9phane Peterhansel\",\"Timo Gottschalk\",\"Tom Colsoul\",\"Toyota\",\"Toyota Gazoo Racing\",\"Viktor Chytka\",\"Vladimir Vasiljev\",\"X-raid\"],\"articleSection\":[\"Abu Dhabi Desert Challenge\",\"Auto\",\"FIA SP CCR\"],\"inLanguage\":\"cs\",\"potentialAction\":[{\"@type\":\"CommentAction\",\"name\":\"Comment\",\"target\":[\"https:\/\/www.dakarmania.cz\/index.php\/2019\/03\/31\/abu-dhabi-nejlepe-zacal-despres\/#respond\"]}]},{\"@type\":\"WebPage\",\"@id\":\"https:\/\/www.dakarmania.cz\/index.php\/2019\/03\/31\/abu-dhabi-nejlepe-zacal-despres\/\",\"url\":\"https:\/\/www.dakarmania.cz\/index.php\/2019\/03\/31\/abu-dhabi-nejlepe-zacal-despres\/\",\"name\":\"Abu Dhabi: V p\u00edse\u010dn\u00e9 bou\u0159i za\u010dal nejl\u00e9pe Despres. Prokop v kontaktu - DAKARMANIA.cz\",\"isPartOf\":{\"@id\":\"https:\/\/www.dakarmania.cz\/#website\"},\"primaryImageOfPage\":{\"@id\":\"https:\/\/www.dakarmania.cz\/index.php\/2019\/03\/31\/abu-dhabi-nejlepe-zacal-despres\/#primaryimage\"},\"image\":{\"@id\":\"https:\/\/www.dakarmania.cz\/index.php\/2019\/03\/31\/abu-dhabi-nejlepe-zacal-despres\/#primaryimage\"},\"thumbnailUrl\":\"https:\/\/www.dakarmania.cz\/wp-content\/uploads\/2019\/03\/19-addc-despres-02.jpg\",\"datePublished\":\"2019-03-31T13:41:49+00:00\",\"dateModified\":\"2019-12-12T11:15:54+00:00\",\"description\":\"Cyril Despres s navig\u00e1torem Danielem Oliverasem a vozem Mini JCW Buggy vyhr\u00e1li mimo\u0159\u00e1dn\u011b n\u00e1ro\u010dnou \u00favodn\u00ed etapu Abu Dhabi Desert Challenge 2019.\",\"breadcrumb\":{\"@id\":\"https:\/\/www.dakarmania.cz\/index.php\/2019\/03\/31\/abu-dhabi-nejlepe-zacal-despres\/#breadcrumb\"},\"inLanguage\":\"cs\",\"potentialAction\":[{\"@type\":\"ReadAction\",\"target\":[\"https:\/\/www.dakarmania.cz\/index.php\/2019\/03\/31\/abu-dhabi-nejlepe-zacal-despres\/\"]}]},{\"@type\":\"ImageObject\",\"inLanguage\":\"cs\",\"@id\":\"https:\/\/www.dakarmania.cz\/index.php\/2019\/03\/31\/abu-dhabi-nejlepe-zacal-despres\/#primaryimage\",\"url\":\"https:\/\/www.dakarmania.cz\/wp-content\/uploads\/2019\/03\/19-addc-despres-02.jpg\",\"contentUrl\":\"https:\/\/www.dakarmania.cz\/wp-content\/uploads\/2019\/03\/19-addc-despres-02.jpg\",\"width\":2048,\"height\":1365,\"caption\":\"Cyril Despres \/ Daniel Oliveras, Mini JCW Buggy, X-raid Mini JCW Team. Abu Dhabi Desert Challenge 2019. \u00a9 X-raid\"},{\"@type\":\"BreadcrumbList\",\"@id\":\"https:\/\/www.dakarmania.cz\/index.php\/2019\/03\/31\/abu-dhabi-nejlepe-zacal-despres\/#breadcrumb\",\"itemListElement\":[{\"@type\":\"ListItem\",\"position\":1,\"name\":\"Dom\u016f\",\"item\":\"https:\/\/www.dakarmania.cz\/\"},{\"@type\":\"ListItem\",\"position\":2,\"name\":\"Abu Dhabi: V p\u00edse\u010dn\u00e9 bou\u0159i za\u010dal nejl\u00e9pe Despres. Prokop v kontaktu\"}]},{\"@type\":\"WebSite\",\"@id\":\"https:\/\/www.dakarmania.cz\/#website\",\"url\":\"https:\/\/www.dakarmania.cz\/\",\"name\":\"DAKARMANIA.cz\",\"description\":\"\u017dijeme Dakarem cel\u00fd rok\",\"publisher\":{\"@id\":\"https:\/\/www.dakarmania.cz\/#organization\"},\"potentialAction\":[{\"@type\":\"SearchAction\",\"target\":{\"@type\":\"EntryPoint\",\"urlTemplate\":\"https:\/\/www.dakarmania.cz\/?s={search_term_string}\"},\"query-input\":{\"@type\":\"PropertyValueSpecification\",\"valueRequired\":true,\"valueName\":\"search_term_string\"}}],\"inLanguage\":\"cs\"},{\"@type\":\"Organization\",\"@id\":\"https:\/\/www.dakarmania.cz\/#organization\",\"name\":\"DAKAR MANIA\",\"url\":\"https:\/\/www.dakarmania.cz\/\",\"logo\":{\"@type\":\"ImageObject\",\"inLanguage\":\"cs\",\"@id\":\"https:\/\/www.dakarmania.cz\/#\/schema\/logo\/image\/\",\"url\":\"https:\/\/www.dakarmania.cz\/wp-content\/uploads\/2018\/12\/Dakar-Mania-Logo-Square-Orange.png\",\"contentUrl\":\"https:\/\/www.dakarmania.cz\/wp-content\/uploads\/2018\/12\/Dakar-Mania-Logo-Square-Orange.png\",\"width\":992,\"height\":992,\"caption\":\"DAKAR MANIA\"},\"image\":{\"@id\":\"https:\/\/www.dakarmania.cz\/#\/schema\/logo\/image\/\"},\"sameAs\":[\"https:\/\/www.facebook.com\/dakarmania\/\"]},{\"@type\":\"Person\",\"@id\":\"https:\/\/www.dakarmania.cz\/#\/schema\/person\/04eb0e87a389631c2169c0dddae7ff1e\",\"name\":\"Zden\u011bk Zelenka\",\"image\":{\"@type\":\"ImageObject\",\"inLanguage\":\"cs\",\"@id\":\"https:\/\/www.dakarmania.cz\/#\/schema\/person\/image\/\",\"url\":\"https:\/\/secure.gravatar.com\/avatar\/2c80d5a4942fe0900b73cc7d3837a509d6ee0a276a2b76dac95c92bd0763a89b?s=96&d=mm&r=g\",\"contentUrl\":\"https:\/\/secure.gravatar.com\/avatar\/2c80d5a4942fe0900b73cc7d3837a509d6ee0a276a2b76dac95c92bd0763a89b?s=96&d=mm&r=g\",\"caption\":\"Zden\u011bk Zelenka\"},\"description\":\"Moji d\u011bt\u0161t\u00ed hrdinov\u00e9 se jmenovali Loprais, Moskal, Neveu, Vatanen, Rahier... A tihle borci, jejich n\u00e1sledovn\u00edci a jejich p\u0159\u00edb\u011bhy m\u011b nep\u0159estali fascinovat ani po letech, kdy jsem vyrostl a zam\u011bstn\u00e1valy m\u011b jin\u00e9 discipl\u00edny motorsportu. Proto se zrodila DAKARMANIA.\",\"url\":\"https:\/\/www.dakarmania.cz\/index.php\/author\/dakarmania\/\"}]}<\/script>\n<!-- \/ Yoast SEO plugin. -->","yoast_head_json":{"title":"Abu Dhabi: V p\u00edse\u010dn\u00e9 bou\u0159i za\u010dal nejl\u00e9pe Despres. Prokop v kontaktu - DAKARMANIA.cz","description":"Cyril Despres s navig\u00e1torem Danielem Oliverasem a vozem Mini JCW Buggy vyhr\u00e1li mimo\u0159\u00e1dn\u011b n\u00e1ro\u010dnou \u00favodn\u00ed etapu Abu Dhabi Desert Challenge 2019.","robots":{"index":"index","follow":"follow","max-snippet":"max-snippet:-1","max-image-preview":"max-image-preview:large","max-video-preview":"max-video-preview:-1"},"canonical":"https:\/\/www.dakarmania.cz\/index.php\/2019\/03\/31\/abu-dhabi-nejlepe-zacal-despres\/","og_locale":"cs_CZ","og_type":"article","og_title":"Abu Dhabi: V p\u00edse\u010dn\u00e9 bou\u0159i za\u010dal nejl\u00e9pe Despres. Prokop v kontaktu - DAKARMANIA.cz","og_description":"Cyril Despres s navig\u00e1torem Danielem Oliverasem a vozem Mini JCW Buggy vyhr\u00e1li mimo\u0159\u00e1dn\u011b n\u00e1ro\u010dnou \u00favodn\u00ed etapu Abu Dhabi Desert Challenge 2019.","og_url":"https:\/\/www.dakarmania.cz\/index.php\/2019\/03\/31\/abu-dhabi-nejlepe-zacal-despres\/","og_site_name":"DAKARMANIA.cz","article_publisher":"https:\/\/www.facebook.com\/dakarmania\/","article_published_time":"2019-03-31T13:41:49+00:00","article_modified_time":"2019-12-12T11:15:54+00:00","og_image":[{"width":2048,"height":1365,"url":"https:\/\/www.dakarmania.cz\/wp-content\/uploads\/2019\/03\/19-addc-despres-02.jpg","type":"image\/jpeg"}],"author":"Zden\u011bk Zelenka","twitter_card":"summary_large_image","twitter_misc":{"Napsal(a)":"Zden\u011bk Zelenka","Odhadovan\u00e1 doba \u010dten\u00ed":"6 minut"},"schema":{"@context":"https:\/\/schema.org","@graph":[{"@type":"Article","@id":"https:\/\/www.dakarmania.cz\/index.php\/2019\/03\/31\/abu-dhabi-nejlepe-zacal-despres\/#article","isPartOf":{"@id":"https:\/\/www.dakarmania.cz\/index.php\/2019\/03\/31\/abu-dhabi-nejlepe-zacal-despres\/"},"author":{"name":"Zden\u011bk Zelenka","@id":"https:\/\/www.dakarmania.cz\/#\/schema\/person\/04eb0e87a389631c2169c0dddae7ff1e"},"headline":"Abu Dhabi: V p\u00edse\u010dn\u00e9 bou\u0159i za\u010dal nejl\u00e9pe Despres. Prokop v kontaktu","datePublished":"2019-03-31T13:41:49+00:00","dateModified":"2019-12-12T11:15:54+00:00","mainEntityOfPage":{"@id":"https:\/\/www.dakarmania.cz\/index.php\/2019\/03\/31\/abu-dhabi-nejlepe-zacal-despres\/"},"wordCount":1223,"commentCount":0,"publisher":{"@id":"https:\/\/www.dakarmania.cz\/#organization"},"image":{"@id":"https:\/\/www.dakarmania.cz\/index.php\/2019\/03\/31\/abu-dhabi-nejlepe-zacal-despres\/#primaryimage"},"thumbnailUrl":"https:\/\/www.dakarmania.cz\/wp-content\/uploads\/2019\/03\/19-addc-despres-02.jpg","keywords":["2019","ADDC","ADDC 2019","Andrea Mayer","Andrea Peterhansel","Aron Dom\u017ca\u0142a","Bernhard ten Brinke","BMW","Can-Am","Casey Currie","Cyril Despres","Daniel Oliveras","Ford","Khalid Al Qassimi","Kuba Przygo\u0144ski","Marek S\u00fdkora","Martin Prokop","Mini","Miroslav Zapletal","MP-Sports","Offroadsport","Orlen Team","Overdrive Racing","Peugeot","Reinaldo Varela","SP FIA CCR","SP FIA CCR 2019","St\u00e9phane Peterhansel","Timo Gottschalk","Tom Colsoul","Toyota","Toyota Gazoo Racing","Viktor Chytka","Vladimir Vasiljev","X-raid"],"articleSection":["Abu Dhabi Desert Challenge","Auto","FIA SP CCR"],"inLanguage":"cs","potentialAction":[{"@type":"CommentAction","name":"Comment","target":["https:\/\/www.dakarmania.cz\/index.php\/2019\/03\/31\/abu-dhabi-nejlepe-zacal-despres\/#respond"]}]},{"@type":"WebPage","@id":"https:\/\/www.dakarmania.cz\/index.php\/2019\/03\/31\/abu-dhabi-nejlepe-zacal-despres\/","url":"https:\/\/www.dakarmania.cz\/index.php\/2019\/03\/31\/abu-dhabi-nejlepe-zacal-despres\/","name":"Abu Dhabi: V p\u00edse\u010dn\u00e9 bou\u0159i za\u010dal nejl\u00e9pe Despres. Prokop v kontaktu - DAKARMANIA.cz","isPartOf":{"@id":"https:\/\/www.dakarmania.cz\/#website"},"primaryImageOfPage":{"@id":"https:\/\/www.dakarmania.cz\/index.php\/2019\/03\/31\/abu-dhabi-nejlepe-zacal-despres\/#primaryimage"},"image":{"@id":"https:\/\/www.dakarmania.cz\/index.php\/2019\/03\/31\/abu-dhabi-nejlepe-zacal-despres\/#primaryimage"},"thumbnailUrl":"https:\/\/www.dakarmania.cz\/wp-content\/uploads\/2019\/03\/19-addc-despres-02.jpg","datePublished":"2019-03-31T13:41:49+00:00","dateModified":"2019-12-12T11:15:54+00:00","description":"Cyril Despres s navig\u00e1torem Danielem Oliverasem a vozem Mini JCW Buggy vyhr\u00e1li mimo\u0159\u00e1dn\u011b n\u00e1ro\u010dnou \u00favodn\u00ed etapu Abu Dhabi Desert Challenge 2019.","breadcrumb":{"@id":"https:\/\/www.dakarmania.cz\/index.php\/2019\/03\/31\/abu-dhabi-nejlepe-zacal-despres\/#breadcrumb"},"inLanguage":"cs","potentialAction":[{"@type":"ReadAction","target":["https:\/\/www.dakarmania.cz\/index.php\/2019\/03\/31\/abu-dhabi-nejlepe-zacal-despres\/"]}]},{"@type":"ImageObject","inLanguage":"cs","@id":"https:\/\/www.dakarmania.cz\/index.php\/2019\/03\/31\/abu-dhabi-nejlepe-zacal-despres\/#primaryimage","url":"https:\/\/www.dakarmania.cz\/wp-content\/uploads\/2019\/03\/19-addc-despres-02.jpg","contentUrl":"https:\/\/www.dakarmania.cz\/wp-content\/uploads\/2019\/03\/19-addc-despres-02.jpg","width":2048,"height":1365,"caption":"Cyril Despres \/ Daniel Oliveras, Mini JCW Buggy, X-raid Mini JCW Team. Abu Dhabi Desert Challenge 2019. \u00a9 X-raid"},{"@type":"BreadcrumbList","@id":"https:\/\/www.dakarmania.cz\/index.php\/2019\/03\/31\/abu-dhabi-nejlepe-zacal-despres\/#breadcrumb","itemListElement":[{"@type":"ListItem","position":1,"name":"Dom\u016f","item":"https:\/\/www.dakarmania.cz\/"},{"@type":"ListItem","position":2,"name":"Abu Dhabi: V p\u00edse\u010dn\u00e9 bou\u0159i za\u010dal nejl\u00e9pe Despres. Prokop v kontaktu"}]},{"@type":"WebSite","@id":"https:\/\/www.dakarmania.cz\/#website","url":"https:\/\/www.dakarmania.cz\/","name":"DAKARMANIA.cz","description":"\u017dijeme Dakarem cel\u00fd rok","publisher":{"@id":"https:\/\/www.dakarmania.cz\/#organization"},"potentialAction":[{"@type":"SearchAction","target":{"@type":"EntryPoint","urlTemplate":"https:\/\/www.dakarmania.cz\/?s={search_term_string}"},"query-input":{"@type":"PropertyValueSpecification","valueRequired":true,"valueName":"search_term_string"}}],"inLanguage":"cs"},{"@type":"Organization","@id":"https:\/\/www.dakarmania.cz\/#organization","name":"DAKAR MANIA","url":"https:\/\/www.dakarmania.cz\/","logo":{"@type":"ImageObject","inLanguage":"cs","@id":"https:\/\/www.dakarmania.cz\/#\/schema\/logo\/image\/","url":"https:\/\/www.dakarmania.cz\/wp-content\/uploads\/2018\/12\/Dakar-Mania-Logo-Square-Orange.png","contentUrl":"https:\/\/www.dakarmania.cz\/wp-content\/uploads\/2018\/12\/Dakar-Mania-Logo-Square-Orange.png","width":992,"height":992,"caption":"DAKAR MANIA"},"image":{"@id":"https:\/\/www.dakarmania.cz\/#\/schema\/logo\/image\/"},"sameAs":["https:\/\/www.facebook.com\/dakarmania\/"]},{"@type":"Person","@id":"https:\/\/www.dakarmania.cz\/#\/schema\/person\/04eb0e87a389631c2169c0dddae7ff1e","name":"Zden\u011bk Zelenka","image":{"@type":"ImageObject","inLanguage":"cs","@id":"https:\/\/www.dakarmania.cz\/#\/schema\/person\/image\/","url":"https:\/\/secure.gravatar.com\/avatar\/2c80d5a4942fe0900b73cc7d3837a509d6ee0a276a2b76dac95c92bd0763a89b?s=96&d=mm&r=g","contentUrl":"https:\/\/secure.gravatar.com\/avatar\/2c80d5a4942fe0900b73cc7d3837a509d6ee0a276a2b76dac95c92bd0763a89b?s=96&d=mm&r=g","caption":"Zden\u011bk Zelenka"},"description":"Moji d\u011bt\u0161t\u00ed hrdinov\u00e9 se jmenovali Loprais, Moskal, Neveu, Vatanen, Rahier... A tihle borci, jejich n\u00e1sledovn\u00edci a jejich p\u0159\u00edb\u011bhy m\u011b nep\u0159estali fascinovat ani po letech, kdy jsem vyrostl a zam\u011bstn\u00e1valy m\u011b jin\u00e9 discipl\u00edny motorsportu. Proto se zrodila DAKARMANIA.","url":"https:\/\/www.dakarmania.cz\/index.php\/author\/dakarmania\/"}]}},"amp_enabled":true,"_links":{"self":[{"href":"https:\/\/www.dakarmania.cz\/index.php\/wp-json\/wp\/v2\/posts\/4747","targetHints":{"allow":["GET"]}}],"collection":[{"href":"https:\/\/www.dakarmania.cz\/index.php\/wp-json\/wp\/v2\/posts"}],"about":[{"href":"https:\/\/www.dakarmania.cz\/index.php\/wp-json\/wp\/v2\/types\/post"}],"author":[{"embeddable":true,"href":"https:\/\/www.dakarmania.cz\/index.php\/wp-json\/wp\/v2\/users\/1"}],"replies":[{"embeddable":true,"href":"https:\/\/www.dakarmania.cz\/index.php\/wp-json\/wp\/v2\/comments?post=4747"}],"version-history":[{"count":23,"href":"https:\/\/www.dakarmania.cz\/index.php\/wp-json\/wp\/v2\/posts\/4747\/revisions"}],"predecessor-version":[{"id":13619,"href":"https:\/\/www.dakarmania.cz\/index.php\/wp-json\/wp\/v2\/posts\/4747\/revisions\/13619"}],"wp:featuredmedia":[{"embeddable":true,"href":"https:\/\/www.dakarmania.cz\/index.php\/wp-json\/wp\/v2\/media\/4772"}],"wp:attachment":[{"href":"https:\/\/www.dakarmania.cz\/index.php\/wp-json\/wp\/v2\/media?parent=4747"}],"wp:term":[{"taxonomy":"category","embeddable":true,"href":"https:\/\/www.dakarmania.cz\/index.php\/wp-json\/wp\/v2\/categories?post=4747"},{"taxonomy":"post_tag","embeddable":true,"href":"https:\/\/www.dakarmania.cz\/index.php\/wp-json\/wp\/v2\/tags?post=4747"}],"curies":[{"name":"wp","href":"https:\/\/api.w.org\/{rel}","templated":true}]}}