{"id":4797,"date":"2019-04-01T16:18:41","date_gmt":"2019-04-01T14:18:41","guid":{"rendered":"https:\/\/www.dakarmania.cz\/?p=4797"},"modified":"2019-12-12T12:34:42","modified_gmt":"2019-12-12T11:34:42","slug":"abu-dhabi-novym-leaderem-peterhansel","status":"publish","type":"post","link":"https:\/\/www.dakarmania.cz\/index.php\/2019\/04\/01\/abu-dhabi-novym-leaderem-peterhansel\/","title":{"rendered":"Abu Dhabi: Despres v\u00fdrazn\u011b ztratil, nov\u00fdm leaderem Peterhansel"},"content":{"rendered":"<p>[vc_row][vc_column][vc_column_text css_animation=&#8221;fadeIn&#8221;]<\/p>\n<h3>Druhou etapu Abu Dhabi Desert Challenge 2019 vyhr\u00e1l Yazeed Al-Rajhi s Toyotou, ale je\u0161t\u011b v\u011bt\u0161\u00ed d\u016fvod ke spokojenosti m\u00e1 St\u00e9phane Peterhansel. Pilot Mini se ujal veden\u00ed v pr\u016fb\u011b\u017en\u00e9m hodnocen\u00ed sout\u011b\u017ee.<\/h3>\n<p>[\/vc_column_text][vc_single_image image=&#8221;4800&#8243; img_size=&#8221;large&#8221; add_caption=&#8221;yes&#8221; alignment=&#8221;center&#8221; css_animation=&#8221;fadeIn&#8221;][vc_column_text css_animation=&#8221;fadeIn&#8221;]Je pouze m\u00e1lo v\u011bc\u00ed, kter\u00e9 zat\u00edm <a href=\"\/index.php\/osobnosti\/stephane-peterhansel\/\">St\u00e9phane Peterhansel<\/a> v cross-country rally nedok\u00e1zal. Nap\u0159\u00edklad nevyhr\u00e1l sout\u011b\u017e v celkov\u00e9m hodnocen\u00ed spole\u010dn\u011b se svou man\u017eelkou. Po druh\u00e9 etap\u011b <a href=\"https:\/\/www.dakarmania.cz\/index.php\/sampionaty\/svetovy-pohar-fia-v-cross-country-rally-2019\/addc-2019\/\">Abu Dhabi Desert Challenge<\/a> v\u0161ak nen\u00ed vylou\u010deno, \u017ee by se p\u0159i druh\u00e9m podniku leto\u0161n\u00ed sezony <a href=\"https:\/\/www.dakarmania.cz\/index.php\/sampionaty\/svetovy-pohar-fia-v-cross-country-rally-2019\/\">Sv\u011btov\u00e9ho poh\u00e1ru FIA v cross-country rally<\/a> mohl do\u010dkat i tohoto \u00fasp\u011bchu.<\/p>\n<p>Pond\u011bln\u00ed etapu, jej\u00ed\u017e rychlostn\u00ed zkou\u0161ka m\u011b\u0159ila 223 kilometr\u016f, op\u011bt komplikoval relativn\u011b siln\u00fd v\u00edtr. Nejrychlej\u0161\u00ed byl tentokr\u00e1t <a href=\"\/index.php\/osobnosti\/yazeed-al-rajhi\/\">Yazeed Al-Rajhi<\/a> (Toyota) p\u0159ed <a href=\"\/index.php\/osobnosti\/vladimir-vasiljev\/\">Vladimirem Vasiljevem<\/a> (BMW; +4:14 min) a <a href=\"\/index.php\/osobnosti\/khalid-al-qassimi\/\">Khalidem Al Qassimim<\/a> (Peugeot; +5:44). St\u00e9phanu a <a href=\"\/index.php\/osobnosti\/peterhansel-andrea\/\">Andree<\/a> Peterhanselov\u00fdm v\u0161ak sta\u010dil i \u010dtvrt\u00fd \u010das (+10:12), aby se v celkov\u00e9m sou\u010dtu posunuli ze t\u0159et\u00ed na prvn\u00ed pozici.[\/vc_column_text][vc_single_image image=&#8221;4801&#8243; img_size=&#8221;large&#8221; add_caption=&#8221;yes&#8221; alignment=&#8221;center&#8221; css_animation=&#8221;fadeIn&#8221;][vc_column_text css_animation=&#8221;fadeIn&#8221;]<em>\u201eByla to slo\u017eit\u00e1 etapa a vid\u011bli jsme, jak Despres a Ten Brinke zapadli. Proto jsme to hr\u00e1li na jistotu a nejeli moc rychle,\u201c<\/em> tvrdil v c\u00edli <strong>St\u00e9phane Peterhansel<\/strong>. <em>\u201ePo\u0159\u00e1d hodn\u011b foukalo, co\u017e komplikovalo j\u00edzdu v dun\u00e1ch. Pro mou \u017eenu to byla nov\u00e1 zku\u0161enost. Poprv\u00e9 byla v aut\u011b, kter\u00e9 jelo jako prvn\u00ed, a nemohla tedy sledovat \u017e\u00e1dn\u00e9 stopy.\u201c<\/em><\/p>\n<p>Francouz startuje na ADDC poprv\u00e9 od roku 2011, kdy sout\u011b\u017e tak\u00e9 pop\u00e1t\u00e9 v kategorii automobil\u016f vyhr\u00e1l. Nyn\u00ed po dvou z p\u011bti etap vede s v\u00edce ne\u017e dvouminutov\u00fdm n\u00e1skokem p\u0159ed <a href=\"\/index.php\/osobnosti\/bernhard-ten-brinke\/\">Bernhardem ten Brinkem<\/a> s Toyotou. Nizozemec sice udr\u017eel druhou p\u0159\u00ed\u010dku, ale v dun\u00e1ch prohospoda\u0159il t\u00e9m\u011b\u0159 dvouminutov\u00fd n\u00e1skok, kter\u00fd p\u0159ed Peterhanselem dr\u017eel po prvn\u00edm dnu.<\/p>\n<p><em>\u201eByl to rozhodn\u011b n\u00e1ro\u010dn\u00fd den,\u201c<\/em> p\u0159ipustil <strong>Bernhard ten Brinke<\/strong>. <em>\u201ePrvn\u00edch 25 kilometr\u016f jsem jel dob\u0159e, spole\u010dn\u011b se St\u00e9phanem, ale pak jsme zapadli a ztratili n\u011bjak\u00fd \u010das. N\u00e1sledn\u011b jsme se honili s Yazeedem jako ko\u010dka s my\u0161\u00ed. Pades\u00e1t kilometr\u016f p\u0159ed c\u00edlem jsme tvrd\u011b dopadli po jednom skoku. Do\u0161lo k po\u0161kozen\u00ed m\u00e9 seda\u010dky a z\u0159ejm\u011b i n\u011b\u010deho dal\u0161\u00edho ve voze. Dojet do c\u00edle pak nebylo v\u016fbec snadn\u00e9.\u201c<\/em>[\/vc_column_text][vc_single_image image=&#8221;4805&#8243; img_size=&#8221;large&#8221; add_caption=&#8221;yes&#8221; alignment=&#8221;center&#8221; css_animation=&#8221;fadeIn&#8221;][vc_column_text css_animation=&#8221;fadeIn&#8221;]Ze \u0161est\u00e9ho na t\u0159et\u00ed m\u00edsto se d\u00edky pond\u011bln\u00edmu v\u00fdsledku posunul Khalid Al Qassimi s Peugeotem. V\u00edte\u017e ADDC 2017 se nav\u00edc v\u00fdrazn\u011b p\u0159ibl\u00ed\u017eil \u010delu z\u00e1vodu. Zat\u00edmco je\u0161t\u011b r\u00e1no zaost\u00e1val za leaderem o v\u00edce ne\u017e patn\u00e1ct minut, nyn\u00ed jej od prvn\u00ed p\u0159\u00ed\u010dky d\u011bl\u00ed necel\u00e9 t\u0159i minuty. Na druh\u00e9ho Ten Brinkeho ztr\u00e1c\u00ed 32 sekund.<\/p>\n<h4>Przygo\u0144ski p\u0159edstihl Prokopa, ale pomohl mu<\/h4>\n<p><a href=\"\/index.php\/osobnosti\/kuba-przygonski\/\">Kuba Przygo\u0144ski<\/a>, kter\u00fd jede podruh\u00e9 s buggy Mini, byl ve druh\u00e9 etap\u011b p\u00e1t\u00fd nejrychlej\u0161\u00ed (+11:55), d\u00edky tomu si o p\u0159\u00ed\u010dku polep\u0161il v pr\u016fb\u011b\u017en\u00e9m po\u0159ad\u00ed a je \u010dtvrt\u00fd. Za sv\u00e1 z\u00e1da odsunul <a href=\"\/index.php\/osobnosti\/martin-prokop\/\">Martina Prokopa<\/a> (Ford). Jezdec t\u00fdmu MP-Sports byl dnes sedm\u00fd (+17:28), celkov\u011b je p\u00e1t\u00fd, ov\u0161em od Przygo\u0144sk\u00e9ho jej d\u011bl\u00ed jen minuta a p\u016fl.<\/p>\n<p>Przygo\u0144ski nav\u00edc dnes Prokopovi vracel jeho pomoc z <a href=\"https:\/\/www.dakarmania.cz\/index.php\/2019\/03\/31\/abu-dhabi-nejlepe-zacal-despres\/\">p\u0159edchoz\u00ed etapy<\/a>.[\/vc_column_text][vc_single_image image=&#8221;4808&#8243; img_size=&#8221;large&#8221; add_caption=&#8221;yes&#8221; alignment=&#8221;center&#8221; css_animation=&#8221;fadeIn&#8221;][vc_column_text css_animation=&#8221;fadeIn&#8221;]<em>\u201ePomohli jsme Martinovi, kter\u00fd zapadl. Pak jsme ho vid\u011bli st\u00e1t znovu a pokusili jsme se mu pomoct, ale ztratili bychom p\u0159\u00edli\u0161 mnoho \u010dasu, kdybychom tam z\u016fstali. Byla to n\u00e1ro\u010dn\u00e1 rychlostn\u00ed zkou\u0161ka a n\u00e1m upadly prav\u00e9 dve\u0159e, tak\u017ee jsme m\u011bli uvnit\u0159 spoustu p\u00edsku. P\u0159esto jsme r\u00e1di, \u017ee jsme Martinovi mohli oplatit jeho v\u010derej\u0161\u00ed pomoc,\u201c<\/em> popsal d\u011bn\u00ed na trati <strong>Kuba Przygo\u0144ski<\/strong>.<\/p>\n<p>A sv\u016fj koment\u00e1\u0159 p\u0159idal tak\u00e9 <strong>Martin Prokop:<\/strong> <em>\u201ePrvn\u00ed \u010d\u00e1st byla perfektn\u00ed. Dojeli jsme Peterhansela a pak i prvn\u00ed auto Ten Brinkeho. Necht\u011bli jsme ho p\u0159edj\u00ed\u017ed\u011bt, proto\u017ee jsme necht\u011bli malovat stopu, ale ud\u011blal jsem taktickou chybu. Jel jsem za n\u00edm moc bl\u00edzko a kdy\u017e zapadl, zapadl jsem vedle n\u011bj. Nakonec n\u00e1m Kuba splatil v\u010derej\u0161\u00ed pomoc, vyt\u00e1hl n\u00e1s odtud, proto\u017ee to byla velk\u00e1 d\u00edra. Druh\u00e1 p\u016flka byla stra\u0161n\u00e1. Auto \u0161patn\u011b dob\u00edjelo, vevnit\u0159 to p\u0159estalo chladit a nakonec se n\u00e1m auto \u00fapln\u011b zastavilo. P\u0159estaly j\u00edt benzinov\u00e9 pumpy. Dlouho jsme st\u00e1li, ne\u017e jsme to spravili. \u0160koda.\u201c<\/em><\/p>\n<p>Martin Prokop po etap\u011b inkasoval minutovou penalizaci za p\u0159ekro\u010den\u00ed rychlosti povolen\u00e9 v jednom z \u00fasek\u016f trati.<\/p>\n<p>Podobn\u011b jako v p\u0159\u00edpad\u011b Al Qassimiho pomohl v\u00fdborn\u00fd pond\u011bln\u00ed v\u00fdsledek tak\u00e9 Vasiljevovi. Rus postoupil z des\u00e1t\u00e9ho na \u0161est\u00e9 m\u00edsto.[\/vc_column_text][vc_cta h2=&#8221;&#8221; txt_align=&#8221;center&#8221; shape=&#8221;square&#8221; color=&#8221;grey&#8221; el_width=&#8221;xl&#8221; css_animation=&#8221;fadeIn&#8221; css=&#8221;.vc_custom_1576150339562{border-top-width: 1px !important;border-right-width: 1px !important;border-bottom-width: 1px !important;border-left-width: 1px !important;border-left-color: #f49b00 !important;border-right-color: #f49b00 !important;border-top-color: #f49b00 !important;border-bottom-color: #f49b00 !important;}&#8221;]<\/p>\n<h2 style=\"text-align: center;\"><a href=\"https:\/\/www.dakarmania.cz\/index.php\/sampionaty\/svetovy-pohar-fia-v-cross-country-rally-2019\/addc-2019\/\"><strong>Abu Dhabi Desert Challenge podrobn\u011b<\/strong><\/a><\/h2>\n<p style=\"text-align: center;\"><a href=\"https:\/\/www.dakarmania.cz\/index.php\/sampionaty\/svetovy-pohar-fia-v-cross-country-rally-2019\/addc-2019\/\">&gt;&gt; info, dokumenty, zaj\u00edmavosti, historie<\/a><\/p>\n<p>[\/vc_cta][vc_column_text css_animation=&#8221;fadeIn&#8221;]Sedmou p\u0159\u00ed\u010dku udr\u017eel Pol\u00e1k Aron Dom\u017ca\u0142a (Toyota) p\u0159ed dvojic\u00ed nejlep\u0161\u00edch pilot\u016f t\u0159\u00eddy T3 (SxS). V jej\u00edm hodnocen\u00ed i nad\u00e1le vede Ameri\u010dan Casey Currie p\u0159ed Brazilcem <a href=\"\/index.php\/osobnosti\/reinaldo-varela\/\">Reinaldem Varelou<\/a>, kter\u00fd byl dnes o 59 sekund rychlej\u0161\u00ed ne\u017e jeho soupe\u0159 a d\u00edky tomu oba rivaly d\u011bl\u00ed po dvou dnech n\u00e1ro\u010dn\u00e9ho z\u00e1vod\u011bn\u00ed pouze dev\u011bt sekund!<\/p>\n<p>Z prvn\u00ed a\u017e na des\u00e1tou pozici klesl po druh\u00e9 etap\u011b <a href=\"\/index.php\/osobnosti\/despres-cyril\/\">Cyril Despres<\/a>. Francouz dnes ztratil t\u00e9m\u011b\u0159 t\u0159i a p\u016fl hodiny.<\/p>\n<p><em>\u201eDnes jsme m\u011bli sm\u016flu. Na 23. kilometru jsme zuli pneumatiku z r\u00e1fku a zapadli jsme. Dv\u011b a p\u016fl hodiny jsme se z toho nemohli dostat a pak znovu za\u010dala p\u00edse\u010dn\u00e1 bou\u0159e. Byl to opravdu dlouh\u00fd den. V etap\u011b dlouh\u00e9 370 kilometr\u016f jsme str\u00e1vili sedm hodin,\u201c<\/em> rekapituloval <strong>Cyril Despres<\/strong>.[\/vc_column_text][vc_single_image image=&#8221;4809&#8243; img_size=&#8221;large&#8221; add_caption=&#8221;yes&#8221; alignment=&#8221;center&#8221; css_animation=&#8221;fadeIn&#8221;][vc_column_text css_animation=&#8221;fadeIn&#8221;]Nejrychlej\u0161\u00ed mu\u017e dne Al-Rajhi figuruje v pr\u016fb\u011b\u017en\u00fdch v\u00fdsledc\u00edch a\u017e na devaten\u00e1ct\u00e9 pozici s obrovskou ztr\u00e1tou zp\u016fsobenou penalizac\u00ed. Prvn\u00ed etapu toti\u017e jezdec ze Sa\u00fadsk\u00e9 Ar\u00e1bie nedokon\u010dil kv\u016fli probl\u00e9m\u016fm s transmisemi sv\u00e9 Toyoty.<\/p>\n<p>V \u00fater\u00fd 2. dubna pokra\u010duje Abu Dhabi Desert Challenge 2019 t\u0159et\u00ed etapou, jej\u00ed\u017e rychlostn\u00ed zkou\u0161ka m\u011b\u0159\u00ed 298 kilometr\u016f a je tak nejdel\u0161\u00ed z cel\u00e9 sout\u011b\u017ee.[\/vc_column_text][vc_column_text css_animation=&#8221;fadeIn&#8221;]<\/p>\n<table style=\"width: 97.7654%;\" rules=\"rows\" cellpadding=\"4px\">\n<tbody>\n<tr style=\"background-color: #9e9d9d; color: white;\">\n<td style=\"text-align: center;\" colspan=\"4\"><span style=\"font-size: 10pt;\"><strong>Abu Dhabi Desert Challenge 2019<br \/>\nAUTOMOBILY<br \/>\npr\u016fb\u011b\u017en\u00e9 po\u0159ad\u00ed po 2. etap\u011b<\/strong><\/span><\/td>\n<\/tr>\n<tr style=\"background-color: #dbd9d9;\">\n<td>1.<\/td>\n<td>Peterhansel \/ Peterhansel<\/td>\n<td>Mini JCW Rally<\/td>\n<td style=\"text-align: right;\">7:16:46<\/td>\n<\/tr>\n<tr style=\"background-color: #f2f2f2;\">\n<td>2.<\/td>\n<td>Ten Brinke \/ Colsoul<\/td>\n<td>Toyota Hilux<\/td>\n<td style=\"text-align: right;\">+2:26<\/td>\n<\/tr>\n<tr style=\"background-color: #dbd9d9;\">\n<td>3.<\/td>\n<td>Al Qassimi \/ Panseri<\/td>\n<td>Peugeot 3008 DKR<\/td>\n<td style=\"text-align: right;\">+2:58<\/td>\n<\/tr>\n<tr style=\"background-color: #f2f2f2;\">\n<td>4.<\/td>\n<td>Przygo\u0144ski \/ Gottschalk<\/td>\n<td>Mini JCW Buggy<\/td>\n<td style=\"text-align: right;\">+8:47<\/td>\n<\/tr>\n<tr style=\"background-color: #dbd9d9;\">\n<td>5.<\/td>\n<td>Prokop \/ Chytka<\/td>\n<td>Ford F-150 Evo<\/td>\n<td style=\"text-align: right;\">+11:19<\/td>\n<\/tr>\n<tr style=\"background-color: #f2f2f2;\">\n<td>6.<\/td>\n<td>Vasiljev \/ \u017dilcov<\/td>\n<td>BMW X3<\/td>\n<td style=\"text-align: right;\">+16:12<\/td>\n<\/tr>\n<tr style=\"background-color: #dbd9d9;\">\n<td>7.<\/td>\n<td>Dom\u017ca\u0142a \/ Marton<\/td>\n<td>Toyota Hilux<\/td>\n<td style=\"text-align: right;\">+21:07<\/td>\n<\/tr>\n<tr style=\"background-color: #f2f2f2;\">\n<td>8.<\/td>\n<td>Currie \/ Lichtleuchter<\/td>\n<td>Can-Am Maverick X3<\/td>\n<td style=\"text-align: right;\">+40:44<\/td>\n<\/tr>\n<tr style=\"background-color: #dbd9d9;\">\n<td>9.<\/td>\n<td>Varela \/ Gugelmin<\/td>\n<td>Can-Am Maverick X3<\/td>\n<td style=\"text-align: right;\">+40:53<\/td>\n<\/tr>\n<tr style=\"background-color: #f2f2f2;\">\n<td>10.<\/td>\n<td>Despres \/ Oliveras<\/td>\n<td>Mini JCW Buggy<\/td>\n<td style=\"text-align: right;\">+3:29:11<\/td>\n<\/tr>\n<tr style=\"background-color: #dbd9d9;\">\n<td>21.<\/td>\n<td>Zapletal \/ S\u00fdkora<\/td>\n<td>Ford F-150 Evo<\/td>\n<td style=\"text-align: right;\">+120:50:25<\/td>\n<\/tr>\n<\/tbody>\n<\/table>\n<p>[\/vc_column_text][vc_empty_space height=&#8221;2px&#8221;][\/vc_column][\/vc_row]<\/p>\n","protected":false},"excerpt":{"rendered":"<p>Druhou etapu Abu Dhabi Desert Challenge 2019 vyhr\u00e1l Yazeed Al-Rajhi. Veden\u00ed v pr\u016fb\u011b\u017en\u00e9m hodnocen\u00ed sout\u011b\u017ee se ujal St\u00e9phane Peterhansel s Mini.<\/p>\n","protected":false},"author":1,"featured_media":4800,"comment_status":"open","ping_status":"closed","sticky":false,"template":"","format":"standard","meta":{"footnotes":""},"categories":[520,3,97],"tags":[425,521,522,654,231,666,289,311,95,777,233,11,444,288,5,219,4,326,210,209,205,105,413,217,201,202,305,220,327],"class_list":["post-4797","post","type-post","status-publish","format-standard","has-post-thumbnail","hentry","category-abu-dhabi-desert-challenge","category-auto","category-fia-ccr","tag-425","tag-addc","tag-addc-2019","tag-andrea-mayer","tag-andrea-peterhansel","tag-aron-domzala","tag-bernhard-ten-brinke","tag-bmw","tag-can-am","tag-casey-currie","tag-cyril-despres","tag-ford","tag-khalid-al-qassimi","tag-kuba-przygonski","tag-martin-prokop","tag-mini","tag-mp-sports","tag-overdrive-racing","tag-peugeot","tag-ph-sport","tag-reinaldo-varela","tag-sp-fia-ccr","tag-sp-fia-ccr-2019","tag-stephane-peterhansel","tag-toyota","tag-toyota-gazoo-racing","tag-vladimir-vasiljev","tag-x-raid","tag-yazeed-al-rajhi"],"yoast_head":"<!-- This site is optimized with the Yoast SEO plugin v24.9 - https:\/\/yoast.com\/wordpress\/plugins\/seo\/ -->\n<title>Abu Dhabi: Despres v\u00fdrazn\u011b ztratil, nov\u00fdm leaderem Peterhansel - DAKARMANIA.cz<\/title>\n<meta name=\"description\" content=\"Druhou etapu Abu Dhabi Desert Challenge 2019 vyhr\u00e1l Yazeed Al-Rajhi. Veden\u00ed v pr\u016fb\u011b\u017en\u00e9m hodnocen\u00ed sout\u011b\u017ee se ujal St\u00e9phane Peterhansel s Mini.\" \/>\n<meta name=\"robots\" content=\"index, follow, max-snippet:-1, max-image-preview:large, max-video-preview:-1\" \/>\n<link rel=\"canonical\" href=\"https:\/\/www.dakarmania.cz\/index.php\/2019\/04\/01\/abu-dhabi-novym-leaderem-peterhansel\/\" \/>\n<meta property=\"og:locale\" content=\"cs_CZ\" \/>\n<meta property=\"og:type\" content=\"article\" \/>\n<meta property=\"og:title\" content=\"Abu Dhabi: Despres v\u00fdrazn\u011b ztratil, nov\u00fdm leaderem Peterhansel - DAKARMANIA.cz\" \/>\n<meta property=\"og:description\" content=\"Druhou etapu Abu Dhabi Desert Challenge 2019 vyhr\u00e1l Yazeed Al-Rajhi. Veden\u00ed v pr\u016fb\u011b\u017en\u00e9m hodnocen\u00ed sout\u011b\u017ee se ujal St\u00e9phane Peterhansel s Mini.\" \/>\n<meta property=\"og:url\" content=\"https:\/\/www.dakarmania.cz\/index.php\/2019\/04\/01\/abu-dhabi-novym-leaderem-peterhansel\/\" \/>\n<meta property=\"og:site_name\" content=\"DAKARMANIA.cz\" \/>\n<meta property=\"article:publisher\" content=\"https:\/\/www.facebook.com\/dakarmania\/\" \/>\n<meta property=\"article:published_time\" content=\"2019-04-01T14:18:41+00:00\" \/>\n<meta property=\"article:modified_time\" content=\"2019-12-12T11:34:42+00:00\" \/>\n<meta property=\"og:image\" content=\"https:\/\/www.dakarmania.cz\/wp-content\/uploads\/2019\/04\/19-addc-peterhansel-02.jpg\" \/>\n\t<meta property=\"og:image:width\" content=\"2048\" \/>\n\t<meta property=\"og:image:height\" content=\"1365\" \/>\n\t<meta property=\"og:image:type\" content=\"image\/jpeg\" \/>\n<meta name=\"author\" content=\"Zden\u011bk Zelenka\" \/>\n<meta name=\"twitter:card\" content=\"summary_large_image\" \/>\n<meta name=\"twitter:label1\" content=\"Napsal(a)\" \/>\n\t<meta name=\"twitter:data1\" content=\"Zden\u011bk Zelenka\" \/>\n\t<meta name=\"twitter:label2\" content=\"Odhadovan\u00e1 doba \u010dten\u00ed\" \/>\n\t<meta name=\"twitter:data2\" content=\"7 minut\" \/>\n<script type=\"application\/ld+json\" class=\"yoast-schema-graph\">{\"@context\":\"https:\/\/schema.org\",\"@graph\":[{\"@type\":\"Article\",\"@id\":\"https:\/\/www.dakarmania.cz\/index.php\/2019\/04\/01\/abu-dhabi-novym-leaderem-peterhansel\/#article\",\"isPartOf\":{\"@id\":\"https:\/\/www.dakarmania.cz\/index.php\/2019\/04\/01\/abu-dhabi-novym-leaderem-peterhansel\/\"},\"author\":{\"name\":\"Zden\u011bk Zelenka\",\"@id\":\"https:\/\/www.dakarmania.cz\/#\/schema\/person\/04eb0e87a389631c2169c0dddae7ff1e\"},\"headline\":\"Abu Dhabi: Despres v\u00fdrazn\u011b ztratil, nov\u00fdm leaderem Peterhansel\",\"datePublished\":\"2019-04-01T14:18:41+00:00\",\"dateModified\":\"2019-12-12T11:34:42+00:00\",\"mainEntityOfPage\":{\"@id\":\"https:\/\/www.dakarmania.cz\/index.php\/2019\/04\/01\/abu-dhabi-novym-leaderem-peterhansel\/\"},\"wordCount\":1310,\"commentCount\":0,\"publisher\":{\"@id\":\"https:\/\/www.dakarmania.cz\/#organization\"},\"image\":{\"@id\":\"https:\/\/www.dakarmania.cz\/index.php\/2019\/04\/01\/abu-dhabi-novym-leaderem-peterhansel\/#primaryimage\"},\"thumbnailUrl\":\"https:\/\/www.dakarmania.cz\/wp-content\/uploads\/2019\/04\/19-addc-peterhansel-02.jpg\",\"keywords\":[\"2019\",\"ADDC\",\"ADDC 2019\",\"Andrea Mayer\",\"Andrea Peterhansel\",\"Aron Dom\u017ca\u0142a\",\"Bernhard ten Brinke\",\"BMW\",\"Can-Am\",\"Casey Currie\",\"Cyril Despres\",\"Ford\",\"Khalid Al Qassimi\",\"Kuba Przygo\u0144ski\",\"Martin Prokop\",\"Mini\",\"MP-Sports\",\"Overdrive Racing\",\"Peugeot\",\"PH Sport\",\"Reinaldo Varela\",\"SP FIA CCR\",\"SP FIA CCR 2019\",\"St\u00e9phane Peterhansel\",\"Toyota\",\"Toyota Gazoo Racing\",\"Vladimir Vasiljev\",\"X-raid\",\"Yazeed Al-Rajhi\"],\"articleSection\":[\"Abu Dhabi Desert Challenge\",\"Auto\",\"FIA SP CCR\"],\"inLanguage\":\"cs\",\"potentialAction\":[{\"@type\":\"CommentAction\",\"name\":\"Comment\",\"target\":[\"https:\/\/www.dakarmania.cz\/index.php\/2019\/04\/01\/abu-dhabi-novym-leaderem-peterhansel\/#respond\"]}]},{\"@type\":\"WebPage\",\"@id\":\"https:\/\/www.dakarmania.cz\/index.php\/2019\/04\/01\/abu-dhabi-novym-leaderem-peterhansel\/\",\"url\":\"https:\/\/www.dakarmania.cz\/index.php\/2019\/04\/01\/abu-dhabi-novym-leaderem-peterhansel\/\",\"name\":\"Abu Dhabi: Despres v\u00fdrazn\u011b ztratil, nov\u00fdm leaderem Peterhansel - DAKARMANIA.cz\",\"isPartOf\":{\"@id\":\"https:\/\/www.dakarmania.cz\/#website\"},\"primaryImageOfPage\":{\"@id\":\"https:\/\/www.dakarmania.cz\/index.php\/2019\/04\/01\/abu-dhabi-novym-leaderem-peterhansel\/#primaryimage\"},\"image\":{\"@id\":\"https:\/\/www.dakarmania.cz\/index.php\/2019\/04\/01\/abu-dhabi-novym-leaderem-peterhansel\/#primaryimage\"},\"thumbnailUrl\":\"https:\/\/www.dakarmania.cz\/wp-content\/uploads\/2019\/04\/19-addc-peterhansel-02.jpg\",\"datePublished\":\"2019-04-01T14:18:41+00:00\",\"dateModified\":\"2019-12-12T11:34:42+00:00\",\"description\":\"Druhou etapu Abu Dhabi Desert Challenge 2019 vyhr\u00e1l Yazeed Al-Rajhi. Veden\u00ed v pr\u016fb\u011b\u017en\u00e9m hodnocen\u00ed sout\u011b\u017ee se ujal St\u00e9phane Peterhansel s Mini.\",\"breadcrumb\":{\"@id\":\"https:\/\/www.dakarmania.cz\/index.php\/2019\/04\/01\/abu-dhabi-novym-leaderem-peterhansel\/#breadcrumb\"},\"inLanguage\":\"cs\",\"potentialAction\":[{\"@type\":\"ReadAction\",\"target\":[\"https:\/\/www.dakarmania.cz\/index.php\/2019\/04\/01\/abu-dhabi-novym-leaderem-peterhansel\/\"]}]},{\"@type\":\"ImageObject\",\"inLanguage\":\"cs\",\"@id\":\"https:\/\/www.dakarmania.cz\/index.php\/2019\/04\/01\/abu-dhabi-novym-leaderem-peterhansel\/#primaryimage\",\"url\":\"https:\/\/www.dakarmania.cz\/wp-content\/uploads\/2019\/04\/19-addc-peterhansel-02.jpg\",\"contentUrl\":\"https:\/\/www.dakarmania.cz\/wp-content\/uploads\/2019\/04\/19-addc-peterhansel-02.jpg\",\"width\":2048,\"height\":1365,\"caption\":\"St\u00e9phane Peterhansel \/ Andrea Peterhansel, Mini JCW Rally, X-raid. Abu Dhabi Desert Challenge 2019. \u00a9 X-raid\"},{\"@type\":\"BreadcrumbList\",\"@id\":\"https:\/\/www.dakarmania.cz\/index.php\/2019\/04\/01\/abu-dhabi-novym-leaderem-peterhansel\/#breadcrumb\",\"itemListElement\":[{\"@type\":\"ListItem\",\"position\":1,\"name\":\"Dom\u016f\",\"item\":\"https:\/\/www.dakarmania.cz\/\"},{\"@type\":\"ListItem\",\"position\":2,\"name\":\"Abu Dhabi: Despres v\u00fdrazn\u011b ztratil, nov\u00fdm leaderem Peterhansel\"}]},{\"@type\":\"WebSite\",\"@id\":\"https:\/\/www.dakarmania.cz\/#website\",\"url\":\"https:\/\/www.dakarmania.cz\/\",\"name\":\"DAKARMANIA.cz\",\"description\":\"\u017dijeme Dakarem cel\u00fd rok\",\"publisher\":{\"@id\":\"https:\/\/www.dakarmania.cz\/#organization\"},\"potentialAction\":[{\"@type\":\"SearchAction\",\"target\":{\"@type\":\"EntryPoint\",\"urlTemplate\":\"https:\/\/www.dakarmania.cz\/?s={search_term_string}\"},\"query-input\":{\"@type\":\"PropertyValueSpecification\",\"valueRequired\":true,\"valueName\":\"search_term_string\"}}],\"inLanguage\":\"cs\"},{\"@type\":\"Organization\",\"@id\":\"https:\/\/www.dakarmania.cz\/#organization\",\"name\":\"DAKAR MANIA\",\"url\":\"https:\/\/www.dakarmania.cz\/\",\"logo\":{\"@type\":\"ImageObject\",\"inLanguage\":\"cs\",\"@id\":\"https:\/\/www.dakarmania.cz\/#\/schema\/logo\/image\/\",\"url\":\"https:\/\/www.dakarmania.cz\/wp-content\/uploads\/2018\/12\/Dakar-Mania-Logo-Square-Orange.png\",\"contentUrl\":\"https:\/\/www.dakarmania.cz\/wp-content\/uploads\/2018\/12\/Dakar-Mania-Logo-Square-Orange.png\",\"width\":992,\"height\":992,\"caption\":\"DAKAR MANIA\"},\"image\":{\"@id\":\"https:\/\/www.dakarmania.cz\/#\/schema\/logo\/image\/\"},\"sameAs\":[\"https:\/\/www.facebook.com\/dakarmania\/\"]},{\"@type\":\"Person\",\"@id\":\"https:\/\/www.dakarmania.cz\/#\/schema\/person\/04eb0e87a389631c2169c0dddae7ff1e\",\"name\":\"Zden\u011bk Zelenka\",\"image\":{\"@type\":\"ImageObject\",\"inLanguage\":\"cs\",\"@id\":\"https:\/\/www.dakarmania.cz\/#\/schema\/person\/image\/\",\"url\":\"https:\/\/secure.gravatar.com\/avatar\/2c80d5a4942fe0900b73cc7d3837a509d6ee0a276a2b76dac95c92bd0763a89b?s=96&d=mm&r=g\",\"contentUrl\":\"https:\/\/secure.gravatar.com\/avatar\/2c80d5a4942fe0900b73cc7d3837a509d6ee0a276a2b76dac95c92bd0763a89b?s=96&d=mm&r=g\",\"caption\":\"Zden\u011bk Zelenka\"},\"description\":\"Moji d\u011bt\u0161t\u00ed hrdinov\u00e9 se jmenovali Loprais, Moskal, Neveu, Vatanen, Rahier... A tihle borci, jejich n\u00e1sledovn\u00edci a jejich p\u0159\u00edb\u011bhy m\u011b nep\u0159estali fascinovat ani po letech, kdy jsem vyrostl a zam\u011bstn\u00e1valy m\u011b jin\u00e9 discipl\u00edny motorsportu. Proto se zrodila DAKARMANIA.\",\"url\":\"https:\/\/www.dakarmania.cz\/index.php\/author\/dakarmania\/\"}]}<\/script>\n<!-- \/ Yoast SEO plugin. -->","yoast_head_json":{"title":"Abu Dhabi: Despres v\u00fdrazn\u011b ztratil, nov\u00fdm leaderem Peterhansel - DAKARMANIA.cz","description":"Druhou etapu Abu Dhabi Desert Challenge 2019 vyhr\u00e1l Yazeed Al-Rajhi. Veden\u00ed v pr\u016fb\u011b\u017en\u00e9m hodnocen\u00ed sout\u011b\u017ee se ujal St\u00e9phane Peterhansel s Mini.","robots":{"index":"index","follow":"follow","max-snippet":"max-snippet:-1","max-image-preview":"max-image-preview:large","max-video-preview":"max-video-preview:-1"},"canonical":"https:\/\/www.dakarmania.cz\/index.php\/2019\/04\/01\/abu-dhabi-novym-leaderem-peterhansel\/","og_locale":"cs_CZ","og_type":"article","og_title":"Abu Dhabi: Despres v\u00fdrazn\u011b ztratil, nov\u00fdm leaderem Peterhansel - DAKARMANIA.cz","og_description":"Druhou etapu Abu Dhabi Desert Challenge 2019 vyhr\u00e1l Yazeed Al-Rajhi. Veden\u00ed v pr\u016fb\u011b\u017en\u00e9m hodnocen\u00ed sout\u011b\u017ee se ujal St\u00e9phane Peterhansel s Mini.","og_url":"https:\/\/www.dakarmania.cz\/index.php\/2019\/04\/01\/abu-dhabi-novym-leaderem-peterhansel\/","og_site_name":"DAKARMANIA.cz","article_publisher":"https:\/\/www.facebook.com\/dakarmania\/","article_published_time":"2019-04-01T14:18:41+00:00","article_modified_time":"2019-12-12T11:34:42+00:00","og_image":[{"width":2048,"height":1365,"url":"https:\/\/www.dakarmania.cz\/wp-content\/uploads\/2019\/04\/19-addc-peterhansel-02.jpg","type":"image\/jpeg"}],"author":"Zden\u011bk Zelenka","twitter_card":"summary_large_image","twitter_misc":{"Napsal(a)":"Zden\u011bk Zelenka","Odhadovan\u00e1 doba \u010dten\u00ed":"7 minut"},"schema":{"@context":"https:\/\/schema.org","@graph":[{"@type":"Article","@id":"https:\/\/www.dakarmania.cz\/index.php\/2019\/04\/01\/abu-dhabi-novym-leaderem-peterhansel\/#article","isPartOf":{"@id":"https:\/\/www.dakarmania.cz\/index.php\/2019\/04\/01\/abu-dhabi-novym-leaderem-peterhansel\/"},"author":{"name":"Zden\u011bk Zelenka","@id":"https:\/\/www.dakarmania.cz\/#\/schema\/person\/04eb0e87a389631c2169c0dddae7ff1e"},"headline":"Abu Dhabi: Despres v\u00fdrazn\u011b ztratil, nov\u00fdm leaderem Peterhansel","datePublished":"2019-04-01T14:18:41+00:00","dateModified":"2019-12-12T11:34:42+00:00","mainEntityOfPage":{"@id":"https:\/\/www.dakarmania.cz\/index.php\/2019\/04\/01\/abu-dhabi-novym-leaderem-peterhansel\/"},"wordCount":1310,"commentCount":0,"publisher":{"@id":"https:\/\/www.dakarmania.cz\/#organization"},"image":{"@id":"https:\/\/www.dakarmania.cz\/index.php\/2019\/04\/01\/abu-dhabi-novym-leaderem-peterhansel\/#primaryimage"},"thumbnailUrl":"https:\/\/www.dakarmania.cz\/wp-content\/uploads\/2019\/04\/19-addc-peterhansel-02.jpg","keywords":["2019","ADDC","ADDC 2019","Andrea Mayer","Andrea Peterhansel","Aron Dom\u017ca\u0142a","Bernhard ten Brinke","BMW","Can-Am","Casey Currie","Cyril Despres","Ford","Khalid Al Qassimi","Kuba Przygo\u0144ski","Martin Prokop","Mini","MP-Sports","Overdrive Racing","Peugeot","PH Sport","Reinaldo Varela","SP FIA CCR","SP FIA CCR 2019","St\u00e9phane Peterhansel","Toyota","Toyota Gazoo Racing","Vladimir Vasiljev","X-raid","Yazeed Al-Rajhi"],"articleSection":["Abu Dhabi Desert Challenge","Auto","FIA SP CCR"],"inLanguage":"cs","potentialAction":[{"@type":"CommentAction","name":"Comment","target":["https:\/\/www.dakarmania.cz\/index.php\/2019\/04\/01\/abu-dhabi-novym-leaderem-peterhansel\/#respond"]}]},{"@type":"WebPage","@id":"https:\/\/www.dakarmania.cz\/index.php\/2019\/04\/01\/abu-dhabi-novym-leaderem-peterhansel\/","url":"https:\/\/www.dakarmania.cz\/index.php\/2019\/04\/01\/abu-dhabi-novym-leaderem-peterhansel\/","name":"Abu Dhabi: Despres v\u00fdrazn\u011b ztratil, nov\u00fdm leaderem Peterhansel - DAKARMANIA.cz","isPartOf":{"@id":"https:\/\/www.dakarmania.cz\/#website"},"primaryImageOfPage":{"@id":"https:\/\/www.dakarmania.cz\/index.php\/2019\/04\/01\/abu-dhabi-novym-leaderem-peterhansel\/#primaryimage"},"image":{"@id":"https:\/\/www.dakarmania.cz\/index.php\/2019\/04\/01\/abu-dhabi-novym-leaderem-peterhansel\/#primaryimage"},"thumbnailUrl":"https:\/\/www.dakarmania.cz\/wp-content\/uploads\/2019\/04\/19-addc-peterhansel-02.jpg","datePublished":"2019-04-01T14:18:41+00:00","dateModified":"2019-12-12T11:34:42+00:00","description":"Druhou etapu Abu Dhabi Desert Challenge 2019 vyhr\u00e1l Yazeed Al-Rajhi. Veden\u00ed v pr\u016fb\u011b\u017en\u00e9m hodnocen\u00ed sout\u011b\u017ee se ujal St\u00e9phane Peterhansel s Mini.","breadcrumb":{"@id":"https:\/\/www.dakarmania.cz\/index.php\/2019\/04\/01\/abu-dhabi-novym-leaderem-peterhansel\/#breadcrumb"},"inLanguage":"cs","potentialAction":[{"@type":"ReadAction","target":["https:\/\/www.dakarmania.cz\/index.php\/2019\/04\/01\/abu-dhabi-novym-leaderem-peterhansel\/"]}]},{"@type":"ImageObject","inLanguage":"cs","@id":"https:\/\/www.dakarmania.cz\/index.php\/2019\/04\/01\/abu-dhabi-novym-leaderem-peterhansel\/#primaryimage","url":"https:\/\/www.dakarmania.cz\/wp-content\/uploads\/2019\/04\/19-addc-peterhansel-02.jpg","contentUrl":"https:\/\/www.dakarmania.cz\/wp-content\/uploads\/2019\/04\/19-addc-peterhansel-02.jpg","width":2048,"height":1365,"caption":"St\u00e9phane Peterhansel \/ Andrea Peterhansel, Mini JCW Rally, X-raid. Abu Dhabi Desert Challenge 2019. \u00a9 X-raid"},{"@type":"BreadcrumbList","@id":"https:\/\/www.dakarmania.cz\/index.php\/2019\/04\/01\/abu-dhabi-novym-leaderem-peterhansel\/#breadcrumb","itemListElement":[{"@type":"ListItem","position":1,"name":"Dom\u016f","item":"https:\/\/www.dakarmania.cz\/"},{"@type":"ListItem","position":2,"name":"Abu Dhabi: Despres v\u00fdrazn\u011b ztratil, nov\u00fdm leaderem Peterhansel"}]},{"@type":"WebSite","@id":"https:\/\/www.dakarmania.cz\/#website","url":"https:\/\/www.dakarmania.cz\/","name":"DAKARMANIA.cz","description":"\u017dijeme Dakarem cel\u00fd rok","publisher":{"@id":"https:\/\/www.dakarmania.cz\/#organization"},"potentialAction":[{"@type":"SearchAction","target":{"@type":"EntryPoint","urlTemplate":"https:\/\/www.dakarmania.cz\/?s={search_term_string}"},"query-input":{"@type":"PropertyValueSpecification","valueRequired":true,"valueName":"search_term_string"}}],"inLanguage":"cs"},{"@type":"Organization","@id":"https:\/\/www.dakarmania.cz\/#organization","name":"DAKAR MANIA","url":"https:\/\/www.dakarmania.cz\/","logo":{"@type":"ImageObject","inLanguage":"cs","@id":"https:\/\/www.dakarmania.cz\/#\/schema\/logo\/image\/","url":"https:\/\/www.dakarmania.cz\/wp-content\/uploads\/2018\/12\/Dakar-Mania-Logo-Square-Orange.png","contentUrl":"https:\/\/www.dakarmania.cz\/wp-content\/uploads\/2018\/12\/Dakar-Mania-Logo-Square-Orange.png","width":992,"height":992,"caption":"DAKAR MANIA"},"image":{"@id":"https:\/\/www.dakarmania.cz\/#\/schema\/logo\/image\/"},"sameAs":["https:\/\/www.facebook.com\/dakarmania\/"]},{"@type":"Person","@id":"https:\/\/www.dakarmania.cz\/#\/schema\/person\/04eb0e87a389631c2169c0dddae7ff1e","name":"Zden\u011bk Zelenka","image":{"@type":"ImageObject","inLanguage":"cs","@id":"https:\/\/www.dakarmania.cz\/#\/schema\/person\/image\/","url":"https:\/\/secure.gravatar.com\/avatar\/2c80d5a4942fe0900b73cc7d3837a509d6ee0a276a2b76dac95c92bd0763a89b?s=96&d=mm&r=g","contentUrl":"https:\/\/secure.gravatar.com\/avatar\/2c80d5a4942fe0900b73cc7d3837a509d6ee0a276a2b76dac95c92bd0763a89b?s=96&d=mm&r=g","caption":"Zden\u011bk Zelenka"},"description":"Moji d\u011bt\u0161t\u00ed hrdinov\u00e9 se jmenovali Loprais, Moskal, Neveu, Vatanen, Rahier... A tihle borci, jejich n\u00e1sledovn\u00edci a jejich p\u0159\u00edb\u011bhy m\u011b nep\u0159estali fascinovat ani po letech, kdy jsem vyrostl a zam\u011bstn\u00e1valy m\u011b jin\u00e9 discipl\u00edny motorsportu. Proto se zrodila DAKARMANIA.","url":"https:\/\/www.dakarmania.cz\/index.php\/author\/dakarmania\/"}]}},"amp_enabled":true,"_links":{"self":[{"href":"https:\/\/www.dakarmania.cz\/index.php\/wp-json\/wp\/v2\/posts\/4797","targetHints":{"allow":["GET"]}}],"collection":[{"href":"https:\/\/www.dakarmania.cz\/index.php\/wp-json\/wp\/v2\/posts"}],"about":[{"href":"https:\/\/www.dakarmania.cz\/index.php\/wp-json\/wp\/v2\/types\/post"}],"author":[{"embeddable":true,"href":"https:\/\/www.dakarmania.cz\/index.php\/wp-json\/wp\/v2\/users\/1"}],"replies":[{"embeddable":true,"href":"https:\/\/www.dakarmania.cz\/index.php\/wp-json\/wp\/v2\/comments?post=4797"}],"version-history":[{"count":14,"href":"https:\/\/www.dakarmania.cz\/index.php\/wp-json\/wp\/v2\/posts\/4797\/revisions"}],"predecessor-version":[{"id":13620,"href":"https:\/\/www.dakarmania.cz\/index.php\/wp-json\/wp\/v2\/posts\/4797\/revisions\/13620"}],"wp:featuredmedia":[{"embeddable":true,"href":"https:\/\/www.dakarmania.cz\/index.php\/wp-json\/wp\/v2\/media\/4800"}],"wp:attachment":[{"href":"https:\/\/www.dakarmania.cz\/index.php\/wp-json\/wp\/v2\/media?parent=4797"}],"wp:term":[{"taxonomy":"category","embeddable":true,"href":"https:\/\/www.dakarmania.cz\/index.php\/wp-json\/wp\/v2\/categories?post=4797"},{"taxonomy":"post_tag","embeddable":true,"href":"https:\/\/www.dakarmania.cz\/index.php\/wp-json\/wp\/v2\/tags?post=4797"}],"curies":[{"name":"wp","href":"https:\/\/api.w.org\/{rel}","templated":true}]}}