{"id":4823,"date":"2019-04-02T01:45:28","date_gmt":"2019-04-01T23:45:28","guid":{"rendered":"https:\/\/www.dakarmania.cz\/?p=4823"},"modified":"2019-04-02T01:45:28","modified_gmt":"2019-04-01T23:45:28","slug":"merzouga-tempo-diktuji-van-beveren-a-svitko","status":"publish","type":"post","link":"https:\/\/www.dakarmania.cz\/index.php\/2019\/04\/02\/merzouga-tempo-diktuji-van-beveren-a-svitko\/","title":{"rendered":"Merzouga: Tempo diktuj\u00ed Van Beveren a Svitko"},"content":{"rendered":"<p>[vc_row][vc_column][vc_column_text]<\/p>\n<h4>\u00davodn\u00ed etapu Merzouga Rally 2019 vyhr\u00e1l tov\u00e1rn\u00ed jezdec Yamahy Adrien Van Beveren. Na druh\u00e9 p\u0159\u00ed\u010dce pr\u016fb\u011b\u017en\u00e9ho hodnocen\u00ed figuruje Slov\u00e1k \u0160tefan Svitko s KTM.<\/h4>\n<p>Jubilejn\u00ed des\u00e1t\u00fd ro\u010dn\u00edk marock\u00e9 sout\u011b\u017ee odstartoval u\u017e v ned\u011bli kr\u00e1tk\u00fdm dvoukilometrov\u00fdm prologem, kter\u00fd m\u011bl p\u0159edev\u0161\u00edm ur\u010dit startovn\u00ed po\u0159ad\u00ed pro prvn\u00ed etapu. Skute\u010dn\u011b naplno se rally rozjela a\u017e v pond\u011bl\u00ed, kdy byla na programu smy\u010dka se startem a c\u00edlem v Xeluce. Z\u00e1vodilo se ve velk\u00e9m dunov\u00e9m poli u Merzougy a pak n\u00e1sledovala je\u0161t\u011b jedna sekce ni\u017e\u0161\u00edch, ale nem\u00e9n\u011b z\u00e1ludn\u00fdch dun. Celkem se na \u010das jelo 208 kilometr\u016f.<\/p>\n<p>Zat\u00edmco v ned\u011bli byl v prologu nejrychlej\u0161\u00ed tov\u00e1rn\u00ed jezdec Sherca Michael Metge, v pond\u011bl\u00ed p\u0159evzal ot\u011b\u017ee z\u00e1vodu Van Beveren.[\/vc_column_text][vc_single_image image=&#8221;4822&#8243; img_size=&#8221;large&#8221; add_caption=&#8221;yes&#8221; alignment=&#8221;center&#8221;][vc_column_text]<em>\u201eV prologu jsem se trochu zamotal do navigace a ztratil jsem n\u011bjak\u00fd \u010das. Dnes r\u00e1no jsem se sna\u017eil, proto jsem nasadil vysok\u00e9 tempo a pokusil se vyhr\u00e1t etapu. Cht\u011bl jsem si vybudovat n\u00e1skok,\u201c<\/em> popsal strategii <strong>Adrien Van Beveren<\/strong>. <em>\u201eJel jsem rychle, ale nezapom\u00ednal jsem ani na opatrnost. Z\u00edtra n\u00e1s \u010dek\u00e1 dal\u0161\u00ed dlouh\u00fd den a j\u00e1 budu nav\u00edc na tra\u0165 vyr\u00e1\u017eet jako prvn\u00ed.\u201c<\/em><\/p>\n<p>Francouz byl v prvn\u00ed etap\u011b o v\u00edce ne\u017e \u010dty\u0159i minuty rychlej\u0161\u00ed ne\u017e Svitko, dal\u0161\u00edch \u0161est minut ztratil Metge. \u010ctvrt\u00fd je Portugalec Joaquim Rodrigues, jen\u017e se loni p\u0159i debutu na Dakaru bl\u00fdskl des\u00e1t\u00fdm m\u00edstem absolutn\u011b. P\u00e1t\u00e9 m\u00edsto po prvn\u00edm dnu dr\u017e\u00ed b\u00fdval\u00fd jezdec \u010desk\u00e9ho t\u00fdmu MRG Jacopo Cerutti.<\/p>\n<p>\u00datern\u00ed okruh kolem bivaku v Xeluce m\u011b\u0159\u00ed 212 kilometr\u016f. Na \u00favod si budou muset \u00fa\u010dastn\u00edci z\u00e1vodu poradit s dunami oblasti Erg Chebbi. Z\u00e1v\u011bre\u010dn\u00e1 \u010d\u00e1st etapy je rychlej\u0161\u00ed, ale zase obt\u00ed\u017en\u011bj\u0161\u00ed na navigaci.[\/vc_column_text][vc_column_text]<\/p>\n<h4 style=\"text-align: center;\">Pr\u016fb\u011b\u017en\u00e9 po\u0159ad\u00ed Merzouga Rally 2019<\/h4>\n<p style=\"text-align: center;\"><strong>Motocykly po 1. etap\u011b<\/strong><\/p>\n<table style=\"width: 97.7654%; height: 192px;\">\n<tbody>\n<tr style=\"background-color: #dbd9d9;\">\n<td style=\"width: 6.4117%; height: 24px;\">1.<\/td>\n<td style=\"width: 44.3195%; height: 24px;\">Adrien Van Beveren<\/td>\n<td style=\"width: 33.6333%; height: 24px;\">Yamaha<\/td>\n<td style=\"width: 14.3982%; height: 24px;\">3:51:35<\/td>\n<\/tr>\n<tr style=\"height: 24px;\">\n<td style=\"width: 6.4117%; height: 24px;\">2.<\/td>\n<td style=\"width: 44.3195%; height: 24px;\">\u0160tefan Svitko<\/td>\n<td style=\"width: 33.6333%; height: 24px;\">KTM<\/td>\n<td style=\"width: 14.3982%; height: 24px;\">+4:07<\/td>\n<\/tr>\n<tr style=\"background-color: #dbd9d9;\">\n<td style=\"width: 6.4117%; height: 24px;\">3.<\/td>\n<td style=\"width: 44.3195%; height: 24px;\">Michael Metge<\/td>\n<td style=\"width: 33.6333%; height: 24px;\">Sherco<\/td>\n<td style=\"width: 14.3982%; height: 24px;\">+9:15<\/td>\n<\/tr>\n<tr style=\"height: 24px;\">\n<td style=\"width: 6.4117%; height: 24px;\">4.<\/td>\n<td style=\"width: 44.3195%; height: 24px;\">Joaquim Rodrigues<\/td>\n<td style=\"width: 33.6333%; height: 24px;\">Speedbrain\/Hero<\/td>\n<td style=\"width: 14.3982%; height: 24px;\">+13:34<\/td>\n<\/tr>\n<tr style=\"background-color: #dbd9d9;\">\n<td style=\"width: 6.4117%; height: 24px;\">5.<\/td>\n<td style=\"width: 44.3195%; height: 24px;\">Jacopo Cerutti<\/td>\n<td style=\"width: 33.6333%; height: 24px;\">Husqvarna<\/td>\n<td style=\"width: 14.3982%; height: 24px;\">+14:56<\/td>\n<\/tr>\n<tr style=\"height: 24px;\">\n<td style=\"width: 6.4117%; height: 24px;\">6.<\/td>\n<td style=\"width: 44.3195%; height: 24px;\">Ross Branch<\/td>\n<td style=\"width: 33.6333%; height: 24px;\">KTM<\/td>\n<td style=\"width: 14.3982%; height: 24px;\">+17:25<\/td>\n<\/tr>\n<\/tbody>\n<\/table>\n<p>[\/vc_column_text][\/vc_column][\/vc_row]<\/p>\n","protected":false},"excerpt":{"rendered":"<p>[vc_row][vc_column][vc_column_text] \u00davodn\u00ed etapu Merzouga Rally 2019 vyhr\u00e1l tov\u00e1rn\u00ed jezdec Yamahy Adrien Van Beveren. Na druh\u00e9 p\u0159\u00ed\u010dce pr\u016fb\u011b\u017en\u00e9ho hodnocen\u00ed figuruje Slov\u00e1k \u0160tefan Svitko s KTM. Jubilejn\u00ed des\u00e1t\u00fd ro\u010dn\u00edk marock\u00e9 sout\u011b\u017ee odstartoval u\u017e v ned\u011bli kr\u00e1tk\u00fdm dvoukilometrov\u00fdm prologem, kter\u00fd m\u011bl p\u0159edev\u0161\u00edm ur\u010dit startovn\u00ed po\u0159ad\u00ed pro prvn\u00ed etapu. Skute\u010dn\u011b naplno se rally rozjela a\u017e v pond\u011bl\u00ed, kdy byla [&hellip;]<\/p>\n","protected":false},"author":1,"featured_media":4821,"comment_status":"open","ping_status":"closed","sticky":false,"template":"","format":"standard","meta":{"footnotes":""},"categories":[638,15],"tags":[425,236,787,788,786,785,168,784],"class_list":["post-4823","post","type-post","status-publish","format-standard","has-post-thumbnail","hentry","category-merzouga","category-moto-quad","tag-425","tag-adrien-van-beveren","tag-dakar-series","tag-dakar-series-2019","tag-merzouga-rally","tag-merzouga-rally-2019","tag-yamaha","tag-yamaha-racing"],"yoast_head":"<!-- This site is optimized with the Yoast SEO plugin v24.9 - https:\/\/yoast.com\/wordpress\/plugins\/seo\/ -->\n<title>Merzouga: Tempo diktuj\u00ed Van Beveren a Svitko - DAKARMANIA.cz<\/title>\n<meta name=\"description\" content=\"\u00davodn\u00ed etapu Merzouga Rally 2019 vyhr\u00e1l tov\u00e1rn\u00ed jezdec Yamahy Adrien Van Beveren. Na druh\u00e9 p\u0159\u00ed\u010dce pr\u016fb\u011b\u017en\u00e9ho hodnocen\u00ed figuruje Slov\u00e1k \u0160tefan Svitko s KTM.\" \/>\n<meta name=\"robots\" content=\"index, follow, max-snippet:-1, max-image-preview:large, max-video-preview:-1\" \/>\n<link rel=\"canonical\" href=\"https:\/\/www.dakarmania.cz\/index.php\/2019\/04\/02\/merzouga-tempo-diktuji-van-beveren-a-svitko\/\" \/>\n<meta property=\"og:locale\" content=\"cs_CZ\" \/>\n<meta property=\"og:type\" content=\"article\" \/>\n<meta property=\"og:title\" content=\"Merzouga: Tempo diktuj\u00ed Van Beveren a Svitko - DAKARMANIA.cz\" \/>\n<meta property=\"og:description\" content=\"\u00davodn\u00ed etapu Merzouga Rally 2019 vyhr\u00e1l tov\u00e1rn\u00ed jezdec Yamahy Adrien Van Beveren. Na druh\u00e9 p\u0159\u00ed\u010dce pr\u016fb\u011b\u017en\u00e9ho hodnocen\u00ed figuruje Slov\u00e1k \u0160tefan Svitko s KTM.\" \/>\n<meta property=\"og:url\" content=\"https:\/\/www.dakarmania.cz\/index.php\/2019\/04\/02\/merzouga-tempo-diktuji-van-beveren-a-svitko\/\" \/>\n<meta property=\"og:site_name\" content=\"DAKARMANIA.cz\" \/>\n<meta property=\"article:publisher\" content=\"https:\/\/www.facebook.com\/dakarmania\/\" \/>\n<meta property=\"article:published_time\" content=\"2019-04-01T23:45:28+00:00\" \/>\n<meta property=\"og:image\" content=\"https:\/\/www.dakarmania.cz\/wp-content\/uploads\/2019\/04\/19-merzouga-van-beveren-01.jpg\" \/>\n\t<meta property=\"og:image:width\" content=\"2048\" \/>\n\t<meta property=\"og:image:height\" content=\"1363\" \/>\n\t<meta property=\"og:image:type\" content=\"image\/jpeg\" \/>\n<meta name=\"author\" content=\"Zden\u011bk Zelenka\" \/>\n<meta name=\"twitter:card\" content=\"summary_large_image\" \/>\n<meta name=\"twitter:label1\" content=\"Napsal(a)\" \/>\n\t<meta name=\"twitter:data1\" content=\"Zden\u011bk Zelenka\" \/>\n\t<meta name=\"twitter:label2\" content=\"Odhadovan\u00e1 doba \u010dten\u00ed\" \/>\n\t<meta name=\"twitter:data2\" content=\"2 minuty\" \/>\n<script type=\"application\/ld+json\" class=\"yoast-schema-graph\">{\"@context\":\"https:\/\/schema.org\",\"@graph\":[{\"@type\":\"Article\",\"@id\":\"https:\/\/www.dakarmania.cz\/index.php\/2019\/04\/02\/merzouga-tempo-diktuji-van-beveren-a-svitko\/#article\",\"isPartOf\":{\"@id\":\"https:\/\/www.dakarmania.cz\/index.php\/2019\/04\/02\/merzouga-tempo-diktuji-van-beveren-a-svitko\/\"},\"author\":{\"name\":\"Zden\u011bk Zelenka\",\"@id\":\"https:\/\/www.dakarmania.cz\/#\/schema\/person\/04eb0e87a389631c2169c0dddae7ff1e\"},\"headline\":\"Merzouga: Tempo diktuj\u00ed Van Beveren a Svitko\",\"datePublished\":\"2019-04-01T23:45:28+00:00\",\"mainEntityOfPage\":{\"@id\":\"https:\/\/www.dakarmania.cz\/index.php\/2019\/04\/02\/merzouga-tempo-diktuji-van-beveren-a-svitko\/\"},\"wordCount\":393,\"commentCount\":0,\"publisher\":{\"@id\":\"https:\/\/www.dakarmania.cz\/#organization\"},\"image\":{\"@id\":\"https:\/\/www.dakarmania.cz\/index.php\/2019\/04\/02\/merzouga-tempo-diktuji-van-beveren-a-svitko\/#primaryimage\"},\"thumbnailUrl\":\"https:\/\/www.dakarmania.cz\/wp-content\/uploads\/2019\/04\/19-merzouga-van-beveren-01.jpg\",\"keywords\":[\"2019\",\"Adrien Van Beveren\",\"Dakar Series\",\"Dakar Series 2019\",\"Merzouga Rally\",\"Merzouga Rally 2019\",\"Yamaha\",\"Yamaha Racing\"],\"articleSection\":[\"Merzouga Rally\",\"Moto\/Quad\"],\"inLanguage\":\"cs\",\"potentialAction\":[{\"@type\":\"CommentAction\",\"name\":\"Comment\",\"target\":[\"https:\/\/www.dakarmania.cz\/index.php\/2019\/04\/02\/merzouga-tempo-diktuji-van-beveren-a-svitko\/#respond\"]}]},{\"@type\":\"WebPage\",\"@id\":\"https:\/\/www.dakarmania.cz\/index.php\/2019\/04\/02\/merzouga-tempo-diktuji-van-beveren-a-svitko\/\",\"url\":\"https:\/\/www.dakarmania.cz\/index.php\/2019\/04\/02\/merzouga-tempo-diktuji-van-beveren-a-svitko\/\",\"name\":\"Merzouga: Tempo diktuj\u00ed Van Beveren a Svitko - DAKARMANIA.cz\",\"isPartOf\":{\"@id\":\"https:\/\/www.dakarmania.cz\/#website\"},\"primaryImageOfPage\":{\"@id\":\"https:\/\/www.dakarmania.cz\/index.php\/2019\/04\/02\/merzouga-tempo-diktuji-van-beveren-a-svitko\/#primaryimage\"},\"image\":{\"@id\":\"https:\/\/www.dakarmania.cz\/index.php\/2019\/04\/02\/merzouga-tempo-diktuji-van-beveren-a-svitko\/#primaryimage\"},\"thumbnailUrl\":\"https:\/\/www.dakarmania.cz\/wp-content\/uploads\/2019\/04\/19-merzouga-van-beveren-01.jpg\",\"datePublished\":\"2019-04-01T23:45:28+00:00\",\"description\":\"\u00davodn\u00ed etapu Merzouga Rally 2019 vyhr\u00e1l tov\u00e1rn\u00ed jezdec Yamahy Adrien Van Beveren. Na druh\u00e9 p\u0159\u00ed\u010dce pr\u016fb\u011b\u017en\u00e9ho hodnocen\u00ed figuruje Slov\u00e1k \u0160tefan Svitko s KTM.\",\"breadcrumb\":{\"@id\":\"https:\/\/www.dakarmania.cz\/index.php\/2019\/04\/02\/merzouga-tempo-diktuji-van-beveren-a-svitko\/#breadcrumb\"},\"inLanguage\":\"cs\",\"potentialAction\":[{\"@type\":\"ReadAction\",\"target\":[\"https:\/\/www.dakarmania.cz\/index.php\/2019\/04\/02\/merzouga-tempo-diktuji-van-beveren-a-svitko\/\"]}]},{\"@type\":\"ImageObject\",\"inLanguage\":\"cs\",\"@id\":\"https:\/\/www.dakarmania.cz\/index.php\/2019\/04\/02\/merzouga-tempo-diktuji-van-beveren-a-svitko\/#primaryimage\",\"url\":\"https:\/\/www.dakarmania.cz\/wp-content\/uploads\/2019\/04\/19-merzouga-van-beveren-01.jpg\",\"contentUrl\":\"https:\/\/www.dakarmania.cz\/wp-content\/uploads\/2019\/04\/19-merzouga-van-beveren-01.jpg\",\"width\":2048,\"height\":1363,\"caption\":\"Adrien Van Beveren, Yamaha WR450F Rally, Yamaha Official Rally Team. Merzouga Rally 2019. \u00a9 Yamaha Racing\"},{\"@type\":\"BreadcrumbList\",\"@id\":\"https:\/\/www.dakarmania.cz\/index.php\/2019\/04\/02\/merzouga-tempo-diktuji-van-beveren-a-svitko\/#breadcrumb\",\"itemListElement\":[{\"@type\":\"ListItem\",\"position\":1,\"name\":\"Dom\u016f\",\"item\":\"https:\/\/www.dakarmania.cz\/\"},{\"@type\":\"ListItem\",\"position\":2,\"name\":\"Merzouga: Tempo diktuj\u00ed Van Beveren a Svitko\"}]},{\"@type\":\"WebSite\",\"@id\":\"https:\/\/www.dakarmania.cz\/#website\",\"url\":\"https:\/\/www.dakarmania.cz\/\",\"name\":\"DAKARMANIA.cz\",\"description\":\"\u017dijeme Dakarem cel\u00fd rok\",\"publisher\":{\"@id\":\"https:\/\/www.dakarmania.cz\/#organization\"},\"potentialAction\":[{\"@type\":\"SearchAction\",\"target\":{\"@type\":\"EntryPoint\",\"urlTemplate\":\"https:\/\/www.dakarmania.cz\/?s={search_term_string}\"},\"query-input\":{\"@type\":\"PropertyValueSpecification\",\"valueRequired\":true,\"valueName\":\"search_term_string\"}}],\"inLanguage\":\"cs\"},{\"@type\":\"Organization\",\"@id\":\"https:\/\/www.dakarmania.cz\/#organization\",\"name\":\"DAKAR MANIA\",\"url\":\"https:\/\/www.dakarmania.cz\/\",\"logo\":{\"@type\":\"ImageObject\",\"inLanguage\":\"cs\",\"@id\":\"https:\/\/www.dakarmania.cz\/#\/schema\/logo\/image\/\",\"url\":\"https:\/\/www.dakarmania.cz\/wp-content\/uploads\/2018\/12\/Dakar-Mania-Logo-Square-Orange.png\",\"contentUrl\":\"https:\/\/www.dakarmania.cz\/wp-content\/uploads\/2018\/12\/Dakar-Mania-Logo-Square-Orange.png\",\"width\":992,\"height\":992,\"caption\":\"DAKAR MANIA\"},\"image\":{\"@id\":\"https:\/\/www.dakarmania.cz\/#\/schema\/logo\/image\/\"},\"sameAs\":[\"https:\/\/www.facebook.com\/dakarmania\/\"]},{\"@type\":\"Person\",\"@id\":\"https:\/\/www.dakarmania.cz\/#\/schema\/person\/04eb0e87a389631c2169c0dddae7ff1e\",\"name\":\"Zden\u011bk Zelenka\",\"image\":{\"@type\":\"ImageObject\",\"inLanguage\":\"cs\",\"@id\":\"https:\/\/www.dakarmania.cz\/#\/schema\/person\/image\/\",\"url\":\"https:\/\/secure.gravatar.com\/avatar\/2c80d5a4942fe0900b73cc7d3837a509d6ee0a276a2b76dac95c92bd0763a89b?s=96&d=mm&r=g\",\"contentUrl\":\"https:\/\/secure.gravatar.com\/avatar\/2c80d5a4942fe0900b73cc7d3837a509d6ee0a276a2b76dac95c92bd0763a89b?s=96&d=mm&r=g\",\"caption\":\"Zden\u011bk Zelenka\"},\"description\":\"Moji d\u011bt\u0161t\u00ed hrdinov\u00e9 se jmenovali Loprais, Moskal, Neveu, Vatanen, Rahier... A tihle borci, jejich n\u00e1sledovn\u00edci a jejich p\u0159\u00edb\u011bhy m\u011b nep\u0159estali fascinovat ani po letech, kdy jsem vyrostl a zam\u011bstn\u00e1valy m\u011b jin\u00e9 discipl\u00edny motorsportu. Proto se zrodila DAKARMANIA.\",\"url\":\"https:\/\/www.dakarmania.cz\/index.php\/author\/dakarmania\/\"}]}<\/script>\n<!-- \/ Yoast SEO plugin. -->","yoast_head_json":{"title":"Merzouga: Tempo diktuj\u00ed Van Beveren a Svitko - DAKARMANIA.cz","description":"\u00davodn\u00ed etapu Merzouga Rally 2019 vyhr\u00e1l tov\u00e1rn\u00ed jezdec Yamahy Adrien Van Beveren. Na druh\u00e9 p\u0159\u00ed\u010dce pr\u016fb\u011b\u017en\u00e9ho hodnocen\u00ed figuruje Slov\u00e1k \u0160tefan Svitko s KTM.","robots":{"index":"index","follow":"follow","max-snippet":"max-snippet:-1","max-image-preview":"max-image-preview:large","max-video-preview":"max-video-preview:-1"},"canonical":"https:\/\/www.dakarmania.cz\/index.php\/2019\/04\/02\/merzouga-tempo-diktuji-van-beveren-a-svitko\/","og_locale":"cs_CZ","og_type":"article","og_title":"Merzouga: Tempo diktuj\u00ed Van Beveren a Svitko - DAKARMANIA.cz","og_description":"\u00davodn\u00ed etapu Merzouga Rally 2019 vyhr\u00e1l tov\u00e1rn\u00ed jezdec Yamahy Adrien Van Beveren. Na druh\u00e9 p\u0159\u00ed\u010dce pr\u016fb\u011b\u017en\u00e9ho hodnocen\u00ed figuruje Slov\u00e1k \u0160tefan Svitko s KTM.","og_url":"https:\/\/www.dakarmania.cz\/index.php\/2019\/04\/02\/merzouga-tempo-diktuji-van-beveren-a-svitko\/","og_site_name":"DAKARMANIA.cz","article_publisher":"https:\/\/www.facebook.com\/dakarmania\/","article_published_time":"2019-04-01T23:45:28+00:00","og_image":[{"width":2048,"height":1363,"url":"https:\/\/www.dakarmania.cz\/wp-content\/uploads\/2019\/04\/19-merzouga-van-beveren-01.jpg","type":"image\/jpeg"}],"author":"Zden\u011bk Zelenka","twitter_card":"summary_large_image","twitter_misc":{"Napsal(a)":"Zden\u011bk Zelenka","Odhadovan\u00e1 doba \u010dten\u00ed":"2 minuty"},"schema":{"@context":"https:\/\/schema.org","@graph":[{"@type":"Article","@id":"https:\/\/www.dakarmania.cz\/index.php\/2019\/04\/02\/merzouga-tempo-diktuji-van-beveren-a-svitko\/#article","isPartOf":{"@id":"https:\/\/www.dakarmania.cz\/index.php\/2019\/04\/02\/merzouga-tempo-diktuji-van-beveren-a-svitko\/"},"author":{"name":"Zden\u011bk Zelenka","@id":"https:\/\/www.dakarmania.cz\/#\/schema\/person\/04eb0e87a389631c2169c0dddae7ff1e"},"headline":"Merzouga: Tempo diktuj\u00ed Van Beveren a Svitko","datePublished":"2019-04-01T23:45:28+00:00","mainEntityOfPage":{"@id":"https:\/\/www.dakarmania.cz\/index.php\/2019\/04\/02\/merzouga-tempo-diktuji-van-beveren-a-svitko\/"},"wordCount":393,"commentCount":0,"publisher":{"@id":"https:\/\/www.dakarmania.cz\/#organization"},"image":{"@id":"https:\/\/www.dakarmania.cz\/index.php\/2019\/04\/02\/merzouga-tempo-diktuji-van-beveren-a-svitko\/#primaryimage"},"thumbnailUrl":"https:\/\/www.dakarmania.cz\/wp-content\/uploads\/2019\/04\/19-merzouga-van-beveren-01.jpg","keywords":["2019","Adrien Van Beveren","Dakar Series","Dakar Series 2019","Merzouga Rally","Merzouga Rally 2019","Yamaha","Yamaha Racing"],"articleSection":["Merzouga Rally","Moto\/Quad"],"inLanguage":"cs","potentialAction":[{"@type":"CommentAction","name":"Comment","target":["https:\/\/www.dakarmania.cz\/index.php\/2019\/04\/02\/merzouga-tempo-diktuji-van-beveren-a-svitko\/#respond"]}]},{"@type":"WebPage","@id":"https:\/\/www.dakarmania.cz\/index.php\/2019\/04\/02\/merzouga-tempo-diktuji-van-beveren-a-svitko\/","url":"https:\/\/www.dakarmania.cz\/index.php\/2019\/04\/02\/merzouga-tempo-diktuji-van-beveren-a-svitko\/","name":"Merzouga: Tempo diktuj\u00ed Van Beveren a Svitko - DAKARMANIA.cz","isPartOf":{"@id":"https:\/\/www.dakarmania.cz\/#website"},"primaryImageOfPage":{"@id":"https:\/\/www.dakarmania.cz\/index.php\/2019\/04\/02\/merzouga-tempo-diktuji-van-beveren-a-svitko\/#primaryimage"},"image":{"@id":"https:\/\/www.dakarmania.cz\/index.php\/2019\/04\/02\/merzouga-tempo-diktuji-van-beveren-a-svitko\/#primaryimage"},"thumbnailUrl":"https:\/\/www.dakarmania.cz\/wp-content\/uploads\/2019\/04\/19-merzouga-van-beveren-01.jpg","datePublished":"2019-04-01T23:45:28+00:00","description":"\u00davodn\u00ed etapu Merzouga Rally 2019 vyhr\u00e1l tov\u00e1rn\u00ed jezdec Yamahy Adrien Van Beveren. Na druh\u00e9 p\u0159\u00ed\u010dce pr\u016fb\u011b\u017en\u00e9ho hodnocen\u00ed figuruje Slov\u00e1k \u0160tefan Svitko s KTM.","breadcrumb":{"@id":"https:\/\/www.dakarmania.cz\/index.php\/2019\/04\/02\/merzouga-tempo-diktuji-van-beveren-a-svitko\/#breadcrumb"},"inLanguage":"cs","potentialAction":[{"@type":"ReadAction","target":["https:\/\/www.dakarmania.cz\/index.php\/2019\/04\/02\/merzouga-tempo-diktuji-van-beveren-a-svitko\/"]}]},{"@type":"ImageObject","inLanguage":"cs","@id":"https:\/\/www.dakarmania.cz\/index.php\/2019\/04\/02\/merzouga-tempo-diktuji-van-beveren-a-svitko\/#primaryimage","url":"https:\/\/www.dakarmania.cz\/wp-content\/uploads\/2019\/04\/19-merzouga-van-beveren-01.jpg","contentUrl":"https:\/\/www.dakarmania.cz\/wp-content\/uploads\/2019\/04\/19-merzouga-van-beveren-01.jpg","width":2048,"height":1363,"caption":"Adrien Van Beveren, Yamaha WR450F Rally, Yamaha Official Rally Team. Merzouga Rally 2019. \u00a9 Yamaha Racing"},{"@type":"BreadcrumbList","@id":"https:\/\/www.dakarmania.cz\/index.php\/2019\/04\/02\/merzouga-tempo-diktuji-van-beveren-a-svitko\/#breadcrumb","itemListElement":[{"@type":"ListItem","position":1,"name":"Dom\u016f","item":"https:\/\/www.dakarmania.cz\/"},{"@type":"ListItem","position":2,"name":"Merzouga: Tempo diktuj\u00ed Van Beveren a Svitko"}]},{"@type":"WebSite","@id":"https:\/\/www.dakarmania.cz\/#website","url":"https:\/\/www.dakarmania.cz\/","name":"DAKARMANIA.cz","description":"\u017dijeme Dakarem cel\u00fd rok","publisher":{"@id":"https:\/\/www.dakarmania.cz\/#organization"},"potentialAction":[{"@type":"SearchAction","target":{"@type":"EntryPoint","urlTemplate":"https:\/\/www.dakarmania.cz\/?s={search_term_string}"},"query-input":{"@type":"PropertyValueSpecification","valueRequired":true,"valueName":"search_term_string"}}],"inLanguage":"cs"},{"@type":"Organization","@id":"https:\/\/www.dakarmania.cz\/#organization","name":"DAKAR MANIA","url":"https:\/\/www.dakarmania.cz\/","logo":{"@type":"ImageObject","inLanguage":"cs","@id":"https:\/\/www.dakarmania.cz\/#\/schema\/logo\/image\/","url":"https:\/\/www.dakarmania.cz\/wp-content\/uploads\/2018\/12\/Dakar-Mania-Logo-Square-Orange.png","contentUrl":"https:\/\/www.dakarmania.cz\/wp-content\/uploads\/2018\/12\/Dakar-Mania-Logo-Square-Orange.png","width":992,"height":992,"caption":"DAKAR MANIA"},"image":{"@id":"https:\/\/www.dakarmania.cz\/#\/schema\/logo\/image\/"},"sameAs":["https:\/\/www.facebook.com\/dakarmania\/"]},{"@type":"Person","@id":"https:\/\/www.dakarmania.cz\/#\/schema\/person\/04eb0e87a389631c2169c0dddae7ff1e","name":"Zden\u011bk Zelenka","image":{"@type":"ImageObject","inLanguage":"cs","@id":"https:\/\/www.dakarmania.cz\/#\/schema\/person\/image\/","url":"https:\/\/secure.gravatar.com\/avatar\/2c80d5a4942fe0900b73cc7d3837a509d6ee0a276a2b76dac95c92bd0763a89b?s=96&d=mm&r=g","contentUrl":"https:\/\/secure.gravatar.com\/avatar\/2c80d5a4942fe0900b73cc7d3837a509d6ee0a276a2b76dac95c92bd0763a89b?s=96&d=mm&r=g","caption":"Zden\u011bk Zelenka"},"description":"Moji d\u011bt\u0161t\u00ed hrdinov\u00e9 se jmenovali Loprais, Moskal, Neveu, Vatanen, Rahier... A tihle borci, jejich n\u00e1sledovn\u00edci a jejich p\u0159\u00edb\u011bhy m\u011b nep\u0159estali fascinovat ani po letech, kdy jsem vyrostl a zam\u011bstn\u00e1valy m\u011b jin\u00e9 discipl\u00edny motorsportu. Proto se zrodila DAKARMANIA.","url":"https:\/\/www.dakarmania.cz\/index.php\/author\/dakarmania\/"}]}},"amp_enabled":true,"_links":{"self":[{"href":"https:\/\/www.dakarmania.cz\/index.php\/wp-json\/wp\/v2\/posts\/4823","targetHints":{"allow":["GET"]}}],"collection":[{"href":"https:\/\/www.dakarmania.cz\/index.php\/wp-json\/wp\/v2\/posts"}],"about":[{"href":"https:\/\/www.dakarmania.cz\/index.php\/wp-json\/wp\/v2\/types\/post"}],"author":[{"embeddable":true,"href":"https:\/\/www.dakarmania.cz\/index.php\/wp-json\/wp\/v2\/users\/1"}],"replies":[{"embeddable":true,"href":"https:\/\/www.dakarmania.cz\/index.php\/wp-json\/wp\/v2\/comments?post=4823"}],"version-history":[{"count":1,"href":"https:\/\/www.dakarmania.cz\/index.php\/wp-json\/wp\/v2\/posts\/4823\/revisions"}],"predecessor-version":[{"id":4824,"href":"https:\/\/www.dakarmania.cz\/index.php\/wp-json\/wp\/v2\/posts\/4823\/revisions\/4824"}],"wp:featuredmedia":[{"embeddable":true,"href":"https:\/\/www.dakarmania.cz\/index.php\/wp-json\/wp\/v2\/media\/4821"}],"wp:attachment":[{"href":"https:\/\/www.dakarmania.cz\/index.php\/wp-json\/wp\/v2\/media?parent=4823"}],"wp:term":[{"taxonomy":"category","embeddable":true,"href":"https:\/\/www.dakarmania.cz\/index.php\/wp-json\/wp\/v2\/categories?post=4823"},{"taxonomy":"post_tag","embeddable":true,"href":"https:\/\/www.dakarmania.cz\/index.php\/wp-json\/wp\/v2\/tags?post=4823"}],"curies":[{"name":"wp","href":"https:\/\/api.w.org\/{rel}","templated":true}]}}