{"id":4838,"date":"2019-04-02T13:52:13","date_gmt":"2019-04-02T11:52:13","guid":{"rendered":"https:\/\/www.dakarmania.cz\/?p=4838"},"modified":"2019-10-31T11:12:08","modified_gmt":"2019-10-31T10:12:08","slug":"abu-dhabi-etapa-pro-przygonskeho","status":"publish","type":"post","link":"https:\/\/www.dakarmania.cz\/index.php\/2019\/04\/02\/abu-dhabi-etapa-pro-przygonskeho\/","title":{"rendered":"Abu Dhabi: Etapa pro Przygo\u0144sk\u00e9ho, Peterhansel zvy\u0161uje n\u00e1skok"},"content":{"rendered":"<p>[vc_row][vc_column][vc_column_text]<\/p>\n<h4>Kuba Przygo\u0144ski s buggy Mini vyhr\u00e1l t\u0159et\u00ed etapu Abu Dhabi Desert Challenge 2019 a v pr\u016fb\u011b\u017en\u00e9m hodnocen\u00ed kategorie automobil\u016f se p\u0159ibl\u00ed\u017eil p\u00f3diov\u00fdm p\u0159\u00ed\u010dk\u00e1m. St\u00e9phane Peterhasel byl na nejdel\u0161\u00ed rychlostn\u00ed zkou\u0161ce cel\u00e9 sout\u011b\u017ee druh\u00fd nejrychlej\u0161\u00ed. D\u00edky tomu Francouz t\u00e9m\u011b\u0159 zdvojn\u00e1sobil sv\u016fj n\u00e1skok na \u010dele.<\/h4>\n<p>Kuba Przygo\u0144ski s Timem Gottschalkem doh\u00e1n\u011bj\u00ed men\u0161\u00ed ztr\u00e1tu z <a href=\"https:\/\/www.dakarmania.cz\/index.php\/2019\/03\/31\/abu-dhabi-nejlepe-zacal-despres\/\">\u00favodn\u00ed etapy<\/a>, kdy je do c\u00edle musel na lan\u011b dot\u00e1hnout Martin Prokop. \u00datern\u00ed rychlostn\u00ed zkou\u0161ku dlouhou 298 kilometr\u016f zvl\u00e1dla polsko-n\u011bmeck\u00e1 pos\u00e1dka za t\u0159i hodiny a 48 minut. Obh\u00e1jce lo\u0148sk\u00e9ho v\u00edt\u011bzstv\u00ed ve sv\u011btov\u00e9m poh\u00e1ru v cross-country rally tak byl o dv\u011b minuty a devaten\u00e1ct sekund rychlej\u0161\u00ed ne\u017e Peterhansel s Mini JCW Rally.<\/p>\n<p><em>\u201eV prost\u0159edn\u00ed \u010d\u00e1sti rychlostn\u00ed zkou\u0161ky jsme se sjeli do t\u0159\u00ed\u010dlenn\u00e9 skupiny. Chv\u00edli jsme jeli za Qassimim a pokusili jsme se ho p\u0159edjet, ale jel skv\u011ble a my jsme ho p\u0159edstihnout nedok\u00e1zali,\u201c<\/em> popsal <strong>Kuba Przygo\u0144ski<\/strong>, jemu\u017e i j\u00edzda v t\u00e9to skupin\u011b pomohla k v\u00edt\u011bzstv\u00ed v etap\u011b.[\/vc_column_text][vc_single_image image=&#8221;4844&#8243; img_size=&#8221;large&#8221; add_caption=&#8221;yes&#8221; alignment=&#8221;center&#8221;][vc_column_text]Peterhansel, kter\u00e9ho na sout\u011b\u017ei <a href=\"https:\/\/www.dakarmania.cz\/index.php\/2019\/03\/21\/abu-dhabi-peterhanselovi-spolecne\/\">naviguje man\u017eelka Andrea<\/a>, <a href=\"https:\/\/www.dakarmania.cz\/index.php\/2019\/04\/01\/abu-dhabi-novym-leaderem-peterhansel\/\">se v\u010dera ujal veden\u00ed<\/a> a dnes si jej upevnil. Pr\u016fb\u011b\u017en\u011b druh\u00e9ho Bernharda ten Brinkeho s Toyotou porazil o minutu a 57 sekund a v celkov\u00e9m sou\u010dtu tak m\u00e1 p\u0159ed Nizozemcem k dobru u\u017e t\u00e9m\u011b\u0159 \u010dty\u0159i a p\u016fl minuty.<\/p>\n<p><em>\u201eZa\u010dali jsme velice rychle, dojeli jsme Yazeeda<\/em> [Al-Rajhiho] <em>a vid\u011bli jsme, \u017ee m\u00e1 probl\u00e9m. Pak jsme dostihli Jakuba<\/em> [Przygo\u0144sk\u00e9ho]<em>. Bohu\u017eel jen o chv\u00edli pozd\u011bji n\u00e1m na rychl\u00e9m rovn\u00e9m \u00faseku explodovala lev\u00e1 p\u0159edn\u00ed pneumatika. Vym\u011bnili jsme ji, ale po deseti kilometrech jsme m\u011bli dal\u0161\u00ed defekt,\u201c<\/em> popisoval <strong>Bernhard ten Brinke<\/strong>.[\/vc_column_text][vc_single_image image=&#8221;4859&#8243; img_size=&#8221;large&#8221; add_caption=&#8221;yes&#8221; alignment=&#8221;center&#8221;][vc_column_text]<\/p>\n<h4>Siln\u00e1 sme\u010dka pron\u00e1sledovatel\u016f<\/h4>\n<p>Ten Brinke nav\u00edc nem\u016f\u017ee pom\u00fd\u0161let jen na \u00fatok dop\u0159edu, ale mus\u00ed si tak\u00e9 hl\u00eddat z\u00e1da. Ve v\u00fdsledc\u00edch etapy se mezi n\u011bj a druh\u00e9ho Peterhansela vkl\u00ednil je\u0161t\u011b Khalid Al Qassimi s Peugeotem. Dom\u00e1c\u00ed pilot z\u016fst\u00e1v\u00e1 po dne\u0161ku pr\u016fb\u011b\u017en\u011b t\u0159et\u00ed, ov\u0161em od Ten Brinkeho jej d\u011bl\u00ed u\u017e pouze t\u0159in\u00e1ct sekund.<\/p>\n<p><em>\u201eDne\u0161n\u00ed rychlostn\u00ed zkou\u0161ka byla p\u011bkn\u00e1 a bylo p\u0159\u00edjemn\u00e9 jet jako prvn\u00ed,\u201c<\/em> pochvaloval si <strong>Khalid Al Qassimi<\/strong>. <em>\u201eUdr\u017eeli jsme se ve form\u011b a nikdo n\u00e1s nedok\u00e1zal p\u0159edjet. Byl to p\u0159\u00edjemn\u00fd den se spoustou m\u011bkk\u00e9ho p\u00edsku.\u201c<\/em><\/p>\n<p>Zezadu se p\u0159ibli\u017euje tak\u00e9 \u010dtvrt\u00fd Przygo\u0144ski, jeho\u017e ztr\u00e1ta na t\u0159et\u00ed pozici je m\u00e9n\u011b ne\u017e dvouminutov\u00e1.[\/vc_column_text][vc_single_image image=&#8221;4858&#8243; img_size=&#8221;large&#8221; add_caption=&#8221;yes&#8221; alignment=&#8221;center&#8221;][vc_column_text]<a href=\"https:\/\/www.dakarmania.cz\/index.php\/osobnosti\/martin-prokop\/\">Martin Prokop<\/a> s <a href=\"https:\/\/www.dakarmania.cz\/index.php\/osobnosti\/viktor-chytka\/\">Viktorem Chytkou<\/a> si p\u0159ipsali p\u00e1t\u00fd \u010das dne (+ 6:00 min) a na p\u00e1t\u00e9 p\u0159\u00ed\u010dce z\u016fst\u00e1v\u00e1 pos\u00e1dka Fordu t\u00fdmu MP-Sports i celkov\u011b.<\/p>\n<p><em>\u201eV\u010dera jsme m\u011bli p\u0159\u00edle\u017eitost j\u00edt do veden\u00ed, ale nevyu\u017eili jsme j\u00ed. Dne\u0161n\u00ed etapu jsme projeli v pohod\u011b, ale nevymysleli jsme nic extra. Jeli jsme jenom standardn\u011b,\u201c<\/em> p\u0159ipustil <strong>Martin Prokop<\/strong>. <em>\u201eNeprojelo kolem n\u00e1s \u017e\u00e1dn\u00e9 auto, proto jsme nem\u011bli \u017e\u00e1dnou referenci. Nev\u011bd\u011bli jsme, \u017ee nejedeme moc rychle. V c\u00edli jsem byl smutn\u00fd, proto\u017ee \u010das nebyl dobr\u00fd. Je stra\u0161n\u011b t\u011b\u017ek\u00e9 odhadnout, jestli jedeme rychle, nebo pomalu. V aut\u011b to c\u00edtit nen\u00ed. Nejdel\u0161\u00ed erzeta se n\u00e1m nepoda\u0159ila, ale dnes to bylo sp\u00ed\u0161 takov\u00e9 na oddechnut\u00ed, technicky n\u00e1ro\u010dn\u00e9 to nebylo. Mysl\u00edm si, \u017ee z\u00edtra a poz\u00edt\u0159\u00ed po\u0159adatel\u00e9 zase n\u011bco vyt\u00e1hnou. Snad je\u0161t\u011b dostaneme \u0161anci n\u011bco s v\u00fdsledkem ud\u011blat.\u201c<\/em><\/p>\n<p>Navzdory m\u00edrn\u00e9mu zklam\u00e1n\u00ed, kter\u00e9 z n\u011bj bylo po etap\u011b c\u00edtit, z\u016fst\u00e1v\u00e1 Prokop st\u00e1le mezi uchaze\u010di o nejvy\u0161\u0161\u00ed p\u0159\u00ed\u010dky. Od vedouc\u00edho Peterhansela d\u011bl\u00ed \u010desk\u00e9ho z\u00e1vodn\u00edka jen \u010dtvrt hodiny a v dal\u0161\u00edch dvou dnech na pos\u00e1dky \u010dek\u00e1 je\u0161t\u011b 500 kilometr\u016f rychlostn\u00edch zkou\u0161ek.[\/vc_column_text][vc_single_image image=&#8221;4846&#8243; img_size=&#8221;large&#8221; add_caption=&#8221;yes&#8221; alignment=&#8221;center&#8221;][vc_column_text]<\/p>\n<h4>Velk\u00fd z\u00e1vod i ve druh\u00e9 polovin\u011b elitn\u00ed des\u00edtky<\/h4>\n<p>St\u0159\u00eddav\u011b hor\u0161\u00ed a lep\u0161\u00ed dny zat\u00edm p\u0159i leto\u0161n\u00ed ADDC pro\u017e\u00edv\u00e1 Vladimir Vasiljev. Po nevyda\u0159en\u00e9 \u00favodn\u00ed etap\u011b se Rus se sv\u00fdm BMW v\u010dera posunul na \u0161estou pozici, ale dnes o ni p\u0159i\u0161el na \u00fakor Pol\u00e1ka Arona Dom\u017ca\u0142y (Toyota).<\/p>\n<p><em>\u201eDnes to pro n\u00e1s neza\u010dalo dob\u0159e. Yazeed<\/em> [Al-Rajhi] <em>vypadl kousek po startu, tak\u017ee jsme z aut jeli jako prvn\u00ed a proj\u00ed\u017ed\u011bli jsme stopu, co\u017e nikdy nen\u00ed snadn\u00e9. Pak jsme zapadli do hlubok\u00e9 prol\u00e1kliny. Cyril<\/em> [Despres] <em>n\u00e1m pomohl a vyt\u00e1hl n\u00e1s, za co\u017e jsem mu velice vd\u011b\u010dn\u00fd. Neb\u00fdt jich, byli bychom tam je\u0161t\u011b te\u010f,\u201c<\/em> d\u011bkoval <strong>Vladimir Vasiljev<\/strong>.<\/p>\n<p>Ani <strong>Aron Dom\u017ca\u0142a<\/strong> v\u0161ak nepro\u017eil pr\u00e1v\u011b bezprobl\u00e9mov\u00fd den: <em>\u201eDvakr\u00e1t jsme uv\u00edzli, podruh\u00e9 v hnusn\u00e9 d\u00ed\u0159e, ve kter\u00e9 jsme poni\u010dili levou p\u0159edn\u00ed \u010d\u00e1st auta. Ale po\u010das\u00ed dnes bylo o hodn\u011b lep\u0161\u00ed a my jsme r\u00e1di, \u017ee jsme v c\u00edli.\u201c<\/em>[\/vc_column_text][vc_cta h2=&#8221;&#8221; txt_align=&#8221;center&#8221; color=&#8221;grey&#8221; el_width=&#8221;xl&#8221; css=&#8221;.vc_custom_1554203795130{border-top-width: 1px !important;border-right-width: 1px !important;border-bottom-width: 1px !important;border-left-width: 1px !important;border-left-color: #f49b00 !important;border-right-color: #f49b00 !important;border-top-color: #f49b00 !important;border-bottom-color: #f49b00 !important;}&#8221;]<\/p>\n<h2 style=\"text-align: center;\"><a href=\"https:\/\/www.dakarmania.cz\/index.php\/sampionaty\/svetovy-pohar-fia-v-cross-country-rally-2019\/addc-2019\/\"><strong>Abu Dhabi Desert Challenge podrobn\u011b<\/strong><\/a><\/h2>\n<p style=\"text-align: center;\"><a href=\"https:\/\/www.dakarmania.cz\/index.php\/sampionaty\/svetovy-pohar-fia-v-cross-country-rally-2019\/addc-2019\/\">&gt;&gt; v\u00fdsledky, foto, info, zaj\u00edmavosti<\/a><\/p>\n<p>[\/vc_cta][vc_column_text]Tak\u00e9 ve t\u0159et\u00ed etap\u011b pokra\u010doval nap\u00ednav\u00fd duel o osm\u00e9 m\u00edsto absolutn\u011b a hlavn\u011b o prvn\u00ed p\u0159\u00ed\u010dku ve t\u0159\u00edd\u011b T3 (SxS). Casey Currie byl o 61 sekund rychlej\u0161\u00ed ne\u017e Reinaldo Varela (oba Can-Am) a celkov\u011b m\u00e1 p\u0159ed Brazilcem k dobru minutu a deset sekund.<\/p>\n<p><em>\u201eVarela do toho \u0161el opravdu zostra a my jsme se dr\u017eeli za n\u00edm. Nechali jsme ho jet vp\u0159edu a hr\u00e1li to na jistotu. Jeli jsme naplno, neud\u011blali jsme \u017e\u00e1dnou chybu a p\u0159ed koncem jsme se do toho mohli op\u0159\u00edt je\u0161t\u011b o n\u011bco v\u00edc a p\u0159edjet ho,\u201c<\/em> popsal <strong>Casey Currie<\/strong>\u00a0dal\u0161\u00ed d\u011bjstv\u00ed dramatu, jeho\u017e hlavn\u00edmi hrdiny jsou kolegov\u00e9 z tov\u00e1rn\u00edho t\u00fdmu Can-Am.<\/p>\n<p>Po protr\u00e1pen\u00e9m pond\u011blku klesl Cyril Despres (Mini JCW Buggy) z prvn\u00ed na des\u00e1tou pozici, na kter\u00e9 z\u016fst\u00e1v\u00e1 s v\u00fdraznou ztr\u00e1tou i nad\u00e1le. \u0160est\u00fd \u010das ve t\u0159et\u00ed etap\u011b (+19 min) Francouzi nijak zvl\u00e1\u0161\u0165 nepomohl.<\/p>\n<p><em>\u201eDnes to bylo o pozn\u00e1n\u00ed jednodu\u0161\u0161\u00ed ne\u017e v\u010dera, kdy jsme ohnuli hever, tekl n\u00e1m olej a porouchalo se \u0159\u00edzen\u00ed,\u201c<\/em> vr\u00e1til se k ud\u00e1lostem p\u0159edchoz\u00ed etapy <strong>Cyril Despres<\/strong>. <em>\u201ePrvn\u00ed p\u016flka dne\u0161n\u00ed rychlostn\u00ed zkou\u0161ky byla hodn\u011b rychl\u00e1 se spoustou dlouh\u00fdch sjezd\u016f z dun. Bylo to skv\u011bl\u00e9 a s autem jsme nem\u011bli \u017e\u00e1dn\u00e9 probl\u00e9my.\u201c<\/em>[\/vc_column_text][vc_single_image image=&#8221;4857&#8243; img_size=&#8221;large&#8221; add_caption=&#8221;yes&#8221; alignment=&#8221;center&#8221;][vc_column_text]<a href=\"https:\/\/www.dakarmania.cz\/index.php\/osobnosti\/miroslav-zapletal\/\">Miroslav Zapletal<\/a> s <a href=\"https:\/\/www.dakarmania.cz\/index.php\/osobnosti\/marek-sykora\/\">Markem S\u00fdkorou<\/a> (Ford) nedokon\u010dili druhou etapu kv\u016fli technick\u00fdm probl\u00e9m\u016fm, ale s penalizac\u00ed v z\u00e1vod\u011b pokra\u010duj\u00ed. V \u00fater\u00fd byla pos\u00e1dka t\u00fdmu Offroadsport jeden\u00e1ct\u00e1 (+ 37 min).<\/p>\n<p>Ve st\u0159edu 3. dubna pokra\u010duje Abu Dhabi Desert Challenge 2019 p\u0159edposledn\u00ed etapou, jej\u00ed\u017e rychlostn\u00ed zkou\u0161ka m\u011b\u0159\u00ed 286 kilometr\u016f.[\/vc_column_text][vc_column_text]<\/p>\n<h4 style=\"text-align: center;\">Pr\u016fb\u011b\u017en\u00e9 po\u0159ad\u00ed Abu Dhabi Desert Challenge 2019<\/h4>\n<p style=\"text-align: center;\"><strong>Automobily po 3. etap\u011b<\/strong><\/p>\n<table style=\"width: 97.7654%; height: 192px;\">\n<tbody>\n<tr style=\"background-color: #dbd9d9;\">\n<td style=\"width: 6.4117%; height: 24px;\">1.<\/td>\n<td style=\"width: 44.3195%; height: 24px;\">Peterhansel \/ Peterhansel<\/td>\n<td style=\"width: 33.6333%; height: 24px;\">Mini JCW Rally<\/td>\n<td style=\"width: 14.3982%; height: 24px;\">11:07:29<\/td>\n<\/tr>\n<tr style=\"height: 24px;\">\n<td style=\"width: 6.4117%; height: 24px;\">2.<\/td>\n<td style=\"width: 44.3195%; height: 24px;\">Ten Brinke \/ Colsoul<\/td>\n<td style=\"width: 33.6333%; height: 24px;\">Toyota Hilux<\/td>\n<td style=\"width: 14.3982%; height: 24px;\">+4:23<\/td>\n<\/tr>\n<tr style=\"background-color: #dbd9d9;\">\n<td style=\"width: 6.4117%; height: 24px;\">3.<\/td>\n<td style=\"width: 44.3195%; height: 24px;\">Al Qassimi \/ Panseri<\/td>\n<td style=\"width: 33.6333%; height: 24px;\">Peugeot 3008 DKR<\/td>\n<td style=\"width: 14.3982%; height: 24px;\">+4:36<\/td>\n<\/tr>\n<tr>\n<td style=\"width: 6.4117%; height: 24px;\">4.<\/td>\n<td style=\"width: 44.3195%; height: 24px;\">Przygo\u0144ski \/ Gottschalk<\/td>\n<td style=\"width: 33.6333%; height: 24px;\">Mini JCW Buggy<\/td>\n<td style=\"width: 14.3982%; height: 24px;\">+6:28<\/td>\n<\/tr>\n<tr style=\"background-color: #dbd9d9;\">\n<td style=\"width: 6.4117%; height: 24px;\">5.<\/td>\n<td style=\"width: 44.3195%; height: 24px;\">Prokop \/ Chytka<\/td>\n<td style=\"width: 33.6333%; height: 24px;\">Ford F-150 Evo<\/td>\n<td style=\"width: 14.3982%; height: 24px;\">+15:00<\/td>\n<\/tr>\n<tr>\n<td style=\"width: 6.4117%; height: 24px;\">6.<\/td>\n<td style=\"width: 44.3195%; height: 24px;\">Dom\u017ca\u0142a \/ Marton<\/td>\n<td style=\"width: 33.6333%; height: 24px;\">Toyota Hilux<\/td>\n<td style=\"width: 14.3982%; height: 24px;\">+39:26<\/td>\n<\/tr>\n<tr style=\"background-color: #dbd9d9;\">\n<td style=\"width: 6.4117%; height: 24px;\">7.<\/td>\n<td style=\"width: 44.3195%; height: 24px;\">Vasiljev \/ \u017dilcov<\/td>\n<td style=\"width: 33.6333%; height: 24px;\">BMW X3<\/td>\n<td style=\"width: 14.3982%; height: 24px;\">+46:37<\/td>\n<\/tr>\n<tr style=\"height: 24px;\">\n<td style=\"width: 6.4117%; height: 24px;\">8.<\/td>\n<td style=\"width: 44.3195%; height: 24px;\">Currie \/ Lichtleuchter<\/td>\n<td style=\"width: 33.6333%; height: 24px;\">Can-Am Maverick X3<\/td>\n<td style=\"width: 14.3982%; height: 24px;\">+1:12:21<\/td>\n<\/tr>\n<tr style=\"background-color: #dbd9d9;\">\n<td style=\"width: 6.4117%; height: 24px;\">9.<\/td>\n<td style=\"width: 44.3195%; height: 24px;\">Varela \/ Gugelmin<\/td>\n<td style=\"width: 33.6333%; height: 24px;\">Can-Am Maverick X3<\/td>\n<td style=\"width: 14.3982%; height: 24px;\">+1:31:31<\/td>\n<\/tr>\n<tr>\n<td style=\"width: 6.4117%; height: 24px;\">10.<\/td>\n<td style=\"width: 44.3195%; height: 24px;\">Despres \/ Oliveras<\/td>\n<td style=\"width: 33.6333%; height: 24px;\">Mini JCW Buggy<\/td>\n<td style=\"width: 14.3982%; height: 24px;\">+3:45:48<\/td>\n<\/tr>\n<tr style=\"background-color: #dbd9d9;\">\n<td style=\"width: 6.4117%; height: 24px;\">19.<\/td>\n<td style=\"width: 44.3195%; height: 24px;\">Zapletal \/ S\u00fdkora<\/td>\n<td style=\"width: 33.6333%; height: 24px;\">Ford F-150 Evo<\/td>\n<td style=\"width: 14.3982%; height: 24px;\">+121:30:10<\/td>\n<\/tr>\n<\/tbody>\n<\/table>\n<p>[\/vc_column_text][vc_btn title=&#8221;ADDC 2019: V\u00fdsledky 3. etapy, automobily&#8221; style=&#8221;outline&#8221; shape=&#8221;square&#8221; color=&#8221;warning&#8221; size=&#8221;sm&#8221; align=&#8221;center&#8221; i_icon_fontawesome=&#8221;fa fa-clock-o&#8221; button_block=&#8221;true&#8221; add_icon=&#8221;true&#8221; link=&#8221;url:https%3A%2F%2Fwww.dakarmania.cz%2Fwp-content%2Fuploads%2F2019%2F04%2F2019-addc-auto-leg3-provisional.pdf||target:%20_blank|&#8221;][vc_btn title=&#8221;ADDC 2019: Po\u0159ad\u00ed po 3. etap\u011b, automobily&#8221; style=&#8221;outline&#8221; shape=&#8221;square&#8221; color=&#8221;warning&#8221; size=&#8221;sm&#8221; align=&#8221;center&#8221; i_icon_fontawesome=&#8221;fa fa-list-ol&#8221; button_block=&#8221;true&#8221; add_icon=&#8221;true&#8221; link=&#8221;url:https%3A%2F%2Fwww.dakarmania.cz%2Fwp-content%2Fuploads%2F2019%2F04%2F2019-addc-auto-after-leg3-partial.pdf||target:%20_blank|&#8221;][\/vc_column][\/vc_row]<\/p>\n","protected":false},"excerpt":{"rendered":"<p>Kuba Przygo\u0144ski s buggy Mini vyhr\u00e1l t\u0159et\u00ed etapu Abu Dhabi Desert Challenge 2019 a v pr\u016fb\u011b\u017en\u00e9m hodnocen\u00ed kategorie automobil\u016f se p\u0159ibl\u00ed\u017eil p\u00f3diov\u00fdm p\u0159\u00ed\u010dk\u00e1m.<\/p>\n","protected":false},"author":1,"featured_media":4843,"comment_status":"open","ping_status":"closed","sticky":false,"template":"","format":"standard","meta":{"footnotes":""},"categories":[520,3,97],"tags":[425,521,522,654,231,666,289,311,95,777,233,11,444,288,261,5,219,303,4,304,291,210,205,105,413,217,290,201,657,305,220],"class_list":["post-4838","post","type-post","status-publish","format-standard","has-post-thumbnail","hentry","category-abu-dhabi-desert-challenge","category-auto","category-fia-ccr","tag-425","tag-addc","tag-addc-2019","tag-andrea-mayer","tag-andrea-peterhansel","tag-aron-domzala","tag-bernhard-ten-brinke","tag-bmw","tag-can-am","tag-casey-currie","tag-cyril-despres","tag-ford","tag-khalid-al-qassimi","tag-kuba-przygonski","tag-marek-sykora","tag-martin-prokop","tag-mini","tag-miroslav-zapletal","tag-mp-sports","tag-offroadsport","tag-orlen-team","tag-peugeot","tag-reinaldo-varela","tag-sp-fia-ccr","tag-sp-fia-ccr-2019","tag-stephane-peterhansel","tag-timo-gottschalk","tag-toyota","tag-viktor-chytka","tag-vladimir-vasiljev","tag-x-raid"],"yoast_head":"<!-- This site is optimized with the Yoast SEO plugin v24.9 - https:\/\/yoast.com\/wordpress\/plugins\/seo\/ -->\n<title>Abu Dhabi: Etapa pro Przygo\u0144sk\u00e9ho, Peterhansel zvy\u0161uje n\u00e1skok - DAKARMANIA.cz<\/title>\n<meta name=\"description\" content=\"Kuba Przygo\u0144ski s buggy Mini vyhr\u00e1l t\u0159et\u00ed etapu Abu Dhabi Desert Challenge 2019 a v pr\u016fb\u011b\u017en\u00e9m hodnocen\u00ed kategorie automobil\u016f se p\u0159ibl\u00ed\u017eil p\u00f3diov\u00fdm p\u0159\u00ed\u010dk\u00e1m.\" \/>\n<meta name=\"robots\" content=\"index, follow, max-snippet:-1, max-image-preview:large, max-video-preview:-1\" \/>\n<link rel=\"canonical\" href=\"https:\/\/www.dakarmania.cz\/index.php\/2019\/04\/02\/abu-dhabi-etapa-pro-przygonskeho\/\" \/>\n<meta property=\"og:locale\" content=\"cs_CZ\" \/>\n<meta property=\"og:type\" content=\"article\" \/>\n<meta property=\"og:title\" content=\"Abu Dhabi: Etapa pro Przygo\u0144sk\u00e9ho, Peterhansel zvy\u0161uje n\u00e1skok - DAKARMANIA.cz\" \/>\n<meta property=\"og:description\" content=\"Kuba Przygo\u0144ski s buggy Mini vyhr\u00e1l t\u0159et\u00ed etapu Abu Dhabi Desert Challenge 2019 a v pr\u016fb\u011b\u017en\u00e9m hodnocen\u00ed kategorie automobil\u016f se p\u0159ibl\u00ed\u017eil p\u00f3diov\u00fdm p\u0159\u00ed\u010dk\u00e1m.\" \/>\n<meta property=\"og:url\" content=\"https:\/\/www.dakarmania.cz\/index.php\/2019\/04\/02\/abu-dhabi-etapa-pro-przygonskeho\/\" \/>\n<meta property=\"og:site_name\" content=\"DAKARMANIA.cz\" \/>\n<meta property=\"article:publisher\" content=\"https:\/\/www.facebook.com\/dakarmania\/\" \/>\n<meta property=\"article:published_time\" content=\"2019-04-02T11:52:13+00:00\" \/>\n<meta property=\"article:modified_time\" content=\"2019-10-31T10:12:08+00:00\" \/>\n<meta property=\"og:image\" content=\"https:\/\/www.dakarmania.cz\/wp-content\/uploads\/2019\/04\/19-addc-przygonski-02.jpg\" \/>\n\t<meta property=\"og:image:width\" content=\"2048\" \/>\n\t<meta property=\"og:image:height\" content=\"1365\" \/>\n\t<meta property=\"og:image:type\" content=\"image\/jpeg\" \/>\n<meta name=\"author\" content=\"Zden\u011bk Zelenka\" \/>\n<meta name=\"twitter:card\" content=\"summary_large_image\" \/>\n<meta name=\"twitter:label1\" content=\"Napsal(a)\" \/>\n\t<meta name=\"twitter:data1\" content=\"Zden\u011bk Zelenka\" \/>\n\t<meta name=\"twitter:label2\" content=\"Odhadovan\u00e1 doba \u010dten\u00ed\" \/>\n\t<meta name=\"twitter:data2\" content=\"7 minut\" \/>\n<script type=\"application\/ld+json\" class=\"yoast-schema-graph\">{\"@context\":\"https:\/\/schema.org\",\"@graph\":[{\"@type\":\"Article\",\"@id\":\"https:\/\/www.dakarmania.cz\/index.php\/2019\/04\/02\/abu-dhabi-etapa-pro-przygonskeho\/#article\",\"isPartOf\":{\"@id\":\"https:\/\/www.dakarmania.cz\/index.php\/2019\/04\/02\/abu-dhabi-etapa-pro-przygonskeho\/\"},\"author\":{\"name\":\"Zden\u011bk Zelenka\",\"@id\":\"https:\/\/www.dakarmania.cz\/#\/schema\/person\/04eb0e87a389631c2169c0dddae7ff1e\"},\"headline\":\"Abu Dhabi: Etapa pro Przygo\u0144sk\u00e9ho, Peterhansel zvy\u0161uje n\u00e1skok\",\"datePublished\":\"2019-04-02T11:52:13+00:00\",\"dateModified\":\"2019-10-31T10:12:08+00:00\",\"mainEntityOfPage\":{\"@id\":\"https:\/\/www.dakarmania.cz\/index.php\/2019\/04\/02\/abu-dhabi-etapa-pro-przygonskeho\/\"},\"wordCount\":1502,\"commentCount\":0,\"publisher\":{\"@id\":\"https:\/\/www.dakarmania.cz\/#organization\"},\"image\":{\"@id\":\"https:\/\/www.dakarmania.cz\/index.php\/2019\/04\/02\/abu-dhabi-etapa-pro-przygonskeho\/#primaryimage\"},\"thumbnailUrl\":\"https:\/\/www.dakarmania.cz\/wp-content\/uploads\/2019\/04\/19-addc-przygonski-02.jpg\",\"keywords\":[\"2019\",\"ADDC\",\"ADDC 2019\",\"Andrea Mayer\",\"Andrea Peterhansel\",\"Aron Dom\u017ca\u0142a\",\"Bernhard ten Brinke\",\"BMW\",\"Can-Am\",\"Casey Currie\",\"Cyril Despres\",\"Ford\",\"Khalid Al Qassimi\",\"Kuba Przygo\u0144ski\",\"Marek S\u00fdkora\",\"Martin Prokop\",\"Mini\",\"Miroslav Zapletal\",\"MP-Sports\",\"Offroadsport\",\"Orlen Team\",\"Peugeot\",\"Reinaldo Varela\",\"SP FIA CCR\",\"SP FIA CCR 2019\",\"St\u00e9phane Peterhansel\",\"Timo Gottschalk\",\"Toyota\",\"Viktor Chytka\",\"Vladimir Vasiljev\",\"X-raid\"],\"articleSection\":[\"Abu Dhabi Desert Challenge\",\"Auto\",\"FIA SP CCR\"],\"inLanguage\":\"cs\",\"potentialAction\":[{\"@type\":\"CommentAction\",\"name\":\"Comment\",\"target\":[\"https:\/\/www.dakarmania.cz\/index.php\/2019\/04\/02\/abu-dhabi-etapa-pro-przygonskeho\/#respond\"]}]},{\"@type\":\"WebPage\",\"@id\":\"https:\/\/www.dakarmania.cz\/index.php\/2019\/04\/02\/abu-dhabi-etapa-pro-przygonskeho\/\",\"url\":\"https:\/\/www.dakarmania.cz\/index.php\/2019\/04\/02\/abu-dhabi-etapa-pro-przygonskeho\/\",\"name\":\"Abu Dhabi: Etapa pro Przygo\u0144sk\u00e9ho, Peterhansel zvy\u0161uje n\u00e1skok - DAKARMANIA.cz\",\"isPartOf\":{\"@id\":\"https:\/\/www.dakarmania.cz\/#website\"},\"primaryImageOfPage\":{\"@id\":\"https:\/\/www.dakarmania.cz\/index.php\/2019\/04\/02\/abu-dhabi-etapa-pro-przygonskeho\/#primaryimage\"},\"image\":{\"@id\":\"https:\/\/www.dakarmania.cz\/index.php\/2019\/04\/02\/abu-dhabi-etapa-pro-przygonskeho\/#primaryimage\"},\"thumbnailUrl\":\"https:\/\/www.dakarmania.cz\/wp-content\/uploads\/2019\/04\/19-addc-przygonski-02.jpg\",\"datePublished\":\"2019-04-02T11:52:13+00:00\",\"dateModified\":\"2019-10-31T10:12:08+00:00\",\"description\":\"Kuba Przygo\u0144ski s buggy Mini vyhr\u00e1l t\u0159et\u00ed etapu Abu Dhabi Desert Challenge 2019 a v pr\u016fb\u011b\u017en\u00e9m hodnocen\u00ed kategorie automobil\u016f se p\u0159ibl\u00ed\u017eil p\u00f3diov\u00fdm p\u0159\u00ed\u010dk\u00e1m.\",\"breadcrumb\":{\"@id\":\"https:\/\/www.dakarmania.cz\/index.php\/2019\/04\/02\/abu-dhabi-etapa-pro-przygonskeho\/#breadcrumb\"},\"inLanguage\":\"cs\",\"potentialAction\":[{\"@type\":\"ReadAction\",\"target\":[\"https:\/\/www.dakarmania.cz\/index.php\/2019\/04\/02\/abu-dhabi-etapa-pro-przygonskeho\/\"]}]},{\"@type\":\"ImageObject\",\"inLanguage\":\"cs\",\"@id\":\"https:\/\/www.dakarmania.cz\/index.php\/2019\/04\/02\/abu-dhabi-etapa-pro-przygonskeho\/#primaryimage\",\"url\":\"https:\/\/www.dakarmania.cz\/wp-content\/uploads\/2019\/04\/19-addc-przygonski-02.jpg\",\"contentUrl\":\"https:\/\/www.dakarmania.cz\/wp-content\/uploads\/2019\/04\/19-addc-przygonski-02.jpg\",\"width\":2048,\"height\":1365,\"caption\":\"Kuba Przygo\u0144ski\/Timo Gottschalk, Mini JCW Buggy, Orlen Team\/X-raid. Abu Dhabi Desert Challenge 2019. \u00a9 X-raid\"},{\"@type\":\"BreadcrumbList\",\"@id\":\"https:\/\/www.dakarmania.cz\/index.php\/2019\/04\/02\/abu-dhabi-etapa-pro-przygonskeho\/#breadcrumb\",\"itemListElement\":[{\"@type\":\"ListItem\",\"position\":1,\"name\":\"Dom\u016f\",\"item\":\"https:\/\/www.dakarmania.cz\/\"},{\"@type\":\"ListItem\",\"position\":2,\"name\":\"Abu Dhabi: Etapa pro Przygo\u0144sk\u00e9ho, Peterhansel zvy\u0161uje n\u00e1skok\"}]},{\"@type\":\"WebSite\",\"@id\":\"https:\/\/www.dakarmania.cz\/#website\",\"url\":\"https:\/\/www.dakarmania.cz\/\",\"name\":\"DAKARMANIA.cz\",\"description\":\"\u017dijeme Dakarem cel\u00fd rok\",\"publisher\":{\"@id\":\"https:\/\/www.dakarmania.cz\/#organization\"},\"potentialAction\":[{\"@type\":\"SearchAction\",\"target\":{\"@type\":\"EntryPoint\",\"urlTemplate\":\"https:\/\/www.dakarmania.cz\/?s={search_term_string}\"},\"query-input\":{\"@type\":\"PropertyValueSpecification\",\"valueRequired\":true,\"valueName\":\"search_term_string\"}}],\"inLanguage\":\"cs\"},{\"@type\":\"Organization\",\"@id\":\"https:\/\/www.dakarmania.cz\/#organization\",\"name\":\"DAKAR MANIA\",\"url\":\"https:\/\/www.dakarmania.cz\/\",\"logo\":{\"@type\":\"ImageObject\",\"inLanguage\":\"cs\",\"@id\":\"https:\/\/www.dakarmania.cz\/#\/schema\/logo\/image\/\",\"url\":\"https:\/\/www.dakarmania.cz\/wp-content\/uploads\/2018\/12\/Dakar-Mania-Logo-Square-Orange.png\",\"contentUrl\":\"https:\/\/www.dakarmania.cz\/wp-content\/uploads\/2018\/12\/Dakar-Mania-Logo-Square-Orange.png\",\"width\":992,\"height\":992,\"caption\":\"DAKAR MANIA\"},\"image\":{\"@id\":\"https:\/\/www.dakarmania.cz\/#\/schema\/logo\/image\/\"},\"sameAs\":[\"https:\/\/www.facebook.com\/dakarmania\/\"]},{\"@type\":\"Person\",\"@id\":\"https:\/\/www.dakarmania.cz\/#\/schema\/person\/04eb0e87a389631c2169c0dddae7ff1e\",\"name\":\"Zden\u011bk Zelenka\",\"image\":{\"@type\":\"ImageObject\",\"inLanguage\":\"cs\",\"@id\":\"https:\/\/www.dakarmania.cz\/#\/schema\/person\/image\/\",\"url\":\"https:\/\/secure.gravatar.com\/avatar\/2c80d5a4942fe0900b73cc7d3837a509d6ee0a276a2b76dac95c92bd0763a89b?s=96&d=mm&r=g\",\"contentUrl\":\"https:\/\/secure.gravatar.com\/avatar\/2c80d5a4942fe0900b73cc7d3837a509d6ee0a276a2b76dac95c92bd0763a89b?s=96&d=mm&r=g\",\"caption\":\"Zden\u011bk Zelenka\"},\"description\":\"Moji d\u011bt\u0161t\u00ed hrdinov\u00e9 se jmenovali Loprais, Moskal, Neveu, Vatanen, Rahier... A tihle borci, jejich n\u00e1sledovn\u00edci a jejich p\u0159\u00edb\u011bhy m\u011b nep\u0159estali fascinovat ani po letech, kdy jsem vyrostl a zam\u011bstn\u00e1valy m\u011b jin\u00e9 discipl\u00edny motorsportu. Proto se zrodila DAKARMANIA.\",\"url\":\"https:\/\/www.dakarmania.cz\/index.php\/author\/dakarmania\/\"}]}<\/script>\n<!-- \/ Yoast SEO plugin. -->","yoast_head_json":{"title":"Abu Dhabi: Etapa pro Przygo\u0144sk\u00e9ho, Peterhansel zvy\u0161uje n\u00e1skok - DAKARMANIA.cz","description":"Kuba Przygo\u0144ski s buggy Mini vyhr\u00e1l t\u0159et\u00ed etapu Abu Dhabi Desert Challenge 2019 a v pr\u016fb\u011b\u017en\u00e9m hodnocen\u00ed kategorie automobil\u016f se p\u0159ibl\u00ed\u017eil p\u00f3diov\u00fdm p\u0159\u00ed\u010dk\u00e1m.","robots":{"index":"index","follow":"follow","max-snippet":"max-snippet:-1","max-image-preview":"max-image-preview:large","max-video-preview":"max-video-preview:-1"},"canonical":"https:\/\/www.dakarmania.cz\/index.php\/2019\/04\/02\/abu-dhabi-etapa-pro-przygonskeho\/","og_locale":"cs_CZ","og_type":"article","og_title":"Abu Dhabi: Etapa pro Przygo\u0144sk\u00e9ho, Peterhansel zvy\u0161uje n\u00e1skok - DAKARMANIA.cz","og_description":"Kuba Przygo\u0144ski s buggy Mini vyhr\u00e1l t\u0159et\u00ed etapu Abu Dhabi Desert Challenge 2019 a v pr\u016fb\u011b\u017en\u00e9m hodnocen\u00ed kategorie automobil\u016f se p\u0159ibl\u00ed\u017eil p\u00f3diov\u00fdm p\u0159\u00ed\u010dk\u00e1m.","og_url":"https:\/\/www.dakarmania.cz\/index.php\/2019\/04\/02\/abu-dhabi-etapa-pro-przygonskeho\/","og_site_name":"DAKARMANIA.cz","article_publisher":"https:\/\/www.facebook.com\/dakarmania\/","article_published_time":"2019-04-02T11:52:13+00:00","article_modified_time":"2019-10-31T10:12:08+00:00","og_image":[{"width":2048,"height":1365,"url":"https:\/\/www.dakarmania.cz\/wp-content\/uploads\/2019\/04\/19-addc-przygonski-02.jpg","type":"image\/jpeg"}],"author":"Zden\u011bk Zelenka","twitter_card":"summary_large_image","twitter_misc":{"Napsal(a)":"Zden\u011bk Zelenka","Odhadovan\u00e1 doba \u010dten\u00ed":"7 minut"},"schema":{"@context":"https:\/\/schema.org","@graph":[{"@type":"Article","@id":"https:\/\/www.dakarmania.cz\/index.php\/2019\/04\/02\/abu-dhabi-etapa-pro-przygonskeho\/#article","isPartOf":{"@id":"https:\/\/www.dakarmania.cz\/index.php\/2019\/04\/02\/abu-dhabi-etapa-pro-przygonskeho\/"},"author":{"name":"Zden\u011bk Zelenka","@id":"https:\/\/www.dakarmania.cz\/#\/schema\/person\/04eb0e87a389631c2169c0dddae7ff1e"},"headline":"Abu Dhabi: Etapa pro Przygo\u0144sk\u00e9ho, Peterhansel zvy\u0161uje n\u00e1skok","datePublished":"2019-04-02T11:52:13+00:00","dateModified":"2019-10-31T10:12:08+00:00","mainEntityOfPage":{"@id":"https:\/\/www.dakarmania.cz\/index.php\/2019\/04\/02\/abu-dhabi-etapa-pro-przygonskeho\/"},"wordCount":1502,"commentCount":0,"publisher":{"@id":"https:\/\/www.dakarmania.cz\/#organization"},"image":{"@id":"https:\/\/www.dakarmania.cz\/index.php\/2019\/04\/02\/abu-dhabi-etapa-pro-przygonskeho\/#primaryimage"},"thumbnailUrl":"https:\/\/www.dakarmania.cz\/wp-content\/uploads\/2019\/04\/19-addc-przygonski-02.jpg","keywords":["2019","ADDC","ADDC 2019","Andrea Mayer","Andrea Peterhansel","Aron Dom\u017ca\u0142a","Bernhard ten Brinke","BMW","Can-Am","Casey Currie","Cyril Despres","Ford","Khalid Al Qassimi","Kuba Przygo\u0144ski","Marek S\u00fdkora","Martin Prokop","Mini","Miroslav Zapletal","MP-Sports","Offroadsport","Orlen Team","Peugeot","Reinaldo Varela","SP FIA CCR","SP FIA CCR 2019","St\u00e9phane Peterhansel","Timo Gottschalk","Toyota","Viktor Chytka","Vladimir Vasiljev","X-raid"],"articleSection":["Abu Dhabi Desert Challenge","Auto","FIA SP CCR"],"inLanguage":"cs","potentialAction":[{"@type":"CommentAction","name":"Comment","target":["https:\/\/www.dakarmania.cz\/index.php\/2019\/04\/02\/abu-dhabi-etapa-pro-przygonskeho\/#respond"]}]},{"@type":"WebPage","@id":"https:\/\/www.dakarmania.cz\/index.php\/2019\/04\/02\/abu-dhabi-etapa-pro-przygonskeho\/","url":"https:\/\/www.dakarmania.cz\/index.php\/2019\/04\/02\/abu-dhabi-etapa-pro-przygonskeho\/","name":"Abu Dhabi: Etapa pro Przygo\u0144sk\u00e9ho, Peterhansel zvy\u0161uje n\u00e1skok - DAKARMANIA.cz","isPartOf":{"@id":"https:\/\/www.dakarmania.cz\/#website"},"primaryImageOfPage":{"@id":"https:\/\/www.dakarmania.cz\/index.php\/2019\/04\/02\/abu-dhabi-etapa-pro-przygonskeho\/#primaryimage"},"image":{"@id":"https:\/\/www.dakarmania.cz\/index.php\/2019\/04\/02\/abu-dhabi-etapa-pro-przygonskeho\/#primaryimage"},"thumbnailUrl":"https:\/\/www.dakarmania.cz\/wp-content\/uploads\/2019\/04\/19-addc-przygonski-02.jpg","datePublished":"2019-04-02T11:52:13+00:00","dateModified":"2019-10-31T10:12:08+00:00","description":"Kuba Przygo\u0144ski s buggy Mini vyhr\u00e1l t\u0159et\u00ed etapu Abu Dhabi Desert Challenge 2019 a v pr\u016fb\u011b\u017en\u00e9m hodnocen\u00ed kategorie automobil\u016f se p\u0159ibl\u00ed\u017eil p\u00f3diov\u00fdm p\u0159\u00ed\u010dk\u00e1m.","breadcrumb":{"@id":"https:\/\/www.dakarmania.cz\/index.php\/2019\/04\/02\/abu-dhabi-etapa-pro-przygonskeho\/#breadcrumb"},"inLanguage":"cs","potentialAction":[{"@type":"ReadAction","target":["https:\/\/www.dakarmania.cz\/index.php\/2019\/04\/02\/abu-dhabi-etapa-pro-przygonskeho\/"]}]},{"@type":"ImageObject","inLanguage":"cs","@id":"https:\/\/www.dakarmania.cz\/index.php\/2019\/04\/02\/abu-dhabi-etapa-pro-przygonskeho\/#primaryimage","url":"https:\/\/www.dakarmania.cz\/wp-content\/uploads\/2019\/04\/19-addc-przygonski-02.jpg","contentUrl":"https:\/\/www.dakarmania.cz\/wp-content\/uploads\/2019\/04\/19-addc-przygonski-02.jpg","width":2048,"height":1365,"caption":"Kuba Przygo\u0144ski\/Timo Gottschalk, Mini JCW Buggy, Orlen Team\/X-raid. Abu Dhabi Desert Challenge 2019. \u00a9 X-raid"},{"@type":"BreadcrumbList","@id":"https:\/\/www.dakarmania.cz\/index.php\/2019\/04\/02\/abu-dhabi-etapa-pro-przygonskeho\/#breadcrumb","itemListElement":[{"@type":"ListItem","position":1,"name":"Dom\u016f","item":"https:\/\/www.dakarmania.cz\/"},{"@type":"ListItem","position":2,"name":"Abu Dhabi: Etapa pro Przygo\u0144sk\u00e9ho, Peterhansel zvy\u0161uje n\u00e1skok"}]},{"@type":"WebSite","@id":"https:\/\/www.dakarmania.cz\/#website","url":"https:\/\/www.dakarmania.cz\/","name":"DAKARMANIA.cz","description":"\u017dijeme Dakarem cel\u00fd rok","publisher":{"@id":"https:\/\/www.dakarmania.cz\/#organization"},"potentialAction":[{"@type":"SearchAction","target":{"@type":"EntryPoint","urlTemplate":"https:\/\/www.dakarmania.cz\/?s={search_term_string}"},"query-input":{"@type":"PropertyValueSpecification","valueRequired":true,"valueName":"search_term_string"}}],"inLanguage":"cs"},{"@type":"Organization","@id":"https:\/\/www.dakarmania.cz\/#organization","name":"DAKAR MANIA","url":"https:\/\/www.dakarmania.cz\/","logo":{"@type":"ImageObject","inLanguage":"cs","@id":"https:\/\/www.dakarmania.cz\/#\/schema\/logo\/image\/","url":"https:\/\/www.dakarmania.cz\/wp-content\/uploads\/2018\/12\/Dakar-Mania-Logo-Square-Orange.png","contentUrl":"https:\/\/www.dakarmania.cz\/wp-content\/uploads\/2018\/12\/Dakar-Mania-Logo-Square-Orange.png","width":992,"height":992,"caption":"DAKAR MANIA"},"image":{"@id":"https:\/\/www.dakarmania.cz\/#\/schema\/logo\/image\/"},"sameAs":["https:\/\/www.facebook.com\/dakarmania\/"]},{"@type":"Person","@id":"https:\/\/www.dakarmania.cz\/#\/schema\/person\/04eb0e87a389631c2169c0dddae7ff1e","name":"Zden\u011bk Zelenka","image":{"@type":"ImageObject","inLanguage":"cs","@id":"https:\/\/www.dakarmania.cz\/#\/schema\/person\/image\/","url":"https:\/\/secure.gravatar.com\/avatar\/2c80d5a4942fe0900b73cc7d3837a509d6ee0a276a2b76dac95c92bd0763a89b?s=96&d=mm&r=g","contentUrl":"https:\/\/secure.gravatar.com\/avatar\/2c80d5a4942fe0900b73cc7d3837a509d6ee0a276a2b76dac95c92bd0763a89b?s=96&d=mm&r=g","caption":"Zden\u011bk Zelenka"},"description":"Moji d\u011bt\u0161t\u00ed hrdinov\u00e9 se jmenovali Loprais, Moskal, Neveu, Vatanen, Rahier... A tihle borci, jejich n\u00e1sledovn\u00edci a jejich p\u0159\u00edb\u011bhy m\u011b nep\u0159estali fascinovat ani po letech, kdy jsem vyrostl a zam\u011bstn\u00e1valy m\u011b jin\u00e9 discipl\u00edny motorsportu. Proto se zrodila DAKARMANIA.","url":"https:\/\/www.dakarmania.cz\/index.php\/author\/dakarmania\/"}]}},"amp_enabled":true,"_links":{"self":[{"href":"https:\/\/www.dakarmania.cz\/index.php\/wp-json\/wp\/v2\/posts\/4838","targetHints":{"allow":["GET"]}}],"collection":[{"href":"https:\/\/www.dakarmania.cz\/index.php\/wp-json\/wp\/v2\/posts"}],"about":[{"href":"https:\/\/www.dakarmania.cz\/index.php\/wp-json\/wp\/v2\/types\/post"}],"author":[{"embeddable":true,"href":"https:\/\/www.dakarmania.cz\/index.php\/wp-json\/wp\/v2\/users\/1"}],"replies":[{"embeddable":true,"href":"https:\/\/www.dakarmania.cz\/index.php\/wp-json\/wp\/v2\/comments?post=4838"}],"version-history":[{"count":21,"href":"https:\/\/www.dakarmania.cz\/index.php\/wp-json\/wp\/v2\/posts\/4838\/revisions"}],"predecessor-version":[{"id":13030,"href":"https:\/\/www.dakarmania.cz\/index.php\/wp-json\/wp\/v2\/posts\/4838\/revisions\/13030"}],"wp:featuredmedia":[{"embeddable":true,"href":"https:\/\/www.dakarmania.cz\/index.php\/wp-json\/wp\/v2\/media\/4843"}],"wp:attachment":[{"href":"https:\/\/www.dakarmania.cz\/index.php\/wp-json\/wp\/v2\/media?parent=4838"}],"wp:term":[{"taxonomy":"category","embeddable":true,"href":"https:\/\/www.dakarmania.cz\/index.php\/wp-json\/wp\/v2\/categories?post=4838"},{"taxonomy":"post_tag","embeddable":true,"href":"https:\/\/www.dakarmania.cz\/index.php\/wp-json\/wp\/v2\/tags?post=4838"}],"curies":[{"name":"wp","href":"https:\/\/api.w.org\/{rel}","templated":true}]}}