{"id":4962,"date":"2019-04-03T02:04:21","date_gmt":"2019-04-03T00:04:21","guid":{"rendered":"https:\/\/www.dakarmania.cz\/?p=4962"},"modified":"2021-08-10T10:59:57","modified_gmt":"2021-08-10T08:59:57","slug":"merzouga-metge-vyhral-druhou-etapu-svitka-srazila-penalizace","status":"publish","type":"post","link":"https:\/\/www.dakarmania.cz\/index.php\/2019\/04\/03\/merzouga-metge-vyhral-druhou-etapu-svitka-srazila-penalizace\/","title":{"rendered":"Merzouga: Metge vyhr\u00e1l druhou etapu. Svitka srazila penalizace"},"content":{"rendered":"<p>[vc_row][vc_column][vc_column_text]<\/p>\n<h4>Po v\u00edt\u011bzstv\u00ed v ned\u011bln\u00edm prologu Merzouga Rally 2019 si Michael Metge s motocyklem Sherco p\u0159ipsal nejrychlej\u0161\u00ed \u010das i ve druh\u00e9 etap\u011b a posunul se na druhou p\u0159\u00ed\u010dku pr\u016fb\u011b\u017en\u00e9 klasifikace.<\/h4>\n<p>\u00datern\u00ed etapu dlouhou 307 kilometr\u016f, z nich\u017e se 212 jelo v r\u00e1mci rychlostn\u00ed zkou\u0161ky v rozs\u00e1hl\u00e9m dunov\u00e9 poli, na p\u00edse\u010dn\u00fdch pl\u00e1n\u00edch i v hor\u00e1ch, vyhr\u00e1l Metge s n\u00e1skokem minuty a \u0161estn\u00e1cti sekund p\u0159ed \u0160pan\u011blem Oriolem Menou (Hero\/Speedbrain).<\/p>\n<p><em>\u201eNavigace dnes byla opravdu t\u011b\u017ek\u00e1. Sledoval jsem Adriena <\/em>[Van Beverena]<em>, kter\u00fd navigoval mimo\u0159\u00e1dn\u011b dob\u0159e. Dr\u017eel jsem se jeho stop a jel jsem rychle. D\u00edky tomu jsem etapu vyhr\u00e1l. Na Merzouga Rally jsem poprv\u00e9 a jsem nad\u0161en\u00fd! Douf\u00e1m, \u017ee se budu bavit i nad\u00e1le,\u201c<\/em> \u0159ekl v bivaku <strong>Michael Metge<\/strong>.[\/vc_column_text][vc_single_image image=&#8221;4964&#8243; img_size=&#8221;large&#8221; add_caption=&#8221;yes&#8221; alignment=&#8221;center&#8221;][vc_column_text]<a href=\"https:\/\/www.dakarmania.cz\/index.php\/osobnosti\/adrien-van-beveren\/\">Adrienu Van Beverenovi<\/a> s tov\u00e1rn\u00ed Yamahou sta\u010dil t\u0159et\u00ed \u010das (+ 1:34 min) k uh\u00e1jen\u00ed vedouc\u00ed pozice pr\u016fb\u011b\u017en\u00e9ho hodnocen\u00ed.<\/p>\n<p><em>\u201eCelou speci\u00e1lku jsem jel jako prvn\u00ed a bylo to opravdu z\u00e1ludn\u00e9. \u017de jsem za t\u011bchto podm\u00ednek neztratil v\u00edc, je skv\u011bl\u00fd v\u00fdsledek,\u201c<\/em> pochvaloval si <strong>Adrien Van Beveren<\/strong>. <em>\u201eNejlep\u0161\u00edm tr\u00e9ninkem je z\u00e1vod a Merzouga Rally je nejlep\u0161\u00ed sout\u011b\u017e\u00ed na to, aby se \u010dlov\u011bk u\u010dil nov\u00e9 v\u011bci. Pokud si vedete dob\u0159e na zdej\u0161\u00edch rychlostn\u00edch zkou\u0161k\u00e1ch, pak jste p\u0159ipraveni na \u00fa\u010dast na Dakaru.\u201c<\/em><\/p>\n<p>\u0160tefan Svitko (KTM) inkasoval p\u016flhodinovou penalizaci kv\u016fli neprojet\u00ed jednoho z waypoint\u016f, v etap\u011b byl klasifikov\u00e1n a\u017e jako \u0161estn\u00e1ct\u00fd a v pr\u016fb\u011b\u017en\u00e9m po\u0159ad\u00ed klesl ze druh\u00e9ho na sedm\u00e9 m\u00edsto.[\/vc_column_text][vc_single_image image=&#8221;4966&#8243; img_size=&#8221;large&#8221; add_caption=&#8221;yes&#8221; alignment=&#8221;center&#8221;][vc_column_text]Dvaat\u0159ic\u00e1t\u00fd je po druh\u00e9 etap\u011b ve spole\u010dn\u00e9 klasifikaci motocykl\u016f a \u010dty\u0159kolek Myunggul Ryu startuj\u00edc\u00ed s Husqvarnou \u010desk\u00e9ho t\u00fdmu Klym\u010diw Racing. Jedn\u00e1 se o prvn\u00edho Jihokorejce, kter\u00fd se kdy postavil na start Merzouga Rally.<\/p>\n<p><em>\u201eChci b\u00fdt tak\u00e9 prvn\u00edm Jihokorejcem, kter\u00fd se z\u00fa\u010dastn\u00ed Dakaru,\u201c<\/em> vysv\u011btluje <strong>Myunggul Ryu<\/strong>. <em>\u201eD\u00e1lkov\u00e9 rally jsou v Ji\u017en\u00ed Koreji \u010d\u00edm d\u00e1l popul\u00e1rn\u011bj\u0161\u00ed.\u201c<\/em><\/p>\n<p>\u010cesk\u00fd jezdec Ji\u0159\u00ed Kal\u00e1t (KTM) je zat\u00edm jedna\u010dty\u0159ic\u00e1t\u00fd.<\/p>\n<p>Stejn\u011b jako Jihokorejec Ryu usiluje o prvn\u00ed \u00fa\u010dast na Dakaru tak\u00e9 Polytimi Kyriakopoulou. I \u0159eck\u00e1 z\u00e1vodnice jede s Husqvarnou t\u00fdmu Ond\u0159eje Klym\u010diwa a pat\u0159\u00ed j\u00ed 64. pozice.<\/p>\n<p>Ve st\u0159edu je na programu prvn\u00ed ze dvou maratonsk\u00fdch etap, jej\u00ed\u017e speci\u00e1lka m\u011b\u0159\u00ed 229 km.[\/vc_column_text][vc_column_text]<\/p>\n<h4 style=\"text-align: center;\">Pr\u016fb\u011b\u017en\u00e9 po\u0159ad\u00ed Merzouga Rally 2019<\/h4>\n<p style=\"text-align: center;\"><strong>Motocykly po 2. etap\u011b<\/strong><\/p>\n<table style=\"width: 97.7654%; height: 192px;\">\n<tbody>\n<tr style=\"background-color: #dbd9d9;\">\n<td style=\"width: 6.4117%; height: 24px;\">1.<\/td>\n<td style=\"width: 44.3195%; height: 24px;\">Adrien Van Beveren<\/td>\n<td style=\"width: 33.6333%; height: 24px;\">Yamaha<\/td>\n<td style=\"width: 14.3982%; height: 24px;\">7:35:18<\/td>\n<\/tr>\n<tr>\n<td style=\"width: 6.4117%; height: 24px;\">2.<\/td>\n<td style=\"width: 44.3195%; height: 24px;\">Michael Metge<\/td>\n<td style=\"width: 33.6333%; height: 24px;\">Sherco<\/td>\n<td style=\"width: 14.3982%; height: 24px;\">+7:41<\/td>\n<\/tr>\n<tr style=\"background-color: #dbd9d9;\">\n<td style=\"width: 6.4117%; height: 24px;\">3.<\/td>\n<td style=\"width: 44.3195%; height: 24px;\">Joaquim Rodrigues<\/td>\n<td style=\"width: 33.6333%; height: 24px;\">Speedbrain\/Hero<\/td>\n<td style=\"width: 14.3982%; height: 24px;\">+13:37<\/td>\n<\/tr>\n<tr>\n<td style=\"width: 6.4117%; height: 24px;\">4.<\/td>\n<td style=\"width: 44.3195%; height: 24px;\">Jacopo Cerutti<\/td>\n<td style=\"width: 33.6333%; height: 24px;\">Husqvarna<\/td>\n<td style=\"width: 14.3982%; height: 24px;\">+21:26<\/td>\n<\/tr>\n<tr style=\"background-color: #dbd9d9;\">\n<td style=\"width: 6.4117%; height: 24px;\">5.<\/td>\n<td style=\"width: 44.3195%; height: 24px;\">Oriol Mena<\/td>\n<td style=\"width: 33.6333%; height: 24px;\">Hero\/Speedbrain<\/td>\n<td style=\"width: 14.3982%; height: 24px;\">+22:08<\/td>\n<\/tr>\n<tr style=\"height: 24px;\">\n<td style=\"width: 6.4117%; height: 24px;\">6.<\/td>\n<td style=\"width: 44.3195%; height: 24px;\">Ross Branch<\/td>\n<td style=\"width: 33.6333%; height: 24px;\">KTM<\/td>\n<td style=\"width: 14.3982%; height: 24px;\">+22:55<\/td>\n<\/tr>\n<tr style=\"background-color: #dbd9d9;\">\n<td style=\"width: 6.4117%; height: 24px;\">7.<\/td>\n<td style=\"width: 44.3195%; height: 24px;\">\u0160tefan Svitko<\/td>\n<td style=\"width: 33.6333%; height: 24px;\">KTM<\/td>\n<td style=\"width: 14.3982%; height: 24px;\">+34:58<\/td>\n<\/tr>\n<tr style=\"height: 24px;\">\n<td style=\"width: 6.4117%; height: 24px;\">32.<\/td>\n<td style=\"width: 44.3195%; height: 24px;\">Myunggul Ryu<\/td>\n<td style=\"width: 33.6333%; height: 24px;\">Husqvarna<\/td>\n<td style=\"width: 14.3982%; height: 24px;\">+3:05:32<\/td>\n<\/tr>\n<tr style=\"background-color: #dbd9d9;\">\n<td style=\"width: 6.4117%; height: 24px;\">41.<\/td>\n<td style=\"width: 44.3195%; height: 24px;\">Ji\u0159\u00ed Kal\u00e1t<\/td>\n<td style=\"width: 33.6333%; height: 24px;\">KTM<\/td>\n<td style=\"width: 14.3982%; height: 24px;\">+4:03:10<\/td>\n<\/tr>\n<tr style=\"height: 24px;\">\n<td style=\"width: 6.4117%; height: 24px;\">64.<\/td>\n<td style=\"width: 44.3195%; height: 24px;\">Polytimi Kyriakopoulou<\/td>\n<td style=\"width: 33.6333%; height: 24px;\">Husqvarna<\/td>\n<td style=\"width: 14.3982%; height: 24px;\">+25:12:54<\/td>\n<\/tr>\n<\/tbody>\n<\/table>\n<p>[\/vc_column_text][vc_btn title=&#8221;Merzouga 2019: V\u00fdsledky 2. etapy, moto &amp; quad&#8221; style=&#8221;outline&#8221; color=&#8221;warning&#8221; size=&#8221;sm&#8221; align=&#8221;center&#8221; i_icon_fontawesome=&#8221;fa fa-clock-o&#8221; button_block=&#8221;true&#8221; add_icon=&#8221;true&#8221; link=&#8221;url:https%3A%2F%2Fwww.dakarmania.cz%2Fwp-content%2Fuploads%2F2019%2F04%2F2019-merzouga-moto-quad-stage2.pdf||target:%20_blank|rel:nofollow&#8221;][vc_btn title=&#8221;Merzouga 2019: Po\u0159ad\u00ed po 2. etap\u011b, moto &amp; quad&#8221; style=&#8221;outline&#8221; color=&#8221;warning&#8221; size=&#8221;sm&#8221; align=&#8221;center&#8221; i_icon_fontawesome=&#8221;fa fa-list-ol&#8221; button_block=&#8221;true&#8221; add_icon=&#8221;true&#8221; link=&#8221;url:https%3A%2F%2Fwww.dakarmania.cz%2Fwp-content%2Fuploads%2F2019%2F04%2F2019-merzouga-moto-quad-after-stage2.pdf||target:%20_blank|rel:nofollow&#8221;][\/vc_column][\/vc_row]<\/p>\n","protected":false},"excerpt":{"rendered":"<p>Michael Metge si p\u0159ipsal nejrychlej\u0161\u00ed \u010das ve druh\u00e9 etap\u011b Merzouga Rally a posunul se na druhou p\u0159\u00ed\u010dku pr\u016fb\u011b\u017en\u00e9 klasifikace.<\/p>\n","protected":false},"author":1,"featured_media":4965,"comment_status":"open","ping_status":"closed","sticky":false,"template":"","format":"standard","meta":{"footnotes":""},"categories":[638,15],"tags":[425,236,64,798,57,63,786,785,234,797,796,799,152,216,168],"class_list":["post-4962","post","type-post","status-publish","format-standard","has-post-thumbnail","hentry","category-merzouga","category-moto-quad","tag-425","tag-adrien-van-beveren","tag-husqvarna","tag-jiri-kalat","tag-klymciw-racing","tag-ktm","tag-merzouga-rally","tag-merzouga-rally-2019","tag-michael-metge","tag-myunggul-ryu","tag-oriol-mena","tag-polytimi-kyriakopoulou","tag-sherco","tag-stefan-svitko","tag-yamaha"],"yoast_head":"<!-- This site is optimized with the Yoast SEO plugin v24.9 - https:\/\/yoast.com\/wordpress\/plugins\/seo\/ -->\n<title>Merzouga: Metge vyhr\u00e1l druhou etapu. Svitka srazila penalizace - DAKARMANIA.cz<\/title>\n<meta name=\"description\" content=\"Michael Metge si p\u0159ipsal nejrychlej\u0161\u00ed \u010das ve druh\u00e9 etap\u011b Merzouga Rally a posunul se na druhou p\u0159\u00ed\u010dku pr\u016fb\u011b\u017en\u00e9 klasifikace.\" \/>\n<meta name=\"robots\" content=\"index, follow, max-snippet:-1, max-image-preview:large, max-video-preview:-1\" \/>\n<link rel=\"canonical\" href=\"https:\/\/www.dakarmania.cz\/index.php\/2019\/04\/03\/merzouga-metge-vyhral-druhou-etapu-svitka-srazila-penalizace\/\" \/>\n<meta property=\"og:locale\" content=\"cs_CZ\" \/>\n<meta property=\"og:type\" content=\"article\" \/>\n<meta property=\"og:title\" content=\"Merzouga: Metge vyhr\u00e1l druhou etapu. Svitka srazila penalizace - DAKARMANIA.cz\" \/>\n<meta property=\"og:description\" content=\"Michael Metge si p\u0159ipsal nejrychlej\u0161\u00ed \u010das ve druh\u00e9 etap\u011b Merzouga Rally a posunul se na druhou p\u0159\u00ed\u010dku pr\u016fb\u011b\u017en\u00e9 klasifikace.\" \/>\n<meta property=\"og:url\" content=\"https:\/\/www.dakarmania.cz\/index.php\/2019\/04\/03\/merzouga-metge-vyhral-druhou-etapu-svitka-srazila-penalizace\/\" \/>\n<meta property=\"og:site_name\" content=\"DAKARMANIA.cz\" \/>\n<meta property=\"article:publisher\" content=\"https:\/\/www.facebook.com\/dakarmania\/\" \/>\n<meta property=\"article:published_time\" content=\"2019-04-03T00:04:21+00:00\" \/>\n<meta property=\"article:modified_time\" content=\"2021-08-10T08:59:57+00:00\" \/>\n<meta property=\"og:image\" content=\"https:\/\/www.dakarmania.cz\/wp-content\/uploads\/2019\/04\/19-merzouga-metge-01.jpg\" \/>\n\t<meta property=\"og:image:width\" content=\"2048\" \/>\n\t<meta property=\"og:image:height\" content=\"1365\" \/>\n\t<meta property=\"og:image:type\" content=\"image\/jpeg\" \/>\n<meta name=\"author\" content=\"Zden\u011bk Zelenka\" \/>\n<meta name=\"twitter:card\" content=\"summary_large_image\" \/>\n<meta name=\"twitter:label1\" content=\"Napsal(a)\" \/>\n\t<meta name=\"twitter:data1\" content=\"Zden\u011bk Zelenka\" \/>\n\t<meta name=\"twitter:label2\" content=\"Odhadovan\u00e1 doba \u010dten\u00ed\" \/>\n\t<meta name=\"twitter:data2\" content=\"3 minuty\" \/>\n<script type=\"application\/ld+json\" class=\"yoast-schema-graph\">{\"@context\":\"https:\/\/schema.org\",\"@graph\":[{\"@type\":\"Article\",\"@id\":\"https:\/\/www.dakarmania.cz\/index.php\/2019\/04\/03\/merzouga-metge-vyhral-druhou-etapu-svitka-srazila-penalizace\/#article\",\"isPartOf\":{\"@id\":\"https:\/\/www.dakarmania.cz\/index.php\/2019\/04\/03\/merzouga-metge-vyhral-druhou-etapu-svitka-srazila-penalizace\/\"},\"author\":{\"name\":\"Zden\u011bk Zelenka\",\"@id\":\"https:\/\/www.dakarmania.cz\/#\/schema\/person\/04eb0e87a389631c2169c0dddae7ff1e\"},\"headline\":\"Merzouga: Metge vyhr\u00e1l druhou etapu. Svitka srazila penalizace\",\"datePublished\":\"2019-04-03T00:04:21+00:00\",\"dateModified\":\"2021-08-10T08:59:57+00:00\",\"mainEntityOfPage\":{\"@id\":\"https:\/\/www.dakarmania.cz\/index.php\/2019\/04\/03\/merzouga-metge-vyhral-druhou-etapu-svitka-srazila-penalizace\/\"},\"wordCount\":621,\"commentCount\":0,\"publisher\":{\"@id\":\"https:\/\/www.dakarmania.cz\/#organization\"},\"image\":{\"@id\":\"https:\/\/www.dakarmania.cz\/index.php\/2019\/04\/03\/merzouga-metge-vyhral-druhou-etapu-svitka-srazila-penalizace\/#primaryimage\"},\"thumbnailUrl\":\"https:\/\/www.dakarmania.cz\/wp-content\/uploads\/2019\/04\/19-merzouga-metge-01.jpg\",\"keywords\":[\"2019\",\"Adrien Van Beveren\",\"Husqvarna\",\"Ji\u0159\u00ed Kal\u00e1t\",\"Klym\u010diw Racing\",\"KTM\",\"Merzouga Rally\",\"Merzouga Rally 2019\",\"Michael Metge\",\"Myunggul Ryu\",\"Oriol Mena\",\"Polytimi Kyriakopoulou\",\"Sherco\",\"\u0160tefan Svitko\",\"Yamaha\"],\"articleSection\":[\"Merzouga Rally\",\"Moto\/Quad\"],\"inLanguage\":\"cs\",\"potentialAction\":[{\"@type\":\"CommentAction\",\"name\":\"Comment\",\"target\":[\"https:\/\/www.dakarmania.cz\/index.php\/2019\/04\/03\/merzouga-metge-vyhral-druhou-etapu-svitka-srazila-penalizace\/#respond\"]}]},{\"@type\":\"WebPage\",\"@id\":\"https:\/\/www.dakarmania.cz\/index.php\/2019\/04\/03\/merzouga-metge-vyhral-druhou-etapu-svitka-srazila-penalizace\/\",\"url\":\"https:\/\/www.dakarmania.cz\/index.php\/2019\/04\/03\/merzouga-metge-vyhral-druhou-etapu-svitka-srazila-penalizace\/\",\"name\":\"Merzouga: Metge vyhr\u00e1l druhou etapu. Svitka srazila penalizace - DAKARMANIA.cz\",\"isPartOf\":{\"@id\":\"https:\/\/www.dakarmania.cz\/#website\"},\"primaryImageOfPage\":{\"@id\":\"https:\/\/www.dakarmania.cz\/index.php\/2019\/04\/03\/merzouga-metge-vyhral-druhou-etapu-svitka-srazila-penalizace\/#primaryimage\"},\"image\":{\"@id\":\"https:\/\/www.dakarmania.cz\/index.php\/2019\/04\/03\/merzouga-metge-vyhral-druhou-etapu-svitka-srazila-penalizace\/#primaryimage\"},\"thumbnailUrl\":\"https:\/\/www.dakarmania.cz\/wp-content\/uploads\/2019\/04\/19-merzouga-metge-01.jpg\",\"datePublished\":\"2019-04-03T00:04:21+00:00\",\"dateModified\":\"2021-08-10T08:59:57+00:00\",\"description\":\"Michael Metge si p\u0159ipsal nejrychlej\u0161\u00ed \u010das ve druh\u00e9 etap\u011b Merzouga Rally a posunul se na druhou p\u0159\u00ed\u010dku pr\u016fb\u011b\u017en\u00e9 klasifikace.\",\"breadcrumb\":{\"@id\":\"https:\/\/www.dakarmania.cz\/index.php\/2019\/04\/03\/merzouga-metge-vyhral-druhou-etapu-svitka-srazila-penalizace\/#breadcrumb\"},\"inLanguage\":\"cs\",\"potentialAction\":[{\"@type\":\"ReadAction\",\"target\":[\"https:\/\/www.dakarmania.cz\/index.php\/2019\/04\/03\/merzouga-metge-vyhral-druhou-etapu-svitka-srazila-penalizace\/\"]}]},{\"@type\":\"ImageObject\",\"inLanguage\":\"cs\",\"@id\":\"https:\/\/www.dakarmania.cz\/index.php\/2019\/04\/03\/merzouga-metge-vyhral-druhou-etapu-svitka-srazila-penalizace\/#primaryimage\",\"url\":\"https:\/\/www.dakarmania.cz\/wp-content\/uploads\/2019\/04\/19-merzouga-metge-01.jpg\",\"contentUrl\":\"https:\/\/www.dakarmania.cz\/wp-content\/uploads\/2019\/04\/19-merzouga-metge-01.jpg\",\"width\":2048,\"height\":1365,\"caption\":\"Michael Metge, Sherco TVS 450 RTR, Sherco TVS Rally Factory. Merzouga Rally 2019. \u00a9 Aurelien Vialatte\/ASO\"},{\"@type\":\"BreadcrumbList\",\"@id\":\"https:\/\/www.dakarmania.cz\/index.php\/2019\/04\/03\/merzouga-metge-vyhral-druhou-etapu-svitka-srazila-penalizace\/#breadcrumb\",\"itemListElement\":[{\"@type\":\"ListItem\",\"position\":1,\"name\":\"Dom\u016f\",\"item\":\"https:\/\/www.dakarmania.cz\/\"},{\"@type\":\"ListItem\",\"position\":2,\"name\":\"Merzouga: Metge vyhr\u00e1l druhou etapu. Svitka srazila penalizace\"}]},{\"@type\":\"WebSite\",\"@id\":\"https:\/\/www.dakarmania.cz\/#website\",\"url\":\"https:\/\/www.dakarmania.cz\/\",\"name\":\"DAKARMANIA.cz\",\"description\":\"\u017dijeme Dakarem cel\u00fd rok\",\"publisher\":{\"@id\":\"https:\/\/www.dakarmania.cz\/#organization\"},\"potentialAction\":[{\"@type\":\"SearchAction\",\"target\":{\"@type\":\"EntryPoint\",\"urlTemplate\":\"https:\/\/www.dakarmania.cz\/?s={search_term_string}\"},\"query-input\":{\"@type\":\"PropertyValueSpecification\",\"valueRequired\":true,\"valueName\":\"search_term_string\"}}],\"inLanguage\":\"cs\"},{\"@type\":\"Organization\",\"@id\":\"https:\/\/www.dakarmania.cz\/#organization\",\"name\":\"DAKAR MANIA\",\"url\":\"https:\/\/www.dakarmania.cz\/\",\"logo\":{\"@type\":\"ImageObject\",\"inLanguage\":\"cs\",\"@id\":\"https:\/\/www.dakarmania.cz\/#\/schema\/logo\/image\/\",\"url\":\"https:\/\/www.dakarmania.cz\/wp-content\/uploads\/2018\/12\/Dakar-Mania-Logo-Square-Orange.png\",\"contentUrl\":\"https:\/\/www.dakarmania.cz\/wp-content\/uploads\/2018\/12\/Dakar-Mania-Logo-Square-Orange.png\",\"width\":992,\"height\":992,\"caption\":\"DAKAR MANIA\"},\"image\":{\"@id\":\"https:\/\/www.dakarmania.cz\/#\/schema\/logo\/image\/\"},\"sameAs\":[\"https:\/\/www.facebook.com\/dakarmania\/\"]},{\"@type\":\"Person\",\"@id\":\"https:\/\/www.dakarmania.cz\/#\/schema\/person\/04eb0e87a389631c2169c0dddae7ff1e\",\"name\":\"Zden\u011bk Zelenka\",\"image\":{\"@type\":\"ImageObject\",\"inLanguage\":\"cs\",\"@id\":\"https:\/\/www.dakarmania.cz\/#\/schema\/person\/image\/\",\"url\":\"https:\/\/secure.gravatar.com\/avatar\/2c80d5a4942fe0900b73cc7d3837a509d6ee0a276a2b76dac95c92bd0763a89b?s=96&d=mm&r=g\",\"contentUrl\":\"https:\/\/secure.gravatar.com\/avatar\/2c80d5a4942fe0900b73cc7d3837a509d6ee0a276a2b76dac95c92bd0763a89b?s=96&d=mm&r=g\",\"caption\":\"Zden\u011bk Zelenka\"},\"description\":\"Moji d\u011bt\u0161t\u00ed hrdinov\u00e9 se jmenovali Loprais, Moskal, Neveu, Vatanen, Rahier... A tihle borci, jejich n\u00e1sledovn\u00edci a jejich p\u0159\u00edb\u011bhy m\u011b nep\u0159estali fascinovat ani po letech, kdy jsem vyrostl a zam\u011bstn\u00e1valy m\u011b jin\u00e9 discipl\u00edny motorsportu. Proto se zrodila DAKARMANIA.\",\"url\":\"https:\/\/www.dakarmania.cz\/index.php\/author\/dakarmania\/\"}]}<\/script>\n<!-- \/ Yoast SEO plugin. -->","yoast_head_json":{"title":"Merzouga: Metge vyhr\u00e1l druhou etapu. Svitka srazila penalizace - DAKARMANIA.cz","description":"Michael Metge si p\u0159ipsal nejrychlej\u0161\u00ed \u010das ve druh\u00e9 etap\u011b Merzouga Rally a posunul se na druhou p\u0159\u00ed\u010dku pr\u016fb\u011b\u017en\u00e9 klasifikace.","robots":{"index":"index","follow":"follow","max-snippet":"max-snippet:-1","max-image-preview":"max-image-preview:large","max-video-preview":"max-video-preview:-1"},"canonical":"https:\/\/www.dakarmania.cz\/index.php\/2019\/04\/03\/merzouga-metge-vyhral-druhou-etapu-svitka-srazila-penalizace\/","og_locale":"cs_CZ","og_type":"article","og_title":"Merzouga: Metge vyhr\u00e1l druhou etapu. Svitka srazila penalizace - DAKARMANIA.cz","og_description":"Michael Metge si p\u0159ipsal nejrychlej\u0161\u00ed \u010das ve druh\u00e9 etap\u011b Merzouga Rally a posunul se na druhou p\u0159\u00ed\u010dku pr\u016fb\u011b\u017en\u00e9 klasifikace.","og_url":"https:\/\/www.dakarmania.cz\/index.php\/2019\/04\/03\/merzouga-metge-vyhral-druhou-etapu-svitka-srazila-penalizace\/","og_site_name":"DAKARMANIA.cz","article_publisher":"https:\/\/www.facebook.com\/dakarmania\/","article_published_time":"2019-04-03T00:04:21+00:00","article_modified_time":"2021-08-10T08:59:57+00:00","og_image":[{"width":2048,"height":1365,"url":"https:\/\/www.dakarmania.cz\/wp-content\/uploads\/2019\/04\/19-merzouga-metge-01.jpg","type":"image\/jpeg"}],"author":"Zden\u011bk Zelenka","twitter_card":"summary_large_image","twitter_misc":{"Napsal(a)":"Zden\u011bk Zelenka","Odhadovan\u00e1 doba \u010dten\u00ed":"3 minuty"},"schema":{"@context":"https:\/\/schema.org","@graph":[{"@type":"Article","@id":"https:\/\/www.dakarmania.cz\/index.php\/2019\/04\/03\/merzouga-metge-vyhral-druhou-etapu-svitka-srazila-penalizace\/#article","isPartOf":{"@id":"https:\/\/www.dakarmania.cz\/index.php\/2019\/04\/03\/merzouga-metge-vyhral-druhou-etapu-svitka-srazila-penalizace\/"},"author":{"name":"Zden\u011bk Zelenka","@id":"https:\/\/www.dakarmania.cz\/#\/schema\/person\/04eb0e87a389631c2169c0dddae7ff1e"},"headline":"Merzouga: Metge vyhr\u00e1l druhou etapu. Svitka srazila penalizace","datePublished":"2019-04-03T00:04:21+00:00","dateModified":"2021-08-10T08:59:57+00:00","mainEntityOfPage":{"@id":"https:\/\/www.dakarmania.cz\/index.php\/2019\/04\/03\/merzouga-metge-vyhral-druhou-etapu-svitka-srazila-penalizace\/"},"wordCount":621,"commentCount":0,"publisher":{"@id":"https:\/\/www.dakarmania.cz\/#organization"},"image":{"@id":"https:\/\/www.dakarmania.cz\/index.php\/2019\/04\/03\/merzouga-metge-vyhral-druhou-etapu-svitka-srazila-penalizace\/#primaryimage"},"thumbnailUrl":"https:\/\/www.dakarmania.cz\/wp-content\/uploads\/2019\/04\/19-merzouga-metge-01.jpg","keywords":["2019","Adrien Van Beveren","Husqvarna","Ji\u0159\u00ed Kal\u00e1t","Klym\u010diw Racing","KTM","Merzouga Rally","Merzouga Rally 2019","Michael Metge","Myunggul Ryu","Oriol Mena","Polytimi Kyriakopoulou","Sherco","\u0160tefan Svitko","Yamaha"],"articleSection":["Merzouga Rally","Moto\/Quad"],"inLanguage":"cs","potentialAction":[{"@type":"CommentAction","name":"Comment","target":["https:\/\/www.dakarmania.cz\/index.php\/2019\/04\/03\/merzouga-metge-vyhral-druhou-etapu-svitka-srazila-penalizace\/#respond"]}]},{"@type":"WebPage","@id":"https:\/\/www.dakarmania.cz\/index.php\/2019\/04\/03\/merzouga-metge-vyhral-druhou-etapu-svitka-srazila-penalizace\/","url":"https:\/\/www.dakarmania.cz\/index.php\/2019\/04\/03\/merzouga-metge-vyhral-druhou-etapu-svitka-srazila-penalizace\/","name":"Merzouga: Metge vyhr\u00e1l druhou etapu. Svitka srazila penalizace - DAKARMANIA.cz","isPartOf":{"@id":"https:\/\/www.dakarmania.cz\/#website"},"primaryImageOfPage":{"@id":"https:\/\/www.dakarmania.cz\/index.php\/2019\/04\/03\/merzouga-metge-vyhral-druhou-etapu-svitka-srazila-penalizace\/#primaryimage"},"image":{"@id":"https:\/\/www.dakarmania.cz\/index.php\/2019\/04\/03\/merzouga-metge-vyhral-druhou-etapu-svitka-srazila-penalizace\/#primaryimage"},"thumbnailUrl":"https:\/\/www.dakarmania.cz\/wp-content\/uploads\/2019\/04\/19-merzouga-metge-01.jpg","datePublished":"2019-04-03T00:04:21+00:00","dateModified":"2021-08-10T08:59:57+00:00","description":"Michael Metge si p\u0159ipsal nejrychlej\u0161\u00ed \u010das ve druh\u00e9 etap\u011b Merzouga Rally a posunul se na druhou p\u0159\u00ed\u010dku pr\u016fb\u011b\u017en\u00e9 klasifikace.","breadcrumb":{"@id":"https:\/\/www.dakarmania.cz\/index.php\/2019\/04\/03\/merzouga-metge-vyhral-druhou-etapu-svitka-srazila-penalizace\/#breadcrumb"},"inLanguage":"cs","potentialAction":[{"@type":"ReadAction","target":["https:\/\/www.dakarmania.cz\/index.php\/2019\/04\/03\/merzouga-metge-vyhral-druhou-etapu-svitka-srazila-penalizace\/"]}]},{"@type":"ImageObject","inLanguage":"cs","@id":"https:\/\/www.dakarmania.cz\/index.php\/2019\/04\/03\/merzouga-metge-vyhral-druhou-etapu-svitka-srazila-penalizace\/#primaryimage","url":"https:\/\/www.dakarmania.cz\/wp-content\/uploads\/2019\/04\/19-merzouga-metge-01.jpg","contentUrl":"https:\/\/www.dakarmania.cz\/wp-content\/uploads\/2019\/04\/19-merzouga-metge-01.jpg","width":2048,"height":1365,"caption":"Michael Metge, Sherco TVS 450 RTR, Sherco TVS Rally Factory. Merzouga Rally 2019. \u00a9 Aurelien Vialatte\/ASO"},{"@type":"BreadcrumbList","@id":"https:\/\/www.dakarmania.cz\/index.php\/2019\/04\/03\/merzouga-metge-vyhral-druhou-etapu-svitka-srazila-penalizace\/#breadcrumb","itemListElement":[{"@type":"ListItem","position":1,"name":"Dom\u016f","item":"https:\/\/www.dakarmania.cz\/"},{"@type":"ListItem","position":2,"name":"Merzouga: Metge vyhr\u00e1l druhou etapu. Svitka srazila penalizace"}]},{"@type":"WebSite","@id":"https:\/\/www.dakarmania.cz\/#website","url":"https:\/\/www.dakarmania.cz\/","name":"DAKARMANIA.cz","description":"\u017dijeme Dakarem cel\u00fd rok","publisher":{"@id":"https:\/\/www.dakarmania.cz\/#organization"},"potentialAction":[{"@type":"SearchAction","target":{"@type":"EntryPoint","urlTemplate":"https:\/\/www.dakarmania.cz\/?s={search_term_string}"},"query-input":{"@type":"PropertyValueSpecification","valueRequired":true,"valueName":"search_term_string"}}],"inLanguage":"cs"},{"@type":"Organization","@id":"https:\/\/www.dakarmania.cz\/#organization","name":"DAKAR MANIA","url":"https:\/\/www.dakarmania.cz\/","logo":{"@type":"ImageObject","inLanguage":"cs","@id":"https:\/\/www.dakarmania.cz\/#\/schema\/logo\/image\/","url":"https:\/\/www.dakarmania.cz\/wp-content\/uploads\/2018\/12\/Dakar-Mania-Logo-Square-Orange.png","contentUrl":"https:\/\/www.dakarmania.cz\/wp-content\/uploads\/2018\/12\/Dakar-Mania-Logo-Square-Orange.png","width":992,"height":992,"caption":"DAKAR MANIA"},"image":{"@id":"https:\/\/www.dakarmania.cz\/#\/schema\/logo\/image\/"},"sameAs":["https:\/\/www.facebook.com\/dakarmania\/"]},{"@type":"Person","@id":"https:\/\/www.dakarmania.cz\/#\/schema\/person\/04eb0e87a389631c2169c0dddae7ff1e","name":"Zden\u011bk Zelenka","image":{"@type":"ImageObject","inLanguage":"cs","@id":"https:\/\/www.dakarmania.cz\/#\/schema\/person\/image\/","url":"https:\/\/secure.gravatar.com\/avatar\/2c80d5a4942fe0900b73cc7d3837a509d6ee0a276a2b76dac95c92bd0763a89b?s=96&d=mm&r=g","contentUrl":"https:\/\/secure.gravatar.com\/avatar\/2c80d5a4942fe0900b73cc7d3837a509d6ee0a276a2b76dac95c92bd0763a89b?s=96&d=mm&r=g","caption":"Zden\u011bk Zelenka"},"description":"Moji d\u011bt\u0161t\u00ed hrdinov\u00e9 se jmenovali Loprais, Moskal, Neveu, Vatanen, Rahier... A tihle borci, jejich n\u00e1sledovn\u00edci a jejich p\u0159\u00edb\u011bhy m\u011b nep\u0159estali fascinovat ani po letech, kdy jsem vyrostl a zam\u011bstn\u00e1valy m\u011b jin\u00e9 discipl\u00edny motorsportu. Proto se zrodila DAKARMANIA.","url":"https:\/\/www.dakarmania.cz\/index.php\/author\/dakarmania\/"}]}},"amp_enabled":true,"_links":{"self":[{"href":"https:\/\/www.dakarmania.cz\/index.php\/wp-json\/wp\/v2\/posts\/4962","targetHints":{"allow":["GET"]}}],"collection":[{"href":"https:\/\/www.dakarmania.cz\/index.php\/wp-json\/wp\/v2\/posts"}],"about":[{"href":"https:\/\/www.dakarmania.cz\/index.php\/wp-json\/wp\/v2\/types\/post"}],"author":[{"embeddable":true,"href":"https:\/\/www.dakarmania.cz\/index.php\/wp-json\/wp\/v2\/users\/1"}],"replies":[{"embeddable":true,"href":"https:\/\/www.dakarmania.cz\/index.php\/wp-json\/wp\/v2\/comments?post=4962"}],"version-history":[{"count":6,"href":"https:\/\/www.dakarmania.cz\/index.php\/wp-json\/wp\/v2\/posts\/4962\/revisions"}],"predecessor-version":[{"id":22401,"href":"https:\/\/www.dakarmania.cz\/index.php\/wp-json\/wp\/v2\/posts\/4962\/revisions\/22401"}],"wp:featuredmedia":[{"embeddable":true,"href":"https:\/\/www.dakarmania.cz\/index.php\/wp-json\/wp\/v2\/media\/4965"}],"wp:attachment":[{"href":"https:\/\/www.dakarmania.cz\/index.php\/wp-json\/wp\/v2\/media?parent=4962"}],"wp:term":[{"taxonomy":"category","embeddable":true,"href":"https:\/\/www.dakarmania.cz\/index.php\/wp-json\/wp\/v2\/categories?post=4962"},{"taxonomy":"post_tag","embeddable":true,"href":"https:\/\/www.dakarmania.cz\/index.php\/wp-json\/wp\/v2\/tags?post=4962"}],"curies":[{"name":"wp","href":"https:\/\/api.w.org\/{rel}","templated":true}]}}