{"id":4973,"date":"2019-04-03T02:34:02","date_gmt":"2019-04-03T00:34:02","guid":{"rendered":"https:\/\/www.dakarmania.cz\/?p=4973"},"modified":"2019-10-22T10:31:32","modified_gmt":"2019-10-22T08:31:32","slug":"boris-vaculik-se-pripravuje-na-dakar-2020","status":"publish","type":"post","link":"https:\/\/www.dakarmania.cz\/index.php\/2019\/04\/03\/boris-vaculik-se-pripravuje-na-dakar-2020\/","title":{"rendered":"Boris Vacul\u00edk se p\u0159ipravuje na Dakar 2020"},"content":{"rendered":"<p>[vc_row][vc_column][vc_column_text]<\/p>\n<h4>Tis\u00edce fanou\u0161k\u016f sledovaly na konci b\u0159ezna na Autodromu Sosnov\u00e1 setk\u00e1n\u00ed dakarsk\u00fdch t\u00fdm\u016f. Nechyb\u011bl zde ani Boris Vacul\u00edk se sv\u00fdm Fordem F150, kter\u00fd p\u0159edstavil pl\u00e1ny a novinky pro leto\u0161n\u00ed sez\u00f3nu.<\/h4>\n<p>Na rozd\u00edl od p\u0159edchoz\u00ed \u00fa\u010dasti v roce 2018, kdy Dakar nedokon\u010dil pod hlavi\u010dkou t\u00fdmu Barth Racing, vstupuje do p\u0159\u00edprav se sv\u00fdm vlastn\u00edm t\u00fdmem 3RCZ.com.<\/p>\n<p>Dal\u0161\u00ed novinkou je zm\u011bna na m\u00edst\u011b navig\u00e1tora, kdy\u017e Martina Plechat\u00e9ho nahrad\u00ed zku\u0161en\u00fd motocyklov\u00fd jezdec Rudolf Lhotsk\u00fd.<\/p>\n<p><em>\u201eDo leto\u0161n\u00ed sez\u00f3ny m\u011bn\u00edm nejenom t\u00fdm, ale i spolujezdce. Martin Plechat\u00fd z pracovn\u00edch d\u016fvod\u016f bohu\u017eel nem\u016f\u017ee odjet v\u0161echny z\u00e1vody, a tak jsme se dohodli, \u017ee za\u010dnu hledat nov\u00e9ho navig\u00e1tora. Martinovi t\u00edmto d\u011bkuji za jeho slu\u017eby a v\u011b\u0159\u00edm, \u017ee i on se do z\u00e1vodn\u00edho vozu, nebo na \u010dty\u0159kolku znovu vr\u00e1t\u00ed.\u201c<\/em><\/p>\n<p><em>\u201eS Rudou Lhotsk\u00fdm se dob\u0159e zn\u00e1me z Barth Racingu a douf\u00e1m, \u017ee i v z\u00e1vodn\u00edm voze n\u00e1m bude spolupr\u00e1ce fungovat, co\u017e si ov\u011b\u0159\u00edme ji\u017e v kv\u011btnu na ma\u010farsk\u00e9 Riverside Baja,\u201c<\/em> \u0159ekl k nadch\u00e1zej\u00edc\u00ed spolupr\u00e1ci <strong>Boris Vacul\u00edk<\/strong>.[\/vc_column_text][vc_single_image image=&#8221;4549&#8243; img_size=&#8221;large&#8221; add_caption=&#8221;yes&#8221; alignment=&#8221;center&#8221;][vc_column_text]Rudolf Lhotsk\u00fd se po zran\u011bn\u00edch kolene pokou\u0161el vr\u00e1tit za \u0159\u00edd\u00edtka motocyklu, ale absolvov\u00e1n\u00ed sout\u011b\u017e\u00ed na hork\u00e9m sedadle spolujezdce pova\u017euje za novou v\u00fdzvu.<\/p>\n<p><em>\u201eNab\u00eddka od Borise p\u0159i\u0161la ve chv\u00edli, kdy jsem se po 14 m\u011bs\u00edc\u00edch op\u011bt posadil na motorku. Ale pauza byla del\u0161\u00ed, ne\u017e jsem \u010dekal, a usoudil jsem, \u017ee bych se nedok\u00e1zal kvalitn\u011b na Dakar 2020 na motorce p\u0159ipravit. Proto jsem nab\u00eddku p\u0159ijal a douf\u00e1m, \u017ee zku\u0161enosti z motorky zu\u017eitkuji i v aut\u011b,\u201c<\/em> \u0159\u00edk\u00e1 <strong>Rudolf Lhotsk\u00fd<\/strong>.<\/p>\n<p>P\u0159\u00edpravy na Dakar 2020 jsou ji\u017e v pln\u00e9m proudu. Sout\u011b\u017en\u00ed Ford pro\u0161el kompletn\u00ed repas\u00ed a vylep\u0161en\u00edm n\u011bkter\u00fdch komponent\u016f, upravuje se nov\u00fd asisten\u010dn\u00ed kamion a p\u0159ipravuje ve\u0161ker\u00e9 technick\u00e9 z\u00e1zem\u00ed.<\/p>\n<p>P\u0159ed Dakarem \u010dek\u00e1 t\u00fdm n\u011bkolik p\u0159\u00edpravn\u00fdch z\u00e1vod\u016f.<\/p>\n<p><em>\u201ePo ji\u017e zm\u00edn\u011bn\u00e9 ma\u010farsk\u00e9 Riverside Baja absolvujeme je\u0161t\u011b dv\u011b baji a na podzim se chyst\u00e1me na n\u011bkter\u00fd z africk\u00fdch z\u00e1vod\u016f, abychom si procvi\u010dili j\u00edzdu v dun\u00e1ch. Zat\u00edm nen\u00ed jist\u00e9, kde se Dakar 2020 pojede, ale v\u011b\u0159\u00edme, \u017ee v nov\u011b vybran\u00e9 lokalit\u011b bude dostatek p\u00edse\u010dn\u00fdch dun, kter\u00e9 d\u011blaj\u00ed tento z\u00e1vod jedine\u010dn\u00fdm,\u201c<\/em> doplnil <strong>Vacul\u00edk<\/strong>.<\/p>\n<p>Tiskov\u00e1 zpr\u00e1va t\u00fdmu 3RCZ.com (editov\u00e1no)[\/vc_column_text][\/vc_column][\/vc_row]<\/p>\n","protected":false},"excerpt":{"rendered":"<p>Boris Vacul\u00edk p\u0159edstavil pl\u00e1ny a novinky pro leto\u0161n\u00ed sez\u00f3nu. Do p\u0159\u00edprav na Dakar 2020 vstupuje se sv\u00fdm vlastn\u00edm t\u00fdmem 3RCZ.com.<\/p>\n","protected":false},"author":3,"featured_media":4888,"comment_status":"open","ping_status":"closed","sticky":false,"template":"","format":"standard","meta":{"footnotes":""},"categories":[637],"tags":[425,807,805,159,11,808,806],"class_list":["post-4973","post","type-post","status-publish","format-standard","has-post-thumbnail","hentry","category-tiskove-zpravy","tag-425","tag-3rcz-com","tag-boris-vaculik","tag-dakar-2020","tag-ford","tag-riverside-baja-2019","tag-rudolf-lhotsky"],"yoast_head":"<!-- This site is optimized with the Yoast SEO plugin v24.9 - https:\/\/yoast.com\/wordpress\/plugins\/seo\/ -->\n<title>Boris Vacul\u00edk se p\u0159ipravuje na Dakar 2020 - DAKARMANIA.cz<\/title>\n<meta name=\"description\" content=\"Boris Vacul\u00edk p\u0159edstavil pl\u00e1ny a novinky pro leto\u0161n\u00ed sez\u00f3nu. Do p\u0159\u00edprav na Dakar 2020 vstupuje se sv\u00fdm vlastn\u00edm t\u00fdmem 3RCZ.com.\" \/>\n<meta name=\"robots\" content=\"index, follow, max-snippet:-1, max-image-preview:large, max-video-preview:-1\" \/>\n<link rel=\"canonical\" href=\"https:\/\/www.dakarmania.cz\/index.php\/2019\/04\/03\/boris-vaculik-se-pripravuje-na-dakar-2020\/\" \/>\n<meta property=\"og:locale\" content=\"cs_CZ\" \/>\n<meta property=\"og:type\" content=\"article\" \/>\n<meta property=\"og:title\" content=\"Boris Vacul\u00edk se p\u0159ipravuje na Dakar 2020 - DAKARMANIA.cz\" \/>\n<meta property=\"og:description\" content=\"Boris Vacul\u00edk p\u0159edstavil pl\u00e1ny a novinky pro leto\u0161n\u00ed sez\u00f3nu. Do p\u0159\u00edprav na Dakar 2020 vstupuje se sv\u00fdm vlastn\u00edm t\u00fdmem 3RCZ.com.\" \/>\n<meta property=\"og:url\" content=\"https:\/\/www.dakarmania.cz\/index.php\/2019\/04\/03\/boris-vaculik-se-pripravuje-na-dakar-2020\/\" \/>\n<meta property=\"og:site_name\" content=\"DAKARMANIA.cz\" \/>\n<meta property=\"article:publisher\" content=\"https:\/\/www.facebook.com\/dakarmania\/\" \/>\n<meta property=\"article:published_time\" content=\"2019-04-03T00:34:02+00:00\" \/>\n<meta property=\"article:modified_time\" content=\"2019-10-22T08:31:32+00:00\" \/>\n<meta property=\"og:image\" content=\"https:\/\/www.dakarmania.cz\/wp-content\/uploads\/2019\/04\/20190324-092829.jpg\" \/>\n\t<meta property=\"og:image:width\" content=\"2048\" \/>\n\t<meta property=\"og:image:height\" content=\"1367\" \/>\n\t<meta property=\"og:image:type\" content=\"image\/jpeg\" \/>\n<meta name=\"author\" content=\"tiskov\u00e1 zpr\u00e1va\" \/>\n<meta name=\"twitter:card\" content=\"summary_large_image\" \/>\n<meta name=\"twitter:label1\" content=\"Napsal(a)\" \/>\n\t<meta name=\"twitter:data1\" content=\"tiskov\u00e1 zpr\u00e1va\" \/>\n\t<meta name=\"twitter:label2\" content=\"Odhadovan\u00e1 doba \u010dten\u00ed\" \/>\n\t<meta name=\"twitter:data2\" content=\"2 minuty\" \/>\n<script type=\"application\/ld+json\" class=\"yoast-schema-graph\">{\"@context\":\"https:\/\/schema.org\",\"@graph\":[{\"@type\":\"Article\",\"@id\":\"https:\/\/www.dakarmania.cz\/index.php\/2019\/04\/03\/boris-vaculik-se-pripravuje-na-dakar-2020\/#article\",\"isPartOf\":{\"@id\":\"https:\/\/www.dakarmania.cz\/index.php\/2019\/04\/03\/boris-vaculik-se-pripravuje-na-dakar-2020\/\"},\"author\":{\"name\":\"tiskov\u00e1 zpr\u00e1va\",\"@id\":\"https:\/\/www.dakarmania.cz\/#\/schema\/person\/bce8d1fe3633b1178e150fc5e340d5dd\"},\"headline\":\"Boris Vacul\u00edk se p\u0159ipravuje na Dakar 2020\",\"datePublished\":\"2019-04-03T00:34:02+00:00\",\"dateModified\":\"2019-10-22T08:31:32+00:00\",\"mainEntityOfPage\":{\"@id\":\"https:\/\/www.dakarmania.cz\/index.php\/2019\/04\/03\/boris-vaculik-se-pripravuje-na-dakar-2020\/\"},\"wordCount\":489,\"commentCount\":0,\"publisher\":{\"@id\":\"https:\/\/www.dakarmania.cz\/#organization\"},\"image\":{\"@id\":\"https:\/\/www.dakarmania.cz\/index.php\/2019\/04\/03\/boris-vaculik-se-pripravuje-na-dakar-2020\/#primaryimage\"},\"thumbnailUrl\":\"https:\/\/www.dakarmania.cz\/wp-content\/uploads\/2019\/04\/20190324-092829.jpg\",\"keywords\":[\"2019\",\"3RCZ.com\",\"Boris Vacul\u00edk\",\"Dakar 2020\",\"Ford\",\"Riverside Baja 2019\",\"Rudolf Lhotsk\u00fd\"],\"articleSection\":[\"Tiskov\u00e9 zpr\u00e1vy\"],\"inLanguage\":\"cs\",\"potentialAction\":[{\"@type\":\"CommentAction\",\"name\":\"Comment\",\"target\":[\"https:\/\/www.dakarmania.cz\/index.php\/2019\/04\/03\/boris-vaculik-se-pripravuje-na-dakar-2020\/#respond\"]}]},{\"@type\":\"WebPage\",\"@id\":\"https:\/\/www.dakarmania.cz\/index.php\/2019\/04\/03\/boris-vaculik-se-pripravuje-na-dakar-2020\/\",\"url\":\"https:\/\/www.dakarmania.cz\/index.php\/2019\/04\/03\/boris-vaculik-se-pripravuje-na-dakar-2020\/\",\"name\":\"Boris Vacul\u00edk se p\u0159ipravuje na Dakar 2020 - DAKARMANIA.cz\",\"isPartOf\":{\"@id\":\"https:\/\/www.dakarmania.cz\/#website\"},\"primaryImageOfPage\":{\"@id\":\"https:\/\/www.dakarmania.cz\/index.php\/2019\/04\/03\/boris-vaculik-se-pripravuje-na-dakar-2020\/#primaryimage\"},\"image\":{\"@id\":\"https:\/\/www.dakarmania.cz\/index.php\/2019\/04\/03\/boris-vaculik-se-pripravuje-na-dakar-2020\/#primaryimage\"},\"thumbnailUrl\":\"https:\/\/www.dakarmania.cz\/wp-content\/uploads\/2019\/04\/20190324-092829.jpg\",\"datePublished\":\"2019-04-03T00:34:02+00:00\",\"dateModified\":\"2019-10-22T08:31:32+00:00\",\"description\":\"Boris Vacul\u00edk p\u0159edstavil pl\u00e1ny a novinky pro leto\u0161n\u00ed sez\u00f3nu. Do p\u0159\u00edprav na Dakar 2020 vstupuje se sv\u00fdm vlastn\u00edm t\u00fdmem 3RCZ.com.\",\"breadcrumb\":{\"@id\":\"https:\/\/www.dakarmania.cz\/index.php\/2019\/04\/03\/boris-vaculik-se-pripravuje-na-dakar-2020\/#breadcrumb\"},\"inLanguage\":\"cs\",\"potentialAction\":[{\"@type\":\"ReadAction\",\"target\":[\"https:\/\/www.dakarmania.cz\/index.php\/2019\/04\/03\/boris-vaculik-se-pripravuje-na-dakar-2020\/\"]}]},{\"@type\":\"ImageObject\",\"inLanguage\":\"cs\",\"@id\":\"https:\/\/www.dakarmania.cz\/index.php\/2019\/04\/03\/boris-vaculik-se-pripravuje-na-dakar-2020\/#primaryimage\",\"url\":\"https:\/\/www.dakarmania.cz\/wp-content\/uploads\/2019\/04\/20190324-092829.jpg\",\"contentUrl\":\"https:\/\/www.dakarmania.cz\/wp-content\/uploads\/2019\/04\/20190324-092829.jpg\",\"width\":2048,\"height\":1367,\"caption\":\"Boris Vacul\u00edk \/ Rudolf Lhotsk\u00fd, Ford F-150. Dakar Setk\u00e1n\u00ed 2019. \u00a9 DAKAR MANIA\/Martin Bla\u017eek\"},{\"@type\":\"BreadcrumbList\",\"@id\":\"https:\/\/www.dakarmania.cz\/index.php\/2019\/04\/03\/boris-vaculik-se-pripravuje-na-dakar-2020\/#breadcrumb\",\"itemListElement\":[{\"@type\":\"ListItem\",\"position\":1,\"name\":\"Dom\u016f\",\"item\":\"https:\/\/www.dakarmania.cz\/\"},{\"@type\":\"ListItem\",\"position\":2,\"name\":\"Boris Vacul\u00edk se p\u0159ipravuje na Dakar 2020\"}]},{\"@type\":\"WebSite\",\"@id\":\"https:\/\/www.dakarmania.cz\/#website\",\"url\":\"https:\/\/www.dakarmania.cz\/\",\"name\":\"DAKARMANIA.cz\",\"description\":\"\u017dijeme Dakarem cel\u00fd rok\",\"publisher\":{\"@id\":\"https:\/\/www.dakarmania.cz\/#organization\"},\"potentialAction\":[{\"@type\":\"SearchAction\",\"target\":{\"@type\":\"EntryPoint\",\"urlTemplate\":\"https:\/\/www.dakarmania.cz\/?s={search_term_string}\"},\"query-input\":{\"@type\":\"PropertyValueSpecification\",\"valueRequired\":true,\"valueName\":\"search_term_string\"}}],\"inLanguage\":\"cs\"},{\"@type\":\"Organization\",\"@id\":\"https:\/\/www.dakarmania.cz\/#organization\",\"name\":\"DAKAR MANIA\",\"url\":\"https:\/\/www.dakarmania.cz\/\",\"logo\":{\"@type\":\"ImageObject\",\"inLanguage\":\"cs\",\"@id\":\"https:\/\/www.dakarmania.cz\/#\/schema\/logo\/image\/\",\"url\":\"https:\/\/www.dakarmania.cz\/wp-content\/uploads\/2018\/12\/Dakar-Mania-Logo-Square-Orange.png\",\"contentUrl\":\"https:\/\/www.dakarmania.cz\/wp-content\/uploads\/2018\/12\/Dakar-Mania-Logo-Square-Orange.png\",\"width\":992,\"height\":992,\"caption\":\"DAKAR MANIA\"},\"image\":{\"@id\":\"https:\/\/www.dakarmania.cz\/#\/schema\/logo\/image\/\"},\"sameAs\":[\"https:\/\/www.facebook.com\/dakarmania\/\"]},{\"@type\":\"Person\",\"@id\":\"https:\/\/www.dakarmania.cz\/#\/schema\/person\/bce8d1fe3633b1178e150fc5e340d5dd\",\"name\":\"tiskov\u00e1 zpr\u00e1va\",\"image\":{\"@type\":\"ImageObject\",\"inLanguage\":\"cs\",\"@id\":\"https:\/\/www.dakarmania.cz\/#\/schema\/person\/image\/\",\"url\":\"https:\/\/secure.gravatar.com\/avatar\/19aefcb6c7bfae691fca4d805686c670f59bb4f7414c7b398b88dc9c8f4e96d5?s=96&d=mm&r=g\",\"contentUrl\":\"https:\/\/secure.gravatar.com\/avatar\/19aefcb6c7bfae691fca4d805686c670f59bb4f7414c7b398b88dc9c8f4e96d5?s=96&d=mm&r=g\",\"caption\":\"tiskov\u00e1 zpr\u00e1va\"},\"url\":\"https:\/\/www.dakarmania.cz\/index.php\/author\/tiskovezpravy\/\"}]}<\/script>\n<!-- \/ Yoast SEO plugin. -->","yoast_head_json":{"title":"Boris Vacul\u00edk se p\u0159ipravuje na Dakar 2020 - DAKARMANIA.cz","description":"Boris Vacul\u00edk p\u0159edstavil pl\u00e1ny a novinky pro leto\u0161n\u00ed sez\u00f3nu. Do p\u0159\u00edprav na Dakar 2020 vstupuje se sv\u00fdm vlastn\u00edm t\u00fdmem 3RCZ.com.","robots":{"index":"index","follow":"follow","max-snippet":"max-snippet:-1","max-image-preview":"max-image-preview:large","max-video-preview":"max-video-preview:-1"},"canonical":"https:\/\/www.dakarmania.cz\/index.php\/2019\/04\/03\/boris-vaculik-se-pripravuje-na-dakar-2020\/","og_locale":"cs_CZ","og_type":"article","og_title":"Boris Vacul\u00edk se p\u0159ipravuje na Dakar 2020 - DAKARMANIA.cz","og_description":"Boris Vacul\u00edk p\u0159edstavil pl\u00e1ny a novinky pro leto\u0161n\u00ed sez\u00f3nu. Do p\u0159\u00edprav na Dakar 2020 vstupuje se sv\u00fdm vlastn\u00edm t\u00fdmem 3RCZ.com.","og_url":"https:\/\/www.dakarmania.cz\/index.php\/2019\/04\/03\/boris-vaculik-se-pripravuje-na-dakar-2020\/","og_site_name":"DAKARMANIA.cz","article_publisher":"https:\/\/www.facebook.com\/dakarmania\/","article_published_time":"2019-04-03T00:34:02+00:00","article_modified_time":"2019-10-22T08:31:32+00:00","og_image":[{"width":2048,"height":1367,"url":"https:\/\/www.dakarmania.cz\/wp-content\/uploads\/2019\/04\/20190324-092829.jpg","type":"image\/jpeg"}],"author":"tiskov\u00e1 zpr\u00e1va","twitter_card":"summary_large_image","twitter_misc":{"Napsal(a)":"tiskov\u00e1 zpr\u00e1va","Odhadovan\u00e1 doba \u010dten\u00ed":"2 minuty"},"schema":{"@context":"https:\/\/schema.org","@graph":[{"@type":"Article","@id":"https:\/\/www.dakarmania.cz\/index.php\/2019\/04\/03\/boris-vaculik-se-pripravuje-na-dakar-2020\/#article","isPartOf":{"@id":"https:\/\/www.dakarmania.cz\/index.php\/2019\/04\/03\/boris-vaculik-se-pripravuje-na-dakar-2020\/"},"author":{"name":"tiskov\u00e1 zpr\u00e1va","@id":"https:\/\/www.dakarmania.cz\/#\/schema\/person\/bce8d1fe3633b1178e150fc5e340d5dd"},"headline":"Boris Vacul\u00edk se p\u0159ipravuje na Dakar 2020","datePublished":"2019-04-03T00:34:02+00:00","dateModified":"2019-10-22T08:31:32+00:00","mainEntityOfPage":{"@id":"https:\/\/www.dakarmania.cz\/index.php\/2019\/04\/03\/boris-vaculik-se-pripravuje-na-dakar-2020\/"},"wordCount":489,"commentCount":0,"publisher":{"@id":"https:\/\/www.dakarmania.cz\/#organization"},"image":{"@id":"https:\/\/www.dakarmania.cz\/index.php\/2019\/04\/03\/boris-vaculik-se-pripravuje-na-dakar-2020\/#primaryimage"},"thumbnailUrl":"https:\/\/www.dakarmania.cz\/wp-content\/uploads\/2019\/04\/20190324-092829.jpg","keywords":["2019","3RCZ.com","Boris Vacul\u00edk","Dakar 2020","Ford","Riverside Baja 2019","Rudolf Lhotsk\u00fd"],"articleSection":["Tiskov\u00e9 zpr\u00e1vy"],"inLanguage":"cs","potentialAction":[{"@type":"CommentAction","name":"Comment","target":["https:\/\/www.dakarmania.cz\/index.php\/2019\/04\/03\/boris-vaculik-se-pripravuje-na-dakar-2020\/#respond"]}]},{"@type":"WebPage","@id":"https:\/\/www.dakarmania.cz\/index.php\/2019\/04\/03\/boris-vaculik-se-pripravuje-na-dakar-2020\/","url":"https:\/\/www.dakarmania.cz\/index.php\/2019\/04\/03\/boris-vaculik-se-pripravuje-na-dakar-2020\/","name":"Boris Vacul\u00edk se p\u0159ipravuje na Dakar 2020 - DAKARMANIA.cz","isPartOf":{"@id":"https:\/\/www.dakarmania.cz\/#website"},"primaryImageOfPage":{"@id":"https:\/\/www.dakarmania.cz\/index.php\/2019\/04\/03\/boris-vaculik-se-pripravuje-na-dakar-2020\/#primaryimage"},"image":{"@id":"https:\/\/www.dakarmania.cz\/index.php\/2019\/04\/03\/boris-vaculik-se-pripravuje-na-dakar-2020\/#primaryimage"},"thumbnailUrl":"https:\/\/www.dakarmania.cz\/wp-content\/uploads\/2019\/04\/20190324-092829.jpg","datePublished":"2019-04-03T00:34:02+00:00","dateModified":"2019-10-22T08:31:32+00:00","description":"Boris Vacul\u00edk p\u0159edstavil pl\u00e1ny a novinky pro leto\u0161n\u00ed sez\u00f3nu. Do p\u0159\u00edprav na Dakar 2020 vstupuje se sv\u00fdm vlastn\u00edm t\u00fdmem 3RCZ.com.","breadcrumb":{"@id":"https:\/\/www.dakarmania.cz\/index.php\/2019\/04\/03\/boris-vaculik-se-pripravuje-na-dakar-2020\/#breadcrumb"},"inLanguage":"cs","potentialAction":[{"@type":"ReadAction","target":["https:\/\/www.dakarmania.cz\/index.php\/2019\/04\/03\/boris-vaculik-se-pripravuje-na-dakar-2020\/"]}]},{"@type":"ImageObject","inLanguage":"cs","@id":"https:\/\/www.dakarmania.cz\/index.php\/2019\/04\/03\/boris-vaculik-se-pripravuje-na-dakar-2020\/#primaryimage","url":"https:\/\/www.dakarmania.cz\/wp-content\/uploads\/2019\/04\/20190324-092829.jpg","contentUrl":"https:\/\/www.dakarmania.cz\/wp-content\/uploads\/2019\/04\/20190324-092829.jpg","width":2048,"height":1367,"caption":"Boris Vacul\u00edk \/ Rudolf Lhotsk\u00fd, Ford F-150. Dakar Setk\u00e1n\u00ed 2019. \u00a9 DAKAR MANIA\/Martin Bla\u017eek"},{"@type":"BreadcrumbList","@id":"https:\/\/www.dakarmania.cz\/index.php\/2019\/04\/03\/boris-vaculik-se-pripravuje-na-dakar-2020\/#breadcrumb","itemListElement":[{"@type":"ListItem","position":1,"name":"Dom\u016f","item":"https:\/\/www.dakarmania.cz\/"},{"@type":"ListItem","position":2,"name":"Boris Vacul\u00edk se p\u0159ipravuje na Dakar 2020"}]},{"@type":"WebSite","@id":"https:\/\/www.dakarmania.cz\/#website","url":"https:\/\/www.dakarmania.cz\/","name":"DAKARMANIA.cz","description":"\u017dijeme Dakarem cel\u00fd rok","publisher":{"@id":"https:\/\/www.dakarmania.cz\/#organization"},"potentialAction":[{"@type":"SearchAction","target":{"@type":"EntryPoint","urlTemplate":"https:\/\/www.dakarmania.cz\/?s={search_term_string}"},"query-input":{"@type":"PropertyValueSpecification","valueRequired":true,"valueName":"search_term_string"}}],"inLanguage":"cs"},{"@type":"Organization","@id":"https:\/\/www.dakarmania.cz\/#organization","name":"DAKAR MANIA","url":"https:\/\/www.dakarmania.cz\/","logo":{"@type":"ImageObject","inLanguage":"cs","@id":"https:\/\/www.dakarmania.cz\/#\/schema\/logo\/image\/","url":"https:\/\/www.dakarmania.cz\/wp-content\/uploads\/2018\/12\/Dakar-Mania-Logo-Square-Orange.png","contentUrl":"https:\/\/www.dakarmania.cz\/wp-content\/uploads\/2018\/12\/Dakar-Mania-Logo-Square-Orange.png","width":992,"height":992,"caption":"DAKAR MANIA"},"image":{"@id":"https:\/\/www.dakarmania.cz\/#\/schema\/logo\/image\/"},"sameAs":["https:\/\/www.facebook.com\/dakarmania\/"]},{"@type":"Person","@id":"https:\/\/www.dakarmania.cz\/#\/schema\/person\/bce8d1fe3633b1178e150fc5e340d5dd","name":"tiskov\u00e1 zpr\u00e1va","image":{"@type":"ImageObject","inLanguage":"cs","@id":"https:\/\/www.dakarmania.cz\/#\/schema\/person\/image\/","url":"https:\/\/secure.gravatar.com\/avatar\/19aefcb6c7bfae691fca4d805686c670f59bb4f7414c7b398b88dc9c8f4e96d5?s=96&d=mm&r=g","contentUrl":"https:\/\/secure.gravatar.com\/avatar\/19aefcb6c7bfae691fca4d805686c670f59bb4f7414c7b398b88dc9c8f4e96d5?s=96&d=mm&r=g","caption":"tiskov\u00e1 zpr\u00e1va"},"url":"https:\/\/www.dakarmania.cz\/index.php\/author\/tiskovezpravy\/"}]}},"amp_enabled":true,"_links":{"self":[{"href":"https:\/\/www.dakarmania.cz\/index.php\/wp-json\/wp\/v2\/posts\/4973","targetHints":{"allow":["GET"]}}],"collection":[{"href":"https:\/\/www.dakarmania.cz\/index.php\/wp-json\/wp\/v2\/posts"}],"about":[{"href":"https:\/\/www.dakarmania.cz\/index.php\/wp-json\/wp\/v2\/types\/post"}],"author":[{"embeddable":true,"href":"https:\/\/www.dakarmania.cz\/index.php\/wp-json\/wp\/v2\/users\/3"}],"replies":[{"embeddable":true,"href":"https:\/\/www.dakarmania.cz\/index.php\/wp-json\/wp\/v2\/comments?post=4973"}],"version-history":[{"count":2,"href":"https:\/\/www.dakarmania.cz\/index.php\/wp-json\/wp\/v2\/posts\/4973\/revisions"}],"predecessor-version":[{"id":12721,"href":"https:\/\/www.dakarmania.cz\/index.php\/wp-json\/wp\/v2\/posts\/4973\/revisions\/12721"}],"wp:featuredmedia":[{"embeddable":true,"href":"https:\/\/www.dakarmania.cz\/index.php\/wp-json\/wp\/v2\/media\/4888"}],"wp:attachment":[{"href":"https:\/\/www.dakarmania.cz\/index.php\/wp-json\/wp\/v2\/media?parent=4973"}],"wp:term":[{"taxonomy":"category","embeddable":true,"href":"https:\/\/www.dakarmania.cz\/index.php\/wp-json\/wp\/v2\/categories?post=4973"},{"taxonomy":"post_tag","embeddable":true,"href":"https:\/\/www.dakarmania.cz\/index.php\/wp-json\/wp\/v2\/tags?post=4973"}],"curies":[{"name":"wp","href":"https:\/\/api.w.org\/{rel}","templated":true}]}}