{"id":4982,"date":"2019-04-03T14:07:59","date_gmt":"2019-04-03T12:07:59","guid":{"rendered":"https:\/\/www.dakarmania.cz\/?p=4982"},"modified":"2023-03-19T11:22:00","modified_gmt":"2023-03-19T10:22:00","slug":"abu-dhabi-pohroma-favoritu","status":"publish","type":"post","link":"https:\/\/www.dakarmania.cz\/index.php\/2019\/04\/03\/abu-dhabi-pohroma-favoritu\/","title":{"rendered":"Abu Dhabi: Pohroma favorit\u016f v p\u0159edposledn\u00ed etap\u011b"},"content":{"rendered":"<p>[vc_row][vc_column][vc_column_text]<\/p>\n<h4>\u010ctvrt\u00e1 etapa Abu Dhabi Desert Challenge 2019 byla sportovn\u00ed pohromou pro trojici favorit\u016f. Bernhard ten Brinke, Kuba Przygo\u0144ski a Martin Prokop pat\u0159ili je\u0161t\u011b ve st\u0159edu r\u00e1no k uchaze\u010d\u016fm o um\u00edst\u011bn\u00ed na stupn\u00edch v\u00edt\u011bz\u016f. B\u011bhem dne v\u0161ak jejich ambice vzaly za sv\u00e9. \u010cesk\u00fd z\u00e1vodn\u00edk na rozd\u00edl od soupe\u0159\u016f alespo\u0148 dojel do c\u00edle.<\/h4>\n<p>Man\u017eele St\u00e9phana a Andreu Peterhanselovi d\u011bl\u00ed p\u0159i <a href=\"https:\/\/www.dakarmania.cz\/index.php\/2019\/03\/21\/abu-dhabi-peterhanselovi-spolecne\/\">premi\u00e9rov\u00e9m spole\u010dn\u00e9m startu s vozem elitn\u00ed kategorie T1<\/a> jedin\u00e1 etapa od prvn\u00edho v\u00edt\u011bzstv\u00ed v absolutn\u00edm hodnocen\u00ed sout\u011b\u017ee. Francouzko-n\u011bmeck\u00fd p\u00e1r si ve st\u0159edu p\u0159ipsal prvn\u00ed etapov\u00e9 v\u00edt\u011bzstv\u00ed v r\u00e1mci Abu Dhabi Desert Challenge 2019 a do posledn\u00edho dne rally odstartuje se sv\u00fdm Mini JCW Rally z prvn\u00ed pozice s n\u00e1skokem osmn\u00e1cti a p\u016fl minuty p\u0159ed nejbli\u017e\u0161\u00edmi z pron\u00e1sledovatel\u016f.<\/p>\n<p><em>\u201eKa\u017ed\u00fd den je novou v\u00fdzvou. M\u016f\u017eete pro\u017e\u00edt skute\u010dn\u011b dobr\u00fd den a hned ten dal\u0161\u00ed m\u016f\u017ee b\u00fdt nejhor\u0161\u00ed z cel\u00e9ho va\u0161eho \u017eivota. V\u00edme, \u017ee ka\u017ed\u00fd kilometr je n\u00e1ro\u010dn\u00fd,\u201c<\/em> \u0159ekl v c\u00edli rychlostn\u00ed zkou\u0161ky <strong>St\u00e9phane Peterhansel<\/strong>. <em>\u201eNa za\u010d\u00e1tku jsem se nec\u00edtil moc jist\u011b, proto\u017ee jsem tu dlouho nebyl. Musel jsem se znovu u\u010dit, abych tu byl znovu ve h\u0159e. St\u00e1le nem\u00e1m stoprocentn\u00ed jistotu, tak\u017ee mus\u00edm j\u00edt krok za krokem. Dnes to bylo dlouh\u00e9. Na\u0161t\u011bst\u00ed jsme nezapadli a po\u0159\u00e1d jsme jeli, i kdy\u017e to pro auta byla hodn\u011b t\u011b\u017ek\u00e1 etapa ve slo\u017eit\u00fdch dun\u00e1ch. Ale tak to m\u00e1m r\u00e1d. P\u0159ijde mi nudn\u00e9, kdy\u017e je to moc jednoduch\u00e9.\u201c<\/em>[\/vc_column_text][vc_single_image image=&#8221;4992&#8243; img_size=&#8221;large&#8221; add_caption=&#8221;yes&#8221; alignment=&#8221;center&#8221;][vc_column_text]<\/p>\n<h4>Nov\u00ed vyzyvatel\u00e9<\/h4>\n<p>T\u011bmi se d\u00edky \u010dtvrt\u00e9mu \u010dasu (+ 13:59 min) v p\u0159edposledn\u00ed etap\u011b, jej\u00ed\u017e rychlostn\u00ed zkou\u0161ka m\u011b\u0159ila 286 kilometr\u016f, stali Khalid Al Qassimi a Xavier Panseri. Pos\u00e1dka Peugeotu t\u00fdmu Abu Dhabi Racing je z\u00e1rove\u0148 jedin\u00e1, kter\u00e1 se s leadery sout\u011b\u017ee udr\u017eela v kontaktu. Nen\u00ed bez zaj\u00edmavosti, \u017ee p\u0159ed dv\u011bma lety nastupoval Al Qassimi do posledn\u00edho dne s je\u0161t\u011b v\u011bt\u0161\u00ed ztr\u00e1tou a nakonec se radoval z v\u00edt\u011bzstv\u00ed&#8230;<\/p>\n<p>T\u011bsn\u011b po dojezdu do c\u00edle ale samotn\u00fd <strong>Khaled Al Qassimi<\/strong> ne\u010dekal, \u017ee by si mohl v\u00fdrazn\u011b polep\u0161it: <em>\u201eBylo to obt\u00ed\u017en\u00e9 a v prvn\u00ed sekci jsme d\u016fkladn\u011b zapadli. Jelo se v m\u011bkk\u00e9m p\u00edsku a my m\u00e1me auto s jednou poh\u00e1n\u011bnou n\u00e1pravou. Jsme tu, ale nev\u00edm, jak na tom budeme ve v\u00fdsledc\u00edch. Docela n\u00e1m trvalo, ne\u017e jsme se vyhrabali.\u201c<\/em>[\/vc_column_text][vc_single_image image=&#8221;5001&#8243; img_size=&#8221;large&#8221; add_caption=&#8221;yes&#8221; alignment=&#8221;center&#8221;][vc_column_text]Ze \u0161est\u00e9 na t\u0159et\u00ed p\u0159\u00ed\u010dku se posunul Aron Dom\u017ca\u0142a s navig\u00e1torem Maciejem Martonem. Pol\u00e1ci se s Toyotou t\u00fdmu Overdrive ve st\u0159edu bl\u00fdskli druh\u00fdm \u010dasem (+ 6:46), celkov\u011b v\u0161ak na Peterhanselovi ztr\u00e1cej\u00ed v\u00edce ne\u017e t\u0159i \u010dtvrt\u011b hodiny.<\/p>\n<p><em>\u201e\u00da\u017easn\u00fd den,\u201c<\/em> pochvaloval si <strong>Aron Dom\u017ca\u0142a<\/strong>. <em>\u201eM\u011bli jsme sice drobn\u011bj\u0161\u00ed probl\u00e9m s elektrikou, kv\u016fli kter\u00e9mu jsme museli na za\u010d\u00e1tku asi na t\u0159i minuty zastavit, ale pak jsme dojeli Vladimira<\/em> [Vasiljeva] <em>a Al Qassimiho. Jeli jsme spole\u010dn\u011b a\u017e do chv\u00edle, ne\u017e Vladimir ud\u011blal defekt. Al Qassimiho jsem p\u0159edjet nemohl, je opravdu rychl\u00fd.\u201c<\/em><\/p>\n<p>Vladimir Vasiljev s Konstantinem \u017dilcovem (BMW) st\u00e1le pokra\u010duj\u00ed podle mustru \u201ejednou h\u016f\u0159, podruh\u00e9 l\u00e9pe\u201c. Po zapadnut\u00ed ve t\u0159et\u00ed etap\u011b byli Rusov\u00e9 o den pozd\u011bji t\u0159et\u00ed (+ 9:22) a d\u00edky tomu si tak\u00e9 oni polep\u0161ili o t\u0159i m\u00edsta. P\u0159ed z\u00edt\u0159ej\u0161\u00edm fin\u00e1le figuruj\u00ed na \u010dtvrt\u00e9 pozici a st\u00e1le mohou pom\u00fd\u0161let i na p\u00f3diov\u00e9 um\u00edst\u011bn\u00ed. Za t\u0159et\u00edm Dom\u017ca\u0142ou zaost\u00e1vaj\u00ed o necel\u00fdch deset minut.[\/vc_column_text][vc_single_image image=&#8221;4995&#8243; img_size=&#8221;large&#8221; add_caption=&#8221;yes&#8221; alignment=&#8221;center&#8221;][vc_column_text]<\/p>\n<h4>T\u0159i z kola ven<\/h4>\n<p>O druhou pozici pr\u016fb\u011b\u017en\u00e9 klasifikace p\u0159i\u0161li Bernhard ten Brinke s Tomem Colsoulem, kte\u0159\u00ed s Toyotou t\u00fdmu Overdrive Racing \u010dtvrtou etapu nedokon\u010dili.<\/p>\n<p>Nizozemec \u0161el v \u00favodn\u00ed \u010d\u00e1sti rychlostn\u00ed zkou\u0161ky se svou Toyotou p\u0159es st\u0159echu a do servisu v neutralizovan\u00e9 z\u00f3n\u011b dorazil s po\u0161kozenou st\u0159echou a kolem. Jen\u017ee kr\u00e1tce po startu do dal\u0161\u00edho \u00faseku havaroval znovu. Pos\u00e1dka byla letecky transportov\u00e1na do nemocnice v Madinat Zayed. Podle prvn\u00edch zpr\u00e1v po\u0159adatel\u016f by se v p\u0159\u00edpad\u011b obou jej\u00edch \u010dlen\u016f nem\u011blo jednat o v\u00e1\u017en\u00e1 zran\u011bn\u00ed.<\/p>\n<p>Kuba Przygo\u0144ski s Timem Gottschalkem figurovali po t\u0159ech etap\u00e1ch na \u010dtvrt\u00e9 pozici se ztr\u00e1tou \u0161esti a p\u016fl minuty. Polsko-n\u011bmeck\u00e1 pos\u00e1dka v\u0161ak na tra\u0165 dne\u0161n\u00ed rychlostn\u00ed zkou\u0161ky v\u016fbec nevyrazila. Je\u0161t\u011b p\u0159ed startem m\u011b\u0159en\u00e9ho \u00faseku z\u016fstalo jejich Mini JCW Buggy st\u00e1t kv\u016fli poru\u0161e p\u0159evodovky. V\u00edt\u011bz lo\u0148sk\u00e9ho sv\u011btov\u00e9ho poh\u00e1ru v cross-country rally by m\u011bl po oprav\u011b nastoupit do posledn\u00edho dne. S penalizac\u00ed za nedokon\u010denou etapu ale definitivn\u011b vypadl z boje o nejvy\u0161\u0161\u00ed p\u0159\u00ed\u010dky.[\/vc_column_text][vc_single_image image=&#8221;4988&#8243; img_size=&#8221;large&#8221; add_caption=&#8221;yes&#8221; alignment=&#8221;center&#8221;][vc_column_text]Technick\u00e9 probl\u00e9my zastavily tak\u00e9 <a href=\"https:\/\/www.dakarmania.cz\/index.php\/osobnosti\/martin-prokop\/\">Martin Prokop<\/a> s <a href=\"https:\/\/www.dakarmania.cz\/index.php\/osobnosti\/viktor-chytka\/\">Viktorem Chytkou<\/a>.<\/p>\n<p><em>\u201eNa devades\u00e1t\u00e9m kilometru vypov\u011bd\u011bl Shrek slu\u017ebu. Z\u0159ejm\u011b se jedn\u00e1 o probl\u00e9m s plynovou klapkou. Motor se zastavil,\u201c<\/em> hl\u00e1sil p\u0159\u00edmo z trati <strong>Martin Prokop<\/strong>. <em>\u201eZkou\u0161\u00edme to opravit, ale na v\u00edc ne\u017e na 500 ot\u00e1\u010dek motor nerozh\u00fdbeme. S t\u00edm se tady prost\u011b jet ned\u00e1. Pomoc je na hlavn\u00ed cest\u011b, jen dva kilometry daleko, ale jen tak se k nim asi nedostaneme. Vypad\u00e1 to na dlouh\u00fd den.\u201c<\/em><\/p>\n<p>Ford t\u00fdmu MP-Sports nakonec dorazil do c\u00edle se ztr\u00e1tou jedn\u00e9 hodiny a 49 minut. Prokop tak klesl s p\u00e1t\u00e9ho na sedm\u00e9 m\u00edsto.[\/vc_column_text][vc_cta h2=&#8221;&#8221; txt_align=&#8221;center&#8221; color=&#8221;grey&#8221; el_width=&#8221;xl&#8221; css=&#8221;.vc_custom_1554203795130{border-top-width: 1px !important;border-right-width: 1px !important;border-bottom-width: 1px !important;border-left-width: 1px !important;border-left-color: #f49b00 !important;border-right-color: #f49b00 !important;border-top-color: #f49b00 !important;border-bottom-color: #f49b00 !important;}&#8221;]<\/p>\n<h2 style=\"text-align: center;\"><a href=\"https:\/\/www.dakarmania.cz\/index.php\/sampionaty\/svetovy-pohar-fia-v-cross-country-rally-2019\/addc-2019\/\"><strong>Abu Dhabi Desert Challenge podrobn\u011b<\/strong><\/a><\/h2>\n<p style=\"text-align: center;\"><a href=\"https:\/\/www.dakarmania.cz\/index.php\/sampionaty\/svetovy-pohar-fia-v-cross-country-rally-2019\/addc-2019\/\">&gt;&gt; v\u00fdsledky, foto, info, zaj\u00edmavosti<\/a><\/p>\n<p>[\/vc_cta][vc_column_text]<\/p>\n<h4>Bitva a\u017e do konce<\/h4>\n<p>Na p\u00e1tou a \u0161estou pozici absolutn\u011b se posunuli dva nejlep\u0161\u00ed jezdci kategorie T3 (SxS). Reinaldo Varela dnes byl o minutu a 53 sekund rychlej\u0161\u00ed ne\u017e jeho kolega z tov\u00e1rn\u00edho t\u00fdmu Can-Am Casey Currie a odsunul Ameri\u010dana na druh\u00e9 m\u00edsto ve t\u0159\u00edd\u011b. Ov\u0161em p\u0159ed posledn\u00ed etapou m\u00e1 Brazilec k dobru pouh\u00fdch 43 sekund.[\/vc_column_text][vc_single_image image=&#8221;4991&#8243; img_size=&#8221;large&#8221; add_caption=&#8221;yes&#8221; alignment=&#8221;center&#8221;][vc_column_text]<\/p>\n<h4>Smola\u0159i si polep\u0161\u00ed<\/h4>\n<p>V\u00edt\u011bz \u00favodn\u00ed etapy Cyril Despres (Mini JCW Buggy) p\u0159i\u0161el o nad\u011bji na dobr\u00fd v\u00fdsledek kv\u016fli s\u00e9rii probl\u00e9m\u016f hned o den pozd\u011bji. Dnes ale pat\u0159il k t\u011bm \u0161\u0165astn\u011bj\u0161\u00edm a polep\u0161il si na osm\u00e9 m\u00edsto.<\/p>\n<p><a href=\"https:\/\/www.dakarmania.cz\/index.php\/osobnosti\/miroslav-zapletal\/\">Miroslav Zapletal<\/a> s <a href=\"https:\/\/www.dakarmania.cz\/index.php\/osobnosti\/marek-sykora\/\">Markem S\u00fdkorou<\/a> (Ford) pokra\u010duj\u00ed v sout\u011b\u017ei s v\u00fdraznou penalizac\u00ed za nedokon\u010denou etapu. Tak\u00e9 oni v\u0161ak dok\u00e1zali zdolat n\u00e1strahy \u010dtvrt\u00e9ho dne a v pr\u016fb\u011b\u017en\u00e9m po\u0159ad\u00ed jsou patn\u00e1ct\u00ed.<\/p>\n<p>Ve \u010dtvrtek 4. dubna zakon\u010d\u00ed Abu Dhabi Desert Challenge 2019 p\u00e1t\u00e1 etapa, jej\u00ed\u017e rychlostn\u00ed zkou\u0161ka m\u011b\u0159\u00ed 214 kilometr\u016f a je nejkrat\u0161\u00ed z cel\u00e9 sout\u011b\u017ee.[\/vc_column_text][vc_column_text]<\/p>\n<h4 style=\"text-align: center;\">Pr\u016fb\u011b\u017en\u00e9 po\u0159ad\u00ed Abu Dhabi Desert Challenge 2019<\/h4>\n<p style=\"text-align: center;\"><strong>Automobily po 4. etap\u011b<\/strong><\/p>\n<table style=\"width: 97.7654%; height: 192px;\">\n<tbody>\n<tr style=\"background-color: #dbd9d9;\">\n<td style=\"width: 6.4117%; height: 24px;\">1.<\/td>\n<td style=\"width: 44.3195%; height: 24px;\">Peterhansel \/ Peterhansel<\/td>\n<td style=\"width: 33.6333%; height: 24px;\">Mini JCW Rally<\/td>\n<td style=\"width: 14.3982%; height: 24px;\">15:13:16<\/td>\n<\/tr>\n<tr>\n<td style=\"width: 6.4117%; height: 24px;\">2.<\/td>\n<td style=\"width: 44.3195%; height: 24px;\">Al Qassimi \/ Panseri<\/td>\n<td style=\"width: 33.6333%; height: 24px;\">Peugeot 3008 DKR<\/td>\n<td style=\"width: 14.3982%; height: 24px;\">+18:35<\/td>\n<\/tr>\n<tr style=\"background-color: #dbd9d9;\">\n<td style=\"width: 6.4117%; height: 24px;\">3.<\/td>\n<td style=\"width: 44.3195%; height: 24px;\">Dom\u017ca\u0142a \/ Marton<\/td>\n<td style=\"width: 33.6333%; height: 24px;\">Toyota Hilux<\/td>\n<td style=\"width: 14.3982%; height: 24px;\">+46:12<\/td>\n<\/tr>\n<tr>\n<td style=\"width: 6.4117%; height: 24px;\">4.<\/td>\n<td style=\"width: 44.3195%; height: 24px;\">Vasiljev \/ \u017dilcov<\/td>\n<td style=\"width: 33.6333%; height: 24px;\">BMW X3<\/td>\n<td style=\"width: 14.3982%; height: 24px;\">+55:59<\/td>\n<\/tr>\n<tr style=\"background-color: #dbd9d9;\">\n<td style=\"width: 6.4117%; height: 24px;\">5.<\/td>\n<td style=\"width: 44.3195%; height: 24px;\">Varela \/ Gugelmin<\/td>\n<td style=\"width: 33.6333%; height: 24px;\">Can-Am Maverick X3<\/td>\n<td style=\"width: 14.3982%; height: 24px;\">+1:33:43<\/td>\n<\/tr>\n<tr style=\"height: 24px;\">\n<td style=\"width: 6.4117%; height: 24px;\">6.<\/td>\n<td style=\"width: 44.3195%; height: 24px;\">Currie \/ Lichtleuchter<\/td>\n<td style=\"width: 33.6333%; height: 24px;\">Can-Am Maverick X3<\/td>\n<td style=\"width: 14.3982%; height: 24px;\">+1:34:26<\/td>\n<\/tr>\n<tr style=\"background-color: #dbd9d9;\">\n<td style=\"width: 6.4117%; height: 24px;\">7.<\/td>\n<td style=\"width: 44.3195%; height: 24px;\">Prokop \/ Chytka<\/td>\n<td style=\"width: 33.6333%; height: 24px;\">Ford F-150 Evo<\/td>\n<td style=\"width: 14.3982%; height: 24px;\">+2:03:29<\/td>\n<\/tr>\n<tr>\n<td style=\"width: 6.4117%; height: 24px;\">8.<\/td>\n<td style=\"width: 44.3195%; height: 24px;\">Despres \/ Oliveras<\/td>\n<td style=\"width: 33.6333%; height: 24px;\">Mini JCW Buggy<\/td>\n<td style=\"width: 14.3982%; height: 24px;\">+4:11:48<\/td>\n<\/tr>\n<tr style=\"background-color: #dbd9d9;\">\n<td style=\"width: 6.4117%; height: 24px;\">15.<\/td>\n<td style=\"width: 44.3195%; height: 24px;\">Zapletal \/ S\u00fdkora<\/td>\n<td style=\"width: 33.6333%; height: 24px;\">Ford F-150 Evo<\/td>\n<td style=\"width: 14.3982%; height: 24px;\">+122:28:58<\/td>\n<\/tr>\n<\/tbody>\n<\/table>\n<p>[\/vc_column_text][vc_btn title=&#8221;ADDC 2019: V\u00fdsledky 4. etapy, automobily&#8221; style=&#8221;outline&#8221; color=&#8221;warning&#8221; size=&#8221;sm&#8221; align=&#8221;center&#8221; i_icon_fontawesome=&#8221;fa fa-clock-o&#8221; button_block=&#8221;true&#8221; add_icon=&#8221;true&#8221; link=&#8221;url:https%3A%2F%2Fwww.dakarmania.cz%2Fwp-content%2Fuploads%2F2019%2F04%2F2019-addc-auto-leg4-provisional.pdf||target:%20_blank|rel:nofollow&#8221;][vc_btn title=&#8221;ADDC 2019: Po\u0159ad\u00ed po 4. etap\u011b, automobily&#8221; style=&#8221;outline&#8221; color=&#8221;warning&#8221; size=&#8221;sm&#8221; align=&#8221;center&#8221; i_icon_fontawesome=&#8221;fa fa-list-ol&#8221; button_block=&#8221;true&#8221; add_icon=&#8221;true&#8221; link=&#8221;url:https%3A%2F%2Fwww.dakarmania.cz%2Fwp-content%2Fuploads%2F2019%2F04%2F2019-addc-auto-after-leg4-partial.pdf||target:%20_blank|rel:nofollow&#8221;][\/vc_column][\/vc_row]<\/p>\n","protected":false},"excerpt":{"rendered":"<p>\u010ctvrt\u00e1 etapa ADDC 2019 byla pohromou pro trojici favorit\u016f. Za sv\u00e9 vzaly nad\u011bje B. ten Brinkeho, K. Przygo\u0144sk\u00e9ho a M. Prokopa.<\/p>\n","protected":false},"author":1,"featured_media":4985,"comment_status":"closed","ping_status":"closed","sticky":false,"template":"","format":"standard","meta":{"footnotes":""},"categories":[520,3,97],"tags":[425,535,521,522,654,231,666,289,311,95,777,233,776,11,444,306,288,827,261,5,219,303,4,304,326,210,209,205,105,413,217,290,287,201,202,1074,657,305,220,328],"class_list":["post-4982","post","type-post","status-publish","format-standard","has-post-thumbnail","hentry","category-abu-dhabi-desert-challenge","category-auto","category-fia-ccr","tag-425","tag-abu-dhabi-racing","tag-addc","tag-addc-2019","tag-andrea-mayer","tag-andrea-peterhansel","tag-aron-domzala","tag-bernhard-ten-brinke","tag-bmw","tag-can-am","tag-casey-currie","tag-cyril-despres","tag-daniel-oliveras","tag-ford","tag-khalid-al-qassimi","tag-konstantin-zilcov","tag-kuba-przygonski","tag-maciej-marton","tag-marek-sykora","tag-martin-prokop","tag-mini","tag-miroslav-zapletal","tag-mp-sports","tag-offroadsport","tag-overdrive-racing","tag-peugeot","tag-ph-sport","tag-reinaldo-varela","tag-sp-fia-ccr","tag-sp-fia-ccr-2019","tag-stephane-peterhansel","tag-timo-gottschalk","tag-tom-colsoul","tag-toyota","tag-toyota-gazoo-racing","tag-toyota-gazoo-racing-sa","tag-viktor-chytka","tag-vladimir-vasiljev","tag-x-raid","tag-xavier-panseri"],"yoast_head":"<!-- This site is optimized with the Yoast SEO plugin v24.9 - https:\/\/yoast.com\/wordpress\/plugins\/seo\/ -->\n<title>Abu Dhabi: Pohroma favorit\u016f v p\u0159edposledn\u00ed etap\u011b - DAKARMANIA.cz<\/title>\n<meta name=\"description\" content=\"\u010ctvrt\u00e1 etapa ADDC 2019 byla pohromou pro trojici favorit\u016f. Za sv\u00e9 vzaly nad\u011bje B. ten Brinkeho, K. Przygo\u0144sk\u00e9ho a M. Prokopa.\" \/>\n<meta name=\"robots\" content=\"index, follow, max-snippet:-1, max-image-preview:large, max-video-preview:-1\" \/>\n<link rel=\"canonical\" href=\"https:\/\/www.dakarmania.cz\/index.php\/2019\/04\/03\/abu-dhabi-pohroma-favoritu\/\" \/>\n<meta property=\"og:locale\" content=\"cs_CZ\" \/>\n<meta property=\"og:type\" content=\"article\" \/>\n<meta property=\"og:title\" content=\"Abu Dhabi: Pohroma favorit\u016f v p\u0159edposledn\u00ed etap\u011b - DAKARMANIA.cz\" \/>\n<meta property=\"og:description\" content=\"\u010ctvrt\u00e1 etapa ADDC 2019 byla pohromou pro trojici favorit\u016f. Za sv\u00e9 vzaly nad\u011bje B. ten Brinkeho, K. Przygo\u0144sk\u00e9ho a M. Prokopa.\" \/>\n<meta property=\"og:url\" content=\"https:\/\/www.dakarmania.cz\/index.php\/2019\/04\/03\/abu-dhabi-pohroma-favoritu\/\" \/>\n<meta property=\"og:site_name\" content=\"DAKARMANIA.cz\" \/>\n<meta property=\"article:publisher\" content=\"https:\/\/www.facebook.com\/dakarmania\/\" \/>\n<meta property=\"article:published_time\" content=\"2019-04-03T12:07:59+00:00\" \/>\n<meta property=\"article:modified_time\" content=\"2023-03-19T10:22:00+00:00\" \/>\n<meta property=\"og:image\" content=\"https:\/\/www.dakarmania.cz\/wp-content\/uploads\/2019\/04\/19-addc-prokop-03.jpg\" \/>\n\t<meta property=\"og:image:width\" content=\"1280\" \/>\n\t<meta property=\"og:image:height\" content=\"960\" \/>\n\t<meta property=\"og:image:type\" content=\"image\/jpeg\" \/>\n<meta name=\"author\" content=\"Zden\u011bk Zelenka\" \/>\n<meta name=\"twitter:card\" content=\"summary_large_image\" \/>\n<meta name=\"twitter:label1\" content=\"Napsal(a)\" \/>\n\t<meta name=\"twitter:data1\" content=\"Zden\u011bk Zelenka\" \/>\n\t<meta name=\"twitter:label2\" content=\"Odhadovan\u00e1 doba \u010dten\u00ed\" \/>\n\t<meta name=\"twitter:data2\" content=\"6 minut\" \/>\n<script type=\"application\/ld+json\" class=\"yoast-schema-graph\">{\"@context\":\"https:\/\/schema.org\",\"@graph\":[{\"@type\":\"Article\",\"@id\":\"https:\/\/www.dakarmania.cz\/index.php\/2019\/04\/03\/abu-dhabi-pohroma-favoritu\/#article\",\"isPartOf\":{\"@id\":\"https:\/\/www.dakarmania.cz\/index.php\/2019\/04\/03\/abu-dhabi-pohroma-favoritu\/\"},\"author\":{\"name\":\"Zden\u011bk Zelenka\",\"@id\":\"https:\/\/www.dakarmania.cz\/#\/schema\/person\/04eb0e87a389631c2169c0dddae7ff1e\"},\"headline\":\"Abu Dhabi: Pohroma favorit\u016f v p\u0159edposledn\u00ed etap\u011b\",\"datePublished\":\"2019-04-03T12:07:59+00:00\",\"dateModified\":\"2023-03-19T10:22:00+00:00\",\"mainEntityOfPage\":{\"@id\":\"https:\/\/www.dakarmania.cz\/index.php\/2019\/04\/03\/abu-dhabi-pohroma-favoritu\/\"},\"wordCount\":1493,\"publisher\":{\"@id\":\"https:\/\/www.dakarmania.cz\/#organization\"},\"image\":{\"@id\":\"https:\/\/www.dakarmania.cz\/index.php\/2019\/04\/03\/abu-dhabi-pohroma-favoritu\/#primaryimage\"},\"thumbnailUrl\":\"https:\/\/www.dakarmania.cz\/wp-content\/uploads\/2019\/04\/19-addc-prokop-03.jpg\",\"keywords\":[\"2019\",\"Abu Dhabi Racing\",\"ADDC\",\"ADDC 2019\",\"Andrea Mayer\",\"Andrea Peterhansel\",\"Aron Dom\u017ca\u0142a\",\"Bernhard ten Brinke\",\"BMW\",\"Can-Am\",\"Casey Currie\",\"Cyril Despres\",\"Daniel Oliveras\",\"Ford\",\"Khalid Al Qassimi\",\"Konstantin \u017dilcov\",\"Kuba Przygo\u0144ski\",\"Maciej Marton\",\"Marek S\u00fdkora\",\"Martin Prokop\",\"Mini\",\"Miroslav Zapletal\",\"MP-Sports\",\"Offroadsport\",\"Overdrive Racing\",\"Peugeot\",\"PH Sport\",\"Reinaldo Varela\",\"SP FIA CCR\",\"SP FIA CCR 2019\",\"St\u00e9phane Peterhansel\",\"Timo Gottschalk\",\"Tom Colsoul\",\"Toyota\",\"Toyota Gazoo Racing\",\"Toyota Gazoo Racing SA\",\"Viktor Chytka\",\"Vladimir Vasiljev\",\"X-raid\",\"Xavier Panseri\"],\"articleSection\":[\"Abu Dhabi Desert Challenge\",\"Auto\",\"FIA SP CCR\"],\"inLanguage\":\"cs\"},{\"@type\":\"WebPage\",\"@id\":\"https:\/\/www.dakarmania.cz\/index.php\/2019\/04\/03\/abu-dhabi-pohroma-favoritu\/\",\"url\":\"https:\/\/www.dakarmania.cz\/index.php\/2019\/04\/03\/abu-dhabi-pohroma-favoritu\/\",\"name\":\"Abu Dhabi: Pohroma favorit\u016f v p\u0159edposledn\u00ed etap\u011b - DAKARMANIA.cz\",\"isPartOf\":{\"@id\":\"https:\/\/www.dakarmania.cz\/#website\"},\"primaryImageOfPage\":{\"@id\":\"https:\/\/www.dakarmania.cz\/index.php\/2019\/04\/03\/abu-dhabi-pohroma-favoritu\/#primaryimage\"},\"image\":{\"@id\":\"https:\/\/www.dakarmania.cz\/index.php\/2019\/04\/03\/abu-dhabi-pohroma-favoritu\/#primaryimage\"},\"thumbnailUrl\":\"https:\/\/www.dakarmania.cz\/wp-content\/uploads\/2019\/04\/19-addc-prokop-03.jpg\",\"datePublished\":\"2019-04-03T12:07:59+00:00\",\"dateModified\":\"2023-03-19T10:22:00+00:00\",\"description\":\"\u010ctvrt\u00e1 etapa ADDC 2019 byla pohromou pro trojici favorit\u016f. Za sv\u00e9 vzaly nad\u011bje B. ten Brinkeho, K. Przygo\u0144sk\u00e9ho a M. Prokopa.\",\"breadcrumb\":{\"@id\":\"https:\/\/www.dakarmania.cz\/index.php\/2019\/04\/03\/abu-dhabi-pohroma-favoritu\/#breadcrumb\"},\"inLanguage\":\"cs\",\"potentialAction\":[{\"@type\":\"ReadAction\",\"target\":[\"https:\/\/www.dakarmania.cz\/index.php\/2019\/04\/03\/abu-dhabi-pohroma-favoritu\/\"]}]},{\"@type\":\"ImageObject\",\"inLanguage\":\"cs\",\"@id\":\"https:\/\/www.dakarmania.cz\/index.php\/2019\/04\/03\/abu-dhabi-pohroma-favoritu\/#primaryimage\",\"url\":\"https:\/\/www.dakarmania.cz\/wp-content\/uploads\/2019\/04\/19-addc-prokop-03.jpg\",\"contentUrl\":\"https:\/\/www.dakarmania.cz\/wp-content\/uploads\/2019\/04\/19-addc-prokop-03.jpg\",\"width\":1280,\"height\":960,\"caption\":\"Martin Prokop \/ Viktor Chytka, Ford Raptor RS Cross-Country, MP-Sports. Abu Dhabi Desert Challenge 2019. \u00a9 ATCUAE\"},{\"@type\":\"BreadcrumbList\",\"@id\":\"https:\/\/www.dakarmania.cz\/index.php\/2019\/04\/03\/abu-dhabi-pohroma-favoritu\/#breadcrumb\",\"itemListElement\":[{\"@type\":\"ListItem\",\"position\":1,\"name\":\"Dom\u016f\",\"item\":\"https:\/\/www.dakarmania.cz\/\"},{\"@type\":\"ListItem\",\"position\":2,\"name\":\"Abu Dhabi: Pohroma favorit\u016f v p\u0159edposledn\u00ed etap\u011b\"}]},{\"@type\":\"WebSite\",\"@id\":\"https:\/\/www.dakarmania.cz\/#website\",\"url\":\"https:\/\/www.dakarmania.cz\/\",\"name\":\"DAKARMANIA.cz\",\"description\":\"\u017dijeme Dakarem cel\u00fd rok\",\"publisher\":{\"@id\":\"https:\/\/www.dakarmania.cz\/#organization\"},\"potentialAction\":[{\"@type\":\"SearchAction\",\"target\":{\"@type\":\"EntryPoint\",\"urlTemplate\":\"https:\/\/www.dakarmania.cz\/?s={search_term_string}\"},\"query-input\":{\"@type\":\"PropertyValueSpecification\",\"valueRequired\":true,\"valueName\":\"search_term_string\"}}],\"inLanguage\":\"cs\"},{\"@type\":\"Organization\",\"@id\":\"https:\/\/www.dakarmania.cz\/#organization\",\"name\":\"DAKAR MANIA\",\"url\":\"https:\/\/www.dakarmania.cz\/\",\"logo\":{\"@type\":\"ImageObject\",\"inLanguage\":\"cs\",\"@id\":\"https:\/\/www.dakarmania.cz\/#\/schema\/logo\/image\/\",\"url\":\"https:\/\/www.dakarmania.cz\/wp-content\/uploads\/2018\/12\/Dakar-Mania-Logo-Square-Orange.png\",\"contentUrl\":\"https:\/\/www.dakarmania.cz\/wp-content\/uploads\/2018\/12\/Dakar-Mania-Logo-Square-Orange.png\",\"width\":992,\"height\":992,\"caption\":\"DAKAR MANIA\"},\"image\":{\"@id\":\"https:\/\/www.dakarmania.cz\/#\/schema\/logo\/image\/\"},\"sameAs\":[\"https:\/\/www.facebook.com\/dakarmania\/\"]},{\"@type\":\"Person\",\"@id\":\"https:\/\/www.dakarmania.cz\/#\/schema\/person\/04eb0e87a389631c2169c0dddae7ff1e\",\"name\":\"Zden\u011bk Zelenka\",\"image\":{\"@type\":\"ImageObject\",\"inLanguage\":\"cs\",\"@id\":\"https:\/\/www.dakarmania.cz\/#\/schema\/person\/image\/\",\"url\":\"https:\/\/secure.gravatar.com\/avatar\/2c80d5a4942fe0900b73cc7d3837a509d6ee0a276a2b76dac95c92bd0763a89b?s=96&d=mm&r=g\",\"contentUrl\":\"https:\/\/secure.gravatar.com\/avatar\/2c80d5a4942fe0900b73cc7d3837a509d6ee0a276a2b76dac95c92bd0763a89b?s=96&d=mm&r=g\",\"caption\":\"Zden\u011bk Zelenka\"},\"description\":\"Moji d\u011bt\u0161t\u00ed hrdinov\u00e9 se jmenovali Loprais, Moskal, Neveu, Vatanen, Rahier... A tihle borci, jejich n\u00e1sledovn\u00edci a jejich p\u0159\u00edb\u011bhy m\u011b nep\u0159estali fascinovat ani po letech, kdy jsem vyrostl a zam\u011bstn\u00e1valy m\u011b jin\u00e9 discipl\u00edny motorsportu. Proto se zrodila DAKARMANIA.\",\"url\":\"https:\/\/www.dakarmania.cz\/index.php\/author\/dakarmania\/\"}]}<\/script>\n<!-- \/ Yoast SEO plugin. -->","yoast_head_json":{"title":"Abu Dhabi: Pohroma favorit\u016f v p\u0159edposledn\u00ed etap\u011b - DAKARMANIA.cz","description":"\u010ctvrt\u00e1 etapa ADDC 2019 byla pohromou pro trojici favorit\u016f. Za sv\u00e9 vzaly nad\u011bje B. ten Brinkeho, K. Przygo\u0144sk\u00e9ho a M. Prokopa.","robots":{"index":"index","follow":"follow","max-snippet":"max-snippet:-1","max-image-preview":"max-image-preview:large","max-video-preview":"max-video-preview:-1"},"canonical":"https:\/\/www.dakarmania.cz\/index.php\/2019\/04\/03\/abu-dhabi-pohroma-favoritu\/","og_locale":"cs_CZ","og_type":"article","og_title":"Abu Dhabi: Pohroma favorit\u016f v p\u0159edposledn\u00ed etap\u011b - DAKARMANIA.cz","og_description":"\u010ctvrt\u00e1 etapa ADDC 2019 byla pohromou pro trojici favorit\u016f. Za sv\u00e9 vzaly nad\u011bje B. ten Brinkeho, K. Przygo\u0144sk\u00e9ho a M. Prokopa.","og_url":"https:\/\/www.dakarmania.cz\/index.php\/2019\/04\/03\/abu-dhabi-pohroma-favoritu\/","og_site_name":"DAKARMANIA.cz","article_publisher":"https:\/\/www.facebook.com\/dakarmania\/","article_published_time":"2019-04-03T12:07:59+00:00","article_modified_time":"2023-03-19T10:22:00+00:00","og_image":[{"width":1280,"height":960,"url":"https:\/\/www.dakarmania.cz\/wp-content\/uploads\/2019\/04\/19-addc-prokop-03.jpg","type":"image\/jpeg"}],"author":"Zden\u011bk Zelenka","twitter_card":"summary_large_image","twitter_misc":{"Napsal(a)":"Zden\u011bk Zelenka","Odhadovan\u00e1 doba \u010dten\u00ed":"6 minut"},"schema":{"@context":"https:\/\/schema.org","@graph":[{"@type":"Article","@id":"https:\/\/www.dakarmania.cz\/index.php\/2019\/04\/03\/abu-dhabi-pohroma-favoritu\/#article","isPartOf":{"@id":"https:\/\/www.dakarmania.cz\/index.php\/2019\/04\/03\/abu-dhabi-pohroma-favoritu\/"},"author":{"name":"Zden\u011bk Zelenka","@id":"https:\/\/www.dakarmania.cz\/#\/schema\/person\/04eb0e87a389631c2169c0dddae7ff1e"},"headline":"Abu Dhabi: Pohroma favorit\u016f v p\u0159edposledn\u00ed etap\u011b","datePublished":"2019-04-03T12:07:59+00:00","dateModified":"2023-03-19T10:22:00+00:00","mainEntityOfPage":{"@id":"https:\/\/www.dakarmania.cz\/index.php\/2019\/04\/03\/abu-dhabi-pohroma-favoritu\/"},"wordCount":1493,"publisher":{"@id":"https:\/\/www.dakarmania.cz\/#organization"},"image":{"@id":"https:\/\/www.dakarmania.cz\/index.php\/2019\/04\/03\/abu-dhabi-pohroma-favoritu\/#primaryimage"},"thumbnailUrl":"https:\/\/www.dakarmania.cz\/wp-content\/uploads\/2019\/04\/19-addc-prokop-03.jpg","keywords":["2019","Abu Dhabi Racing","ADDC","ADDC 2019","Andrea Mayer","Andrea Peterhansel","Aron Dom\u017ca\u0142a","Bernhard ten Brinke","BMW","Can-Am","Casey Currie","Cyril Despres","Daniel Oliveras","Ford","Khalid Al Qassimi","Konstantin \u017dilcov","Kuba Przygo\u0144ski","Maciej Marton","Marek S\u00fdkora","Martin Prokop","Mini","Miroslav Zapletal","MP-Sports","Offroadsport","Overdrive Racing","Peugeot","PH Sport","Reinaldo Varela","SP FIA CCR","SP FIA CCR 2019","St\u00e9phane Peterhansel","Timo Gottschalk","Tom Colsoul","Toyota","Toyota Gazoo Racing","Toyota Gazoo Racing SA","Viktor Chytka","Vladimir Vasiljev","X-raid","Xavier Panseri"],"articleSection":["Abu Dhabi Desert Challenge","Auto","FIA SP CCR"],"inLanguage":"cs"},{"@type":"WebPage","@id":"https:\/\/www.dakarmania.cz\/index.php\/2019\/04\/03\/abu-dhabi-pohroma-favoritu\/","url":"https:\/\/www.dakarmania.cz\/index.php\/2019\/04\/03\/abu-dhabi-pohroma-favoritu\/","name":"Abu Dhabi: Pohroma favorit\u016f v p\u0159edposledn\u00ed etap\u011b - DAKARMANIA.cz","isPartOf":{"@id":"https:\/\/www.dakarmania.cz\/#website"},"primaryImageOfPage":{"@id":"https:\/\/www.dakarmania.cz\/index.php\/2019\/04\/03\/abu-dhabi-pohroma-favoritu\/#primaryimage"},"image":{"@id":"https:\/\/www.dakarmania.cz\/index.php\/2019\/04\/03\/abu-dhabi-pohroma-favoritu\/#primaryimage"},"thumbnailUrl":"https:\/\/www.dakarmania.cz\/wp-content\/uploads\/2019\/04\/19-addc-prokop-03.jpg","datePublished":"2019-04-03T12:07:59+00:00","dateModified":"2023-03-19T10:22:00+00:00","description":"\u010ctvrt\u00e1 etapa ADDC 2019 byla pohromou pro trojici favorit\u016f. Za sv\u00e9 vzaly nad\u011bje B. ten Brinkeho, K. Przygo\u0144sk\u00e9ho a M. Prokopa.","breadcrumb":{"@id":"https:\/\/www.dakarmania.cz\/index.php\/2019\/04\/03\/abu-dhabi-pohroma-favoritu\/#breadcrumb"},"inLanguage":"cs","potentialAction":[{"@type":"ReadAction","target":["https:\/\/www.dakarmania.cz\/index.php\/2019\/04\/03\/abu-dhabi-pohroma-favoritu\/"]}]},{"@type":"ImageObject","inLanguage":"cs","@id":"https:\/\/www.dakarmania.cz\/index.php\/2019\/04\/03\/abu-dhabi-pohroma-favoritu\/#primaryimage","url":"https:\/\/www.dakarmania.cz\/wp-content\/uploads\/2019\/04\/19-addc-prokop-03.jpg","contentUrl":"https:\/\/www.dakarmania.cz\/wp-content\/uploads\/2019\/04\/19-addc-prokop-03.jpg","width":1280,"height":960,"caption":"Martin Prokop \/ Viktor Chytka, Ford Raptor RS Cross-Country, MP-Sports. Abu Dhabi Desert Challenge 2019. \u00a9 ATCUAE"},{"@type":"BreadcrumbList","@id":"https:\/\/www.dakarmania.cz\/index.php\/2019\/04\/03\/abu-dhabi-pohroma-favoritu\/#breadcrumb","itemListElement":[{"@type":"ListItem","position":1,"name":"Dom\u016f","item":"https:\/\/www.dakarmania.cz\/"},{"@type":"ListItem","position":2,"name":"Abu Dhabi: Pohroma favorit\u016f v p\u0159edposledn\u00ed etap\u011b"}]},{"@type":"WebSite","@id":"https:\/\/www.dakarmania.cz\/#website","url":"https:\/\/www.dakarmania.cz\/","name":"DAKARMANIA.cz","description":"\u017dijeme Dakarem cel\u00fd rok","publisher":{"@id":"https:\/\/www.dakarmania.cz\/#organization"},"potentialAction":[{"@type":"SearchAction","target":{"@type":"EntryPoint","urlTemplate":"https:\/\/www.dakarmania.cz\/?s={search_term_string}"},"query-input":{"@type":"PropertyValueSpecification","valueRequired":true,"valueName":"search_term_string"}}],"inLanguage":"cs"},{"@type":"Organization","@id":"https:\/\/www.dakarmania.cz\/#organization","name":"DAKAR MANIA","url":"https:\/\/www.dakarmania.cz\/","logo":{"@type":"ImageObject","inLanguage":"cs","@id":"https:\/\/www.dakarmania.cz\/#\/schema\/logo\/image\/","url":"https:\/\/www.dakarmania.cz\/wp-content\/uploads\/2018\/12\/Dakar-Mania-Logo-Square-Orange.png","contentUrl":"https:\/\/www.dakarmania.cz\/wp-content\/uploads\/2018\/12\/Dakar-Mania-Logo-Square-Orange.png","width":992,"height":992,"caption":"DAKAR MANIA"},"image":{"@id":"https:\/\/www.dakarmania.cz\/#\/schema\/logo\/image\/"},"sameAs":["https:\/\/www.facebook.com\/dakarmania\/"]},{"@type":"Person","@id":"https:\/\/www.dakarmania.cz\/#\/schema\/person\/04eb0e87a389631c2169c0dddae7ff1e","name":"Zden\u011bk Zelenka","image":{"@type":"ImageObject","inLanguage":"cs","@id":"https:\/\/www.dakarmania.cz\/#\/schema\/person\/image\/","url":"https:\/\/secure.gravatar.com\/avatar\/2c80d5a4942fe0900b73cc7d3837a509d6ee0a276a2b76dac95c92bd0763a89b?s=96&d=mm&r=g","contentUrl":"https:\/\/secure.gravatar.com\/avatar\/2c80d5a4942fe0900b73cc7d3837a509d6ee0a276a2b76dac95c92bd0763a89b?s=96&d=mm&r=g","caption":"Zden\u011bk Zelenka"},"description":"Moji d\u011bt\u0161t\u00ed hrdinov\u00e9 se jmenovali Loprais, Moskal, Neveu, Vatanen, Rahier... A tihle borci, jejich n\u00e1sledovn\u00edci a jejich p\u0159\u00edb\u011bhy m\u011b nep\u0159estali fascinovat ani po letech, kdy jsem vyrostl a zam\u011bstn\u00e1valy m\u011b jin\u00e9 discipl\u00edny motorsportu. Proto se zrodila DAKARMANIA.","url":"https:\/\/www.dakarmania.cz\/index.php\/author\/dakarmania\/"}]}},"amp_enabled":true,"_links":{"self":[{"href":"https:\/\/www.dakarmania.cz\/index.php\/wp-json\/wp\/v2\/posts\/4982","targetHints":{"allow":["GET"]}}],"collection":[{"href":"https:\/\/www.dakarmania.cz\/index.php\/wp-json\/wp\/v2\/posts"}],"about":[{"href":"https:\/\/www.dakarmania.cz\/index.php\/wp-json\/wp\/v2\/types\/post"}],"author":[{"embeddable":true,"href":"https:\/\/www.dakarmania.cz\/index.php\/wp-json\/wp\/v2\/users\/1"}],"replies":[{"embeddable":true,"href":"https:\/\/www.dakarmania.cz\/index.php\/wp-json\/wp\/v2\/comments?post=4982"}],"version-history":[{"count":17,"href":"https:\/\/www.dakarmania.cz\/index.php\/wp-json\/wp\/v2\/posts\/4982\/revisions"}],"predecessor-version":[{"id":21891,"href":"https:\/\/www.dakarmania.cz\/index.php\/wp-json\/wp\/v2\/posts\/4982\/revisions\/21891"}],"wp:featuredmedia":[{"embeddable":true,"href":"https:\/\/www.dakarmania.cz\/index.php\/wp-json\/wp\/v2\/media\/4985"}],"wp:attachment":[{"href":"https:\/\/www.dakarmania.cz\/index.php\/wp-json\/wp\/v2\/media?parent=4982"}],"wp:term":[{"taxonomy":"category","embeddable":true,"href":"https:\/\/www.dakarmania.cz\/index.php\/wp-json\/wp\/v2\/categories?post=4982"},{"taxonomy":"post_tag","embeddable":true,"href":"https:\/\/www.dakarmania.cz\/index.php\/wp-json\/wp\/v2\/tags?post=4982"}],"curies":[{"name":"wp","href":"https:\/\/api.w.org\/{rel}","templated":true}]}}