{"id":5061,"date":"2019-04-04T11:10:43","date_gmt":"2019-04-04T09:10:43","guid":{"rendered":"https:\/\/www.dakarmania.cz\/?p=5061"},"modified":"2019-10-31T11:10:34","modified_gmt":"2019-10-31T10:10:34","slug":"abu-dhabi-bratrovrazedny-duel-pro-currieho","status":"publish","type":"post","link":"https:\/\/www.dakarmania.cz\/index.php\/2019\/04\/04\/abu-dhabi-bratrovrazedny-duel-pro-currieho\/","title":{"rendered":"Abu Dhabi: Bratrovra\u017eedn\u00fd duel pro Currieho"},"content":{"rendered":"<p>[vc_row][vc_column][vc_column_text css_animation=&#8221;fadeIn&#8221;]<\/p>\n<h4>Tov\u00e1rn\u00ed t\u00fdm Can-Am suver\u00e9nn\u011b ovl\u00e1dl Abu Dhabi Desert Challenge 2019 v kategorii side-by-side. P\u0159esto to nebyla nuda. Pr\u00e1v\u011b naopak! Casey Currie a Reinaldo Varela sv\u00e1d\u011bli nap\u00ednavou bitvu o v\u00edt\u011bzstv\u00ed od prvn\u00edho do posledn\u00ed kilometru.<\/h4>\n<p>L\u00e9pe za\u010dal Currie. Varela o den pozd\u011bji umazal 61 sekund ze sv\u00e9 ztr\u00e1ty a oba rivaly d\u011blilo pouh\u00fdch dev\u011bt vte\u0159in. Po t\u0159et\u00ed etap\u011b zv\u00fd\u0161il Ameri\u010dan sv\u016fj n\u00e1skok na 70 sekund, jen\u017ee p\u0159edposledn\u00ed etapa sedla v\u00edce Brazilci. Varela se poprv\u00e9 ujal veden\u00ed, 43 sekund p\u0159ed Curriem.<\/p>\n<p>Rozhodovala tedy a\u017e z\u00e1v\u011bre\u010dn\u00e1 etapa, jej\u00ed\u017e rychlostn\u00ed zkou\u0161ka vedla vysok\u00fdmi dunami i po rychlej\u0161\u00edch pist\u00e1ch a m\u011b\u0159ila 214 kilometr\u016f. A Varela tlaku t\u00fdmov\u00e9ho kolegy neodolal.[\/vc_column_text][vc_single_image image=&#8221;5059&#8243; img_size=&#8221;large&#8221; add_caption=&#8221;yes&#8221; alignment=&#8221;center&#8221; onclick=&#8221;link_image&#8221; css_animation=&#8221;fadeIn&#8221;][vc_column_text css_animation=&#8221;fadeIn&#8221;]<em>\u201eByl to n\u00e1ro\u010dn\u00fd den. Casey n\u00e1s dojel po 160 kilometrech a my jsme se maxim\u00e1ln\u011b sna\u017eili, abychom se udr\u017eeli p\u0159ed n\u00edm. Po cel\u00fdch p\u011bt dn\u016f to byla neuv\u011b\u0159iteln\u011b vzru\u0161uj\u00edc\u00ed bitva,\u201c<\/em> popsal <strong>Bruno Varela<\/strong> rozhoduj\u00edc\u00ed situaci z\u00e1vodu.<\/p>\n<p>Americko-francouzsk\u00e1 pos\u00e1dka Casey Currie, Laurent Lichtleuchter vyhr\u00e1la po 1283 kilometrech rychlostn\u00edch zkou\u0161ek o pouhou minutu a dvan\u00e1ct sekund p\u0159ed brazilskou dvojic\u00ed Reinaldo Varela, Gustavo Gugelmin. V celkov\u00e9m hodnocen\u00ed sout\u011b\u017ee obsadili piloti t\u00fdmu Monster Energy Can-Am \u010dtvrtou a p\u00e1tou p\u0159\u00ed\u010dku.<\/p>\n<p>Currie a Varela byli jedin\u00fdmi jezdci ve t\u0159\u00edd\u011b T3, kte\u0159\u00ed zvl\u00e1dli sout\u011b\u017e bez penalizace za odstoupen\u00ed z n\u011bkter\u00e9 z etap. Ztr\u00e1ta t\u0159et\u00edho Fjodora Vorobjova (Can-Am) proto byla obrovsk\u00e1, nebo\u0165 Rus tolik \u0161t\u011bst\u00ed nem\u011bl.[\/vc_column_text][vc_cta h2=&#8221;&#8221; txt_align=&#8221;center&#8221; color=&#8221;grey&#8221; el_width=&#8221;xl&#8221; css_animation=&#8221;fadeIn&#8221; css=&#8221;.vc_custom_1572516593061{border-top-width: 1px !important;border-right-width: 1px !important;border-bottom-width: 1px !important;border-left-width: 1px !important;border-left-color: #f49b00 !important;border-right-color: #f49b00 !important;border-top-color: #f49b00 !important;border-bottom-color: #f49b00 !important;}&#8221;]<\/p>\n<h2 style=\"text-align: center;\"><a href=\"https:\/\/www.dakarmania.cz\/index.php\/sampionaty\/svetovy-pohar-fia-v-cross-country-rally-2019\/addc-2019\/\"><strong>Abu Dhabi Desert Challenge podrobn\u011b<\/strong><\/a><\/h2>\n<p style=\"text-align: center;\"><a href=\"https:\/\/www.dakarmania.cz\/index.php\/sampionaty\/svetovy-pohar-fia-v-cross-country-rally-2019\/addc-2019\/\">&gt;&gt; v\u00fdsledky, foto, info, zaj\u00edmavosti<\/a><\/p>\n<p>[\/vc_cta][vc_column_text css_animation=&#8221;fadeIn&#8221;]Veden\u00ed v pr\u016fb\u011b\u017en\u00e9m hodnocen\u00ed <a href=\"https:\/\/www.dakarmania.cz\/index.php\/sampionaty\/svetovy-pohar-fia-v-cross-country-rally-2019\/\">Sv\u011btov\u00e9ho poh\u00e1ru FIA v cross-country rally<\/a> ve t\u0159\u00edd\u011b T3 udr\u017eel Varela, kter\u00fd <a href=\"https:\/\/www.dakarmania.cz\/index.php\/2019\/02\/27\/qatar-ccr-2019-reinaldo-varela-ovladl-tridu\/\">vyhr\u00e1l \u00favodn\u00ed z\u00e1vod sezony v Kataru<\/a>.<\/p>\n<p>T\u0159et\u00edm podnikem sv\u011btov\u00e9ho poh\u00e1ru bude Rally Kazakhstan, kter\u00e1 se pojede od 26. kv\u011btna do 1. \u010dervna.[\/vc_column_text][vc_column_text css_animation=&#8221;fadeIn&#8221;]<\/p>\n<table style=\"width: 97.7654%;\" rules=\"rows\" cellpadding=\"4px\">\n<tbody>\n<tr style=\"background-color: #9e9d9d; color: white;\">\n<td style=\"text-align: center;\" colspan=\"4\"><span style=\"font-size: 10pt;\"><strong>V\u00fdsledky Abu Dhabi Desert Challenge 2019<br \/>\nSide-by-Side (T3)<\/strong><\/span><\/td>\n<\/tr>\n<tr style=\"background-color: #dbd9d9;\">\n<td>1.<\/td>\n<td>Currie \/ Lichtleuchter<\/td>\n<td>Can-Am Maverick X3<\/td>\n<td style=\"text-align: right;\">19:43:18<\/td>\n<\/tr>\n<tr style=\"background-color: #f2f2f2;\">\n<td>2.<\/td>\n<td>Varela \/ Gugelmin<\/td>\n<td>Can-Am Maverick X3<\/td>\n<td style=\"text-align: right;\">+1:12<\/td>\n<\/tr>\n<tr style=\"background-color: #dbd9d9;\">\n<td>3.<\/td>\n<td>Vorobjov \/ \u0160ubin<\/td>\n<td>Can-Am Maverick X3<\/td>\n<td style=\"text-align: right;\">+122:10:23<\/td>\n<\/tr>\n<\/tbody>\n<\/table>\n<p>[\/vc_column_text][\/vc_column][\/vc_row]<\/p>\n","protected":false},"excerpt":{"rendered":"<p>Tov\u00e1rn\u00ed t\u00fdm Can-Am suver\u00e9nn\u011b ovl\u00e1dl Abu Dhabi Desert Challenge 2019 v kategorii side-by-side. P\u0159esto to nebyla nuda. Pr\u00e1v\u011b naopak!<\/p>\n","protected":false},"author":1,"featured_media":5060,"comment_status":"open","ping_status":"closed","sticky":false,"template":"","format":"standard","meta":{"footnotes":""},"categories":[520,97,90],"tags":[425,521,522,95,777,206,448,205,458,105,413],"class_list":["post-5061","post","type-post","status-publish","format-standard","has-post-thumbnail","hentry","category-abu-dhabi-desert-challenge","category-fia-ccr","category-sxs","tag-425","tag-addc","tag-addc-2019","tag-can-am","tag-casey-currie","tag-gustavo-gugelmin","tag-laurent-lichtleuchter","tag-reinaldo-varela","tag-south-racing","tag-sp-fia-ccr","tag-sp-fia-ccr-2019"],"yoast_head":"<!-- This site is optimized with the Yoast SEO plugin v24.9 - https:\/\/yoast.com\/wordpress\/plugins\/seo\/ -->\n<title>Abu Dhabi: Bratrovra\u017eedn\u00fd duel pro Currieho - DAKARMANIA.cz<\/title>\n<meta name=\"description\" content=\"Tov\u00e1rn\u00ed t\u00fdm Can-Am suver\u00e9nn\u011b ovl\u00e1dl Abu Dhabi Desert Challenge 2019 v kategorii side-by-side. P\u0159esto to nebyla nuda. Pr\u00e1v\u011b naopak!\" \/>\n<meta name=\"robots\" content=\"index, follow, max-snippet:-1, max-image-preview:large, max-video-preview:-1\" \/>\n<link rel=\"canonical\" href=\"https:\/\/www.dakarmania.cz\/index.php\/2019\/04\/04\/abu-dhabi-bratrovrazedny-duel-pro-currieho\/\" \/>\n<meta property=\"og:locale\" content=\"cs_CZ\" \/>\n<meta property=\"og:type\" content=\"article\" \/>\n<meta property=\"og:title\" content=\"Abu Dhabi: Bratrovra\u017eedn\u00fd duel pro Currieho - DAKARMANIA.cz\" \/>\n<meta property=\"og:description\" content=\"Tov\u00e1rn\u00ed t\u00fdm Can-Am suver\u00e9nn\u011b ovl\u00e1dl Abu Dhabi Desert Challenge 2019 v kategorii side-by-side. P\u0159esto to nebyla nuda. Pr\u00e1v\u011b naopak!\" \/>\n<meta property=\"og:url\" content=\"https:\/\/www.dakarmania.cz\/index.php\/2019\/04\/04\/abu-dhabi-bratrovrazedny-duel-pro-currieho\/\" \/>\n<meta property=\"og:site_name\" content=\"DAKARMANIA.cz\" \/>\n<meta property=\"article:publisher\" content=\"https:\/\/www.facebook.com\/dakarmania\/\" \/>\n<meta property=\"article:published_time\" content=\"2019-04-04T09:10:43+00:00\" \/>\n<meta property=\"article:modified_time\" content=\"2019-10-31T10:10:34+00:00\" \/>\n<meta property=\"og:image\" content=\"https:\/\/www.dakarmania.cz\/wp-content\/uploads\/2019\/04\/19-addc-varela-01.jpg\" \/>\n\t<meta property=\"og:image:width\" content=\"2048\" \/>\n\t<meta property=\"og:image:height\" content=\"1365\" \/>\n\t<meta property=\"og:image:type\" content=\"image\/jpeg\" \/>\n<meta name=\"author\" content=\"Zden\u011bk Zelenka\" \/>\n<meta name=\"twitter:card\" content=\"summary_large_image\" \/>\n<meta name=\"twitter:label1\" content=\"Napsal(a)\" \/>\n\t<meta name=\"twitter:data1\" content=\"Zden\u011bk Zelenka\" \/>\n\t<meta name=\"twitter:label2\" content=\"Odhadovan\u00e1 doba \u010dten\u00ed\" \/>\n\t<meta name=\"twitter:data2\" content=\"2 minuty\" \/>\n<script type=\"application\/ld+json\" class=\"yoast-schema-graph\">{\"@context\":\"https:\/\/schema.org\",\"@graph\":[{\"@type\":\"Article\",\"@id\":\"https:\/\/www.dakarmania.cz\/index.php\/2019\/04\/04\/abu-dhabi-bratrovrazedny-duel-pro-currieho\/#article\",\"isPartOf\":{\"@id\":\"https:\/\/www.dakarmania.cz\/index.php\/2019\/04\/04\/abu-dhabi-bratrovrazedny-duel-pro-currieho\/\"},\"author\":{\"name\":\"Zden\u011bk Zelenka\",\"@id\":\"https:\/\/www.dakarmania.cz\/#\/schema\/person\/04eb0e87a389631c2169c0dddae7ff1e\"},\"headline\":\"Abu Dhabi: Bratrovra\u017eedn\u00fd duel pro Currieho\",\"datePublished\":\"2019-04-04T09:10:43+00:00\",\"dateModified\":\"2019-10-31T10:10:34+00:00\",\"mainEntityOfPage\":{\"@id\":\"https:\/\/www.dakarmania.cz\/index.php\/2019\/04\/04\/abu-dhabi-bratrovrazedny-duel-pro-currieho\/\"},\"wordCount\":483,\"commentCount\":0,\"publisher\":{\"@id\":\"https:\/\/www.dakarmania.cz\/#organization\"},\"image\":{\"@id\":\"https:\/\/www.dakarmania.cz\/index.php\/2019\/04\/04\/abu-dhabi-bratrovrazedny-duel-pro-currieho\/#primaryimage\"},\"thumbnailUrl\":\"https:\/\/www.dakarmania.cz\/wp-content\/uploads\/2019\/04\/19-addc-varela-01.jpg\",\"keywords\":[\"2019\",\"ADDC\",\"ADDC 2019\",\"Can-Am\",\"Casey Currie\",\"Gustavo Gugelmin\",\"Laurent Lichtleuchter\",\"Reinaldo Varela\",\"South Racing\",\"SP FIA CCR\",\"SP FIA CCR 2019\"],\"articleSection\":[\"Abu Dhabi Desert Challenge\",\"FIA SP CCR\",\"S\u00d7S\"],\"inLanguage\":\"cs\",\"potentialAction\":[{\"@type\":\"CommentAction\",\"name\":\"Comment\",\"target\":[\"https:\/\/www.dakarmania.cz\/index.php\/2019\/04\/04\/abu-dhabi-bratrovrazedny-duel-pro-currieho\/#respond\"]}]},{\"@type\":\"WebPage\",\"@id\":\"https:\/\/www.dakarmania.cz\/index.php\/2019\/04\/04\/abu-dhabi-bratrovrazedny-duel-pro-currieho\/\",\"url\":\"https:\/\/www.dakarmania.cz\/index.php\/2019\/04\/04\/abu-dhabi-bratrovrazedny-duel-pro-currieho\/\",\"name\":\"Abu Dhabi: Bratrovra\u017eedn\u00fd duel pro Currieho - DAKARMANIA.cz\",\"isPartOf\":{\"@id\":\"https:\/\/www.dakarmania.cz\/#website\"},\"primaryImageOfPage\":{\"@id\":\"https:\/\/www.dakarmania.cz\/index.php\/2019\/04\/04\/abu-dhabi-bratrovrazedny-duel-pro-currieho\/#primaryimage\"},\"image\":{\"@id\":\"https:\/\/www.dakarmania.cz\/index.php\/2019\/04\/04\/abu-dhabi-bratrovrazedny-duel-pro-currieho\/#primaryimage\"},\"thumbnailUrl\":\"https:\/\/www.dakarmania.cz\/wp-content\/uploads\/2019\/04\/19-addc-varela-01.jpg\",\"datePublished\":\"2019-04-04T09:10:43+00:00\",\"dateModified\":\"2019-10-31T10:10:34+00:00\",\"description\":\"Tov\u00e1rn\u00ed t\u00fdm Can-Am suver\u00e9nn\u011b ovl\u00e1dl Abu Dhabi Desert Challenge 2019 v kategorii side-by-side. P\u0159esto to nebyla nuda. Pr\u00e1v\u011b naopak!\",\"breadcrumb\":{\"@id\":\"https:\/\/www.dakarmania.cz\/index.php\/2019\/04\/04\/abu-dhabi-bratrovrazedny-duel-pro-currieho\/#breadcrumb\"},\"inLanguage\":\"cs\",\"potentialAction\":[{\"@type\":\"ReadAction\",\"target\":[\"https:\/\/www.dakarmania.cz\/index.php\/2019\/04\/04\/abu-dhabi-bratrovrazedny-duel-pro-currieho\/\"]}]},{\"@type\":\"ImageObject\",\"inLanguage\":\"cs\",\"@id\":\"https:\/\/www.dakarmania.cz\/index.php\/2019\/04\/04\/abu-dhabi-bratrovrazedny-duel-pro-currieho\/#primaryimage\",\"url\":\"https:\/\/www.dakarmania.cz\/wp-content\/uploads\/2019\/04\/19-addc-varela-01.jpg\",\"contentUrl\":\"https:\/\/www.dakarmania.cz\/wp-content\/uploads\/2019\/04\/19-addc-varela-01.jpg\",\"width\":2048,\"height\":1365,\"caption\":\"Reinaldo Varela\/Gustavo Gugelmin, Can-Am Maverick X3, Monster Energy Can-Am. Abu Dhabi Desert Challenge 2019. \u00a9 South Racing\"},{\"@type\":\"BreadcrumbList\",\"@id\":\"https:\/\/www.dakarmania.cz\/index.php\/2019\/04\/04\/abu-dhabi-bratrovrazedny-duel-pro-currieho\/#breadcrumb\",\"itemListElement\":[{\"@type\":\"ListItem\",\"position\":1,\"name\":\"Dom\u016f\",\"item\":\"https:\/\/www.dakarmania.cz\/\"},{\"@type\":\"ListItem\",\"position\":2,\"name\":\"Abu Dhabi: Bratrovra\u017eedn\u00fd duel pro Currieho\"}]},{\"@type\":\"WebSite\",\"@id\":\"https:\/\/www.dakarmania.cz\/#website\",\"url\":\"https:\/\/www.dakarmania.cz\/\",\"name\":\"DAKARMANIA.cz\",\"description\":\"\u017dijeme Dakarem cel\u00fd rok\",\"publisher\":{\"@id\":\"https:\/\/www.dakarmania.cz\/#organization\"},\"potentialAction\":[{\"@type\":\"SearchAction\",\"target\":{\"@type\":\"EntryPoint\",\"urlTemplate\":\"https:\/\/www.dakarmania.cz\/?s={search_term_string}\"},\"query-input\":{\"@type\":\"PropertyValueSpecification\",\"valueRequired\":true,\"valueName\":\"search_term_string\"}}],\"inLanguage\":\"cs\"},{\"@type\":\"Organization\",\"@id\":\"https:\/\/www.dakarmania.cz\/#organization\",\"name\":\"DAKAR MANIA\",\"url\":\"https:\/\/www.dakarmania.cz\/\",\"logo\":{\"@type\":\"ImageObject\",\"inLanguage\":\"cs\",\"@id\":\"https:\/\/www.dakarmania.cz\/#\/schema\/logo\/image\/\",\"url\":\"https:\/\/www.dakarmania.cz\/wp-content\/uploads\/2018\/12\/Dakar-Mania-Logo-Square-Orange.png\",\"contentUrl\":\"https:\/\/www.dakarmania.cz\/wp-content\/uploads\/2018\/12\/Dakar-Mania-Logo-Square-Orange.png\",\"width\":992,\"height\":992,\"caption\":\"DAKAR MANIA\"},\"image\":{\"@id\":\"https:\/\/www.dakarmania.cz\/#\/schema\/logo\/image\/\"},\"sameAs\":[\"https:\/\/www.facebook.com\/dakarmania\/\"]},{\"@type\":\"Person\",\"@id\":\"https:\/\/www.dakarmania.cz\/#\/schema\/person\/04eb0e87a389631c2169c0dddae7ff1e\",\"name\":\"Zden\u011bk Zelenka\",\"image\":{\"@type\":\"ImageObject\",\"inLanguage\":\"cs\",\"@id\":\"https:\/\/www.dakarmania.cz\/#\/schema\/person\/image\/\",\"url\":\"https:\/\/secure.gravatar.com\/avatar\/2c80d5a4942fe0900b73cc7d3837a509d6ee0a276a2b76dac95c92bd0763a89b?s=96&d=mm&r=g\",\"contentUrl\":\"https:\/\/secure.gravatar.com\/avatar\/2c80d5a4942fe0900b73cc7d3837a509d6ee0a276a2b76dac95c92bd0763a89b?s=96&d=mm&r=g\",\"caption\":\"Zden\u011bk Zelenka\"},\"description\":\"Moji d\u011bt\u0161t\u00ed hrdinov\u00e9 se jmenovali Loprais, Moskal, Neveu, Vatanen, Rahier... A tihle borci, jejich n\u00e1sledovn\u00edci a jejich p\u0159\u00edb\u011bhy m\u011b nep\u0159estali fascinovat ani po letech, kdy jsem vyrostl a zam\u011bstn\u00e1valy m\u011b jin\u00e9 discipl\u00edny motorsportu. Proto se zrodila DAKARMANIA.\",\"url\":\"https:\/\/www.dakarmania.cz\/index.php\/author\/dakarmania\/\"}]}<\/script>\n<!-- \/ Yoast SEO plugin. -->","yoast_head_json":{"title":"Abu Dhabi: Bratrovra\u017eedn\u00fd duel pro Currieho - DAKARMANIA.cz","description":"Tov\u00e1rn\u00ed t\u00fdm Can-Am suver\u00e9nn\u011b ovl\u00e1dl Abu Dhabi Desert Challenge 2019 v kategorii side-by-side. P\u0159esto to nebyla nuda. Pr\u00e1v\u011b naopak!","robots":{"index":"index","follow":"follow","max-snippet":"max-snippet:-1","max-image-preview":"max-image-preview:large","max-video-preview":"max-video-preview:-1"},"canonical":"https:\/\/www.dakarmania.cz\/index.php\/2019\/04\/04\/abu-dhabi-bratrovrazedny-duel-pro-currieho\/","og_locale":"cs_CZ","og_type":"article","og_title":"Abu Dhabi: Bratrovra\u017eedn\u00fd duel pro Currieho - DAKARMANIA.cz","og_description":"Tov\u00e1rn\u00ed t\u00fdm Can-Am suver\u00e9nn\u011b ovl\u00e1dl Abu Dhabi Desert Challenge 2019 v kategorii side-by-side. P\u0159esto to nebyla nuda. Pr\u00e1v\u011b naopak!","og_url":"https:\/\/www.dakarmania.cz\/index.php\/2019\/04\/04\/abu-dhabi-bratrovrazedny-duel-pro-currieho\/","og_site_name":"DAKARMANIA.cz","article_publisher":"https:\/\/www.facebook.com\/dakarmania\/","article_published_time":"2019-04-04T09:10:43+00:00","article_modified_time":"2019-10-31T10:10:34+00:00","og_image":[{"width":2048,"height":1365,"url":"https:\/\/www.dakarmania.cz\/wp-content\/uploads\/2019\/04\/19-addc-varela-01.jpg","type":"image\/jpeg"}],"author":"Zden\u011bk Zelenka","twitter_card":"summary_large_image","twitter_misc":{"Napsal(a)":"Zden\u011bk Zelenka","Odhadovan\u00e1 doba \u010dten\u00ed":"2 minuty"},"schema":{"@context":"https:\/\/schema.org","@graph":[{"@type":"Article","@id":"https:\/\/www.dakarmania.cz\/index.php\/2019\/04\/04\/abu-dhabi-bratrovrazedny-duel-pro-currieho\/#article","isPartOf":{"@id":"https:\/\/www.dakarmania.cz\/index.php\/2019\/04\/04\/abu-dhabi-bratrovrazedny-duel-pro-currieho\/"},"author":{"name":"Zden\u011bk Zelenka","@id":"https:\/\/www.dakarmania.cz\/#\/schema\/person\/04eb0e87a389631c2169c0dddae7ff1e"},"headline":"Abu Dhabi: Bratrovra\u017eedn\u00fd duel pro Currieho","datePublished":"2019-04-04T09:10:43+00:00","dateModified":"2019-10-31T10:10:34+00:00","mainEntityOfPage":{"@id":"https:\/\/www.dakarmania.cz\/index.php\/2019\/04\/04\/abu-dhabi-bratrovrazedny-duel-pro-currieho\/"},"wordCount":483,"commentCount":0,"publisher":{"@id":"https:\/\/www.dakarmania.cz\/#organization"},"image":{"@id":"https:\/\/www.dakarmania.cz\/index.php\/2019\/04\/04\/abu-dhabi-bratrovrazedny-duel-pro-currieho\/#primaryimage"},"thumbnailUrl":"https:\/\/www.dakarmania.cz\/wp-content\/uploads\/2019\/04\/19-addc-varela-01.jpg","keywords":["2019","ADDC","ADDC 2019","Can-Am","Casey Currie","Gustavo Gugelmin","Laurent Lichtleuchter","Reinaldo Varela","South Racing","SP FIA CCR","SP FIA CCR 2019"],"articleSection":["Abu Dhabi Desert Challenge","FIA SP CCR","S\u00d7S"],"inLanguage":"cs","potentialAction":[{"@type":"CommentAction","name":"Comment","target":["https:\/\/www.dakarmania.cz\/index.php\/2019\/04\/04\/abu-dhabi-bratrovrazedny-duel-pro-currieho\/#respond"]}]},{"@type":"WebPage","@id":"https:\/\/www.dakarmania.cz\/index.php\/2019\/04\/04\/abu-dhabi-bratrovrazedny-duel-pro-currieho\/","url":"https:\/\/www.dakarmania.cz\/index.php\/2019\/04\/04\/abu-dhabi-bratrovrazedny-duel-pro-currieho\/","name":"Abu Dhabi: Bratrovra\u017eedn\u00fd duel pro Currieho - DAKARMANIA.cz","isPartOf":{"@id":"https:\/\/www.dakarmania.cz\/#website"},"primaryImageOfPage":{"@id":"https:\/\/www.dakarmania.cz\/index.php\/2019\/04\/04\/abu-dhabi-bratrovrazedny-duel-pro-currieho\/#primaryimage"},"image":{"@id":"https:\/\/www.dakarmania.cz\/index.php\/2019\/04\/04\/abu-dhabi-bratrovrazedny-duel-pro-currieho\/#primaryimage"},"thumbnailUrl":"https:\/\/www.dakarmania.cz\/wp-content\/uploads\/2019\/04\/19-addc-varela-01.jpg","datePublished":"2019-04-04T09:10:43+00:00","dateModified":"2019-10-31T10:10:34+00:00","description":"Tov\u00e1rn\u00ed t\u00fdm Can-Am suver\u00e9nn\u011b ovl\u00e1dl Abu Dhabi Desert Challenge 2019 v kategorii side-by-side. P\u0159esto to nebyla nuda. Pr\u00e1v\u011b naopak!","breadcrumb":{"@id":"https:\/\/www.dakarmania.cz\/index.php\/2019\/04\/04\/abu-dhabi-bratrovrazedny-duel-pro-currieho\/#breadcrumb"},"inLanguage":"cs","potentialAction":[{"@type":"ReadAction","target":["https:\/\/www.dakarmania.cz\/index.php\/2019\/04\/04\/abu-dhabi-bratrovrazedny-duel-pro-currieho\/"]}]},{"@type":"ImageObject","inLanguage":"cs","@id":"https:\/\/www.dakarmania.cz\/index.php\/2019\/04\/04\/abu-dhabi-bratrovrazedny-duel-pro-currieho\/#primaryimage","url":"https:\/\/www.dakarmania.cz\/wp-content\/uploads\/2019\/04\/19-addc-varela-01.jpg","contentUrl":"https:\/\/www.dakarmania.cz\/wp-content\/uploads\/2019\/04\/19-addc-varela-01.jpg","width":2048,"height":1365,"caption":"Reinaldo Varela\/Gustavo Gugelmin, Can-Am Maverick X3, Monster Energy Can-Am. Abu Dhabi Desert Challenge 2019. \u00a9 South Racing"},{"@type":"BreadcrumbList","@id":"https:\/\/www.dakarmania.cz\/index.php\/2019\/04\/04\/abu-dhabi-bratrovrazedny-duel-pro-currieho\/#breadcrumb","itemListElement":[{"@type":"ListItem","position":1,"name":"Dom\u016f","item":"https:\/\/www.dakarmania.cz\/"},{"@type":"ListItem","position":2,"name":"Abu Dhabi: Bratrovra\u017eedn\u00fd duel pro Currieho"}]},{"@type":"WebSite","@id":"https:\/\/www.dakarmania.cz\/#website","url":"https:\/\/www.dakarmania.cz\/","name":"DAKARMANIA.cz","description":"\u017dijeme Dakarem cel\u00fd rok","publisher":{"@id":"https:\/\/www.dakarmania.cz\/#organization"},"potentialAction":[{"@type":"SearchAction","target":{"@type":"EntryPoint","urlTemplate":"https:\/\/www.dakarmania.cz\/?s={search_term_string}"},"query-input":{"@type":"PropertyValueSpecification","valueRequired":true,"valueName":"search_term_string"}}],"inLanguage":"cs"},{"@type":"Organization","@id":"https:\/\/www.dakarmania.cz\/#organization","name":"DAKAR MANIA","url":"https:\/\/www.dakarmania.cz\/","logo":{"@type":"ImageObject","inLanguage":"cs","@id":"https:\/\/www.dakarmania.cz\/#\/schema\/logo\/image\/","url":"https:\/\/www.dakarmania.cz\/wp-content\/uploads\/2018\/12\/Dakar-Mania-Logo-Square-Orange.png","contentUrl":"https:\/\/www.dakarmania.cz\/wp-content\/uploads\/2018\/12\/Dakar-Mania-Logo-Square-Orange.png","width":992,"height":992,"caption":"DAKAR MANIA"},"image":{"@id":"https:\/\/www.dakarmania.cz\/#\/schema\/logo\/image\/"},"sameAs":["https:\/\/www.facebook.com\/dakarmania\/"]},{"@type":"Person","@id":"https:\/\/www.dakarmania.cz\/#\/schema\/person\/04eb0e87a389631c2169c0dddae7ff1e","name":"Zden\u011bk Zelenka","image":{"@type":"ImageObject","inLanguage":"cs","@id":"https:\/\/www.dakarmania.cz\/#\/schema\/person\/image\/","url":"https:\/\/secure.gravatar.com\/avatar\/2c80d5a4942fe0900b73cc7d3837a509d6ee0a276a2b76dac95c92bd0763a89b?s=96&d=mm&r=g","contentUrl":"https:\/\/secure.gravatar.com\/avatar\/2c80d5a4942fe0900b73cc7d3837a509d6ee0a276a2b76dac95c92bd0763a89b?s=96&d=mm&r=g","caption":"Zden\u011bk Zelenka"},"description":"Moji d\u011bt\u0161t\u00ed hrdinov\u00e9 se jmenovali Loprais, Moskal, Neveu, Vatanen, Rahier... A tihle borci, jejich n\u00e1sledovn\u00edci a jejich p\u0159\u00edb\u011bhy m\u011b nep\u0159estali fascinovat ani po letech, kdy jsem vyrostl a zam\u011bstn\u00e1valy m\u011b jin\u00e9 discipl\u00edny motorsportu. Proto se zrodila DAKARMANIA.","url":"https:\/\/www.dakarmania.cz\/index.php\/author\/dakarmania\/"}]}},"amp_enabled":true,"_links":{"self":[{"href":"https:\/\/www.dakarmania.cz\/index.php\/wp-json\/wp\/v2\/posts\/5061","targetHints":{"allow":["GET"]}}],"collection":[{"href":"https:\/\/www.dakarmania.cz\/index.php\/wp-json\/wp\/v2\/posts"}],"about":[{"href":"https:\/\/www.dakarmania.cz\/index.php\/wp-json\/wp\/v2\/types\/post"}],"author":[{"embeddable":true,"href":"https:\/\/www.dakarmania.cz\/index.php\/wp-json\/wp\/v2\/users\/1"}],"replies":[{"embeddable":true,"href":"https:\/\/www.dakarmania.cz\/index.php\/wp-json\/wp\/v2\/comments?post=5061"}],"version-history":[{"count":4,"href":"https:\/\/www.dakarmania.cz\/index.php\/wp-json\/wp\/v2\/posts\/5061\/revisions"}],"predecessor-version":[{"id":13028,"href":"https:\/\/www.dakarmania.cz\/index.php\/wp-json\/wp\/v2\/posts\/5061\/revisions\/13028"}],"wp:featuredmedia":[{"embeddable":true,"href":"https:\/\/www.dakarmania.cz\/index.php\/wp-json\/wp\/v2\/media\/5060"}],"wp:attachment":[{"href":"https:\/\/www.dakarmania.cz\/index.php\/wp-json\/wp\/v2\/media?parent=5061"}],"wp:term":[{"taxonomy":"category","embeddable":true,"href":"https:\/\/www.dakarmania.cz\/index.php\/wp-json\/wp\/v2\/categories?post=5061"},{"taxonomy":"post_tag","embeddable":true,"href":"https:\/\/www.dakarmania.cz\/index.php\/wp-json\/wp\/v2\/tags?post=5061"}],"curies":[{"name":"wp","href":"https:\/\/api.w.org\/{rel}","templated":true}]}}