{"id":5146,"date":"2019-04-06T09:57:50","date_gmt":"2019-04-06T07:57:50","guid":{"rendered":"https:\/\/www.dakarmania.cz\/?p=5146"},"modified":"2020-10-06T17:19:25","modified_gmt":"2020-10-06T15:19:25","slug":"merzouga-axel-dutrie-obhajil","status":"publish","type":"post","link":"https:\/\/www.dakarmania.cz\/index.php\/2019\/04\/06\/merzouga-axel-dutrie-obhajil\/","title":{"rendered":"Merzouga: Axel Dutrie obh\u00e1jil"},"content":{"rendered":"<p>[vc_row][vc_column][vc_column_text]<\/p>\n<h4>V kategorii \u010dty\u0159kolek triumfoval na Merzouga Rally 2019 Axel Dutrie s Yamahou. Francouz tak na marock\u00e9 sout\u011b\u017ei obh\u00e1jil svou v\u00fdhru z p\u0159edchoz\u00edho roku.<\/h4>\n<p>V lednu na Dakaru pat\u0159il Dutrie do skupiny hlavn\u00edch aspirant\u016fm na um\u00edst\u011bn\u00ed na stupn\u00edch v\u00edt\u011bz\u016f. Jen\u017ee v Peru jej hned v \u00favodu vy\u0159adily technick\u00e9 probl\u00e9my. Do Erfoudu se ale vr\u00e1til op\u011bt ve form\u011b jak rod\u00e1k z francouzsk\u00e9ho Calais, tak jeho stroj.<\/p>\n<p>V prvn\u00ed polovin\u011b sout\u011b\u017ee sv\u00e1d\u011bl jezdec Drag\u2019on Rally Teamu vyrovnan\u00fd souboj s t\u00fdmov\u00fdm kolegou Cl\u00e9mentem Jayem. Je\u0161t\u011b po prvn\u00ed maratonsk\u00e9 etap\u011b d\u011blily oba rivaly pouh\u00e9 dv\u011b minuty a dv\u011b sekundy. N\u00e1sleduj\u00edc\u00ed den byl ale pro v\u00fdvoj v kategorii \u010dty\u0159kolek rozhoduj\u00edc\u00ed. Jay \u010dtvrtou etapu nedokon\u010dil, zat\u00edmco Dutrie se osamostatnil na \u0161pici s v\u00edce ne\u017e hodinov\u00fdm n\u00e1skokem p\u0159ed dvojic\u00ed Facundo Viel, Toni Vingut.[\/vc_column_text][vc_single_image image=&#8221;5149&#8243; img_size=&#8221;large&#8221; add_caption=&#8221;yes&#8221; alignment=&#8221;center&#8221;][vc_column_text]V z\u00e1v\u011bre\u010dn\u00e9 \u201edunov\u00e9 Grand Prix\u201c u\u017e Dutrie drama nep\u0159ipustil a po \u0160pan\u011blu Diegu Ortegovi Gilovi se stal druh\u00fdm quadistou, jen\u017e dok\u00e1zal Merzougu vyhr\u00e1t dvakr\u00e1t.<\/p>\n<p><em>\u201eTohle byl opravdu poveden\u00fd ro\u010dn\u00edk s je\u0161t\u011b rozmanit\u011bj\u0161\u00ed trat\u00ed ne\u017e p\u0159ed rokem. Z v\u00edt\u011bzstv\u00ed m\u00e1m pochopiteln\u011b radost, ale t\u011b\u0161\u00ed m\u011b u\u017e jen to, \u017ee jsem sout\u011b\u017e dokon\u010dil, proto\u017ee z Dakaru jsem musel kv\u016fli technick\u00e9 z\u00e1vad\u011b odstoupit. Ulevilo se mi, proto\u017ee to znamen\u00e1, \u017ee technika nenech\u00e1 jezdce na holi\u010dk\u00e1ch v\u017edycky,\u201c<\/em> usm\u00edval se v c\u00edli <strong>Axel Dutrie<\/strong>.[\/vc_column_text][vc_column_text]<\/p>\n<h4 style=\"text-align: center;\">V\u00fdsledky Merzouga Rally 2019<\/h4>\n<p style=\"text-align: center;\"><strong>\u010cty\u0159kolky<\/strong><\/p>\n<table style=\"width: 97.7654%;\">\n<tbody>\n<tr style=\"background-color: #dbd9d9;\">\n<td style=\"width: 6.4117%; height: 24px;\">1.<\/td>\n<td style=\"width: 44.3195%; height: 24px;\">Axel Dutrie<\/td>\n<td style=\"width: 33.6333%; height: 24px;\">Yamaha<\/td>\n<td style=\"width: 14.3982%; height: 24px;\">19:12:36<\/td>\n<\/tr>\n<tr>\n<td style=\"width: 6.4117%; height: 24px;\">2.<\/td>\n<td style=\"width: 44.3195%; height: 24px;\">Facundo Viel<\/td>\n<td style=\"width: 33.6333%; height: 24px;\">Yamaha<\/td>\n<td style=\"width: 14.3982%; height: 24px;\">+1:20:16<\/td>\n<\/tr>\n<tr style=\"background-color: #dbd9d9;\">\n<td style=\"width: 6.4117%; height: 24px;\">3.<\/td>\n<td style=\"width: 44.3195%; height: 24px;\">Toni Vingut<\/td>\n<td style=\"width: 33.6333%; height: 24px;\">Yamaha<\/td>\n<td style=\"width: 14.3982%; height: 24px;\">+1:27:47<\/td>\n<\/tr>\n<\/tbody>\n<\/table>\n<p>[\/vc_column_text][vc_btn title=&#8221;Merzouga 2019: Kone\u010dn\u00e9 v\u00fdsledky QUAD&#8221; style=&#8221;outline&#8221; color=&#8221;warning&#8221; size=&#8221;sm&#8221; align=&#8221;center&#8221; i_icon_fontawesome=&#8221;fa fa-list-ol&#8221; button_block=&#8221;true&#8221; add_icon=&#8221;true&#8221; link=&#8221;url:https%3A%2F%2Fwww.dakarmania.cz%2Fwp-content%2Fuploads%2F2019%2F04%2F2019-merzouga-quad-final.pdf||target:%20_blank|rel:nofollow&#8221;][\/vc_column][\/vc_row]<\/p>\n","protected":false},"excerpt":{"rendered":"<p>[vc_row][vc_column][vc_column_text] V kategorii \u010dty\u0159kolek triumfoval na Merzouga Rally 2019 Axel Dutrie s Yamahou. Francouz tak na marock\u00e9 sout\u011b\u017ei obh\u00e1jil svou v\u00fdhru z p\u0159edchoz\u00edho roku. V lednu na Dakaru pat\u0159il Dutrie do skupiny hlavn\u00edch aspirant\u016fm na um\u00edst\u011bn\u00ed na stupn\u00edch v\u00edt\u011bz\u016f. Jen\u017ee v Peru jej hned v \u00favodu vy\u0159adily technick\u00e9 probl\u00e9my. Do Erfoudu se ale vr\u00e1til op\u011bt [&hellip;]<\/p>\n","protected":false},"author":1,"featured_media":5148,"comment_status":"open","ping_status":"closed","sticky":false,"template":"","format":"standard","meta":{"footnotes":""},"categories":[638,15],"tags":[425,847,852,787,788,848,850,786,785,851,168],"class_list":["post-5146","post","type-post","status-publish","format-standard","has-post-thumbnail","hentry","category-merzouga","category-moto-quad","tag-425","tag-axel-dutrie","tag-clement-jay","tag-dakar-series","tag-dakar-series-2019","tag-dragon-rally-team","tag-facundo-viel","tag-merzouga-rally","tag-merzouga-rally-2019","tag-toni-vingut","tag-yamaha"],"yoast_head":"<!-- This site is optimized with the Yoast SEO plugin v24.9 - https:\/\/yoast.com\/wordpress\/plugins\/seo\/ -->\n<title>Merzouga: Axel Dutrie obh\u00e1jil - DAKARMANIA.cz<\/title>\n<meta name=\"description\" content=\"V kategorii \u010dty\u0159kolek triumfoval na Merzouga Rally 2019 Axel Dutrie s Yamahou. Francouz tak na marock\u00e9 sout\u011b\u017ei obh\u00e1jil svou v\u00fdhru z p\u0159edchoz\u00edho roku.\" \/>\n<meta name=\"robots\" content=\"index, follow, max-snippet:-1, max-image-preview:large, max-video-preview:-1\" \/>\n<link rel=\"canonical\" href=\"https:\/\/www.dakarmania.cz\/index.php\/2019\/04\/06\/merzouga-axel-dutrie-obhajil\/\" \/>\n<meta property=\"og:locale\" content=\"cs_CZ\" \/>\n<meta property=\"og:type\" content=\"article\" \/>\n<meta property=\"og:title\" content=\"Merzouga: Axel Dutrie obh\u00e1jil - DAKARMANIA.cz\" \/>\n<meta property=\"og:description\" content=\"V kategorii \u010dty\u0159kolek triumfoval na Merzouga Rally 2019 Axel Dutrie s Yamahou. Francouz tak na marock\u00e9 sout\u011b\u017ei obh\u00e1jil svou v\u00fdhru z p\u0159edchoz\u00edho roku.\" \/>\n<meta property=\"og:url\" content=\"https:\/\/www.dakarmania.cz\/index.php\/2019\/04\/06\/merzouga-axel-dutrie-obhajil\/\" \/>\n<meta property=\"og:site_name\" content=\"DAKARMANIA.cz\" \/>\n<meta property=\"article:publisher\" content=\"https:\/\/www.facebook.com\/dakarmania\/\" \/>\n<meta property=\"article:published_time\" content=\"2019-04-06T07:57:50+00:00\" \/>\n<meta property=\"article:modified_time\" content=\"2020-10-06T15:19:25+00:00\" \/>\n<meta property=\"og:image\" content=\"https:\/\/www.dakarmania.cz\/wp-content\/uploads\/2019\/04\/19-merzouga-dutrie-01.jpg\" \/>\n\t<meta property=\"og:image:width\" content=\"2048\" \/>\n\t<meta property=\"og:image:height\" content=\"1365\" \/>\n\t<meta property=\"og:image:type\" content=\"image\/jpeg\" \/>\n<meta name=\"author\" content=\"Zden\u011bk Zelenka\" \/>\n<meta name=\"twitter:card\" content=\"summary_large_image\" \/>\n<meta name=\"twitter:label1\" content=\"Napsal(a)\" \/>\n\t<meta name=\"twitter:data1\" content=\"Zden\u011bk Zelenka\" \/>\n\t<meta name=\"twitter:label2\" content=\"Odhadovan\u00e1 doba \u010dten\u00ed\" \/>\n\t<meta name=\"twitter:data2\" content=\"2 minuty\" \/>\n<script type=\"application\/ld+json\" class=\"yoast-schema-graph\">{\"@context\":\"https:\/\/schema.org\",\"@graph\":[{\"@type\":\"Article\",\"@id\":\"https:\/\/www.dakarmania.cz\/index.php\/2019\/04\/06\/merzouga-axel-dutrie-obhajil\/#article\",\"isPartOf\":{\"@id\":\"https:\/\/www.dakarmania.cz\/index.php\/2019\/04\/06\/merzouga-axel-dutrie-obhajil\/\"},\"author\":{\"name\":\"Zden\u011bk Zelenka\",\"@id\":\"https:\/\/www.dakarmania.cz\/#\/schema\/person\/04eb0e87a389631c2169c0dddae7ff1e\"},\"headline\":\"Merzouga: Axel Dutrie obh\u00e1jil\",\"datePublished\":\"2019-04-06T07:57:50+00:00\",\"dateModified\":\"2020-10-06T15:19:25+00:00\",\"mainEntityOfPage\":{\"@id\":\"https:\/\/www.dakarmania.cz\/index.php\/2019\/04\/06\/merzouga-axel-dutrie-obhajil\/\"},\"wordCount\":376,\"commentCount\":0,\"publisher\":{\"@id\":\"https:\/\/www.dakarmania.cz\/#organization\"},\"image\":{\"@id\":\"https:\/\/www.dakarmania.cz\/index.php\/2019\/04\/06\/merzouga-axel-dutrie-obhajil\/#primaryimage\"},\"thumbnailUrl\":\"https:\/\/www.dakarmania.cz\/wp-content\/uploads\/2019\/04\/19-merzouga-dutrie-01.jpg\",\"keywords\":[\"2019\",\"Axel Dutrie\",\"Cl\u00e9ment Jay\",\"Dakar Series\",\"Dakar Series 2019\",\"Drag\u2019on Rally Team\",\"Facundo Viel\",\"Merzouga Rally\",\"Merzouga Rally 2019\",\"Toni Vingut\",\"Yamaha\"],\"articleSection\":[\"Merzouga Rally\",\"Moto\/Quad\"],\"inLanguage\":\"cs\",\"potentialAction\":[{\"@type\":\"CommentAction\",\"name\":\"Comment\",\"target\":[\"https:\/\/www.dakarmania.cz\/index.php\/2019\/04\/06\/merzouga-axel-dutrie-obhajil\/#respond\"]}]},{\"@type\":\"WebPage\",\"@id\":\"https:\/\/www.dakarmania.cz\/index.php\/2019\/04\/06\/merzouga-axel-dutrie-obhajil\/\",\"url\":\"https:\/\/www.dakarmania.cz\/index.php\/2019\/04\/06\/merzouga-axel-dutrie-obhajil\/\",\"name\":\"Merzouga: Axel Dutrie obh\u00e1jil - DAKARMANIA.cz\",\"isPartOf\":{\"@id\":\"https:\/\/www.dakarmania.cz\/#website\"},\"primaryImageOfPage\":{\"@id\":\"https:\/\/www.dakarmania.cz\/index.php\/2019\/04\/06\/merzouga-axel-dutrie-obhajil\/#primaryimage\"},\"image\":{\"@id\":\"https:\/\/www.dakarmania.cz\/index.php\/2019\/04\/06\/merzouga-axel-dutrie-obhajil\/#primaryimage\"},\"thumbnailUrl\":\"https:\/\/www.dakarmania.cz\/wp-content\/uploads\/2019\/04\/19-merzouga-dutrie-01.jpg\",\"datePublished\":\"2019-04-06T07:57:50+00:00\",\"dateModified\":\"2020-10-06T15:19:25+00:00\",\"description\":\"V kategorii \u010dty\u0159kolek triumfoval na Merzouga Rally 2019 Axel Dutrie s Yamahou. Francouz tak na marock\u00e9 sout\u011b\u017ei obh\u00e1jil svou v\u00fdhru z p\u0159edchoz\u00edho roku.\",\"breadcrumb\":{\"@id\":\"https:\/\/www.dakarmania.cz\/index.php\/2019\/04\/06\/merzouga-axel-dutrie-obhajil\/#breadcrumb\"},\"inLanguage\":\"cs\",\"potentialAction\":[{\"@type\":\"ReadAction\",\"target\":[\"https:\/\/www.dakarmania.cz\/index.php\/2019\/04\/06\/merzouga-axel-dutrie-obhajil\/\"]}]},{\"@type\":\"ImageObject\",\"inLanguage\":\"cs\",\"@id\":\"https:\/\/www.dakarmania.cz\/index.php\/2019\/04\/06\/merzouga-axel-dutrie-obhajil\/#primaryimage\",\"url\":\"https:\/\/www.dakarmania.cz\/wp-content\/uploads\/2019\/04\/19-merzouga-dutrie-01.jpg\",\"contentUrl\":\"https:\/\/www.dakarmania.cz\/wp-content\/uploads\/2019\/04\/19-merzouga-dutrie-01.jpg\",\"width\":2048,\"height\":1365,\"caption\":\"Axel Dutrie, Yamaha, Drag'On Rally Team. Merzouga Rally 2019. \u00a9 ASO\/V. Eleuterio\"},{\"@type\":\"BreadcrumbList\",\"@id\":\"https:\/\/www.dakarmania.cz\/index.php\/2019\/04\/06\/merzouga-axel-dutrie-obhajil\/#breadcrumb\",\"itemListElement\":[{\"@type\":\"ListItem\",\"position\":1,\"name\":\"Dom\u016f\",\"item\":\"https:\/\/www.dakarmania.cz\/\"},{\"@type\":\"ListItem\",\"position\":2,\"name\":\"Merzouga: Axel Dutrie obh\u00e1jil\"}]},{\"@type\":\"WebSite\",\"@id\":\"https:\/\/www.dakarmania.cz\/#website\",\"url\":\"https:\/\/www.dakarmania.cz\/\",\"name\":\"DAKARMANIA.cz\",\"description\":\"\u017dijeme Dakarem cel\u00fd rok\",\"publisher\":{\"@id\":\"https:\/\/www.dakarmania.cz\/#organization\"},\"potentialAction\":[{\"@type\":\"SearchAction\",\"target\":{\"@type\":\"EntryPoint\",\"urlTemplate\":\"https:\/\/www.dakarmania.cz\/?s={search_term_string}\"},\"query-input\":{\"@type\":\"PropertyValueSpecification\",\"valueRequired\":true,\"valueName\":\"search_term_string\"}}],\"inLanguage\":\"cs\"},{\"@type\":\"Organization\",\"@id\":\"https:\/\/www.dakarmania.cz\/#organization\",\"name\":\"DAKAR MANIA\",\"url\":\"https:\/\/www.dakarmania.cz\/\",\"logo\":{\"@type\":\"ImageObject\",\"inLanguage\":\"cs\",\"@id\":\"https:\/\/www.dakarmania.cz\/#\/schema\/logo\/image\/\",\"url\":\"https:\/\/www.dakarmania.cz\/wp-content\/uploads\/2018\/12\/Dakar-Mania-Logo-Square-Orange.png\",\"contentUrl\":\"https:\/\/www.dakarmania.cz\/wp-content\/uploads\/2018\/12\/Dakar-Mania-Logo-Square-Orange.png\",\"width\":992,\"height\":992,\"caption\":\"DAKAR MANIA\"},\"image\":{\"@id\":\"https:\/\/www.dakarmania.cz\/#\/schema\/logo\/image\/\"},\"sameAs\":[\"https:\/\/www.facebook.com\/dakarmania\/\"]},{\"@type\":\"Person\",\"@id\":\"https:\/\/www.dakarmania.cz\/#\/schema\/person\/04eb0e87a389631c2169c0dddae7ff1e\",\"name\":\"Zden\u011bk Zelenka\",\"image\":{\"@type\":\"ImageObject\",\"inLanguage\":\"cs\",\"@id\":\"https:\/\/www.dakarmania.cz\/#\/schema\/person\/image\/\",\"url\":\"https:\/\/secure.gravatar.com\/avatar\/2c80d5a4942fe0900b73cc7d3837a509d6ee0a276a2b76dac95c92bd0763a89b?s=96&d=mm&r=g\",\"contentUrl\":\"https:\/\/secure.gravatar.com\/avatar\/2c80d5a4942fe0900b73cc7d3837a509d6ee0a276a2b76dac95c92bd0763a89b?s=96&d=mm&r=g\",\"caption\":\"Zden\u011bk Zelenka\"},\"description\":\"Moji d\u011bt\u0161t\u00ed hrdinov\u00e9 se jmenovali Loprais, Moskal, Neveu, Vatanen, Rahier... A tihle borci, jejich n\u00e1sledovn\u00edci a jejich p\u0159\u00edb\u011bhy m\u011b nep\u0159estali fascinovat ani po letech, kdy jsem vyrostl a zam\u011bstn\u00e1valy m\u011b jin\u00e9 discipl\u00edny motorsportu. Proto se zrodila DAKARMANIA.\",\"url\":\"https:\/\/www.dakarmania.cz\/index.php\/author\/dakarmania\/\"}]}<\/script>\n<!-- \/ Yoast SEO plugin. -->","yoast_head_json":{"title":"Merzouga: Axel Dutrie obh\u00e1jil - DAKARMANIA.cz","description":"V kategorii \u010dty\u0159kolek triumfoval na Merzouga Rally 2019 Axel Dutrie s Yamahou. Francouz tak na marock\u00e9 sout\u011b\u017ei obh\u00e1jil svou v\u00fdhru z p\u0159edchoz\u00edho roku.","robots":{"index":"index","follow":"follow","max-snippet":"max-snippet:-1","max-image-preview":"max-image-preview:large","max-video-preview":"max-video-preview:-1"},"canonical":"https:\/\/www.dakarmania.cz\/index.php\/2019\/04\/06\/merzouga-axel-dutrie-obhajil\/","og_locale":"cs_CZ","og_type":"article","og_title":"Merzouga: Axel Dutrie obh\u00e1jil - DAKARMANIA.cz","og_description":"V kategorii \u010dty\u0159kolek triumfoval na Merzouga Rally 2019 Axel Dutrie s Yamahou. Francouz tak na marock\u00e9 sout\u011b\u017ei obh\u00e1jil svou v\u00fdhru z p\u0159edchoz\u00edho roku.","og_url":"https:\/\/www.dakarmania.cz\/index.php\/2019\/04\/06\/merzouga-axel-dutrie-obhajil\/","og_site_name":"DAKARMANIA.cz","article_publisher":"https:\/\/www.facebook.com\/dakarmania\/","article_published_time":"2019-04-06T07:57:50+00:00","article_modified_time":"2020-10-06T15:19:25+00:00","og_image":[{"width":2048,"height":1365,"url":"https:\/\/www.dakarmania.cz\/wp-content\/uploads\/2019\/04\/19-merzouga-dutrie-01.jpg","type":"image\/jpeg"}],"author":"Zden\u011bk Zelenka","twitter_card":"summary_large_image","twitter_misc":{"Napsal(a)":"Zden\u011bk Zelenka","Odhadovan\u00e1 doba \u010dten\u00ed":"2 minuty"},"schema":{"@context":"https:\/\/schema.org","@graph":[{"@type":"Article","@id":"https:\/\/www.dakarmania.cz\/index.php\/2019\/04\/06\/merzouga-axel-dutrie-obhajil\/#article","isPartOf":{"@id":"https:\/\/www.dakarmania.cz\/index.php\/2019\/04\/06\/merzouga-axel-dutrie-obhajil\/"},"author":{"name":"Zden\u011bk Zelenka","@id":"https:\/\/www.dakarmania.cz\/#\/schema\/person\/04eb0e87a389631c2169c0dddae7ff1e"},"headline":"Merzouga: Axel Dutrie obh\u00e1jil","datePublished":"2019-04-06T07:57:50+00:00","dateModified":"2020-10-06T15:19:25+00:00","mainEntityOfPage":{"@id":"https:\/\/www.dakarmania.cz\/index.php\/2019\/04\/06\/merzouga-axel-dutrie-obhajil\/"},"wordCount":376,"commentCount":0,"publisher":{"@id":"https:\/\/www.dakarmania.cz\/#organization"},"image":{"@id":"https:\/\/www.dakarmania.cz\/index.php\/2019\/04\/06\/merzouga-axel-dutrie-obhajil\/#primaryimage"},"thumbnailUrl":"https:\/\/www.dakarmania.cz\/wp-content\/uploads\/2019\/04\/19-merzouga-dutrie-01.jpg","keywords":["2019","Axel Dutrie","Cl\u00e9ment Jay","Dakar Series","Dakar Series 2019","Drag\u2019on Rally Team","Facundo Viel","Merzouga Rally","Merzouga Rally 2019","Toni Vingut","Yamaha"],"articleSection":["Merzouga Rally","Moto\/Quad"],"inLanguage":"cs","potentialAction":[{"@type":"CommentAction","name":"Comment","target":["https:\/\/www.dakarmania.cz\/index.php\/2019\/04\/06\/merzouga-axel-dutrie-obhajil\/#respond"]}]},{"@type":"WebPage","@id":"https:\/\/www.dakarmania.cz\/index.php\/2019\/04\/06\/merzouga-axel-dutrie-obhajil\/","url":"https:\/\/www.dakarmania.cz\/index.php\/2019\/04\/06\/merzouga-axel-dutrie-obhajil\/","name":"Merzouga: Axel Dutrie obh\u00e1jil - DAKARMANIA.cz","isPartOf":{"@id":"https:\/\/www.dakarmania.cz\/#website"},"primaryImageOfPage":{"@id":"https:\/\/www.dakarmania.cz\/index.php\/2019\/04\/06\/merzouga-axel-dutrie-obhajil\/#primaryimage"},"image":{"@id":"https:\/\/www.dakarmania.cz\/index.php\/2019\/04\/06\/merzouga-axel-dutrie-obhajil\/#primaryimage"},"thumbnailUrl":"https:\/\/www.dakarmania.cz\/wp-content\/uploads\/2019\/04\/19-merzouga-dutrie-01.jpg","datePublished":"2019-04-06T07:57:50+00:00","dateModified":"2020-10-06T15:19:25+00:00","description":"V kategorii \u010dty\u0159kolek triumfoval na Merzouga Rally 2019 Axel Dutrie s Yamahou. Francouz tak na marock\u00e9 sout\u011b\u017ei obh\u00e1jil svou v\u00fdhru z p\u0159edchoz\u00edho roku.","breadcrumb":{"@id":"https:\/\/www.dakarmania.cz\/index.php\/2019\/04\/06\/merzouga-axel-dutrie-obhajil\/#breadcrumb"},"inLanguage":"cs","potentialAction":[{"@type":"ReadAction","target":["https:\/\/www.dakarmania.cz\/index.php\/2019\/04\/06\/merzouga-axel-dutrie-obhajil\/"]}]},{"@type":"ImageObject","inLanguage":"cs","@id":"https:\/\/www.dakarmania.cz\/index.php\/2019\/04\/06\/merzouga-axel-dutrie-obhajil\/#primaryimage","url":"https:\/\/www.dakarmania.cz\/wp-content\/uploads\/2019\/04\/19-merzouga-dutrie-01.jpg","contentUrl":"https:\/\/www.dakarmania.cz\/wp-content\/uploads\/2019\/04\/19-merzouga-dutrie-01.jpg","width":2048,"height":1365,"caption":"Axel Dutrie, Yamaha, Drag'On Rally Team. Merzouga Rally 2019. \u00a9 ASO\/V. Eleuterio"},{"@type":"BreadcrumbList","@id":"https:\/\/www.dakarmania.cz\/index.php\/2019\/04\/06\/merzouga-axel-dutrie-obhajil\/#breadcrumb","itemListElement":[{"@type":"ListItem","position":1,"name":"Dom\u016f","item":"https:\/\/www.dakarmania.cz\/"},{"@type":"ListItem","position":2,"name":"Merzouga: Axel Dutrie obh\u00e1jil"}]},{"@type":"WebSite","@id":"https:\/\/www.dakarmania.cz\/#website","url":"https:\/\/www.dakarmania.cz\/","name":"DAKARMANIA.cz","description":"\u017dijeme Dakarem cel\u00fd rok","publisher":{"@id":"https:\/\/www.dakarmania.cz\/#organization"},"potentialAction":[{"@type":"SearchAction","target":{"@type":"EntryPoint","urlTemplate":"https:\/\/www.dakarmania.cz\/?s={search_term_string}"},"query-input":{"@type":"PropertyValueSpecification","valueRequired":true,"valueName":"search_term_string"}}],"inLanguage":"cs"},{"@type":"Organization","@id":"https:\/\/www.dakarmania.cz\/#organization","name":"DAKAR MANIA","url":"https:\/\/www.dakarmania.cz\/","logo":{"@type":"ImageObject","inLanguage":"cs","@id":"https:\/\/www.dakarmania.cz\/#\/schema\/logo\/image\/","url":"https:\/\/www.dakarmania.cz\/wp-content\/uploads\/2018\/12\/Dakar-Mania-Logo-Square-Orange.png","contentUrl":"https:\/\/www.dakarmania.cz\/wp-content\/uploads\/2018\/12\/Dakar-Mania-Logo-Square-Orange.png","width":992,"height":992,"caption":"DAKAR MANIA"},"image":{"@id":"https:\/\/www.dakarmania.cz\/#\/schema\/logo\/image\/"},"sameAs":["https:\/\/www.facebook.com\/dakarmania\/"]},{"@type":"Person","@id":"https:\/\/www.dakarmania.cz\/#\/schema\/person\/04eb0e87a389631c2169c0dddae7ff1e","name":"Zden\u011bk Zelenka","image":{"@type":"ImageObject","inLanguage":"cs","@id":"https:\/\/www.dakarmania.cz\/#\/schema\/person\/image\/","url":"https:\/\/secure.gravatar.com\/avatar\/2c80d5a4942fe0900b73cc7d3837a509d6ee0a276a2b76dac95c92bd0763a89b?s=96&d=mm&r=g","contentUrl":"https:\/\/secure.gravatar.com\/avatar\/2c80d5a4942fe0900b73cc7d3837a509d6ee0a276a2b76dac95c92bd0763a89b?s=96&d=mm&r=g","caption":"Zden\u011bk Zelenka"},"description":"Moji d\u011bt\u0161t\u00ed hrdinov\u00e9 se jmenovali Loprais, Moskal, Neveu, Vatanen, Rahier... A tihle borci, jejich n\u00e1sledovn\u00edci a jejich p\u0159\u00edb\u011bhy m\u011b nep\u0159estali fascinovat ani po letech, kdy jsem vyrostl a zam\u011bstn\u00e1valy m\u011b jin\u00e9 discipl\u00edny motorsportu. Proto se zrodila DAKARMANIA.","url":"https:\/\/www.dakarmania.cz\/index.php\/author\/dakarmania\/"}]}},"amp_enabled":true,"_links":{"self":[{"href":"https:\/\/www.dakarmania.cz\/index.php\/wp-json\/wp\/v2\/posts\/5146","targetHints":{"allow":["GET"]}}],"collection":[{"href":"https:\/\/www.dakarmania.cz\/index.php\/wp-json\/wp\/v2\/posts"}],"about":[{"href":"https:\/\/www.dakarmania.cz\/index.php\/wp-json\/wp\/v2\/types\/post"}],"author":[{"embeddable":true,"href":"https:\/\/www.dakarmania.cz\/index.php\/wp-json\/wp\/v2\/users\/1"}],"replies":[{"embeddable":true,"href":"https:\/\/www.dakarmania.cz\/index.php\/wp-json\/wp\/v2\/comments?post=5146"}],"version-history":[{"count":3,"href":"https:\/\/www.dakarmania.cz\/index.php\/wp-json\/wp\/v2\/posts\/5146\/revisions"}],"predecessor-version":[{"id":5151,"href":"https:\/\/www.dakarmania.cz\/index.php\/wp-json\/wp\/v2\/posts\/5146\/revisions\/5151"}],"wp:featuredmedia":[{"embeddable":true,"href":"https:\/\/www.dakarmania.cz\/index.php\/wp-json\/wp\/v2\/media\/5148"}],"wp:attachment":[{"href":"https:\/\/www.dakarmania.cz\/index.php\/wp-json\/wp\/v2\/media?parent=5146"}],"wp:term":[{"taxonomy":"category","embeddable":true,"href":"https:\/\/www.dakarmania.cz\/index.php\/wp-json\/wp\/v2\/categories?post=5146"},{"taxonomy":"post_tag","embeddable":true,"href":"https:\/\/www.dakarmania.cz\/index.php\/wp-json\/wp\/v2\/tags?post=5146"}],"curies":[{"name":"wp","href":"https:\/\/api.w.org\/{rel}","templated":true}]}}