{"id":5274,"date":"2019-04-12T15:16:30","date_gmt":"2019-04-12T13:16:30","guid":{"rendered":"https:\/\/www.dakarmania.cz\/?p=5274"},"modified":"2023-03-02T11:15:48","modified_gmt":"2023-03-02T10:15:48","slug":"dakarsky-maverick-zmekl","status":"publish","type":"post","link":"https:\/\/www.dakarmania.cz\/index.php\/2019\/04\/12\/dakarsky-maverick-zmekl\/","title":{"rendered":"Dakarsk\u00fd Maverick d\u00edky \u010desk\u00fdm tlumi\u010d\u016fm \u201ezm\u011bkl\u201c"},"content":{"rendered":"<p>[vc_row][vc_column][vc_column_text]<\/p>\n<h4>Hned po n\u00e1vratu z Dakaru 2019 v\u011bd\u011bli Olga Rou\u010dkov\u00e1 a Daniel Zelenka, co bude pot\u0159eba zm\u011bnit na jejich speci\u00e1lu Can-Am Maverick X RS. Pr\u00e1ce na vylep\u0161en\u00edch se rozb\u011bhly prakticky okam\u017eit\u011b po n\u00e1vratu techniky z Ji\u017en\u00ed Ameriky. Tento t\u00fdden pak Ollie s Danem v Milovic\u00edch vyzkou\u0161eli prvn\u00ed v\u00fdrazn\u00e9 novinky.<\/h4>\n<p>Minul\u00fd v\u00edkend se na d\u00edln\u011b na Maverickovi usilovn\u011b pracovalo. Krom\u011b b\u011b\u017en\u00e9 \u00fadr\u017eby a v\u00fdm\u011bn provozn\u00edch kapalin do\u0161lo tak\u00e9 na \u00fapravu chlazen\u00ed vari\u00e1toru.<\/p>\n<p><em>\u201eM\u00e1me tam filtry, tud\u00ed\u017e to bere m\u00ed\u0148 vzduchu. Proto jsme rad\u0161i p\u0159idali v\u011btr\u00e1ky, aby tro\u0161ku pomohly,\u201c<\/em> vysv\u011btluje <a href=\"https:\/\/www.dakarmania.cz\/index.php\/osobnosti\/daniel-zelenka\/\"><strong>Dan Zelenka<\/strong><\/a>, kter\u00fd je nejen navig\u00e1torem, ale byl prakticky po celou dobu u p\u0159\u00edprav vozu na leto\u0161n\u00ed Dakar a pracuje i na sou\u010dasn\u00fdch \u00faprav\u00e1ch.[\/vc_column_text][vc_single_image image=&#8221;2577&#8243; img_size=&#8221;large&#8221; add_caption=&#8221;yes&#8221; alignment=&#8221;center&#8221;][vc_column_text]<\/p>\n<h4>Spolupr\u00e1ce na v\u00fdvoji<\/h4>\n<p>Z\u00e1sadn\u00ed zm\u011bnou jsou nov\u00e9 tlumi\u010de, kter\u00e9 p\u0159\u00edmo pro pos\u00e1dku p\u0159ipravila \u010desk\u00e1 firma specializuj\u00edc\u00ed se pr\u00e1v\u011b na produkci t\u011bchto komponent\u016f pro automobilov\u00fd sport.<\/p>\n<p><em>\u201eM\u00e1me k dispozici zat\u00edm jedinou sadu, kter\u00e1 byla vyrobena. <a href=\"https:\/\/www.dakarmania.cz\/index.php\/osobnosti\/olga-rouckova\/\">Ollie<\/a> s firmou Protlum spolupracovala u\u017e v dob\u011b, kdy jezdila na \u010dty\u0159kolce. Proto to z na\u0161\u00ed strany byla jasn\u00e1 volba. Zeptali jsme se, jestli n\u00e1m pom\u016f\u017eou a oni n\u00e1m vy\u0161li maxim\u00e1ln\u011b vst\u0159\u00edc. Vzali si buginu, nav\u00e1\u017eili ji, nam\u011b\u0159ili a ud\u011blali n\u00e1m tlumi\u010de. Dnes je m\u00e1me na aut\u011b poprv\u00e9 a zat\u00edm to vypad\u00e1, \u017ee funguj\u00ed p\u011bkn\u011b,\u201c<\/em> pochvaloval si Dan a vysv\u011btlil hlavn\u00ed rozd\u00edl oproti tlumi\u010d\u016fm, kter\u00e9 m\u011bla pos\u00e1dka k dispozici v Peru: <em>\u201eJsou m\u011bk\u010d\u00ed, j\u00edzda je pohodln\u011bj\u0161\u00ed, auto je cel\u00e9 malinko n\u00ed\u017e.\u201c<\/em><\/p>\n<p>T\u00edm ale pr\u00e1ce na Maverickovi rozhodn\u011b nekon\u010d\u00ed: <em>\u201eUr\u010dit\u011b budeme upravovat chlazen\u00ed a zapracujeme na p\u0159edku. Chceme jin\u00e1 ramena. A pak \u0159e\u0161\u00edme takov\u00e9 kosmetick\u00e9 v\u011bci uvnit\u0159 auta, aby pr\u00e1ce p\u0159i z\u00e1vod\u011b byla pro pos\u00e1dku pohodln\u011bj\u0161\u00ed.\u201c<\/em>[\/vc_column_text][vc_single_image image=&#8221;4529&#8243; img_size=&#8221;large&#8221; add_caption=&#8221;yes&#8221; alignment=&#8221;center&#8221;][vc_column_text]<\/p>\n<h4>Nejlep\u0161\u00edm testem je z\u00e1vod<\/h4>\n<p>Ollie s Danem \u010dek\u00e1 n\u011bkolik test\u016f i v dal\u0161\u00edch t\u00fddnech a na za\u010d\u00e1tku p\u0159\u00ed\u0161t\u00edho m\u011bs\u00edce tak\u00e9 prvn\u00ed spole\u010dn\u00fd start v nov\u00e9 sezon\u011b na ma\u010farsk\u00e9 Riverside Baja (10. a 11. kv\u011btna).<\/p>\n<p><em>\u201ePrvn\u00ed z\u00e1vod se v Ma\u010farsku jel ve stejn\u00e9m term\u00ednu, kdy jsme byli na Dakar Setk\u00e1n\u00ed v Sosnov\u00e9, ale zbytek \u0161ampion\u00e1tu bychom cht\u011bli odjet komplet. Kdyby to dob\u0159e dopadlo, cht\u011bli bychom jet na p\u0159elomu srpna a z\u00e1\u0159\u00ed tak\u00e9 \u0159eck\u00fd Hellas. A pak n\u011bjak\u00e9 testov\u00e1n\u00ed v Maroku a Tunisku,\u201c<\/em> uzav\u00edr\u00e1 Dan.[\/vc_column_text][\/vc_column][\/vc_row]<\/p>\n","protected":false},"excerpt":{"rendered":"<p>[vc_row][vc_column][vc_column_text] Hned po n\u00e1vratu z Dakaru 2019 v\u011bd\u011bli Olga Rou\u010dkov\u00e1 a Daniel Zelenka, co bude pot\u0159eba zm\u011bnit na jejich speci\u00e1lu Can-Am Maverick X RS. Pr\u00e1ce na vylep\u0161en\u00edch se rozb\u011bhly prakticky okam\u017eit\u011b po n\u00e1vratu techniky z Ji\u017en\u00ed Ameriky. Tento t\u00fdden pak Ollie s Danem v Milovic\u00edch vyzkou\u0161eli prvn\u00ed v\u00fdrazn\u00e9 novinky. Minul\u00fd v\u00edkend se na d\u00edln\u011b na [&hellip;]<\/p>\n","protected":false},"author":1,"featured_media":5275,"comment_status":"closed","ping_status":"closed","sticky":false,"template":"","format":"standard","meta":{"footnotes":""},"categories":[90],"tags":[425,95,94,74,75,93],"class_list":["post-5274","post","type-post","status-publish","format-standard","has-post-thumbnail","hentry","category-sxs","tag-425","tag-can-am","tag-daniel-zelenka","tag-moto-racing-group","tag-mrg","tag-olga-rouckova"],"yoast_head":"<!-- This site is optimized with the Yoast SEO plugin v24.9 - https:\/\/yoast.com\/wordpress\/plugins\/seo\/ -->\n<title>Dakarsk\u00fd Maverick d\u00edky \u010desk\u00fdm tlumi\u010d\u016fm \u201ezm\u011bkl\u201c - DAKARMANIA.cz<\/title>\n<meta name=\"description\" content=\"Ollie Rou\u010dkov\u00e1 s Danem Zelenkou tento t\u00fdden v Milovic\u00edch vyzkou\u0161eli prvn\u00ed v\u00fdrazn\u00e9 novinky na sv\u00e9m dakarsk\u00e9m Mavericku a prozradili, na \u010dem se bude d\u011blat d\u00e1l\" \/>\n<meta name=\"robots\" content=\"index, follow, max-snippet:-1, max-image-preview:large, max-video-preview:-1\" \/>\n<link rel=\"canonical\" href=\"https:\/\/www.dakarmania.cz\/index.php\/2019\/04\/12\/dakarsky-maverick-zmekl\/\" \/>\n<meta property=\"og:locale\" content=\"cs_CZ\" \/>\n<meta property=\"og:type\" content=\"article\" \/>\n<meta property=\"og:title\" content=\"Dakarsk\u00fd Maverick d\u00edky \u010desk\u00fdm tlumi\u010d\u016fm \u201ezm\u011bkl\u201c - DAKARMANIA.cz\" \/>\n<meta property=\"og:description\" content=\"Ollie Rou\u010dkov\u00e1 s Danem Zelenkou tento t\u00fdden v Milovic\u00edch vyzkou\u0161eli prvn\u00ed v\u00fdrazn\u00e9 novinky na sv\u00e9m dakarsk\u00e9m Mavericku a prozradili, na \u010dem se bude d\u011blat d\u00e1l\" \/>\n<meta property=\"og:url\" content=\"https:\/\/www.dakarmania.cz\/index.php\/2019\/04\/12\/dakarsky-maverick-zmekl\/\" \/>\n<meta property=\"og:site_name\" content=\"DAKARMANIA.cz\" \/>\n<meta property=\"article:publisher\" content=\"https:\/\/www.facebook.com\/dakarmania\/\" \/>\n<meta property=\"article:published_time\" content=\"2019-04-12T13:16:30+00:00\" \/>\n<meta property=\"article:modified_time\" content=\"2023-03-02T10:15:48+00:00\" \/>\n<meta property=\"og:image\" content=\"https:\/\/www.dakarmania.cz\/wp-content\/uploads\/2019\/04\/tlumice-protlum.jpg\" \/>\n\t<meta property=\"og:image:width\" content=\"1800\" \/>\n\t<meta property=\"og:image:height\" content=\"1199\" \/>\n\t<meta property=\"og:image:type\" content=\"image\/jpeg\" \/>\n<meta name=\"author\" content=\"Zden\u011bk Zelenka\" \/>\n<meta name=\"twitter:card\" content=\"summary_large_image\" \/>\n<meta name=\"twitter:label1\" content=\"Napsal(a)\" \/>\n\t<meta name=\"twitter:data1\" content=\"Zden\u011bk Zelenka\" \/>\n\t<meta name=\"twitter:label2\" content=\"Odhadovan\u00e1 doba \u010dten\u00ed\" \/>\n\t<meta name=\"twitter:data2\" content=\"2 minuty\" \/>\n<script type=\"application\/ld+json\" class=\"yoast-schema-graph\">{\"@context\":\"https:\/\/schema.org\",\"@graph\":[{\"@type\":\"Article\",\"@id\":\"https:\/\/www.dakarmania.cz\/index.php\/2019\/04\/12\/dakarsky-maverick-zmekl\/#article\",\"isPartOf\":{\"@id\":\"https:\/\/www.dakarmania.cz\/index.php\/2019\/04\/12\/dakarsky-maverick-zmekl\/\"},\"author\":{\"name\":\"Zden\u011bk Zelenka\",\"@id\":\"https:\/\/www.dakarmania.cz\/#\/schema\/person\/04eb0e87a389631c2169c0dddae7ff1e\"},\"headline\":\"Dakarsk\u00fd Maverick d\u00edky \u010desk\u00fdm tlumi\u010d\u016fm \u201ezm\u011bkl\u201c\",\"datePublished\":\"2019-04-12T13:16:30+00:00\",\"dateModified\":\"2023-03-02T10:15:48+00:00\",\"mainEntityOfPage\":{\"@id\":\"https:\/\/www.dakarmania.cz\/index.php\/2019\/04\/12\/dakarsky-maverick-zmekl\/\"},\"wordCount\":513,\"publisher\":{\"@id\":\"https:\/\/www.dakarmania.cz\/#organization\"},\"image\":{\"@id\":\"https:\/\/www.dakarmania.cz\/index.php\/2019\/04\/12\/dakarsky-maverick-zmekl\/#primaryimage\"},\"thumbnailUrl\":\"https:\/\/www.dakarmania.cz\/wp-content\/uploads\/2019\/04\/tlumice-protlum.jpg\",\"keywords\":[\"2019\",\"Can-Am\",\"Daniel Zelenka\",\"Moto Racing Group\",\"MRG\",\"Olga Rou\u010dkov\u00e1\"],\"articleSection\":[\"S\u00d7S\"],\"inLanguage\":\"cs\"},{\"@type\":\"WebPage\",\"@id\":\"https:\/\/www.dakarmania.cz\/index.php\/2019\/04\/12\/dakarsky-maverick-zmekl\/\",\"url\":\"https:\/\/www.dakarmania.cz\/index.php\/2019\/04\/12\/dakarsky-maverick-zmekl\/\",\"name\":\"Dakarsk\u00fd Maverick d\u00edky \u010desk\u00fdm tlumi\u010d\u016fm \u201ezm\u011bkl\u201c - DAKARMANIA.cz\",\"isPartOf\":{\"@id\":\"https:\/\/www.dakarmania.cz\/#website\"},\"primaryImageOfPage\":{\"@id\":\"https:\/\/www.dakarmania.cz\/index.php\/2019\/04\/12\/dakarsky-maverick-zmekl\/#primaryimage\"},\"image\":{\"@id\":\"https:\/\/www.dakarmania.cz\/index.php\/2019\/04\/12\/dakarsky-maverick-zmekl\/#primaryimage\"},\"thumbnailUrl\":\"https:\/\/www.dakarmania.cz\/wp-content\/uploads\/2019\/04\/tlumice-protlum.jpg\",\"datePublished\":\"2019-04-12T13:16:30+00:00\",\"dateModified\":\"2023-03-02T10:15:48+00:00\",\"description\":\"Ollie Rou\u010dkov\u00e1 s Danem Zelenkou tento t\u00fdden v Milovic\u00edch vyzkou\u0161eli prvn\u00ed v\u00fdrazn\u00e9 novinky na sv\u00e9m dakarsk\u00e9m Mavericku a prozradili, na \u010dem se bude d\u011blat d\u00e1l\",\"breadcrumb\":{\"@id\":\"https:\/\/www.dakarmania.cz\/index.php\/2019\/04\/12\/dakarsky-maverick-zmekl\/#breadcrumb\"},\"inLanguage\":\"cs\",\"potentialAction\":[{\"@type\":\"ReadAction\",\"target\":[\"https:\/\/www.dakarmania.cz\/index.php\/2019\/04\/12\/dakarsky-maverick-zmekl\/\"]}]},{\"@type\":\"ImageObject\",\"inLanguage\":\"cs\",\"@id\":\"https:\/\/www.dakarmania.cz\/index.php\/2019\/04\/12\/dakarsky-maverick-zmekl\/#primaryimage\",\"url\":\"https:\/\/www.dakarmania.cz\/wp-content\/uploads\/2019\/04\/tlumice-protlum.jpg\",\"contentUrl\":\"https:\/\/www.dakarmania.cz\/wp-content\/uploads\/2019\/04\/tlumice-protlum.jpg\",\"width\":1800,\"height\":1199},{\"@type\":\"BreadcrumbList\",\"@id\":\"https:\/\/www.dakarmania.cz\/index.php\/2019\/04\/12\/dakarsky-maverick-zmekl\/#breadcrumb\",\"itemListElement\":[{\"@type\":\"ListItem\",\"position\":1,\"name\":\"Dom\u016f\",\"item\":\"https:\/\/www.dakarmania.cz\/\"},{\"@type\":\"ListItem\",\"position\":2,\"name\":\"Dakarsk\u00fd Maverick d\u00edky \u010desk\u00fdm tlumi\u010d\u016fm \u201ezm\u011bkl\u201c\"}]},{\"@type\":\"WebSite\",\"@id\":\"https:\/\/www.dakarmania.cz\/#website\",\"url\":\"https:\/\/www.dakarmania.cz\/\",\"name\":\"DAKARMANIA.cz\",\"description\":\"\u017dijeme Dakarem cel\u00fd rok\",\"publisher\":{\"@id\":\"https:\/\/www.dakarmania.cz\/#organization\"},\"potentialAction\":[{\"@type\":\"SearchAction\",\"target\":{\"@type\":\"EntryPoint\",\"urlTemplate\":\"https:\/\/www.dakarmania.cz\/?s={search_term_string}\"},\"query-input\":{\"@type\":\"PropertyValueSpecification\",\"valueRequired\":true,\"valueName\":\"search_term_string\"}}],\"inLanguage\":\"cs\"},{\"@type\":\"Organization\",\"@id\":\"https:\/\/www.dakarmania.cz\/#organization\",\"name\":\"DAKAR MANIA\",\"url\":\"https:\/\/www.dakarmania.cz\/\",\"logo\":{\"@type\":\"ImageObject\",\"inLanguage\":\"cs\",\"@id\":\"https:\/\/www.dakarmania.cz\/#\/schema\/logo\/image\/\",\"url\":\"https:\/\/www.dakarmania.cz\/wp-content\/uploads\/2018\/12\/Dakar-Mania-Logo-Square-Orange.png\",\"contentUrl\":\"https:\/\/www.dakarmania.cz\/wp-content\/uploads\/2018\/12\/Dakar-Mania-Logo-Square-Orange.png\",\"width\":992,\"height\":992,\"caption\":\"DAKAR MANIA\"},\"image\":{\"@id\":\"https:\/\/www.dakarmania.cz\/#\/schema\/logo\/image\/\"},\"sameAs\":[\"https:\/\/www.facebook.com\/dakarmania\/\"]},{\"@type\":\"Person\",\"@id\":\"https:\/\/www.dakarmania.cz\/#\/schema\/person\/04eb0e87a389631c2169c0dddae7ff1e\",\"name\":\"Zden\u011bk Zelenka\",\"image\":{\"@type\":\"ImageObject\",\"inLanguage\":\"cs\",\"@id\":\"https:\/\/www.dakarmania.cz\/#\/schema\/person\/image\/\",\"url\":\"https:\/\/secure.gravatar.com\/avatar\/2c80d5a4942fe0900b73cc7d3837a509d6ee0a276a2b76dac95c92bd0763a89b?s=96&d=mm&r=g\",\"contentUrl\":\"https:\/\/secure.gravatar.com\/avatar\/2c80d5a4942fe0900b73cc7d3837a509d6ee0a276a2b76dac95c92bd0763a89b?s=96&d=mm&r=g\",\"caption\":\"Zden\u011bk Zelenka\"},\"description\":\"Moji d\u011bt\u0161t\u00ed hrdinov\u00e9 se jmenovali Loprais, Moskal, Neveu, Vatanen, Rahier... A tihle borci, jejich n\u00e1sledovn\u00edci a jejich p\u0159\u00edb\u011bhy m\u011b nep\u0159estali fascinovat ani po letech, kdy jsem vyrostl a zam\u011bstn\u00e1valy m\u011b jin\u00e9 discipl\u00edny motorsportu. Proto se zrodila DAKARMANIA.\",\"url\":\"https:\/\/www.dakarmania.cz\/index.php\/author\/dakarmania\/\"}]}<\/script>\n<!-- \/ Yoast SEO plugin. -->","yoast_head_json":{"title":"Dakarsk\u00fd Maverick d\u00edky \u010desk\u00fdm tlumi\u010d\u016fm \u201ezm\u011bkl\u201c - DAKARMANIA.cz","description":"Ollie Rou\u010dkov\u00e1 s Danem Zelenkou tento t\u00fdden v Milovic\u00edch vyzkou\u0161eli prvn\u00ed v\u00fdrazn\u00e9 novinky na sv\u00e9m dakarsk\u00e9m Mavericku a prozradili, na \u010dem se bude d\u011blat d\u00e1l","robots":{"index":"index","follow":"follow","max-snippet":"max-snippet:-1","max-image-preview":"max-image-preview:large","max-video-preview":"max-video-preview:-1"},"canonical":"https:\/\/www.dakarmania.cz\/index.php\/2019\/04\/12\/dakarsky-maverick-zmekl\/","og_locale":"cs_CZ","og_type":"article","og_title":"Dakarsk\u00fd Maverick d\u00edky \u010desk\u00fdm tlumi\u010d\u016fm \u201ezm\u011bkl\u201c - DAKARMANIA.cz","og_description":"Ollie Rou\u010dkov\u00e1 s Danem Zelenkou tento t\u00fdden v Milovic\u00edch vyzkou\u0161eli prvn\u00ed v\u00fdrazn\u00e9 novinky na sv\u00e9m dakarsk\u00e9m Mavericku a prozradili, na \u010dem se bude d\u011blat d\u00e1l","og_url":"https:\/\/www.dakarmania.cz\/index.php\/2019\/04\/12\/dakarsky-maverick-zmekl\/","og_site_name":"DAKARMANIA.cz","article_publisher":"https:\/\/www.facebook.com\/dakarmania\/","article_published_time":"2019-04-12T13:16:30+00:00","article_modified_time":"2023-03-02T10:15:48+00:00","og_image":[{"width":1800,"height":1199,"url":"https:\/\/www.dakarmania.cz\/wp-content\/uploads\/2019\/04\/tlumice-protlum.jpg","type":"image\/jpeg"}],"author":"Zden\u011bk Zelenka","twitter_card":"summary_large_image","twitter_misc":{"Napsal(a)":"Zden\u011bk Zelenka","Odhadovan\u00e1 doba \u010dten\u00ed":"2 minuty"},"schema":{"@context":"https:\/\/schema.org","@graph":[{"@type":"Article","@id":"https:\/\/www.dakarmania.cz\/index.php\/2019\/04\/12\/dakarsky-maverick-zmekl\/#article","isPartOf":{"@id":"https:\/\/www.dakarmania.cz\/index.php\/2019\/04\/12\/dakarsky-maverick-zmekl\/"},"author":{"name":"Zden\u011bk Zelenka","@id":"https:\/\/www.dakarmania.cz\/#\/schema\/person\/04eb0e87a389631c2169c0dddae7ff1e"},"headline":"Dakarsk\u00fd Maverick d\u00edky \u010desk\u00fdm tlumi\u010d\u016fm \u201ezm\u011bkl\u201c","datePublished":"2019-04-12T13:16:30+00:00","dateModified":"2023-03-02T10:15:48+00:00","mainEntityOfPage":{"@id":"https:\/\/www.dakarmania.cz\/index.php\/2019\/04\/12\/dakarsky-maverick-zmekl\/"},"wordCount":513,"publisher":{"@id":"https:\/\/www.dakarmania.cz\/#organization"},"image":{"@id":"https:\/\/www.dakarmania.cz\/index.php\/2019\/04\/12\/dakarsky-maverick-zmekl\/#primaryimage"},"thumbnailUrl":"https:\/\/www.dakarmania.cz\/wp-content\/uploads\/2019\/04\/tlumice-protlum.jpg","keywords":["2019","Can-Am","Daniel Zelenka","Moto Racing Group","MRG","Olga Rou\u010dkov\u00e1"],"articleSection":["S\u00d7S"],"inLanguage":"cs"},{"@type":"WebPage","@id":"https:\/\/www.dakarmania.cz\/index.php\/2019\/04\/12\/dakarsky-maverick-zmekl\/","url":"https:\/\/www.dakarmania.cz\/index.php\/2019\/04\/12\/dakarsky-maverick-zmekl\/","name":"Dakarsk\u00fd Maverick d\u00edky \u010desk\u00fdm tlumi\u010d\u016fm \u201ezm\u011bkl\u201c - DAKARMANIA.cz","isPartOf":{"@id":"https:\/\/www.dakarmania.cz\/#website"},"primaryImageOfPage":{"@id":"https:\/\/www.dakarmania.cz\/index.php\/2019\/04\/12\/dakarsky-maverick-zmekl\/#primaryimage"},"image":{"@id":"https:\/\/www.dakarmania.cz\/index.php\/2019\/04\/12\/dakarsky-maverick-zmekl\/#primaryimage"},"thumbnailUrl":"https:\/\/www.dakarmania.cz\/wp-content\/uploads\/2019\/04\/tlumice-protlum.jpg","datePublished":"2019-04-12T13:16:30+00:00","dateModified":"2023-03-02T10:15:48+00:00","description":"Ollie Rou\u010dkov\u00e1 s Danem Zelenkou tento t\u00fdden v Milovic\u00edch vyzkou\u0161eli prvn\u00ed v\u00fdrazn\u00e9 novinky na sv\u00e9m dakarsk\u00e9m Mavericku a prozradili, na \u010dem se bude d\u011blat d\u00e1l","breadcrumb":{"@id":"https:\/\/www.dakarmania.cz\/index.php\/2019\/04\/12\/dakarsky-maverick-zmekl\/#breadcrumb"},"inLanguage":"cs","potentialAction":[{"@type":"ReadAction","target":["https:\/\/www.dakarmania.cz\/index.php\/2019\/04\/12\/dakarsky-maverick-zmekl\/"]}]},{"@type":"ImageObject","inLanguage":"cs","@id":"https:\/\/www.dakarmania.cz\/index.php\/2019\/04\/12\/dakarsky-maverick-zmekl\/#primaryimage","url":"https:\/\/www.dakarmania.cz\/wp-content\/uploads\/2019\/04\/tlumice-protlum.jpg","contentUrl":"https:\/\/www.dakarmania.cz\/wp-content\/uploads\/2019\/04\/tlumice-protlum.jpg","width":1800,"height":1199},{"@type":"BreadcrumbList","@id":"https:\/\/www.dakarmania.cz\/index.php\/2019\/04\/12\/dakarsky-maverick-zmekl\/#breadcrumb","itemListElement":[{"@type":"ListItem","position":1,"name":"Dom\u016f","item":"https:\/\/www.dakarmania.cz\/"},{"@type":"ListItem","position":2,"name":"Dakarsk\u00fd Maverick d\u00edky \u010desk\u00fdm tlumi\u010d\u016fm \u201ezm\u011bkl\u201c"}]},{"@type":"WebSite","@id":"https:\/\/www.dakarmania.cz\/#website","url":"https:\/\/www.dakarmania.cz\/","name":"DAKARMANIA.cz","description":"\u017dijeme Dakarem cel\u00fd rok","publisher":{"@id":"https:\/\/www.dakarmania.cz\/#organization"},"potentialAction":[{"@type":"SearchAction","target":{"@type":"EntryPoint","urlTemplate":"https:\/\/www.dakarmania.cz\/?s={search_term_string}"},"query-input":{"@type":"PropertyValueSpecification","valueRequired":true,"valueName":"search_term_string"}}],"inLanguage":"cs"},{"@type":"Organization","@id":"https:\/\/www.dakarmania.cz\/#organization","name":"DAKAR MANIA","url":"https:\/\/www.dakarmania.cz\/","logo":{"@type":"ImageObject","inLanguage":"cs","@id":"https:\/\/www.dakarmania.cz\/#\/schema\/logo\/image\/","url":"https:\/\/www.dakarmania.cz\/wp-content\/uploads\/2018\/12\/Dakar-Mania-Logo-Square-Orange.png","contentUrl":"https:\/\/www.dakarmania.cz\/wp-content\/uploads\/2018\/12\/Dakar-Mania-Logo-Square-Orange.png","width":992,"height":992,"caption":"DAKAR MANIA"},"image":{"@id":"https:\/\/www.dakarmania.cz\/#\/schema\/logo\/image\/"},"sameAs":["https:\/\/www.facebook.com\/dakarmania\/"]},{"@type":"Person","@id":"https:\/\/www.dakarmania.cz\/#\/schema\/person\/04eb0e87a389631c2169c0dddae7ff1e","name":"Zden\u011bk Zelenka","image":{"@type":"ImageObject","inLanguage":"cs","@id":"https:\/\/www.dakarmania.cz\/#\/schema\/person\/image\/","url":"https:\/\/secure.gravatar.com\/avatar\/2c80d5a4942fe0900b73cc7d3837a509d6ee0a276a2b76dac95c92bd0763a89b?s=96&d=mm&r=g","contentUrl":"https:\/\/secure.gravatar.com\/avatar\/2c80d5a4942fe0900b73cc7d3837a509d6ee0a276a2b76dac95c92bd0763a89b?s=96&d=mm&r=g","caption":"Zden\u011bk Zelenka"},"description":"Moji d\u011bt\u0161t\u00ed hrdinov\u00e9 se jmenovali Loprais, Moskal, Neveu, Vatanen, Rahier... A tihle borci, jejich n\u00e1sledovn\u00edci a jejich p\u0159\u00edb\u011bhy m\u011b nep\u0159estali fascinovat ani po letech, kdy jsem vyrostl a zam\u011bstn\u00e1valy m\u011b jin\u00e9 discipl\u00edny motorsportu. Proto se zrodila DAKARMANIA.","url":"https:\/\/www.dakarmania.cz\/index.php\/author\/dakarmania\/"}]}},"amp_enabled":true,"_links":{"self":[{"href":"https:\/\/www.dakarmania.cz\/index.php\/wp-json\/wp\/v2\/posts\/5274","targetHints":{"allow":["GET"]}}],"collection":[{"href":"https:\/\/www.dakarmania.cz\/index.php\/wp-json\/wp\/v2\/posts"}],"about":[{"href":"https:\/\/www.dakarmania.cz\/index.php\/wp-json\/wp\/v2\/types\/post"}],"author":[{"embeddable":true,"href":"https:\/\/www.dakarmania.cz\/index.php\/wp-json\/wp\/v2\/users\/1"}],"replies":[{"embeddable":true,"href":"https:\/\/www.dakarmania.cz\/index.php\/wp-json\/wp\/v2\/comments?post=5274"}],"version-history":[{"count":1,"href":"https:\/\/www.dakarmania.cz\/index.php\/wp-json\/wp\/v2\/posts\/5274\/revisions"}],"predecessor-version":[{"id":5276,"href":"https:\/\/www.dakarmania.cz\/index.php\/wp-json\/wp\/v2\/posts\/5274\/revisions\/5276"}],"wp:featuredmedia":[{"embeddable":true,"href":"https:\/\/www.dakarmania.cz\/index.php\/wp-json\/wp\/v2\/media\/5275"}],"wp:attachment":[{"href":"https:\/\/www.dakarmania.cz\/index.php\/wp-json\/wp\/v2\/media?parent=5274"}],"wp:term":[{"taxonomy":"category","embeddable":true,"href":"https:\/\/www.dakarmania.cz\/index.php\/wp-json\/wp\/v2\/categories?post=5274"},{"taxonomy":"post_tag","embeddable":true,"href":"https:\/\/www.dakarmania.cz\/index.php\/wp-json\/wp\/v2\/tags?post=5274"}],"curies":[{"name":"wp","href":"https:\/\/api.w.org\/{rel}","templated":true}]}}