{"id":5292,"date":"2019-04-12T21:46:45","date_gmt":"2019-04-12T19:46:45","guid":{"rendered":"https:\/\/www.dakarmania.cz\/?p=5292"},"modified":"2019-04-16T01:25:22","modified_gmt":"2019-04-15T23:25:22","slug":"v-maroku-startuje-desert-challenge","status":"publish","type":"post","link":"https:\/\/www.dakarmania.cz\/index.php\/2019\/04\/12\/v-maroku-startuje-desert-challenge\/","title":{"rendered":"V Maroku startuje Desert Challenge"},"content":{"rendered":"<p>[vc_row][vc_column][vc_column_text]<\/p>\n<h4>Nov\u00e9 roadbooky, nov\u00e9 bivaky a osm nov\u00fdch etap. Leto\u0161n\u00ed jeden\u00e1ct\u00fd ro\u010dn\u00edk d\u00e1lkov\u00e9 rallye Morocco Desert Challenge bude \u00fapln\u011b jin\u00fd. Koncept je v\u0161ak zachov\u00e1n \u2013 pos\u00e1dky jedou op\u011bt od pob\u0159e\u017e\u00ed k pob\u0159e\u017e\u00ed, kdy\u017e za\u010d\u00ednaj\u00ed u\u017e tuto sobotu u Atlantiku a skon\u010d\u00ed p\u0159esn\u011b za t\u00fdden u St\u0159edozemn\u00edho mo\u0159e. Na startu budou i dva kamiony severo\u010desk\u00e9ho t\u00fdmu MKR Technology.<\/h4>\n<p><em>\u201eV Maroku se n\u00e1m historicky da\u0159ilo probojovat na celkov\u00e9 p\u00f3dium. V lo\u0148sk\u00e9m roce n\u00e1m zlat\u00fd hattrick utekl jen o p\u00e1r minut. Martin van den Brink dojel po dvou v\u00edt\u011bzstv\u00edch v \u0159ad\u011b druh\u00fd a v\u011b\u0159\u00edm, \u017ee i letos se n\u00e1m poda\u0159\u00ed na p\u0159edchoz\u00ed \u00fasp\u011bchy nav\u00e1zat a v nejlep\u0161\u00edm p\u0159\u00edpad\u011b op\u011bt triumfovat. Kamiony jsou p\u0159ipraven\u00e9 a piloti tak\u00e9,\u201c<\/em> podotkl <strong>Mario Kress<\/strong>, hlavn\u00ed konstrukt\u00e9r z\u00e1vodn\u00edch speci\u00e1l\u016f Renault Trucks.<\/p>\n<p>Do z\u00e1vodu letos odstartuj\u00ed dva trambusov\u00e9 speci\u00e1ly K520, kter\u00e9 povede pr\u00e1v\u011b Martin van den Brink z t\u00fdmu Mammoet Rallysport a Gert Huzink z Riwald Dakar. Zcela nov\u00e1 trasa Morocco Desert Challenge bude skute\u010dnou v\u00fdzvou v marock\u00e9 pou\u0161ti. Po \u00fasp\u011bchu v roce 2018 a po v\u00fdsledc\u00edch pr\u016fzkumu po\u0159adatel\u00e9 op\u011bt tra\u0165 vedou s nulov\u00fdmi p\u0159ejezdy od pob\u0159e\u017e\u00ed k pob\u0159e\u017e\u00ed: od pl\u00e1\u017e\u00ed Plage Blanche u Atlantiku a\u017e k pob\u0159e\u017e\u00ed St\u0159edozemn\u00edho mo\u0159e. V r\u00e1mci osmi z\u00e1vodn\u00edch dn\u016f se pos\u00e1dky budou muset porvat s v\u00edce ne\u017e dv\u011bma a p\u016fl tis\u00edci kilometry. Nejen, \u017ee je Morocco Desert Challenge dobrodru\u017estv\u00edm pln\u00fdm p\u0159ekvapen\u00ed, s rychl\u00fdmi stezkami, technick\u00fdmi \u010d\u00e1stmi, rozs\u00e1hl\u00fdmi africk\u00fdmi pl\u00e1n\u011bmi, je\u0161t\u011b v\u00edce dunami, soln\u00fdmi jezery a legend\u00e1rn\u00edmi dakarsk\u00fdmi etapami, ale nab\u00edz\u00ed tak\u00e9 n\u011bco opravdu jedine\u010dn\u00e9ho, na \u010dem si po\u0159adatel\u00e9 zakl\u00e1daj\u00ed &#8211; nulov\u00e9 spojen\u00ed a tedy \u017e\u00e1dn\u00e9 p\u0159ejezdy.<\/p>\n<p><em>\u201eT\u00edm si z\u00e1vod zajistil velkou atraktivitu. V\u017edy se za\u010d\u00edn\u00e1 a kon\u010d\u00ed v bivaku. Osobn\u011b v tom vid\u00edm velkou v\u00fdhodu, proto\u017ee jsme hned ve spojen\u00ed s pos\u00e1dkami a ihned m\u016f\u017eeme za\u010d\u00edt se servisem,\u201c<\/em> sd\u011blil Mario Kress, kter\u00fd do Afriky poslal tak\u0159ka cel\u00fd sv\u016fj mechanick\u00fd t\u00fdm.<\/p>\n<p>V kabin\u011b pak nav\u00edc bude jako palubn\u00ed mechanik po ro\u010dn\u00ed pauze op\u011bt sed\u011bt roudnick\u00fd Daniel Kozlovsk\u00fd.<\/p>\n<p>Leto\u0161n\u00ed rallye ji\u017e zah\u00e1jily technick\u00e9 p\u0159ej\u00edmky v Agadiru, v jednom z p\u0159\u00edmo\u0159sk\u00fdch letovisek Maroka. V sobotu bude z\u00e1vod odstartov\u00e1n prologem 250 km ji\u017en\u011b od Agadiru pr\u00e1v\u011b na legend\u00e1rn\u00ed Plage Blanche. Pos\u00e1dky vyraz\u00ed s odlivem na panensky b\u00edl\u00e9 pl\u00e1\u017ei pod\u00e9l pob\u0159e\u017e\u00ed Atlantsk\u00e9ho oce\u00e1nu. Prvn\u00ed den bude dokonal\u00fdm p\u0159edstaven\u00edm \u2013 pos\u00e1dky se mohou t\u011b\u0161it na pl\u00e1\u017ee, n\u011bkolik dun, WRC \u00faseky nebo \u0161t\u011brkov\u00e9 a p\u00eds\u010dit\u00e9 sjezdy. Velkolep\u00fd prolog dlouh\u00fd lehce p\u0159es dv\u011b st\u011b kilometr\u016f skon\u010d\u00ed v Abetteh a p\u0159edev\u0161\u00edm otestuje stroje a ur\u010d\u00ed v\u00fdchoz\u00ed pozice pro dal\u0161\u00ed den, kdy u\u017e bude m\u00edt m\u011b\u0159en\u00e1 speci\u00e1la p\u0159es \u010dty\u0159i sta kilometr\u016f.<\/p>\n<p>Tiskov\u00e1 zpr\u00e1va t\u00fdmu MKR Technology (editov\u00e1no)[\/vc_column_text][\/vc_column][\/vc_row]<\/p>\n","protected":false},"excerpt":{"rendered":"<p>[vc_row][vc_column][vc_column_text] Nov\u00e9 roadbooky, nov\u00e9 bivaky a osm nov\u00fdch etap. Leto\u0161n\u00ed jeden\u00e1ct\u00fd ro\u010dn\u00edk d\u00e1lkov\u00e9 rallye Morocco Desert Challenge bude \u00fapln\u011b jin\u00fd. Koncept je v\u0161ak zachov\u00e1n \u2013 pos\u00e1dky jedou op\u011bt od pob\u0159e\u017e\u00ed k pob\u0159e\u017e\u00ed, kdy\u017e za\u010d\u00ednaj\u00ed u\u017e tuto sobotu u Atlantiku a skon\u010d\u00ed p\u0159esn\u011b za t\u00fdden u St\u0159edozemn\u00edho mo\u0159e. Na startu budou i dva kamiony severo\u010desk\u00e9ho t\u00fdmu [&hellip;]<\/p>\n","protected":false},"author":3,"featured_media":5291,"comment_status":"open","ping_status":"closed","sticky":false,"template":"","format":"standard","meta":{"footnotes":""},"categories":[637],"tags":[425,881,84,83,78,76,302,244,77,87],"class_list":["post-5292","post","type-post","status-publish","format-standard","has-post-thumbnail","hentry","category-tiskove-zpravy","tag-425","tag-daniel-kozlovsky","tag-gert-huzink","tag-mammoet-rallysport","tag-martin-van-den-brink","tag-mkr-technology","tag-morocco-desert-challenge","tag-morocco-desert-challenge-2019","tag-renault","tag-riwald-dakar-team"],"yoast_head":"<!-- This site is optimized with the Yoast SEO plugin v24.9 - https:\/\/yoast.com\/wordpress\/plugins\/seo\/ -->\n<title>V Maroku startuje Desert Challenge - DAKARMANIA.cz<\/title>\n<meta name=\"description\" content=\"Nov\u00e9 roadbooky, nov\u00e9 bivaky a osm nov\u00fdch etap. Leto\u0161n\u00ed jeden\u00e1ct\u00fd ro\u010dn\u00edk d\u00e1lkov\u00e9 rallye Morocco Desert Challenge bude \u00fapln\u011b jin\u00fd. Koncept je v\u0161ak zachov\u00e1n.\" \/>\n<meta name=\"robots\" content=\"index, follow, max-snippet:-1, max-image-preview:large, max-video-preview:-1\" \/>\n<link rel=\"canonical\" href=\"https:\/\/www.dakarmania.cz\/index.php\/2019\/04\/12\/v-maroku-startuje-desert-challenge\/\" \/>\n<meta property=\"og:locale\" content=\"cs_CZ\" \/>\n<meta property=\"og:type\" content=\"article\" \/>\n<meta property=\"og:title\" content=\"V Maroku startuje Desert Challenge - DAKARMANIA.cz\" \/>\n<meta property=\"og:description\" content=\"Nov\u00e9 roadbooky, nov\u00e9 bivaky a osm nov\u00fdch etap. Leto\u0161n\u00ed jeden\u00e1ct\u00fd ro\u010dn\u00edk d\u00e1lkov\u00e9 rallye Morocco Desert Challenge bude \u00fapln\u011b jin\u00fd. Koncept je v\u0161ak zachov\u00e1n.\" \/>\n<meta property=\"og:url\" content=\"https:\/\/www.dakarmania.cz\/index.php\/2019\/04\/12\/v-maroku-startuje-desert-challenge\/\" \/>\n<meta property=\"og:site_name\" content=\"DAKARMANIA.cz\" \/>\n<meta property=\"article:publisher\" content=\"https:\/\/www.facebook.com\/dakarmania\/\" \/>\n<meta property=\"article:published_time\" content=\"2019-04-12T19:46:45+00:00\" \/>\n<meta property=\"article:modified_time\" content=\"2019-04-15T23:25:22+00:00\" \/>\n<meta property=\"og:image\" content=\"https:\/\/www.dakarmania.cz\/wp-content\/uploads\/2019\/04\/19-mdc-mkr-01.jpg\" \/>\n\t<meta property=\"og:image:width\" content=\"960\" \/>\n\t<meta property=\"og:image:height\" content=\"720\" \/>\n\t<meta property=\"og:image:type\" content=\"image\/jpeg\" \/>\n<meta name=\"author\" content=\"tiskov\u00e1 zpr\u00e1va\" \/>\n<meta name=\"twitter:card\" content=\"summary_large_image\" \/>\n<meta name=\"twitter:label1\" content=\"Napsal(a)\" \/>\n\t<meta name=\"twitter:data1\" content=\"tiskov\u00e1 zpr\u00e1va\" \/>\n\t<meta name=\"twitter:label2\" content=\"Odhadovan\u00e1 doba \u010dten\u00ed\" \/>\n\t<meta name=\"twitter:data2\" content=\"3 minuty\" \/>\n<script type=\"application\/ld+json\" class=\"yoast-schema-graph\">{\"@context\":\"https:\/\/schema.org\",\"@graph\":[{\"@type\":\"Article\",\"@id\":\"https:\/\/www.dakarmania.cz\/index.php\/2019\/04\/12\/v-maroku-startuje-desert-challenge\/#article\",\"isPartOf\":{\"@id\":\"https:\/\/www.dakarmania.cz\/index.php\/2019\/04\/12\/v-maroku-startuje-desert-challenge\/\"},\"author\":{\"name\":\"tiskov\u00e1 zpr\u00e1va\",\"@id\":\"https:\/\/www.dakarmania.cz\/#\/schema\/person\/bce8d1fe3633b1178e150fc5e340d5dd\"},\"headline\":\"V Maroku startuje Desert Challenge\",\"datePublished\":\"2019-04-12T19:46:45+00:00\",\"dateModified\":\"2019-04-15T23:25:22+00:00\",\"mainEntityOfPage\":{\"@id\":\"https:\/\/www.dakarmania.cz\/index.php\/2019\/04\/12\/v-maroku-startuje-desert-challenge\/\"},\"wordCount\":583,\"commentCount\":0,\"publisher\":{\"@id\":\"https:\/\/www.dakarmania.cz\/#organization\"},\"image\":{\"@id\":\"https:\/\/www.dakarmania.cz\/index.php\/2019\/04\/12\/v-maroku-startuje-desert-challenge\/#primaryimage\"},\"thumbnailUrl\":\"https:\/\/www.dakarmania.cz\/wp-content\/uploads\/2019\/04\/19-mdc-mkr-01.jpg\",\"keywords\":[\"2019\",\"Daniel Kozlovsk\u00fd\",\"Gert Huzink\",\"Mammoet Rallysport\",\"Martin van den Brink\",\"MKR Technology\",\"Morocco Desert Challenge\",\"Morocco Desert Challenge 2019\",\"Renault\",\"Riwald Dakar Team\"],\"articleSection\":[\"Tiskov\u00e9 zpr\u00e1vy\"],\"inLanguage\":\"cs\",\"potentialAction\":[{\"@type\":\"CommentAction\",\"name\":\"Comment\",\"target\":[\"https:\/\/www.dakarmania.cz\/index.php\/2019\/04\/12\/v-maroku-startuje-desert-challenge\/#respond\"]}]},{\"@type\":\"WebPage\",\"@id\":\"https:\/\/www.dakarmania.cz\/index.php\/2019\/04\/12\/v-maroku-startuje-desert-challenge\/\",\"url\":\"https:\/\/www.dakarmania.cz\/index.php\/2019\/04\/12\/v-maroku-startuje-desert-challenge\/\",\"name\":\"V Maroku startuje Desert Challenge - DAKARMANIA.cz\",\"isPartOf\":{\"@id\":\"https:\/\/www.dakarmania.cz\/#website\"},\"primaryImageOfPage\":{\"@id\":\"https:\/\/www.dakarmania.cz\/index.php\/2019\/04\/12\/v-maroku-startuje-desert-challenge\/#primaryimage\"},\"image\":{\"@id\":\"https:\/\/www.dakarmania.cz\/index.php\/2019\/04\/12\/v-maroku-startuje-desert-challenge\/#primaryimage\"},\"thumbnailUrl\":\"https:\/\/www.dakarmania.cz\/wp-content\/uploads\/2019\/04\/19-mdc-mkr-01.jpg\",\"datePublished\":\"2019-04-12T19:46:45+00:00\",\"dateModified\":\"2019-04-15T23:25:22+00:00\",\"description\":\"Nov\u00e9 roadbooky, nov\u00e9 bivaky a osm nov\u00fdch etap. Leto\u0161n\u00ed jeden\u00e1ct\u00fd ro\u010dn\u00edk d\u00e1lkov\u00e9 rallye Morocco Desert Challenge bude \u00fapln\u011b jin\u00fd. Koncept je v\u0161ak zachov\u00e1n.\",\"breadcrumb\":{\"@id\":\"https:\/\/www.dakarmania.cz\/index.php\/2019\/04\/12\/v-maroku-startuje-desert-challenge\/#breadcrumb\"},\"inLanguage\":\"cs\",\"potentialAction\":[{\"@type\":\"ReadAction\",\"target\":[\"https:\/\/www.dakarmania.cz\/index.php\/2019\/04\/12\/v-maroku-startuje-desert-challenge\/\"]}]},{\"@type\":\"ImageObject\",\"inLanguage\":\"cs\",\"@id\":\"https:\/\/www.dakarmania.cz\/index.php\/2019\/04\/12\/v-maroku-startuje-desert-challenge\/#primaryimage\",\"url\":\"https:\/\/www.dakarmania.cz\/wp-content\/uploads\/2019\/04\/19-mdc-mkr-01.jpg\",\"contentUrl\":\"https:\/\/www.dakarmania.cz\/wp-content\/uploads\/2019\/04\/19-mdc-mkr-01.jpg\",\"width\":960,\"height\":720,\"caption\":\"Martin van den Brink \/ Wouter de Graaff \/ Daniel Kozlovsk\u00fd, Renault K-520, Mammoet Rallysport. Morocco Desert Challenge 2019. \u00a9 MKR Technology\"},{\"@type\":\"BreadcrumbList\",\"@id\":\"https:\/\/www.dakarmania.cz\/index.php\/2019\/04\/12\/v-maroku-startuje-desert-challenge\/#breadcrumb\",\"itemListElement\":[{\"@type\":\"ListItem\",\"position\":1,\"name\":\"Dom\u016f\",\"item\":\"https:\/\/www.dakarmania.cz\/\"},{\"@type\":\"ListItem\",\"position\":2,\"name\":\"V Maroku startuje Desert Challenge\"}]},{\"@type\":\"WebSite\",\"@id\":\"https:\/\/www.dakarmania.cz\/#website\",\"url\":\"https:\/\/www.dakarmania.cz\/\",\"name\":\"DAKARMANIA.cz\",\"description\":\"\u017dijeme Dakarem cel\u00fd rok\",\"publisher\":{\"@id\":\"https:\/\/www.dakarmania.cz\/#organization\"},\"potentialAction\":[{\"@type\":\"SearchAction\",\"target\":{\"@type\":\"EntryPoint\",\"urlTemplate\":\"https:\/\/www.dakarmania.cz\/?s={search_term_string}\"},\"query-input\":{\"@type\":\"PropertyValueSpecification\",\"valueRequired\":true,\"valueName\":\"search_term_string\"}}],\"inLanguage\":\"cs\"},{\"@type\":\"Organization\",\"@id\":\"https:\/\/www.dakarmania.cz\/#organization\",\"name\":\"DAKAR MANIA\",\"url\":\"https:\/\/www.dakarmania.cz\/\",\"logo\":{\"@type\":\"ImageObject\",\"inLanguage\":\"cs\",\"@id\":\"https:\/\/www.dakarmania.cz\/#\/schema\/logo\/image\/\",\"url\":\"https:\/\/www.dakarmania.cz\/wp-content\/uploads\/2018\/12\/Dakar-Mania-Logo-Square-Orange.png\",\"contentUrl\":\"https:\/\/www.dakarmania.cz\/wp-content\/uploads\/2018\/12\/Dakar-Mania-Logo-Square-Orange.png\",\"width\":992,\"height\":992,\"caption\":\"DAKAR MANIA\"},\"image\":{\"@id\":\"https:\/\/www.dakarmania.cz\/#\/schema\/logo\/image\/\"},\"sameAs\":[\"https:\/\/www.facebook.com\/dakarmania\/\"]},{\"@type\":\"Person\",\"@id\":\"https:\/\/www.dakarmania.cz\/#\/schema\/person\/bce8d1fe3633b1178e150fc5e340d5dd\",\"name\":\"tiskov\u00e1 zpr\u00e1va\",\"image\":{\"@type\":\"ImageObject\",\"inLanguage\":\"cs\",\"@id\":\"https:\/\/www.dakarmania.cz\/#\/schema\/person\/image\/\",\"url\":\"https:\/\/secure.gravatar.com\/avatar\/19aefcb6c7bfae691fca4d805686c670f59bb4f7414c7b398b88dc9c8f4e96d5?s=96&d=mm&r=g\",\"contentUrl\":\"https:\/\/secure.gravatar.com\/avatar\/19aefcb6c7bfae691fca4d805686c670f59bb4f7414c7b398b88dc9c8f4e96d5?s=96&d=mm&r=g\",\"caption\":\"tiskov\u00e1 zpr\u00e1va\"},\"url\":\"https:\/\/www.dakarmania.cz\/index.php\/author\/tiskovezpravy\/\"}]}<\/script>\n<!-- \/ Yoast SEO plugin. -->","yoast_head_json":{"title":"V Maroku startuje Desert Challenge - DAKARMANIA.cz","description":"Nov\u00e9 roadbooky, nov\u00e9 bivaky a osm nov\u00fdch etap. Leto\u0161n\u00ed jeden\u00e1ct\u00fd ro\u010dn\u00edk d\u00e1lkov\u00e9 rallye Morocco Desert Challenge bude \u00fapln\u011b jin\u00fd. Koncept je v\u0161ak zachov\u00e1n.","robots":{"index":"index","follow":"follow","max-snippet":"max-snippet:-1","max-image-preview":"max-image-preview:large","max-video-preview":"max-video-preview:-1"},"canonical":"https:\/\/www.dakarmania.cz\/index.php\/2019\/04\/12\/v-maroku-startuje-desert-challenge\/","og_locale":"cs_CZ","og_type":"article","og_title":"V Maroku startuje Desert Challenge - DAKARMANIA.cz","og_description":"Nov\u00e9 roadbooky, nov\u00e9 bivaky a osm nov\u00fdch etap. Leto\u0161n\u00ed jeden\u00e1ct\u00fd ro\u010dn\u00edk d\u00e1lkov\u00e9 rallye Morocco Desert Challenge bude \u00fapln\u011b jin\u00fd. Koncept je v\u0161ak zachov\u00e1n.","og_url":"https:\/\/www.dakarmania.cz\/index.php\/2019\/04\/12\/v-maroku-startuje-desert-challenge\/","og_site_name":"DAKARMANIA.cz","article_publisher":"https:\/\/www.facebook.com\/dakarmania\/","article_published_time":"2019-04-12T19:46:45+00:00","article_modified_time":"2019-04-15T23:25:22+00:00","og_image":[{"width":960,"height":720,"url":"https:\/\/www.dakarmania.cz\/wp-content\/uploads\/2019\/04\/19-mdc-mkr-01.jpg","type":"image\/jpeg"}],"author":"tiskov\u00e1 zpr\u00e1va","twitter_card":"summary_large_image","twitter_misc":{"Napsal(a)":"tiskov\u00e1 zpr\u00e1va","Odhadovan\u00e1 doba \u010dten\u00ed":"3 minuty"},"schema":{"@context":"https:\/\/schema.org","@graph":[{"@type":"Article","@id":"https:\/\/www.dakarmania.cz\/index.php\/2019\/04\/12\/v-maroku-startuje-desert-challenge\/#article","isPartOf":{"@id":"https:\/\/www.dakarmania.cz\/index.php\/2019\/04\/12\/v-maroku-startuje-desert-challenge\/"},"author":{"name":"tiskov\u00e1 zpr\u00e1va","@id":"https:\/\/www.dakarmania.cz\/#\/schema\/person\/bce8d1fe3633b1178e150fc5e340d5dd"},"headline":"V Maroku startuje Desert Challenge","datePublished":"2019-04-12T19:46:45+00:00","dateModified":"2019-04-15T23:25:22+00:00","mainEntityOfPage":{"@id":"https:\/\/www.dakarmania.cz\/index.php\/2019\/04\/12\/v-maroku-startuje-desert-challenge\/"},"wordCount":583,"commentCount":0,"publisher":{"@id":"https:\/\/www.dakarmania.cz\/#organization"},"image":{"@id":"https:\/\/www.dakarmania.cz\/index.php\/2019\/04\/12\/v-maroku-startuje-desert-challenge\/#primaryimage"},"thumbnailUrl":"https:\/\/www.dakarmania.cz\/wp-content\/uploads\/2019\/04\/19-mdc-mkr-01.jpg","keywords":["2019","Daniel Kozlovsk\u00fd","Gert Huzink","Mammoet Rallysport","Martin van den Brink","MKR Technology","Morocco Desert Challenge","Morocco Desert Challenge 2019","Renault","Riwald Dakar Team"],"articleSection":["Tiskov\u00e9 zpr\u00e1vy"],"inLanguage":"cs","potentialAction":[{"@type":"CommentAction","name":"Comment","target":["https:\/\/www.dakarmania.cz\/index.php\/2019\/04\/12\/v-maroku-startuje-desert-challenge\/#respond"]}]},{"@type":"WebPage","@id":"https:\/\/www.dakarmania.cz\/index.php\/2019\/04\/12\/v-maroku-startuje-desert-challenge\/","url":"https:\/\/www.dakarmania.cz\/index.php\/2019\/04\/12\/v-maroku-startuje-desert-challenge\/","name":"V Maroku startuje Desert Challenge - DAKARMANIA.cz","isPartOf":{"@id":"https:\/\/www.dakarmania.cz\/#website"},"primaryImageOfPage":{"@id":"https:\/\/www.dakarmania.cz\/index.php\/2019\/04\/12\/v-maroku-startuje-desert-challenge\/#primaryimage"},"image":{"@id":"https:\/\/www.dakarmania.cz\/index.php\/2019\/04\/12\/v-maroku-startuje-desert-challenge\/#primaryimage"},"thumbnailUrl":"https:\/\/www.dakarmania.cz\/wp-content\/uploads\/2019\/04\/19-mdc-mkr-01.jpg","datePublished":"2019-04-12T19:46:45+00:00","dateModified":"2019-04-15T23:25:22+00:00","description":"Nov\u00e9 roadbooky, nov\u00e9 bivaky a osm nov\u00fdch etap. Leto\u0161n\u00ed jeden\u00e1ct\u00fd ro\u010dn\u00edk d\u00e1lkov\u00e9 rallye Morocco Desert Challenge bude \u00fapln\u011b jin\u00fd. Koncept je v\u0161ak zachov\u00e1n.","breadcrumb":{"@id":"https:\/\/www.dakarmania.cz\/index.php\/2019\/04\/12\/v-maroku-startuje-desert-challenge\/#breadcrumb"},"inLanguage":"cs","potentialAction":[{"@type":"ReadAction","target":["https:\/\/www.dakarmania.cz\/index.php\/2019\/04\/12\/v-maroku-startuje-desert-challenge\/"]}]},{"@type":"ImageObject","inLanguage":"cs","@id":"https:\/\/www.dakarmania.cz\/index.php\/2019\/04\/12\/v-maroku-startuje-desert-challenge\/#primaryimage","url":"https:\/\/www.dakarmania.cz\/wp-content\/uploads\/2019\/04\/19-mdc-mkr-01.jpg","contentUrl":"https:\/\/www.dakarmania.cz\/wp-content\/uploads\/2019\/04\/19-mdc-mkr-01.jpg","width":960,"height":720,"caption":"Martin van den Brink \/ Wouter de Graaff \/ Daniel Kozlovsk\u00fd, Renault K-520, Mammoet Rallysport. Morocco Desert Challenge 2019. \u00a9 MKR Technology"},{"@type":"BreadcrumbList","@id":"https:\/\/www.dakarmania.cz\/index.php\/2019\/04\/12\/v-maroku-startuje-desert-challenge\/#breadcrumb","itemListElement":[{"@type":"ListItem","position":1,"name":"Dom\u016f","item":"https:\/\/www.dakarmania.cz\/"},{"@type":"ListItem","position":2,"name":"V Maroku startuje Desert Challenge"}]},{"@type":"WebSite","@id":"https:\/\/www.dakarmania.cz\/#website","url":"https:\/\/www.dakarmania.cz\/","name":"DAKARMANIA.cz","description":"\u017dijeme Dakarem cel\u00fd rok","publisher":{"@id":"https:\/\/www.dakarmania.cz\/#organization"},"potentialAction":[{"@type":"SearchAction","target":{"@type":"EntryPoint","urlTemplate":"https:\/\/www.dakarmania.cz\/?s={search_term_string}"},"query-input":{"@type":"PropertyValueSpecification","valueRequired":true,"valueName":"search_term_string"}}],"inLanguage":"cs"},{"@type":"Organization","@id":"https:\/\/www.dakarmania.cz\/#organization","name":"DAKAR MANIA","url":"https:\/\/www.dakarmania.cz\/","logo":{"@type":"ImageObject","inLanguage":"cs","@id":"https:\/\/www.dakarmania.cz\/#\/schema\/logo\/image\/","url":"https:\/\/www.dakarmania.cz\/wp-content\/uploads\/2018\/12\/Dakar-Mania-Logo-Square-Orange.png","contentUrl":"https:\/\/www.dakarmania.cz\/wp-content\/uploads\/2018\/12\/Dakar-Mania-Logo-Square-Orange.png","width":992,"height":992,"caption":"DAKAR MANIA"},"image":{"@id":"https:\/\/www.dakarmania.cz\/#\/schema\/logo\/image\/"},"sameAs":["https:\/\/www.facebook.com\/dakarmania\/"]},{"@type":"Person","@id":"https:\/\/www.dakarmania.cz\/#\/schema\/person\/bce8d1fe3633b1178e150fc5e340d5dd","name":"tiskov\u00e1 zpr\u00e1va","image":{"@type":"ImageObject","inLanguage":"cs","@id":"https:\/\/www.dakarmania.cz\/#\/schema\/person\/image\/","url":"https:\/\/secure.gravatar.com\/avatar\/19aefcb6c7bfae691fca4d805686c670f59bb4f7414c7b398b88dc9c8f4e96d5?s=96&d=mm&r=g","contentUrl":"https:\/\/secure.gravatar.com\/avatar\/19aefcb6c7bfae691fca4d805686c670f59bb4f7414c7b398b88dc9c8f4e96d5?s=96&d=mm&r=g","caption":"tiskov\u00e1 zpr\u00e1va"},"url":"https:\/\/www.dakarmania.cz\/index.php\/author\/tiskovezpravy\/"}]}},"amp_enabled":true,"_links":{"self":[{"href":"https:\/\/www.dakarmania.cz\/index.php\/wp-json\/wp\/v2\/posts\/5292","targetHints":{"allow":["GET"]}}],"collection":[{"href":"https:\/\/www.dakarmania.cz\/index.php\/wp-json\/wp\/v2\/posts"}],"about":[{"href":"https:\/\/www.dakarmania.cz\/index.php\/wp-json\/wp\/v2\/types\/post"}],"author":[{"embeddable":true,"href":"https:\/\/www.dakarmania.cz\/index.php\/wp-json\/wp\/v2\/users\/3"}],"replies":[{"embeddable":true,"href":"https:\/\/www.dakarmania.cz\/index.php\/wp-json\/wp\/v2\/comments?post=5292"}],"version-history":[{"count":1,"href":"https:\/\/www.dakarmania.cz\/index.php\/wp-json\/wp\/v2\/posts\/5292\/revisions"}],"predecessor-version":[{"id":5293,"href":"https:\/\/www.dakarmania.cz\/index.php\/wp-json\/wp\/v2\/posts\/5292\/revisions\/5293"}],"wp:featuredmedia":[{"embeddable":true,"href":"https:\/\/www.dakarmania.cz\/index.php\/wp-json\/wp\/v2\/media\/5291"}],"wp:attachment":[{"href":"https:\/\/www.dakarmania.cz\/index.php\/wp-json\/wp\/v2\/media?parent=5292"}],"wp:term":[{"taxonomy":"category","embeddable":true,"href":"https:\/\/www.dakarmania.cz\/index.php\/wp-json\/wp\/v2\/categories?post=5292"},{"taxonomy":"post_tag","embeddable":true,"href":"https:\/\/www.dakarmania.cz\/index.php\/wp-json\/wp\/v2\/tags?post=5292"}],"curies":[{"name":"wp","href":"https:\/\/api.w.org\/{rel}","templated":true}]}}