{"id":5297,"date":"2019-04-13T23:21:22","date_gmt":"2019-04-13T21:21:22","guid":{"rendered":"https:\/\/www.dakarmania.cz\/?p=5297"},"modified":"2023-08-23T09:30:30","modified_gmt":"2023-08-23T07:30:30","slug":"stripky-z-mdc-etapove-vitezstvi-pro-mkr-a-klymciw-racing","status":"publish","type":"post","link":"https:\/\/www.dakarmania.cz\/index.php\/2019\/04\/13\/stripky-z-mdc-etapove-vitezstvi-pro-mkr-a-klymciw-racing\/","title":{"rendered":"St\u0159\u00edpky z MDC: Etapov\u00e9 v\u00edt\u011bzstv\u00ed pro MKR a Klym\u010diw Racing"},"content":{"rendered":"<p>[vc_row][vc_column][vc_column_text]<\/p>\n<h4>Prolog Morocco Desert Challenge 2019 se \u010desk\u00fdm t\u00fdm\u016fm vyda\u0159il. Dva z nich se radovaly z etapov\u00e9ho v\u00edt\u011bzstv\u00ed, ale i dal\u0161\u00ed si vybudovaly solidn\u00ed v\u00fdchoz\u00ed pozice pro dal\u0161\u00ed bitvu.<\/h4>\n<p>*** Prvn\u00ed etapa zavedla \u00fa\u010dastn\u00edky MDC 2019 z Agadiru na Plage Blanche, odkud odstartoval prolog dlouh\u00fd 216 kilometr\u016f s c\u00edlem v Abettehu. Za\u010d\u00e1tek sout\u011b\u017ee poznamenala <strong>tragick\u00e1 ud\u00e1lost<\/strong>. Na p\u0159ejezdu na start rychlostn\u00ed zkou\u0161ky do\u0161lo ke st\u0159edu mezi jedn\u00edm ze sout\u011b\u017en\u00edch kamion\u016f a malou dod\u00e1vkou. P\u0159i nehod\u011b zahynul jeden m\u00edstn\u00ed obyvatel.<\/p>\n<h4>Kamiony: \u00davod pro Renaulty<\/h4>\n<p>*** V kategorii kamion\u016f vyhr\u00e1l prolog <strong>Martin van den Brink<\/strong> s navig\u00e1torem Wouterem de Graaffem a \u010desk\u00fdm mechanikem Danielem Kozlovsk\u00fdm (Mammoet Rallysport). O pouh\u00fdch 14 sekund pomalej\u0161\u00ed byla pos\u00e1dka Gerta Huzinka (Riwald Dakar). Oba t\u00fdmy jedou s Renaulty K520 z d\u00edlen \u017eidovick\u00e9ho t\u00fdmu MKR Technology. \u0160est nejrychlej\u0161\u00edch kamion\u016f se vm\u011bstnalo do 9 minut.<\/p>\n<p>*** <strong>Ton van Genugten<\/strong>, kter\u00fd v Maroku pokra\u010duje za t\u00fdm De Rooy v testov\u00e1n\u00ed Iveca s nez\u00e1visl\u00fdm zav\u011b\u0161en\u00edm, byl dnes \u00fasp\u011b\u0161n\u011bj\u0161\u00ed ne\u017e piloti tov\u00e1rn\u00edho t\u00fdmu MAZ. Nizozemec figuruje po prologu na 9. pozici (+ 15:04 min). Alexej Vi\u0161n\u011bvskij se star\u0161\u00edm trambusov\u00fdm kamionem MAZ 5309RR je t\u0159in\u00e1ct\u00fd (+ 28:54), Sergeji Vjazovi\u010dovi s nov\u00fdm kapotovan\u00fdm 6440RR pat\u0159\u00ed 14. p\u0159\u00ed\u010dka (+ 29:31).[\/vc_column_text][vc_single_image image=&#8221;5295&#8243; img_size=&#8221;large&#8221; add_caption=&#8221;yes&#8221; alignment=&#8221;center&#8221;][vc_column_text]<\/p>\n<h4>Auto: Ou\u0159edn\u00ed\u010dek ud\u011blal d\u016fle\u017eit\u00fd krok<\/h4>\n<p>*** T\u011bsn\u00fd souboj o veden\u00ed v kategorii automobil\u016f poznamenala 10minutov\u00e1 penalizace Erika van Loona (Toyota). Nizozemec byl na rychlostn\u00ed zkou\u0161ce o 18 sekund rychlej\u0161\u00ed ne\u017e <strong>Paulo Ferreira<\/strong> (Toyota), kv\u016fli zm\u00edn\u011bn\u00e9mu trestu ale klesl na druh\u00e9 m\u00edsto za Portugalce (+9:42). T\u0159et\u00ed je po prvn\u00edm dnu Jean-Pascal Besson s Peugeotem (+13:46).<\/p>\n<p>*** <strong>Erik van Loon:<\/strong> <em>\u201eHezk\u00e1 etapa, ale naj\u00edt spr\u00e1vnou cestu nebylo snadn\u00e9. Jezdec za n\u00e1mi se n\u00e1s dr\u017eel celou dobu, tak\u017ee pokud jsme ud\u011blali chybu, ud\u011blal ji taky a nez\u00edskal \u017e\u00e1dnou v\u00fdhodu. Na za\u010d\u00e1tku to bylo hodn\u011b kamenit\u00e9 a my jsme museli p\u0159edj\u00ed\u017ed\u011bt spoustu bugin. Ale \u0161lo to dob\u0159e, proto\u017ee uh\u00fdbaly a pou\u0161t\u011bly n\u00e1s.<\/em><\/p>\n<p>*** <a href=\"https:\/\/www.dakarmania.cz\/index.php\/osobnosti\/tomas-ourednicek\/\"><strong>Tom\u00e1\u0161 Ou\u0159edn\u00ed\u010dek<\/strong><\/a> s <a href=\"https:\/\/www.dakarmania.cz\/index.php\/osobnosti\/david-kripal\/\"><strong>Davidem K\u0159\u00edpalem<\/strong><\/a> a jejich t\u00fdm dnes vyhr\u00e1li hned dv\u011b ze sv\u00fdch velk\u00fdch osobn\u00edch bitev. S Fordem, z n\u011bho\u017e po hav\u00e1rii v \u00favodn\u00ed etap\u011b lo\u0148sk\u00e9ho ro\u010dn\u00edku MDC zbyl jen vrak, dok\u00e1zali odstartovat do z\u00e1vodu, \u010demu\u017e p\u0159edch\u00e1zelo n\u011bkolik mimo\u0159\u00e1dn\u011b hektick\u00fdch t\u00fddn\u016f p\u0159i dokon\u010dov\u00e1n\u00ed oprav vozu, v\u010detn\u011b t\u00e9m\u011b\u0159 non stop pr\u00e1ce p\u0159\u00edmo v Agadiru. Nav\u00edc hned v \u00favodu rychlostn\u00ed zkou\u0161ky museli zdolat Plage Blanche, kde p\u0159ed rokem k nehod\u011b do\u0161lo (prvn\u00ed etapa na pl\u00e1\u017ei tehdy kon\u010dila). Po prvn\u00ed dnu pat\u0159\u00ed \u010desk\u00e9 pos\u00e1dce 7. m\u00edsto (+27:10).<\/p>\n<p>*** <strong>Tom\u00e1\u0161 Ou\u0159edn\u00ed\u010dek:<\/strong> <em>\u201eT\u011bsn\u011b p\u0159ed startem jsme zjistili \u00fanik oleje z auta. Domn\u00edvali jsme se, \u017ee je to z p\u0159evodovky, ale bylo to z motoru. Zd\u00e1lo se nemo\u017en\u00e9, abychom ujeli v\u00edce ne\u017e 200 km, ale rozhodli jsme se to alespo\u0148 zkusit. A nyn\u00ed jsme v Abetteh a zd\u00e1 se, \u017ee se n\u00e1m poda\u0159ilo opravit motor. Tak\u017ee budeme schopni odstartovat i z\u00edtra!\u201c<\/em><\/p>\n<h4>SxS: Suver\u00e9nn\u00ed Pinchadez<\/h4>\n<p>*** <strong>Philippe Pinchadez<\/strong> s Jeanem Brucym (Can-Am) p\u0159esv\u011bd\u010div\u011b vyhr\u00e1li prolog a navzdory minutov\u00e9 penalizaci vedou s n\u00e1skokem 4 minut a 12 sekund p\u0159ed Juanem Manuelem Manou Benarrochem (Can-Am).[\/vc_column_text][vc_single_image image=&#8221;5294&#8243; img_size=&#8221;large&#8221; add_caption=&#8221;yes&#8221; alignment=&#8221;center&#8221;][vc_column_text]<\/p>\n<h4>Moto\/Quad: Do druh\u00e9 etapy odstartuje jako prvn\u00ed Howes<\/h4>\n<p>*** Tak\u00e9 v kategorii motocykl\u016f m\u00edchaly po\u0159ad\u00edm v prvn\u00ed des\u00edtce penalizace ud\u011blen\u00e9 po etap\u011b. Joan Pedrero (KTM) byl na speci\u00e1lce o 12 sekund rychlej\u0161\u00ed ne\u017e <strong>Skyler Howes<\/strong> s Husqvarnou t\u00fdmu Klym\u010diw Racing, ov\u0161em minutov\u00e1 penalizace nakonec odsunula zku\u0161en\u00e9ho \u0160pan\u011bla za Ameri\u010dana, jen\u017e z\u00edtra (v ned\u011bli 14. dubna) oslav\u00ed 27. narozeniny t\u00edm, \u017ee bude otev\u00edrat tra\u0165. Vedouc\u00ed dvojici d\u011bl\u00ed 49 sekund, t\u0159et\u00ed Paul Spierings (Husqvarna) ztr\u00e1c\u00ed v\u00edce ne\u017e 15 minut.<\/p>\n<p><strong>Joan Pedrero:<\/strong> <em>\u201eTra\u0165 byla naviga\u010dn\u011b obt\u00ed\u017en\u00e1, byl to prvn\u00ed den a j\u00e1 si pot\u0159ebuji zvyknout na roadbook, proto\u017ee r\u016fzn\u00ed lid\u00e9 jej p\u00ed\u0161\u00ed r\u016fzn\u011b.\u201c<\/em><\/p>\n<p>*** Z \u010cech\u016f figuruje nejv\u00fd\u0161e\u00a0<strong>Zbyn\u011bk Olmer jun.<\/strong>, kter\u00fd je s\u00a0KTM v barv\u00e1ch Czech Beer Rally Teamu \u010dtvrt\u00fd (+18:53).<\/p>\n<p>*** <strong>Um\u00edst\u011bn\u00ed dal\u0161\u00edch jezdc\u016f \u010desk\u00fdch t\u00fdm\u016f:<br \/>\n<\/strong>11. Petr Vl\u010dek (Klym\u010diw, KTM) + 26:06<strong><br \/>\n<\/strong>24. Martin Novotn\u00fd (Czech Beer, KTM) + 42:49<br \/>\n27. Marian Star\u00fd (Klym\u010diw, Husqvarna) + 45:10<br \/>\n30. Zbyn\u011bk Olmer (Czech Beer, KTM) + 47:06<br \/>\n32. Gee Motzkin (Klym\u010diw, KTM) + 48:58<br \/>\n54. Garrett Poucher (Klym\u010diw, KTM) + 1:41:55<\/p>\n<p>*** <strong>Polytimi Kyriakopoulou<\/strong> (Klym\u010diw, Husqvarna) do prvn\u00ed etapy neodstartovala.<\/p>\n<p>***\u00a0<strong>Alex Brusselers<\/strong> (E-ATV) je celkov\u011b \u0161est\u00fd (+ 21:29) a vede v hodnocen\u00ed \u010dty\u0159kolek o 2 sekundy p\u0159ed Simonem Vitsem (Yamaha).\u00a0Dal\u0161\u00ed dv\u011b minuty ztr\u00e1c\u00ed pr\u016fb\u011b\u017en\u011b t\u0159et\u00ed Vitse\u016fv bratr Antoine (Yamaha).<\/p>\n<p>*** V ned\u011bli 14. dubna zam\u00ed\u0159\u00ed Morocco Desert Challenge sout\u011b\u017ee z Abettehu do Smary. Na programu je zcela nov\u00e1 etapa v oblasti Z\u00e1padn\u00ed Sahary, kter\u00e1 m\u011b\u0159\u00ed 402 kilometr\u016f a cel\u00e1 se jede jako rychlostn\u00ed zkou\u0161ka.[\/vc_column_text][\/vc_column][\/vc_row]<\/p>\n","protected":false},"excerpt":{"rendered":"<p>Prolog Morocco Desert Challenge 2019 se \u010desk\u00fdm t\u00fdm\u016fm vyda\u0159il. Dva z nich se radovaly z etapov\u00e9ho v\u00edt\u011bzstv\u00ed, ale i dal\u0161\u00ed si vybudovaly solidn\u00ed v\u00fdchoz\u00ed pozice.<\/p>\n","protected":false},"author":1,"featured_media":5296,"comment_status":"closed","ping_status":"closed","sticky":false,"template":"","format":"standard","meta":{"footnotes":""},"categories":[301],"tags":[425,895,609,897,95,890,881,10,896,883,242,60,84,64,164,886,313,108,887,57,63,83,892,891,78,160,610,76,302,244,888,884,59,210,885,799,77,87,161,894,61,224,7,238,201,89,168,893,889],"class_list":["post-5297","post","type-post","status-publish","format-standard","has-post-thumbnail","hentry","category-morocco-desert-challenge","tag-425","tag-alex-brusselers","tag-alexej-visnevskij","tag-antoine-vitse","tag-can-am","tag-czech-beer-rally-team","tag-daniel-kozlovsky","tag-david-kripal","tag-e-atv","tag-erik-van-loon","tag-garrett-poucher","tag-gee-motzkin","tag-gert-huzink","tag-husqvarna","tag-iveco","tag-jean-brucy","tag-jean-pascal-besson","tag-joan-pedrero","tag-juan-manuel-mana-benarroch","tag-klymciw-racing","tag-ktm","tag-mammoet-rallysport","tag-marian-stary","tag-martin-novotny","tag-martin-van-den-brink","tag-maz","tag-maz-sportauto","tag-mkr-technology","tag-morocco-desert-challenge","tag-morocco-desert-challenge-2019","tag-paul-spierings","tag-paulo-ferreira","tag-petr-vlcek","tag-peugeot","tag-philippe-pinchadez","tag-polytimi-kyriakopoulou","tag-renault","tag-riwald-dakar-team","tag-sergej-vjazovic","tag-simon-vitse","tag-skyler-howes","tag-team-de-rooy","tag-tomas-ourednicek","tag-ton-van-genugten","tag-toyota","tag-wouter-de-graaff","tag-yamaha","tag-zbynek-olmer","tag-zbynek-olmer-jun"],"yoast_head":"<!-- This site is optimized with the Yoast SEO plugin v24.9 - https:\/\/yoast.com\/wordpress\/plugins\/seo\/ -->\n<title>St\u0159\u00edpky z MDC: Etapov\u00e9 v\u00edt\u011bzstv\u00ed pro MKR a Klym\u010diw Racing - DAKARMANIA.cz<\/title>\n<meta name=\"description\" content=\"Prolog Morocco Desert Challenge 2019 se \u010desk\u00fdm t\u00fdm\u016fm vyda\u0159il. Dva z nich se radovaly z etapov\u00e9ho v\u00edt\u011bzstv\u00ed, ale i dal\u0161\u00ed si vybudovaly solidn\u00ed v\u00fdchoz\u00ed pozice.\" \/>\n<meta name=\"robots\" content=\"index, follow, max-snippet:-1, max-image-preview:large, max-video-preview:-1\" \/>\n<link rel=\"canonical\" href=\"https:\/\/www.dakarmania.cz\/index.php\/2019\/04\/13\/stripky-z-mdc-etapove-vitezstvi-pro-mkr-a-klymciw-racing\/\" \/>\n<meta property=\"og:locale\" content=\"cs_CZ\" \/>\n<meta property=\"og:type\" content=\"article\" \/>\n<meta property=\"og:title\" content=\"St\u0159\u00edpky z MDC: Etapov\u00e9 v\u00edt\u011bzstv\u00ed pro MKR a Klym\u010diw Racing - DAKARMANIA.cz\" \/>\n<meta property=\"og:description\" content=\"Prolog Morocco Desert Challenge 2019 se \u010desk\u00fdm t\u00fdm\u016fm vyda\u0159il. Dva z nich se radovaly z etapov\u00e9ho v\u00edt\u011bzstv\u00ed, ale i dal\u0161\u00ed si vybudovaly solidn\u00ed v\u00fdchoz\u00ed pozice.\" \/>\n<meta property=\"og:url\" content=\"https:\/\/www.dakarmania.cz\/index.php\/2019\/04\/13\/stripky-z-mdc-etapove-vitezstvi-pro-mkr-a-klymciw-racing\/\" \/>\n<meta property=\"og:site_name\" content=\"DAKARMANIA.cz\" \/>\n<meta property=\"article:publisher\" content=\"https:\/\/www.facebook.com\/dakarmania\/\" \/>\n<meta property=\"article:published_time\" content=\"2019-04-13T21:21:22+00:00\" \/>\n<meta property=\"article:modified_time\" content=\"2023-08-23T07:30:30+00:00\" \/>\n<meta property=\"og:image\" content=\"https:\/\/www.dakarmania.cz\/wp-content\/uploads\/2019\/04\/19-mdc-vd-brink-01.jpg\" \/>\n\t<meta property=\"og:image:width\" content=\"1280\" \/>\n\t<meta property=\"og:image:height\" content=\"853\" \/>\n\t<meta property=\"og:image:type\" content=\"image\/jpeg\" \/>\n<meta name=\"author\" content=\"Zden\u011bk Zelenka\" \/>\n<meta name=\"twitter:card\" content=\"summary_large_image\" \/>\n<meta name=\"twitter:label1\" content=\"Napsal(a)\" \/>\n\t<meta name=\"twitter:data1\" content=\"Zden\u011bk Zelenka\" \/>\n\t<meta name=\"twitter:label2\" content=\"Odhadovan\u00e1 doba \u010dten\u00ed\" \/>\n\t<meta name=\"twitter:data2\" content=\"4 minuty\" \/>\n<script type=\"application\/ld+json\" class=\"yoast-schema-graph\">{\"@context\":\"https:\/\/schema.org\",\"@graph\":[{\"@type\":\"Article\",\"@id\":\"https:\/\/www.dakarmania.cz\/index.php\/2019\/04\/13\/stripky-z-mdc-etapove-vitezstvi-pro-mkr-a-klymciw-racing\/#article\",\"isPartOf\":{\"@id\":\"https:\/\/www.dakarmania.cz\/index.php\/2019\/04\/13\/stripky-z-mdc-etapove-vitezstvi-pro-mkr-a-klymciw-racing\/\"},\"author\":{\"name\":\"Zden\u011bk Zelenka\",\"@id\":\"https:\/\/www.dakarmania.cz\/#\/schema\/person\/04eb0e87a389631c2169c0dddae7ff1e\"},\"headline\":\"St\u0159\u00edpky z MDC: Etapov\u00e9 v\u00edt\u011bzstv\u00ed pro MKR a Klym\u010diw Racing\",\"datePublished\":\"2019-04-13T21:21:22+00:00\",\"dateModified\":\"2023-08-23T07:30:30+00:00\",\"mainEntityOfPage\":{\"@id\":\"https:\/\/www.dakarmania.cz\/index.php\/2019\/04\/13\/stripky-z-mdc-etapove-vitezstvi-pro-mkr-a-klymciw-racing\/\"},\"wordCount\":927,\"publisher\":{\"@id\":\"https:\/\/www.dakarmania.cz\/#organization\"},\"image\":{\"@id\":\"https:\/\/www.dakarmania.cz\/index.php\/2019\/04\/13\/stripky-z-mdc-etapove-vitezstvi-pro-mkr-a-klymciw-racing\/#primaryimage\"},\"thumbnailUrl\":\"https:\/\/www.dakarmania.cz\/wp-content\/uploads\/2019\/04\/19-mdc-vd-brink-01.jpg\",\"keywords\":[\"2019\",\"Alex Brusselers\",\"Alexej Vi\u0161n\u011bvskij\",\"Antoine Vitse\",\"Can-Am\",\"Czech Beer Rally Team\",\"Daniel Kozlovsk\u00fd\",\"David K\u0159\u00edpal\",\"E-ATV\",\"Erik van Loon\",\"Garrett Poucher\",\"Gee Motzkin\",\"Gert Huzink\",\"Husqvarna\",\"Iveco\",\"Jean Brucy\",\"Jean-Pascal Besson\",\"Joan Pedrero\",\"Juan Manuel Mana Benarroch\",\"Klym\u010diw Racing\",\"KTM\",\"Mammoet Rallysport\",\"Marian Star\u00fd\",\"Martin Novotn\u00fd\",\"Martin van den Brink\",\"MAZ\",\"MAZ-Sportauto\",\"MKR Technology\",\"Morocco Desert Challenge\",\"Morocco Desert Challenge 2019\",\"Paul Spierings\",\"Paulo Ferreira\",\"Petr Vl\u010dek\",\"Peugeot\",\"Philippe Pinchadez\",\"Polytimi Kyriakopoulou\",\"Renault\",\"Riwald Dakar Team\",\"Sergej Vjazovi\u010d\",\"Simon Vitse\",\"Skyler Howes\",\"Team De Rooy\",\"Tom\u00e1\u0161 Ou\u0159edn\u00ed\u010dek\",\"Ton van Genugten\",\"Toyota\",\"Wouter de Graaff\",\"Yamaha\",\"Zbyn\u011bk Olmer\",\"Zbyn\u011bk Olmer jun.\"],\"articleSection\":[\"Morocco Desert Challenge\"],\"inLanguage\":\"cs\"},{\"@type\":\"WebPage\",\"@id\":\"https:\/\/www.dakarmania.cz\/index.php\/2019\/04\/13\/stripky-z-mdc-etapove-vitezstvi-pro-mkr-a-klymciw-racing\/\",\"url\":\"https:\/\/www.dakarmania.cz\/index.php\/2019\/04\/13\/stripky-z-mdc-etapove-vitezstvi-pro-mkr-a-klymciw-racing\/\",\"name\":\"St\u0159\u00edpky z MDC: Etapov\u00e9 v\u00edt\u011bzstv\u00ed pro MKR a Klym\u010diw Racing - DAKARMANIA.cz\",\"isPartOf\":{\"@id\":\"https:\/\/www.dakarmania.cz\/#website\"},\"primaryImageOfPage\":{\"@id\":\"https:\/\/www.dakarmania.cz\/index.php\/2019\/04\/13\/stripky-z-mdc-etapove-vitezstvi-pro-mkr-a-klymciw-racing\/#primaryimage\"},\"image\":{\"@id\":\"https:\/\/www.dakarmania.cz\/index.php\/2019\/04\/13\/stripky-z-mdc-etapove-vitezstvi-pro-mkr-a-klymciw-racing\/#primaryimage\"},\"thumbnailUrl\":\"https:\/\/www.dakarmania.cz\/wp-content\/uploads\/2019\/04\/19-mdc-vd-brink-01.jpg\",\"datePublished\":\"2019-04-13T21:21:22+00:00\",\"dateModified\":\"2023-08-23T07:30:30+00:00\",\"description\":\"Prolog Morocco Desert Challenge 2019 se \u010desk\u00fdm t\u00fdm\u016fm vyda\u0159il. Dva z nich se radovaly z etapov\u00e9ho v\u00edt\u011bzstv\u00ed, ale i dal\u0161\u00ed si vybudovaly solidn\u00ed v\u00fdchoz\u00ed pozice.\",\"breadcrumb\":{\"@id\":\"https:\/\/www.dakarmania.cz\/index.php\/2019\/04\/13\/stripky-z-mdc-etapove-vitezstvi-pro-mkr-a-klymciw-racing\/#breadcrumb\"},\"inLanguage\":\"cs\",\"potentialAction\":[{\"@type\":\"ReadAction\",\"target\":[\"https:\/\/www.dakarmania.cz\/index.php\/2019\/04\/13\/stripky-z-mdc-etapove-vitezstvi-pro-mkr-a-klymciw-racing\/\"]}]},{\"@type\":\"ImageObject\",\"inLanguage\":\"cs\",\"@id\":\"https:\/\/www.dakarmania.cz\/index.php\/2019\/04\/13\/stripky-z-mdc-etapove-vitezstvi-pro-mkr-a-klymciw-racing\/#primaryimage\",\"url\":\"https:\/\/www.dakarmania.cz\/wp-content\/uploads\/2019\/04\/19-mdc-vd-brink-01.jpg\",\"contentUrl\":\"https:\/\/www.dakarmania.cz\/wp-content\/uploads\/2019\/04\/19-mdc-vd-brink-01.jpg\",\"width\":1280,\"height\":853,\"caption\":\"Martin van den Brink \/ Wouter de Graaff \/ Daniel Kozlovsk\u00fd, Renault K-520, Mammoet Rallysport. Morocco Desert Challenge 2019. \u00a9 MDC Media\"},{\"@type\":\"BreadcrumbList\",\"@id\":\"https:\/\/www.dakarmania.cz\/index.php\/2019\/04\/13\/stripky-z-mdc-etapove-vitezstvi-pro-mkr-a-klymciw-racing\/#breadcrumb\",\"itemListElement\":[{\"@type\":\"ListItem\",\"position\":1,\"name\":\"Dom\u016f\",\"item\":\"https:\/\/www.dakarmania.cz\/\"},{\"@type\":\"ListItem\",\"position\":2,\"name\":\"St\u0159\u00edpky z MDC: Etapov\u00e9 v\u00edt\u011bzstv\u00ed pro MKR a Klym\u010diw Racing\"}]},{\"@type\":\"WebSite\",\"@id\":\"https:\/\/www.dakarmania.cz\/#website\",\"url\":\"https:\/\/www.dakarmania.cz\/\",\"name\":\"DAKARMANIA.cz\",\"description\":\"\u017dijeme Dakarem cel\u00fd rok\",\"publisher\":{\"@id\":\"https:\/\/www.dakarmania.cz\/#organization\"},\"potentialAction\":[{\"@type\":\"SearchAction\",\"target\":{\"@type\":\"EntryPoint\",\"urlTemplate\":\"https:\/\/www.dakarmania.cz\/?s={search_term_string}\"},\"query-input\":{\"@type\":\"PropertyValueSpecification\",\"valueRequired\":true,\"valueName\":\"search_term_string\"}}],\"inLanguage\":\"cs\"},{\"@type\":\"Organization\",\"@id\":\"https:\/\/www.dakarmania.cz\/#organization\",\"name\":\"DAKAR MANIA\",\"url\":\"https:\/\/www.dakarmania.cz\/\",\"logo\":{\"@type\":\"ImageObject\",\"inLanguage\":\"cs\",\"@id\":\"https:\/\/www.dakarmania.cz\/#\/schema\/logo\/image\/\",\"url\":\"https:\/\/www.dakarmania.cz\/wp-content\/uploads\/2018\/12\/Dakar-Mania-Logo-Square-Orange.png\",\"contentUrl\":\"https:\/\/www.dakarmania.cz\/wp-content\/uploads\/2018\/12\/Dakar-Mania-Logo-Square-Orange.png\",\"width\":992,\"height\":992,\"caption\":\"DAKAR MANIA\"},\"image\":{\"@id\":\"https:\/\/www.dakarmania.cz\/#\/schema\/logo\/image\/\"},\"sameAs\":[\"https:\/\/www.facebook.com\/dakarmania\/\"]},{\"@type\":\"Person\",\"@id\":\"https:\/\/www.dakarmania.cz\/#\/schema\/person\/04eb0e87a389631c2169c0dddae7ff1e\",\"name\":\"Zden\u011bk Zelenka\",\"image\":{\"@type\":\"ImageObject\",\"inLanguage\":\"cs\",\"@id\":\"https:\/\/www.dakarmania.cz\/#\/schema\/person\/image\/\",\"url\":\"https:\/\/secure.gravatar.com\/avatar\/2c80d5a4942fe0900b73cc7d3837a509d6ee0a276a2b76dac95c92bd0763a89b?s=96&d=mm&r=g\",\"contentUrl\":\"https:\/\/secure.gravatar.com\/avatar\/2c80d5a4942fe0900b73cc7d3837a509d6ee0a276a2b76dac95c92bd0763a89b?s=96&d=mm&r=g\",\"caption\":\"Zden\u011bk Zelenka\"},\"description\":\"Moji d\u011bt\u0161t\u00ed hrdinov\u00e9 se jmenovali Loprais, Moskal, Neveu, Vatanen, Rahier... A tihle borci, jejich n\u00e1sledovn\u00edci a jejich p\u0159\u00edb\u011bhy m\u011b nep\u0159estali fascinovat ani po letech, kdy jsem vyrostl a zam\u011bstn\u00e1valy m\u011b jin\u00e9 discipl\u00edny motorsportu. Proto se zrodila DAKARMANIA.\",\"url\":\"https:\/\/www.dakarmania.cz\/index.php\/author\/dakarmania\/\"}]}<\/script>\n<!-- \/ Yoast SEO plugin. -->","yoast_head_json":{"title":"St\u0159\u00edpky z MDC: Etapov\u00e9 v\u00edt\u011bzstv\u00ed pro MKR a Klym\u010diw Racing - DAKARMANIA.cz","description":"Prolog Morocco Desert Challenge 2019 se \u010desk\u00fdm t\u00fdm\u016fm vyda\u0159il. Dva z nich se radovaly z etapov\u00e9ho v\u00edt\u011bzstv\u00ed, ale i dal\u0161\u00ed si vybudovaly solidn\u00ed v\u00fdchoz\u00ed pozice.","robots":{"index":"index","follow":"follow","max-snippet":"max-snippet:-1","max-image-preview":"max-image-preview:large","max-video-preview":"max-video-preview:-1"},"canonical":"https:\/\/www.dakarmania.cz\/index.php\/2019\/04\/13\/stripky-z-mdc-etapove-vitezstvi-pro-mkr-a-klymciw-racing\/","og_locale":"cs_CZ","og_type":"article","og_title":"St\u0159\u00edpky z MDC: Etapov\u00e9 v\u00edt\u011bzstv\u00ed pro MKR a Klym\u010diw Racing - DAKARMANIA.cz","og_description":"Prolog Morocco Desert Challenge 2019 se \u010desk\u00fdm t\u00fdm\u016fm vyda\u0159il. Dva z nich se radovaly z etapov\u00e9ho v\u00edt\u011bzstv\u00ed, ale i dal\u0161\u00ed si vybudovaly solidn\u00ed v\u00fdchoz\u00ed pozice.","og_url":"https:\/\/www.dakarmania.cz\/index.php\/2019\/04\/13\/stripky-z-mdc-etapove-vitezstvi-pro-mkr-a-klymciw-racing\/","og_site_name":"DAKARMANIA.cz","article_publisher":"https:\/\/www.facebook.com\/dakarmania\/","article_published_time":"2019-04-13T21:21:22+00:00","article_modified_time":"2023-08-23T07:30:30+00:00","og_image":[{"width":1280,"height":853,"url":"https:\/\/www.dakarmania.cz\/wp-content\/uploads\/2019\/04\/19-mdc-vd-brink-01.jpg","type":"image\/jpeg"}],"author":"Zden\u011bk Zelenka","twitter_card":"summary_large_image","twitter_misc":{"Napsal(a)":"Zden\u011bk Zelenka","Odhadovan\u00e1 doba \u010dten\u00ed":"4 minuty"},"schema":{"@context":"https:\/\/schema.org","@graph":[{"@type":"Article","@id":"https:\/\/www.dakarmania.cz\/index.php\/2019\/04\/13\/stripky-z-mdc-etapove-vitezstvi-pro-mkr-a-klymciw-racing\/#article","isPartOf":{"@id":"https:\/\/www.dakarmania.cz\/index.php\/2019\/04\/13\/stripky-z-mdc-etapove-vitezstvi-pro-mkr-a-klymciw-racing\/"},"author":{"name":"Zden\u011bk Zelenka","@id":"https:\/\/www.dakarmania.cz\/#\/schema\/person\/04eb0e87a389631c2169c0dddae7ff1e"},"headline":"St\u0159\u00edpky z MDC: Etapov\u00e9 v\u00edt\u011bzstv\u00ed pro MKR a Klym\u010diw Racing","datePublished":"2019-04-13T21:21:22+00:00","dateModified":"2023-08-23T07:30:30+00:00","mainEntityOfPage":{"@id":"https:\/\/www.dakarmania.cz\/index.php\/2019\/04\/13\/stripky-z-mdc-etapove-vitezstvi-pro-mkr-a-klymciw-racing\/"},"wordCount":927,"publisher":{"@id":"https:\/\/www.dakarmania.cz\/#organization"},"image":{"@id":"https:\/\/www.dakarmania.cz\/index.php\/2019\/04\/13\/stripky-z-mdc-etapove-vitezstvi-pro-mkr-a-klymciw-racing\/#primaryimage"},"thumbnailUrl":"https:\/\/www.dakarmania.cz\/wp-content\/uploads\/2019\/04\/19-mdc-vd-brink-01.jpg","keywords":["2019","Alex Brusselers","Alexej Vi\u0161n\u011bvskij","Antoine Vitse","Can-Am","Czech Beer Rally Team","Daniel Kozlovsk\u00fd","David K\u0159\u00edpal","E-ATV","Erik van Loon","Garrett Poucher","Gee Motzkin","Gert Huzink","Husqvarna","Iveco","Jean Brucy","Jean-Pascal Besson","Joan Pedrero","Juan Manuel Mana Benarroch","Klym\u010diw Racing","KTM","Mammoet Rallysport","Marian Star\u00fd","Martin Novotn\u00fd","Martin van den Brink","MAZ","MAZ-Sportauto","MKR Technology","Morocco Desert Challenge","Morocco Desert Challenge 2019","Paul Spierings","Paulo Ferreira","Petr Vl\u010dek","Peugeot","Philippe Pinchadez","Polytimi Kyriakopoulou","Renault","Riwald Dakar Team","Sergej Vjazovi\u010d","Simon Vitse","Skyler Howes","Team De Rooy","Tom\u00e1\u0161 Ou\u0159edn\u00ed\u010dek","Ton van Genugten","Toyota","Wouter de Graaff","Yamaha","Zbyn\u011bk Olmer","Zbyn\u011bk Olmer jun."],"articleSection":["Morocco Desert Challenge"],"inLanguage":"cs"},{"@type":"WebPage","@id":"https:\/\/www.dakarmania.cz\/index.php\/2019\/04\/13\/stripky-z-mdc-etapove-vitezstvi-pro-mkr-a-klymciw-racing\/","url":"https:\/\/www.dakarmania.cz\/index.php\/2019\/04\/13\/stripky-z-mdc-etapove-vitezstvi-pro-mkr-a-klymciw-racing\/","name":"St\u0159\u00edpky z MDC: Etapov\u00e9 v\u00edt\u011bzstv\u00ed pro MKR a Klym\u010diw Racing - DAKARMANIA.cz","isPartOf":{"@id":"https:\/\/www.dakarmania.cz\/#website"},"primaryImageOfPage":{"@id":"https:\/\/www.dakarmania.cz\/index.php\/2019\/04\/13\/stripky-z-mdc-etapove-vitezstvi-pro-mkr-a-klymciw-racing\/#primaryimage"},"image":{"@id":"https:\/\/www.dakarmania.cz\/index.php\/2019\/04\/13\/stripky-z-mdc-etapove-vitezstvi-pro-mkr-a-klymciw-racing\/#primaryimage"},"thumbnailUrl":"https:\/\/www.dakarmania.cz\/wp-content\/uploads\/2019\/04\/19-mdc-vd-brink-01.jpg","datePublished":"2019-04-13T21:21:22+00:00","dateModified":"2023-08-23T07:30:30+00:00","description":"Prolog Morocco Desert Challenge 2019 se \u010desk\u00fdm t\u00fdm\u016fm vyda\u0159il. Dva z nich se radovaly z etapov\u00e9ho v\u00edt\u011bzstv\u00ed, ale i dal\u0161\u00ed si vybudovaly solidn\u00ed v\u00fdchoz\u00ed pozice.","breadcrumb":{"@id":"https:\/\/www.dakarmania.cz\/index.php\/2019\/04\/13\/stripky-z-mdc-etapove-vitezstvi-pro-mkr-a-klymciw-racing\/#breadcrumb"},"inLanguage":"cs","potentialAction":[{"@type":"ReadAction","target":["https:\/\/www.dakarmania.cz\/index.php\/2019\/04\/13\/stripky-z-mdc-etapove-vitezstvi-pro-mkr-a-klymciw-racing\/"]}]},{"@type":"ImageObject","inLanguage":"cs","@id":"https:\/\/www.dakarmania.cz\/index.php\/2019\/04\/13\/stripky-z-mdc-etapove-vitezstvi-pro-mkr-a-klymciw-racing\/#primaryimage","url":"https:\/\/www.dakarmania.cz\/wp-content\/uploads\/2019\/04\/19-mdc-vd-brink-01.jpg","contentUrl":"https:\/\/www.dakarmania.cz\/wp-content\/uploads\/2019\/04\/19-mdc-vd-brink-01.jpg","width":1280,"height":853,"caption":"Martin van den Brink \/ Wouter de Graaff \/ Daniel Kozlovsk\u00fd, Renault K-520, Mammoet Rallysport. Morocco Desert Challenge 2019. \u00a9 MDC Media"},{"@type":"BreadcrumbList","@id":"https:\/\/www.dakarmania.cz\/index.php\/2019\/04\/13\/stripky-z-mdc-etapove-vitezstvi-pro-mkr-a-klymciw-racing\/#breadcrumb","itemListElement":[{"@type":"ListItem","position":1,"name":"Dom\u016f","item":"https:\/\/www.dakarmania.cz\/"},{"@type":"ListItem","position":2,"name":"St\u0159\u00edpky z MDC: Etapov\u00e9 v\u00edt\u011bzstv\u00ed pro MKR a Klym\u010diw Racing"}]},{"@type":"WebSite","@id":"https:\/\/www.dakarmania.cz\/#website","url":"https:\/\/www.dakarmania.cz\/","name":"DAKARMANIA.cz","description":"\u017dijeme Dakarem cel\u00fd rok","publisher":{"@id":"https:\/\/www.dakarmania.cz\/#organization"},"potentialAction":[{"@type":"SearchAction","target":{"@type":"EntryPoint","urlTemplate":"https:\/\/www.dakarmania.cz\/?s={search_term_string}"},"query-input":{"@type":"PropertyValueSpecification","valueRequired":true,"valueName":"search_term_string"}}],"inLanguage":"cs"},{"@type":"Organization","@id":"https:\/\/www.dakarmania.cz\/#organization","name":"DAKAR MANIA","url":"https:\/\/www.dakarmania.cz\/","logo":{"@type":"ImageObject","inLanguage":"cs","@id":"https:\/\/www.dakarmania.cz\/#\/schema\/logo\/image\/","url":"https:\/\/www.dakarmania.cz\/wp-content\/uploads\/2018\/12\/Dakar-Mania-Logo-Square-Orange.png","contentUrl":"https:\/\/www.dakarmania.cz\/wp-content\/uploads\/2018\/12\/Dakar-Mania-Logo-Square-Orange.png","width":992,"height":992,"caption":"DAKAR MANIA"},"image":{"@id":"https:\/\/www.dakarmania.cz\/#\/schema\/logo\/image\/"},"sameAs":["https:\/\/www.facebook.com\/dakarmania\/"]},{"@type":"Person","@id":"https:\/\/www.dakarmania.cz\/#\/schema\/person\/04eb0e87a389631c2169c0dddae7ff1e","name":"Zden\u011bk Zelenka","image":{"@type":"ImageObject","inLanguage":"cs","@id":"https:\/\/www.dakarmania.cz\/#\/schema\/person\/image\/","url":"https:\/\/secure.gravatar.com\/avatar\/2c80d5a4942fe0900b73cc7d3837a509d6ee0a276a2b76dac95c92bd0763a89b?s=96&d=mm&r=g","contentUrl":"https:\/\/secure.gravatar.com\/avatar\/2c80d5a4942fe0900b73cc7d3837a509d6ee0a276a2b76dac95c92bd0763a89b?s=96&d=mm&r=g","caption":"Zden\u011bk Zelenka"},"description":"Moji d\u011bt\u0161t\u00ed hrdinov\u00e9 se jmenovali Loprais, Moskal, Neveu, Vatanen, Rahier... A tihle borci, jejich n\u00e1sledovn\u00edci a jejich p\u0159\u00edb\u011bhy m\u011b nep\u0159estali fascinovat ani po letech, kdy jsem vyrostl a zam\u011bstn\u00e1valy m\u011b jin\u00e9 discipl\u00edny motorsportu. Proto se zrodila DAKARMANIA.","url":"https:\/\/www.dakarmania.cz\/index.php\/author\/dakarmania\/"}]}},"amp_enabled":true,"_links":{"self":[{"href":"https:\/\/www.dakarmania.cz\/index.php\/wp-json\/wp\/v2\/posts\/5297","targetHints":{"allow":["GET"]}}],"collection":[{"href":"https:\/\/www.dakarmania.cz\/index.php\/wp-json\/wp\/v2\/posts"}],"about":[{"href":"https:\/\/www.dakarmania.cz\/index.php\/wp-json\/wp\/v2\/types\/post"}],"author":[{"embeddable":true,"href":"https:\/\/www.dakarmania.cz\/index.php\/wp-json\/wp\/v2\/users\/1"}],"replies":[{"embeddable":true,"href":"https:\/\/www.dakarmania.cz\/index.php\/wp-json\/wp\/v2\/comments?post=5297"}],"version-history":[{"count":6,"href":"https:\/\/www.dakarmania.cz\/index.php\/wp-json\/wp\/v2\/posts\/5297\/revisions"}],"predecessor-version":[{"id":28867,"href":"https:\/\/www.dakarmania.cz\/index.php\/wp-json\/wp\/v2\/posts\/5297\/revisions\/28867"}],"wp:featuredmedia":[{"embeddable":true,"href":"https:\/\/www.dakarmania.cz\/index.php\/wp-json\/wp\/v2\/media\/5296"}],"wp:attachment":[{"href":"https:\/\/www.dakarmania.cz\/index.php\/wp-json\/wp\/v2\/media?parent=5297"}],"wp:term":[{"taxonomy":"category","embeddable":true,"href":"https:\/\/www.dakarmania.cz\/index.php\/wp-json\/wp\/v2\/categories?post=5297"},{"taxonomy":"post_tag","embeddable":true,"href":"https:\/\/www.dakarmania.cz\/index.php\/wp-json\/wp\/v2\/tags?post=5297"}],"curies":[{"name":"wp","href":"https:\/\/api.w.org\/{rel}","templated":true}]}}