{"id":5387,"date":"2019-04-15T17:49:34","date_gmt":"2019-04-15T15:49:34","guid":{"rendered":"https:\/\/www.dakarmania.cz\/?p=5387"},"modified":"2021-08-26T00:24:14","modified_gmt":"2021-08-25T22:24:14","slug":"stripky-z-mdc-ourednicek-ztratil-motorky-stale-napinave","status":"publish","type":"post","link":"https:\/\/www.dakarmania.cz\/index.php\/2019\/04\/15\/stripky-z-mdc-ourednicek-ztratil-motorky-stale-napinave\/","title":{"rendered":"St\u0159\u00edpky z MDC: Ou\u0159edn\u00ed\u010dek ztratil, motorky st\u00e1le nap\u00ednav\u00e9"},"content":{"rendered":"<p>[vc_row][vc_column][vc_column_text]<\/p>\n<h4>Tom\u00e1\u0161 Ou\u0159edn\u00ed\u010dek s Davidem K\u0159\u00edpalem (Ford) vypadli po t\u0159et\u00ed etap\u011b Morocco Desert Challenge 2019 z prvn\u00ed des\u00edtky celkov\u00e9ho hodnocen\u00ed automobil\u016f. Z jezdc\u016f \u010desk\u00fdch t\u00fdm\u016f si v pond\u011bl\u00ed nejl\u00e9pe po\u010d\u00ednal Skyler Howes, jen\u017e etapu vyhr\u00e1l a s nepatrn\u00fdm n\u00e1skokem se ujal veden\u00ed mezi motork\u00e1\u0159i.<\/h4>\n<p>*** T\u0159et\u00ed etapa zavedla \u00fa\u010dastn\u00edky <a href=\"https:\/\/www.dakarmania.cz\/index.php\/souteze\/mdc-2019\/\">Morocco Desert Challenge 2019<\/a> ze Smary do Assy, m\u011b\u0159ila 372 kilometr\u016f a znovu se cel\u00e1 jela jako rychlostn\u00ed zkou\u0161ka. Podobn\u011b jako v ned\u011bli se jednalo o de facto novou etapu. Pos\u00e1dky se musely vypo\u0159\u00e1dat jak s techni\u010dt\u011bj\u0161\u00edmi p\u00eds\u010dit\u00fdmi \u00faseky, tak s rychlej\u0161\u00edmi pas\u00e1\u017eemi s tvrd\u0161\u00edm povrchem. Nechyb\u011bl pr\u016fjezd \u00fadol\u00edm p\u0159ipom\u00ednaj\u00edc\u00edm savanu v oblasti \u010dern\u00e9 Afriky, vyschl\u00e1 \u0159e\u010di\u0161t\u011b nebo p\u0159ejezdy p\u0159es soliska.[\/vc_column_text][vc_video link=&#8221;https:\/\/youtu.be\/9T4lzMV_Pho&#8221;][vc_column_text]<\/p>\n<h4>Moto: Navzdory bloud\u011bn\u00ed d\u00e1l kraluj\u00ed Howes a Pedrero<\/h4>\n<p>*** Leade\u0159i pr\u016fb\u011b\u017en\u00e9ho po\u0159ad\u00ed <strong>Skyler Howes<\/strong> (Husqvarna) a <strong>Joan Pedrero<\/strong> (KTM) v \u00favodu pond\u011bln\u00ed speci\u00e1lky spole\u010dn\u011b s dal\u0161\u00edmi jezdci zabloudili. P\u0159esto se o v\u00edt\u011bzstv\u00ed v etap\u011b op\u011bt rozhodovalo mezi touto dvojic\u00ed. Ameri\u010dan h\u00e1j\u00edc\u00ed barvy \u010desk\u00e9ho t\u00fdmu Klym\u010diw Racing byl o 16 sekund rychlej\u0161\u00ed ne\u017e zku\u0161en\u00fd \u0160pan\u011bl a se stejn\u00fdm n\u00e1skokem vede po t\u0159ech dnech i v celkov\u00e9 klasifikaci.<\/p>\n<p>*** <strong>Skyler Howes:<\/strong>\u00a0<em>\u201eStartoval jsem t\u011bsn\u011b za Pedrerem, ale u\u017e velmi brzy se mi ho poda\u0159ilo p\u0159edjet a ud\u011blat si slu\u0161n\u00fd n\u00e1skok. Ale pak jsem bohu\u017eel narazil na sporn\u00e9 m\u00edsto v roadbooku a zvolil \u0161patnou trasu. Na\u0161t\u011bst\u00ed pro m\u011b jeli v\u0161ichni za mnou. Pokud v\u00edm, tak pouze jedin\u00e9 auto v tomto m\u00edst\u011b nebloudilo. J\u00e1 jsem tady ztratil 20 minut.\u201c<\/em>[\/vc_column_text][vc_single_image image=&#8221;5389&#8243; img_size=&#8221;large&#8221; add_caption=&#8221;yes&#8221; alignment=&#8221;center&#8221;][vc_column_text]*** Ze \u010dtvrt\u00e9 na t\u0159et\u00ed p\u0159\u00ed\u010dku se d\u00edky p\u00e1t\u00e9mu \u010dasu (+15:48 min) v etap\u011b posunul <strong>Paul Spierings<\/strong> (Husqvarna). Na vedouc\u00edho Howese v\u0161ak Nizozemec ztr\u00e1c\u00ed u\u017e v\u00edce ne\u017e hodinu a \u010dtvrt.<\/p>\n<p>*** <strong>Nejlep\u0161\u00edm z \u010cech\u016f<\/strong> z\u016fst\u00e1v\u00e1 <strong>Zbyn\u011bk Olmer jun.<\/strong> (KTM). Jezdec Czech Beer Rally Teamu si dnes p\u0159ipsal 15. \u010das (+27:32) a v pr\u016fb\u011b\u017en\u00e9m hodnocen\u00ed si o p\u0159\u00ed\u010dku polep\u0161il. Nyn\u00ed je dev\u00e1t\u00fd (+1:41:56 hod).<\/p>\n<p>*** <strong>Petr Vl\u010dek<\/strong> (KTM, Klym\u010diw Racing) p\u0159i\u0161el o 12. m\u00edsto, kter\u00e9 mu pat\u0159ilo po dvou \u00favodn\u00edch dnech. Kv\u016fli defektu zadn\u00edho kola dorazil <strong>do c\u00edle etapy na jednom ze sb\u011brn\u00fdch kamion\u016f<\/strong>, jejich\u017e provoz pro po\u0159adatele zaji\u0161\u0165uje t\u00fdm Tom\u00e1\u0161e Tome\u010dka.<\/p>\n<p>*** T\u0159et\u00ed etapu nedokon\u010dil ani Vl\u010dk\u016fv t\u00fdmov\u00fd kolega <strong>Marian Star\u00fd<\/strong> s Husqvarnou: <em>\u201eDneska jsem absolvoval jenom dva men\u0161\u00ed p\u00e1dy, ale n\u00e1dr\u017e to nevydr\u017eela a pod \u0161roubem praskla. Lil z toho benz\u00edn, b\u00e1l jsem se, aby to od rozp\u00e1len\u00e9ho v\u00fdfuku nechytlo. Jinak se mi jelo opravdu dob\u0159e, hrozn\u011b m\u011b to bavilo.\u201c<\/em><\/p>\n<p>*** <strong>Pr\u016fb\u011b\u017en\u00e9 po\u0159ad\u00ed dal\u0161\u00edch jezdc\u016f \u010desk\u00fdch t\u00fdm\u016f:<\/strong><\/p>\n<p>24. Martin Novotn\u00fd (Czech Beer, KTM) +2:44:20<br \/>\n25. Gee Motzkin (Klym\u010diw, KTM) +2:48:02<br \/>\n37. Zbyn\u011bk Olmer (Czech Beer, KTM) +4:35:40<br \/>\n51. Gilad Gotfried (Klym\u010diw, KTM) +6:04:45<\/p>\n<p>*** <strong>Simon Vitse<\/strong> (Yamaha) si druh\u00fdm etapov\u00fdm v\u00edt\u011bzstv\u00edm v \u0159ad\u011b <strong>upevnil veden\u00ed<\/strong> v kategorii \u010dty\u0159kolek. Pr\u016fb\u011b\u017en\u011b druh\u00fd Alex Brusselers (E-ATV) ztr\u00e1c\u00ed t\u00e9m\u011b\u0159 40 minut. Ve spole\u010dn\u00e9m hodnocen\u00ed motorek a quad\u016f je Vitse \u010dtvrt\u00fd![\/vc_column_text][vc_single_image image=&#8221;5390&#8243; img_size=&#8221;large&#8221; add_caption=&#8221;yes&#8221; alignment=&#8221;center&#8221;][vc_column_text]<\/p>\n<h4>Auto: Besson si spravil n\u00e1ladu<\/h4>\n<p>*** <strong>Jean-Pascal Besson<\/strong> se spolujezdcem S\u00e9bastienem Delaunayem (Peugeot) dnes startovali pozd\u011bji, nebo\u0165 v\u010derej\u0161\u00ed etapu kv\u016fli technick\u00fdm probl\u00e9m\u016fm nedokon\u010dili. Francouzi vyu\u017eili v\u00fdhodn\u00e9 pozice, na rozd\u00edl od n\u011bkolika d\u0159\u00edve startuj\u00edc\u00edch pos\u00e1dek nebloudili a <strong>p\u0159ipsali si d\u00edl\u010d\u00ed v\u00fdhru<\/strong> s n\u00e1skokem 8 minut a 38 sekund p\u0159ed J\u00e9r\u00f4mem Pelichetem (MD).<\/p>\n<p>*** <strong>Celkov\u00e9 veden\u00ed<\/strong> si i dnes upevnili <strong>Erik van Loon<\/strong> a Wouter Rosegaar s Toyotou. Nizozemsk\u00e1 pos\u00e1dka byla dnes p\u00e1t\u00e1 (+19:44), na pr\u016fb\u011b\u017en\u011b druh\u00e9ho Paula Ferreiru (Toyota) najela t\u0159i a t\u0159i \u010dtvrt\u011b minuty a v sou\u010dtu m\u00e1 p\u0159ed Portugalcem k dobru 7 minut a 47 sekund.<\/p>\n<p>*** <strong>J\u00e9r\u00f4me Pelichet<\/strong> (MD) se d\u00edky dne\u0161n\u00edmu v\u00fdkonu posunul ze 7. na 3. pozici (+43:37).<\/p>\n<p>*** <a href=\"https:\/\/www.dakarmania.cz\/index.php\/osobnosti\/tomas-ourednicek\/\"><strong>Tom\u00e1\u0161 Ou\u0159edn\u00ed\u010dek<\/strong><\/a> s <a href=\"https:\/\/www.dakarmania.cz\/index.php\/osobnosti\/david-kripal\/\"><strong>Davidem K\u0159\u00edpalem<\/strong><\/a> (Ford) <strong>ztratili<\/strong> v\u00edce ne\u017e hodinu kv\u016fli oprav\u011b utr\u017een\u00e9 poloosy a v pr\u016fb\u011b\u017en\u00e9m po\u0159ad\u00ed klesli z 8. na 12. m\u00edsto (+1:49:01).<\/p>\n<h4>SxS: Nov\u00fdm leaderem \u0160pan\u011bl Herrador<\/h4>\n<p>*** Z <strong>prvn\u00edho etapov\u00e9ho v\u00edt\u011bzstv\u00ed<\/strong> se v pond\u011bl\u00ed radovali <strong>St\u00e9phane Chambon<\/strong> a Antoine Paque (Can-Am). Francouzi d\u00edky tomu posko\u010dili ze 17. na 8. pozici (+54:46).<\/p>\n<p>*** Francouz <strong>Philippe Pinchedez<\/strong> (Can-Am) ztratil v\u00edce ne\u017e p\u016fl hodiny (v etap\u011b 9.) a p\u0159i\u0161el o veden\u00ed v z\u00e1vod\u011b, kter\u00e9ho se ujal dnes t\u0159et\u00ed (+5:14) \u0160pan\u011bl <strong>Javier Herrador<\/strong> (Can-Am). Pinchedez je se ztr\u00e1tou necel\u00fdch 12 minut druh\u00fd.[\/vc_column_text][vc_single_image image=&#8221;5391&#8243; img_size=&#8221;large&#8221; add_caption=&#8221;yes&#8221; alignment=&#8221;center&#8221;][vc_column_text]<\/p>\n<h4>Kamiony: Prvn\u00ed etapov\u00e9 v\u00edt\u011bzstv\u00ed pro Vi\u0161n\u011bvsk\u00e9ho<\/h4>\n<p>*** <strong>Alexej Vi\u0161n\u011bvskij<\/strong> (MAZ) <strong>vyhr\u00e1l t\u0159et\u00ed etapu<\/strong> s n\u00e1skokem minuty a 43 sekund p\u0159ed <strong>Roelandem Voermanem<\/strong> (MAN). Nizozemec <strong>udr\u017eel veden\u00ed<\/strong> v pr\u016fb\u011b\u017en\u00e9m hodnocen\u00ed a sv\u016fj n\u00e1skok p\u0159ed druh\u00fdm Peterem Versluisem (MAN) zv\u00fd\u0161il na 14:27 min.<\/p>\n<p>*** Na t\u0159et\u00ed p\u0159\u00ed\u010dku absolutn\u011b (+26:48) se posunul dnes \u010dtvrt\u00fd (+4:25) <strong>Sergej Vjazovi\u010d<\/strong> s nov\u00fdm kapotovan\u00fdm Mazem 6440RR. B\u011blorus\u016fv t\u00fdmov\u00fd kolega a v\u00edt\u011bz etapy Vi\u0161n\u011bvskij je celkov\u011b \u010dtvrt\u00fd (+27:12).<\/p>\n<p>*** Piloti t\u00fdmu MAZ-Sportauto dnes p\u0159edstihli <strong>Igora Bouwense<\/strong> (Iveco) a <strong>Martina van den Brinka<\/strong> (Renault), kte\u0159\u00ed klesli ze 3. na 5., resp. ze 4. na 6. p\u0159\u00ed\u010dku.<\/p>\n<p>*** Od prvn\u00edho mezi\u010dasu ud\u00e1val tempo <strong>Ton van Genugten<\/strong> s Ivecem t\u00fdmu De Rooy. 10minutov\u00e1 penalizace v\u0161ak Nizozemce odsunula ve v\u00fdsledc\u00edch etapy na 6. p\u0159\u00ed\u010dku (+11:57), celkov\u011b je sedm\u00fd (+39:39).<\/p>\n<p>*** V \u00fater\u00fd 16. dubna pokra\u010duje sout\u011b\u017e <strong>\u010dtvrtou etapou<\/strong> z Assy do Foum Zguidu. I tentokr\u00e1t se cel\u00fdch 425 kilometr\u016f pojede na \u010das. Na programu je pr\u016fjezd nejv\u011bt\u0161\u00edm vojensk\u00fdm prostorem na jihu Maroka. Tra\u0165 by m\u011bla b\u00fdt po cel\u00fd den velmi rychl\u00e1. Pos\u00e1dky se mus\u00ed p\u0159ipravit na mno\u017estv\u00ed skok\u016f.[\/vc_column_text][\/vc_column][\/vc_row]<\/p>\n","protected":false},"excerpt":{"rendered":"<p>Tom\u00e1\u0161 Ou\u0159edn\u00ed\u010dek vypadl po 3. etap\u011b Morocco Desert Challenge z prvn\u00ed des\u00edtky hodnocen\u00ed automobil\u016f. Z jezdc\u016f \u010desk\u00fdch t\u00fdm\u016f si nejl\u00e9pe po\u010d\u00ednal Skyler Howes.<\/p>\n","protected":false},"author":1,"featured_media":5295,"comment_status":"open","ping_status":"closed","sticky":false,"template":"","format":"standard","meta":{"footnotes":""},"categories":[301],"tags":[425,895,609,908,95,890,10,896,883,11,60,913,64,163,164,910,313,905,108,57,63,166,892,891,78,160,610,177,302,244,176,888,884,912,59,210,909,77,911,904,161,894,61,517,907,224,7,141,238,201,906,168,893,889],"class_list":["post-5387","post","type-post","status-publish","format-standard","has-post-thumbnail","hentry","category-morocco-desert-challenge","tag-425","tag-alex-brusselers","tag-alexej-visnevskij","tag-antoine-paque","tag-can-am","tag-czech-beer-rally-team","tag-david-kripal","tag-e-atv","tag-erik-van-loon","tag-ford","tag-gee-motzkin","tag-gilad-gotfried","tag-husqvarna","tag-igor-bouwens","tag-iveco","tag-javier-herrador","tag-jean-pascal-besson","tag-jerome-pelichet","tag-joan-pedrero","tag-klymciw-racing","tag-ktm","tag-man","tag-marian-stary","tag-martin-novotny","tag-martin-van-den-brink","tag-maz","tag-maz-sportauto","tag-md-rallye-sport","tag-morocco-desert-challenge","tag-morocco-desert-challenge-2019","tag-optimus-md","tag-paul-spierings","tag-paulo-ferreira","tag-peter-versluis","tag-petr-vlcek","tag-peugeot","tag-philippe-pinchedez","tag-renault","tag-roeland-voerman","tag-sebastien-delaunay","tag-sergej-vjazovic","tag-simon-vitse","tag-skyler-howes","tag-south-racing-ce","tag-stephane-chambon","tag-team-de-rooy","tag-tomas-ourednicek","tag-tomas-tomecek","tag-ton-van-genugten","tag-toyota","tag-wouter-rosegaar","tag-yamaha","tag-zbynek-olmer","tag-zbynek-olmer-jun"],"yoast_head":"<!-- This site is optimized with the Yoast SEO plugin v24.9 - https:\/\/yoast.com\/wordpress\/plugins\/seo\/ -->\n<title>St\u0159\u00edpky z MDC: Ou\u0159edn\u00ed\u010dek ztratil, motorky st\u00e1le nap\u00ednav\u00e9 - DAKARMANIA.cz<\/title>\n<meta name=\"description\" content=\"Tom\u00e1\u0161 Ou\u0159edn\u00ed\u010dek vypadl po 3. etap\u011b Morocco Desert Challenge z prvn\u00ed des\u00edtky hodnocen\u00ed automobil\u016f. Z jezdc\u016f \u010desk\u00fdch t\u00fdm\u016f si nejl\u00e9pe po\u010d\u00ednal Skyler Howes.\" \/>\n<meta name=\"robots\" content=\"index, follow, max-snippet:-1, max-image-preview:large, max-video-preview:-1\" \/>\n<link rel=\"canonical\" href=\"https:\/\/www.dakarmania.cz\/index.php\/2019\/04\/15\/stripky-z-mdc-ourednicek-ztratil-motorky-stale-napinave\/\" \/>\n<meta property=\"og:locale\" content=\"cs_CZ\" \/>\n<meta property=\"og:type\" content=\"article\" \/>\n<meta property=\"og:title\" content=\"St\u0159\u00edpky z MDC: Ou\u0159edn\u00ed\u010dek ztratil, motorky st\u00e1le nap\u00ednav\u00e9 - DAKARMANIA.cz\" \/>\n<meta property=\"og:description\" content=\"Tom\u00e1\u0161 Ou\u0159edn\u00ed\u010dek vypadl po 3. etap\u011b Morocco Desert Challenge z prvn\u00ed des\u00edtky hodnocen\u00ed automobil\u016f. Z jezdc\u016f \u010desk\u00fdch t\u00fdm\u016f si nejl\u00e9pe po\u010d\u00ednal Skyler Howes.\" \/>\n<meta property=\"og:url\" content=\"https:\/\/www.dakarmania.cz\/index.php\/2019\/04\/15\/stripky-z-mdc-ourednicek-ztratil-motorky-stale-napinave\/\" \/>\n<meta property=\"og:site_name\" content=\"DAKARMANIA.cz\" \/>\n<meta property=\"article:publisher\" content=\"https:\/\/www.facebook.com\/dakarmania\/\" \/>\n<meta property=\"article:published_time\" content=\"2019-04-15T15:49:34+00:00\" \/>\n<meta property=\"article:modified_time\" content=\"2021-08-25T22:24:14+00:00\" \/>\n<meta property=\"og:image\" content=\"https:\/\/www.dakarmania.cz\/wp-content\/uploads\/2019\/04\/19-mdc-ourednicek-01.jpg\" \/>\n\t<meta property=\"og:image:width\" content=\"1500\" \/>\n\t<meta property=\"og:image:height\" content=\"1000\" \/>\n\t<meta property=\"og:image:type\" content=\"image\/jpeg\" \/>\n<meta name=\"author\" content=\"Zden\u011bk Zelenka\" \/>\n<meta name=\"twitter:card\" content=\"summary_large_image\" \/>\n<meta name=\"twitter:label1\" content=\"Napsal(a)\" \/>\n\t<meta name=\"twitter:data1\" content=\"Zden\u011bk Zelenka\" \/>\n\t<meta name=\"twitter:label2\" content=\"Odhadovan\u00e1 doba \u010dten\u00ed\" \/>\n\t<meta name=\"twitter:data2\" content=\"6 minut\" \/>\n<script type=\"application\/ld+json\" class=\"yoast-schema-graph\">{\"@context\":\"https:\/\/schema.org\",\"@graph\":[{\"@type\":\"Article\",\"@id\":\"https:\/\/www.dakarmania.cz\/index.php\/2019\/04\/15\/stripky-z-mdc-ourednicek-ztratil-motorky-stale-napinave\/#article\",\"isPartOf\":{\"@id\":\"https:\/\/www.dakarmania.cz\/index.php\/2019\/04\/15\/stripky-z-mdc-ourednicek-ztratil-motorky-stale-napinave\/\"},\"author\":{\"name\":\"Zden\u011bk Zelenka\",\"@id\":\"https:\/\/www.dakarmania.cz\/#\/schema\/person\/04eb0e87a389631c2169c0dddae7ff1e\"},\"headline\":\"St\u0159\u00edpky z MDC: Ou\u0159edn\u00ed\u010dek ztratil, motorky st\u00e1le nap\u00ednav\u00e9\",\"datePublished\":\"2019-04-15T15:49:34+00:00\",\"dateModified\":\"2021-08-25T22:24:14+00:00\",\"mainEntityOfPage\":{\"@id\":\"https:\/\/www.dakarmania.cz\/index.php\/2019\/04\/15\/stripky-z-mdc-ourednicek-ztratil-motorky-stale-napinave\/\"},\"wordCount\":1135,\"commentCount\":0,\"publisher\":{\"@id\":\"https:\/\/www.dakarmania.cz\/#organization\"},\"image\":{\"@id\":\"https:\/\/www.dakarmania.cz\/index.php\/2019\/04\/15\/stripky-z-mdc-ourednicek-ztratil-motorky-stale-napinave\/#primaryimage\"},\"thumbnailUrl\":\"https:\/\/www.dakarmania.cz\/wp-content\/uploads\/2019\/04\/19-mdc-ourednicek-01.jpg\",\"keywords\":[\"2019\",\"Alex Brusselers\",\"Alexej Vi\u0161n\u011bvskij\",\"Antoine Paque\",\"Can-Am\",\"Czech Beer Rally Team\",\"David K\u0159\u00edpal\",\"E-ATV\",\"Erik van Loon\",\"Ford\",\"Gee Motzkin\",\"Gilad Gotfried\",\"Husqvarna\",\"Igor Bouwens\",\"Iveco\",\"Javier Herrador\",\"Jean-Pascal Besson\",\"J\u00e9r\u00f4me Pelichet\",\"Joan Pedrero\",\"Klym\u010diw Racing\",\"KTM\",\"MAN\",\"Marian Star\u00fd\",\"Martin Novotn\u00fd\",\"Martin van den Brink\",\"MAZ\",\"MAZ-Sportauto\",\"MD Rallye Sport\",\"Morocco Desert Challenge\",\"Morocco Desert Challenge 2019\",\"Optimus MD\",\"Paul Spierings\",\"Paulo Ferreira\",\"Peter Versluis\",\"Petr Vl\u010dek\",\"Peugeot\",\"Philippe Pinchedez\",\"Renault\",\"Roeland Voerman\",\"S\u00e9bastien Delaunay\",\"Sergej Vjazovi\u010d\",\"Simon Vitse\",\"Skyler Howes\",\"South Racing CE\",\"St\u00e9phane Chambon\",\"Team De Rooy\",\"Tom\u00e1\u0161 Ou\u0159edn\u00ed\u010dek\",\"Tom\u00e1\u0161 Tome\u010dek\",\"Ton van Genugten\",\"Toyota\",\"Wouter Rosegaar\",\"Yamaha\",\"Zbyn\u011bk Olmer\",\"Zbyn\u011bk Olmer jun.\"],\"articleSection\":[\"Morocco Desert Challenge\"],\"inLanguage\":\"cs\",\"potentialAction\":[{\"@type\":\"CommentAction\",\"name\":\"Comment\",\"target\":[\"https:\/\/www.dakarmania.cz\/index.php\/2019\/04\/15\/stripky-z-mdc-ourednicek-ztratil-motorky-stale-napinave\/#respond\"]}]},{\"@type\":\"WebPage\",\"@id\":\"https:\/\/www.dakarmania.cz\/index.php\/2019\/04\/15\/stripky-z-mdc-ourednicek-ztratil-motorky-stale-napinave\/\",\"url\":\"https:\/\/www.dakarmania.cz\/index.php\/2019\/04\/15\/stripky-z-mdc-ourednicek-ztratil-motorky-stale-napinave\/\",\"name\":\"St\u0159\u00edpky z MDC: Ou\u0159edn\u00ed\u010dek ztratil, motorky st\u00e1le nap\u00ednav\u00e9 - DAKARMANIA.cz\",\"isPartOf\":{\"@id\":\"https:\/\/www.dakarmania.cz\/#website\"},\"primaryImageOfPage\":{\"@id\":\"https:\/\/www.dakarmania.cz\/index.php\/2019\/04\/15\/stripky-z-mdc-ourednicek-ztratil-motorky-stale-napinave\/#primaryimage\"},\"image\":{\"@id\":\"https:\/\/www.dakarmania.cz\/index.php\/2019\/04\/15\/stripky-z-mdc-ourednicek-ztratil-motorky-stale-napinave\/#primaryimage\"},\"thumbnailUrl\":\"https:\/\/www.dakarmania.cz\/wp-content\/uploads\/2019\/04\/19-mdc-ourednicek-01.jpg\",\"datePublished\":\"2019-04-15T15:49:34+00:00\",\"dateModified\":\"2021-08-25T22:24:14+00:00\",\"description\":\"Tom\u00e1\u0161 Ou\u0159edn\u00ed\u010dek vypadl po 3. etap\u011b Morocco Desert Challenge z prvn\u00ed des\u00edtky hodnocen\u00ed automobil\u016f. Z jezdc\u016f \u010desk\u00fdch t\u00fdm\u016f si nejl\u00e9pe po\u010d\u00ednal Skyler Howes.\",\"breadcrumb\":{\"@id\":\"https:\/\/www.dakarmania.cz\/index.php\/2019\/04\/15\/stripky-z-mdc-ourednicek-ztratil-motorky-stale-napinave\/#breadcrumb\"},\"inLanguage\":\"cs\",\"potentialAction\":[{\"@type\":\"ReadAction\",\"target\":[\"https:\/\/www.dakarmania.cz\/index.php\/2019\/04\/15\/stripky-z-mdc-ourednicek-ztratil-motorky-stale-napinave\/\"]}]},{\"@type\":\"ImageObject\",\"inLanguage\":\"cs\",\"@id\":\"https:\/\/www.dakarmania.cz\/index.php\/2019\/04\/15\/stripky-z-mdc-ourednicek-ztratil-motorky-stale-napinave\/#primaryimage\",\"url\":\"https:\/\/www.dakarmania.cz\/wp-content\/uploads\/2019\/04\/19-mdc-ourednicek-01.jpg\",\"contentUrl\":\"https:\/\/www.dakarmania.cz\/wp-content\/uploads\/2019\/04\/19-mdc-ourednicek-01.jpg\",\"width\":1500,\"height\":1000,\"caption\":\"Tom\u00e1\u0161 Ou\u0159edn\u00ed\u010dek\/David K\u0159\u00edpal, Ford Ranger Dakar, South Racing CE. Morocco Desert Challenge 2019. \u00a9 MDC Media\/Rallymaniacs\"},{\"@type\":\"BreadcrumbList\",\"@id\":\"https:\/\/www.dakarmania.cz\/index.php\/2019\/04\/15\/stripky-z-mdc-ourednicek-ztratil-motorky-stale-napinave\/#breadcrumb\",\"itemListElement\":[{\"@type\":\"ListItem\",\"position\":1,\"name\":\"Dom\u016f\",\"item\":\"https:\/\/www.dakarmania.cz\/\"},{\"@type\":\"ListItem\",\"position\":2,\"name\":\"St\u0159\u00edpky z MDC: Ou\u0159edn\u00ed\u010dek ztratil, motorky st\u00e1le nap\u00ednav\u00e9\"}]},{\"@type\":\"WebSite\",\"@id\":\"https:\/\/www.dakarmania.cz\/#website\",\"url\":\"https:\/\/www.dakarmania.cz\/\",\"name\":\"DAKARMANIA.cz\",\"description\":\"\u017dijeme Dakarem cel\u00fd rok\",\"publisher\":{\"@id\":\"https:\/\/www.dakarmania.cz\/#organization\"},\"potentialAction\":[{\"@type\":\"SearchAction\",\"target\":{\"@type\":\"EntryPoint\",\"urlTemplate\":\"https:\/\/www.dakarmania.cz\/?s={search_term_string}\"},\"query-input\":{\"@type\":\"PropertyValueSpecification\",\"valueRequired\":true,\"valueName\":\"search_term_string\"}}],\"inLanguage\":\"cs\"},{\"@type\":\"Organization\",\"@id\":\"https:\/\/www.dakarmania.cz\/#organization\",\"name\":\"DAKAR MANIA\",\"url\":\"https:\/\/www.dakarmania.cz\/\",\"logo\":{\"@type\":\"ImageObject\",\"inLanguage\":\"cs\",\"@id\":\"https:\/\/www.dakarmania.cz\/#\/schema\/logo\/image\/\",\"url\":\"https:\/\/www.dakarmania.cz\/wp-content\/uploads\/2018\/12\/Dakar-Mania-Logo-Square-Orange.png\",\"contentUrl\":\"https:\/\/www.dakarmania.cz\/wp-content\/uploads\/2018\/12\/Dakar-Mania-Logo-Square-Orange.png\",\"width\":992,\"height\":992,\"caption\":\"DAKAR MANIA\"},\"image\":{\"@id\":\"https:\/\/www.dakarmania.cz\/#\/schema\/logo\/image\/\"},\"sameAs\":[\"https:\/\/www.facebook.com\/dakarmania\/\"]},{\"@type\":\"Person\",\"@id\":\"https:\/\/www.dakarmania.cz\/#\/schema\/person\/04eb0e87a389631c2169c0dddae7ff1e\",\"name\":\"Zden\u011bk Zelenka\",\"image\":{\"@type\":\"ImageObject\",\"inLanguage\":\"cs\",\"@id\":\"https:\/\/www.dakarmania.cz\/#\/schema\/person\/image\/\",\"url\":\"https:\/\/secure.gravatar.com\/avatar\/2c80d5a4942fe0900b73cc7d3837a509d6ee0a276a2b76dac95c92bd0763a89b?s=96&d=mm&r=g\",\"contentUrl\":\"https:\/\/secure.gravatar.com\/avatar\/2c80d5a4942fe0900b73cc7d3837a509d6ee0a276a2b76dac95c92bd0763a89b?s=96&d=mm&r=g\",\"caption\":\"Zden\u011bk Zelenka\"},\"description\":\"Moji d\u011bt\u0161t\u00ed hrdinov\u00e9 se jmenovali Loprais, Moskal, Neveu, Vatanen, Rahier... A tihle borci, jejich n\u00e1sledovn\u00edci a jejich p\u0159\u00edb\u011bhy m\u011b nep\u0159estali fascinovat ani po letech, kdy jsem vyrostl a zam\u011bstn\u00e1valy m\u011b jin\u00e9 discipl\u00edny motorsportu. Proto se zrodila DAKARMANIA.\",\"url\":\"https:\/\/www.dakarmania.cz\/index.php\/author\/dakarmania\/\"}]}<\/script>\n<!-- \/ Yoast SEO plugin. -->","yoast_head_json":{"title":"St\u0159\u00edpky z MDC: Ou\u0159edn\u00ed\u010dek ztratil, motorky st\u00e1le nap\u00ednav\u00e9 - DAKARMANIA.cz","description":"Tom\u00e1\u0161 Ou\u0159edn\u00ed\u010dek vypadl po 3. etap\u011b Morocco Desert Challenge z prvn\u00ed des\u00edtky hodnocen\u00ed automobil\u016f. Z jezdc\u016f \u010desk\u00fdch t\u00fdm\u016f si nejl\u00e9pe po\u010d\u00ednal Skyler Howes.","robots":{"index":"index","follow":"follow","max-snippet":"max-snippet:-1","max-image-preview":"max-image-preview:large","max-video-preview":"max-video-preview:-1"},"canonical":"https:\/\/www.dakarmania.cz\/index.php\/2019\/04\/15\/stripky-z-mdc-ourednicek-ztratil-motorky-stale-napinave\/","og_locale":"cs_CZ","og_type":"article","og_title":"St\u0159\u00edpky z MDC: Ou\u0159edn\u00ed\u010dek ztratil, motorky st\u00e1le nap\u00ednav\u00e9 - DAKARMANIA.cz","og_description":"Tom\u00e1\u0161 Ou\u0159edn\u00ed\u010dek vypadl po 3. etap\u011b Morocco Desert Challenge z prvn\u00ed des\u00edtky hodnocen\u00ed automobil\u016f. Z jezdc\u016f \u010desk\u00fdch t\u00fdm\u016f si nejl\u00e9pe po\u010d\u00ednal Skyler Howes.","og_url":"https:\/\/www.dakarmania.cz\/index.php\/2019\/04\/15\/stripky-z-mdc-ourednicek-ztratil-motorky-stale-napinave\/","og_site_name":"DAKARMANIA.cz","article_publisher":"https:\/\/www.facebook.com\/dakarmania\/","article_published_time":"2019-04-15T15:49:34+00:00","article_modified_time":"2021-08-25T22:24:14+00:00","og_image":[{"width":1500,"height":1000,"url":"https:\/\/www.dakarmania.cz\/wp-content\/uploads\/2019\/04\/19-mdc-ourednicek-01.jpg","type":"image\/jpeg"}],"author":"Zden\u011bk Zelenka","twitter_card":"summary_large_image","twitter_misc":{"Napsal(a)":"Zden\u011bk Zelenka","Odhadovan\u00e1 doba \u010dten\u00ed":"6 minut"},"schema":{"@context":"https:\/\/schema.org","@graph":[{"@type":"Article","@id":"https:\/\/www.dakarmania.cz\/index.php\/2019\/04\/15\/stripky-z-mdc-ourednicek-ztratil-motorky-stale-napinave\/#article","isPartOf":{"@id":"https:\/\/www.dakarmania.cz\/index.php\/2019\/04\/15\/stripky-z-mdc-ourednicek-ztratil-motorky-stale-napinave\/"},"author":{"name":"Zden\u011bk Zelenka","@id":"https:\/\/www.dakarmania.cz\/#\/schema\/person\/04eb0e87a389631c2169c0dddae7ff1e"},"headline":"St\u0159\u00edpky z MDC: Ou\u0159edn\u00ed\u010dek ztratil, motorky st\u00e1le nap\u00ednav\u00e9","datePublished":"2019-04-15T15:49:34+00:00","dateModified":"2021-08-25T22:24:14+00:00","mainEntityOfPage":{"@id":"https:\/\/www.dakarmania.cz\/index.php\/2019\/04\/15\/stripky-z-mdc-ourednicek-ztratil-motorky-stale-napinave\/"},"wordCount":1135,"commentCount":0,"publisher":{"@id":"https:\/\/www.dakarmania.cz\/#organization"},"image":{"@id":"https:\/\/www.dakarmania.cz\/index.php\/2019\/04\/15\/stripky-z-mdc-ourednicek-ztratil-motorky-stale-napinave\/#primaryimage"},"thumbnailUrl":"https:\/\/www.dakarmania.cz\/wp-content\/uploads\/2019\/04\/19-mdc-ourednicek-01.jpg","keywords":["2019","Alex Brusselers","Alexej Vi\u0161n\u011bvskij","Antoine Paque","Can-Am","Czech Beer Rally Team","David K\u0159\u00edpal","E-ATV","Erik van Loon","Ford","Gee Motzkin","Gilad Gotfried","Husqvarna","Igor Bouwens","Iveco","Javier Herrador","Jean-Pascal Besson","J\u00e9r\u00f4me Pelichet","Joan Pedrero","Klym\u010diw Racing","KTM","MAN","Marian Star\u00fd","Martin Novotn\u00fd","Martin van den Brink","MAZ","MAZ-Sportauto","MD Rallye Sport","Morocco Desert Challenge","Morocco Desert Challenge 2019","Optimus MD","Paul Spierings","Paulo Ferreira","Peter Versluis","Petr Vl\u010dek","Peugeot","Philippe Pinchedez","Renault","Roeland Voerman","S\u00e9bastien Delaunay","Sergej Vjazovi\u010d","Simon Vitse","Skyler Howes","South Racing CE","St\u00e9phane Chambon","Team De Rooy","Tom\u00e1\u0161 Ou\u0159edn\u00ed\u010dek","Tom\u00e1\u0161 Tome\u010dek","Ton van Genugten","Toyota","Wouter Rosegaar","Yamaha","Zbyn\u011bk Olmer","Zbyn\u011bk Olmer jun."],"articleSection":["Morocco Desert Challenge"],"inLanguage":"cs","potentialAction":[{"@type":"CommentAction","name":"Comment","target":["https:\/\/www.dakarmania.cz\/index.php\/2019\/04\/15\/stripky-z-mdc-ourednicek-ztratil-motorky-stale-napinave\/#respond"]}]},{"@type":"WebPage","@id":"https:\/\/www.dakarmania.cz\/index.php\/2019\/04\/15\/stripky-z-mdc-ourednicek-ztratil-motorky-stale-napinave\/","url":"https:\/\/www.dakarmania.cz\/index.php\/2019\/04\/15\/stripky-z-mdc-ourednicek-ztratil-motorky-stale-napinave\/","name":"St\u0159\u00edpky z MDC: Ou\u0159edn\u00ed\u010dek ztratil, motorky st\u00e1le nap\u00ednav\u00e9 - DAKARMANIA.cz","isPartOf":{"@id":"https:\/\/www.dakarmania.cz\/#website"},"primaryImageOfPage":{"@id":"https:\/\/www.dakarmania.cz\/index.php\/2019\/04\/15\/stripky-z-mdc-ourednicek-ztratil-motorky-stale-napinave\/#primaryimage"},"image":{"@id":"https:\/\/www.dakarmania.cz\/index.php\/2019\/04\/15\/stripky-z-mdc-ourednicek-ztratil-motorky-stale-napinave\/#primaryimage"},"thumbnailUrl":"https:\/\/www.dakarmania.cz\/wp-content\/uploads\/2019\/04\/19-mdc-ourednicek-01.jpg","datePublished":"2019-04-15T15:49:34+00:00","dateModified":"2021-08-25T22:24:14+00:00","description":"Tom\u00e1\u0161 Ou\u0159edn\u00ed\u010dek vypadl po 3. etap\u011b Morocco Desert Challenge z prvn\u00ed des\u00edtky hodnocen\u00ed automobil\u016f. Z jezdc\u016f \u010desk\u00fdch t\u00fdm\u016f si nejl\u00e9pe po\u010d\u00ednal Skyler Howes.","breadcrumb":{"@id":"https:\/\/www.dakarmania.cz\/index.php\/2019\/04\/15\/stripky-z-mdc-ourednicek-ztratil-motorky-stale-napinave\/#breadcrumb"},"inLanguage":"cs","potentialAction":[{"@type":"ReadAction","target":["https:\/\/www.dakarmania.cz\/index.php\/2019\/04\/15\/stripky-z-mdc-ourednicek-ztratil-motorky-stale-napinave\/"]}]},{"@type":"ImageObject","inLanguage":"cs","@id":"https:\/\/www.dakarmania.cz\/index.php\/2019\/04\/15\/stripky-z-mdc-ourednicek-ztratil-motorky-stale-napinave\/#primaryimage","url":"https:\/\/www.dakarmania.cz\/wp-content\/uploads\/2019\/04\/19-mdc-ourednicek-01.jpg","contentUrl":"https:\/\/www.dakarmania.cz\/wp-content\/uploads\/2019\/04\/19-mdc-ourednicek-01.jpg","width":1500,"height":1000,"caption":"Tom\u00e1\u0161 Ou\u0159edn\u00ed\u010dek\/David K\u0159\u00edpal, Ford Ranger Dakar, South Racing CE. Morocco Desert Challenge 2019. \u00a9 MDC Media\/Rallymaniacs"},{"@type":"BreadcrumbList","@id":"https:\/\/www.dakarmania.cz\/index.php\/2019\/04\/15\/stripky-z-mdc-ourednicek-ztratil-motorky-stale-napinave\/#breadcrumb","itemListElement":[{"@type":"ListItem","position":1,"name":"Dom\u016f","item":"https:\/\/www.dakarmania.cz\/"},{"@type":"ListItem","position":2,"name":"St\u0159\u00edpky z MDC: Ou\u0159edn\u00ed\u010dek ztratil, motorky st\u00e1le nap\u00ednav\u00e9"}]},{"@type":"WebSite","@id":"https:\/\/www.dakarmania.cz\/#website","url":"https:\/\/www.dakarmania.cz\/","name":"DAKARMANIA.cz","description":"\u017dijeme Dakarem cel\u00fd rok","publisher":{"@id":"https:\/\/www.dakarmania.cz\/#organization"},"potentialAction":[{"@type":"SearchAction","target":{"@type":"EntryPoint","urlTemplate":"https:\/\/www.dakarmania.cz\/?s={search_term_string}"},"query-input":{"@type":"PropertyValueSpecification","valueRequired":true,"valueName":"search_term_string"}}],"inLanguage":"cs"},{"@type":"Organization","@id":"https:\/\/www.dakarmania.cz\/#organization","name":"DAKAR MANIA","url":"https:\/\/www.dakarmania.cz\/","logo":{"@type":"ImageObject","inLanguage":"cs","@id":"https:\/\/www.dakarmania.cz\/#\/schema\/logo\/image\/","url":"https:\/\/www.dakarmania.cz\/wp-content\/uploads\/2018\/12\/Dakar-Mania-Logo-Square-Orange.png","contentUrl":"https:\/\/www.dakarmania.cz\/wp-content\/uploads\/2018\/12\/Dakar-Mania-Logo-Square-Orange.png","width":992,"height":992,"caption":"DAKAR MANIA"},"image":{"@id":"https:\/\/www.dakarmania.cz\/#\/schema\/logo\/image\/"},"sameAs":["https:\/\/www.facebook.com\/dakarmania\/"]},{"@type":"Person","@id":"https:\/\/www.dakarmania.cz\/#\/schema\/person\/04eb0e87a389631c2169c0dddae7ff1e","name":"Zden\u011bk Zelenka","image":{"@type":"ImageObject","inLanguage":"cs","@id":"https:\/\/www.dakarmania.cz\/#\/schema\/person\/image\/","url":"https:\/\/secure.gravatar.com\/avatar\/2c80d5a4942fe0900b73cc7d3837a509d6ee0a276a2b76dac95c92bd0763a89b?s=96&d=mm&r=g","contentUrl":"https:\/\/secure.gravatar.com\/avatar\/2c80d5a4942fe0900b73cc7d3837a509d6ee0a276a2b76dac95c92bd0763a89b?s=96&d=mm&r=g","caption":"Zden\u011bk Zelenka"},"description":"Moji d\u011bt\u0161t\u00ed hrdinov\u00e9 se jmenovali Loprais, Moskal, Neveu, Vatanen, Rahier... A tihle borci, jejich n\u00e1sledovn\u00edci a jejich p\u0159\u00edb\u011bhy m\u011b nep\u0159estali fascinovat ani po letech, kdy jsem vyrostl a zam\u011bstn\u00e1valy m\u011b jin\u00e9 discipl\u00edny motorsportu. Proto se zrodila DAKARMANIA.","url":"https:\/\/www.dakarmania.cz\/index.php\/author\/dakarmania\/"}]}},"amp_enabled":true,"_links":{"self":[{"href":"https:\/\/www.dakarmania.cz\/index.php\/wp-json\/wp\/v2\/posts\/5387","targetHints":{"allow":["GET"]}}],"collection":[{"href":"https:\/\/www.dakarmania.cz\/index.php\/wp-json\/wp\/v2\/posts"}],"about":[{"href":"https:\/\/www.dakarmania.cz\/index.php\/wp-json\/wp\/v2\/types\/post"}],"author":[{"embeddable":true,"href":"https:\/\/www.dakarmania.cz\/index.php\/wp-json\/wp\/v2\/users\/1"}],"replies":[{"embeddable":true,"href":"https:\/\/www.dakarmania.cz\/index.php\/wp-json\/wp\/v2\/comments?post=5387"}],"version-history":[{"count":8,"href":"https:\/\/www.dakarmania.cz\/index.php\/wp-json\/wp\/v2\/posts\/5387\/revisions"}],"predecessor-version":[{"id":23214,"href":"https:\/\/www.dakarmania.cz\/index.php\/wp-json\/wp\/v2\/posts\/5387\/revisions\/23214"}],"wp:featuredmedia":[{"embeddable":true,"href":"https:\/\/www.dakarmania.cz\/index.php\/wp-json\/wp\/v2\/media\/5295"}],"wp:attachment":[{"href":"https:\/\/www.dakarmania.cz\/index.php\/wp-json\/wp\/v2\/media?parent=5387"}],"wp:term":[{"taxonomy":"category","embeddable":true,"href":"https:\/\/www.dakarmania.cz\/index.php\/wp-json\/wp\/v2\/categories?post=5387"},{"taxonomy":"post_tag","embeddable":true,"href":"https:\/\/www.dakarmania.cz\/index.php\/wp-json\/wp\/v2\/tags?post=5387"}],"curies":[{"name":"wp","href":"https:\/\/api.w.org\/{rel}","templated":true}]}}