{"id":5417,"date":"2019-04-16T10:59:57","date_gmt":"2019-04-16T08:59:57","guid":{"rendered":"https:\/\/www.dakarmania.cz\/?p=5417"},"modified":"2023-08-23T09:28:52","modified_gmt":"2023-08-23T07:28:52","slug":"prvni-narozeniny-a-jedna-hnaci-hridel","status":"publish","type":"post","link":"https:\/\/www.dakarmania.cz\/index.php\/2019\/04\/16\/prvni-narozeniny-a-jedna-hnaci-hridel\/","title":{"rendered":"Prvn\u00ed narozeniny a jedna hnac\u00ed h\u0159\u00eddel"},"content":{"rendered":"<p>[vc_row][vc_column][vc_column_text]<\/p>\n<h4>Tom\u00e1\u0161 Ou\u0159edn\u00ed\u010dek a David K\u0159\u00edpal v\u010dera oslavili narozeniny \u2013 prvn\u00ed v\u00fdro\u010d\u00ed p\u0159e\u017eit\u00ed hororov\u00e9 nehody v prvn\u00ed etap\u011b Morocco Desert Challenge 2018. Bohu\u017eel, oslava nebyla tak \u0161\u0165astn\u00e1, jak m\u011bla b\u00fdt. M\u00edsto narozeninov\u00e9ho dortu se museli vyrovnat s rozbitou hnac\u00ed h\u0159\u00eddel\u00ed, ztratili d\u016fle\u017eit\u00fd \u010das.<\/h4>\n<p><em>\u201eDnes jsme ztratili spoustu \u010dasu kv\u016fli zlomen\u00e9 hnac\u00ed h\u0159\u00eddeli. Tak\u00e9 jsme m\u011bli n\u011bjak\u00fd naviga\u010dn\u00ed probl\u00e9m, jako t\u00e9m\u011b\u0159 v\u0161echny t\u00fdmy. Den za\u010dal pro n\u00e1s dob\u0159e, byli jsme rychl\u00ed, m\u011bli jsme dobr\u00e9 tempo, p\u0159edj\u00ed\u017ed\u011bli auta a kamiony. P\u0159edjet\u00ed jednoho kamionu n\u00e1m trvalo t\u00e9m\u011b\u0159 hodinu, a kdy\u017e nastaly na\u0161e technick\u00e9 probl\u00e9my, op\u011bt se dostal p\u0159ed n\u00e1s.\u201c<\/em><\/p>\n<p><em>\u201eP\u0159i neutralizaci jsme auto zkontrolovali a zjistili jsme, \u017ee byl rozbit\u00fd hnac\u00ed h\u0159\u00eddel. Opravili jsme to, ale trvalo to moc dlouho. T\u011bsn\u011b p\u0159ed c\u00edlem se dvakr\u00e1t auto zastavilo, ale po resetu se poda\u0159ilo znovu \u201ao\u017eivit\u2018. Mysl\u00edm, \u017ee n\u00e1s dne\u0161n\u00ed \u010dasov\u00e1 ztr\u00e1t\u011b p\u0159ipravila o nad\u011bji na dobr\u00fd v\u00fdsledek, ale st\u00e1le jsme v z\u00e1vod\u011b, a to je v tuto chv\u00edli d\u016fle\u017eit\u00e9,\u201c<\/em> \u0159ekl <a href=\"https:\/\/www.dakarmania.cz\/index.php\/osobnosti\/tomas-ourednicek\/\"><strong>Tom\u00e1\u0161 Ou\u0159edn\u00ed\u010dek<\/strong><\/a>.<\/p>\n<p><em>\u201eJsme v c\u00edli t\u0159et\u00ed etapy, ale u\u017e jsme m\u011bli spoustu technick\u00fdch probl\u00e9m\u016f. Dnes jsme ztratili asi 45 minut se zlomenou hnac\u00ed h\u0159\u00eddel\u00ed. Leto\u0161n\u00ed z\u00e1vod pro n\u00e1s opravdu nen\u00ed snadn\u00fd, ale st\u00e1le bojujeme,\u201c<\/em> dodal spolujezdec <a href=\"https:\/\/www.dakarmania.cz\/index.php\/osobnosti\/david-kripal\/\"><strong>David K\u0159\u00edpal<\/strong><\/a>.<\/p>\n<p>\u010ctvrt\u00e1 etapa zavede v\u00a0\u00fater\u00fd \u00fa\u010dastn\u00edky <a href=\"https:\/\/www.dakarmania.cz\/index.php\/souteze\/mdc-2019\/\">Morocco Desert Challenge<\/a> z Assy do Foum Zguid, m\u011b\u0159\u00ed 425 kilometr\u016f a cel\u00e1 se jede jako rychlostn\u00ed zkou\u0161ka. Do c\u00edle rally v\u00a0Saidii na pob\u0159e\u017e\u00ed St\u0159edozemn\u00edho mo\u0159e doraz\u00ed z\u00e1vodn\u00edci v sobotu 20. dubna.<\/p>\n<p>Tiskov\u00e1 zpr\u00e1va South Racing CE (editov\u00e1no)[\/vc_column_text][\/vc_column][\/vc_row]<\/p>\n","protected":false},"excerpt":{"rendered":"<p>Tom\u00e1\u0161 Ou\u0159edn\u00ed\u010dek a David K\u0159\u00edpal v\u010dera oslavili narozeniny \u2013 prvn\u00ed v\u00fdro\u010d\u00ed p\u0159e\u017eit\u00ed hororov\u00e9 nehody v 1. etap\u011b Morocco Desert Challenge 2018.<\/p>\n","protected":false},"author":3,"featured_media":5416,"comment_status":"open","ping_status":"closed","sticky":false,"template":"","format":"standard","meta":{"footnotes":""},"categories":[637],"tags":[425,10,11,302,244,517,7],"class_list":["post-5417","post","type-post","status-publish","format-standard","has-post-thumbnail","hentry","category-tiskove-zpravy","tag-425","tag-david-kripal","tag-ford","tag-morocco-desert-challenge","tag-morocco-desert-challenge-2019","tag-south-racing-ce","tag-tomas-ourednicek"],"yoast_head":"<!-- This site is optimized with the Yoast SEO plugin v24.9 - https:\/\/yoast.com\/wordpress\/plugins\/seo\/ -->\n<title>Prvn\u00ed narozeniny a jedna hnac\u00ed h\u0159\u00eddel - DAKARMANIA.cz<\/title>\n<meta name=\"description\" content=\"Tom\u00e1\u0161 Ou\u0159edn\u00ed\u010dek a David K\u0159\u00edpal v\u010dera oslavili narozeniny \u2013 prvn\u00ed v\u00fdro\u010d\u00ed p\u0159e\u017eit\u00ed hororov\u00e9 nehody v 1. etap\u011b Morocco Desert Challenge 2018.\" \/>\n<meta name=\"robots\" content=\"index, follow, max-snippet:-1, max-image-preview:large, max-video-preview:-1\" \/>\n<link rel=\"canonical\" href=\"https:\/\/www.dakarmania.cz\/index.php\/2019\/04\/16\/prvni-narozeniny-a-jedna-hnaci-hridel\/\" \/>\n<meta property=\"og:locale\" content=\"cs_CZ\" \/>\n<meta property=\"og:type\" content=\"article\" \/>\n<meta property=\"og:title\" content=\"Prvn\u00ed narozeniny a jedna hnac\u00ed h\u0159\u00eddel - DAKARMANIA.cz\" \/>\n<meta property=\"og:description\" content=\"Tom\u00e1\u0161 Ou\u0159edn\u00ed\u010dek a David K\u0159\u00edpal v\u010dera oslavili narozeniny \u2013 prvn\u00ed v\u00fdro\u010d\u00ed p\u0159e\u017eit\u00ed hororov\u00e9 nehody v 1. etap\u011b Morocco Desert Challenge 2018.\" \/>\n<meta property=\"og:url\" content=\"https:\/\/www.dakarmania.cz\/index.php\/2019\/04\/16\/prvni-narozeniny-a-jedna-hnaci-hridel\/\" \/>\n<meta property=\"og:site_name\" content=\"DAKARMANIA.cz\" \/>\n<meta property=\"article:publisher\" content=\"https:\/\/www.facebook.com\/dakarmania\/\" \/>\n<meta property=\"article:published_time\" content=\"2019-04-16T08:59:57+00:00\" \/>\n<meta property=\"article:modified_time\" content=\"2023-08-23T07:28:52+00:00\" \/>\n<meta property=\"og:image\" content=\"https:\/\/www.dakarmania.cz\/wp-content\/uploads\/2019\/04\/19-mdc-ourednicek-02.jpg\" \/>\n\t<meta property=\"og:image:width\" content=\"1920\" \/>\n\t<meta property=\"og:image:height\" content=\"1080\" \/>\n\t<meta property=\"og:image:type\" content=\"image\/jpeg\" \/>\n<meta name=\"author\" content=\"tiskov\u00e1 zpr\u00e1va\" \/>\n<meta name=\"twitter:card\" content=\"summary_large_image\" \/>\n<meta name=\"twitter:label1\" content=\"Napsal(a)\" \/>\n\t<meta name=\"twitter:data1\" content=\"tiskov\u00e1 zpr\u00e1va\" \/>\n\t<meta name=\"twitter:label2\" content=\"Odhadovan\u00e1 doba \u010dten\u00ed\" \/>\n\t<meta name=\"twitter:data2\" content=\"2 minuty\" \/>\n<script type=\"application\/ld+json\" class=\"yoast-schema-graph\">{\"@context\":\"https:\/\/schema.org\",\"@graph\":[{\"@type\":\"Article\",\"@id\":\"https:\/\/www.dakarmania.cz\/index.php\/2019\/04\/16\/prvni-narozeniny-a-jedna-hnaci-hridel\/#article\",\"isPartOf\":{\"@id\":\"https:\/\/www.dakarmania.cz\/index.php\/2019\/04\/16\/prvni-narozeniny-a-jedna-hnaci-hridel\/\"},\"author\":{\"name\":\"tiskov\u00e1 zpr\u00e1va\",\"@id\":\"https:\/\/www.dakarmania.cz\/#\/schema\/person\/bce8d1fe3633b1178e150fc5e340d5dd\"},\"headline\":\"Prvn\u00ed narozeniny a jedna hnac\u00ed h\u0159\u00eddel\",\"datePublished\":\"2019-04-16T08:59:57+00:00\",\"dateModified\":\"2023-08-23T07:28:52+00:00\",\"mainEntityOfPage\":{\"@id\":\"https:\/\/www.dakarmania.cz\/index.php\/2019\/04\/16\/prvni-narozeniny-a-jedna-hnaci-hridel\/\"},\"wordCount\":337,\"commentCount\":0,\"publisher\":{\"@id\":\"https:\/\/www.dakarmania.cz\/#organization\"},\"image\":{\"@id\":\"https:\/\/www.dakarmania.cz\/index.php\/2019\/04\/16\/prvni-narozeniny-a-jedna-hnaci-hridel\/#primaryimage\"},\"thumbnailUrl\":\"https:\/\/www.dakarmania.cz\/wp-content\/uploads\/2019\/04\/19-mdc-ourednicek-02.jpg\",\"keywords\":[\"2019\",\"David K\u0159\u00edpal\",\"Ford\",\"Morocco Desert Challenge\",\"Morocco Desert Challenge 2019\",\"South Racing CE\",\"Tom\u00e1\u0161 Ou\u0159edn\u00ed\u010dek\"],\"articleSection\":[\"Tiskov\u00e9 zpr\u00e1vy\"],\"inLanguage\":\"cs\",\"potentialAction\":[{\"@type\":\"CommentAction\",\"name\":\"Comment\",\"target\":[\"https:\/\/www.dakarmania.cz\/index.php\/2019\/04\/16\/prvni-narozeniny-a-jedna-hnaci-hridel\/#respond\"]}]},{\"@type\":\"WebPage\",\"@id\":\"https:\/\/www.dakarmania.cz\/index.php\/2019\/04\/16\/prvni-narozeniny-a-jedna-hnaci-hridel\/\",\"url\":\"https:\/\/www.dakarmania.cz\/index.php\/2019\/04\/16\/prvni-narozeniny-a-jedna-hnaci-hridel\/\",\"name\":\"Prvn\u00ed narozeniny a jedna hnac\u00ed h\u0159\u00eddel - DAKARMANIA.cz\",\"isPartOf\":{\"@id\":\"https:\/\/www.dakarmania.cz\/#website\"},\"primaryImageOfPage\":{\"@id\":\"https:\/\/www.dakarmania.cz\/index.php\/2019\/04\/16\/prvni-narozeniny-a-jedna-hnaci-hridel\/#primaryimage\"},\"image\":{\"@id\":\"https:\/\/www.dakarmania.cz\/index.php\/2019\/04\/16\/prvni-narozeniny-a-jedna-hnaci-hridel\/#primaryimage\"},\"thumbnailUrl\":\"https:\/\/www.dakarmania.cz\/wp-content\/uploads\/2019\/04\/19-mdc-ourednicek-02.jpg\",\"datePublished\":\"2019-04-16T08:59:57+00:00\",\"dateModified\":\"2023-08-23T07:28:52+00:00\",\"description\":\"Tom\u00e1\u0161 Ou\u0159edn\u00ed\u010dek a David K\u0159\u00edpal v\u010dera oslavili narozeniny \u2013 prvn\u00ed v\u00fdro\u010d\u00ed p\u0159e\u017eit\u00ed hororov\u00e9 nehody v 1. etap\u011b Morocco Desert Challenge 2018.\",\"breadcrumb\":{\"@id\":\"https:\/\/www.dakarmania.cz\/index.php\/2019\/04\/16\/prvni-narozeniny-a-jedna-hnaci-hridel\/#breadcrumb\"},\"inLanguage\":\"cs\",\"potentialAction\":[{\"@type\":\"ReadAction\",\"target\":[\"https:\/\/www.dakarmania.cz\/index.php\/2019\/04\/16\/prvni-narozeniny-a-jedna-hnaci-hridel\/\"]}]},{\"@type\":\"ImageObject\",\"inLanguage\":\"cs\",\"@id\":\"https:\/\/www.dakarmania.cz\/index.php\/2019\/04\/16\/prvni-narozeniny-a-jedna-hnaci-hridel\/#primaryimage\",\"url\":\"https:\/\/www.dakarmania.cz\/wp-content\/uploads\/2019\/04\/19-mdc-ourednicek-02.jpg\",\"contentUrl\":\"https:\/\/www.dakarmania.cz\/wp-content\/uploads\/2019\/04\/19-mdc-ourednicek-02.jpg\",\"width\":1920,\"height\":1080,\"caption\":\"Tom\u00e1\u0161 Ou\u0159edn\u00ed\u010dek\/David K\u0159\u00edpal, Ford Ranger Dakar, South Racing CE. Morocco Desert Challenge 2019. \u00a9 MDC Media\/Photo Vision\"},{\"@type\":\"BreadcrumbList\",\"@id\":\"https:\/\/www.dakarmania.cz\/index.php\/2019\/04\/16\/prvni-narozeniny-a-jedna-hnaci-hridel\/#breadcrumb\",\"itemListElement\":[{\"@type\":\"ListItem\",\"position\":1,\"name\":\"Dom\u016f\",\"item\":\"https:\/\/www.dakarmania.cz\/\"},{\"@type\":\"ListItem\",\"position\":2,\"name\":\"Prvn\u00ed narozeniny a jedna hnac\u00ed h\u0159\u00eddel\"}]},{\"@type\":\"WebSite\",\"@id\":\"https:\/\/www.dakarmania.cz\/#website\",\"url\":\"https:\/\/www.dakarmania.cz\/\",\"name\":\"DAKARMANIA.cz\",\"description\":\"\u017dijeme Dakarem cel\u00fd rok\",\"publisher\":{\"@id\":\"https:\/\/www.dakarmania.cz\/#organization\"},\"potentialAction\":[{\"@type\":\"SearchAction\",\"target\":{\"@type\":\"EntryPoint\",\"urlTemplate\":\"https:\/\/www.dakarmania.cz\/?s={search_term_string}\"},\"query-input\":{\"@type\":\"PropertyValueSpecification\",\"valueRequired\":true,\"valueName\":\"search_term_string\"}}],\"inLanguage\":\"cs\"},{\"@type\":\"Organization\",\"@id\":\"https:\/\/www.dakarmania.cz\/#organization\",\"name\":\"DAKAR MANIA\",\"url\":\"https:\/\/www.dakarmania.cz\/\",\"logo\":{\"@type\":\"ImageObject\",\"inLanguage\":\"cs\",\"@id\":\"https:\/\/www.dakarmania.cz\/#\/schema\/logo\/image\/\",\"url\":\"https:\/\/www.dakarmania.cz\/wp-content\/uploads\/2018\/12\/Dakar-Mania-Logo-Square-Orange.png\",\"contentUrl\":\"https:\/\/www.dakarmania.cz\/wp-content\/uploads\/2018\/12\/Dakar-Mania-Logo-Square-Orange.png\",\"width\":992,\"height\":992,\"caption\":\"DAKAR MANIA\"},\"image\":{\"@id\":\"https:\/\/www.dakarmania.cz\/#\/schema\/logo\/image\/\"},\"sameAs\":[\"https:\/\/www.facebook.com\/dakarmania\/\"]},{\"@type\":\"Person\",\"@id\":\"https:\/\/www.dakarmania.cz\/#\/schema\/person\/bce8d1fe3633b1178e150fc5e340d5dd\",\"name\":\"tiskov\u00e1 zpr\u00e1va\",\"image\":{\"@type\":\"ImageObject\",\"inLanguage\":\"cs\",\"@id\":\"https:\/\/www.dakarmania.cz\/#\/schema\/person\/image\/\",\"url\":\"https:\/\/secure.gravatar.com\/avatar\/19aefcb6c7bfae691fca4d805686c670f59bb4f7414c7b398b88dc9c8f4e96d5?s=96&d=mm&r=g\",\"contentUrl\":\"https:\/\/secure.gravatar.com\/avatar\/19aefcb6c7bfae691fca4d805686c670f59bb4f7414c7b398b88dc9c8f4e96d5?s=96&d=mm&r=g\",\"caption\":\"tiskov\u00e1 zpr\u00e1va\"},\"url\":\"https:\/\/www.dakarmania.cz\/index.php\/author\/tiskovezpravy\/\"}]}<\/script>\n<!-- \/ Yoast SEO plugin. -->","yoast_head_json":{"title":"Prvn\u00ed narozeniny a jedna hnac\u00ed h\u0159\u00eddel - DAKARMANIA.cz","description":"Tom\u00e1\u0161 Ou\u0159edn\u00ed\u010dek a David K\u0159\u00edpal v\u010dera oslavili narozeniny \u2013 prvn\u00ed v\u00fdro\u010d\u00ed p\u0159e\u017eit\u00ed hororov\u00e9 nehody v 1. etap\u011b Morocco Desert Challenge 2018.","robots":{"index":"index","follow":"follow","max-snippet":"max-snippet:-1","max-image-preview":"max-image-preview:large","max-video-preview":"max-video-preview:-1"},"canonical":"https:\/\/www.dakarmania.cz\/index.php\/2019\/04\/16\/prvni-narozeniny-a-jedna-hnaci-hridel\/","og_locale":"cs_CZ","og_type":"article","og_title":"Prvn\u00ed narozeniny a jedna hnac\u00ed h\u0159\u00eddel - DAKARMANIA.cz","og_description":"Tom\u00e1\u0161 Ou\u0159edn\u00ed\u010dek a David K\u0159\u00edpal v\u010dera oslavili narozeniny \u2013 prvn\u00ed v\u00fdro\u010d\u00ed p\u0159e\u017eit\u00ed hororov\u00e9 nehody v 1. etap\u011b Morocco Desert Challenge 2018.","og_url":"https:\/\/www.dakarmania.cz\/index.php\/2019\/04\/16\/prvni-narozeniny-a-jedna-hnaci-hridel\/","og_site_name":"DAKARMANIA.cz","article_publisher":"https:\/\/www.facebook.com\/dakarmania\/","article_published_time":"2019-04-16T08:59:57+00:00","article_modified_time":"2023-08-23T07:28:52+00:00","og_image":[{"width":1920,"height":1080,"url":"https:\/\/www.dakarmania.cz\/wp-content\/uploads\/2019\/04\/19-mdc-ourednicek-02.jpg","type":"image\/jpeg"}],"author":"tiskov\u00e1 zpr\u00e1va","twitter_card":"summary_large_image","twitter_misc":{"Napsal(a)":"tiskov\u00e1 zpr\u00e1va","Odhadovan\u00e1 doba \u010dten\u00ed":"2 minuty"},"schema":{"@context":"https:\/\/schema.org","@graph":[{"@type":"Article","@id":"https:\/\/www.dakarmania.cz\/index.php\/2019\/04\/16\/prvni-narozeniny-a-jedna-hnaci-hridel\/#article","isPartOf":{"@id":"https:\/\/www.dakarmania.cz\/index.php\/2019\/04\/16\/prvni-narozeniny-a-jedna-hnaci-hridel\/"},"author":{"name":"tiskov\u00e1 zpr\u00e1va","@id":"https:\/\/www.dakarmania.cz\/#\/schema\/person\/bce8d1fe3633b1178e150fc5e340d5dd"},"headline":"Prvn\u00ed narozeniny a jedna hnac\u00ed h\u0159\u00eddel","datePublished":"2019-04-16T08:59:57+00:00","dateModified":"2023-08-23T07:28:52+00:00","mainEntityOfPage":{"@id":"https:\/\/www.dakarmania.cz\/index.php\/2019\/04\/16\/prvni-narozeniny-a-jedna-hnaci-hridel\/"},"wordCount":337,"commentCount":0,"publisher":{"@id":"https:\/\/www.dakarmania.cz\/#organization"},"image":{"@id":"https:\/\/www.dakarmania.cz\/index.php\/2019\/04\/16\/prvni-narozeniny-a-jedna-hnaci-hridel\/#primaryimage"},"thumbnailUrl":"https:\/\/www.dakarmania.cz\/wp-content\/uploads\/2019\/04\/19-mdc-ourednicek-02.jpg","keywords":["2019","David K\u0159\u00edpal","Ford","Morocco Desert Challenge","Morocco Desert Challenge 2019","South Racing CE","Tom\u00e1\u0161 Ou\u0159edn\u00ed\u010dek"],"articleSection":["Tiskov\u00e9 zpr\u00e1vy"],"inLanguage":"cs","potentialAction":[{"@type":"CommentAction","name":"Comment","target":["https:\/\/www.dakarmania.cz\/index.php\/2019\/04\/16\/prvni-narozeniny-a-jedna-hnaci-hridel\/#respond"]}]},{"@type":"WebPage","@id":"https:\/\/www.dakarmania.cz\/index.php\/2019\/04\/16\/prvni-narozeniny-a-jedna-hnaci-hridel\/","url":"https:\/\/www.dakarmania.cz\/index.php\/2019\/04\/16\/prvni-narozeniny-a-jedna-hnaci-hridel\/","name":"Prvn\u00ed narozeniny a jedna hnac\u00ed h\u0159\u00eddel - DAKARMANIA.cz","isPartOf":{"@id":"https:\/\/www.dakarmania.cz\/#website"},"primaryImageOfPage":{"@id":"https:\/\/www.dakarmania.cz\/index.php\/2019\/04\/16\/prvni-narozeniny-a-jedna-hnaci-hridel\/#primaryimage"},"image":{"@id":"https:\/\/www.dakarmania.cz\/index.php\/2019\/04\/16\/prvni-narozeniny-a-jedna-hnaci-hridel\/#primaryimage"},"thumbnailUrl":"https:\/\/www.dakarmania.cz\/wp-content\/uploads\/2019\/04\/19-mdc-ourednicek-02.jpg","datePublished":"2019-04-16T08:59:57+00:00","dateModified":"2023-08-23T07:28:52+00:00","description":"Tom\u00e1\u0161 Ou\u0159edn\u00ed\u010dek a David K\u0159\u00edpal v\u010dera oslavili narozeniny \u2013 prvn\u00ed v\u00fdro\u010d\u00ed p\u0159e\u017eit\u00ed hororov\u00e9 nehody v 1. etap\u011b Morocco Desert Challenge 2018.","breadcrumb":{"@id":"https:\/\/www.dakarmania.cz\/index.php\/2019\/04\/16\/prvni-narozeniny-a-jedna-hnaci-hridel\/#breadcrumb"},"inLanguage":"cs","potentialAction":[{"@type":"ReadAction","target":["https:\/\/www.dakarmania.cz\/index.php\/2019\/04\/16\/prvni-narozeniny-a-jedna-hnaci-hridel\/"]}]},{"@type":"ImageObject","inLanguage":"cs","@id":"https:\/\/www.dakarmania.cz\/index.php\/2019\/04\/16\/prvni-narozeniny-a-jedna-hnaci-hridel\/#primaryimage","url":"https:\/\/www.dakarmania.cz\/wp-content\/uploads\/2019\/04\/19-mdc-ourednicek-02.jpg","contentUrl":"https:\/\/www.dakarmania.cz\/wp-content\/uploads\/2019\/04\/19-mdc-ourednicek-02.jpg","width":1920,"height":1080,"caption":"Tom\u00e1\u0161 Ou\u0159edn\u00ed\u010dek\/David K\u0159\u00edpal, Ford Ranger Dakar, South Racing CE. Morocco Desert Challenge 2019. \u00a9 MDC Media\/Photo Vision"},{"@type":"BreadcrumbList","@id":"https:\/\/www.dakarmania.cz\/index.php\/2019\/04\/16\/prvni-narozeniny-a-jedna-hnaci-hridel\/#breadcrumb","itemListElement":[{"@type":"ListItem","position":1,"name":"Dom\u016f","item":"https:\/\/www.dakarmania.cz\/"},{"@type":"ListItem","position":2,"name":"Prvn\u00ed narozeniny a jedna hnac\u00ed h\u0159\u00eddel"}]},{"@type":"WebSite","@id":"https:\/\/www.dakarmania.cz\/#website","url":"https:\/\/www.dakarmania.cz\/","name":"DAKARMANIA.cz","description":"\u017dijeme Dakarem cel\u00fd rok","publisher":{"@id":"https:\/\/www.dakarmania.cz\/#organization"},"potentialAction":[{"@type":"SearchAction","target":{"@type":"EntryPoint","urlTemplate":"https:\/\/www.dakarmania.cz\/?s={search_term_string}"},"query-input":{"@type":"PropertyValueSpecification","valueRequired":true,"valueName":"search_term_string"}}],"inLanguage":"cs"},{"@type":"Organization","@id":"https:\/\/www.dakarmania.cz\/#organization","name":"DAKAR MANIA","url":"https:\/\/www.dakarmania.cz\/","logo":{"@type":"ImageObject","inLanguage":"cs","@id":"https:\/\/www.dakarmania.cz\/#\/schema\/logo\/image\/","url":"https:\/\/www.dakarmania.cz\/wp-content\/uploads\/2018\/12\/Dakar-Mania-Logo-Square-Orange.png","contentUrl":"https:\/\/www.dakarmania.cz\/wp-content\/uploads\/2018\/12\/Dakar-Mania-Logo-Square-Orange.png","width":992,"height":992,"caption":"DAKAR MANIA"},"image":{"@id":"https:\/\/www.dakarmania.cz\/#\/schema\/logo\/image\/"},"sameAs":["https:\/\/www.facebook.com\/dakarmania\/"]},{"@type":"Person","@id":"https:\/\/www.dakarmania.cz\/#\/schema\/person\/bce8d1fe3633b1178e150fc5e340d5dd","name":"tiskov\u00e1 zpr\u00e1va","image":{"@type":"ImageObject","inLanguage":"cs","@id":"https:\/\/www.dakarmania.cz\/#\/schema\/person\/image\/","url":"https:\/\/secure.gravatar.com\/avatar\/19aefcb6c7bfae691fca4d805686c670f59bb4f7414c7b398b88dc9c8f4e96d5?s=96&d=mm&r=g","contentUrl":"https:\/\/secure.gravatar.com\/avatar\/19aefcb6c7bfae691fca4d805686c670f59bb4f7414c7b398b88dc9c8f4e96d5?s=96&d=mm&r=g","caption":"tiskov\u00e1 zpr\u00e1va"},"url":"https:\/\/www.dakarmania.cz\/index.php\/author\/tiskovezpravy\/"}]}},"amp_enabled":true,"_links":{"self":[{"href":"https:\/\/www.dakarmania.cz\/index.php\/wp-json\/wp\/v2\/posts\/5417","targetHints":{"allow":["GET"]}}],"collection":[{"href":"https:\/\/www.dakarmania.cz\/index.php\/wp-json\/wp\/v2\/posts"}],"about":[{"href":"https:\/\/www.dakarmania.cz\/index.php\/wp-json\/wp\/v2\/types\/post"}],"author":[{"embeddable":true,"href":"https:\/\/www.dakarmania.cz\/index.php\/wp-json\/wp\/v2\/users\/3"}],"replies":[{"embeddable":true,"href":"https:\/\/www.dakarmania.cz\/index.php\/wp-json\/wp\/v2\/comments?post=5417"}],"version-history":[{"count":2,"href":"https:\/\/www.dakarmania.cz\/index.php\/wp-json\/wp\/v2\/posts\/5417\/revisions"}],"predecessor-version":[{"id":28866,"href":"https:\/\/www.dakarmania.cz\/index.php\/wp-json\/wp\/v2\/posts\/5417\/revisions\/28866"}],"wp:featuredmedia":[{"embeddable":true,"href":"https:\/\/www.dakarmania.cz\/index.php\/wp-json\/wp\/v2\/media\/5416"}],"wp:attachment":[{"href":"https:\/\/www.dakarmania.cz\/index.php\/wp-json\/wp\/v2\/media?parent=5417"}],"wp:term":[{"taxonomy":"category","embeddable":true,"href":"https:\/\/www.dakarmania.cz\/index.php\/wp-json\/wp\/v2\/categories?post=5417"},{"taxonomy":"post_tag","embeddable":true,"href":"https:\/\/www.dakarmania.cz\/index.php\/wp-json\/wp\/v2\/tags?post=5417"}],"curies":[{"name":"wp","href":"https:\/\/api.w.org\/{rel}","templated":true}]}}