{"id":5421,"date":"2019-04-16T12:50:55","date_gmt":"2019-04-16T10:50:55","guid":{"rendered":"https:\/\/www.dakarmania.cz\/?p=5421"},"modified":"2019-04-25T18:06:53","modified_gmt":"2019-04-25T16:06:53","slug":"honda-omlazuje-paulo-goncalves-odchazi-jinam","status":"publish","type":"post","link":"https:\/\/www.dakarmania.cz\/index.php\/2019\/04\/16\/honda-omlazuje-paulo-goncalves-odchazi-jinam\/","title":{"rendered":"Honda omlazuje. Paulo Gon\u00e7alves odch\u00e1z\u00ed jinam"},"content":{"rendered":"<p>[vc_row][vc_column][vc_column_text]<\/p>\n<h4>Na Paula Gon\u00e7alvese, nejzku\u0161en\u011bj\u0161\u00edho z jezdc\u016f p\u016fsob\u00edc\u00edch v sou\u010dasnosti v tov\u00e1rn\u00edch motocyklov\u00fdch t\u00fdmech, u\u017e nezbylo m\u00edsto v sestav\u011b Monster Energy Honda Teamu. Krom\u011b t\u0159ic\u00e1tn\u00edku Joana Barredy a Kevina Benavidese spol\u00e9h\u00e1 japonsk\u00e1 zna\u010dka st\u00e1le v\u00edce na 27let\u00e9ho Rickyho Brabeca a 24let\u00e9ho Jos\u00e9ho Ignacia Corneja. Zku\u0161enost\u00ed 40let\u00e9ho Portugalce vyu\u017eije ambici\u00f3zn\u00ed Hero MotoSports.<\/h4>\n<p>Mistr sv\u011bta v cross-country rally z roku 2013 a druh\u00fd mu\u017e hodnocen\u00ed Rally Dakar 2015 v kategorii motocykl\u016f nepro\u017eil u Hondy v posledn\u00edch dvou letech pr\u00e1v\u011b jednoduch\u00e9 obdob\u00ed. Na start Dakaru 2018 jej nepustilo zran\u011bn\u00ed ramene, kter\u00e9 utrp\u011bl p\u0159i tr\u00e9ninku nedlouho p\u0159ed sout\u011b\u017e\u00ed. A <a href=\"https:\/\/www.dakarmania.cz\/index.php\/2018\/12\/12\/goncalves-prisel-o-slezinu-zvladne-dakar\/\">otazn\u00edk visel nad jeho \u00fa\u010dast\u00ed<\/a> i o rok pozd\u011bji. Po operaci sleziny sice do z\u00e1vodu odstartoval a neza\u010dal v\u016fbec \u0161patn\u011b, ale po p\u00e1du v p\u00e1t\u00e9 etap\u011b musel s poran\u011bn\u00fdmi obratli a hlavou z osm\u00e9 pozice pr\u016fb\u011b\u017en\u00e9ho po\u0159ad\u00ed odstoupit.<\/p>\n<p>Na Rally Dakar startoval Gon\u00e7alvese zat\u00edm dvan\u00e1ctkr\u00e1t, vyhr\u00e1l dv\u011b etapy, p\u011btkr\u00e1t sout\u011b\u017e nedokon\u010dil.<\/p>\n<p>Pro Hondu, kter\u00e1 se na Dakar s tov\u00e1rn\u00edm t\u00fdmem vr\u00e1tila po 24let\u00e9 absenci v roce 2013, je Gon\u00e7alvesovo druh\u00e9 m\u00edsto z roku 2015 zat\u00edm nejlep\u0161\u00edm v\u00fdsledkem v jej\u00ed novodob\u00e9 dakarsk\u00e9 \u00e9\u0159e. Na v\u00edt\u011bzstv\u00ed zat\u00edm Japonci \u010dekaj\u00ed, dal\u0161\u00ed st\u0159\u00edbro pro n\u011b z\u00edskal v roce 2018 Kevin Benavides.<\/p>\n<p><em>\u201eNastal \u010das p\u0159ijmout novou v\u00fdzvu,\u201c<\/em> uvedl v pond\u011bl\u00ed na soci\u00e1ln\u00edch s\u00edt\u00edch <strong>Paulo Gon\u00e7alves<\/strong>. <em>\u201eP\u0159edev\u0161\u00edm d\u011bkuji Hero MotoSports za jejich d\u016fv\u011bru a za to, \u017ee mohu b\u00fdt sou\u010d\u00e1st\u00ed tohoto projektu. Ud\u011bl\u00e1m, co je v m\u00fdch sil\u00e1ch, abych t\u00fdmu pomohl ke \u0161pi\u010dkov\u00fdm v\u00fdsledk\u016fm. Hero MotoSports u\u017e v n\u011bkolika posledn\u00edch letech uk\u00e1zal svou profesionalitu a velk\u00fd potenci\u00e1l.\u201c<\/em>[\/vc_column_text][vc_single_image image=&#8221;5420&#8243; img_size=&#8221;large&#8221; add_caption=&#8221;yes&#8221; alignment=&#8221;center&#8221;][vc_column_text]Indick\u00e1 spole\u010dnost Hero MotoCorp Ltd. je nejv\u011bt\u0161\u00edm v\u00fdrobcem motocykl\u016f na sv\u011bt\u011b. Jej\u00ed tov\u00e1rn\u00ed t\u00fdm Hero MotoSports vstoupil do sv\u011bt\u011b cross-country rally v t\u011bsn\u00e9 spolupr\u00e1ci s n\u011bmeckou spole\u010dnost\u00ed Speedbrain p\u0159i marock\u00e9 Merzouga Rally 2016. Je\u0161t\u011b p\u0159ed t\u00edm Speedbrain spolupracoval na dakarsk\u00fdch projektech s BMW a Hondou a pomohl Portugalci k v\u00fd\u0161e zm\u00edn\u011bn\u00e9mu st\u0159\u00edbru v roce 2015.<\/p>\n<p>Na Dakaru t\u00fdm debutoval v roce 2017. D\u00edky Portugalci Joaquimu Rodriguesovi, kter\u00fd je mimochodem\u00a0Gon\u00e7alvesov\u00fdm \u0161vagrem, na sebe upozornil napoprv\u00e9 velmi solidn\u00edm dvan\u00e1ct\u00fdm m\u00edstem. O rok pozd\u011bji v jeho barv\u00e1ch zaz\u00e1\u0159il Oriol Mena. \u0160pan\u011bl se stal nejlep\u0161\u00edm nov\u00e1\u010dkem ro\u010dn\u00edku, kdy\u017e obsadil vynikaj\u00edc\u00ed sedm\u00e9 m\u00edsto. Do prvn\u00ed des\u00edtky se Mena prosadil tak\u00e9 p\u0159i posledn\u00edm jihoamerick\u00e9m ro\u010dn\u00edku slavn\u00e9 sout\u011b\u017ee, kter\u00fd se jel letos v lednu v Peru.<\/p>\n<p>Oriol Mena a Joaquim Rodrigues op\u011bt zviditelnili indickou zna\u010dku po\u010d\u00e1tkem dubna p\u0159i Merzouga Rally. Mena v\u016fbec poprv\u00e9 za dobu sv\u00e9ho p\u016fsoben\u00ed v cross-country rally vybojoval um\u00edst\u011bn\u00ed na stupn\u00edch v\u00edt\u011bz\u016f. \u010ctvrt\u00e9 m\u00edsto bylo zat\u00edm nejlep\u0161\u00edm um\u00edst\u011bn\u00edm tak\u00e9 pro Rodriguese.<\/p>\n<p>Dosavadn\u00ed jezdeckou trojici dopl\u0148uje Ind Chunchunguppe Shivashankar Santosh, zn\u00e1m\u00fd sp\u00ed\u0161e jako C.S. Santosh.[\/vc_column_text][\/vc_column][\/vc_row]<\/p>\n","protected":false},"excerpt":{"rendered":"<p>[vc_row][vc_column][vc_column_text] Na Paula Gon\u00e7alvese, nejzku\u0161en\u011bj\u0161\u00edho z jezdc\u016f p\u016fsob\u00edc\u00edch v sou\u010dasnosti v tov\u00e1rn\u00edch motocyklov\u00fdch t\u00fdmech, u\u017e nezbylo m\u00edsto v sestav\u011b Monster Energy Honda Teamu. Krom\u011b t\u0159ic\u00e1tn\u00edku Joana Barredy a Kevina Benavidese spol\u00e9h\u00e1 japonsk\u00e1 zna\u010dka st\u00e1le v\u00edce na 27let\u00e9ho Rickyho Brabeca a 24let\u00e9ho Jos\u00e9ho Ignacia Corneja. Zku\u0161enost\u00ed 40let\u00e9ho Portugalce vyu\u017eije ambici\u00f3zn\u00ed Hero MotoSports. Mistr sv\u011bta v cross-country [&hellip;]<\/p>\n","protected":false},"author":1,"featured_media":5419,"comment_status":"open","ping_status":"closed","sticky":false,"template":"","format":"standard","meta":{"footnotes":""},"categories":[15],"tags":[425,820,128],"class_list":["post-5421","post","type-post","status-publish","format-standard","has-post-thumbnail","hentry","category-moto-quad","tag-425","tag-hero-motosports","tag-paulo-goncalves"],"yoast_head":"<!-- This site is optimized with the Yoast SEO plugin v24.9 - https:\/\/yoast.com\/wordpress\/plugins\/seo\/ -->\n<title>Honda omlazuje. Paulo Gon\u00e7alves odch\u00e1z\u00ed jinam - DAKARMANIA.cz<\/title>\n<meta name=\"description\" content=\"Na Paula Gon\u00e7alvese, nejzku\u0161en\u011bj\u0161\u00edho z jezdc\u016f p\u016fsob\u00edc\u00edch v sou\u010dasnosti v tov\u00e1rn\u00edch motocyklov\u00fdch t\u00fdmech, u\u017e nezbylo m\u00edsto u Hondy.\" \/>\n<meta name=\"robots\" content=\"index, follow, max-snippet:-1, max-image-preview:large, max-video-preview:-1\" \/>\n<link rel=\"canonical\" href=\"https:\/\/www.dakarmania.cz\/index.php\/2019\/04\/16\/honda-omlazuje-paulo-goncalves-odchazi-jinam\/\" \/>\n<meta property=\"og:locale\" content=\"cs_CZ\" \/>\n<meta property=\"og:type\" content=\"article\" \/>\n<meta property=\"og:title\" content=\"Honda omlazuje. Paulo Gon\u00e7alves odch\u00e1z\u00ed jinam - DAKARMANIA.cz\" \/>\n<meta property=\"og:description\" content=\"Na Paula Gon\u00e7alvese, nejzku\u0161en\u011bj\u0161\u00edho z jezdc\u016f p\u016fsob\u00edc\u00edch v sou\u010dasnosti v tov\u00e1rn\u00edch motocyklov\u00fdch t\u00fdmech, u\u017e nezbylo m\u00edsto u Hondy.\" \/>\n<meta property=\"og:url\" content=\"https:\/\/www.dakarmania.cz\/index.php\/2019\/04\/16\/honda-omlazuje-paulo-goncalves-odchazi-jinam\/\" \/>\n<meta property=\"og:site_name\" content=\"DAKARMANIA.cz\" \/>\n<meta property=\"article:publisher\" content=\"https:\/\/www.facebook.com\/dakarmania\/\" \/>\n<meta property=\"article:published_time\" content=\"2019-04-16T10:50:55+00:00\" \/>\n<meta property=\"article:modified_time\" content=\"2019-04-25T16:06:53+00:00\" \/>\n<meta property=\"og:image\" content=\"https:\/\/www.dakarmania.cz\/wp-content\/uploads\/2019\/04\/19-dakar-goncalves-40.jpg\" \/>\n\t<meta property=\"og:image:width\" content=\"1624\" \/>\n\t<meta property=\"og:image:height\" content=\"1082\" \/>\n\t<meta property=\"og:image:type\" content=\"image\/jpeg\" \/>\n<meta name=\"author\" content=\"Zden\u011bk Zelenka\" \/>\n<meta name=\"twitter:card\" content=\"summary_large_image\" \/>\n<meta name=\"twitter:label1\" content=\"Napsal(a)\" \/>\n\t<meta name=\"twitter:data1\" content=\"Zden\u011bk Zelenka\" \/>\n\t<meta name=\"twitter:label2\" content=\"Odhadovan\u00e1 doba \u010dten\u00ed\" \/>\n\t<meta name=\"twitter:data2\" content=\"3 minuty\" \/>\n<script type=\"application\/ld+json\" class=\"yoast-schema-graph\">{\"@context\":\"https:\/\/schema.org\",\"@graph\":[{\"@type\":\"Article\",\"@id\":\"https:\/\/www.dakarmania.cz\/index.php\/2019\/04\/16\/honda-omlazuje-paulo-goncalves-odchazi-jinam\/#article\",\"isPartOf\":{\"@id\":\"https:\/\/www.dakarmania.cz\/index.php\/2019\/04\/16\/honda-omlazuje-paulo-goncalves-odchazi-jinam\/\"},\"author\":{\"name\":\"Zden\u011bk Zelenka\",\"@id\":\"https:\/\/www.dakarmania.cz\/#\/schema\/person\/04eb0e87a389631c2169c0dddae7ff1e\"},\"headline\":\"Honda omlazuje. Paulo Gon\u00e7alves odch\u00e1z\u00ed jinam\",\"datePublished\":\"2019-04-16T10:50:55+00:00\",\"dateModified\":\"2019-04-25T16:06:53+00:00\",\"mainEntityOfPage\":{\"@id\":\"https:\/\/www.dakarmania.cz\/index.php\/2019\/04\/16\/honda-omlazuje-paulo-goncalves-odchazi-jinam\/\"},\"wordCount\":615,\"commentCount\":0,\"publisher\":{\"@id\":\"https:\/\/www.dakarmania.cz\/#organization\"},\"image\":{\"@id\":\"https:\/\/www.dakarmania.cz\/index.php\/2019\/04\/16\/honda-omlazuje-paulo-goncalves-odchazi-jinam\/#primaryimage\"},\"thumbnailUrl\":\"https:\/\/www.dakarmania.cz\/wp-content\/uploads\/2019\/04\/19-dakar-goncalves-40.jpg\",\"keywords\":[\"2019\",\"Hero MotoSports\",\"Paulo Gon\u00e7alves\"],\"articleSection\":[\"Moto\/Quad\"],\"inLanguage\":\"cs\",\"potentialAction\":[{\"@type\":\"CommentAction\",\"name\":\"Comment\",\"target\":[\"https:\/\/www.dakarmania.cz\/index.php\/2019\/04\/16\/honda-omlazuje-paulo-goncalves-odchazi-jinam\/#respond\"]}]},{\"@type\":\"WebPage\",\"@id\":\"https:\/\/www.dakarmania.cz\/index.php\/2019\/04\/16\/honda-omlazuje-paulo-goncalves-odchazi-jinam\/\",\"url\":\"https:\/\/www.dakarmania.cz\/index.php\/2019\/04\/16\/honda-omlazuje-paulo-goncalves-odchazi-jinam\/\",\"name\":\"Honda omlazuje. Paulo Gon\u00e7alves odch\u00e1z\u00ed jinam - DAKARMANIA.cz\",\"isPartOf\":{\"@id\":\"https:\/\/www.dakarmania.cz\/#website\"},\"primaryImageOfPage\":{\"@id\":\"https:\/\/www.dakarmania.cz\/index.php\/2019\/04\/16\/honda-omlazuje-paulo-goncalves-odchazi-jinam\/#primaryimage\"},\"image\":{\"@id\":\"https:\/\/www.dakarmania.cz\/index.php\/2019\/04\/16\/honda-omlazuje-paulo-goncalves-odchazi-jinam\/#primaryimage\"},\"thumbnailUrl\":\"https:\/\/www.dakarmania.cz\/wp-content\/uploads\/2019\/04\/19-dakar-goncalves-40.jpg\",\"datePublished\":\"2019-04-16T10:50:55+00:00\",\"dateModified\":\"2019-04-25T16:06:53+00:00\",\"description\":\"Na Paula Gon\u00e7alvese, nejzku\u0161en\u011bj\u0161\u00edho z jezdc\u016f p\u016fsob\u00edc\u00edch v sou\u010dasnosti v tov\u00e1rn\u00edch motocyklov\u00fdch t\u00fdmech, u\u017e nezbylo m\u00edsto u Hondy.\",\"breadcrumb\":{\"@id\":\"https:\/\/www.dakarmania.cz\/index.php\/2019\/04\/16\/honda-omlazuje-paulo-goncalves-odchazi-jinam\/#breadcrumb\"},\"inLanguage\":\"cs\",\"potentialAction\":[{\"@type\":\"ReadAction\",\"target\":[\"https:\/\/www.dakarmania.cz\/index.php\/2019\/04\/16\/honda-omlazuje-paulo-goncalves-odchazi-jinam\/\"]}]},{\"@type\":\"ImageObject\",\"inLanguage\":\"cs\",\"@id\":\"https:\/\/www.dakarmania.cz\/index.php\/2019\/04\/16\/honda-omlazuje-paulo-goncalves-odchazi-jinam\/#primaryimage\",\"url\":\"https:\/\/www.dakarmania.cz\/wp-content\/uploads\/2019\/04\/19-dakar-goncalves-40.jpg\",\"contentUrl\":\"https:\/\/www.dakarmania.cz\/wp-content\/uploads\/2019\/04\/19-dakar-goncalves-40.jpg\",\"width\":1624,\"height\":1082,\"caption\":\"Paulo Gon\u00e7alves, Honda CRF 450 Rally, Monster Energy Honda Team. Rally Dakar 2019. \u00a9 Honda Racing\"},{\"@type\":\"BreadcrumbList\",\"@id\":\"https:\/\/www.dakarmania.cz\/index.php\/2019\/04\/16\/honda-omlazuje-paulo-goncalves-odchazi-jinam\/#breadcrumb\",\"itemListElement\":[{\"@type\":\"ListItem\",\"position\":1,\"name\":\"Dom\u016f\",\"item\":\"https:\/\/www.dakarmania.cz\/\"},{\"@type\":\"ListItem\",\"position\":2,\"name\":\"Honda omlazuje. Paulo Gon\u00e7alves odch\u00e1z\u00ed jinam\"}]},{\"@type\":\"WebSite\",\"@id\":\"https:\/\/www.dakarmania.cz\/#website\",\"url\":\"https:\/\/www.dakarmania.cz\/\",\"name\":\"DAKARMANIA.cz\",\"description\":\"\u017dijeme Dakarem cel\u00fd rok\",\"publisher\":{\"@id\":\"https:\/\/www.dakarmania.cz\/#organization\"},\"potentialAction\":[{\"@type\":\"SearchAction\",\"target\":{\"@type\":\"EntryPoint\",\"urlTemplate\":\"https:\/\/www.dakarmania.cz\/?s={search_term_string}\"},\"query-input\":{\"@type\":\"PropertyValueSpecification\",\"valueRequired\":true,\"valueName\":\"search_term_string\"}}],\"inLanguage\":\"cs\"},{\"@type\":\"Organization\",\"@id\":\"https:\/\/www.dakarmania.cz\/#organization\",\"name\":\"DAKAR MANIA\",\"url\":\"https:\/\/www.dakarmania.cz\/\",\"logo\":{\"@type\":\"ImageObject\",\"inLanguage\":\"cs\",\"@id\":\"https:\/\/www.dakarmania.cz\/#\/schema\/logo\/image\/\",\"url\":\"https:\/\/www.dakarmania.cz\/wp-content\/uploads\/2018\/12\/Dakar-Mania-Logo-Square-Orange.png\",\"contentUrl\":\"https:\/\/www.dakarmania.cz\/wp-content\/uploads\/2018\/12\/Dakar-Mania-Logo-Square-Orange.png\",\"width\":992,\"height\":992,\"caption\":\"DAKAR MANIA\"},\"image\":{\"@id\":\"https:\/\/www.dakarmania.cz\/#\/schema\/logo\/image\/\"},\"sameAs\":[\"https:\/\/www.facebook.com\/dakarmania\/\"]},{\"@type\":\"Person\",\"@id\":\"https:\/\/www.dakarmania.cz\/#\/schema\/person\/04eb0e87a389631c2169c0dddae7ff1e\",\"name\":\"Zden\u011bk Zelenka\",\"image\":{\"@type\":\"ImageObject\",\"inLanguage\":\"cs\",\"@id\":\"https:\/\/www.dakarmania.cz\/#\/schema\/person\/image\/\",\"url\":\"https:\/\/secure.gravatar.com\/avatar\/2c80d5a4942fe0900b73cc7d3837a509d6ee0a276a2b76dac95c92bd0763a89b?s=96&d=mm&r=g\",\"contentUrl\":\"https:\/\/secure.gravatar.com\/avatar\/2c80d5a4942fe0900b73cc7d3837a509d6ee0a276a2b76dac95c92bd0763a89b?s=96&d=mm&r=g\",\"caption\":\"Zden\u011bk Zelenka\"},\"description\":\"Moji d\u011bt\u0161t\u00ed hrdinov\u00e9 se jmenovali Loprais, Moskal, Neveu, Vatanen, Rahier... A tihle borci, jejich n\u00e1sledovn\u00edci a jejich p\u0159\u00edb\u011bhy m\u011b nep\u0159estali fascinovat ani po letech, kdy jsem vyrostl a zam\u011bstn\u00e1valy m\u011b jin\u00e9 discipl\u00edny motorsportu. Proto se zrodila DAKARMANIA.\",\"url\":\"https:\/\/www.dakarmania.cz\/index.php\/author\/dakarmania\/\"}]}<\/script>\n<!-- \/ Yoast SEO plugin. -->","yoast_head_json":{"title":"Honda omlazuje. Paulo Gon\u00e7alves odch\u00e1z\u00ed jinam - DAKARMANIA.cz","description":"Na Paula Gon\u00e7alvese, nejzku\u0161en\u011bj\u0161\u00edho z jezdc\u016f p\u016fsob\u00edc\u00edch v sou\u010dasnosti v tov\u00e1rn\u00edch motocyklov\u00fdch t\u00fdmech, u\u017e nezbylo m\u00edsto u Hondy.","robots":{"index":"index","follow":"follow","max-snippet":"max-snippet:-1","max-image-preview":"max-image-preview:large","max-video-preview":"max-video-preview:-1"},"canonical":"https:\/\/www.dakarmania.cz\/index.php\/2019\/04\/16\/honda-omlazuje-paulo-goncalves-odchazi-jinam\/","og_locale":"cs_CZ","og_type":"article","og_title":"Honda omlazuje. Paulo Gon\u00e7alves odch\u00e1z\u00ed jinam - DAKARMANIA.cz","og_description":"Na Paula Gon\u00e7alvese, nejzku\u0161en\u011bj\u0161\u00edho z jezdc\u016f p\u016fsob\u00edc\u00edch v sou\u010dasnosti v tov\u00e1rn\u00edch motocyklov\u00fdch t\u00fdmech, u\u017e nezbylo m\u00edsto u Hondy.","og_url":"https:\/\/www.dakarmania.cz\/index.php\/2019\/04\/16\/honda-omlazuje-paulo-goncalves-odchazi-jinam\/","og_site_name":"DAKARMANIA.cz","article_publisher":"https:\/\/www.facebook.com\/dakarmania\/","article_published_time":"2019-04-16T10:50:55+00:00","article_modified_time":"2019-04-25T16:06:53+00:00","og_image":[{"width":1624,"height":1082,"url":"https:\/\/www.dakarmania.cz\/wp-content\/uploads\/2019\/04\/19-dakar-goncalves-40.jpg","type":"image\/jpeg"}],"author":"Zden\u011bk Zelenka","twitter_card":"summary_large_image","twitter_misc":{"Napsal(a)":"Zden\u011bk Zelenka","Odhadovan\u00e1 doba \u010dten\u00ed":"3 minuty"},"schema":{"@context":"https:\/\/schema.org","@graph":[{"@type":"Article","@id":"https:\/\/www.dakarmania.cz\/index.php\/2019\/04\/16\/honda-omlazuje-paulo-goncalves-odchazi-jinam\/#article","isPartOf":{"@id":"https:\/\/www.dakarmania.cz\/index.php\/2019\/04\/16\/honda-omlazuje-paulo-goncalves-odchazi-jinam\/"},"author":{"name":"Zden\u011bk Zelenka","@id":"https:\/\/www.dakarmania.cz\/#\/schema\/person\/04eb0e87a389631c2169c0dddae7ff1e"},"headline":"Honda omlazuje. Paulo Gon\u00e7alves odch\u00e1z\u00ed jinam","datePublished":"2019-04-16T10:50:55+00:00","dateModified":"2019-04-25T16:06:53+00:00","mainEntityOfPage":{"@id":"https:\/\/www.dakarmania.cz\/index.php\/2019\/04\/16\/honda-omlazuje-paulo-goncalves-odchazi-jinam\/"},"wordCount":615,"commentCount":0,"publisher":{"@id":"https:\/\/www.dakarmania.cz\/#organization"},"image":{"@id":"https:\/\/www.dakarmania.cz\/index.php\/2019\/04\/16\/honda-omlazuje-paulo-goncalves-odchazi-jinam\/#primaryimage"},"thumbnailUrl":"https:\/\/www.dakarmania.cz\/wp-content\/uploads\/2019\/04\/19-dakar-goncalves-40.jpg","keywords":["2019","Hero MotoSports","Paulo Gon\u00e7alves"],"articleSection":["Moto\/Quad"],"inLanguage":"cs","potentialAction":[{"@type":"CommentAction","name":"Comment","target":["https:\/\/www.dakarmania.cz\/index.php\/2019\/04\/16\/honda-omlazuje-paulo-goncalves-odchazi-jinam\/#respond"]}]},{"@type":"WebPage","@id":"https:\/\/www.dakarmania.cz\/index.php\/2019\/04\/16\/honda-omlazuje-paulo-goncalves-odchazi-jinam\/","url":"https:\/\/www.dakarmania.cz\/index.php\/2019\/04\/16\/honda-omlazuje-paulo-goncalves-odchazi-jinam\/","name":"Honda omlazuje. Paulo Gon\u00e7alves odch\u00e1z\u00ed jinam - DAKARMANIA.cz","isPartOf":{"@id":"https:\/\/www.dakarmania.cz\/#website"},"primaryImageOfPage":{"@id":"https:\/\/www.dakarmania.cz\/index.php\/2019\/04\/16\/honda-omlazuje-paulo-goncalves-odchazi-jinam\/#primaryimage"},"image":{"@id":"https:\/\/www.dakarmania.cz\/index.php\/2019\/04\/16\/honda-omlazuje-paulo-goncalves-odchazi-jinam\/#primaryimage"},"thumbnailUrl":"https:\/\/www.dakarmania.cz\/wp-content\/uploads\/2019\/04\/19-dakar-goncalves-40.jpg","datePublished":"2019-04-16T10:50:55+00:00","dateModified":"2019-04-25T16:06:53+00:00","description":"Na Paula Gon\u00e7alvese, nejzku\u0161en\u011bj\u0161\u00edho z jezdc\u016f p\u016fsob\u00edc\u00edch v sou\u010dasnosti v tov\u00e1rn\u00edch motocyklov\u00fdch t\u00fdmech, u\u017e nezbylo m\u00edsto u Hondy.","breadcrumb":{"@id":"https:\/\/www.dakarmania.cz\/index.php\/2019\/04\/16\/honda-omlazuje-paulo-goncalves-odchazi-jinam\/#breadcrumb"},"inLanguage":"cs","potentialAction":[{"@type":"ReadAction","target":["https:\/\/www.dakarmania.cz\/index.php\/2019\/04\/16\/honda-omlazuje-paulo-goncalves-odchazi-jinam\/"]}]},{"@type":"ImageObject","inLanguage":"cs","@id":"https:\/\/www.dakarmania.cz\/index.php\/2019\/04\/16\/honda-omlazuje-paulo-goncalves-odchazi-jinam\/#primaryimage","url":"https:\/\/www.dakarmania.cz\/wp-content\/uploads\/2019\/04\/19-dakar-goncalves-40.jpg","contentUrl":"https:\/\/www.dakarmania.cz\/wp-content\/uploads\/2019\/04\/19-dakar-goncalves-40.jpg","width":1624,"height":1082,"caption":"Paulo Gon\u00e7alves, Honda CRF 450 Rally, Monster Energy Honda Team. Rally Dakar 2019. \u00a9 Honda Racing"},{"@type":"BreadcrumbList","@id":"https:\/\/www.dakarmania.cz\/index.php\/2019\/04\/16\/honda-omlazuje-paulo-goncalves-odchazi-jinam\/#breadcrumb","itemListElement":[{"@type":"ListItem","position":1,"name":"Dom\u016f","item":"https:\/\/www.dakarmania.cz\/"},{"@type":"ListItem","position":2,"name":"Honda omlazuje. Paulo Gon\u00e7alves odch\u00e1z\u00ed jinam"}]},{"@type":"WebSite","@id":"https:\/\/www.dakarmania.cz\/#website","url":"https:\/\/www.dakarmania.cz\/","name":"DAKARMANIA.cz","description":"\u017dijeme Dakarem cel\u00fd rok","publisher":{"@id":"https:\/\/www.dakarmania.cz\/#organization"},"potentialAction":[{"@type":"SearchAction","target":{"@type":"EntryPoint","urlTemplate":"https:\/\/www.dakarmania.cz\/?s={search_term_string}"},"query-input":{"@type":"PropertyValueSpecification","valueRequired":true,"valueName":"search_term_string"}}],"inLanguage":"cs"},{"@type":"Organization","@id":"https:\/\/www.dakarmania.cz\/#organization","name":"DAKAR MANIA","url":"https:\/\/www.dakarmania.cz\/","logo":{"@type":"ImageObject","inLanguage":"cs","@id":"https:\/\/www.dakarmania.cz\/#\/schema\/logo\/image\/","url":"https:\/\/www.dakarmania.cz\/wp-content\/uploads\/2018\/12\/Dakar-Mania-Logo-Square-Orange.png","contentUrl":"https:\/\/www.dakarmania.cz\/wp-content\/uploads\/2018\/12\/Dakar-Mania-Logo-Square-Orange.png","width":992,"height":992,"caption":"DAKAR MANIA"},"image":{"@id":"https:\/\/www.dakarmania.cz\/#\/schema\/logo\/image\/"},"sameAs":["https:\/\/www.facebook.com\/dakarmania\/"]},{"@type":"Person","@id":"https:\/\/www.dakarmania.cz\/#\/schema\/person\/04eb0e87a389631c2169c0dddae7ff1e","name":"Zden\u011bk Zelenka","image":{"@type":"ImageObject","inLanguage":"cs","@id":"https:\/\/www.dakarmania.cz\/#\/schema\/person\/image\/","url":"https:\/\/secure.gravatar.com\/avatar\/2c80d5a4942fe0900b73cc7d3837a509d6ee0a276a2b76dac95c92bd0763a89b?s=96&d=mm&r=g","contentUrl":"https:\/\/secure.gravatar.com\/avatar\/2c80d5a4942fe0900b73cc7d3837a509d6ee0a276a2b76dac95c92bd0763a89b?s=96&d=mm&r=g","caption":"Zden\u011bk Zelenka"},"description":"Moji d\u011bt\u0161t\u00ed hrdinov\u00e9 se jmenovali Loprais, Moskal, Neveu, Vatanen, Rahier... A tihle borci, jejich n\u00e1sledovn\u00edci a jejich p\u0159\u00edb\u011bhy m\u011b nep\u0159estali fascinovat ani po letech, kdy jsem vyrostl a zam\u011bstn\u00e1valy m\u011b jin\u00e9 discipl\u00edny motorsportu. Proto se zrodila DAKARMANIA.","url":"https:\/\/www.dakarmania.cz\/index.php\/author\/dakarmania\/"}]}},"amp_enabled":true,"_links":{"self":[{"href":"https:\/\/www.dakarmania.cz\/index.php\/wp-json\/wp\/v2\/posts\/5421","targetHints":{"allow":["GET"]}}],"collection":[{"href":"https:\/\/www.dakarmania.cz\/index.php\/wp-json\/wp\/v2\/posts"}],"about":[{"href":"https:\/\/www.dakarmania.cz\/index.php\/wp-json\/wp\/v2\/types\/post"}],"author":[{"embeddable":true,"href":"https:\/\/www.dakarmania.cz\/index.php\/wp-json\/wp\/v2\/users\/1"}],"replies":[{"embeddable":true,"href":"https:\/\/www.dakarmania.cz\/index.php\/wp-json\/wp\/v2\/comments?post=5421"}],"version-history":[{"count":6,"href":"https:\/\/www.dakarmania.cz\/index.php\/wp-json\/wp\/v2\/posts\/5421\/revisions"}],"predecessor-version":[{"id":5446,"href":"https:\/\/www.dakarmania.cz\/index.php\/wp-json\/wp\/v2\/posts\/5421\/revisions\/5446"}],"wp:featuredmedia":[{"embeddable":true,"href":"https:\/\/www.dakarmania.cz\/index.php\/wp-json\/wp\/v2\/media\/5419"}],"wp:attachment":[{"href":"https:\/\/www.dakarmania.cz\/index.php\/wp-json\/wp\/v2\/media?parent=5421"}],"wp:term":[{"taxonomy":"category","embeddable":true,"href":"https:\/\/www.dakarmania.cz\/index.php\/wp-json\/wp\/v2\/categories?post=5421"},{"taxonomy":"post_tag","embeddable":true,"href":"https:\/\/www.dakarmania.cz\/index.php\/wp-json\/wp\/v2\/tags?post=5421"}],"curies":[{"name":"wp","href":"https:\/\/api.w.org\/{rel}","templated":true}]}}