{"id":5428,"date":"2019-04-16T17:31:15","date_gmt":"2019-04-16T15:31:15","guid":{"rendered":"https:\/\/www.dakarmania.cz\/?p=5428"},"modified":"2023-08-23T09:28:33","modified_gmt":"2023-08-23T07:28:33","slug":"stripky-z-mdc-van-genugtenuv-napor","status":"publish","type":"post","link":"https:\/\/www.dakarmania.cz\/index.php\/2019\/04\/16\/stripky-z-mdc-van-genugtenuv-napor\/","title":{"rendered":"St\u0159\u00edpky z MDC: Van Genugten\u016fv n\u00e1por a Vl\u010dk\u016fv den"},"content":{"rendered":"<p>[vc_row][vc_column][vc_column_text]<\/p>\n<h4>V\u00a0dosavadn\u00edm pr\u016fb\u011bhu Morocco Desert Challenge 2019 p\u00ed\u0161e ka\u017ed\u00e1 z\u00a0kategori\u00ed odli\u0161n\u00fd p\u0159\u00edb\u011bh. Mezi motocyklisty unik\u00e1 vedouc\u00ed dvojice m\u00edlov\u00fdmi kroky zbytku sv\u011bta, v\u00a0kategorii automobil\u016f si leader zku\u0161en\u011b hl\u00edd\u00e1 pozici a mezi truckery to v\u00a0polovin\u011b rally b\u00e1je\u010dn\u011b v\u0159e.<\/h4>\n<p>*** V\u00a0\u00fater\u00fd pokra\u010dovala <a href=\"https:\/\/www.dakarmania.cz\/index.php\/souteze\/mdc-2019\/\">Morocco Desert Challenge 2019<\/a> \u010dtvrtou etapou z\u00a0Assy do Foum Zguidu. I tentokr\u00e1t se cel\u00fdch 425 kilometr\u016f jelo na \u010das. Na programu byl pr\u016fjezd nejv\u011bt\u0161\u00edm vojensk\u00fdm prostorem na jihu Maroka. Tra\u0165 byla po cel\u00fd den velmi rychl\u00e1 a pos\u00e1dky se musely vypo\u0159\u00e1dat s mno\u017estv\u00ed skok\u016f.[\/vc_column_text][vc_video link=&#8221;https:\/\/youtu.be\/QThMrX4wqGo&#8221;][vc_column_text]<\/p>\n<h4>Moto: Pedrero a Howes ve vlastn\u00ed galaxii<\/h4>\n<p>*** <strong>Joan Pedrero<\/strong> (KTM) a <strong>Skyler Howes<\/strong> (Husqvarna) dnes <strong>tot\u00e1ln\u011b deklasovali konkurenci<\/strong>, kdy\u017e byli o v\u00edce ne\u017e hodinu rychlej\u0161\u00ed ne\u017e nejbli\u017e\u0161\u00ed z jejich soupe\u0159\u016f. Zku\u0161en\u00fd \u0160pan\u011bl dnes porazil americk\u00e9ho z\u00e1vodn\u00edka o minutu a \u0161est sekund a vyst\u0159\u00eddal jezdce \u010desk\u00e9ho t\u00fdmu Klym\u010diw Racing na \u010dele pr\u016fb\u011b\u017en\u00e9ho hodnocen\u00ed. V polovin\u011b sout\u011b\u017ee v\u0161ak vedouc\u00ed dvojici d\u011bl\u00ed pouh\u00fdch 50 sekund!<\/p>\n<p>*** <strong>Skyler Howes:<\/strong> <em>\u201eDne\u0161n\u00ed etapa byla rychl\u00e1, nebyla tak n\u00e1ro\u010dn\u00e1 fyzicky, ale sp\u00ed\u0161 psychicky. Na n\u011bkter\u00fdch rozcest\u00edch bylo obt\u00ed\u017en\u00e9 zvolit spr\u00e1vnou cestu. Dnes jsme ud\u011blali n\u011bkolik \u0161patn\u00fdch rozhodnut\u00ed, ale na\u0161t\u011bst\u00ed jsme t\u00edm neztratili p\u0159\u00edli\u0161. Startoval jsem prvn\u00ed a Pedrero m\u011b dojel. Mysl\u00edm, \u017ee Pedrero jel vp\u0159edu d\u00e9le ne\u017e j\u00e1, ale mnohokr\u00e1t jsme se prost\u0159\u00eddali. Je to velk\u00e1 z\u00e1bava, proto\u017ee si p\u0159i navigaci po\u010d\u00edn\u00e1 velmi chyt\u0159e, je velice zku\u0161en\u00fd. Opravdov\u00e1 legenda. U\u010d\u00edm se od n\u011bj, hodn\u011b mi pom\u00e1h\u00e1, i kdy\u017e jsme soupe\u0159i. Je to moc p\u0159\u00edjemn\u00fd \u010dlov\u011bk. V souboji s Pedrerem zat\u00edm platilo, \u017ee kdy\u017e jeden z n\u00e1s ud\u011blal chybu, ud\u011blal ji i ten druh\u00fd. Pak jen t\u011b\u017eko z\u00edsk\u00e1te n\u011bjak\u00fd \u010das. Mysl\u00edm si, \u017ee dal\u0161\u00ed etapy v dun\u00e1ch by n\u00e1s mohly trochu rozd\u011blit. Strategie z\u016fst\u00e1v\u00e1 po\u0159\u00e1d stejn\u00e1: jet co nejrychleji a ud\u011blat co nejm\u00e9n\u011b chyb.\u201c<\/em>[\/vc_column_text][vc_single_image image=&#8221;5433&#8243; img_size=&#8221;large&#8221; add_caption=&#8221;yes&#8221; alignment=&#8221;center&#8221;][vc_column_text]*** <strong>Nejlep\u0161\u00edm ze zbytku sv\u011bta<\/strong> byl dnes Howes\u016fv t\u00fdmov\u00fd kolega <strong>Petr Vl\u010dek<\/strong> (+1:03:29 hod). Jen\u017ee v Americe \u017eij\u00edc\u00ed pardubick\u00fd rod\u00e1k nedokon\u010dil p\u0159edchoz\u00ed etapu a v celkov\u00e9 klasifikaci figuruje s 20hodinovou penalizac\u00ed v hloubi pole.<\/p>\n<p>*** Vysoko <strong>dr\u017e\u00ed \u010desk\u00fd prapor Zbyn\u011bk Olmer jun.<\/strong> (KTM). Jezdec Czech Beer Rally Teamu byl ve \u010dtvrt\u00e9 etap\u011b des\u00e1t\u00fd (+1:19:42) a celkov\u011b se posunul z dev\u00e1t\u00e9ho na \u0161est\u00e9 m\u00edsto (+3:01:22 hod). Na p\u00e1t\u00e9ho Brita Richarda Dorse (KTM) ztr\u00e1c\u00ed 12 minut.<\/p>\n<p>*** <strong>Pr\u016fb\u011b\u017en\u00e9 po\u0159ad\u00ed dal\u0161\u00edch jezdc\u016f \u010desk\u00fdch t\u00fdm\u016f:<\/strong><br \/>\n19. Gee Motzkin (Klym\u010diw, KTM) +4:11:33<br \/>\n23. Martin Novotn\u00fd (Czech Beer, KTM) +5:06:58<br \/>\n36. Zbyn\u011bk Olmer (Czech Beer, KTM) +7:07:35<br \/>\n54. Petr Vl\u010dek (Klym\u010diw, KTM) +26:03:33<br \/>\n56. Gilad Gotfried (Klym\u010diw, KTM) +31:00:13<\/p>\n<p>*** V <strong>kategorii \u010dty\u0159kolek<\/strong> se z etapov\u00e9ho v\u00edt\u011bzstv\u00ed radoval Francouz <strong>Antoine Vitse<\/strong> (Yamaha), kter\u00fd se v pr\u016fb\u011b\u017en\u00e9m po\u0159ad\u00ed posunul na druhou p\u0159\u00ed\u010dku. S t\u00e9m\u011b\u0159 57minutov\u00fdm n\u00e1skokem d\u00e1l vede Vitse\u016fv bratr Simon s dal\u0161\u00ed Yamahou.[\/vc_column_text][vc_single_image image=&#8221;5436&#8243; img_size=&#8221;large&#8221; add_caption=&#8221;yes&#8221; alignment=&#8221;center&#8221;][vc_column_text]<\/p>\n<h4>Auto: Van Loona nezastavila ani s\u00e9rie defekt\u016f<\/h4>\n<p>*** <strong>Erik van Loon<\/strong> <strong>s Wouterem Rosegaarem<\/strong> (Toyota) si d\u00edky druh\u00e9mu etapov\u00e9mu v\u00edt\u011bzstv\u00ed <strong>upevnili veden\u00ed<\/strong> v celkov\u00e9m hodnocen\u00ed, p\u0159esto\u017ee je na speci\u00e1lce postupn\u011b p\u0159ibrzdily \u010dty\u0159i defekty. Pr\u016fb\u011b\u017en\u011b druh\u00fd Portugalec Paulo Ferreira (Toyota) byl dnes o 34 minut pomalej\u0161\u00ed. D\u00edky tomu se rozestup vedouc\u00ed dvojice zv\u011bt\u0161il u\u017e t\u00e9m\u011b\u0159 na 42 minut.<\/p>\n<p>*** <strong>R\u00e9my Vauthier<\/strong> (Optimus MD) byl ve \u010dtvrt\u00e9 etap\u011b jen o t\u0159i minuty pomalej\u0161\u00ed ne\u017e vedouc\u00ed Nizozemec. V celkov\u00e9m hodnocen\u00ed \u0160v\u00fdcar p\u0159esko\u010dil J\u00e9r\u00f4ma Pelicheta (Optimus MD) a Vincenta Thijse (Toyota) a v polovin\u011b sout\u011b\u017ee <strong>je na medailov\u00fdch pozic\u00edch<\/strong>. Za druh\u00fdm Ferreirou zaost\u00e1v\u00e1 o necel\u00fdch 11 minut.<\/p>\n<p>*** <a href=\"https:\/\/www.dakarmania.cz\/index.php\/osobnosti\/tomas-ourednicek\/\"><strong>Tom\u00e1\u0161 Ou\u0159edn\u00ed\u010dek<\/strong><\/a> s <a href=\"https:\/\/www.dakarmania.cz\/index.php\/osobnosti\/david-kripal\/\"><strong>Davidem K\u0159\u00edpalem<\/strong><\/a> (Ford) si v \u00fater\u00fd p\u0159ipsali sedm\u00fd \u010das (+25:21 min) a v pr\u016fb\u011b\u017en\u00e9 klasifikaci <strong>posko\u010dili o \u010dty\u0159i pozice<\/strong>, z dvan\u00e1ct\u00e9ho na osm\u00e9 m\u00edsto (+2:14:22).<\/p>\n<p>*** <strong>Tom\u00e1\u0161 Ou\u0159edn\u00ed\u010dek:<\/strong> <em>\u201eKamen\u00ed a kamen\u00ed, gumy \u00fapln\u011b oholen\u00e9, ka\u017ed\u00e1 zat\u00e1\u010dka smykem, a p\u0159esto ani jeden defekt.\u201c<\/em>[\/vc_column_text][vc_single_image image=&#8221;5431&#8243; img_size=&#8221;large&#8221; add_caption=&#8221;yes&#8221; alignment=&#8221;center&#8221;][vc_column_text]<\/p>\n<h4>Kamiony: Van Genugten \u00fato\u010d\u00ed<\/h4>\n<p>*** V kategorii kamion\u016f vyhr\u00e1l ka\u017edou z prvn\u00edch \u010dty\u0159 etap poka\u017ed\u00e9 n\u011bkdo jin\u00fd. V \u00fater\u00fd <strong>si s n\u00e1ro\u010dnou trat\u00ed nejl\u00e9pe poradil Ton van Genugten<\/strong> s Ivecem t\u00fdmu De Rooy.\u00a0Navzdory minutov\u00e9 penalizaci Nizozemec porazil druh\u00e9ho Jana van de Laara (DAF) o dev\u011bt a p\u016fl minuty.<\/p>\n<p>*** <strong>O veden\u00ed p\u0159i\u0161el Roeland Voerman<\/strong> (MAN), kter\u00fd inkasoval 15minutovou penalizaci a klesl na t\u0159et\u00ed p\u0159\u00ed\u010dku (+2:43). <strong>Nov\u00fdm leaderem kategorie kamion\u016f je Peter Versluis<\/strong> s dal\u0161\u00edm kamionem MAN. Van Genugten posko\u010dil ze sedm\u00e9 na druhou pozici (+2:27).<\/p>\n<p>*** <strong>Sergej Vjazovi\u010d<\/strong> (MAZ) v \u00favodu \u010dtvrt\u00e9 etapy vedl, ale po men\u0161\u00edch probl\u00e9mech se syst\u00e9mem p\u0159epl\u0148ov\u00e1n\u00ed motoru byl v c\u00edli klasifikov\u00e1n jako p\u00e1t\u00fd, 17 a p\u016fl minuty za v\u00edt\u011bzn\u00fdm Van Genugtenem. V pr\u016fb\u011b\u017en\u00e9 klasifikaci\u00a0<strong>klesl<\/strong> na \u010dtvrt\u00e9 m\u00edsto (+6:12).<\/p>\n<p>*** <strong>Martin van den Brink<\/strong> s Renaultem z d\u00edlen \u017eidovick\u00e9ho MKR Technology ztratil v\u00edce ne\u017e 27 minut a pr\u016fb\u011b\u017en\u011b je p\u00e1t\u00fd. Na vedouc\u00edho Versluise ztr\u00e1c\u00ed necelou p\u016flhodinu, od \u010dtvrt\u00e9ho Vjazovi\u010de d\u011bl\u00ed Nizozemce 23 minut. <strong>Gert Huzink<\/strong> s dal\u0161\u00edm \u201e\u010desk\u00fdm\u201c Renaultem je dev\u00e1t\u00fd (+1:16:25).<\/p>\n<p>*** <strong>Z vedouc\u00ed skupiny vypadl<\/strong> v\u00edt\u011bz p\u0159edchoz\u00ed etapy <strong>Alexej Vi\u0161n\u011bvskij<\/strong> se star\u0161\u00edm trambusov\u00fdm kamionem MAZ. B\u011blorus t\u0159ikr\u00e1t m\u011bnil pneumatiku a propadl se ze \u010dtvrt\u00e9 na osmou pozici (+49:55).[\/vc_column_text][\/vc_column][\/vc_row]<\/p>\n","protected":false},"excerpt":{"rendered":"<p>V dosavadn\u00edm pr\u016fb\u011bhu Morocco Desert Challenge 2019 p\u00ed\u0161e ka\u017ed\u00e1 z kategori\u00ed odli\u0161n\u00fd p\u0159\u00edb\u011bh. Mezi motocyklisty vedouc\u00ed dvojice unik\u00e1, mezi truckery to v\u0159e.<\/p>\n","protected":false},"author":1,"featured_media":5430,"comment_status":"open","ping_status":"closed","sticky":false,"template":"","format":"standard","meta":{"footnotes":""},"categories":[301],"tags":[425,609,897,890,937,10,883,11,60,84,913,64,164,936,905,108,57,63,166,891,78,160,934,76,302,244,176,884,912,59,940,77,911,161,894,61,517,224,7,238,201,935,906,168,889],"class_list":["post-5428","post","type-post","status-publish","format-standard","has-post-thumbnail","hentry","category-morocco-desert-challenge","tag-425","tag-alexej-visnevskij","tag-antoine-vitse","tag-czech-beer-rally-team","tag-daf","tag-david-kripal","tag-erik-van-loon","tag-ford","tag-gee-motzkin","tag-gert-huzink","tag-gilad-gotfried","tag-husqvarna","tag-iveco","tag-jan-van-de-laar","tag-jerome-pelichet","tag-joan-pedrero","tag-klymciw-racing","tag-ktm","tag-man","tag-martin-novotny","tag-martin-van-den-brink","tag-maz","tag-md","tag-mkr-technology","tag-morocco-desert-challenge","tag-morocco-desert-challenge-2019","tag-optimus-md","tag-paulo-ferreira","tag-peter-versluis","tag-petr-vlcek","tag-remy-vauthier","tag-renault","tag-roeland-voerman","tag-sergej-vjazovic","tag-simon-vitse","tag-skyler-howes","tag-south-racing-ce","tag-team-de-rooy","tag-tomas-ourednicek","tag-ton-van-genugten","tag-toyota","tag-vincent-thijs","tag-wouter-rosegaar","tag-yamaha","tag-zbynek-olmer-jun"],"yoast_head":"<!-- This site is optimized with the Yoast SEO plugin v24.9 - https:\/\/yoast.com\/wordpress\/plugins\/seo\/ -->\n<title>St\u0159\u00edpky z MDC: Van Genugten\u016fv n\u00e1por a Vl\u010dk\u016fv den - DAKARMANIA.cz<\/title>\n<meta name=\"description\" content=\"V dosavadn\u00edm pr\u016fb\u011bhu Morocco Desert Challenge 2019 p\u00ed\u0161e ka\u017ed\u00e1 z kategori\u00ed odli\u0161n\u00fd p\u0159\u00edb\u011bh. Mezi motocyklisty vedouc\u00ed dvojice unik\u00e1, mezi truckery to v\u0159e.\" \/>\n<meta name=\"robots\" content=\"index, follow, max-snippet:-1, max-image-preview:large, max-video-preview:-1\" \/>\n<link rel=\"canonical\" href=\"https:\/\/www.dakarmania.cz\/index.php\/2019\/04\/16\/stripky-z-mdc-van-genugtenuv-napor\/\" \/>\n<meta property=\"og:locale\" content=\"cs_CZ\" \/>\n<meta property=\"og:type\" content=\"article\" \/>\n<meta property=\"og:title\" content=\"St\u0159\u00edpky z MDC: Van Genugten\u016fv n\u00e1por a Vl\u010dk\u016fv den - DAKARMANIA.cz\" \/>\n<meta property=\"og:description\" content=\"V dosavadn\u00edm pr\u016fb\u011bhu Morocco Desert Challenge 2019 p\u00ed\u0161e ka\u017ed\u00e1 z kategori\u00ed odli\u0161n\u00fd p\u0159\u00edb\u011bh. Mezi motocyklisty vedouc\u00ed dvojice unik\u00e1, mezi truckery to v\u0159e.\" \/>\n<meta property=\"og:url\" content=\"https:\/\/www.dakarmania.cz\/index.php\/2019\/04\/16\/stripky-z-mdc-van-genugtenuv-napor\/\" \/>\n<meta property=\"og:site_name\" content=\"DAKARMANIA.cz\" \/>\n<meta property=\"article:publisher\" content=\"https:\/\/www.facebook.com\/dakarmania\/\" \/>\n<meta property=\"article:published_time\" content=\"2019-04-16T15:31:15+00:00\" \/>\n<meta property=\"article:modified_time\" content=\"2023-08-23T07:28:33+00:00\" \/>\n<meta property=\"og:image\" content=\"https:\/\/www.dakarmania.cz\/wp-content\/uploads\/2019\/04\/19-mdc-van-genugten-01.jpg\" \/>\n\t<meta property=\"og:image:width\" content=\"1280\" \/>\n\t<meta property=\"og:image:height\" content=\"853\" \/>\n\t<meta property=\"og:image:type\" content=\"image\/jpeg\" \/>\n<meta name=\"author\" content=\"Zden\u011bk Zelenka\" \/>\n<meta name=\"twitter:card\" content=\"summary_large_image\" \/>\n<meta name=\"twitter:label1\" content=\"Napsal(a)\" \/>\n\t<meta name=\"twitter:data1\" content=\"Zden\u011bk Zelenka\" \/>\n\t<meta name=\"twitter:label2\" content=\"Odhadovan\u00e1 doba \u010dten\u00ed\" \/>\n\t<meta name=\"twitter:data2\" content=\"5 minut\" \/>\n<script type=\"application\/ld+json\" class=\"yoast-schema-graph\">{\"@context\":\"https:\/\/schema.org\",\"@graph\":[{\"@type\":\"Article\",\"@id\":\"https:\/\/www.dakarmania.cz\/index.php\/2019\/04\/16\/stripky-z-mdc-van-genugtenuv-napor\/#article\",\"isPartOf\":{\"@id\":\"https:\/\/www.dakarmania.cz\/index.php\/2019\/04\/16\/stripky-z-mdc-van-genugtenuv-napor\/\"},\"author\":{\"name\":\"Zden\u011bk Zelenka\",\"@id\":\"https:\/\/www.dakarmania.cz\/#\/schema\/person\/04eb0e87a389631c2169c0dddae7ff1e\"},\"headline\":\"St\u0159\u00edpky z MDC: Van Genugten\u016fv n\u00e1por a Vl\u010dk\u016fv den\",\"datePublished\":\"2019-04-16T15:31:15+00:00\",\"dateModified\":\"2023-08-23T07:28:33+00:00\",\"mainEntityOfPage\":{\"@id\":\"https:\/\/www.dakarmania.cz\/index.php\/2019\/04\/16\/stripky-z-mdc-van-genugtenuv-napor\/\"},\"wordCount\":1071,\"commentCount\":0,\"publisher\":{\"@id\":\"https:\/\/www.dakarmania.cz\/#organization\"},\"image\":{\"@id\":\"https:\/\/www.dakarmania.cz\/index.php\/2019\/04\/16\/stripky-z-mdc-van-genugtenuv-napor\/#primaryimage\"},\"thumbnailUrl\":\"https:\/\/www.dakarmania.cz\/wp-content\/uploads\/2019\/04\/19-mdc-van-genugten-01.jpg\",\"keywords\":[\"2019\",\"Alexej Vi\u0161n\u011bvskij\",\"Antoine Vitse\",\"Czech Beer Rally Team\",\"DAF\",\"David K\u0159\u00edpal\",\"Erik van Loon\",\"Ford\",\"Gee Motzkin\",\"Gert Huzink\",\"Gilad Gotfried\",\"Husqvarna\",\"Iveco\",\"Jan van de Laar\",\"J\u00e9r\u00f4me Pelichet\",\"Joan Pedrero\",\"Klym\u010diw Racing\",\"KTM\",\"MAN\",\"Martin Novotn\u00fd\",\"Martin van den Brink\",\"MAZ\",\"MD\",\"MKR Technology\",\"Morocco Desert Challenge\",\"Morocco Desert Challenge 2019\",\"Optimus MD\",\"Paulo Ferreira\",\"Peter Versluis\",\"Petr Vl\u010dek\",\"R\u00e9my Vauthier\",\"Renault\",\"Roeland Voerman\",\"Sergej Vjazovi\u010d\",\"Simon Vitse\",\"Skyler Howes\",\"South Racing CE\",\"Team De Rooy\",\"Tom\u00e1\u0161 Ou\u0159edn\u00ed\u010dek\",\"Ton van Genugten\",\"Toyota\",\"Vincent Thijs\",\"Wouter Rosegaar\",\"Yamaha\",\"Zbyn\u011bk Olmer jun.\"],\"articleSection\":[\"Morocco Desert Challenge\"],\"inLanguage\":\"cs\",\"potentialAction\":[{\"@type\":\"CommentAction\",\"name\":\"Comment\",\"target\":[\"https:\/\/www.dakarmania.cz\/index.php\/2019\/04\/16\/stripky-z-mdc-van-genugtenuv-napor\/#respond\"]}]},{\"@type\":\"WebPage\",\"@id\":\"https:\/\/www.dakarmania.cz\/index.php\/2019\/04\/16\/stripky-z-mdc-van-genugtenuv-napor\/\",\"url\":\"https:\/\/www.dakarmania.cz\/index.php\/2019\/04\/16\/stripky-z-mdc-van-genugtenuv-napor\/\",\"name\":\"St\u0159\u00edpky z MDC: Van Genugten\u016fv n\u00e1por a Vl\u010dk\u016fv den - DAKARMANIA.cz\",\"isPartOf\":{\"@id\":\"https:\/\/www.dakarmania.cz\/#website\"},\"primaryImageOfPage\":{\"@id\":\"https:\/\/www.dakarmania.cz\/index.php\/2019\/04\/16\/stripky-z-mdc-van-genugtenuv-napor\/#primaryimage\"},\"image\":{\"@id\":\"https:\/\/www.dakarmania.cz\/index.php\/2019\/04\/16\/stripky-z-mdc-van-genugtenuv-napor\/#primaryimage\"},\"thumbnailUrl\":\"https:\/\/www.dakarmania.cz\/wp-content\/uploads\/2019\/04\/19-mdc-van-genugten-01.jpg\",\"datePublished\":\"2019-04-16T15:31:15+00:00\",\"dateModified\":\"2023-08-23T07:28:33+00:00\",\"description\":\"V dosavadn\u00edm pr\u016fb\u011bhu Morocco Desert Challenge 2019 p\u00ed\u0161e ka\u017ed\u00e1 z kategori\u00ed odli\u0161n\u00fd p\u0159\u00edb\u011bh. Mezi motocyklisty vedouc\u00ed dvojice unik\u00e1, mezi truckery to v\u0159e.\",\"breadcrumb\":{\"@id\":\"https:\/\/www.dakarmania.cz\/index.php\/2019\/04\/16\/stripky-z-mdc-van-genugtenuv-napor\/#breadcrumb\"},\"inLanguage\":\"cs\",\"potentialAction\":[{\"@type\":\"ReadAction\",\"target\":[\"https:\/\/www.dakarmania.cz\/index.php\/2019\/04\/16\/stripky-z-mdc-van-genugtenuv-napor\/\"]}]},{\"@type\":\"ImageObject\",\"inLanguage\":\"cs\",\"@id\":\"https:\/\/www.dakarmania.cz\/index.php\/2019\/04\/16\/stripky-z-mdc-van-genugtenuv-napor\/#primaryimage\",\"url\":\"https:\/\/www.dakarmania.cz\/wp-content\/uploads\/2019\/04\/19-mdc-van-genugten-01.jpg\",\"contentUrl\":\"https:\/\/www.dakarmania.cz\/wp-content\/uploads\/2019\/04\/19-mdc-van-genugten-01.jpg\",\"width\":1280,\"height\":853,\"caption\":\"Ton van Genugten \/ Anton van Limpt \/ Ramon Peters, Iveco Powerstar, Petronas Team De Rooy Iveco. Morocco Desert Challenge 2019. \u00a9 Team De Rooy\"},{\"@type\":\"BreadcrumbList\",\"@id\":\"https:\/\/www.dakarmania.cz\/index.php\/2019\/04\/16\/stripky-z-mdc-van-genugtenuv-napor\/#breadcrumb\",\"itemListElement\":[{\"@type\":\"ListItem\",\"position\":1,\"name\":\"Dom\u016f\",\"item\":\"https:\/\/www.dakarmania.cz\/\"},{\"@type\":\"ListItem\",\"position\":2,\"name\":\"St\u0159\u00edpky z MDC: Van Genugten\u016fv n\u00e1por a Vl\u010dk\u016fv den\"}]},{\"@type\":\"WebSite\",\"@id\":\"https:\/\/www.dakarmania.cz\/#website\",\"url\":\"https:\/\/www.dakarmania.cz\/\",\"name\":\"DAKARMANIA.cz\",\"description\":\"\u017dijeme Dakarem cel\u00fd rok\",\"publisher\":{\"@id\":\"https:\/\/www.dakarmania.cz\/#organization\"},\"potentialAction\":[{\"@type\":\"SearchAction\",\"target\":{\"@type\":\"EntryPoint\",\"urlTemplate\":\"https:\/\/www.dakarmania.cz\/?s={search_term_string}\"},\"query-input\":{\"@type\":\"PropertyValueSpecification\",\"valueRequired\":true,\"valueName\":\"search_term_string\"}}],\"inLanguage\":\"cs\"},{\"@type\":\"Organization\",\"@id\":\"https:\/\/www.dakarmania.cz\/#organization\",\"name\":\"DAKAR MANIA\",\"url\":\"https:\/\/www.dakarmania.cz\/\",\"logo\":{\"@type\":\"ImageObject\",\"inLanguage\":\"cs\",\"@id\":\"https:\/\/www.dakarmania.cz\/#\/schema\/logo\/image\/\",\"url\":\"https:\/\/www.dakarmania.cz\/wp-content\/uploads\/2018\/12\/Dakar-Mania-Logo-Square-Orange.png\",\"contentUrl\":\"https:\/\/www.dakarmania.cz\/wp-content\/uploads\/2018\/12\/Dakar-Mania-Logo-Square-Orange.png\",\"width\":992,\"height\":992,\"caption\":\"DAKAR MANIA\"},\"image\":{\"@id\":\"https:\/\/www.dakarmania.cz\/#\/schema\/logo\/image\/\"},\"sameAs\":[\"https:\/\/www.facebook.com\/dakarmania\/\"]},{\"@type\":\"Person\",\"@id\":\"https:\/\/www.dakarmania.cz\/#\/schema\/person\/04eb0e87a389631c2169c0dddae7ff1e\",\"name\":\"Zden\u011bk Zelenka\",\"image\":{\"@type\":\"ImageObject\",\"inLanguage\":\"cs\",\"@id\":\"https:\/\/www.dakarmania.cz\/#\/schema\/person\/image\/\",\"url\":\"https:\/\/secure.gravatar.com\/avatar\/2c80d5a4942fe0900b73cc7d3837a509d6ee0a276a2b76dac95c92bd0763a89b?s=96&d=mm&r=g\",\"contentUrl\":\"https:\/\/secure.gravatar.com\/avatar\/2c80d5a4942fe0900b73cc7d3837a509d6ee0a276a2b76dac95c92bd0763a89b?s=96&d=mm&r=g\",\"caption\":\"Zden\u011bk Zelenka\"},\"description\":\"Moji d\u011bt\u0161t\u00ed hrdinov\u00e9 se jmenovali Loprais, Moskal, Neveu, Vatanen, Rahier... A tihle borci, jejich n\u00e1sledovn\u00edci a jejich p\u0159\u00edb\u011bhy m\u011b nep\u0159estali fascinovat ani po letech, kdy jsem vyrostl a zam\u011bstn\u00e1valy m\u011b jin\u00e9 discipl\u00edny motorsportu. Proto se zrodila DAKARMANIA.\",\"url\":\"https:\/\/www.dakarmania.cz\/index.php\/author\/dakarmania\/\"}]}<\/script>\n<!-- \/ Yoast SEO plugin. -->","yoast_head_json":{"title":"St\u0159\u00edpky z MDC: Van Genugten\u016fv n\u00e1por a Vl\u010dk\u016fv den - DAKARMANIA.cz","description":"V dosavadn\u00edm pr\u016fb\u011bhu Morocco Desert Challenge 2019 p\u00ed\u0161e ka\u017ed\u00e1 z kategori\u00ed odli\u0161n\u00fd p\u0159\u00edb\u011bh. Mezi motocyklisty vedouc\u00ed dvojice unik\u00e1, mezi truckery to v\u0159e.","robots":{"index":"index","follow":"follow","max-snippet":"max-snippet:-1","max-image-preview":"max-image-preview:large","max-video-preview":"max-video-preview:-1"},"canonical":"https:\/\/www.dakarmania.cz\/index.php\/2019\/04\/16\/stripky-z-mdc-van-genugtenuv-napor\/","og_locale":"cs_CZ","og_type":"article","og_title":"St\u0159\u00edpky z MDC: Van Genugten\u016fv n\u00e1por a Vl\u010dk\u016fv den - DAKARMANIA.cz","og_description":"V dosavadn\u00edm pr\u016fb\u011bhu Morocco Desert Challenge 2019 p\u00ed\u0161e ka\u017ed\u00e1 z kategori\u00ed odli\u0161n\u00fd p\u0159\u00edb\u011bh. Mezi motocyklisty vedouc\u00ed dvojice unik\u00e1, mezi truckery to v\u0159e.","og_url":"https:\/\/www.dakarmania.cz\/index.php\/2019\/04\/16\/stripky-z-mdc-van-genugtenuv-napor\/","og_site_name":"DAKARMANIA.cz","article_publisher":"https:\/\/www.facebook.com\/dakarmania\/","article_published_time":"2019-04-16T15:31:15+00:00","article_modified_time":"2023-08-23T07:28:33+00:00","og_image":[{"width":1280,"height":853,"url":"https:\/\/www.dakarmania.cz\/wp-content\/uploads\/2019\/04\/19-mdc-van-genugten-01.jpg","type":"image\/jpeg"}],"author":"Zden\u011bk Zelenka","twitter_card":"summary_large_image","twitter_misc":{"Napsal(a)":"Zden\u011bk Zelenka","Odhadovan\u00e1 doba \u010dten\u00ed":"5 minut"},"schema":{"@context":"https:\/\/schema.org","@graph":[{"@type":"Article","@id":"https:\/\/www.dakarmania.cz\/index.php\/2019\/04\/16\/stripky-z-mdc-van-genugtenuv-napor\/#article","isPartOf":{"@id":"https:\/\/www.dakarmania.cz\/index.php\/2019\/04\/16\/stripky-z-mdc-van-genugtenuv-napor\/"},"author":{"name":"Zden\u011bk Zelenka","@id":"https:\/\/www.dakarmania.cz\/#\/schema\/person\/04eb0e87a389631c2169c0dddae7ff1e"},"headline":"St\u0159\u00edpky z MDC: Van Genugten\u016fv n\u00e1por a Vl\u010dk\u016fv den","datePublished":"2019-04-16T15:31:15+00:00","dateModified":"2023-08-23T07:28:33+00:00","mainEntityOfPage":{"@id":"https:\/\/www.dakarmania.cz\/index.php\/2019\/04\/16\/stripky-z-mdc-van-genugtenuv-napor\/"},"wordCount":1071,"commentCount":0,"publisher":{"@id":"https:\/\/www.dakarmania.cz\/#organization"},"image":{"@id":"https:\/\/www.dakarmania.cz\/index.php\/2019\/04\/16\/stripky-z-mdc-van-genugtenuv-napor\/#primaryimage"},"thumbnailUrl":"https:\/\/www.dakarmania.cz\/wp-content\/uploads\/2019\/04\/19-mdc-van-genugten-01.jpg","keywords":["2019","Alexej Vi\u0161n\u011bvskij","Antoine Vitse","Czech Beer Rally Team","DAF","David K\u0159\u00edpal","Erik van Loon","Ford","Gee Motzkin","Gert Huzink","Gilad Gotfried","Husqvarna","Iveco","Jan van de Laar","J\u00e9r\u00f4me Pelichet","Joan Pedrero","Klym\u010diw Racing","KTM","MAN","Martin Novotn\u00fd","Martin van den Brink","MAZ","MD","MKR Technology","Morocco Desert Challenge","Morocco Desert Challenge 2019","Optimus MD","Paulo Ferreira","Peter Versluis","Petr Vl\u010dek","R\u00e9my Vauthier","Renault","Roeland Voerman","Sergej Vjazovi\u010d","Simon Vitse","Skyler Howes","South Racing CE","Team De Rooy","Tom\u00e1\u0161 Ou\u0159edn\u00ed\u010dek","Ton van Genugten","Toyota","Vincent Thijs","Wouter Rosegaar","Yamaha","Zbyn\u011bk Olmer jun."],"articleSection":["Morocco Desert Challenge"],"inLanguage":"cs","potentialAction":[{"@type":"CommentAction","name":"Comment","target":["https:\/\/www.dakarmania.cz\/index.php\/2019\/04\/16\/stripky-z-mdc-van-genugtenuv-napor\/#respond"]}]},{"@type":"WebPage","@id":"https:\/\/www.dakarmania.cz\/index.php\/2019\/04\/16\/stripky-z-mdc-van-genugtenuv-napor\/","url":"https:\/\/www.dakarmania.cz\/index.php\/2019\/04\/16\/stripky-z-mdc-van-genugtenuv-napor\/","name":"St\u0159\u00edpky z MDC: Van Genugten\u016fv n\u00e1por a Vl\u010dk\u016fv den - DAKARMANIA.cz","isPartOf":{"@id":"https:\/\/www.dakarmania.cz\/#website"},"primaryImageOfPage":{"@id":"https:\/\/www.dakarmania.cz\/index.php\/2019\/04\/16\/stripky-z-mdc-van-genugtenuv-napor\/#primaryimage"},"image":{"@id":"https:\/\/www.dakarmania.cz\/index.php\/2019\/04\/16\/stripky-z-mdc-van-genugtenuv-napor\/#primaryimage"},"thumbnailUrl":"https:\/\/www.dakarmania.cz\/wp-content\/uploads\/2019\/04\/19-mdc-van-genugten-01.jpg","datePublished":"2019-04-16T15:31:15+00:00","dateModified":"2023-08-23T07:28:33+00:00","description":"V dosavadn\u00edm pr\u016fb\u011bhu Morocco Desert Challenge 2019 p\u00ed\u0161e ka\u017ed\u00e1 z kategori\u00ed odli\u0161n\u00fd p\u0159\u00edb\u011bh. Mezi motocyklisty vedouc\u00ed dvojice unik\u00e1, mezi truckery to v\u0159e.","breadcrumb":{"@id":"https:\/\/www.dakarmania.cz\/index.php\/2019\/04\/16\/stripky-z-mdc-van-genugtenuv-napor\/#breadcrumb"},"inLanguage":"cs","potentialAction":[{"@type":"ReadAction","target":["https:\/\/www.dakarmania.cz\/index.php\/2019\/04\/16\/stripky-z-mdc-van-genugtenuv-napor\/"]}]},{"@type":"ImageObject","inLanguage":"cs","@id":"https:\/\/www.dakarmania.cz\/index.php\/2019\/04\/16\/stripky-z-mdc-van-genugtenuv-napor\/#primaryimage","url":"https:\/\/www.dakarmania.cz\/wp-content\/uploads\/2019\/04\/19-mdc-van-genugten-01.jpg","contentUrl":"https:\/\/www.dakarmania.cz\/wp-content\/uploads\/2019\/04\/19-mdc-van-genugten-01.jpg","width":1280,"height":853,"caption":"Ton van Genugten \/ Anton van Limpt \/ Ramon Peters, Iveco Powerstar, Petronas Team De Rooy Iveco. Morocco Desert Challenge 2019. \u00a9 Team De Rooy"},{"@type":"BreadcrumbList","@id":"https:\/\/www.dakarmania.cz\/index.php\/2019\/04\/16\/stripky-z-mdc-van-genugtenuv-napor\/#breadcrumb","itemListElement":[{"@type":"ListItem","position":1,"name":"Dom\u016f","item":"https:\/\/www.dakarmania.cz\/"},{"@type":"ListItem","position":2,"name":"St\u0159\u00edpky z MDC: Van Genugten\u016fv n\u00e1por a Vl\u010dk\u016fv den"}]},{"@type":"WebSite","@id":"https:\/\/www.dakarmania.cz\/#website","url":"https:\/\/www.dakarmania.cz\/","name":"DAKARMANIA.cz","description":"\u017dijeme Dakarem cel\u00fd rok","publisher":{"@id":"https:\/\/www.dakarmania.cz\/#organization"},"potentialAction":[{"@type":"SearchAction","target":{"@type":"EntryPoint","urlTemplate":"https:\/\/www.dakarmania.cz\/?s={search_term_string}"},"query-input":{"@type":"PropertyValueSpecification","valueRequired":true,"valueName":"search_term_string"}}],"inLanguage":"cs"},{"@type":"Organization","@id":"https:\/\/www.dakarmania.cz\/#organization","name":"DAKAR MANIA","url":"https:\/\/www.dakarmania.cz\/","logo":{"@type":"ImageObject","inLanguage":"cs","@id":"https:\/\/www.dakarmania.cz\/#\/schema\/logo\/image\/","url":"https:\/\/www.dakarmania.cz\/wp-content\/uploads\/2018\/12\/Dakar-Mania-Logo-Square-Orange.png","contentUrl":"https:\/\/www.dakarmania.cz\/wp-content\/uploads\/2018\/12\/Dakar-Mania-Logo-Square-Orange.png","width":992,"height":992,"caption":"DAKAR MANIA"},"image":{"@id":"https:\/\/www.dakarmania.cz\/#\/schema\/logo\/image\/"},"sameAs":["https:\/\/www.facebook.com\/dakarmania\/"]},{"@type":"Person","@id":"https:\/\/www.dakarmania.cz\/#\/schema\/person\/04eb0e87a389631c2169c0dddae7ff1e","name":"Zden\u011bk Zelenka","image":{"@type":"ImageObject","inLanguage":"cs","@id":"https:\/\/www.dakarmania.cz\/#\/schema\/person\/image\/","url":"https:\/\/secure.gravatar.com\/avatar\/2c80d5a4942fe0900b73cc7d3837a509d6ee0a276a2b76dac95c92bd0763a89b?s=96&d=mm&r=g","contentUrl":"https:\/\/secure.gravatar.com\/avatar\/2c80d5a4942fe0900b73cc7d3837a509d6ee0a276a2b76dac95c92bd0763a89b?s=96&d=mm&r=g","caption":"Zden\u011bk Zelenka"},"description":"Moji d\u011bt\u0161t\u00ed hrdinov\u00e9 se jmenovali Loprais, Moskal, Neveu, Vatanen, Rahier... A tihle borci, jejich n\u00e1sledovn\u00edci a jejich p\u0159\u00edb\u011bhy m\u011b nep\u0159estali fascinovat ani po letech, kdy jsem vyrostl a zam\u011bstn\u00e1valy m\u011b jin\u00e9 discipl\u00edny motorsportu. Proto se zrodila DAKARMANIA.","url":"https:\/\/www.dakarmania.cz\/index.php\/author\/dakarmania\/"}]}},"amp_enabled":true,"_links":{"self":[{"href":"https:\/\/www.dakarmania.cz\/index.php\/wp-json\/wp\/v2\/posts\/5428","targetHints":{"allow":["GET"]}}],"collection":[{"href":"https:\/\/www.dakarmania.cz\/index.php\/wp-json\/wp\/v2\/posts"}],"about":[{"href":"https:\/\/www.dakarmania.cz\/index.php\/wp-json\/wp\/v2\/types\/post"}],"author":[{"embeddable":true,"href":"https:\/\/www.dakarmania.cz\/index.php\/wp-json\/wp\/v2\/users\/1"}],"replies":[{"embeddable":true,"href":"https:\/\/www.dakarmania.cz\/index.php\/wp-json\/wp\/v2\/comments?post=5428"}],"version-history":[{"count":14,"href":"https:\/\/www.dakarmania.cz\/index.php\/wp-json\/wp\/v2\/posts\/5428\/revisions"}],"predecessor-version":[{"id":28865,"href":"https:\/\/www.dakarmania.cz\/index.php\/wp-json\/wp\/v2\/posts\/5428\/revisions\/28865"}],"wp:featuredmedia":[{"embeddable":true,"href":"https:\/\/www.dakarmania.cz\/index.php\/wp-json\/wp\/v2\/media\/5430"}],"wp:attachment":[{"href":"https:\/\/www.dakarmania.cz\/index.php\/wp-json\/wp\/v2\/media?parent=5428"}],"wp:term":[{"taxonomy":"category","embeddable":true,"href":"https:\/\/www.dakarmania.cz\/index.php\/wp-json\/wp\/v2\/categories?post=5428"},{"taxonomy":"post_tag","embeddable":true,"href":"https:\/\/www.dakarmania.cz\/index.php\/wp-json\/wp\/v2\/tags?post=5428"}],"curies":[{"name":"wp","href":"https:\/\/api.w.org\/{rel}","templated":true}]}}