{"id":5488,"date":"2019-04-17T16:12:25","date_gmt":"2019-04-17T14:12:25","guid":{"rendered":"https:\/\/www.dakarmania.cz\/?p=5488"},"modified":"2019-04-18T15:06:38","modified_gmt":"2019-04-18T13:06:38","slug":"stripky-z-mdc-vjazovic-jde-do-cela","status":"publish","type":"post","link":"https:\/\/www.dakarmania.cz\/index.php\/2019\/04\/17\/stripky-z-mdc-vjazovic-jde-do-cela\/","title":{"rendered":"St\u0159\u00edpky z MDC: Vjazovi\u010d jde do \u010dela, Ou\u0159edn\u00ed\u010dek si polep\u0161il"},"content":{"rendered":"<p>[vc_row][vc_column][vc_column_text]<\/p>\n<h4>\u00da\u010dastn\u00edci Morocco Desert Challenge 2019 zam\u00ed\u0159ili ve st\u0159edu poprv\u00e9 do v\u011bt\u0161\u00edch dun a p\u00edsek zam\u00edchal kartami. Kamiony maj\u00ed nov\u00e9ho leadera, v kategorii automobil\u016f p\u0159i\u0161la vedouc\u00ed pos\u00e1dka o v\u011bt\u0161inu sv\u00e9ho n\u00e1skoku. V \u017eidovick\u00e9m MKR Technology se raduj\u00ed z druh\u00e9ho etapov\u00e9ho v\u00edt\u011bzstv\u00ed jejich Renault\u016f, bojovn\u00edci Ou\u0159edn\u00ed\u010dek s K\u0159\u00edpalem se posunuli o p\u0159\u00ed\u010dku v\u00fd\u0161.<\/h4>\n<p>*** P\u00e1tou etapou vstoupila <a href=\"https:\/\/www.dakarmania.cz\/index.php\/souteze\/mdc-2019\/\">Morocco Desert Challenge 2019<\/a> do sv\u00e9 druh\u00e9 poloviny. A zm\u011bnila dosavadn\u00ed charakter. Etapa z Foum Zguidu do Zagory m\u011b\u0159ila 308 kilometr\u016f, cel\u00e1 se jela jako rychlostn\u00ed zkou\u0161ka a sout\u011b\u017e\u00edc\u00ed si na jej\u00ed trati dosyta u\u017eili dun. Po pr\u016fjezdu oblast\u00ed n\u00e1rodn\u00edho parku Lac Iriki p\u0159i\u0161ly na \u0159adu vysok\u00e9 duny oblasti Erg Chebbi.[\/vc_column_text][vc_video link=&#8221;https:\/\/youtu.be\/yutg5U_AKe4&#8243;][vc_column_text]<\/p>\n<h4>Moto: Pedrero udr\u017eel Howese na distanc<\/h4>\n<p>*** Tak\u00e9 ve st\u0159edu pokra\u010dovala bitva dvou mu\u017e\u016f, kte\u0159\u00ed naprosto dominuj\u00ed kategorii motocykl\u016f. <strong>Joan Pedrero<\/strong> (KTM) si p\u0159ipsal <strong>druh\u00e9 etapov\u00e9 v\u00edt\u011bzstv\u00ed v \u0159ad\u011b<\/strong> (celkov\u011b ji\u017e t\u0159et\u00ed) a v\u00edce ne\u017e zdvojn\u00e1sobil sv\u016fj n\u00e1skok p\u0159ed Skylerem Howesem (+1:08 min) jedouc\u00edm s Husqvarnou \u010desk\u00e9ho t\u00fdmu Klym\u010diw Racing. Rozestup vedouc\u00edho \u0160pan\u011bla a druh\u00e9ho Ameri\u010dana v\u0161ak st\u00e1le z\u016fst\u00e1v\u00e1 minim\u00e1ln\u00ed (1:58).<\/p>\n<p>*** <strong>Skyler Howes:<\/strong> <em>\u201eStejn\u011b jako v p\u0159edchoz\u00edch dnech i dnes jsme s Pedrerem jeli podobn\u011b rychle a ud\u011blali jsme tak\u00e9 stejn\u00e9 chyby. P\u0159ed dotankov\u00e1n\u00edm jsem se dok\u00e1zal dostat p\u0159ed Joana, ale pak jsem dvakr\u00e1t upadl v dun\u00e1ch. Nic v\u00e1\u017en\u00e9ho, jen jsem ztratil \u010das, ale Joan m\u011b p\u0159edjel. Pak jsme se vjeli do kamenit\u00e9 pas\u00e1\u017ee, kde to hodn\u011b pr\u00e1\u0161ilo a on mi trochu ujel. Posledn\u00edch dvacet a\u017e t\u0159icet kilometr\u016f bylo hodn\u011b rychl\u00fdch a pr\u00e1v\u011b v takov\u00fdch \u00fasec\u00edch je opravdu velice dobr\u00fd. Dok\u00e1\u017ee neust\u00e1le dr\u017eet maxim\u00e1ln\u00ed rychlost, zat\u00edmco j\u00e1 v takov\u00e9m ter\u00e9nu nejedu tak vyrovnan\u011b.\u201c<\/em>[\/vc_column_text][vc_single_image image=&#8221;5494&#8243; img_size=&#8221;large&#8221; add_caption=&#8221;yes&#8221; alignment=&#8221;center&#8221;][vc_column_text]*** <strong>Paul Spierings<\/strong> (Husqvarna) si t\u0159et\u00edm \u010dasem (+22:35) <strong>pohl\u00eddal t\u0159et\u00ed pozici<\/strong> absolutn\u011b. Od vedouc\u00ed dvojice v\u0161ak Holan\u010fana d\u011bl\u00ed t\u00e9m\u011b\u0159 t\u0159\u00edhodinov\u00e1 \u010dasov\u00e1 propast.<\/p>\n<p>*** Po pond\u011bln\u00edm zklam\u00e1n\u00ed, kdy musel odstoupit kv\u016fli defektu, demonstruje sv\u00e9 schopnosti <strong>Petr Vl\u010dek<\/strong> (KTM). Po t\u0159et\u00edm m\u00edstu ve v\u010derej\u0161\u00ed etap\u011b si dnes jezdec t\u00fdmu Klym\u010diw Racing p\u0159ipsal <strong>p\u00e1t\u00fd \u010das<\/strong> (+31:41).<\/p>\n<p>*** <strong>Zbyn\u011bk Olmer jun.<\/strong> (KTM) byl o hodinu a dvan\u00e1ct minut pomalej\u0161\u00ed ne\u017e v\u00edt\u011bzn\u00fd Pedrero, nav\u00edc inkasoval 20minutovou penalizaci a v etap\u011b obsadil \u0161estn\u00e1ct\u00e9 m\u00edsto. V pr\u016fb\u011b\u017en\u00e9 klasifikaci klesl jezdec Czech Beer Rally Teamu ze \u0161est\u00e9 na des\u00e1tou pozici (+4:34:13 hod), p\u0159esto <strong>z\u016fst\u00e1v\u00e1 nejlep\u0161\u00edm z \u010desk\u00fdch motork\u00e1\u0159\u016f<\/strong>.<\/p>\n<p>*** <strong>Pr\u016fb\u011b\u017en\u00e9 po\u0159ad\u00ed dal\u0161\u00edch jezdc\u016f \u010desk\u00fdch t\u00fdm\u016f:<\/strong><br \/>\n17. Gee Motzkin (Klym\u010diw, KTM) +6:18:08<br \/>\n26. Martin Novotn\u00fd (Czech Beer, KTM) +8:54:50<\/p>\n<p>*** <strong>Simon Vitse<\/strong> (Yamaha) si t\u0159et\u00edm etapov\u00fdm v\u00edt\u011bzstv\u00edm <strong>upevnil veden\u00ed v hodnocen\u00ed \u010dty\u0159kolek<\/strong>. P\u0159ed sv\u00fdm bratrem Antoinem, jen\u017e je pr\u016fb\u011b\u017en\u011b druh\u00fd, m\u00e1 Francouz k dobru hodinu a jednadvacet minut.[\/vc_column_text][vc_single_image image=&#8221;5495&#8243; img_size=&#8221;large&#8221; add_caption=&#8221;yes&#8221; alignment=&#8221;center&#8221;][vc_column_text]<\/p>\n<h4>Auto: Van Loon\u016fv n\u00e1skok se rozplynul<\/h4>\n<p>*** <strong>Remy Vauthier<\/strong> (Optimus MD) \u00fato\u010d\u00ed. V\u010dera se posunul na medailov\u00e9 pozice, dnes byl nejrychlej\u0161\u00ed a <strong>u\u017e je druh\u00fd<\/strong>, nav\u00edc jen s minim\u00e1ln\u00ed ztr\u00e1tou na leadera (+1:57).<\/p>\n<p>*** <strong>Erik van Loon<\/strong> (Toyota) sice uh\u00e1jil veden\u00ed, ale jen t\u011bsn\u011b. Nizozemec v p\u00e1t\u00e9 etap\u011b <strong>ztratil 50 minut<\/strong> a z t\u00e9m\u011b\u0159 42minutov\u00e9ho n\u00e1skoku mu zbyl jen zlomek.<\/p>\n<p>*** Druhou p\u0159\u00ed\u010dku dr\u017eel po polovin\u011b sout\u011b\u017ee <strong>Paulo Ferreira<\/strong> (Toyota). S p\u00e1tou etapou ale spokojen\u00fd nebude. Krom\u011b Vauthiera, jen\u017e byl skoro o 22 minut rychlej\u0161\u00ed, se p\u0159ed Portugalce v pr\u016fb\u011b\u017en\u00e9m hodnocen\u00ed dostal tak\u00e9 dnes t\u0159et\u00ed (+9:41) J\u00e9r\u00f4me Pelichet s dal\u0161\u00ed buggy Optimus MD. Ferreira <strong>klesl na \u010dtvrtou p\u0159\u00ed\u010dku<\/strong>. Vedouc\u00ed \u010dtve\u0159ici d\u011bl\u00ed p\u0159ed t\u0159emi z\u00e1v\u011bre\u010dn\u00fdmi etapami pouh\u00fdch 13 minut.<\/p>\n<p>*** <a href=\"https:\/\/www.dakarmania.cz\/index.php\/osobnosti\/tomas-ourednicek\/\"><strong>Tom\u00e1\u0161 Ou\u0159edn\u00ed\u010dek<\/strong><\/a> s <a href=\"https:\/\/www.dakarmania.cz\/index.php\/osobnosti\/david-kripal\/\"><strong>Davidem K\u0159\u00edpalem<\/strong><\/a> (Ford) zaznamenali dal\u0161\u00ed v\u00fdsledkov\u011b solidn\u00ed etapu. D\u00edky sedm\u00e9mu \u010dasu (+32:49) si v pr\u016fb\u011b\u017en\u00e9m hodnocen\u00ed polep\u0161ili o dv\u011b p\u0159\u00ed\u010dky a jsou \u0161est\u00ed (+1:56:28). Na p\u00e1t\u00e9ho \u0160pan\u011bla Fernanda Alvareze (VW) ztr\u00e1cej\u00ed pouh\u00fdch 58 sekund.[\/vc_column_text][vc_single_image image=&#8221;5496&#8243; img_size=&#8221;large&#8221; add_caption=&#8221;yes&#8221; alignment=&#8221;center&#8221;][vc_column_text]<\/p>\n<h4>Kamiony: Nov\u00fd kapotovan\u00fd MAZ poprv\u00e9 vede<\/h4>\n<p>*** Tov\u00e1rn\u00ed t\u00fdm MAZ pos\u00edl\u00e1 dal\u0161\u00ed vizitku i trucker\u016fm, kte\u0159\u00ed se letos Morocco Desert Challenge ne\u00fa\u010dastn\u00ed. <strong>Sergej Vjazovi\u010d<\/strong> s nov\u00fdm 6440RR, kter\u00fd p\u0159ed sout\u011b\u017e\u00ed absolvoval pouze dvoudenn\u00ed testov\u00e1n\u00ed, <strong>se uj\u00edm\u00e1 veden\u00ed<\/strong> s 16minutov\u00fdm n\u00e1skokem p\u0159ed Roelandem Voermanem (MAN). B\u011blorus byl v p\u00e1t\u00e9 etap\u011b druh\u00fd (+1:07).<\/p>\n<p>*** <strong>Sergej Vjazovi\u010d:<\/strong> <em>\u201eKone\u010dn\u011b p\u00edsek. Na tento den jsme \u010dekali a okam\u017eit\u011b jsme za\u00fato\u010dili. Drali jsme se vp\u0159ed a sna\u017eili se, abychom si vybudovali n\u00e1skok. Ve druh\u00e9 polovin\u011b etapy jsme trochu zvolnili, abychom neriskovali. Prioritou bylo dostat se na prvn\u00ed m\u00edsto v pr\u016fb\u011b\u017en\u00e9m po\u0159ad\u00ed. S technikou jsme nem\u011bli \u017e\u00e1dn\u00e9 probl\u00e9my.\u201c<\/em><\/p>\n<p>*** Z <strong>etapov\u00e9ho v\u00edt\u011bzstv\u00ed<\/strong> se raduje <strong>Gert Huzink<\/strong> s Renaultem, kter\u00fd pro Riwald Dakar Team p\u0159ipravuje severo\u010desk\u00e1 spole\u010dnost MKR Technology. Nizozemec se d\u00edky tomu v pr\u016fb\u011b\u017en\u00e9m po\u0159ad\u00ed posouv\u00e1 z dev\u00e1t\u00e9ho na osm\u00e9 m\u00edsto (+1:09:06).<\/p>\n<p>*** <strong>Martin van den Brink<\/strong> s druh\u00fdm Renaultem z \u017didovic, v jeho\u017e pos\u00e1dce je i \u010desk\u00fd mechanik Daniel Kozlovsk\u00fd, zajel p\u00e1t\u00fd \u010das a <strong>p\u00e1t\u00fd z\u016fst\u00e1v\u00e1 i celkov\u011b<\/strong> (+30:36). Ov\u0161em na t\u0159et\u00edho Petera Versluise (MAN) ztr\u00e1c\u00ed jen \u010dty\u0159i minuty.<\/p>\n<p>*** <strong>Ton van Genugten<\/strong>, jen\u017e v Maroku testuje Iveco Powerstar s nez\u00e1visle zav\u011b\u0161en\u00fdmi n\u00e1pravami, dnes ztratil skoro 32 minut a <strong>klesl<\/strong> ze t\u0159et\u00edho na \u010dtvrt\u00e9 m\u00edsto. P\u0159ed p\u00e1t\u00fdm Van den Brinkem m\u00e1 k dobru jen t\u0159i a p\u016fl minuty.<\/p>\n<p>*** Ve \u010dtvrtek 18. dubna pokra\u010duje Morocco Desert Challenge 2019 \u0161estou etapou ze Zagory do Merzougy dlouhou 370 kilometr\u016f. Z\u00e1vodn\u00edci se mohou t\u011b\u0161it prakticky na v\u0161e, co pou\u0161tn\u00ed krajina nab\u00edz\u00ed: duny, p\u00edse\u010dn\u00e9 pl\u00e1n\u011b, ka\u0148ony i vyschl\u00e1 \u0159e\u010di\u0161t\u011b.[\/vc_column_text][\/vc_column][\/vc_row]<\/p>\n","protected":false},"excerpt":{"rendered":"<p>[vc_row][vc_column][vc_column_text] \u00da\u010dastn\u00edci Morocco Desert Challenge 2019 zam\u00ed\u0159ili ve st\u0159edu poprv\u00e9 do v\u011bt\u0161\u00edch dun a p\u00edsek zam\u00edchal kartami. Kamiony maj\u00ed nov\u00e9ho leadera, v kategorii automobil\u016f p\u0159i\u0161la vedouc\u00ed pos\u00e1dka o v\u011bt\u0161inu sv\u00e9ho n\u00e1skoku. V \u017eidovick\u00e9m MKR Technology se raduj\u00ed z druh\u00e9ho etapov\u00e9ho v\u00edt\u011bzstv\u00ed jejich Renault\u016f, bojovn\u00edci Ou\u0159edn\u00ed\u010dek s K\u0159\u00edpalem se posunuli o p\u0159\u00ed\u010dku v\u00fd\u0161. *** P\u00e1tou etapou [&hellip;]<\/p>\n","protected":false},"author":1,"featured_media":5490,"comment_status":"open","ping_status":"closed","sticky":false,"template":"","format":"standard","meta":{"footnotes":""},"categories":[301],"tags":[425,302,244],"class_list":["post-5488","post","type-post","status-publish","format-standard","has-post-thumbnail","hentry","category-morocco-desert-challenge","tag-425","tag-morocco-desert-challenge","tag-morocco-desert-challenge-2019"],"yoast_head":"<!-- This site is optimized with the Yoast SEO plugin v24.9 - https:\/\/yoast.com\/wordpress\/plugins\/seo\/ -->\n<title>St\u0159\u00edpky z MDC: Vjazovi\u010d jde do \u010dela, Ou\u0159edn\u00ed\u010dek si polep\u0161il - DAKARMANIA.cz<\/title>\n<meta name=\"description\" content=\"\u00da\u010dastn\u00edci Morocco Desert Challenge zam\u00ed\u0159ili do v\u011bt\u0161\u00edch dun a p\u00edsek zam\u00edchal kartami. Kamiony maj\u00ed nov\u00e9ho leadera, MKR Technology slav\u00ed etapov\u00e9 v\u00edt\u011bzstv\u00ed.\" \/>\n<meta name=\"robots\" content=\"index, follow, max-snippet:-1, max-image-preview:large, max-video-preview:-1\" \/>\n<link rel=\"canonical\" href=\"https:\/\/www.dakarmania.cz\/index.php\/2019\/04\/17\/stripky-z-mdc-vjazovic-jde-do-cela\/\" \/>\n<meta property=\"og:locale\" content=\"cs_CZ\" \/>\n<meta property=\"og:type\" content=\"article\" \/>\n<meta property=\"og:title\" content=\"St\u0159\u00edpky z MDC: Vjazovi\u010d jde do \u010dela, Ou\u0159edn\u00ed\u010dek si polep\u0161il - DAKARMANIA.cz\" \/>\n<meta property=\"og:description\" content=\"\u00da\u010dastn\u00edci Morocco Desert Challenge zam\u00ed\u0159ili do v\u011bt\u0161\u00edch dun a p\u00edsek zam\u00edchal kartami. Kamiony maj\u00ed nov\u00e9ho leadera, MKR Technology slav\u00ed etapov\u00e9 v\u00edt\u011bzstv\u00ed.\" \/>\n<meta property=\"og:url\" content=\"https:\/\/www.dakarmania.cz\/index.php\/2019\/04\/17\/stripky-z-mdc-vjazovic-jde-do-cela\/\" \/>\n<meta property=\"og:site_name\" content=\"DAKARMANIA.cz\" \/>\n<meta property=\"article:publisher\" content=\"https:\/\/www.facebook.com\/dakarmania\/\" \/>\n<meta property=\"article:published_time\" content=\"2019-04-17T14:12:25+00:00\" \/>\n<meta property=\"article:modified_time\" content=\"2019-04-18T13:06:38+00:00\" \/>\n<meta property=\"og:image\" content=\"https:\/\/www.dakarmania.cz\/wp-content\/uploads\/2019\/04\/19-mdc-vjazovic-03.jpg\" \/>\n\t<meta property=\"og:image:width\" content=\"1200\" \/>\n\t<meta property=\"og:image:height\" content=\"801\" \/>\n\t<meta property=\"og:image:type\" content=\"image\/jpeg\" \/>\n<meta name=\"author\" content=\"Zden\u011bk Zelenka\" \/>\n<meta name=\"twitter:card\" content=\"summary_large_image\" \/>\n<meta name=\"twitter:label1\" content=\"Napsal(a)\" \/>\n\t<meta name=\"twitter:data1\" content=\"Zden\u011bk Zelenka\" \/>\n\t<meta name=\"twitter:label2\" content=\"Odhadovan\u00e1 doba \u010dten\u00ed\" \/>\n\t<meta name=\"twitter:data2\" content=\"6 minut\" \/>\n<script type=\"application\/ld+json\" class=\"yoast-schema-graph\">{\"@context\":\"https:\/\/schema.org\",\"@graph\":[{\"@type\":\"Article\",\"@id\":\"https:\/\/www.dakarmania.cz\/index.php\/2019\/04\/17\/stripky-z-mdc-vjazovic-jde-do-cela\/#article\",\"isPartOf\":{\"@id\":\"https:\/\/www.dakarmania.cz\/index.php\/2019\/04\/17\/stripky-z-mdc-vjazovic-jde-do-cela\/\"},\"author\":{\"name\":\"Zden\u011bk Zelenka\",\"@id\":\"https:\/\/www.dakarmania.cz\/#\/schema\/person\/04eb0e87a389631c2169c0dddae7ff1e\"},\"headline\":\"St\u0159\u00edpky z MDC: Vjazovi\u010d jde do \u010dela, Ou\u0159edn\u00ed\u010dek si polep\u0161il\",\"datePublished\":\"2019-04-17T14:12:25+00:00\",\"dateModified\":\"2019-04-18T13:06:38+00:00\",\"mainEntityOfPage\":{\"@id\":\"https:\/\/www.dakarmania.cz\/index.php\/2019\/04\/17\/stripky-z-mdc-vjazovic-jde-do-cela\/\"},\"wordCount\":1138,\"commentCount\":0,\"publisher\":{\"@id\":\"https:\/\/www.dakarmania.cz\/#organization\"},\"image\":{\"@id\":\"https:\/\/www.dakarmania.cz\/index.php\/2019\/04\/17\/stripky-z-mdc-vjazovic-jde-do-cela\/#primaryimage\"},\"thumbnailUrl\":\"https:\/\/www.dakarmania.cz\/wp-content\/uploads\/2019\/04\/19-mdc-vjazovic-03.jpg\",\"keywords\":[\"2019\",\"Morocco Desert Challenge\",\"Morocco Desert Challenge 2019\"],\"articleSection\":[\"Morocco Desert Challenge\"],\"inLanguage\":\"cs\",\"potentialAction\":[{\"@type\":\"CommentAction\",\"name\":\"Comment\",\"target\":[\"https:\/\/www.dakarmania.cz\/index.php\/2019\/04\/17\/stripky-z-mdc-vjazovic-jde-do-cela\/#respond\"]}]},{\"@type\":\"WebPage\",\"@id\":\"https:\/\/www.dakarmania.cz\/index.php\/2019\/04\/17\/stripky-z-mdc-vjazovic-jde-do-cela\/\",\"url\":\"https:\/\/www.dakarmania.cz\/index.php\/2019\/04\/17\/stripky-z-mdc-vjazovic-jde-do-cela\/\",\"name\":\"St\u0159\u00edpky z MDC: Vjazovi\u010d jde do \u010dela, Ou\u0159edn\u00ed\u010dek si polep\u0161il - DAKARMANIA.cz\",\"isPartOf\":{\"@id\":\"https:\/\/www.dakarmania.cz\/#website\"},\"primaryImageOfPage\":{\"@id\":\"https:\/\/www.dakarmania.cz\/index.php\/2019\/04\/17\/stripky-z-mdc-vjazovic-jde-do-cela\/#primaryimage\"},\"image\":{\"@id\":\"https:\/\/www.dakarmania.cz\/index.php\/2019\/04\/17\/stripky-z-mdc-vjazovic-jde-do-cela\/#primaryimage\"},\"thumbnailUrl\":\"https:\/\/www.dakarmania.cz\/wp-content\/uploads\/2019\/04\/19-mdc-vjazovic-03.jpg\",\"datePublished\":\"2019-04-17T14:12:25+00:00\",\"dateModified\":\"2019-04-18T13:06:38+00:00\",\"description\":\"\u00da\u010dastn\u00edci Morocco Desert Challenge zam\u00ed\u0159ili do v\u011bt\u0161\u00edch dun a p\u00edsek zam\u00edchal kartami. Kamiony maj\u00ed nov\u00e9ho leadera, MKR Technology slav\u00ed etapov\u00e9 v\u00edt\u011bzstv\u00ed.\",\"breadcrumb\":{\"@id\":\"https:\/\/www.dakarmania.cz\/index.php\/2019\/04\/17\/stripky-z-mdc-vjazovic-jde-do-cela\/#breadcrumb\"},\"inLanguage\":\"cs\",\"potentialAction\":[{\"@type\":\"ReadAction\",\"target\":[\"https:\/\/www.dakarmania.cz\/index.php\/2019\/04\/17\/stripky-z-mdc-vjazovic-jde-do-cela\/\"]}]},{\"@type\":\"ImageObject\",\"inLanguage\":\"cs\",\"@id\":\"https:\/\/www.dakarmania.cz\/index.php\/2019\/04\/17\/stripky-z-mdc-vjazovic-jde-do-cela\/#primaryimage\",\"url\":\"https:\/\/www.dakarmania.cz\/wp-content\/uploads\/2019\/04\/19-mdc-vjazovic-03.jpg\",\"contentUrl\":\"https:\/\/www.dakarmania.cz\/wp-content\/uploads\/2019\/04\/19-mdc-vjazovic-03.jpg\",\"width\":1200,\"height\":801,\"caption\":\"Sergej Vjazovi\u010d\/Anton Zaporo\u0161\u010denko\/Sergej Sa\u010duk, MAZ 6440RR, MAZ-Sportauto. Morocco Desert Challenge 2019. \u00a9 MDC Media\/Rallycool\"},{\"@type\":\"BreadcrumbList\",\"@id\":\"https:\/\/www.dakarmania.cz\/index.php\/2019\/04\/17\/stripky-z-mdc-vjazovic-jde-do-cela\/#breadcrumb\",\"itemListElement\":[{\"@type\":\"ListItem\",\"position\":1,\"name\":\"Dom\u016f\",\"item\":\"https:\/\/www.dakarmania.cz\/\"},{\"@type\":\"ListItem\",\"position\":2,\"name\":\"St\u0159\u00edpky z MDC: Vjazovi\u010d jde do \u010dela, Ou\u0159edn\u00ed\u010dek si polep\u0161il\"}]},{\"@type\":\"WebSite\",\"@id\":\"https:\/\/www.dakarmania.cz\/#website\",\"url\":\"https:\/\/www.dakarmania.cz\/\",\"name\":\"DAKARMANIA.cz\",\"description\":\"\u017dijeme Dakarem cel\u00fd rok\",\"publisher\":{\"@id\":\"https:\/\/www.dakarmania.cz\/#organization\"},\"potentialAction\":[{\"@type\":\"SearchAction\",\"target\":{\"@type\":\"EntryPoint\",\"urlTemplate\":\"https:\/\/www.dakarmania.cz\/?s={search_term_string}\"},\"query-input\":{\"@type\":\"PropertyValueSpecification\",\"valueRequired\":true,\"valueName\":\"search_term_string\"}}],\"inLanguage\":\"cs\"},{\"@type\":\"Organization\",\"@id\":\"https:\/\/www.dakarmania.cz\/#organization\",\"name\":\"DAKAR MANIA\",\"url\":\"https:\/\/www.dakarmania.cz\/\",\"logo\":{\"@type\":\"ImageObject\",\"inLanguage\":\"cs\",\"@id\":\"https:\/\/www.dakarmania.cz\/#\/schema\/logo\/image\/\",\"url\":\"https:\/\/www.dakarmania.cz\/wp-content\/uploads\/2018\/12\/Dakar-Mania-Logo-Square-Orange.png\",\"contentUrl\":\"https:\/\/www.dakarmania.cz\/wp-content\/uploads\/2018\/12\/Dakar-Mania-Logo-Square-Orange.png\",\"width\":992,\"height\":992,\"caption\":\"DAKAR MANIA\"},\"image\":{\"@id\":\"https:\/\/www.dakarmania.cz\/#\/schema\/logo\/image\/\"},\"sameAs\":[\"https:\/\/www.facebook.com\/dakarmania\/\"]},{\"@type\":\"Person\",\"@id\":\"https:\/\/www.dakarmania.cz\/#\/schema\/person\/04eb0e87a389631c2169c0dddae7ff1e\",\"name\":\"Zden\u011bk Zelenka\",\"image\":{\"@type\":\"ImageObject\",\"inLanguage\":\"cs\",\"@id\":\"https:\/\/www.dakarmania.cz\/#\/schema\/person\/image\/\",\"url\":\"https:\/\/secure.gravatar.com\/avatar\/2c80d5a4942fe0900b73cc7d3837a509d6ee0a276a2b76dac95c92bd0763a89b?s=96&d=mm&r=g\",\"contentUrl\":\"https:\/\/secure.gravatar.com\/avatar\/2c80d5a4942fe0900b73cc7d3837a509d6ee0a276a2b76dac95c92bd0763a89b?s=96&d=mm&r=g\",\"caption\":\"Zden\u011bk Zelenka\"},\"description\":\"Moji d\u011bt\u0161t\u00ed hrdinov\u00e9 se jmenovali Loprais, Moskal, Neveu, Vatanen, Rahier... A tihle borci, jejich n\u00e1sledovn\u00edci a jejich p\u0159\u00edb\u011bhy m\u011b nep\u0159estali fascinovat ani po letech, kdy jsem vyrostl a zam\u011bstn\u00e1valy m\u011b jin\u00e9 discipl\u00edny motorsportu. Proto se zrodila DAKARMANIA.\",\"url\":\"https:\/\/www.dakarmania.cz\/index.php\/author\/dakarmania\/\"}]}<\/script>\n<!-- \/ Yoast SEO plugin. -->","yoast_head_json":{"title":"St\u0159\u00edpky z MDC: Vjazovi\u010d jde do \u010dela, Ou\u0159edn\u00ed\u010dek si polep\u0161il - DAKARMANIA.cz","description":"\u00da\u010dastn\u00edci Morocco Desert Challenge zam\u00ed\u0159ili do v\u011bt\u0161\u00edch dun a p\u00edsek zam\u00edchal kartami. Kamiony maj\u00ed nov\u00e9ho leadera, MKR Technology slav\u00ed etapov\u00e9 v\u00edt\u011bzstv\u00ed.","robots":{"index":"index","follow":"follow","max-snippet":"max-snippet:-1","max-image-preview":"max-image-preview:large","max-video-preview":"max-video-preview:-1"},"canonical":"https:\/\/www.dakarmania.cz\/index.php\/2019\/04\/17\/stripky-z-mdc-vjazovic-jde-do-cela\/","og_locale":"cs_CZ","og_type":"article","og_title":"St\u0159\u00edpky z MDC: Vjazovi\u010d jde do \u010dela, Ou\u0159edn\u00ed\u010dek si polep\u0161il - DAKARMANIA.cz","og_description":"\u00da\u010dastn\u00edci Morocco Desert Challenge zam\u00ed\u0159ili do v\u011bt\u0161\u00edch dun a p\u00edsek zam\u00edchal kartami. Kamiony maj\u00ed nov\u00e9ho leadera, MKR Technology slav\u00ed etapov\u00e9 v\u00edt\u011bzstv\u00ed.","og_url":"https:\/\/www.dakarmania.cz\/index.php\/2019\/04\/17\/stripky-z-mdc-vjazovic-jde-do-cela\/","og_site_name":"DAKARMANIA.cz","article_publisher":"https:\/\/www.facebook.com\/dakarmania\/","article_published_time":"2019-04-17T14:12:25+00:00","article_modified_time":"2019-04-18T13:06:38+00:00","og_image":[{"width":1200,"height":801,"url":"https:\/\/www.dakarmania.cz\/wp-content\/uploads\/2019\/04\/19-mdc-vjazovic-03.jpg","type":"image\/jpeg"}],"author":"Zden\u011bk Zelenka","twitter_card":"summary_large_image","twitter_misc":{"Napsal(a)":"Zden\u011bk Zelenka","Odhadovan\u00e1 doba \u010dten\u00ed":"6 minut"},"schema":{"@context":"https:\/\/schema.org","@graph":[{"@type":"Article","@id":"https:\/\/www.dakarmania.cz\/index.php\/2019\/04\/17\/stripky-z-mdc-vjazovic-jde-do-cela\/#article","isPartOf":{"@id":"https:\/\/www.dakarmania.cz\/index.php\/2019\/04\/17\/stripky-z-mdc-vjazovic-jde-do-cela\/"},"author":{"name":"Zden\u011bk Zelenka","@id":"https:\/\/www.dakarmania.cz\/#\/schema\/person\/04eb0e87a389631c2169c0dddae7ff1e"},"headline":"St\u0159\u00edpky z MDC: Vjazovi\u010d jde do \u010dela, Ou\u0159edn\u00ed\u010dek si polep\u0161il","datePublished":"2019-04-17T14:12:25+00:00","dateModified":"2019-04-18T13:06:38+00:00","mainEntityOfPage":{"@id":"https:\/\/www.dakarmania.cz\/index.php\/2019\/04\/17\/stripky-z-mdc-vjazovic-jde-do-cela\/"},"wordCount":1138,"commentCount":0,"publisher":{"@id":"https:\/\/www.dakarmania.cz\/#organization"},"image":{"@id":"https:\/\/www.dakarmania.cz\/index.php\/2019\/04\/17\/stripky-z-mdc-vjazovic-jde-do-cela\/#primaryimage"},"thumbnailUrl":"https:\/\/www.dakarmania.cz\/wp-content\/uploads\/2019\/04\/19-mdc-vjazovic-03.jpg","keywords":["2019","Morocco Desert Challenge","Morocco Desert Challenge 2019"],"articleSection":["Morocco Desert Challenge"],"inLanguage":"cs","potentialAction":[{"@type":"CommentAction","name":"Comment","target":["https:\/\/www.dakarmania.cz\/index.php\/2019\/04\/17\/stripky-z-mdc-vjazovic-jde-do-cela\/#respond"]}]},{"@type":"WebPage","@id":"https:\/\/www.dakarmania.cz\/index.php\/2019\/04\/17\/stripky-z-mdc-vjazovic-jde-do-cela\/","url":"https:\/\/www.dakarmania.cz\/index.php\/2019\/04\/17\/stripky-z-mdc-vjazovic-jde-do-cela\/","name":"St\u0159\u00edpky z MDC: Vjazovi\u010d jde do \u010dela, Ou\u0159edn\u00ed\u010dek si polep\u0161il - DAKARMANIA.cz","isPartOf":{"@id":"https:\/\/www.dakarmania.cz\/#website"},"primaryImageOfPage":{"@id":"https:\/\/www.dakarmania.cz\/index.php\/2019\/04\/17\/stripky-z-mdc-vjazovic-jde-do-cela\/#primaryimage"},"image":{"@id":"https:\/\/www.dakarmania.cz\/index.php\/2019\/04\/17\/stripky-z-mdc-vjazovic-jde-do-cela\/#primaryimage"},"thumbnailUrl":"https:\/\/www.dakarmania.cz\/wp-content\/uploads\/2019\/04\/19-mdc-vjazovic-03.jpg","datePublished":"2019-04-17T14:12:25+00:00","dateModified":"2019-04-18T13:06:38+00:00","description":"\u00da\u010dastn\u00edci Morocco Desert Challenge zam\u00ed\u0159ili do v\u011bt\u0161\u00edch dun a p\u00edsek zam\u00edchal kartami. Kamiony maj\u00ed nov\u00e9ho leadera, MKR Technology slav\u00ed etapov\u00e9 v\u00edt\u011bzstv\u00ed.","breadcrumb":{"@id":"https:\/\/www.dakarmania.cz\/index.php\/2019\/04\/17\/stripky-z-mdc-vjazovic-jde-do-cela\/#breadcrumb"},"inLanguage":"cs","potentialAction":[{"@type":"ReadAction","target":["https:\/\/www.dakarmania.cz\/index.php\/2019\/04\/17\/stripky-z-mdc-vjazovic-jde-do-cela\/"]}]},{"@type":"ImageObject","inLanguage":"cs","@id":"https:\/\/www.dakarmania.cz\/index.php\/2019\/04\/17\/stripky-z-mdc-vjazovic-jde-do-cela\/#primaryimage","url":"https:\/\/www.dakarmania.cz\/wp-content\/uploads\/2019\/04\/19-mdc-vjazovic-03.jpg","contentUrl":"https:\/\/www.dakarmania.cz\/wp-content\/uploads\/2019\/04\/19-mdc-vjazovic-03.jpg","width":1200,"height":801,"caption":"Sergej Vjazovi\u010d\/Anton Zaporo\u0161\u010denko\/Sergej Sa\u010duk, MAZ 6440RR, MAZ-Sportauto. Morocco Desert Challenge 2019. \u00a9 MDC Media\/Rallycool"},{"@type":"BreadcrumbList","@id":"https:\/\/www.dakarmania.cz\/index.php\/2019\/04\/17\/stripky-z-mdc-vjazovic-jde-do-cela\/#breadcrumb","itemListElement":[{"@type":"ListItem","position":1,"name":"Dom\u016f","item":"https:\/\/www.dakarmania.cz\/"},{"@type":"ListItem","position":2,"name":"St\u0159\u00edpky z MDC: Vjazovi\u010d jde do \u010dela, Ou\u0159edn\u00ed\u010dek si polep\u0161il"}]},{"@type":"WebSite","@id":"https:\/\/www.dakarmania.cz\/#website","url":"https:\/\/www.dakarmania.cz\/","name":"DAKARMANIA.cz","description":"\u017dijeme Dakarem cel\u00fd rok","publisher":{"@id":"https:\/\/www.dakarmania.cz\/#organization"},"potentialAction":[{"@type":"SearchAction","target":{"@type":"EntryPoint","urlTemplate":"https:\/\/www.dakarmania.cz\/?s={search_term_string}"},"query-input":{"@type":"PropertyValueSpecification","valueRequired":true,"valueName":"search_term_string"}}],"inLanguage":"cs"},{"@type":"Organization","@id":"https:\/\/www.dakarmania.cz\/#organization","name":"DAKAR MANIA","url":"https:\/\/www.dakarmania.cz\/","logo":{"@type":"ImageObject","inLanguage":"cs","@id":"https:\/\/www.dakarmania.cz\/#\/schema\/logo\/image\/","url":"https:\/\/www.dakarmania.cz\/wp-content\/uploads\/2018\/12\/Dakar-Mania-Logo-Square-Orange.png","contentUrl":"https:\/\/www.dakarmania.cz\/wp-content\/uploads\/2018\/12\/Dakar-Mania-Logo-Square-Orange.png","width":992,"height":992,"caption":"DAKAR MANIA"},"image":{"@id":"https:\/\/www.dakarmania.cz\/#\/schema\/logo\/image\/"},"sameAs":["https:\/\/www.facebook.com\/dakarmania\/"]},{"@type":"Person","@id":"https:\/\/www.dakarmania.cz\/#\/schema\/person\/04eb0e87a389631c2169c0dddae7ff1e","name":"Zden\u011bk Zelenka","image":{"@type":"ImageObject","inLanguage":"cs","@id":"https:\/\/www.dakarmania.cz\/#\/schema\/person\/image\/","url":"https:\/\/secure.gravatar.com\/avatar\/2c80d5a4942fe0900b73cc7d3837a509d6ee0a276a2b76dac95c92bd0763a89b?s=96&d=mm&r=g","contentUrl":"https:\/\/secure.gravatar.com\/avatar\/2c80d5a4942fe0900b73cc7d3837a509d6ee0a276a2b76dac95c92bd0763a89b?s=96&d=mm&r=g","caption":"Zden\u011bk Zelenka"},"description":"Moji d\u011bt\u0161t\u00ed hrdinov\u00e9 se jmenovali Loprais, Moskal, Neveu, Vatanen, Rahier... A tihle borci, jejich n\u00e1sledovn\u00edci a jejich p\u0159\u00edb\u011bhy m\u011b nep\u0159estali fascinovat ani po letech, kdy jsem vyrostl a zam\u011bstn\u00e1valy m\u011b jin\u00e9 discipl\u00edny motorsportu. Proto se zrodila DAKARMANIA.","url":"https:\/\/www.dakarmania.cz\/index.php\/author\/dakarmania\/"}]}},"amp_enabled":true,"_links":{"self":[{"href":"https:\/\/www.dakarmania.cz\/index.php\/wp-json\/wp\/v2\/posts\/5488","targetHints":{"allow":["GET"]}}],"collection":[{"href":"https:\/\/www.dakarmania.cz\/index.php\/wp-json\/wp\/v2\/posts"}],"about":[{"href":"https:\/\/www.dakarmania.cz\/index.php\/wp-json\/wp\/v2\/types\/post"}],"author":[{"embeddable":true,"href":"https:\/\/www.dakarmania.cz\/index.php\/wp-json\/wp\/v2\/users\/1"}],"replies":[{"embeddable":true,"href":"https:\/\/www.dakarmania.cz\/index.php\/wp-json\/wp\/v2\/comments?post=5488"}],"version-history":[{"count":10,"href":"https:\/\/www.dakarmania.cz\/index.php\/wp-json\/wp\/v2\/posts\/5488\/revisions"}],"predecessor-version":[{"id":5541,"href":"https:\/\/www.dakarmania.cz\/index.php\/wp-json\/wp\/v2\/posts\/5488\/revisions\/5541"}],"wp:featuredmedia":[{"embeddable":true,"href":"https:\/\/www.dakarmania.cz\/index.php\/wp-json\/wp\/v2\/media\/5490"}],"wp:attachment":[{"href":"https:\/\/www.dakarmania.cz\/index.php\/wp-json\/wp\/v2\/media?parent=5488"}],"wp:term":[{"taxonomy":"category","embeddable":true,"href":"https:\/\/www.dakarmania.cz\/index.php\/wp-json\/wp\/v2\/categories?post=5488"},{"taxonomy":"post_tag","embeddable":true,"href":"https:\/\/www.dakarmania.cz\/index.php\/wp-json\/wp\/v2\/tags?post=5488"}],"curies":[{"name":"wp","href":"https:\/\/api.w.org\/{rel}","templated":true}]}}