{"id":5517,"date":"2019-04-18T09:49:31","date_gmt":"2019-04-18T07:49:31","guid":{"rendered":"https:\/\/www.dakarmania.cz\/?p=5517"},"modified":"2023-08-23T09:25:59","modified_gmt":"2023-08-23T07:25:59","slug":"v-dunach-se-ourednickovi-s-kripalem-darilo","status":"publish","type":"post","link":"https:\/\/www.dakarmania.cz\/index.php\/2019\/04\/18\/v-dunach-se-ourednickovi-s-kripalem-darilo\/","title":{"rendered":"V dun\u00e1ch se Ou\u0159edn\u00ed\u010dkovi s K\u0159\u00edpalem da\u0159ilo"},"content":{"rendered":"<p>[vc_row][vc_column][vc_column_text]<\/p>\n<h4>Tom\u00e1\u0161 Ou\u0159edn\u00ed\u010dek a David K\u0159\u00edpal za\u017eili ve st\u0159edu na Morocco Desert Challenge skute\u010dn\u00fd dunov\u00fd den. Ford Ranger Phoenix jel bez v\u011bt\u0161\u00edch probl\u00e9m\u016f. Podle neofici\u00e1ln\u00edch v\u00fdsledk\u016f zakon\u010dili 318 km dlouhou p\u00e1tou etapu mezi Foum Zguid a Zagorou s osm\u00fdm nejlep\u0161\u00edm \u010dasem a celkov\u011b tak jsou na \u0161est\u00e9m m\u00edst\u011b.<\/h4>\n<p><em>\u201eZtratili jsme se hned p\u00e1r minut po startu, prach byl tak hust\u00fd, \u017ee jsme ani nevid\u011bli, kde jsme. Ale a\u017e na tento okam\u017eik jsme po zbytek z\u00e1vodu nem\u011bli \u017e\u00e1dn\u00e9 komplikace. Kr\u00e1tce po neutr\u00e1ln\u00ed z\u00f3n\u011b jsme dohnali Fernanda Alvareze a od t\u00e9 chv\u00edle jsme se ho dr\u017eeli a jeli za n\u00edm. Auto je v dobr\u00e9m stavu, a nen\u00ed na n\u011bm moc pr\u00e1ce. D\u00edky tomu si na\u0161i mechanici Kuba Mikulok a Jirka Sivek mohou dnes ve\u010der po tvrd\u00e9m \u00fasil\u00ed posledn\u00edch dn\u016f kone\u010dn\u011b odpo\u010dinout,\u201c<\/em> popsal <a href=\"https:\/\/www.dakarmania.cz\/index.php\/osobnosti\/tomas-ourednicek\/\"><strong>Tom\u00e1\u0161 Ou\u0159edn\u00ed\u010dek<\/strong><\/a> p\u00e1t\u00fd den z\u00e1vodu.<\/p>\n<p>Ve \u010dtvrtek z\u00e1vodn\u00edky \u010dek\u00e1 \u0161est\u00e1 etapa <a href=\"https:\/\/www.dakarmania.cz\/index.php\/souteze\/mdc-2019\/\">Morocco Desert Challenge<\/a> mezi Zagorou a Merzougou, kter\u00e1 je dlouh\u00e1 370 km.<\/p>\n<p>Tiskov\u00e1 zpr\u00e1va South Racing CE (editov\u00e1no)[\/vc_column_text][\/vc_column][\/vc_row]<\/p>\n","protected":false},"excerpt":{"rendered":"<p>Tom\u00e1\u0161 Ou\u0159edn\u00ed\u010dek a David K\u0159\u00edpal za\u017eili ve st\u0159edu na Morocco Desert Challenge skute\u010dn\u00fd dunov\u00fd den. Ford Ranger Phoenix jel bez v\u011bt\u0161\u00edch probl\u00e9m\u016f.<\/p>\n","protected":false},"author":3,"featured_media":5516,"comment_status":"open","ping_status":"closed","sticky":false,"template":"","format":"standard","meta":{"footnotes":""},"categories":[637],"tags":[425,10,11,302,244,517,7],"class_list":["post-5517","post","type-post","status-publish","format-standard","has-post-thumbnail","hentry","category-tiskove-zpravy","tag-425","tag-david-kripal","tag-ford","tag-morocco-desert-challenge","tag-morocco-desert-challenge-2019","tag-south-racing-ce","tag-tomas-ourednicek"],"yoast_head":"<!-- This site is optimized with the Yoast SEO plugin v24.9 - https:\/\/yoast.com\/wordpress\/plugins\/seo\/ -->\n<title>V dun\u00e1ch se Ou\u0159edn\u00ed\u010dkovi s K\u0159\u00edpalem da\u0159ilo - DAKARMANIA.cz<\/title>\n<meta name=\"description\" content=\"Tom\u00e1\u0161 Ou\u0159edn\u00ed\u010dek a David K\u0159\u00edpal za\u017eili ve st\u0159edu na Morocco Desert Challenge skute\u010dn\u00fd dunov\u00fd den. Ford Ranger Phoenix jel bez v\u011bt\u0161\u00edch probl\u00e9m\u016f.\" \/>\n<meta name=\"robots\" content=\"index, follow, max-snippet:-1, max-image-preview:large, max-video-preview:-1\" \/>\n<link rel=\"canonical\" href=\"https:\/\/www.dakarmania.cz\/index.php\/2019\/04\/18\/v-dunach-se-ourednickovi-s-kripalem-darilo\/\" \/>\n<meta property=\"og:locale\" content=\"cs_CZ\" \/>\n<meta property=\"og:type\" content=\"article\" \/>\n<meta property=\"og:title\" content=\"V dun\u00e1ch se Ou\u0159edn\u00ed\u010dkovi s K\u0159\u00edpalem da\u0159ilo - DAKARMANIA.cz\" \/>\n<meta property=\"og:description\" content=\"Tom\u00e1\u0161 Ou\u0159edn\u00ed\u010dek a David K\u0159\u00edpal za\u017eili ve st\u0159edu na Morocco Desert Challenge skute\u010dn\u00fd dunov\u00fd den. Ford Ranger Phoenix jel bez v\u011bt\u0161\u00edch probl\u00e9m\u016f.\" \/>\n<meta property=\"og:url\" content=\"https:\/\/www.dakarmania.cz\/index.php\/2019\/04\/18\/v-dunach-se-ourednickovi-s-kripalem-darilo\/\" \/>\n<meta property=\"og:site_name\" content=\"DAKARMANIA.cz\" \/>\n<meta property=\"article:publisher\" content=\"https:\/\/www.facebook.com\/dakarmania\/\" \/>\n<meta property=\"article:published_time\" content=\"2019-04-18T07:49:31+00:00\" \/>\n<meta property=\"article:modified_time\" content=\"2023-08-23T07:25:59+00:00\" \/>\n<meta property=\"og:image\" content=\"https:\/\/www.dakarmania.cz\/wp-content\/uploads\/2019\/04\/19-mdc-ourednicek-04.jpg\" \/>\n\t<meta property=\"og:image:width\" content=\"1280\" \/>\n\t<meta property=\"og:image:height\" content=\"855\" \/>\n\t<meta property=\"og:image:type\" content=\"image\/jpeg\" \/>\n<meta name=\"author\" content=\"tiskov\u00e1 zpr\u00e1va\" \/>\n<meta name=\"twitter:card\" content=\"summary_large_image\" \/>\n<meta name=\"twitter:label1\" content=\"Napsal(a)\" \/>\n\t<meta name=\"twitter:data1\" content=\"tiskov\u00e1 zpr\u00e1va\" \/>\n\t<meta name=\"twitter:label2\" content=\"Odhadovan\u00e1 doba \u010dten\u00ed\" \/>\n\t<meta name=\"twitter:data2\" content=\"1 minuta\" \/>\n<script type=\"application\/ld+json\" class=\"yoast-schema-graph\">{\"@context\":\"https:\/\/schema.org\",\"@graph\":[{\"@type\":\"Article\",\"@id\":\"https:\/\/www.dakarmania.cz\/index.php\/2019\/04\/18\/v-dunach-se-ourednickovi-s-kripalem-darilo\/#article\",\"isPartOf\":{\"@id\":\"https:\/\/www.dakarmania.cz\/index.php\/2019\/04\/18\/v-dunach-se-ourednickovi-s-kripalem-darilo\/\"},\"author\":{\"name\":\"tiskov\u00e1 zpr\u00e1va\",\"@id\":\"https:\/\/www.dakarmania.cz\/#\/schema\/person\/bce8d1fe3633b1178e150fc5e340d5dd\"},\"headline\":\"V dun\u00e1ch se Ou\u0159edn\u00ed\u010dkovi s K\u0159\u00edpalem da\u0159ilo\",\"datePublished\":\"2019-04-18T07:49:31+00:00\",\"dateModified\":\"2023-08-23T07:25:59+00:00\",\"mainEntityOfPage\":{\"@id\":\"https:\/\/www.dakarmania.cz\/index.php\/2019\/04\/18\/v-dunach-se-ourednickovi-s-kripalem-darilo\/\"},\"wordCount\":229,\"commentCount\":0,\"publisher\":{\"@id\":\"https:\/\/www.dakarmania.cz\/#organization\"},\"image\":{\"@id\":\"https:\/\/www.dakarmania.cz\/index.php\/2019\/04\/18\/v-dunach-se-ourednickovi-s-kripalem-darilo\/#primaryimage\"},\"thumbnailUrl\":\"https:\/\/www.dakarmania.cz\/wp-content\/uploads\/2019\/04\/19-mdc-ourednicek-04.jpg\",\"keywords\":[\"2019\",\"David K\u0159\u00edpal\",\"Ford\",\"Morocco Desert Challenge\",\"Morocco Desert Challenge 2019\",\"South Racing CE\",\"Tom\u00e1\u0161 Ou\u0159edn\u00ed\u010dek\"],\"articleSection\":[\"Tiskov\u00e9 zpr\u00e1vy\"],\"inLanguage\":\"cs\",\"potentialAction\":[{\"@type\":\"CommentAction\",\"name\":\"Comment\",\"target\":[\"https:\/\/www.dakarmania.cz\/index.php\/2019\/04\/18\/v-dunach-se-ourednickovi-s-kripalem-darilo\/#respond\"]}]},{\"@type\":\"WebPage\",\"@id\":\"https:\/\/www.dakarmania.cz\/index.php\/2019\/04\/18\/v-dunach-se-ourednickovi-s-kripalem-darilo\/\",\"url\":\"https:\/\/www.dakarmania.cz\/index.php\/2019\/04\/18\/v-dunach-se-ourednickovi-s-kripalem-darilo\/\",\"name\":\"V dun\u00e1ch se Ou\u0159edn\u00ed\u010dkovi s K\u0159\u00edpalem da\u0159ilo - DAKARMANIA.cz\",\"isPartOf\":{\"@id\":\"https:\/\/www.dakarmania.cz\/#website\"},\"primaryImageOfPage\":{\"@id\":\"https:\/\/www.dakarmania.cz\/index.php\/2019\/04\/18\/v-dunach-se-ourednickovi-s-kripalem-darilo\/#primaryimage\"},\"image\":{\"@id\":\"https:\/\/www.dakarmania.cz\/index.php\/2019\/04\/18\/v-dunach-se-ourednickovi-s-kripalem-darilo\/#primaryimage\"},\"thumbnailUrl\":\"https:\/\/www.dakarmania.cz\/wp-content\/uploads\/2019\/04\/19-mdc-ourednicek-04.jpg\",\"datePublished\":\"2019-04-18T07:49:31+00:00\",\"dateModified\":\"2023-08-23T07:25:59+00:00\",\"description\":\"Tom\u00e1\u0161 Ou\u0159edn\u00ed\u010dek a David K\u0159\u00edpal za\u017eili ve st\u0159edu na Morocco Desert Challenge skute\u010dn\u00fd dunov\u00fd den. Ford Ranger Phoenix jel bez v\u011bt\u0161\u00edch probl\u00e9m\u016f.\",\"breadcrumb\":{\"@id\":\"https:\/\/www.dakarmania.cz\/index.php\/2019\/04\/18\/v-dunach-se-ourednickovi-s-kripalem-darilo\/#breadcrumb\"},\"inLanguage\":\"cs\",\"potentialAction\":[{\"@type\":\"ReadAction\",\"target\":[\"https:\/\/www.dakarmania.cz\/index.php\/2019\/04\/18\/v-dunach-se-ourednickovi-s-kripalem-darilo\/\"]}]},{\"@type\":\"ImageObject\",\"inLanguage\":\"cs\",\"@id\":\"https:\/\/www.dakarmania.cz\/index.php\/2019\/04\/18\/v-dunach-se-ourednickovi-s-kripalem-darilo\/#primaryimage\",\"url\":\"https:\/\/www.dakarmania.cz\/wp-content\/uploads\/2019\/04\/19-mdc-ourednicek-04.jpg\",\"contentUrl\":\"https:\/\/www.dakarmania.cz\/wp-content\/uploads\/2019\/04\/19-mdc-ourednicek-04.jpg\",\"width\":1280,\"height\":855,\"caption\":\"Tom\u00e1\u0161 Ou\u0159edn\u00ed\u010dek\/David K\u0159\u00edpal, Ford Ranger Dakar, South Racing CE. Morocco Desert Challenge 2019. \u00a9 South Racing CE\"},{\"@type\":\"BreadcrumbList\",\"@id\":\"https:\/\/www.dakarmania.cz\/index.php\/2019\/04\/18\/v-dunach-se-ourednickovi-s-kripalem-darilo\/#breadcrumb\",\"itemListElement\":[{\"@type\":\"ListItem\",\"position\":1,\"name\":\"Dom\u016f\",\"item\":\"https:\/\/www.dakarmania.cz\/\"},{\"@type\":\"ListItem\",\"position\":2,\"name\":\"V dun\u00e1ch se Ou\u0159edn\u00ed\u010dkovi s K\u0159\u00edpalem da\u0159ilo\"}]},{\"@type\":\"WebSite\",\"@id\":\"https:\/\/www.dakarmania.cz\/#website\",\"url\":\"https:\/\/www.dakarmania.cz\/\",\"name\":\"DAKARMANIA.cz\",\"description\":\"\u017dijeme Dakarem cel\u00fd rok\",\"publisher\":{\"@id\":\"https:\/\/www.dakarmania.cz\/#organization\"},\"potentialAction\":[{\"@type\":\"SearchAction\",\"target\":{\"@type\":\"EntryPoint\",\"urlTemplate\":\"https:\/\/www.dakarmania.cz\/?s={search_term_string}\"},\"query-input\":{\"@type\":\"PropertyValueSpecification\",\"valueRequired\":true,\"valueName\":\"search_term_string\"}}],\"inLanguage\":\"cs\"},{\"@type\":\"Organization\",\"@id\":\"https:\/\/www.dakarmania.cz\/#organization\",\"name\":\"DAKAR MANIA\",\"url\":\"https:\/\/www.dakarmania.cz\/\",\"logo\":{\"@type\":\"ImageObject\",\"inLanguage\":\"cs\",\"@id\":\"https:\/\/www.dakarmania.cz\/#\/schema\/logo\/image\/\",\"url\":\"https:\/\/www.dakarmania.cz\/wp-content\/uploads\/2018\/12\/Dakar-Mania-Logo-Square-Orange.png\",\"contentUrl\":\"https:\/\/www.dakarmania.cz\/wp-content\/uploads\/2018\/12\/Dakar-Mania-Logo-Square-Orange.png\",\"width\":992,\"height\":992,\"caption\":\"DAKAR MANIA\"},\"image\":{\"@id\":\"https:\/\/www.dakarmania.cz\/#\/schema\/logo\/image\/\"},\"sameAs\":[\"https:\/\/www.facebook.com\/dakarmania\/\"]},{\"@type\":\"Person\",\"@id\":\"https:\/\/www.dakarmania.cz\/#\/schema\/person\/bce8d1fe3633b1178e150fc5e340d5dd\",\"name\":\"tiskov\u00e1 zpr\u00e1va\",\"image\":{\"@type\":\"ImageObject\",\"inLanguage\":\"cs\",\"@id\":\"https:\/\/www.dakarmania.cz\/#\/schema\/person\/image\/\",\"url\":\"https:\/\/secure.gravatar.com\/avatar\/19aefcb6c7bfae691fca4d805686c670f59bb4f7414c7b398b88dc9c8f4e96d5?s=96&d=mm&r=g\",\"contentUrl\":\"https:\/\/secure.gravatar.com\/avatar\/19aefcb6c7bfae691fca4d805686c670f59bb4f7414c7b398b88dc9c8f4e96d5?s=96&d=mm&r=g\",\"caption\":\"tiskov\u00e1 zpr\u00e1va\"},\"url\":\"https:\/\/www.dakarmania.cz\/index.php\/author\/tiskovezpravy\/\"}]}<\/script>\n<!-- \/ Yoast SEO plugin. -->","yoast_head_json":{"title":"V dun\u00e1ch se Ou\u0159edn\u00ed\u010dkovi s K\u0159\u00edpalem da\u0159ilo - DAKARMANIA.cz","description":"Tom\u00e1\u0161 Ou\u0159edn\u00ed\u010dek a David K\u0159\u00edpal za\u017eili ve st\u0159edu na Morocco Desert Challenge skute\u010dn\u00fd dunov\u00fd den. Ford Ranger Phoenix jel bez v\u011bt\u0161\u00edch probl\u00e9m\u016f.","robots":{"index":"index","follow":"follow","max-snippet":"max-snippet:-1","max-image-preview":"max-image-preview:large","max-video-preview":"max-video-preview:-1"},"canonical":"https:\/\/www.dakarmania.cz\/index.php\/2019\/04\/18\/v-dunach-se-ourednickovi-s-kripalem-darilo\/","og_locale":"cs_CZ","og_type":"article","og_title":"V dun\u00e1ch se Ou\u0159edn\u00ed\u010dkovi s K\u0159\u00edpalem da\u0159ilo - DAKARMANIA.cz","og_description":"Tom\u00e1\u0161 Ou\u0159edn\u00ed\u010dek a David K\u0159\u00edpal za\u017eili ve st\u0159edu na Morocco Desert Challenge skute\u010dn\u00fd dunov\u00fd den. Ford Ranger Phoenix jel bez v\u011bt\u0161\u00edch probl\u00e9m\u016f.","og_url":"https:\/\/www.dakarmania.cz\/index.php\/2019\/04\/18\/v-dunach-se-ourednickovi-s-kripalem-darilo\/","og_site_name":"DAKARMANIA.cz","article_publisher":"https:\/\/www.facebook.com\/dakarmania\/","article_published_time":"2019-04-18T07:49:31+00:00","article_modified_time":"2023-08-23T07:25:59+00:00","og_image":[{"width":1280,"height":855,"url":"https:\/\/www.dakarmania.cz\/wp-content\/uploads\/2019\/04\/19-mdc-ourednicek-04.jpg","type":"image\/jpeg"}],"author":"tiskov\u00e1 zpr\u00e1va","twitter_card":"summary_large_image","twitter_misc":{"Napsal(a)":"tiskov\u00e1 zpr\u00e1va","Odhadovan\u00e1 doba \u010dten\u00ed":"1 minuta"},"schema":{"@context":"https:\/\/schema.org","@graph":[{"@type":"Article","@id":"https:\/\/www.dakarmania.cz\/index.php\/2019\/04\/18\/v-dunach-se-ourednickovi-s-kripalem-darilo\/#article","isPartOf":{"@id":"https:\/\/www.dakarmania.cz\/index.php\/2019\/04\/18\/v-dunach-se-ourednickovi-s-kripalem-darilo\/"},"author":{"name":"tiskov\u00e1 zpr\u00e1va","@id":"https:\/\/www.dakarmania.cz\/#\/schema\/person\/bce8d1fe3633b1178e150fc5e340d5dd"},"headline":"V dun\u00e1ch se Ou\u0159edn\u00ed\u010dkovi s K\u0159\u00edpalem da\u0159ilo","datePublished":"2019-04-18T07:49:31+00:00","dateModified":"2023-08-23T07:25:59+00:00","mainEntityOfPage":{"@id":"https:\/\/www.dakarmania.cz\/index.php\/2019\/04\/18\/v-dunach-se-ourednickovi-s-kripalem-darilo\/"},"wordCount":229,"commentCount":0,"publisher":{"@id":"https:\/\/www.dakarmania.cz\/#organization"},"image":{"@id":"https:\/\/www.dakarmania.cz\/index.php\/2019\/04\/18\/v-dunach-se-ourednickovi-s-kripalem-darilo\/#primaryimage"},"thumbnailUrl":"https:\/\/www.dakarmania.cz\/wp-content\/uploads\/2019\/04\/19-mdc-ourednicek-04.jpg","keywords":["2019","David K\u0159\u00edpal","Ford","Morocco Desert Challenge","Morocco Desert Challenge 2019","South Racing CE","Tom\u00e1\u0161 Ou\u0159edn\u00ed\u010dek"],"articleSection":["Tiskov\u00e9 zpr\u00e1vy"],"inLanguage":"cs","potentialAction":[{"@type":"CommentAction","name":"Comment","target":["https:\/\/www.dakarmania.cz\/index.php\/2019\/04\/18\/v-dunach-se-ourednickovi-s-kripalem-darilo\/#respond"]}]},{"@type":"WebPage","@id":"https:\/\/www.dakarmania.cz\/index.php\/2019\/04\/18\/v-dunach-se-ourednickovi-s-kripalem-darilo\/","url":"https:\/\/www.dakarmania.cz\/index.php\/2019\/04\/18\/v-dunach-se-ourednickovi-s-kripalem-darilo\/","name":"V dun\u00e1ch se Ou\u0159edn\u00ed\u010dkovi s K\u0159\u00edpalem da\u0159ilo - DAKARMANIA.cz","isPartOf":{"@id":"https:\/\/www.dakarmania.cz\/#website"},"primaryImageOfPage":{"@id":"https:\/\/www.dakarmania.cz\/index.php\/2019\/04\/18\/v-dunach-se-ourednickovi-s-kripalem-darilo\/#primaryimage"},"image":{"@id":"https:\/\/www.dakarmania.cz\/index.php\/2019\/04\/18\/v-dunach-se-ourednickovi-s-kripalem-darilo\/#primaryimage"},"thumbnailUrl":"https:\/\/www.dakarmania.cz\/wp-content\/uploads\/2019\/04\/19-mdc-ourednicek-04.jpg","datePublished":"2019-04-18T07:49:31+00:00","dateModified":"2023-08-23T07:25:59+00:00","description":"Tom\u00e1\u0161 Ou\u0159edn\u00ed\u010dek a David K\u0159\u00edpal za\u017eili ve st\u0159edu na Morocco Desert Challenge skute\u010dn\u00fd dunov\u00fd den. Ford Ranger Phoenix jel bez v\u011bt\u0161\u00edch probl\u00e9m\u016f.","breadcrumb":{"@id":"https:\/\/www.dakarmania.cz\/index.php\/2019\/04\/18\/v-dunach-se-ourednickovi-s-kripalem-darilo\/#breadcrumb"},"inLanguage":"cs","potentialAction":[{"@type":"ReadAction","target":["https:\/\/www.dakarmania.cz\/index.php\/2019\/04\/18\/v-dunach-se-ourednickovi-s-kripalem-darilo\/"]}]},{"@type":"ImageObject","inLanguage":"cs","@id":"https:\/\/www.dakarmania.cz\/index.php\/2019\/04\/18\/v-dunach-se-ourednickovi-s-kripalem-darilo\/#primaryimage","url":"https:\/\/www.dakarmania.cz\/wp-content\/uploads\/2019\/04\/19-mdc-ourednicek-04.jpg","contentUrl":"https:\/\/www.dakarmania.cz\/wp-content\/uploads\/2019\/04\/19-mdc-ourednicek-04.jpg","width":1280,"height":855,"caption":"Tom\u00e1\u0161 Ou\u0159edn\u00ed\u010dek\/David K\u0159\u00edpal, Ford Ranger Dakar, South Racing CE. Morocco Desert Challenge 2019. \u00a9 South Racing CE"},{"@type":"BreadcrumbList","@id":"https:\/\/www.dakarmania.cz\/index.php\/2019\/04\/18\/v-dunach-se-ourednickovi-s-kripalem-darilo\/#breadcrumb","itemListElement":[{"@type":"ListItem","position":1,"name":"Dom\u016f","item":"https:\/\/www.dakarmania.cz\/"},{"@type":"ListItem","position":2,"name":"V dun\u00e1ch se Ou\u0159edn\u00ed\u010dkovi s K\u0159\u00edpalem da\u0159ilo"}]},{"@type":"WebSite","@id":"https:\/\/www.dakarmania.cz\/#website","url":"https:\/\/www.dakarmania.cz\/","name":"DAKARMANIA.cz","description":"\u017dijeme Dakarem cel\u00fd rok","publisher":{"@id":"https:\/\/www.dakarmania.cz\/#organization"},"potentialAction":[{"@type":"SearchAction","target":{"@type":"EntryPoint","urlTemplate":"https:\/\/www.dakarmania.cz\/?s={search_term_string}"},"query-input":{"@type":"PropertyValueSpecification","valueRequired":true,"valueName":"search_term_string"}}],"inLanguage":"cs"},{"@type":"Organization","@id":"https:\/\/www.dakarmania.cz\/#organization","name":"DAKAR MANIA","url":"https:\/\/www.dakarmania.cz\/","logo":{"@type":"ImageObject","inLanguage":"cs","@id":"https:\/\/www.dakarmania.cz\/#\/schema\/logo\/image\/","url":"https:\/\/www.dakarmania.cz\/wp-content\/uploads\/2018\/12\/Dakar-Mania-Logo-Square-Orange.png","contentUrl":"https:\/\/www.dakarmania.cz\/wp-content\/uploads\/2018\/12\/Dakar-Mania-Logo-Square-Orange.png","width":992,"height":992,"caption":"DAKAR MANIA"},"image":{"@id":"https:\/\/www.dakarmania.cz\/#\/schema\/logo\/image\/"},"sameAs":["https:\/\/www.facebook.com\/dakarmania\/"]},{"@type":"Person","@id":"https:\/\/www.dakarmania.cz\/#\/schema\/person\/bce8d1fe3633b1178e150fc5e340d5dd","name":"tiskov\u00e1 zpr\u00e1va","image":{"@type":"ImageObject","inLanguage":"cs","@id":"https:\/\/www.dakarmania.cz\/#\/schema\/person\/image\/","url":"https:\/\/secure.gravatar.com\/avatar\/19aefcb6c7bfae691fca4d805686c670f59bb4f7414c7b398b88dc9c8f4e96d5?s=96&d=mm&r=g","contentUrl":"https:\/\/secure.gravatar.com\/avatar\/19aefcb6c7bfae691fca4d805686c670f59bb4f7414c7b398b88dc9c8f4e96d5?s=96&d=mm&r=g","caption":"tiskov\u00e1 zpr\u00e1va"},"url":"https:\/\/www.dakarmania.cz\/index.php\/author\/tiskovezpravy\/"}]}},"amp_enabled":true,"_links":{"self":[{"href":"https:\/\/www.dakarmania.cz\/index.php\/wp-json\/wp\/v2\/posts\/5517","targetHints":{"allow":["GET"]}}],"collection":[{"href":"https:\/\/www.dakarmania.cz\/index.php\/wp-json\/wp\/v2\/posts"}],"about":[{"href":"https:\/\/www.dakarmania.cz\/index.php\/wp-json\/wp\/v2\/types\/post"}],"author":[{"embeddable":true,"href":"https:\/\/www.dakarmania.cz\/index.php\/wp-json\/wp\/v2\/users\/3"}],"replies":[{"embeddable":true,"href":"https:\/\/www.dakarmania.cz\/index.php\/wp-json\/wp\/v2\/comments?post=5517"}],"version-history":[{"count":2,"href":"https:\/\/www.dakarmania.cz\/index.php\/wp-json\/wp\/v2\/posts\/5517\/revisions"}],"predecessor-version":[{"id":28864,"href":"https:\/\/www.dakarmania.cz\/index.php\/wp-json\/wp\/v2\/posts\/5517\/revisions\/28864"}],"wp:featuredmedia":[{"embeddable":true,"href":"https:\/\/www.dakarmania.cz\/index.php\/wp-json\/wp\/v2\/media\/5516"}],"wp:attachment":[{"href":"https:\/\/www.dakarmania.cz\/index.php\/wp-json\/wp\/v2\/media?parent=5517"}],"wp:term":[{"taxonomy":"category","embeddable":true,"href":"https:\/\/www.dakarmania.cz\/index.php\/wp-json\/wp\/v2\/categories?post=5517"},{"taxonomy":"post_tag","embeddable":true,"href":"https:\/\/www.dakarmania.cz\/index.php\/wp-json\/wp\/v2\/tags?post=5517"}],"curies":[{"name":"wp","href":"https:\/\/api.w.org\/{rel}","templated":true}]}}