{"id":5543,"date":"2019-04-18T16:49:19","date_gmt":"2019-04-18T14:49:19","guid":{"rendered":"https:\/\/www.dakarmania.cz\/?p=5543"},"modified":"2021-08-26T00:24:35","modified_gmt":"2021-08-25T22:24:35","slug":"stripky-z-mdc-van-loon-havaroval","status":"publish","type":"post","link":"https:\/\/www.dakarmania.cz\/index.php\/2019\/04\/18\/stripky-z-mdc-van-loon-havaroval\/","title":{"rendered":"St\u0159\u00edpky z MDC: Van Loon havaroval, Ou\u0159edn\u00ed\u010dk\u016fv Ford ho\u0159el, Howes vede"},"content":{"rendered":"<p>[vc_row][vc_column][vc_column_text]<\/p>\n<h4>\u0160est\u00e1 etapa Morocco Desert Challenge 2019 byla n\u00e1ro\u010dn\u00e1 a mimo\u0159\u00e1dn\u011b dramatick\u00e1. Dosud vedouc\u00ed mu\u017e kategorie automobil\u016f Erik van Loon havaroval a musel odstoupit. Ford \u010desk\u00e9 pos\u00e1dky Tom\u00e1\u0161 Ou\u0159edn\u00ed\u010dek, David K\u0159\u00edpal ho\u0159el. Radost naopak panuje v t\u00fdmu Klym\u010diw Racing, jeho\u017e jezdec Skyler Howes vede mezi motocyklisty.<\/h4>\n<p>*** Ve \u010dtvrtek 18. dubna pokra\u010dovala <a href=\"https:\/\/www.dakarmania.cz\/index.php\/souteze\/mdc-2019\/\">Morocco Desert Challenge 2019<\/a> \u0161estou etapou ze Zagory do Merzougy dlouhou 370 kilometr\u016f. Z\u00e1vodn\u00edci si u\u017eili prakticky v\u0161e, co pou\u0161tn\u00ed krajina nab\u00edz\u00ed: duny, p\u00edse\u010dn\u00e9 pl\u00e1n\u011b, ka\u0148ony i vyschl\u00e1 \u0159e\u010di\u0161t\u011b.[\/vc_column_text][vc_video link=&#8221;https:\/\/youtu.be\/0uoGGXjdpYM&#8221;][vc_column_text]<\/p>\n<h4>Auto: Pohroma pro Van Loona i Ou\u0159edn\u00ed\u010dka<\/h4>\n<p>*** <strong>Erik van Loon<\/strong> s Wouterem Rosegaarem (Toyota) v polovin\u011b sout\u011b\u017ee vedli s t\u00e9m\u011b\u0159 42minutov\u00fdm n\u00e1skokem p\u0159ed nejbli\u017e\u0161\u00edm ze sv\u00fdch pron\u00e1sledovatel\u016f. Ve v\u010derej\u0161\u00ed p\u00e1t\u00e9 etap\u011b v\u0161ak uv\u00edzli na dun\u011b a p\u0159i vypro\u0161\u0165ov\u00e1n\u00ed ohnuli zved\u00e1k. Veden\u00ed sice udr\u017eeli, ale p\u0159ed pr\u016fb\u011b\u017en\u011b druh\u00fdm Vouthierem m\u011bli k dobru u\u017e jen necel\u00e9 dv\u011b minuty. Dnes Nizozemci podle mezi\u010das\u016f vedli, ov\u0161em <strong>necel\u00fdch 30 kilometr\u016f p\u0159ed c\u00edlem v rychlosti kolem 180 km\/h havarovali<\/strong>. Pos\u00e1dka je v po\u0159\u00e1dku.<\/p>\n<p>*** <strong>Erik van Loon:<\/strong> <em>\u201eJeli jsme dob\u0159e a m\u011bli jsme dvouminutov\u00fd n\u00e1skok. P\u0159ekvapila n\u00e1s situace, kter\u00e1 nebyla popsan\u00e1 v roadbooku. Byla to tvrd\u00e1 r\u00e1na, ale na\u0161t\u011bst\u00ed nem\u00e1me \u017e\u00e1dn\u00e9 zran\u011bn\u00ed. Na auto se je\u0161t\u011b pod\u00edv\u00e1me, ale na prvn\u00ed pohled se zd\u00e1, \u017ee oprava nebude mo\u017en\u00e1. Ulomila se kola a vypad\u00e1 to, \u017ee r\u00e1m nen\u00ed rovn\u00fd.\u201c<\/em><\/p>\n<p>*** \u0160patn\u00e9 zpr\u00e1vy se dnes t\u00fdkaly tak\u00e9 <a href=\"https:\/\/www.dakarmania.cz\/index.php\/osobnosti\/tomas-ourednicek\/\"><strong>Tom\u00e1\u0161e Ou\u0159edn\u00ed\u010dka<\/strong><\/a> s <a href=\"https:\/\/www.dakarmania.cz\/index.php\/osobnosti\/david-kripal\/\"><strong>Davidem K\u0159\u00edpalem<\/strong><\/a>, kte\u0159\u00ed museli \u0159e\u0161it po\u017e\u00e1r sv\u00e9ho Fordu. Podle prvn\u00edch informac\u00ed po\u0159adatel\u016f v\u016fz t\u00fdmu South Racing CE sho\u0159el. Ve\u010der se na ofici\u00e1ln\u00edm webu sout\u011b\u017ee objevila informace, \u017ee se jednalo jen o men\u0161\u00ed ohe\u0148 v d\u016fsledku technick\u00fdch probl\u00e9m\u016f, kter\u00fd se poda\u0159ilo rychle uhasit. Nicm\u00e9n\u011b \u010desk\u00e1 pos\u00e1dka etapu nedokon\u010dila a p\u0159i\u0161la o \u0161estou p\u0159\u00ed\u010dku pr\u016fb\u011b\u017en\u00e9ho po\u0159ad\u00ed. Pokud se v\u016fz poda\u0159\u00ed opravit, mohou Ou\u0159edn\u00ed\u010dek s K\u0159\u00edpalem v sout\u011b\u017ei pokra\u010dovat. S 30hodinovou penalizac\u00ed v\u0161ak klesli na hranici t\u0159et\u00ed a \u010dtvrt\u00e9 des\u00edtky.<\/p>\n<p>*** <strong>Tom\u00e1\u0161 Ou\u0159edn\u00ed\u010dek:<\/strong> <em>\u201eDnes jsme op\u011bt za\u017eili stra\u0161liv\u00e9 okam\u017eiky. Zastavili jsme na dun\u011b a z pod kapoty vy\u0161lehly plameny. Stihli jsme vyb\u011bhnout z auta a aktivovat hasic\u00ed syst\u00e9m. Nicm\u00e9n\u011b ohe\u0148 neustal. Sna\u017eili jsme se tedy auto zah\u00e1zet p\u00edskem, co\u017e se nakonec poda\u0159ilo. \u0160kody na aut\u011b jsou nakonec men\u0161\u00ed, ne\u017e jsme \u010dekali, tak\u017ee se op\u011bt nevysp\u00edme a t\u0159eba se poda\u0159\u00ed mal\u00fd z\u00e1zrak, abychom se z\u00edtra dostali na start!\u201c<\/em>[\/vc_column_text][vc_single_image image=&#8221;5545&#8243; img_size=&#8221;large&#8221; add_caption=&#8221;yes&#8221; alignment=&#8221;center&#8221;][vc_column_text]*** <strong>Nejrychlej\u0161\u00edho \u010dasu<\/strong> dos\u00e1hla v \u0161est\u00e9 etap\u011b pos\u00e1dka <strong>Jean-Pascal Besson<\/strong>, S\u00e9bastien Delaunay s Peugeotem. V pr\u016fb\u011b\u017en\u00e9m hodnocen\u00ed v\u0161ak Francouzi figuruj\u00ed hluboko v poli, nebo\u0165 obdr\u017eeli vysokou penalizaci kv\u016fli odstoupen\u00ed z jedn\u00e9 z p\u0159edchoz\u00edch etap.<\/p>\n<p>*** Dv\u011b etapy p\u0159ed koncem <strong>se veden\u00ed uj\u00edmaj\u00ed Remy Vauthier<\/strong> a Jean-Michel Polato s buggy Optimus MD. Dnes byl \u0160v\u00fdcar druh\u00fd (+6:40 min), celkov\u011b vede o 10 a p\u016fl minuty p\u0159ed J\u00e9r\u00f4mem Pelichetem s dal\u0161\u00edm Optimusem. T\u0159et\u00ed Thomas Bell (Nissan) u\u017e ztr\u00e1c\u00ed t\u00e9m\u011b\u0159 dv\u011b a t\u0159i \u010dtvrt\u011b hodiny.[\/vc_column_text][vc_single_image image=&#8221;5546&#8243; img_size=&#8221;large&#8221; add_caption=&#8221;yes&#8221; alignment=&#8221;center&#8221;][vc_column_text]<\/p>\n<h4>Moto: Skyler Howes se vrac\u00ed do \u010dela<\/h4>\n<p>*** Po dvou etap\u00e1ch, kter\u00e9 ovl\u00e1dl jeho hlavn\u00ed a jedin\u00fd rovnocenn\u00fd soupe\u0159 Joan Pedrero (KTM), si dnes t\u0159et\u00ed d\u00edl\u010d\u00ed triumf na MDC 2019 p\u0159ipsal <strong>Skyler Howes<\/strong> s Husqvarnou \u010desk\u00e9ho t\u00fdmu Klym\u010diw Racing. Ameri\u010dan byl o 4 minuty a 6 sekund rychlej\u0161\u00ed ne\u017e \u0160pan\u011bl a do p\u0159edposledn\u00edho dne sout\u011b\u017ee <strong>vyraz\u00ed jako leader<\/strong> pr\u016fb\u011b\u017en\u00e9ho hodnocen\u00ed s n\u00e1skokem 2 minut a 8 sekund p\u0159ed Pedrerem.<\/p>\n<p>*** Nizozemec <strong>Paul Spierings<\/strong> (Husqvarna) byl t\u0159et\u00ed v etap\u011b (+33:05) a <strong>t\u0159et\u00ed z\u016fst\u00e1v\u00e1 i celkov\u011b<\/strong>, by\u0165 s ob\u0159\u00ed ztr\u00e1tou 3 hodin a 27 minut.<\/p>\n<p>*** <strong>Do prvn\u00ed p\u011btky<\/strong> se znovu prosadil Howes\u016fv t\u00fdmov\u00fd kolega <strong>Petr Vl\u010dek<\/strong> (KTM), kter\u00fd v\u0161ak po odstoupen\u00ed ze t\u0159et\u00ed etapy u\u017e nem\u016f\u017ee usilovat o um\u00edst\u011bn\u00ed na nejvy\u0161\u0161\u00edch p\u0159\u00ed\u010dk\u00e1ch absolutn\u00ed klasifikace.<\/p>\n<p>*** <strong>Zbyn\u011bk Olmer jun.<\/strong> (Czech Beer Rally Team), kter\u00e9mu p\u0159ed dne\u0161n\u00ed etapou pat\u0159ilo 10. m\u00edsto celkov\u011b, musel z etapy odstoupit, kdy\u017e 14 kilometr\u016f p\u0159ed c\u00edlem v dun\u00e1ch nenastartoval svou KTM a musel vyu\u017e\u00edt pomoci sb\u011brn\u00e9ho kamionu.[\/vc_column_text][vc_single_image image=&#8221;5547&#8243; img_size=&#8221;large&#8221; add_caption=&#8221;yes&#8221; alignment=&#8221;center&#8221;][vc_column_text]<\/p>\n<h4>Kamiony: Double pro MAZ<\/h4>\n<p>*** <strong>Alexej Vi\u0161n\u011bvskij<\/strong> (MAZ) je prvn\u00edm pilotem, kter\u00fd v r\u00e1mci leto\u0161n\u00edho ro\u010dn\u00edku MDC <strong>dok\u00e1zal vyhr\u00e1t dv\u011b etapy<\/strong>. D\u00edky tomu si B\u011blorus v celkov\u00e9m sou\u010dtu polep\u0161il ze sedm\u00e9ho na p\u00e1t\u00e9 m\u00edsto.<\/p>\n<p>*** Vi\u0161n\u011bvsk\u00e9ho t\u00fdmov\u00fd kolega <strong>Sergej Vjazovi\u010d<\/strong> s nov\u00fdm 6440RR byl dnes druh\u00fd (+2:23) a v pr\u016fb\u011b\u017en\u00e9m hodnocen\u00ed u\u017e <strong>vede o v\u00edce ne\u017e p\u016fl hodiny<\/strong> p\u0159ed Roelandem Voermanem (MAN).<\/p>\n<p>*** <strong>Sergej Vjazovi\u010d:<\/strong> <em>\u201eJeli jsme ze v\u0161ech sil a tak rychle, jak to jen \u0161lo. Ud\u011blali jsme p\u00e1r naviga\u010dn\u00edch chyb, proto\u017ee jsme jeli p\u0159ed v\u0161emi ostatn\u00edmi. Pak n\u00e1s dostihla pos\u00e1dka Alexeje Vi\u0161n\u011bvsk\u00e9ho a spole\u010dn\u011b jsme dojeli a\u017e do c\u00edle. V dun\u00e1ch \u017e\u00e1dn\u00e9 probl\u00e9my nebyly, naopak, pr\u00e1v\u011b v t\u011bchto etap\u00e1ch jsme zv\u00fd\u0161ili sv\u016fj n\u00e1skok.\u201c<\/em><\/p>\n<p>*** <strong>Martin van den Brink<\/strong> s Renaultem, v jeho\u017e pos\u00e1dce je i roudnick\u00fd mechanik Daniel Kozlovsk\u00fd, se u\u017e p\u0159ed dne\u0161n\u00ed etapou posunul <strong>na t\u0159et\u00ed p\u0159\u00ed\u010dku<\/strong> p\u0159ed Petera Versluise (MAN) a Tona van Genugtena (Iveco). Po\u0159adatel\u00e9 ode\u010detli Nizozemci 12 minut z jeho celkov\u00e9ho \u010dasu. T\u0159et\u00ed pozici si dnes Van den Brink pohl\u00eddal p\u00e1t\u00fdm \u010dasem.<\/p>\n<p>*** P\u0159edposledn\u00ed etapa Morocco Desert Challenge 2019 bude se 427 kilometry nejdel\u0161\u00ed z cel\u00e9 sout\u011b\u017ee a zavede \u00fa\u010dastn\u00edky z Merzougy do Bouarfy. Speci\u00e1lku zah\u00e1j\u00ed pr\u016fjezd nejvy\u0161\u0161\u00edmi marock\u00fdmi dunami v oblasti Erg Chebbi a dal\u0161\u00edmi v Erg Znaigui. Z\u00e1v\u011br etapy provede sout\u011b\u017en\u00ed stroje rychlej\u0161\u00edmi, ale kamenit\u00fdmi a p\u00eds\u010dit\u00fdmi \u00faseky.[\/vc_column_text][\/vc_column][\/vc_row]<\/p>\n","protected":false},"excerpt":{"rendered":"<p>\u0160est\u00e1 etapa Morocco Desert Challenge 2019 byla mimo\u0159\u00e1dn\u011b dramatick\u00e1. Dosud vedouc\u00ed mu\u017e kategorie automobil\u016f Erik van Loon havaroval. Ou\u0159edn\u00ed\u010dk\u016fv Ford ho\u0159el.<\/p>\n","protected":false},"author":1,"featured_media":5540,"comment_status":"open","ping_status":"closed","sticky":false,"template":"","format":"standard","meta":{"footnotes":""},"categories":[301],"tags":[425,609,890,881,10,883,11,64,164,569,313,905,108,57,63,83,166,78,160,610,76,302,244,182,176,888,912,59,210,940,77,911,904,161,61,517,941,7,238,201,906,889],"class_list":["post-5543","post","type-post","status-publish","format-standard","has-post-thumbnail","hentry","category-morocco-desert-challenge","tag-425","tag-alexej-visnevskij","tag-czech-beer-rally-team","tag-daniel-kozlovsky","tag-david-kripal","tag-erik-van-loon","tag-ford","tag-husqvarna","tag-iveco","tag-jean-michel-polato","tag-jean-pascal-besson","tag-jerome-pelichet","tag-joan-pedrero","tag-klymciw-racing","tag-ktm","tag-mammoet-rallysport","tag-man","tag-martin-van-den-brink","tag-maz","tag-maz-sportauto","tag-mkr-technology","tag-morocco-desert-challenge","tag-morocco-desert-challenge-2019","tag-nissan","tag-optimus-md","tag-paul-spierings","tag-peter-versluis","tag-petr-vlcek","tag-peugeot","tag-remy-vauthier","tag-renault","tag-roeland-voerman","tag-sebastien-delaunay","tag-sergej-vjazovic","tag-skyler-howes","tag-south-racing-ce","tag-thomas-bell","tag-tomas-ourednicek","tag-ton-van-genugten","tag-toyota","tag-wouter-rosegaar","tag-zbynek-olmer-jun"],"yoast_head":"<!-- This site is optimized with the Yoast SEO plugin v24.9 - https:\/\/yoast.com\/wordpress\/plugins\/seo\/ -->\n<title>St\u0159\u00edpky z MDC: Van Loon havaroval, Ou\u0159edn\u00ed\u010dk\u016fv Ford ho\u0159el, Howes vede - DAKARMANIA.cz<\/title>\n<meta name=\"description\" content=\"\u0160est\u00e1 etapa Morocco Desert Challenge 2019 byla mimo\u0159\u00e1dn\u011b dramatick\u00e1. Dosud vedouc\u00ed mu\u017e kategorie automobil\u016f Erik van Loon havaroval. Ou\u0159edn\u00ed\u010dk\u016fv Ford ho\u0159el.\" \/>\n<meta name=\"robots\" content=\"index, follow, max-snippet:-1, max-image-preview:large, max-video-preview:-1\" \/>\n<link rel=\"canonical\" href=\"https:\/\/www.dakarmania.cz\/index.php\/2019\/04\/18\/stripky-z-mdc-van-loon-havaroval\/\" \/>\n<meta property=\"og:locale\" content=\"cs_CZ\" \/>\n<meta property=\"og:type\" content=\"article\" \/>\n<meta property=\"og:title\" content=\"St\u0159\u00edpky z MDC: Van Loon havaroval, Ou\u0159edn\u00ed\u010dk\u016fv Ford ho\u0159el, Howes vede - DAKARMANIA.cz\" \/>\n<meta property=\"og:description\" content=\"\u0160est\u00e1 etapa Morocco Desert Challenge 2019 byla mimo\u0159\u00e1dn\u011b dramatick\u00e1. Dosud vedouc\u00ed mu\u017e kategorie automobil\u016f Erik van Loon havaroval. Ou\u0159edn\u00ed\u010dk\u016fv Ford ho\u0159el.\" \/>\n<meta property=\"og:url\" content=\"https:\/\/www.dakarmania.cz\/index.php\/2019\/04\/18\/stripky-z-mdc-van-loon-havaroval\/\" \/>\n<meta property=\"og:site_name\" content=\"DAKARMANIA.cz\" \/>\n<meta property=\"article:publisher\" content=\"https:\/\/www.facebook.com\/dakarmania\/\" \/>\n<meta property=\"article:published_time\" content=\"2019-04-18T14:49:19+00:00\" \/>\n<meta property=\"article:modified_time\" content=\"2021-08-25T22:24:35+00:00\" \/>\n<meta property=\"og:image\" content=\"https:\/\/www.dakarmania.cz\/wp-content\/uploads\/2019\/04\/19-mdc-van-loon-03.jpeg\" \/>\n\t<meta property=\"og:image:width\" content=\"647\" \/>\n\t<meta property=\"og:image:height\" content=\"485\" \/>\n\t<meta property=\"og:image:type\" content=\"image\/jpeg\" \/>\n<meta name=\"author\" content=\"Zden\u011bk Zelenka\" \/>\n<meta name=\"twitter:card\" content=\"summary_large_image\" \/>\n<meta name=\"twitter:label1\" content=\"Napsal(a)\" \/>\n\t<meta name=\"twitter:data1\" content=\"Zden\u011bk Zelenka\" \/>\n\t<meta name=\"twitter:label2\" content=\"Odhadovan\u00e1 doba \u010dten\u00ed\" \/>\n\t<meta name=\"twitter:data2\" content=\"6 minut\" \/>\n<script type=\"application\/ld+json\" class=\"yoast-schema-graph\">{\"@context\":\"https:\/\/schema.org\",\"@graph\":[{\"@type\":\"Article\",\"@id\":\"https:\/\/www.dakarmania.cz\/index.php\/2019\/04\/18\/stripky-z-mdc-van-loon-havaroval\/#article\",\"isPartOf\":{\"@id\":\"https:\/\/www.dakarmania.cz\/index.php\/2019\/04\/18\/stripky-z-mdc-van-loon-havaroval\/\"},\"author\":{\"name\":\"Zden\u011bk Zelenka\",\"@id\":\"https:\/\/www.dakarmania.cz\/#\/schema\/person\/04eb0e87a389631c2169c0dddae7ff1e\"},\"headline\":\"St\u0159\u00edpky z MDC: Van Loon havaroval, Ou\u0159edn\u00ed\u010dk\u016fv Ford ho\u0159el, Howes vede\",\"datePublished\":\"2019-04-18T14:49:19+00:00\",\"dateModified\":\"2021-08-25T22:24:35+00:00\",\"mainEntityOfPage\":{\"@id\":\"https:\/\/www.dakarmania.cz\/index.php\/2019\/04\/18\/stripky-z-mdc-van-loon-havaroval\/\"},\"wordCount\":1167,\"commentCount\":0,\"publisher\":{\"@id\":\"https:\/\/www.dakarmania.cz\/#organization\"},\"image\":{\"@id\":\"https:\/\/www.dakarmania.cz\/index.php\/2019\/04\/18\/stripky-z-mdc-van-loon-havaroval\/#primaryimage\"},\"thumbnailUrl\":\"https:\/\/www.dakarmania.cz\/wp-content\/uploads\/2019\/04\/19-mdc-van-loon-03.jpeg\",\"keywords\":[\"2019\",\"Alexej Vi\u0161n\u011bvskij\",\"Czech Beer Rally Team\",\"Daniel Kozlovsk\u00fd\",\"David K\u0159\u00edpal\",\"Erik van Loon\",\"Ford\",\"Husqvarna\",\"Iveco\",\"Jean Michel Polato\",\"Jean-Pascal Besson\",\"J\u00e9r\u00f4me Pelichet\",\"Joan Pedrero\",\"Klym\u010diw Racing\",\"KTM\",\"Mammoet Rallysport\",\"MAN\",\"Martin van den Brink\",\"MAZ\",\"MAZ-Sportauto\",\"MKR Technology\",\"Morocco Desert Challenge\",\"Morocco Desert Challenge 2019\",\"Nissan\",\"Optimus MD\",\"Paul Spierings\",\"Peter Versluis\",\"Petr Vl\u010dek\",\"Peugeot\",\"R\u00e9my Vauthier\",\"Renault\",\"Roeland Voerman\",\"S\u00e9bastien Delaunay\",\"Sergej Vjazovi\u010d\",\"Skyler Howes\",\"South Racing CE\",\"Thomas Bell\",\"Tom\u00e1\u0161 Ou\u0159edn\u00ed\u010dek\",\"Ton van Genugten\",\"Toyota\",\"Wouter Rosegaar\",\"Zbyn\u011bk Olmer jun.\"],\"articleSection\":[\"Morocco Desert Challenge\"],\"inLanguage\":\"cs\",\"potentialAction\":[{\"@type\":\"CommentAction\",\"name\":\"Comment\",\"target\":[\"https:\/\/www.dakarmania.cz\/index.php\/2019\/04\/18\/stripky-z-mdc-van-loon-havaroval\/#respond\"]}]},{\"@type\":\"WebPage\",\"@id\":\"https:\/\/www.dakarmania.cz\/index.php\/2019\/04\/18\/stripky-z-mdc-van-loon-havaroval\/\",\"url\":\"https:\/\/www.dakarmania.cz\/index.php\/2019\/04\/18\/stripky-z-mdc-van-loon-havaroval\/\",\"name\":\"St\u0159\u00edpky z MDC: Van Loon havaroval, Ou\u0159edn\u00ed\u010dk\u016fv Ford ho\u0159el, Howes vede - DAKARMANIA.cz\",\"isPartOf\":{\"@id\":\"https:\/\/www.dakarmania.cz\/#website\"},\"primaryImageOfPage\":{\"@id\":\"https:\/\/www.dakarmania.cz\/index.php\/2019\/04\/18\/stripky-z-mdc-van-loon-havaroval\/#primaryimage\"},\"image\":{\"@id\":\"https:\/\/www.dakarmania.cz\/index.php\/2019\/04\/18\/stripky-z-mdc-van-loon-havaroval\/#primaryimage\"},\"thumbnailUrl\":\"https:\/\/www.dakarmania.cz\/wp-content\/uploads\/2019\/04\/19-mdc-van-loon-03.jpeg\",\"datePublished\":\"2019-04-18T14:49:19+00:00\",\"dateModified\":\"2021-08-25T22:24:35+00:00\",\"description\":\"\u0160est\u00e1 etapa Morocco Desert Challenge 2019 byla mimo\u0159\u00e1dn\u011b dramatick\u00e1. Dosud vedouc\u00ed mu\u017e kategorie automobil\u016f Erik van Loon havaroval. Ou\u0159edn\u00ed\u010dk\u016fv Ford ho\u0159el.\",\"breadcrumb\":{\"@id\":\"https:\/\/www.dakarmania.cz\/index.php\/2019\/04\/18\/stripky-z-mdc-van-loon-havaroval\/#breadcrumb\"},\"inLanguage\":\"cs\",\"potentialAction\":[{\"@type\":\"ReadAction\",\"target\":[\"https:\/\/www.dakarmania.cz\/index.php\/2019\/04\/18\/stripky-z-mdc-van-loon-havaroval\/\"]}]},{\"@type\":\"ImageObject\",\"inLanguage\":\"cs\",\"@id\":\"https:\/\/www.dakarmania.cz\/index.php\/2019\/04\/18\/stripky-z-mdc-van-loon-havaroval\/#primaryimage\",\"url\":\"https:\/\/www.dakarmania.cz\/wp-content\/uploads\/2019\/04\/19-mdc-van-loon-03.jpeg\",\"contentUrl\":\"https:\/\/www.dakarmania.cz\/wp-content\/uploads\/2019\/04\/19-mdc-van-loon-03.jpeg\",\"width\":647,\"height\":485,\"caption\":\"Erik van Loon \/ Alexandre Winocq, Toyota Hilux Overdrive, Ex-Dakar. Morocco Desert Challenge 2019. \u00a9 MDC Media\"},{\"@type\":\"BreadcrumbList\",\"@id\":\"https:\/\/www.dakarmania.cz\/index.php\/2019\/04\/18\/stripky-z-mdc-van-loon-havaroval\/#breadcrumb\",\"itemListElement\":[{\"@type\":\"ListItem\",\"position\":1,\"name\":\"Dom\u016f\",\"item\":\"https:\/\/www.dakarmania.cz\/\"},{\"@type\":\"ListItem\",\"position\":2,\"name\":\"St\u0159\u00edpky z MDC: Van Loon havaroval, Ou\u0159edn\u00ed\u010dk\u016fv Ford ho\u0159el, Howes vede\"}]},{\"@type\":\"WebSite\",\"@id\":\"https:\/\/www.dakarmania.cz\/#website\",\"url\":\"https:\/\/www.dakarmania.cz\/\",\"name\":\"DAKARMANIA.cz\",\"description\":\"\u017dijeme Dakarem cel\u00fd rok\",\"publisher\":{\"@id\":\"https:\/\/www.dakarmania.cz\/#organization\"},\"potentialAction\":[{\"@type\":\"SearchAction\",\"target\":{\"@type\":\"EntryPoint\",\"urlTemplate\":\"https:\/\/www.dakarmania.cz\/?s={search_term_string}\"},\"query-input\":{\"@type\":\"PropertyValueSpecification\",\"valueRequired\":true,\"valueName\":\"search_term_string\"}}],\"inLanguage\":\"cs\"},{\"@type\":\"Organization\",\"@id\":\"https:\/\/www.dakarmania.cz\/#organization\",\"name\":\"DAKAR MANIA\",\"url\":\"https:\/\/www.dakarmania.cz\/\",\"logo\":{\"@type\":\"ImageObject\",\"inLanguage\":\"cs\",\"@id\":\"https:\/\/www.dakarmania.cz\/#\/schema\/logo\/image\/\",\"url\":\"https:\/\/www.dakarmania.cz\/wp-content\/uploads\/2018\/12\/Dakar-Mania-Logo-Square-Orange.png\",\"contentUrl\":\"https:\/\/www.dakarmania.cz\/wp-content\/uploads\/2018\/12\/Dakar-Mania-Logo-Square-Orange.png\",\"width\":992,\"height\":992,\"caption\":\"DAKAR MANIA\"},\"image\":{\"@id\":\"https:\/\/www.dakarmania.cz\/#\/schema\/logo\/image\/\"},\"sameAs\":[\"https:\/\/www.facebook.com\/dakarmania\/\"]},{\"@type\":\"Person\",\"@id\":\"https:\/\/www.dakarmania.cz\/#\/schema\/person\/04eb0e87a389631c2169c0dddae7ff1e\",\"name\":\"Zden\u011bk Zelenka\",\"image\":{\"@type\":\"ImageObject\",\"inLanguage\":\"cs\",\"@id\":\"https:\/\/www.dakarmania.cz\/#\/schema\/person\/image\/\",\"url\":\"https:\/\/secure.gravatar.com\/avatar\/2c80d5a4942fe0900b73cc7d3837a509d6ee0a276a2b76dac95c92bd0763a89b?s=96&d=mm&r=g\",\"contentUrl\":\"https:\/\/secure.gravatar.com\/avatar\/2c80d5a4942fe0900b73cc7d3837a509d6ee0a276a2b76dac95c92bd0763a89b?s=96&d=mm&r=g\",\"caption\":\"Zden\u011bk Zelenka\"},\"description\":\"Moji d\u011bt\u0161t\u00ed hrdinov\u00e9 se jmenovali Loprais, Moskal, Neveu, Vatanen, Rahier... A tihle borci, jejich n\u00e1sledovn\u00edci a jejich p\u0159\u00edb\u011bhy m\u011b nep\u0159estali fascinovat ani po letech, kdy jsem vyrostl a zam\u011bstn\u00e1valy m\u011b jin\u00e9 discipl\u00edny motorsportu. Proto se zrodila DAKARMANIA.\",\"url\":\"https:\/\/www.dakarmania.cz\/index.php\/author\/dakarmania\/\"}]}<\/script>\n<!-- \/ Yoast SEO plugin. -->","yoast_head_json":{"title":"St\u0159\u00edpky z MDC: Van Loon havaroval, Ou\u0159edn\u00ed\u010dk\u016fv Ford ho\u0159el, Howes vede - DAKARMANIA.cz","description":"\u0160est\u00e1 etapa Morocco Desert Challenge 2019 byla mimo\u0159\u00e1dn\u011b dramatick\u00e1. Dosud vedouc\u00ed mu\u017e kategorie automobil\u016f Erik van Loon havaroval. Ou\u0159edn\u00ed\u010dk\u016fv Ford ho\u0159el.","robots":{"index":"index","follow":"follow","max-snippet":"max-snippet:-1","max-image-preview":"max-image-preview:large","max-video-preview":"max-video-preview:-1"},"canonical":"https:\/\/www.dakarmania.cz\/index.php\/2019\/04\/18\/stripky-z-mdc-van-loon-havaroval\/","og_locale":"cs_CZ","og_type":"article","og_title":"St\u0159\u00edpky z MDC: Van Loon havaroval, Ou\u0159edn\u00ed\u010dk\u016fv Ford ho\u0159el, Howes vede - DAKARMANIA.cz","og_description":"\u0160est\u00e1 etapa Morocco Desert Challenge 2019 byla mimo\u0159\u00e1dn\u011b dramatick\u00e1. Dosud vedouc\u00ed mu\u017e kategorie automobil\u016f Erik van Loon havaroval. Ou\u0159edn\u00ed\u010dk\u016fv Ford ho\u0159el.","og_url":"https:\/\/www.dakarmania.cz\/index.php\/2019\/04\/18\/stripky-z-mdc-van-loon-havaroval\/","og_site_name":"DAKARMANIA.cz","article_publisher":"https:\/\/www.facebook.com\/dakarmania\/","article_published_time":"2019-04-18T14:49:19+00:00","article_modified_time":"2021-08-25T22:24:35+00:00","og_image":[{"width":647,"height":485,"url":"https:\/\/www.dakarmania.cz\/wp-content\/uploads\/2019\/04\/19-mdc-van-loon-03.jpeg","type":"image\/jpeg"}],"author":"Zden\u011bk Zelenka","twitter_card":"summary_large_image","twitter_misc":{"Napsal(a)":"Zden\u011bk Zelenka","Odhadovan\u00e1 doba \u010dten\u00ed":"6 minut"},"schema":{"@context":"https:\/\/schema.org","@graph":[{"@type":"Article","@id":"https:\/\/www.dakarmania.cz\/index.php\/2019\/04\/18\/stripky-z-mdc-van-loon-havaroval\/#article","isPartOf":{"@id":"https:\/\/www.dakarmania.cz\/index.php\/2019\/04\/18\/stripky-z-mdc-van-loon-havaroval\/"},"author":{"name":"Zden\u011bk Zelenka","@id":"https:\/\/www.dakarmania.cz\/#\/schema\/person\/04eb0e87a389631c2169c0dddae7ff1e"},"headline":"St\u0159\u00edpky z MDC: Van Loon havaroval, Ou\u0159edn\u00ed\u010dk\u016fv Ford ho\u0159el, Howes vede","datePublished":"2019-04-18T14:49:19+00:00","dateModified":"2021-08-25T22:24:35+00:00","mainEntityOfPage":{"@id":"https:\/\/www.dakarmania.cz\/index.php\/2019\/04\/18\/stripky-z-mdc-van-loon-havaroval\/"},"wordCount":1167,"commentCount":0,"publisher":{"@id":"https:\/\/www.dakarmania.cz\/#organization"},"image":{"@id":"https:\/\/www.dakarmania.cz\/index.php\/2019\/04\/18\/stripky-z-mdc-van-loon-havaroval\/#primaryimage"},"thumbnailUrl":"https:\/\/www.dakarmania.cz\/wp-content\/uploads\/2019\/04\/19-mdc-van-loon-03.jpeg","keywords":["2019","Alexej Vi\u0161n\u011bvskij","Czech Beer Rally Team","Daniel Kozlovsk\u00fd","David K\u0159\u00edpal","Erik van Loon","Ford","Husqvarna","Iveco","Jean Michel Polato","Jean-Pascal Besson","J\u00e9r\u00f4me Pelichet","Joan Pedrero","Klym\u010diw Racing","KTM","Mammoet Rallysport","MAN","Martin van den Brink","MAZ","MAZ-Sportauto","MKR Technology","Morocco Desert Challenge","Morocco Desert Challenge 2019","Nissan","Optimus MD","Paul Spierings","Peter Versluis","Petr Vl\u010dek","Peugeot","R\u00e9my Vauthier","Renault","Roeland Voerman","S\u00e9bastien Delaunay","Sergej Vjazovi\u010d","Skyler Howes","South Racing CE","Thomas Bell","Tom\u00e1\u0161 Ou\u0159edn\u00ed\u010dek","Ton van Genugten","Toyota","Wouter Rosegaar","Zbyn\u011bk Olmer jun."],"articleSection":["Morocco Desert Challenge"],"inLanguage":"cs","potentialAction":[{"@type":"CommentAction","name":"Comment","target":["https:\/\/www.dakarmania.cz\/index.php\/2019\/04\/18\/stripky-z-mdc-van-loon-havaroval\/#respond"]}]},{"@type":"WebPage","@id":"https:\/\/www.dakarmania.cz\/index.php\/2019\/04\/18\/stripky-z-mdc-van-loon-havaroval\/","url":"https:\/\/www.dakarmania.cz\/index.php\/2019\/04\/18\/stripky-z-mdc-van-loon-havaroval\/","name":"St\u0159\u00edpky z MDC: Van Loon havaroval, Ou\u0159edn\u00ed\u010dk\u016fv Ford ho\u0159el, Howes vede - DAKARMANIA.cz","isPartOf":{"@id":"https:\/\/www.dakarmania.cz\/#website"},"primaryImageOfPage":{"@id":"https:\/\/www.dakarmania.cz\/index.php\/2019\/04\/18\/stripky-z-mdc-van-loon-havaroval\/#primaryimage"},"image":{"@id":"https:\/\/www.dakarmania.cz\/index.php\/2019\/04\/18\/stripky-z-mdc-van-loon-havaroval\/#primaryimage"},"thumbnailUrl":"https:\/\/www.dakarmania.cz\/wp-content\/uploads\/2019\/04\/19-mdc-van-loon-03.jpeg","datePublished":"2019-04-18T14:49:19+00:00","dateModified":"2021-08-25T22:24:35+00:00","description":"\u0160est\u00e1 etapa Morocco Desert Challenge 2019 byla mimo\u0159\u00e1dn\u011b dramatick\u00e1. Dosud vedouc\u00ed mu\u017e kategorie automobil\u016f Erik van Loon havaroval. Ou\u0159edn\u00ed\u010dk\u016fv Ford ho\u0159el.","breadcrumb":{"@id":"https:\/\/www.dakarmania.cz\/index.php\/2019\/04\/18\/stripky-z-mdc-van-loon-havaroval\/#breadcrumb"},"inLanguage":"cs","potentialAction":[{"@type":"ReadAction","target":["https:\/\/www.dakarmania.cz\/index.php\/2019\/04\/18\/stripky-z-mdc-van-loon-havaroval\/"]}]},{"@type":"ImageObject","inLanguage":"cs","@id":"https:\/\/www.dakarmania.cz\/index.php\/2019\/04\/18\/stripky-z-mdc-van-loon-havaroval\/#primaryimage","url":"https:\/\/www.dakarmania.cz\/wp-content\/uploads\/2019\/04\/19-mdc-van-loon-03.jpeg","contentUrl":"https:\/\/www.dakarmania.cz\/wp-content\/uploads\/2019\/04\/19-mdc-van-loon-03.jpeg","width":647,"height":485,"caption":"Erik van Loon \/ Alexandre Winocq, Toyota Hilux Overdrive, Ex-Dakar. Morocco Desert Challenge 2019. \u00a9 MDC Media"},{"@type":"BreadcrumbList","@id":"https:\/\/www.dakarmania.cz\/index.php\/2019\/04\/18\/stripky-z-mdc-van-loon-havaroval\/#breadcrumb","itemListElement":[{"@type":"ListItem","position":1,"name":"Dom\u016f","item":"https:\/\/www.dakarmania.cz\/"},{"@type":"ListItem","position":2,"name":"St\u0159\u00edpky z MDC: Van Loon havaroval, Ou\u0159edn\u00ed\u010dk\u016fv Ford ho\u0159el, Howes vede"}]},{"@type":"WebSite","@id":"https:\/\/www.dakarmania.cz\/#website","url":"https:\/\/www.dakarmania.cz\/","name":"DAKARMANIA.cz","description":"\u017dijeme Dakarem cel\u00fd rok","publisher":{"@id":"https:\/\/www.dakarmania.cz\/#organization"},"potentialAction":[{"@type":"SearchAction","target":{"@type":"EntryPoint","urlTemplate":"https:\/\/www.dakarmania.cz\/?s={search_term_string}"},"query-input":{"@type":"PropertyValueSpecification","valueRequired":true,"valueName":"search_term_string"}}],"inLanguage":"cs"},{"@type":"Organization","@id":"https:\/\/www.dakarmania.cz\/#organization","name":"DAKAR MANIA","url":"https:\/\/www.dakarmania.cz\/","logo":{"@type":"ImageObject","inLanguage":"cs","@id":"https:\/\/www.dakarmania.cz\/#\/schema\/logo\/image\/","url":"https:\/\/www.dakarmania.cz\/wp-content\/uploads\/2018\/12\/Dakar-Mania-Logo-Square-Orange.png","contentUrl":"https:\/\/www.dakarmania.cz\/wp-content\/uploads\/2018\/12\/Dakar-Mania-Logo-Square-Orange.png","width":992,"height":992,"caption":"DAKAR MANIA"},"image":{"@id":"https:\/\/www.dakarmania.cz\/#\/schema\/logo\/image\/"},"sameAs":["https:\/\/www.facebook.com\/dakarmania\/"]},{"@type":"Person","@id":"https:\/\/www.dakarmania.cz\/#\/schema\/person\/04eb0e87a389631c2169c0dddae7ff1e","name":"Zden\u011bk Zelenka","image":{"@type":"ImageObject","inLanguage":"cs","@id":"https:\/\/www.dakarmania.cz\/#\/schema\/person\/image\/","url":"https:\/\/secure.gravatar.com\/avatar\/2c80d5a4942fe0900b73cc7d3837a509d6ee0a276a2b76dac95c92bd0763a89b?s=96&d=mm&r=g","contentUrl":"https:\/\/secure.gravatar.com\/avatar\/2c80d5a4942fe0900b73cc7d3837a509d6ee0a276a2b76dac95c92bd0763a89b?s=96&d=mm&r=g","caption":"Zden\u011bk Zelenka"},"description":"Moji d\u011bt\u0161t\u00ed hrdinov\u00e9 se jmenovali Loprais, Moskal, Neveu, Vatanen, Rahier... A tihle borci, jejich n\u00e1sledovn\u00edci a jejich p\u0159\u00edb\u011bhy m\u011b nep\u0159estali fascinovat ani po letech, kdy jsem vyrostl a zam\u011bstn\u00e1valy m\u011b jin\u00e9 discipl\u00edny motorsportu. Proto se zrodila DAKARMANIA.","url":"https:\/\/www.dakarmania.cz\/index.php\/author\/dakarmania\/"}]}},"amp_enabled":true,"_links":{"self":[{"href":"https:\/\/www.dakarmania.cz\/index.php\/wp-json\/wp\/v2\/posts\/5543","targetHints":{"allow":["GET"]}}],"collection":[{"href":"https:\/\/www.dakarmania.cz\/index.php\/wp-json\/wp\/v2\/posts"}],"about":[{"href":"https:\/\/www.dakarmania.cz\/index.php\/wp-json\/wp\/v2\/types\/post"}],"author":[{"embeddable":true,"href":"https:\/\/www.dakarmania.cz\/index.php\/wp-json\/wp\/v2\/users\/1"}],"replies":[{"embeddable":true,"href":"https:\/\/www.dakarmania.cz\/index.php\/wp-json\/wp\/v2\/comments?post=5543"}],"version-history":[{"count":13,"href":"https:\/\/www.dakarmania.cz\/index.php\/wp-json\/wp\/v2\/posts\/5543\/revisions"}],"predecessor-version":[{"id":23215,"href":"https:\/\/www.dakarmania.cz\/index.php\/wp-json\/wp\/v2\/posts\/5543\/revisions\/23215"}],"wp:featuredmedia":[{"embeddable":true,"href":"https:\/\/www.dakarmania.cz\/index.php\/wp-json\/wp\/v2\/media\/5540"}],"wp:attachment":[{"href":"https:\/\/www.dakarmania.cz\/index.php\/wp-json\/wp\/v2\/media?parent=5543"}],"wp:term":[{"taxonomy":"category","embeddable":true,"href":"https:\/\/www.dakarmania.cz\/index.php\/wp-json\/wp\/v2\/categories?post=5543"},{"taxonomy":"post_tag","embeddable":true,"href":"https:\/\/www.dakarmania.cz\/index.php\/wp-json\/wp\/v2\/tags?post=5543"}],"curies":[{"name":"wp","href":"https:\/\/api.w.org\/{rel}","templated":true}]}}