{"id":5570,"date":"2019-04-19T17:24:23","date_gmt":"2019-04-19T15:24:23","guid":{"rendered":"https:\/\/www.dakarmania.cz\/?p=5570"},"modified":"2023-08-23T09:25:37","modified_gmt":"2023-08-23T07:25:37","slug":"stripky-z-mdc-ourednicek-bojuje-van-den-brink-stoupa","status":"publish","type":"post","link":"https:\/\/www.dakarmania.cz\/index.php\/2019\/04\/19\/stripky-z-mdc-ourednicek-bojuje-van-den-brink-stoupa\/","title":{"rendered":"St\u0159\u00edpky z MDC: Ou\u0159edn\u00ed\u010dek bojuje, Van den Brink stoup\u00e1"},"content":{"rendered":"<p>[vc_row][vc_column][vc_column_text]<\/p>\n<h4>Reprezentanti dvou \u010desk\u00fdch t\u00fdm\u016f figuruj\u00ed p\u0159ed z\u00e1v\u011bre\u010dnou etapou Morocco Desert Challenge 2019 na medailov\u00fdch pozic\u00edch. Zat\u00edmco u Klym\u010diw Racingu budou doufat, \u017ee Skyler Howes dok\u00e1\u017ee odolat tlaku a udr\u017e\u00ed veden\u00ed, Martin van den Brink s kamionem z d\u00edlen \u017eidovick\u00e9ho MKR Technology p\u016fjde do posledn\u00edho dne ze druh\u00e9ho m\u00edsta.<\/h4>\n<p>*** P\u00e1te\u010dn\u00ed p\u0159edposledn\u00ed etapa <a href=\"https:\/\/www.dakarmania.cz\/index.php\/souteze\/mdc-2019\/\">Morocco Desert Challenge 2019<\/a> byla se 427 kilometry nejdel\u0161\u00ed z cel\u00e9 sout\u011b\u017ee a zavedla \u00fa\u010dastn\u00edky z Merzougy do Bouarfy. Speci\u00e1lku zah\u00e1jil pr\u016fjezd nejvy\u0161\u0161\u00edmi marock\u00fdmi dunami v oblasti Erg Chebbi, n\u00e1sledovalo dal\u0161\u00ed dunov\u00e9 pole v Erg Znaigui. Z\u00e1v\u011br etapy tvo\u0159ily rychlej\u0161\u00ed, ale kamenit\u00e9 a p\u00eds\u010dit\u00e9 \u00faseky.[\/vc_column_text][vc_video link=&#8221;https:\/\/youtu.be\/l96Kqgsn3-0&#8243;][vc_column_text]<\/p>\n<h4>Moto: Nap\u011bt\u00ed a\u017e do posledn\u00ed etapy<\/h4>\n<p>*** \u0160pan\u011bl <strong>Joan Pedrero<\/strong> (KTM) byl dnes o 58 sekund rychlej\u0161\u00ed ne\u017e Skyler Howes (Husqvarna, Klym\u010diw Racing) a v celkov\u00e9m hodnocen\u00ed <strong>sn\u00ed\u017eil sv\u016fj odstup<\/strong> od vedouc\u00edho Ameri\u010dana. Po v\u00edce ne\u017e dvou a p\u016fl tis\u00edc\u00edch kilometr\u016f rychlostn\u00edch zkou\u0161ek d\u011bl\u00ed oba rivaly rovn\u00fdch 70 sekund! Z\u00edtra pojedou na \u010das posledn\u00edch 219 km.<\/p>\n<p>*** Vedouc\u00ed dvojice op\u011bt naprosto \u010dn\u011bla nad soupe\u0159i, kter\u00fdm \u201enad\u011blila\u201c minim\u00e1ln\u011b 50 minut. <strong>Nejlep\u0161\u00edm ze zbytku sv\u011bta<\/strong> byl Brit <strong>Robbie Wallace<\/strong> s Husqvarnou (+50:29 min).[\/vc_column_text][vc_single_image image=&#8221;5569&#8243; img_size=&#8221;large&#8221; add_caption=&#8221;yes&#8221; alignment=&#8221;center&#8221;][vc_column_text]*** <strong>T\u0159et\u00ed pozici dr\u017e\u00ed<\/strong> od druh\u00e9 etapy <strong>Paul Spierings<\/strong> (Husqvarna; +4:22:06). Nad\u011bji na p\u00f3diov\u00e9 um\u00edst\u011bn\u00ed si v p\u00e1tek Nizozemec pohl\u00eddal \u010dtvrt\u00fdm \u010dasem (+55:27).<\/p>\n<p>*** <strong>Zbyn\u011bk Olmer jun.<\/strong> (KTM) musel ze \u010dtvrte\u010dn\u00ed etapy odstoupit a p\u0159i\u0161el o um\u00edst\u011bn\u00ed v prvn\u00ed des\u00edtce celkov\u00e9ho po\u0159ad\u00ed. P\u0159esto jezdec Czech Beer Rally Teamu neztratil nic ze sv\u00e9 motivace a dnes <strong>sv\u00e9 kvality potvrdil<\/strong> osm\u00fdm \u010dasem (+1:18:29).<\/p>\n<p>*** <strong>Simon Vitse<\/strong> (Yamaha), kter\u00fd p\u0159ed sedmou etapou vedl v hodnocen\u00ed \u010dty\u0159kolk\u00e1\u0159\u016f o 12 a p\u016fl hodiny p\u0159ed sv\u00fdm bratrem Antoinem, <strong>havaroval<\/strong> a ze z\u00e1vodu odstoupil.[\/vc_column_text][vc_single_image image=&#8221;5568&#8243; img_size=&#8221;large&#8221; add_caption=&#8221;yes&#8221; alignment=&#8221;center&#8221;][vc_column_text]<\/p>\n<h4>Auto: Pelichet zvy\u0161uje tlak<\/h4>\n<p>*** Tak\u00e9 v kategorii automobil\u016f z\u016fst\u00e1v\u00e1 <strong>souboj o v\u00edt\u011bzstv\u00ed naprosto otev\u0159en\u00fd<\/strong> a\u017e do posledn\u00edho dne. Pr\u016fb\u011b\u017en\u011b druh\u00fd <strong>J\u00e9r\u00f4me Pelichet<\/strong> (Optimus MD) porazil vedouc\u00edho <strong>R\u00e9myho Vauthiera<\/strong> o 2 minuty a 7 sekund a v celkov\u00e9m sou\u010dtu za sv\u00fdm t\u00fdmov\u00fdm kolegou zaost\u00e1v\u00e1 u\u017e jen o 8 minut a 24 sekund.<\/p>\n<p>*** <a href=\"https:\/\/www.dakarmania.cz\/index.php\/osobnosti\/tomas-ourednicek\/\"><strong>Tom\u00e1\u0161 Ou\u0159edn\u00ed\u010dek<\/strong><\/a>, <a href=\"https:\/\/www.dakarmania.cz\/index.php\/osobnosti\/david-kripal\/\"><strong>David K\u0159\u00edpal<\/strong><\/a> a cel\u00fd jejich t\u00fdm op\u011bt ukazuj\u00ed, jac\u00ed jsou srdca\u0159i a bojovn\u00edci. Po \u010dtvrte\u010dn\u00edm po\u017e\u00e1ru v motorov\u00e9m prostoru dok\u00e1zali mechanici t\u00fdmu South Racing CE b\u00edlo-modr\u00fd Ford opravit a \u010desk\u00e1 pos\u00e1dka si dnes p\u0159ipsala <strong>\u0161est\u00fd \u010das<\/strong> (+25:20). Kv\u016fli 30hodinov\u00e9 penalizaci za odstoupen\u00ed z p\u0159edchoz\u00ed etapy v\u0161ak u\u017e v sout\u011b\u017ei pokra\u010duje bez nad\u011bje na um\u00edst\u011bn\u00ed na p\u0159edn\u00edch p\u0159\u00ed\u010dk\u00e1ch.<\/p>\n<p>*** Hav\u00e1ri\u00ed v dun\u00e1ch a <strong>transportem do nemocnice<\/strong> skon\u010dila jej\u00ed prvn\u00ed rally pro 17letou <strong>Louise Mautret<\/strong>, kter\u00e1 se MDC \u00fa\u010dastnila v kategorii SxS spole\u010dn\u011b s otcem Sylvainem. Zran\u011bn\u00ed mlad\u00e9 francouzsk\u00e9 navig\u00e1torky by podle informac\u00ed po\u0159adatel\u016f na\u0161t\u011bst\u00ed nem\u011bla b\u00fdt v\u00e1\u017en\u00e1.[\/vc_column_text][vc_single_image image=&#8221;5567&#8243; img_size=&#8221;large&#8221; add_caption=&#8221;yes&#8221; alignment=&#8221;center&#8221;][vc_column_text]<\/p>\n<h4>Kamiony: Nov\u00fd MAZ krok od senza\u010dn\u00ed v\u00fdhry<\/h4>\n<p>*** <strong>Ton van Genugten<\/strong> s Ivecem t\u00fdmu De Rooy <strong>vyhr\u00e1l sedmou etapu<\/strong> o 34 sekund p\u0159ed Alexejem Vi\u0161n\u011bvsk\u00fdm (MAZ). Nizozemec byl v pr\u016fb\u011bhu leto\u0161n\u00ed MDC v denn\u00ed klasifikaci nejlep\u0161\u00ed u\u017e podruh\u00e9, kv\u016fli probl\u00e9m\u016fm v dal\u0161\u00edch etap\u00e1ch v\u0161ak celkov\u011b z\u016fst\u00e1v\u00e1 \u0161est\u00fd (+50:51). Vi\u0161n\u011bvskij je \u010dtvrt\u00fd (+31:29).<\/p>\n<p>*** <strong>Sergej Vjazovi\u010d<\/strong> (MAZ) byl sice v p\u0159edposledn\u00ed etap\u011b \u201ea\u017e\u201c \u0161est\u00fd, ale jen s nevelk\u00fdm odstupem (+14:02) od nejrychlej\u0161\u00edho Van Genugtena. S debutuj\u00edc\u00edm kapotovan\u00fdm 6400RR tak <strong>p\u016fjde do z\u00e1v\u011bre\u010dn\u00e9 etapy z prvn\u00edho m\u00edsta<\/strong> s v\u00edce ne\u017e 27minutov\u00fdm n\u00e1skok.<\/p>\n<p>*** T\u0159et\u00ed \u010das dne a zav\u00e1h\u00e1n\u00ed dosud druh\u00e9ho Roelanda Voermana (MAN) pomohly <strong>Martinu van den Brinkovi<\/strong> (+2:52), v jeho\u017e Renaultu pln\u00ed roli mechanika Daniel Kozlovsk\u00fd. V celkov\u00e9m hodnocen\u00ed se Nizozemec <strong>posunul na druhou p\u0159\u00ed\u010dku<\/strong> (+27:13). P\u0159ed t\u0159et\u00edm Versluisem (MAN) a \u010dtvrt\u00fdm Vi\u0161n\u011bvsk\u00fdm m\u00e1 k dobru 2:38, resp. 4:16 min. Voerman klesl ze druh\u00e9ho na p\u00e1t\u00e9 m\u00edsto.<\/p>\n<p>*** Nizozemec <strong>Adwin Hoondert<\/strong> (DAF) p\u0159i p\u0159edj\u00ed\u017ed\u011bn\u00ed <strong>kolidoval s buggy<\/strong> kategorie SxS pilotovanou Lorenzem Rocco di Torrepadulou. Ital\u016fv Can-Am je zcela zni\u010den, nehoda se na\u0161t\u011bst\u00ed obe\u0161la bez zran\u011bn\u00ed.<\/p>\n<p>*** V sobotu 20. dubna uzav\u0159e leto\u0161n\u00ed ro\u010dn\u00edk Morocco Desert Challenge osm\u00e1 rychlostn\u00ed zkou\u0161ka z Bouarfy do Oujdy dlouh\u00e1 219 kilometr\u016f. P\u0159esto\u017ee se jedn\u00e1 o krat\u0161\u00ed test, z\u00e1vodn\u00edci mus\u00ed udr\u017eet stoprocentn\u00ed koncentraci a\u017e do konce. Na kamenit\u00fdch pl\u00e1n\u00edch bude z\u00e1le\u017eet nejen na rychlosti, ale tak\u00e9 na spr\u00e1vn\u00e9 navigaci. Po dokon\u010den\u00ed speci\u00e1lky \u010dek\u00e1 \u00fa\u010dastn\u00edky je\u0161t\u011b p\u0159ejezd z Oujdy do c\u00edle cel\u00e9 sout\u011b\u017ee v Sa\u00efdii.[\/vc_column_text][\/vc_column][\/vc_row]<\/p>\n","protected":false},"excerpt":{"rendered":"<p>Reprezentanti dvou \u010desk\u00fdch t\u00fdm\u016f figuruj\u00ed p\u0159ed z\u00e1v\u011bre\u010dnou etapou Morocco Desert Challenge 2019 na medailov\u00fdch pozic\u00edch.<\/p>\n","protected":false},"author":1,"featured_media":5566,"comment_status":"open","ping_status":"closed","sticky":false,"template":"","format":"standard","meta":{"footnotes":""},"categories":[301],"tags":[425,945,609,95,890,937,881,10,11,64,164,905,108,57,63,946,943,83,166,78,160,610,76,302,244,176,888,912,940,942,911,161,894,61,517,944,224,7,238,168,889],"class_list":["post-5570","post","type-post","status-publish","format-standard","has-post-thumbnail","hentry","category-morocco-desert-challenge","tag-425","tag-adwin-hoondert","tag-alexej-visnevskij","tag-can-am","tag-czech-beer-rally-team","tag-daf","tag-daniel-kozlovsky","tag-david-kripal","tag-ford","tag-husqvarna","tag-iveco","tag-jerome-pelichet","tag-joan-pedrero","tag-klymciw-racing","tag-ktm","tag-lorenzo-rocco-di-torrepadula","tag-louise-mautret","tag-mammoet-rallysport","tag-man","tag-martin-van-den-brink","tag-maz","tag-maz-sportauto","tag-mkr-technology","tag-morocco-desert-challenge","tag-morocco-desert-challenge-2019","tag-optimus-md","tag-paul-spierings","tag-peter-versluis","tag-remy-vauthier","tag-robbie-wallace","tag-roeland-voerman","tag-sergej-vjazovic","tag-simon-vitse","tag-skyler-howes","tag-south-racing-ce","tag-sylvain-mautret","tag-team-de-rooy","tag-tomas-ourednicek","tag-ton-van-genugten","tag-yamaha","tag-zbynek-olmer-jun"],"yoast_head":"<!-- This site is optimized with the Yoast SEO plugin v24.9 - https:\/\/yoast.com\/wordpress\/plugins\/seo\/ -->\n<title>St\u0159\u00edpky z MDC: Ou\u0159edn\u00ed\u010dek bojuje, Van den Brink stoup\u00e1 - DAKARMANIA.cz<\/title>\n<meta name=\"description\" content=\"Reprezentanti dvou \u010desk\u00fdch t\u00fdm\u016f figuruj\u00ed p\u0159ed z\u00e1v\u011bre\u010dnou etapou Morocco Desert Challenge 2019 na medailov\u00fdch pozic\u00edch.\" \/>\n<meta name=\"robots\" content=\"index, follow, max-snippet:-1, max-image-preview:large, max-video-preview:-1\" \/>\n<link rel=\"canonical\" href=\"https:\/\/www.dakarmania.cz\/index.php\/2019\/04\/19\/stripky-z-mdc-ourednicek-bojuje-van-den-brink-stoupa\/\" \/>\n<meta property=\"og:locale\" content=\"cs_CZ\" \/>\n<meta property=\"og:type\" content=\"article\" \/>\n<meta property=\"og:title\" content=\"St\u0159\u00edpky z MDC: Ou\u0159edn\u00ed\u010dek bojuje, Van den Brink stoup\u00e1 - DAKARMANIA.cz\" \/>\n<meta property=\"og:description\" content=\"Reprezentanti dvou \u010desk\u00fdch t\u00fdm\u016f figuruj\u00ed p\u0159ed z\u00e1v\u011bre\u010dnou etapou Morocco Desert Challenge 2019 na medailov\u00fdch pozic\u00edch.\" \/>\n<meta property=\"og:url\" content=\"https:\/\/www.dakarmania.cz\/index.php\/2019\/04\/19\/stripky-z-mdc-ourednicek-bojuje-van-den-brink-stoupa\/\" \/>\n<meta property=\"og:site_name\" content=\"DAKARMANIA.cz\" \/>\n<meta property=\"article:publisher\" content=\"https:\/\/www.facebook.com\/dakarmania\/\" \/>\n<meta property=\"article:published_time\" content=\"2019-04-19T15:24:23+00:00\" \/>\n<meta property=\"article:modified_time\" content=\"2023-08-23T07:25:37+00:00\" \/>\n<meta property=\"og:image\" content=\"https:\/\/www.dakarmania.cz\/wp-content\/uploads\/2019\/04\/19-mdc-ourednicek-21.jpg\" \/>\n\t<meta property=\"og:image:width\" content=\"1200\" \/>\n\t<meta property=\"og:image:height\" content=\"801\" \/>\n\t<meta property=\"og:image:type\" content=\"image\/jpeg\" \/>\n<meta name=\"author\" content=\"Zden\u011bk Zelenka\" \/>\n<meta name=\"twitter:card\" content=\"summary_large_image\" \/>\n<meta name=\"twitter:label1\" content=\"Napsal(a)\" \/>\n\t<meta name=\"twitter:data1\" content=\"Zden\u011bk Zelenka\" \/>\n\t<meta name=\"twitter:label2\" content=\"Odhadovan\u00e1 doba \u010dten\u00ed\" \/>\n\t<meta name=\"twitter:data2\" content=\"4 minuty\" \/>\n<script type=\"application\/ld+json\" class=\"yoast-schema-graph\">{\"@context\":\"https:\/\/schema.org\",\"@graph\":[{\"@type\":\"Article\",\"@id\":\"https:\/\/www.dakarmania.cz\/index.php\/2019\/04\/19\/stripky-z-mdc-ourednicek-bojuje-van-den-brink-stoupa\/#article\",\"isPartOf\":{\"@id\":\"https:\/\/www.dakarmania.cz\/index.php\/2019\/04\/19\/stripky-z-mdc-ourednicek-bojuje-van-den-brink-stoupa\/\"},\"author\":{\"name\":\"Zden\u011bk Zelenka\",\"@id\":\"https:\/\/www.dakarmania.cz\/#\/schema\/person\/04eb0e87a389631c2169c0dddae7ff1e\"},\"headline\":\"St\u0159\u00edpky z MDC: Ou\u0159edn\u00ed\u010dek bojuje, Van den Brink stoup\u00e1\",\"datePublished\":\"2019-04-19T15:24:23+00:00\",\"dateModified\":\"2023-08-23T07:25:37+00:00\",\"mainEntityOfPage\":{\"@id\":\"https:\/\/www.dakarmania.cz\/index.php\/2019\/04\/19\/stripky-z-mdc-ourednicek-bojuje-van-den-brink-stoupa\/\"},\"wordCount\":936,\"commentCount\":0,\"publisher\":{\"@id\":\"https:\/\/www.dakarmania.cz\/#organization\"},\"image\":{\"@id\":\"https:\/\/www.dakarmania.cz\/index.php\/2019\/04\/19\/stripky-z-mdc-ourednicek-bojuje-van-den-brink-stoupa\/#primaryimage\"},\"thumbnailUrl\":\"https:\/\/www.dakarmania.cz\/wp-content\/uploads\/2019\/04\/19-mdc-ourednicek-21.jpg\",\"keywords\":[\"2019\",\"Adwin Hoondert\",\"Alexej Vi\u0161n\u011bvskij\",\"Can-Am\",\"Czech Beer Rally Team\",\"DAF\",\"Daniel Kozlovsk\u00fd\",\"David K\u0159\u00edpal\",\"Ford\",\"Husqvarna\",\"Iveco\",\"J\u00e9r\u00f4me Pelichet\",\"Joan Pedrero\",\"Klym\u010diw Racing\",\"KTM\",\"Lorenzo Rocco di Torrepadula\",\"Louise Mautret\",\"Mammoet Rallysport\",\"MAN\",\"Martin van den Brink\",\"MAZ\",\"MAZ-Sportauto\",\"MKR Technology\",\"Morocco Desert Challenge\",\"Morocco Desert Challenge 2019\",\"Optimus MD\",\"Paul Spierings\",\"Peter Versluis\",\"R\u00e9my Vauthier\",\"Robbie Wallace\",\"Roeland Voerman\",\"Sergej Vjazovi\u010d\",\"Simon Vitse\",\"Skyler Howes\",\"South Racing CE\",\"Sylvain Mautret\",\"Team De Rooy\",\"Tom\u00e1\u0161 Ou\u0159edn\u00ed\u010dek\",\"Ton van Genugten\",\"Yamaha\",\"Zbyn\u011bk Olmer jun.\"],\"articleSection\":[\"Morocco Desert Challenge\"],\"inLanguage\":\"cs\",\"potentialAction\":[{\"@type\":\"CommentAction\",\"name\":\"Comment\",\"target\":[\"https:\/\/www.dakarmania.cz\/index.php\/2019\/04\/19\/stripky-z-mdc-ourednicek-bojuje-van-den-brink-stoupa\/#respond\"]}]},{\"@type\":\"WebPage\",\"@id\":\"https:\/\/www.dakarmania.cz\/index.php\/2019\/04\/19\/stripky-z-mdc-ourednicek-bojuje-van-den-brink-stoupa\/\",\"url\":\"https:\/\/www.dakarmania.cz\/index.php\/2019\/04\/19\/stripky-z-mdc-ourednicek-bojuje-van-den-brink-stoupa\/\",\"name\":\"St\u0159\u00edpky z MDC: Ou\u0159edn\u00ed\u010dek bojuje, Van den Brink stoup\u00e1 - DAKARMANIA.cz\",\"isPartOf\":{\"@id\":\"https:\/\/www.dakarmania.cz\/#website\"},\"primaryImageOfPage\":{\"@id\":\"https:\/\/www.dakarmania.cz\/index.php\/2019\/04\/19\/stripky-z-mdc-ourednicek-bojuje-van-den-brink-stoupa\/#primaryimage\"},\"image\":{\"@id\":\"https:\/\/www.dakarmania.cz\/index.php\/2019\/04\/19\/stripky-z-mdc-ourednicek-bojuje-van-den-brink-stoupa\/#primaryimage\"},\"thumbnailUrl\":\"https:\/\/www.dakarmania.cz\/wp-content\/uploads\/2019\/04\/19-mdc-ourednicek-21.jpg\",\"datePublished\":\"2019-04-19T15:24:23+00:00\",\"dateModified\":\"2023-08-23T07:25:37+00:00\",\"description\":\"Reprezentanti dvou \u010desk\u00fdch t\u00fdm\u016f figuruj\u00ed p\u0159ed z\u00e1v\u011bre\u010dnou etapou Morocco Desert Challenge 2019 na medailov\u00fdch pozic\u00edch.\",\"breadcrumb\":{\"@id\":\"https:\/\/www.dakarmania.cz\/index.php\/2019\/04\/19\/stripky-z-mdc-ourednicek-bojuje-van-den-brink-stoupa\/#breadcrumb\"},\"inLanguage\":\"cs\",\"potentialAction\":[{\"@type\":\"ReadAction\",\"target\":[\"https:\/\/www.dakarmania.cz\/index.php\/2019\/04\/19\/stripky-z-mdc-ourednicek-bojuje-van-den-brink-stoupa\/\"]}]},{\"@type\":\"ImageObject\",\"inLanguage\":\"cs\",\"@id\":\"https:\/\/www.dakarmania.cz\/index.php\/2019\/04\/19\/stripky-z-mdc-ourednicek-bojuje-van-den-brink-stoupa\/#primaryimage\",\"url\":\"https:\/\/www.dakarmania.cz\/wp-content\/uploads\/2019\/04\/19-mdc-ourednicek-21.jpg\",\"contentUrl\":\"https:\/\/www.dakarmania.cz\/wp-content\/uploads\/2019\/04\/19-mdc-ourednicek-21.jpg\",\"width\":1200,\"height\":801,\"caption\":\"Tom\u00e1\u0161 Ou\u0159edn\u00ed\u010dek\/David K\u0159\u00edpal, Ford Ranger Dakar, South Racing CE. Morocco Desert Challenge 2019. \u00a9 MDC Media\/Rallycool\"},{\"@type\":\"BreadcrumbList\",\"@id\":\"https:\/\/www.dakarmania.cz\/index.php\/2019\/04\/19\/stripky-z-mdc-ourednicek-bojuje-van-den-brink-stoupa\/#breadcrumb\",\"itemListElement\":[{\"@type\":\"ListItem\",\"position\":1,\"name\":\"Dom\u016f\",\"item\":\"https:\/\/www.dakarmania.cz\/\"},{\"@type\":\"ListItem\",\"position\":2,\"name\":\"St\u0159\u00edpky z MDC: Ou\u0159edn\u00ed\u010dek bojuje, Van den Brink stoup\u00e1\"}]},{\"@type\":\"WebSite\",\"@id\":\"https:\/\/www.dakarmania.cz\/#website\",\"url\":\"https:\/\/www.dakarmania.cz\/\",\"name\":\"DAKARMANIA.cz\",\"description\":\"\u017dijeme Dakarem cel\u00fd rok\",\"publisher\":{\"@id\":\"https:\/\/www.dakarmania.cz\/#organization\"},\"potentialAction\":[{\"@type\":\"SearchAction\",\"target\":{\"@type\":\"EntryPoint\",\"urlTemplate\":\"https:\/\/www.dakarmania.cz\/?s={search_term_string}\"},\"query-input\":{\"@type\":\"PropertyValueSpecification\",\"valueRequired\":true,\"valueName\":\"search_term_string\"}}],\"inLanguage\":\"cs\"},{\"@type\":\"Organization\",\"@id\":\"https:\/\/www.dakarmania.cz\/#organization\",\"name\":\"DAKAR MANIA\",\"url\":\"https:\/\/www.dakarmania.cz\/\",\"logo\":{\"@type\":\"ImageObject\",\"inLanguage\":\"cs\",\"@id\":\"https:\/\/www.dakarmania.cz\/#\/schema\/logo\/image\/\",\"url\":\"https:\/\/www.dakarmania.cz\/wp-content\/uploads\/2018\/12\/Dakar-Mania-Logo-Square-Orange.png\",\"contentUrl\":\"https:\/\/www.dakarmania.cz\/wp-content\/uploads\/2018\/12\/Dakar-Mania-Logo-Square-Orange.png\",\"width\":992,\"height\":992,\"caption\":\"DAKAR MANIA\"},\"image\":{\"@id\":\"https:\/\/www.dakarmania.cz\/#\/schema\/logo\/image\/\"},\"sameAs\":[\"https:\/\/www.facebook.com\/dakarmania\/\"]},{\"@type\":\"Person\",\"@id\":\"https:\/\/www.dakarmania.cz\/#\/schema\/person\/04eb0e87a389631c2169c0dddae7ff1e\",\"name\":\"Zden\u011bk Zelenka\",\"image\":{\"@type\":\"ImageObject\",\"inLanguage\":\"cs\",\"@id\":\"https:\/\/www.dakarmania.cz\/#\/schema\/person\/image\/\",\"url\":\"https:\/\/secure.gravatar.com\/avatar\/2c80d5a4942fe0900b73cc7d3837a509d6ee0a276a2b76dac95c92bd0763a89b?s=96&d=mm&r=g\",\"contentUrl\":\"https:\/\/secure.gravatar.com\/avatar\/2c80d5a4942fe0900b73cc7d3837a509d6ee0a276a2b76dac95c92bd0763a89b?s=96&d=mm&r=g\",\"caption\":\"Zden\u011bk Zelenka\"},\"description\":\"Moji d\u011bt\u0161t\u00ed hrdinov\u00e9 se jmenovali Loprais, Moskal, Neveu, Vatanen, Rahier... A tihle borci, jejich n\u00e1sledovn\u00edci a jejich p\u0159\u00edb\u011bhy m\u011b nep\u0159estali fascinovat ani po letech, kdy jsem vyrostl a zam\u011bstn\u00e1valy m\u011b jin\u00e9 discipl\u00edny motorsportu. Proto se zrodila DAKARMANIA.\",\"url\":\"https:\/\/www.dakarmania.cz\/index.php\/author\/dakarmania\/\"}]}<\/script>\n<!-- \/ Yoast SEO plugin. -->","yoast_head_json":{"title":"St\u0159\u00edpky z MDC: Ou\u0159edn\u00ed\u010dek bojuje, Van den Brink stoup\u00e1 - DAKARMANIA.cz","description":"Reprezentanti dvou \u010desk\u00fdch t\u00fdm\u016f figuruj\u00ed p\u0159ed z\u00e1v\u011bre\u010dnou etapou Morocco Desert Challenge 2019 na medailov\u00fdch pozic\u00edch.","robots":{"index":"index","follow":"follow","max-snippet":"max-snippet:-1","max-image-preview":"max-image-preview:large","max-video-preview":"max-video-preview:-1"},"canonical":"https:\/\/www.dakarmania.cz\/index.php\/2019\/04\/19\/stripky-z-mdc-ourednicek-bojuje-van-den-brink-stoupa\/","og_locale":"cs_CZ","og_type":"article","og_title":"St\u0159\u00edpky z MDC: Ou\u0159edn\u00ed\u010dek bojuje, Van den Brink stoup\u00e1 - DAKARMANIA.cz","og_description":"Reprezentanti dvou \u010desk\u00fdch t\u00fdm\u016f figuruj\u00ed p\u0159ed z\u00e1v\u011bre\u010dnou etapou Morocco Desert Challenge 2019 na medailov\u00fdch pozic\u00edch.","og_url":"https:\/\/www.dakarmania.cz\/index.php\/2019\/04\/19\/stripky-z-mdc-ourednicek-bojuje-van-den-brink-stoupa\/","og_site_name":"DAKARMANIA.cz","article_publisher":"https:\/\/www.facebook.com\/dakarmania\/","article_published_time":"2019-04-19T15:24:23+00:00","article_modified_time":"2023-08-23T07:25:37+00:00","og_image":[{"width":1200,"height":801,"url":"https:\/\/www.dakarmania.cz\/wp-content\/uploads\/2019\/04\/19-mdc-ourednicek-21.jpg","type":"image\/jpeg"}],"author":"Zden\u011bk Zelenka","twitter_card":"summary_large_image","twitter_misc":{"Napsal(a)":"Zden\u011bk Zelenka","Odhadovan\u00e1 doba \u010dten\u00ed":"4 minuty"},"schema":{"@context":"https:\/\/schema.org","@graph":[{"@type":"Article","@id":"https:\/\/www.dakarmania.cz\/index.php\/2019\/04\/19\/stripky-z-mdc-ourednicek-bojuje-van-den-brink-stoupa\/#article","isPartOf":{"@id":"https:\/\/www.dakarmania.cz\/index.php\/2019\/04\/19\/stripky-z-mdc-ourednicek-bojuje-van-den-brink-stoupa\/"},"author":{"name":"Zden\u011bk Zelenka","@id":"https:\/\/www.dakarmania.cz\/#\/schema\/person\/04eb0e87a389631c2169c0dddae7ff1e"},"headline":"St\u0159\u00edpky z MDC: Ou\u0159edn\u00ed\u010dek bojuje, Van den Brink stoup\u00e1","datePublished":"2019-04-19T15:24:23+00:00","dateModified":"2023-08-23T07:25:37+00:00","mainEntityOfPage":{"@id":"https:\/\/www.dakarmania.cz\/index.php\/2019\/04\/19\/stripky-z-mdc-ourednicek-bojuje-van-den-brink-stoupa\/"},"wordCount":936,"commentCount":0,"publisher":{"@id":"https:\/\/www.dakarmania.cz\/#organization"},"image":{"@id":"https:\/\/www.dakarmania.cz\/index.php\/2019\/04\/19\/stripky-z-mdc-ourednicek-bojuje-van-den-brink-stoupa\/#primaryimage"},"thumbnailUrl":"https:\/\/www.dakarmania.cz\/wp-content\/uploads\/2019\/04\/19-mdc-ourednicek-21.jpg","keywords":["2019","Adwin Hoondert","Alexej Vi\u0161n\u011bvskij","Can-Am","Czech Beer Rally Team","DAF","Daniel Kozlovsk\u00fd","David K\u0159\u00edpal","Ford","Husqvarna","Iveco","J\u00e9r\u00f4me Pelichet","Joan Pedrero","Klym\u010diw Racing","KTM","Lorenzo Rocco di Torrepadula","Louise Mautret","Mammoet Rallysport","MAN","Martin van den Brink","MAZ","MAZ-Sportauto","MKR Technology","Morocco Desert Challenge","Morocco Desert Challenge 2019","Optimus MD","Paul Spierings","Peter Versluis","R\u00e9my Vauthier","Robbie Wallace","Roeland Voerman","Sergej Vjazovi\u010d","Simon Vitse","Skyler Howes","South Racing CE","Sylvain Mautret","Team De Rooy","Tom\u00e1\u0161 Ou\u0159edn\u00ed\u010dek","Ton van Genugten","Yamaha","Zbyn\u011bk Olmer jun."],"articleSection":["Morocco Desert Challenge"],"inLanguage":"cs","potentialAction":[{"@type":"CommentAction","name":"Comment","target":["https:\/\/www.dakarmania.cz\/index.php\/2019\/04\/19\/stripky-z-mdc-ourednicek-bojuje-van-den-brink-stoupa\/#respond"]}]},{"@type":"WebPage","@id":"https:\/\/www.dakarmania.cz\/index.php\/2019\/04\/19\/stripky-z-mdc-ourednicek-bojuje-van-den-brink-stoupa\/","url":"https:\/\/www.dakarmania.cz\/index.php\/2019\/04\/19\/stripky-z-mdc-ourednicek-bojuje-van-den-brink-stoupa\/","name":"St\u0159\u00edpky z MDC: Ou\u0159edn\u00ed\u010dek bojuje, Van den Brink stoup\u00e1 - DAKARMANIA.cz","isPartOf":{"@id":"https:\/\/www.dakarmania.cz\/#website"},"primaryImageOfPage":{"@id":"https:\/\/www.dakarmania.cz\/index.php\/2019\/04\/19\/stripky-z-mdc-ourednicek-bojuje-van-den-brink-stoupa\/#primaryimage"},"image":{"@id":"https:\/\/www.dakarmania.cz\/index.php\/2019\/04\/19\/stripky-z-mdc-ourednicek-bojuje-van-den-brink-stoupa\/#primaryimage"},"thumbnailUrl":"https:\/\/www.dakarmania.cz\/wp-content\/uploads\/2019\/04\/19-mdc-ourednicek-21.jpg","datePublished":"2019-04-19T15:24:23+00:00","dateModified":"2023-08-23T07:25:37+00:00","description":"Reprezentanti dvou \u010desk\u00fdch t\u00fdm\u016f figuruj\u00ed p\u0159ed z\u00e1v\u011bre\u010dnou etapou Morocco Desert Challenge 2019 na medailov\u00fdch pozic\u00edch.","breadcrumb":{"@id":"https:\/\/www.dakarmania.cz\/index.php\/2019\/04\/19\/stripky-z-mdc-ourednicek-bojuje-van-den-brink-stoupa\/#breadcrumb"},"inLanguage":"cs","potentialAction":[{"@type":"ReadAction","target":["https:\/\/www.dakarmania.cz\/index.php\/2019\/04\/19\/stripky-z-mdc-ourednicek-bojuje-van-den-brink-stoupa\/"]}]},{"@type":"ImageObject","inLanguage":"cs","@id":"https:\/\/www.dakarmania.cz\/index.php\/2019\/04\/19\/stripky-z-mdc-ourednicek-bojuje-van-den-brink-stoupa\/#primaryimage","url":"https:\/\/www.dakarmania.cz\/wp-content\/uploads\/2019\/04\/19-mdc-ourednicek-21.jpg","contentUrl":"https:\/\/www.dakarmania.cz\/wp-content\/uploads\/2019\/04\/19-mdc-ourednicek-21.jpg","width":1200,"height":801,"caption":"Tom\u00e1\u0161 Ou\u0159edn\u00ed\u010dek\/David K\u0159\u00edpal, Ford Ranger Dakar, South Racing CE. Morocco Desert Challenge 2019. \u00a9 MDC Media\/Rallycool"},{"@type":"BreadcrumbList","@id":"https:\/\/www.dakarmania.cz\/index.php\/2019\/04\/19\/stripky-z-mdc-ourednicek-bojuje-van-den-brink-stoupa\/#breadcrumb","itemListElement":[{"@type":"ListItem","position":1,"name":"Dom\u016f","item":"https:\/\/www.dakarmania.cz\/"},{"@type":"ListItem","position":2,"name":"St\u0159\u00edpky z MDC: Ou\u0159edn\u00ed\u010dek bojuje, Van den Brink stoup\u00e1"}]},{"@type":"WebSite","@id":"https:\/\/www.dakarmania.cz\/#website","url":"https:\/\/www.dakarmania.cz\/","name":"DAKARMANIA.cz","description":"\u017dijeme Dakarem cel\u00fd rok","publisher":{"@id":"https:\/\/www.dakarmania.cz\/#organization"},"potentialAction":[{"@type":"SearchAction","target":{"@type":"EntryPoint","urlTemplate":"https:\/\/www.dakarmania.cz\/?s={search_term_string}"},"query-input":{"@type":"PropertyValueSpecification","valueRequired":true,"valueName":"search_term_string"}}],"inLanguage":"cs"},{"@type":"Organization","@id":"https:\/\/www.dakarmania.cz\/#organization","name":"DAKAR MANIA","url":"https:\/\/www.dakarmania.cz\/","logo":{"@type":"ImageObject","inLanguage":"cs","@id":"https:\/\/www.dakarmania.cz\/#\/schema\/logo\/image\/","url":"https:\/\/www.dakarmania.cz\/wp-content\/uploads\/2018\/12\/Dakar-Mania-Logo-Square-Orange.png","contentUrl":"https:\/\/www.dakarmania.cz\/wp-content\/uploads\/2018\/12\/Dakar-Mania-Logo-Square-Orange.png","width":992,"height":992,"caption":"DAKAR MANIA"},"image":{"@id":"https:\/\/www.dakarmania.cz\/#\/schema\/logo\/image\/"},"sameAs":["https:\/\/www.facebook.com\/dakarmania\/"]},{"@type":"Person","@id":"https:\/\/www.dakarmania.cz\/#\/schema\/person\/04eb0e87a389631c2169c0dddae7ff1e","name":"Zden\u011bk Zelenka","image":{"@type":"ImageObject","inLanguage":"cs","@id":"https:\/\/www.dakarmania.cz\/#\/schema\/person\/image\/","url":"https:\/\/secure.gravatar.com\/avatar\/2c80d5a4942fe0900b73cc7d3837a509d6ee0a276a2b76dac95c92bd0763a89b?s=96&d=mm&r=g","contentUrl":"https:\/\/secure.gravatar.com\/avatar\/2c80d5a4942fe0900b73cc7d3837a509d6ee0a276a2b76dac95c92bd0763a89b?s=96&d=mm&r=g","caption":"Zden\u011bk Zelenka"},"description":"Moji d\u011bt\u0161t\u00ed hrdinov\u00e9 se jmenovali Loprais, Moskal, Neveu, Vatanen, Rahier... A tihle borci, jejich n\u00e1sledovn\u00edci a jejich p\u0159\u00edb\u011bhy m\u011b nep\u0159estali fascinovat ani po letech, kdy jsem vyrostl a zam\u011bstn\u00e1valy m\u011b jin\u00e9 discipl\u00edny motorsportu. Proto se zrodila DAKARMANIA.","url":"https:\/\/www.dakarmania.cz\/index.php\/author\/dakarmania\/"}]}},"amp_enabled":true,"_links":{"self":[{"href":"https:\/\/www.dakarmania.cz\/index.php\/wp-json\/wp\/v2\/posts\/5570","targetHints":{"allow":["GET"]}}],"collection":[{"href":"https:\/\/www.dakarmania.cz\/index.php\/wp-json\/wp\/v2\/posts"}],"about":[{"href":"https:\/\/www.dakarmania.cz\/index.php\/wp-json\/wp\/v2\/types\/post"}],"author":[{"embeddable":true,"href":"https:\/\/www.dakarmania.cz\/index.php\/wp-json\/wp\/v2\/users\/1"}],"replies":[{"embeddable":true,"href":"https:\/\/www.dakarmania.cz\/index.php\/wp-json\/wp\/v2\/comments?post=5570"}],"version-history":[{"count":5,"href":"https:\/\/www.dakarmania.cz\/index.php\/wp-json\/wp\/v2\/posts\/5570\/revisions"}],"predecessor-version":[{"id":28863,"href":"https:\/\/www.dakarmania.cz\/index.php\/wp-json\/wp\/v2\/posts\/5570\/revisions\/28863"}],"wp:featuredmedia":[{"embeddable":true,"href":"https:\/\/www.dakarmania.cz\/index.php\/wp-json\/wp\/v2\/media\/5566"}],"wp:attachment":[{"href":"https:\/\/www.dakarmania.cz\/index.php\/wp-json\/wp\/v2\/media?parent=5570"}],"wp:term":[{"taxonomy":"category","embeddable":true,"href":"https:\/\/www.dakarmania.cz\/index.php\/wp-json\/wp\/v2\/categories?post=5570"},{"taxonomy":"post_tag","embeddable":true,"href":"https:\/\/www.dakarmania.cz\/index.php\/wp-json\/wp\/v2\/tags?post=5570"}],"curies":[{"name":"wp","href":"https:\/\/api.w.org\/{rel}","templated":true}]}}