{"id":5610,"date":"2019-04-20T22:07:43","date_gmt":"2019-04-20T20:07:43","guid":{"rendered":"https:\/\/www.dakarmania.cz\/?p=5610"},"modified":"2019-05-05T10:19:52","modified_gmt":"2019-05-05T08:19:52","slug":"klymciw-racing-slavi-v-maroku-premierove-vitezstvi","status":"publish","type":"post","link":"https:\/\/www.dakarmania.cz\/index.php\/2019\/04\/20\/klymciw-racing-slavi-v-maroku-premierove-vitezstvi\/","title":{"rendered":"Klym\u010diw Racing slav\u00ed v Maroku premi\u00e9rov\u00e9 v\u00edt\u011bzstv\u00ed"},"content":{"rendered":"<p>[vc_row][vc_column][vc_column_text]<\/p>\n<h4>P\u0159i sv\u00e9m prvn\u00edm startu v Africe svedl Skyler Howes na Morocco Desert Challenge 2019 nesm\u00edrn\u011b vyrovnanou bitvu s Joanem Pedrerem. Po v\u00edce ne\u017e 2700 kilometrech rychlostn\u00edch zkou\u0161ek porazil zku\u0161en\u00e9ho \u0160pan\u011bla o minutu a \u0161est vte\u0159in. 27let\u00fd Ameri\u010dan se tak zaslou\u017eil o v\u016fbec prvn\u00ed v\u00fdhru t\u00fdmu Klym\u010diw Racing v absolutn\u00ed klasifikaci n\u011bkter\u00e9 ze sout\u011b\u017e\u00ed.<\/h4>\n<p>Marockou rally uzav\u0159ela v sobotu 20. dubna z\u00e1v\u011bre\u010dn\u00e1 rychlostn\u00ed zkou\u0161ka (219 km) z Bouarfy do Oujdy, odkud \u00fa\u010dastn\u00edci zam\u00ed\u0159ili u\u017e pouze v p\u0159ejezdov\u00e9m re\u017eimu do c\u00edle cel\u00e9 sout\u011b\u017ee v Sa\u00efdii.<\/p>\n<p>Howes (Husqvarna) byl na posledn\u00ed speci\u00e1lce jen o \u010dty\u0159i sekundy pomalej\u0161\u00ed ne\u017e Pedrero (KTM) a ve\u010der p\u0159evzal poh\u00e1r, kter\u00fd v jeho soukrom\u00e9 sb\u00edrce nepochybn\u011b dostane m\u00edsto hned vedle trofeje za triumf na mexick\u00e9 Sonora Rally 2018.<\/p>\n<p><em>\u201ePo celou dobu byl vp\u0159edu a j\u00e1 si \u0159\u00edkal: ok, odolej tlaku, zvl\u00e1dni to, z\u016fsta\u0148 v prachu za n\u00edm, ud\u011blej v\u0161echno, co m\u016f\u017ee\u0161,\u201c<\/em> popisoval v c\u00edli posledn\u00ed rychlostn\u00ed zkou\u0161ky <strong>Skyler Howes<\/strong>. <em>\u201eV rychl\u00fdch \u00fasec\u00edch je opravdu mimo\u0159\u00e1dn\u011b dobr\u00fd a dnes mi v nich op\u011bt postupn\u011b uj\u00ed\u017ed\u011bl. V\u011bd\u011bl jsem, \u017ee c\u00edlem nesm\u00edm projet o v\u00edc ne\u017e deset sekund za n\u00edm. Nic jsem nepo\u010d\u00edtal, jen jsem doufal, \u017ee to by\u0165 jen o jedinou sekundu udr\u017e\u00edm.\u201c<\/em><\/p>\n<p>Pedrero s Howesem se b\u011bhem <a href=\"https:\/\/www.dakarmania.cz\/index.php\/souteze\/mdc-2019\/\">Morocco Desert Challenge<\/a> pod\u011blili o v\u0161echna etapov\u00e1 v\u00edt\u011bzstv\u00ed. \u0160pan\u011bl se radoval p\u011btkr\u00e1t, Ameri\u010dan t\u0159ikr\u00e1t. O jejich dominanci nav\u00edc sv\u011bd\u010d\u00ed i odstup celkov\u011b t\u0159et\u00edho Paula Spieringa. Zdol\u00e1n\u00ed osmi etap trvalo Nizozemci t\u00e9m\u011b\u0159 o p\u011bt hodin d\u00e9le ne\u017e v\u00edt\u011bzn\u00e9mu Howesovi.<\/p>\n<p>Na \u010dtrn\u00e1ct\u00e9m m\u00edst\u011b sout\u011b\u017e dokon\u010dil Howes\u016fv t\u00fdmov\u00fd kolega Gee Motzkin z Izraele, z \u010cech\u016f byl nejlep\u0161\u00ed celkov\u011b dvac\u00e1t\u00fd Zbyn\u011bk Olmer jun. s KTM v barv\u00e1ch Czech Beer Rally Teamu.<\/p>\n<p>Po hav\u00e1rii a odstoupen\u00ed sv\u00e9ho bratra Simona v p\u0159edposledn\u00ed etap\u011b zv\u00edt\u011bzil v kategorii \u010dty\u0159kolek Francouz Antoine Viste s Yamahou.[\/vc_column_text][vc_btn title=&#8221;Morocco Desert Challenge 2019: MOTO celkov\u00e9 v\u00fdsledky&#8221; style=&#8221;outline&#8221; color=&#8221;warning&#8221; size=&#8221;sm&#8221; align=&#8221;center&#8221; i_icon_fontawesome=&#8221;fa fa-list-ol&#8221; button_block=&#8221;true&#8221; add_icon=&#8221;true&#8221; link=&#8221;url:https%3A%2F%2Fwww.dakarmania.cz%2Fwp-content%2Fuploads%2F2019%2F04%2F19-mdc-moto-quad-after-leg8x.pdf||target:%20_blank|&#8221;][\/vc_column][\/vc_row]<\/p>\n","protected":false},"excerpt":{"rendered":"<p>[vc_row][vc_column][vc_column_text] P\u0159i sv\u00e9m prvn\u00edm startu v Africe svedl Skyler Howes na Morocco Desert Challenge 2019 nesm\u00edrn\u011b vyrovnanou bitvu s Joanem Pedrerem. Po v\u00edce ne\u017e 2700 kilometrech rychlostn\u00edch zkou\u0161ek porazil zku\u0161en\u00e9ho \u0160pan\u011bla o minutu a \u0161est vte\u0159in. 27let\u00fd Ameri\u010dan se tak zaslou\u017eil o v\u016fbec prvn\u00ed v\u00fdhru t\u00fdmu Klym\u010diw Racing v absolutn\u00ed klasifikaci n\u011bkter\u00e9 ze sout\u011b\u017e\u00ed. Marockou [&hellip;]<\/p>\n","protected":false},"author":1,"featured_media":5609,"comment_status":"open","ping_status":"closed","sticky":false,"template":"","format":"standard","meta":{"footnotes":""},"categories":[301,15],"tags":[425,949,890,60,64,108,57,63,302,244,948,61,168,889],"class_list":["post-5610","post","type-post","status-publish","format-standard","has-post-thumbnail","hentry","category-morocco-desert-challenge","category-moto-quad","tag-425","tag-antoine-viste","tag-czech-beer-rally-team","tag-gee-motzkin","tag-husqvarna","tag-joan-pedrero","tag-klymciw-racing","tag-ktm","tag-morocco-desert-challenge","tag-morocco-desert-challenge-2019","tag-paul-spiering","tag-skyler-howes","tag-yamaha","tag-zbynek-olmer-jun"],"yoast_head":"<!-- This site is optimized with the Yoast SEO plugin v24.9 - https:\/\/yoast.com\/wordpress\/plugins\/seo\/ -->\n<title>Klym\u010diw Racing slav\u00ed v Maroku premi\u00e9rov\u00e9 v\u00edt\u011bzstv\u00ed - DAKARMANIA.cz<\/title>\n<meta name=\"description\" content=\"Skyler Howes triumfoval na Morocco Desert Challenge 2019 a zaslou\u017eil se tak o prvn\u00ed v\u00fdhru t\u00fdmu Klym\u010diw Racing v absolutn\u00ed klasifikaci n\u011bkter\u00e9 ze sout\u011b\u017e\u00ed.\" \/>\n<meta name=\"robots\" content=\"index, follow, max-snippet:-1, max-image-preview:large, max-video-preview:-1\" \/>\n<link rel=\"canonical\" href=\"https:\/\/www.dakarmania.cz\/index.php\/2019\/04\/20\/klymciw-racing-slavi-v-maroku-premierove-vitezstvi\/\" \/>\n<meta property=\"og:locale\" content=\"cs_CZ\" \/>\n<meta property=\"og:type\" content=\"article\" \/>\n<meta property=\"og:title\" content=\"Klym\u010diw Racing slav\u00ed v Maroku premi\u00e9rov\u00e9 v\u00edt\u011bzstv\u00ed - DAKARMANIA.cz\" \/>\n<meta property=\"og:description\" content=\"Skyler Howes triumfoval na Morocco Desert Challenge 2019 a zaslou\u017eil se tak o prvn\u00ed v\u00fdhru t\u00fdmu Klym\u010diw Racing v absolutn\u00ed klasifikaci n\u011bkter\u00e9 ze sout\u011b\u017e\u00ed.\" \/>\n<meta property=\"og:url\" content=\"https:\/\/www.dakarmania.cz\/index.php\/2019\/04\/20\/klymciw-racing-slavi-v-maroku-premierove-vitezstvi\/\" \/>\n<meta property=\"og:site_name\" content=\"DAKARMANIA.cz\" \/>\n<meta property=\"article:publisher\" content=\"https:\/\/www.facebook.com\/dakarmania\/\" \/>\n<meta property=\"article:published_time\" content=\"2019-04-20T20:07:43+00:00\" \/>\n<meta property=\"article:modified_time\" content=\"2019-05-05T08:19:52+00:00\" \/>\n<meta property=\"og:image\" content=\"https:\/\/www.dakarmania.cz\/wp-content\/uploads\/2019\/04\/19-mdc-howes-03.jpg\" \/>\n\t<meta property=\"og:image:width\" content=\"1280\" \/>\n\t<meta property=\"og:image:height\" content=\"853\" \/>\n\t<meta property=\"og:image:type\" content=\"image\/jpeg\" \/>\n<meta name=\"author\" content=\"Zden\u011bk Zelenka\" \/>\n<meta name=\"twitter:card\" content=\"summary_large_image\" \/>\n<meta name=\"twitter:label1\" content=\"Napsal(a)\" \/>\n\t<meta name=\"twitter:data1\" content=\"Zden\u011bk Zelenka\" \/>\n\t<meta name=\"twitter:label2\" content=\"Odhadovan\u00e1 doba \u010dten\u00ed\" \/>\n\t<meta name=\"twitter:data2\" content=\"2 minuty\" \/>\n<script type=\"application\/ld+json\" class=\"yoast-schema-graph\">{\"@context\":\"https:\/\/schema.org\",\"@graph\":[{\"@type\":\"Article\",\"@id\":\"https:\/\/www.dakarmania.cz\/index.php\/2019\/04\/20\/klymciw-racing-slavi-v-maroku-premierove-vitezstvi\/#article\",\"isPartOf\":{\"@id\":\"https:\/\/www.dakarmania.cz\/index.php\/2019\/04\/20\/klymciw-racing-slavi-v-maroku-premierove-vitezstvi\/\"},\"author\":{\"name\":\"Zden\u011bk Zelenka\",\"@id\":\"https:\/\/www.dakarmania.cz\/#\/schema\/person\/04eb0e87a389631c2169c0dddae7ff1e\"},\"headline\":\"Klym\u010diw Racing slav\u00ed v Maroku premi\u00e9rov\u00e9 v\u00edt\u011bzstv\u00ed\",\"datePublished\":\"2019-04-20T20:07:43+00:00\",\"dateModified\":\"2019-05-05T08:19:52+00:00\",\"mainEntityOfPage\":{\"@id\":\"https:\/\/www.dakarmania.cz\/index.php\/2019\/04\/20\/klymciw-racing-slavi-v-maroku-premierove-vitezstvi\/\"},\"wordCount\":448,\"commentCount\":0,\"publisher\":{\"@id\":\"https:\/\/www.dakarmania.cz\/#organization\"},\"image\":{\"@id\":\"https:\/\/www.dakarmania.cz\/index.php\/2019\/04\/20\/klymciw-racing-slavi-v-maroku-premierove-vitezstvi\/#primaryimage\"},\"thumbnailUrl\":\"https:\/\/www.dakarmania.cz\/wp-content\/uploads\/2019\/04\/19-mdc-howes-03.jpg\",\"keywords\":[\"2019\",\"Antoine Viste\",\"Czech Beer Rally Team\",\"Gee Motzkin\",\"Husqvarna\",\"Joan Pedrero\",\"Klym\u010diw Racing\",\"KTM\",\"Morocco Desert Challenge\",\"Morocco Desert Challenge 2019\",\"Paul Spiering\",\"Skyler Howes\",\"Yamaha\",\"Zbyn\u011bk Olmer jun.\"],\"articleSection\":[\"Morocco Desert Challenge\",\"Moto\/Quad\"],\"inLanguage\":\"cs\",\"potentialAction\":[{\"@type\":\"CommentAction\",\"name\":\"Comment\",\"target\":[\"https:\/\/www.dakarmania.cz\/index.php\/2019\/04\/20\/klymciw-racing-slavi-v-maroku-premierove-vitezstvi\/#respond\"]}]},{\"@type\":\"WebPage\",\"@id\":\"https:\/\/www.dakarmania.cz\/index.php\/2019\/04\/20\/klymciw-racing-slavi-v-maroku-premierove-vitezstvi\/\",\"url\":\"https:\/\/www.dakarmania.cz\/index.php\/2019\/04\/20\/klymciw-racing-slavi-v-maroku-premierove-vitezstvi\/\",\"name\":\"Klym\u010diw Racing slav\u00ed v Maroku premi\u00e9rov\u00e9 v\u00edt\u011bzstv\u00ed - DAKARMANIA.cz\",\"isPartOf\":{\"@id\":\"https:\/\/www.dakarmania.cz\/#website\"},\"primaryImageOfPage\":{\"@id\":\"https:\/\/www.dakarmania.cz\/index.php\/2019\/04\/20\/klymciw-racing-slavi-v-maroku-premierove-vitezstvi\/#primaryimage\"},\"image\":{\"@id\":\"https:\/\/www.dakarmania.cz\/index.php\/2019\/04\/20\/klymciw-racing-slavi-v-maroku-premierove-vitezstvi\/#primaryimage\"},\"thumbnailUrl\":\"https:\/\/www.dakarmania.cz\/wp-content\/uploads\/2019\/04\/19-mdc-howes-03.jpg\",\"datePublished\":\"2019-04-20T20:07:43+00:00\",\"dateModified\":\"2019-05-05T08:19:52+00:00\",\"description\":\"Skyler Howes triumfoval na Morocco Desert Challenge 2019 a zaslou\u017eil se tak o prvn\u00ed v\u00fdhru t\u00fdmu Klym\u010diw Racing v absolutn\u00ed klasifikaci n\u011bkter\u00e9 ze sout\u011b\u017e\u00ed.\",\"breadcrumb\":{\"@id\":\"https:\/\/www.dakarmania.cz\/index.php\/2019\/04\/20\/klymciw-racing-slavi-v-maroku-premierove-vitezstvi\/#breadcrumb\"},\"inLanguage\":\"cs\",\"potentialAction\":[{\"@type\":\"ReadAction\",\"target\":[\"https:\/\/www.dakarmania.cz\/index.php\/2019\/04\/20\/klymciw-racing-slavi-v-maroku-premierove-vitezstvi\/\"]}]},{\"@type\":\"ImageObject\",\"inLanguage\":\"cs\",\"@id\":\"https:\/\/www.dakarmania.cz\/index.php\/2019\/04\/20\/klymciw-racing-slavi-v-maroku-premierove-vitezstvi\/#primaryimage\",\"url\":\"https:\/\/www.dakarmania.cz\/wp-content\/uploads\/2019\/04\/19-mdc-howes-03.jpg\",\"contentUrl\":\"https:\/\/www.dakarmania.cz\/wp-content\/uploads\/2019\/04\/19-mdc-howes-03.jpg\",\"width\":1280,\"height\":853,\"caption\":\"Skyler Howes, Husqvarna FR 450 Rally, Klym\u010diw Racing. Morocco Desert Challenge 2019. \u00a9 MDC Media\/Rallymaniacs\"},{\"@type\":\"BreadcrumbList\",\"@id\":\"https:\/\/www.dakarmania.cz\/index.php\/2019\/04\/20\/klymciw-racing-slavi-v-maroku-premierove-vitezstvi\/#breadcrumb\",\"itemListElement\":[{\"@type\":\"ListItem\",\"position\":1,\"name\":\"Dom\u016f\",\"item\":\"https:\/\/www.dakarmania.cz\/\"},{\"@type\":\"ListItem\",\"position\":2,\"name\":\"Klym\u010diw Racing slav\u00ed v Maroku premi\u00e9rov\u00e9 v\u00edt\u011bzstv\u00ed\"}]},{\"@type\":\"WebSite\",\"@id\":\"https:\/\/www.dakarmania.cz\/#website\",\"url\":\"https:\/\/www.dakarmania.cz\/\",\"name\":\"DAKARMANIA.cz\",\"description\":\"\u017dijeme Dakarem cel\u00fd rok\",\"publisher\":{\"@id\":\"https:\/\/www.dakarmania.cz\/#organization\"},\"potentialAction\":[{\"@type\":\"SearchAction\",\"target\":{\"@type\":\"EntryPoint\",\"urlTemplate\":\"https:\/\/www.dakarmania.cz\/?s={search_term_string}\"},\"query-input\":{\"@type\":\"PropertyValueSpecification\",\"valueRequired\":true,\"valueName\":\"search_term_string\"}}],\"inLanguage\":\"cs\"},{\"@type\":\"Organization\",\"@id\":\"https:\/\/www.dakarmania.cz\/#organization\",\"name\":\"DAKAR MANIA\",\"url\":\"https:\/\/www.dakarmania.cz\/\",\"logo\":{\"@type\":\"ImageObject\",\"inLanguage\":\"cs\",\"@id\":\"https:\/\/www.dakarmania.cz\/#\/schema\/logo\/image\/\",\"url\":\"https:\/\/www.dakarmania.cz\/wp-content\/uploads\/2018\/12\/Dakar-Mania-Logo-Square-Orange.png\",\"contentUrl\":\"https:\/\/www.dakarmania.cz\/wp-content\/uploads\/2018\/12\/Dakar-Mania-Logo-Square-Orange.png\",\"width\":992,\"height\":992,\"caption\":\"DAKAR MANIA\"},\"image\":{\"@id\":\"https:\/\/www.dakarmania.cz\/#\/schema\/logo\/image\/\"},\"sameAs\":[\"https:\/\/www.facebook.com\/dakarmania\/\"]},{\"@type\":\"Person\",\"@id\":\"https:\/\/www.dakarmania.cz\/#\/schema\/person\/04eb0e87a389631c2169c0dddae7ff1e\",\"name\":\"Zden\u011bk Zelenka\",\"image\":{\"@type\":\"ImageObject\",\"inLanguage\":\"cs\",\"@id\":\"https:\/\/www.dakarmania.cz\/#\/schema\/person\/image\/\",\"url\":\"https:\/\/secure.gravatar.com\/avatar\/2c80d5a4942fe0900b73cc7d3837a509d6ee0a276a2b76dac95c92bd0763a89b?s=96&d=mm&r=g\",\"contentUrl\":\"https:\/\/secure.gravatar.com\/avatar\/2c80d5a4942fe0900b73cc7d3837a509d6ee0a276a2b76dac95c92bd0763a89b?s=96&d=mm&r=g\",\"caption\":\"Zden\u011bk Zelenka\"},\"description\":\"Moji d\u011bt\u0161t\u00ed hrdinov\u00e9 se jmenovali Loprais, Moskal, Neveu, Vatanen, Rahier... A tihle borci, jejich n\u00e1sledovn\u00edci a jejich p\u0159\u00edb\u011bhy m\u011b nep\u0159estali fascinovat ani po letech, kdy jsem vyrostl a zam\u011bstn\u00e1valy m\u011b jin\u00e9 discipl\u00edny motorsportu. Proto se zrodila DAKARMANIA.\",\"url\":\"https:\/\/www.dakarmania.cz\/index.php\/author\/dakarmania\/\"}]}<\/script>\n<!-- \/ Yoast SEO plugin. -->","yoast_head_json":{"title":"Klym\u010diw Racing slav\u00ed v Maroku premi\u00e9rov\u00e9 v\u00edt\u011bzstv\u00ed - DAKARMANIA.cz","description":"Skyler Howes triumfoval na Morocco Desert Challenge 2019 a zaslou\u017eil se tak o prvn\u00ed v\u00fdhru t\u00fdmu Klym\u010diw Racing v absolutn\u00ed klasifikaci n\u011bkter\u00e9 ze sout\u011b\u017e\u00ed.","robots":{"index":"index","follow":"follow","max-snippet":"max-snippet:-1","max-image-preview":"max-image-preview:large","max-video-preview":"max-video-preview:-1"},"canonical":"https:\/\/www.dakarmania.cz\/index.php\/2019\/04\/20\/klymciw-racing-slavi-v-maroku-premierove-vitezstvi\/","og_locale":"cs_CZ","og_type":"article","og_title":"Klym\u010diw Racing slav\u00ed v Maroku premi\u00e9rov\u00e9 v\u00edt\u011bzstv\u00ed - DAKARMANIA.cz","og_description":"Skyler Howes triumfoval na Morocco Desert Challenge 2019 a zaslou\u017eil se tak o prvn\u00ed v\u00fdhru t\u00fdmu Klym\u010diw Racing v absolutn\u00ed klasifikaci n\u011bkter\u00e9 ze sout\u011b\u017e\u00ed.","og_url":"https:\/\/www.dakarmania.cz\/index.php\/2019\/04\/20\/klymciw-racing-slavi-v-maroku-premierove-vitezstvi\/","og_site_name":"DAKARMANIA.cz","article_publisher":"https:\/\/www.facebook.com\/dakarmania\/","article_published_time":"2019-04-20T20:07:43+00:00","article_modified_time":"2019-05-05T08:19:52+00:00","og_image":[{"width":1280,"height":853,"url":"https:\/\/www.dakarmania.cz\/wp-content\/uploads\/2019\/04\/19-mdc-howes-03.jpg","type":"image\/jpeg"}],"author":"Zden\u011bk Zelenka","twitter_card":"summary_large_image","twitter_misc":{"Napsal(a)":"Zden\u011bk Zelenka","Odhadovan\u00e1 doba \u010dten\u00ed":"2 minuty"},"schema":{"@context":"https:\/\/schema.org","@graph":[{"@type":"Article","@id":"https:\/\/www.dakarmania.cz\/index.php\/2019\/04\/20\/klymciw-racing-slavi-v-maroku-premierove-vitezstvi\/#article","isPartOf":{"@id":"https:\/\/www.dakarmania.cz\/index.php\/2019\/04\/20\/klymciw-racing-slavi-v-maroku-premierove-vitezstvi\/"},"author":{"name":"Zden\u011bk Zelenka","@id":"https:\/\/www.dakarmania.cz\/#\/schema\/person\/04eb0e87a389631c2169c0dddae7ff1e"},"headline":"Klym\u010diw Racing slav\u00ed v Maroku premi\u00e9rov\u00e9 v\u00edt\u011bzstv\u00ed","datePublished":"2019-04-20T20:07:43+00:00","dateModified":"2019-05-05T08:19:52+00:00","mainEntityOfPage":{"@id":"https:\/\/www.dakarmania.cz\/index.php\/2019\/04\/20\/klymciw-racing-slavi-v-maroku-premierove-vitezstvi\/"},"wordCount":448,"commentCount":0,"publisher":{"@id":"https:\/\/www.dakarmania.cz\/#organization"},"image":{"@id":"https:\/\/www.dakarmania.cz\/index.php\/2019\/04\/20\/klymciw-racing-slavi-v-maroku-premierove-vitezstvi\/#primaryimage"},"thumbnailUrl":"https:\/\/www.dakarmania.cz\/wp-content\/uploads\/2019\/04\/19-mdc-howes-03.jpg","keywords":["2019","Antoine Viste","Czech Beer Rally Team","Gee Motzkin","Husqvarna","Joan Pedrero","Klym\u010diw Racing","KTM","Morocco Desert Challenge","Morocco Desert Challenge 2019","Paul Spiering","Skyler Howes","Yamaha","Zbyn\u011bk Olmer jun."],"articleSection":["Morocco Desert Challenge","Moto\/Quad"],"inLanguage":"cs","potentialAction":[{"@type":"CommentAction","name":"Comment","target":["https:\/\/www.dakarmania.cz\/index.php\/2019\/04\/20\/klymciw-racing-slavi-v-maroku-premierove-vitezstvi\/#respond"]}]},{"@type":"WebPage","@id":"https:\/\/www.dakarmania.cz\/index.php\/2019\/04\/20\/klymciw-racing-slavi-v-maroku-premierove-vitezstvi\/","url":"https:\/\/www.dakarmania.cz\/index.php\/2019\/04\/20\/klymciw-racing-slavi-v-maroku-premierove-vitezstvi\/","name":"Klym\u010diw Racing slav\u00ed v Maroku premi\u00e9rov\u00e9 v\u00edt\u011bzstv\u00ed - DAKARMANIA.cz","isPartOf":{"@id":"https:\/\/www.dakarmania.cz\/#website"},"primaryImageOfPage":{"@id":"https:\/\/www.dakarmania.cz\/index.php\/2019\/04\/20\/klymciw-racing-slavi-v-maroku-premierove-vitezstvi\/#primaryimage"},"image":{"@id":"https:\/\/www.dakarmania.cz\/index.php\/2019\/04\/20\/klymciw-racing-slavi-v-maroku-premierove-vitezstvi\/#primaryimage"},"thumbnailUrl":"https:\/\/www.dakarmania.cz\/wp-content\/uploads\/2019\/04\/19-mdc-howes-03.jpg","datePublished":"2019-04-20T20:07:43+00:00","dateModified":"2019-05-05T08:19:52+00:00","description":"Skyler Howes triumfoval na Morocco Desert Challenge 2019 a zaslou\u017eil se tak o prvn\u00ed v\u00fdhru t\u00fdmu Klym\u010diw Racing v absolutn\u00ed klasifikaci n\u011bkter\u00e9 ze sout\u011b\u017e\u00ed.","breadcrumb":{"@id":"https:\/\/www.dakarmania.cz\/index.php\/2019\/04\/20\/klymciw-racing-slavi-v-maroku-premierove-vitezstvi\/#breadcrumb"},"inLanguage":"cs","potentialAction":[{"@type":"ReadAction","target":["https:\/\/www.dakarmania.cz\/index.php\/2019\/04\/20\/klymciw-racing-slavi-v-maroku-premierove-vitezstvi\/"]}]},{"@type":"ImageObject","inLanguage":"cs","@id":"https:\/\/www.dakarmania.cz\/index.php\/2019\/04\/20\/klymciw-racing-slavi-v-maroku-premierove-vitezstvi\/#primaryimage","url":"https:\/\/www.dakarmania.cz\/wp-content\/uploads\/2019\/04\/19-mdc-howes-03.jpg","contentUrl":"https:\/\/www.dakarmania.cz\/wp-content\/uploads\/2019\/04\/19-mdc-howes-03.jpg","width":1280,"height":853,"caption":"Skyler Howes, Husqvarna FR 450 Rally, Klym\u010diw Racing. Morocco Desert Challenge 2019. \u00a9 MDC Media\/Rallymaniacs"},{"@type":"BreadcrumbList","@id":"https:\/\/www.dakarmania.cz\/index.php\/2019\/04\/20\/klymciw-racing-slavi-v-maroku-premierove-vitezstvi\/#breadcrumb","itemListElement":[{"@type":"ListItem","position":1,"name":"Dom\u016f","item":"https:\/\/www.dakarmania.cz\/"},{"@type":"ListItem","position":2,"name":"Klym\u010diw Racing slav\u00ed v Maroku premi\u00e9rov\u00e9 v\u00edt\u011bzstv\u00ed"}]},{"@type":"WebSite","@id":"https:\/\/www.dakarmania.cz\/#website","url":"https:\/\/www.dakarmania.cz\/","name":"DAKARMANIA.cz","description":"\u017dijeme Dakarem cel\u00fd rok","publisher":{"@id":"https:\/\/www.dakarmania.cz\/#organization"},"potentialAction":[{"@type":"SearchAction","target":{"@type":"EntryPoint","urlTemplate":"https:\/\/www.dakarmania.cz\/?s={search_term_string}"},"query-input":{"@type":"PropertyValueSpecification","valueRequired":true,"valueName":"search_term_string"}}],"inLanguage":"cs"},{"@type":"Organization","@id":"https:\/\/www.dakarmania.cz\/#organization","name":"DAKAR MANIA","url":"https:\/\/www.dakarmania.cz\/","logo":{"@type":"ImageObject","inLanguage":"cs","@id":"https:\/\/www.dakarmania.cz\/#\/schema\/logo\/image\/","url":"https:\/\/www.dakarmania.cz\/wp-content\/uploads\/2018\/12\/Dakar-Mania-Logo-Square-Orange.png","contentUrl":"https:\/\/www.dakarmania.cz\/wp-content\/uploads\/2018\/12\/Dakar-Mania-Logo-Square-Orange.png","width":992,"height":992,"caption":"DAKAR MANIA"},"image":{"@id":"https:\/\/www.dakarmania.cz\/#\/schema\/logo\/image\/"},"sameAs":["https:\/\/www.facebook.com\/dakarmania\/"]},{"@type":"Person","@id":"https:\/\/www.dakarmania.cz\/#\/schema\/person\/04eb0e87a389631c2169c0dddae7ff1e","name":"Zden\u011bk Zelenka","image":{"@type":"ImageObject","inLanguage":"cs","@id":"https:\/\/www.dakarmania.cz\/#\/schema\/person\/image\/","url":"https:\/\/secure.gravatar.com\/avatar\/2c80d5a4942fe0900b73cc7d3837a509d6ee0a276a2b76dac95c92bd0763a89b?s=96&d=mm&r=g","contentUrl":"https:\/\/secure.gravatar.com\/avatar\/2c80d5a4942fe0900b73cc7d3837a509d6ee0a276a2b76dac95c92bd0763a89b?s=96&d=mm&r=g","caption":"Zden\u011bk Zelenka"},"description":"Moji d\u011bt\u0161t\u00ed hrdinov\u00e9 se jmenovali Loprais, Moskal, Neveu, Vatanen, Rahier... A tihle borci, jejich n\u00e1sledovn\u00edci a jejich p\u0159\u00edb\u011bhy m\u011b nep\u0159estali fascinovat ani po letech, kdy jsem vyrostl a zam\u011bstn\u00e1valy m\u011b jin\u00e9 discipl\u00edny motorsportu. Proto se zrodila DAKARMANIA.","url":"https:\/\/www.dakarmania.cz\/index.php\/author\/dakarmania\/"}]}},"amp_enabled":true,"_links":{"self":[{"href":"https:\/\/www.dakarmania.cz\/index.php\/wp-json\/wp\/v2\/posts\/5610","targetHints":{"allow":["GET"]}}],"collection":[{"href":"https:\/\/www.dakarmania.cz\/index.php\/wp-json\/wp\/v2\/posts"}],"about":[{"href":"https:\/\/www.dakarmania.cz\/index.php\/wp-json\/wp\/v2\/types\/post"}],"author":[{"embeddable":true,"href":"https:\/\/www.dakarmania.cz\/index.php\/wp-json\/wp\/v2\/users\/1"}],"replies":[{"embeddable":true,"href":"https:\/\/www.dakarmania.cz\/index.php\/wp-json\/wp\/v2\/comments?post=5610"}],"version-history":[{"count":5,"href":"https:\/\/www.dakarmania.cz\/index.php\/wp-json\/wp\/v2\/posts\/5610\/revisions"}],"predecessor-version":[{"id":5638,"href":"https:\/\/www.dakarmania.cz\/index.php\/wp-json\/wp\/v2\/posts\/5610\/revisions\/5638"}],"wp:featuredmedia":[{"embeddable":true,"href":"https:\/\/www.dakarmania.cz\/index.php\/wp-json\/wp\/v2\/media\/5609"}],"wp:attachment":[{"href":"https:\/\/www.dakarmania.cz\/index.php\/wp-json\/wp\/v2\/media?parent=5610"}],"wp:term":[{"taxonomy":"category","embeddable":true,"href":"https:\/\/www.dakarmania.cz\/index.php\/wp-json\/wp\/v2\/categories?post=5610"},{"taxonomy":"post_tag","embeddable":true,"href":"https:\/\/www.dakarmania.cz\/index.php\/wp-json\/wp\/v2\/tags?post=5610"}],"curies":[{"name":"wp","href":"https:\/\/api.w.org\/{rel}","templated":true}]}}