{"id":5633,"date":"2019-04-20T23:04:57","date_gmt":"2019-04-20T21:04:57","guid":{"rendered":"https:\/\/www.dakarmania.cz\/?p=5633"},"modified":"2019-04-21T00:26:41","modified_gmt":"2019-04-20T22:26:41","slug":"kapotovany-maz-pri-premiere-kraloval","status":"publish","type":"post","link":"https:\/\/www.dakarmania.cz\/index.php\/2019\/04\/20\/kapotovany-maz-pri-premiere-kraloval\/","title":{"rendered":"Kapotovan\u00fd MAZ p\u0159i premi\u00e9\u0159e kraloval"},"content":{"rendered":"<p>[vc_row][vc_column][vc_column_text]<\/p>\n<h4>Prvn\u00ed m\u011b\u0159en\u00ed sil kapotovan\u00e9ho kamionu MAZ 6440RR s konkurenc\u00ed nemohlo dopadnout l\u00e9pe. Pos\u00e1dka Sergeje Vjazovi\u010de zvl\u00e1dla celou Morocco Desert Challenge 2019 bez v\u00e1\u017en\u011bj\u0161\u00edch technick\u00fdch probl\u00e9m\u016f a v c\u00edli slavila v\u00edt\u011bzstv\u00ed.<\/h4>\n<p>T\u00fdm MAZ-Sportauto <a href=\"https:\/\/www.dakarmania.cz\/index.php\/2018\/12\/21\/maz-vyvinul-novy-soutezni-kapotnik\/\">p\u0159edstavil sv\u00e9 nov\u00e9 sout\u011b\u017en\u00ed n\u00e1\u010din\u00ed<\/a> loni p\u0159ed V\u00e1noci. V b\u0159eznu MAZ 6440RR pouh\u00e9 dva dny <a href=\"https:\/\/www.dakarmania.cz\/index.php\/2019\/03\/15\/kapotovany-maz-poprve-testoval\/\">testoval u rusk\u00e9 Astrachan\u011b<\/a> a minulou sobotu se postavil na start sv\u00e9 prvn\u00ed sout\u011b\u017ee, kter\u00e1 m\u011bla b\u00fdt hlavn\u011b dal\u0161\u00edm testem. Vjazovi\u010d se j\u00ed \u00fa\u010dastnil s nov\u011b zformovanou pos\u00e1dkou. Na m\u00edsto navig\u00e1tora usedl Anton Zaporo\u0161\u010denko, roli palubn\u00edho mechanika plnil Sergej Sa\u010duk.<\/p>\n<p>Jen\u017ee u\u017e druhou etapu leto\u0161n\u00ed <a href=\"https:\/\/www.dakarmania.cz\/index.php\/souteze\/mdc-2019\/\">Morocco Desert Challenge<\/a> Vjazovi\u010dova pos\u00e1dka vyhr\u00e1la a po p\u00e1t\u00e9m dni se ujala veden\u00ed, kter\u00e9 kontrolovala a\u017e do c\u00edle. V celkov\u00e9m sou\u010dtu zv\u00edt\u011bzila s v\u00edce ne\u017e 22minutov\u00fdm n\u00e1skokem p\u0159ed Nizozemcem Peterem Versluisem (MAN).<\/p>\n<p><em>\u201eV\u00edt\u011bzstv\u00ed je v\u017edy p\u0159\u00edjemn\u00e9 a zvl\u00e1\u0161\u0165, kdy\u017e bojujete s tak siln\u00fdmi soupe\u0159i. Byl to velice n\u00e1ro\u010dn\u00fd a zaj\u00edmav\u00fd z\u00e1vod. Ud\u011blali jsme dob\u0159e, \u017ee jsme se rozhodli tady startovat. Dom\u016f si vezeme nejen v\u00edt\u011bznou trofej, ale tak\u00e9 bohat\u00e9 zku\u0161enosti, kter\u00e9 m\u016f\u017eeme uplatnit na jak\u00e9koliv dal\u0161\u00ed sout\u011b\u017ei kdekoliv na sv\u011bt\u011b,\u201c<\/em> v\u011b\u0159\u00ed \u0161\u00e9f t\u00fdmu MAZ <strong>Sergej Vjazovi\u010d<\/strong>. <em>\u201eSkute\u010dn\u011b jsme si mysleli, \u017ee pro \u201akapotnik\u2018 bude z\u00e1vod zkou\u0161kou odolnosti a celkovou prov\u011brkou. Auto v\u0161ak p\u0159ekonalo ve\u0161ker\u00e1 na\u0161e o\u010dek\u00e1v\u00e1n\u00ed.\u201c<\/em><\/p>\n<p>\u00dasp\u011bch t\u00fdmu MAZ podtrhl Alexej Vi\u0161n\u011bvskij, kter\u00fd s trambusov\u00fdm 5309RR v posledn\u00ed etap\u011b p\u0159edstihl Martina van den Brinka s Renaultem. Oba vozy b\u011blorusk\u00e9ho t\u00fdmu tedy vybojovaly um\u00edst\u011bn\u00ed na stupn\u00edch v\u00edt\u011bz\u016f, p\u0159esto\u017ee se jednalo o \u00fapln\u011b prvn\u00ed z\u00e1vod, kter\u00fd MAZ-Sportauto v Africe absolvoval.[\/vc_column_text][vc_single_image image=&#8221;5635&#8243; img_size=&#8221;large&#8221; add_caption=&#8221;yes&#8221; alignment=&#8221;center&#8221;][vc_column_text]Van den Brink, v jeho\u017e pos\u00e1dce jel i mechanik Daniel Kozlovsk\u00fd, prohr\u00e1l s Vi\u0161n\u011bvsk\u00fdm o dv\u011b minuty a dv\u011b sekundy a mus\u00ed se sm\u00ed\u0159it s nepopul\u00e1rn\u00edm \u010dtvrt\u00fdm m\u00edstem.<\/p>\n<p>Severo\u010desk\u00e9 spole\u010dnosti MKR Technology, kter\u00e1 p\u0159ipravuje sout\u011b\u017en\u00ed Renaulty pro Van den Brinka a Gerta Huzinka, ud\u011blal v sobotu radost druh\u00fd jmenovan\u00fd. Jezdec Riwald Dakar Teamu z\u00e1v\u011bre\u010dnou rychlostn\u00ed zkou\u0161ku vyhr\u00e1l a v kone\u010dn\u00e9m hodnocen\u00ed se posunul na \u0161estou p\u0159\u00ed\u010dku.<\/p>\n<p>Spokojenost ur\u010dit\u011b nepanuje u t\u00fdmu De Rooy, kter\u00fd v Maroku pokra\u010doval ve zkou\u0161en\u00ed nov\u00e9ho Iveca Powerstar s nez\u00e1visl\u00fdm zav\u011b\u0161en\u00edm. Ton van Genugten sice dok\u00e1zal vyhr\u00e1t dv\u011b etapy, jen\u017ee v dal\u0161\u00edch dnech se pot\u00fdkal s probl\u00e9my a p\u0159ed posledn\u00ed etapou byl s v\u00edce ne\u017e 50minutov\u00fdm odstupem \u0161est\u00fd. V\u0161e dnes vyvrcholilo probl\u00e9my s motorem, kv\u016fli kter\u00fdm Nizozemec sout\u011b\u017e nedokon\u010dil.[\/vc_column_text][vc_btn title=&#8221;Morocco Desert Challenge 2019: KAMIONY celkov\u00e9 v\u00fdsledky&#8221; style=&#8221;outline&#8221; color=&#8221;warning&#8221; size=&#8221;sm&#8221; align=&#8221;center&#8221; i_icon_fontawesome=&#8221;fa fa-list-ol&#8221; button_block=&#8221;true&#8221; add_icon=&#8221;true&#8221; link=&#8221;url:https%3A%2F%2Fwww.dakarmania.cz%2Fwp-content%2Fuploads%2F2019%2F04%2F19-mdc-truck-after-leg8.pdf||target:%20_blank|rel:nofollow&#8221;][\/vc_column][\/vc_row]<\/p>\n","protected":false},"excerpt":{"rendered":"<p>[vc_row][vc_column][vc_column_text] Prvn\u00ed m\u011b\u0159en\u00ed sil kapotovan\u00e9ho kamionu MAZ 6440RR s konkurenc\u00ed nemohlo dopadnout l\u00e9pe. Pos\u00e1dka Sergeje Vjazovi\u010de zvl\u00e1dla celou Morocco Desert Challenge 2019 bez v\u00e1\u017en\u011bj\u0161\u00edch technick\u00fdch probl\u00e9m\u016f a v c\u00edli slavila v\u00edt\u011bzstv\u00ed. T\u00fdm MAZ-Sportauto p\u0159edstavil sv\u00e9 nov\u00e9 sout\u011b\u017en\u00ed n\u00e1\u010din\u00ed loni p\u0159ed V\u00e1noci. V b\u0159eznu MAZ 6440RR pouh\u00e9 dva dny testoval u rusk\u00e9 Astrachan\u011b a minulou sobotu [&hellip;]<\/p>\n","protected":false},"author":1,"featured_media":5632,"comment_status":"open","ping_status":"closed","sticky":false,"template":"","format":"standard","meta":{"footnotes":""},"categories":[16,301],"tags":[425,609,873,881,84,164,83,166,78,160,610,76,302,244,912,77,87,878,161,224,238],"class_list":["post-5633","post","type-post","status-publish","format-standard","has-post-thumbnail","hentry","category-kamion","category-morocco-desert-challenge","tag-425","tag-alexej-visnevskij","tag-anton-zaporoscenko","tag-daniel-kozlovsky","tag-gert-huzink","tag-iveco","tag-mammoet-rallysport","tag-man","tag-martin-van-den-brink","tag-maz","tag-maz-sportauto","tag-mkr-technology","tag-morocco-desert-challenge","tag-morocco-desert-challenge-2019","tag-peter-versluis","tag-renault","tag-riwald-dakar-team","tag-sergej-sacuk","tag-sergej-vjazovic","tag-team-de-rooy","tag-ton-van-genugten"],"yoast_head":"<!-- This site is optimized with the Yoast SEO plugin v24.9 - https:\/\/yoast.com\/wordpress\/plugins\/seo\/ -->\n<title>Kapotovan\u00fd MAZ p\u0159i premi\u00e9\u0159e kraloval - DAKARMANIA.cz<\/title>\n<meta name=\"description\" content=\"Prvn\u00ed m\u011b\u0159en\u00ed sil kamionu MAZ 6440RR s konkurenc\u00ed nemohlo dopadnout l\u00e9pe. Pos\u00e1dka Sergeje Vjazovi\u010de slavila v c\u00edli Morocco Desert Challenge 2019 v\u00edt\u011bzstv\u00ed.\" \/>\n<meta name=\"robots\" content=\"index, follow, max-snippet:-1, max-image-preview:large, max-video-preview:-1\" \/>\n<link rel=\"canonical\" href=\"https:\/\/www.dakarmania.cz\/index.php\/2019\/04\/20\/kapotovany-maz-pri-premiere-kraloval\/\" \/>\n<meta property=\"og:locale\" content=\"cs_CZ\" \/>\n<meta property=\"og:type\" content=\"article\" \/>\n<meta property=\"og:title\" content=\"Kapotovan\u00fd MAZ p\u0159i premi\u00e9\u0159e kraloval - DAKARMANIA.cz\" \/>\n<meta property=\"og:description\" content=\"Prvn\u00ed m\u011b\u0159en\u00ed sil kamionu MAZ 6440RR s konkurenc\u00ed nemohlo dopadnout l\u00e9pe. Pos\u00e1dka Sergeje Vjazovi\u010de slavila v c\u00edli Morocco Desert Challenge 2019 v\u00edt\u011bzstv\u00ed.\" \/>\n<meta property=\"og:url\" content=\"https:\/\/www.dakarmania.cz\/index.php\/2019\/04\/20\/kapotovany-maz-pri-premiere-kraloval\/\" \/>\n<meta property=\"og:site_name\" content=\"DAKARMANIA.cz\" \/>\n<meta property=\"article:publisher\" content=\"https:\/\/www.facebook.com\/dakarmania\/\" \/>\n<meta property=\"article:published_time\" content=\"2019-04-20T21:04:57+00:00\" \/>\n<meta property=\"article:modified_time\" content=\"2019-04-20T22:26:41+00:00\" \/>\n<meta property=\"og:image\" content=\"https:\/\/www.dakarmania.cz\/wp-content\/uploads\/2019\/04\/19-mdc-vjazovic-08.jpg\" \/>\n\t<meta property=\"og:image:width\" content=\"1440\" \/>\n\t<meta property=\"og:image:height\" content=\"961\" \/>\n\t<meta property=\"og:image:type\" content=\"image\/jpeg\" \/>\n<meta name=\"author\" content=\"Zden\u011bk Zelenka\" \/>\n<meta name=\"twitter:card\" content=\"summary_large_image\" \/>\n<meta name=\"twitter:label1\" content=\"Napsal(a)\" \/>\n\t<meta name=\"twitter:data1\" content=\"Zden\u011bk Zelenka\" \/>\n\t<meta name=\"twitter:label2\" content=\"Odhadovan\u00e1 doba \u010dten\u00ed\" \/>\n\t<meta name=\"twitter:data2\" content=\"3 minuty\" \/>\n<script type=\"application\/ld+json\" class=\"yoast-schema-graph\">{\"@context\":\"https:\/\/schema.org\",\"@graph\":[{\"@type\":\"Article\",\"@id\":\"https:\/\/www.dakarmania.cz\/index.php\/2019\/04\/20\/kapotovany-maz-pri-premiere-kraloval\/#article\",\"isPartOf\":{\"@id\":\"https:\/\/www.dakarmania.cz\/index.php\/2019\/04\/20\/kapotovany-maz-pri-premiere-kraloval\/\"},\"author\":{\"name\":\"Zden\u011bk Zelenka\",\"@id\":\"https:\/\/www.dakarmania.cz\/#\/schema\/person\/04eb0e87a389631c2169c0dddae7ff1e\"},\"headline\":\"Kapotovan\u00fd MAZ p\u0159i premi\u00e9\u0159e kraloval\",\"datePublished\":\"2019-04-20T21:04:57+00:00\",\"dateModified\":\"2019-04-20T22:26:41+00:00\",\"mainEntityOfPage\":{\"@id\":\"https:\/\/www.dakarmania.cz\/index.php\/2019\/04\/20\/kapotovany-maz-pri-premiere-kraloval\/\"},\"wordCount\":590,\"commentCount\":0,\"publisher\":{\"@id\":\"https:\/\/www.dakarmania.cz\/#organization\"},\"image\":{\"@id\":\"https:\/\/www.dakarmania.cz\/index.php\/2019\/04\/20\/kapotovany-maz-pri-premiere-kraloval\/#primaryimage\"},\"thumbnailUrl\":\"https:\/\/www.dakarmania.cz\/wp-content\/uploads\/2019\/04\/19-mdc-vjazovic-08.jpg\",\"keywords\":[\"2019\",\"Alexej Vi\u0161n\u011bvskij\",\"Anton Zaporo\u0161\u010denko\",\"Daniel Kozlovsk\u00fd\",\"Gert Huzink\",\"Iveco\",\"Mammoet Rallysport\",\"MAN\",\"Martin van den Brink\",\"MAZ\",\"MAZ-Sportauto\",\"MKR Technology\",\"Morocco Desert Challenge\",\"Morocco Desert Challenge 2019\",\"Peter Versluis\",\"Renault\",\"Riwald Dakar Team\",\"Sergej Sa\u010duk\",\"Sergej Vjazovi\u010d\",\"Team De Rooy\",\"Ton van Genugten\"],\"articleSection\":[\"Kamiony\",\"Morocco Desert Challenge\"],\"inLanguage\":\"cs\",\"potentialAction\":[{\"@type\":\"CommentAction\",\"name\":\"Comment\",\"target\":[\"https:\/\/www.dakarmania.cz\/index.php\/2019\/04\/20\/kapotovany-maz-pri-premiere-kraloval\/#respond\"]}]},{\"@type\":\"WebPage\",\"@id\":\"https:\/\/www.dakarmania.cz\/index.php\/2019\/04\/20\/kapotovany-maz-pri-premiere-kraloval\/\",\"url\":\"https:\/\/www.dakarmania.cz\/index.php\/2019\/04\/20\/kapotovany-maz-pri-premiere-kraloval\/\",\"name\":\"Kapotovan\u00fd MAZ p\u0159i premi\u00e9\u0159e kraloval - DAKARMANIA.cz\",\"isPartOf\":{\"@id\":\"https:\/\/www.dakarmania.cz\/#website\"},\"primaryImageOfPage\":{\"@id\":\"https:\/\/www.dakarmania.cz\/index.php\/2019\/04\/20\/kapotovany-maz-pri-premiere-kraloval\/#primaryimage\"},\"image\":{\"@id\":\"https:\/\/www.dakarmania.cz\/index.php\/2019\/04\/20\/kapotovany-maz-pri-premiere-kraloval\/#primaryimage\"},\"thumbnailUrl\":\"https:\/\/www.dakarmania.cz\/wp-content\/uploads\/2019\/04\/19-mdc-vjazovic-08.jpg\",\"datePublished\":\"2019-04-20T21:04:57+00:00\",\"dateModified\":\"2019-04-20T22:26:41+00:00\",\"description\":\"Prvn\u00ed m\u011b\u0159en\u00ed sil kamionu MAZ 6440RR s konkurenc\u00ed nemohlo dopadnout l\u00e9pe. Pos\u00e1dka Sergeje Vjazovi\u010de slavila v c\u00edli Morocco Desert Challenge 2019 v\u00edt\u011bzstv\u00ed.\",\"breadcrumb\":{\"@id\":\"https:\/\/www.dakarmania.cz\/index.php\/2019\/04\/20\/kapotovany-maz-pri-premiere-kraloval\/#breadcrumb\"},\"inLanguage\":\"cs\",\"potentialAction\":[{\"@type\":\"ReadAction\",\"target\":[\"https:\/\/www.dakarmania.cz\/index.php\/2019\/04\/20\/kapotovany-maz-pri-premiere-kraloval\/\"]}]},{\"@type\":\"ImageObject\",\"inLanguage\":\"cs\",\"@id\":\"https:\/\/www.dakarmania.cz\/index.php\/2019\/04\/20\/kapotovany-maz-pri-premiere-kraloval\/#primaryimage\",\"url\":\"https:\/\/www.dakarmania.cz\/wp-content\/uploads\/2019\/04\/19-mdc-vjazovic-08.jpg\",\"contentUrl\":\"https:\/\/www.dakarmania.cz\/wp-content\/uploads\/2019\/04\/19-mdc-vjazovic-08.jpg\",\"width\":1440,\"height\":961,\"caption\":\"Sergej Vjazovi\u010d\/Anton Zaporo\u0161\u010denko\/Sergej Sa\u010duk, MAZ 6440RR, MAZ-Sportauto. Morocco Desert Challenge 2019. \u00a9 MAZ\"},{\"@type\":\"BreadcrumbList\",\"@id\":\"https:\/\/www.dakarmania.cz\/index.php\/2019\/04\/20\/kapotovany-maz-pri-premiere-kraloval\/#breadcrumb\",\"itemListElement\":[{\"@type\":\"ListItem\",\"position\":1,\"name\":\"Dom\u016f\",\"item\":\"https:\/\/www.dakarmania.cz\/\"},{\"@type\":\"ListItem\",\"position\":2,\"name\":\"Kapotovan\u00fd MAZ p\u0159i premi\u00e9\u0159e kraloval\"}]},{\"@type\":\"WebSite\",\"@id\":\"https:\/\/www.dakarmania.cz\/#website\",\"url\":\"https:\/\/www.dakarmania.cz\/\",\"name\":\"DAKARMANIA.cz\",\"description\":\"\u017dijeme Dakarem cel\u00fd rok\",\"publisher\":{\"@id\":\"https:\/\/www.dakarmania.cz\/#organization\"},\"potentialAction\":[{\"@type\":\"SearchAction\",\"target\":{\"@type\":\"EntryPoint\",\"urlTemplate\":\"https:\/\/www.dakarmania.cz\/?s={search_term_string}\"},\"query-input\":{\"@type\":\"PropertyValueSpecification\",\"valueRequired\":true,\"valueName\":\"search_term_string\"}}],\"inLanguage\":\"cs\"},{\"@type\":\"Organization\",\"@id\":\"https:\/\/www.dakarmania.cz\/#organization\",\"name\":\"DAKAR MANIA\",\"url\":\"https:\/\/www.dakarmania.cz\/\",\"logo\":{\"@type\":\"ImageObject\",\"inLanguage\":\"cs\",\"@id\":\"https:\/\/www.dakarmania.cz\/#\/schema\/logo\/image\/\",\"url\":\"https:\/\/www.dakarmania.cz\/wp-content\/uploads\/2018\/12\/Dakar-Mania-Logo-Square-Orange.png\",\"contentUrl\":\"https:\/\/www.dakarmania.cz\/wp-content\/uploads\/2018\/12\/Dakar-Mania-Logo-Square-Orange.png\",\"width\":992,\"height\":992,\"caption\":\"DAKAR MANIA\"},\"image\":{\"@id\":\"https:\/\/www.dakarmania.cz\/#\/schema\/logo\/image\/\"},\"sameAs\":[\"https:\/\/www.facebook.com\/dakarmania\/\"]},{\"@type\":\"Person\",\"@id\":\"https:\/\/www.dakarmania.cz\/#\/schema\/person\/04eb0e87a389631c2169c0dddae7ff1e\",\"name\":\"Zden\u011bk Zelenka\",\"image\":{\"@type\":\"ImageObject\",\"inLanguage\":\"cs\",\"@id\":\"https:\/\/www.dakarmania.cz\/#\/schema\/person\/image\/\",\"url\":\"https:\/\/secure.gravatar.com\/avatar\/2c80d5a4942fe0900b73cc7d3837a509d6ee0a276a2b76dac95c92bd0763a89b?s=96&d=mm&r=g\",\"contentUrl\":\"https:\/\/secure.gravatar.com\/avatar\/2c80d5a4942fe0900b73cc7d3837a509d6ee0a276a2b76dac95c92bd0763a89b?s=96&d=mm&r=g\",\"caption\":\"Zden\u011bk Zelenka\"},\"description\":\"Moji d\u011bt\u0161t\u00ed hrdinov\u00e9 se jmenovali Loprais, Moskal, Neveu, Vatanen, Rahier... A tihle borci, jejich n\u00e1sledovn\u00edci a jejich p\u0159\u00edb\u011bhy m\u011b nep\u0159estali fascinovat ani po letech, kdy jsem vyrostl a zam\u011bstn\u00e1valy m\u011b jin\u00e9 discipl\u00edny motorsportu. Proto se zrodila DAKARMANIA.\",\"url\":\"https:\/\/www.dakarmania.cz\/index.php\/author\/dakarmania\/\"}]}<\/script>\n<!-- \/ Yoast SEO plugin. -->","yoast_head_json":{"title":"Kapotovan\u00fd MAZ p\u0159i premi\u00e9\u0159e kraloval - DAKARMANIA.cz","description":"Prvn\u00ed m\u011b\u0159en\u00ed sil kamionu MAZ 6440RR s konkurenc\u00ed nemohlo dopadnout l\u00e9pe. Pos\u00e1dka Sergeje Vjazovi\u010de slavila v c\u00edli Morocco Desert Challenge 2019 v\u00edt\u011bzstv\u00ed.","robots":{"index":"index","follow":"follow","max-snippet":"max-snippet:-1","max-image-preview":"max-image-preview:large","max-video-preview":"max-video-preview:-1"},"canonical":"https:\/\/www.dakarmania.cz\/index.php\/2019\/04\/20\/kapotovany-maz-pri-premiere-kraloval\/","og_locale":"cs_CZ","og_type":"article","og_title":"Kapotovan\u00fd MAZ p\u0159i premi\u00e9\u0159e kraloval - DAKARMANIA.cz","og_description":"Prvn\u00ed m\u011b\u0159en\u00ed sil kamionu MAZ 6440RR s konkurenc\u00ed nemohlo dopadnout l\u00e9pe. Pos\u00e1dka Sergeje Vjazovi\u010de slavila v c\u00edli Morocco Desert Challenge 2019 v\u00edt\u011bzstv\u00ed.","og_url":"https:\/\/www.dakarmania.cz\/index.php\/2019\/04\/20\/kapotovany-maz-pri-premiere-kraloval\/","og_site_name":"DAKARMANIA.cz","article_publisher":"https:\/\/www.facebook.com\/dakarmania\/","article_published_time":"2019-04-20T21:04:57+00:00","article_modified_time":"2019-04-20T22:26:41+00:00","og_image":[{"width":1440,"height":961,"url":"https:\/\/www.dakarmania.cz\/wp-content\/uploads\/2019\/04\/19-mdc-vjazovic-08.jpg","type":"image\/jpeg"}],"author":"Zden\u011bk Zelenka","twitter_card":"summary_large_image","twitter_misc":{"Napsal(a)":"Zden\u011bk Zelenka","Odhadovan\u00e1 doba \u010dten\u00ed":"3 minuty"},"schema":{"@context":"https:\/\/schema.org","@graph":[{"@type":"Article","@id":"https:\/\/www.dakarmania.cz\/index.php\/2019\/04\/20\/kapotovany-maz-pri-premiere-kraloval\/#article","isPartOf":{"@id":"https:\/\/www.dakarmania.cz\/index.php\/2019\/04\/20\/kapotovany-maz-pri-premiere-kraloval\/"},"author":{"name":"Zden\u011bk Zelenka","@id":"https:\/\/www.dakarmania.cz\/#\/schema\/person\/04eb0e87a389631c2169c0dddae7ff1e"},"headline":"Kapotovan\u00fd MAZ p\u0159i premi\u00e9\u0159e kraloval","datePublished":"2019-04-20T21:04:57+00:00","dateModified":"2019-04-20T22:26:41+00:00","mainEntityOfPage":{"@id":"https:\/\/www.dakarmania.cz\/index.php\/2019\/04\/20\/kapotovany-maz-pri-premiere-kraloval\/"},"wordCount":590,"commentCount":0,"publisher":{"@id":"https:\/\/www.dakarmania.cz\/#organization"},"image":{"@id":"https:\/\/www.dakarmania.cz\/index.php\/2019\/04\/20\/kapotovany-maz-pri-premiere-kraloval\/#primaryimage"},"thumbnailUrl":"https:\/\/www.dakarmania.cz\/wp-content\/uploads\/2019\/04\/19-mdc-vjazovic-08.jpg","keywords":["2019","Alexej Vi\u0161n\u011bvskij","Anton Zaporo\u0161\u010denko","Daniel Kozlovsk\u00fd","Gert Huzink","Iveco","Mammoet Rallysport","MAN","Martin van den Brink","MAZ","MAZ-Sportauto","MKR Technology","Morocco Desert Challenge","Morocco Desert Challenge 2019","Peter Versluis","Renault","Riwald Dakar Team","Sergej Sa\u010duk","Sergej Vjazovi\u010d","Team De Rooy","Ton van Genugten"],"articleSection":["Kamiony","Morocco Desert Challenge"],"inLanguage":"cs","potentialAction":[{"@type":"CommentAction","name":"Comment","target":["https:\/\/www.dakarmania.cz\/index.php\/2019\/04\/20\/kapotovany-maz-pri-premiere-kraloval\/#respond"]}]},{"@type":"WebPage","@id":"https:\/\/www.dakarmania.cz\/index.php\/2019\/04\/20\/kapotovany-maz-pri-premiere-kraloval\/","url":"https:\/\/www.dakarmania.cz\/index.php\/2019\/04\/20\/kapotovany-maz-pri-premiere-kraloval\/","name":"Kapotovan\u00fd MAZ p\u0159i premi\u00e9\u0159e kraloval - DAKARMANIA.cz","isPartOf":{"@id":"https:\/\/www.dakarmania.cz\/#website"},"primaryImageOfPage":{"@id":"https:\/\/www.dakarmania.cz\/index.php\/2019\/04\/20\/kapotovany-maz-pri-premiere-kraloval\/#primaryimage"},"image":{"@id":"https:\/\/www.dakarmania.cz\/index.php\/2019\/04\/20\/kapotovany-maz-pri-premiere-kraloval\/#primaryimage"},"thumbnailUrl":"https:\/\/www.dakarmania.cz\/wp-content\/uploads\/2019\/04\/19-mdc-vjazovic-08.jpg","datePublished":"2019-04-20T21:04:57+00:00","dateModified":"2019-04-20T22:26:41+00:00","description":"Prvn\u00ed m\u011b\u0159en\u00ed sil kamionu MAZ 6440RR s konkurenc\u00ed nemohlo dopadnout l\u00e9pe. Pos\u00e1dka Sergeje Vjazovi\u010de slavila v c\u00edli Morocco Desert Challenge 2019 v\u00edt\u011bzstv\u00ed.","breadcrumb":{"@id":"https:\/\/www.dakarmania.cz\/index.php\/2019\/04\/20\/kapotovany-maz-pri-premiere-kraloval\/#breadcrumb"},"inLanguage":"cs","potentialAction":[{"@type":"ReadAction","target":["https:\/\/www.dakarmania.cz\/index.php\/2019\/04\/20\/kapotovany-maz-pri-premiere-kraloval\/"]}]},{"@type":"ImageObject","inLanguage":"cs","@id":"https:\/\/www.dakarmania.cz\/index.php\/2019\/04\/20\/kapotovany-maz-pri-premiere-kraloval\/#primaryimage","url":"https:\/\/www.dakarmania.cz\/wp-content\/uploads\/2019\/04\/19-mdc-vjazovic-08.jpg","contentUrl":"https:\/\/www.dakarmania.cz\/wp-content\/uploads\/2019\/04\/19-mdc-vjazovic-08.jpg","width":1440,"height":961,"caption":"Sergej Vjazovi\u010d\/Anton Zaporo\u0161\u010denko\/Sergej Sa\u010duk, MAZ 6440RR, MAZ-Sportauto. Morocco Desert Challenge 2019. \u00a9 MAZ"},{"@type":"BreadcrumbList","@id":"https:\/\/www.dakarmania.cz\/index.php\/2019\/04\/20\/kapotovany-maz-pri-premiere-kraloval\/#breadcrumb","itemListElement":[{"@type":"ListItem","position":1,"name":"Dom\u016f","item":"https:\/\/www.dakarmania.cz\/"},{"@type":"ListItem","position":2,"name":"Kapotovan\u00fd MAZ p\u0159i premi\u00e9\u0159e kraloval"}]},{"@type":"WebSite","@id":"https:\/\/www.dakarmania.cz\/#website","url":"https:\/\/www.dakarmania.cz\/","name":"DAKARMANIA.cz","description":"\u017dijeme Dakarem cel\u00fd rok","publisher":{"@id":"https:\/\/www.dakarmania.cz\/#organization"},"potentialAction":[{"@type":"SearchAction","target":{"@type":"EntryPoint","urlTemplate":"https:\/\/www.dakarmania.cz\/?s={search_term_string}"},"query-input":{"@type":"PropertyValueSpecification","valueRequired":true,"valueName":"search_term_string"}}],"inLanguage":"cs"},{"@type":"Organization","@id":"https:\/\/www.dakarmania.cz\/#organization","name":"DAKAR MANIA","url":"https:\/\/www.dakarmania.cz\/","logo":{"@type":"ImageObject","inLanguage":"cs","@id":"https:\/\/www.dakarmania.cz\/#\/schema\/logo\/image\/","url":"https:\/\/www.dakarmania.cz\/wp-content\/uploads\/2018\/12\/Dakar-Mania-Logo-Square-Orange.png","contentUrl":"https:\/\/www.dakarmania.cz\/wp-content\/uploads\/2018\/12\/Dakar-Mania-Logo-Square-Orange.png","width":992,"height":992,"caption":"DAKAR MANIA"},"image":{"@id":"https:\/\/www.dakarmania.cz\/#\/schema\/logo\/image\/"},"sameAs":["https:\/\/www.facebook.com\/dakarmania\/"]},{"@type":"Person","@id":"https:\/\/www.dakarmania.cz\/#\/schema\/person\/04eb0e87a389631c2169c0dddae7ff1e","name":"Zden\u011bk Zelenka","image":{"@type":"ImageObject","inLanguage":"cs","@id":"https:\/\/www.dakarmania.cz\/#\/schema\/person\/image\/","url":"https:\/\/secure.gravatar.com\/avatar\/2c80d5a4942fe0900b73cc7d3837a509d6ee0a276a2b76dac95c92bd0763a89b?s=96&d=mm&r=g","contentUrl":"https:\/\/secure.gravatar.com\/avatar\/2c80d5a4942fe0900b73cc7d3837a509d6ee0a276a2b76dac95c92bd0763a89b?s=96&d=mm&r=g","caption":"Zden\u011bk Zelenka"},"description":"Moji d\u011bt\u0161t\u00ed hrdinov\u00e9 se jmenovali Loprais, Moskal, Neveu, Vatanen, Rahier... A tihle borci, jejich n\u00e1sledovn\u00edci a jejich p\u0159\u00edb\u011bhy m\u011b nep\u0159estali fascinovat ani po letech, kdy jsem vyrostl a zam\u011bstn\u00e1valy m\u011b jin\u00e9 discipl\u00edny motorsportu. Proto se zrodila DAKARMANIA.","url":"https:\/\/www.dakarmania.cz\/index.php\/author\/dakarmania\/"}]}},"amp_enabled":true,"_links":{"self":[{"href":"https:\/\/www.dakarmania.cz\/index.php\/wp-json\/wp\/v2\/posts\/5633","targetHints":{"allow":["GET"]}}],"collection":[{"href":"https:\/\/www.dakarmania.cz\/index.php\/wp-json\/wp\/v2\/posts"}],"about":[{"href":"https:\/\/www.dakarmania.cz\/index.php\/wp-json\/wp\/v2\/types\/post"}],"author":[{"embeddable":true,"href":"https:\/\/www.dakarmania.cz\/index.php\/wp-json\/wp\/v2\/users\/1"}],"replies":[{"embeddable":true,"href":"https:\/\/www.dakarmania.cz\/index.php\/wp-json\/wp\/v2\/comments?post=5633"}],"version-history":[{"count":3,"href":"https:\/\/www.dakarmania.cz\/index.php\/wp-json\/wp\/v2\/posts\/5633\/revisions"}],"predecessor-version":[{"id":5637,"href":"https:\/\/www.dakarmania.cz\/index.php\/wp-json\/wp\/v2\/posts\/5633\/revisions\/5637"}],"wp:featuredmedia":[{"embeddable":true,"href":"https:\/\/www.dakarmania.cz\/index.php\/wp-json\/wp\/v2\/media\/5632"}],"wp:attachment":[{"href":"https:\/\/www.dakarmania.cz\/index.php\/wp-json\/wp\/v2\/media?parent=5633"}],"wp:term":[{"taxonomy":"category","embeddable":true,"href":"https:\/\/www.dakarmania.cz\/index.php\/wp-json\/wp\/v2\/categories?post=5633"},{"taxonomy":"post_tag","embeddable":true,"href":"https:\/\/www.dakarmania.cz\/index.php\/wp-json\/wp\/v2\/tags?post=5633"}],"curies":[{"name":"wp","href":"https:\/\/api.w.org\/{rel}","templated":true}]}}