{"id":5658,"date":"2019-04-23T13:51:51","date_gmt":"2019-04-23T11:51:51","guid":{"rendered":"https:\/\/www.dakarmania.cz\/?p=5658"},"modified":"2019-05-05T10:20:11","modified_gmt":"2019-05-05T08:20:11","slug":"ollie-rouckova-se-predatora-neboji","status":"publish","type":"post","link":"https:\/\/www.dakarmania.cz\/index.php\/2019\/04\/23\/ollie-rouckova-se-predatora-neboji\/","title":{"rendered":"Ollie Rou\u010dkov\u00e1 se Pred\u00e1tora neboj\u00ed!"},"content":{"rendered":"<p>[vc_row][vc_column][vc_column_text]<\/p>\n<h4>I kdy\u017e do startu Rally Dakar 2020 zb\u00fdv\u00e1 v\u00edce ne\u017e osm m\u011bs\u00edc\u016f, p\u0159\u00edprava jednotliv\u00fdch z\u00e1vodn\u00edk\u016f a t\u00fdm\u016f u\u017e jede naplno. A Olga Rou\u010dkov\u00e1 ji poj\u00edm\u00e1 opravdu komplexn\u011b. Krom\u011b pr\u00e1ce na technice, pln\u011bn\u00ed marketingov\u00fdch povinnost\u00ed a dal\u0161\u00edch \u00fakol\u016f neust\u00e1le mak\u00e1 tak\u00e9 na sv\u00e9 fyzi\u010dce. Nav\u00edc po sportovn\u00ed str\u00e1nce nen\u00ed pro Ollie \u017e\u00e1dn\u00e1 v\u00fdzva dost velk\u00e1. O uplynul\u00e9m v\u00edkendu to op\u011bt potvrdila svou \u00fa\u010dast\u00ed na \u010dtvrt\u00e9m ro\u010dn\u00edku Predator Run v Plzni.<\/h4>\n<p>Na v\u00edce ne\u017e sedmikilometrov\u00e9 trati s n\u011bkolika n\u00e1ro\u010dn\u00fdmi p\u0159ek\u00e1\u017ekami zab\u011bhla Ollie druh\u00fd \u010das ve sv\u00e9 kategorii a celkov\u011b se um\u00edstila na 101. m\u00edst\u011b.<\/p>\n<p><em>\u201eTrasa vedla historick\u00fdm centrem Plzn\u011b, co\u017e m\u011b hodn\u011b bavilo. R\u00e1da cestuju a pozn\u00e1v\u00e1m nejr\u016fzn\u011bj\u0161\u00ed kouty na\u0161\u00ed zem\u011b, a tak se mi \u201arun\u2018 l\u00edbil i z tohoto hlediska. Start a z\u00e1zem\u00ed z\u00e1vodu hostilo plze\u0148sk\u00e9 DEPO2015, kter\u00e9 dob\u0159e zn\u00e1m. P\u0159ece jen sem ob\u010das jezd\u00edm zkou\u0161et p\u0159ek\u00e1\u017eky. Norm\u00e1ln\u011b toti\u017e tenhle druh p\u0159ek\u00e1\u017eek v m\u00e9m tr\u00e9ninkov\u00e9m pl\u00e1nu nem\u00e1me. V Maverickovi X RS opravdu nel\u00edt\u00e1m po skluzavk\u00e1ch, nesk\u00e1\u010du p\u0159es zdi a taky se rozhodn\u011b nehoupu na opi\u010d\u00edch drah\u00e1ch,\u201c<\/em> usm\u00edv\u00e1 se <a href=\"https:\/\/www.dakarmania.cz\/index.php\/osobnosti\/olga-rouckova\/\"><strong>Olga Rou\u010dkov\u00e1<\/strong><\/a>.[\/vc_column_text][vc_single_image image=&#8221;5656&#8243; img_size=&#8221;large&#8221; add_caption=&#8221;yes&#8221; alignment=&#8221;center&#8221;][vc_column_text]Predator Run je vyps\u00e1n jak pro jednotlivce, tak pro t\u00fdmy. Jako prvn\u00ed se na sedmikilometrov\u00fd okruh vydala vlna elitn\u00edch \u201epredator runner\u016f\u201c, kte\u0159\u00ed nasadili ostr\u00e9 tempo. Nejrychlej\u0161\u00edm mu\u017eem byl Filip Cenefels, jen\u017e tra\u0165 zvl\u00e1dl za 34 minut a 14 sekund, mezi \u017eenami si nejl\u00e9pe po\u010d\u00ednala Tereza Toch\u00e1\u010dkov\u00e1 (43 min 34 s).<\/p>\n<p>Po \u201eeli\u0165\u00e1c\u00edch\u201c se na start postavila kategorie open, jej\u00ed\u017e z\u00e1vodn\u00ed pole bylo pest\u0159ej\u0161\u00ed, p\u0159esto ani tady nebyla rozhodn\u011b nouze o zaj\u00edmav\u00e9 souboje.<\/p>\n<p><em>\u201eHned, jak n\u00e1m otev\u0159eli br\u00e1nu Depa, vystartovala jsem s jasn\u00fdm c\u00edlem dokon\u010dit z\u00e1vod v 60minutov\u00e9m limitu. Nakonec se mi to povedlo, ale ud\u011blala jsem hodn\u011b chyb a p\u0159ibli\u017en\u011b kilometr p\u0159ed c\u00edlem jsem se p\u011bkn\u011b \u201azad\u0159ela\u2018. Ne\u017e se mi povedlo rozh\u00fdbat nohy a set\u0159\u00e1st ze sebe ztuhlost, dost jsem ztratila. Jsem na sebe hodn\u011b na\u0161tvan\u00e1,\u201c<\/em> neskr\u00fdv\u00e1 zklam\u00e1n\u00ed Ollie. <em>\u201eAle na druhou stranu to k z\u00e1vod\u016fm pat\u0159\u00ed a holky byly p\u0159ipraven\u00e9 opravdu dob\u0159e. Zase m\u00e1m na \u010dem makat, a to m\u011b na tom bav\u00ed asi nejv\u00edc.\u201c<\/em>[\/vc_column_text][vc_video link=&#8221;https:\/\/youtu.be\/PwqHpmTBYlI&#8221;][vc_column_text]V kv\u011btnu se Ollie na Mon\u00ednci postav\u00ed na start extr\u00e9mn\u00edho Predator Race Master Weekendu, v jeho\u017e r\u00e1mci se b\u011bhem dvou dn\u016f z\u00fa\u010dastn\u00ed t\u0159\u00ed z\u00e1vod\u016f!<\/p>\n<p><em>\u201eKdy\u017e mi to tren\u00e9rka napsala do pl\u00e1nu, nev\u011b\u0159ila jsem vlastn\u00edm o\u010d\u00edm. Tolik kilometr\u016f, tak n\u00e1ro\u010dn\u00fd ter\u00e9n a k tomu je\u0161t\u011b brut\u00e1ln\u00ed p\u0159ek\u00e1\u017eky&#8230; Myslela jsem si, \u017ee se zbl\u00e1znila, ale dr\u017eela jsem jazyk za zuby. Kdybych to \u0159ekla nahlas, nad\u011blila by mi je\u0161t\u011b n\u011bco brut\u00e1ln\u011bj\u0161\u00edho,\u201c<\/em> sm\u011bje se \u010dlenka Dukly Praha. <em>\u201eNo uvid\u00edme, jak komplexn\u00ed je m\u00e1 fyzi\u010dka a pro jak\u00e9 um\u00edst\u011bn\u00ed si budu schopn\u00e1 dob\u011bhnout. V\u00edm, \u017ee se nevzd\u00e1m. I kdy\u017e budou svaly p\u00e1lit, budu si \u0159\u00edkat, \u017ee to d\u011bl\u00e1m kv\u016fli dal\u0161\u00edmu Dakaru, kde chceme z\u00e1vodit skute\u010dn\u011b na maximum.\u201c<\/em><\/p>\n<p><strong>Ollie Rou\u010dkov\u00e1 na Predator Run Plze\u0148 2019<\/strong><br \/>\n101. absolutn\u011b |\u00a02. v kategorii \u017een 35-39 let |\u00a05. v kategorii \u017een[\/vc_column_text][\/vc_column][\/vc_row]<\/p>\n","protected":false},"excerpt":{"rendered":"<p>[vc_row][vc_column][vc_column_text] I kdy\u017e do startu Rally Dakar 2020 zb\u00fdv\u00e1 v\u00edce ne\u017e osm m\u011bs\u00edc\u016f, p\u0159\u00edprava jednotliv\u00fdch z\u00e1vodn\u00edk\u016f a t\u00fdm\u016f u\u017e jede naplno. A Olga Rou\u010dkov\u00e1 ji poj\u00edm\u00e1 opravdu komplexn\u011b. Krom\u011b pr\u00e1ce na technice, pln\u011bn\u00ed marketingov\u00fdch povinnost\u00ed a dal\u0161\u00edch \u00fakol\u016f neust\u00e1le mak\u00e1 tak\u00e9 na sv\u00e9 fyzi\u010dce. Nav\u00edc po sportovn\u00ed str\u00e1nce nen\u00ed pro Ollie \u017e\u00e1dn\u00e1 v\u00fdzva dost velk\u00e1. [&hellip;]<\/p>\n","protected":false},"author":1,"featured_media":5655,"comment_status":"open","ping_status":"closed","sticky":false,"template":"","format":"standard","meta":{"footnotes":""},"categories":[504],"tags":[425,93],"class_list":["post-5658","post","type-post","status-publish","format-standard","has-post-thumbnail","hentry","category-zajimavosti","tag-425","tag-olga-rouckova"],"yoast_head":"<!-- This site is optimized with the Yoast SEO plugin v24.9 - https:\/\/yoast.com\/wordpress\/plugins\/seo\/ -->\n<title>Ollie Rou\u010dkov\u00e1 se Pred\u00e1tora neboj\u00ed! - DAKARMANIA.cz<\/title>\n<meta name=\"description\" content=\"Po sportovn\u00ed str\u00e1nce nen\u00ed pro Ollie Rou\u010dkovou \u017e\u00e1dn\u00e1 v\u00fdzva dost velk\u00e1. O v\u00edkendu to op\u011bt potvrdila svou \u00fa\u010dast\u00ed na \u010dtvrt\u00e9m ro\u010dn\u00edku Predator Run v Plzni.\" \/>\n<meta name=\"robots\" content=\"index, follow, max-snippet:-1, max-image-preview:large, max-video-preview:-1\" \/>\n<link rel=\"canonical\" href=\"https:\/\/www.dakarmania.cz\/index.php\/2019\/04\/23\/ollie-rouckova-se-predatora-neboji\/\" \/>\n<meta property=\"og:locale\" content=\"cs_CZ\" \/>\n<meta property=\"og:type\" content=\"article\" \/>\n<meta property=\"og:title\" content=\"Ollie Rou\u010dkov\u00e1 se Pred\u00e1tora neboj\u00ed! - DAKARMANIA.cz\" \/>\n<meta property=\"og:description\" content=\"Po sportovn\u00ed str\u00e1nce nen\u00ed pro Ollie Rou\u010dkovou \u017e\u00e1dn\u00e1 v\u00fdzva dost velk\u00e1. O v\u00edkendu to op\u011bt potvrdila svou \u00fa\u010dast\u00ed na \u010dtvrt\u00e9m ro\u010dn\u00edku Predator Run v Plzni.\" \/>\n<meta property=\"og:url\" content=\"https:\/\/www.dakarmania.cz\/index.php\/2019\/04\/23\/ollie-rouckova-se-predatora-neboji\/\" \/>\n<meta property=\"og:site_name\" content=\"DAKARMANIA.cz\" \/>\n<meta property=\"article:publisher\" content=\"https:\/\/www.facebook.com\/dakarmania\/\" \/>\n<meta property=\"article:published_time\" content=\"2019-04-23T11:51:51+00:00\" \/>\n<meta property=\"article:modified_time\" content=\"2019-05-05T08:20:11+00:00\" \/>\n<meta property=\"og:image\" content=\"https:\/\/www.dakarmania.cz\/wp-content\/uploads\/2019\/04\/19-predator-plzen-ollie-01.jpg\" \/>\n\t<meta property=\"og:image:width\" content=\"2048\" \/>\n\t<meta property=\"og:image:height\" content=\"1365\" \/>\n\t<meta property=\"og:image:type\" content=\"image\/jpeg\" \/>\n<meta name=\"author\" content=\"Zden\u011bk Zelenka\" \/>\n<meta name=\"twitter:card\" content=\"summary_large_image\" \/>\n<meta name=\"twitter:label1\" content=\"Napsal(a)\" \/>\n\t<meta name=\"twitter:data1\" content=\"Zden\u011bk Zelenka\" \/>\n\t<meta name=\"twitter:label2\" content=\"Odhadovan\u00e1 doba \u010dten\u00ed\" \/>\n\t<meta name=\"twitter:data2\" content=\"3 minuty\" \/>\n<script type=\"application\/ld+json\" class=\"yoast-schema-graph\">{\"@context\":\"https:\/\/schema.org\",\"@graph\":[{\"@type\":\"Article\",\"@id\":\"https:\/\/www.dakarmania.cz\/index.php\/2019\/04\/23\/ollie-rouckova-se-predatora-neboji\/#article\",\"isPartOf\":{\"@id\":\"https:\/\/www.dakarmania.cz\/index.php\/2019\/04\/23\/ollie-rouckova-se-predatora-neboji\/\"},\"author\":{\"name\":\"Zden\u011bk Zelenka\",\"@id\":\"https:\/\/www.dakarmania.cz\/#\/schema\/person\/04eb0e87a389631c2169c0dddae7ff1e\"},\"headline\":\"Ollie Rou\u010dkov\u00e1 se Pred\u00e1tora neboj\u00ed!\",\"datePublished\":\"2019-04-23T11:51:51+00:00\",\"dateModified\":\"2019-05-05T08:20:11+00:00\",\"mainEntityOfPage\":{\"@id\":\"https:\/\/www.dakarmania.cz\/index.php\/2019\/04\/23\/ollie-rouckova-se-predatora-neboji\/\"},\"wordCount\":654,\"commentCount\":0,\"publisher\":{\"@id\":\"https:\/\/www.dakarmania.cz\/#organization\"},\"image\":{\"@id\":\"https:\/\/www.dakarmania.cz\/index.php\/2019\/04\/23\/ollie-rouckova-se-predatora-neboji\/#primaryimage\"},\"thumbnailUrl\":\"https:\/\/www.dakarmania.cz\/wp-content\/uploads\/2019\/04\/19-predator-plzen-ollie-01.jpg\",\"keywords\":[\"2019\",\"Olga Rou\u010dkov\u00e1\"],\"articleSection\":[\"Zaj\u00edmavosti\"],\"inLanguage\":\"cs\",\"potentialAction\":[{\"@type\":\"CommentAction\",\"name\":\"Comment\",\"target\":[\"https:\/\/www.dakarmania.cz\/index.php\/2019\/04\/23\/ollie-rouckova-se-predatora-neboji\/#respond\"]}]},{\"@type\":\"WebPage\",\"@id\":\"https:\/\/www.dakarmania.cz\/index.php\/2019\/04\/23\/ollie-rouckova-se-predatora-neboji\/\",\"url\":\"https:\/\/www.dakarmania.cz\/index.php\/2019\/04\/23\/ollie-rouckova-se-predatora-neboji\/\",\"name\":\"Ollie Rou\u010dkov\u00e1 se Pred\u00e1tora neboj\u00ed! - DAKARMANIA.cz\",\"isPartOf\":{\"@id\":\"https:\/\/www.dakarmania.cz\/#website\"},\"primaryImageOfPage\":{\"@id\":\"https:\/\/www.dakarmania.cz\/index.php\/2019\/04\/23\/ollie-rouckova-se-predatora-neboji\/#primaryimage\"},\"image\":{\"@id\":\"https:\/\/www.dakarmania.cz\/index.php\/2019\/04\/23\/ollie-rouckova-se-predatora-neboji\/#primaryimage\"},\"thumbnailUrl\":\"https:\/\/www.dakarmania.cz\/wp-content\/uploads\/2019\/04\/19-predator-plzen-ollie-01.jpg\",\"datePublished\":\"2019-04-23T11:51:51+00:00\",\"dateModified\":\"2019-05-05T08:20:11+00:00\",\"description\":\"Po sportovn\u00ed str\u00e1nce nen\u00ed pro Ollie Rou\u010dkovou \u017e\u00e1dn\u00e1 v\u00fdzva dost velk\u00e1. O v\u00edkendu to op\u011bt potvrdila svou \u00fa\u010dast\u00ed na \u010dtvrt\u00e9m ro\u010dn\u00edku Predator Run v Plzni.\",\"breadcrumb\":{\"@id\":\"https:\/\/www.dakarmania.cz\/index.php\/2019\/04\/23\/ollie-rouckova-se-predatora-neboji\/#breadcrumb\"},\"inLanguage\":\"cs\",\"potentialAction\":[{\"@type\":\"ReadAction\",\"target\":[\"https:\/\/www.dakarmania.cz\/index.php\/2019\/04\/23\/ollie-rouckova-se-predatora-neboji\/\"]}]},{\"@type\":\"ImageObject\",\"inLanguage\":\"cs\",\"@id\":\"https:\/\/www.dakarmania.cz\/index.php\/2019\/04\/23\/ollie-rouckova-se-predatora-neboji\/#primaryimage\",\"url\":\"https:\/\/www.dakarmania.cz\/wp-content\/uploads\/2019\/04\/19-predator-plzen-ollie-01.jpg\",\"contentUrl\":\"https:\/\/www.dakarmania.cz\/wp-content\/uploads\/2019\/04\/19-predator-plzen-ollie-01.jpg\",\"width\":2048,\"height\":1365,\"caption\":\"Ollie Rou\u010dkov\u00e1 \u00a9 Ji\u0159\u00ed V\u00e1vra\"},{\"@type\":\"BreadcrumbList\",\"@id\":\"https:\/\/www.dakarmania.cz\/index.php\/2019\/04\/23\/ollie-rouckova-se-predatora-neboji\/#breadcrumb\",\"itemListElement\":[{\"@type\":\"ListItem\",\"position\":1,\"name\":\"Dom\u016f\",\"item\":\"https:\/\/www.dakarmania.cz\/\"},{\"@type\":\"ListItem\",\"position\":2,\"name\":\"Ollie Rou\u010dkov\u00e1 se Pred\u00e1tora neboj\u00ed!\"}]},{\"@type\":\"WebSite\",\"@id\":\"https:\/\/www.dakarmania.cz\/#website\",\"url\":\"https:\/\/www.dakarmania.cz\/\",\"name\":\"DAKARMANIA.cz\",\"description\":\"\u017dijeme Dakarem cel\u00fd rok\",\"publisher\":{\"@id\":\"https:\/\/www.dakarmania.cz\/#organization\"},\"potentialAction\":[{\"@type\":\"SearchAction\",\"target\":{\"@type\":\"EntryPoint\",\"urlTemplate\":\"https:\/\/www.dakarmania.cz\/?s={search_term_string}\"},\"query-input\":{\"@type\":\"PropertyValueSpecification\",\"valueRequired\":true,\"valueName\":\"search_term_string\"}}],\"inLanguage\":\"cs\"},{\"@type\":\"Organization\",\"@id\":\"https:\/\/www.dakarmania.cz\/#organization\",\"name\":\"DAKAR MANIA\",\"url\":\"https:\/\/www.dakarmania.cz\/\",\"logo\":{\"@type\":\"ImageObject\",\"inLanguage\":\"cs\",\"@id\":\"https:\/\/www.dakarmania.cz\/#\/schema\/logo\/image\/\",\"url\":\"https:\/\/www.dakarmania.cz\/wp-content\/uploads\/2018\/12\/Dakar-Mania-Logo-Square-Orange.png\",\"contentUrl\":\"https:\/\/www.dakarmania.cz\/wp-content\/uploads\/2018\/12\/Dakar-Mania-Logo-Square-Orange.png\",\"width\":992,\"height\":992,\"caption\":\"DAKAR MANIA\"},\"image\":{\"@id\":\"https:\/\/www.dakarmania.cz\/#\/schema\/logo\/image\/\"},\"sameAs\":[\"https:\/\/www.facebook.com\/dakarmania\/\"]},{\"@type\":\"Person\",\"@id\":\"https:\/\/www.dakarmania.cz\/#\/schema\/person\/04eb0e87a389631c2169c0dddae7ff1e\",\"name\":\"Zden\u011bk Zelenka\",\"image\":{\"@type\":\"ImageObject\",\"inLanguage\":\"cs\",\"@id\":\"https:\/\/www.dakarmania.cz\/#\/schema\/person\/image\/\",\"url\":\"https:\/\/secure.gravatar.com\/avatar\/2c80d5a4942fe0900b73cc7d3837a509d6ee0a276a2b76dac95c92bd0763a89b?s=96&d=mm&r=g\",\"contentUrl\":\"https:\/\/secure.gravatar.com\/avatar\/2c80d5a4942fe0900b73cc7d3837a509d6ee0a276a2b76dac95c92bd0763a89b?s=96&d=mm&r=g\",\"caption\":\"Zden\u011bk Zelenka\"},\"description\":\"Moji d\u011bt\u0161t\u00ed hrdinov\u00e9 se jmenovali Loprais, Moskal, Neveu, Vatanen, Rahier... A tihle borci, jejich n\u00e1sledovn\u00edci a jejich p\u0159\u00edb\u011bhy m\u011b nep\u0159estali fascinovat ani po letech, kdy jsem vyrostl a zam\u011bstn\u00e1valy m\u011b jin\u00e9 discipl\u00edny motorsportu. Proto se zrodila DAKARMANIA.\",\"url\":\"https:\/\/www.dakarmania.cz\/index.php\/author\/dakarmania\/\"}]}<\/script>\n<!-- \/ Yoast SEO plugin. -->","yoast_head_json":{"title":"Ollie Rou\u010dkov\u00e1 se Pred\u00e1tora neboj\u00ed! - DAKARMANIA.cz","description":"Po sportovn\u00ed str\u00e1nce nen\u00ed pro Ollie Rou\u010dkovou \u017e\u00e1dn\u00e1 v\u00fdzva dost velk\u00e1. O v\u00edkendu to op\u011bt potvrdila svou \u00fa\u010dast\u00ed na \u010dtvrt\u00e9m ro\u010dn\u00edku Predator Run v Plzni.","robots":{"index":"index","follow":"follow","max-snippet":"max-snippet:-1","max-image-preview":"max-image-preview:large","max-video-preview":"max-video-preview:-1"},"canonical":"https:\/\/www.dakarmania.cz\/index.php\/2019\/04\/23\/ollie-rouckova-se-predatora-neboji\/","og_locale":"cs_CZ","og_type":"article","og_title":"Ollie Rou\u010dkov\u00e1 se Pred\u00e1tora neboj\u00ed! - DAKARMANIA.cz","og_description":"Po sportovn\u00ed str\u00e1nce nen\u00ed pro Ollie Rou\u010dkovou \u017e\u00e1dn\u00e1 v\u00fdzva dost velk\u00e1. O v\u00edkendu to op\u011bt potvrdila svou \u00fa\u010dast\u00ed na \u010dtvrt\u00e9m ro\u010dn\u00edku Predator Run v Plzni.","og_url":"https:\/\/www.dakarmania.cz\/index.php\/2019\/04\/23\/ollie-rouckova-se-predatora-neboji\/","og_site_name":"DAKARMANIA.cz","article_publisher":"https:\/\/www.facebook.com\/dakarmania\/","article_published_time":"2019-04-23T11:51:51+00:00","article_modified_time":"2019-05-05T08:20:11+00:00","og_image":[{"width":2048,"height":1365,"url":"https:\/\/www.dakarmania.cz\/wp-content\/uploads\/2019\/04\/19-predator-plzen-ollie-01.jpg","type":"image\/jpeg"}],"author":"Zden\u011bk Zelenka","twitter_card":"summary_large_image","twitter_misc":{"Napsal(a)":"Zden\u011bk Zelenka","Odhadovan\u00e1 doba \u010dten\u00ed":"3 minuty"},"schema":{"@context":"https:\/\/schema.org","@graph":[{"@type":"Article","@id":"https:\/\/www.dakarmania.cz\/index.php\/2019\/04\/23\/ollie-rouckova-se-predatora-neboji\/#article","isPartOf":{"@id":"https:\/\/www.dakarmania.cz\/index.php\/2019\/04\/23\/ollie-rouckova-se-predatora-neboji\/"},"author":{"name":"Zden\u011bk Zelenka","@id":"https:\/\/www.dakarmania.cz\/#\/schema\/person\/04eb0e87a389631c2169c0dddae7ff1e"},"headline":"Ollie Rou\u010dkov\u00e1 se Pred\u00e1tora neboj\u00ed!","datePublished":"2019-04-23T11:51:51+00:00","dateModified":"2019-05-05T08:20:11+00:00","mainEntityOfPage":{"@id":"https:\/\/www.dakarmania.cz\/index.php\/2019\/04\/23\/ollie-rouckova-se-predatora-neboji\/"},"wordCount":654,"commentCount":0,"publisher":{"@id":"https:\/\/www.dakarmania.cz\/#organization"},"image":{"@id":"https:\/\/www.dakarmania.cz\/index.php\/2019\/04\/23\/ollie-rouckova-se-predatora-neboji\/#primaryimage"},"thumbnailUrl":"https:\/\/www.dakarmania.cz\/wp-content\/uploads\/2019\/04\/19-predator-plzen-ollie-01.jpg","keywords":["2019","Olga Rou\u010dkov\u00e1"],"articleSection":["Zaj\u00edmavosti"],"inLanguage":"cs","potentialAction":[{"@type":"CommentAction","name":"Comment","target":["https:\/\/www.dakarmania.cz\/index.php\/2019\/04\/23\/ollie-rouckova-se-predatora-neboji\/#respond"]}]},{"@type":"WebPage","@id":"https:\/\/www.dakarmania.cz\/index.php\/2019\/04\/23\/ollie-rouckova-se-predatora-neboji\/","url":"https:\/\/www.dakarmania.cz\/index.php\/2019\/04\/23\/ollie-rouckova-se-predatora-neboji\/","name":"Ollie Rou\u010dkov\u00e1 se Pred\u00e1tora neboj\u00ed! - DAKARMANIA.cz","isPartOf":{"@id":"https:\/\/www.dakarmania.cz\/#website"},"primaryImageOfPage":{"@id":"https:\/\/www.dakarmania.cz\/index.php\/2019\/04\/23\/ollie-rouckova-se-predatora-neboji\/#primaryimage"},"image":{"@id":"https:\/\/www.dakarmania.cz\/index.php\/2019\/04\/23\/ollie-rouckova-se-predatora-neboji\/#primaryimage"},"thumbnailUrl":"https:\/\/www.dakarmania.cz\/wp-content\/uploads\/2019\/04\/19-predator-plzen-ollie-01.jpg","datePublished":"2019-04-23T11:51:51+00:00","dateModified":"2019-05-05T08:20:11+00:00","description":"Po sportovn\u00ed str\u00e1nce nen\u00ed pro Ollie Rou\u010dkovou \u017e\u00e1dn\u00e1 v\u00fdzva dost velk\u00e1. O v\u00edkendu to op\u011bt potvrdila svou \u00fa\u010dast\u00ed na \u010dtvrt\u00e9m ro\u010dn\u00edku Predator Run v Plzni.","breadcrumb":{"@id":"https:\/\/www.dakarmania.cz\/index.php\/2019\/04\/23\/ollie-rouckova-se-predatora-neboji\/#breadcrumb"},"inLanguage":"cs","potentialAction":[{"@type":"ReadAction","target":["https:\/\/www.dakarmania.cz\/index.php\/2019\/04\/23\/ollie-rouckova-se-predatora-neboji\/"]}]},{"@type":"ImageObject","inLanguage":"cs","@id":"https:\/\/www.dakarmania.cz\/index.php\/2019\/04\/23\/ollie-rouckova-se-predatora-neboji\/#primaryimage","url":"https:\/\/www.dakarmania.cz\/wp-content\/uploads\/2019\/04\/19-predator-plzen-ollie-01.jpg","contentUrl":"https:\/\/www.dakarmania.cz\/wp-content\/uploads\/2019\/04\/19-predator-plzen-ollie-01.jpg","width":2048,"height":1365,"caption":"Ollie Rou\u010dkov\u00e1 \u00a9 Ji\u0159\u00ed V\u00e1vra"},{"@type":"BreadcrumbList","@id":"https:\/\/www.dakarmania.cz\/index.php\/2019\/04\/23\/ollie-rouckova-se-predatora-neboji\/#breadcrumb","itemListElement":[{"@type":"ListItem","position":1,"name":"Dom\u016f","item":"https:\/\/www.dakarmania.cz\/"},{"@type":"ListItem","position":2,"name":"Ollie Rou\u010dkov\u00e1 se Pred\u00e1tora neboj\u00ed!"}]},{"@type":"WebSite","@id":"https:\/\/www.dakarmania.cz\/#website","url":"https:\/\/www.dakarmania.cz\/","name":"DAKARMANIA.cz","description":"\u017dijeme Dakarem cel\u00fd rok","publisher":{"@id":"https:\/\/www.dakarmania.cz\/#organization"},"potentialAction":[{"@type":"SearchAction","target":{"@type":"EntryPoint","urlTemplate":"https:\/\/www.dakarmania.cz\/?s={search_term_string}"},"query-input":{"@type":"PropertyValueSpecification","valueRequired":true,"valueName":"search_term_string"}}],"inLanguage":"cs"},{"@type":"Organization","@id":"https:\/\/www.dakarmania.cz\/#organization","name":"DAKAR MANIA","url":"https:\/\/www.dakarmania.cz\/","logo":{"@type":"ImageObject","inLanguage":"cs","@id":"https:\/\/www.dakarmania.cz\/#\/schema\/logo\/image\/","url":"https:\/\/www.dakarmania.cz\/wp-content\/uploads\/2018\/12\/Dakar-Mania-Logo-Square-Orange.png","contentUrl":"https:\/\/www.dakarmania.cz\/wp-content\/uploads\/2018\/12\/Dakar-Mania-Logo-Square-Orange.png","width":992,"height":992,"caption":"DAKAR MANIA"},"image":{"@id":"https:\/\/www.dakarmania.cz\/#\/schema\/logo\/image\/"},"sameAs":["https:\/\/www.facebook.com\/dakarmania\/"]},{"@type":"Person","@id":"https:\/\/www.dakarmania.cz\/#\/schema\/person\/04eb0e87a389631c2169c0dddae7ff1e","name":"Zden\u011bk Zelenka","image":{"@type":"ImageObject","inLanguage":"cs","@id":"https:\/\/www.dakarmania.cz\/#\/schema\/person\/image\/","url":"https:\/\/secure.gravatar.com\/avatar\/2c80d5a4942fe0900b73cc7d3837a509d6ee0a276a2b76dac95c92bd0763a89b?s=96&d=mm&r=g","contentUrl":"https:\/\/secure.gravatar.com\/avatar\/2c80d5a4942fe0900b73cc7d3837a509d6ee0a276a2b76dac95c92bd0763a89b?s=96&d=mm&r=g","caption":"Zden\u011bk Zelenka"},"description":"Moji d\u011bt\u0161t\u00ed hrdinov\u00e9 se jmenovali Loprais, Moskal, Neveu, Vatanen, Rahier... A tihle borci, jejich n\u00e1sledovn\u00edci a jejich p\u0159\u00edb\u011bhy m\u011b nep\u0159estali fascinovat ani po letech, kdy jsem vyrostl a zam\u011bstn\u00e1valy m\u011b jin\u00e9 discipl\u00edny motorsportu. Proto se zrodila DAKARMANIA.","url":"https:\/\/www.dakarmania.cz\/index.php\/author\/dakarmania\/"}]}},"amp_enabled":true,"_links":{"self":[{"href":"https:\/\/www.dakarmania.cz\/index.php\/wp-json\/wp\/v2\/posts\/5658","targetHints":{"allow":["GET"]}}],"collection":[{"href":"https:\/\/www.dakarmania.cz\/index.php\/wp-json\/wp\/v2\/posts"}],"about":[{"href":"https:\/\/www.dakarmania.cz\/index.php\/wp-json\/wp\/v2\/types\/post"}],"author":[{"embeddable":true,"href":"https:\/\/www.dakarmania.cz\/index.php\/wp-json\/wp\/v2\/users\/1"}],"replies":[{"embeddable":true,"href":"https:\/\/www.dakarmania.cz\/index.php\/wp-json\/wp\/v2\/comments?post=5658"}],"version-history":[{"count":4,"href":"https:\/\/www.dakarmania.cz\/index.php\/wp-json\/wp\/v2\/posts\/5658\/revisions"}],"predecessor-version":[{"id":5666,"href":"https:\/\/www.dakarmania.cz\/index.php\/wp-json\/wp\/v2\/posts\/5658\/revisions\/5666"}],"wp:featuredmedia":[{"embeddable":true,"href":"https:\/\/www.dakarmania.cz\/index.php\/wp-json\/wp\/v2\/media\/5655"}],"wp:attachment":[{"href":"https:\/\/www.dakarmania.cz\/index.php\/wp-json\/wp\/v2\/media?parent=5658"}],"wp:term":[{"taxonomy":"category","embeddable":true,"href":"https:\/\/www.dakarmania.cz\/index.php\/wp-json\/wp\/v2\/categories?post=5658"},{"taxonomy":"post_tag","embeddable":true,"href":"https:\/\/www.dakarmania.cz\/index.php\/wp-json\/wp\/v2\/tags?post=5658"}],"curies":[{"name":"wp","href":"https:\/\/api.w.org\/{rel}","templated":true}]}}