{"id":5740,"date":"2019-04-25T17:01:34","date_gmt":"2019-04-25T15:01:34","guid":{"rendered":"https:\/\/www.dakarmania.cz\/?p=5740"},"modified":"2024-01-05T11:32:57","modified_gmt":"2024-01-05T10:32:57","slug":"dakar-2020-9000-kilometru","status":"publish","type":"post","link":"https:\/\/www.dakarmania.cz\/index.php\/2019\/04\/25\/dakar-2020-9000-kilometru\/","title":{"rendered":"Dakar 2020: 9000 kilometr\u016f v pou\u0161ti i hor\u00e1ch"},"content":{"rendered":"<p>[vc_row][vc_column][vc_column_text]<\/p>\n<h4>Organiz\u00e1to\u0159i Rally Dakar p\u0159edstavili na tiskov\u00e9 konferenci v saudskoarabsk\u00e9 Al Qiddiyi prvn\u00ed kontury trat\u011b ro\u010dn\u00edku 2020. Na \u00fa\u010dastn\u00edky \u010dek\u00e1 v\u00edce ne\u017e 9000 kilometr\u016f. Z\u00e1vod tak bude p\u0159ibli\u017en\u011b o 3500 km del\u0161\u00ed ne\u017e p\u0159i leto\u0161n\u00edm peru\u00e1nsk\u00e9m lou\u010den\u00ed s Ji\u017en\u00ed Amerikou.<\/h4>\n<p><a href=\"https:\/\/www.dakarmania.cz\/index.php\/souteze\/dakar-2020\/\">42. ro\u010dn\u00edk Rally Dakar<\/a> odstartuje 5. ledna v D\u017eidd\u011b, kter\u00e1 je druh\u00fdm nejv\u011bt\u0161\u00edm m\u011bstem Sa\u00fadsk\u00e9 Ar\u00e1bie a le\u017e\u00ed na b\u0159ez\u00edch Rud\u00e9ho mo\u0159e. Do c\u00edle v Al Qiddiyi, kter\u00e1 byla zalo\u017eena teprve v roce 2018 a v budoucnu by se m\u011bla st\u00e1t nejv\u011bt\u0161\u00edm z\u00e1bavn\u00edm a kulturn\u00edm centrem na sv\u011bt\u011b, doraz\u00ed \u00fasp\u011b\u0161n\u00ed poko\u0159itel\u00e9 v\u0161ech n\u00e1strah sout\u011b\u017ee 17. ledna. Den odpo\u010dinku je napl\u00e1nov\u00e1n na 11. ledna do hlavn\u00edho m\u011bsta Rij\u00e1du.[\/vc_column_text][vc_single_image image=&#8221;5744&#8243; img_size=&#8221;large&#8221; add_caption=&#8221;yes&#8221; alignment=&#8221;center&#8221;][vc_column_text]\u00davodn\u00ed etapy povedou sp\u00ed\u0161e po kamenit\u00fdch horsk\u00fdch cest\u00e1ch. V \u00fasec\u00edch pobl\u00ed\u017e hranic s Jord\u00e1nskem se z\u00e1vodn\u00edci budou muset vypo\u0159\u00e1dat doslova s bludi\u0161t\u011bm horsk\u00fdch \u00fadol\u00ed. Podle p\u0159edpoklad\u016f by m\u011blo j\u00edt o tvrdou prov\u011brku hlavn\u011b po str\u00e1nce navigace.<\/p>\n<p>V dal\u0161\u00edch dnech zam\u00ed\u0159\u00ed sout\u011b\u017e do regionu\u00a0Ha&#8217;il. Tady by n\u011bkte\u0159\u00ed z \u00fa\u010dastn\u00edk\u016f mohli m\u00edt p\u0159eci jen m\u00edrnou v\u00fdhodu, nebo\u0165 oblast u\u017e l\u00e9ta host\u00ed\u00a0Ha&#8217;il Rally, resp. Ha&#8217;il Baja.<\/p>\n<p>D\u011bji\u0161t\u011bm kl\u00ed\u010dov\u00e9 \u010d\u00e1sti sout\u011b\u017ee by m\u011bla b\u00fdt \u010dtvrt\u00e1 nejv\u011bt\u0161\u00ed pou\u0161\u0165 sv\u011bta Rub al-Ch\u00e1l\u00ed s impozantn\u00edmi dunami, jejich\u017e v\u00fd\u0161ka dosahuje i v\u00edce ne\u017e 250 metr\u016f.<\/p>\n<p>P\u0159inejmen\u0161\u00edm podle n\u00e1sleduj\u00edc\u00edho videa z prvn\u00ed pr\u016fzkumn\u00e9 cesty, kterou podnikli stavitel\u00e9 trati p\u0159ed dv\u011bma t\u00fddny, by mohl b\u00fdt Dakar 2020 skute\u010dn\u011b pestr\u00fd, malebn\u00fd a hlavn\u011b n\u00e1ro\u010dn\u00fd&#8230;[\/vc_column_text][vc_video link=&#8221;https:\/\/youtu.be\/3ypLWQ6IF3E&#8221;][vc_column_text]Konkr\u00e9tn\u00ed p\u0159\u00edpravy trat\u011b prob\u011bhnou v Sa\u00fadsk\u00e9 Ar\u00e1bii v n\u00e1sleduj\u00edc\u00edch t\u00fddnech, nebo\u0165 v letn\u00edch m\u011bs\u00edc\u00edch panuj\u00ed v oblasti extr\u00e9mn\u00ed teploty. Nav\u00edc u\u017e na p\u0159\u00ed\u0161t\u00ed m\u011bs\u00edc napl\u00e1novala po\u0159\u00e1daj\u00edc\u00ed ASO t\u0159i setk\u00e1n\u00ed s \u00fa\u010dastn\u00edky, z\u00e1stupci t\u00fdm\u016f a zainteresovan\u00fdch v\u00fdrobc\u016f. Prvn\u00ed se uskute\u010dn\u00ed 15. kv\u011btna v Pa\u0159\u00ed\u017ei, druh\u00e9 22. kv\u011btna ve Var\u0161av\u011b a posledn\u00ed koncem kv\u011btna v Buenos Aires.[\/vc_column_text][\/vc_column][\/vc_row]<\/p>\n","protected":false},"excerpt":{"rendered":"<p>[vc_row][vc_column][vc_column_text] Organiz\u00e1to\u0159i Rally Dakar p\u0159edstavili na tiskov\u00e9 konferenci v saudskoarabsk\u00e9 Al Qiddiyi prvn\u00ed kontury trat\u011b ro\u010dn\u00edku 2020. Na \u00fa\u010dastn\u00edky \u010dek\u00e1 v\u00edce ne\u017e 9000 kilometr\u016f. Z\u00e1vod tak bude p\u0159ibli\u017en\u011b o 3500 km del\u0161\u00ed ne\u017e p\u0159i leto\u0161n\u00edm peru\u00e1nsk\u00e9m lou\u010den\u00ed s Ji\u017en\u00ed Amerikou. 42. ro\u010dn\u00edk Rally Dakar odstartuje 5. ledna v D\u017eidd\u011b, kter\u00e1 je druh\u00fdm nejv\u011bt\u0161\u00edm m\u011bstem Sa\u00fadsk\u00e9 [&hellip;]<\/p>\n","protected":false},"author":1,"featured_media":4809,"comment_status":"closed","ping_status":"closed","sticky":false,"template":"","format":"standard","meta":{"footnotes":""},"categories":[251],"tags":[903,8,159],"class_list":["post-5740","post","type-post","status-publish","format-standard","has-post-thumbnail","hentry","category-dakar-2020","tag-903","tag-dakar","tag-dakar-2020"],"yoast_head":"<!-- This site is optimized with the Yoast SEO plugin v24.9 - https:\/\/yoast.com\/wordpress\/plugins\/seo\/ -->\n<title>Dakar 2020: 9000 kilometr\u016f v pou\u0161ti i hor\u00e1ch - DAKARMANIA.cz<\/title>\n<meta name=\"description\" content=\"Na \u00fa\u010dastn\u00edky Rally Dakar 2020 \u010dek\u00e1 9000 km rozd\u011blen\u00fdch do 12 etap. Z\u00e1vod tak bude p\u0159ibli\u017en\u011b o 3500 km del\u0161\u00ed ne\u017e p\u0159i leto\u0161n\u00edm lou\u010den\u00ed s Ji\u017en\u00ed Amerikou.\" \/>\n<meta name=\"robots\" content=\"index, follow, max-snippet:-1, max-image-preview:large, max-video-preview:-1\" \/>\n<link rel=\"canonical\" href=\"https:\/\/www.dakarmania.cz\/index.php\/2019\/04\/25\/dakar-2020-9000-kilometru\/\" \/>\n<meta property=\"og:locale\" content=\"cs_CZ\" \/>\n<meta property=\"og:type\" content=\"article\" \/>\n<meta property=\"og:title\" content=\"Dakar 2020: 9000 kilometr\u016f v pou\u0161ti i hor\u00e1ch - DAKARMANIA.cz\" \/>\n<meta property=\"og:description\" content=\"Na \u00fa\u010dastn\u00edky Rally Dakar 2020 \u010dek\u00e1 9000 km rozd\u011blen\u00fdch do 12 etap. Z\u00e1vod tak bude p\u0159ibli\u017en\u011b o 3500 km del\u0161\u00ed ne\u017e p\u0159i leto\u0161n\u00edm lou\u010den\u00ed s Ji\u017en\u00ed Amerikou.\" \/>\n<meta property=\"og:url\" content=\"https:\/\/www.dakarmania.cz\/index.php\/2019\/04\/25\/dakar-2020-9000-kilometru\/\" \/>\n<meta property=\"og:site_name\" content=\"DAKARMANIA.cz\" \/>\n<meta property=\"article:publisher\" content=\"https:\/\/www.facebook.com\/dakarmania\/\" \/>\n<meta property=\"article:published_time\" content=\"2019-04-25T15:01:34+00:00\" \/>\n<meta property=\"article:modified_time\" content=\"2024-01-05T10:32:57+00:00\" \/>\n<meta property=\"og:image\" content=\"https:\/\/www.dakarmania.cz\/wp-content\/uploads\/2019\/04\/19-addc-al-rajhi-01.jpg\" \/>\n\t<meta property=\"og:image:width\" content=\"2048\" \/>\n\t<meta property=\"og:image:height\" content=\"1365\" \/>\n\t<meta property=\"og:image:type\" content=\"image\/jpeg\" \/>\n<meta name=\"author\" content=\"Zden\u011bk Zelenka\" \/>\n<meta name=\"twitter:card\" content=\"summary_large_image\" \/>\n<meta name=\"twitter:label1\" content=\"Napsal(a)\" \/>\n\t<meta name=\"twitter:data1\" content=\"Zden\u011bk Zelenka\" \/>\n\t<meta name=\"twitter:label2\" content=\"Odhadovan\u00e1 doba \u010dten\u00ed\" \/>\n\t<meta name=\"twitter:data2\" content=\"2 minuty\" \/>\n<script type=\"application\/ld+json\" class=\"yoast-schema-graph\">{\"@context\":\"https:\/\/schema.org\",\"@graph\":[{\"@type\":\"Article\",\"@id\":\"https:\/\/www.dakarmania.cz\/index.php\/2019\/04\/25\/dakar-2020-9000-kilometru\/#article\",\"isPartOf\":{\"@id\":\"https:\/\/www.dakarmania.cz\/index.php\/2019\/04\/25\/dakar-2020-9000-kilometru\/\"},\"author\":{\"name\":\"Zden\u011bk Zelenka\",\"@id\":\"https:\/\/www.dakarmania.cz\/#\/schema\/person\/04eb0e87a389631c2169c0dddae7ff1e\"},\"headline\":\"Dakar 2020: 9000 kilometr\u016f v pou\u0161ti i hor\u00e1ch\",\"datePublished\":\"2019-04-25T15:01:34+00:00\",\"dateModified\":\"2024-01-05T10:32:57+00:00\",\"mainEntityOfPage\":{\"@id\":\"https:\/\/www.dakarmania.cz\/index.php\/2019\/04\/25\/dakar-2020-9000-kilometru\/\"},\"wordCount\":455,\"publisher\":{\"@id\":\"https:\/\/www.dakarmania.cz\/#organization\"},\"image\":{\"@id\":\"https:\/\/www.dakarmania.cz\/index.php\/2019\/04\/25\/dakar-2020-9000-kilometru\/#primaryimage\"},\"thumbnailUrl\":\"https:\/\/www.dakarmania.cz\/wp-content\/uploads\/2019\/04\/19-addc-al-rajhi-01.jpg\",\"keywords\":[\"2020\",\"Dakar\",\"Dakar 2020\"],\"articleSection\":[\"Dakar 2020\"],\"inLanguage\":\"cs\"},{\"@type\":\"WebPage\",\"@id\":\"https:\/\/www.dakarmania.cz\/index.php\/2019\/04\/25\/dakar-2020-9000-kilometru\/\",\"url\":\"https:\/\/www.dakarmania.cz\/index.php\/2019\/04\/25\/dakar-2020-9000-kilometru\/\",\"name\":\"Dakar 2020: 9000 kilometr\u016f v pou\u0161ti i hor\u00e1ch - DAKARMANIA.cz\",\"isPartOf\":{\"@id\":\"https:\/\/www.dakarmania.cz\/#website\"},\"primaryImageOfPage\":{\"@id\":\"https:\/\/www.dakarmania.cz\/index.php\/2019\/04\/25\/dakar-2020-9000-kilometru\/#primaryimage\"},\"image\":{\"@id\":\"https:\/\/www.dakarmania.cz\/index.php\/2019\/04\/25\/dakar-2020-9000-kilometru\/#primaryimage\"},\"thumbnailUrl\":\"https:\/\/www.dakarmania.cz\/wp-content\/uploads\/2019\/04\/19-addc-al-rajhi-01.jpg\",\"datePublished\":\"2019-04-25T15:01:34+00:00\",\"dateModified\":\"2024-01-05T10:32:57+00:00\",\"description\":\"Na \u00fa\u010dastn\u00edky Rally Dakar 2020 \u010dek\u00e1 9000 km rozd\u011blen\u00fdch do 12 etap. Z\u00e1vod tak bude p\u0159ibli\u017en\u011b o 3500 km del\u0161\u00ed ne\u017e p\u0159i leto\u0161n\u00edm lou\u010den\u00ed s Ji\u017en\u00ed Amerikou.\",\"breadcrumb\":{\"@id\":\"https:\/\/www.dakarmania.cz\/index.php\/2019\/04\/25\/dakar-2020-9000-kilometru\/#breadcrumb\"},\"inLanguage\":\"cs\",\"potentialAction\":[{\"@type\":\"ReadAction\",\"target\":[\"https:\/\/www.dakarmania.cz\/index.php\/2019\/04\/25\/dakar-2020-9000-kilometru\/\"]}]},{\"@type\":\"ImageObject\",\"inLanguage\":\"cs\",\"@id\":\"https:\/\/www.dakarmania.cz\/index.php\/2019\/04\/25\/dakar-2020-9000-kilometru\/#primaryimage\",\"url\":\"https:\/\/www.dakarmania.cz\/wp-content\/uploads\/2019\/04\/19-addc-al-rajhi-01.jpg\",\"contentUrl\":\"https:\/\/www.dakarmania.cz\/wp-content\/uploads\/2019\/04\/19-addc-al-rajhi-01.jpg\",\"width\":2048,\"height\":1365,\"caption\":\"Yazeed Al-Rajhi \/ Dirk von Zitzewitz, Toyota Hilux, Overdrive Racing. Abu Dhabi Desert Challenge 2019. \u00a9 ATCUAE\/RallyZone\"},{\"@type\":\"BreadcrumbList\",\"@id\":\"https:\/\/www.dakarmania.cz\/index.php\/2019\/04\/25\/dakar-2020-9000-kilometru\/#breadcrumb\",\"itemListElement\":[{\"@type\":\"ListItem\",\"position\":1,\"name\":\"Dom\u016f\",\"item\":\"https:\/\/www.dakarmania.cz\/\"},{\"@type\":\"ListItem\",\"position\":2,\"name\":\"Dakar 2020: 9000 kilometr\u016f v pou\u0161ti i hor\u00e1ch\"}]},{\"@type\":\"WebSite\",\"@id\":\"https:\/\/www.dakarmania.cz\/#website\",\"url\":\"https:\/\/www.dakarmania.cz\/\",\"name\":\"DAKARMANIA.cz\",\"description\":\"\u017dijeme Dakarem cel\u00fd rok\",\"publisher\":{\"@id\":\"https:\/\/www.dakarmania.cz\/#organization\"},\"potentialAction\":[{\"@type\":\"SearchAction\",\"target\":{\"@type\":\"EntryPoint\",\"urlTemplate\":\"https:\/\/www.dakarmania.cz\/?s={search_term_string}\"},\"query-input\":{\"@type\":\"PropertyValueSpecification\",\"valueRequired\":true,\"valueName\":\"search_term_string\"}}],\"inLanguage\":\"cs\"},{\"@type\":\"Organization\",\"@id\":\"https:\/\/www.dakarmania.cz\/#organization\",\"name\":\"DAKAR MANIA\",\"url\":\"https:\/\/www.dakarmania.cz\/\",\"logo\":{\"@type\":\"ImageObject\",\"inLanguage\":\"cs\",\"@id\":\"https:\/\/www.dakarmania.cz\/#\/schema\/logo\/image\/\",\"url\":\"https:\/\/www.dakarmania.cz\/wp-content\/uploads\/2018\/12\/Dakar-Mania-Logo-Square-Orange.png\",\"contentUrl\":\"https:\/\/www.dakarmania.cz\/wp-content\/uploads\/2018\/12\/Dakar-Mania-Logo-Square-Orange.png\",\"width\":992,\"height\":992,\"caption\":\"DAKAR MANIA\"},\"image\":{\"@id\":\"https:\/\/www.dakarmania.cz\/#\/schema\/logo\/image\/\"},\"sameAs\":[\"https:\/\/www.facebook.com\/dakarmania\/\"]},{\"@type\":\"Person\",\"@id\":\"https:\/\/www.dakarmania.cz\/#\/schema\/person\/04eb0e87a389631c2169c0dddae7ff1e\",\"name\":\"Zden\u011bk Zelenka\",\"image\":{\"@type\":\"ImageObject\",\"inLanguage\":\"cs\",\"@id\":\"https:\/\/www.dakarmania.cz\/#\/schema\/person\/image\/\",\"url\":\"https:\/\/secure.gravatar.com\/avatar\/2c80d5a4942fe0900b73cc7d3837a509d6ee0a276a2b76dac95c92bd0763a89b?s=96&d=mm&r=g\",\"contentUrl\":\"https:\/\/secure.gravatar.com\/avatar\/2c80d5a4942fe0900b73cc7d3837a509d6ee0a276a2b76dac95c92bd0763a89b?s=96&d=mm&r=g\",\"caption\":\"Zden\u011bk Zelenka\"},\"description\":\"Moji d\u011bt\u0161t\u00ed hrdinov\u00e9 se jmenovali Loprais, Moskal, Neveu, Vatanen, Rahier... A tihle borci, jejich n\u00e1sledovn\u00edci a jejich p\u0159\u00edb\u011bhy m\u011b nep\u0159estali fascinovat ani po letech, kdy jsem vyrostl a zam\u011bstn\u00e1valy m\u011b jin\u00e9 discipl\u00edny motorsportu. Proto se zrodila DAKARMANIA.\",\"url\":\"https:\/\/www.dakarmania.cz\/index.php\/author\/dakarmania\/\"}]}<\/script>\n<!-- \/ Yoast SEO plugin. -->","yoast_head_json":{"title":"Dakar 2020: 9000 kilometr\u016f v pou\u0161ti i hor\u00e1ch - DAKARMANIA.cz","description":"Na \u00fa\u010dastn\u00edky Rally Dakar 2020 \u010dek\u00e1 9000 km rozd\u011blen\u00fdch do 12 etap. Z\u00e1vod tak bude p\u0159ibli\u017en\u011b o 3500 km del\u0161\u00ed ne\u017e p\u0159i leto\u0161n\u00edm lou\u010den\u00ed s Ji\u017en\u00ed Amerikou.","robots":{"index":"index","follow":"follow","max-snippet":"max-snippet:-1","max-image-preview":"max-image-preview:large","max-video-preview":"max-video-preview:-1"},"canonical":"https:\/\/www.dakarmania.cz\/index.php\/2019\/04\/25\/dakar-2020-9000-kilometru\/","og_locale":"cs_CZ","og_type":"article","og_title":"Dakar 2020: 9000 kilometr\u016f v pou\u0161ti i hor\u00e1ch - DAKARMANIA.cz","og_description":"Na \u00fa\u010dastn\u00edky Rally Dakar 2020 \u010dek\u00e1 9000 km rozd\u011blen\u00fdch do 12 etap. Z\u00e1vod tak bude p\u0159ibli\u017en\u011b o 3500 km del\u0161\u00ed ne\u017e p\u0159i leto\u0161n\u00edm lou\u010den\u00ed s Ji\u017en\u00ed Amerikou.","og_url":"https:\/\/www.dakarmania.cz\/index.php\/2019\/04\/25\/dakar-2020-9000-kilometru\/","og_site_name":"DAKARMANIA.cz","article_publisher":"https:\/\/www.facebook.com\/dakarmania\/","article_published_time":"2019-04-25T15:01:34+00:00","article_modified_time":"2024-01-05T10:32:57+00:00","og_image":[{"width":2048,"height":1365,"url":"https:\/\/www.dakarmania.cz\/wp-content\/uploads\/2019\/04\/19-addc-al-rajhi-01.jpg","type":"image\/jpeg"}],"author":"Zden\u011bk Zelenka","twitter_card":"summary_large_image","twitter_misc":{"Napsal(a)":"Zden\u011bk Zelenka","Odhadovan\u00e1 doba \u010dten\u00ed":"2 minuty"},"schema":{"@context":"https:\/\/schema.org","@graph":[{"@type":"Article","@id":"https:\/\/www.dakarmania.cz\/index.php\/2019\/04\/25\/dakar-2020-9000-kilometru\/#article","isPartOf":{"@id":"https:\/\/www.dakarmania.cz\/index.php\/2019\/04\/25\/dakar-2020-9000-kilometru\/"},"author":{"name":"Zden\u011bk Zelenka","@id":"https:\/\/www.dakarmania.cz\/#\/schema\/person\/04eb0e87a389631c2169c0dddae7ff1e"},"headline":"Dakar 2020: 9000 kilometr\u016f v pou\u0161ti i hor\u00e1ch","datePublished":"2019-04-25T15:01:34+00:00","dateModified":"2024-01-05T10:32:57+00:00","mainEntityOfPage":{"@id":"https:\/\/www.dakarmania.cz\/index.php\/2019\/04\/25\/dakar-2020-9000-kilometru\/"},"wordCount":455,"publisher":{"@id":"https:\/\/www.dakarmania.cz\/#organization"},"image":{"@id":"https:\/\/www.dakarmania.cz\/index.php\/2019\/04\/25\/dakar-2020-9000-kilometru\/#primaryimage"},"thumbnailUrl":"https:\/\/www.dakarmania.cz\/wp-content\/uploads\/2019\/04\/19-addc-al-rajhi-01.jpg","keywords":["2020","Dakar","Dakar 2020"],"articleSection":["Dakar 2020"],"inLanguage":"cs"},{"@type":"WebPage","@id":"https:\/\/www.dakarmania.cz\/index.php\/2019\/04\/25\/dakar-2020-9000-kilometru\/","url":"https:\/\/www.dakarmania.cz\/index.php\/2019\/04\/25\/dakar-2020-9000-kilometru\/","name":"Dakar 2020: 9000 kilometr\u016f v pou\u0161ti i hor\u00e1ch - DAKARMANIA.cz","isPartOf":{"@id":"https:\/\/www.dakarmania.cz\/#website"},"primaryImageOfPage":{"@id":"https:\/\/www.dakarmania.cz\/index.php\/2019\/04\/25\/dakar-2020-9000-kilometru\/#primaryimage"},"image":{"@id":"https:\/\/www.dakarmania.cz\/index.php\/2019\/04\/25\/dakar-2020-9000-kilometru\/#primaryimage"},"thumbnailUrl":"https:\/\/www.dakarmania.cz\/wp-content\/uploads\/2019\/04\/19-addc-al-rajhi-01.jpg","datePublished":"2019-04-25T15:01:34+00:00","dateModified":"2024-01-05T10:32:57+00:00","description":"Na \u00fa\u010dastn\u00edky Rally Dakar 2020 \u010dek\u00e1 9000 km rozd\u011blen\u00fdch do 12 etap. Z\u00e1vod tak bude p\u0159ibli\u017en\u011b o 3500 km del\u0161\u00ed ne\u017e p\u0159i leto\u0161n\u00edm lou\u010den\u00ed s Ji\u017en\u00ed Amerikou.","breadcrumb":{"@id":"https:\/\/www.dakarmania.cz\/index.php\/2019\/04\/25\/dakar-2020-9000-kilometru\/#breadcrumb"},"inLanguage":"cs","potentialAction":[{"@type":"ReadAction","target":["https:\/\/www.dakarmania.cz\/index.php\/2019\/04\/25\/dakar-2020-9000-kilometru\/"]}]},{"@type":"ImageObject","inLanguage":"cs","@id":"https:\/\/www.dakarmania.cz\/index.php\/2019\/04\/25\/dakar-2020-9000-kilometru\/#primaryimage","url":"https:\/\/www.dakarmania.cz\/wp-content\/uploads\/2019\/04\/19-addc-al-rajhi-01.jpg","contentUrl":"https:\/\/www.dakarmania.cz\/wp-content\/uploads\/2019\/04\/19-addc-al-rajhi-01.jpg","width":2048,"height":1365,"caption":"Yazeed Al-Rajhi \/ Dirk von Zitzewitz, Toyota Hilux, Overdrive Racing. Abu Dhabi Desert Challenge 2019. \u00a9 ATCUAE\/RallyZone"},{"@type":"BreadcrumbList","@id":"https:\/\/www.dakarmania.cz\/index.php\/2019\/04\/25\/dakar-2020-9000-kilometru\/#breadcrumb","itemListElement":[{"@type":"ListItem","position":1,"name":"Dom\u016f","item":"https:\/\/www.dakarmania.cz\/"},{"@type":"ListItem","position":2,"name":"Dakar 2020: 9000 kilometr\u016f v pou\u0161ti i hor\u00e1ch"}]},{"@type":"WebSite","@id":"https:\/\/www.dakarmania.cz\/#website","url":"https:\/\/www.dakarmania.cz\/","name":"DAKARMANIA.cz","description":"\u017dijeme Dakarem cel\u00fd rok","publisher":{"@id":"https:\/\/www.dakarmania.cz\/#organization"},"potentialAction":[{"@type":"SearchAction","target":{"@type":"EntryPoint","urlTemplate":"https:\/\/www.dakarmania.cz\/?s={search_term_string}"},"query-input":{"@type":"PropertyValueSpecification","valueRequired":true,"valueName":"search_term_string"}}],"inLanguage":"cs"},{"@type":"Organization","@id":"https:\/\/www.dakarmania.cz\/#organization","name":"DAKAR MANIA","url":"https:\/\/www.dakarmania.cz\/","logo":{"@type":"ImageObject","inLanguage":"cs","@id":"https:\/\/www.dakarmania.cz\/#\/schema\/logo\/image\/","url":"https:\/\/www.dakarmania.cz\/wp-content\/uploads\/2018\/12\/Dakar-Mania-Logo-Square-Orange.png","contentUrl":"https:\/\/www.dakarmania.cz\/wp-content\/uploads\/2018\/12\/Dakar-Mania-Logo-Square-Orange.png","width":992,"height":992,"caption":"DAKAR MANIA"},"image":{"@id":"https:\/\/www.dakarmania.cz\/#\/schema\/logo\/image\/"},"sameAs":["https:\/\/www.facebook.com\/dakarmania\/"]},{"@type":"Person","@id":"https:\/\/www.dakarmania.cz\/#\/schema\/person\/04eb0e87a389631c2169c0dddae7ff1e","name":"Zden\u011bk Zelenka","image":{"@type":"ImageObject","inLanguage":"cs","@id":"https:\/\/www.dakarmania.cz\/#\/schema\/person\/image\/","url":"https:\/\/secure.gravatar.com\/avatar\/2c80d5a4942fe0900b73cc7d3837a509d6ee0a276a2b76dac95c92bd0763a89b?s=96&d=mm&r=g","contentUrl":"https:\/\/secure.gravatar.com\/avatar\/2c80d5a4942fe0900b73cc7d3837a509d6ee0a276a2b76dac95c92bd0763a89b?s=96&d=mm&r=g","caption":"Zden\u011bk Zelenka"},"description":"Moji d\u011bt\u0161t\u00ed hrdinov\u00e9 se jmenovali Loprais, Moskal, Neveu, Vatanen, Rahier... A tihle borci, jejich n\u00e1sledovn\u00edci a jejich p\u0159\u00edb\u011bhy m\u011b nep\u0159estali fascinovat ani po letech, kdy jsem vyrostl a zam\u011bstn\u00e1valy m\u011b jin\u00e9 discipl\u00edny motorsportu. Proto se zrodila DAKARMANIA.","url":"https:\/\/www.dakarmania.cz\/index.php\/author\/dakarmania\/"}]}},"amp_enabled":true,"_links":{"self":[{"href":"https:\/\/www.dakarmania.cz\/index.php\/wp-json\/wp\/v2\/posts\/5740","targetHints":{"allow":["GET"]}}],"collection":[{"href":"https:\/\/www.dakarmania.cz\/index.php\/wp-json\/wp\/v2\/posts"}],"about":[{"href":"https:\/\/www.dakarmania.cz\/index.php\/wp-json\/wp\/v2\/types\/post"}],"author":[{"embeddable":true,"href":"https:\/\/www.dakarmania.cz\/index.php\/wp-json\/wp\/v2\/users\/1"}],"replies":[{"embeddable":true,"href":"https:\/\/www.dakarmania.cz\/index.php\/wp-json\/wp\/v2\/comments?post=5740"}],"version-history":[{"count":14,"href":"https:\/\/www.dakarmania.cz\/index.php\/wp-json\/wp\/v2\/posts\/5740\/revisions"}],"predecessor-version":[{"id":5759,"href":"https:\/\/www.dakarmania.cz\/index.php\/wp-json\/wp\/v2\/posts\/5740\/revisions\/5759"}],"wp:featuredmedia":[{"embeddable":true,"href":"https:\/\/www.dakarmania.cz\/index.php\/wp-json\/wp\/v2\/media\/4809"}],"wp:attachment":[{"href":"https:\/\/www.dakarmania.cz\/index.php\/wp-json\/wp\/v2\/media?parent=5740"}],"wp:term":[{"taxonomy":"category","embeddable":true,"href":"https:\/\/www.dakarmania.cz\/index.php\/wp-json\/wp\/v2\/categories?post=5740"},{"taxonomy":"post_tag","embeddable":true,"href":"https:\/\/www.dakarmania.cz\/index.php\/wp-json\/wp\/v2\/tags?post=5740"}],"curies":[{"name":"wp","href":"https:\/\/api.w.org\/{rel}","templated":true}]}}