{"id":5777,"date":"2019-04-28T02:48:50","date_gmt":"2019-04-28T00:48:50","guid":{"rendered":"https:\/\/www.dakarmania.cz\/?p=5777"},"modified":"2019-10-22T16:50:46","modified_gmt":"2019-10-22T14:50:46","slug":"al-attiyaha-nezastavil-ani-kolaps-zaveseni","status":"publish","type":"post","link":"https:\/\/www.dakarmania.cz\/index.php\/2019\/04\/28\/al-attiyaha-nezastavil-ani-kolaps-zaveseni\/","title":{"rendered":"Nassera Al-Attiyaha nezastavil ani kolaps zav\u011b\u0161en\u00ed"},"content":{"rendered":"<p>[vc_row][vc_column][vc_column_text]<\/p>\n<h4>Ani po\u0161kozen\u00e9 zav\u011b\u0161en\u00ed a n\u00e1sledn\u00e9 provizorn\u00ed \u0159e\u0161en\u00ed nep\u0159ipravila Nassera Al-Attiyaha a Mathieua Baumela o v\u00edt\u011bzstv\u00ed v Jord\u00e1nsk\u00e9 rally. Katarsko-francouzsk\u00e1 pos\u00e1dka m\u00e1 po dvou podnic\u00edch leto\u0161n\u00ed sezony bl\u00edzkov\u00fdchodn\u00edho \u0161ampion\u00e1tu v rally (MERC) stoprocentn\u00ed bilanci a suver\u00e9nn\u011b vede pr\u016fb\u011b\u017en\u00e9 hodnocen\u00ed.<\/h4>\n<p>Stejn\u011b jako na dom\u00e1c\u00ed <a href=\"https:\/\/www.dakarmania.cz\/index.php\/2019\/03\/18\/al-attiyah-pise-historii-polo-r5\/\">Qatar International Rally<\/a> usedl <a href=\"https:\/\/www.dakarmania.cz\/index.php\/osobnosti\/nasser-al-attiyah\/\">Nasser Al-Attiyah<\/a> i p\u0159i Jordan Rally za volant Volkswagenu Polo GTI R5, kter\u00fd pro n\u011bj p\u0159ipravil t\u00fdm Autotek Motorsport.<\/p>\n<p>Ov\u0161em cesta k triumfu tentokr\u00e1t nebyla \u00fapln\u011b p\u0159\u00edmo\u010dar\u00e1. U\u017e v p\u00e1tek musel Kata\u0159an zvolnit, kdy\u017e mu ukazatel stavu paliva na kr\u00e1tk\u00e9 z\u00e1v\u011bre\u010dn\u00e9 speci\u00e1lce hl\u00e1sil pr\u00e1zdnou n\u00e1dr\u017e. Jak se pozd\u011bji uk\u00e1zalo, t\u00fdm skute\u010dn\u011b m\u00e1lo natankoval a leader sout\u011b\u017ee m\u011bl \u0161t\u011bst\u00ed, \u017ee \u00favodn\u00ed etapu v\u016fbec dokon\u010dil. Nicm\u00e9n\u011b s v\u00fdjimkou tohoto m\u011b\u0159en\u00e9ho \u00faseku byl po cel\u00fd den nejrychlej\u0161\u00ed.<\/p>\n<p>V sobotu dopoledne dok\u00e1zal \u010dtrn\u00e1ctin\u00e1sobn\u00fd \u0161ampion MERC zv\u00fd\u0161it sv\u016fj n\u00e1skok na p\u011bt a p\u016fl minuty, jen\u017ee na \u010dtvrt\u00e9 z deseti sobotn\u00edch rychlostn\u00edch zkou\u0161ek mu zatrnulo podruh\u00e9. Zni\u010den\u00e9 zav\u011b\u0161en\u00ed dalo \u0161anci pr\u016fb\u011b\u017en\u011b druh\u00e9mu Abdulazizi Al-Kuwarimu (\u0160koda). P\u0159ed poledn\u00edm servisem toti\u017e byla na programu je\u0161t\u011b jedna 9kilometrov\u00e1 \u201eerzeta\u201c, po kter\u00e9 se rozestup mezi vedouc\u00ed dvojic\u00ed zmen\u0161il na dv\u011b a p\u016fl minuty.[\/vc_column_text][vc_single_image image=&#8221;5776&#8243; img_size=&#8221;large&#8221; add_caption=&#8221;yes&#8221; alignment=&#8221;center&#8221;][vc_column_text]<em>\u201eZav\u011b\u0161en\u00ed n\u00e1s potr\u00e1pilo. M\u011bli jsme na aut\u011b t\u0159i \u0161otolinov\u00e9 tlumi\u010de a jeden asfaltov\u00fd, tak\u017ee vyv\u00e1\u017een\u00ed vozu bylo \u00fapln\u011b jin\u00e9. St\u00e1le se jedn\u00e1 o velice nov\u00e9 auto, proto je\u0161t\u011b nem\u00e1me k dispozici dostate\u010dn\u00fd po\u010det v\u0161ech n\u00e1hradn\u00edch d\u00edl\u016f,\u201c<\/em> vysv\u011btloval po sout\u011b\u017ei <strong>Nasser Al-Attiyah<\/strong>.<\/p>\n<p>P\u0159esto po oprav\u011b vyhr\u00e1l v\u0161echny odpoledn\u00ed erzety a do c\u00edle dorazil s v\u00edce ne\u017e \u010dty\u0159minutov\u00fdm n\u00e1skokem p\u0159ed Al-Kuwarim. Sestavu na stupn\u00edch v\u00edt\u011bz\u016f zkompletoval dom\u00e1c\u00ed Marouf Abu Samra s Fordem Fiesta R5.<\/p>\n<p>Nep\u0159ekvap\u00ed, \u017ee tak\u00e9 v Jord\u00e1nsku dr\u017e\u00ed Al-Attiyah rekord v po\u010dtu v\u00edt\u011bzstv\u00ed. Zdej\u0161\u00ed sout\u011b\u017e ovl\u00e1dl u\u017e pot\u0159in\u00e1ct\u00e9, z toho poosm\u00e9 v \u0159ad\u011b. V MERC, v jeho\u017e r\u00e1mci se od roku 1984 jelo 212 sout\u011b\u017e\u00ed, jich Al-Attiyah vyhr\u00e1l 71. <a href=\"https:\/\/www.dakarmania.cz\/index.php\/osobnosti\/mathieu-baumel\/\">Mathieu Baumel<\/a> triumfoval podevaten\u00e1ct\u00e9.<\/p>\n<p>T\u0159et\u00ed podnik MERC 2019 se pojede a\u017e na p\u0159elomu srpna a z\u00e1\u0159\u00ed v Libanonu.[\/vc_column_text][\/vc_column][\/vc_row]<\/p>\n","protected":false},"excerpt":{"rendered":"<p>Ani po\u0161kozen\u00e9 zav\u011b\u0161en\u00ed a n\u00e1sledn\u00e9 provizorn\u00ed \u0159e\u0161en\u00ed nep\u0159ipravila Nassera Al-Attiyaha a Mathieua Baumela o v\u00edt\u011bzstv\u00ed v Jord\u00e1nsk\u00e9 rally.<\/p>\n","protected":false},"author":1,"featured_media":5775,"comment_status":"open","ping_status":"closed","sticky":false,"template":"","format":"standard","meta":{"footnotes":""},"categories":[504],"tags":[425,990,991,992,204,623,624,203,318,319],"class_list":["post-5777","post","type-post","status-publish","format-standard","has-post-thumbnail","hentry","category-zajimavosti","tag-425","tag-autotek-motorport","tag-jordan-rally","tag-jordan-rally-2019","tag-mathieu-baumel","tag-merc","tag-merc-2019","tag-nasser-al-attiyah","tag-volkswagen","tag-vw"],"yoast_head":"<!-- This site is optimized with the Yoast SEO plugin v24.9 - https:\/\/yoast.com\/wordpress\/plugins\/seo\/ -->\n<title>Nassera Al-Attiyaha nezastavil ani kolaps zav\u011b\u0161en\u00ed - DAKARMANIA.cz<\/title>\n<meta name=\"description\" content=\"Ani po\u0161kozen\u00e9 zav\u011b\u0161en\u00ed a n\u00e1sledn\u00e9 provizorn\u00ed \u0159e\u0161en\u00ed nep\u0159ipravila Nassera Al-Attiyaha a Mathieua Baumela o v\u00edt\u011bzstv\u00ed v Jord\u00e1nsk\u00e9 rally.\" \/>\n<meta name=\"robots\" content=\"index, follow, max-snippet:-1, max-image-preview:large, max-video-preview:-1\" \/>\n<link rel=\"canonical\" href=\"https:\/\/www.dakarmania.cz\/index.php\/2019\/04\/28\/al-attiyaha-nezastavil-ani-kolaps-zaveseni\/\" \/>\n<meta property=\"og:locale\" content=\"cs_CZ\" \/>\n<meta property=\"og:type\" content=\"article\" \/>\n<meta property=\"og:title\" content=\"Nassera Al-Attiyaha nezastavil ani kolaps zav\u011b\u0161en\u00ed - DAKARMANIA.cz\" \/>\n<meta property=\"og:description\" content=\"Ani po\u0161kozen\u00e9 zav\u011b\u0161en\u00ed a n\u00e1sledn\u00e9 provizorn\u00ed \u0159e\u0161en\u00ed nep\u0159ipravila Nassera Al-Attiyaha a Mathieua Baumela o v\u00edt\u011bzstv\u00ed v Jord\u00e1nsk\u00e9 rally.\" \/>\n<meta property=\"og:url\" content=\"https:\/\/www.dakarmania.cz\/index.php\/2019\/04\/28\/al-attiyaha-nezastavil-ani-kolaps-zaveseni\/\" \/>\n<meta property=\"og:site_name\" content=\"DAKARMANIA.cz\" \/>\n<meta property=\"article:publisher\" content=\"https:\/\/www.facebook.com\/dakarmania\/\" \/>\n<meta property=\"article:published_time\" content=\"2019-04-28T00:48:50+00:00\" \/>\n<meta property=\"article:modified_time\" content=\"2019-10-22T14:50:46+00:00\" \/>\n<meta property=\"og:image\" content=\"https:\/\/www.dakarmania.cz\/wp-content\/uploads\/2019\/04\/19-jordan-rally-al-attiyah-01.jpg\" \/>\n\t<meta property=\"og:image:width\" content=\"1800\" \/>\n\t<meta property=\"og:image:height\" content=\"1200\" \/>\n\t<meta property=\"og:image:type\" content=\"image\/jpeg\" \/>\n<meta name=\"author\" content=\"Zden\u011bk Zelenka\" \/>\n<meta name=\"twitter:card\" content=\"summary_large_image\" \/>\n<meta name=\"twitter:label1\" content=\"Napsal(a)\" \/>\n\t<meta name=\"twitter:data1\" content=\"Zden\u011bk Zelenka\" \/>\n\t<meta name=\"twitter:label2\" content=\"Odhadovan\u00e1 doba \u010dten\u00ed\" \/>\n\t<meta name=\"twitter:data2\" content=\"2 minuty\" \/>\n<script type=\"application\/ld+json\" class=\"yoast-schema-graph\">{\"@context\":\"https:\/\/schema.org\",\"@graph\":[{\"@type\":\"Article\",\"@id\":\"https:\/\/www.dakarmania.cz\/index.php\/2019\/04\/28\/al-attiyaha-nezastavil-ani-kolaps-zaveseni\/#article\",\"isPartOf\":{\"@id\":\"https:\/\/www.dakarmania.cz\/index.php\/2019\/04\/28\/al-attiyaha-nezastavil-ani-kolaps-zaveseni\/\"},\"author\":{\"name\":\"Zden\u011bk Zelenka\",\"@id\":\"https:\/\/www.dakarmania.cz\/#\/schema\/person\/04eb0e87a389631c2169c0dddae7ff1e\"},\"headline\":\"Nassera Al-Attiyaha nezastavil ani kolaps zav\u011b\u0161en\u00ed\",\"datePublished\":\"2019-04-28T00:48:50+00:00\",\"dateModified\":\"2019-10-22T14:50:46+00:00\",\"mainEntityOfPage\":{\"@id\":\"https:\/\/www.dakarmania.cz\/index.php\/2019\/04\/28\/al-attiyaha-nezastavil-ani-kolaps-zaveseni\/\"},\"wordCount\":459,\"commentCount\":0,\"publisher\":{\"@id\":\"https:\/\/www.dakarmania.cz\/#organization\"},\"image\":{\"@id\":\"https:\/\/www.dakarmania.cz\/index.php\/2019\/04\/28\/al-attiyaha-nezastavil-ani-kolaps-zaveseni\/#primaryimage\"},\"thumbnailUrl\":\"https:\/\/www.dakarmania.cz\/wp-content\/uploads\/2019\/04\/19-jordan-rally-al-attiyah-01.jpg\",\"keywords\":[\"2019\",\"Autotek Motorport\",\"Jordan Rally\",\"Jordan Rally 2019\",\"Mathieu Baumel\",\"MERC\",\"MERC 2019\",\"Nasser Al-Attiyah\",\"Volkswagen\",\"VW\"],\"articleSection\":[\"Zaj\u00edmavosti\"],\"inLanguage\":\"cs\",\"potentialAction\":[{\"@type\":\"CommentAction\",\"name\":\"Comment\",\"target\":[\"https:\/\/www.dakarmania.cz\/index.php\/2019\/04\/28\/al-attiyaha-nezastavil-ani-kolaps-zaveseni\/#respond\"]}]},{\"@type\":\"WebPage\",\"@id\":\"https:\/\/www.dakarmania.cz\/index.php\/2019\/04\/28\/al-attiyaha-nezastavil-ani-kolaps-zaveseni\/\",\"url\":\"https:\/\/www.dakarmania.cz\/index.php\/2019\/04\/28\/al-attiyaha-nezastavil-ani-kolaps-zaveseni\/\",\"name\":\"Nassera Al-Attiyaha nezastavil ani kolaps zav\u011b\u0161en\u00ed - DAKARMANIA.cz\",\"isPartOf\":{\"@id\":\"https:\/\/www.dakarmania.cz\/#website\"},\"primaryImageOfPage\":{\"@id\":\"https:\/\/www.dakarmania.cz\/index.php\/2019\/04\/28\/al-attiyaha-nezastavil-ani-kolaps-zaveseni\/#primaryimage\"},\"image\":{\"@id\":\"https:\/\/www.dakarmania.cz\/index.php\/2019\/04\/28\/al-attiyaha-nezastavil-ani-kolaps-zaveseni\/#primaryimage\"},\"thumbnailUrl\":\"https:\/\/www.dakarmania.cz\/wp-content\/uploads\/2019\/04\/19-jordan-rally-al-attiyah-01.jpg\",\"datePublished\":\"2019-04-28T00:48:50+00:00\",\"dateModified\":\"2019-10-22T14:50:46+00:00\",\"description\":\"Ani po\u0161kozen\u00e9 zav\u011b\u0161en\u00ed a n\u00e1sledn\u00e9 provizorn\u00ed \u0159e\u0161en\u00ed nep\u0159ipravila Nassera Al-Attiyaha a Mathieua Baumela o v\u00edt\u011bzstv\u00ed v Jord\u00e1nsk\u00e9 rally.\",\"breadcrumb\":{\"@id\":\"https:\/\/www.dakarmania.cz\/index.php\/2019\/04\/28\/al-attiyaha-nezastavil-ani-kolaps-zaveseni\/#breadcrumb\"},\"inLanguage\":\"cs\",\"potentialAction\":[{\"@type\":\"ReadAction\",\"target\":[\"https:\/\/www.dakarmania.cz\/index.php\/2019\/04\/28\/al-attiyaha-nezastavil-ani-kolaps-zaveseni\/\"]}]},{\"@type\":\"ImageObject\",\"inLanguage\":\"cs\",\"@id\":\"https:\/\/www.dakarmania.cz\/index.php\/2019\/04\/28\/al-attiyaha-nezastavil-ani-kolaps-zaveseni\/#primaryimage\",\"url\":\"https:\/\/www.dakarmania.cz\/wp-content\/uploads\/2019\/04\/19-jordan-rally-al-attiyah-01.jpg\",\"contentUrl\":\"https:\/\/www.dakarmania.cz\/wp-content\/uploads\/2019\/04\/19-jordan-rally-al-attiyah-01.jpg\",\"width\":1800,\"height\":1200,\"caption\":\"Nasser Al-Attiyah \/ Mathieu Baumel, VW Polo R5. Jordan Rally 2019. \u00a9 Jordan Rally Media\"},{\"@type\":\"BreadcrumbList\",\"@id\":\"https:\/\/www.dakarmania.cz\/index.php\/2019\/04\/28\/al-attiyaha-nezastavil-ani-kolaps-zaveseni\/#breadcrumb\",\"itemListElement\":[{\"@type\":\"ListItem\",\"position\":1,\"name\":\"Dom\u016f\",\"item\":\"https:\/\/www.dakarmania.cz\/\"},{\"@type\":\"ListItem\",\"position\":2,\"name\":\"Nassera Al-Attiyaha nezastavil ani kolaps zav\u011b\u0161en\u00ed\"}]},{\"@type\":\"WebSite\",\"@id\":\"https:\/\/www.dakarmania.cz\/#website\",\"url\":\"https:\/\/www.dakarmania.cz\/\",\"name\":\"DAKARMANIA.cz\",\"description\":\"\u017dijeme Dakarem cel\u00fd rok\",\"publisher\":{\"@id\":\"https:\/\/www.dakarmania.cz\/#organization\"},\"potentialAction\":[{\"@type\":\"SearchAction\",\"target\":{\"@type\":\"EntryPoint\",\"urlTemplate\":\"https:\/\/www.dakarmania.cz\/?s={search_term_string}\"},\"query-input\":{\"@type\":\"PropertyValueSpecification\",\"valueRequired\":true,\"valueName\":\"search_term_string\"}}],\"inLanguage\":\"cs\"},{\"@type\":\"Organization\",\"@id\":\"https:\/\/www.dakarmania.cz\/#organization\",\"name\":\"DAKAR MANIA\",\"url\":\"https:\/\/www.dakarmania.cz\/\",\"logo\":{\"@type\":\"ImageObject\",\"inLanguage\":\"cs\",\"@id\":\"https:\/\/www.dakarmania.cz\/#\/schema\/logo\/image\/\",\"url\":\"https:\/\/www.dakarmania.cz\/wp-content\/uploads\/2018\/12\/Dakar-Mania-Logo-Square-Orange.png\",\"contentUrl\":\"https:\/\/www.dakarmania.cz\/wp-content\/uploads\/2018\/12\/Dakar-Mania-Logo-Square-Orange.png\",\"width\":992,\"height\":992,\"caption\":\"DAKAR MANIA\"},\"image\":{\"@id\":\"https:\/\/www.dakarmania.cz\/#\/schema\/logo\/image\/\"},\"sameAs\":[\"https:\/\/www.facebook.com\/dakarmania\/\"]},{\"@type\":\"Person\",\"@id\":\"https:\/\/www.dakarmania.cz\/#\/schema\/person\/04eb0e87a389631c2169c0dddae7ff1e\",\"name\":\"Zden\u011bk Zelenka\",\"image\":{\"@type\":\"ImageObject\",\"inLanguage\":\"cs\",\"@id\":\"https:\/\/www.dakarmania.cz\/#\/schema\/person\/image\/\",\"url\":\"https:\/\/secure.gravatar.com\/avatar\/2c80d5a4942fe0900b73cc7d3837a509d6ee0a276a2b76dac95c92bd0763a89b?s=96&d=mm&r=g\",\"contentUrl\":\"https:\/\/secure.gravatar.com\/avatar\/2c80d5a4942fe0900b73cc7d3837a509d6ee0a276a2b76dac95c92bd0763a89b?s=96&d=mm&r=g\",\"caption\":\"Zden\u011bk Zelenka\"},\"description\":\"Moji d\u011bt\u0161t\u00ed hrdinov\u00e9 se jmenovali Loprais, Moskal, Neveu, Vatanen, Rahier... A tihle borci, jejich n\u00e1sledovn\u00edci a jejich p\u0159\u00edb\u011bhy m\u011b nep\u0159estali fascinovat ani po letech, kdy jsem vyrostl a zam\u011bstn\u00e1valy m\u011b jin\u00e9 discipl\u00edny motorsportu. Proto se zrodila DAKARMANIA.\",\"url\":\"https:\/\/www.dakarmania.cz\/index.php\/author\/dakarmania\/\"}]}<\/script>\n<!-- \/ Yoast SEO plugin. -->","yoast_head_json":{"title":"Nassera Al-Attiyaha nezastavil ani kolaps zav\u011b\u0161en\u00ed - DAKARMANIA.cz","description":"Ani po\u0161kozen\u00e9 zav\u011b\u0161en\u00ed a n\u00e1sledn\u00e9 provizorn\u00ed \u0159e\u0161en\u00ed nep\u0159ipravila Nassera Al-Attiyaha a Mathieua Baumela o v\u00edt\u011bzstv\u00ed v Jord\u00e1nsk\u00e9 rally.","robots":{"index":"index","follow":"follow","max-snippet":"max-snippet:-1","max-image-preview":"max-image-preview:large","max-video-preview":"max-video-preview:-1"},"canonical":"https:\/\/www.dakarmania.cz\/index.php\/2019\/04\/28\/al-attiyaha-nezastavil-ani-kolaps-zaveseni\/","og_locale":"cs_CZ","og_type":"article","og_title":"Nassera Al-Attiyaha nezastavil ani kolaps zav\u011b\u0161en\u00ed - DAKARMANIA.cz","og_description":"Ani po\u0161kozen\u00e9 zav\u011b\u0161en\u00ed a n\u00e1sledn\u00e9 provizorn\u00ed \u0159e\u0161en\u00ed nep\u0159ipravila Nassera Al-Attiyaha a Mathieua Baumela o v\u00edt\u011bzstv\u00ed v Jord\u00e1nsk\u00e9 rally.","og_url":"https:\/\/www.dakarmania.cz\/index.php\/2019\/04\/28\/al-attiyaha-nezastavil-ani-kolaps-zaveseni\/","og_site_name":"DAKARMANIA.cz","article_publisher":"https:\/\/www.facebook.com\/dakarmania\/","article_published_time":"2019-04-28T00:48:50+00:00","article_modified_time":"2019-10-22T14:50:46+00:00","og_image":[{"width":1800,"height":1200,"url":"https:\/\/www.dakarmania.cz\/wp-content\/uploads\/2019\/04\/19-jordan-rally-al-attiyah-01.jpg","type":"image\/jpeg"}],"author":"Zden\u011bk Zelenka","twitter_card":"summary_large_image","twitter_misc":{"Napsal(a)":"Zden\u011bk Zelenka","Odhadovan\u00e1 doba \u010dten\u00ed":"2 minuty"},"schema":{"@context":"https:\/\/schema.org","@graph":[{"@type":"Article","@id":"https:\/\/www.dakarmania.cz\/index.php\/2019\/04\/28\/al-attiyaha-nezastavil-ani-kolaps-zaveseni\/#article","isPartOf":{"@id":"https:\/\/www.dakarmania.cz\/index.php\/2019\/04\/28\/al-attiyaha-nezastavil-ani-kolaps-zaveseni\/"},"author":{"name":"Zden\u011bk Zelenka","@id":"https:\/\/www.dakarmania.cz\/#\/schema\/person\/04eb0e87a389631c2169c0dddae7ff1e"},"headline":"Nassera Al-Attiyaha nezastavil ani kolaps zav\u011b\u0161en\u00ed","datePublished":"2019-04-28T00:48:50+00:00","dateModified":"2019-10-22T14:50:46+00:00","mainEntityOfPage":{"@id":"https:\/\/www.dakarmania.cz\/index.php\/2019\/04\/28\/al-attiyaha-nezastavil-ani-kolaps-zaveseni\/"},"wordCount":459,"commentCount":0,"publisher":{"@id":"https:\/\/www.dakarmania.cz\/#organization"},"image":{"@id":"https:\/\/www.dakarmania.cz\/index.php\/2019\/04\/28\/al-attiyaha-nezastavil-ani-kolaps-zaveseni\/#primaryimage"},"thumbnailUrl":"https:\/\/www.dakarmania.cz\/wp-content\/uploads\/2019\/04\/19-jordan-rally-al-attiyah-01.jpg","keywords":["2019","Autotek Motorport","Jordan Rally","Jordan Rally 2019","Mathieu Baumel","MERC","MERC 2019","Nasser Al-Attiyah","Volkswagen","VW"],"articleSection":["Zaj\u00edmavosti"],"inLanguage":"cs","potentialAction":[{"@type":"CommentAction","name":"Comment","target":["https:\/\/www.dakarmania.cz\/index.php\/2019\/04\/28\/al-attiyaha-nezastavil-ani-kolaps-zaveseni\/#respond"]}]},{"@type":"WebPage","@id":"https:\/\/www.dakarmania.cz\/index.php\/2019\/04\/28\/al-attiyaha-nezastavil-ani-kolaps-zaveseni\/","url":"https:\/\/www.dakarmania.cz\/index.php\/2019\/04\/28\/al-attiyaha-nezastavil-ani-kolaps-zaveseni\/","name":"Nassera Al-Attiyaha nezastavil ani kolaps zav\u011b\u0161en\u00ed - DAKARMANIA.cz","isPartOf":{"@id":"https:\/\/www.dakarmania.cz\/#website"},"primaryImageOfPage":{"@id":"https:\/\/www.dakarmania.cz\/index.php\/2019\/04\/28\/al-attiyaha-nezastavil-ani-kolaps-zaveseni\/#primaryimage"},"image":{"@id":"https:\/\/www.dakarmania.cz\/index.php\/2019\/04\/28\/al-attiyaha-nezastavil-ani-kolaps-zaveseni\/#primaryimage"},"thumbnailUrl":"https:\/\/www.dakarmania.cz\/wp-content\/uploads\/2019\/04\/19-jordan-rally-al-attiyah-01.jpg","datePublished":"2019-04-28T00:48:50+00:00","dateModified":"2019-10-22T14:50:46+00:00","description":"Ani po\u0161kozen\u00e9 zav\u011b\u0161en\u00ed a n\u00e1sledn\u00e9 provizorn\u00ed \u0159e\u0161en\u00ed nep\u0159ipravila Nassera Al-Attiyaha a Mathieua Baumela o v\u00edt\u011bzstv\u00ed v Jord\u00e1nsk\u00e9 rally.","breadcrumb":{"@id":"https:\/\/www.dakarmania.cz\/index.php\/2019\/04\/28\/al-attiyaha-nezastavil-ani-kolaps-zaveseni\/#breadcrumb"},"inLanguage":"cs","potentialAction":[{"@type":"ReadAction","target":["https:\/\/www.dakarmania.cz\/index.php\/2019\/04\/28\/al-attiyaha-nezastavil-ani-kolaps-zaveseni\/"]}]},{"@type":"ImageObject","inLanguage":"cs","@id":"https:\/\/www.dakarmania.cz\/index.php\/2019\/04\/28\/al-attiyaha-nezastavil-ani-kolaps-zaveseni\/#primaryimage","url":"https:\/\/www.dakarmania.cz\/wp-content\/uploads\/2019\/04\/19-jordan-rally-al-attiyah-01.jpg","contentUrl":"https:\/\/www.dakarmania.cz\/wp-content\/uploads\/2019\/04\/19-jordan-rally-al-attiyah-01.jpg","width":1800,"height":1200,"caption":"Nasser Al-Attiyah \/ Mathieu Baumel, VW Polo R5. Jordan Rally 2019. \u00a9 Jordan Rally Media"},{"@type":"BreadcrumbList","@id":"https:\/\/www.dakarmania.cz\/index.php\/2019\/04\/28\/al-attiyaha-nezastavil-ani-kolaps-zaveseni\/#breadcrumb","itemListElement":[{"@type":"ListItem","position":1,"name":"Dom\u016f","item":"https:\/\/www.dakarmania.cz\/"},{"@type":"ListItem","position":2,"name":"Nassera Al-Attiyaha nezastavil ani kolaps zav\u011b\u0161en\u00ed"}]},{"@type":"WebSite","@id":"https:\/\/www.dakarmania.cz\/#website","url":"https:\/\/www.dakarmania.cz\/","name":"DAKARMANIA.cz","description":"\u017dijeme Dakarem cel\u00fd rok","publisher":{"@id":"https:\/\/www.dakarmania.cz\/#organization"},"potentialAction":[{"@type":"SearchAction","target":{"@type":"EntryPoint","urlTemplate":"https:\/\/www.dakarmania.cz\/?s={search_term_string}"},"query-input":{"@type":"PropertyValueSpecification","valueRequired":true,"valueName":"search_term_string"}}],"inLanguage":"cs"},{"@type":"Organization","@id":"https:\/\/www.dakarmania.cz\/#organization","name":"DAKAR MANIA","url":"https:\/\/www.dakarmania.cz\/","logo":{"@type":"ImageObject","inLanguage":"cs","@id":"https:\/\/www.dakarmania.cz\/#\/schema\/logo\/image\/","url":"https:\/\/www.dakarmania.cz\/wp-content\/uploads\/2018\/12\/Dakar-Mania-Logo-Square-Orange.png","contentUrl":"https:\/\/www.dakarmania.cz\/wp-content\/uploads\/2018\/12\/Dakar-Mania-Logo-Square-Orange.png","width":992,"height":992,"caption":"DAKAR MANIA"},"image":{"@id":"https:\/\/www.dakarmania.cz\/#\/schema\/logo\/image\/"},"sameAs":["https:\/\/www.facebook.com\/dakarmania\/"]},{"@type":"Person","@id":"https:\/\/www.dakarmania.cz\/#\/schema\/person\/04eb0e87a389631c2169c0dddae7ff1e","name":"Zden\u011bk Zelenka","image":{"@type":"ImageObject","inLanguage":"cs","@id":"https:\/\/www.dakarmania.cz\/#\/schema\/person\/image\/","url":"https:\/\/secure.gravatar.com\/avatar\/2c80d5a4942fe0900b73cc7d3837a509d6ee0a276a2b76dac95c92bd0763a89b?s=96&d=mm&r=g","contentUrl":"https:\/\/secure.gravatar.com\/avatar\/2c80d5a4942fe0900b73cc7d3837a509d6ee0a276a2b76dac95c92bd0763a89b?s=96&d=mm&r=g","caption":"Zden\u011bk Zelenka"},"description":"Moji d\u011bt\u0161t\u00ed hrdinov\u00e9 se jmenovali Loprais, Moskal, Neveu, Vatanen, Rahier... A tihle borci, jejich n\u00e1sledovn\u00edci a jejich p\u0159\u00edb\u011bhy m\u011b nep\u0159estali fascinovat ani po letech, kdy jsem vyrostl a zam\u011bstn\u00e1valy m\u011b jin\u00e9 discipl\u00edny motorsportu. Proto se zrodila DAKARMANIA.","url":"https:\/\/www.dakarmania.cz\/index.php\/author\/dakarmania\/"}]}},"amp_enabled":true,"_links":{"self":[{"href":"https:\/\/www.dakarmania.cz\/index.php\/wp-json\/wp\/v2\/posts\/5777","targetHints":{"allow":["GET"]}}],"collection":[{"href":"https:\/\/www.dakarmania.cz\/index.php\/wp-json\/wp\/v2\/posts"}],"about":[{"href":"https:\/\/www.dakarmania.cz\/index.php\/wp-json\/wp\/v2\/types\/post"}],"author":[{"embeddable":true,"href":"https:\/\/www.dakarmania.cz\/index.php\/wp-json\/wp\/v2\/users\/1"}],"replies":[{"embeddable":true,"href":"https:\/\/www.dakarmania.cz\/index.php\/wp-json\/wp\/v2\/comments?post=5777"}],"version-history":[{"count":3,"href":"https:\/\/www.dakarmania.cz\/index.php\/wp-json\/wp\/v2\/posts\/5777\/revisions"}],"predecessor-version":[{"id":12770,"href":"https:\/\/www.dakarmania.cz\/index.php\/wp-json\/wp\/v2\/posts\/5777\/revisions\/12770"}],"wp:featuredmedia":[{"embeddable":true,"href":"https:\/\/www.dakarmania.cz\/index.php\/wp-json\/wp\/v2\/media\/5775"}],"wp:attachment":[{"href":"https:\/\/www.dakarmania.cz\/index.php\/wp-json\/wp\/v2\/media?parent=5777"}],"wp:term":[{"taxonomy":"category","embeddable":true,"href":"https:\/\/www.dakarmania.cz\/index.php\/wp-json\/wp\/v2\/categories?post=5777"},{"taxonomy":"post_tag","embeddable":true,"href":"https:\/\/www.dakarmania.cz\/index.php\/wp-json\/wp\/v2\/tags?post=5777"}],"curies":[{"name":"wp","href":"https:\/\/api.w.org\/{rel}","templated":true}]}}