{"id":5782,"date":"2019-04-28T11:59:58","date_gmt":"2019-04-28T09:59:58","guid":{"rendered":"https:\/\/www.dakarmania.cz\/?p=5782"},"modified":"2023-08-23T09:25:13","modified_gmt":"2023-08-23T07:25:13","slug":"david-kripal-zavod-opet-naplnil-veskera-nase-ocekavani","status":"publish","type":"post","link":"https:\/\/www.dakarmania.cz\/index.php\/2019\/04\/28\/david-kripal-zavod-opet-naplnil-veskera-nase-ocekavani\/","title":{"rendered":"David K\u0159\u00edpal: Maroko op\u011bt naplnilo ve\u0161ker\u00e1 na\u0161e o\u010dek\u00e1v\u00e1n\u00ed"},"content":{"rendered":"<p>[vc_row][vc_column][vc_column_text]<\/p>\n<h4>V\u00a0dubnu se jela jedna z nejv\u011bt\u0161\u00edch rally sv\u011bta, Marocco Desert Challenge. Zat\u00edmco v\u00a0roce 2017 v Maroku \u010desk\u00e1 pos\u00e1dka Tom\u00e1\u0161e Ou\u0159edn\u00ed\u010dka s\u00a0Davidem K\u0159\u00edpalem zv\u00edt\u011bzila, v\u00a0roce 2018 zde za\u017eila v\u00e1\u017enou nehodu ve 180 km\/h. Letos zde oslavila &#8216;prvn\u00ed narozeniny&#8217;.<\/h4>\n<p>Stresuj\u00edc\u00ed za\u010d\u00e1tek, kdy nebylo jist\u00e9, jestli se v\u016fbec pos\u00e1dka dostane v\u010das do Maroka, technick\u00e9 probl\u00e9my, dokonce i\u00a0po\u017e\u00e1r v\u00a0jedn\u00e9 z\u00a0etap. Ano, i zde pos\u00e1dka dodr\u017eela sv\u00e9 motto, kter\u00e9 si dala na Dakaru 2018 \u201eNikdy to nevzd\u00e1m\u201c. I p\u0159es obrovskou penalizaci 30 hodin skon\u010dili <a href=\"https:\/\/www.dakarmania.cz\/index.php\/osobnosti\/tomas-ourednicek\/\">Tom\u00e1\u0161 Ou\u0159edn\u00ed\u010dek<\/a> s <a href=\"https:\/\/www.dakarmania.cz\/index.php\/osobnosti\/david-kripal\/\">Davidem K\u0159\u00edpalem<\/a> na 26. m\u00edst\u011b, ve sv\u00e9 kategorii T1.1 byli dokonce dev\u00e1t\u00ed.<\/p>\n<p>O z\u00e1vod\u011b jsme si popov\u00eddali s Davidem K\u0159\u00edpalem.[\/vc_column_text][vc_single_image image=&#8221;5785&#8243; img_size=&#8221;large&#8221; add_caption=&#8221;yes&#8221; alignment=&#8221;center&#8221;][vc_column_text]<\/p>\n<h4>Ned\u00e1vno jste se vr\u00e1tili z Maroka, jak se c\u00edt\u00ed\u0161?<\/h4>\n<p><em>&#8220;Z\u00e1vod\u00a0<a href=\"https:\/\/www.dakarmania.cz\/index.php\/souteze\/mdc-2019\/\">Morocco Desert Challenge<\/a> op\u011bt naplnil ve\u0161ker\u00e1 na\u0161e o\u010dek\u00e1v\u00e1n\u00ed. Byl\u00a0velmi n\u00e1ro\u010dn\u00fd, dlouh\u00fd s velkou konkurenc\u00ed, bezkonkuren\u010dn\u00ed atmosf\u00e9rou a zam\u011b\u0159en\u00fd hlavn\u011b na z\u00e1vod\u011bn\u00ed. Perfektn\u011b jsme si zaz\u00e1vodili a Maroko n\u00e1m op\u011bt uk\u00e1zalo svoji velikost a kr\u00e1su.&#8221;<\/em><\/p>\n<h4>Kdy jste m\u011bli jasno, \u017ee se do Maroka vyd\u00e1te se sv\u00fdm Fordem?<\/h4>\n<p><em>&#8220;Rozhodnut\u00ed\u00a0padlo zhruba t\u0159i dny p\u0159ed odjezdem.\u00a0Bylo to v dob\u011b, kdy Ford Phoenix byl st\u00e1le v\u00a0ruk\u00e1ch mechanik\u016f v\u00a0Portugalsku\u00a0a my v\u016fbec nev\u011bd\u011bli, jak daleko je jeho fin\u00e1ln\u00ed f\u00e1ze dokon\u010den\u00ed.&#8221;<\/em><\/p>\n<h4>Stihli jste Bestii otestovat, nebo jste jeli rovnou do z\u00e1vodu?<\/h4>\n<p><em>&#8220;Test jsme m\u011bli ur\u010dit\u011b v pl\u00e1nu a m\u011bli jsme pro n\u011bj vyhrazen\u00fd t\u00e9m\u011b\u0159 cel\u00fd den.\u00a0V\u011bd\u011bli jsme, \u017ee pouh\u00fd jeden den je na test zcela nov\u011b postaven\u00e9ho auta m\u00e1lo, ale museli jsme\u00a0vyj\u00edt s t\u00edm, co n\u00e1m situace dovolovala. Nakonec jsme nem\u011bli\u00a0k dispozici na test ani ten jeden den.\u00a0Bohu\u017eel se pr\u00e1ce na Fordu Phoenix prot\u00e1hly a\u00a0p\u0159i p\u0159\u00edjezdu do\u00a0Portugalska v n\u00e1s panovaly\u00a0sm\u00ed\u0161en\u00e9 pocity, zda\u00a0bude v\u016fbec mo\u017en\u00e9 odstartovat. Nakonec jsme Ford Phoenix poprv\u00e9 nastartovali a ujeli s n\u00edm prvn\u00ed metry pouh\u00e9 dva dny p\u0159ed samotn\u00fdm startem z\u00e1vodu v dob\u011b,\u00a0kdy\u00a0jsme ji\u017e museli\u00a0okam\u017eit\u011b odjet na trajekt. Samotn\u00fd, opravdu velmi kr\u00e1tk\u00fd test, prob\u011bhl na marock\u00e9 d\u00e1lnici b\u011bhem\u00a0cesty z trajektu do Agadiru, kde se konaly administrativn\u00ed a technick\u00e9 p\u0159ej\u00edmky.&#8221;<\/em><\/p>\n<h4>Jak\u00e9 jste m\u011bli ambice na tento z\u00e1vod a jsi spokojen\u00fd s v\u00fdsledkem?<\/h4>\n<p><em>&#8220;Morocco Desert Challenge je jedn\u00edm z nejv\u011bt\u0161\u00edch z\u00e1vod\u016f sv\u011bta a moc dob\u0159e jsme si uv\u011bdomovali jeho n\u00e1strahy, obt\u00ed\u017enost i s\u00edlu konkurence. Pochopiteln\u011b jsme do z\u00e1vodu vyr\u00e1\u017eeli s c\u00edlem vybojovat co nejlep\u0161\u00ed um\u00edst\u011bn\u00ed. V dan\u00fd okam\u017eik jsme do z\u00e1vodu dali maximum. Kdy\u017e \u0159\u00edk\u00e1m dali, mysl\u00edm t\u00edm jak n\u00e1s s Tom\u00e1\u0161em, tak i na\u0161e mechaniky, kte\u0159\u00ed odvedli naprosto neuv\u011b\u0159itelnou pr\u00e1ci a\u00a0mnohokr\u00e1t pracovali na aut\u011b od odpoledn\u00edch hodin a\u017e do samotn\u00e9ho r\u00e1na. V\u00edm, \u017ee jsme do z\u00e1vodu dali v\u0161ichni sv\u00e9 maximum a\u00a0s ohledem na v\u0161echny ud\u00e1losti jsme s v\u00fdsledkem ur\u010dit\u011b spokojen\u00ed, proto\u017ee se n\u00e1m poda\u0159ilo navzdory v\u0161em p\u0159ek\u00e1\u017ek\u00e1m dorazit do c\u00edle.&#8221;<\/em>[\/vc_column_text][vc_single_image image=&#8221;5784&#8243; img_size=&#8221;large&#8221; add_caption=&#8221;yes&#8221; alignment=&#8221;center&#8221;][vc_column_text]<\/p>\n<h4>Co se ti honilo hlavou na startu prvn\u00ed etapy?<\/h4>\n<p><em>&#8220;Start do prvn\u00ed etapy byl pro n\u00e1s hodn\u011b\u00a0hektick\u00fd, po\u010d\u00e1te\u010dn\u00ed emoce a nap\u011bt\u00ed ze\u00a0samotn\u00e9ho z\u00e1vodu rychle vyhnala z hlavy z\u00e1vada v podob\u011b v\u00fdrazn\u011b unikaj\u00edc\u00edho motorov\u00e9ho oleje b\u011bhem p\u0159\u00edjezdu na start. V tu chv\u00edli bylo dokon\u010den\u00ed by\u0165 jen prvn\u00ed etapy velmi v nedohlednu. Na\u0161t\u011bst\u00ed Ford Phoenix vydr\u017eel a n\u00e1m se povedlo dorazit do c\u00edle prvn\u00ed etapy.&#8221;<\/em><\/p>\n<h4>Jak fungovalo nov\u00e9 auto, jste s n\u00edm spokojen\u00ed?<\/h4>\n<p><em>&#8220;Ford Phoenix n\u00e1s dovezl do c\u00edle, a to je hlavn\u00ed. Objevilo se n\u011bkolik z\u00e1vad, kter\u00e9 n\u00e1s st\u00e1ly zaj\u00edmav\u00e9 um\u00edst\u011bn\u00ed, nicm\u00e9n\u011b s ohledem na situaci b\u011bhem jeho stavby a zejm\u00e9na nedostatek \u010dasu pro po\u0159\u00e1dn\u00e9 otestov\u00e1n\u00ed jsme s t\u00edmto rizikem museli po\u010d\u00edtat.\u00a0\u00a0Na\u0161t\u011bst\u00ed se n\u00e1m poda\u0159ilo v\u0161echny z\u00e1vady odstranit\u00a0a z\u00e1rove\u0148 ji\u017e te\u010f v\u00edme, co je pot\u0159eba zm\u011bnit, aby se neopakovaly. Takto to zn\u00ed velmi lehce, nicm\u00e9n\u011b p\u0159i jedn\u00e9 z nejv\u00e1\u017en\u011bj\u0161\u00edch z\u00e1vad \u2013 po\u017e\u00e1ru auta v dun\u00e1ch \u2013 jsme za\u017eili velmi hork\u00e9 chv\u00edle, kdy jsme bojovali o v\u0161e.&#8221;<\/em><\/p>\n<h4>Na kter\u00fdch dal\u0161\u00edch z\u00e1vodech v\u00e1s m\u016f\u017eeme vid\u011bt?<\/h4>\n<p><em>&#8220;V\u011b\u0159\u00edm, \u017ee se ur\u010dit\u011b objev\u00edme na vybran\u00fdch evropsk\u00fdch baj\u00e1ch.&#8221;<\/em><\/p>\n<h4>Nepl\u00e1nujete ud\u011blat n\u011bjakou besedu, p\u0159\u00edpadn\u011b n\u011bkde uk\u00e1zat novou Bestii?<\/h4>\n<p><em>&#8220;Nejbli\u017e\u0161\u00ed setk\u00e1n\u00ed s fanou\u0161ky je ji\u017e velmi bl\u00edzko. Bude j\u00edm pra\u017esk\u00e1 motoristick\u00e1 show Legendy 2019. Tam bude k vid\u011bn\u00ed jak nov\u00fd Ford Phoenix, tak i na\u0161e t\u00fdmov\u00e9 z\u00e1zem\u00ed.&#8221;<\/em><\/p>\n<h4>\u0158\u00edk\u00e1te Fordu st\u00e1le Bestie, nebo si zaslou\u017eil novou p\u0159ezd\u00edvku, a to Phoenix?<\/h4>\n<p><em>&#8220;Nov\u00fd Ford nese jm\u00e9no Ford Phoenix. Zda je to \u00fapln\u011b \u0161\u0165astn\u011b zvolen\u00fd n\u00e1zev,\u00a0by mohlo b\u00fdt\u00a0po ud\u00e1losti v Maroku ot\u00e1zkou, nicm\u00e9n\u011b v\u011b\u0159\u00edme, \u017ee\u00a0t\u00edmto je ji\u017e s dokazov\u00e1n\u00edm p\u016fvodu jm\u00e9na\u00a0konec.&#8221;<\/em><\/p>\n<h4>Jak moc se li\u0161\u00ed navigace v Maroku a na Dakaru?<\/h4>\n<p><em>&#8220;Navigace\u00a0na\u00a0sout\u011b\u017e\u00edch tohoto typu je\u00a0naprosto stejn\u00e1, a proto je \u00fa\u010dast na takov\u00fdch z\u00e1vodech velkou zku\u0161enost\u00ed a\u00a0tr\u00e9ninkem na samotnou rally Dakar.&#8221;<\/em>[\/vc_column_text][vc_single_image image=&#8221;5786&#8243; img_size=&#8221;large&#8221; add_caption=&#8221;yes&#8221; alignment=&#8221;center&#8221;][vc_column_text]<\/p>\n<h4>Byl oproti minul\u00e9mu ro\u010dn\u00edku roadbook naps\u00e1n l\u00e9pe, nebo i letos na v\u00e1s \u010dekaly nebezpe\u010dn\u00e9 n\u00e1strahy, kter\u00e9 nebyly \u0159\u00e1dn\u011b vyzna\u010deny?<\/h4>\n<p><em>&#8220;Cross-country\u00a0rally je st\u00e1le rally tzv. &#8216;na o\u010di&#8217;. Z\u00e1rove\u0148 marock\u00e9 pisty a \u0159e\u010di\u0161t\u011b jsou mnohdy velmi zr\u00e1dn\u00e9, a i v leto\u0161n\u00edm roce na jejich n\u00e1strah\u00e1ch skon\u010dilo mnoho favorit\u016f z\u00e1vodu. Nicm\u00e9n\u011b mus\u00edm \u0159\u00edct, \u017ee podrobnost a p\u0159esnost roadbooku pro Morocco Desert Challenge op\u011bt potvrdila vysokou \u00farove\u0148 z\u00e1vodu. Roadbook je od organiz\u00e1tora ud\u011bl\u00e1n opravdu velmi precizn\u011b, nicm\u00e9n\u011b p\u0159\u00edroda je velmi siln\u00e1 a ne\u010dekan\u00e9 zm\u011bny po\u010das\u00ed t\u0159eba i b\u011bhem z\u00e1vodu mohou\u00a0na trati vytvo\u0159it nep\u0159ehledn\u00e1 a v hor\u0161\u00edm p\u0159\u00edpad\u011b\u00a0i velmi nebezpe\u010dn\u00e1 m\u00edsta.&#8221;<\/em><\/p>\n<h4>Vyu\u017eil jsi zde n\u011bjak\u00e9 zku\u0161enosti z\u00edskan\u00e9 p\u0159i z\u00e1vod\u011b, kter\u00fd jsi absolvoval <a href=\"https:\/\/www.dakarmania.cz\/index.php\/2019\/03\/12\/dubajsky-protiukol-davida-kripala\/\">s Martinem Prokopem v Dubaji<\/a>?<\/h4>\n<p><em>&#8220;Ka\u017ed\u00fd odjet\u00fd z\u00e1vod je velmi cennou zku\u0161enost\u00ed\u00a0pro \u00fa\u010dast na takto t\u011b\u017ek\u00e9m z\u00e1vod\u011b, proto jsem velmi r\u00e1d za ka\u017ed\u00fd odjet\u00fd z\u00e1vodn\u00ed kilometr.&#8221;<\/em><\/p>\n<h4>M\u00e1te v pl\u00e1nu n\u011bco p\u0159idat, nebo zm\u011bnit i na va\u0161em speci\u00e1lu?<\/h4>\n<p><em>&#8220;Na Fordu Phoenix maj\u00ed te\u010f na\u0161i mechanici op\u011bt mnoho pr\u00e1ce, z\u00e1rove\u0148 v tuto chv\u00edli ji\u017e v\u00edme o zm\u011bn\u00e1ch, kter\u00e9 je pot\u0159eba ud\u011blat\u00a0a\u0165 ji\u017e s ohledem na funk\u010dnost, nebo zefektivn\u011bn\u00ed pr\u00e1ce mechanik\u016f.&#8221;<\/em><\/p>\n<h4>Navigovat na takov\u00fdch z\u00e1vodech mus\u00ed b\u00fdt velice n\u00e1ro\u010dn\u00e9, p\u0159i velk\u00fdch rychlostech mus\u00ed b\u00fdt slo\u017eit\u00e9 vysv\u011btlit Tom\u00e1\u0161ovi kudy kam. M\u00e1te mezi sebou n\u011bjak\u00fd specifick\u00fd slovn\u00edk? Pokud ano, m\u016f\u017ee\u0161 n\u00e1m t\u0159eba prozradit n\u011bjak\u00e1 slovn\u00ed spojen\u00ed?<\/h4>\n<p><em>&#8220;Navigace m\u00e1 sv\u00e1 pravidla, kter\u00e1 jsou ji\u017e d\u00e1na\u00a0ofici\u00e1ln\u00edmi zna\u010dkami pou\u017e\u00edvan\u00fdmi v\u00a0roadbooku. K tomu pochopiteln\u011b m\u00e1me s Tom\u00e1\u0161em sv\u016fj\u00a0slovn\u00edk, kter\u00fd\u00a0pom\u016f\u017ee jednotliv\u00e9 situace v\u00edce p\u0159ibl\u00ed\u017eit a nachystat se tak na bl\u00ed\u017e\u00edc\u00ed se nebezpe\u010d\u00ed nebo zm\u011bnu sm\u011bru. Je to nap\u0159\u00edklad: Y Lev\u00e1,\u00a0Schod dol\u016f na t\u0159i,\u00a0\u0159e\u010di\u0161t\u011b rozbit\u00e9 na jedna, vegetace rozbit\u00e1 na dva apod., kdy \u010d\u00edslovky ur\u010duj\u00ed\u00a0m\u00edru nebezpe\u010d\u00ed.&#8221;<\/em><\/p>\n<p><em>&#8220;D\u011bkujeme v\u0161em na\u0161im fanou\u0161k\u016fm a \u010dten\u00e1\u0159\u016fm DAKAR MANIE za\u00a0velkou podporu a do dal\u0161\u00edch z\u00e1vod\u016f d\u00e1me op\u011bt maximum.&#8221;<\/em>[\/vc_column_text][\/vc_column][\/vc_row]<\/p>\n","protected":false},"excerpt":{"rendered":"<p>Zat\u00edmco v\u00a0roce 2017 v Maroku Tom\u00e1\u0161 Ou\u0159edn\u00ed\u010dek s\u00a0Davidem K\u0159\u00edpalem zv\u00edt\u011bzili, v\u00a0roce 2018 zde za\u017eila v\u00e1\u017enou nehodu. Letos zde oslavili &#8216;prvn\u00ed narozeniny&#8217;.<\/p>\n","protected":false},"author":5,"featured_media":5787,"comment_status":"open","ping_status":"closed","sticky":false,"template":"","format":"standard","meta":{"footnotes":""},"categories":[3,301],"tags":[425,10,11,302,244,517,7],"class_list":["post-5782","post","type-post","status-publish","format-standard","has-post-thumbnail","hentry","category-auto","category-morocco-desert-challenge","tag-425","tag-david-kripal","tag-ford","tag-morocco-desert-challenge","tag-morocco-desert-challenge-2019","tag-south-racing-ce","tag-tomas-ourednicek"],"yoast_head":"<!-- This site is optimized with the Yoast SEO plugin v24.9 - https:\/\/yoast.com\/wordpress\/plugins\/seo\/ -->\n<title>David K\u0159\u00edpal: Maroko op\u011bt naplnilo ve\u0161ker\u00e1 na\u0161e o\u010dek\u00e1v\u00e1n\u00ed - DAKARMANIA.cz<\/title>\n<meta name=\"description\" content=\"Zat\u00edmco v\u00a0roce 2017 v Maroku Tom\u00e1\u0161 Ou\u0159edn\u00ed\u010dek s\u00a0Davidem K\u0159\u00edpalem zv\u00edt\u011bzili, v\u00a0roce 2018 zde za\u017eila v\u00e1\u017enou nehodu. Letos zde oslavili &#039;prvn\u00ed narozeniny&#039;.\" \/>\n<meta name=\"robots\" content=\"index, follow, max-snippet:-1, max-image-preview:large, max-video-preview:-1\" \/>\n<link rel=\"canonical\" href=\"https:\/\/www.dakarmania.cz\/index.php\/2019\/04\/28\/david-kripal-zavod-opet-naplnil-veskera-nase-ocekavani\/\" \/>\n<meta property=\"og:locale\" content=\"cs_CZ\" \/>\n<meta property=\"og:type\" content=\"article\" \/>\n<meta property=\"og:title\" content=\"David K\u0159\u00edpal: Maroko op\u011bt naplnilo ve\u0161ker\u00e1 na\u0161e o\u010dek\u00e1v\u00e1n\u00ed - DAKARMANIA.cz\" \/>\n<meta property=\"og:description\" content=\"Zat\u00edmco v\u00a0roce 2017 v Maroku Tom\u00e1\u0161 Ou\u0159edn\u00ed\u010dek s\u00a0Davidem K\u0159\u00edpalem zv\u00edt\u011bzili, v\u00a0roce 2018 zde za\u017eila v\u00e1\u017enou nehodu. Letos zde oslavili &#039;prvn\u00ed narozeniny&#039;.\" \/>\n<meta property=\"og:url\" content=\"https:\/\/www.dakarmania.cz\/index.php\/2019\/04\/28\/david-kripal-zavod-opet-naplnil-veskera-nase-ocekavani\/\" \/>\n<meta property=\"og:site_name\" content=\"DAKARMANIA.cz\" \/>\n<meta property=\"article:publisher\" content=\"https:\/\/www.facebook.com\/dakarmania\/\" \/>\n<meta property=\"article:author\" content=\"www.facebook.com\/foto.MBlazek\" \/>\n<meta property=\"article:published_time\" content=\"2019-04-28T09:59:58+00:00\" \/>\n<meta property=\"article:modified_time\" content=\"2023-08-23T07:25:13+00:00\" \/>\n<meta property=\"og:image\" content=\"https:\/\/www.dakarmania.cz\/wp-content\/uploads\/2019\/04\/57503223_2250834238318186_5099982508167004160_o.jpg\" \/>\n\t<meta property=\"og:image:width\" content=\"1920\" \/>\n\t<meta property=\"og:image:height\" content=\"1284\" \/>\n\t<meta property=\"og:image:type\" content=\"image\/jpeg\" \/>\n<meta name=\"author\" content=\"Martin Bla\u017eek\" \/>\n<meta name=\"twitter:card\" content=\"summary_large_image\" \/>\n<meta name=\"twitter:label1\" content=\"Napsal(a)\" \/>\n\t<meta name=\"twitter:data1\" content=\"Martin Bla\u017eek\" \/>\n\t<meta name=\"twitter:label2\" content=\"Odhadovan\u00e1 doba \u010dten\u00ed\" \/>\n\t<meta name=\"twitter:data2\" content=\"6 minut\" \/>\n<script type=\"application\/ld+json\" class=\"yoast-schema-graph\">{\"@context\":\"https:\/\/schema.org\",\"@graph\":[{\"@type\":\"Article\",\"@id\":\"https:\/\/www.dakarmania.cz\/index.php\/2019\/04\/28\/david-kripal-zavod-opet-naplnil-veskera-nase-ocekavani\/#article\",\"isPartOf\":{\"@id\":\"https:\/\/www.dakarmania.cz\/index.php\/2019\/04\/28\/david-kripal-zavod-opet-naplnil-veskera-nase-ocekavani\/\"},\"author\":{\"name\":\"Martin Bla\u017eek\",\"@id\":\"https:\/\/www.dakarmania.cz\/#\/schema\/person\/390fc5c33caa9446f6bb0e31e14ddc67\"},\"headline\":\"David K\u0159\u00edpal: Maroko op\u011bt naplnilo ve\u0161ker\u00e1 na\u0161e o\u010dek\u00e1v\u00e1n\u00ed\",\"datePublished\":\"2019-04-28T09:59:58+00:00\",\"dateModified\":\"2023-08-23T07:25:13+00:00\",\"mainEntityOfPage\":{\"@id\":\"https:\/\/www.dakarmania.cz\/index.php\/2019\/04\/28\/david-kripal-zavod-opet-naplnil-veskera-nase-ocekavani\/\"},\"wordCount\":1485,\"commentCount\":0,\"publisher\":{\"@id\":\"https:\/\/www.dakarmania.cz\/#organization\"},\"image\":{\"@id\":\"https:\/\/www.dakarmania.cz\/index.php\/2019\/04\/28\/david-kripal-zavod-opet-naplnil-veskera-nase-ocekavani\/#primaryimage\"},\"thumbnailUrl\":\"https:\/\/www.dakarmania.cz\/wp-content\/uploads\/2019\/04\/57503223_2250834238318186_5099982508167004160_o.jpg\",\"keywords\":[\"2019\",\"David K\u0159\u00edpal\",\"Ford\",\"Morocco Desert Challenge\",\"Morocco Desert Challenge 2019\",\"South Racing CE\",\"Tom\u00e1\u0161 Ou\u0159edn\u00ed\u010dek\"],\"articleSection\":[\"Auto\",\"Morocco Desert Challenge\"],\"inLanguage\":\"cs\",\"potentialAction\":[{\"@type\":\"CommentAction\",\"name\":\"Comment\",\"target\":[\"https:\/\/www.dakarmania.cz\/index.php\/2019\/04\/28\/david-kripal-zavod-opet-naplnil-veskera-nase-ocekavani\/#respond\"]}]},{\"@type\":\"WebPage\",\"@id\":\"https:\/\/www.dakarmania.cz\/index.php\/2019\/04\/28\/david-kripal-zavod-opet-naplnil-veskera-nase-ocekavani\/\",\"url\":\"https:\/\/www.dakarmania.cz\/index.php\/2019\/04\/28\/david-kripal-zavod-opet-naplnil-veskera-nase-ocekavani\/\",\"name\":\"David K\u0159\u00edpal: Maroko op\u011bt naplnilo ve\u0161ker\u00e1 na\u0161e o\u010dek\u00e1v\u00e1n\u00ed - DAKARMANIA.cz\",\"isPartOf\":{\"@id\":\"https:\/\/www.dakarmania.cz\/#website\"},\"primaryImageOfPage\":{\"@id\":\"https:\/\/www.dakarmania.cz\/index.php\/2019\/04\/28\/david-kripal-zavod-opet-naplnil-veskera-nase-ocekavani\/#primaryimage\"},\"image\":{\"@id\":\"https:\/\/www.dakarmania.cz\/index.php\/2019\/04\/28\/david-kripal-zavod-opet-naplnil-veskera-nase-ocekavani\/#primaryimage\"},\"thumbnailUrl\":\"https:\/\/www.dakarmania.cz\/wp-content\/uploads\/2019\/04\/57503223_2250834238318186_5099982508167004160_o.jpg\",\"datePublished\":\"2019-04-28T09:59:58+00:00\",\"dateModified\":\"2023-08-23T07:25:13+00:00\",\"description\":\"Zat\u00edmco v\u00a0roce 2017 v Maroku Tom\u00e1\u0161 Ou\u0159edn\u00ed\u010dek s\u00a0Davidem K\u0159\u00edpalem zv\u00edt\u011bzili, v\u00a0roce 2018 zde za\u017eila v\u00e1\u017enou nehodu. Letos zde oslavili 'prvn\u00ed narozeniny'.\",\"breadcrumb\":{\"@id\":\"https:\/\/www.dakarmania.cz\/index.php\/2019\/04\/28\/david-kripal-zavod-opet-naplnil-veskera-nase-ocekavani\/#breadcrumb\"},\"inLanguage\":\"cs\",\"potentialAction\":[{\"@type\":\"ReadAction\",\"target\":[\"https:\/\/www.dakarmania.cz\/index.php\/2019\/04\/28\/david-kripal-zavod-opet-naplnil-veskera-nase-ocekavani\/\"]}]},{\"@type\":\"ImageObject\",\"inLanguage\":\"cs\",\"@id\":\"https:\/\/www.dakarmania.cz\/index.php\/2019\/04\/28\/david-kripal-zavod-opet-naplnil-veskera-nase-ocekavani\/#primaryimage\",\"url\":\"https:\/\/www.dakarmania.cz\/wp-content\/uploads\/2019\/04\/57503223_2250834238318186_5099982508167004160_o.jpg\",\"contentUrl\":\"https:\/\/www.dakarmania.cz\/wp-content\/uploads\/2019\/04\/57503223_2250834238318186_5099982508167004160_o.jpg\",\"width\":1920,\"height\":1284,\"caption\":\"Tom\u00e1\u0161 Ou\u0159edn\u00ed\u010dek \/ David K\u0159\u00edpal, Ford Ranger Dakar, South Racing CE. Morocco Desert Challenge 2019. \u00a9 MDC Media\/Rallymaniacs\"},{\"@type\":\"BreadcrumbList\",\"@id\":\"https:\/\/www.dakarmania.cz\/index.php\/2019\/04\/28\/david-kripal-zavod-opet-naplnil-veskera-nase-ocekavani\/#breadcrumb\",\"itemListElement\":[{\"@type\":\"ListItem\",\"position\":1,\"name\":\"Dom\u016f\",\"item\":\"https:\/\/www.dakarmania.cz\/\"},{\"@type\":\"ListItem\",\"position\":2,\"name\":\"David K\u0159\u00edpal: Maroko op\u011bt naplnilo ve\u0161ker\u00e1 na\u0161e o\u010dek\u00e1v\u00e1n\u00ed\"}]},{\"@type\":\"WebSite\",\"@id\":\"https:\/\/www.dakarmania.cz\/#website\",\"url\":\"https:\/\/www.dakarmania.cz\/\",\"name\":\"DAKARMANIA.cz\",\"description\":\"\u017dijeme Dakarem cel\u00fd rok\",\"publisher\":{\"@id\":\"https:\/\/www.dakarmania.cz\/#organization\"},\"potentialAction\":[{\"@type\":\"SearchAction\",\"target\":{\"@type\":\"EntryPoint\",\"urlTemplate\":\"https:\/\/www.dakarmania.cz\/?s={search_term_string}\"},\"query-input\":{\"@type\":\"PropertyValueSpecification\",\"valueRequired\":true,\"valueName\":\"search_term_string\"}}],\"inLanguage\":\"cs\"},{\"@type\":\"Organization\",\"@id\":\"https:\/\/www.dakarmania.cz\/#organization\",\"name\":\"DAKAR MANIA\",\"url\":\"https:\/\/www.dakarmania.cz\/\",\"logo\":{\"@type\":\"ImageObject\",\"inLanguage\":\"cs\",\"@id\":\"https:\/\/www.dakarmania.cz\/#\/schema\/logo\/image\/\",\"url\":\"https:\/\/www.dakarmania.cz\/wp-content\/uploads\/2018\/12\/Dakar-Mania-Logo-Square-Orange.png\",\"contentUrl\":\"https:\/\/www.dakarmania.cz\/wp-content\/uploads\/2018\/12\/Dakar-Mania-Logo-Square-Orange.png\",\"width\":992,\"height\":992,\"caption\":\"DAKAR MANIA\"},\"image\":{\"@id\":\"https:\/\/www.dakarmania.cz\/#\/schema\/logo\/image\/\"},\"sameAs\":[\"https:\/\/www.facebook.com\/dakarmania\/\"]},{\"@type\":\"Person\",\"@id\":\"https:\/\/www.dakarmania.cz\/#\/schema\/person\/390fc5c33caa9446f6bb0e31e14ddc67\",\"name\":\"Martin Bla\u017eek\",\"image\":{\"@type\":\"ImageObject\",\"inLanguage\":\"cs\",\"@id\":\"https:\/\/www.dakarmania.cz\/#\/schema\/person\/image\/\",\"url\":\"https:\/\/secure.gravatar.com\/avatar\/b29a76006271cd6279c5abed26d87ed499e6e05513b8a216432867e71241706c?s=96&d=mm&r=g\",\"contentUrl\":\"https:\/\/secure.gravatar.com\/avatar\/b29a76006271cd6279c5abed26d87ed499e6e05513b8a216432867e71241706c?s=96&d=mm&r=g\",\"caption\":\"Martin Bla\u017eek\"},\"description\":\"Ve 14 letech jsem za\u010dal fotit r\u016fzn\u011b p\u0159\u00edrodu. Po dvou letech m\u011b napadlo za\u017e\u00e1dat o akreditaci na Dakar setk\u00e1n\u00ed 2017 v Sosnov\u00e9. Vy\u0161lo to! No a od t\u00e9 doby fot\u00edm v\u00edce a v\u00edce akc\u00ed spojen\u00e9 s motorsportem. Fotky jsem p\u0159id\u00e1val jen na svoji str\u00e1nku na Facebooku, tak pro\u010d nespolupracovat na projektu DAKAR MANIA.\",\"sameAs\":[\"www.facebook.com\/foto.MBlazek\",\"http:\/\/www.instagram.com\/foto.mblazek\"],\"url\":\"https:\/\/www.dakarmania.cz\/index.php\/author\/mblazek\/\"}]}<\/script>\n<!-- \/ Yoast SEO plugin. -->","yoast_head_json":{"title":"David K\u0159\u00edpal: Maroko op\u011bt naplnilo ve\u0161ker\u00e1 na\u0161e o\u010dek\u00e1v\u00e1n\u00ed - DAKARMANIA.cz","description":"Zat\u00edmco v\u00a0roce 2017 v Maroku Tom\u00e1\u0161 Ou\u0159edn\u00ed\u010dek s\u00a0Davidem K\u0159\u00edpalem zv\u00edt\u011bzili, v\u00a0roce 2018 zde za\u017eila v\u00e1\u017enou nehodu. Letos zde oslavili 'prvn\u00ed narozeniny'.","robots":{"index":"index","follow":"follow","max-snippet":"max-snippet:-1","max-image-preview":"max-image-preview:large","max-video-preview":"max-video-preview:-1"},"canonical":"https:\/\/www.dakarmania.cz\/index.php\/2019\/04\/28\/david-kripal-zavod-opet-naplnil-veskera-nase-ocekavani\/","og_locale":"cs_CZ","og_type":"article","og_title":"David K\u0159\u00edpal: Maroko op\u011bt naplnilo ve\u0161ker\u00e1 na\u0161e o\u010dek\u00e1v\u00e1n\u00ed - DAKARMANIA.cz","og_description":"Zat\u00edmco v\u00a0roce 2017 v Maroku Tom\u00e1\u0161 Ou\u0159edn\u00ed\u010dek s\u00a0Davidem K\u0159\u00edpalem zv\u00edt\u011bzili, v\u00a0roce 2018 zde za\u017eila v\u00e1\u017enou nehodu. Letos zde oslavili 'prvn\u00ed narozeniny'.","og_url":"https:\/\/www.dakarmania.cz\/index.php\/2019\/04\/28\/david-kripal-zavod-opet-naplnil-veskera-nase-ocekavani\/","og_site_name":"DAKARMANIA.cz","article_publisher":"https:\/\/www.facebook.com\/dakarmania\/","article_author":"www.facebook.com\/foto.MBlazek","article_published_time":"2019-04-28T09:59:58+00:00","article_modified_time":"2023-08-23T07:25:13+00:00","og_image":[{"width":1920,"height":1284,"url":"https:\/\/www.dakarmania.cz\/wp-content\/uploads\/2019\/04\/57503223_2250834238318186_5099982508167004160_o.jpg","type":"image\/jpeg"}],"author":"Martin Bla\u017eek","twitter_card":"summary_large_image","twitter_misc":{"Napsal(a)":"Martin Bla\u017eek","Odhadovan\u00e1 doba \u010dten\u00ed":"6 minut"},"schema":{"@context":"https:\/\/schema.org","@graph":[{"@type":"Article","@id":"https:\/\/www.dakarmania.cz\/index.php\/2019\/04\/28\/david-kripal-zavod-opet-naplnil-veskera-nase-ocekavani\/#article","isPartOf":{"@id":"https:\/\/www.dakarmania.cz\/index.php\/2019\/04\/28\/david-kripal-zavod-opet-naplnil-veskera-nase-ocekavani\/"},"author":{"name":"Martin Bla\u017eek","@id":"https:\/\/www.dakarmania.cz\/#\/schema\/person\/390fc5c33caa9446f6bb0e31e14ddc67"},"headline":"David K\u0159\u00edpal: Maroko op\u011bt naplnilo ve\u0161ker\u00e1 na\u0161e o\u010dek\u00e1v\u00e1n\u00ed","datePublished":"2019-04-28T09:59:58+00:00","dateModified":"2023-08-23T07:25:13+00:00","mainEntityOfPage":{"@id":"https:\/\/www.dakarmania.cz\/index.php\/2019\/04\/28\/david-kripal-zavod-opet-naplnil-veskera-nase-ocekavani\/"},"wordCount":1485,"commentCount":0,"publisher":{"@id":"https:\/\/www.dakarmania.cz\/#organization"},"image":{"@id":"https:\/\/www.dakarmania.cz\/index.php\/2019\/04\/28\/david-kripal-zavod-opet-naplnil-veskera-nase-ocekavani\/#primaryimage"},"thumbnailUrl":"https:\/\/www.dakarmania.cz\/wp-content\/uploads\/2019\/04\/57503223_2250834238318186_5099982508167004160_o.jpg","keywords":["2019","David K\u0159\u00edpal","Ford","Morocco Desert Challenge","Morocco Desert Challenge 2019","South Racing CE","Tom\u00e1\u0161 Ou\u0159edn\u00ed\u010dek"],"articleSection":["Auto","Morocco Desert Challenge"],"inLanguage":"cs","potentialAction":[{"@type":"CommentAction","name":"Comment","target":["https:\/\/www.dakarmania.cz\/index.php\/2019\/04\/28\/david-kripal-zavod-opet-naplnil-veskera-nase-ocekavani\/#respond"]}]},{"@type":"WebPage","@id":"https:\/\/www.dakarmania.cz\/index.php\/2019\/04\/28\/david-kripal-zavod-opet-naplnil-veskera-nase-ocekavani\/","url":"https:\/\/www.dakarmania.cz\/index.php\/2019\/04\/28\/david-kripal-zavod-opet-naplnil-veskera-nase-ocekavani\/","name":"David K\u0159\u00edpal: Maroko op\u011bt naplnilo ve\u0161ker\u00e1 na\u0161e o\u010dek\u00e1v\u00e1n\u00ed - DAKARMANIA.cz","isPartOf":{"@id":"https:\/\/www.dakarmania.cz\/#website"},"primaryImageOfPage":{"@id":"https:\/\/www.dakarmania.cz\/index.php\/2019\/04\/28\/david-kripal-zavod-opet-naplnil-veskera-nase-ocekavani\/#primaryimage"},"image":{"@id":"https:\/\/www.dakarmania.cz\/index.php\/2019\/04\/28\/david-kripal-zavod-opet-naplnil-veskera-nase-ocekavani\/#primaryimage"},"thumbnailUrl":"https:\/\/www.dakarmania.cz\/wp-content\/uploads\/2019\/04\/57503223_2250834238318186_5099982508167004160_o.jpg","datePublished":"2019-04-28T09:59:58+00:00","dateModified":"2023-08-23T07:25:13+00:00","description":"Zat\u00edmco v\u00a0roce 2017 v Maroku Tom\u00e1\u0161 Ou\u0159edn\u00ed\u010dek s\u00a0Davidem K\u0159\u00edpalem zv\u00edt\u011bzili, v\u00a0roce 2018 zde za\u017eila v\u00e1\u017enou nehodu. Letos zde oslavili 'prvn\u00ed narozeniny'.","breadcrumb":{"@id":"https:\/\/www.dakarmania.cz\/index.php\/2019\/04\/28\/david-kripal-zavod-opet-naplnil-veskera-nase-ocekavani\/#breadcrumb"},"inLanguage":"cs","potentialAction":[{"@type":"ReadAction","target":["https:\/\/www.dakarmania.cz\/index.php\/2019\/04\/28\/david-kripal-zavod-opet-naplnil-veskera-nase-ocekavani\/"]}]},{"@type":"ImageObject","inLanguage":"cs","@id":"https:\/\/www.dakarmania.cz\/index.php\/2019\/04\/28\/david-kripal-zavod-opet-naplnil-veskera-nase-ocekavani\/#primaryimage","url":"https:\/\/www.dakarmania.cz\/wp-content\/uploads\/2019\/04\/57503223_2250834238318186_5099982508167004160_o.jpg","contentUrl":"https:\/\/www.dakarmania.cz\/wp-content\/uploads\/2019\/04\/57503223_2250834238318186_5099982508167004160_o.jpg","width":1920,"height":1284,"caption":"Tom\u00e1\u0161 Ou\u0159edn\u00ed\u010dek \/ David K\u0159\u00edpal, Ford Ranger Dakar, South Racing CE. Morocco Desert Challenge 2019. \u00a9 MDC Media\/Rallymaniacs"},{"@type":"BreadcrumbList","@id":"https:\/\/www.dakarmania.cz\/index.php\/2019\/04\/28\/david-kripal-zavod-opet-naplnil-veskera-nase-ocekavani\/#breadcrumb","itemListElement":[{"@type":"ListItem","position":1,"name":"Dom\u016f","item":"https:\/\/www.dakarmania.cz\/"},{"@type":"ListItem","position":2,"name":"David K\u0159\u00edpal: Maroko op\u011bt naplnilo ve\u0161ker\u00e1 na\u0161e o\u010dek\u00e1v\u00e1n\u00ed"}]},{"@type":"WebSite","@id":"https:\/\/www.dakarmania.cz\/#website","url":"https:\/\/www.dakarmania.cz\/","name":"DAKARMANIA.cz","description":"\u017dijeme Dakarem cel\u00fd rok","publisher":{"@id":"https:\/\/www.dakarmania.cz\/#organization"},"potentialAction":[{"@type":"SearchAction","target":{"@type":"EntryPoint","urlTemplate":"https:\/\/www.dakarmania.cz\/?s={search_term_string}"},"query-input":{"@type":"PropertyValueSpecification","valueRequired":true,"valueName":"search_term_string"}}],"inLanguage":"cs"},{"@type":"Organization","@id":"https:\/\/www.dakarmania.cz\/#organization","name":"DAKAR MANIA","url":"https:\/\/www.dakarmania.cz\/","logo":{"@type":"ImageObject","inLanguage":"cs","@id":"https:\/\/www.dakarmania.cz\/#\/schema\/logo\/image\/","url":"https:\/\/www.dakarmania.cz\/wp-content\/uploads\/2018\/12\/Dakar-Mania-Logo-Square-Orange.png","contentUrl":"https:\/\/www.dakarmania.cz\/wp-content\/uploads\/2018\/12\/Dakar-Mania-Logo-Square-Orange.png","width":992,"height":992,"caption":"DAKAR MANIA"},"image":{"@id":"https:\/\/www.dakarmania.cz\/#\/schema\/logo\/image\/"},"sameAs":["https:\/\/www.facebook.com\/dakarmania\/"]},{"@type":"Person","@id":"https:\/\/www.dakarmania.cz\/#\/schema\/person\/390fc5c33caa9446f6bb0e31e14ddc67","name":"Martin Bla\u017eek","image":{"@type":"ImageObject","inLanguage":"cs","@id":"https:\/\/www.dakarmania.cz\/#\/schema\/person\/image\/","url":"https:\/\/secure.gravatar.com\/avatar\/b29a76006271cd6279c5abed26d87ed499e6e05513b8a216432867e71241706c?s=96&d=mm&r=g","contentUrl":"https:\/\/secure.gravatar.com\/avatar\/b29a76006271cd6279c5abed26d87ed499e6e05513b8a216432867e71241706c?s=96&d=mm&r=g","caption":"Martin Bla\u017eek"},"description":"Ve 14 letech jsem za\u010dal fotit r\u016fzn\u011b p\u0159\u00edrodu. Po dvou letech m\u011b napadlo za\u017e\u00e1dat o akreditaci na Dakar setk\u00e1n\u00ed 2017 v Sosnov\u00e9. Vy\u0161lo to! No a od t\u00e9 doby fot\u00edm v\u00edce a v\u00edce akc\u00ed spojen\u00e9 s motorsportem. Fotky jsem p\u0159id\u00e1val jen na svoji str\u00e1nku na Facebooku, tak pro\u010d nespolupracovat na projektu DAKAR MANIA.","sameAs":["www.facebook.com\/foto.MBlazek","http:\/\/www.instagram.com\/foto.mblazek"],"url":"https:\/\/www.dakarmania.cz\/index.php\/author\/mblazek\/"}]}},"amp_enabled":true,"_links":{"self":[{"href":"https:\/\/www.dakarmania.cz\/index.php\/wp-json\/wp\/v2\/posts\/5782","targetHints":{"allow":["GET"]}}],"collection":[{"href":"https:\/\/www.dakarmania.cz\/index.php\/wp-json\/wp\/v2\/posts"}],"about":[{"href":"https:\/\/www.dakarmania.cz\/index.php\/wp-json\/wp\/v2\/types\/post"}],"author":[{"embeddable":true,"href":"https:\/\/www.dakarmania.cz\/index.php\/wp-json\/wp\/v2\/users\/5"}],"replies":[{"embeddable":true,"href":"https:\/\/www.dakarmania.cz\/index.php\/wp-json\/wp\/v2\/comments?post=5782"}],"version-history":[{"count":17,"href":"https:\/\/www.dakarmania.cz\/index.php\/wp-json\/wp\/v2\/posts\/5782\/revisions"}],"predecessor-version":[{"id":28862,"href":"https:\/\/www.dakarmania.cz\/index.php\/wp-json\/wp\/v2\/posts\/5782\/revisions\/28862"}],"wp:featuredmedia":[{"embeddable":true,"href":"https:\/\/www.dakarmania.cz\/index.php\/wp-json\/wp\/v2\/media\/5787"}],"wp:attachment":[{"href":"https:\/\/www.dakarmania.cz\/index.php\/wp-json\/wp\/v2\/media?parent=5782"}],"wp:term":[{"taxonomy":"category","embeddable":true,"href":"https:\/\/www.dakarmania.cz\/index.php\/wp-json\/wp\/v2\/categories?post=5782"},{"taxonomy":"post_tag","embeddable":true,"href":"https:\/\/www.dakarmania.cz\/index.php\/wp-json\/wp\/v2\/tags?post=5782"}],"curies":[{"name":"wp","href":"https:\/\/api.w.org\/{rel}","templated":true}]}}