{"id":5959,"date":"2019-05-02T00:10:21","date_gmt":"2019-05-01T22:10:21","guid":{"rendered":"https:\/\/www.dakarmania.cz\/?p=5959"},"modified":"2023-03-10T20:20:21","modified_gmt":"2023-03-10T19:20:21","slug":"marian-chytka-bojim-se-stereotypu","status":"publish","type":"post","link":"https:\/\/www.dakarmania.cz\/index.php\/2019\/05\/02\/marian-chytka-bojim-se-stereotypu\/","title":{"rendered":"Marian Chytka: Boj\u00edm se stereotypu"},"content":{"rendered":"<p>[vc_row][vc_column][vc_column_text]<\/p>\n<h4>Fotograf Marian Chytka se stal hv\u011bzdou. O jeho slu\u017eby stoj\u00ed nejv\u011bt\u0161\u00ed hr\u00e1\u010di p\u016fsob\u00edc\u00ed na sc\u00e9n\u011b d\u00e1lkov\u00fdch rally. Co do v\u011bhlasu se z \u010desk\u00fdch protagonist\u016f cross-country rally m\u016f\u017ee s MCH Photo v mezin\u00e1rodn\u00edm kontextu m\u011b\u0159it snad jen MP-Sports.<\/h4>\n<p>T\u00fdm <a href=\"https:\/\/www.dakarmania.cz\/index.php\/osobnosti\/martin-prokop\/\">Martina Prokopa<\/a> z\u00e1vod\u00ed v nejpresti\u017en\u011bj\u0161\u00ed kategorii automobil\u016f, objevuje se na v\u00fdznamn\u00fdch sout\u011b\u017e\u00edch i v pr\u016fb\u011bhu roku a pout\u00e1 pozornost zahrani\u010dn\u00edch fanou\u0161k\u016f, m\u00e9di\u00ed i soupe\u0159\u016f. Nicm\u00e9n\u011b pokud jde o poskytov\u00e1n\u00ed servisu jak\u00e9hokoliv druhu, je Chytka s partou sv\u00fdch spolupracovn\u00edk\u016f mimo\u0159\u00e1dn\u00fdm \u00fakazem. P\u0159itom zna\u010dku, kter\u00e1 je dnes z \u010desk\u00fdch subjekt\u016f ve sv\u011bt\u011b cross-country rally nej\u017e\u00e1dan\u011bj\u0161\u00ed, za\u010dal od nuly budovat de facto teprve p\u0159ed osmi lety.<\/p>\n<p>Pr\u016flomem byla pro Mariana Chytku nab\u00eddka spolupr\u00e1ce od n\u011bmeck\u00e9ho X-raidu v roce 2011. Od t\u00e9 doby u\u017e pracoval nebo st\u00e1le pracuje pro t\u00fdmy Peugeot, Kamaz, Yamaha, Honda, Overdrive, MP-Sports, Buggyra a mnoh\u00e9 dal\u0161\u00ed. D\u00edky Monster Energy, kter\u00fd byl sponzorem X-raidu, se dostal tak\u00e9 k dal\u0161\u00edm discipl\u00edn\u00e1m a \u0161ampion\u00e1t\u016fm (MS v rallycrossu, Moto GP). My jsme si ale pochopiteln\u011b pov\u00eddali hlavn\u011b o cross-country rally.<\/p>\n<p><strong>Mariane, ke cross-country rally jste se dostal p\u0159es bratra <a href=\"https:\/\/www.dakarmania.cz\/index.php\/osobnosti\/viktor-chytka\/\">Viktora<\/a>, kter\u00fd v n\u00ed s\u00e1m z\u00e1vod\u00ed. Nicm\u00e9n\u011b i pro v\u00e1s mus\u00ed b\u00fdt p\u0159ita\u017eliv\u00e1, kdy\u017e se j\u00ed tak dlouho a intenzivn\u011b v\u011bnujete. V \u010dem podle v\u00e1s tkv\u00ed kouzlo t\u00e9to discipl\u00edny?<\/strong><\/p>\n<p><em>\u201eKa\u017ed\u00fd z\u00e1vod a ka\u017ed\u00fd jeho den je jin\u00fd. Nen\u00ed to jako na okruz\u00edch. V cross-country rally se d\u00e1 skrze fotku pracovat s prost\u0159ed\u00edm. Na fotce m\u016f\u017eete zaj\u00edmav\u00fdm zp\u016fsobem zachytit, kde se z\u00e1vod\u00ed. Nav\u00edc je to dobrodru\u017estv\u00ed. Mus\u00edte si napl\u00e1novat logistiku, jezd\u00edte v ter\u00e9nu. Je to z\u00e1bava, p\u0159i kter\u00e9 pozn\u00e1v\u00e1te dal\u0161\u00ed a dal\u0161\u00ed nov\u011b v\u011bci. I kdy\u017e je pravda, \u017ee b\u011bhem z\u00e1vodu vlastn\u011b v\u016fbec nev\u00edm, v jak\u00e9 zemi jsem. Nevid\u00edm z n\u00ed skoro nic. Vlastn\u011b si prohl\u00e9dnu jen kousek na m\u00edst\u011b, kter\u00e9 jsme si vybrali na focen\u00ed.\u201c<\/em>[\/vc_column_text][vc_single_image image=&#8221;5953&#8243; img_size=&#8221;large&#8221; add_caption=&#8221;yes&#8221; alignment=&#8221;center&#8221;][vc_column_text]<\/p>\n<h4>M\u00e1te v\u016fbec prostor pohovo\u0159it si b\u011bhem rally s lidmi, pro kter\u00e9 pracujete? Nebo s nimi paradoxn\u011b komunikujete v\u00edc p\u0159ed a po sout\u011b\u017ei?<\/h4>\n<p><em>\u201eNa leto\u0161n\u00edm Dakaru jsme m\u011bli tro\u0161ku \u010dasu jen jednou. Byl to p\u0159edposledn\u00ed den. To jsem se stihl proj\u00edt po bivaku, pozdravil se s lidmi a trochu s nimi pohovo\u0159il. Ale jinak je to koloto\u010d p\u0159esun\u016f, focen\u00ed a editace. Od r\u00e1na do ve\u010dera. Ka\u017ed\u00fd den.\u201c<\/em><\/p>\n<h4>I kdy\u017e je na to b\u011bhem rally m\u00e1lo \u010dasu, na setk\u00e1n\u00ed s k\u00fdm se t\u011b\u0161\u00edte?<\/h4>\n<p><em>\u201eT\u011bch lid\u00ed je spousta. Sp\u00ed\u0161 nen\u00ed nikdo, na koho bych se vysloven\u011b net\u011b\u0161il. Super vztahy m\u00e1me s Kubou Przygo\u0144skim, s <a href=\"https:\/\/www.dakarmania.cz\/index.php\/osobnosti\/yazeed-al-rajhi\/\">Yazeedem Al-Rajhim<\/a>, s lidmi od X-raidu a samoz\u0159ejm\u011b s Martinem Prokopem. S Kubou a s Martinem jsme v kontaktu i mimo z\u00e1vody. Obt\u00ed\u017en\u011bj\u0161\u00ed spolupr\u00e1ce je snad jen s Carlosem Sainzem. Ten n\u00e1m moc vst\u0159\u00edc nikdy nevyjde. Ale on u\u017e je takov\u00fd. To se nejsp\u00ed\u0161 nikdy nezm\u011bn\u00ed.\u201c<\/em><\/p>\n<h4>U\u017e se n\u011bkdy stalo, \u017ee se v\u00e1m na napl\u00e1novanou sout\u011b\u017e necht\u011blo odjet a \u0159\u00edkal jste si, \u017ee byste rad\u011bji z\u016fstal doma a d\u011blal n\u011bco jin\u00e9ho?<\/h4>\n<p><em>\u201eOb\u010das se mi nechce, ale nikoliv na akci samotnou. Sp\u00ed\u0161 se net\u011b\u0161\u00edm na dlouhou cestu, kterou m\u00e1m p\u0159ed sebou. Kdy\u017e v\u00edm, \u017ee mus\u00edm brzy vst\u00e1t, jet dv\u011b hodiny na leti\u0161t\u011b, pak sedm hodin let\u011bt\u2026 Ale jakmile dolet\u00edm na m\u00edsto, okam\u017eit\u011b se to ztrat\u00ed. Vlastn\u011b jsem n\u011bco podobn\u00e9ho za\u017eil p\u0159ed dv\u011bma t\u00fddny, kdy jsem toho m\u011bl fakt hodn\u011b. Po t\u0159ech t\u00fddnech jsem se vr\u00e1til z Emir\u00e1t\u016f, doma jsem byl asi dv\u011b hodiny, a to jsem je\u0161t\u011b musel vyzvednout fo\u0165\u00e1ky, a u\u017e jsem zase let\u011bl pry\u010d. Po n\u00e1vratu jsem doma pobyl t\u0159i hodiny a vyr\u00e1\u017eel jsem znovu\u2026\u201c<\/em>[\/vc_column_text][vc_column_text css=&#8221;.vc_custom_1556719073696{padding-top: 5px !important;padding-right: 20px !important;padding-bottom: 20px !important;padding-left: 20px !important;background-color: #dbd9d9 !important;}&#8221;]<a href=\"http:\/\/www.mfmom.cz\/expozice-a-vystavy\/dakar-na-fotografiich-mariana-chytky-i142.html\" target=\"_blank\" rel=\"noopener\"><img loading=\"lazy\" decoding=\"async\" class=\"size-medium wp-image-5963 aligncenter\" style=\"font-size: 16px;\" src=\"https:\/\/www.dakarmania.cz\/wp-content\/uploads\/2019\/05\/marian-chytka-08.jpg\" alt=\"HRC, Dakar 2019\" width=\"600\" height=\"400\" srcset=\"https:\/\/www.dakarmania.cz\/wp-content\/uploads\/2019\/05\/marian-chytka-08.jpg 2048w, https:\/\/www.dakarmania.cz\/wp-content\/uploads\/2019\/05\/marian-chytka-08-300x200.jpg 300w, https:\/\/www.dakarmania.cz\/wp-content\/uploads\/2019\/05\/marian-chytka-08-768x512.jpg 768w, https:\/\/www.dakarmania.cz\/wp-content\/uploads\/2019\/05\/marian-chytka-08-1024x683.jpg 1024w, https:\/\/www.dakarmania.cz\/wp-content\/uploads\/2019\/05\/marian-chytka-08-825x550.jpg 825w, https:\/\/www.dakarmania.cz\/wp-content\/uploads\/2019\/05\/marian-chytka-08-447x298.jpg 447w, https:\/\/www.dakarmania.cz\/wp-content\/uploads\/2019\/05\/marian-chytka-08-600x400.jpg 600w\" sizes=\"auto, (max-width: 600px) 100vw, 600px\" \/><\/a><\/p>\n<h3 style=\"text-align: center;\"><a href=\"http:\/\/www.mfmom.cz\/expozice-a-vystavy\/dakar-na-fotografiich-mariana-chytky-i142.html\" target=\"_blank\" rel=\"noopener\">DAKAR NA FOTOGRAFI\u00cdCH<br \/>\nMariana Chytky<\/a><\/h3>\n<p style=\"text-align: center;\">v\u00fdstava |\u00a0do 16. \u010dervna 2019 |\u00a0Jind\u0159ich\u016fv Hradec<br \/>\nv\u00edce\u00a0<strong><a href=\"http:\/\/www.mfmom.cz\/expozice-a-vystavy\/dakar-na-fotografiich-mariana-chytky-i142.html\" target=\"_blank\" rel=\"noopener\">zde<\/a><\/strong><\/p>\n<p>[\/vc_column_text][vc_column_text]<\/p>\n<h4>Je v\u00e1\u0161 kalend\u00e1\u0159 \u00fapln\u011b pln\u00fd a\u017e do p\u0159\u00ed\u0161t\u00edho Dakaru, nebo v n\u011bm je\u0161t\u011b zb\u00fdv\u00e1 m\u00edsto pro dal\u0161\u00ed zak\u00e1zky, kter\u00e9 by se mohly p\u0159\u00edpadn\u011b objevit?<\/h4>\n<p><em>\u201eCel\u00fd rok m\u00e1m u\u017e te\u010f napl\u00e1novan\u00fd. Letos se sna\u017e\u00edm d\u011blat i jin\u00e9 v\u011bci, proto\u017ee i v tomto ohledu se boj\u00edm stereotypu. Tak z deseti procent se sna\u017e\u00edm fotit i jin\u00e9 v\u011bci ne\u017e motorsport. Cross-country rally m\u00e1m r\u00e1d i proto, \u017ee v n\u00ed stereotyp tolik nehroz\u00ed. I kdy\u017e jste t\u0159eba na Abu Dhabi Desert Challenge u\u017e podes\u00e1t\u00e9, nikdy to nen\u00ed stejn\u00e9. P\u0159\u00edle\u017eitost\u00ed na focen\u00ed je tolik, \u017ee si v\u017edy m\u016f\u017eete vybrat. Nikdy se nemus\u00edte opakovat. Ka\u017ed\u00fd rok m\u016f\u017ee b\u00fdt jin\u00fd.\u201c<\/em><\/p>\n<h4>M\u00e1te b\u011bhem roku v\u016fbec \u010das na odpo\u010dinek?<\/h4>\n<p><em>\u201eP\u0159ed a po Dakaru tro\u0161ku \u010dasu je. D\u00e1 se \u0159\u00edct, \u017ee \u00fanor a prosinec jsou voln\u011bj\u0161\u00ed. I kdy\u017e je pravda, \u017ee letos toho bylo trochu v\u00edc. P\u0159eci jen se sna\u017e\u00edm budovat zna\u010dku, n\u011bjak\u00fdm zp\u016fsobem p\u016fsobit medi\u00e1ln\u011b, nav\u00edc jsme p\u0159ipravovali n\u011bjak\u00e9 knihy a kalend\u00e1\u0159e pro klienty. K tomu je pot\u0159eba za\u0159\u00eddit rezervace letenek, s\u00e1m si d\u011bl\u00e1m smlouvy. Tak\u017ee a\u010dkoliv fotky jsou z devades\u00e1ti procent zpracovan\u00e9, sed\u00edm doma u po\u010d\u00edta\u010de a v\u011bnuji se m\u00e9n\u011b z\u00e1bavn\u00fdm v\u011bcem. Krom\u011b toho samoz\u0159ejm\u011b neust\u00e1le komunikuji s klienty, co\u017e tak\u00e9 zabere n\u011bjak\u00fd \u010das.\u201c<\/em><\/p>\n<h4>V\u00edte u\u017e te\u010f, koho budete fotit na Dakaru 2020?<\/h4>\n<p><em>\u201eJe to tak pades\u00e1t na pades\u00e1t. S polovinou klient\u016f jsme u\u017e te\u010f dohodnut\u00ed, s druhou p\u016flkou budeme v\u0161e dola\u010fovat pozd\u011bji. Ze zku\u0161enost\u00ed v\u00edm, \u017ee celkem intenzivn\u00ed komunikace m\u011b \u010dek\u00e1 tak od za\u010d\u00e1tku \u0159\u00edjna. Pro \u0159adu z nich jsou toti\u017e fotky a\u017e t\u00edm posledn\u00edm, co \u0159e\u0161\u00ed. Logicky je pot\u0159eba nejprve zajistit finance, techniku apod. Pokud jde o fotky, v\u011bd\u00ed, \u017ee to n\u011bjak dopadne. Proto jedn\u00e1n\u00ed o nich nech\u00e1vaj\u00ed a\u017e na posledn\u00ed chv\u00edli, kdy je v\u0161e ostatn\u00ed hotov\u00e9.\u201c<\/em>[\/vc_column_text][vc_single_image image=&#8221;5954&#8243; img_size=&#8221;large&#8221; add_caption=&#8221;yes&#8221; alignment=&#8221;center&#8221;][vc_column_text]<em>\u201eI letos jsem m\u011bl Dakar n\u011bjak napl\u00e1novan\u00fd, ale t\u011bsn\u011b p\u0159ed sout\u011b\u017e\u00ed se ozvali dal\u0161\u00ed lid\u00e9. Odm\u00edtnout jsem je nemohl, proto\u017ee se jednalo o z\u00e1vodn\u00edky, kte\u0159\u00ed jezd\u00ed i b\u011bhem roku. A o n\u011b pochopiteln\u011b stoj\u00edme, abychom na men\u0161\u00edch sout\u011b\u017e\u00edch v pr\u016fb\u011bhu sezony m\u011bli v\u00edce klient\u016f a aby to d\u00e1valo ekonomicky co nejv\u011bt\u0161\u00ed smysl.\u201c<\/em><\/p>\n<h4>Za zna\u010dkou MCH Photo nejste jen vy. Jak po\u010detn\u00e1 b\u00fdv\u00e1 va\u0161e v\u00fdprava na Dakaru?<\/h4>\n<p><em>\u201eLetos n\u00e1s bylo na Dakaru p\u011bt. \u010cty\u0159i fotografov\u00e9 a dal\u0161\u00ed \u010dlov\u011bk, kter\u00fd n\u00e1m pom\u00e1hal se \u0161pan\u011bl\u0161tinou. M\u011bli jsme dv\u011b auta. Na\u0161e jezdilo na tra\u0165 a s druh\u00fdm se jeden fotograf sna\u017eil b\u00fdt relativn\u011b brzy v bivaku, aby zachytil prvn\u00ed emoce po dojezdu.\u201c<\/em><\/p>\n<h4>Jak si vyb\u00edr\u00e1te fotografy? Neboj\u00ed se, \u017ee si vychov\u00e1 konkurenta?<\/h4>\n<p><em>\u201eJinak to nejde. Mohl bych to dr\u017eet jen na sob\u011b, ale nebyl bych schopen toho d\u011blat tolik. Kdy\u017e z\u00edsk\u00e1te klienta, chce od v\u00e1s v\u011bt\u0161inou servis na celou sezonu. M\u00e1lokdo to chce \u0159e\u0161it p\u0159ed ka\u017edou akc\u00ed zas a znovu. Klienti cht\u011bj\u00ed, abyste jezdili v\u0161ude, abyste s nimi spolupracovali cel\u00fd rok. Pravdou je, \u017ee te\u010f u\u017e bych to ani s\u00e1m d\u011blat nemohl.\u201c<\/em><\/p>\n<p><em>\u201eJedn\u00edm z m\u00fdch spolupracovn\u00edk\u016f je br\u00e1cha Viktor, kter\u00e9ho jsem za ty roky snad n\u011bco nau\u010dil. Fotky pak edituji j\u00e1. On zase \u0159\u00edd\u00ed a v p\u0159\u00edpad\u011b pot\u0159eby opravuje auto, co\u017e bych zase neum\u011bl j\u00e1. Pokud jde o Jirku \u0160ime\u010dka, oslovil m\u011b s\u00e1m. Ale nen\u00ed to tak, \u017ee n\u011bkdo nap\u00ed\u0161e a j\u00e1 ho vezmu. O Jirkovi jsem u\u017e p\u0159edt\u00edm v\u011bd\u011bl, co a jak fot\u00ed, jakou m\u00e1 postprodukci. Kubu Fr\u00fchaufa jsem si postupn\u011b \u201avycvi\u010dil\u2018, aby to vyhovovalo m\u00e9mu stylu focen\u00ed.\u201c<\/em>[\/vc_column_text][vc_single_image image=&#8221;5958&#8243; img_size=&#8221;large&#8221; add_caption=&#8221;yes&#8221; alignment=&#8221;center&#8221;][vc_column_text]<\/p>\n<h4>Kdy\u017e se pod\u00edv\u00e1me na va\u0161i pr\u00e1ci p\u0159\u00edmo b\u011bhem sout\u011b\u017ee, jak si vyb\u00edr\u00e1 m\u00edsta, kde budete fotit?<\/h4>\n<p><em>\u201eJe to mix v\u0161eho. Nen\u00ed to jen o tom, \u017ee v\u00edte o super m\u00edst\u011b. Pokud je uprost\u0159ed trati, m\u016f\u017ee se st\u00e1t, \u017ee nic dal\u0161\u00edho ten den nestihneme. Proto \u010dasto vol\u00edme kompromis. T\u0159eba v Abu Dhabi jsme se sna\u017eili stihnout dv\u011b m\u00edsta denn\u011b, abychom ka\u017ed\u00e9ho mohli fotit v\u00edckr\u00e1t.\u201c<\/em><\/p>\n<p><em>\u201eNav\u00edc kdy\u017e t\u0159eba fot\u00edte p\u011bt Hond, nem\u016f\u017eete je v\u0161echny vyfotit stejn\u011b. Mus\u00edte b\u00fdt na m\u00edst\u011b, kde sta\u010d\u00ed jen trochu popoj\u00edt a fotka u\u017e vypad\u00e1 docela jinak.\u201c<\/em><\/p>\n<p><em>\u201e\u010casto se sna\u017e\u00edme vybrat n\u011bjak\u00e9 m\u00edsto relativn\u011b bl\u00edzko po startu i proto, abychom b\u011bhem dne m\u011bli v\u00edc \u010dasu na zpracov\u00e1n\u00ed fotek. Ty samoz\u0159ejm\u011b editujeme u\u017e b\u011bhem dne, aby je klienti m\u011bli k dispozici co nejd\u0159\u00edve.\u201c<\/em><\/p>\n<h4>Je pro v\u00e1s v\u00fdhodn\u011bj\u0161\u00ed fotit jen jednu kategorii, nebo jste rad\u0161i, kdy\u017e pokryjete cel\u00e9 startovn\u00ed pole od motorek po kamiony?<\/h4>\n<p><em>\u201eMotorky jsou v pohod\u011b. Jde jen o to, \u017ee mus\u00edme z bivaku vyrazit opravdu brzy, proto\u017ee po\u0159adatel\u00e9 n\u00e1s pust\u00ed na tra\u0165 jen p\u0159ed startem. Nav\u00edc mus\u00edme dob\u0159e vyfotit t\u0159eba hned prvn\u00edho jezdce. Je to jin\u00e9, ne\u017e kdy\u017e \u010dlov\u011bk jede na Dakar na p\u0159\u00edklad jako turista a fot\u00ed pro sebe nebo jen pro jeden t\u00fdm. To si m\u016f\u017ee v\u0161e vyzkou\u0161et. Kdy\u017e se mu nepovede prvn\u00edch p\u00e1r motorek nebo aut, tak se nic ned\u011bje. M\u016f\u017ee to zkusit z\u00edtra. Hlavn\u011b \u017ee mu vyjdou \u201ajeho\u2018 jezdci. My mus\u00edme vyfotit ka\u017ed\u00e9ho z na\u0161ich klient\u016f ka\u017ed\u00fd den. A pokud mo\u017eno nejl\u00e9pe, jak to jde. Vy\u017eaduje to jin\u00fd zp\u016fsob p\u0159em\u00fd\u0161len\u00ed. Hor\u0161\u00ed jsou kamiony nebo pomalej\u0161\u00ed auta. Na ty na trati \u010dek\u00e1me dlouho a pak se pr\u00e1v\u011b dost\u00e1v\u00e1me do presu p\u0159i zpracov\u00e1n\u00ed. Pokud nejsme na za\u010d\u00e1tku speci\u00e1lky, hl\u00edd\u00e1me si \u010das a n\u011bkdy se stane, \u017ee j\u00e1 u\u017e pak pozd\u011bji jedouc\u00ed z\u00e1vodn\u00edky nefot\u00edm v\u016fbec a edituji, abychom v\u0161e stihli.\u201c<\/em>[\/vc_column_text][vc_single_image image=&#8221;5955&#8243; img_size=&#8221;large&#8221; add_caption=&#8221;yes&#8221; alignment=&#8221;center&#8221;][vc_column_text]<\/p>\n<h4>Motoristick\u00fd sport vyu\u017e\u00edvaj\u00ed v\u00fdrobci automobil\u016f a motocykl\u016f jako marketingov\u00fd n\u00e1stroj. Ti nejv\u011bt\u0161\u00ed pak disponuj\u00ed doslova arm\u00e1dami marketingov\u00fdch specialist\u016f. Jste p\u0159i focen\u00ed sv\u00e1z\u00e1n podrobn\u00fdmi briefy, nebo m\u00e1te volnost?<\/h4>\n<p><em>\u201eV cross-country rally se \u017e\u00e1dn\u00e9 \u201aarm\u00e1dy\u2018 market\u00e9r\u016f nekonaj\u00ed. Sp\u00ed\u0161 je to tak, \u017ee se s\u00e1m p\u0159ed sout\u011b\u017e\u00ed pt\u00e1m klient\u016f na jejich speci\u00e1ln\u00ed po\u017eadavky. Ch\u00e1pu, \u017ee n\u011bkdo pot\u0159ebuje n\u011bco nafotit kv\u016fli sponzorovi, pot\u0159ebuje nafotit produkty v bivaku apod. Pokud m\u00e1m zad\u00e1n\u00ed, v\u011bt\u0161inou je to ot\u00e1zka p\u00e1r minut hned ze za\u010d\u00e1tku z\u00e1vodu. Klient dostane, co si p\u0159eje, my si od\u0161krtneme seznam a m\u016f\u017eeme se soust\u0159edit na dal\u0161\u00ed v\u011bci. Nejhor\u0161\u00ed je, kdy\u017e n\u011bkdo nap\u00ed\u0161e a\u017e po Dakaru, jestli m\u00e1me vyfocenou n\u011bjakou konkr\u00e9tn\u00ed v\u011bc. V takov\u00e9m p\u0159\u00edpad\u011b se m\u016f\u017ee st\u00e1t, \u017ee takov\u00fd materi\u00e1l nem\u00e1me.\u201c<\/em><\/p>\n<p><em>\u201eJen u Peugeotu to bylo jin\u00e9, ti m\u011bli spoustu lid\u00ed na v\u0161echno. Od nich jsme brief m\u011bli. Jak se auto m\u00e1 fotit a jak ne. Oni cht\u011bli hlavn\u011b fotky zezadu nebo ze t\u0159\u00ed \u010dtvrtin zezadu, proto\u017ee zadn\u00ed sv\u011btla byla to jedin\u00e9, co m\u011bl sout\u011b\u017en\u00ed speci\u00e1l spole\u010dn\u00e9ho se s\u00e9riov\u00fdm vozem. Ale to se d\u00e1. Nejhor\u0161\u00ed je, kdy\u017e v\u00e1m zad\u00e1n\u00ed sep\u00ed\u0161e n\u011bkdo z kancel\u00e1\u0159e, kdo na rally nikdy nebyl a v\u016fbec nem\u00e1 p\u0159edstavu, o \u010dem to v re\u00e1lu je.\u201c<\/em><\/p>\n<h4>U\u017e t\u00e9m\u011b\u0159 legend\u00e1rn\u00ed je va\u0161e fotka Cyrila Desprese, kter\u00fd na Dakaru 2018 prol\u00e9tl t\u011bsn\u011b kolem v\u00e1s. B\u011bhem jedn\u00e9 z etap jste si tak\u00e9 prop\u00edchl nohu o v\u011btev. Byly tohle nejdrsn\u011bj\u0161\u00ed chv\u00edle, jak\u00e9 jste zat\u00edm na Dakaru za\u017eil?<\/h4>\n<p><em>\u201eJe pravda, \u017ee letos m\u011b nic extra nepotkalo. Prop\u00edchnut\u00e1 noha byla loni hodn\u011b nep\u0159\u00edjemn\u00e1, proto\u017ee v\u0161ude byla spousta prachu a j\u00e1 musel uj\u00edt n\u011bjak\u00fdch p\u011bt \u0161est kilometr\u016f zp\u00e1tky k na\u0161emu autu. V roce 2014 nebo 2015 m\u011b srazila motorka. Pohnula mi objektivem a m\u011bl jsem p\u00e1r \u0161r\u00e1m\u016f, ale jinak to dopadlo dob\u0159e. Sem tam n\u011bjak\u00e1 krizovka je. \u010clov\u011bk mus\u00ed uskakovat, ale nen\u00ed to tak hrozn\u00e9, proto\u017ee v dun\u00e1ch nejedou z\u00e1vodn\u00edci nijak extra rychle.\u201c<\/em>[\/vc_column_text][vc_single_image image=&#8221;5956&#8243; img_size=&#8221;large&#8221; add_caption=&#8221;yes&#8221; alignment=&#8221;center&#8221;][vc_column_text]<\/p>\n<h4>Existuje fotka, k n\u00ed\u017e m\u00e1te v\u00fdjime\u010dn\u00fd vztah?<\/h4>\n<p><em>\u201eP\u00e1r by se jich asi na\u0161lo. Bylo by jich takov\u00fdch p\u011bt a\u017e deset fotek.\u201c<\/em><\/p>\n<h4>Pou\u017e\u00edv\u00e1n\u00ed dron\u016f dalo v posledn\u00edch letech sportovn\u00ed fotografii \u00fapln\u011b novou dimenzi. M\u00e1te tu\u0161en\u00ed, co by mohlo p\u0159ij\u00edt d\u00e1l?<\/h4>\n<p><em>\u201eV tuto chv\u00edli v\u016fbec netu\u0161\u00edm. Ale a\u0165 p\u0159ijde cokoliv, douf\u00e1m, \u017ee nezasp\u00edm. Novinky m\u00e1m r\u00e1d i kv\u016fli sob\u011b, proto\u017ee se sna\u017e\u00edm, aby m\u011b focen\u00ed st\u00e1le skute\u010dn\u011b bavilo. Nechci skon\u010dit jako spousta lid\u00ed t\u0159eba na okruhov\u00fdch z\u00e1vodech, kte\u0159\u00ed dvacet let jezd\u00ed na stejn\u00e9 m\u00edsto a rok co rok z n\u011bj po\u0159izuj\u00ed stejn\u00e9 fotky. I proto jdu v\u017edy hned koupit, co se na trhu objev\u00ed nov\u00e9ho. Prakticky v\u017edycky se jedn\u00e1 o lep\u0161\u00ed techniku a ono je to pak vid\u011bt i na v\u00fdstupu. U sportovn\u00ed fotky na technice hodn\u011b z\u00e1le\u017e\u00ed. Kdy\u017e fot\u00edte sport, m\u00e1te na v\u0161e jen zlomek \u010dasu. Technika hodn\u011b pom\u016f\u017ee, aby fotky byly opravdu ostr\u00e9, abyste neprome\u0161kali d\u016fle\u017eit\u00fd moment. \u0160pi\u010dkov\u00e9 vybaven\u00ed do jist\u00e9 m\u00edry pom\u00e1h\u00e1 eliminovat n\u011bkter\u00e9 chyby.\u201c<\/em><\/p>\n<h4>Sledujete pr\u00e1ci sv\u00fdch konkurent\u016f?<\/h4>\n<p><em>\u201eJen lehce. Ale nejde o styl a techniku focen\u00ed. Sp\u00ed\u0161 m\u011b zaj\u00edm\u00e1, na jak\u00e9m m\u00edst\u011b fotili. Obecn\u011b sleduji sportovn\u00ed fotografy hlavn\u011b kv\u016fli inovac\u00edm.\u201c<\/em>[\/vc_column_text][vc_single_image image=&#8221;5957&#8243; img_size=&#8221;large&#8221; add_caption=&#8221;yes&#8221; alignment=&#8221;center&#8221;][vc_column_text]<\/p>\n<h4>Jak\u00e9 jsou va\u0161e dal\u0161\u00ed profesn\u00ed c\u00edle? Kam byste cht\u011bl MCH Photo dostat?<\/h4>\n<p><em>\u201eAbych si \u0159ekl, \u017ee do roku dvou chci b\u00fdt tam nebo tam, takov\u00fd c\u00edl vyty\u010den\u00fd nem\u00e1m. Pro m\u011b je d\u016fle\u017eit\u00e9, aby m\u011b to po\u0159\u00e1d bavilo. Chci, aby MCH Photo rostlo a d\u00e1l se vyv\u00edjelo. Nejhor\u0161\u00ed je z\u016fstat st\u00e1t na m\u00edst\u011b. Cht\u011bl bych d\u00e1l roz\u0161\u00ed\u0159it t\u00fdm, abych si mohl v\u00edce vyb\u00edrat, kam budu s\u00e1m jezdit. R\u00e1d bych se dostal na sportovn\u00ed akce, kde jsem je\u0161t\u011b nefotil. To se letos povedlo. Pojedu na TT na Isle of Man, na 24hodinovku do Le Mans, na formuli 1 do Monaka, poprv\u00e9 jsem fotil formuli E. Hodn\u011b m\u011b l\u00e1k\u00e1 WRC, co\u017e se snad poda\u0159\u00ed p\u0159\u00ed\u0161t\u00ed rok. I tam se d\u00e1 skv\u011ble pracovat s p\u0159\u00edrodou. R\u00e1d bych r\u016fzn\u00e9 discipl\u00edny hodn\u011b st\u0159\u00eddal. Samoz\u0159ejm\u011b bychom se cht\u011bli dostat k je\u0161t\u011b lep\u0161\u00edm t\u00fdm\u016fm, ale l\u00e1kaj\u00ed m\u011b i reklamy. Prost\u011b abychom si mohli vym\u00fd\u0161let, co chceme.\u201c<\/em><\/p>\n<h4>Necht\u011bl byste si motorsport vyzkou\u0161et i z druh\u00e9 strany a postavit se na start n\u011bkter\u00e9ho ze z\u00e1vod\u016f jako jeho \u00fa\u010dastn\u00edk?<\/h4>\n<p><em>\u201eTakov\u00e9 ambice v podstat\u011b nem\u00e1m, ale je pravda, \u017ee s br\u00e1chou u\u017e jsme o tom mluvili. Ur\u010dit\u011b by ale \u0161lo o n\u011bjak\u00fd \u201aamat\u00e9r\u0161t\u011bj\u0161\u00ed\u2018 z\u00e1vod. T\u00edm nemysl\u00edm organiza\u010dn\u011b, ale po str\u00e1nce startovn\u00edho pole. T\u0159eba Morocco Desert Challenge, Touareg Rallye nebo n\u011bco podobn\u00e9ho.\u201c<\/em><\/p>\n<p>D\u011bkuji za rozhovor a p\u0159eji spoustu dal\u0161\u00edch dechberouc\u00edch fotek, a\u0165 u\u017e z jak\u00e9koliv discipl\u00edny motoristick\u00e9ho sportu.[\/vc_column_text][\/vc_column][\/vc_row]<\/p>\n","protected":false},"excerpt":{"rendered":"<p>[vc_row][vc_column][vc_column_text] Fotograf Marian Chytka se stal hv\u011bzdou. O jeho slu\u017eby stoj\u00ed nejv\u011bt\u0161\u00ed hr\u00e1\u010di p\u016fsob\u00edc\u00ed na sc\u00e9n\u011b d\u00e1lkov\u00fdch rally. Co do v\u011bhlasu se z \u010desk\u00fdch protagonist\u016f cross-country rally m\u016f\u017ee s MCH Photo v mezin\u00e1rodn\u00edm kontextu m\u011b\u0159it snad jen MP-Sports. T\u00fdm Martina Prokopa z\u00e1vod\u00ed v nejpresti\u017en\u011bj\u0161\u00ed kategorii automobil\u016f, objevuje se na v\u00fdznamn\u00fdch sout\u011b\u017e\u00edch i v pr\u016fb\u011bhu roku [&hellip;]<\/p>\n","protected":false},"author":1,"featured_media":5978,"comment_status":"closed","ping_status":"closed","sticky":false,"template":"","format":"standard","meta":{"footnotes":""},"categories":[2],"tags":[425,8,1005,1006],"class_list":["post-5959","post","type-post","status-publish","format-standard","has-post-thumbnail","hentry","category-dakar","tag-425","tag-dakar","tag-marian-chytka","tag-mch-photo"],"yoast_head":"<!-- This site is optimized with the Yoast SEO plugin v24.9 - https:\/\/yoast.com\/wordpress\/plugins\/seo\/ -->\n<title>Marian Chytka: Boj\u00edm se stereotypu - DAKARMANIA.cz<\/title>\n<meta name=\"description\" content=\"Marian Chytka se stal hv\u011bzdou. O slu\u017eby MCH Photo stoj\u00ed nejv\u011bt\u0161\u00ed hr\u00e1\u010di p\u016fsob\u00edc\u00ed na sc\u00e9n\u011b d\u00e1lkov\u00fdch rally. A vset\u00ednsk\u00fd rod\u00e1k pronik\u00e1 i do dal\u0161\u00edch discipl\u00edn.\" \/>\n<meta name=\"robots\" content=\"index, follow, max-snippet:-1, max-image-preview:large, max-video-preview:-1\" \/>\n<link rel=\"canonical\" href=\"https:\/\/www.dakarmania.cz\/index.php\/2019\/05\/02\/marian-chytka-bojim-se-stereotypu\/\" \/>\n<meta property=\"og:locale\" content=\"cs_CZ\" \/>\n<meta property=\"og:type\" content=\"article\" \/>\n<meta property=\"og:title\" content=\"Marian Chytka: Boj\u00edm se stereotypu - DAKARMANIA.cz\" \/>\n<meta property=\"og:description\" content=\"Marian Chytka se stal hv\u011bzdou. O slu\u017eby MCH Photo stoj\u00ed nejv\u011bt\u0161\u00ed hr\u00e1\u010di p\u016fsob\u00edc\u00ed na sc\u00e9n\u011b d\u00e1lkov\u00fdch rally. A vset\u00ednsk\u00fd rod\u00e1k pronik\u00e1 i do dal\u0161\u00edch discipl\u00edn.\" \/>\n<meta property=\"og:url\" content=\"https:\/\/www.dakarmania.cz\/index.php\/2019\/05\/02\/marian-chytka-bojim-se-stereotypu\/\" \/>\n<meta property=\"og:site_name\" content=\"DAKARMANIA.cz\" \/>\n<meta property=\"article:publisher\" content=\"https:\/\/www.facebook.com\/dakarmania\/\" \/>\n<meta property=\"article:published_time\" content=\"2019-05-01T22:10:21+00:00\" \/>\n<meta property=\"article:modified_time\" content=\"2023-03-10T19:20:21+00:00\" \/>\n<meta property=\"og:image\" content=\"https:\/\/www.dakarmania.cz\/wp-content\/uploads\/2019\/05\/marian-chytka-09.jpg\" \/>\n\t<meta property=\"og:image:width\" content=\"2048\" \/>\n\t<meta property=\"og:image:height\" content=\"1365\" \/>\n\t<meta property=\"og:image:type\" content=\"image\/jpeg\" \/>\n<meta name=\"author\" content=\"Zden\u011bk Zelenka\" \/>\n<meta name=\"twitter:card\" content=\"summary_large_image\" \/>\n<meta name=\"twitter:label1\" content=\"Napsal(a)\" \/>\n\t<meta name=\"twitter:data1\" content=\"Zden\u011bk Zelenka\" \/>\n\t<meta name=\"twitter:label2\" content=\"Odhadovan\u00e1 doba \u010dten\u00ed\" \/>\n\t<meta name=\"twitter:data2\" content=\"12 minut\" \/>\n<script type=\"application\/ld+json\" class=\"yoast-schema-graph\">{\"@context\":\"https:\/\/schema.org\",\"@graph\":[{\"@type\":\"Article\",\"@id\":\"https:\/\/www.dakarmania.cz\/index.php\/2019\/05\/02\/marian-chytka-bojim-se-stereotypu\/#article\",\"isPartOf\":{\"@id\":\"https:\/\/www.dakarmania.cz\/index.php\/2019\/05\/02\/marian-chytka-bojim-se-stereotypu\/\"},\"author\":{\"name\":\"Zden\u011bk Zelenka\",\"@id\":\"https:\/\/www.dakarmania.cz\/#\/schema\/person\/04eb0e87a389631c2169c0dddae7ff1e\"},\"headline\":\"Marian Chytka: Boj\u00edm se stereotypu\",\"datePublished\":\"2019-05-01T22:10:21+00:00\",\"dateModified\":\"2023-03-10T19:20:21+00:00\",\"mainEntityOfPage\":{\"@id\":\"https:\/\/www.dakarmania.cz\/index.php\/2019\/05\/02\/marian-chytka-bojim-se-stereotypu\/\"},\"wordCount\":2930,\"publisher\":{\"@id\":\"https:\/\/www.dakarmania.cz\/#organization\"},\"image\":{\"@id\":\"https:\/\/www.dakarmania.cz\/index.php\/2019\/05\/02\/marian-chytka-bojim-se-stereotypu\/#primaryimage\"},\"thumbnailUrl\":\"https:\/\/www.dakarmania.cz\/wp-content\/uploads\/2019\/05\/marian-chytka-09.jpg\",\"keywords\":[\"2019\",\"Dakar\",\"Marian Chytka\",\"MCH Photo\"],\"articleSection\":[\"Rally Dakar\"],\"inLanguage\":\"cs\"},{\"@type\":\"WebPage\",\"@id\":\"https:\/\/www.dakarmania.cz\/index.php\/2019\/05\/02\/marian-chytka-bojim-se-stereotypu\/\",\"url\":\"https:\/\/www.dakarmania.cz\/index.php\/2019\/05\/02\/marian-chytka-bojim-se-stereotypu\/\",\"name\":\"Marian Chytka: Boj\u00edm se stereotypu - DAKARMANIA.cz\",\"isPartOf\":{\"@id\":\"https:\/\/www.dakarmania.cz\/#website\"},\"primaryImageOfPage\":{\"@id\":\"https:\/\/www.dakarmania.cz\/index.php\/2019\/05\/02\/marian-chytka-bojim-se-stereotypu\/#primaryimage\"},\"image\":{\"@id\":\"https:\/\/www.dakarmania.cz\/index.php\/2019\/05\/02\/marian-chytka-bojim-se-stereotypu\/#primaryimage\"},\"thumbnailUrl\":\"https:\/\/www.dakarmania.cz\/wp-content\/uploads\/2019\/05\/marian-chytka-09.jpg\",\"datePublished\":\"2019-05-01T22:10:21+00:00\",\"dateModified\":\"2023-03-10T19:20:21+00:00\",\"description\":\"Marian Chytka se stal hv\u011bzdou. O slu\u017eby MCH Photo stoj\u00ed nejv\u011bt\u0161\u00ed hr\u00e1\u010di p\u016fsob\u00edc\u00ed na sc\u00e9n\u011b d\u00e1lkov\u00fdch rally. A vset\u00ednsk\u00fd rod\u00e1k pronik\u00e1 i do dal\u0161\u00edch discipl\u00edn.\",\"breadcrumb\":{\"@id\":\"https:\/\/www.dakarmania.cz\/index.php\/2019\/05\/02\/marian-chytka-bojim-se-stereotypu\/#breadcrumb\"},\"inLanguage\":\"cs\",\"potentialAction\":[{\"@type\":\"ReadAction\",\"target\":[\"https:\/\/www.dakarmania.cz\/index.php\/2019\/05\/02\/marian-chytka-bojim-se-stereotypu\/\"]}]},{\"@type\":\"ImageObject\",\"inLanguage\":\"cs\",\"@id\":\"https:\/\/www.dakarmania.cz\/index.php\/2019\/05\/02\/marian-chytka-bojim-se-stereotypu\/#primaryimage\",\"url\":\"https:\/\/www.dakarmania.cz\/wp-content\/uploads\/2019\/05\/marian-chytka-09.jpg\",\"contentUrl\":\"https:\/\/www.dakarmania.cz\/wp-content\/uploads\/2019\/05\/marian-chytka-09.jpg\",\"width\":2048,\"height\":1365,\"caption\":\"Marian Chytka p\u0159i testu MP-Sports p\u0159ed Dakarem 2018. \u00a9 MCH Photo\"},{\"@type\":\"BreadcrumbList\",\"@id\":\"https:\/\/www.dakarmania.cz\/index.php\/2019\/05\/02\/marian-chytka-bojim-se-stereotypu\/#breadcrumb\",\"itemListElement\":[{\"@type\":\"ListItem\",\"position\":1,\"name\":\"Dom\u016f\",\"item\":\"https:\/\/www.dakarmania.cz\/\"},{\"@type\":\"ListItem\",\"position\":2,\"name\":\"Marian Chytka: Boj\u00edm se stereotypu\"}]},{\"@type\":\"WebSite\",\"@id\":\"https:\/\/www.dakarmania.cz\/#website\",\"url\":\"https:\/\/www.dakarmania.cz\/\",\"name\":\"DAKARMANIA.cz\",\"description\":\"\u017dijeme Dakarem cel\u00fd rok\",\"publisher\":{\"@id\":\"https:\/\/www.dakarmania.cz\/#organization\"},\"potentialAction\":[{\"@type\":\"SearchAction\",\"target\":{\"@type\":\"EntryPoint\",\"urlTemplate\":\"https:\/\/www.dakarmania.cz\/?s={search_term_string}\"},\"query-input\":{\"@type\":\"PropertyValueSpecification\",\"valueRequired\":true,\"valueName\":\"search_term_string\"}}],\"inLanguage\":\"cs\"},{\"@type\":\"Organization\",\"@id\":\"https:\/\/www.dakarmania.cz\/#organization\",\"name\":\"DAKAR MANIA\",\"url\":\"https:\/\/www.dakarmania.cz\/\",\"logo\":{\"@type\":\"ImageObject\",\"inLanguage\":\"cs\",\"@id\":\"https:\/\/www.dakarmania.cz\/#\/schema\/logo\/image\/\",\"url\":\"https:\/\/www.dakarmania.cz\/wp-content\/uploads\/2018\/12\/Dakar-Mania-Logo-Square-Orange.png\",\"contentUrl\":\"https:\/\/www.dakarmania.cz\/wp-content\/uploads\/2018\/12\/Dakar-Mania-Logo-Square-Orange.png\",\"width\":992,\"height\":992,\"caption\":\"DAKAR MANIA\"},\"image\":{\"@id\":\"https:\/\/www.dakarmania.cz\/#\/schema\/logo\/image\/\"},\"sameAs\":[\"https:\/\/www.facebook.com\/dakarmania\/\"]},{\"@type\":\"Person\",\"@id\":\"https:\/\/www.dakarmania.cz\/#\/schema\/person\/04eb0e87a389631c2169c0dddae7ff1e\",\"name\":\"Zden\u011bk Zelenka\",\"image\":{\"@type\":\"ImageObject\",\"inLanguage\":\"cs\",\"@id\":\"https:\/\/www.dakarmania.cz\/#\/schema\/person\/image\/\",\"url\":\"https:\/\/secure.gravatar.com\/avatar\/2c80d5a4942fe0900b73cc7d3837a509d6ee0a276a2b76dac95c92bd0763a89b?s=96&d=mm&r=g\",\"contentUrl\":\"https:\/\/secure.gravatar.com\/avatar\/2c80d5a4942fe0900b73cc7d3837a509d6ee0a276a2b76dac95c92bd0763a89b?s=96&d=mm&r=g\",\"caption\":\"Zden\u011bk Zelenka\"},\"description\":\"Moji d\u011bt\u0161t\u00ed hrdinov\u00e9 se jmenovali Loprais, Moskal, Neveu, Vatanen, Rahier... A tihle borci, jejich n\u00e1sledovn\u00edci a jejich p\u0159\u00edb\u011bhy m\u011b nep\u0159estali fascinovat ani po letech, kdy jsem vyrostl a zam\u011bstn\u00e1valy m\u011b jin\u00e9 discipl\u00edny motorsportu. Proto se zrodila DAKARMANIA.\",\"url\":\"https:\/\/www.dakarmania.cz\/index.php\/author\/dakarmania\/\"}]}<\/script>\n<!-- \/ Yoast SEO plugin. -->","yoast_head_json":{"title":"Marian Chytka: Boj\u00edm se stereotypu - DAKARMANIA.cz","description":"Marian Chytka se stal hv\u011bzdou. O slu\u017eby MCH Photo stoj\u00ed nejv\u011bt\u0161\u00ed hr\u00e1\u010di p\u016fsob\u00edc\u00ed na sc\u00e9n\u011b d\u00e1lkov\u00fdch rally. A vset\u00ednsk\u00fd rod\u00e1k pronik\u00e1 i do dal\u0161\u00edch discipl\u00edn.","robots":{"index":"index","follow":"follow","max-snippet":"max-snippet:-1","max-image-preview":"max-image-preview:large","max-video-preview":"max-video-preview:-1"},"canonical":"https:\/\/www.dakarmania.cz\/index.php\/2019\/05\/02\/marian-chytka-bojim-se-stereotypu\/","og_locale":"cs_CZ","og_type":"article","og_title":"Marian Chytka: Boj\u00edm se stereotypu - DAKARMANIA.cz","og_description":"Marian Chytka se stal hv\u011bzdou. O slu\u017eby MCH Photo stoj\u00ed nejv\u011bt\u0161\u00ed hr\u00e1\u010di p\u016fsob\u00edc\u00ed na sc\u00e9n\u011b d\u00e1lkov\u00fdch rally. A vset\u00ednsk\u00fd rod\u00e1k pronik\u00e1 i do dal\u0161\u00edch discipl\u00edn.","og_url":"https:\/\/www.dakarmania.cz\/index.php\/2019\/05\/02\/marian-chytka-bojim-se-stereotypu\/","og_site_name":"DAKARMANIA.cz","article_publisher":"https:\/\/www.facebook.com\/dakarmania\/","article_published_time":"2019-05-01T22:10:21+00:00","article_modified_time":"2023-03-10T19:20:21+00:00","og_image":[{"width":2048,"height":1365,"url":"https:\/\/www.dakarmania.cz\/wp-content\/uploads\/2019\/05\/marian-chytka-09.jpg","type":"image\/jpeg"}],"author":"Zden\u011bk Zelenka","twitter_card":"summary_large_image","twitter_misc":{"Napsal(a)":"Zden\u011bk Zelenka","Odhadovan\u00e1 doba \u010dten\u00ed":"12 minut"},"schema":{"@context":"https:\/\/schema.org","@graph":[{"@type":"Article","@id":"https:\/\/www.dakarmania.cz\/index.php\/2019\/05\/02\/marian-chytka-bojim-se-stereotypu\/#article","isPartOf":{"@id":"https:\/\/www.dakarmania.cz\/index.php\/2019\/05\/02\/marian-chytka-bojim-se-stereotypu\/"},"author":{"name":"Zden\u011bk Zelenka","@id":"https:\/\/www.dakarmania.cz\/#\/schema\/person\/04eb0e87a389631c2169c0dddae7ff1e"},"headline":"Marian Chytka: Boj\u00edm se stereotypu","datePublished":"2019-05-01T22:10:21+00:00","dateModified":"2023-03-10T19:20:21+00:00","mainEntityOfPage":{"@id":"https:\/\/www.dakarmania.cz\/index.php\/2019\/05\/02\/marian-chytka-bojim-se-stereotypu\/"},"wordCount":2930,"publisher":{"@id":"https:\/\/www.dakarmania.cz\/#organization"},"image":{"@id":"https:\/\/www.dakarmania.cz\/index.php\/2019\/05\/02\/marian-chytka-bojim-se-stereotypu\/#primaryimage"},"thumbnailUrl":"https:\/\/www.dakarmania.cz\/wp-content\/uploads\/2019\/05\/marian-chytka-09.jpg","keywords":["2019","Dakar","Marian Chytka","MCH Photo"],"articleSection":["Rally Dakar"],"inLanguage":"cs"},{"@type":"WebPage","@id":"https:\/\/www.dakarmania.cz\/index.php\/2019\/05\/02\/marian-chytka-bojim-se-stereotypu\/","url":"https:\/\/www.dakarmania.cz\/index.php\/2019\/05\/02\/marian-chytka-bojim-se-stereotypu\/","name":"Marian Chytka: Boj\u00edm se stereotypu - DAKARMANIA.cz","isPartOf":{"@id":"https:\/\/www.dakarmania.cz\/#website"},"primaryImageOfPage":{"@id":"https:\/\/www.dakarmania.cz\/index.php\/2019\/05\/02\/marian-chytka-bojim-se-stereotypu\/#primaryimage"},"image":{"@id":"https:\/\/www.dakarmania.cz\/index.php\/2019\/05\/02\/marian-chytka-bojim-se-stereotypu\/#primaryimage"},"thumbnailUrl":"https:\/\/www.dakarmania.cz\/wp-content\/uploads\/2019\/05\/marian-chytka-09.jpg","datePublished":"2019-05-01T22:10:21+00:00","dateModified":"2023-03-10T19:20:21+00:00","description":"Marian Chytka se stal hv\u011bzdou. O slu\u017eby MCH Photo stoj\u00ed nejv\u011bt\u0161\u00ed hr\u00e1\u010di p\u016fsob\u00edc\u00ed na sc\u00e9n\u011b d\u00e1lkov\u00fdch rally. A vset\u00ednsk\u00fd rod\u00e1k pronik\u00e1 i do dal\u0161\u00edch discipl\u00edn.","breadcrumb":{"@id":"https:\/\/www.dakarmania.cz\/index.php\/2019\/05\/02\/marian-chytka-bojim-se-stereotypu\/#breadcrumb"},"inLanguage":"cs","potentialAction":[{"@type":"ReadAction","target":["https:\/\/www.dakarmania.cz\/index.php\/2019\/05\/02\/marian-chytka-bojim-se-stereotypu\/"]}]},{"@type":"ImageObject","inLanguage":"cs","@id":"https:\/\/www.dakarmania.cz\/index.php\/2019\/05\/02\/marian-chytka-bojim-se-stereotypu\/#primaryimage","url":"https:\/\/www.dakarmania.cz\/wp-content\/uploads\/2019\/05\/marian-chytka-09.jpg","contentUrl":"https:\/\/www.dakarmania.cz\/wp-content\/uploads\/2019\/05\/marian-chytka-09.jpg","width":2048,"height":1365,"caption":"Marian Chytka p\u0159i testu MP-Sports p\u0159ed Dakarem 2018. \u00a9 MCH Photo"},{"@type":"BreadcrumbList","@id":"https:\/\/www.dakarmania.cz\/index.php\/2019\/05\/02\/marian-chytka-bojim-se-stereotypu\/#breadcrumb","itemListElement":[{"@type":"ListItem","position":1,"name":"Dom\u016f","item":"https:\/\/www.dakarmania.cz\/"},{"@type":"ListItem","position":2,"name":"Marian Chytka: Boj\u00edm se stereotypu"}]},{"@type":"WebSite","@id":"https:\/\/www.dakarmania.cz\/#website","url":"https:\/\/www.dakarmania.cz\/","name":"DAKARMANIA.cz","description":"\u017dijeme Dakarem cel\u00fd rok","publisher":{"@id":"https:\/\/www.dakarmania.cz\/#organization"},"potentialAction":[{"@type":"SearchAction","target":{"@type":"EntryPoint","urlTemplate":"https:\/\/www.dakarmania.cz\/?s={search_term_string}"},"query-input":{"@type":"PropertyValueSpecification","valueRequired":true,"valueName":"search_term_string"}}],"inLanguage":"cs"},{"@type":"Organization","@id":"https:\/\/www.dakarmania.cz\/#organization","name":"DAKAR MANIA","url":"https:\/\/www.dakarmania.cz\/","logo":{"@type":"ImageObject","inLanguage":"cs","@id":"https:\/\/www.dakarmania.cz\/#\/schema\/logo\/image\/","url":"https:\/\/www.dakarmania.cz\/wp-content\/uploads\/2018\/12\/Dakar-Mania-Logo-Square-Orange.png","contentUrl":"https:\/\/www.dakarmania.cz\/wp-content\/uploads\/2018\/12\/Dakar-Mania-Logo-Square-Orange.png","width":992,"height":992,"caption":"DAKAR MANIA"},"image":{"@id":"https:\/\/www.dakarmania.cz\/#\/schema\/logo\/image\/"},"sameAs":["https:\/\/www.facebook.com\/dakarmania\/"]},{"@type":"Person","@id":"https:\/\/www.dakarmania.cz\/#\/schema\/person\/04eb0e87a389631c2169c0dddae7ff1e","name":"Zden\u011bk Zelenka","image":{"@type":"ImageObject","inLanguage":"cs","@id":"https:\/\/www.dakarmania.cz\/#\/schema\/person\/image\/","url":"https:\/\/secure.gravatar.com\/avatar\/2c80d5a4942fe0900b73cc7d3837a509d6ee0a276a2b76dac95c92bd0763a89b?s=96&d=mm&r=g","contentUrl":"https:\/\/secure.gravatar.com\/avatar\/2c80d5a4942fe0900b73cc7d3837a509d6ee0a276a2b76dac95c92bd0763a89b?s=96&d=mm&r=g","caption":"Zden\u011bk Zelenka"},"description":"Moji d\u011bt\u0161t\u00ed hrdinov\u00e9 se jmenovali Loprais, Moskal, Neveu, Vatanen, Rahier... A tihle borci, jejich n\u00e1sledovn\u00edci a jejich p\u0159\u00edb\u011bhy m\u011b nep\u0159estali fascinovat ani po letech, kdy jsem vyrostl a zam\u011bstn\u00e1valy m\u011b jin\u00e9 discipl\u00edny motorsportu. Proto se zrodila DAKARMANIA.","url":"https:\/\/www.dakarmania.cz\/index.php\/author\/dakarmania\/"}]}},"amp_enabled":true,"_links":{"self":[{"href":"https:\/\/www.dakarmania.cz\/index.php\/wp-json\/wp\/v2\/posts\/5959","targetHints":{"allow":["GET"]}}],"collection":[{"href":"https:\/\/www.dakarmania.cz\/index.php\/wp-json\/wp\/v2\/posts"}],"about":[{"href":"https:\/\/www.dakarmania.cz\/index.php\/wp-json\/wp\/v2\/types\/post"}],"author":[{"embeddable":true,"href":"https:\/\/www.dakarmania.cz\/index.php\/wp-json\/wp\/v2\/users\/1"}],"replies":[{"embeddable":true,"href":"https:\/\/www.dakarmania.cz\/index.php\/wp-json\/wp\/v2\/comments?post=5959"}],"version-history":[{"count":17,"href":"https:\/\/www.dakarmania.cz\/index.php\/wp-json\/wp\/v2\/posts\/5959\/revisions"}],"predecessor-version":[{"id":5977,"href":"https:\/\/www.dakarmania.cz\/index.php\/wp-json\/wp\/v2\/posts\/5959\/revisions\/5977"}],"wp:featuredmedia":[{"embeddable":true,"href":"https:\/\/www.dakarmania.cz\/index.php\/wp-json\/wp\/v2\/media\/5978"}],"wp:attachment":[{"href":"https:\/\/www.dakarmania.cz\/index.php\/wp-json\/wp\/v2\/media?parent=5959"}],"wp:term":[{"taxonomy":"category","embeddable":true,"href":"https:\/\/www.dakarmania.cz\/index.php\/wp-json\/wp\/v2\/categories?post=5959"},{"taxonomy":"post_tag","embeddable":true,"href":"https:\/\/www.dakarmania.cz\/index.php\/wp-json\/wp\/v2\/tags?post=5959"}],"curies":[{"name":"wp","href":"https:\/\/api.w.org\/{rel}","templated":true}]}}