{"id":6032,"date":"2019-05-06T13:35:42","date_gmt":"2019-05-06T11:35:42","guid":{"rendered":"https:\/\/www.dakarmania.cz\/?p=6032"},"modified":"2019-05-30T12:19:37","modified_gmt":"2019-05-30T10:19:37","slug":"argentinci-usporadaji-vlastni-mini-dakar","status":"publish","type":"post","link":"https:\/\/www.dakarmania.cz\/index.php\/2019\/05\/06\/argentinci-usporadaji-vlastni-mini-dakar\/","title":{"rendered":"Argentinci uspo\u0159\u00e1daj\u00ed vlastn\u00ed \u201emini Dakar\u201c"},"content":{"rendered":"<p>[vc_row][vc_column][vc_column_text]<\/p>\n<h4>Po stop\u00e1ch jihoamerick\u00e9ho Dakaru se na po\u010d\u00e1tku p\u0159\u00ed\u0161t\u00edho \u00fanora vyd\u00e1 nov\u00fd z\u00e1vod v Argentin\u011b. \u00da\u010dastn\u00edci South American Rally Race 2020 se vr\u00e1t\u00ed do m\u00edst a na trat\u011b, na nich\u017e se v posledn\u00ed dek\u00e1d\u011b psala historie nejslavn\u011bj\u0161\u00ed maratonsk\u00e9 rally sv\u011bta.<\/h4>\n<p>V letech 2009 a\u017e 2019 se Rally Dakar jela v Ji\u017en\u00ed Americe celkem jeden\u00e1ctkr\u00e1t. Te\u010f <a href=\"https:\/\/www.dakarmania.cz\/index.php\/2019\/04\/25\/dakar-2020-9000-kilometru\/\">se p\u0159esouv\u00e1 do Sa\u00fadsk\u00e9 Ar\u00e1bie<\/a>. Nicm\u00e9n\u011b na jihoamerick\u00e9m kontinentu po sob\u011b zanech\u00e1v\u00e1 po\u010detnou z\u00e1vodnickou komunitu, zku\u0161enostmi ov\u011bn\u010den\u00e9 organiz\u00e1tory a tak\u00e9 zaj\u00edmav\u00e9 trat\u011b. V\u017edy\u0165 n\u011bkter\u00e9 z jihoamerick\u00fdch etap nav\u017edy z\u016fstanou sou\u010d\u00e1st\u00ed nejlegend\u00e1rn\u011bj\u0161\u00edch kapitol historie dakarsk\u00e9 rally.<\/p>\n<p>A to je potenci\u00e1l, kter\u00fd by bylo \u0161koda nevyu\u017e\u00edt.<\/p>\n<p>P\u0159\u00edle\u017eitosti se jako prvn\u00ed chopili Argentinci. Jejich zem\u011b hostila prvn\u00edch deset jihoamerick\u00fdch Dakar\u016f. V\u00fdjimkou byl pouze leto\u0161n\u00ed ro\u010dn\u00edk, kter\u00fd se uskute\u010dnil v\u00fdhradn\u011b v Peru.<\/p>\n<p>P\u0159\u00ed\u0161t\u00ed rok by Argentina m\u011bla velkou cross-country rally po\u0159\u00e1dat znovu, ov\u0161em tentokr\u00e1t u\u017e ve vlastn\u00ed re\u017eii. Nov\u00fd z\u00e1vod p\u0159edstavil v p\u00e1tek 3. kv\u011btna Juan Pablo Sisterna, jen\u017e stoj\u00ed tak\u00e9 v \u010dele argentinsk\u00e9ho \u0161ampion\u00e1tu v cross-country rally (CaNav).[\/vc_column_text][vc_single_image image=&#8221;6030&#8243; img_size=&#8221;large&#8221; add_caption=&#8221;yes&#8221; alignment=&#8221;center&#8221;][vc_column_text]<\/p>\n<h4>To nejlep\u0161\u00ed z dakarsk\u00e9 Argentiny<\/h4>\n<p>South American Rally Race (SARR) bude vyps\u00e1n pro motocykly, \u010dty\u0159kolky, automobily, SxS i kamiony a jeho trat\u011b by m\u011bly z velk\u00e9 \u010d\u00e1sti p\u0159\u00edmo kop\u00edrovat etapy ned\u00e1vn\u00fdch Dakar\u016f. Sout\u011b\u017e se uskute\u010dn\u00ed od 1. do 8. \u00fanora 2020 v provinci\u00edch San Juan, La Rioja a Catamarca, chyb\u011bt nebudou n\u00e1ro\u010dn\u00e9 testy v pou\u0161ti Fiambal\u00e1.<\/p>\n<p>SARR 2020 bude m\u00edt celkem \u0161est etap. Na \u00favod a na z\u00e1v\u011br se pojede okruh kolem San Juanu, resp. Fiambaly. V polovin\u011b rally je na programu tak\u00e9 den volna v Chilecitu.<\/p>\n<h4>Zaj\u00edmav\u00e9 mo\u017enosti<\/h4>\n<p>South American Rally Race m\u016f\u017ee b\u00fdt v bl\u00edzk\u00e9 budoucnosti pro Jihoameri\u010dany podobnou alternativou, jakou se v posledn\u00edch letech stal Africa Eco Race p\u0159edev\u0161\u00edm pro evropsk\u00e9 jezdce, kte\u0159\u00ed se z jak\u00fdchkoliv d\u016fvod\u016f necht\u011bli nebo nemohli vyd\u00e1vat na Dakar do Ji\u017en\u00ed Ameriky.<\/p>\n<p>Term\u00edn nekoliduj\u00edc\u00ed s Dakarem nav\u00edc otev\u00edr\u00e1 prostor pro re\u00e1ln\u00e1 jedn\u00e1n\u00ed s mezin\u00e1rodn\u00edmi federacemi o mo\u017en\u00e9m budouc\u00edm za\u0159azen\u00ed SARR do kalend\u00e1\u0159e Mistrovstv\u00ed sv\u011bta FIM v cross-country rally nebo do sv\u011btov\u00e9ho poh\u00e1ru FIA. O kvalit\u011b a n\u00e1ro\u010dnosti zvolen\u00fdch trat\u00ed nen\u00ed pochyb. Te\u010f bude z\u00e1le\u017eet, jak se lid\u00e9 kolem Juana Pabla Sisterny p\u0159edvedou v roli organiz\u00e1tor\u016f ambici\u00f3zn\u00edho podniku.[\/vc_column_text][vc_column_text]<\/p>\n<h3 style=\"text-align: center;\">Program South American Rally Race 2020<\/h3>\n<table style=\"width: 97.7654%; height: 192px;\">\n<tbody>\n<tr style=\"background-color: #dbd9d9;\">\n<td style=\"height: 24px;\">so 01\/02<\/td>\n<td style=\"height: 24px;\">p\u0159ej\u00edmky<\/td>\n<td style=\"height: 24px;\">San Juan<\/td>\n<\/tr>\n<tr style=\"height: 24px;\">\n<td style=\"height: 24px;\">ne 02\/02<\/td>\n<td style=\"height: 24px;\"><strong>1. etapa<\/strong><\/td>\n<td style=\"height: 24px;\"><strong>San Juan &#8211; San Juan<\/strong><\/td>\n<\/tr>\n<tr style=\"background-color: #dbd9d9;\">\n<td style=\"height: 24px;\">po 03\/02<\/td>\n<td style=\"height: 24px;\"><strong>2. etapa<\/strong><\/td>\n<td style=\"height: 24px;\"><strong>San Juan &#8211; Jachal<\/strong><\/td>\n<\/tr>\n<tr style=\"height: 24px;\">\n<td style=\"height: 24px;\">\u00fat 04\/02<\/td>\n<td style=\"height: 24px;\"><strong>3. etapa<\/strong><\/td>\n<td style=\"height: 24px;\"><strong>Jachal &#8211; Chilecito<\/strong><\/td>\n<\/tr>\n<tr style=\"background-color: #dbd9d9;\">\n<td style=\"height: 24px;\">st 05\/02<\/td>\n<td style=\"height: 24px;\">den volna<\/td>\n<td style=\"height: 24px;\">Chilecito<\/td>\n<\/tr>\n<tr style=\"height: 24px;\">\n<td style=\"height: 24px;\">\u010dt 06\/02<\/td>\n<td style=\"height: 24px;\"><strong>4. etapa<\/strong><\/td>\n<td style=\"height: 24px;\"><strong>Chilecito &#8211; Tinogasta<\/strong><\/td>\n<\/tr>\n<tr style=\"background-color: #dbd9d9;\">\n<td style=\"height: 24px;\">p\u00e1 07\/02<\/td>\n<td style=\"height: 24px;\"><strong>5. etapa<\/strong><\/td>\n<td style=\"height: 24px;\"><strong>Tinogasta &#8211; Fiambal\u00e1<\/strong><\/td>\n<\/tr>\n<tr style=\"height: 24px;\">\n<td style=\"height: 24px;\">so 08\/02<\/td>\n<td style=\"height: 24px;\"><strong>6. etapa<\/strong><\/td>\n<td style=\"height: 24px;\"><strong>Fiambal\u00e1 &#8211; Fiambal\u00e1<\/strong><\/td>\n<\/tr>\n<\/tbody>\n<\/table>\n<p>[\/vc_column_text][\/vc_column][\/vc_row]<\/p>\n","protected":false},"excerpt":{"rendered":"<p>[vc_row][vc_column][vc_column_text] Po stop\u00e1ch jihoamerick\u00e9ho Dakaru se na po\u010d\u00e1tku p\u0159\u00ed\u0161t\u00edho \u00fanora vyd\u00e1 nov\u00fd z\u00e1vod v Argentin\u011b. \u00da\u010dastn\u00edci South American Rally Race 2020 se vr\u00e1t\u00ed do m\u00edst a na trat\u011b, na nich\u017e se v posledn\u00ed dek\u00e1d\u011b psala historie nejslavn\u011bj\u0161\u00ed maratonsk\u00e9 rally sv\u011bta. V letech 2009 a\u017e 2019 se Rally Dakar jela v Ji\u017en\u00ed Americe celkem jeden\u00e1ctkr\u00e1t. Te\u010f [&hellip;]<\/p>\n","protected":false},"author":1,"featured_media":6031,"comment_status":"open","ping_status":"closed","sticky":false,"template":"","format":"standard","meta":{"footnotes":""},"categories":[1013],"tags":[903,1012,1010,1011],"class_list":["post-6032","post","type-post","status-publish","format-standard","has-post-thumbnail","hentry","category-south-american-rally-race","tag-903","tag-juan-pablo-sisterna","tag-sarr","tag-sarr-2020"],"yoast_head":"<!-- This site is optimized with the Yoast SEO plugin v24.9 - https:\/\/yoast.com\/wordpress\/plugins\/seo\/ -->\n<title>Argentinci uspo\u0159\u00e1daj\u00ed vlastn\u00ed \u201emini Dakar\u201c - DAKARMANIA.cz<\/title>\n<meta name=\"description\" content=\"Po stop\u00e1ch jihoamerick\u00e9ho Dakaru se na po\u010d\u00e1tku p\u0159\u00ed\u0161t\u00edho \u00fanora vyd\u00e1 nov\u00fd z\u00e1vod. Argentinci p\u0159edstavili South American Rally Race 2020.\" \/>\n<meta name=\"robots\" content=\"index, follow, max-snippet:-1, max-image-preview:large, max-video-preview:-1\" \/>\n<link rel=\"canonical\" href=\"https:\/\/www.dakarmania.cz\/index.php\/2019\/05\/06\/argentinci-usporadaji-vlastni-mini-dakar\/\" \/>\n<meta property=\"og:locale\" content=\"cs_CZ\" \/>\n<meta property=\"og:type\" content=\"article\" \/>\n<meta property=\"og:title\" content=\"Argentinci uspo\u0159\u00e1daj\u00ed vlastn\u00ed \u201emini Dakar\u201c - DAKARMANIA.cz\" \/>\n<meta property=\"og:description\" content=\"Po stop\u00e1ch jihoamerick\u00e9ho Dakaru se na po\u010d\u00e1tku p\u0159\u00ed\u0161t\u00edho \u00fanora vyd\u00e1 nov\u00fd z\u00e1vod. Argentinci p\u0159edstavili South American Rally Race 2020.\" \/>\n<meta property=\"og:url\" content=\"https:\/\/www.dakarmania.cz\/index.php\/2019\/05\/06\/argentinci-usporadaji-vlastni-mini-dakar\/\" \/>\n<meta property=\"og:site_name\" content=\"DAKARMANIA.cz\" \/>\n<meta property=\"article:publisher\" content=\"https:\/\/www.facebook.com\/dakarmania\/\" \/>\n<meta property=\"article:published_time\" content=\"2019-05-06T11:35:42+00:00\" \/>\n<meta property=\"article:modified_time\" content=\"2019-05-30T10:19:37+00:00\" \/>\n<meta property=\"og:image\" content=\"https:\/\/www.dakarmania.cz\/wp-content\/uploads\/2019\/05\/2020-sarr-map.jpg\" \/>\n\t<meta property=\"og:image:width\" content=\"1939\" \/>\n\t<meta property=\"og:image:height\" content=\"1367\" \/>\n\t<meta property=\"og:image:type\" content=\"image\/jpeg\" \/>\n<meta name=\"author\" content=\"Zden\u011bk Zelenka\" \/>\n<meta name=\"twitter:card\" content=\"summary_large_image\" \/>\n<meta name=\"twitter:label1\" content=\"Napsal(a)\" \/>\n\t<meta name=\"twitter:data1\" content=\"Zden\u011bk Zelenka\" \/>\n\t<meta name=\"twitter:label2\" content=\"Odhadovan\u00e1 doba \u010dten\u00ed\" \/>\n\t<meta name=\"twitter:data2\" content=\"3 minuty\" \/>\n<script type=\"application\/ld+json\" class=\"yoast-schema-graph\">{\"@context\":\"https:\/\/schema.org\",\"@graph\":[{\"@type\":\"Article\",\"@id\":\"https:\/\/www.dakarmania.cz\/index.php\/2019\/05\/06\/argentinci-usporadaji-vlastni-mini-dakar\/#article\",\"isPartOf\":{\"@id\":\"https:\/\/www.dakarmania.cz\/index.php\/2019\/05\/06\/argentinci-usporadaji-vlastni-mini-dakar\/\"},\"author\":{\"name\":\"Zden\u011bk Zelenka\",\"@id\":\"https:\/\/www.dakarmania.cz\/#\/schema\/person\/04eb0e87a389631c2169c0dddae7ff1e\"},\"headline\":\"Argentinci uspo\u0159\u00e1daj\u00ed vlastn\u00ed \u201emini Dakar\u201c\",\"datePublished\":\"2019-05-06T11:35:42+00:00\",\"dateModified\":\"2019-05-30T10:19:37+00:00\",\"mainEntityOfPage\":{\"@id\":\"https:\/\/www.dakarmania.cz\/index.php\/2019\/05\/06\/argentinci-usporadaji-vlastni-mini-dakar\/\"},\"wordCount\":544,\"commentCount\":0,\"publisher\":{\"@id\":\"https:\/\/www.dakarmania.cz\/#organization\"},\"image\":{\"@id\":\"https:\/\/www.dakarmania.cz\/index.php\/2019\/05\/06\/argentinci-usporadaji-vlastni-mini-dakar\/#primaryimage\"},\"thumbnailUrl\":\"https:\/\/www.dakarmania.cz\/wp-content\/uploads\/2019\/05\/2020-sarr-map.jpg\",\"keywords\":[\"2020\",\"Juan Pablo Sisterna\",\"SARR\",\"SARR 2020\"],\"articleSection\":[\"South American Rally Race\"],\"inLanguage\":\"cs\",\"potentialAction\":[{\"@type\":\"CommentAction\",\"name\":\"Comment\",\"target\":[\"https:\/\/www.dakarmania.cz\/index.php\/2019\/05\/06\/argentinci-usporadaji-vlastni-mini-dakar\/#respond\"]}]},{\"@type\":\"WebPage\",\"@id\":\"https:\/\/www.dakarmania.cz\/index.php\/2019\/05\/06\/argentinci-usporadaji-vlastni-mini-dakar\/\",\"url\":\"https:\/\/www.dakarmania.cz\/index.php\/2019\/05\/06\/argentinci-usporadaji-vlastni-mini-dakar\/\",\"name\":\"Argentinci uspo\u0159\u00e1daj\u00ed vlastn\u00ed \u201emini Dakar\u201c - DAKARMANIA.cz\",\"isPartOf\":{\"@id\":\"https:\/\/www.dakarmania.cz\/#website\"},\"primaryImageOfPage\":{\"@id\":\"https:\/\/www.dakarmania.cz\/index.php\/2019\/05\/06\/argentinci-usporadaji-vlastni-mini-dakar\/#primaryimage\"},\"image\":{\"@id\":\"https:\/\/www.dakarmania.cz\/index.php\/2019\/05\/06\/argentinci-usporadaji-vlastni-mini-dakar\/#primaryimage\"},\"thumbnailUrl\":\"https:\/\/www.dakarmania.cz\/wp-content\/uploads\/2019\/05\/2020-sarr-map.jpg\",\"datePublished\":\"2019-05-06T11:35:42+00:00\",\"dateModified\":\"2019-05-30T10:19:37+00:00\",\"description\":\"Po stop\u00e1ch jihoamerick\u00e9ho Dakaru se na po\u010d\u00e1tku p\u0159\u00ed\u0161t\u00edho \u00fanora vyd\u00e1 nov\u00fd z\u00e1vod. Argentinci p\u0159edstavili South American Rally Race 2020.\",\"breadcrumb\":{\"@id\":\"https:\/\/www.dakarmania.cz\/index.php\/2019\/05\/06\/argentinci-usporadaji-vlastni-mini-dakar\/#breadcrumb\"},\"inLanguage\":\"cs\",\"potentialAction\":[{\"@type\":\"ReadAction\",\"target\":[\"https:\/\/www.dakarmania.cz\/index.php\/2019\/05\/06\/argentinci-usporadaji-vlastni-mini-dakar\/\"]}]},{\"@type\":\"ImageObject\",\"inLanguage\":\"cs\",\"@id\":\"https:\/\/www.dakarmania.cz\/index.php\/2019\/05\/06\/argentinci-usporadaji-vlastni-mini-dakar\/#primaryimage\",\"url\":\"https:\/\/www.dakarmania.cz\/wp-content\/uploads\/2019\/05\/2020-sarr-map.jpg\",\"contentUrl\":\"https:\/\/www.dakarmania.cz\/wp-content\/uploads\/2019\/05\/2020-sarr-map.jpg\",\"width\":1939,\"height\":1367,\"caption\":\"South American Rally Race 2020. \u00a9 SARR Media\"},{\"@type\":\"BreadcrumbList\",\"@id\":\"https:\/\/www.dakarmania.cz\/index.php\/2019\/05\/06\/argentinci-usporadaji-vlastni-mini-dakar\/#breadcrumb\",\"itemListElement\":[{\"@type\":\"ListItem\",\"position\":1,\"name\":\"Dom\u016f\",\"item\":\"https:\/\/www.dakarmania.cz\/\"},{\"@type\":\"ListItem\",\"position\":2,\"name\":\"Argentinci uspo\u0159\u00e1daj\u00ed vlastn\u00ed \u201emini Dakar\u201c\"}]},{\"@type\":\"WebSite\",\"@id\":\"https:\/\/www.dakarmania.cz\/#website\",\"url\":\"https:\/\/www.dakarmania.cz\/\",\"name\":\"DAKARMANIA.cz\",\"description\":\"\u017dijeme Dakarem cel\u00fd rok\",\"publisher\":{\"@id\":\"https:\/\/www.dakarmania.cz\/#organization\"},\"potentialAction\":[{\"@type\":\"SearchAction\",\"target\":{\"@type\":\"EntryPoint\",\"urlTemplate\":\"https:\/\/www.dakarmania.cz\/?s={search_term_string}\"},\"query-input\":{\"@type\":\"PropertyValueSpecification\",\"valueRequired\":true,\"valueName\":\"search_term_string\"}}],\"inLanguage\":\"cs\"},{\"@type\":\"Organization\",\"@id\":\"https:\/\/www.dakarmania.cz\/#organization\",\"name\":\"DAKAR MANIA\",\"url\":\"https:\/\/www.dakarmania.cz\/\",\"logo\":{\"@type\":\"ImageObject\",\"inLanguage\":\"cs\",\"@id\":\"https:\/\/www.dakarmania.cz\/#\/schema\/logo\/image\/\",\"url\":\"https:\/\/www.dakarmania.cz\/wp-content\/uploads\/2018\/12\/Dakar-Mania-Logo-Square-Orange.png\",\"contentUrl\":\"https:\/\/www.dakarmania.cz\/wp-content\/uploads\/2018\/12\/Dakar-Mania-Logo-Square-Orange.png\",\"width\":992,\"height\":992,\"caption\":\"DAKAR MANIA\"},\"image\":{\"@id\":\"https:\/\/www.dakarmania.cz\/#\/schema\/logo\/image\/\"},\"sameAs\":[\"https:\/\/www.facebook.com\/dakarmania\/\"]},{\"@type\":\"Person\",\"@id\":\"https:\/\/www.dakarmania.cz\/#\/schema\/person\/04eb0e87a389631c2169c0dddae7ff1e\",\"name\":\"Zden\u011bk Zelenka\",\"image\":{\"@type\":\"ImageObject\",\"inLanguage\":\"cs\",\"@id\":\"https:\/\/www.dakarmania.cz\/#\/schema\/person\/image\/\",\"url\":\"https:\/\/secure.gravatar.com\/avatar\/2c80d5a4942fe0900b73cc7d3837a509d6ee0a276a2b76dac95c92bd0763a89b?s=96&d=mm&r=g\",\"contentUrl\":\"https:\/\/secure.gravatar.com\/avatar\/2c80d5a4942fe0900b73cc7d3837a509d6ee0a276a2b76dac95c92bd0763a89b?s=96&d=mm&r=g\",\"caption\":\"Zden\u011bk Zelenka\"},\"description\":\"Moji d\u011bt\u0161t\u00ed hrdinov\u00e9 se jmenovali Loprais, Moskal, Neveu, Vatanen, Rahier... A tihle borci, jejich n\u00e1sledovn\u00edci a jejich p\u0159\u00edb\u011bhy m\u011b nep\u0159estali fascinovat ani po letech, kdy jsem vyrostl a zam\u011bstn\u00e1valy m\u011b jin\u00e9 discipl\u00edny motorsportu. Proto se zrodila DAKARMANIA.\",\"url\":\"https:\/\/www.dakarmania.cz\/index.php\/author\/dakarmania\/\"}]}<\/script>\n<!-- \/ Yoast SEO plugin. -->","yoast_head_json":{"title":"Argentinci uspo\u0159\u00e1daj\u00ed vlastn\u00ed \u201emini Dakar\u201c - DAKARMANIA.cz","description":"Po stop\u00e1ch jihoamerick\u00e9ho Dakaru se na po\u010d\u00e1tku p\u0159\u00ed\u0161t\u00edho \u00fanora vyd\u00e1 nov\u00fd z\u00e1vod. Argentinci p\u0159edstavili South American Rally Race 2020.","robots":{"index":"index","follow":"follow","max-snippet":"max-snippet:-1","max-image-preview":"max-image-preview:large","max-video-preview":"max-video-preview:-1"},"canonical":"https:\/\/www.dakarmania.cz\/index.php\/2019\/05\/06\/argentinci-usporadaji-vlastni-mini-dakar\/","og_locale":"cs_CZ","og_type":"article","og_title":"Argentinci uspo\u0159\u00e1daj\u00ed vlastn\u00ed \u201emini Dakar\u201c - DAKARMANIA.cz","og_description":"Po stop\u00e1ch jihoamerick\u00e9ho Dakaru se na po\u010d\u00e1tku p\u0159\u00ed\u0161t\u00edho \u00fanora vyd\u00e1 nov\u00fd z\u00e1vod. Argentinci p\u0159edstavili South American Rally Race 2020.","og_url":"https:\/\/www.dakarmania.cz\/index.php\/2019\/05\/06\/argentinci-usporadaji-vlastni-mini-dakar\/","og_site_name":"DAKARMANIA.cz","article_publisher":"https:\/\/www.facebook.com\/dakarmania\/","article_published_time":"2019-05-06T11:35:42+00:00","article_modified_time":"2019-05-30T10:19:37+00:00","og_image":[{"width":1939,"height":1367,"url":"https:\/\/www.dakarmania.cz\/wp-content\/uploads\/2019\/05\/2020-sarr-map.jpg","type":"image\/jpeg"}],"author":"Zden\u011bk Zelenka","twitter_card":"summary_large_image","twitter_misc":{"Napsal(a)":"Zden\u011bk Zelenka","Odhadovan\u00e1 doba \u010dten\u00ed":"3 minuty"},"schema":{"@context":"https:\/\/schema.org","@graph":[{"@type":"Article","@id":"https:\/\/www.dakarmania.cz\/index.php\/2019\/05\/06\/argentinci-usporadaji-vlastni-mini-dakar\/#article","isPartOf":{"@id":"https:\/\/www.dakarmania.cz\/index.php\/2019\/05\/06\/argentinci-usporadaji-vlastni-mini-dakar\/"},"author":{"name":"Zden\u011bk Zelenka","@id":"https:\/\/www.dakarmania.cz\/#\/schema\/person\/04eb0e87a389631c2169c0dddae7ff1e"},"headline":"Argentinci uspo\u0159\u00e1daj\u00ed vlastn\u00ed \u201emini Dakar\u201c","datePublished":"2019-05-06T11:35:42+00:00","dateModified":"2019-05-30T10:19:37+00:00","mainEntityOfPage":{"@id":"https:\/\/www.dakarmania.cz\/index.php\/2019\/05\/06\/argentinci-usporadaji-vlastni-mini-dakar\/"},"wordCount":544,"commentCount":0,"publisher":{"@id":"https:\/\/www.dakarmania.cz\/#organization"},"image":{"@id":"https:\/\/www.dakarmania.cz\/index.php\/2019\/05\/06\/argentinci-usporadaji-vlastni-mini-dakar\/#primaryimage"},"thumbnailUrl":"https:\/\/www.dakarmania.cz\/wp-content\/uploads\/2019\/05\/2020-sarr-map.jpg","keywords":["2020","Juan Pablo Sisterna","SARR","SARR 2020"],"articleSection":["South American Rally Race"],"inLanguage":"cs","potentialAction":[{"@type":"CommentAction","name":"Comment","target":["https:\/\/www.dakarmania.cz\/index.php\/2019\/05\/06\/argentinci-usporadaji-vlastni-mini-dakar\/#respond"]}]},{"@type":"WebPage","@id":"https:\/\/www.dakarmania.cz\/index.php\/2019\/05\/06\/argentinci-usporadaji-vlastni-mini-dakar\/","url":"https:\/\/www.dakarmania.cz\/index.php\/2019\/05\/06\/argentinci-usporadaji-vlastni-mini-dakar\/","name":"Argentinci uspo\u0159\u00e1daj\u00ed vlastn\u00ed \u201emini Dakar\u201c - DAKARMANIA.cz","isPartOf":{"@id":"https:\/\/www.dakarmania.cz\/#website"},"primaryImageOfPage":{"@id":"https:\/\/www.dakarmania.cz\/index.php\/2019\/05\/06\/argentinci-usporadaji-vlastni-mini-dakar\/#primaryimage"},"image":{"@id":"https:\/\/www.dakarmania.cz\/index.php\/2019\/05\/06\/argentinci-usporadaji-vlastni-mini-dakar\/#primaryimage"},"thumbnailUrl":"https:\/\/www.dakarmania.cz\/wp-content\/uploads\/2019\/05\/2020-sarr-map.jpg","datePublished":"2019-05-06T11:35:42+00:00","dateModified":"2019-05-30T10:19:37+00:00","description":"Po stop\u00e1ch jihoamerick\u00e9ho Dakaru se na po\u010d\u00e1tku p\u0159\u00ed\u0161t\u00edho \u00fanora vyd\u00e1 nov\u00fd z\u00e1vod. Argentinci p\u0159edstavili South American Rally Race 2020.","breadcrumb":{"@id":"https:\/\/www.dakarmania.cz\/index.php\/2019\/05\/06\/argentinci-usporadaji-vlastni-mini-dakar\/#breadcrumb"},"inLanguage":"cs","potentialAction":[{"@type":"ReadAction","target":["https:\/\/www.dakarmania.cz\/index.php\/2019\/05\/06\/argentinci-usporadaji-vlastni-mini-dakar\/"]}]},{"@type":"ImageObject","inLanguage":"cs","@id":"https:\/\/www.dakarmania.cz\/index.php\/2019\/05\/06\/argentinci-usporadaji-vlastni-mini-dakar\/#primaryimage","url":"https:\/\/www.dakarmania.cz\/wp-content\/uploads\/2019\/05\/2020-sarr-map.jpg","contentUrl":"https:\/\/www.dakarmania.cz\/wp-content\/uploads\/2019\/05\/2020-sarr-map.jpg","width":1939,"height":1367,"caption":"South American Rally Race 2020. \u00a9 SARR Media"},{"@type":"BreadcrumbList","@id":"https:\/\/www.dakarmania.cz\/index.php\/2019\/05\/06\/argentinci-usporadaji-vlastni-mini-dakar\/#breadcrumb","itemListElement":[{"@type":"ListItem","position":1,"name":"Dom\u016f","item":"https:\/\/www.dakarmania.cz\/"},{"@type":"ListItem","position":2,"name":"Argentinci uspo\u0159\u00e1daj\u00ed vlastn\u00ed \u201emini Dakar\u201c"}]},{"@type":"WebSite","@id":"https:\/\/www.dakarmania.cz\/#website","url":"https:\/\/www.dakarmania.cz\/","name":"DAKARMANIA.cz","description":"\u017dijeme Dakarem cel\u00fd rok","publisher":{"@id":"https:\/\/www.dakarmania.cz\/#organization"},"potentialAction":[{"@type":"SearchAction","target":{"@type":"EntryPoint","urlTemplate":"https:\/\/www.dakarmania.cz\/?s={search_term_string}"},"query-input":{"@type":"PropertyValueSpecification","valueRequired":true,"valueName":"search_term_string"}}],"inLanguage":"cs"},{"@type":"Organization","@id":"https:\/\/www.dakarmania.cz\/#organization","name":"DAKAR MANIA","url":"https:\/\/www.dakarmania.cz\/","logo":{"@type":"ImageObject","inLanguage":"cs","@id":"https:\/\/www.dakarmania.cz\/#\/schema\/logo\/image\/","url":"https:\/\/www.dakarmania.cz\/wp-content\/uploads\/2018\/12\/Dakar-Mania-Logo-Square-Orange.png","contentUrl":"https:\/\/www.dakarmania.cz\/wp-content\/uploads\/2018\/12\/Dakar-Mania-Logo-Square-Orange.png","width":992,"height":992,"caption":"DAKAR MANIA"},"image":{"@id":"https:\/\/www.dakarmania.cz\/#\/schema\/logo\/image\/"},"sameAs":["https:\/\/www.facebook.com\/dakarmania\/"]},{"@type":"Person","@id":"https:\/\/www.dakarmania.cz\/#\/schema\/person\/04eb0e87a389631c2169c0dddae7ff1e","name":"Zden\u011bk Zelenka","image":{"@type":"ImageObject","inLanguage":"cs","@id":"https:\/\/www.dakarmania.cz\/#\/schema\/person\/image\/","url":"https:\/\/secure.gravatar.com\/avatar\/2c80d5a4942fe0900b73cc7d3837a509d6ee0a276a2b76dac95c92bd0763a89b?s=96&d=mm&r=g","contentUrl":"https:\/\/secure.gravatar.com\/avatar\/2c80d5a4942fe0900b73cc7d3837a509d6ee0a276a2b76dac95c92bd0763a89b?s=96&d=mm&r=g","caption":"Zden\u011bk Zelenka"},"description":"Moji d\u011bt\u0161t\u00ed hrdinov\u00e9 se jmenovali Loprais, Moskal, Neveu, Vatanen, Rahier... A tihle borci, jejich n\u00e1sledovn\u00edci a jejich p\u0159\u00edb\u011bhy m\u011b nep\u0159estali fascinovat ani po letech, kdy jsem vyrostl a zam\u011bstn\u00e1valy m\u011b jin\u00e9 discipl\u00edny motorsportu. Proto se zrodila DAKARMANIA.","url":"https:\/\/www.dakarmania.cz\/index.php\/author\/dakarmania\/"}]}},"amp_enabled":true,"_links":{"self":[{"href":"https:\/\/www.dakarmania.cz\/index.php\/wp-json\/wp\/v2\/posts\/6032","targetHints":{"allow":["GET"]}}],"collection":[{"href":"https:\/\/www.dakarmania.cz\/index.php\/wp-json\/wp\/v2\/posts"}],"about":[{"href":"https:\/\/www.dakarmania.cz\/index.php\/wp-json\/wp\/v2\/types\/post"}],"author":[{"embeddable":true,"href":"https:\/\/www.dakarmania.cz\/index.php\/wp-json\/wp\/v2\/users\/1"}],"replies":[{"embeddable":true,"href":"https:\/\/www.dakarmania.cz\/index.php\/wp-json\/wp\/v2\/comments?post=6032"}],"version-history":[{"count":4,"href":"https:\/\/www.dakarmania.cz\/index.php\/wp-json\/wp\/v2\/posts\/6032\/revisions"}],"predecessor-version":[{"id":6036,"href":"https:\/\/www.dakarmania.cz\/index.php\/wp-json\/wp\/v2\/posts\/6032\/revisions\/6036"}],"wp:featuredmedia":[{"embeddable":true,"href":"https:\/\/www.dakarmania.cz\/index.php\/wp-json\/wp\/v2\/media\/6031"}],"wp:attachment":[{"href":"https:\/\/www.dakarmania.cz\/index.php\/wp-json\/wp\/v2\/media?parent=6032"}],"wp:term":[{"taxonomy":"category","embeddable":true,"href":"https:\/\/www.dakarmania.cz\/index.php\/wp-json\/wp\/v2\/categories?post=6032"},{"taxonomy":"post_tag","embeddable":true,"href":"https:\/\/www.dakarmania.cz\/index.php\/wp-json\/wp\/v2\/tags?post=6032"}],"curies":[{"name":"wp","href":"https:\/\/api.w.org\/{rel}","templated":true}]}}