{"id":6493,"date":"2019-05-11T01:13:03","date_gmt":"2019-05-10T23:13:03","guid":{"rendered":"https:\/\/www.dakarmania.cz\/?p=6493"},"modified":"2019-05-20T17:44:11","modified_gmt":"2019-05-20T15:44:11","slug":"foto-riverside-2019","status":"publish","type":"post","link":"https:\/\/www.dakarmania.cz\/index.php\/2019\/05\/11\/foto-riverside-2019\/","title":{"rendered":"FOTO: Riverside Baja 2019 [Luk\u00e1\u0161 Pour]"},"content":{"rendered":"<p>[vc_row][vc_column][vc_column_text]<\/p>\n<h4>\u0160ampion\u00e1t st\u0159edoevropsk\u00e9 z\u00f3ny FIA v cross-country 2019 pokra\u010duje ve dnech 10. a 11. kv\u011btna ma\u010farsk\u00fdm podnikem Riverside Baja. Po\u010d\u00edn\u00e1n\u00ed \u010desk\u00fdch pos\u00e1dek i jejich soupe\u0159\u016f pro DAKAR MANII fot\u00ed Luk\u00e1\u0161 Pour.<\/h4>\n<p>[\/vc_column_text][vc_raw_html]JTVCZm9vZ2FsbGVyeSUyMGlkJTNEJTIyNjQ5MiUyMiU1RA==[\/vc_raw_html][\/vc_column][\/vc_row]<\/p>\n","protected":false},"excerpt":{"rendered":"<p>[vc_row][vc_column][vc_column_text] \u0160ampion\u00e1t st\u0159edoevropsk\u00e9 z\u00f3ny FIA v cross-country 2019 pokra\u010duje ve dnech 10. a 11. kv\u011btna ma\u010farsk\u00fdm podnikem Riverside Baja. Po\u010d\u00edn\u00e1n\u00ed \u010desk\u00fdch pos\u00e1dek i jejich soupe\u0159\u016f pro DAKAR MANII fot\u00ed Luk\u00e1\u0161 Pour. [\/vc_column_text][vc_raw_html]JTVCZm9vZ2FsbGVyeSUyMGlkJTNEJTIyNjQ5MiUyMiU1RA==[\/vc_raw_html][\/vc_column][\/vc_row]<\/p>\n","protected":false},"author":7,"featured_media":6479,"comment_status":"open","ping_status":"closed","sticky":false,"template":"","format":"standard","meta":{"footnotes":""},"categories":[3,1044],"tags":[425,697,698,1045,808],"class_list":["post-6493","post","type-post","status-publish","format-standard","has-post-thumbnail","hentry","category-auto","category-foto","tag-425","tag-fia-cez","tag-fia-cez-2019","tag-riverside-baja","tag-riverside-baja-2019"],"yoast_head":"<!-- This site is optimized with the Yoast SEO plugin v24.9 - https:\/\/yoast.com\/wordpress\/plugins\/seo\/ -->\n<title>FOTO: Riverside Baja 2019 [Luk\u00e1\u0161 Pour] - DAKARMANIA.cz<\/title>\n<meta name=\"description\" content=\"Fotogalerie Luk\u00e1\u0161e Poura z ma\u010farsk\u00e9 Riverside Baji, t\u0159et\u00edho podniku \u0160ampion\u00e1tu st\u0159edoevropsk\u00e9 z\u00f3ny FIA v cross-country 2019.\" \/>\n<meta name=\"robots\" content=\"index, follow, max-snippet:-1, max-image-preview:large, max-video-preview:-1\" \/>\n<link rel=\"canonical\" href=\"https:\/\/www.dakarmania.cz\/index.php\/2019\/05\/11\/foto-riverside-2019\/\" \/>\n<meta property=\"og:locale\" content=\"cs_CZ\" \/>\n<meta property=\"og:type\" content=\"article\" \/>\n<meta property=\"og:title\" content=\"FOTO: Riverside Baja 2019 [Luk\u00e1\u0161 Pour] - DAKARMANIA.cz\" \/>\n<meta property=\"og:description\" content=\"Fotogalerie Luk\u00e1\u0161e Poura z ma\u010farsk\u00e9 Riverside Baji, t\u0159et\u00edho podniku \u0160ampion\u00e1tu st\u0159edoevropsk\u00e9 z\u00f3ny FIA v cross-country 2019.\" \/>\n<meta property=\"og:url\" content=\"https:\/\/www.dakarmania.cz\/index.php\/2019\/05\/11\/foto-riverside-2019\/\" \/>\n<meta property=\"og:site_name\" content=\"DAKARMANIA.cz\" \/>\n<meta property=\"article:publisher\" content=\"https:\/\/www.facebook.com\/dakarmania\/\" \/>\n<meta property=\"article:published_time\" content=\"2019-05-10T23:13:03+00:00\" \/>\n<meta property=\"article:modified_time\" content=\"2019-05-20T15:44:11+00:00\" \/>\n<meta property=\"og:image\" content=\"https:\/\/www.dakarmania.cz\/wp-content\/uploads\/2019\/05\/19-riverside-vaculik-01-1024x682.jpg\" \/>\n\t<meta property=\"og:image:width\" content=\"1024\" \/>\n\t<meta property=\"og:image:height\" content=\"682\" \/>\n\t<meta property=\"og:image:type\" content=\"image\/jpeg\" \/>\n<meta name=\"author\" content=\"Luk\u00e1\u0161 Pour\" \/>\n<meta name=\"twitter:card\" content=\"summary_large_image\" \/>\n<meta name=\"twitter:label1\" content=\"Napsal(a)\" \/>\n\t<meta name=\"twitter:data1\" content=\"Luk\u00e1\u0161 Pour\" \/>\n<script type=\"application\/ld+json\" class=\"yoast-schema-graph\">{\"@context\":\"https:\/\/schema.org\",\"@graph\":[{\"@type\":\"Article\",\"@id\":\"https:\/\/www.dakarmania.cz\/index.php\/2019\/05\/11\/foto-riverside-2019\/#article\",\"isPartOf\":{\"@id\":\"https:\/\/www.dakarmania.cz\/index.php\/2019\/05\/11\/foto-riverside-2019\/\"},\"author\":{\"name\":\"Luk\u00e1\u0161 Pour\",\"@id\":\"https:\/\/www.dakarmania.cz\/#\/schema\/person\/94e58c240a156aee766ccbb44133460c\"},\"headline\":\"FOTO: Riverside Baja 2019 [Luk\u00e1\u0161 Pour]\",\"datePublished\":\"2019-05-10T23:13:03+00:00\",\"dateModified\":\"2019-05-20T15:44:11+00:00\",\"mainEntityOfPage\":{\"@id\":\"https:\/\/www.dakarmania.cz\/index.php\/2019\/05\/11\/foto-riverside-2019\/\"},\"wordCount\":68,\"commentCount\":0,\"publisher\":{\"@id\":\"https:\/\/www.dakarmania.cz\/#organization\"},\"image\":{\"@id\":\"https:\/\/www.dakarmania.cz\/index.php\/2019\/05\/11\/foto-riverside-2019\/#primaryimage\"},\"thumbnailUrl\":\"https:\/\/www.dakarmania.cz\/wp-content\/uploads\/2019\/05\/19-riverside-vaculik-01.jpg\",\"keywords\":[\"2019\",\"FIA CEZ\",\"FIA CEZ 2019\",\"Riverside Baja\",\"Riverside Baja 2019\"],\"articleSection\":[\"Auto\",\"Foto\"],\"inLanguage\":\"cs\",\"potentialAction\":[{\"@type\":\"CommentAction\",\"name\":\"Comment\",\"target\":[\"https:\/\/www.dakarmania.cz\/index.php\/2019\/05\/11\/foto-riverside-2019\/#respond\"]}]},{\"@type\":\"WebPage\",\"@id\":\"https:\/\/www.dakarmania.cz\/index.php\/2019\/05\/11\/foto-riverside-2019\/\",\"url\":\"https:\/\/www.dakarmania.cz\/index.php\/2019\/05\/11\/foto-riverside-2019\/\",\"name\":\"FOTO: Riverside Baja 2019 [Luk\u00e1\u0161 Pour] - DAKARMANIA.cz\",\"isPartOf\":{\"@id\":\"https:\/\/www.dakarmania.cz\/#website\"},\"primaryImageOfPage\":{\"@id\":\"https:\/\/www.dakarmania.cz\/index.php\/2019\/05\/11\/foto-riverside-2019\/#primaryimage\"},\"image\":{\"@id\":\"https:\/\/www.dakarmania.cz\/index.php\/2019\/05\/11\/foto-riverside-2019\/#primaryimage\"},\"thumbnailUrl\":\"https:\/\/www.dakarmania.cz\/wp-content\/uploads\/2019\/05\/19-riverside-vaculik-01.jpg\",\"datePublished\":\"2019-05-10T23:13:03+00:00\",\"dateModified\":\"2019-05-20T15:44:11+00:00\",\"description\":\"Fotogalerie Luk\u00e1\u0161e Poura z ma\u010farsk\u00e9 Riverside Baji, t\u0159et\u00edho podniku \u0160ampion\u00e1tu st\u0159edoevropsk\u00e9 z\u00f3ny FIA v cross-country 2019.\",\"breadcrumb\":{\"@id\":\"https:\/\/www.dakarmania.cz\/index.php\/2019\/05\/11\/foto-riverside-2019\/#breadcrumb\"},\"inLanguage\":\"cs\",\"potentialAction\":[{\"@type\":\"ReadAction\",\"target\":[\"https:\/\/www.dakarmania.cz\/index.php\/2019\/05\/11\/foto-riverside-2019\/\"]}]},{\"@type\":\"ImageObject\",\"inLanguage\":\"cs\",\"@id\":\"https:\/\/www.dakarmania.cz\/index.php\/2019\/05\/11\/foto-riverside-2019\/#primaryimage\",\"url\":\"https:\/\/www.dakarmania.cz\/wp-content\/uploads\/2019\/05\/19-riverside-vaculik-01.jpg\",\"contentUrl\":\"https:\/\/www.dakarmania.cz\/wp-content\/uploads\/2019\/05\/19-riverside-vaculik-01.jpg\",\"width\":2000,\"height\":1333,\"caption\":\"Boris Vacul\u00edk \/ Rudolf Lhotsk\u00fd, Ford F-150 Evo II, 3Rcz.com. Riverside Baja 2019. \u00a9 DAKAR MANIA \/ Luk\u00e1\u0161 Pour\"},{\"@type\":\"BreadcrumbList\",\"@id\":\"https:\/\/www.dakarmania.cz\/index.php\/2019\/05\/11\/foto-riverside-2019\/#breadcrumb\",\"itemListElement\":[{\"@type\":\"ListItem\",\"position\":1,\"name\":\"Dom\u016f\",\"item\":\"https:\/\/www.dakarmania.cz\/\"},{\"@type\":\"ListItem\",\"position\":2,\"name\":\"FOTO: Riverside Baja 2019 [Luk\u00e1\u0161 Pour]\"}]},{\"@type\":\"WebSite\",\"@id\":\"https:\/\/www.dakarmania.cz\/#website\",\"url\":\"https:\/\/www.dakarmania.cz\/\",\"name\":\"DAKARMANIA.cz\",\"description\":\"\u017dijeme Dakarem cel\u00fd rok\",\"publisher\":{\"@id\":\"https:\/\/www.dakarmania.cz\/#organization\"},\"potentialAction\":[{\"@type\":\"SearchAction\",\"target\":{\"@type\":\"EntryPoint\",\"urlTemplate\":\"https:\/\/www.dakarmania.cz\/?s={search_term_string}\"},\"query-input\":{\"@type\":\"PropertyValueSpecification\",\"valueRequired\":true,\"valueName\":\"search_term_string\"}}],\"inLanguage\":\"cs\"},{\"@type\":\"Organization\",\"@id\":\"https:\/\/www.dakarmania.cz\/#organization\",\"name\":\"DAKAR MANIA\",\"url\":\"https:\/\/www.dakarmania.cz\/\",\"logo\":{\"@type\":\"ImageObject\",\"inLanguage\":\"cs\",\"@id\":\"https:\/\/www.dakarmania.cz\/#\/schema\/logo\/image\/\",\"url\":\"https:\/\/www.dakarmania.cz\/wp-content\/uploads\/2018\/12\/Dakar-Mania-Logo-Square-Orange.png\",\"contentUrl\":\"https:\/\/www.dakarmania.cz\/wp-content\/uploads\/2018\/12\/Dakar-Mania-Logo-Square-Orange.png\",\"width\":992,\"height\":992,\"caption\":\"DAKAR MANIA\"},\"image\":{\"@id\":\"https:\/\/www.dakarmania.cz\/#\/schema\/logo\/image\/\"},\"sameAs\":[\"https:\/\/www.facebook.com\/dakarmania\/\"]},{\"@type\":\"Person\",\"@id\":\"https:\/\/www.dakarmania.cz\/#\/schema\/person\/94e58c240a156aee766ccbb44133460c\",\"name\":\"Luk\u00e1\u0161 Pour\",\"image\":{\"@type\":\"ImageObject\",\"inLanguage\":\"cs\",\"@id\":\"https:\/\/www.dakarmania.cz\/#\/schema\/person\/image\/\",\"url\":\"https:\/\/secure.gravatar.com\/avatar\/ca0f1959114bfb81d5d3bd1fb9341a9a387ff503fef6f8d50e0593fe6321e71a?s=96&d=mm&r=g\",\"contentUrl\":\"https:\/\/secure.gravatar.com\/avatar\/ca0f1959114bfb81d5d3bd1fb9341a9a387ff503fef6f8d50e0593fe6321e71a?s=96&d=mm&r=g\",\"caption\":\"Luk\u00e1\u0161 Pour\"},\"url\":\"https:\/\/www.dakarmania.cz\/index.php\/author\/lukas-pour\/\"}]}<\/script>\n<!-- \/ Yoast SEO plugin. -->","yoast_head_json":{"title":"FOTO: Riverside Baja 2019 [Luk\u00e1\u0161 Pour] - DAKARMANIA.cz","description":"Fotogalerie Luk\u00e1\u0161e Poura z ma\u010farsk\u00e9 Riverside Baji, t\u0159et\u00edho podniku \u0160ampion\u00e1tu st\u0159edoevropsk\u00e9 z\u00f3ny FIA v cross-country 2019.","robots":{"index":"index","follow":"follow","max-snippet":"max-snippet:-1","max-image-preview":"max-image-preview:large","max-video-preview":"max-video-preview:-1"},"canonical":"https:\/\/www.dakarmania.cz\/index.php\/2019\/05\/11\/foto-riverside-2019\/","og_locale":"cs_CZ","og_type":"article","og_title":"FOTO: Riverside Baja 2019 [Luk\u00e1\u0161 Pour] - DAKARMANIA.cz","og_description":"Fotogalerie Luk\u00e1\u0161e Poura z ma\u010farsk\u00e9 Riverside Baji, t\u0159et\u00edho podniku \u0160ampion\u00e1tu st\u0159edoevropsk\u00e9 z\u00f3ny FIA v cross-country 2019.","og_url":"https:\/\/www.dakarmania.cz\/index.php\/2019\/05\/11\/foto-riverside-2019\/","og_site_name":"DAKARMANIA.cz","article_publisher":"https:\/\/www.facebook.com\/dakarmania\/","article_published_time":"2019-05-10T23:13:03+00:00","article_modified_time":"2019-05-20T15:44:11+00:00","og_image":[{"width":1024,"height":682,"url":"https:\/\/www.dakarmania.cz\/wp-content\/uploads\/2019\/05\/19-riverside-vaculik-01-1024x682.jpg","type":"image\/jpeg"}],"author":"Luk\u00e1\u0161 Pour","twitter_card":"summary_large_image","twitter_misc":{"Napsal(a)":"Luk\u00e1\u0161 Pour"},"schema":{"@context":"https:\/\/schema.org","@graph":[{"@type":"Article","@id":"https:\/\/www.dakarmania.cz\/index.php\/2019\/05\/11\/foto-riverside-2019\/#article","isPartOf":{"@id":"https:\/\/www.dakarmania.cz\/index.php\/2019\/05\/11\/foto-riverside-2019\/"},"author":{"name":"Luk\u00e1\u0161 Pour","@id":"https:\/\/www.dakarmania.cz\/#\/schema\/person\/94e58c240a156aee766ccbb44133460c"},"headline":"FOTO: Riverside Baja 2019 [Luk\u00e1\u0161 Pour]","datePublished":"2019-05-10T23:13:03+00:00","dateModified":"2019-05-20T15:44:11+00:00","mainEntityOfPage":{"@id":"https:\/\/www.dakarmania.cz\/index.php\/2019\/05\/11\/foto-riverside-2019\/"},"wordCount":68,"commentCount":0,"publisher":{"@id":"https:\/\/www.dakarmania.cz\/#organization"},"image":{"@id":"https:\/\/www.dakarmania.cz\/index.php\/2019\/05\/11\/foto-riverside-2019\/#primaryimage"},"thumbnailUrl":"https:\/\/www.dakarmania.cz\/wp-content\/uploads\/2019\/05\/19-riverside-vaculik-01.jpg","keywords":["2019","FIA CEZ","FIA CEZ 2019","Riverside Baja","Riverside Baja 2019"],"articleSection":["Auto","Foto"],"inLanguage":"cs","potentialAction":[{"@type":"CommentAction","name":"Comment","target":["https:\/\/www.dakarmania.cz\/index.php\/2019\/05\/11\/foto-riverside-2019\/#respond"]}]},{"@type":"WebPage","@id":"https:\/\/www.dakarmania.cz\/index.php\/2019\/05\/11\/foto-riverside-2019\/","url":"https:\/\/www.dakarmania.cz\/index.php\/2019\/05\/11\/foto-riverside-2019\/","name":"FOTO: Riverside Baja 2019 [Luk\u00e1\u0161 Pour] - DAKARMANIA.cz","isPartOf":{"@id":"https:\/\/www.dakarmania.cz\/#website"},"primaryImageOfPage":{"@id":"https:\/\/www.dakarmania.cz\/index.php\/2019\/05\/11\/foto-riverside-2019\/#primaryimage"},"image":{"@id":"https:\/\/www.dakarmania.cz\/index.php\/2019\/05\/11\/foto-riverside-2019\/#primaryimage"},"thumbnailUrl":"https:\/\/www.dakarmania.cz\/wp-content\/uploads\/2019\/05\/19-riverside-vaculik-01.jpg","datePublished":"2019-05-10T23:13:03+00:00","dateModified":"2019-05-20T15:44:11+00:00","description":"Fotogalerie Luk\u00e1\u0161e Poura z ma\u010farsk\u00e9 Riverside Baji, t\u0159et\u00edho podniku \u0160ampion\u00e1tu st\u0159edoevropsk\u00e9 z\u00f3ny FIA v cross-country 2019.","breadcrumb":{"@id":"https:\/\/www.dakarmania.cz\/index.php\/2019\/05\/11\/foto-riverside-2019\/#breadcrumb"},"inLanguage":"cs","potentialAction":[{"@type":"ReadAction","target":["https:\/\/www.dakarmania.cz\/index.php\/2019\/05\/11\/foto-riverside-2019\/"]}]},{"@type":"ImageObject","inLanguage":"cs","@id":"https:\/\/www.dakarmania.cz\/index.php\/2019\/05\/11\/foto-riverside-2019\/#primaryimage","url":"https:\/\/www.dakarmania.cz\/wp-content\/uploads\/2019\/05\/19-riverside-vaculik-01.jpg","contentUrl":"https:\/\/www.dakarmania.cz\/wp-content\/uploads\/2019\/05\/19-riverside-vaculik-01.jpg","width":2000,"height":1333,"caption":"Boris Vacul\u00edk \/ Rudolf Lhotsk\u00fd, Ford F-150 Evo II, 3Rcz.com. Riverside Baja 2019. \u00a9 DAKAR MANIA \/ Luk\u00e1\u0161 Pour"},{"@type":"BreadcrumbList","@id":"https:\/\/www.dakarmania.cz\/index.php\/2019\/05\/11\/foto-riverside-2019\/#breadcrumb","itemListElement":[{"@type":"ListItem","position":1,"name":"Dom\u016f","item":"https:\/\/www.dakarmania.cz\/"},{"@type":"ListItem","position":2,"name":"FOTO: Riverside Baja 2019 [Luk\u00e1\u0161 Pour]"}]},{"@type":"WebSite","@id":"https:\/\/www.dakarmania.cz\/#website","url":"https:\/\/www.dakarmania.cz\/","name":"DAKARMANIA.cz","description":"\u017dijeme Dakarem cel\u00fd rok","publisher":{"@id":"https:\/\/www.dakarmania.cz\/#organization"},"potentialAction":[{"@type":"SearchAction","target":{"@type":"EntryPoint","urlTemplate":"https:\/\/www.dakarmania.cz\/?s={search_term_string}"},"query-input":{"@type":"PropertyValueSpecification","valueRequired":true,"valueName":"search_term_string"}}],"inLanguage":"cs"},{"@type":"Organization","@id":"https:\/\/www.dakarmania.cz\/#organization","name":"DAKAR MANIA","url":"https:\/\/www.dakarmania.cz\/","logo":{"@type":"ImageObject","inLanguage":"cs","@id":"https:\/\/www.dakarmania.cz\/#\/schema\/logo\/image\/","url":"https:\/\/www.dakarmania.cz\/wp-content\/uploads\/2018\/12\/Dakar-Mania-Logo-Square-Orange.png","contentUrl":"https:\/\/www.dakarmania.cz\/wp-content\/uploads\/2018\/12\/Dakar-Mania-Logo-Square-Orange.png","width":992,"height":992,"caption":"DAKAR MANIA"},"image":{"@id":"https:\/\/www.dakarmania.cz\/#\/schema\/logo\/image\/"},"sameAs":["https:\/\/www.facebook.com\/dakarmania\/"]},{"@type":"Person","@id":"https:\/\/www.dakarmania.cz\/#\/schema\/person\/94e58c240a156aee766ccbb44133460c","name":"Luk\u00e1\u0161 Pour","image":{"@type":"ImageObject","inLanguage":"cs","@id":"https:\/\/www.dakarmania.cz\/#\/schema\/person\/image\/","url":"https:\/\/secure.gravatar.com\/avatar\/ca0f1959114bfb81d5d3bd1fb9341a9a387ff503fef6f8d50e0593fe6321e71a?s=96&d=mm&r=g","contentUrl":"https:\/\/secure.gravatar.com\/avatar\/ca0f1959114bfb81d5d3bd1fb9341a9a387ff503fef6f8d50e0593fe6321e71a?s=96&d=mm&r=g","caption":"Luk\u00e1\u0161 Pour"},"url":"https:\/\/www.dakarmania.cz\/index.php\/author\/lukas-pour\/"}]}},"amp_enabled":true,"_links":{"self":[{"href":"https:\/\/www.dakarmania.cz\/index.php\/wp-json\/wp\/v2\/posts\/6493","targetHints":{"allow":["GET"]}}],"collection":[{"href":"https:\/\/www.dakarmania.cz\/index.php\/wp-json\/wp\/v2\/posts"}],"about":[{"href":"https:\/\/www.dakarmania.cz\/index.php\/wp-json\/wp\/v2\/types\/post"}],"author":[{"embeddable":true,"href":"https:\/\/www.dakarmania.cz\/index.php\/wp-json\/wp\/v2\/users\/7"}],"replies":[{"embeddable":true,"href":"https:\/\/www.dakarmania.cz\/index.php\/wp-json\/wp\/v2\/comments?post=6493"}],"version-history":[{"count":5,"href":"https:\/\/www.dakarmania.cz\/index.php\/wp-json\/wp\/v2\/posts\/6493\/revisions"}],"predecessor-version":[{"id":6595,"href":"https:\/\/www.dakarmania.cz\/index.php\/wp-json\/wp\/v2\/posts\/6493\/revisions\/6595"}],"wp:featuredmedia":[{"embeddable":true,"href":"https:\/\/www.dakarmania.cz\/index.php\/wp-json\/wp\/v2\/media\/6479"}],"wp:attachment":[{"href":"https:\/\/www.dakarmania.cz\/index.php\/wp-json\/wp\/v2\/media?parent=6493"}],"wp:term":[{"taxonomy":"category","embeddable":true,"href":"https:\/\/www.dakarmania.cz\/index.php\/wp-json\/wp\/v2\/categories?post=6493"},{"taxonomy":"post_tag","embeddable":true,"href":"https:\/\/www.dakarmania.cz\/index.php\/wp-json\/wp\/v2\/tags?post=6493"}],"curies":[{"name":"wp","href":"https:\/\/api.w.org\/{rel}","templated":true}]}}