{"id":6535,"date":"2019-05-11T22:57:23","date_gmt":"2019-05-11T20:57:23","guid":{"rendered":"https:\/\/www.dakarmania.cz\/?p=6535"},"modified":"2023-02-02T07:59:18","modified_gmt":"2023-02-02T06:59:18","slug":"zapletal-prodlouzil-viteznou-snuru","status":"publish","type":"post","link":"https:\/\/www.dakarmania.cz\/index.php\/2019\/05\/11\/zapletal-prodlouzil-viteznou-snuru\/","title":{"rendered":"Riverside Baja: Zapletal prodlou\u017eil v\u00edt\u011bznou \u0161\u0148\u016fru, Po\u0159\u00edzek st\u0159\u00edbrn\u00fd"},"content":{"rendered":"<p>[vc_row][vc_column][vc_column_text]<\/p>\n<h4>Miroslav Zapletal s Markem S\u00fdkorou pokra\u010duj\u00ed v suver\u00e9nn\u00edm ta\u017een\u00ed leto\u0161n\u00edm \u0160ampion\u00e1tem st\u0159edoevropsk\u00e9 z\u00f3ny FIA v cross-country (FIA CEZ). Po triumfech v Bugaci a Drawsku vyhr\u00e1la \u010desko-slovensk\u00e1 pos\u00e1dka i t\u0159et\u00ed podnik sezony, j\u00edm\u017e byla ma\u010farsk\u00e1 Riverside Baja.<\/h4>\n<p>Severoz\u00e1pad Ma\u010farska zas\u00e1hly v posledn\u00edch t\u00fddnech siln\u011bj\u0161\u00ed de\u0161t\u011b. Proto museli po\u0159adatel\u00e9 Riverside Baji na posledn\u00ed chv\u00edli p\u0159istoupit ke zkr\u00e1cen\u00ed jednotliv\u00fdch rychlostn\u00edch zkou\u0161ek. V r\u00e1mci sedmi test\u016f se nakonec na \u010das jelo 254 m\u00edsto p\u016fvodn\u011b pl\u00e1novan\u00fdch 313 kilometr\u016f. Na pos\u00e1dky \u010dekaly rychl\u00e9 trat\u011b a nakonec i p\u0159\u00edjemn\u011b tepl\u00e9 jarn\u00ed po\u010das\u00ed bez sr\u00e1\u017eek.<\/p>\n<p><a href=\"\/index.php\/osobnosti\/miroslav-zapletal\/\">Zapletal<\/a> se <a href=\"\/index.php\/osobnosti\/marek-sykora\/\">S\u00fdkorou<\/a> (Hummer) diktovali tempo od prvn\u00edch kilometr\u016f. Po t\u0159ech kr\u00e1tk\u00fdch p\u00e1te\u010dn\u00edch rychlostn\u00edch zkou\u0161k\u00e1ch vedli v kategorii T1 s v\u00edce ne\u017e minutov\u00fdm n\u00e1skokem p\u0159ed Pol\u00e1ky W\u0142odzimierzem Grajkem (BMW) a Paw\u0142em Molgem (Ford).[\/vc_column_text][vc_single_image image=&#8221;6478&#8243; img_size=&#8221;large&#8221; add_caption=&#8221;yes&#8221; alignment=&#8221;center&#8221;][vc_column_text]Dvojice t\u00fdmu Offroadsport nezav\u00e1hala ani v sobotu, kdy byly na programu \u010dty\u0159i 56kilometrov\u00e9 testy. D\u00edky dal\u0161\u00edm t\u0159em nejrychlej\u0161\u00edm \u010das\u016fm a jednomu druh\u00e9mu m\u00edsto (po v\u00fdm\u011bn\u011b defektu) obh\u00e1jila na Riverside Baje lo\u0148sk\u00e9 v\u00edt\u011bzstv\u00ed. V r\u00e1mci st\u0159edoevropsk\u00e9ho \u0161ampion\u00e1tu p\u0159evzal Zapletal trofej pro v\u00edt\u011bze kategorie T1 u\u017e pop\u00e1t\u00e9 v \u0159ad\u011b, kdy\u017e nena\u0161el p\u0159emo\u017eitele tak\u00e9 na dvou z\u00e1v\u011bre\u010dn\u00fdch podnic\u00edch p\u0159edchoz\u00ed sezony.<\/p>\n<p>\u00dasp\u011bch \u010desk\u00fdch barev podtrhli druh\u00fdm m\u00edstem v T1 Zden\u011bk Po\u0159\u00edzek s Pavlem Vacul\u00edkem (Ford). D\u00edky z\u00edskan\u00fdm bod\u016fm a po Molgov\u011b odstoupen\u00ed ze sobotn\u00ed etapy se Po\u0159\u00edzek v pr\u016fb\u011b\u017en\u00e9m hodnocen\u00ed FIA CEZ v kategorii T1 posunul na druh\u00e9 m\u00edsto, pr\u00e1v\u011b na \u00fakor polsk\u00e9ho z\u00e1vodn\u00edka.[\/vc_column_text][vc_single_image image=&#8221;6532&#8243; img_size=&#8221;large&#8221; add_caption=&#8221;yes&#8221; alignment=&#8221;center&#8221;][vc_column_text]Magyargencs si pro svou sout\u011b\u017en\u00ed premi\u00e9ru vybral nov\u011b zformovan\u00fd \u010desk\u00fd t\u00fdm 3Rcz.com. <a href=\"\/index.php\/osobnosti\/boris-vaculik\/\">Boris Vacul\u00edk<\/a> s b\u00fdval\u00fdm motork\u00e1\u0159em <a href=\"\/index.php\/osobnosti\/rudolf-lhotsky\/\">Rudolfem Lhotsk\u00fdm<\/a> figurovali po p\u00e1tku na p\u00e1t\u00e9m m\u00edst\u011b a po prvn\u00ed sobotn\u00ed erzet\u011b se posunuli na t\u0159et\u00ed p\u0159\u00ed\u010dku. Nad\u011bje na um\u00edst\u011bn\u00ed na stupn\u00edch v\u00edt\u011bz\u016f v\u0161ak zhatila porucha elektroniky, kv\u016fli n\u00ed\u017e Vacul\u00edk\u016fv Ford neodjel p\u0159ed dal\u0161\u00edm testem z uzav\u0159en\u00e9ho parkovi\u0161t\u011b.<\/p>\n<p>V nejpo\u010detn\u011bji obsazen\u00e9 kategorii SxS se z \u010desk\u00fdch pos\u00e1dek nejl\u00e9pe um\u00edstili Ladislav Zavrt\u00e1lek s Ivem \u0160ev\u010d\u00edkem (Can-Am). Pos\u00e1dka t\u00fdmu Thor Riders skon\u010dila sedm\u00e1. V pr\u016fb\u011b\u017en\u00e9 klasifikaci kategorie SxS klesl Zavrt\u00e1lek ze druh\u00e9 na t\u0159et\u00ed pozici.[\/vc_column_text][vc_single_image image=&#8221;6491&#8243; img_size=&#8221;large&#8221; add_caption=&#8221;yes&#8221; alignment=&#8221;center&#8221;][vc_column_text]\u010cesk\u00e9ho z\u00e1vodn\u00edka bodov\u011b p\u0159esko\u010dil Tomasz Bia\u0142kowski (Can-Am), kter\u00fd na Riverside Baje vyhr\u00e1l hodnocen\u00ed SxS a v celkov\u00e9m po\u0159ad\u00ed obsadil druhou p\u0159\u00ed\u010dku. Se Zapletalem prohr\u00e1l o pouh\u00fdch 24 sekund.<\/p>\n<p>\u010ctvrt\u00fdm podnikem FIA CEZ 2019 bude Terep Rally Gyula, kter\u00e1 se ve dnech 7. a\u017e 9. \u010dervna jede op\u011bt v Ma\u010farsku.[\/vc_column_text][vc_btn title=&#8221;Riverside Baja 2019 &#8211; Fotogalerie&#8221; style=&#8221;outline&#8221; shape=&#8221;square&#8221; color=&#8221;warning&#8221; size=&#8221;sm&#8221; align=&#8221;center&#8221; i_icon_fontawesome=&#8221;fa fa-camera&#8221; button_block=&#8221;true&#8221; add_icon=&#8221;true&#8221; link=&#8221;url:%2Findex.php%2F2019%2F05%2F11%2Ffoto-riverside-2019%2F|||&#8221;][\/vc_column][\/vc_row]<\/p>\n","protected":false},"excerpt":{"rendered":"<p>Miroslav Zapletal s Markem S\u00fdkorou pokra\u010duj\u00ed v suver\u00e9nn\u00edm ta\u017een\u00ed leto\u0161n\u00edm \u0160ampion\u00e1tem st\u0159edoevropsk\u00e9 z\u00f3ny FIA v cross-country (FIA CEZ).<\/p>\n","protected":false},"author":1,"featured_media":6533,"comment_status":"closed","ping_status":"closed","sticky":false,"template":"","format":"standard","meta":{"footnotes":""},"categories":[3],"tags":[425,807,311,805,95,697,698,11,258,704,703,261,303,304,700,701,1045,808,806,1047,1048,1046,699],"class_list":["post-6535","post","type-post","status-publish","format-standard","has-post-thumbnail","hentry","category-auto","tag-425","tag-3rcz-com","tag-bmw","tag-boris-vaculik","tag-can-am","tag-fia-cez","tag-fia-cez-2019","tag-ford","tag-hummer","tag-ivo-sevcik","tag-ladislav-zavrtalek","tag-marek-sykora","tag-miroslav-zapletal","tag-offroadsport","tag-pavel-vaculik","tag-pawel-molgo","tag-riverside-baja","tag-riverside-baja-2019","tag-rudolf-lhotsky","tag-thor-riders","tag-tomasz-bialkowski","tag-wlodzimierz-grajek","tag-zdenek-porizek"],"yoast_head":"<!-- This site is optimized with the Yoast SEO plugin v24.9 - https:\/\/yoast.com\/wordpress\/plugins\/seo\/ -->\n<title>Riverside Baja: Zapletal prodlou\u017eil v\u00edt\u011bznou \u0161\u0148\u016fru, Po\u0159\u00edzek st\u0159\u00edbrn\u00fd - DAKARMANIA.cz<\/title>\n<meta name=\"description\" content=\"Miroslav Zapletal s Markem S\u00fdkorou pokra\u010duj\u00ed v suver\u00e9nn\u00edm ta\u017een\u00ed leto\u0161n\u00edm \u0160ampion\u00e1tem st\u0159edoevropsk\u00e9 z\u00f3ny FIA v cross-country (FIA CEZ).\" \/>\n<meta name=\"robots\" content=\"index, follow, max-snippet:-1, max-image-preview:large, max-video-preview:-1\" \/>\n<link rel=\"canonical\" href=\"https:\/\/www.dakarmania.cz\/index.php\/2019\/05\/11\/zapletal-prodlouzil-viteznou-snuru\/\" \/>\n<meta property=\"og:locale\" content=\"cs_CZ\" \/>\n<meta property=\"og:type\" content=\"article\" \/>\n<meta property=\"og:title\" content=\"Riverside Baja: Zapletal prodlou\u017eil v\u00edt\u011bznou \u0161\u0148\u016fru, Po\u0159\u00edzek st\u0159\u00edbrn\u00fd - DAKARMANIA.cz\" \/>\n<meta property=\"og:description\" content=\"Miroslav Zapletal s Markem S\u00fdkorou pokra\u010duj\u00ed v suver\u00e9nn\u00edm ta\u017een\u00ed leto\u0161n\u00edm \u0160ampion\u00e1tem st\u0159edoevropsk\u00e9 z\u00f3ny FIA v cross-country (FIA CEZ).\" \/>\n<meta property=\"og:url\" content=\"https:\/\/www.dakarmania.cz\/index.php\/2019\/05\/11\/zapletal-prodlouzil-viteznou-snuru\/\" \/>\n<meta property=\"og:site_name\" content=\"DAKARMANIA.cz\" \/>\n<meta property=\"article:publisher\" content=\"https:\/\/www.facebook.com\/dakarmania\/\" \/>\n<meta property=\"article:published_time\" content=\"2019-05-11T20:57:23+00:00\" \/>\n<meta property=\"article:modified_time\" content=\"2023-02-02T06:59:18+00:00\" \/>\n<meta property=\"og:image\" content=\"https:\/\/www.dakarmania.cz\/wp-content\/uploads\/2019\/05\/19-riverside-zapletal-10.jpg\" \/>\n\t<meta property=\"og:image:width\" content=\"2000\" \/>\n\t<meta property=\"og:image:height\" content=\"1333\" \/>\n\t<meta property=\"og:image:type\" content=\"image\/jpeg\" \/>\n<meta name=\"author\" content=\"Zden\u011bk Zelenka\" \/>\n<meta name=\"twitter:card\" content=\"summary_large_image\" \/>\n<meta name=\"twitter:label1\" content=\"Napsal(a)\" \/>\n\t<meta name=\"twitter:data1\" content=\"Zden\u011bk Zelenka\" \/>\n\t<meta name=\"twitter:label2\" content=\"Odhadovan\u00e1 doba \u010dten\u00ed\" \/>\n\t<meta name=\"twitter:data2\" content=\"3 minuty\" \/>\n<script type=\"application\/ld+json\" class=\"yoast-schema-graph\">{\"@context\":\"https:\/\/schema.org\",\"@graph\":[{\"@type\":\"Article\",\"@id\":\"https:\/\/www.dakarmania.cz\/index.php\/2019\/05\/11\/zapletal-prodlouzil-viteznou-snuru\/#article\",\"isPartOf\":{\"@id\":\"https:\/\/www.dakarmania.cz\/index.php\/2019\/05\/11\/zapletal-prodlouzil-viteznou-snuru\/\"},\"author\":{\"name\":\"Zden\u011bk Zelenka\",\"@id\":\"https:\/\/www.dakarmania.cz\/#\/schema\/person\/04eb0e87a389631c2169c0dddae7ff1e\"},\"headline\":\"Riverside Baja: Zapletal prodlou\u017eil v\u00edt\u011bznou \u0161\u0148\u016fru, Po\u0159\u00edzek st\u0159\u00edbrn\u00fd\",\"datePublished\":\"2019-05-11T20:57:23+00:00\",\"dateModified\":\"2023-02-02T06:59:18+00:00\",\"mainEntityOfPage\":{\"@id\":\"https:\/\/www.dakarmania.cz\/index.php\/2019\/05\/11\/zapletal-prodlouzil-viteznou-snuru\/\"},\"wordCount\":641,\"publisher\":{\"@id\":\"https:\/\/www.dakarmania.cz\/#organization\"},\"image\":{\"@id\":\"https:\/\/www.dakarmania.cz\/index.php\/2019\/05\/11\/zapletal-prodlouzil-viteznou-snuru\/#primaryimage\"},\"thumbnailUrl\":\"https:\/\/www.dakarmania.cz\/wp-content\/uploads\/2019\/05\/19-riverside-zapletal-10.jpg\",\"keywords\":[\"2019\",\"3RCZ.com\",\"BMW\",\"Boris Vacul\u00edk\",\"Can-Am\",\"FIA CEZ\",\"FIA CEZ 2019\",\"Ford\",\"Hummer\",\"Ivo \u0160ev\u010d\u00edk\",\"Ladislav Zavrt\u00e1lek\",\"Marek S\u00fdkora\",\"Miroslav Zapletal\",\"Offroadsport\",\"Pavel Vacul\u00edk\",\"Pawel Molgo\",\"Riverside Baja\",\"Riverside Baja 2019\",\"Rudolf Lhotsk\u00fd\",\"Thor Riders\",\"Tomasz Bia\u0142kowski\",\"W\u0142odzimierz Grajek\",\"Zden\u011bk Po\u0159\u00edzek\"],\"articleSection\":[\"Auto\"],\"inLanguage\":\"cs\"},{\"@type\":\"WebPage\",\"@id\":\"https:\/\/www.dakarmania.cz\/index.php\/2019\/05\/11\/zapletal-prodlouzil-viteznou-snuru\/\",\"url\":\"https:\/\/www.dakarmania.cz\/index.php\/2019\/05\/11\/zapletal-prodlouzil-viteznou-snuru\/\",\"name\":\"Riverside Baja: Zapletal prodlou\u017eil v\u00edt\u011bznou \u0161\u0148\u016fru, Po\u0159\u00edzek st\u0159\u00edbrn\u00fd - DAKARMANIA.cz\",\"isPartOf\":{\"@id\":\"https:\/\/www.dakarmania.cz\/#website\"},\"primaryImageOfPage\":{\"@id\":\"https:\/\/www.dakarmania.cz\/index.php\/2019\/05\/11\/zapletal-prodlouzil-viteznou-snuru\/#primaryimage\"},\"image\":{\"@id\":\"https:\/\/www.dakarmania.cz\/index.php\/2019\/05\/11\/zapletal-prodlouzil-viteznou-snuru\/#primaryimage\"},\"thumbnailUrl\":\"https:\/\/www.dakarmania.cz\/wp-content\/uploads\/2019\/05\/19-riverside-zapletal-10.jpg\",\"datePublished\":\"2019-05-11T20:57:23+00:00\",\"dateModified\":\"2023-02-02T06:59:18+00:00\",\"description\":\"Miroslav Zapletal s Markem S\u00fdkorou pokra\u010duj\u00ed v suver\u00e9nn\u00edm ta\u017een\u00ed leto\u0161n\u00edm \u0160ampion\u00e1tem st\u0159edoevropsk\u00e9 z\u00f3ny FIA v cross-country (FIA CEZ).\",\"breadcrumb\":{\"@id\":\"https:\/\/www.dakarmania.cz\/index.php\/2019\/05\/11\/zapletal-prodlouzil-viteznou-snuru\/#breadcrumb\"},\"inLanguage\":\"cs\",\"potentialAction\":[{\"@type\":\"ReadAction\",\"target\":[\"https:\/\/www.dakarmania.cz\/index.php\/2019\/05\/11\/zapletal-prodlouzil-viteznou-snuru\/\"]}]},{\"@type\":\"ImageObject\",\"inLanguage\":\"cs\",\"@id\":\"https:\/\/www.dakarmania.cz\/index.php\/2019\/05\/11\/zapletal-prodlouzil-viteznou-snuru\/#primaryimage\",\"url\":\"https:\/\/www.dakarmania.cz\/wp-content\/uploads\/2019\/05\/19-riverside-zapletal-10.jpg\",\"contentUrl\":\"https:\/\/www.dakarmania.cz\/wp-content\/uploads\/2019\/05\/19-riverside-zapletal-10.jpg\",\"width\":2000,\"height\":1333,\"caption\":\"Miroslav Zapletal \/ Marek S\u00fdkora, Hummer H3 Evo VII, Offroadsport. Riverside Baja 2019. \u00a9 DAKAR MANIA \/ Luk\u00e1\u0161 Pour\"},{\"@type\":\"BreadcrumbList\",\"@id\":\"https:\/\/www.dakarmania.cz\/index.php\/2019\/05\/11\/zapletal-prodlouzil-viteznou-snuru\/#breadcrumb\",\"itemListElement\":[{\"@type\":\"ListItem\",\"position\":1,\"name\":\"Dom\u016f\",\"item\":\"https:\/\/www.dakarmania.cz\/\"},{\"@type\":\"ListItem\",\"position\":2,\"name\":\"Riverside Baja: Zapletal prodlou\u017eil v\u00edt\u011bznou \u0161\u0148\u016fru, Po\u0159\u00edzek st\u0159\u00edbrn\u00fd\"}]},{\"@type\":\"WebSite\",\"@id\":\"https:\/\/www.dakarmania.cz\/#website\",\"url\":\"https:\/\/www.dakarmania.cz\/\",\"name\":\"DAKARMANIA.cz\",\"description\":\"\u017dijeme Dakarem cel\u00fd rok\",\"publisher\":{\"@id\":\"https:\/\/www.dakarmania.cz\/#organization\"},\"potentialAction\":[{\"@type\":\"SearchAction\",\"target\":{\"@type\":\"EntryPoint\",\"urlTemplate\":\"https:\/\/www.dakarmania.cz\/?s={search_term_string}\"},\"query-input\":{\"@type\":\"PropertyValueSpecification\",\"valueRequired\":true,\"valueName\":\"search_term_string\"}}],\"inLanguage\":\"cs\"},{\"@type\":\"Organization\",\"@id\":\"https:\/\/www.dakarmania.cz\/#organization\",\"name\":\"DAKAR MANIA\",\"url\":\"https:\/\/www.dakarmania.cz\/\",\"logo\":{\"@type\":\"ImageObject\",\"inLanguage\":\"cs\",\"@id\":\"https:\/\/www.dakarmania.cz\/#\/schema\/logo\/image\/\",\"url\":\"https:\/\/www.dakarmania.cz\/wp-content\/uploads\/2018\/12\/Dakar-Mania-Logo-Square-Orange.png\",\"contentUrl\":\"https:\/\/www.dakarmania.cz\/wp-content\/uploads\/2018\/12\/Dakar-Mania-Logo-Square-Orange.png\",\"width\":992,\"height\":992,\"caption\":\"DAKAR MANIA\"},\"image\":{\"@id\":\"https:\/\/www.dakarmania.cz\/#\/schema\/logo\/image\/\"},\"sameAs\":[\"https:\/\/www.facebook.com\/dakarmania\/\"]},{\"@type\":\"Person\",\"@id\":\"https:\/\/www.dakarmania.cz\/#\/schema\/person\/04eb0e87a389631c2169c0dddae7ff1e\",\"name\":\"Zden\u011bk Zelenka\",\"image\":{\"@type\":\"ImageObject\",\"inLanguage\":\"cs\",\"@id\":\"https:\/\/www.dakarmania.cz\/#\/schema\/person\/image\/\",\"url\":\"https:\/\/secure.gravatar.com\/avatar\/2c80d5a4942fe0900b73cc7d3837a509d6ee0a276a2b76dac95c92bd0763a89b?s=96&d=mm&r=g\",\"contentUrl\":\"https:\/\/secure.gravatar.com\/avatar\/2c80d5a4942fe0900b73cc7d3837a509d6ee0a276a2b76dac95c92bd0763a89b?s=96&d=mm&r=g\",\"caption\":\"Zden\u011bk Zelenka\"},\"description\":\"Moji d\u011bt\u0161t\u00ed hrdinov\u00e9 se jmenovali Loprais, Moskal, Neveu, Vatanen, Rahier... A tihle borci, jejich n\u00e1sledovn\u00edci a jejich p\u0159\u00edb\u011bhy m\u011b nep\u0159estali fascinovat ani po letech, kdy jsem vyrostl a zam\u011bstn\u00e1valy m\u011b jin\u00e9 discipl\u00edny motorsportu. Proto se zrodila DAKARMANIA.\",\"url\":\"https:\/\/www.dakarmania.cz\/index.php\/author\/dakarmania\/\"}]}<\/script>\n<!-- \/ Yoast SEO plugin. -->","yoast_head_json":{"title":"Riverside Baja: Zapletal prodlou\u017eil v\u00edt\u011bznou \u0161\u0148\u016fru, Po\u0159\u00edzek st\u0159\u00edbrn\u00fd - DAKARMANIA.cz","description":"Miroslav Zapletal s Markem S\u00fdkorou pokra\u010duj\u00ed v suver\u00e9nn\u00edm ta\u017een\u00ed leto\u0161n\u00edm \u0160ampion\u00e1tem st\u0159edoevropsk\u00e9 z\u00f3ny FIA v cross-country (FIA CEZ).","robots":{"index":"index","follow":"follow","max-snippet":"max-snippet:-1","max-image-preview":"max-image-preview:large","max-video-preview":"max-video-preview:-1"},"canonical":"https:\/\/www.dakarmania.cz\/index.php\/2019\/05\/11\/zapletal-prodlouzil-viteznou-snuru\/","og_locale":"cs_CZ","og_type":"article","og_title":"Riverside Baja: Zapletal prodlou\u017eil v\u00edt\u011bznou \u0161\u0148\u016fru, Po\u0159\u00edzek st\u0159\u00edbrn\u00fd - DAKARMANIA.cz","og_description":"Miroslav Zapletal s Markem S\u00fdkorou pokra\u010duj\u00ed v suver\u00e9nn\u00edm ta\u017een\u00ed leto\u0161n\u00edm \u0160ampion\u00e1tem st\u0159edoevropsk\u00e9 z\u00f3ny FIA v cross-country (FIA CEZ).","og_url":"https:\/\/www.dakarmania.cz\/index.php\/2019\/05\/11\/zapletal-prodlouzil-viteznou-snuru\/","og_site_name":"DAKARMANIA.cz","article_publisher":"https:\/\/www.facebook.com\/dakarmania\/","article_published_time":"2019-05-11T20:57:23+00:00","article_modified_time":"2023-02-02T06:59:18+00:00","og_image":[{"width":2000,"height":1333,"url":"https:\/\/www.dakarmania.cz\/wp-content\/uploads\/2019\/05\/19-riverside-zapletal-10.jpg","type":"image\/jpeg"}],"author":"Zden\u011bk Zelenka","twitter_card":"summary_large_image","twitter_misc":{"Napsal(a)":"Zden\u011bk Zelenka","Odhadovan\u00e1 doba \u010dten\u00ed":"3 minuty"},"schema":{"@context":"https:\/\/schema.org","@graph":[{"@type":"Article","@id":"https:\/\/www.dakarmania.cz\/index.php\/2019\/05\/11\/zapletal-prodlouzil-viteznou-snuru\/#article","isPartOf":{"@id":"https:\/\/www.dakarmania.cz\/index.php\/2019\/05\/11\/zapletal-prodlouzil-viteznou-snuru\/"},"author":{"name":"Zden\u011bk Zelenka","@id":"https:\/\/www.dakarmania.cz\/#\/schema\/person\/04eb0e87a389631c2169c0dddae7ff1e"},"headline":"Riverside Baja: Zapletal prodlou\u017eil v\u00edt\u011bznou \u0161\u0148\u016fru, Po\u0159\u00edzek st\u0159\u00edbrn\u00fd","datePublished":"2019-05-11T20:57:23+00:00","dateModified":"2023-02-02T06:59:18+00:00","mainEntityOfPage":{"@id":"https:\/\/www.dakarmania.cz\/index.php\/2019\/05\/11\/zapletal-prodlouzil-viteznou-snuru\/"},"wordCount":641,"publisher":{"@id":"https:\/\/www.dakarmania.cz\/#organization"},"image":{"@id":"https:\/\/www.dakarmania.cz\/index.php\/2019\/05\/11\/zapletal-prodlouzil-viteznou-snuru\/#primaryimage"},"thumbnailUrl":"https:\/\/www.dakarmania.cz\/wp-content\/uploads\/2019\/05\/19-riverside-zapletal-10.jpg","keywords":["2019","3RCZ.com","BMW","Boris Vacul\u00edk","Can-Am","FIA CEZ","FIA CEZ 2019","Ford","Hummer","Ivo \u0160ev\u010d\u00edk","Ladislav Zavrt\u00e1lek","Marek S\u00fdkora","Miroslav Zapletal","Offroadsport","Pavel Vacul\u00edk","Pawel Molgo","Riverside Baja","Riverside Baja 2019","Rudolf Lhotsk\u00fd","Thor Riders","Tomasz Bia\u0142kowski","W\u0142odzimierz Grajek","Zden\u011bk Po\u0159\u00edzek"],"articleSection":["Auto"],"inLanguage":"cs"},{"@type":"WebPage","@id":"https:\/\/www.dakarmania.cz\/index.php\/2019\/05\/11\/zapletal-prodlouzil-viteznou-snuru\/","url":"https:\/\/www.dakarmania.cz\/index.php\/2019\/05\/11\/zapletal-prodlouzil-viteznou-snuru\/","name":"Riverside Baja: Zapletal prodlou\u017eil v\u00edt\u011bznou \u0161\u0148\u016fru, Po\u0159\u00edzek st\u0159\u00edbrn\u00fd - DAKARMANIA.cz","isPartOf":{"@id":"https:\/\/www.dakarmania.cz\/#website"},"primaryImageOfPage":{"@id":"https:\/\/www.dakarmania.cz\/index.php\/2019\/05\/11\/zapletal-prodlouzil-viteznou-snuru\/#primaryimage"},"image":{"@id":"https:\/\/www.dakarmania.cz\/index.php\/2019\/05\/11\/zapletal-prodlouzil-viteznou-snuru\/#primaryimage"},"thumbnailUrl":"https:\/\/www.dakarmania.cz\/wp-content\/uploads\/2019\/05\/19-riverside-zapletal-10.jpg","datePublished":"2019-05-11T20:57:23+00:00","dateModified":"2023-02-02T06:59:18+00:00","description":"Miroslav Zapletal s Markem S\u00fdkorou pokra\u010duj\u00ed v suver\u00e9nn\u00edm ta\u017een\u00ed leto\u0161n\u00edm \u0160ampion\u00e1tem st\u0159edoevropsk\u00e9 z\u00f3ny FIA v cross-country (FIA CEZ).","breadcrumb":{"@id":"https:\/\/www.dakarmania.cz\/index.php\/2019\/05\/11\/zapletal-prodlouzil-viteznou-snuru\/#breadcrumb"},"inLanguage":"cs","potentialAction":[{"@type":"ReadAction","target":["https:\/\/www.dakarmania.cz\/index.php\/2019\/05\/11\/zapletal-prodlouzil-viteznou-snuru\/"]}]},{"@type":"ImageObject","inLanguage":"cs","@id":"https:\/\/www.dakarmania.cz\/index.php\/2019\/05\/11\/zapletal-prodlouzil-viteznou-snuru\/#primaryimage","url":"https:\/\/www.dakarmania.cz\/wp-content\/uploads\/2019\/05\/19-riverside-zapletal-10.jpg","contentUrl":"https:\/\/www.dakarmania.cz\/wp-content\/uploads\/2019\/05\/19-riverside-zapletal-10.jpg","width":2000,"height":1333,"caption":"Miroslav Zapletal \/ Marek S\u00fdkora, Hummer H3 Evo VII, Offroadsport. Riverside Baja 2019. \u00a9 DAKAR MANIA \/ Luk\u00e1\u0161 Pour"},{"@type":"BreadcrumbList","@id":"https:\/\/www.dakarmania.cz\/index.php\/2019\/05\/11\/zapletal-prodlouzil-viteznou-snuru\/#breadcrumb","itemListElement":[{"@type":"ListItem","position":1,"name":"Dom\u016f","item":"https:\/\/www.dakarmania.cz\/"},{"@type":"ListItem","position":2,"name":"Riverside Baja: Zapletal prodlou\u017eil v\u00edt\u011bznou \u0161\u0148\u016fru, Po\u0159\u00edzek st\u0159\u00edbrn\u00fd"}]},{"@type":"WebSite","@id":"https:\/\/www.dakarmania.cz\/#website","url":"https:\/\/www.dakarmania.cz\/","name":"DAKARMANIA.cz","description":"\u017dijeme Dakarem cel\u00fd rok","publisher":{"@id":"https:\/\/www.dakarmania.cz\/#organization"},"potentialAction":[{"@type":"SearchAction","target":{"@type":"EntryPoint","urlTemplate":"https:\/\/www.dakarmania.cz\/?s={search_term_string}"},"query-input":{"@type":"PropertyValueSpecification","valueRequired":true,"valueName":"search_term_string"}}],"inLanguage":"cs"},{"@type":"Organization","@id":"https:\/\/www.dakarmania.cz\/#organization","name":"DAKAR MANIA","url":"https:\/\/www.dakarmania.cz\/","logo":{"@type":"ImageObject","inLanguage":"cs","@id":"https:\/\/www.dakarmania.cz\/#\/schema\/logo\/image\/","url":"https:\/\/www.dakarmania.cz\/wp-content\/uploads\/2018\/12\/Dakar-Mania-Logo-Square-Orange.png","contentUrl":"https:\/\/www.dakarmania.cz\/wp-content\/uploads\/2018\/12\/Dakar-Mania-Logo-Square-Orange.png","width":992,"height":992,"caption":"DAKAR MANIA"},"image":{"@id":"https:\/\/www.dakarmania.cz\/#\/schema\/logo\/image\/"},"sameAs":["https:\/\/www.facebook.com\/dakarmania\/"]},{"@type":"Person","@id":"https:\/\/www.dakarmania.cz\/#\/schema\/person\/04eb0e87a389631c2169c0dddae7ff1e","name":"Zden\u011bk Zelenka","image":{"@type":"ImageObject","inLanguage":"cs","@id":"https:\/\/www.dakarmania.cz\/#\/schema\/person\/image\/","url":"https:\/\/secure.gravatar.com\/avatar\/2c80d5a4942fe0900b73cc7d3837a509d6ee0a276a2b76dac95c92bd0763a89b?s=96&d=mm&r=g","contentUrl":"https:\/\/secure.gravatar.com\/avatar\/2c80d5a4942fe0900b73cc7d3837a509d6ee0a276a2b76dac95c92bd0763a89b?s=96&d=mm&r=g","caption":"Zden\u011bk Zelenka"},"description":"Moji d\u011bt\u0161t\u00ed hrdinov\u00e9 se jmenovali Loprais, Moskal, Neveu, Vatanen, Rahier... A tihle borci, jejich n\u00e1sledovn\u00edci a jejich p\u0159\u00edb\u011bhy m\u011b nep\u0159estali fascinovat ani po letech, kdy jsem vyrostl a zam\u011bstn\u00e1valy m\u011b jin\u00e9 discipl\u00edny motorsportu. Proto se zrodila DAKARMANIA.","url":"https:\/\/www.dakarmania.cz\/index.php\/author\/dakarmania\/"}]}},"amp_enabled":true,"_links":{"self":[{"href":"https:\/\/www.dakarmania.cz\/index.php\/wp-json\/wp\/v2\/posts\/6535","targetHints":{"allow":["GET"]}}],"collection":[{"href":"https:\/\/www.dakarmania.cz\/index.php\/wp-json\/wp\/v2\/posts"}],"about":[{"href":"https:\/\/www.dakarmania.cz\/index.php\/wp-json\/wp\/v2\/types\/post"}],"author":[{"embeddable":true,"href":"https:\/\/www.dakarmania.cz\/index.php\/wp-json\/wp\/v2\/users\/1"}],"replies":[{"embeddable":true,"href":"https:\/\/www.dakarmania.cz\/index.php\/wp-json\/wp\/v2\/comments?post=6535"}],"version-history":[{"count":7,"href":"https:\/\/www.dakarmania.cz\/index.php\/wp-json\/wp\/v2\/posts\/6535\/revisions"}],"predecessor-version":[{"id":12720,"href":"https:\/\/www.dakarmania.cz\/index.php\/wp-json\/wp\/v2\/posts\/6535\/revisions\/12720"}],"wp:featuredmedia":[{"embeddable":true,"href":"https:\/\/www.dakarmania.cz\/index.php\/wp-json\/wp\/v2\/media\/6533"}],"wp:attachment":[{"href":"https:\/\/www.dakarmania.cz\/index.php\/wp-json\/wp\/v2\/media?parent=6535"}],"wp:term":[{"taxonomy":"category","embeddable":true,"href":"https:\/\/www.dakarmania.cz\/index.php\/wp-json\/wp\/v2\/categories?post=6535"},{"taxonomy":"post_tag","embeddable":true,"href":"https:\/\/www.dakarmania.cz\/index.php\/wp-json\/wp\/v2\/tags?post=6535"}],"curies":[{"name":"wp","href":"https:\/\/api.w.org\/{rel}","templated":true}]}}