{"id":6600,"date":"2019-05-14T12:20:20","date_gmt":"2019-05-14T10:20:20","guid":{"rendered":"https:\/\/www.dakarmania.cz\/?p=6600"},"modified":"2019-05-25T02:19:47","modified_gmt":"2019-05-25T00:19:47","slug":"prvni-foto-nove-iveco-tymu-big-shock-racing","status":"publish","type":"post","link":"https:\/\/www.dakarmania.cz\/index.php\/2019\/05\/14\/prvni-foto-nove-iveco-tymu-big-shock-racing\/","title":{"rendered":"FOTO: Nov\u00e9 Iveco t\u00fdmu Big Shock Racing"},"content":{"rendered":"<p>[vc_row][vc_column][vc_column_text]<\/p>\n<h4>A je to venku. T\u00fdm Big Shock Racing pr\u00e1v\u011b p\u0159edstavil svou novou zbra\u0148 pro Rally Dakar 2020. Trambusovou Liazku nahrad\u00ed kapotovan\u00e9 Iveco. Ji\u017e dnes t\u00fdm vyr\u00e1\u017e\u00ed do Tuniska, kde jej \u010dekaj\u00ed t\u00e9m\u011b\u0159 t\u0159\u00edt\u00fddenn\u00ed testy na Saha\u0159e.<\/h4>\n<p>[\/vc_column_text][vc_raw_html]JTVCZm9vZ2FsbGVyeSUyMGlkJTNEJTIyNjYwMiUyMiU1RA==[\/vc_raw_html][vc_column_text css=&#8221;.vc_custom_1557833148322{padding-top: 5px !important;padding-right: 20px !important;padding-bottom: 20px !important;padding-left: 20px !important;background-color: #dbd9d9 !important;}&#8221;]<span style=\"text-decoration: underline;\"><strong>V\u00edce k t\u00e9matu:<\/strong><\/span><\/p>\n<h4 style=\"text-align: center;\"><a href=\"\/index.php\/2019\/05\/14\/macik-poprve-ukazal-karla\/\">Mac\u00edk poprv\u00e9 uk\u00e1zal Karla, nov\u00fd kamion pro Dakar 2020<\/a><\/h4>\n<h4 style=\"text-align: center;\"><a href=\"\/index.php\/2019\/05\/13\/martin-macik-o-novem-voze\/\">Martin Mac\u00edk o nov\u00e9m voze: Sed\u00edm \u00fapln\u011b jinde, je nesm\u00edrn\u011b tvrd\u0161\u00ed<\/a><\/h4>\n<p>[\/vc_column_text][\/vc_column][\/vc_row]<\/p>\n","protected":false},"excerpt":{"rendered":"<p>[vc_row][vc_column][vc_column_text] A je to venku. T\u00fdm Big Shock Racing pr\u00e1v\u011b p\u0159edstavil svou novou zbra\u0148 pro Rally Dakar 2020. Trambusovou Liazku nahrad\u00ed kapotovan\u00e9 Iveco. Ji\u017e dnes t\u00fdm vyr\u00e1\u017e\u00ed do Tuniska, kde jej \u010dekaj\u00ed t\u00e9m\u011b\u0159 t\u0159\u00edt\u00fddenn\u00ed testy na Saha\u0159e. [\/vc_column_text][vc_raw_html]JTVCZm9vZ2FsbGVyeSUyMGlkJTNEJTIyNjYwMiUyMiU1RA==[\/vc_raw_html][vc_column_text css=&#8221;.vc_custom_1557833148322{padding-top: 5px !important;padding-right: 20px !important;padding-bottom: 20px !important;padding-left: 20px !important;background-color: #dbd9d9 !important;}&#8221;]V\u00edce k t\u00e9matu: Mac\u00edk poprv\u00e9 uk\u00e1zal Karla, [&hellip;]<\/p>\n","protected":false},"author":1,"featured_media":6627,"comment_status":"open","ping_status":"closed","sticky":false,"template":"","format":"standard","meta":{"footnotes":""},"categories":[251,16],"tags":[425,111,8,159,164,591,114],"class_list":["post-6600","post","type-post","status-publish","format-standard","has-post-thumbnail","hentry","category-dakar-2020","category-kamion","tag-425","tag-big-shock-racing","tag-dakar","tag-dakar-2020","tag-iveco","tag-martin-macik","tag-martin-macik-ml"],"yoast_head":"<!-- This site is optimized with the Yoast SEO plugin v24.9 - https:\/\/yoast.com\/wordpress\/plugins\/seo\/ -->\n<title>FOTO: Nov\u00e9 Iveco t\u00fdmu Big Shock Racing - DAKARMANIA.cz<\/title>\n<meta name=\"description\" content=\"T\u00fdm Big Shock Racing p\u0159edstavil svou novou zbra\u0148 pro Rally Dakar 2020. Trambusovou Liazku nahrad\u00ed kapotovan\u00e9 Iveco.\" \/>\n<meta name=\"robots\" content=\"index, follow, max-snippet:-1, max-image-preview:large, max-video-preview:-1\" \/>\n<link rel=\"canonical\" href=\"https:\/\/www.dakarmania.cz\/index.php\/2019\/05\/14\/prvni-foto-nove-iveco-tymu-big-shock-racing\/\" \/>\n<meta property=\"og:locale\" content=\"cs_CZ\" \/>\n<meta property=\"og:type\" content=\"article\" \/>\n<meta property=\"og:title\" content=\"FOTO: Nov\u00e9 Iveco t\u00fdmu Big Shock Racing - DAKARMANIA.cz\" \/>\n<meta property=\"og:description\" content=\"T\u00fdm Big Shock Racing p\u0159edstavil svou novou zbra\u0148 pro Rally Dakar 2020. Trambusovou Liazku nahrad\u00ed kapotovan\u00e9 Iveco.\" \/>\n<meta property=\"og:url\" content=\"https:\/\/www.dakarmania.cz\/index.php\/2019\/05\/14\/prvni-foto-nove-iveco-tymu-big-shock-racing\/\" \/>\n<meta property=\"og:site_name\" content=\"DAKARMANIA.cz\" \/>\n<meta property=\"article:publisher\" content=\"https:\/\/www.facebook.com\/dakarmania\/\" \/>\n<meta property=\"article:published_time\" content=\"2019-05-14T10:20:20+00:00\" \/>\n<meta property=\"article:modified_time\" content=\"2019-05-25T00:19:47+00:00\" \/>\n<meta property=\"og:image\" content=\"https:\/\/www.dakarmania.cz\/wp-content\/uploads\/2019\/05\/19-bsr-iveco-12.jpg\" \/>\n\t<meta property=\"og:image:width\" content=\"2042\" \/>\n\t<meta property=\"og:image:height\" content=\"1362\" \/>\n\t<meta property=\"og:image:type\" content=\"image\/jpeg\" \/>\n<meta name=\"author\" content=\"Zden\u011bk Zelenka\" \/>\n<meta name=\"twitter:card\" content=\"summary_large_image\" \/>\n<meta name=\"twitter:label1\" content=\"Napsal(a)\" \/>\n\t<meta name=\"twitter:data1\" content=\"Zden\u011bk Zelenka\" \/>\n\t<meta name=\"twitter:label2\" content=\"Odhadovan\u00e1 doba \u010dten\u00ed\" \/>\n\t<meta name=\"twitter:data2\" content=\"1 minuta\" \/>\n<script type=\"application\/ld+json\" class=\"yoast-schema-graph\">{\"@context\":\"https:\/\/schema.org\",\"@graph\":[{\"@type\":\"Article\",\"@id\":\"https:\/\/www.dakarmania.cz\/index.php\/2019\/05\/14\/prvni-foto-nove-iveco-tymu-big-shock-racing\/#article\",\"isPartOf\":{\"@id\":\"https:\/\/www.dakarmania.cz\/index.php\/2019\/05\/14\/prvni-foto-nove-iveco-tymu-big-shock-racing\/\"},\"author\":{\"name\":\"Zden\u011bk Zelenka\",\"@id\":\"https:\/\/www.dakarmania.cz\/#\/schema\/person\/04eb0e87a389631c2169c0dddae7ff1e\"},\"headline\":\"FOTO: Nov\u00e9 Iveco t\u00fdmu Big Shock Racing\",\"datePublished\":\"2019-05-14T10:20:20+00:00\",\"dateModified\":\"2019-05-25T00:19:47+00:00\",\"mainEntityOfPage\":{\"@id\":\"https:\/\/www.dakarmania.cz\/index.php\/2019\/05\/14\/prvni-foto-nove-iveco-tymu-big-shock-racing\/\"},\"wordCount\":130,\"commentCount\":0,\"publisher\":{\"@id\":\"https:\/\/www.dakarmania.cz\/#organization\"},\"image\":{\"@id\":\"https:\/\/www.dakarmania.cz\/index.php\/2019\/05\/14\/prvni-foto-nove-iveco-tymu-big-shock-racing\/#primaryimage\"},\"thumbnailUrl\":\"https:\/\/www.dakarmania.cz\/wp-content\/uploads\/2019\/05\/19-bsr-iveco-12.jpg\",\"keywords\":[\"2019\",\"Big Shock! Racing\",\"Dakar\",\"Dakar 2020\",\"Iveco\",\"Martin Mac\u00edk\",\"Martin Mac\u00edk ml.\"],\"articleSection\":[\"Dakar 2020\",\"Kamiony\"],\"inLanguage\":\"cs\",\"potentialAction\":[{\"@type\":\"CommentAction\",\"name\":\"Comment\",\"target\":[\"https:\/\/www.dakarmania.cz\/index.php\/2019\/05\/14\/prvni-foto-nove-iveco-tymu-big-shock-racing\/#respond\"]}]},{\"@type\":\"WebPage\",\"@id\":\"https:\/\/www.dakarmania.cz\/index.php\/2019\/05\/14\/prvni-foto-nove-iveco-tymu-big-shock-racing\/\",\"url\":\"https:\/\/www.dakarmania.cz\/index.php\/2019\/05\/14\/prvni-foto-nove-iveco-tymu-big-shock-racing\/\",\"name\":\"FOTO: Nov\u00e9 Iveco t\u00fdmu Big Shock Racing - DAKARMANIA.cz\",\"isPartOf\":{\"@id\":\"https:\/\/www.dakarmania.cz\/#website\"},\"primaryImageOfPage\":{\"@id\":\"https:\/\/www.dakarmania.cz\/index.php\/2019\/05\/14\/prvni-foto-nove-iveco-tymu-big-shock-racing\/#primaryimage\"},\"image\":{\"@id\":\"https:\/\/www.dakarmania.cz\/index.php\/2019\/05\/14\/prvni-foto-nove-iveco-tymu-big-shock-racing\/#primaryimage\"},\"thumbnailUrl\":\"https:\/\/www.dakarmania.cz\/wp-content\/uploads\/2019\/05\/19-bsr-iveco-12.jpg\",\"datePublished\":\"2019-05-14T10:20:20+00:00\",\"dateModified\":\"2019-05-25T00:19:47+00:00\",\"description\":\"T\u00fdm Big Shock Racing p\u0159edstavil svou novou zbra\u0148 pro Rally Dakar 2020. Trambusovou Liazku nahrad\u00ed kapotovan\u00e9 Iveco.\",\"breadcrumb\":{\"@id\":\"https:\/\/www.dakarmania.cz\/index.php\/2019\/05\/14\/prvni-foto-nove-iveco-tymu-big-shock-racing\/#breadcrumb\"},\"inLanguage\":\"cs\",\"potentialAction\":[{\"@type\":\"ReadAction\",\"target\":[\"https:\/\/www.dakarmania.cz\/index.php\/2019\/05\/14\/prvni-foto-nove-iveco-tymu-big-shock-racing\/\"]}]},{\"@type\":\"ImageObject\",\"inLanguage\":\"cs\",\"@id\":\"https:\/\/www.dakarmania.cz\/index.php\/2019\/05\/14\/prvni-foto-nove-iveco-tymu-big-shock-racing\/#primaryimage\",\"url\":\"https:\/\/www.dakarmania.cz\/wp-content\/uploads\/2019\/05\/19-bsr-iveco-12.jpg\",\"contentUrl\":\"https:\/\/www.dakarmania.cz\/wp-content\/uploads\/2019\/05\/19-bsr-iveco-12.jpg\",\"width\":2042,\"height\":1362,\"caption\":\"Iveco, Big Shock Racing. Ofici\u00e1ln\u00ed p\u0159edstaven\u00ed, 14. kv\u011btna 2019. \u00a9 Big Shock Racing\"},{\"@type\":\"BreadcrumbList\",\"@id\":\"https:\/\/www.dakarmania.cz\/index.php\/2019\/05\/14\/prvni-foto-nove-iveco-tymu-big-shock-racing\/#breadcrumb\",\"itemListElement\":[{\"@type\":\"ListItem\",\"position\":1,\"name\":\"Dom\u016f\",\"item\":\"https:\/\/www.dakarmania.cz\/\"},{\"@type\":\"ListItem\",\"position\":2,\"name\":\"FOTO: Nov\u00e9 Iveco t\u00fdmu Big Shock Racing\"}]},{\"@type\":\"WebSite\",\"@id\":\"https:\/\/www.dakarmania.cz\/#website\",\"url\":\"https:\/\/www.dakarmania.cz\/\",\"name\":\"DAKARMANIA.cz\",\"description\":\"\u017dijeme Dakarem cel\u00fd rok\",\"publisher\":{\"@id\":\"https:\/\/www.dakarmania.cz\/#organization\"},\"potentialAction\":[{\"@type\":\"SearchAction\",\"target\":{\"@type\":\"EntryPoint\",\"urlTemplate\":\"https:\/\/www.dakarmania.cz\/?s={search_term_string}\"},\"query-input\":{\"@type\":\"PropertyValueSpecification\",\"valueRequired\":true,\"valueName\":\"search_term_string\"}}],\"inLanguage\":\"cs\"},{\"@type\":\"Organization\",\"@id\":\"https:\/\/www.dakarmania.cz\/#organization\",\"name\":\"DAKAR MANIA\",\"url\":\"https:\/\/www.dakarmania.cz\/\",\"logo\":{\"@type\":\"ImageObject\",\"inLanguage\":\"cs\",\"@id\":\"https:\/\/www.dakarmania.cz\/#\/schema\/logo\/image\/\",\"url\":\"https:\/\/www.dakarmania.cz\/wp-content\/uploads\/2018\/12\/Dakar-Mania-Logo-Square-Orange.png\",\"contentUrl\":\"https:\/\/www.dakarmania.cz\/wp-content\/uploads\/2018\/12\/Dakar-Mania-Logo-Square-Orange.png\",\"width\":992,\"height\":992,\"caption\":\"DAKAR MANIA\"},\"image\":{\"@id\":\"https:\/\/www.dakarmania.cz\/#\/schema\/logo\/image\/\"},\"sameAs\":[\"https:\/\/www.facebook.com\/dakarmania\/\"]},{\"@type\":\"Person\",\"@id\":\"https:\/\/www.dakarmania.cz\/#\/schema\/person\/04eb0e87a389631c2169c0dddae7ff1e\",\"name\":\"Zden\u011bk Zelenka\",\"image\":{\"@type\":\"ImageObject\",\"inLanguage\":\"cs\",\"@id\":\"https:\/\/www.dakarmania.cz\/#\/schema\/person\/image\/\",\"url\":\"https:\/\/secure.gravatar.com\/avatar\/2c80d5a4942fe0900b73cc7d3837a509d6ee0a276a2b76dac95c92bd0763a89b?s=96&d=mm&r=g\",\"contentUrl\":\"https:\/\/secure.gravatar.com\/avatar\/2c80d5a4942fe0900b73cc7d3837a509d6ee0a276a2b76dac95c92bd0763a89b?s=96&d=mm&r=g\",\"caption\":\"Zden\u011bk Zelenka\"},\"description\":\"Moji d\u011bt\u0161t\u00ed hrdinov\u00e9 se jmenovali Loprais, Moskal, Neveu, Vatanen, Rahier... A tihle borci, jejich n\u00e1sledovn\u00edci a jejich p\u0159\u00edb\u011bhy m\u011b nep\u0159estali fascinovat ani po letech, kdy jsem vyrostl a zam\u011bstn\u00e1valy m\u011b jin\u00e9 discipl\u00edny motorsportu. Proto se zrodila DAKARMANIA.\",\"url\":\"https:\/\/www.dakarmania.cz\/index.php\/author\/dakarmania\/\"}]}<\/script>\n<!-- \/ Yoast SEO plugin. -->","yoast_head_json":{"title":"FOTO: Nov\u00e9 Iveco t\u00fdmu Big Shock Racing - DAKARMANIA.cz","description":"T\u00fdm Big Shock Racing p\u0159edstavil svou novou zbra\u0148 pro Rally Dakar 2020. Trambusovou Liazku nahrad\u00ed kapotovan\u00e9 Iveco.","robots":{"index":"index","follow":"follow","max-snippet":"max-snippet:-1","max-image-preview":"max-image-preview:large","max-video-preview":"max-video-preview:-1"},"canonical":"https:\/\/www.dakarmania.cz\/index.php\/2019\/05\/14\/prvni-foto-nove-iveco-tymu-big-shock-racing\/","og_locale":"cs_CZ","og_type":"article","og_title":"FOTO: Nov\u00e9 Iveco t\u00fdmu Big Shock Racing - DAKARMANIA.cz","og_description":"T\u00fdm Big Shock Racing p\u0159edstavil svou novou zbra\u0148 pro Rally Dakar 2020. Trambusovou Liazku nahrad\u00ed kapotovan\u00e9 Iveco.","og_url":"https:\/\/www.dakarmania.cz\/index.php\/2019\/05\/14\/prvni-foto-nove-iveco-tymu-big-shock-racing\/","og_site_name":"DAKARMANIA.cz","article_publisher":"https:\/\/www.facebook.com\/dakarmania\/","article_published_time":"2019-05-14T10:20:20+00:00","article_modified_time":"2019-05-25T00:19:47+00:00","og_image":[{"width":2042,"height":1362,"url":"https:\/\/www.dakarmania.cz\/wp-content\/uploads\/2019\/05\/19-bsr-iveco-12.jpg","type":"image\/jpeg"}],"author":"Zden\u011bk Zelenka","twitter_card":"summary_large_image","twitter_misc":{"Napsal(a)":"Zden\u011bk Zelenka","Odhadovan\u00e1 doba \u010dten\u00ed":"1 minuta"},"schema":{"@context":"https:\/\/schema.org","@graph":[{"@type":"Article","@id":"https:\/\/www.dakarmania.cz\/index.php\/2019\/05\/14\/prvni-foto-nove-iveco-tymu-big-shock-racing\/#article","isPartOf":{"@id":"https:\/\/www.dakarmania.cz\/index.php\/2019\/05\/14\/prvni-foto-nove-iveco-tymu-big-shock-racing\/"},"author":{"name":"Zden\u011bk Zelenka","@id":"https:\/\/www.dakarmania.cz\/#\/schema\/person\/04eb0e87a389631c2169c0dddae7ff1e"},"headline":"FOTO: Nov\u00e9 Iveco t\u00fdmu Big Shock Racing","datePublished":"2019-05-14T10:20:20+00:00","dateModified":"2019-05-25T00:19:47+00:00","mainEntityOfPage":{"@id":"https:\/\/www.dakarmania.cz\/index.php\/2019\/05\/14\/prvni-foto-nove-iveco-tymu-big-shock-racing\/"},"wordCount":130,"commentCount":0,"publisher":{"@id":"https:\/\/www.dakarmania.cz\/#organization"},"image":{"@id":"https:\/\/www.dakarmania.cz\/index.php\/2019\/05\/14\/prvni-foto-nove-iveco-tymu-big-shock-racing\/#primaryimage"},"thumbnailUrl":"https:\/\/www.dakarmania.cz\/wp-content\/uploads\/2019\/05\/19-bsr-iveco-12.jpg","keywords":["2019","Big Shock! Racing","Dakar","Dakar 2020","Iveco","Martin Mac\u00edk","Martin Mac\u00edk ml."],"articleSection":["Dakar 2020","Kamiony"],"inLanguage":"cs","potentialAction":[{"@type":"CommentAction","name":"Comment","target":["https:\/\/www.dakarmania.cz\/index.php\/2019\/05\/14\/prvni-foto-nove-iveco-tymu-big-shock-racing\/#respond"]}]},{"@type":"WebPage","@id":"https:\/\/www.dakarmania.cz\/index.php\/2019\/05\/14\/prvni-foto-nove-iveco-tymu-big-shock-racing\/","url":"https:\/\/www.dakarmania.cz\/index.php\/2019\/05\/14\/prvni-foto-nove-iveco-tymu-big-shock-racing\/","name":"FOTO: Nov\u00e9 Iveco t\u00fdmu Big Shock Racing - DAKARMANIA.cz","isPartOf":{"@id":"https:\/\/www.dakarmania.cz\/#website"},"primaryImageOfPage":{"@id":"https:\/\/www.dakarmania.cz\/index.php\/2019\/05\/14\/prvni-foto-nove-iveco-tymu-big-shock-racing\/#primaryimage"},"image":{"@id":"https:\/\/www.dakarmania.cz\/index.php\/2019\/05\/14\/prvni-foto-nove-iveco-tymu-big-shock-racing\/#primaryimage"},"thumbnailUrl":"https:\/\/www.dakarmania.cz\/wp-content\/uploads\/2019\/05\/19-bsr-iveco-12.jpg","datePublished":"2019-05-14T10:20:20+00:00","dateModified":"2019-05-25T00:19:47+00:00","description":"T\u00fdm Big Shock Racing p\u0159edstavil svou novou zbra\u0148 pro Rally Dakar 2020. Trambusovou Liazku nahrad\u00ed kapotovan\u00e9 Iveco.","breadcrumb":{"@id":"https:\/\/www.dakarmania.cz\/index.php\/2019\/05\/14\/prvni-foto-nove-iveco-tymu-big-shock-racing\/#breadcrumb"},"inLanguage":"cs","potentialAction":[{"@type":"ReadAction","target":["https:\/\/www.dakarmania.cz\/index.php\/2019\/05\/14\/prvni-foto-nove-iveco-tymu-big-shock-racing\/"]}]},{"@type":"ImageObject","inLanguage":"cs","@id":"https:\/\/www.dakarmania.cz\/index.php\/2019\/05\/14\/prvni-foto-nove-iveco-tymu-big-shock-racing\/#primaryimage","url":"https:\/\/www.dakarmania.cz\/wp-content\/uploads\/2019\/05\/19-bsr-iveco-12.jpg","contentUrl":"https:\/\/www.dakarmania.cz\/wp-content\/uploads\/2019\/05\/19-bsr-iveco-12.jpg","width":2042,"height":1362,"caption":"Iveco, Big Shock Racing. Ofici\u00e1ln\u00ed p\u0159edstaven\u00ed, 14. kv\u011btna 2019. \u00a9 Big Shock Racing"},{"@type":"BreadcrumbList","@id":"https:\/\/www.dakarmania.cz\/index.php\/2019\/05\/14\/prvni-foto-nove-iveco-tymu-big-shock-racing\/#breadcrumb","itemListElement":[{"@type":"ListItem","position":1,"name":"Dom\u016f","item":"https:\/\/www.dakarmania.cz\/"},{"@type":"ListItem","position":2,"name":"FOTO: Nov\u00e9 Iveco t\u00fdmu Big Shock Racing"}]},{"@type":"WebSite","@id":"https:\/\/www.dakarmania.cz\/#website","url":"https:\/\/www.dakarmania.cz\/","name":"DAKARMANIA.cz","description":"\u017dijeme Dakarem cel\u00fd rok","publisher":{"@id":"https:\/\/www.dakarmania.cz\/#organization"},"potentialAction":[{"@type":"SearchAction","target":{"@type":"EntryPoint","urlTemplate":"https:\/\/www.dakarmania.cz\/?s={search_term_string}"},"query-input":{"@type":"PropertyValueSpecification","valueRequired":true,"valueName":"search_term_string"}}],"inLanguage":"cs"},{"@type":"Organization","@id":"https:\/\/www.dakarmania.cz\/#organization","name":"DAKAR MANIA","url":"https:\/\/www.dakarmania.cz\/","logo":{"@type":"ImageObject","inLanguage":"cs","@id":"https:\/\/www.dakarmania.cz\/#\/schema\/logo\/image\/","url":"https:\/\/www.dakarmania.cz\/wp-content\/uploads\/2018\/12\/Dakar-Mania-Logo-Square-Orange.png","contentUrl":"https:\/\/www.dakarmania.cz\/wp-content\/uploads\/2018\/12\/Dakar-Mania-Logo-Square-Orange.png","width":992,"height":992,"caption":"DAKAR MANIA"},"image":{"@id":"https:\/\/www.dakarmania.cz\/#\/schema\/logo\/image\/"},"sameAs":["https:\/\/www.facebook.com\/dakarmania\/"]},{"@type":"Person","@id":"https:\/\/www.dakarmania.cz\/#\/schema\/person\/04eb0e87a389631c2169c0dddae7ff1e","name":"Zden\u011bk Zelenka","image":{"@type":"ImageObject","inLanguage":"cs","@id":"https:\/\/www.dakarmania.cz\/#\/schema\/person\/image\/","url":"https:\/\/secure.gravatar.com\/avatar\/2c80d5a4942fe0900b73cc7d3837a509d6ee0a276a2b76dac95c92bd0763a89b?s=96&d=mm&r=g","contentUrl":"https:\/\/secure.gravatar.com\/avatar\/2c80d5a4942fe0900b73cc7d3837a509d6ee0a276a2b76dac95c92bd0763a89b?s=96&d=mm&r=g","caption":"Zden\u011bk Zelenka"},"description":"Moji d\u011bt\u0161t\u00ed hrdinov\u00e9 se jmenovali Loprais, Moskal, Neveu, Vatanen, Rahier... A tihle borci, jejich n\u00e1sledovn\u00edci a jejich p\u0159\u00edb\u011bhy m\u011b nep\u0159estali fascinovat ani po letech, kdy jsem vyrostl a zam\u011bstn\u00e1valy m\u011b jin\u00e9 discipl\u00edny motorsportu. Proto se zrodila DAKARMANIA.","url":"https:\/\/www.dakarmania.cz\/index.php\/author\/dakarmania\/"}]}},"amp_enabled":true,"_links":{"self":[{"href":"https:\/\/www.dakarmania.cz\/index.php\/wp-json\/wp\/v2\/posts\/6600","targetHints":{"allow":["GET"]}}],"collection":[{"href":"https:\/\/www.dakarmania.cz\/index.php\/wp-json\/wp\/v2\/posts"}],"about":[{"href":"https:\/\/www.dakarmania.cz\/index.php\/wp-json\/wp\/v2\/types\/post"}],"author":[{"embeddable":true,"href":"https:\/\/www.dakarmania.cz\/index.php\/wp-json\/wp\/v2\/users\/1"}],"replies":[{"embeddable":true,"href":"https:\/\/www.dakarmania.cz\/index.php\/wp-json\/wp\/v2\/comments?post=6600"}],"version-history":[{"count":8,"href":"https:\/\/www.dakarmania.cz\/index.php\/wp-json\/wp\/v2\/posts\/6600\/revisions"}],"predecessor-version":[{"id":6657,"href":"https:\/\/www.dakarmania.cz\/index.php\/wp-json\/wp\/v2\/posts\/6600\/revisions\/6657"}],"wp:featuredmedia":[{"embeddable":true,"href":"https:\/\/www.dakarmania.cz\/index.php\/wp-json\/wp\/v2\/media\/6627"}],"wp:attachment":[{"href":"https:\/\/www.dakarmania.cz\/index.php\/wp-json\/wp\/v2\/media?parent=6600"}],"wp:term":[{"taxonomy":"category","embeddable":true,"href":"https:\/\/www.dakarmania.cz\/index.php\/wp-json\/wp\/v2\/categories?post=6600"},{"taxonomy":"post_tag","embeddable":true,"href":"https:\/\/www.dakarmania.cz\/index.php\/wp-json\/wp\/v2\/tags?post=6600"}],"curies":[{"name":"wp","href":"https:\/\/api.w.org\/{rel}","templated":true}]}}