{"id":6841,"date":"2019-05-23T17:47:54","date_gmt":"2019-05-23T15:47:54","guid":{"rendered":"https:\/\/www.dakarmania.cz\/?p=6841"},"modified":"2020-07-06T13:04:59","modified_gmt":"2020-07-06T11:04:59","slug":"jan-brabec-skoncil-se-zlomeninami-v-tuniske-nemocnici","status":"publish","type":"post","link":"https:\/\/www.dakarmania.cz\/index.php\/2019\/05\/23\/jan-brabec-skoncil-se-zlomeninami-v-tuniske-nemocnici\/","title":{"rendered":"Jan Brabec skon\u010dil se zlomeninami v tunisk\u00e9 nemocnici"},"content":{"rendered":"<p>[vc_row][vc_column][vc_column_text]<\/p>\n<h4>Jarn\u00ed testov\u00e1n\u00ed na Saha\u0159e je pro t\u00fdm Big Shock Racing u\u017e tradi\u010dn\u011b d\u016fle\u017eitou sou\u010d\u00e1st\u00ed p\u0159\u00edpravy na n\u00e1sleduj\u00edc\u00ed ro\u010dn\u00edk Rally Dakar. Ov\u0161em Janu Brabcovi se v Tunisku cesta na Dakar 2020 sp\u00ed\u0161e zkomplikovala.<\/h4>\n<p>35let\u00fd motocyklista byl po p\u00e1du s n\u011bkolika zlomeninami hospitalizov\u00e1n v m\u00edstn\u00ed nemocnici a sezonu mu p\u0159inejmen\u0161\u00edm zt\u00ed\u017e\u00ed n\u00e1sledn\u00e1 rekonvalescence.<\/p>\n<p>Dvojn\u00e1sobn\u00fd \u00fa\u010dastn\u00edk Dakaru testoval s t\u00fdmem Big Shock Racing v okol\u00ed saharsk\u00e9 o\u00e1zy Ksar Ghilane od minul\u00e9ho p\u00e1tku a\u017e do v\u010derej\u0161ka, kdy p\u0159i tr\u00e9ninku havaroval.[\/vc_column_text][vc_single_image image=&#8221;6840&#8243; img_size=&#8221;large&#8221; add_caption=&#8221;yes&#8221; alignment=&#8221;center&#8221;][vc_column_text]<em>\u201eP\u0159i p\u0159ej\u00ed\u017ed\u011bn\u00ed z pisty na pistu jsem p\u0159ejel p\u0159ibli\u017en\u011b dvaceticentimetrov\u00fd val nahrnut\u00e9ho prachu, ve kter\u00e9m byl asi k\u00e1men,\u201c<\/em> popsal <strong>Jan Brabec<\/strong> p\u0159\u00ed\u010diny sv\u00e9ho p\u00e1du, p\u0159i kter\u00e9m p\u0159elet\u011bl p\u0159es \u0159\u00edd\u00edtka. <em>\u201eV\u00fdsledkem je zlomen\u00e1 noha pod kolenem, oba palce na rukou, \u017eebra a kostr\u010d. Nav\u00edc m\u00e1m sed\u0159en\u00e1 z\u00e1da.\u201c<\/em><\/p>\n<p>Dnes <a href=\"\/index.php\/osobnosti\/jan-brabec\/\">Jan Brabec<\/a> na soukrom\u00e9 klinice podstoupil operaci, kter\u00e1 podle informac\u00ed zve\u0159ejn\u011bn\u00fdch dal\u0161\u00edmi \u010dleny t\u00fdmu na soci\u00e1ln\u00edch s\u00edt\u00edch prob\u011bhla bez komplikac\u00ed.<\/p>\n<p>Podle prvn\u00edch odhad\u016f si nezbytn\u00e1 rekonvalescence a rehabilitace vy\u017e\u00e1daj\u00ed p\u0159ibli\u017en\u011b t\u0159i m\u011bs\u00edce.<\/p>\n<p>P\u0159ejeme brzk\u00fd n\u00e1vrat dom\u016f i za \u0159\u00edd\u00edtka z\u00e1vodn\u00ed motorky![\/vc_column_text][\/vc_column][\/vc_row]<\/p>\n","protected":false},"excerpt":{"rendered":"<p>Testov\u00e1n\u00ed na Saha\u0159e je pro Big Shock Racing tradi\u010dn\u011b d\u016fle\u017eitou sou\u010d\u00e1st\u00ed p\u0159\u00edpravy. Ov\u0161em Janu Brabcovi se v Tunisku cesta na Dakar 2020 sp\u00ed\u0161e zkomplikovala.<\/p>\n","protected":false},"author":1,"featured_media":6839,"comment_status":"open","ping_status":"closed","sticky":false,"template":"","format":"standard","meta":{"footnotes":""},"categories":[15],"tags":[425,111,110],"class_list":["post-6841","post","type-post","status-publish","format-standard","has-post-thumbnail","hentry","category-moto-quad","tag-425","tag-big-shock-racing","tag-jan-brabec"],"yoast_head":"<!-- This site is optimized with the Yoast SEO plugin v24.9 - https:\/\/yoast.com\/wordpress\/plugins\/seo\/ -->\n<title>Jan Brabec skon\u010dil se zlomeninami v tunisk\u00e9 nemocnici - DAKARMANIA.cz<\/title>\n<meta name=\"description\" content=\"Testov\u00e1n\u00ed na Saha\u0159e je pro Big Shock Racing tradi\u010dn\u011b d\u016fle\u017eitou sou\u010d\u00e1st\u00ed p\u0159\u00edpravy. Ov\u0161em Janu Brabcovi se v Tunisku cesta na Dakar 2020 sp\u00ed\u0161e zkomplikovala.\" \/>\n<meta name=\"robots\" content=\"index, follow, max-snippet:-1, max-image-preview:large, max-video-preview:-1\" \/>\n<link rel=\"canonical\" href=\"https:\/\/www.dakarmania.cz\/index.php\/2019\/05\/23\/jan-brabec-skoncil-se-zlomeninami-v-tuniske-nemocnici\/\" \/>\n<meta property=\"og:locale\" content=\"cs_CZ\" \/>\n<meta property=\"og:type\" content=\"article\" \/>\n<meta property=\"og:title\" content=\"Jan Brabec skon\u010dil se zlomeninami v tunisk\u00e9 nemocnici - DAKARMANIA.cz\" \/>\n<meta property=\"og:description\" content=\"Testov\u00e1n\u00ed na Saha\u0159e je pro Big Shock Racing tradi\u010dn\u011b d\u016fle\u017eitou sou\u010d\u00e1st\u00ed p\u0159\u00edpravy. Ov\u0161em Janu Brabcovi se v Tunisku cesta na Dakar 2020 sp\u00ed\u0161e zkomplikovala.\" \/>\n<meta property=\"og:url\" content=\"https:\/\/www.dakarmania.cz\/index.php\/2019\/05\/23\/jan-brabec-skoncil-se-zlomeninami-v-tuniske-nemocnici\/\" \/>\n<meta property=\"og:site_name\" content=\"DAKARMANIA.cz\" \/>\n<meta property=\"article:publisher\" content=\"https:\/\/www.facebook.com\/dakarmania\/\" \/>\n<meta property=\"article:published_time\" content=\"2019-05-23T15:47:54+00:00\" \/>\n<meta property=\"article:modified_time\" content=\"2020-07-06T11:04:59+00:00\" \/>\n<meta property=\"og:image\" content=\"https:\/\/www.dakarmania.cz\/wp-content\/uploads\/2019\/05\/19-tunisko-brabec-01.jpg\" \/>\n\t<meta property=\"og:image:width\" content=\"960\" \/>\n\t<meta property=\"og:image:height\" content=\"719\" \/>\n\t<meta property=\"og:image:type\" content=\"image\/jpeg\" \/>\n<meta name=\"author\" content=\"Zden\u011bk Zelenka\" \/>\n<meta name=\"twitter:card\" content=\"summary_large_image\" \/>\n<meta name=\"twitter:label1\" content=\"Napsal(a)\" \/>\n\t<meta name=\"twitter:data1\" content=\"Zden\u011bk Zelenka\" \/>\n\t<meta name=\"twitter:label2\" content=\"Odhadovan\u00e1 doba \u010dten\u00ed\" \/>\n\t<meta name=\"twitter:data2\" content=\"1 minuta\" \/>\n<script type=\"application\/ld+json\" class=\"yoast-schema-graph\">{\"@context\":\"https:\/\/schema.org\",\"@graph\":[{\"@type\":\"Article\",\"@id\":\"https:\/\/www.dakarmania.cz\/index.php\/2019\/05\/23\/jan-brabec-skoncil-se-zlomeninami-v-tuniske-nemocnici\/#article\",\"isPartOf\":{\"@id\":\"https:\/\/www.dakarmania.cz\/index.php\/2019\/05\/23\/jan-brabec-skoncil-se-zlomeninami-v-tuniske-nemocnici\/\"},\"author\":{\"name\":\"Zden\u011bk Zelenka\",\"@id\":\"https:\/\/www.dakarmania.cz\/#\/schema\/person\/04eb0e87a389631c2169c0dddae7ff1e\"},\"headline\":\"Jan Brabec skon\u010dil se zlomeninami v tunisk\u00e9 nemocnici\",\"datePublished\":\"2019-05-23T15:47:54+00:00\",\"dateModified\":\"2020-07-06T11:04:59+00:00\",\"mainEntityOfPage\":{\"@id\":\"https:\/\/www.dakarmania.cz\/index.php\/2019\/05\/23\/jan-brabec-skoncil-se-zlomeninami-v-tuniske-nemocnici\/\"},\"wordCount\":280,\"commentCount\":0,\"publisher\":{\"@id\":\"https:\/\/www.dakarmania.cz\/#organization\"},\"image\":{\"@id\":\"https:\/\/www.dakarmania.cz\/index.php\/2019\/05\/23\/jan-brabec-skoncil-se-zlomeninami-v-tuniske-nemocnici\/#primaryimage\"},\"thumbnailUrl\":\"https:\/\/www.dakarmania.cz\/wp-content\/uploads\/2019\/05\/19-tunisko-brabec-01.jpg\",\"keywords\":[\"2019\",\"Big Shock! Racing\",\"Jan Brabec\"],\"articleSection\":[\"Moto\/Quad\"],\"inLanguage\":\"cs\",\"potentialAction\":[{\"@type\":\"CommentAction\",\"name\":\"Comment\",\"target\":[\"https:\/\/www.dakarmania.cz\/index.php\/2019\/05\/23\/jan-brabec-skoncil-se-zlomeninami-v-tuniske-nemocnici\/#respond\"]}]},{\"@type\":\"WebPage\",\"@id\":\"https:\/\/www.dakarmania.cz\/index.php\/2019\/05\/23\/jan-brabec-skoncil-se-zlomeninami-v-tuniske-nemocnici\/\",\"url\":\"https:\/\/www.dakarmania.cz\/index.php\/2019\/05\/23\/jan-brabec-skoncil-se-zlomeninami-v-tuniske-nemocnici\/\",\"name\":\"Jan Brabec skon\u010dil se zlomeninami v tunisk\u00e9 nemocnici - DAKARMANIA.cz\",\"isPartOf\":{\"@id\":\"https:\/\/www.dakarmania.cz\/#website\"},\"primaryImageOfPage\":{\"@id\":\"https:\/\/www.dakarmania.cz\/index.php\/2019\/05\/23\/jan-brabec-skoncil-se-zlomeninami-v-tuniske-nemocnici\/#primaryimage\"},\"image\":{\"@id\":\"https:\/\/www.dakarmania.cz\/index.php\/2019\/05\/23\/jan-brabec-skoncil-se-zlomeninami-v-tuniske-nemocnici\/#primaryimage\"},\"thumbnailUrl\":\"https:\/\/www.dakarmania.cz\/wp-content\/uploads\/2019\/05\/19-tunisko-brabec-01.jpg\",\"datePublished\":\"2019-05-23T15:47:54+00:00\",\"dateModified\":\"2020-07-06T11:04:59+00:00\",\"description\":\"Testov\u00e1n\u00ed na Saha\u0159e je pro Big Shock Racing tradi\u010dn\u011b d\u016fle\u017eitou sou\u010d\u00e1st\u00ed p\u0159\u00edpravy. Ov\u0161em Janu Brabcovi se v Tunisku cesta na Dakar 2020 sp\u00ed\u0161e zkomplikovala.\",\"breadcrumb\":{\"@id\":\"https:\/\/www.dakarmania.cz\/index.php\/2019\/05\/23\/jan-brabec-skoncil-se-zlomeninami-v-tuniske-nemocnici\/#breadcrumb\"},\"inLanguage\":\"cs\",\"potentialAction\":[{\"@type\":\"ReadAction\",\"target\":[\"https:\/\/www.dakarmania.cz\/index.php\/2019\/05\/23\/jan-brabec-skoncil-se-zlomeninami-v-tuniske-nemocnici\/\"]}]},{\"@type\":\"ImageObject\",\"inLanguage\":\"cs\",\"@id\":\"https:\/\/www.dakarmania.cz\/index.php\/2019\/05\/23\/jan-brabec-skoncil-se-zlomeninami-v-tuniske-nemocnici\/#primaryimage\",\"url\":\"https:\/\/www.dakarmania.cz\/wp-content\/uploads\/2019\/05\/19-tunisko-brabec-01.jpg\",\"contentUrl\":\"https:\/\/www.dakarmania.cz\/wp-content\/uploads\/2019\/05\/19-tunisko-brabec-01.jpg\",\"width\":960,\"height\":719,\"caption\":\"Jan Brabec, Tunisko, kv\u011bten 2019. Zdroj: FB Jan Brabec\"},{\"@type\":\"BreadcrumbList\",\"@id\":\"https:\/\/www.dakarmania.cz\/index.php\/2019\/05\/23\/jan-brabec-skoncil-se-zlomeninami-v-tuniske-nemocnici\/#breadcrumb\",\"itemListElement\":[{\"@type\":\"ListItem\",\"position\":1,\"name\":\"Dom\u016f\",\"item\":\"https:\/\/www.dakarmania.cz\/\"},{\"@type\":\"ListItem\",\"position\":2,\"name\":\"Jan Brabec skon\u010dil se zlomeninami v tunisk\u00e9 nemocnici\"}]},{\"@type\":\"WebSite\",\"@id\":\"https:\/\/www.dakarmania.cz\/#website\",\"url\":\"https:\/\/www.dakarmania.cz\/\",\"name\":\"DAKARMANIA.cz\",\"description\":\"\u017dijeme Dakarem cel\u00fd rok\",\"publisher\":{\"@id\":\"https:\/\/www.dakarmania.cz\/#organization\"},\"potentialAction\":[{\"@type\":\"SearchAction\",\"target\":{\"@type\":\"EntryPoint\",\"urlTemplate\":\"https:\/\/www.dakarmania.cz\/?s={search_term_string}\"},\"query-input\":{\"@type\":\"PropertyValueSpecification\",\"valueRequired\":true,\"valueName\":\"search_term_string\"}}],\"inLanguage\":\"cs\"},{\"@type\":\"Organization\",\"@id\":\"https:\/\/www.dakarmania.cz\/#organization\",\"name\":\"DAKAR MANIA\",\"url\":\"https:\/\/www.dakarmania.cz\/\",\"logo\":{\"@type\":\"ImageObject\",\"inLanguage\":\"cs\",\"@id\":\"https:\/\/www.dakarmania.cz\/#\/schema\/logo\/image\/\",\"url\":\"https:\/\/www.dakarmania.cz\/wp-content\/uploads\/2018\/12\/Dakar-Mania-Logo-Square-Orange.png\",\"contentUrl\":\"https:\/\/www.dakarmania.cz\/wp-content\/uploads\/2018\/12\/Dakar-Mania-Logo-Square-Orange.png\",\"width\":992,\"height\":992,\"caption\":\"DAKAR MANIA\"},\"image\":{\"@id\":\"https:\/\/www.dakarmania.cz\/#\/schema\/logo\/image\/\"},\"sameAs\":[\"https:\/\/www.facebook.com\/dakarmania\/\"]},{\"@type\":\"Person\",\"@id\":\"https:\/\/www.dakarmania.cz\/#\/schema\/person\/04eb0e87a389631c2169c0dddae7ff1e\",\"name\":\"Zden\u011bk Zelenka\",\"image\":{\"@type\":\"ImageObject\",\"inLanguage\":\"cs\",\"@id\":\"https:\/\/www.dakarmania.cz\/#\/schema\/person\/image\/\",\"url\":\"https:\/\/secure.gravatar.com\/avatar\/2c80d5a4942fe0900b73cc7d3837a509d6ee0a276a2b76dac95c92bd0763a89b?s=96&d=mm&r=g\",\"contentUrl\":\"https:\/\/secure.gravatar.com\/avatar\/2c80d5a4942fe0900b73cc7d3837a509d6ee0a276a2b76dac95c92bd0763a89b?s=96&d=mm&r=g\",\"caption\":\"Zden\u011bk Zelenka\"},\"description\":\"Moji d\u011bt\u0161t\u00ed hrdinov\u00e9 se jmenovali Loprais, Moskal, Neveu, Vatanen, Rahier... A tihle borci, jejich n\u00e1sledovn\u00edci a jejich p\u0159\u00edb\u011bhy m\u011b nep\u0159estali fascinovat ani po letech, kdy jsem vyrostl a zam\u011bstn\u00e1valy m\u011b jin\u00e9 discipl\u00edny motorsportu. Proto se zrodila DAKARMANIA.\",\"url\":\"https:\/\/www.dakarmania.cz\/index.php\/author\/dakarmania\/\"}]}<\/script>\n<!-- \/ Yoast SEO plugin. -->","yoast_head_json":{"title":"Jan Brabec skon\u010dil se zlomeninami v tunisk\u00e9 nemocnici - DAKARMANIA.cz","description":"Testov\u00e1n\u00ed na Saha\u0159e je pro Big Shock Racing tradi\u010dn\u011b d\u016fle\u017eitou sou\u010d\u00e1st\u00ed p\u0159\u00edpravy. Ov\u0161em Janu Brabcovi se v Tunisku cesta na Dakar 2020 sp\u00ed\u0161e zkomplikovala.","robots":{"index":"index","follow":"follow","max-snippet":"max-snippet:-1","max-image-preview":"max-image-preview:large","max-video-preview":"max-video-preview:-1"},"canonical":"https:\/\/www.dakarmania.cz\/index.php\/2019\/05\/23\/jan-brabec-skoncil-se-zlomeninami-v-tuniske-nemocnici\/","og_locale":"cs_CZ","og_type":"article","og_title":"Jan Brabec skon\u010dil se zlomeninami v tunisk\u00e9 nemocnici - DAKARMANIA.cz","og_description":"Testov\u00e1n\u00ed na Saha\u0159e je pro Big Shock Racing tradi\u010dn\u011b d\u016fle\u017eitou sou\u010d\u00e1st\u00ed p\u0159\u00edpravy. Ov\u0161em Janu Brabcovi se v Tunisku cesta na Dakar 2020 sp\u00ed\u0161e zkomplikovala.","og_url":"https:\/\/www.dakarmania.cz\/index.php\/2019\/05\/23\/jan-brabec-skoncil-se-zlomeninami-v-tuniske-nemocnici\/","og_site_name":"DAKARMANIA.cz","article_publisher":"https:\/\/www.facebook.com\/dakarmania\/","article_published_time":"2019-05-23T15:47:54+00:00","article_modified_time":"2020-07-06T11:04:59+00:00","og_image":[{"width":960,"height":719,"url":"https:\/\/www.dakarmania.cz\/wp-content\/uploads\/2019\/05\/19-tunisko-brabec-01.jpg","type":"image\/jpeg"}],"author":"Zden\u011bk Zelenka","twitter_card":"summary_large_image","twitter_misc":{"Napsal(a)":"Zden\u011bk Zelenka","Odhadovan\u00e1 doba \u010dten\u00ed":"1 minuta"},"schema":{"@context":"https:\/\/schema.org","@graph":[{"@type":"Article","@id":"https:\/\/www.dakarmania.cz\/index.php\/2019\/05\/23\/jan-brabec-skoncil-se-zlomeninami-v-tuniske-nemocnici\/#article","isPartOf":{"@id":"https:\/\/www.dakarmania.cz\/index.php\/2019\/05\/23\/jan-brabec-skoncil-se-zlomeninami-v-tuniske-nemocnici\/"},"author":{"name":"Zden\u011bk Zelenka","@id":"https:\/\/www.dakarmania.cz\/#\/schema\/person\/04eb0e87a389631c2169c0dddae7ff1e"},"headline":"Jan Brabec skon\u010dil se zlomeninami v tunisk\u00e9 nemocnici","datePublished":"2019-05-23T15:47:54+00:00","dateModified":"2020-07-06T11:04:59+00:00","mainEntityOfPage":{"@id":"https:\/\/www.dakarmania.cz\/index.php\/2019\/05\/23\/jan-brabec-skoncil-se-zlomeninami-v-tuniske-nemocnici\/"},"wordCount":280,"commentCount":0,"publisher":{"@id":"https:\/\/www.dakarmania.cz\/#organization"},"image":{"@id":"https:\/\/www.dakarmania.cz\/index.php\/2019\/05\/23\/jan-brabec-skoncil-se-zlomeninami-v-tuniske-nemocnici\/#primaryimage"},"thumbnailUrl":"https:\/\/www.dakarmania.cz\/wp-content\/uploads\/2019\/05\/19-tunisko-brabec-01.jpg","keywords":["2019","Big Shock! Racing","Jan Brabec"],"articleSection":["Moto\/Quad"],"inLanguage":"cs","potentialAction":[{"@type":"CommentAction","name":"Comment","target":["https:\/\/www.dakarmania.cz\/index.php\/2019\/05\/23\/jan-brabec-skoncil-se-zlomeninami-v-tuniske-nemocnici\/#respond"]}]},{"@type":"WebPage","@id":"https:\/\/www.dakarmania.cz\/index.php\/2019\/05\/23\/jan-brabec-skoncil-se-zlomeninami-v-tuniske-nemocnici\/","url":"https:\/\/www.dakarmania.cz\/index.php\/2019\/05\/23\/jan-brabec-skoncil-se-zlomeninami-v-tuniske-nemocnici\/","name":"Jan Brabec skon\u010dil se zlomeninami v tunisk\u00e9 nemocnici - DAKARMANIA.cz","isPartOf":{"@id":"https:\/\/www.dakarmania.cz\/#website"},"primaryImageOfPage":{"@id":"https:\/\/www.dakarmania.cz\/index.php\/2019\/05\/23\/jan-brabec-skoncil-se-zlomeninami-v-tuniske-nemocnici\/#primaryimage"},"image":{"@id":"https:\/\/www.dakarmania.cz\/index.php\/2019\/05\/23\/jan-brabec-skoncil-se-zlomeninami-v-tuniske-nemocnici\/#primaryimage"},"thumbnailUrl":"https:\/\/www.dakarmania.cz\/wp-content\/uploads\/2019\/05\/19-tunisko-brabec-01.jpg","datePublished":"2019-05-23T15:47:54+00:00","dateModified":"2020-07-06T11:04:59+00:00","description":"Testov\u00e1n\u00ed na Saha\u0159e je pro Big Shock Racing tradi\u010dn\u011b d\u016fle\u017eitou sou\u010d\u00e1st\u00ed p\u0159\u00edpravy. Ov\u0161em Janu Brabcovi se v Tunisku cesta na Dakar 2020 sp\u00ed\u0161e zkomplikovala.","breadcrumb":{"@id":"https:\/\/www.dakarmania.cz\/index.php\/2019\/05\/23\/jan-brabec-skoncil-se-zlomeninami-v-tuniske-nemocnici\/#breadcrumb"},"inLanguage":"cs","potentialAction":[{"@type":"ReadAction","target":["https:\/\/www.dakarmania.cz\/index.php\/2019\/05\/23\/jan-brabec-skoncil-se-zlomeninami-v-tuniske-nemocnici\/"]}]},{"@type":"ImageObject","inLanguage":"cs","@id":"https:\/\/www.dakarmania.cz\/index.php\/2019\/05\/23\/jan-brabec-skoncil-se-zlomeninami-v-tuniske-nemocnici\/#primaryimage","url":"https:\/\/www.dakarmania.cz\/wp-content\/uploads\/2019\/05\/19-tunisko-brabec-01.jpg","contentUrl":"https:\/\/www.dakarmania.cz\/wp-content\/uploads\/2019\/05\/19-tunisko-brabec-01.jpg","width":960,"height":719,"caption":"Jan Brabec, Tunisko, kv\u011bten 2019. Zdroj: FB Jan Brabec"},{"@type":"BreadcrumbList","@id":"https:\/\/www.dakarmania.cz\/index.php\/2019\/05\/23\/jan-brabec-skoncil-se-zlomeninami-v-tuniske-nemocnici\/#breadcrumb","itemListElement":[{"@type":"ListItem","position":1,"name":"Dom\u016f","item":"https:\/\/www.dakarmania.cz\/"},{"@type":"ListItem","position":2,"name":"Jan Brabec skon\u010dil se zlomeninami v tunisk\u00e9 nemocnici"}]},{"@type":"WebSite","@id":"https:\/\/www.dakarmania.cz\/#website","url":"https:\/\/www.dakarmania.cz\/","name":"DAKARMANIA.cz","description":"\u017dijeme Dakarem cel\u00fd rok","publisher":{"@id":"https:\/\/www.dakarmania.cz\/#organization"},"potentialAction":[{"@type":"SearchAction","target":{"@type":"EntryPoint","urlTemplate":"https:\/\/www.dakarmania.cz\/?s={search_term_string}"},"query-input":{"@type":"PropertyValueSpecification","valueRequired":true,"valueName":"search_term_string"}}],"inLanguage":"cs"},{"@type":"Organization","@id":"https:\/\/www.dakarmania.cz\/#organization","name":"DAKAR MANIA","url":"https:\/\/www.dakarmania.cz\/","logo":{"@type":"ImageObject","inLanguage":"cs","@id":"https:\/\/www.dakarmania.cz\/#\/schema\/logo\/image\/","url":"https:\/\/www.dakarmania.cz\/wp-content\/uploads\/2018\/12\/Dakar-Mania-Logo-Square-Orange.png","contentUrl":"https:\/\/www.dakarmania.cz\/wp-content\/uploads\/2018\/12\/Dakar-Mania-Logo-Square-Orange.png","width":992,"height":992,"caption":"DAKAR MANIA"},"image":{"@id":"https:\/\/www.dakarmania.cz\/#\/schema\/logo\/image\/"},"sameAs":["https:\/\/www.facebook.com\/dakarmania\/"]},{"@type":"Person","@id":"https:\/\/www.dakarmania.cz\/#\/schema\/person\/04eb0e87a389631c2169c0dddae7ff1e","name":"Zden\u011bk Zelenka","image":{"@type":"ImageObject","inLanguage":"cs","@id":"https:\/\/www.dakarmania.cz\/#\/schema\/person\/image\/","url":"https:\/\/secure.gravatar.com\/avatar\/2c80d5a4942fe0900b73cc7d3837a509d6ee0a276a2b76dac95c92bd0763a89b?s=96&d=mm&r=g","contentUrl":"https:\/\/secure.gravatar.com\/avatar\/2c80d5a4942fe0900b73cc7d3837a509d6ee0a276a2b76dac95c92bd0763a89b?s=96&d=mm&r=g","caption":"Zden\u011bk Zelenka"},"description":"Moji d\u011bt\u0161t\u00ed hrdinov\u00e9 se jmenovali Loprais, Moskal, Neveu, Vatanen, Rahier... A tihle borci, jejich n\u00e1sledovn\u00edci a jejich p\u0159\u00edb\u011bhy m\u011b nep\u0159estali fascinovat ani po letech, kdy jsem vyrostl a zam\u011bstn\u00e1valy m\u011b jin\u00e9 discipl\u00edny motorsportu. Proto se zrodila DAKARMANIA.","url":"https:\/\/www.dakarmania.cz\/index.php\/author\/dakarmania\/"}]}},"amp_enabled":true,"_links":{"self":[{"href":"https:\/\/www.dakarmania.cz\/index.php\/wp-json\/wp\/v2\/posts\/6841","targetHints":{"allow":["GET"]}}],"collection":[{"href":"https:\/\/www.dakarmania.cz\/index.php\/wp-json\/wp\/v2\/posts"}],"about":[{"href":"https:\/\/www.dakarmania.cz\/index.php\/wp-json\/wp\/v2\/types\/post"}],"author":[{"embeddable":true,"href":"https:\/\/www.dakarmania.cz\/index.php\/wp-json\/wp\/v2\/users\/1"}],"replies":[{"embeddable":true,"href":"https:\/\/www.dakarmania.cz\/index.php\/wp-json\/wp\/v2\/comments?post=6841"}],"version-history":[{"count":4,"href":"https:\/\/www.dakarmania.cz\/index.php\/wp-json\/wp\/v2\/posts\/6841\/revisions"}],"predecessor-version":[{"id":16394,"href":"https:\/\/www.dakarmania.cz\/index.php\/wp-json\/wp\/v2\/posts\/6841\/revisions\/16394"}],"wp:featuredmedia":[{"embeddable":true,"href":"https:\/\/www.dakarmania.cz\/index.php\/wp-json\/wp\/v2\/media\/6839"}],"wp:attachment":[{"href":"https:\/\/www.dakarmania.cz\/index.php\/wp-json\/wp\/v2\/media?parent=6841"}],"wp:term":[{"taxonomy":"category","embeddable":true,"href":"https:\/\/www.dakarmania.cz\/index.php\/wp-json\/wp\/v2\/categories?post=6841"},{"taxonomy":"post_tag","embeddable":true,"href":"https:\/\/www.dakarmania.cz\/index.php\/wp-json\/wp\/v2\/tags?post=6841"}],"curies":[{"name":"wp","href":"https:\/\/api.w.org\/{rel}","templated":true}]}}