{"id":6846,"date":"2019-05-25T02:00:30","date_gmt":"2019-05-25T00:00:30","guid":{"rendered":"https:\/\/www.dakarmania.cz\/?p=6846"},"modified":"2024-01-05T11:27:27","modified_gmt":"2024-01-05T10:27:27","slug":"dakar-2020-roadbook-zolici-supermaraton","status":"publish","type":"post","link":"https:\/\/www.dakarmania.cz\/index.php\/2019\/05\/25\/dakar-2020-roadbook-zolici-supermaraton\/","title":{"rendered":"Dakar 2020: Roadbook a\u017e p\u0159ed startem, \u017eol\u00edci a supermaraton"},"content":{"rendered":"<p>[vc_row][vc_column][vc_column_text]<\/p>\n<h4>St\u011bhov\u00e1n\u00edm do Sa\u00fadsk\u00e9 Ar\u00e1bie a jmenov\u00e1n\u00edm Davida Castery nov\u00fdm \u0159editelem z\u00e1sadn\u00ed prom\u011bna Rally Dakar rozhodn\u011b nekon\u010d\u00ed. T\u00fdm, jen\u017e si respektovan\u00fd b\u00fdval\u00fd motocyklista a navig\u00e1tor sestavil, napl\u00e1noval \u0159adu krok\u016f, kter\u00e9 maj\u00ed p\u0159isp\u011bt k dal\u0161\u00edmu zatraktivn\u011bn\u00ed z\u00e1vodu.<\/h4>\n<p>Po prvn\u00edm setk\u00e1n\u00ed po\u0159adatel\u016f dakarsk\u00e9 rally s jej\u00edmi \u00fa\u010dastn\u00edky, kter\u00e9 prob\u011bhlo minul\u00fd t\u00fdden v Pa\u0159\u00ed\u017ei, se stejn\u00fd semin\u00e1\u0159 ur\u010den\u00fd pro v\u00fdchodoevropsk\u00e9 t\u00fdmy uskute\u010dnil tento \u010dtvrtek (23. kv\u011btna) v polsk\u00e9 Var\u0161av\u011b. D\u00edky tomu z\u00edsk\u00e1v\u00e1 <a href=\"\/index.php\/souteze\/dakar-2020\/\">Rally Dakar 2020<\/a> konkr\u00e9tn\u011bj\u0161\u00ed obrysy. \u0158editel sout\u011b\u017ee <a href=\"\/index.php\/osobnosti\/david-castera\/\">David Castera<\/a> p\u0159edstavil celou \u0159adu novinek a nast\u00ednil, v jak\u00fdch podm\u00ednk\u00e1ch se bude p\u0159\u00ed\u0161t\u00ed rok v lednu mezi D\u017eiddou a Al Qiddiyou z\u00e1vodit.<\/p>\n<p>Podobn\u011b jako kdysi v Africe musej\u00ed i v Sa\u00fadsk\u00e9 Ar\u00e1bii \u00fa\u010dastn\u00edci po\u010d\u00edtat s velmi chladn\u00fdmi nocemi a p\u0159\u00edli\u0161 se neoh\u0159ej\u00ed ani p\u0159es den. V lednu se denn\u00ed teploty v oblasti kon\u00e1n\u00ed rally pohybuj\u00ed okolo 15 stup\u0148\u016f Celsia.<\/p>\n<p>Trat\u011b jednotliv\u00fdch etap by m\u011bly v prvn\u00ed polovin\u011b rally nab\u00eddnout kombinaci p\u00edsku a kamen\u00ed, druh\u00fd t\u00fdden by se m\u011blo z\u00e1vodit t\u00e9m\u011b\u0159 v\u00fdhradn\u011b v pou\u0161ti a dun\u00e1ch.[\/vc_column_text][vc_single_image image=&#8221;2552&#8243; img_size=&#8221;large&#8221; add_caption=&#8221;yes&#8221; alignment=&#8221;center&#8221;][vc_column_text]<\/p>\n<h4><strong>Roadbook v barv\u011b<\/strong><\/h4>\n<p>Jedna z nejz\u00e1sadn\u011bj\u0161\u00edch zm\u011bn se t\u00fdk\u00e1 roadbook\u016f. \u010cernob\u00edlou verzi nahrad\u00ed barevn\u00e1. V\u0161echna nebezpe\u010dn\u00e1 nebo jinak d\u016fle\u017eit\u00e1 m\u00edsta budou v itiner\u00e1\u0159i barevn\u011b vyzna\u010dena rovnou organiz\u00e1tory. Pad\u00e1 tak dosavadn\u00ed praxe, kdy si navig\u00e1to\u0159i museli tato m\u00edsta v itiner\u00e1\u0159i p\u0159edchoz\u00ed ve\u010der ozna\u010dit sami.<\/p>\n<p>Nav\u00edc \u010dty\u0159ikr\u00e1t b\u011bhem sout\u011b\u017ee budou roadbooky distribuov\u00e1ny a\u017e t\u011bsn\u011b p\u0159ed startem dan\u00e9 etapy. D\u00edky tomu by o jistou v\u00fdhodu mohli p\u0159ij\u00edt jezdci z absolutn\u00ed \u0161pi\u010dky a z\u00e1rove\u0148 by tento krok m\u011bl v\u00e9st k dal\u0161\u00edmu zv\u00fd\u0161en\u00ed bezpe\u010dnosti z\u00e1vodn\u00edk\u016f.<\/p>\n<p>Velk\u00e9 t\u00fdmy toti\u017e v p\u0159edchoz\u00edch letech zam\u011bstn\u00e1valy specialisty, kte\u0159\u00ed na z\u00e1klad\u011b satelitn\u00edch sn\u00edmk\u016f hledali pro sv\u00e9 z\u00e1vodn\u00edky zkratky mezi jednotliv\u00fdmi kontroln\u00edmi body. Jejich jezdci tak mohli najet d\u016fle\u017eit\u00e9 minuty, z\u00e1rove\u0148 v\u0161ak riskovali zran\u011bn\u00ed v nebezpe\u010dn\u00fdch m\u00edstech, jejich\u017e z\u00e1ludnost nebyla ze satelitn\u00edch sn\u00edmk\u016f patrn\u00e1.<\/p>\n<p>Ze stejn\u00fdch d\u016fvod\u016f budou detailn\u011bj\u0161\u00ed informace o jednotliv\u00fdch etap\u00e1ch zve\u0159ejn\u011bny a\u017e t\u011bsn\u011b p\u0159ed sout\u011b\u017e\u00ed. Tak\u00e9 t\u00edmto zp\u016fsobem chce po\u0159\u00e1daj\u00edc\u00ed A.S.O. eliminovat mo\u017enost d\u0159\u00edv\u011bj\u0161\u00edho \u201enastudov\u00e1n\u00ed\u201c trat\u011b, p\u0159\u00edpadn\u011b jej\u00edch alternativ.<\/p>\n<p>A je\u0161t\u011b dodejme, \u017ee od roku 2021 budou roadbooky elektronick\u00e9. Sout\u011b\u017e\u00edc\u00ed si tak dop\u0159edu nep\u0159iprav\u00ed v\u016fbec nic. Popisy n\u00e1sleduj\u00edc\u00edch \u00fasek\u016f trat\u011b a kontroln\u00ed body se jim budou zobrazovat jen p\u0159i j\u00edzd\u011b p\u0159\u00edmo na trati.[\/vc_column_text][vc_single_image image=&#8221;6847&#8243; img_size=&#8221;large&#8221; add_caption=&#8221;yes&#8221; alignment=&#8221;center&#8221;][vc_column_text]<\/p>\n<h4>Druh\u00e1 \u0161ance<\/h4>\n<p>Podruh\u00e9 v historii Rally Dakar budou m\u00edt jej\u00ed \u00fa\u010dastn\u00edci mo\u017enost pokra\u010dovat i v p\u0159\u00edpad\u011b, \u017ee nedokon\u010d\u00ed n\u011bkterou z etap. Poprv\u00e9 se tak stalo letos p\u0159i posledn\u00edm jihoamerick\u00e9m ro\u010dn\u00edku, jeho\u017e trasa vedla nejprve z Limy na jihov\u00fdchod Peru a n\u00e1sledn\u011b se prakticky stejnou cestou vracela. Pos\u00e1dky automobil\u016f a kamion\u016f, kter\u00e9 odstoupily b\u011bhem prvn\u00edho t\u00fddne, se d\u00edky tomu do sout\u011b\u017ee mohly vr\u00e1tit na za\u010d\u00e1tku jej\u00ed druh\u00e9 poloviny v r\u00e1mci tzv. p\u016flmaratonu.<\/p>\n<p>V Sa\u00fadsk\u00e9 Ar\u00e1bii je tra\u0165 napl\u00e1nov\u00e1na jinak a podobn\u00fd syst\u00e9m neumo\u017e\u0148uje. P\u0159esto odstoupen\u00ed z etapy je\u0161t\u011b nemus\u00ed znamenat \u00fapln\u00fd konec. Pos\u00e1dky a z\u00e1vodn\u00edci, tzn. tentokr\u00e1t v\u010detn\u011b motocyklist\u016f a \u010dty\u0159kolk\u00e1\u0159\u016f, budou m\u00edt k dispozici po jednom \u201e\u017eol\u00edku\u201c, kter\u00fd jim umo\u017en\u00ed restart do sout\u011b\u017ee.<\/p>\n<p>Pokud z\u00e1vodn\u00ed stroj nedokon\u010d\u00ed n\u011bkterou z etap, m\u016f\u017ee se do sout\u011b\u017ee vr\u00e1tit. K restartu nemus\u00ed doj\u00edt hned n\u00e1sleduj\u00edc\u00ed den, ale klidn\u011b i pozd\u011bji.[\/vc_column_text][vc_single_image image=&#8221;2484&#8243; img_size=&#8221;large&#8221; add_caption=&#8221;yes&#8221; alignment=&#8221;center&#8221;][vc_column_text]Vyu\u017eit\u00ed \u017eol\u00edka nicm\u00e9n\u011b automaticky znamen\u00e1 vy\u0161krtnut\u00ed z v\u00fdsledk\u016f hlavn\u00ed sout\u011b\u017ee a p\u0159e\u0159azen\u00ed do odd\u011blen\u00e9 klasifikace ozna\u010dovan\u00e9 \u201eExplorer\u201c.<\/p>\n<p>Pokud pos\u00e1dky pokra\u010duj\u00edc\u00ed v sout\u011b\u017ei v hodnocen\u00ed \u201eExplorer\u201c pomohou z\u00e1vodn\u00edk\u016fm jedouc\u00edm st\u00e1le v hlavn\u00edm z\u00e1vod\u011b, nebude tato pomoc \u2013 na rozd\u00edl od Dakaru 2019 \u2013 pova\u017eov\u00e1na za nedovolenou.<\/p>\n<p>Nejl\u00e9pe um\u00edst\u011bn\u00fdm pos\u00e1dk\u00e1m v hodnocen\u00ed \u201eExplorer\u201c nebudou p\u0159i z\u00e1v\u011bre\u010dn\u00e9m ceremoni\u00e1lu p\u0159ed\u00e1v\u00e1ny \u017e\u00e1dn\u00e9 trofeje a jezdci, kte\u0159\u00ed sout\u011b\u017e dokon\u010d\u00ed jen za cenu vyu\u017eit\u00ed \u017eol\u00edka, neobdr\u017e\u00ed ani tradi\u010dn\u00ed medaili, je\u017e je ur\u010dena pouze \u00fasp\u011b\u0161n\u00fdm poko\u0159itel\u016fm cel\u00e9ho z\u00e1vodu.<\/p>\n<p>Do \u201ez\u00e1vodu \u00fat\u011bchy\u201c se nemohou zapojit jezdci a pos\u00e1dky, kter\u00e9 podle seznamu A.S.O. pat\u0159\u00ed do kategorie \u201eElite\u201c. Pro n\u011b sout\u011b\u017e p\u0159i odstoupen\u00ed kon\u010d\u00ed definitivn\u011b.[\/vc_column_text][vc_column_text]<\/p>\n<h4>Supermaratonsk\u00e1 etapa<\/h4>\n<p>Sou\u010d\u00e1st\u00ed Dakaru 2020 bude tradi\u010dn\u00ed dvoudenn\u00ed maratonsk\u00e1 etapa, v jej\u00edm\u017e r\u00e1mci se sout\u011b\u017en\u00ed pos\u00e1dky mus\u00ed po prvn\u00edm dnu v uzav\u0159en\u00e9m bivaku obej\u00edt bez pomoci mechanik\u016f a z\u00e1zem\u00ed sv\u00fdch t\u00fdm\u016f.<\/p>\n<p>Krom\u011b toho \u010dek\u00e1 motocyklisty a \u010dty\u0159kolk\u00e1\u0159e je\u0161t\u011b tzv. supermaratonsk\u00e1 etapa. Do programu rally bude za\u0159azena jindy ne\u017e \u201eklasick\u00e1\u201c maratonsk\u00e1 etapa a tak\u00e9 v tomto p\u0159\u00edpad\u011b p\u016fjde o dvoudenn\u00ed z\u00e1le\u017eitost. Motocyklist\u00e9 doraz\u00ed do klasick\u00e9ho bivaku a osobn\u011b budou moci p\u0159es noc vyu\u017e\u00edt t\u00fdmov\u00e9ho z\u00e1zem\u00ed, ov\u0161em na sv\u00fdch stroj\u00edch budou sm\u011bt pracovat jen deset minut po dojezdu. N\u00e1sledn\u011b p\u0159edaj\u00ed techniku do uzav\u0159en\u00e9ho parkovi\u0161t\u011b, odkud si ji vyzvednou a\u017e dal\u0161\u00ed den p\u0159ed startem n\u00e1sleduj\u00edc\u00ed etapy.[\/vc_column_text][vc_single_image image=&#8221;5744&#8243; img_size=&#8221;large&#8221; add_caption=&#8221;yes&#8221; alignment=&#8221;center&#8221;][vc_column_text]<\/p>\n<h4>Za stejn\u00e9 pen\u00edze v\u00edce muziky<\/h4>\n<p>Z pohledu t\u00fdm\u016f jsou jist\u011b zaj\u00edmav\u00e9 informace ohledn\u011b startovn\u00e9ho, kter\u00e9 se nebude zvy\u0161ovat. Nov\u011b bude pokr\u00fdvat kompletn\u00ed n\u00e1klady sout\u011b\u017en\u00edch voz\u016f na pohonn\u00e9 hmoty, tzn. t\u00fdmy budou m\u00edt palivo b\u011bhem rally zdarma.<\/p>\n<p>Nezanedbateln\u00e1 zm\u011bna se t\u00fdk\u00e1 tak\u00e9 zdravotn\u00edho poji\u0161t\u011bn\u00ed. V p\u0159\u00edpad\u011b pot\u0159eby budou v jeho r\u00e1mci \u00fa\u010dastn\u00edk\u016fm nov\u011b hrazeny v\u00fdlohy a\u017e do v\u00fd\u0161e t\u0159icet tis\u00edc eur nam\u00edsto dosavadn\u00edch \u010dty\u0159 a p\u016fl tis\u00edc. T\u00fdmy si tak nemus\u00ed hradit dal\u0161\u00ed zdravotn\u00ed poji\u0161t\u011bn\u00ed, co\u017e dosud v\u011bt\u0161inou \u010dinily. V d\u016fsledku jde tedy o dal\u0161\u00ed \u00fasporu.<\/p>\n<p>A\u010dkoliv to m\u016f\u017ee v souvislosti se spole\u010densk\u00fdmi pom\u011bry panuj\u00edc\u00edmi v hostitelsk\u00e9 Sa\u00fadsk\u00e9 Ar\u00e1bii p\u016fsobit a\u017e paradoxn\u011b, A.S.O. se sna\u017e\u00ed p\u0159il\u00e1kat na start dal\u0161\u00ed z\u00e1vodnice a zv\u00fdhodn\u00ed je. \u010ctvrtinu na startovn\u00e9m u\u0161et\u0159\u00ed debutuj\u00edc\u00ed motocyklistky a \u010dty\u0159kolk\u00e1\u0159ky, stejn\u011b jako d\u00e1msk\u00e9 pos\u00e1dky v dal\u0161\u00edch kategori\u00edch. I v jejich p\u0159\u00edpad\u011b ale plat\u00ed, \u017ee pilotka mus\u00ed jet Dakar poprv\u00e9.<\/p>\n<p>Jist\u00e9 finan\u010dn\u00ed \u00falevy jsou p\u0159ipraveny i pro motork\u00e1\u0159e, quadisty a nov\u00e1\u010dky obecn\u011b.[\/vc_column_text][vc_column_text css=&#8221;.vc_custom_1558743163512{padding-top: 5px !important;padding-right: 20px !important;padding-bottom: 20px !important;padding-left: 20px !important;background-color: #dbd9d9 !important;}&#8221;]<span style=\"text-decoration: underline;\"><strong>V\u00edce k t\u00e9matu:<\/strong><\/span><\/p>\n<h3 style=\"text-align: center;\"><a href=\"\/index.php\/2019\/04\/25\/dakar-2020-9000-kilometru\/\">Dakar 2020: 9000 kilometr\u016f v pou\u0161ti i hor\u00e1ch<\/a><\/h3>\n<p>[\/vc_column_text][vc_column_text]<\/p>\n<h4>Nalod\u011bn\u00ed a\u017e v prosinci<\/h4>\n<p>Zat\u00edmco do Ji\u017en\u00ed Ameriky odplouvala technika z Normandie u\u017e koncem listopadu, do Sa\u00fadsk\u00e9 Ar\u00e1bie bude z Ji\u017en\u00ed Francie vyr\u00e1\u017eet o n\u011bco pozd\u011bji. Nalod\u011bn\u00ed prob\u011bhne prvn\u00ed prosincov\u00fd t\u00fdden v Marseille, p\u0159\u00edpadn\u011b v Toulonu. Z p\u0159\u00edstavu v D\u017eidd\u011b si t\u00fdmy vyzvednou z\u00e1vodn\u00ed a doprovodn\u00e9 stroje 1. a 2. ledna.<\/p>\n<p>Organiz\u00e1to\u0159i jsou ale p\u0159ipraveni pomoci s p\u0159epravou i z jin\u00fdch destinac\u00ed, co\u017e se t\u00fdk\u00e1 hlavn\u011b t\u00fdm\u016f, pro kter\u00e9 by cesta do Francie p\u0159edstavovala zbyte\u010dn\u011b dlouhou zaj\u00ed\u017e\u010fku.<\/p>\n<h4>Jin\u00fd kraj, jin\u00fd mrav<\/h4>\n<p>O pom\u011brech v Sa\u00fadsk\u00e9 Ar\u00e1bii bylo od zve\u0159ejn\u011bn\u00ed informac\u00ed o p\u0159esunu Dakaru do t\u00e9to zem\u011b naps\u00e1no ji\u017e mnoh\u00e9. Pro zaji\u0161t\u011bn\u00ed osobn\u00ed bezpe\u010dnosti budou muset \u00fa\u010dastn\u00edci rally n\u011bkter\u00e1 na\u0159\u00edzen\u00ed dodr\u017eet striktn\u011b. V zemi plat\u00ed bez v\u00fdjimky z\u00e1kaz importu a konzumace alkoholu. Dr\u017een\u00ed a konzumace drog se trest\u00e1 smrt\u00ed.[\/vc_column_text][vc_single_image image=&#8221;6850&#8243; img_size=&#8221;large&#8221; add_caption=&#8221;yes&#8221; alignment=&#8221;center&#8221;][vc_column_text]<\/p>\n<h4>N\u00e1vrat ke ko\u0159en\u016fm<\/h4>\n<p>Erv\u00edn Kraj\u010dovi\u010d (Moto Racing Group), <a href=\"\/index.php\/osobnosti\/tomas-ourednicek\/\">Tom\u00e1\u0161 Ou\u0159edn\u00ed\u010dek<\/a> a <a href=\"\/index.php\/osobnosti\/ales-loprais\/\">Ale\u0161 Loprais<\/a>, kte\u0159\u00ed se s DAKAR MANI\u00cd pod\u011blili o informace a osobn\u00ed dojmy z var\u0161avsk\u00e9ho semin\u00e1\u0159e, se vz\u00e1cn\u011b shoduj\u00ed: kroky, kter\u00e9 chce Caster\u016fv t\u00fdm podniknout, m\u00ed\u0159\u00ed spr\u00e1vn\u00fdm sm\u011brem a pokud se jich alespo\u0148 v\u011bt\u0161inu poda\u0159\u00ed realizovat, mohl by se arabsk\u00fd Dakar po sportovn\u00ed str\u00e1nce hodn\u011b p\u0159ibl\u00ed\u017eit n\u011bkdej\u0161\u00edm africk\u00fdm ro\u010dn\u00edk\u016fm.<\/p>\n<p>Rok 2020 nav\u00edc znamen\u00e1 \u201ejen\u201c po\u010d\u00e1tek nov\u00e9 \u00e9ry. Na dal\u0161\u00ed novinky se m\u016f\u017eeme t\u011b\u0161it i v n\u00e1sleduj\u00edc\u00edch letech.[\/vc_column_text][\/vc_column][\/vc_row]<\/p>\n","protected":false},"excerpt":{"rendered":"<p>[vc_row][vc_column][vc_column_text] St\u011bhov\u00e1n\u00edm do Sa\u00fadsk\u00e9 Ar\u00e1bie a jmenov\u00e1n\u00edm Davida Castery nov\u00fdm \u0159editelem z\u00e1sadn\u00ed prom\u011bna Rally Dakar rozhodn\u011b nekon\u010d\u00ed. T\u00fdm, jen\u017e si respektovan\u00fd b\u00fdval\u00fd motocyklista a navig\u00e1tor sestavil, napl\u00e1noval \u0159adu krok\u016f, kter\u00e9 maj\u00ed p\u0159isp\u011bt k dal\u0161\u00edmu zatraktivn\u011bn\u00ed z\u00e1vodu. Po prvn\u00edm setk\u00e1n\u00ed po\u0159adatel\u016f dakarsk\u00e9 rally s jej\u00edmi \u00fa\u010dastn\u00edky, kter\u00e9 prob\u011bhlo minul\u00fd t\u00fdden v Pa\u0159\u00ed\u017ei, se stejn\u00fd semin\u00e1\u0159 ur\u010den\u00fd [&hellip;]<\/p>\n","protected":false},"author":1,"featured_media":2082,"comment_status":"closed","ping_status":"closed","sticky":false,"template":"","format":"standard","meta":{"footnotes":""},"categories":[251],"tags":[903,8,159],"class_list":["post-6846","post","type-post","status-publish","format-standard","has-post-thumbnail","hentry","category-dakar-2020","tag-903","tag-dakar","tag-dakar-2020"],"yoast_head":"<!-- This site is optimized with the Yoast SEO plugin v24.9 - https:\/\/yoast.com\/wordpress\/plugins\/seo\/ -->\n<title>Dakar 2020: Roadbook a\u017e p\u0159ed startem, \u017eol\u00edci a supermaraton - DAKARMANIA.cz<\/title>\n<meta name=\"description\" content=\"St\u011bhov\u00e1n\u00edm do Sa\u00fadsk\u00e9 Ar\u00e1bie a jmenov\u00e1n\u00edm Davida Castery nov\u00fdm \u0159editelem sout\u011b\u017ee z\u00e1sadn\u00ed prom\u011bna Rally Dakar rozhodn\u011b nekon\u010d\u00ed.\" \/>\n<meta name=\"robots\" content=\"index, follow, max-snippet:-1, max-image-preview:large, max-video-preview:-1\" \/>\n<link rel=\"canonical\" href=\"https:\/\/www.dakarmania.cz\/index.php\/2019\/05\/25\/dakar-2020-roadbook-zolici-supermaraton\/\" \/>\n<meta property=\"og:locale\" content=\"cs_CZ\" \/>\n<meta property=\"og:type\" content=\"article\" \/>\n<meta property=\"og:title\" content=\"Dakar 2020: Roadbook a\u017e p\u0159ed startem, \u017eol\u00edci a supermaraton - DAKARMANIA.cz\" \/>\n<meta property=\"og:description\" content=\"St\u011bhov\u00e1n\u00edm do Sa\u00fadsk\u00e9 Ar\u00e1bie a jmenov\u00e1n\u00edm Davida Castery nov\u00fdm \u0159editelem sout\u011b\u017ee z\u00e1sadn\u00ed prom\u011bna Rally Dakar rozhodn\u011b nekon\u010d\u00ed.\" \/>\n<meta property=\"og:url\" content=\"https:\/\/www.dakarmania.cz\/index.php\/2019\/05\/25\/dakar-2020-roadbook-zolici-supermaraton\/\" \/>\n<meta property=\"og:site_name\" content=\"DAKARMANIA.cz\" \/>\n<meta property=\"article:publisher\" content=\"https:\/\/www.facebook.com\/dakarmania\/\" \/>\n<meta property=\"article:published_time\" content=\"2019-05-25T00:00:30+00:00\" \/>\n<meta property=\"article:modified_time\" content=\"2024-01-05T10:27:27+00:00\" \/>\n<meta property=\"og:image\" content=\"https:\/\/www.dakarmania.cz\/wp-content\/uploads\/2019\/01\/19-dakar-al-attiyah05.jpg\" \/>\n\t<meta property=\"og:image:width\" content=\"2048\" \/>\n\t<meta property=\"og:image:height\" content=\"1365\" \/>\n\t<meta property=\"og:image:type\" content=\"image\/jpeg\" \/>\n<meta name=\"author\" content=\"Zden\u011bk Zelenka\" \/>\n<meta name=\"twitter:card\" content=\"summary_large_image\" \/>\n<meta name=\"twitter:label1\" content=\"Napsal(a)\" \/>\n\t<meta name=\"twitter:data1\" content=\"Zden\u011bk Zelenka\" \/>\n\t<meta name=\"twitter:label2\" content=\"Odhadovan\u00e1 doba \u010dten\u00ed\" \/>\n\t<meta name=\"twitter:data2\" content=\"7 minut\" \/>\n<script type=\"application\/ld+json\" class=\"yoast-schema-graph\">{\"@context\":\"https:\/\/schema.org\",\"@graph\":[{\"@type\":\"Article\",\"@id\":\"https:\/\/www.dakarmania.cz\/index.php\/2019\/05\/25\/dakar-2020-roadbook-zolici-supermaraton\/#article\",\"isPartOf\":{\"@id\":\"https:\/\/www.dakarmania.cz\/index.php\/2019\/05\/25\/dakar-2020-roadbook-zolici-supermaraton\/\"},\"author\":{\"name\":\"Zden\u011bk Zelenka\",\"@id\":\"https:\/\/www.dakarmania.cz\/#\/schema\/person\/04eb0e87a389631c2169c0dddae7ff1e\"},\"headline\":\"Dakar 2020: Roadbook a\u017e p\u0159ed startem, \u017eol\u00edci a supermaraton\",\"datePublished\":\"2019-05-25T00:00:30+00:00\",\"dateModified\":\"2024-01-05T10:27:27+00:00\",\"mainEntityOfPage\":{\"@id\":\"https:\/\/www.dakarmania.cz\/index.php\/2019\/05\/25\/dakar-2020-roadbook-zolici-supermaraton\/\"},\"wordCount\":1655,\"publisher\":{\"@id\":\"https:\/\/www.dakarmania.cz\/#organization\"},\"image\":{\"@id\":\"https:\/\/www.dakarmania.cz\/index.php\/2019\/05\/25\/dakar-2020-roadbook-zolici-supermaraton\/#primaryimage\"},\"thumbnailUrl\":\"https:\/\/www.dakarmania.cz\/wp-content\/uploads\/2019\/01\/19-dakar-al-attiyah05.jpg\",\"keywords\":[\"2020\",\"Dakar\",\"Dakar 2020\"],\"articleSection\":[\"Dakar 2020\"],\"inLanguage\":\"cs\"},{\"@type\":\"WebPage\",\"@id\":\"https:\/\/www.dakarmania.cz\/index.php\/2019\/05\/25\/dakar-2020-roadbook-zolici-supermaraton\/\",\"url\":\"https:\/\/www.dakarmania.cz\/index.php\/2019\/05\/25\/dakar-2020-roadbook-zolici-supermaraton\/\",\"name\":\"Dakar 2020: Roadbook a\u017e p\u0159ed startem, \u017eol\u00edci a supermaraton - DAKARMANIA.cz\",\"isPartOf\":{\"@id\":\"https:\/\/www.dakarmania.cz\/#website\"},\"primaryImageOfPage\":{\"@id\":\"https:\/\/www.dakarmania.cz\/index.php\/2019\/05\/25\/dakar-2020-roadbook-zolici-supermaraton\/#primaryimage\"},\"image\":{\"@id\":\"https:\/\/www.dakarmania.cz\/index.php\/2019\/05\/25\/dakar-2020-roadbook-zolici-supermaraton\/#primaryimage\"},\"thumbnailUrl\":\"https:\/\/www.dakarmania.cz\/wp-content\/uploads\/2019\/01\/19-dakar-al-attiyah05.jpg\",\"datePublished\":\"2019-05-25T00:00:30+00:00\",\"dateModified\":\"2024-01-05T10:27:27+00:00\",\"description\":\"St\u011bhov\u00e1n\u00edm do Sa\u00fadsk\u00e9 Ar\u00e1bie a jmenov\u00e1n\u00edm Davida Castery nov\u00fdm \u0159editelem sout\u011b\u017ee z\u00e1sadn\u00ed prom\u011bna Rally Dakar rozhodn\u011b nekon\u010d\u00ed.\",\"breadcrumb\":{\"@id\":\"https:\/\/www.dakarmania.cz\/index.php\/2019\/05\/25\/dakar-2020-roadbook-zolici-supermaraton\/#breadcrumb\"},\"inLanguage\":\"cs\",\"potentialAction\":[{\"@type\":\"ReadAction\",\"target\":[\"https:\/\/www.dakarmania.cz\/index.php\/2019\/05\/25\/dakar-2020-roadbook-zolici-supermaraton\/\"]}]},{\"@type\":\"ImageObject\",\"inLanguage\":\"cs\",\"@id\":\"https:\/\/www.dakarmania.cz\/index.php\/2019\/05\/25\/dakar-2020-roadbook-zolici-supermaraton\/#primaryimage\",\"url\":\"https:\/\/www.dakarmania.cz\/wp-content\/uploads\/2019\/01\/19-dakar-al-attiyah05.jpg\",\"contentUrl\":\"https:\/\/www.dakarmania.cz\/wp-content\/uploads\/2019\/01\/19-dakar-al-attiyah05.jpg\",\"width\":2048,\"height\":1365,\"caption\":\"Nasser Al-Attiyah\/Mathieu Baumel, Toyota Hilux, Toyota Gazoo Racing SA. \u00a9 Red Bull Content Pool\"},{\"@type\":\"BreadcrumbList\",\"@id\":\"https:\/\/www.dakarmania.cz\/index.php\/2019\/05\/25\/dakar-2020-roadbook-zolici-supermaraton\/#breadcrumb\",\"itemListElement\":[{\"@type\":\"ListItem\",\"position\":1,\"name\":\"Dom\u016f\",\"item\":\"https:\/\/www.dakarmania.cz\/\"},{\"@type\":\"ListItem\",\"position\":2,\"name\":\"Dakar 2020: Roadbook a\u017e p\u0159ed startem, \u017eol\u00edci a supermaraton\"}]},{\"@type\":\"WebSite\",\"@id\":\"https:\/\/www.dakarmania.cz\/#website\",\"url\":\"https:\/\/www.dakarmania.cz\/\",\"name\":\"DAKARMANIA.cz\",\"description\":\"\u017dijeme Dakarem cel\u00fd rok\",\"publisher\":{\"@id\":\"https:\/\/www.dakarmania.cz\/#organization\"},\"potentialAction\":[{\"@type\":\"SearchAction\",\"target\":{\"@type\":\"EntryPoint\",\"urlTemplate\":\"https:\/\/www.dakarmania.cz\/?s={search_term_string}\"},\"query-input\":{\"@type\":\"PropertyValueSpecification\",\"valueRequired\":true,\"valueName\":\"search_term_string\"}}],\"inLanguage\":\"cs\"},{\"@type\":\"Organization\",\"@id\":\"https:\/\/www.dakarmania.cz\/#organization\",\"name\":\"DAKAR MANIA\",\"url\":\"https:\/\/www.dakarmania.cz\/\",\"logo\":{\"@type\":\"ImageObject\",\"inLanguage\":\"cs\",\"@id\":\"https:\/\/www.dakarmania.cz\/#\/schema\/logo\/image\/\",\"url\":\"https:\/\/www.dakarmania.cz\/wp-content\/uploads\/2018\/12\/Dakar-Mania-Logo-Square-Orange.png\",\"contentUrl\":\"https:\/\/www.dakarmania.cz\/wp-content\/uploads\/2018\/12\/Dakar-Mania-Logo-Square-Orange.png\",\"width\":992,\"height\":992,\"caption\":\"DAKAR MANIA\"},\"image\":{\"@id\":\"https:\/\/www.dakarmania.cz\/#\/schema\/logo\/image\/\"},\"sameAs\":[\"https:\/\/www.facebook.com\/dakarmania\/\"]},{\"@type\":\"Person\",\"@id\":\"https:\/\/www.dakarmania.cz\/#\/schema\/person\/04eb0e87a389631c2169c0dddae7ff1e\",\"name\":\"Zden\u011bk Zelenka\",\"image\":{\"@type\":\"ImageObject\",\"inLanguage\":\"cs\",\"@id\":\"https:\/\/www.dakarmania.cz\/#\/schema\/person\/image\/\",\"url\":\"https:\/\/secure.gravatar.com\/avatar\/2c80d5a4942fe0900b73cc7d3837a509d6ee0a276a2b76dac95c92bd0763a89b?s=96&d=mm&r=g\",\"contentUrl\":\"https:\/\/secure.gravatar.com\/avatar\/2c80d5a4942fe0900b73cc7d3837a509d6ee0a276a2b76dac95c92bd0763a89b?s=96&d=mm&r=g\",\"caption\":\"Zden\u011bk Zelenka\"},\"description\":\"Moji d\u011bt\u0161t\u00ed hrdinov\u00e9 se jmenovali Loprais, Moskal, Neveu, Vatanen, Rahier... A tihle borci, jejich n\u00e1sledovn\u00edci a jejich p\u0159\u00edb\u011bhy m\u011b nep\u0159estali fascinovat ani po letech, kdy jsem vyrostl a zam\u011bstn\u00e1valy m\u011b jin\u00e9 discipl\u00edny motorsportu. Proto se zrodila DAKARMANIA.\",\"url\":\"https:\/\/www.dakarmania.cz\/index.php\/author\/dakarmania\/\"}]}<\/script>\n<!-- \/ Yoast SEO plugin. -->","yoast_head_json":{"title":"Dakar 2020: Roadbook a\u017e p\u0159ed startem, \u017eol\u00edci a supermaraton - DAKARMANIA.cz","description":"St\u011bhov\u00e1n\u00edm do Sa\u00fadsk\u00e9 Ar\u00e1bie a jmenov\u00e1n\u00edm Davida Castery nov\u00fdm \u0159editelem sout\u011b\u017ee z\u00e1sadn\u00ed prom\u011bna Rally Dakar rozhodn\u011b nekon\u010d\u00ed.","robots":{"index":"index","follow":"follow","max-snippet":"max-snippet:-1","max-image-preview":"max-image-preview:large","max-video-preview":"max-video-preview:-1"},"canonical":"https:\/\/www.dakarmania.cz\/index.php\/2019\/05\/25\/dakar-2020-roadbook-zolici-supermaraton\/","og_locale":"cs_CZ","og_type":"article","og_title":"Dakar 2020: Roadbook a\u017e p\u0159ed startem, \u017eol\u00edci a supermaraton - DAKARMANIA.cz","og_description":"St\u011bhov\u00e1n\u00edm do Sa\u00fadsk\u00e9 Ar\u00e1bie a jmenov\u00e1n\u00edm Davida Castery nov\u00fdm \u0159editelem sout\u011b\u017ee z\u00e1sadn\u00ed prom\u011bna Rally Dakar rozhodn\u011b nekon\u010d\u00ed.","og_url":"https:\/\/www.dakarmania.cz\/index.php\/2019\/05\/25\/dakar-2020-roadbook-zolici-supermaraton\/","og_site_name":"DAKARMANIA.cz","article_publisher":"https:\/\/www.facebook.com\/dakarmania\/","article_published_time":"2019-05-25T00:00:30+00:00","article_modified_time":"2024-01-05T10:27:27+00:00","og_image":[{"width":2048,"height":1365,"url":"https:\/\/www.dakarmania.cz\/wp-content\/uploads\/2019\/01\/19-dakar-al-attiyah05.jpg","type":"image\/jpeg"}],"author":"Zden\u011bk Zelenka","twitter_card":"summary_large_image","twitter_misc":{"Napsal(a)":"Zden\u011bk Zelenka","Odhadovan\u00e1 doba \u010dten\u00ed":"7 minut"},"schema":{"@context":"https:\/\/schema.org","@graph":[{"@type":"Article","@id":"https:\/\/www.dakarmania.cz\/index.php\/2019\/05\/25\/dakar-2020-roadbook-zolici-supermaraton\/#article","isPartOf":{"@id":"https:\/\/www.dakarmania.cz\/index.php\/2019\/05\/25\/dakar-2020-roadbook-zolici-supermaraton\/"},"author":{"name":"Zden\u011bk Zelenka","@id":"https:\/\/www.dakarmania.cz\/#\/schema\/person\/04eb0e87a389631c2169c0dddae7ff1e"},"headline":"Dakar 2020: Roadbook a\u017e p\u0159ed startem, \u017eol\u00edci a supermaraton","datePublished":"2019-05-25T00:00:30+00:00","dateModified":"2024-01-05T10:27:27+00:00","mainEntityOfPage":{"@id":"https:\/\/www.dakarmania.cz\/index.php\/2019\/05\/25\/dakar-2020-roadbook-zolici-supermaraton\/"},"wordCount":1655,"publisher":{"@id":"https:\/\/www.dakarmania.cz\/#organization"},"image":{"@id":"https:\/\/www.dakarmania.cz\/index.php\/2019\/05\/25\/dakar-2020-roadbook-zolici-supermaraton\/#primaryimage"},"thumbnailUrl":"https:\/\/www.dakarmania.cz\/wp-content\/uploads\/2019\/01\/19-dakar-al-attiyah05.jpg","keywords":["2020","Dakar","Dakar 2020"],"articleSection":["Dakar 2020"],"inLanguage":"cs"},{"@type":"WebPage","@id":"https:\/\/www.dakarmania.cz\/index.php\/2019\/05\/25\/dakar-2020-roadbook-zolici-supermaraton\/","url":"https:\/\/www.dakarmania.cz\/index.php\/2019\/05\/25\/dakar-2020-roadbook-zolici-supermaraton\/","name":"Dakar 2020: Roadbook a\u017e p\u0159ed startem, \u017eol\u00edci a supermaraton - DAKARMANIA.cz","isPartOf":{"@id":"https:\/\/www.dakarmania.cz\/#website"},"primaryImageOfPage":{"@id":"https:\/\/www.dakarmania.cz\/index.php\/2019\/05\/25\/dakar-2020-roadbook-zolici-supermaraton\/#primaryimage"},"image":{"@id":"https:\/\/www.dakarmania.cz\/index.php\/2019\/05\/25\/dakar-2020-roadbook-zolici-supermaraton\/#primaryimage"},"thumbnailUrl":"https:\/\/www.dakarmania.cz\/wp-content\/uploads\/2019\/01\/19-dakar-al-attiyah05.jpg","datePublished":"2019-05-25T00:00:30+00:00","dateModified":"2024-01-05T10:27:27+00:00","description":"St\u011bhov\u00e1n\u00edm do Sa\u00fadsk\u00e9 Ar\u00e1bie a jmenov\u00e1n\u00edm Davida Castery nov\u00fdm \u0159editelem sout\u011b\u017ee z\u00e1sadn\u00ed prom\u011bna Rally Dakar rozhodn\u011b nekon\u010d\u00ed.","breadcrumb":{"@id":"https:\/\/www.dakarmania.cz\/index.php\/2019\/05\/25\/dakar-2020-roadbook-zolici-supermaraton\/#breadcrumb"},"inLanguage":"cs","potentialAction":[{"@type":"ReadAction","target":["https:\/\/www.dakarmania.cz\/index.php\/2019\/05\/25\/dakar-2020-roadbook-zolici-supermaraton\/"]}]},{"@type":"ImageObject","inLanguage":"cs","@id":"https:\/\/www.dakarmania.cz\/index.php\/2019\/05\/25\/dakar-2020-roadbook-zolici-supermaraton\/#primaryimage","url":"https:\/\/www.dakarmania.cz\/wp-content\/uploads\/2019\/01\/19-dakar-al-attiyah05.jpg","contentUrl":"https:\/\/www.dakarmania.cz\/wp-content\/uploads\/2019\/01\/19-dakar-al-attiyah05.jpg","width":2048,"height":1365,"caption":"Nasser Al-Attiyah\/Mathieu Baumel, Toyota Hilux, Toyota Gazoo Racing SA. \u00a9 Red Bull Content Pool"},{"@type":"BreadcrumbList","@id":"https:\/\/www.dakarmania.cz\/index.php\/2019\/05\/25\/dakar-2020-roadbook-zolici-supermaraton\/#breadcrumb","itemListElement":[{"@type":"ListItem","position":1,"name":"Dom\u016f","item":"https:\/\/www.dakarmania.cz\/"},{"@type":"ListItem","position":2,"name":"Dakar 2020: Roadbook a\u017e p\u0159ed startem, \u017eol\u00edci a supermaraton"}]},{"@type":"WebSite","@id":"https:\/\/www.dakarmania.cz\/#website","url":"https:\/\/www.dakarmania.cz\/","name":"DAKARMANIA.cz","description":"\u017dijeme Dakarem cel\u00fd rok","publisher":{"@id":"https:\/\/www.dakarmania.cz\/#organization"},"potentialAction":[{"@type":"SearchAction","target":{"@type":"EntryPoint","urlTemplate":"https:\/\/www.dakarmania.cz\/?s={search_term_string}"},"query-input":{"@type":"PropertyValueSpecification","valueRequired":true,"valueName":"search_term_string"}}],"inLanguage":"cs"},{"@type":"Organization","@id":"https:\/\/www.dakarmania.cz\/#organization","name":"DAKAR MANIA","url":"https:\/\/www.dakarmania.cz\/","logo":{"@type":"ImageObject","inLanguage":"cs","@id":"https:\/\/www.dakarmania.cz\/#\/schema\/logo\/image\/","url":"https:\/\/www.dakarmania.cz\/wp-content\/uploads\/2018\/12\/Dakar-Mania-Logo-Square-Orange.png","contentUrl":"https:\/\/www.dakarmania.cz\/wp-content\/uploads\/2018\/12\/Dakar-Mania-Logo-Square-Orange.png","width":992,"height":992,"caption":"DAKAR MANIA"},"image":{"@id":"https:\/\/www.dakarmania.cz\/#\/schema\/logo\/image\/"},"sameAs":["https:\/\/www.facebook.com\/dakarmania\/"]},{"@type":"Person","@id":"https:\/\/www.dakarmania.cz\/#\/schema\/person\/04eb0e87a389631c2169c0dddae7ff1e","name":"Zden\u011bk Zelenka","image":{"@type":"ImageObject","inLanguage":"cs","@id":"https:\/\/www.dakarmania.cz\/#\/schema\/person\/image\/","url":"https:\/\/secure.gravatar.com\/avatar\/2c80d5a4942fe0900b73cc7d3837a509d6ee0a276a2b76dac95c92bd0763a89b?s=96&d=mm&r=g","contentUrl":"https:\/\/secure.gravatar.com\/avatar\/2c80d5a4942fe0900b73cc7d3837a509d6ee0a276a2b76dac95c92bd0763a89b?s=96&d=mm&r=g","caption":"Zden\u011bk Zelenka"},"description":"Moji d\u011bt\u0161t\u00ed hrdinov\u00e9 se jmenovali Loprais, Moskal, Neveu, Vatanen, Rahier... A tihle borci, jejich n\u00e1sledovn\u00edci a jejich p\u0159\u00edb\u011bhy m\u011b nep\u0159estali fascinovat ani po letech, kdy jsem vyrostl a zam\u011bstn\u00e1valy m\u011b jin\u00e9 discipl\u00edny motorsportu. Proto se zrodila DAKARMANIA.","url":"https:\/\/www.dakarmania.cz\/index.php\/author\/dakarmania\/"}]}},"amp_enabled":true,"_links":{"self":[{"href":"https:\/\/www.dakarmania.cz\/index.php\/wp-json\/wp\/v2\/posts\/6846","targetHints":{"allow":["GET"]}}],"collection":[{"href":"https:\/\/www.dakarmania.cz\/index.php\/wp-json\/wp\/v2\/posts"}],"about":[{"href":"https:\/\/www.dakarmania.cz\/index.php\/wp-json\/wp\/v2\/types\/post"}],"author":[{"embeddable":true,"href":"https:\/\/www.dakarmania.cz\/index.php\/wp-json\/wp\/v2\/users\/1"}],"replies":[{"embeddable":true,"href":"https:\/\/www.dakarmania.cz\/index.php\/wp-json\/wp\/v2\/comments?post=6846"}],"version-history":[{"count":6,"href":"https:\/\/www.dakarmania.cz\/index.php\/wp-json\/wp\/v2\/posts\/6846\/revisions"}],"predecessor-version":[{"id":6855,"href":"https:\/\/www.dakarmania.cz\/index.php\/wp-json\/wp\/v2\/posts\/6846\/revisions\/6855"}],"wp:featuredmedia":[{"embeddable":true,"href":"https:\/\/www.dakarmania.cz\/index.php\/wp-json\/wp\/v2\/media\/2082"}],"wp:attachment":[{"href":"https:\/\/www.dakarmania.cz\/index.php\/wp-json\/wp\/v2\/media?parent=6846"}],"wp:term":[{"taxonomy":"category","embeddable":true,"href":"https:\/\/www.dakarmania.cz\/index.php\/wp-json\/wp\/v2\/categories?post=6846"},{"taxonomy":"post_tag","embeddable":true,"href":"https:\/\/www.dakarmania.cz\/index.php\/wp-json\/wp\/v2\/tags?post=6846"}],"curies":[{"name":"wp","href":"https:\/\/api.w.org\/{rel}","templated":true}]}}