{"id":6933,"date":"2019-05-28T17:20:14","date_gmt":"2019-05-28T15:20:14","guid":{"rendered":"https:\/\/www.dakarmania.cz\/?p=6933"},"modified":"2019-06-12T16:22:19","modified_gmt":"2019-06-12T14:22:19","slug":"engel-vybojoval-na-hellasu-stribro","status":"publish","type":"post","link":"https:\/\/www.dakarmania.cz\/index.php\/2019\/05\/28\/engel-vybojoval-na-hellasu-stribro\/","title":{"rendered":"Skv\u011bl\u00e1 premi\u00e9ra: Engel vybojoval na Hellasu st\u0159\u00edbro"},"content":{"rendered":"<p>[vc_row][vc_column][vc_column_text]<\/p>\n<h4>Milan Engel se letos veze na vln\u011b \u00fasp\u011bchu. V lednu se bl\u00fdskl patn\u00e1ct\u00fdm m\u00edstem na Dakaru a v\u00fdborn\u011b si po\u010d\u00ednal tak\u00e9 minul\u00fd t\u00fdden na Hellas Rally. P\u0159i prvn\u00edm startu na \u0159eck\u00e9 sout\u011b\u017ei proh\u00e1n\u011bl specialisty na evropsk\u00e9 \u201etout terrain\u201c z\u00e1vody. V c\u00edli se radoval z v\u00edt\u011bzstv\u00ed ve t\u0159\u00edd\u011b a druh\u00e9ho m\u00edsta absolutn\u011b.<\/h4>\n<p>Z\u00e1vody \u201etout terrain\u201c sv\u00fdm zp\u016fsobem kombinuj\u00ed prvky d\u00e1lkov\u00fdch rally a endura. Trat\u011b m\u00edvaj\u00ed \u010dasto sp\u00ed\u0161e endurov\u00fd charakter, ale jede se podle roadbooku jako p\u0159i maratonech. Hellas Rally byla druh\u00fdm podnikem leto\u0161n\u00edho evropsk\u00e9ho poh\u00e1ru a na startu se se\u0161lo 171 motocyklist\u016f a \u010dty\u0159kolk\u00e1\u0159\u016f.<\/p>\n<p>V okol\u00ed Karpenissi absolvovali \u00fa\u010dastn\u00edci sout\u011b\u017ee b\u011bhem sedmi dn\u016f (20. a\u017e 26. kv\u011btna) na dva tis\u00edce kilometr\u016f s minimem p\u0159ejezd\u016f. V \u0159eck\u00fdch hor\u00e1ch a les\u00edch si museli poradit s n\u00e1ro\u010dn\u00fdmi \u0161otolinov\u00fdmi cestami, pr\u016fjezdy \u0159e\u010di\u0161ti a brody, ale i s velkou nadmo\u0159skou v\u00fd\u0161kou.<\/p>\n<p><em>\u201eByl jsem p\u0159ekvapen\u00fd, jak kamenit\u00e9 to bylo. V\u011bd\u011bl jsem, \u017ee povrch bude tvrd\u00fd, ale ne\u010dekal jsem, \u017ee a\u017e tak moc. Spot\u0159eboval jsem v\u0161echny gumy, kter\u00e9 jsem s sebou vezl. Povrch je doslova se\u017eral,\u201c<\/em> popisuje podm\u00ednky <a href=\"\/index.php\/osobnosti\/milan-engel\/\"><strong>Milan Engel<\/strong><\/a>. <em>\u201eV kopc\u00edch to bylo m\u00edsty docela nebezpe\u010dn\u00e9, proto\u017ee sta\u010dilo, abyste se p\u0159ev\u00e1\u017eili a u\u017e byste byli dole. Proto bylo d\u016fle\u017eit\u00e9 citliv\u00e9 zach\u00e1zen\u00ed s plynem. Ob\u010das se za zat\u00e1\u010dkou objevily na cest\u011b velk\u00e9 kameny, na kter\u00e9 si \u010dlov\u011bk musel d\u00e1vat pozor. Ka\u017edop\u00e1dn\u011b celkov\u011b to byla n\u00e1dhern\u00e1 rally. Hodn\u011b se jelo po klikat\u00fdch trat\u00edch, ale u\u017eili jsme si i rychl\u00e9 pas\u00e1\u017ee, technick\u00e9 v\u00fdjezdy a n\u011bkolikr\u00e1t i pr\u016fjezdy \u0159e\u010di\u0161t\u011bm, kde \u010dlov\u011bk nesm\u011bl ud\u011blat chybu, aby se nevykoupal.\u201c<\/em>[\/vc_column_text][vc_single_image image=&#8221;6931&#8243; img_size=&#8221;large&#8221; add_caption=&#8221;yes&#8221; alignment=&#8221;center&#8221;][vc_column_text]A\u010dkoliv t\u011bsn\u011b p\u0159ed startem museli po\u0159adatel\u00e9 na nejv\u00fd\u0161e polo\u017een\u00fdch m\u00edstech odkl\u00edzet z trati sn\u00edh, celkov\u011b sout\u011b\u017ei po\u010das\u00ed p\u0159\u00e1lo.<\/p>\n<p><em>\u201eSice bylo chladn\u011bji, ale nepr\u0161elo. Jen jeden den trochu mrholilo. D\u00e9\u0161\u0165 by sice trat\u011b z\u00e1sadn\u011b nezm\u011bnil, proto\u017ee po \u0159eck\u00e9 \u0161otolin\u011b voda jen ste\u010de, \u017e\u00e1dn\u00e9 bl\u00e1to se z n\u00ed neud\u011bl\u00e1, ale i tak by to bylo nep\u0159\u00edjemn\u00e9. M\u011bli jsme \u0161t\u011bst\u00ed, proto\u017ee kdy\u017e jsme odj\u00ed\u017ed\u011bli, za\u010dalo pr\u0161et a pr\u0161elo vytrvale,\u201c<\/em> \u0159\u00edk\u00e1 jezdec t\u00fdmu Moto Racing Group.<\/p>\n<p>Milan Engel vyrazil na zku\u0161enou bez mechanika, svou endurovou KTM EXC 450F si servisoval s\u00e1m, a tak byly jeho z\u00e1vodnick\u00e9 dny relativn\u011b dlouh\u00e9: <em>\u201eVst\u00e1vali jsme kolem sedm\u00e9 hodiny a startovali kolem osm\u00e9. V\u011bt\u0161inou jsme se do bivaku vraceli ve t\u0159i nebo ve \u010dty\u0159i odpoledne, ale po nejdel\u0161\u00ed etap\u011b jsem zp\u00e1tky dorazil a\u017e v \u0161est hodin. Pak jsem se v\u011bnoval \u00fadr\u017eb\u011b motorky, \u0161el si vyzvednout roadbook na dal\u0161\u00ed etapu a ve\u010der od sedmi do des\u00edti jsem si ho vybarvoval.\u201c<\/em><\/p>\n<p>V n\u00e1ro\u010dn\u00fdch podm\u00ednk\u00e1ch dostali jezdci zabrat po v\u0161ech str\u00e1nk\u00e1ch.<\/p>\n<p><em>\u201eNejv\u00edc asi bolel zadek, proto\u017ee na klikat\u00fdch trat\u00edch po\u0159\u00e1d sed\u00edte, m\u00e1lokdy si stoupnete do stupa\u010dek. Ale i kdy\u017e se jednalo o n\u00e1ro\u010dnou sout\u011b\u017e, s fyzi\u010dkou jsem probl\u00e9m nem\u011bl. C\u00edtil jsem, \u017ee m\u00e1m formu,\u201c<\/em> pochvaluje si 28let\u00fd z\u00e1vodn\u00edk z Jablonce nad Nisou. <em>\u201e\u0158ekl bych, \u017ee nejv\u00edc dostal zabrat mozek a psychika. Na klikat\u00fdch cest\u00e1ch kop\u00edruj\u00edc\u00edch hory toti\u017e kilometry v\u016fbec neut\u00edkaj\u00ed. A pak taky kv\u016fli navigaci. V\u0161ude byla spousta cest. Proto bylo d\u016fle\u017eit\u00e9, abych v\u017edy zvolil tu spr\u00e1vnou. Kdy\u017e \u010dlov\u011bk jede mezi prvn\u00edmi, mus\u00ed b\u00fdt neust\u00e1le ve st\u0159ehu, aby p\u0159i navigaci neud\u011blal chybu.\u201c<\/em>[\/vc_column_text][vc_single_image image=&#8221;6932&#8243; img_size=&#8221;large&#8221; add_caption=&#8221;yes&#8221; alignment=&#8221;center&#8221;][vc_column_text]A Milan Engel nechyboval. Po cel\u00fdch sedm dn\u00ed jel \u010dist\u011b bez v\u011bt\u0161\u00edho zav\u00e1h\u00e1n\u00ed a od \u00favodn\u00edho prologu bojoval v absolutn\u00ed klasifikaci o medailov\u00e9 pozice. V c\u00edli p\u0159evzal poh\u00e1r za v\u00edt\u011bzstv\u00ed ve t\u0159\u00edd\u011b M3 (400-499 ccm). V posledn\u00ed kr\u00e1tk\u00e9 etap\u011b nav\u00edc dok\u00e1zal smazat dvouminutov\u00fd n\u00e1skok Mattea Cury a na posledn\u00ed chv\u00edli tak Itala p\u0159ipravil o druh\u00e9 m\u00edsto celkov\u011b.<\/p>\n<p><em>\u201eJsem p\u0159esv\u011bd\u010den\u00fd, \u017ee v r\u00e1mci tr\u00e9ninku to byla opravdu dobr\u00e1 rally. Na rozd\u00edl od motokrosu nebo endura, kde se z\u00e1vodn\u00edci potk\u00e1vaj\u00ed se soupe\u0159i ka\u017ed\u00fd t\u00fdden nebo jednou za \u010dtrn\u00e1ct dn\u00ed, nen\u00ed v rally tolik p\u0159\u00edle\u017eitost\u00ed ke konfrontaci. Na Hellasu se se\u0161la kvalitn\u00ed konkurence, prvn\u00edch sedm deset jezdc\u016f bylo ka\u017ed\u00fd den v minut\u011b nebo dvou. Mysl\u00edm, \u017ee to je pro Milana velk\u00e9 povzbuzen\u00ed. Op\u011bt se ujistil, \u017ee na to m\u00e1,\u201c<\/em> hodnot\u00ed \u0161\u00e9f t\u00fdmu MRG <strong>Erv\u00edn Kraj\u010dovi\u010d<\/strong>. <em>\u201ePro m\u011b je nejd\u016fle\u017eit\u011bj\u0161\u00ed, \u017ee to zvl\u00e1dl ve zdrav\u00ed.\u201c<\/em><\/p>\n<p>V n\u00e1sleduj\u00edc\u00edch t\u00fddnech bude Milan Engel p\u0159edev\u0161\u00edm tr\u00e9novat a testovat na dom\u00e1c\u00ed p\u016fd\u011b. Na konci l\u00e9ta a b\u011bhem podzimu pak v r\u00e1mci p\u0159\u00edpravy na Dakar 2020 absolvuje s MRG n\u011bkolik z\u00e1vod\u016f v Evrop\u011b a Africe.[\/vc_column_text][vc_btn title=&#8221;Hellas Rally 2019 &#8211; Kone\u010dn\u00e9 v\u00fdsledky celkov\u011b&#8221; style=&#8221;outline&#8221; color=&#8221;warning&#8221; size=&#8221;sm&#8221; align=&#8221;center&#8221; i_icon_fontawesome=&#8221;fa fa-list-ol&#8221; button_block=&#8221;true&#8221; add_icon=&#8221;true&#8221; link=&#8221;url:%2Fwp-content%2Fuploads%2F2019%2F05%2F19-hellas-final.pdf||target:%20_blank|rel:nofollow&#8221;][vc_btn title=&#8221;Hellas Rally 2019 &#8211; Kone\u010dn\u00e9 v\u00fdsledky FIM Europe&#8221; style=&#8221;outline&#8221; color=&#8221;warning&#8221; size=&#8221;sm&#8221; align=&#8221;center&#8221; i_icon_fontawesome=&#8221;fa fa-list-ol&#8221; button_block=&#8221;true&#8221; add_icon=&#8221;true&#8221; link=&#8221;url:%2Fwp-content%2Fuploads%2F2019%2F05%2F19-hellas-final-fim-europe.pdf||target:%20_blank|rel:nofollow&#8221;][\/vc_column][\/vc_row]<\/p>\n","protected":false},"excerpt":{"rendered":"<p>[vc_row][vc_column][vc_column_text] Milan Engel se letos veze na vln\u011b \u00fasp\u011bchu. V lednu se bl\u00fdskl patn\u00e1ct\u00fdm m\u00edstem na Dakaru a v\u00fdborn\u011b si po\u010d\u00ednal tak\u00e9 minul\u00fd t\u00fdden na Hellas Rally. P\u0159i prvn\u00edm startu na \u0159eck\u00e9 sout\u011b\u017ei proh\u00e1n\u011bl specialisty na evropsk\u00e9 \u201etout terrain\u201c z\u00e1vody. V c\u00edli se radoval z v\u00edt\u011bzstv\u00ed ve t\u0159\u00edd\u011b a druh\u00e9ho m\u00edsta absolutn\u011b. Z\u00e1vody \u201etout terrain\u201c [&hellip;]<\/p>\n","protected":false},"author":1,"featured_media":6930,"comment_status":"open","ping_status":"closed","sticky":false,"template":"","format":"standard","meta":{"footnotes":""},"categories":[15],"tags":[425,109,1105,1106,63,107,75],"class_list":["post-6933","post","type-post","status-publish","format-standard","has-post-thumbnail","hentry","category-moto-quad","tag-425","tag-ervin-krajcovic","tag-hellas-rally","tag-hellas-rally-2019","tag-ktm","tag-milan-engel","tag-mrg"],"yoast_head":"<!-- This site is optimized with the Yoast SEO plugin v24.9 - https:\/\/yoast.com\/wordpress\/plugins\/seo\/ -->\n<title>Skv\u011bl\u00e1 premi\u00e9ra: Engel vybojoval na Hellasu st\u0159\u00edbro - DAKARMANIA.cz<\/title>\n<meta name=\"description\" content=\"Milan Engel se letos veze na vln\u011b \u00fasp\u011bchu. V lednu se bl\u00fdskl patn\u00e1ct\u00fdm m\u00edstem na Dakaru a v\u00fdborn\u011b si po\u010d\u00ednal tak\u00e9 minul\u00fd t\u00fdden na Hellas Rally.\" \/>\n<meta name=\"robots\" content=\"index, follow, max-snippet:-1, max-image-preview:large, max-video-preview:-1\" \/>\n<link rel=\"canonical\" href=\"https:\/\/www.dakarmania.cz\/index.php\/2019\/05\/28\/engel-vybojoval-na-hellasu-stribro\/\" \/>\n<meta property=\"og:locale\" content=\"cs_CZ\" \/>\n<meta property=\"og:type\" content=\"article\" \/>\n<meta property=\"og:title\" content=\"Skv\u011bl\u00e1 premi\u00e9ra: Engel vybojoval na Hellasu st\u0159\u00edbro - DAKARMANIA.cz\" \/>\n<meta property=\"og:description\" content=\"Milan Engel se letos veze na vln\u011b \u00fasp\u011bchu. V lednu se bl\u00fdskl patn\u00e1ct\u00fdm m\u00edstem na Dakaru a v\u00fdborn\u011b si po\u010d\u00ednal tak\u00e9 minul\u00fd t\u00fdden na Hellas Rally.\" \/>\n<meta property=\"og:url\" content=\"https:\/\/www.dakarmania.cz\/index.php\/2019\/05\/28\/engel-vybojoval-na-hellasu-stribro\/\" \/>\n<meta property=\"og:site_name\" content=\"DAKARMANIA.cz\" \/>\n<meta property=\"article:publisher\" content=\"https:\/\/www.facebook.com\/dakarmania\/\" \/>\n<meta property=\"article:published_time\" content=\"2019-05-28T15:20:14+00:00\" \/>\n<meta property=\"article:modified_time\" content=\"2019-06-12T14:22:19+00:00\" \/>\n<meta property=\"og:image\" content=\"https:\/\/www.dakarmania.cz\/wp-content\/uploads\/2019\/05\/19-hellas-engel-01.jpg\" \/>\n\t<meta property=\"og:image:width\" content=\"1600\" \/>\n\t<meta property=\"og:image:height\" content=\"1000\" \/>\n\t<meta property=\"og:image:type\" content=\"image\/jpeg\" \/>\n<meta name=\"author\" content=\"Zden\u011bk Zelenka\" \/>\n<meta name=\"twitter:card\" content=\"summary_large_image\" \/>\n<meta name=\"twitter:label1\" content=\"Napsal(a)\" \/>\n\t<meta name=\"twitter:data1\" content=\"Zden\u011bk Zelenka\" \/>\n\t<meta name=\"twitter:label2\" content=\"Odhadovan\u00e1 doba \u010dten\u00ed\" \/>\n\t<meta name=\"twitter:data2\" content=\"5 minut\" \/>\n<script type=\"application\/ld+json\" class=\"yoast-schema-graph\">{\"@context\":\"https:\/\/schema.org\",\"@graph\":[{\"@type\":\"Article\",\"@id\":\"https:\/\/www.dakarmania.cz\/index.php\/2019\/05\/28\/engel-vybojoval-na-hellasu-stribro\/#article\",\"isPartOf\":{\"@id\":\"https:\/\/www.dakarmania.cz\/index.php\/2019\/05\/28\/engel-vybojoval-na-hellasu-stribro\/\"},\"author\":{\"name\":\"Zden\u011bk Zelenka\",\"@id\":\"https:\/\/www.dakarmania.cz\/#\/schema\/person\/04eb0e87a389631c2169c0dddae7ff1e\"},\"headline\":\"Skv\u011bl\u00e1 premi\u00e9ra: Engel vybojoval na Hellasu st\u0159\u00edbro\",\"datePublished\":\"2019-05-28T15:20:14+00:00\",\"dateModified\":\"2019-06-12T14:22:19+00:00\",\"mainEntityOfPage\":{\"@id\":\"https:\/\/www.dakarmania.cz\/index.php\/2019\/05\/28\/engel-vybojoval-na-hellasu-stribro\/\"},\"wordCount\":1058,\"commentCount\":0,\"publisher\":{\"@id\":\"https:\/\/www.dakarmania.cz\/#organization\"},\"image\":{\"@id\":\"https:\/\/www.dakarmania.cz\/index.php\/2019\/05\/28\/engel-vybojoval-na-hellasu-stribro\/#primaryimage\"},\"thumbnailUrl\":\"https:\/\/www.dakarmania.cz\/wp-content\/uploads\/2019\/05\/19-hellas-engel-01.jpg\",\"keywords\":[\"2019\",\"Erv\u00edn Kraj\u010dovi\u010d\",\"Hellas Rally\",\"Hellas Rally 2019\",\"KTM\",\"Milan Engel\",\"MRG\"],\"articleSection\":[\"Moto\/Quad\"],\"inLanguage\":\"cs\",\"potentialAction\":[{\"@type\":\"CommentAction\",\"name\":\"Comment\",\"target\":[\"https:\/\/www.dakarmania.cz\/index.php\/2019\/05\/28\/engel-vybojoval-na-hellasu-stribro\/#respond\"]}]},{\"@type\":\"WebPage\",\"@id\":\"https:\/\/www.dakarmania.cz\/index.php\/2019\/05\/28\/engel-vybojoval-na-hellasu-stribro\/\",\"url\":\"https:\/\/www.dakarmania.cz\/index.php\/2019\/05\/28\/engel-vybojoval-na-hellasu-stribro\/\",\"name\":\"Skv\u011bl\u00e1 premi\u00e9ra: Engel vybojoval na Hellasu st\u0159\u00edbro - DAKARMANIA.cz\",\"isPartOf\":{\"@id\":\"https:\/\/www.dakarmania.cz\/#website\"},\"primaryImageOfPage\":{\"@id\":\"https:\/\/www.dakarmania.cz\/index.php\/2019\/05\/28\/engel-vybojoval-na-hellasu-stribro\/#primaryimage\"},\"image\":{\"@id\":\"https:\/\/www.dakarmania.cz\/index.php\/2019\/05\/28\/engel-vybojoval-na-hellasu-stribro\/#primaryimage\"},\"thumbnailUrl\":\"https:\/\/www.dakarmania.cz\/wp-content\/uploads\/2019\/05\/19-hellas-engel-01.jpg\",\"datePublished\":\"2019-05-28T15:20:14+00:00\",\"dateModified\":\"2019-06-12T14:22:19+00:00\",\"description\":\"Milan Engel se letos veze na vln\u011b \u00fasp\u011bchu. V lednu se bl\u00fdskl patn\u00e1ct\u00fdm m\u00edstem na Dakaru a v\u00fdborn\u011b si po\u010d\u00ednal tak\u00e9 minul\u00fd t\u00fdden na Hellas Rally.\",\"breadcrumb\":{\"@id\":\"https:\/\/www.dakarmania.cz\/index.php\/2019\/05\/28\/engel-vybojoval-na-hellasu-stribro\/#breadcrumb\"},\"inLanguage\":\"cs\",\"potentialAction\":[{\"@type\":\"ReadAction\",\"target\":[\"https:\/\/www.dakarmania.cz\/index.php\/2019\/05\/28\/engel-vybojoval-na-hellasu-stribro\/\"]}]},{\"@type\":\"ImageObject\",\"inLanguage\":\"cs\",\"@id\":\"https:\/\/www.dakarmania.cz\/index.php\/2019\/05\/28\/engel-vybojoval-na-hellasu-stribro\/#primaryimage\",\"url\":\"https:\/\/www.dakarmania.cz\/wp-content\/uploads\/2019\/05\/19-hellas-engel-01.jpg\",\"contentUrl\":\"https:\/\/www.dakarmania.cz\/wp-content\/uploads\/2019\/05\/19-hellas-engel-01.jpg\",\"width\":1600,\"height\":1000,\"caption\":\"Milan Engel, KTM EXC 450F, Moto Racing Group. Hellas Rally 2019. \u00a9 Actiongraphers\"},{\"@type\":\"BreadcrumbList\",\"@id\":\"https:\/\/www.dakarmania.cz\/index.php\/2019\/05\/28\/engel-vybojoval-na-hellasu-stribro\/#breadcrumb\",\"itemListElement\":[{\"@type\":\"ListItem\",\"position\":1,\"name\":\"Dom\u016f\",\"item\":\"https:\/\/www.dakarmania.cz\/\"},{\"@type\":\"ListItem\",\"position\":2,\"name\":\"Skv\u011bl\u00e1 premi\u00e9ra: Engel vybojoval na Hellasu st\u0159\u00edbro\"}]},{\"@type\":\"WebSite\",\"@id\":\"https:\/\/www.dakarmania.cz\/#website\",\"url\":\"https:\/\/www.dakarmania.cz\/\",\"name\":\"DAKARMANIA.cz\",\"description\":\"\u017dijeme Dakarem cel\u00fd rok\",\"publisher\":{\"@id\":\"https:\/\/www.dakarmania.cz\/#organization\"},\"potentialAction\":[{\"@type\":\"SearchAction\",\"target\":{\"@type\":\"EntryPoint\",\"urlTemplate\":\"https:\/\/www.dakarmania.cz\/?s={search_term_string}\"},\"query-input\":{\"@type\":\"PropertyValueSpecification\",\"valueRequired\":true,\"valueName\":\"search_term_string\"}}],\"inLanguage\":\"cs\"},{\"@type\":\"Organization\",\"@id\":\"https:\/\/www.dakarmania.cz\/#organization\",\"name\":\"DAKAR MANIA\",\"url\":\"https:\/\/www.dakarmania.cz\/\",\"logo\":{\"@type\":\"ImageObject\",\"inLanguage\":\"cs\",\"@id\":\"https:\/\/www.dakarmania.cz\/#\/schema\/logo\/image\/\",\"url\":\"https:\/\/www.dakarmania.cz\/wp-content\/uploads\/2018\/12\/Dakar-Mania-Logo-Square-Orange.png\",\"contentUrl\":\"https:\/\/www.dakarmania.cz\/wp-content\/uploads\/2018\/12\/Dakar-Mania-Logo-Square-Orange.png\",\"width\":992,\"height\":992,\"caption\":\"DAKAR MANIA\"},\"image\":{\"@id\":\"https:\/\/www.dakarmania.cz\/#\/schema\/logo\/image\/\"},\"sameAs\":[\"https:\/\/www.facebook.com\/dakarmania\/\"]},{\"@type\":\"Person\",\"@id\":\"https:\/\/www.dakarmania.cz\/#\/schema\/person\/04eb0e87a389631c2169c0dddae7ff1e\",\"name\":\"Zden\u011bk Zelenka\",\"image\":{\"@type\":\"ImageObject\",\"inLanguage\":\"cs\",\"@id\":\"https:\/\/www.dakarmania.cz\/#\/schema\/person\/image\/\",\"url\":\"https:\/\/secure.gravatar.com\/avatar\/2c80d5a4942fe0900b73cc7d3837a509d6ee0a276a2b76dac95c92bd0763a89b?s=96&d=mm&r=g\",\"contentUrl\":\"https:\/\/secure.gravatar.com\/avatar\/2c80d5a4942fe0900b73cc7d3837a509d6ee0a276a2b76dac95c92bd0763a89b?s=96&d=mm&r=g\",\"caption\":\"Zden\u011bk Zelenka\"},\"description\":\"Moji d\u011bt\u0161t\u00ed hrdinov\u00e9 se jmenovali Loprais, Moskal, Neveu, Vatanen, Rahier... A tihle borci, jejich n\u00e1sledovn\u00edci a jejich p\u0159\u00edb\u011bhy m\u011b nep\u0159estali fascinovat ani po letech, kdy jsem vyrostl a zam\u011bstn\u00e1valy m\u011b jin\u00e9 discipl\u00edny motorsportu. Proto se zrodila DAKARMANIA.\",\"url\":\"https:\/\/www.dakarmania.cz\/index.php\/author\/dakarmania\/\"}]}<\/script>\n<!-- \/ Yoast SEO plugin. -->","yoast_head_json":{"title":"Skv\u011bl\u00e1 premi\u00e9ra: Engel vybojoval na Hellasu st\u0159\u00edbro - DAKARMANIA.cz","description":"Milan Engel se letos veze na vln\u011b \u00fasp\u011bchu. V lednu se bl\u00fdskl patn\u00e1ct\u00fdm m\u00edstem na Dakaru a v\u00fdborn\u011b si po\u010d\u00ednal tak\u00e9 minul\u00fd t\u00fdden na Hellas Rally.","robots":{"index":"index","follow":"follow","max-snippet":"max-snippet:-1","max-image-preview":"max-image-preview:large","max-video-preview":"max-video-preview:-1"},"canonical":"https:\/\/www.dakarmania.cz\/index.php\/2019\/05\/28\/engel-vybojoval-na-hellasu-stribro\/","og_locale":"cs_CZ","og_type":"article","og_title":"Skv\u011bl\u00e1 premi\u00e9ra: Engel vybojoval na Hellasu st\u0159\u00edbro - DAKARMANIA.cz","og_description":"Milan Engel se letos veze na vln\u011b \u00fasp\u011bchu. V lednu se bl\u00fdskl patn\u00e1ct\u00fdm m\u00edstem na Dakaru a v\u00fdborn\u011b si po\u010d\u00ednal tak\u00e9 minul\u00fd t\u00fdden na Hellas Rally.","og_url":"https:\/\/www.dakarmania.cz\/index.php\/2019\/05\/28\/engel-vybojoval-na-hellasu-stribro\/","og_site_name":"DAKARMANIA.cz","article_publisher":"https:\/\/www.facebook.com\/dakarmania\/","article_published_time":"2019-05-28T15:20:14+00:00","article_modified_time":"2019-06-12T14:22:19+00:00","og_image":[{"width":1600,"height":1000,"url":"https:\/\/www.dakarmania.cz\/wp-content\/uploads\/2019\/05\/19-hellas-engel-01.jpg","type":"image\/jpeg"}],"author":"Zden\u011bk Zelenka","twitter_card":"summary_large_image","twitter_misc":{"Napsal(a)":"Zden\u011bk Zelenka","Odhadovan\u00e1 doba \u010dten\u00ed":"5 minut"},"schema":{"@context":"https:\/\/schema.org","@graph":[{"@type":"Article","@id":"https:\/\/www.dakarmania.cz\/index.php\/2019\/05\/28\/engel-vybojoval-na-hellasu-stribro\/#article","isPartOf":{"@id":"https:\/\/www.dakarmania.cz\/index.php\/2019\/05\/28\/engel-vybojoval-na-hellasu-stribro\/"},"author":{"name":"Zden\u011bk Zelenka","@id":"https:\/\/www.dakarmania.cz\/#\/schema\/person\/04eb0e87a389631c2169c0dddae7ff1e"},"headline":"Skv\u011bl\u00e1 premi\u00e9ra: Engel vybojoval na Hellasu st\u0159\u00edbro","datePublished":"2019-05-28T15:20:14+00:00","dateModified":"2019-06-12T14:22:19+00:00","mainEntityOfPage":{"@id":"https:\/\/www.dakarmania.cz\/index.php\/2019\/05\/28\/engel-vybojoval-na-hellasu-stribro\/"},"wordCount":1058,"commentCount":0,"publisher":{"@id":"https:\/\/www.dakarmania.cz\/#organization"},"image":{"@id":"https:\/\/www.dakarmania.cz\/index.php\/2019\/05\/28\/engel-vybojoval-na-hellasu-stribro\/#primaryimage"},"thumbnailUrl":"https:\/\/www.dakarmania.cz\/wp-content\/uploads\/2019\/05\/19-hellas-engel-01.jpg","keywords":["2019","Erv\u00edn Kraj\u010dovi\u010d","Hellas Rally","Hellas Rally 2019","KTM","Milan Engel","MRG"],"articleSection":["Moto\/Quad"],"inLanguage":"cs","potentialAction":[{"@type":"CommentAction","name":"Comment","target":["https:\/\/www.dakarmania.cz\/index.php\/2019\/05\/28\/engel-vybojoval-na-hellasu-stribro\/#respond"]}]},{"@type":"WebPage","@id":"https:\/\/www.dakarmania.cz\/index.php\/2019\/05\/28\/engel-vybojoval-na-hellasu-stribro\/","url":"https:\/\/www.dakarmania.cz\/index.php\/2019\/05\/28\/engel-vybojoval-na-hellasu-stribro\/","name":"Skv\u011bl\u00e1 premi\u00e9ra: Engel vybojoval na Hellasu st\u0159\u00edbro - DAKARMANIA.cz","isPartOf":{"@id":"https:\/\/www.dakarmania.cz\/#website"},"primaryImageOfPage":{"@id":"https:\/\/www.dakarmania.cz\/index.php\/2019\/05\/28\/engel-vybojoval-na-hellasu-stribro\/#primaryimage"},"image":{"@id":"https:\/\/www.dakarmania.cz\/index.php\/2019\/05\/28\/engel-vybojoval-na-hellasu-stribro\/#primaryimage"},"thumbnailUrl":"https:\/\/www.dakarmania.cz\/wp-content\/uploads\/2019\/05\/19-hellas-engel-01.jpg","datePublished":"2019-05-28T15:20:14+00:00","dateModified":"2019-06-12T14:22:19+00:00","description":"Milan Engel se letos veze na vln\u011b \u00fasp\u011bchu. V lednu se bl\u00fdskl patn\u00e1ct\u00fdm m\u00edstem na Dakaru a v\u00fdborn\u011b si po\u010d\u00ednal tak\u00e9 minul\u00fd t\u00fdden na Hellas Rally.","breadcrumb":{"@id":"https:\/\/www.dakarmania.cz\/index.php\/2019\/05\/28\/engel-vybojoval-na-hellasu-stribro\/#breadcrumb"},"inLanguage":"cs","potentialAction":[{"@type":"ReadAction","target":["https:\/\/www.dakarmania.cz\/index.php\/2019\/05\/28\/engel-vybojoval-na-hellasu-stribro\/"]}]},{"@type":"ImageObject","inLanguage":"cs","@id":"https:\/\/www.dakarmania.cz\/index.php\/2019\/05\/28\/engel-vybojoval-na-hellasu-stribro\/#primaryimage","url":"https:\/\/www.dakarmania.cz\/wp-content\/uploads\/2019\/05\/19-hellas-engel-01.jpg","contentUrl":"https:\/\/www.dakarmania.cz\/wp-content\/uploads\/2019\/05\/19-hellas-engel-01.jpg","width":1600,"height":1000,"caption":"Milan Engel, KTM EXC 450F, Moto Racing Group. Hellas Rally 2019. \u00a9 Actiongraphers"},{"@type":"BreadcrumbList","@id":"https:\/\/www.dakarmania.cz\/index.php\/2019\/05\/28\/engel-vybojoval-na-hellasu-stribro\/#breadcrumb","itemListElement":[{"@type":"ListItem","position":1,"name":"Dom\u016f","item":"https:\/\/www.dakarmania.cz\/"},{"@type":"ListItem","position":2,"name":"Skv\u011bl\u00e1 premi\u00e9ra: Engel vybojoval na Hellasu st\u0159\u00edbro"}]},{"@type":"WebSite","@id":"https:\/\/www.dakarmania.cz\/#website","url":"https:\/\/www.dakarmania.cz\/","name":"DAKARMANIA.cz","description":"\u017dijeme Dakarem cel\u00fd rok","publisher":{"@id":"https:\/\/www.dakarmania.cz\/#organization"},"potentialAction":[{"@type":"SearchAction","target":{"@type":"EntryPoint","urlTemplate":"https:\/\/www.dakarmania.cz\/?s={search_term_string}"},"query-input":{"@type":"PropertyValueSpecification","valueRequired":true,"valueName":"search_term_string"}}],"inLanguage":"cs"},{"@type":"Organization","@id":"https:\/\/www.dakarmania.cz\/#organization","name":"DAKAR MANIA","url":"https:\/\/www.dakarmania.cz\/","logo":{"@type":"ImageObject","inLanguage":"cs","@id":"https:\/\/www.dakarmania.cz\/#\/schema\/logo\/image\/","url":"https:\/\/www.dakarmania.cz\/wp-content\/uploads\/2018\/12\/Dakar-Mania-Logo-Square-Orange.png","contentUrl":"https:\/\/www.dakarmania.cz\/wp-content\/uploads\/2018\/12\/Dakar-Mania-Logo-Square-Orange.png","width":992,"height":992,"caption":"DAKAR MANIA"},"image":{"@id":"https:\/\/www.dakarmania.cz\/#\/schema\/logo\/image\/"},"sameAs":["https:\/\/www.facebook.com\/dakarmania\/"]},{"@type":"Person","@id":"https:\/\/www.dakarmania.cz\/#\/schema\/person\/04eb0e87a389631c2169c0dddae7ff1e","name":"Zden\u011bk Zelenka","image":{"@type":"ImageObject","inLanguage":"cs","@id":"https:\/\/www.dakarmania.cz\/#\/schema\/person\/image\/","url":"https:\/\/secure.gravatar.com\/avatar\/2c80d5a4942fe0900b73cc7d3837a509d6ee0a276a2b76dac95c92bd0763a89b?s=96&d=mm&r=g","contentUrl":"https:\/\/secure.gravatar.com\/avatar\/2c80d5a4942fe0900b73cc7d3837a509d6ee0a276a2b76dac95c92bd0763a89b?s=96&d=mm&r=g","caption":"Zden\u011bk Zelenka"},"description":"Moji d\u011bt\u0161t\u00ed hrdinov\u00e9 se jmenovali Loprais, Moskal, Neveu, Vatanen, Rahier... A tihle borci, jejich n\u00e1sledovn\u00edci a jejich p\u0159\u00edb\u011bhy m\u011b nep\u0159estali fascinovat ani po letech, kdy jsem vyrostl a zam\u011bstn\u00e1valy m\u011b jin\u00e9 discipl\u00edny motorsportu. Proto se zrodila DAKARMANIA.","url":"https:\/\/www.dakarmania.cz\/index.php\/author\/dakarmania\/"}]}},"amp_enabled":true,"_links":{"self":[{"href":"https:\/\/www.dakarmania.cz\/index.php\/wp-json\/wp\/v2\/posts\/6933","targetHints":{"allow":["GET"]}}],"collection":[{"href":"https:\/\/www.dakarmania.cz\/index.php\/wp-json\/wp\/v2\/posts"}],"about":[{"href":"https:\/\/www.dakarmania.cz\/index.php\/wp-json\/wp\/v2\/types\/post"}],"author":[{"embeddable":true,"href":"https:\/\/www.dakarmania.cz\/index.php\/wp-json\/wp\/v2\/users\/1"}],"replies":[{"embeddable":true,"href":"https:\/\/www.dakarmania.cz\/index.php\/wp-json\/wp\/v2\/comments?post=6933"}],"version-history":[{"count":4,"href":"https:\/\/www.dakarmania.cz\/index.php\/wp-json\/wp\/v2\/posts\/6933\/revisions"}],"predecessor-version":[{"id":6937,"href":"https:\/\/www.dakarmania.cz\/index.php\/wp-json\/wp\/v2\/posts\/6933\/revisions\/6937"}],"wp:featuredmedia":[{"embeddable":true,"href":"https:\/\/www.dakarmania.cz\/index.php\/wp-json\/wp\/v2\/media\/6930"}],"wp:attachment":[{"href":"https:\/\/www.dakarmania.cz\/index.php\/wp-json\/wp\/v2\/media?parent=6933"}],"wp:term":[{"taxonomy":"category","embeddable":true,"href":"https:\/\/www.dakarmania.cz\/index.php\/wp-json\/wp\/v2\/categories?post=6933"},{"taxonomy":"post_tag","embeddable":true,"href":"https:\/\/www.dakarmania.cz\/index.php\/wp-json\/wp\/v2\/tags?post=6933"}],"curies":[{"name":"wp","href":"https:\/\/api.w.org\/{rel}","templated":true}]}}