{"id":7025,"date":"2019-05-30T13:58:37","date_gmt":"2019-05-30T11:58:37","guid":{"rendered":"https:\/\/www.dakarmania.cz\/?p=7025"},"modified":"2023-04-30T13:50:33","modified_gmt":"2023-04-30T11:50:33","slug":"kazachstan-przygonski-utoci","status":"publish","type":"post","link":"https:\/\/www.dakarmania.cz\/index.php\/2019\/05\/30\/kazachstan-przygonski-utoci\/","title":{"rendered":"Kazachst\u00e1n: Al-Attiyah dal \u0161anci soupe\u0159\u016fm, Przygo\u0144ski \u00fato\u010d\u00ed"},"content":{"rendered":"<p>[vc_row][vc_column][vc_column_text]<\/p>\n<h4>I t\u0159et\u00ed \u010das dne sta\u010dil ve \u010dtvrt\u00e9 etap\u011b Rally Kazakhstan 2019 Kubovi Przygo\u0144sk\u00e9mu s Mini k posunu na druhou p\u0159\u00ed\u010dku absolutn\u011b. N\u00e1skok vedouc\u00edho Nassera Al-Attiyaha s Toyotou se o \u010dtvrtinu zten\u010dil.<\/h4>\n<p>\u010ctvrte\u010dn\u00ed etapa zavedla \u00fa\u010dastn\u00edky <a href=\"\/index.php\/souteze\/rally-kazakhstan-2019\/\">Rally Kazakhstan<\/a> z p\u0159\u00edmo\u0159sk\u00e9ho letoviska Kenderli zp\u011bt do centra sout\u011b\u017ee v Aktau. Na pos\u00e1dky \u010dekala druh\u00e1 nejdel\u0161\u00ed rychlostn\u00ed zkou\u0161ka leto\u0161n\u00edho ro\u010dn\u00edk\u016f, jej\u00ed\u017e tra\u0165 vedla p\u00edse\u010dnou pl\u00e1n\u00ed, horami i dunami a m\u011b\u0159ila 399 kilometr\u016f.<\/p>\n<p><a href=\"\/index.php\/osobnosti\/yazeed-al-rajhi\/\">Yazeed Al-Rajhi<\/a> s <a href=\"\/index.php\/osobnosti\/dirk-von-zitzewitz\/\">Dirkem von Zitzewitzem<\/a> v\u010dera se svou Toyotou <a href=\"\/index.php\/2019\/05\/29\/kazachstan-zapletal-v-prvni-petce\/#al-rajhi\">havarovali<\/a> a ztratili osmdes\u00e1t minut a klesli ze t\u0159et\u00edho na sedm\u00e9 m\u00edsto. Saudsko-n\u011bmeck\u00e1 pos\u00e1dka n\u00e1sledn\u011b inkasovala je\u0161t\u011b \u010dty\u0159hodinovou penalizaci za poru\u0161en\u00ed sportovn\u00edch pravidel, co\u017e ji v pr\u016fb\u011b\u017en\u00e9 klasifikaci srazilo je\u0161t\u011b hloub\u011bji. P\u0159esto lo\u0148sk\u00fd v\u00edt\u011bz kaza\u0161sk\u00e9 rally neztratil motivaci, vyu\u017eil pozd\u011bj\u0161\u00edho startu za nejv\u011bt\u0161\u00edmi favority a radoval se alespo\u0148 z triumfu v dne\u0161n\u00ed etap\u011b.<\/p>\n<p><em>\u201ePo v\u010derej\u0161\u00ed hav\u00e1rii \u0161lo dnes v\u0161e z na\u0161eho pohledu dob\u0159e a bez probl\u00e9m\u016f,\u201c<\/em> pochvaloval si v c\u00edli <strong>Yazeed Al-Rajhi<\/strong>. <em>\u201eStartovali jsme jako \u0161est\u00ed, nejprve jsme p\u0159edjeli Zapletala a pak jsme a\u017e do c\u00edle jeli za Peterhanselem.\u201c<\/em>[\/vc_column_text][vc_single_image image=&#8221;7023&#8243; img_size=&#8221;large&#8221; add_caption=&#8221;yes&#8221; alignment=&#8221;center&#8221;][vc_column_text]Vzestupnou formu potvrdili druh\u00fdm \u010dasem (+3:00 min) man\u017eel\u00e9 <a href=\"\/index.php\/osobnosti\/stephane-peterhansel\/\">St\u00e9phane<\/a> a <a href=\"\/index.php\/osobnosti\/peterhansel-andrea\/\">Andrea<\/a> Peterhanselovi, kte\u0159\u00ed v Kazachst\u00e1nu jedou s buggy Mini. P\u0159i sv\u00e9m prvn\u00edm startu na kaza\u0161sk\u00e9 sout\u011b\u017ei se dostali hned <a href=\"\/index.php\/2019\/05\/27\/kazachstan-nejlepe-zacal-al-attiyah\/#peterhansel\">v \u00favodu rally do probl\u00e9m\u016f<\/a> a pr\u016fb\u011b\u017en\u011b z\u016fst\u00e1vaj\u00ed \u010dtvrt\u00ed s 25minutov\u00fdm odstupem od medailov\u00fdch pozic.<\/p>\n<p>Spokojenost panuje v t\u00e1bo\u0159e Orlen Teamu. Kuba Przygo\u0144ski s Timem Gottschalkem (Mini JCW Rally) byli na speci\u00e1lce t\u0159et\u00ed nejrychlej\u0161\u00ed. Dnes \u010dtvrt\u00e9ho Bernharda ten Brinkeho navigovan\u00e9ho Tomem Colsoulem porazili o minutu a 27 sekund a d\u00edky tomu p\u0159ipravili pos\u00e1dku tov\u00e1rn\u00edho t\u00fdmu Toyota Gazoo Racing SA o druhou p\u0159\u00ed\u010dku pr\u016fb\u011b\u017en\u00e9 klasifikace. Ob\u011b dvojice nyn\u00ed d\u011bl\u00ed rovn\u00e1 minuta.<\/p>\n<p><em>\u201eCht\u011bli jsme dohnat ten Brinkeho a to se poda\u0159ilo.Najeli jsme na n\u011bj minutu a p\u016fl a celkov\u011b m\u00e1me k dobru minutu. Jsem si jist\u00fd, \u017ee tento souboj potrv\u00e1 a\u017e do konce rally,\u201c<\/em> m\u00edn\u00ed <strong>Kuba Przygo\u0144ski<\/strong>.<\/p>\n<p><em>\u201eDne\u0161n\u00ed speci\u00e1lka byla n\u00e1ro\u010dn\u00e1. Na mnoha m\u00edstech jsme proj\u00ed\u017ed\u011bli velk\u00fdmi lou\u017eemi, v nich\u017e auto ztr\u00e1c\u00ed trakci. V takov\u00fdch situac\u00edch mus\u00edte b\u00fdt ostra\u017eit\u00ed. Jinde zase mokro znamenalo v\u00fdhodu. Ve vlhk\u00e9m p\u00edsku se jelo l\u00e9pe. Na mokr\u00fdch dun\u00e1ch jsme si mockr\u00e1t i p\u011bkn\u011b sko\u010dili. Horkou chvilku jsme pro\u017eili 70 kilometr\u016f p\u0159ed c\u00edlem. Narazili jsme do hromady p\u00edsku a z jedn\u00e9 pneumatiky unikl vzduch. Ale m\u011bli jsme i trochu \u0161t\u011bst\u00ed, proto\u017ee navzdory n\u00edzk\u00e9mu tlaku vydr\u017eela a\u017e do konce,\u201c<\/em> popsal lo\u0148sk\u00fd v\u00edt\u011bz sv\u011btov\u00e9ho poh\u00e1ru.[\/vc_column_text][vc_single_image image=&#8221;7022&#8243; img_size=&#8221;large&#8221; add_caption=&#8221;yes&#8221; alignment=&#8221;center&#8221;][vc_column_text]<em>\u201eDnes jsme startovali jako druz\u00ed, po dvou stech kilometrech jsme p\u0159edjeli Nassera a t\u00edm p\u00e1dem jsme pak otev\u00edrali tra\u0165. Pokud jedete jako prvn\u00ed, v\u017edycky trochu ztrat\u00edte, zvl\u00e1\u0161\u0165 v dun\u00e1ch. Se \u010dtvrt\u00fdm m\u00edstem v etap\u011b jsem skute\u010dn\u011b spokojen\u00fd. Tom dnes odvedl velmi dobrou pr\u00e1ci,\u201c<\/em> chv\u00e1lil <strong>Bernhard ten Brinke<\/strong> sv\u00e9ho spolujezdce.<\/p>\n<p>Przygo\u0144ski nav\u00edc umazal t\u0159i a p\u016fl minuty z n\u00e1skoku vedouc\u00edho Al-Attiyaha. P\u0159ed dv\u011bma z\u00e1v\u011bre\u010dn\u00fdmi dny sout\u011b\u017ee a 339 kilometry rychlostn\u00edch zkou\u0161ek d\u011bl\u00ed v\u00edt\u011bze lo\u0148sk\u00e9ho sv\u011btov\u00e9ho poh\u00e1ru od prvn\u00ed p\u0159\u00ed\u010dky osm a t\u0159i \u010dtvrt\u011b minuty.<\/p>\n<p>Dosavadn\u00ed suver\u00e9ni <a href=\"\/index.php\/osobnosti\/nasser-al-attiyah\/\">Nasser Al-Attiyah<\/a> a <a href=\"\/index.php\/osobnosti\/mathieu-baumel\/\">Mathieu Baumel<\/a> s Toyotou dnes dojeli do c\u00edle jako p\u00e1t\u00ed s v\u00edce ne\u017e osmiminutovou ztr\u00e1tou.\u00a0Nejednalo se v\u0161ak o \u017e\u00e1dn\u00fd probl\u00e9m, ale sp\u00ed\u0161e o taktick\u00e9 rozhodnut\u00ed.<\/p>\n<p><em>\u201eByli jsme prvn\u00edm vozem na trati, proto jsme se rozhodli jet opatrn\u011bji,\u201c<\/em> vysv\u011btlil <strong>Nasser Al-Attiyah<\/strong>. <em>\u201eBernhard n\u00e1s v jednu chv\u00edli p\u0159edjel, ale pak jsme ho v dun\u00e1ch op\u011bt dostihli. S na\u0161\u00edm dne\u0161n\u00edm v\u00fdkonem jsem nakonec spokojen\u00fd. V p\u00e1t\u00e9 etap\u011b budeme m\u00edt na trati v\u00fdhodn\u011bj\u0161\u00ed pozici.\u201c<\/em>[\/vc_column_text][vc_single_image image=&#8221;7021&#8243; img_size=&#8221;large&#8221; add_caption=&#8221;yes&#8221; alignment=&#8221;center&#8221;][vc_column_text]<a href=\"\/index.php\/osobnosti\/miroslav-zapletal\/\">Miroslav Zapletal<\/a> a <a href=\"\/index.php\/osobnosti\/marek-sykora\/\">Marek S\u00fdkora<\/a> s Hummerem t\u00fdmu Offroadsport uh\u00e1jili p\u00e1tou p\u0159\u00ed\u010dku celkov\u011b navzdory men\u0161\u00edm probl\u00e9m\u016fm s motorem v z\u00e1v\u011bru m\u011b\u0159en\u00e9ho \u00faseku. P\u0159esto\u017ee Denis Krotov a Dmitrij Cyro (Mini) zvl\u00e1dli speci\u00e1lku o minutu a pades\u00e1t sekund rychleji, v celkov\u00e9m sou\u010dtu zaost\u00e1vaj\u00ed \u0161est\u00ed Rusov\u00e9 za \u010desko-slovenskou dvojic\u00ed o p\u011bt a p\u016fl minuty.<\/p>\n<p>Ve t\u0159\u00edd\u011b T3 (SxS) zdramatizoval v\u00fdvoj z\u00e1vodu Fjodor Vorobjov (Can-Am). Rus byl o p\u016fl hodiny rychlej\u0161\u00ed ne\u017e Reinaldo Varela (Can-Am) a v pr\u016fb\u011b\u017en\u00e9 klasifikaci sn\u00ed\u017eil n\u00e1skok vedouc\u00edho Brazilce na m\u00e9n\u011b ne\u017e dvacet minut.<\/p>\n<p>V p\u00e1tek m\u00e1 Rally Kazakhstan na programu okru\u017en\u00ed etapu se startem a c\u00edlem v Aktau. P\u0159edposledn\u00ed rychlostn\u00ed zkou\u0161ka sout\u011b\u017ee m\u011b\u0159\u00ed 290 kilometr\u016f.[\/vc_column_text][vc_column_text]<\/p>\n<table style=\"width: 97.7654%; height: 216px;\" rules=\"rows\" cellpadding=\"4px\">\n<tbody>\n<tr style=\"background-color: #9e9d9d; color: white;\">\n<td style=\"text-align: center;\" colspan=\"4\"><span style=\"font-size: 10pt;\"><strong>Rally Kazakhstan 2019<br \/>\nPr\u016fb\u011b\u017en\u00e9 po\u0159ad\u00ed po 4. etap\u011b<\/strong><\/span><\/td>\n<\/tr>\n<tr style=\"background-color: #dbd9d9;\">\n<td style=\"width: 6.4117%; height: 24px;\">1.<\/td>\n<td style=\"width: 44.3195%; height: 24px;\">Al-Attiyah \/ Baumel<\/td>\n<td style=\"width: 33.6333%; height: 24px;\">Toyota Hilux<\/td>\n<td style=\"width: 14.3982%; height: 24px; text-align: right;\">13:09:33<\/td>\n<\/tr>\n<tr style=\"background-color: #f2f2f2;\">\n<td style=\"width: 6.4117%; height: 24px;\">2.<\/td>\n<td style=\"width: 44.3195%; height: 24px;\">Przygo\u0144ski \/ Colsoul<\/td>\n<td style=\"width: 33.6333%; height: 24px;\">Mini JCW Rally<\/td>\n<td style=\"width: 14.3982%; height: 24px; text-align: right;\">+8:43<\/td>\n<\/tr>\n<tr style=\"background-color: #dbd9d9;\">\n<td style=\"width: 6.4117%; height: 24px;\">3.<\/td>\n<td style=\"width: 44.3195%; height: 24px;\">Ten Brinke \/ Colsoul<\/td>\n<td style=\"width: 33.6333%; height: 24px;\">Toyota Hilux<\/td>\n<td style=\"width: 14.3982%; height: 24px; text-align: right;\">+9:43<\/td>\n<\/tr>\n<tr style=\"background-color: #f2f2f2;\">\n<td style=\"width: 6.4117%; height: 24px;\">4.<\/td>\n<td style=\"width: 44.3195%; height: 24px;\">Peterhansel \/ Peterhansel<\/td>\n<td style=\"width: 33.6333%; height: 24px;\">Mini JCW Buggy<\/td>\n<td style=\"width: 14.3982%; height: 24px; text-align: right;\">+34:46<\/td>\n<\/tr>\n<tr style=\"background-color: #dbd9d9;\">\n<td style=\"width: 6.4117%; height: 24px;\">5.<\/td>\n<td style=\"width: 44.3195%; height: 24px;\">Zapletal \/ S\u00fdkora<\/td>\n<td style=\"width: 33.6333%; height: 24px;\">Hummer H3 Evo 8<\/td>\n<td style=\"width: 14.3982%; height: 24px; text-align: right;\">+1:30:51<\/td>\n<\/tr>\n<tr style=\"background-color: #f2f2f2;\">\n<td style=\"width: 6.4117%; height: 24px;\">6.<\/td>\n<td style=\"width: 44.3195%; height: 24px;\">Krotov \/ Cyro<\/td>\n<td style=\"width: 33.6333%; height: 24px;\">Mini JCW Rally<\/td>\n<td style=\"width: 14.3982%; height: 24px; text-align: right;\">+1:36:24<\/td>\n<\/tr>\n<tr style=\"background-color: #dbd9d9;\">\n<td style=\"width: 6.4117%; height: 24px;\">7.<\/td>\n<td style=\"width: 44.3195%; height: 24px;\">\u010cerednikov \/ Falkov<\/td>\n<td style=\"width: 33.6333%; height: 24px;\">Ford F-150 Evo<\/td>\n<td style=\"width: 14.3982%; height: 24px; text-align: right;\">+2:52:15<\/td>\n<\/tr>\n<tr style=\"background-color: #f2f2f2;\">\n<td style=\"width: 6.4117%;\">8.<\/td>\n<td style=\"width: 44.3195%;\">Sotnikov \/ Achmad\u011bjev \/ Achmetzjanov<\/td>\n<td style=\"width: 33.6333%;\">Kamaz 43509<\/td>\n<td style=\"width: 14.3982%; text-align: right;\">+3:23:50<\/td>\n<\/tr>\n<tr style=\"background-color: #dbd9d9;\">\n<td style=\"width: 6.4117%;\">9.<\/td>\n<td style=\"width: 44.3195%;\">Varela \/ Gugelmin<\/td>\n<td style=\"width: 33.6333%;\">Can-Am Maverick X3<\/td>\n<td style=\"width: 14.3982%; text-align: right;\">+4:59:38<\/td>\n<\/tr>\n<tr style=\"background-color: #f2f2f2;\">\n<td style=\"width: 6.4117%; height: 24px;\">10.<\/td>\n<td style=\"width: 44.3195%; height: 24px;\">Vorobjov \/ \u0160ubin<\/td>\n<td style=\"width: 33.6333%; height: 24px;\">Can-Am Maverick X3<\/td>\n<td style=\"width: 14.3982%; height: 24px; text-align: right;\">+5:19:05<\/td>\n<\/tr>\n<\/tbody>\n<\/table>\n<p>[\/vc_column_text][\/vc_column][\/vc_row]<\/p>\n","protected":false},"excerpt":{"rendered":"<p>I t\u0159et\u00ed \u010das dne sta\u010dil ve \u010dtvrt\u00e9 etap\u011b Rally Kazakhstan 2019 Kubovi Przygo\u0144sk\u00e9mu s Mini k posunu na druhou p\u0159\u00ed\u010dku absolutn\u011b.<\/p>\n","protected":false},"author":1,"featured_media":7020,"comment_status":"closed","ping_status":"closed","sticky":false,"template":"","format":"standard","meta":{"footnotes":""},"categories":[3,97,947],"tags":[425,654,231,289,95,310,329,1066,460,258,288,261,204,219,303,203,304,291,326,1064,1063,205,105,413,217,290,287,201,202,1074,220,327],"class_list":["post-7025","post","type-post","status-publish","format-standard","has-post-thumbnail","hentry","category-auto","category-fia-ccr","category-rally-kazakhstan","tag-425","tag-andrea-mayer","tag-andrea-peterhansel","tag-bernhard-ten-brinke","tag-can-am","tag-denis-krotov","tag-dirk-von-zitzewitz","tag-dmitrij-cyro","tag-fjodor-vorobjov","tag-hummer","tag-kuba-przygonski","tag-marek-sykora","tag-mathieu-baumel","tag-mini","tag-miroslav-zapletal","tag-nasser-al-attiyah","tag-offroadsport","tag-orlen-team","tag-overdrive-racing","tag-rally-kazakhstan","tag-rally-kazakhstan-2019","tag-reinaldo-varela","tag-sp-fia-ccr","tag-sp-fia-ccr-2019","tag-stephane-peterhansel","tag-timo-gottschalk","tag-tom-colsoul","tag-toyota","tag-toyota-gazoo-racing","tag-toyota-gazoo-racing-sa","tag-x-raid","tag-yazeed-al-rajhi"],"yoast_head":"<!-- This site is optimized with the Yoast SEO plugin v24.9 - https:\/\/yoast.com\/wordpress\/plugins\/seo\/ -->\n<title>Kazachst\u00e1n: Al-Attiyah dal \u0161anci soupe\u0159\u016fm, Przygo\u0144ski \u00fato\u010d\u00ed - DAKARMANIA.cz<\/title>\n<meta name=\"description\" content=\"I t\u0159et\u00ed \u010das dne sta\u010dil ve \u010dtvrt\u00e9 etap\u011b Rally Kazakhstan 2019 Kubovi Przygo\u0144sk\u00e9mu s Mini k posunu na druhou p\u0159\u00ed\u010dku absolutn\u011b.\" \/>\n<meta name=\"robots\" content=\"index, follow, max-snippet:-1, max-image-preview:large, max-video-preview:-1\" \/>\n<link rel=\"canonical\" href=\"https:\/\/www.dakarmania.cz\/index.php\/2019\/05\/30\/kazachstan-przygonski-utoci\/\" \/>\n<meta property=\"og:locale\" content=\"cs_CZ\" \/>\n<meta property=\"og:type\" content=\"article\" \/>\n<meta property=\"og:title\" content=\"Kazachst\u00e1n: Al-Attiyah dal \u0161anci soupe\u0159\u016fm, Przygo\u0144ski \u00fato\u010d\u00ed - DAKARMANIA.cz\" \/>\n<meta property=\"og:description\" content=\"I t\u0159et\u00ed \u010das dne sta\u010dil ve \u010dtvrt\u00e9 etap\u011b Rally Kazakhstan 2019 Kubovi Przygo\u0144sk\u00e9mu s Mini k posunu na druhou p\u0159\u00ed\u010dku absolutn\u011b.\" \/>\n<meta property=\"og:url\" content=\"https:\/\/www.dakarmania.cz\/index.php\/2019\/05\/30\/kazachstan-przygonski-utoci\/\" \/>\n<meta property=\"og:site_name\" content=\"DAKARMANIA.cz\" \/>\n<meta property=\"article:publisher\" content=\"https:\/\/www.facebook.com\/dakarmania\/\" \/>\n<meta property=\"article:published_time\" content=\"2019-05-30T11:58:37+00:00\" \/>\n<meta property=\"article:modified_time\" content=\"2023-04-30T11:50:33+00:00\" \/>\n<meta property=\"og:image\" content=\"https:\/\/www.dakarmania.cz\/wp-content\/uploads\/2019\/05\/19-kazakhstan-przygonski-03.jpg\" \/>\n\t<meta property=\"og:image:width\" content=\"1600\" \/>\n\t<meta property=\"og:image:height\" content=\"1066\" \/>\n\t<meta property=\"og:image:type\" content=\"image\/jpeg\" \/>\n<meta name=\"author\" content=\"Zden\u011bk Zelenka\" \/>\n<meta name=\"twitter:card\" content=\"summary_large_image\" \/>\n<meta name=\"twitter:label1\" content=\"Napsal(a)\" \/>\n\t<meta name=\"twitter:data1\" content=\"Zden\u011bk Zelenka\" \/>\n\t<meta name=\"twitter:label2\" content=\"Odhadovan\u00e1 doba \u010dten\u00ed\" \/>\n\t<meta name=\"twitter:data2\" content=\"5 minut\" \/>\n<script type=\"application\/ld+json\" class=\"yoast-schema-graph\">{\"@context\":\"https:\/\/schema.org\",\"@graph\":[{\"@type\":\"Article\",\"@id\":\"https:\/\/www.dakarmania.cz\/index.php\/2019\/05\/30\/kazachstan-przygonski-utoci\/#article\",\"isPartOf\":{\"@id\":\"https:\/\/www.dakarmania.cz\/index.php\/2019\/05\/30\/kazachstan-przygonski-utoci\/\"},\"author\":{\"name\":\"Zden\u011bk Zelenka\",\"@id\":\"https:\/\/www.dakarmania.cz\/#\/schema\/person\/04eb0e87a389631c2169c0dddae7ff1e\"},\"headline\":\"Kazachst\u00e1n: Al-Attiyah dal \u0161anci soupe\u0159\u016fm, Przygo\u0144ski \u00fato\u010d\u00ed\",\"datePublished\":\"2019-05-30T11:58:37+00:00\",\"dateModified\":\"2023-04-30T11:50:33+00:00\",\"mainEntityOfPage\":{\"@id\":\"https:\/\/www.dakarmania.cz\/index.php\/2019\/05\/30\/kazachstan-przygonski-utoci\/\"},\"wordCount\":1025,\"publisher\":{\"@id\":\"https:\/\/www.dakarmania.cz\/#organization\"},\"image\":{\"@id\":\"https:\/\/www.dakarmania.cz\/index.php\/2019\/05\/30\/kazachstan-przygonski-utoci\/#primaryimage\"},\"thumbnailUrl\":\"https:\/\/www.dakarmania.cz\/wp-content\/uploads\/2019\/05\/19-kazakhstan-przygonski-03.jpg\",\"keywords\":[\"2019\",\"Andrea Mayer\",\"Andrea Peterhansel\",\"Bernhard ten Brinke\",\"Can-Am\",\"Denis Krotov\",\"Dirk von Zitzewitz\",\"Dmitrij Cyro\",\"Fjodor Vorobjov\",\"Hummer\",\"Kuba Przygo\u0144ski\",\"Marek S\u00fdkora\",\"Mathieu Baumel\",\"Mini\",\"Miroslav Zapletal\",\"Nasser Al-Attiyah\",\"Offroadsport\",\"Orlen Team\",\"Overdrive Racing\",\"Rally Kazakhstan\",\"Rally Kazakhstan 2019\",\"Reinaldo Varela\",\"SP FIA CCR\",\"SP FIA CCR 2019\",\"St\u00e9phane Peterhansel\",\"Timo Gottschalk\",\"Tom Colsoul\",\"Toyota\",\"Toyota Gazoo Racing\",\"Toyota Gazoo Racing SA\",\"X-raid\",\"Yazeed Al-Rajhi\"],\"articleSection\":[\"Auto\",\"FIA SP CCR\",\"Rally Kazakhstan\"],\"inLanguage\":\"cs\"},{\"@type\":\"WebPage\",\"@id\":\"https:\/\/www.dakarmania.cz\/index.php\/2019\/05\/30\/kazachstan-przygonski-utoci\/\",\"url\":\"https:\/\/www.dakarmania.cz\/index.php\/2019\/05\/30\/kazachstan-przygonski-utoci\/\",\"name\":\"Kazachst\u00e1n: Al-Attiyah dal \u0161anci soupe\u0159\u016fm, Przygo\u0144ski \u00fato\u010d\u00ed - DAKARMANIA.cz\",\"isPartOf\":{\"@id\":\"https:\/\/www.dakarmania.cz\/#website\"},\"primaryImageOfPage\":{\"@id\":\"https:\/\/www.dakarmania.cz\/index.php\/2019\/05\/30\/kazachstan-przygonski-utoci\/#primaryimage\"},\"image\":{\"@id\":\"https:\/\/www.dakarmania.cz\/index.php\/2019\/05\/30\/kazachstan-przygonski-utoci\/#primaryimage\"},\"thumbnailUrl\":\"https:\/\/www.dakarmania.cz\/wp-content\/uploads\/2019\/05\/19-kazakhstan-przygonski-03.jpg\",\"datePublished\":\"2019-05-30T11:58:37+00:00\",\"dateModified\":\"2023-04-30T11:50:33+00:00\",\"description\":\"I t\u0159et\u00ed \u010das dne sta\u010dil ve \u010dtvrt\u00e9 etap\u011b Rally Kazakhstan 2019 Kubovi Przygo\u0144sk\u00e9mu s Mini k posunu na druhou p\u0159\u00ed\u010dku absolutn\u011b.\",\"breadcrumb\":{\"@id\":\"https:\/\/www.dakarmania.cz\/index.php\/2019\/05\/30\/kazachstan-przygonski-utoci\/#breadcrumb\"},\"inLanguage\":\"cs\",\"potentialAction\":[{\"@type\":\"ReadAction\",\"target\":[\"https:\/\/www.dakarmania.cz\/index.php\/2019\/05\/30\/kazachstan-przygonski-utoci\/\"]}]},{\"@type\":\"ImageObject\",\"inLanguage\":\"cs\",\"@id\":\"https:\/\/www.dakarmania.cz\/index.php\/2019\/05\/30\/kazachstan-przygonski-utoci\/#primaryimage\",\"url\":\"https:\/\/www.dakarmania.cz\/wp-content\/uploads\/2019\/05\/19-kazakhstan-przygonski-03.jpg\",\"contentUrl\":\"https:\/\/www.dakarmania.cz\/wp-content\/uploads\/2019\/05\/19-kazakhstan-przygonski-03.jpg\",\"width\":1600,\"height\":1066,\"caption\":\"Kuba Przygo\u0144ski\/Timo Gottschalk, Mini JCW Rally, Orlen Team\/X-raid. Rally Kazakhstan 2019. \u00a9 X-raid\"},{\"@type\":\"BreadcrumbList\",\"@id\":\"https:\/\/www.dakarmania.cz\/index.php\/2019\/05\/30\/kazachstan-przygonski-utoci\/#breadcrumb\",\"itemListElement\":[{\"@type\":\"ListItem\",\"position\":1,\"name\":\"Dom\u016f\",\"item\":\"https:\/\/www.dakarmania.cz\/\"},{\"@type\":\"ListItem\",\"position\":2,\"name\":\"Kazachst\u00e1n: Al-Attiyah dal \u0161anci soupe\u0159\u016fm, Przygo\u0144ski \u00fato\u010d\u00ed\"}]},{\"@type\":\"WebSite\",\"@id\":\"https:\/\/www.dakarmania.cz\/#website\",\"url\":\"https:\/\/www.dakarmania.cz\/\",\"name\":\"DAKARMANIA.cz\",\"description\":\"\u017dijeme Dakarem cel\u00fd rok\",\"publisher\":{\"@id\":\"https:\/\/www.dakarmania.cz\/#organization\"},\"potentialAction\":[{\"@type\":\"SearchAction\",\"target\":{\"@type\":\"EntryPoint\",\"urlTemplate\":\"https:\/\/www.dakarmania.cz\/?s={search_term_string}\"},\"query-input\":{\"@type\":\"PropertyValueSpecification\",\"valueRequired\":true,\"valueName\":\"search_term_string\"}}],\"inLanguage\":\"cs\"},{\"@type\":\"Organization\",\"@id\":\"https:\/\/www.dakarmania.cz\/#organization\",\"name\":\"DAKAR MANIA\",\"url\":\"https:\/\/www.dakarmania.cz\/\",\"logo\":{\"@type\":\"ImageObject\",\"inLanguage\":\"cs\",\"@id\":\"https:\/\/www.dakarmania.cz\/#\/schema\/logo\/image\/\",\"url\":\"https:\/\/www.dakarmania.cz\/wp-content\/uploads\/2018\/12\/Dakar-Mania-Logo-Square-Orange.png\",\"contentUrl\":\"https:\/\/www.dakarmania.cz\/wp-content\/uploads\/2018\/12\/Dakar-Mania-Logo-Square-Orange.png\",\"width\":992,\"height\":992,\"caption\":\"DAKAR MANIA\"},\"image\":{\"@id\":\"https:\/\/www.dakarmania.cz\/#\/schema\/logo\/image\/\"},\"sameAs\":[\"https:\/\/www.facebook.com\/dakarmania\/\"]},{\"@type\":\"Person\",\"@id\":\"https:\/\/www.dakarmania.cz\/#\/schema\/person\/04eb0e87a389631c2169c0dddae7ff1e\",\"name\":\"Zden\u011bk Zelenka\",\"image\":{\"@type\":\"ImageObject\",\"inLanguage\":\"cs\",\"@id\":\"https:\/\/www.dakarmania.cz\/#\/schema\/person\/image\/\",\"url\":\"https:\/\/secure.gravatar.com\/avatar\/2c80d5a4942fe0900b73cc7d3837a509d6ee0a276a2b76dac95c92bd0763a89b?s=96&d=mm&r=g\",\"contentUrl\":\"https:\/\/secure.gravatar.com\/avatar\/2c80d5a4942fe0900b73cc7d3837a509d6ee0a276a2b76dac95c92bd0763a89b?s=96&d=mm&r=g\",\"caption\":\"Zden\u011bk Zelenka\"},\"description\":\"Moji d\u011bt\u0161t\u00ed hrdinov\u00e9 se jmenovali Loprais, Moskal, Neveu, Vatanen, Rahier... A tihle borci, jejich n\u00e1sledovn\u00edci a jejich p\u0159\u00edb\u011bhy m\u011b nep\u0159estali fascinovat ani po letech, kdy jsem vyrostl a zam\u011bstn\u00e1valy m\u011b jin\u00e9 discipl\u00edny motorsportu. Proto se zrodila DAKARMANIA.\",\"url\":\"https:\/\/www.dakarmania.cz\/index.php\/author\/dakarmania\/\"}]}<\/script>\n<!-- \/ Yoast SEO plugin. -->","yoast_head_json":{"title":"Kazachst\u00e1n: Al-Attiyah dal \u0161anci soupe\u0159\u016fm, Przygo\u0144ski \u00fato\u010d\u00ed - DAKARMANIA.cz","description":"I t\u0159et\u00ed \u010das dne sta\u010dil ve \u010dtvrt\u00e9 etap\u011b Rally Kazakhstan 2019 Kubovi Przygo\u0144sk\u00e9mu s Mini k posunu na druhou p\u0159\u00ed\u010dku absolutn\u011b.","robots":{"index":"index","follow":"follow","max-snippet":"max-snippet:-1","max-image-preview":"max-image-preview:large","max-video-preview":"max-video-preview:-1"},"canonical":"https:\/\/www.dakarmania.cz\/index.php\/2019\/05\/30\/kazachstan-przygonski-utoci\/","og_locale":"cs_CZ","og_type":"article","og_title":"Kazachst\u00e1n: Al-Attiyah dal \u0161anci soupe\u0159\u016fm, Przygo\u0144ski \u00fato\u010d\u00ed - DAKARMANIA.cz","og_description":"I t\u0159et\u00ed \u010das dne sta\u010dil ve \u010dtvrt\u00e9 etap\u011b Rally Kazakhstan 2019 Kubovi Przygo\u0144sk\u00e9mu s Mini k posunu na druhou p\u0159\u00ed\u010dku absolutn\u011b.","og_url":"https:\/\/www.dakarmania.cz\/index.php\/2019\/05\/30\/kazachstan-przygonski-utoci\/","og_site_name":"DAKARMANIA.cz","article_publisher":"https:\/\/www.facebook.com\/dakarmania\/","article_published_time":"2019-05-30T11:58:37+00:00","article_modified_time":"2023-04-30T11:50:33+00:00","og_image":[{"width":1600,"height":1066,"url":"https:\/\/www.dakarmania.cz\/wp-content\/uploads\/2019\/05\/19-kazakhstan-przygonski-03.jpg","type":"image\/jpeg"}],"author":"Zden\u011bk Zelenka","twitter_card":"summary_large_image","twitter_misc":{"Napsal(a)":"Zden\u011bk Zelenka","Odhadovan\u00e1 doba \u010dten\u00ed":"5 minut"},"schema":{"@context":"https:\/\/schema.org","@graph":[{"@type":"Article","@id":"https:\/\/www.dakarmania.cz\/index.php\/2019\/05\/30\/kazachstan-przygonski-utoci\/#article","isPartOf":{"@id":"https:\/\/www.dakarmania.cz\/index.php\/2019\/05\/30\/kazachstan-przygonski-utoci\/"},"author":{"name":"Zden\u011bk Zelenka","@id":"https:\/\/www.dakarmania.cz\/#\/schema\/person\/04eb0e87a389631c2169c0dddae7ff1e"},"headline":"Kazachst\u00e1n: Al-Attiyah dal \u0161anci soupe\u0159\u016fm, Przygo\u0144ski \u00fato\u010d\u00ed","datePublished":"2019-05-30T11:58:37+00:00","dateModified":"2023-04-30T11:50:33+00:00","mainEntityOfPage":{"@id":"https:\/\/www.dakarmania.cz\/index.php\/2019\/05\/30\/kazachstan-przygonski-utoci\/"},"wordCount":1025,"publisher":{"@id":"https:\/\/www.dakarmania.cz\/#organization"},"image":{"@id":"https:\/\/www.dakarmania.cz\/index.php\/2019\/05\/30\/kazachstan-przygonski-utoci\/#primaryimage"},"thumbnailUrl":"https:\/\/www.dakarmania.cz\/wp-content\/uploads\/2019\/05\/19-kazakhstan-przygonski-03.jpg","keywords":["2019","Andrea Mayer","Andrea Peterhansel","Bernhard ten Brinke","Can-Am","Denis Krotov","Dirk von Zitzewitz","Dmitrij Cyro","Fjodor Vorobjov","Hummer","Kuba Przygo\u0144ski","Marek S\u00fdkora","Mathieu Baumel","Mini","Miroslav Zapletal","Nasser Al-Attiyah","Offroadsport","Orlen Team","Overdrive Racing","Rally Kazakhstan","Rally Kazakhstan 2019","Reinaldo Varela","SP FIA CCR","SP FIA CCR 2019","St\u00e9phane Peterhansel","Timo Gottschalk","Tom Colsoul","Toyota","Toyota Gazoo Racing","Toyota Gazoo Racing SA","X-raid","Yazeed Al-Rajhi"],"articleSection":["Auto","FIA SP CCR","Rally Kazakhstan"],"inLanguage":"cs"},{"@type":"WebPage","@id":"https:\/\/www.dakarmania.cz\/index.php\/2019\/05\/30\/kazachstan-przygonski-utoci\/","url":"https:\/\/www.dakarmania.cz\/index.php\/2019\/05\/30\/kazachstan-przygonski-utoci\/","name":"Kazachst\u00e1n: Al-Attiyah dal \u0161anci soupe\u0159\u016fm, Przygo\u0144ski \u00fato\u010d\u00ed - DAKARMANIA.cz","isPartOf":{"@id":"https:\/\/www.dakarmania.cz\/#website"},"primaryImageOfPage":{"@id":"https:\/\/www.dakarmania.cz\/index.php\/2019\/05\/30\/kazachstan-przygonski-utoci\/#primaryimage"},"image":{"@id":"https:\/\/www.dakarmania.cz\/index.php\/2019\/05\/30\/kazachstan-przygonski-utoci\/#primaryimage"},"thumbnailUrl":"https:\/\/www.dakarmania.cz\/wp-content\/uploads\/2019\/05\/19-kazakhstan-przygonski-03.jpg","datePublished":"2019-05-30T11:58:37+00:00","dateModified":"2023-04-30T11:50:33+00:00","description":"I t\u0159et\u00ed \u010das dne sta\u010dil ve \u010dtvrt\u00e9 etap\u011b Rally Kazakhstan 2019 Kubovi Przygo\u0144sk\u00e9mu s Mini k posunu na druhou p\u0159\u00ed\u010dku absolutn\u011b.","breadcrumb":{"@id":"https:\/\/www.dakarmania.cz\/index.php\/2019\/05\/30\/kazachstan-przygonski-utoci\/#breadcrumb"},"inLanguage":"cs","potentialAction":[{"@type":"ReadAction","target":["https:\/\/www.dakarmania.cz\/index.php\/2019\/05\/30\/kazachstan-przygonski-utoci\/"]}]},{"@type":"ImageObject","inLanguage":"cs","@id":"https:\/\/www.dakarmania.cz\/index.php\/2019\/05\/30\/kazachstan-przygonski-utoci\/#primaryimage","url":"https:\/\/www.dakarmania.cz\/wp-content\/uploads\/2019\/05\/19-kazakhstan-przygonski-03.jpg","contentUrl":"https:\/\/www.dakarmania.cz\/wp-content\/uploads\/2019\/05\/19-kazakhstan-przygonski-03.jpg","width":1600,"height":1066,"caption":"Kuba Przygo\u0144ski\/Timo Gottschalk, Mini JCW Rally, Orlen Team\/X-raid. Rally Kazakhstan 2019. \u00a9 X-raid"},{"@type":"BreadcrumbList","@id":"https:\/\/www.dakarmania.cz\/index.php\/2019\/05\/30\/kazachstan-przygonski-utoci\/#breadcrumb","itemListElement":[{"@type":"ListItem","position":1,"name":"Dom\u016f","item":"https:\/\/www.dakarmania.cz\/"},{"@type":"ListItem","position":2,"name":"Kazachst\u00e1n: Al-Attiyah dal \u0161anci soupe\u0159\u016fm, Przygo\u0144ski \u00fato\u010d\u00ed"}]},{"@type":"WebSite","@id":"https:\/\/www.dakarmania.cz\/#website","url":"https:\/\/www.dakarmania.cz\/","name":"DAKARMANIA.cz","description":"\u017dijeme Dakarem cel\u00fd rok","publisher":{"@id":"https:\/\/www.dakarmania.cz\/#organization"},"potentialAction":[{"@type":"SearchAction","target":{"@type":"EntryPoint","urlTemplate":"https:\/\/www.dakarmania.cz\/?s={search_term_string}"},"query-input":{"@type":"PropertyValueSpecification","valueRequired":true,"valueName":"search_term_string"}}],"inLanguage":"cs"},{"@type":"Organization","@id":"https:\/\/www.dakarmania.cz\/#organization","name":"DAKAR MANIA","url":"https:\/\/www.dakarmania.cz\/","logo":{"@type":"ImageObject","inLanguage":"cs","@id":"https:\/\/www.dakarmania.cz\/#\/schema\/logo\/image\/","url":"https:\/\/www.dakarmania.cz\/wp-content\/uploads\/2018\/12\/Dakar-Mania-Logo-Square-Orange.png","contentUrl":"https:\/\/www.dakarmania.cz\/wp-content\/uploads\/2018\/12\/Dakar-Mania-Logo-Square-Orange.png","width":992,"height":992,"caption":"DAKAR MANIA"},"image":{"@id":"https:\/\/www.dakarmania.cz\/#\/schema\/logo\/image\/"},"sameAs":["https:\/\/www.facebook.com\/dakarmania\/"]},{"@type":"Person","@id":"https:\/\/www.dakarmania.cz\/#\/schema\/person\/04eb0e87a389631c2169c0dddae7ff1e","name":"Zden\u011bk Zelenka","image":{"@type":"ImageObject","inLanguage":"cs","@id":"https:\/\/www.dakarmania.cz\/#\/schema\/person\/image\/","url":"https:\/\/secure.gravatar.com\/avatar\/2c80d5a4942fe0900b73cc7d3837a509d6ee0a276a2b76dac95c92bd0763a89b?s=96&d=mm&r=g","contentUrl":"https:\/\/secure.gravatar.com\/avatar\/2c80d5a4942fe0900b73cc7d3837a509d6ee0a276a2b76dac95c92bd0763a89b?s=96&d=mm&r=g","caption":"Zden\u011bk Zelenka"},"description":"Moji d\u011bt\u0161t\u00ed hrdinov\u00e9 se jmenovali Loprais, Moskal, Neveu, Vatanen, Rahier... A tihle borci, jejich n\u00e1sledovn\u00edci a jejich p\u0159\u00edb\u011bhy m\u011b nep\u0159estali fascinovat ani po letech, kdy jsem vyrostl a zam\u011bstn\u00e1valy m\u011b jin\u00e9 discipl\u00edny motorsportu. Proto se zrodila DAKARMANIA.","url":"https:\/\/www.dakarmania.cz\/index.php\/author\/dakarmania\/"}]}},"amp_enabled":true,"_links":{"self":[{"href":"https:\/\/www.dakarmania.cz\/index.php\/wp-json\/wp\/v2\/posts\/7025","targetHints":{"allow":["GET"]}}],"collection":[{"href":"https:\/\/www.dakarmania.cz\/index.php\/wp-json\/wp\/v2\/posts"}],"about":[{"href":"https:\/\/www.dakarmania.cz\/index.php\/wp-json\/wp\/v2\/types\/post"}],"author":[{"embeddable":true,"href":"https:\/\/www.dakarmania.cz\/index.php\/wp-json\/wp\/v2\/users\/1"}],"replies":[{"embeddable":true,"href":"https:\/\/www.dakarmania.cz\/index.php\/wp-json\/wp\/v2\/comments?post=7025"}],"version-history":[{"count":15,"href":"https:\/\/www.dakarmania.cz\/index.php\/wp-json\/wp\/v2\/posts\/7025\/revisions"}],"predecessor-version":[{"id":12738,"href":"https:\/\/www.dakarmania.cz\/index.php\/wp-json\/wp\/v2\/posts\/7025\/revisions\/12738"}],"wp:featuredmedia":[{"embeddable":true,"href":"https:\/\/www.dakarmania.cz\/index.php\/wp-json\/wp\/v2\/media\/7020"}],"wp:attachment":[{"href":"https:\/\/www.dakarmania.cz\/index.php\/wp-json\/wp\/v2\/media?parent=7025"}],"wp:term":[{"taxonomy":"category","embeddable":true,"href":"https:\/\/www.dakarmania.cz\/index.php\/wp-json\/wp\/v2\/categories?post=7025"},{"taxonomy":"post_tag","embeddable":true,"href":"https:\/\/www.dakarmania.cz\/index.php\/wp-json\/wp\/v2\/tags?post=7025"}],"curies":[{"name":"wp","href":"https:\/\/api.w.org\/{rel}","templated":true}]}}