{"id":716,"date":"2018-11-15T23:19:50","date_gmt":"2018-11-15T23:19:50","guid":{"rendered":"http:\/\/www.dakarmania.cz\/?p=716"},"modified":"2023-01-30T21:00:03","modified_gmt":"2023-01-30T20:00:03","slug":"dakar-2019-klymciw-racing-predstavil-slozeni-tymu","status":"publish","type":"post","link":"https:\/\/www.dakarmania.cz\/index.php\/2018\/11\/15\/dakar-2019-klymciw-racing-predstavil-slozeni-tymu\/","title":{"rendered":"Dakar 2019: Klym\u010diw Racing p\u0159edstavil slo\u017een\u00ed t\u00fdmu"},"content":{"rendered":"\r\n<h4 class=\"wp-block-heading\">B\u011bhem dne\u0161n\u00edho ve\u010dera byl v pardubick\u00e9m klubu \u017dlut\u00fd pes prezentov\u00e1n t\u00fdm Klym\u010diw Racing pro 41. ro\u010dn\u00edk rallye Dakar. Krom\u011b p\u0159edstaven\u00ed jezdc\u016f promluvil Ond\u0159ej Klym\u010diw tak\u00e9 o sv\u00fdch aktivit\u00e1ch, kter\u00e9 na Dakaru bude m\u00edt.<\/h4>\r\n\r\n\r\n\r\n<p>Posledn\u00edch p\u00e1r m\u011bs\u00edc\u016f str\u00e1vil t\u00fdm Klym\u010diw Racing p\u0159\u00edpravami na 41. ro\u010dn\u00edk rallye Dakar, kter\u00e1 se rozjede op\u011bt v lednu v Ji\u017en\u00ed Americe. Pracovalo se na motork\u00e1ch, ale tak\u00e9 na kamionu a druh\u00e9m doprovodn\u00e9m vozidle, aby se v\u0161e v po\u0159\u00e1dku poslalo na dalekou plavbu p\u0159es oce\u00e1n.<\/p>\r\n\r\n\r\n\r\n<p>S p\u0159\u00edpravami tak\u00e9 souviselo p\u0159edstaven\u00ed t\u00fdmu fanou\u0161k\u016fm a novin\u00e1\u0159\u016fm, kter\u00e9 prob\u011bhlo ve \u010dtvrtek 15. listopadu 2019 v klubu \u017dlut\u00fd pes v Pardubic\u00edch.<\/p>\r\n\r\n\r\n\r\n<p>Samoz\u0159ejm\u011b, \u017ee nejv\u00edce pov\u011bd\u011bl Ond\u0159ej Klym\u010diw, kter\u00fd kv\u016fli nedol\u00e9\u010den\u00e9mu zran\u011bn\u00ed nem\u016f\u017ee na Dakaru 2019 startovat, nicm\u00e9n\u011b do Peru odlet\u00ed jako mana\u017eer sv\u00e9ho t\u00fdmu.<\/p>\r\n\r\n\r\n\r\n<p><em>\u201eV\u0161echny motorky u\u017e m\u00e1me p\u0159ipraven\u00e9, v\u010detn\u011b polep\u016f, kter\u00e9 si nyn\u00ed m\u016f\u017eete prohl\u00e9dnout. Mysl\u00edm, \u017ee vypadaj\u00ed op\u011bt moc hezky. Krom\u011b nich m\u00e1me kompletn\u011b p\u0159ipraven\u00fd kamion a druh\u00e9 auto, nav\u00edc se v\u0161e poda\u0159ilo stihnout s t\u00fddenn\u00edm p\u0159edstihem, co\u017e je super,\u201c<\/em> \u0159ekl <strong>Ond\u0159ej Klym\u010diw<\/strong> na \u00favod.<\/p>\r\n\r\n\r\n\r\n<p>Ondra pot\u00e9 pov\u011bd\u011bl p\u00e1r slov k jezdeck\u00e9mu slo\u017een\u00ed t\u00fdmu Klym\u010diw Racing pro Dakar 2019, kter\u00e9 je mezin\u00e1rodn\u00ed.<\/p>\r\n\r\n\r\n\r\n<p><strong>Petr Vl\u010dek<\/strong> je st\u00e1lic\u00ed t\u00fdmu a jede na sv\u016fj ji\u017e t\u0159et\u00ed Dakar.<\/p>\r\n\r\n\r\n\r\n<p><em>\u201eDouf\u00e1m, \u017ee mu to do t\u0159etice v \u0159ad\u011b vyjde dob\u0159e,\u201c<\/em> \u0159ekl <strong>Ond\u0159ej Klym\u010diw<\/strong>. <em>\u201eRozhodn\u011b bude \u00fasp\u011b\u0161n\u011bj\u0161\u00ed ne\u017e j\u00e1, proto\u017ee j\u00e1 to m\u00e1m p\u0159esn\u011b 50:50. &#8216;And\u011bl&#8217; v\u00ed, do \u010deho jde. V t\u00fdmu m\u00e1 nejv\u00edce z\u00e1sluh. P\u0159ipravili jsme mu model 2019, tak\u017ee m\u00e1 \u00fapln\u011b nejnov\u011bj\u0161\u00ed motorku. Ostatn\u00ed maj\u00ed tak\u00e9 nov\u00e9 motorky, ale jsou to modely 2018.\u201c<\/em><\/p>\r\n\r\n\r\n\r\n<p><strong>Gee Motzkin<\/strong> je nejen nov\u00e1\u010dkem v t\u00fdmu, ale tak\u00e9 nov\u00e1\u010dkem na Dakaru, tak\u017ee p\u016fjde hlavn\u011b o sb\u00edr\u00e1n\u00ed zku\u0161enost\u00ed.<\/p>\r\n\r\n\r\n\r\n<p><em>\u201eGee je kluk s izraelsk\u00fdm ob\u010danstv\u00edm, ale \u017eije v New Yorku,\u201c<\/em> vysv\u011btluje <strong>Klym\u010diw<\/strong>. <em>\u201eBude to jeho prvn\u00ed Dakar, tak\u017ee nep\u016fjde o um\u00edst\u011bn\u00ed, ale o nasb\u00edr\u00e1n\u00ed co nejv\u00edce zku\u0161enost\u00ed, proto\u017ee je na za\u010d\u00e1tku sv\u00e9 kari\u00e9ry. Nicm\u00e9n\u011b je to \u010dlov\u011bk s jasn\u00fdm tahem na branku a kdy\u017e si d\u00e1 c\u00edl, tak ud\u011bl\u00e1 v\u0161echno proto, aby se k n\u011bmu dostal.\u201c<\/em><\/p>\r\n\r\n\r\n\r\n<p>Gee se nyn\u00ed mus\u00ed vypo\u0159\u00e1dat se zran\u011bn\u00edm, ale na Dakar by m\u011bl b\u00fdt u\u017e 100% fit.<\/p>\r\n\r\n\r\n\r\n<p><em>\u201eNyn\u00ed m\u00e1 bohu\u017eel zlomenou kl\u00ed\u010dn\u00ed kost a \u010dek\u00e1 ho operace, ale jde o ban\u00e1ln\u00ed zlomeninu, tak\u017ee dostane dva \u0161roubky a za dva m\u011bs\u00edce bude pln\u011b p\u0159ipraven. Stihlo by to sr\u016fst i bez operace, ale takhle bude moci za\u010d\u00edt d\u0159\u00edve s tr\u00e9ninkem.\u201c<\/em><\/p>\r\n\r\n\r\n\r\n<p>Velk\u00fd talent v dosavadn\u00ed kari\u00e9\u0159e p\u0159edvedl mlad\u00fd jezdec <strong>Skyler Howes<\/strong>, kter\u00fd by r\u00e1d zaujal i tov\u00e1rn\u00ed t\u00fdmy.<\/p>\r\n\r\n\r\n\r\n<p><em>\u201eSkyler je mlad\u00fd kluk, je mu 26 let a je nadan\u00fd. Startovn\u00e9 si vyjel v\u00edt\u011bzstv\u00edm v z\u00e1vod\u011b Sonora rally a to u\u017e n\u011bco znamen\u00e1,\u201c<\/em> chv\u00e1l\u00ed sv\u00e9ho jezdce <strong>Ond\u0159ej Klym\u010diw<\/strong>. <em>\u201eNa pou\u0161tn\u00edch z\u00e1vodech p\u0159edj\u00ed\u017ed\u00ed i tov\u00e1rn\u00ed jezdce, tak\u017ee je to velice nad\u011bjn\u00fd kluk, nav\u00edc to m\u00e1 v hlav\u011b srovnan\u00e9. V\u00ed, \u017ee je to jeho \u017eivotn\u00ed \u0161ance se dostat do tov\u00e1rn\u00edho t\u00fdmu.\u201c<\/em><\/p>\r\n\r\n\r\n\r\n<p><em>\u201eMotorku m\u00e1 v pln\u011b tov\u00e1rn\u00ed v\u00fdbav\u011b, tak\u017ee m\u00e1 na ten nejlep\u0161\u00ed v\u00fdsledek. Na druhou stranu se o n\u011bj trochu boj\u00edm, proto\u017ee nev\u00edm, zda mu r\u00e1no poradit, aby tahal a nebo aby hlavn\u011b dojel. U\u017e o n\u011bj projevila z\u00e1jem Honda a trochu tak\u00e9 KTM, tak\u017ee v\u00ed, \u017ee jim to pot\u0159ebujeme uk\u00e1zat. Skyler se ani netaj\u00ed t\u00edm, \u017ee by r\u00e1d nakoukl do patn\u00e1ctky, co\u017e by bylo v t\u00e9to konkurenci a na prvn\u00edm Dakaru p\u016fsobiv\u00e9.\u201c<\/em><\/p>\r\n\r\n\r\n\r\n<p>T\u0159et\u00edm zahrani\u010dn\u00edm z\u00e1vodn\u00edkem je <strong>Garret Poucher<\/strong>, kter\u00fd m\u00e1 naopak bohat\u00e9 zku\u0161enosti.<\/p>\r\n\r\n\r\n\r\n<p><em>\u201eGarret je zku\u0161en\u00fd pou\u0161tn\u00ed maz\u00e1k. Mysl\u00edm, \u017ee tak\u00e9 zajede velmi dob\u0159e, ale u\u017e m\u00e1 rodinu, tak\u017ee by mohl jet hlavou, teda sp\u00ed\u0161 v to douf\u00e1m,\u201c<\/em> uvedl se sm\u00edchem <strong>Klym\u010diw<\/strong>. <em>\u201eJinak kluci pojedou kompletn\u011b v m\u00fdch barv\u00e1ch s m\u00fdmi sponzory, tak\u017ee budou na\u0161e motorky dob\u0159e poznat.<\/em><strong><em>\u201c<\/em><\/strong><\/p>\r\n\r\n\r\n\r\n<p>Krom\u011b podpory zm\u00edn\u011bn\u00fdch jezdc\u016f pokra\u010duje tak\u00e9 <a href=\"http:\/\/www.dakarmania.cz\/index.php\/2018\/11\/23\/dakar-2019-novotnou-potrapila-zraneni-ale-je-pripravena\/\">spolupr\u00e1ce s Gabrielou Novotnou<\/a>, kter\u00e1 jela loni sv\u016fj prvn\u00ed Dakar.<\/p>\r\n\r\n\r\n\r\n<p><em>\u201eD\u00e1le budeme poskytovat technickou podporu Gabriele Novotn\u00e9, kter\u00e1 si jinak jede ve sv\u00e9m t\u00fdmu Indigo Racing. My j\u00ed pouze zprost\u0159edkov\u00e1v\u00e1me servis. Ud\u011bl\u00e1me maximum proto, aby v\u0161e fungovalo tak, jak m\u00e1,\u201c<\/em> dodal mana\u017eer t\u00fdmu.<\/p>\r\n\r\n\r\n\r\n<p>Samoz\u0159ejm\u011b, \u017ee t\u00fdm nen\u00ed jen o jezdc\u00edch, ale tak\u00e9 mechanic\u00edch a lidech, kte\u0159\u00ed jim budou poskytovat co nejlep\u0161\u00ed z\u00e1zem\u00ed.<\/p>\r\n\r\n\r\n\r\n<p><em>\u201eKrom\u011b m\u011b s n\u00e1mi jede Petr Dokonal jako druh\u00fd mechanik, kter\u00e9ho \u010dek\u00e1 t\u0159et\u00ed Dakar. Z\u00e1lo\u017en\u00edm mechanikem a takovou holkou pro v\u0161echno bude Michal Votroubek, n\u011bkolikan\u00e1sobn\u00fd mistr republiky v motokrosu a superkrosu. Je \u0161ikovn\u00fd a hlavn\u011b dobr\u00fd kluk do party. Letos pojede tak\u00e9 moje \u017eena Tereza, aby m\u011bli kluci 100% servis. Pro z\u00e1zem\u00ed budeme m\u00edt kamion a velkou asisten\u010dn\u00ed dod\u00e1vku,<\/em><strong><em>\u201c<\/em>\u00a0<\/strong>popsal <strong>Ond\u0159ej Klym\u010diw<\/strong>. <strong><em>\u201e<\/em><\/strong><em>Pod na\u0161\u00edm t\u00fdmem pojede tak\u00e9 televize Prima s po\u0159adem Autosalon, kter\u00fdm zabezpe\u010dujeme z\u00e1zem\u00ed.\u201c<\/em><\/p>\r\n\r\n\r\n\r\n<p>Ji\u017e d\u0159\u00edve jsme informovali o tom, \u017ee se Ond\u0159ej Klym\u010diw letos zhost\u00ed role mana\u017eera t\u00fdmu, nicm\u00e9n\u011b t\u00edm jeho funkce na Rally Dakar 2019 nekon\u010d\u00ed a v Peru se docela zapot\u00ed.<\/p>\r\n\r\n\r\n\r\n<p><em>\u201eJak jsem zm\u00ednil, j\u00e1 pojedu jako mana\u017eer a z\u00e1rove\u0148 jako mechanik, nicm\u00e9n\u011b t\u00edm moje role nekon\u010d\u00ed. Budu moder\u00e1torem pro \u010ceskou televizi. Byl jsem po\u017e\u00e1d\u00e1n, abych d\u011blal rozhovory, ale trochu jinak, ne\u017e to bylo doposud, tak\u017ee budu chodit za zahrani\u010dn\u00edmi jezdci, v\u00edt\u011bzi etap \u010di n\u011bk\u00fdm dal\u0161\u00edm zaj\u00edmav\u00fdm, kdo t\u0159eba skon\u010dil kv\u016fli technick\u00e9 poru\u0161e. Mimo kameramana TV Prima s n\u00e1mi jede i n\u00e1\u0161 kameraman, kter\u00fd bude monitorovat cel\u00fd t\u00fdm a z\u00e1kulis\u00ed Dakaru. T\u00fdmov\u00e1 videa budeme umis\u0165ovat na m\u016fj YouTube kan\u00e1l, tak\u017ee se m\u016f\u017eete t\u011b\u0161it na spoustu v\u011bc\u00ed. Asi se tam rozkr\u00e1j\u00edm: mana\u017eer, mechanik, moder\u00e1tor pro \u010cT, moder\u00e1tor na n\u00e1\u0161 YouTube kan\u00e1l atd. Ur\u010dit\u011b to bude ostr\u00fdch 12 dn\u00ed. Mysl\u00edm, \u017ee by se v\u00e1m to mohlo l\u00edbit.\u201c<\/em><\/p>\r\n\r\n\r\n\r\n<p>Motorka Ond\u0159eje Klym\u010diwa bude tradi\u010dn\u011b zdobit studio \u010cesk\u00e9 televize p\u0159i vys\u00edl\u00e1n\u00ed aktualit z Dakaru.<\/p>\r\n\r\n\r\n\r\n<p>Zdroj: Tiskov\u00e1 zpr\u00e1va t\u00fdmu Klym\u010diw Racing<\/p>\r\n","protected":false},"excerpt":{"rendered":"<p>T\u00fdm Klym\u010diw Racing nasad\u00ed do Rally Dakar 2019 \u010dty\u0159i jezdce v kategorii motocykl\u016f.<\/p>\n","protected":false},"author":3,"featured_media":717,"comment_status":"closed","ping_status":"closed","sticky":false,"template":"","format":"standard","meta":{"footnotes":""},"categories":[637],"tags":[8,9,58,62,60,64,57,63,56,59,61],"class_list":["post-716","post","type-post","status-publish","format-standard","has-post-thumbnail","hentry","category-tiskove-zpravy","tag-dakar","tag-dakar-2019","tag-gabriela-novotna","tag-garret-poucher","tag-gee-motzkin","tag-husqvarna","tag-klymciw-racing","tag-ktm","tag-ondrej-klymciw","tag-petr-vlcek","tag-skyler-howes"],"yoast_head":"<!-- This site is optimized with the Yoast SEO plugin v24.9 - https:\/\/yoast.com\/wordpress\/plugins\/seo\/ -->\n<title>Dakar 2019: Klym\u010diw Racing p\u0159edstavil slo\u017een\u00ed t\u00fdmu - DAKARMANIA.cz<\/title>\n<meta name=\"description\" content=\"T\u00fdm Klym\u010diw Racing nasad\u00ed do Rally Dakar 2019 \u010dty\u0159i jezdce v kategorii motocykl\u016f.\" \/>\n<meta name=\"robots\" content=\"index, follow, max-snippet:-1, max-image-preview:large, max-video-preview:-1\" \/>\n<link rel=\"canonical\" href=\"https:\/\/www.dakarmania.cz\/index.php\/2018\/11\/15\/dakar-2019-klymciw-racing-predstavil-slozeni-tymu\/\" \/>\n<meta property=\"og:locale\" content=\"cs_CZ\" \/>\n<meta property=\"og:type\" content=\"article\" \/>\n<meta property=\"og:title\" content=\"Dakar 2019: Klym\u010diw Racing p\u0159edstavil slo\u017een\u00ed t\u00fdmu - DAKARMANIA.cz\" \/>\n<meta property=\"og:description\" content=\"T\u00fdm Klym\u010diw Racing nasad\u00ed do Rally Dakar 2019 \u010dty\u0159i jezdce v kategorii motocykl\u016f.\" \/>\n<meta property=\"og:url\" content=\"https:\/\/www.dakarmania.cz\/index.php\/2018\/11\/15\/dakar-2019-klymciw-racing-predstavil-slozeni-tymu\/\" \/>\n<meta property=\"og:site_name\" content=\"DAKARMANIA.cz\" \/>\n<meta property=\"article:publisher\" content=\"https:\/\/www.facebook.com\/dakarmania\/\" \/>\n<meta property=\"article:published_time\" content=\"2018-11-15T23:19:50+00:00\" \/>\n<meta property=\"article:modified_time\" content=\"2023-01-30T20:00:03+00:00\" \/>\n<meta property=\"og:image\" content=\"https:\/\/www.dakarmania.cz\/wp-content\/uploads\/2018\/12\/klymciw-racing.jpg\" \/>\n\t<meta property=\"og:image:width\" content=\"1024\" \/>\n\t<meta property=\"og:image:height\" content=\"768\" \/>\n\t<meta property=\"og:image:type\" content=\"image\/jpeg\" \/>\n<meta name=\"author\" content=\"tiskov\u00e1 zpr\u00e1va\" \/>\n<meta name=\"twitter:card\" content=\"summary_large_image\" \/>\n<meta name=\"twitter:label1\" content=\"Napsal(a)\" \/>\n\t<meta name=\"twitter:data1\" content=\"tiskov\u00e1 zpr\u00e1va\" \/>\n\t<meta name=\"twitter:label2\" content=\"Odhadovan\u00e1 doba \u010dten\u00ed\" \/>\n\t<meta name=\"twitter:data2\" content=\"5 minut\" \/>\n<script type=\"application\/ld+json\" class=\"yoast-schema-graph\">{\"@context\":\"https:\/\/schema.org\",\"@graph\":[{\"@type\":\"Article\",\"@id\":\"https:\/\/www.dakarmania.cz\/index.php\/2018\/11\/15\/dakar-2019-klymciw-racing-predstavil-slozeni-tymu\/#article\",\"isPartOf\":{\"@id\":\"https:\/\/www.dakarmania.cz\/index.php\/2018\/11\/15\/dakar-2019-klymciw-racing-predstavil-slozeni-tymu\/\"},\"author\":{\"name\":\"tiskov\u00e1 zpr\u00e1va\",\"@id\":\"https:\/\/www.dakarmania.cz\/#\/schema\/person\/bce8d1fe3633b1178e150fc5e340d5dd\"},\"headline\":\"Dakar 2019: Klym\u010diw Racing p\u0159edstavil slo\u017een\u00ed t\u00fdmu\",\"datePublished\":\"2018-11-15T23:19:50+00:00\",\"dateModified\":\"2023-01-30T20:00:03+00:00\",\"mainEntityOfPage\":{\"@id\":\"https:\/\/www.dakarmania.cz\/index.php\/2018\/11\/15\/dakar-2019-klymciw-racing-predstavil-slozeni-tymu\/\"},\"wordCount\":1215,\"publisher\":{\"@id\":\"https:\/\/www.dakarmania.cz\/#organization\"},\"image\":{\"@id\":\"https:\/\/www.dakarmania.cz\/index.php\/2018\/11\/15\/dakar-2019-klymciw-racing-predstavil-slozeni-tymu\/#primaryimage\"},\"thumbnailUrl\":\"https:\/\/www.dakarmania.cz\/wp-content\/uploads\/2018\/12\/klymciw-racing.jpg\",\"keywords\":[\"Dakar\",\"Dakar 2019\",\"Gabriela Novotn\u00e1\",\"Garret Poucher\",\"Gee Motzkin\",\"Husqvarna\",\"Klym\u010diw Racing\",\"KTM\",\"Ond\u0159ej Klym\u010diw\",\"Petr Vl\u010dek\",\"Skyler Howes\"],\"articleSection\":[\"Tiskov\u00e9 zpr\u00e1vy\"],\"inLanguage\":\"cs\"},{\"@type\":\"WebPage\",\"@id\":\"https:\/\/www.dakarmania.cz\/index.php\/2018\/11\/15\/dakar-2019-klymciw-racing-predstavil-slozeni-tymu\/\",\"url\":\"https:\/\/www.dakarmania.cz\/index.php\/2018\/11\/15\/dakar-2019-klymciw-racing-predstavil-slozeni-tymu\/\",\"name\":\"Dakar 2019: Klym\u010diw Racing p\u0159edstavil slo\u017een\u00ed t\u00fdmu - DAKARMANIA.cz\",\"isPartOf\":{\"@id\":\"https:\/\/www.dakarmania.cz\/#website\"},\"primaryImageOfPage\":{\"@id\":\"https:\/\/www.dakarmania.cz\/index.php\/2018\/11\/15\/dakar-2019-klymciw-racing-predstavil-slozeni-tymu\/#primaryimage\"},\"image\":{\"@id\":\"https:\/\/www.dakarmania.cz\/index.php\/2018\/11\/15\/dakar-2019-klymciw-racing-predstavil-slozeni-tymu\/#primaryimage\"},\"thumbnailUrl\":\"https:\/\/www.dakarmania.cz\/wp-content\/uploads\/2018\/12\/klymciw-racing.jpg\",\"datePublished\":\"2018-11-15T23:19:50+00:00\",\"dateModified\":\"2023-01-30T20:00:03+00:00\",\"description\":\"T\u00fdm Klym\u010diw Racing nasad\u00ed do Rally Dakar 2019 \u010dty\u0159i jezdce v kategorii motocykl\u016f.\",\"breadcrumb\":{\"@id\":\"https:\/\/www.dakarmania.cz\/index.php\/2018\/11\/15\/dakar-2019-klymciw-racing-predstavil-slozeni-tymu\/#breadcrumb\"},\"inLanguage\":\"cs\",\"potentialAction\":[{\"@type\":\"ReadAction\",\"target\":[\"https:\/\/www.dakarmania.cz\/index.php\/2018\/11\/15\/dakar-2019-klymciw-racing-predstavil-slozeni-tymu\/\"]}]},{\"@type\":\"ImageObject\",\"inLanguage\":\"cs\",\"@id\":\"https:\/\/www.dakarmania.cz\/index.php\/2018\/11\/15\/dakar-2019-klymciw-racing-predstavil-slozeni-tymu\/#primaryimage\",\"url\":\"https:\/\/www.dakarmania.cz\/wp-content\/uploads\/2018\/12\/klymciw-racing.jpg\",\"contentUrl\":\"https:\/\/www.dakarmania.cz\/wp-content\/uploads\/2018\/12\/klymciw-racing.jpg\",\"width\":1024,\"height\":768},{\"@type\":\"BreadcrumbList\",\"@id\":\"https:\/\/www.dakarmania.cz\/index.php\/2018\/11\/15\/dakar-2019-klymciw-racing-predstavil-slozeni-tymu\/#breadcrumb\",\"itemListElement\":[{\"@type\":\"ListItem\",\"position\":1,\"name\":\"Dom\u016f\",\"item\":\"https:\/\/www.dakarmania.cz\/\"},{\"@type\":\"ListItem\",\"position\":2,\"name\":\"Dakar 2019: Klym\u010diw Racing p\u0159edstavil slo\u017een\u00ed t\u00fdmu\"}]},{\"@type\":\"WebSite\",\"@id\":\"https:\/\/www.dakarmania.cz\/#website\",\"url\":\"https:\/\/www.dakarmania.cz\/\",\"name\":\"DAKARMANIA.cz\",\"description\":\"\u017dijeme Dakarem cel\u00fd rok\",\"publisher\":{\"@id\":\"https:\/\/www.dakarmania.cz\/#organization\"},\"potentialAction\":[{\"@type\":\"SearchAction\",\"target\":{\"@type\":\"EntryPoint\",\"urlTemplate\":\"https:\/\/www.dakarmania.cz\/?s={search_term_string}\"},\"query-input\":{\"@type\":\"PropertyValueSpecification\",\"valueRequired\":true,\"valueName\":\"search_term_string\"}}],\"inLanguage\":\"cs\"},{\"@type\":\"Organization\",\"@id\":\"https:\/\/www.dakarmania.cz\/#organization\",\"name\":\"DAKAR MANIA\",\"url\":\"https:\/\/www.dakarmania.cz\/\",\"logo\":{\"@type\":\"ImageObject\",\"inLanguage\":\"cs\",\"@id\":\"https:\/\/www.dakarmania.cz\/#\/schema\/logo\/image\/\",\"url\":\"https:\/\/www.dakarmania.cz\/wp-content\/uploads\/2018\/12\/Dakar-Mania-Logo-Square-Orange.png\",\"contentUrl\":\"https:\/\/www.dakarmania.cz\/wp-content\/uploads\/2018\/12\/Dakar-Mania-Logo-Square-Orange.png\",\"width\":992,\"height\":992,\"caption\":\"DAKAR MANIA\"},\"image\":{\"@id\":\"https:\/\/www.dakarmania.cz\/#\/schema\/logo\/image\/\"},\"sameAs\":[\"https:\/\/www.facebook.com\/dakarmania\/\"]},{\"@type\":\"Person\",\"@id\":\"https:\/\/www.dakarmania.cz\/#\/schema\/person\/bce8d1fe3633b1178e150fc5e340d5dd\",\"name\":\"tiskov\u00e1 zpr\u00e1va\",\"image\":{\"@type\":\"ImageObject\",\"inLanguage\":\"cs\",\"@id\":\"https:\/\/www.dakarmania.cz\/#\/schema\/person\/image\/\",\"url\":\"https:\/\/secure.gravatar.com\/avatar\/19aefcb6c7bfae691fca4d805686c670f59bb4f7414c7b398b88dc9c8f4e96d5?s=96&d=mm&r=g\",\"contentUrl\":\"https:\/\/secure.gravatar.com\/avatar\/19aefcb6c7bfae691fca4d805686c670f59bb4f7414c7b398b88dc9c8f4e96d5?s=96&d=mm&r=g\",\"caption\":\"tiskov\u00e1 zpr\u00e1va\"},\"url\":\"https:\/\/www.dakarmania.cz\/index.php\/author\/tiskovezpravy\/\"}]}<\/script>\n<!-- \/ Yoast SEO plugin. -->","yoast_head_json":{"title":"Dakar 2019: Klym\u010diw Racing p\u0159edstavil slo\u017een\u00ed t\u00fdmu - DAKARMANIA.cz","description":"T\u00fdm Klym\u010diw Racing nasad\u00ed do Rally Dakar 2019 \u010dty\u0159i jezdce v kategorii motocykl\u016f.","robots":{"index":"index","follow":"follow","max-snippet":"max-snippet:-1","max-image-preview":"max-image-preview:large","max-video-preview":"max-video-preview:-1"},"canonical":"https:\/\/www.dakarmania.cz\/index.php\/2018\/11\/15\/dakar-2019-klymciw-racing-predstavil-slozeni-tymu\/","og_locale":"cs_CZ","og_type":"article","og_title":"Dakar 2019: Klym\u010diw Racing p\u0159edstavil slo\u017een\u00ed t\u00fdmu - DAKARMANIA.cz","og_description":"T\u00fdm Klym\u010diw Racing nasad\u00ed do Rally Dakar 2019 \u010dty\u0159i jezdce v kategorii motocykl\u016f.","og_url":"https:\/\/www.dakarmania.cz\/index.php\/2018\/11\/15\/dakar-2019-klymciw-racing-predstavil-slozeni-tymu\/","og_site_name":"DAKARMANIA.cz","article_publisher":"https:\/\/www.facebook.com\/dakarmania\/","article_published_time":"2018-11-15T23:19:50+00:00","article_modified_time":"2023-01-30T20:00:03+00:00","og_image":[{"width":1024,"height":768,"url":"https:\/\/www.dakarmania.cz\/wp-content\/uploads\/2018\/12\/klymciw-racing.jpg","type":"image\/jpeg"}],"author":"tiskov\u00e1 zpr\u00e1va","twitter_card":"summary_large_image","twitter_misc":{"Napsal(a)":"tiskov\u00e1 zpr\u00e1va","Odhadovan\u00e1 doba \u010dten\u00ed":"5 minut"},"schema":{"@context":"https:\/\/schema.org","@graph":[{"@type":"Article","@id":"https:\/\/www.dakarmania.cz\/index.php\/2018\/11\/15\/dakar-2019-klymciw-racing-predstavil-slozeni-tymu\/#article","isPartOf":{"@id":"https:\/\/www.dakarmania.cz\/index.php\/2018\/11\/15\/dakar-2019-klymciw-racing-predstavil-slozeni-tymu\/"},"author":{"name":"tiskov\u00e1 zpr\u00e1va","@id":"https:\/\/www.dakarmania.cz\/#\/schema\/person\/bce8d1fe3633b1178e150fc5e340d5dd"},"headline":"Dakar 2019: Klym\u010diw Racing p\u0159edstavil slo\u017een\u00ed t\u00fdmu","datePublished":"2018-11-15T23:19:50+00:00","dateModified":"2023-01-30T20:00:03+00:00","mainEntityOfPage":{"@id":"https:\/\/www.dakarmania.cz\/index.php\/2018\/11\/15\/dakar-2019-klymciw-racing-predstavil-slozeni-tymu\/"},"wordCount":1215,"publisher":{"@id":"https:\/\/www.dakarmania.cz\/#organization"},"image":{"@id":"https:\/\/www.dakarmania.cz\/index.php\/2018\/11\/15\/dakar-2019-klymciw-racing-predstavil-slozeni-tymu\/#primaryimage"},"thumbnailUrl":"https:\/\/www.dakarmania.cz\/wp-content\/uploads\/2018\/12\/klymciw-racing.jpg","keywords":["Dakar","Dakar 2019","Gabriela Novotn\u00e1","Garret Poucher","Gee Motzkin","Husqvarna","Klym\u010diw Racing","KTM","Ond\u0159ej Klym\u010diw","Petr Vl\u010dek","Skyler Howes"],"articleSection":["Tiskov\u00e9 zpr\u00e1vy"],"inLanguage":"cs"},{"@type":"WebPage","@id":"https:\/\/www.dakarmania.cz\/index.php\/2018\/11\/15\/dakar-2019-klymciw-racing-predstavil-slozeni-tymu\/","url":"https:\/\/www.dakarmania.cz\/index.php\/2018\/11\/15\/dakar-2019-klymciw-racing-predstavil-slozeni-tymu\/","name":"Dakar 2019: Klym\u010diw Racing p\u0159edstavil slo\u017een\u00ed t\u00fdmu - DAKARMANIA.cz","isPartOf":{"@id":"https:\/\/www.dakarmania.cz\/#website"},"primaryImageOfPage":{"@id":"https:\/\/www.dakarmania.cz\/index.php\/2018\/11\/15\/dakar-2019-klymciw-racing-predstavil-slozeni-tymu\/#primaryimage"},"image":{"@id":"https:\/\/www.dakarmania.cz\/index.php\/2018\/11\/15\/dakar-2019-klymciw-racing-predstavil-slozeni-tymu\/#primaryimage"},"thumbnailUrl":"https:\/\/www.dakarmania.cz\/wp-content\/uploads\/2018\/12\/klymciw-racing.jpg","datePublished":"2018-11-15T23:19:50+00:00","dateModified":"2023-01-30T20:00:03+00:00","description":"T\u00fdm Klym\u010diw Racing nasad\u00ed do Rally Dakar 2019 \u010dty\u0159i jezdce v kategorii motocykl\u016f.","breadcrumb":{"@id":"https:\/\/www.dakarmania.cz\/index.php\/2018\/11\/15\/dakar-2019-klymciw-racing-predstavil-slozeni-tymu\/#breadcrumb"},"inLanguage":"cs","potentialAction":[{"@type":"ReadAction","target":["https:\/\/www.dakarmania.cz\/index.php\/2018\/11\/15\/dakar-2019-klymciw-racing-predstavil-slozeni-tymu\/"]}]},{"@type":"ImageObject","inLanguage":"cs","@id":"https:\/\/www.dakarmania.cz\/index.php\/2018\/11\/15\/dakar-2019-klymciw-racing-predstavil-slozeni-tymu\/#primaryimage","url":"https:\/\/www.dakarmania.cz\/wp-content\/uploads\/2018\/12\/klymciw-racing.jpg","contentUrl":"https:\/\/www.dakarmania.cz\/wp-content\/uploads\/2018\/12\/klymciw-racing.jpg","width":1024,"height":768},{"@type":"BreadcrumbList","@id":"https:\/\/www.dakarmania.cz\/index.php\/2018\/11\/15\/dakar-2019-klymciw-racing-predstavil-slozeni-tymu\/#breadcrumb","itemListElement":[{"@type":"ListItem","position":1,"name":"Dom\u016f","item":"https:\/\/www.dakarmania.cz\/"},{"@type":"ListItem","position":2,"name":"Dakar 2019: Klym\u010diw Racing p\u0159edstavil slo\u017een\u00ed t\u00fdmu"}]},{"@type":"WebSite","@id":"https:\/\/www.dakarmania.cz\/#website","url":"https:\/\/www.dakarmania.cz\/","name":"DAKARMANIA.cz","description":"\u017dijeme Dakarem cel\u00fd rok","publisher":{"@id":"https:\/\/www.dakarmania.cz\/#organization"},"potentialAction":[{"@type":"SearchAction","target":{"@type":"EntryPoint","urlTemplate":"https:\/\/www.dakarmania.cz\/?s={search_term_string}"},"query-input":{"@type":"PropertyValueSpecification","valueRequired":true,"valueName":"search_term_string"}}],"inLanguage":"cs"},{"@type":"Organization","@id":"https:\/\/www.dakarmania.cz\/#organization","name":"DAKAR MANIA","url":"https:\/\/www.dakarmania.cz\/","logo":{"@type":"ImageObject","inLanguage":"cs","@id":"https:\/\/www.dakarmania.cz\/#\/schema\/logo\/image\/","url":"https:\/\/www.dakarmania.cz\/wp-content\/uploads\/2018\/12\/Dakar-Mania-Logo-Square-Orange.png","contentUrl":"https:\/\/www.dakarmania.cz\/wp-content\/uploads\/2018\/12\/Dakar-Mania-Logo-Square-Orange.png","width":992,"height":992,"caption":"DAKAR MANIA"},"image":{"@id":"https:\/\/www.dakarmania.cz\/#\/schema\/logo\/image\/"},"sameAs":["https:\/\/www.facebook.com\/dakarmania\/"]},{"@type":"Person","@id":"https:\/\/www.dakarmania.cz\/#\/schema\/person\/bce8d1fe3633b1178e150fc5e340d5dd","name":"tiskov\u00e1 zpr\u00e1va","image":{"@type":"ImageObject","inLanguage":"cs","@id":"https:\/\/www.dakarmania.cz\/#\/schema\/person\/image\/","url":"https:\/\/secure.gravatar.com\/avatar\/19aefcb6c7bfae691fca4d805686c670f59bb4f7414c7b398b88dc9c8f4e96d5?s=96&d=mm&r=g","contentUrl":"https:\/\/secure.gravatar.com\/avatar\/19aefcb6c7bfae691fca4d805686c670f59bb4f7414c7b398b88dc9c8f4e96d5?s=96&d=mm&r=g","caption":"tiskov\u00e1 zpr\u00e1va"},"url":"https:\/\/www.dakarmania.cz\/index.php\/author\/tiskovezpravy\/"}]}},"amp_enabled":true,"_links":{"self":[{"href":"https:\/\/www.dakarmania.cz\/index.php\/wp-json\/wp\/v2\/posts\/716","targetHints":{"allow":["GET"]}}],"collection":[{"href":"https:\/\/www.dakarmania.cz\/index.php\/wp-json\/wp\/v2\/posts"}],"about":[{"href":"https:\/\/www.dakarmania.cz\/index.php\/wp-json\/wp\/v2\/types\/post"}],"author":[{"embeddable":true,"href":"https:\/\/www.dakarmania.cz\/index.php\/wp-json\/wp\/v2\/users\/3"}],"replies":[{"embeddable":true,"href":"https:\/\/www.dakarmania.cz\/index.php\/wp-json\/wp\/v2\/comments?post=716"}],"version-history":[{"count":8,"href":"https:\/\/www.dakarmania.cz\/index.php\/wp-json\/wp\/v2\/posts\/716\/revisions"}],"predecessor-version":[{"id":19129,"href":"https:\/\/www.dakarmania.cz\/index.php\/wp-json\/wp\/v2\/posts\/716\/revisions\/19129"}],"wp:featuredmedia":[{"embeddable":true,"href":"https:\/\/www.dakarmania.cz\/index.php\/wp-json\/wp\/v2\/media\/717"}],"wp:attachment":[{"href":"https:\/\/www.dakarmania.cz\/index.php\/wp-json\/wp\/v2\/media?parent=716"}],"wp:term":[{"taxonomy":"category","embeddable":true,"href":"https:\/\/www.dakarmania.cz\/index.php\/wp-json\/wp\/v2\/categories?post=716"},{"taxonomy":"post_tag","embeddable":true,"href":"https:\/\/www.dakarmania.cz\/index.php\/wp-json\/wp\/v2\/tags?post=716"}],"curies":[{"name":"wp","href":"https:\/\/api.w.org\/{rel}","templated":true}]}}